{"id":109689,"date":"2026-08-31T20:37:34","date_gmt":"2026-08-31T18:37:34","guid":{"rendered":"https:\/\/now-news.de\/de\/deutschland\/vw-gewerkschaft-will-gegen-kahlschlag-kaempfen\/"},"modified":"2026-08-31T20:37:34","modified_gmt":"2026-08-31T18:37:34","slug":"vw-gewerkschaft-will-gegen-kahlschlag-kaempfen","status":"publish","type":"post","link":"https:\/\/now-news.de\/de\/deutschland\/vw-gewerkschaft-will-gegen-kahlschlag-kaempfen\/","title":{"rendered":"VW: Gewerkschaft will gegen Kahlschlag k\u00e4mpfen"},"content":{"rendered":"<p><img decoding=\"async\" src=\"https:\/\/now-news.de\/de\/wp-content\/uploads\/sites\/3\/2026\/08\/6a95749e48fbef618c03a73c.jpg\" \/><\/p>\n<div class=\"Text-root Text-type_1 \">\n                Keine Einigung im Aufsichtsrat und neun Betriebsversammlungen\u00a0\u2013 VW steckt tief in der Krise, aber um den Weg heraus wird heftig gestritten. Im kommenden Jahr k\u00f6nnte sich dieser Streit noch einmal deutlich versch\u00e4rfen. Gewerkschaftsvertreter klingen martialisch.\n            <\/div>\n<p><\/p>\n<div class=\"Text-root Text-type_5 ArticleView-text ViewText-root \">\n<p>In Hannover fand heute die letzte einer Reihe von Betriebsversammlungen in deutschen VW-Werken statt. Die Konzernleitung reagiert auf die Krise mit Sparma\u00dfnahmen\u00a0\u2013 die wom\u00f6glich das Ende mehrerer deutscher VW-Werke bedeuten. Die Besch\u00e4ftigtenvertreter k\u00fcndigen Widerstand an.<\/p>\n<p>Der Volkswagen-Konzern ist von der tiefen Krise der deutschen Automobilbauer st\u00e4rker getroffen als seine Konkurrenz. Allein in diesem Jahr ist der Aktienkurs aufgrund der schlechten Ergebnisse um 30 Prozent gefallen. Im Verlauf der letzten f\u00fcnf Jahre waren es sogar \u00fcber 60 Prozent, verglichen mit etwa 25 Prozent bei Daimler-Benz und BMW. Schon im Fr\u00fchjahr war die Rede von der Streichung von 50.000 Stellen; mittlerweile sollen es deutlich mehr werden.<\/p>\n<p>Aber der Konzernvorstand konnte sich bisher im Aufsichtsrat nicht durchsetzen. Die Besch\u00e4ftigtenvertreter und die Vertreter des Landes Niedersachsen, das Anteile an VW h\u00e4lt, waren sich in ihrer Ablehnung einig und beriefen sich dabei auch auf eine geltende Betriebsvereinbarung, die betriebsbedingte K\u00fcndigungen bis 2030 ausschlie\u00dft.<\/p>\n<p>Die Anteile des Bundeslandes Niedersachsen beruhen auf der Geschichte des VW-Konzerns, woran Thorsten Gr\u00f6ger, Bezirkschef der IG Metall, gerade erst wieder erinnerte: &#8220;Volkswagen wurde mit dem Verm\u00f6gen aufgebaut, das die Nationalsozialisten den Gewerkschaften verbrecherisch geraubt hatten. Wer diese Geschichte kennt, sollte sich seiner besonderen Verantwortung gegen\u00fcber den Besch\u00e4ftigten bewusst sein.&#8221;<\/p>\n<p>Der Vorstand, so Gr\u00f6ger, arbeite mit der Abrissbirne, und wolle Standorte &#8220;f\u00fcr immer von der VW-Landkarte verschwinden&#8221; lassen. Die dem Nutzfahrzeugwerk in Hannover vom Vorstand vorgeworfene schlechte Auslastung sei unter anderem eine Folge dessen, dass der VW-Transporter bereits seit 2024 in der T\u00fcrkei produziert werde. Auch die Werke in Emden und Zwickau sind bedroht, und in Osnabr\u00fcck sollen R\u00fcstungsg\u00fcter die Automobilproduktion ersetzen.<\/p>\n<p>Mittlerweile gibt es bereits Spekulationen, der VW-Vorstand k\u00f6nne seine Sparpl\u00e4ne auf dem Weg einer au\u00dferordentlichen Hauptversammlung am Aufsichtsrat vorbei beschlie\u00dfen lassen. Gr\u00f6ger erkl\u00e4rte dazu, er halte das &#8220;f\u00fcr einen unglaublichen Vorgang&#8221;.<\/p>\n<p>Auch auf den Betriebsversammlungen erhielten die Besch\u00e4ftigten keine genaueren Informationen dar\u00fcber, was der Vorstand nun tats\u00e4chlich vorhat. Klar ist nur, von den zus\u00e4tzlich geplanten weiteren 50.000 Stellenstreichungen soll die H\u00e4lfte auf Deutschland entfallen.<\/p>\n<p>Finanzvorstand Arno Antlitz, der sich in Hannover der Belegschaft stellte, erkl\u00e4rte: &#8220;Aufgrund der gro\u00dfen Kostenunterschiede zu anderen europ\u00e4ischen Werken haben wir\u00a0\u2013 aus heutiger Sicht\u00a0\u2013 f\u00fcr vier deutsche Standorte keine wirtschaftliche Nachbelegung, wenn die aktuellen Produkte Anfang der 30er Jahre auslaufen.&#8221;<\/p>\n<p>Neben den US-Z\u00f6llen, die Exporte in die USA deutlich verteuern, und dem Wegbrechen des einst bedeutenden Absatzmarkts China, der inzwischen von dortigen Fabrikaten beherrscht wird, und dem EU-Zwang hin zu Elektrofahrzeugen, die f\u00fcr die klassischen VW-K\u00e4ufer zu teuer sind, spielt nat\u00fcrlich in der Krise der Automobilproduktion noch ein weiteres Thema eine Rolle, das ungern erw\u00e4hnt wird: die hohen Energiekosten in Deutschland.<\/p>\n<p>Die Vorstandsvertreter wurden heute in Hannover mit Pfiffen und Buhrufen empfangen. Am Freitag wird es die n\u00e4chste Sitzung des Aufsichtsrats geben, in der die Auseinandersetzung um die Sparpl\u00e4ne fortgesetzt wird. Bis Jahresende gilt f\u00fcr die Gewerkschaft noch eine Friedenspflicht. Aber dann d\u00fcrften auch Warnstreiks beginnen. Sollte die Besch\u00e4ftigungsgarantie bis 2030 nicht eingehalten werden, k\u00fcndigte Gr\u00f6ger deutliche Reaktionen an: &#8220;Wenn der Vorstand diese Vereinbarung heute wieder infrage stellen will, dann wird der Werkboden an allen Standorten brennen.&#8221;<\/p>\n<p><strong>Mehr zum Thema<\/strong> \u2014\u00a0<a rel=\"nofollow\" target=\"_blank\" href=\"https:\/\/de-rtnews.com\/inland\/288891-chinesische-autos-erobern-europa-vw\/\">Chinesische Autos erobern Europa \u2013 VW ruft nach Sonderz\u00f6llen<\/a><\/p>\n<div class=\"EmbedBlock-root EmbedBlock-externalVideo EmbedBlock-rumble\">\n<div class=\"VkEmbed\"><iframe class=\"lazyload\" data-src=\"https:\/\/rumble.com\/embed\/v7cin0c\" frameborder=\"0\" width=\"853\" height=\"480\" allowfullscreen><\/iframe><\/div>\n<\/div>\n<\/div>\n<p><br \/>\n<br \/><a href=\"https:\/\/de.rt.com\/inland\/290241-vw-gewerkschaft-will-gegen-kahlschlag\/\">Source link <\/a><\/p>\n","protected":false},"excerpt":{"rendered":"<p>Keine Einigung im Aufsichtsrat und neun Betriebsversammlungen\u00a0\u2013 VW steckt tief in der Krise, aber um den Weg heraus wird heftig gestritten. Im kommenden Jahr k\u00f6nnte sich dieser Streit noch einmal deutlich versch\u00e4rfen. Gewerkschaftsvertreter klingen martialisch. In Hannover fand heute die letzte einer Reihe von Betriebsversammlungen in deutschen VW-Werken statt. Die Konzernleitung reagiert auf die Krise [&hellip;]<\/p>\n","protected":false},"author":3,"featured_media":109690,"comment_status":"open","ping_status":"open","sticky":false,"template":"","format":"standard","meta":{"wp_automatic_camp":["217"],"6957be285d4a003364ac785c22e30763":["VW: Gewerkschaft will gegen Kahlschlag k\u00e4mpfen"],"original_link":["https:\/\/de.rt.com\/inland\/290241-vw-gewerkschaft-will-gegen-kahlschlag\/"],"_thumbnail_id":["109690"],"_wptgpro_p2tg_sent2tg":["a:1:{i:23737;s:19:\"2026-08-31 20:47:26\";}"],"jnews_social_counter_last_update":["1788209246"]},"categories":[19,23],"tags":[278,31010,40675,12240],"class_list":["post-109689","post","type-post","status-publish","format-standard","has-post-thumbnail","hentry","category-deutschland","category-russland","tag-gegen","tag-gewerkschaft","tag-kahlschlag","tag-kaempfen"],"yoast_head":"<!-- This site is optimized with the Yoast SEO Premium plugin v22.7 (Yoast SEO v28.2) - https:\/\/yoast.com\/product\/yoast-seo-premium-wordpress\/ -->\n<title>VW: Gewerkschaft will gegen Kahlschlag k\u00e4mpfen - just-now.NEWS Deutschland<\/title>\n<meta name=\"robots\" content=\"index, follow, max-snippet:-1, max-image-preview:large, max-video-preview:-1\" \/>\n<link rel=\"canonical\" href=\"https:\/\/now-news.de\/de\/deutschland\/vw-gewerkschaft-will-gegen-kahlschlag-kaempfen\/\" \/>\n<meta property=\"og:locale\" content=\"de_DE\" \/>\n<meta property=\"og:type\" content=\"article\" \/>\n<meta property=\"og:title\" content=\"VW: Gewerkschaft will gegen Kahlschlag k\u00e4mpfen\" \/>\n<meta property=\"og:description\" content=\"Keine Einigung im Aufsichtsrat und neun Betriebsversammlungen\u00a0\u2013 VW steckt tief in der Krise, aber um den Weg heraus wird heftig gestritten. Im kommenden Jahr k\u00f6nnte sich dieser Streit noch einmal deutlich versch\u00e4rfen. Gewerkschaftsvertreter klingen martialisch. In Hannover fand heute die letzte einer Reihe von Betriebsversammlungen in deutschen VW-Werken statt. Die Konzernleitung reagiert auf die Krise [&hellip;]\" \/>\n<meta property=\"og:url\" content=\"https:\/\/now-news.de\/de\/deutschland\/vw-gewerkschaft-will-gegen-kahlschlag-kaempfen\/\" \/>\n<meta property=\"og:site_name\" content=\"just-now.NEWS Deutschland\" \/>\n<meta property=\"article:publisher\" content=\"https:\/\/www.facebook.com\/wirmachenauf\" \/>\n<meta property=\"article:published_time\" content=\"2026-08-31T18:37:34+00:00\" \/>\n<meta property=\"og:image\" content=\"https:\/\/now-news.de\/de\/wp-content\/uploads\/sites\/3\/2026\/08\/6a95749e48fbef618c03a73c.jpg\" \/>\n<meta name=\"author\" content=\"rtnews\" \/>\n<meta name=\"twitter:card\" content=\"summary_large_image\" \/>\n<meta name=\"twitter:creator\" content=\"@WirMachenAuf_de\" \/>\n<meta name=\"twitter:site\" content=\"@WirMachenAuf_de\" \/>\n<meta name=\"twitter:label1\" content=\"Verfasst von\" \/>\n\t<meta name=\"twitter:data1\" content=\"rtnews\" \/>\n\t<meta name=\"twitter:label2\" content=\"Gesch\u00e4tzte Lesezeit\" \/>\n\t<meta name=\"twitter:data2\" content=\"3\u00a0Minuten\" \/>\n<script type=\"application\/ld+json\" class=\"yoast-schema-graph\">{\"@context\":\"https:\\\/\\\/schema.org\",\"@graph\":[{\"@type\":\"Article\",\"@id\":\"https:\\\/\\\/now-news.de\\\/de\\\/deutschland\\\/vw-gewerkschaft-will-gegen-kahlschlag-kaempfen\\\/#article\",\"isPartOf\":{\"@id\":\"https:\\\/\\\/now-news.de\\\/de\\\/deutschland\\\/vw-gewerkschaft-will-gegen-kahlschlag-kaempfen\\\/\"},\"author\":{\"name\":\"rtnews\",\"@id\":\"https:\\\/\\\/now-news.de\\\/de\\\/#\\\/schema\\\/person\\\/fb534a4e865501d8b3285208df34a9b5\"},\"headline\":\"VW: Gewerkschaft will gegen Kahlschlag k\u00e4mpfen\",\"datePublished\":\"2026-08-31T18:37:34+00:00\",\"mainEntityOfPage\":{\"@id\":\"https:\\\/\\\/now-news.de\\\/de\\\/deutschland\\\/vw-gewerkschaft-will-gegen-kahlschlag-kaempfen\\\/\"},\"wordCount\":601,\"commentCount\":0,\"publisher\":{\"@id\":\"https:\\\/\\\/now-news.de\\\/de\\\/#organization\"},\"image\":{\"@id\":\"https:\\\/\\\/now-news.de\\\/de\\\/deutschland\\\/vw-gewerkschaft-will-gegen-kahlschlag-kaempfen\\\/#primaryimage\"},\"thumbnailUrl\":\"https:\\\/\\\/now-news.de\\\/de\\\/wp-content\\\/uploads\\\/sites\\\/3\\\/2026\\\/08\\\/VW-Gewerkschaft-will-gegen-Kahlschlag-kaempfen.jpg\",\"keywords\":[\"gegen\",\"Gewerkschaft\",\"Kahlschlag\",\"k\u00e4mpfen\"],\"articleSection\":[\"Deutschland\",\"Russland\"],\"inLanguage\":\"de\",\"potentialAction\":[{\"@type\":\"CommentAction\",\"name\":\"Comment\",\"target\":[\"https:\\\/\\\/now-news.de\\\/de\\\/deutschland\\\/vw-gewerkschaft-will-gegen-kahlschlag-kaempfen\\\/#respond\"]}]},{\"@type\":\"WebPage\",\"@id\":\"https:\\\/\\\/now-news.de\\\/de\\\/deutschland\\\/vw-gewerkschaft-will-gegen-kahlschlag-kaempfen\\\/\",\"url\":\"https:\\\/\\\/now-news.de\\\/de\\\/deutschland\\\/vw-gewerkschaft-will-gegen-kahlschlag-kaempfen\\\/\",\"name\":\"VW: Gewerkschaft will gegen Kahlschlag k\u00e4mpfen - just-now.NEWS Deutschland\",\"isPartOf\":{\"@id\":\"https:\\\/\\\/now-news.de\\\/de\\\/#website\"},\"primaryImageOfPage\":{\"@id\":\"https:\\\/\\\/now-news.de\\\/de\\\/deutschland\\\/vw-gewerkschaft-will-gegen-kahlschlag-kaempfen\\\/#primaryimage\"},\"image\":{\"@id\":\"https:\\\/\\\/now-news.de\\\/de\\\/deutschland\\\/vw-gewerkschaft-will-gegen-kahlschlag-kaempfen\\\/#primaryimage\"},\"thumbnailUrl\":\"https:\\\/\\\/now-news.de\\\/de\\\/wp-content\\\/uploads\\\/sites\\\/3\\\/2026\\\/08\\\/VW-Gewerkschaft-will-gegen-Kahlschlag-kaempfen.jpg\",\"datePublished\":\"2026-08-31T18:37:34+00:00\",\"breadcrumb\":{\"@id\":\"https:\\\/\\\/now-news.de\\\/de\\\/deutschland\\\/vw-gewerkschaft-will-gegen-kahlschlag-kaempfen\\\/#breadcrumb\"},\"inLanguage\":\"de\",\"potentialAction\":[{\"@type\":\"ReadAction\",\"target\":[\"https:\\\/\\\/now-news.de\\\/de\\\/deutschland\\\/vw-gewerkschaft-will-gegen-kahlschlag-kaempfen\\\/\"]}]},{\"@type\":\"ImageObject\",\"inLanguage\":\"de\",\"@id\":\"https:\\\/\\\/now-news.de\\\/de\\\/deutschland\\\/vw-gewerkschaft-will-gegen-kahlschlag-kaempfen\\\/#primaryimage\",\"url\":\"https:\\\/\\\/now-news.de\\\/de\\\/wp-content\\\/uploads\\\/sites\\\/3\\\/2026\\\/08\\\/VW-Gewerkschaft-will-gegen-Kahlschlag-kaempfen.jpg\",\"contentUrl\":\"https:\\\/\\\/now-news.de\\\/de\\\/wp-content\\\/uploads\\\/sites\\\/3\\\/2026\\\/08\\\/VW-Gewerkschaft-will-gegen-Kahlschlag-kaempfen.jpg\",\"width\":460,\"height\":259,\"caption\":\"VW: Gewerkschaft will gegen Kahlschlag k\u00e4mpfen\"},{\"@type\":\"BreadcrumbList\",\"@id\":\"https:\\\/\\\/now-news.de\\\/de\\\/deutschland\\\/vw-gewerkschaft-will-gegen-kahlschlag-kaempfen\\\/#breadcrumb\",\"itemListElement\":[{\"@type\":\"ListItem\",\"position\":1,\"name\":\"Home\",\"item\":\"https:\\\/\\\/now-news.de\\\/de\\\/\"},{\"@type\":\"ListItem\",\"position\":2,\"name\":\"VW: Gewerkschaft will gegen Kahlschlag k\u00e4mpfen\"}]},{\"@type\":\"WebSite\",\"@id\":\"https:\\\/\\\/now-news.de\\\/de\\\/#website\",\"url\":\"https:\\\/\\\/now-news.de\\\/de\\\/\",\"name\":\"just-now.NEWS Deutschland\",\"description\":\"Das Portal f\u00fcr unzensierte Nachrichten aus der Welt\",\"publisher\":{\"@id\":\"https:\\\/\\\/now-news.de\\\/de\\\/#organization\"},\"potentialAction\":[{\"@type\":\"SearchAction\",\"target\":{\"@type\":\"EntryPoint\",\"urlTemplate\":\"https:\\\/\\\/now-news.de\\\/de\\\/?s={search_term_string}\"},\"query-input\":{\"@type\":\"PropertyValueSpecification\",\"valueRequired\":true,\"valueName\":\"search_term_string\"}}],\"inLanguage\":\"de\"},{\"@type\":\"Organization\",\"@id\":\"https:\\\/\\\/now-news.de\\\/de\\\/#organization\",\"name\":\"Just Now News\",\"url\":\"https:\\\/\\\/now-news.de\\\/de\\\/\",\"logo\":{\"@type\":\"ImageObject\",\"inLanguage\":\"de\",\"@id\":\"https:\\\/\\\/now-news.de\\\/de\\\/#\\\/schema\\\/logo\\\/image\\\/\",\"url\":\"http:\\\/\\\/just-now.news\\\/de\\\/wp-content\\\/uploads\\\/sites\\\/3\\\/2022\\\/04\\\/logo500x500.jpg\",\"contentUrl\":\"http:\\\/\\\/just-now.news\\\/de\\\/wp-content\\\/uploads\\\/sites\\\/3\\\/2022\\\/04\\\/logo500x500.jpg\",\"width\":500,\"height\":500,\"caption\":\"Just Now News\"},\"image\":{\"@id\":\"https:\\\/\\\/now-news.de\\\/de\\\/#\\\/schema\\\/logo\\\/image\\\/\"},\"sameAs\":[\"https:\\\/\\\/www.facebook.com\\\/wirmachenauf\",\"https:\\\/\\\/x.com\\\/WirMachenAuf_de\"]},{\"@type\":\"Person\",\"@id\":\"https:\\\/\\\/now-news.de\\\/de\\\/#\\\/schema\\\/person\\\/fb534a4e865501d8b3285208df34a9b5\",\"name\":\"rtnews\",\"image\":{\"@type\":\"ImageObject\",\"inLanguage\":\"de\",\"@id\":\"https:\\\/\\\/secure.gravatar.com\\\/avatar\\\/358fe31b3ab5769fea05376e1953329834cd9912cf9daf607e2af3076a1b982b?s=96&d=mm&r=g\",\"url\":\"https:\\\/\\\/secure.gravatar.com\\\/avatar\\\/358fe31b3ab5769fea05376e1953329834cd9912cf9daf607e2af3076a1b982b?s=96&d=mm&r=g\",\"contentUrl\":\"https:\\\/\\\/secure.gravatar.com\\\/avatar\\\/358fe31b3ab5769fea05376e1953329834cd9912cf9daf607e2af3076a1b982b?s=96&d=mm&r=g\",\"caption\":\"rtnews\"},\"url\":\"https:\\\/\\\/now-news.de\\\/de\\\/author\\\/rnews\\\/\"}]}<\/script>\n<!-- \/ Yoast SEO Premium plugin. -->","yoast_head_json":{"title":"VW: Gewerkschaft will gegen Kahlschlag k\u00e4mpfen - just-now.NEWS Deutschland","robots":{"index":"index","follow":"follow","max-snippet":"max-snippet:-1","max-image-preview":"max-image-preview:large","max-video-preview":"max-video-preview:-1"},"canonical":"https:\/\/now-news.de\/de\/deutschland\/vw-gewerkschaft-will-gegen-kahlschlag-kaempfen\/","og_locale":"de_DE","og_type":"article","og_title":"VW: Gewerkschaft will gegen Kahlschlag k\u00e4mpfen","og_description":"Keine Einigung im Aufsichtsrat und neun Betriebsversammlungen\u00a0\u2013 VW steckt tief in der Krise, aber um den Weg heraus wird heftig gestritten. Im kommenden Jahr k\u00f6nnte sich dieser Streit noch einmal deutlich versch\u00e4rfen. Gewerkschaftsvertreter klingen martialisch. In Hannover fand heute die letzte einer Reihe von Betriebsversammlungen in deutschen VW-Werken statt. Die Konzernleitung reagiert auf die Krise [&hellip;]","og_url":"https:\/\/now-news.de\/de\/deutschland\/vw-gewerkschaft-will-gegen-kahlschlag-kaempfen\/","og_site_name":"just-now.NEWS Deutschland","article_publisher":"https:\/\/www.facebook.com\/wirmachenauf","article_published_time":"2026-08-31T18:37:34+00:00","og_image":[{"url":"https:\/\/now-news.de\/de\/wp-content\/uploads\/sites\/3\/2026\/08\/6a95749e48fbef618c03a73c.jpg","type":"","width":"","height":""}],"author":"rtnews","twitter_card":"summary_large_image","twitter_creator":"@WirMachenAuf_de","twitter_site":"@WirMachenAuf_de","twitter_misc":{"Verfasst von":"rtnews","Gesch\u00e4tzte Lesezeit":"3\u00a0Minuten"},"schema":{"@context":"https:\/\/schema.org","@graph":[{"@type":"Article","@id":"https:\/\/now-news.de\/de\/deutschland\/vw-gewerkschaft-will-gegen-kahlschlag-kaempfen\/#article","isPartOf":{"@id":"https:\/\/now-news.de\/de\/deutschland\/vw-gewerkschaft-will-gegen-kahlschlag-kaempfen\/"},"author":{"name":"rtnews","@id":"https:\/\/now-news.de\/de\/#\/schema\/person\/fb534a4e865501d8b3285208df34a9b5"},"headline":"VW: Gewerkschaft will gegen Kahlschlag k\u00e4mpfen","datePublished":"2026-08-31T18:37:34+00:00","mainEntityOfPage":{"@id":"https:\/\/now-news.de\/de\/deutschland\/vw-gewerkschaft-will-gegen-kahlschlag-kaempfen\/"},"wordCount":601,"commentCount":0,"publisher":{"@id":"https:\/\/now-news.de\/de\/#organization"},"image":{"@id":"https:\/\/now-news.de\/de\/deutschland\/vw-gewerkschaft-will-gegen-kahlschlag-kaempfen\/#primaryimage"},"thumbnailUrl":"https:\/\/now-news.de\/de\/wp-content\/uploads\/sites\/3\/2026\/08\/VW-Gewerkschaft-will-gegen-Kahlschlag-kaempfen.jpg","keywords":["gegen","Gewerkschaft","Kahlschlag","k\u00e4mpfen"],"articleSection":["Deutschland","Russland"],"inLanguage":"de","potentialAction":[{"@type":"CommentAction","name":"Comment","target":["https:\/\/now-news.de\/de\/deutschland\/vw-gewerkschaft-will-gegen-kahlschlag-kaempfen\/#respond"]}]},{"@type":"WebPage","@id":"https:\/\/now-news.de\/de\/deutschland\/vw-gewerkschaft-will-gegen-kahlschlag-kaempfen\/","url":"https:\/\/now-news.de\/de\/deutschland\/vw-gewerkschaft-will-gegen-kahlschlag-kaempfen\/","name":"VW: Gewerkschaft will gegen Kahlschlag k\u00e4mpfen - just-now.NEWS Deutschland","isPartOf":{"@id":"https:\/\/now-news.de\/de\/#website"},"primaryImageOfPage":{"@id":"https:\/\/now-news.de\/de\/deutschland\/vw-gewerkschaft-will-gegen-kahlschlag-kaempfen\/#primaryimage"},"image":{"@id":"https:\/\/now-news.de\/de\/deutschland\/vw-gewerkschaft-will-gegen-kahlschlag-kaempfen\/#primaryimage"},"thumbnailUrl":"https:\/\/now-news.de\/de\/wp-content\/uploads\/sites\/3\/2026\/08\/VW-Gewerkschaft-will-gegen-Kahlschlag-kaempfen.jpg","datePublished":"2026-08-31T18:37:34+00:00","breadcrumb":{"@id":"https:\/\/now-news.de\/de\/deutschland\/vw-gewerkschaft-will-gegen-kahlschlag-kaempfen\/#breadcrumb"},"inLanguage":"de","potentialAction":[{"@type":"ReadAction","target":["https:\/\/now-news.de\/de\/deutschland\/vw-gewerkschaft-will-gegen-kahlschlag-kaempfen\/"]}]},{"@type":"ImageObject","inLanguage":"de","@id":"https:\/\/now-news.de\/de\/deutschland\/vw-gewerkschaft-will-gegen-kahlschlag-kaempfen\/#primaryimage","url":"https:\/\/now-news.de\/de\/wp-content\/uploads\/sites\/3\/2026\/08\/VW-Gewerkschaft-will-gegen-Kahlschlag-kaempfen.jpg","contentUrl":"https:\/\/now-news.de\/de\/wp-content\/uploads\/sites\/3\/2026\/08\/VW-Gewerkschaft-will-gegen-Kahlschlag-kaempfen.jpg","width":460,"height":259,"caption":"VW: Gewerkschaft will gegen Kahlschlag k\u00e4mpfen"},{"@type":"BreadcrumbList","@id":"https:\/\/now-news.de\/de\/deutschland\/vw-gewerkschaft-will-gegen-kahlschlag-kaempfen\/#breadcrumb","itemListElement":[{"@type":"ListItem","position":1,"name":"Home","item":"https:\/\/now-news.de\/de\/"},{"@type":"ListItem","position":2,"name":"VW: Gewerkschaft will gegen Kahlschlag k\u00e4mpfen"}]},{"@type":"WebSite","@id":"https:\/\/now-news.de\/de\/#website","url":"https:\/\/now-news.de\/de\/","name":"just-now.NEWS Deutschland","description":"Das Portal f\u00fcr unzensierte Nachrichten aus der Welt","publisher":{"@id":"https:\/\/now-news.de\/de\/#organization"},"potentialAction":[{"@type":"SearchAction","target":{"@type":"EntryPoint","urlTemplate":"https:\/\/now-news.de\/de\/?s={search_term_string}"},"query-input":{"@type":"PropertyValueSpecification","valueRequired":true,"valueName":"search_term_string"}}],"inLanguage":"de"},{"@type":"Organization","@id":"https:\/\/now-news.de\/de\/#organization","name":"Just Now News","url":"https:\/\/now-news.de\/de\/","logo":{"@type":"ImageObject","inLanguage":"de","@id":"https:\/\/now-news.de\/de\/#\/schema\/logo\/image\/","url":"http:\/\/just-now.news\/de\/wp-content\/uploads\/sites\/3\/2022\/04\/logo500x500.jpg","contentUrl":"http:\/\/just-now.news\/de\/wp-content\/uploads\/sites\/3\/2022\/04\/logo500x500.jpg","width":500,"height":500,"caption":"Just Now News"},"image":{"@id":"https:\/\/now-news.de\/de\/#\/schema\/logo\/image\/"},"sameAs":["https:\/\/www.facebook.com\/wirmachenauf","https:\/\/x.com\/WirMachenAuf_de"]},{"@type":"Person","@id":"https:\/\/now-news.de\/de\/#\/schema\/person\/fb534a4e865501d8b3285208df34a9b5","name":"rtnews","image":{"@type":"ImageObject","inLanguage":"de","@id":"https:\/\/secure.gravatar.com\/avatar\/358fe31b3ab5769fea05376e1953329834cd9912cf9daf607e2af3076a1b982b?s=96&d=mm&r=g","url":"https:\/\/secure.gravatar.com\/avatar\/358fe31b3ab5769fea05376e1953329834cd9912cf9daf607e2af3076a1b982b?s=96&d=mm&r=g","contentUrl":"https:\/\/secure.gravatar.com\/avatar\/358fe31b3ab5769fea05376e1953329834cd9912cf9daf607e2af3076a1b982b?s=96&d=mm&r=g","caption":"rtnews"},"url":"https:\/\/now-news.de\/de\/author\/rnews\/"}]}},"_links":{"self":[{"href":"https:\/\/now-news.de\/de\/wp-json\/wp\/v2\/posts\/109689","targetHints":{"allow":["GET"]}}],"collection":[{"href":"https:\/\/now-news.de\/de\/wp-json\/wp\/v2\/posts"}],"about":[{"href":"https:\/\/now-news.de\/de\/wp-json\/wp\/v2\/types\/post"}],"author":[{"embeddable":true,"href":"https:\/\/now-news.de\/de\/wp-json\/wp\/v2\/users\/3"}],"replies":[{"embeddable":true,"href":"https:\/\/now-news.de\/de\/wp-json\/wp\/v2\/comments?post=109689"}],"version-history":[{"count":0,"href":"https:\/\/now-news.de\/de\/wp-json\/wp\/v2\/posts\/109689\/revisions"}],"wp:featuredmedia":[{"embeddable":true,"href":"https:\/\/now-news.de\/de\/wp-json\/wp\/v2\/media\/109690"}],"wp:attachment":[{"href":"https:\/\/now-news.de\/de\/wp-json\/wp\/v2\/media?parent=109689"}],"wp:term":[{"taxonomy":"category","embeddable":true,"href":"https:\/\/now-news.de\/de\/wp-json\/wp\/v2\/categories?post=109689"},{"taxonomy":"post_tag","embeddable":true,"href":"https:\/\/now-news.de\/de\/wp-json\/wp\/v2\/tags?post=109689"}],"curies":[{"name":"wp","href":"https:\/\/api.w.org\/{rel}","templated":true}]}}