{"id":109687,"date":"2026-08-31T20:03:48","date_gmt":"2026-08-31T18:03:48","guid":{"rendered":"https:\/\/now-news.de\/de\/deutschland\/alarmstufe-rot-pflegeversicherung-vor-dem-finanziellen-abgrund\/"},"modified":"2026-08-31T20:03:48","modified_gmt":"2026-08-31T18:03:48","slug":"alarmstufe-rot-pflegeversicherung-vor-dem-finanziellen-abgrund","status":"publish","type":"post","link":"https:\/\/now-news.de\/de\/deutschland\/alarmstufe-rot-pflegeversicherung-vor-dem-finanziellen-abgrund\/","title":{"rendered":"&quot;Alarmstufe Rot&quot;: Pflegeversicherung vor dem finanziellen Abgrund"},"content":{"rendered":"<p><img decoding=\"async\" src=\"https:\/\/now-news.de\/de\/wp-content\/uploads\/sites\/3\/2026\/08\/6a959e7448fbef1de43b3ba4.jpg\" \/><\/p>\n<div class=\"Text-root Text-type_1 \">\n                Die Pflegeversicherung steht vor einem Milliardenproblem \u2013 und die Bundesregierung reagiert zum wiederholten Mal mit geliehenem Geld und angek\u00fcndigten Reformen. Dabei sind die Ursachen der Krise seit Jahren bekannt. Die Zeche zahlen am Ende Pflegebed\u00fcrftige, Angeh\u00f6rige und Beitragszahler.\n            <\/div>\n<p><\/p>\n<div class=\"Text-root Text-type_5 ArticleView-text ViewText-root \">\n<p>Die gesetzliche Pflegeversicherung hat in der ersten Jahresh\u00e4lfte ein Defizit von 770 Millionen Euro angeh\u00e4uft. Das berichtet die <em>Berliner Zeitung<\/em> am Montag. Eventuell bereits im Oktober k\u00f6nnte das Geld f\u00fcr die vollen Pflegeleistungen nicht mehr ausreichen.<\/p>\n<p>Davor warnt der\u00a0Spitzenverband der gesetzlichen Krankenkassen, der auch die Pflegekassen vertritt. Verbandschef Oliver Blatt nimmt deutliche Worte in den Mund. Von &#8220;Alarmstufe Rot&#8221; ist die Rede. Die Politik solle rasch handeln, fordert er.<\/p>\n<p>F\u00fcr die n\u00e4chsten Monate klafft eine gro\u00dfe L\u00fccke. Bis zum Jahresende brauche die Pflegeversicherung weitere 500 Millionen Euro. Das Blatt w\u00e4hlte drastische Worte. Die Pflege sei &#8220;akut in Not&#8221;, sagte er. F\u00fcr das gesamte Jahr rechnet der Verband mit einem Defizit von rund 1,2 Milliarden Euro. In dieser Summe steckt allerdings bereits ein\u00a0Darlehen des Bundes\u00a0\u00fcber 3,2 Milliarden Euro.<\/p>\n<p>Ohne diese Finanzhilfe fiele die Bilanz deutlich schlechter aus. Rechnet man das Darlehen heraus, l\u00e4ge das, was der Verband das &#8220;ehrliche Ergebnis&#8221; nennt, bei einem Minus von 4,4 Milliarden Euro.<\/p>\n<p>Das aktuelle Defizit wird bislang also vor allem durch geliehenes Geld in Grenzen gehalten.\u00a0Die Antwort der Politik soll ein weiteres Umverteilen sein. Die schwarz-rote Koalition bereitet f\u00fcr den Herbst eine Pflegereform vor. Sie gilt als eines der gro\u00dfen Vorhaben des neuen\u00a0Gesundheitsministers Carsten Linnemann\u00a0(CDU).<\/p>\n<p>Die bisherigen Reformpl\u00e4ne setzen unter anderem auf Ausgabenbremsen und zus\u00e4tzliche Einnahmen. Im Gespr\u00e4ch sind aber auch h\u00f6here Beitr\u00e4ge f\u00fcr Kinderlose, Einschr\u00e4nkungen bei der beitragsfreien Mitversicherung von Ehepartnern und strengere Voraussetzungen f\u00fcr Pflegegrade.<\/p>\n<p>Ob das die Pflegeversicherung dauerhaft retten wird, bleibt fraglich, und es scheint wohl wieder nur eine Frage der Zeit zu sein, bis wieder einmal mehr &#8220;Alarmstufe Rot&#8221; ausgerufen wird.<\/p>\n<p><strong>Mehr zum Thema<\/strong>\u00a0\u2013\u00a0<a rel=\"nofollow\" target=\"_blank\" href=\"https:\/\/de-rtnews.com\/inland\/281603-cdu-will-wohneigentum-staerker-zur-pflegefinanzierung-heranziehen\/\">Vorsicht Eigenheim: CDU will Wohneigentum st\u00e4rker zur Pflegefinanzierung heranziehen<\/a><\/p>\n<\/p>\n<\/div>\n<p><br \/>\n<br \/><a href=\"https:\/\/de.rt.com\/inland\/290259-alarmstufe-rot-pflegeversicherung-vor-finanziellen\/\">Source link <\/a><\/p>\n","protected":false},"excerpt":{"rendered":"<p>Die Pflegeversicherung steht vor einem Milliardenproblem \u2013 und die Bundesregierung reagiert zum wiederholten Mal mit geliehenem Geld und angek\u00fcndigten Reformen. Dabei sind die Ursachen der Krise seit Jahren bekannt. Die Zeche zahlen am Ende Pflegebed\u00fcrftige, Angeh\u00f6rige und Beitragszahler. Die gesetzliche Pflegeversicherung hat in der ersten Jahresh\u00e4lfte ein Defizit von 770 Millionen Euro angeh\u00e4uft. Das berichtet [&hellip;]<\/p>\n","protected":false},"author":3,"featured_media":109688,"comment_status":"open","ping_status":"open","sticky":false,"template":"","format":"standard","meta":{"wp_automatic_camp":["217"],"3d6a5c9d275a2ecc4f00bad51d1adb8a":["&quot;Alarmstufe Rot&quot;: Pflegeversicherung vor dem finanziellen Abgrund"],"original_link":["https:\/\/de.rt.com\/inland\/290259-alarmstufe-rot-pflegeversicherung-vor-finanziellen\/"],"_thumbnail_id":["109688"],"_wptgpro_p2tg_sent2tg":["a:1:{i:23737;s:19:\"2026-08-31 20:15:27\";}"],"jnews_social_counter_last_update":["1788207328"]},"categories":[19,23],"tags":[15101,134,44135,41238,32527,75934,320],"class_list":["post-109687","post","type-post","status-publish","format-standard","has-post-thumbnail","hentry","category-deutschland","category-russland","tag-abgrund","tag-dem","tag-finanziellen","tag-pflegeversicherung","tag-quotalarmstufe","tag-rotquot","tag-vor"],"yoast_head":"<!-- This site is optimized with the Yoast SEO Premium plugin v22.7 (Yoast SEO v28.2) - https:\/\/yoast.com\/product\/yoast-seo-premium-wordpress\/ -->\n<title>&quot;Alarmstufe Rot&quot;: Pflegeversicherung vor dem finanziellen Abgrund - just-now.NEWS Deutschland<\/title>\n<meta name=\"robots\" content=\"index, follow, max-snippet:-1, max-image-preview:large, max-video-preview:-1\" \/>\n<link rel=\"canonical\" href=\"https:\/\/now-news.de\/de\/deutschland\/alarmstufe-rot-pflegeversicherung-vor-dem-finanziellen-abgrund\/\" \/>\n<meta property=\"og:locale\" content=\"de_DE\" \/>\n<meta property=\"og:type\" content=\"article\" \/>\n<meta property=\"og:title\" content=\"&quot;Alarmstufe Rot&quot;: Pflegeversicherung vor dem finanziellen Abgrund\" \/>\n<meta property=\"og:description\" content=\"Die Pflegeversicherung steht vor einem Milliardenproblem \u2013 und die Bundesregierung reagiert zum wiederholten Mal mit geliehenem Geld und angek\u00fcndigten Reformen. Dabei sind die Ursachen der Krise seit Jahren bekannt. Die Zeche zahlen am Ende Pflegebed\u00fcrftige, Angeh\u00f6rige und Beitragszahler. Die gesetzliche Pflegeversicherung hat in der ersten Jahresh\u00e4lfte ein Defizit von 770 Millionen Euro angeh\u00e4uft. Das berichtet [&hellip;]\" \/>\n<meta property=\"og:url\" content=\"https:\/\/now-news.de\/de\/deutschland\/alarmstufe-rot-pflegeversicherung-vor-dem-finanziellen-abgrund\/\" \/>\n<meta property=\"og:site_name\" content=\"just-now.NEWS Deutschland\" \/>\n<meta property=\"article:publisher\" content=\"https:\/\/www.facebook.com\/wirmachenauf\" \/>\n<meta property=\"article:published_time\" content=\"2026-08-31T18:03:48+00:00\" \/>\n<meta property=\"og:image\" content=\"https:\/\/now-news.de\/de\/wp-content\/uploads\/sites\/3\/2026\/08\/6a959e7448fbef1de43b3ba4.jpg\" \/>\n<meta name=\"author\" content=\"rtnews\" \/>\n<meta name=\"twitter:card\" content=\"summary_large_image\" \/>\n<meta name=\"twitter:creator\" content=\"@WirMachenAuf_de\" \/>\n<meta name=\"twitter:site\" content=\"@WirMachenAuf_de\" \/>\n<meta name=\"twitter:label1\" content=\"Verfasst von\" \/>\n\t<meta name=\"twitter:data1\" content=\"rtnews\" \/>\n\t<meta name=\"twitter:label2\" content=\"Gesch\u00e4tzte Lesezeit\" \/>\n\t<meta name=\"twitter:data2\" content=\"2\u00a0Minuten\" \/>\n<script type=\"application\/ld+json\" class=\"yoast-schema-graph\">{\"@context\":\"https:\\\/\\\/schema.org\",\"@graph\":[{\"@type\":\"Article\",\"@id\":\"https:\\\/\\\/now-news.de\\\/de\\\/deutschland\\\/alarmstufe-rot-pflegeversicherung-vor-dem-finanziellen-abgrund\\\/#article\",\"isPartOf\":{\"@id\":\"https:\\\/\\\/now-news.de\\\/de\\\/deutschland\\\/alarmstufe-rot-pflegeversicherung-vor-dem-finanziellen-abgrund\\\/\"},\"author\":{\"name\":\"rtnews\",\"@id\":\"https:\\\/\\\/now-news.de\\\/de\\\/#\\\/schema\\\/person\\\/fb534a4e865501d8b3285208df34a9b5\"},\"headline\":\"&quot;Alarmstufe Rot&quot;: Pflegeversicherung vor dem finanziellen Abgrund\",\"datePublished\":\"2026-08-31T18:03:48+00:00\",\"mainEntityOfPage\":{\"@id\":\"https:\\\/\\\/now-news.de\\\/de\\\/deutschland\\\/alarmstufe-rot-pflegeversicherung-vor-dem-finanziellen-abgrund\\\/\"},\"wordCount\":348,\"commentCount\":0,\"publisher\":{\"@id\":\"https:\\\/\\\/now-news.de\\\/de\\\/#organization\"},\"image\":{\"@id\":\"https:\\\/\\\/now-news.de\\\/de\\\/deutschland\\\/alarmstufe-rot-pflegeversicherung-vor-dem-finanziellen-abgrund\\\/#primaryimage\"},\"thumbnailUrl\":\"https:\\\/\\\/now-news.de\\\/de\\\/wp-content\\\/uploads\\\/sites\\\/3\\\/2026\\\/08\\\/quotAlarmstufe-Rotquot-Pflegeversicherung-vor-dem-finanziellen-Abgrund.jpg\",\"keywords\":[\"Abgrund\",\"DEM\",\"finanziellen\",\"Pflegeversicherung\",\"quotAlarmstufe\",\"Rotquot\",\"vor\"],\"articleSection\":[\"Deutschland\",\"Russland\"],\"inLanguage\":\"de\",\"potentialAction\":[{\"@type\":\"CommentAction\",\"name\":\"Comment\",\"target\":[\"https:\\\/\\\/now-news.de\\\/de\\\/deutschland\\\/alarmstufe-rot-pflegeversicherung-vor-dem-finanziellen-abgrund\\\/#respond\"]}]},{\"@type\":\"WebPage\",\"@id\":\"https:\\\/\\\/now-news.de\\\/de\\\/deutschland\\\/alarmstufe-rot-pflegeversicherung-vor-dem-finanziellen-abgrund\\\/\",\"url\":\"https:\\\/\\\/now-news.de\\\/de\\\/deutschland\\\/alarmstufe-rot-pflegeversicherung-vor-dem-finanziellen-abgrund\\\/\",\"name\":\"&quot;Alarmstufe Rot&quot;: Pflegeversicherung vor dem finanziellen Abgrund - just-now.NEWS Deutschland\",\"isPartOf\":{\"@id\":\"https:\\\/\\\/now-news.de\\\/de\\\/#website\"},\"primaryImageOfPage\":{\"@id\":\"https:\\\/\\\/now-news.de\\\/de\\\/deutschland\\\/alarmstufe-rot-pflegeversicherung-vor-dem-finanziellen-abgrund\\\/#primaryimage\"},\"image\":{\"@id\":\"https:\\\/\\\/now-news.de\\\/de\\\/deutschland\\\/alarmstufe-rot-pflegeversicherung-vor-dem-finanziellen-abgrund\\\/#primaryimage\"},\"thumbnailUrl\":\"https:\\\/\\\/now-news.de\\\/de\\\/wp-content\\\/uploads\\\/sites\\\/3\\\/2026\\\/08\\\/quotAlarmstufe-Rotquot-Pflegeversicherung-vor-dem-finanziellen-Abgrund.jpg\",\"datePublished\":\"2026-08-31T18:03:48+00:00\",\"breadcrumb\":{\"@id\":\"https:\\\/\\\/now-news.de\\\/de\\\/deutschland\\\/alarmstufe-rot-pflegeversicherung-vor-dem-finanziellen-abgrund\\\/#breadcrumb\"},\"inLanguage\":\"de\",\"potentialAction\":[{\"@type\":\"ReadAction\",\"target\":[\"https:\\\/\\\/now-news.de\\\/de\\\/deutschland\\\/alarmstufe-rot-pflegeversicherung-vor-dem-finanziellen-abgrund\\\/\"]}]},{\"@type\":\"ImageObject\",\"inLanguage\":\"de\",\"@id\":\"https:\\\/\\\/now-news.de\\\/de\\\/deutschland\\\/alarmstufe-rot-pflegeversicherung-vor-dem-finanziellen-abgrund\\\/#primaryimage\",\"url\":\"https:\\\/\\\/now-news.de\\\/de\\\/wp-content\\\/uploads\\\/sites\\\/3\\\/2026\\\/08\\\/quotAlarmstufe-Rotquot-Pflegeversicherung-vor-dem-finanziellen-Abgrund.jpg\",\"contentUrl\":\"https:\\\/\\\/now-news.de\\\/de\\\/wp-content\\\/uploads\\\/sites\\\/3\\\/2026\\\/08\\\/quotAlarmstufe-Rotquot-Pflegeversicherung-vor-dem-finanziellen-Abgrund.jpg\",\"width\":460,\"height\":259,\"caption\":\"&quot;Alarmstufe Rot&quot;: Pflegeversicherung vor dem finanziellen Abgrund\"},{\"@type\":\"BreadcrumbList\",\"@id\":\"https:\\\/\\\/now-news.de\\\/de\\\/deutschland\\\/alarmstufe-rot-pflegeversicherung-vor-dem-finanziellen-abgrund\\\/#breadcrumb\",\"itemListElement\":[{\"@type\":\"ListItem\",\"position\":1,\"name\":\"Home\",\"item\":\"https:\\\/\\\/now-news.de\\\/de\\\/\"},{\"@type\":\"ListItem\",\"position\":2,\"name\":\"&quot;Alarmstufe Rot&quot;: Pflegeversicherung vor dem finanziellen Abgrund\"}]},{\"@type\":\"WebSite\",\"@id\":\"https:\\\/\\\/now-news.de\\\/de\\\/#website\",\"url\":\"https:\\\/\\\/now-news.de\\\/de\\\/\",\"name\":\"just-now.NEWS Deutschland\",\"description\":\"Das Portal f\u00fcr unzensierte Nachrichten aus der Welt\",\"publisher\":{\"@id\":\"https:\\\/\\\/now-news.de\\\/de\\\/#organization\"},\"potentialAction\":[{\"@type\":\"SearchAction\",\"target\":{\"@type\":\"EntryPoint\",\"urlTemplate\":\"https:\\\/\\\/now-news.de\\\/de\\\/?s={search_term_string}\"},\"query-input\":{\"@type\":\"PropertyValueSpecification\",\"valueRequired\":true,\"valueName\":\"search_term_string\"}}],\"inLanguage\":\"de\"},{\"@type\":\"Organization\",\"@id\":\"https:\\\/\\\/now-news.de\\\/de\\\/#organization\",\"name\":\"Just Now News\",\"url\":\"https:\\\/\\\/now-news.de\\\/de\\\/\",\"logo\":{\"@type\":\"ImageObject\",\"inLanguage\":\"de\",\"@id\":\"https:\\\/\\\/now-news.de\\\/de\\\/#\\\/schema\\\/logo\\\/image\\\/\",\"url\":\"http:\\\/\\\/just-now.news\\\/de\\\/wp-content\\\/uploads\\\/sites\\\/3\\\/2022\\\/04\\\/logo500x500.jpg\",\"contentUrl\":\"http:\\\/\\\/just-now.news\\\/de\\\/wp-content\\\/uploads\\\/sites\\\/3\\\/2022\\\/04\\\/logo500x500.jpg\",\"width\":500,\"height\":500,\"caption\":\"Just Now News\"},\"image\":{\"@id\":\"https:\\\/\\\/now-news.de\\\/de\\\/#\\\/schema\\\/logo\\\/image\\\/\"},\"sameAs\":[\"https:\\\/\\\/www.facebook.com\\\/wirmachenauf\",\"https:\\\/\\\/x.com\\\/WirMachenAuf_de\"]},{\"@type\":\"Person\",\"@id\":\"https:\\\/\\\/now-news.de\\\/de\\\/#\\\/schema\\\/person\\\/fb534a4e865501d8b3285208df34a9b5\",\"name\":\"rtnews\",\"image\":{\"@type\":\"ImageObject\",\"inLanguage\":\"de\",\"@id\":\"https:\\\/\\\/secure.gravatar.com\\\/avatar\\\/358fe31b3ab5769fea05376e1953329834cd9912cf9daf607e2af3076a1b982b?s=96&d=mm&r=g\",\"url\":\"https:\\\/\\\/secure.gravatar.com\\\/avatar\\\/358fe31b3ab5769fea05376e1953329834cd9912cf9daf607e2af3076a1b982b?s=96&d=mm&r=g\",\"contentUrl\":\"https:\\\/\\\/secure.gravatar.com\\\/avatar\\\/358fe31b3ab5769fea05376e1953329834cd9912cf9daf607e2af3076a1b982b?s=96&d=mm&r=g\",\"caption\":\"rtnews\"},\"url\":\"https:\\\/\\\/now-news.de\\\/de\\\/author\\\/rnews\\\/\"}]}<\/script>\n<!-- \/ Yoast SEO Premium plugin. -->","yoast_head_json":{"title":"&quot;Alarmstufe Rot&quot;: Pflegeversicherung vor dem finanziellen Abgrund - just-now.NEWS Deutschland","robots":{"index":"index","follow":"follow","max-snippet":"max-snippet:-1","max-image-preview":"max-image-preview:large","max-video-preview":"max-video-preview:-1"},"canonical":"https:\/\/now-news.de\/de\/deutschland\/alarmstufe-rot-pflegeversicherung-vor-dem-finanziellen-abgrund\/","og_locale":"de_DE","og_type":"article","og_title":"&quot;Alarmstufe Rot&quot;: Pflegeversicherung vor dem finanziellen Abgrund","og_description":"Die Pflegeversicherung steht vor einem Milliardenproblem \u2013 und die Bundesregierung reagiert zum wiederholten Mal mit geliehenem Geld und angek\u00fcndigten Reformen. Dabei sind die Ursachen der Krise seit Jahren bekannt. Die Zeche zahlen am Ende Pflegebed\u00fcrftige, Angeh\u00f6rige und Beitragszahler. Die gesetzliche Pflegeversicherung hat in der ersten Jahresh\u00e4lfte ein Defizit von 770 Millionen Euro angeh\u00e4uft. Das berichtet [&hellip;]","og_url":"https:\/\/now-news.de\/de\/deutschland\/alarmstufe-rot-pflegeversicherung-vor-dem-finanziellen-abgrund\/","og_site_name":"just-now.NEWS Deutschland","article_publisher":"https:\/\/www.facebook.com\/wirmachenauf","article_published_time":"2026-08-31T18:03:48+00:00","og_image":[{"url":"https:\/\/now-news.de\/de\/wp-content\/uploads\/sites\/3\/2026\/08\/6a959e7448fbef1de43b3ba4.jpg","type":"","width":"","height":""}],"author":"rtnews","twitter_card":"summary_large_image","twitter_creator":"@WirMachenAuf_de","twitter_site":"@WirMachenAuf_de","twitter_misc":{"Verfasst von":"rtnews","Gesch\u00e4tzte Lesezeit":"2\u00a0Minuten"},"schema":{"@context":"https:\/\/schema.org","@graph":[{"@type":"Article","@id":"https:\/\/now-news.de\/de\/deutschland\/alarmstufe-rot-pflegeversicherung-vor-dem-finanziellen-abgrund\/#article","isPartOf":{"@id":"https:\/\/now-news.de\/de\/deutschland\/alarmstufe-rot-pflegeversicherung-vor-dem-finanziellen-abgrund\/"},"author":{"name":"rtnews","@id":"https:\/\/now-news.de\/de\/#\/schema\/person\/fb534a4e865501d8b3285208df34a9b5"},"headline":"&quot;Alarmstufe Rot&quot;: Pflegeversicherung vor dem finanziellen Abgrund","datePublished":"2026-08-31T18:03:48+00:00","mainEntityOfPage":{"@id":"https:\/\/now-news.de\/de\/deutschland\/alarmstufe-rot-pflegeversicherung-vor-dem-finanziellen-abgrund\/"},"wordCount":348,"commentCount":0,"publisher":{"@id":"https:\/\/now-news.de\/de\/#organization"},"image":{"@id":"https:\/\/now-news.de\/de\/deutschland\/alarmstufe-rot-pflegeversicherung-vor-dem-finanziellen-abgrund\/#primaryimage"},"thumbnailUrl":"https:\/\/now-news.de\/de\/wp-content\/uploads\/sites\/3\/2026\/08\/quotAlarmstufe-Rotquot-Pflegeversicherung-vor-dem-finanziellen-Abgrund.jpg","keywords":["Abgrund","DEM","finanziellen","Pflegeversicherung","quotAlarmstufe","Rotquot","vor"],"articleSection":["Deutschland","Russland"],"inLanguage":"de","potentialAction":[{"@type":"CommentAction","name":"Comment","target":["https:\/\/now-news.de\/de\/deutschland\/alarmstufe-rot-pflegeversicherung-vor-dem-finanziellen-abgrund\/#respond"]}]},{"@type":"WebPage","@id":"https:\/\/now-news.de\/de\/deutschland\/alarmstufe-rot-pflegeversicherung-vor-dem-finanziellen-abgrund\/","url":"https:\/\/now-news.de\/de\/deutschland\/alarmstufe-rot-pflegeversicherung-vor-dem-finanziellen-abgrund\/","name":"&quot;Alarmstufe Rot&quot;: Pflegeversicherung vor dem finanziellen Abgrund - just-now.NEWS Deutschland","isPartOf":{"@id":"https:\/\/now-news.de\/de\/#website"},"primaryImageOfPage":{"@id":"https:\/\/now-news.de\/de\/deutschland\/alarmstufe-rot-pflegeversicherung-vor-dem-finanziellen-abgrund\/#primaryimage"},"image":{"@id":"https:\/\/now-news.de\/de\/deutschland\/alarmstufe-rot-pflegeversicherung-vor-dem-finanziellen-abgrund\/#primaryimage"},"thumbnailUrl":"https:\/\/now-news.de\/de\/wp-content\/uploads\/sites\/3\/2026\/08\/quotAlarmstufe-Rotquot-Pflegeversicherung-vor-dem-finanziellen-Abgrund.jpg","datePublished":"2026-08-31T18:03:48+00:00","breadcrumb":{"@id":"https:\/\/now-news.de\/de\/deutschland\/alarmstufe-rot-pflegeversicherung-vor-dem-finanziellen-abgrund\/#breadcrumb"},"inLanguage":"de","potentialAction":[{"@type":"ReadAction","target":["https:\/\/now-news.de\/de\/deutschland\/alarmstufe-rot-pflegeversicherung-vor-dem-finanziellen-abgrund\/"]}]},{"@type":"ImageObject","inLanguage":"de","@id":"https:\/\/now-news.de\/de\/deutschland\/alarmstufe-rot-pflegeversicherung-vor-dem-finanziellen-abgrund\/#primaryimage","url":"https:\/\/now-news.de\/de\/wp-content\/uploads\/sites\/3\/2026\/08\/quotAlarmstufe-Rotquot-Pflegeversicherung-vor-dem-finanziellen-Abgrund.jpg","contentUrl":"https:\/\/now-news.de\/de\/wp-content\/uploads\/sites\/3\/2026\/08\/quotAlarmstufe-Rotquot-Pflegeversicherung-vor-dem-finanziellen-Abgrund.jpg","width":460,"height":259,"caption":"&quot;Alarmstufe Rot&quot;: Pflegeversicherung vor dem finanziellen Abgrund"},{"@type":"BreadcrumbList","@id":"https:\/\/now-news.de\/de\/deutschland\/alarmstufe-rot-pflegeversicherung-vor-dem-finanziellen-abgrund\/#breadcrumb","itemListElement":[{"@type":"ListItem","position":1,"name":"Home","item":"https:\/\/now-news.de\/de\/"},{"@type":"ListItem","position":2,"name":"&quot;Alarmstufe Rot&quot;: Pflegeversicherung vor dem finanziellen Abgrund"}]},{"@type":"WebSite","@id":"https:\/\/now-news.de\/de\/#website","url":"https:\/\/now-news.de\/de\/","name":"just-now.NEWS Deutschland","description":"Das Portal f\u00fcr unzensierte Nachrichten aus der Welt","publisher":{"@id":"https:\/\/now-news.de\/de\/#organization"},"potentialAction":[{"@type":"SearchAction","target":{"@type":"EntryPoint","urlTemplate":"https:\/\/now-news.de\/de\/?s={search_term_string}"},"query-input":{"@type":"PropertyValueSpecification","valueRequired":true,"valueName":"search_term_string"}}],"inLanguage":"de"},{"@type":"Organization","@id":"https:\/\/now-news.de\/de\/#organization","name":"Just Now News","url":"https:\/\/now-news.de\/de\/","logo":{"@type":"ImageObject","inLanguage":"de","@id":"https:\/\/now-news.de\/de\/#\/schema\/logo\/image\/","url":"http:\/\/just-now.news\/de\/wp-content\/uploads\/sites\/3\/2022\/04\/logo500x500.jpg","contentUrl":"http:\/\/just-now.news\/de\/wp-content\/uploads\/sites\/3\/2022\/04\/logo500x500.jpg","width":500,"height":500,"caption":"Just Now News"},"image":{"@id":"https:\/\/now-news.de\/de\/#\/schema\/logo\/image\/"},"sameAs":["https:\/\/www.facebook.com\/wirmachenauf","https:\/\/x.com\/WirMachenAuf_de"]},{"@type":"Person","@id":"https:\/\/now-news.de\/de\/#\/schema\/person\/fb534a4e865501d8b3285208df34a9b5","name":"rtnews","image":{"@type":"ImageObject","inLanguage":"de","@id":"https:\/\/secure.gravatar.com\/avatar\/358fe31b3ab5769fea05376e1953329834cd9912cf9daf607e2af3076a1b982b?s=96&d=mm&r=g","url":"https:\/\/secure.gravatar.com\/avatar\/358fe31b3ab5769fea05376e1953329834cd9912cf9daf607e2af3076a1b982b?s=96&d=mm&r=g","contentUrl":"https:\/\/secure.gravatar.com\/avatar\/358fe31b3ab5769fea05376e1953329834cd9912cf9daf607e2af3076a1b982b?s=96&d=mm&r=g","caption":"rtnews"},"url":"https:\/\/now-news.de\/de\/author\/rnews\/"}]}},"_links":{"self":[{"href":"https:\/\/now-news.de\/de\/wp-json\/wp\/v2\/posts\/109687","targetHints":{"allow":["GET"]}}],"collection":[{"href":"https:\/\/now-news.de\/de\/wp-json\/wp\/v2\/posts"}],"about":[{"href":"https:\/\/now-news.de\/de\/wp-json\/wp\/v2\/types\/post"}],"author":[{"embeddable":true,"href":"https:\/\/now-news.de\/de\/wp-json\/wp\/v2\/users\/3"}],"replies":[{"embeddable":true,"href":"https:\/\/now-news.de\/de\/wp-json\/wp\/v2\/comments?post=109687"}],"version-history":[{"count":0,"href":"https:\/\/now-news.de\/de\/wp-json\/wp\/v2\/posts\/109687\/revisions"}],"wp:featuredmedia":[{"embeddable":true,"href":"https:\/\/now-news.de\/de\/wp-json\/wp\/v2\/media\/109688"}],"wp:attachment":[{"href":"https:\/\/now-news.de\/de\/wp-json\/wp\/v2\/media?parent=109687"}],"wp:term":[{"taxonomy":"category","embeddable":true,"href":"https:\/\/now-news.de\/de\/wp-json\/wp\/v2\/categories?post=109687"},{"taxonomy":"post_tag","embeddable":true,"href":"https:\/\/now-news.de\/de\/wp-json\/wp\/v2\/tags?post=109687"}],"curies":[{"name":"wp","href":"https:\/\/api.w.org\/{rel}","templated":true}]}}