{"id":109683,"date":"2026-08-31T19:40:00","date_gmt":"2026-08-31T17:40:00","guid":{"rendered":"https:\/\/now-news.de\/de\/deutschland\/modi-und-putin-treffen-sich-in-bischkek\/"},"modified":"2026-08-31T19:40:00","modified_gmt":"2026-08-31T17:40:00","slug":"modi-und-putin-treffen-sich-in-bischkek","status":"publish","type":"post","link":"https:\/\/now-news.de\/de\/deutschland\/modi-und-putin-treffen-sich-in-bischkek\/","title":{"rendered":"Modi und Putin treffen sich in Bischkek"},"content":{"rendered":"<p><img decoding=\"async\" src=\"https:\/\/now-news.de\/de\/wp-content\/uploads\/sites\/3\/2026\/08\/6a95b4e0b480cc4cb64d97e9.jpg\" \/><\/p>\n<div class=\"Text-root Text-type_1 \">\n                Indien ist neben China einer der Hauptabnehmer f\u00fcr russisches Erd\u00f6l und auch sonst ein wichtiger Handelspartner. Zudem ist das Land eines der Gr\u00fcndungsmitglieder der BRICS. Da verwundert es nicht, dass auch das Treffen in Bischkek f\u00fcr ein Gespr\u00e4ch zwischen Modi und Putin genutzt wird.\n            <\/div>\n<p><\/p>\n<div class=\"Text-root Text-type_5 ArticleView-text ViewText-root \">\n<p>Das Treffen der Schanghaier Organisation f\u00fcr Zusammenarbeit, das gerade in Kirgisistan stattfindet, ist eigentlich eine Art Vorspiel. Bereits am 12. und 13. September folgt der j\u00e4hrliche BRICS-Gipfel, der dieses Jahr in Neu-Delhi stattfinden wird. Viele der f\u00fchrenden Politiker, die derzeit in Bischkek weilen, werden sich dort erneut begegnen.<\/p>\n<p data-start=\"660\" data-end=\"1333\">Das gilt auch f\u00fcr den russischen Pr\u00e4sidenten Wladimir Putin und den indischen Premierminister Narendra Modi. Dennoch haben sie auch den Termin in Kirgisistan genutzt, um ein Gespr\u00e4ch miteinander zu f\u00fchren.<\/p>\n<p>Die Beziehungen zwischen Indien und Russland, die Putin als &#8220;besonders privilegierte strategische Partnerschaft&#8221; bezeichnete, w\u00fcrden stetig st\u00e4rker, so der russische Pr\u00e4sident in seinem \u00f6ffentlichen Eingangsstatement. Das werde durch die Aufmerksamkeit erleichtert, die Modi den russisch-indischen Beziehungen schenke, und &#8220;durch die zwischen uns bestehenden nicht nur gesch\u00e4ftlichen, sondern auch sehr freundlichen pers\u00f6nlichen Beziehungen, f\u00fcr die ich dankbar bin&#8221;.<\/p>\n<p data-start=\"1335\" data-end=\"1744\">In den ersten sechs Monaten des Jahres sei das Handelsvolumen um 2,6 Prozent gewachsen, trotz eines leichten R\u00fcckgangs im Vorjahr. Inzwischen studierten beinahe 40.000 indische Studenten in Russland, und der kulturelle Austausch zeige sich in regelm\u00e4\u00dfigen Festivals auf beiden Seiten. Auch der Tourismus entwickle sich weiter. 2025 habe die Zahl der Reisenden zwischen beiden L\u00e4ndern um 16 Prozent zugenommen.<\/p>\n<p>Im kommenden Jahr, auch das erw\u00e4hnte Putin, j\u00e4hrt sich die Aufnahme diplomatischer Beziehungen zwischen dem gerade erst unabh\u00e4ngig gewordenen Indien und der Sowjetunion zum 80. Mal.<\/p>\n<p data-start=\"1929\" data-end=\"2138\">Modi verwies auf die Wirtschaftskontakte, die unter anderem bei Putins Besuch in Indien 2025 gekn\u00fcpft worden waren und zu einer &#8220;neuen positiven Dynamik unserer wirtschaftlichen Zusammenarbeit&#8221; gef\u00fchrt h\u00e4tten.<\/p>\n<p data-start=\"2140\" data-end=\"2518\">Er betonte erneut das Interesse Indiens an einem Ende des Konflikts in der Ukraine. &#8220;Jeder Tag des Krieges wirft die Menschheit tats\u00e4chlich einen Schritt zur\u00fcck, w\u00e4hrend jeder Schritt hin zum Frieden die Menschheit mit neuer Hoffnung erf\u00fcllt. Wir m\u00fcssen weg von den endlosen Kriegen zum Ende des Krieges kommen&#8221;, sagte er. Das sei die Botschaft des Landes von Gandhi und Buddha.<\/p>\n<p data-start=\"2140\" data-end=\"2518\">Im weiteren, nicht mehr \u00f6ffentlichen Verlauf des Gespr\u00e4chs ging es, das legen \u00c4u\u00dferungen Modis auf X nahe, um handfeste Fragen: Energie, Innovation, Weltraum und D\u00fcnger. Modi sprach auch die formelle Einladung an Putin zum anstehenden BRICS-Gipfel aus. Zum Abschluss fuhren beide noch gemeinsam in einem Wagen zur Er\u00f6ffnungsveranstaltung der 6. Weltspiele der Nomaden.<\/p>\n<p><strong>Mehr zum Thema<\/strong>\u00a0\u2012 <a rel=\"nofollow\" target=\"_blank\" href=\"https:\/\/de-rtnews.com\/international\/288813-was-die-drei-musketiere-russland-iran-china-wirklich-vorhaben\/\">Was die drei Musketiere Russland-Iran-China wirklich vorhaben \u00a0<\/a><\/p>\n<div class=\"EmbedBlock-root EmbedBlock-externalVideo EmbedBlock-rumble\">\n<div class=\"VkEmbed\"><iframe class=\"lazyload\" data-src=\"https:\/\/rumble.com\/embed\/v70hux4\" frameborder=\"0\" width=\"853\" height=\"480\" allowfullscreen><\/iframe><\/div>\n<\/div>\n<\/div>\n<p><br \/>\n<br \/><a href=\"https:\/\/de.rt.com\/international\/290269-modi-und-putin-treffen-sich\/\">Source link <\/a><\/p>\n","protected":false},"excerpt":{"rendered":"<p>Indien ist neben China einer der Hauptabnehmer f\u00fcr russisches Erd\u00f6l und auch sonst ein wichtiger Handelspartner. Zudem ist das Land eines der Gr\u00fcndungsmitglieder der BRICS. Da verwundert es nicht, dass auch das Treffen in Bischkek f\u00fcr ein Gespr\u00e4ch zwischen Modi und Putin genutzt wird. Das Treffen der Schanghaier Organisation f\u00fcr Zusammenarbeit, das gerade in Kirgisistan [&hellip;]<\/p>\n","protected":false},"author":3,"featured_media":109684,"comment_status":"open","ping_status":"open","sticky":false,"template":"","format":"standard","meta":{"wp_automatic_camp":["217"],"b3ab586f11a49019a35ba4ca75f6a9dc":["Modi und Putin treffen sich in Bischkek"],"original_link":["https:\/\/de.rt.com\/international\/290269-modi-und-putin-treffen-sich\/"],"_thumbnail_id":["109684"],"_wptgpro_p2tg_sent2tg":["a:1:{i:23737;s:19:\"2026-08-31 19:43:33\";}"],"jnews_social_counter_last_update":["1788205413"]},"categories":[19,23],"tags":[21958,14673,125,434,354,140],"class_list":["post-109683","post","type-post","status-publish","format-standard","has-post-thumbnail","hentry","category-deutschland","category-russland","tag-bischkek","tag-modi","tag-putin","tag-sich","tag-treffen","tag-und"],"yoast_head":"<!-- This site is optimized with the Yoast SEO Premium plugin v22.7 (Yoast SEO v28.2) - https:\/\/yoast.com\/product\/yoast-seo-premium-wordpress\/ -->\n<title>Modi und Putin treffen sich in Bischkek - just-now.NEWS Deutschland<\/title>\n<meta name=\"robots\" content=\"index, follow, max-snippet:-1, max-image-preview:large, max-video-preview:-1\" \/>\n<link rel=\"canonical\" href=\"https:\/\/now-news.de\/de\/deutschland\/modi-und-putin-treffen-sich-in-bischkek\/\" \/>\n<meta property=\"og:locale\" content=\"de_DE\" \/>\n<meta property=\"og:type\" content=\"article\" \/>\n<meta property=\"og:title\" content=\"Modi und Putin treffen sich in Bischkek\" \/>\n<meta property=\"og:description\" content=\"Indien ist neben China einer der Hauptabnehmer f\u00fcr russisches Erd\u00f6l und auch sonst ein wichtiger Handelspartner. Zudem ist das Land eines der Gr\u00fcndungsmitglieder der BRICS. Da verwundert es nicht, dass auch das Treffen in Bischkek f\u00fcr ein Gespr\u00e4ch zwischen Modi und Putin genutzt wird. Das Treffen der Schanghaier Organisation f\u00fcr Zusammenarbeit, das gerade in Kirgisistan [&hellip;]\" \/>\n<meta property=\"og:url\" content=\"https:\/\/now-news.de\/de\/deutschland\/modi-und-putin-treffen-sich-in-bischkek\/\" \/>\n<meta property=\"og:site_name\" content=\"just-now.NEWS Deutschland\" \/>\n<meta property=\"article:publisher\" content=\"https:\/\/www.facebook.com\/wirmachenauf\" \/>\n<meta property=\"article:published_time\" content=\"2026-08-31T17:40:00+00:00\" \/>\n<meta property=\"og:image\" content=\"https:\/\/now-news.de\/de\/wp-content\/uploads\/sites\/3\/2026\/08\/6a95b4e0b480cc4cb64d97e9.jpg\" \/>\n<meta name=\"author\" content=\"rtnews\" \/>\n<meta name=\"twitter:card\" content=\"summary_large_image\" \/>\n<meta name=\"twitter:creator\" content=\"@WirMachenAuf_de\" \/>\n<meta name=\"twitter:site\" content=\"@WirMachenAuf_de\" \/>\n<meta name=\"twitter:label1\" content=\"Verfasst von\" \/>\n\t<meta name=\"twitter:data1\" content=\"rtnews\" \/>\n\t<meta name=\"twitter:label2\" content=\"Gesch\u00e4tzte Lesezeit\" \/>\n\t<meta name=\"twitter:data2\" content=\"2\u00a0Minuten\" \/>\n<script type=\"application\/ld+json\" class=\"yoast-schema-graph\">{\"@context\":\"https:\\\/\\\/schema.org\",\"@graph\":[{\"@type\":\"Article\",\"@id\":\"https:\\\/\\\/now-news.de\\\/de\\\/deutschland\\\/modi-und-putin-treffen-sich-in-bischkek\\\/#article\",\"isPartOf\":{\"@id\":\"https:\\\/\\\/now-news.de\\\/de\\\/deutschland\\\/modi-und-putin-treffen-sich-in-bischkek\\\/\"},\"author\":{\"name\":\"rtnews\",\"@id\":\"https:\\\/\\\/now-news.de\\\/de\\\/#\\\/schema\\\/person\\\/fb534a4e865501d8b3285208df34a9b5\"},\"headline\":\"Modi und Putin treffen sich in Bischkek\",\"datePublished\":\"2026-08-31T17:40:00+00:00\",\"mainEntityOfPage\":{\"@id\":\"https:\\\/\\\/now-news.de\\\/de\\\/deutschland\\\/modi-und-putin-treffen-sich-in-bischkek\\\/\"},\"wordCount\":453,\"commentCount\":0,\"publisher\":{\"@id\":\"https:\\\/\\\/now-news.de\\\/de\\\/#organization\"},\"image\":{\"@id\":\"https:\\\/\\\/now-news.de\\\/de\\\/deutschland\\\/modi-und-putin-treffen-sich-in-bischkek\\\/#primaryimage\"},\"thumbnailUrl\":\"https:\\\/\\\/now-news.de\\\/de\\\/wp-content\\\/uploads\\\/sites\\\/3\\\/2026\\\/08\\\/Modi-und-Putin-treffen-sich-in-Bischkek.jpg\",\"keywords\":[\"Bischkek\",\"Modi\",\"putin\",\"sich\",\"Treffen\",\"und\"],\"articleSection\":[\"Deutschland\",\"Russland\"],\"inLanguage\":\"de\",\"potentialAction\":[{\"@type\":\"CommentAction\",\"name\":\"Comment\",\"target\":[\"https:\\\/\\\/now-news.de\\\/de\\\/deutschland\\\/modi-und-putin-treffen-sich-in-bischkek\\\/#respond\"]}]},{\"@type\":\"WebPage\",\"@id\":\"https:\\\/\\\/now-news.de\\\/de\\\/deutschland\\\/modi-und-putin-treffen-sich-in-bischkek\\\/\",\"url\":\"https:\\\/\\\/now-news.de\\\/de\\\/deutschland\\\/modi-und-putin-treffen-sich-in-bischkek\\\/\",\"name\":\"Modi und Putin treffen sich in Bischkek - just-now.NEWS Deutschland\",\"isPartOf\":{\"@id\":\"https:\\\/\\\/now-news.de\\\/de\\\/#website\"},\"primaryImageOfPage\":{\"@id\":\"https:\\\/\\\/now-news.de\\\/de\\\/deutschland\\\/modi-und-putin-treffen-sich-in-bischkek\\\/#primaryimage\"},\"image\":{\"@id\":\"https:\\\/\\\/now-news.de\\\/de\\\/deutschland\\\/modi-und-putin-treffen-sich-in-bischkek\\\/#primaryimage\"},\"thumbnailUrl\":\"https:\\\/\\\/now-news.de\\\/de\\\/wp-content\\\/uploads\\\/sites\\\/3\\\/2026\\\/08\\\/Modi-und-Putin-treffen-sich-in-Bischkek.jpg\",\"datePublished\":\"2026-08-31T17:40:00+00:00\",\"breadcrumb\":{\"@id\":\"https:\\\/\\\/now-news.de\\\/de\\\/deutschland\\\/modi-und-putin-treffen-sich-in-bischkek\\\/#breadcrumb\"},\"inLanguage\":\"de\",\"potentialAction\":[{\"@type\":\"ReadAction\",\"target\":[\"https:\\\/\\\/now-news.de\\\/de\\\/deutschland\\\/modi-und-putin-treffen-sich-in-bischkek\\\/\"]}]},{\"@type\":\"ImageObject\",\"inLanguage\":\"de\",\"@id\":\"https:\\\/\\\/now-news.de\\\/de\\\/deutschland\\\/modi-und-putin-treffen-sich-in-bischkek\\\/#primaryimage\",\"url\":\"https:\\\/\\\/now-news.de\\\/de\\\/wp-content\\\/uploads\\\/sites\\\/3\\\/2026\\\/08\\\/Modi-und-Putin-treffen-sich-in-Bischkek.jpg\",\"contentUrl\":\"https:\\\/\\\/now-news.de\\\/de\\\/wp-content\\\/uploads\\\/sites\\\/3\\\/2026\\\/08\\\/Modi-und-Putin-treffen-sich-in-Bischkek.jpg\",\"width\":460,\"height\":259,\"caption\":\"Modi und Putin treffen sich in Bischkek\"},{\"@type\":\"BreadcrumbList\",\"@id\":\"https:\\\/\\\/now-news.de\\\/de\\\/deutschland\\\/modi-und-putin-treffen-sich-in-bischkek\\\/#breadcrumb\",\"itemListElement\":[{\"@type\":\"ListItem\",\"position\":1,\"name\":\"Home\",\"item\":\"https:\\\/\\\/now-news.de\\\/de\\\/\"},{\"@type\":\"ListItem\",\"position\":2,\"name\":\"Modi und Putin treffen sich in Bischkek\"}]},{\"@type\":\"WebSite\",\"@id\":\"https:\\\/\\\/now-news.de\\\/de\\\/#website\",\"url\":\"https:\\\/\\\/now-news.de\\\/de\\\/\",\"name\":\"just-now.NEWS Deutschland\",\"description\":\"Das Portal f\u00fcr unzensierte Nachrichten aus der Welt\",\"publisher\":{\"@id\":\"https:\\\/\\\/now-news.de\\\/de\\\/#organization\"},\"potentialAction\":[{\"@type\":\"SearchAction\",\"target\":{\"@type\":\"EntryPoint\",\"urlTemplate\":\"https:\\\/\\\/now-news.de\\\/de\\\/?s={search_term_string}\"},\"query-input\":{\"@type\":\"PropertyValueSpecification\",\"valueRequired\":true,\"valueName\":\"search_term_string\"}}],\"inLanguage\":\"de\"},{\"@type\":\"Organization\",\"@id\":\"https:\\\/\\\/now-news.de\\\/de\\\/#organization\",\"name\":\"Just Now News\",\"url\":\"https:\\\/\\\/now-news.de\\\/de\\\/\",\"logo\":{\"@type\":\"ImageObject\",\"inLanguage\":\"de\",\"@id\":\"https:\\\/\\\/now-news.de\\\/de\\\/#\\\/schema\\\/logo\\\/image\\\/\",\"url\":\"http:\\\/\\\/just-now.news\\\/de\\\/wp-content\\\/uploads\\\/sites\\\/3\\\/2022\\\/04\\\/logo500x500.jpg\",\"contentUrl\":\"http:\\\/\\\/just-now.news\\\/de\\\/wp-content\\\/uploads\\\/sites\\\/3\\\/2022\\\/04\\\/logo500x500.jpg\",\"width\":500,\"height\":500,\"caption\":\"Just Now News\"},\"image\":{\"@id\":\"https:\\\/\\\/now-news.de\\\/de\\\/#\\\/schema\\\/logo\\\/image\\\/\"},\"sameAs\":[\"https:\\\/\\\/www.facebook.com\\\/wirmachenauf\",\"https:\\\/\\\/x.com\\\/WirMachenAuf_de\"]},{\"@type\":\"Person\",\"@id\":\"https:\\\/\\\/now-news.de\\\/de\\\/#\\\/schema\\\/person\\\/fb534a4e865501d8b3285208df34a9b5\",\"name\":\"rtnews\",\"image\":{\"@type\":\"ImageObject\",\"inLanguage\":\"de\",\"@id\":\"https:\\\/\\\/secure.gravatar.com\\\/avatar\\\/358fe31b3ab5769fea05376e1953329834cd9912cf9daf607e2af3076a1b982b?s=96&d=mm&r=g\",\"url\":\"https:\\\/\\\/secure.gravatar.com\\\/avatar\\\/358fe31b3ab5769fea05376e1953329834cd9912cf9daf607e2af3076a1b982b?s=96&d=mm&r=g\",\"contentUrl\":\"https:\\\/\\\/secure.gravatar.com\\\/avatar\\\/358fe31b3ab5769fea05376e1953329834cd9912cf9daf607e2af3076a1b982b?s=96&d=mm&r=g\",\"caption\":\"rtnews\"},\"url\":\"https:\\\/\\\/now-news.de\\\/de\\\/author\\\/rnews\\\/\"}]}<\/script>\n<!-- \/ Yoast SEO Premium plugin. -->","yoast_head_json":{"title":"Modi und Putin treffen sich in Bischkek - just-now.NEWS Deutschland","robots":{"index":"index","follow":"follow","max-snippet":"max-snippet:-1","max-image-preview":"max-image-preview:large","max-video-preview":"max-video-preview:-1"},"canonical":"https:\/\/now-news.de\/de\/deutschland\/modi-und-putin-treffen-sich-in-bischkek\/","og_locale":"de_DE","og_type":"article","og_title":"Modi und Putin treffen sich in Bischkek","og_description":"Indien ist neben China einer der Hauptabnehmer f\u00fcr russisches Erd\u00f6l und auch sonst ein wichtiger Handelspartner. Zudem ist das Land eines der Gr\u00fcndungsmitglieder der BRICS. Da verwundert es nicht, dass auch das Treffen in Bischkek f\u00fcr ein Gespr\u00e4ch zwischen Modi und Putin genutzt wird. Das Treffen der Schanghaier Organisation f\u00fcr Zusammenarbeit, das gerade in Kirgisistan [&hellip;]","og_url":"https:\/\/now-news.de\/de\/deutschland\/modi-und-putin-treffen-sich-in-bischkek\/","og_site_name":"just-now.NEWS Deutschland","article_publisher":"https:\/\/www.facebook.com\/wirmachenauf","article_published_time":"2026-08-31T17:40:00+00:00","og_image":[{"url":"https:\/\/now-news.de\/de\/wp-content\/uploads\/sites\/3\/2026\/08\/6a95b4e0b480cc4cb64d97e9.jpg","type":"","width":"","height":""}],"author":"rtnews","twitter_card":"summary_large_image","twitter_creator":"@WirMachenAuf_de","twitter_site":"@WirMachenAuf_de","twitter_misc":{"Verfasst von":"rtnews","Gesch\u00e4tzte Lesezeit":"2\u00a0Minuten"},"schema":{"@context":"https:\/\/schema.org","@graph":[{"@type":"Article","@id":"https:\/\/now-news.de\/de\/deutschland\/modi-und-putin-treffen-sich-in-bischkek\/#article","isPartOf":{"@id":"https:\/\/now-news.de\/de\/deutschland\/modi-und-putin-treffen-sich-in-bischkek\/"},"author":{"name":"rtnews","@id":"https:\/\/now-news.de\/de\/#\/schema\/person\/fb534a4e865501d8b3285208df34a9b5"},"headline":"Modi und Putin treffen sich in Bischkek","datePublished":"2026-08-31T17:40:00+00:00","mainEntityOfPage":{"@id":"https:\/\/now-news.de\/de\/deutschland\/modi-und-putin-treffen-sich-in-bischkek\/"},"wordCount":453,"commentCount":0,"publisher":{"@id":"https:\/\/now-news.de\/de\/#organization"},"image":{"@id":"https:\/\/now-news.de\/de\/deutschland\/modi-und-putin-treffen-sich-in-bischkek\/#primaryimage"},"thumbnailUrl":"https:\/\/now-news.de\/de\/wp-content\/uploads\/sites\/3\/2026\/08\/Modi-und-Putin-treffen-sich-in-Bischkek.jpg","keywords":["Bischkek","Modi","putin","sich","Treffen","und"],"articleSection":["Deutschland","Russland"],"inLanguage":"de","potentialAction":[{"@type":"CommentAction","name":"Comment","target":["https:\/\/now-news.de\/de\/deutschland\/modi-und-putin-treffen-sich-in-bischkek\/#respond"]}]},{"@type":"WebPage","@id":"https:\/\/now-news.de\/de\/deutschland\/modi-und-putin-treffen-sich-in-bischkek\/","url":"https:\/\/now-news.de\/de\/deutschland\/modi-und-putin-treffen-sich-in-bischkek\/","name":"Modi und Putin treffen sich in Bischkek - just-now.NEWS Deutschland","isPartOf":{"@id":"https:\/\/now-news.de\/de\/#website"},"primaryImageOfPage":{"@id":"https:\/\/now-news.de\/de\/deutschland\/modi-und-putin-treffen-sich-in-bischkek\/#primaryimage"},"image":{"@id":"https:\/\/now-news.de\/de\/deutschland\/modi-und-putin-treffen-sich-in-bischkek\/#primaryimage"},"thumbnailUrl":"https:\/\/now-news.de\/de\/wp-content\/uploads\/sites\/3\/2026\/08\/Modi-und-Putin-treffen-sich-in-Bischkek.jpg","datePublished":"2026-08-31T17:40:00+00:00","breadcrumb":{"@id":"https:\/\/now-news.de\/de\/deutschland\/modi-und-putin-treffen-sich-in-bischkek\/#breadcrumb"},"inLanguage":"de","potentialAction":[{"@type":"ReadAction","target":["https:\/\/now-news.de\/de\/deutschland\/modi-und-putin-treffen-sich-in-bischkek\/"]}]},{"@type":"ImageObject","inLanguage":"de","@id":"https:\/\/now-news.de\/de\/deutschland\/modi-und-putin-treffen-sich-in-bischkek\/#primaryimage","url":"https:\/\/now-news.de\/de\/wp-content\/uploads\/sites\/3\/2026\/08\/Modi-und-Putin-treffen-sich-in-Bischkek.jpg","contentUrl":"https:\/\/now-news.de\/de\/wp-content\/uploads\/sites\/3\/2026\/08\/Modi-und-Putin-treffen-sich-in-Bischkek.jpg","width":460,"height":259,"caption":"Modi und Putin treffen sich in Bischkek"},{"@type":"BreadcrumbList","@id":"https:\/\/now-news.de\/de\/deutschland\/modi-und-putin-treffen-sich-in-bischkek\/#breadcrumb","itemListElement":[{"@type":"ListItem","position":1,"name":"Home","item":"https:\/\/now-news.de\/de\/"},{"@type":"ListItem","position":2,"name":"Modi und Putin treffen sich in Bischkek"}]},{"@type":"WebSite","@id":"https:\/\/now-news.de\/de\/#website","url":"https:\/\/now-news.de\/de\/","name":"just-now.NEWS Deutschland","description":"Das Portal f\u00fcr unzensierte Nachrichten aus der Welt","publisher":{"@id":"https:\/\/now-news.de\/de\/#organization"},"potentialAction":[{"@type":"SearchAction","target":{"@type":"EntryPoint","urlTemplate":"https:\/\/now-news.de\/de\/?s={search_term_string}"},"query-input":{"@type":"PropertyValueSpecification","valueRequired":true,"valueName":"search_term_string"}}],"inLanguage":"de"},{"@type":"Organization","@id":"https:\/\/now-news.de\/de\/#organization","name":"Just Now News","url":"https:\/\/now-news.de\/de\/","logo":{"@type":"ImageObject","inLanguage":"de","@id":"https:\/\/now-news.de\/de\/#\/schema\/logo\/image\/","url":"http:\/\/just-now.news\/de\/wp-content\/uploads\/sites\/3\/2022\/04\/logo500x500.jpg","contentUrl":"http:\/\/just-now.news\/de\/wp-content\/uploads\/sites\/3\/2022\/04\/logo500x500.jpg","width":500,"height":500,"caption":"Just Now News"},"image":{"@id":"https:\/\/now-news.de\/de\/#\/schema\/logo\/image\/"},"sameAs":["https:\/\/www.facebook.com\/wirmachenauf","https:\/\/x.com\/WirMachenAuf_de"]},{"@type":"Person","@id":"https:\/\/now-news.de\/de\/#\/schema\/person\/fb534a4e865501d8b3285208df34a9b5","name":"rtnews","image":{"@type":"ImageObject","inLanguage":"de","@id":"https:\/\/secure.gravatar.com\/avatar\/358fe31b3ab5769fea05376e1953329834cd9912cf9daf607e2af3076a1b982b?s=96&d=mm&r=g","url":"https:\/\/secure.gravatar.com\/avatar\/358fe31b3ab5769fea05376e1953329834cd9912cf9daf607e2af3076a1b982b?s=96&d=mm&r=g","contentUrl":"https:\/\/secure.gravatar.com\/avatar\/358fe31b3ab5769fea05376e1953329834cd9912cf9daf607e2af3076a1b982b?s=96&d=mm&r=g","caption":"rtnews"},"url":"https:\/\/now-news.de\/de\/author\/rnews\/"}]}},"_links":{"self":[{"href":"https:\/\/now-news.de\/de\/wp-json\/wp\/v2\/posts\/109683","targetHints":{"allow":["GET"]}}],"collection":[{"href":"https:\/\/now-news.de\/de\/wp-json\/wp\/v2\/posts"}],"about":[{"href":"https:\/\/now-news.de\/de\/wp-json\/wp\/v2\/types\/post"}],"author":[{"embeddable":true,"href":"https:\/\/now-news.de\/de\/wp-json\/wp\/v2\/users\/3"}],"replies":[{"embeddable":true,"href":"https:\/\/now-news.de\/de\/wp-json\/wp\/v2\/comments?post=109683"}],"version-history":[{"count":0,"href":"https:\/\/now-news.de\/de\/wp-json\/wp\/v2\/posts\/109683\/revisions"}],"wp:featuredmedia":[{"embeddable":true,"href":"https:\/\/now-news.de\/de\/wp-json\/wp\/v2\/media\/109684"}],"wp:attachment":[{"href":"https:\/\/now-news.de\/de\/wp-json\/wp\/v2\/media?parent=109683"}],"wp:term":[{"taxonomy":"category","embeddable":true,"href":"https:\/\/now-news.de\/de\/wp-json\/wp\/v2\/categories?post=109683"},{"taxonomy":"post_tag","embeddable":true,"href":"https:\/\/now-news.de\/de\/wp-json\/wp\/v2\/tags?post=109683"}],"curies":[{"name":"wp","href":"https:\/\/api.w.org\/{rel}","templated":true}]}}