{"id":109677,"date":"2026-08-31T18:24:08","date_gmt":"2026-08-31T16:24:08","guid":{"rendered":"https:\/\/now-news.de\/de\/deutschland\/islamisierung-oesterreich-zieht-die-notbremse\/"},"modified":"2026-08-31T18:24:08","modified_gmt":"2026-08-31T16:24:08","slug":"islamisierung-oesterreich-zieht-die-notbremse","status":"publish","type":"post","link":"https:\/\/now-news.de\/de\/deutschland\/islamisierung-oesterreich-zieht-die-notbremse\/","title":{"rendered":"Islamisierung: \u00d6sterreich zieht die Notbremse"},"content":{"rendered":"<p><img decoding=\"async\" src=\"https:\/\/now-news.de\/de\/wp-content\/uploads\/sites\/3\/2026\/08\/6a954b4248fbef612d264058.png\" \/><\/p>\n<div class=\"Text-root Text-type_1 \">\n                \u00d6sterreich diskutiert \u00fcber die Folgen jahrelanger Fehler bei Migration und Integration. Die Regierung Stocker verspricht nun ein Verbot des politischen Islam, nachdem die \u00d6VP entsprechende Forderungen der FP\u00d6 immer wieder abgelehnt hatte. Kickl spricht deshalb von einem &#8220;substanzlosen PR-Sager&#8221;. Die FP\u00d6 verlangt Taten statt neuer Ank\u00fcndigungen.\n            <\/div>\n<p><\/p>\n<div class=\"Text-root Text-type_5 ArticleView-text ViewText-root \">\n<p>\u00d6sterreich will h\u00e4rter gegen den politischen Islam vorgehen \u2013 zumindest auf dem Papier. Integrationsministerin Claudia Bauer (\u00d6VP) k\u00fcndigt ein Verbot sowie strengere Regeln f\u00fcr Vereine und Religionsgemeinschaften an. Auch das Vereins- und Kultusrecht soll ge\u00e4ndert werden. Der Vorsto\u00df muss allerdings erst mit SP\u00d6 und NEOS abgestimmt werden. Die FP\u00d6 h\u00e4lt die Ank\u00fcndigung deshalb f\u00fcr wenig mehr als politische Inszenierung und spricht von einem &#8220;substanzlosen PR-Sager&#8221;.<\/p>\n<p>Bauer versucht derweil, Entschlossenheit zu demonstrieren.<\/p>\n<blockquote>\n<p>&#8220;<em>Wir werden den Politischen Islam und seine Organisationen in \u00d6sterreich und Europa mit allen Mitteln bek\u00e4mpfen&#8221;, so die Ministerin.<\/em><\/p>\n<\/blockquote>\n<p>Der radikale Islam sei &#8220;die gr\u00f6\u00dfte Gefahr unserer Zeit&#8221; f\u00fcr die westliche Demokratie, die Freiheit von M\u00e4dchen und Frauen und f\u00fcr Menschen, die ihre Religion friedlich und frei leben wollten.<\/p>\n<p>Was davon tats\u00e4chlich umgesetzt wird, bleibt allerdings offen. Bauer k\u00fcndigt nicht nur ein neues Gesetz an, sondern gleich mehrere \u00c4nderungen im Vereins- und Kultusrecht. Vereine und Organisationen, die dem politischen Islam zugerechnet werden, sollen st\u00e4rker kontrolliert und gegebenenfalls verboten werden k\u00f6nnen. Konkrete Details dazu fehlen bislang ebenso wie ein fertiger Gesetzestext.<\/p>\n<p>Genau hier setzt die Kritik der FP\u00d6 an. Statt gro\u00dfer Ank\u00fcndigungen brauche es konkrete Ma\u00dfnahmen, lautet der Vorwurf der Freiheitlichen. Die \u00d6VP habe beim politischen Islam bereits mehrfach H\u00e4rte angek\u00fcndigt, w\u00e4hrend sich an den tats\u00e4chlichen Problemen wenig ge\u00e4ndert habe. F\u00fcr die FP\u00d6 ist Bauers Vorsto\u00df daher vor allem eines: viel politische Rhetorik, aber noch kein belastbares Konzept.<\/p>\n<p>\u00d6sterreichs Sicherheitsbeh\u00f6rden beobachten islamistische Netzwerke seit Jahren. Dabei geht es nicht nur um Gruppen, die offen Gewalt bef\u00fcrworten. Der Verfassungsschutz besch\u00e4ftigt sich auch mit dem sogenannten legalistischen Islamismus. Gemeint sind Bewegungen, die innerhalb der bestehenden Rechtsordnung agieren, zugleich aber langfristig mehr politischen und gesellschaftlichen Einfluss gewinnen wollen.<\/p>\n<p>Dass dieses Thema an Bedeutung gewonnen hat, liegt auch an den gesellschaftlichen Ver\u00e4nderungen der vergangenen Jahrzehnte. Der Anteil der muslimischen Bev\u00f6lkerung in \u00d6sterreich ist deutlich gestiegen. Damit haben auch die Debatten \u00fcber Integration, Parallelgesellschaften und den Einfluss religi\u00f6ser Organisationen an Sch\u00e4rfe gewonnen.<\/p>\n<p>Dabei gilt eine wichtige Unterscheidung: Nicht jeder Muslim ist Islamist. Die gro\u00dfe Mehrheit der Muslime in \u00d6sterreich lebt friedlich und h\u00e4lt sich an die \u00f6sterreichischen Gesetze. Nach den Aussagen der Regierung soll sich das geplante Vorgehen deshalb ausdr\u00fccklich gegen politische und extremistische Strukturen richten \u2013 und nicht gegen eine Religionsgemeinschaft als solche.<\/p>\n<p>Bundeskanzler Christian Stocker hat sich wiederholt f\u00fcr ein Verbot des politischen Islam ausgesprochen. Nach seinen Vorstellungen k\u00f6nnte ein solches Verbot sogar in der Verfassung verankert werden. Stocker verbindet die Debatte dabei auch mit den Problemen, die \u00d6sterreich bei Migration und Integration hat.<\/p>\n<p>Nach Ansicht des Kanzlers akzeptiere die gro\u00dfe Mehrheit der Zugewanderten die Regeln und wolle Teil der \u00f6sterreichischen Gesellschaft sein. Wo dies nicht der Fall sei, m\u00fcsse der Staat konsequent eingreifen. Die FP\u00d6 bezweifelt allerdings, dass die \u00d6VP ihren Worten auch tats\u00e4chlich Taten folgen l\u00e4sst.<\/p>\n<p>Unterst\u00fctzung f\u00fcr einen h\u00e4rteren Kurs kommt auch aus den Sicherheitsbeh\u00f6rden. Die Chefin der Direktion Staatsschutz und Nachrichtendienst (DSN), Sylvia Mayer, hat sich f\u00fcr ein entschlosseneres Vorgehen gegen legalistische islamistische Strukturen ausgesprochen. Der Staat m\u00fcsse auf mehreren Ebenen gegen solche Netzwerke vorgehen. Auch die Bev\u00f6lkerung m\u00fcsse besser \u00fcber deren Ziele und Methoden informiert werden.<\/p>\n<p>Politisch d\u00fcrfte der Weg zu einem neuen Verbotsgesetz allerdings schwieriger werden. SP\u00d6 und NEOS wollen zun\u00e4chst genau wissen, wie ein solches Gesetz aussehen soll. NEOS-Klubobmann Yannick Shetty fordert eine klare Definition. Ein Verbot m\u00fcsse so formuliert sein, dass es auch vor dem Verfassungsgerichtshof Bestand habe.<\/p>\n<p>Und das ist keineswegs eine Formalit\u00e4t. \u00d6sterreichs Verfassungsgerichtshof hatte bereits 2020 ein Kopftuchverbot f\u00fcr Volkssch\u00fclerinnen aufgehoben. Die damalige Regelung war den H\u00f6chstrichtern zufolge nicht ausreichend neutral ausgestaltet. Ein neues Gesetz m\u00fcsste deshalb sehr genau festlegen, welche Organisationen und Aktivit\u00e4ten tats\u00e4chlich unter ein Verbot fallen.<\/p>\n<p>Die FP\u00d6 glaubt der \u00d6VP ihre pl\u00f6tzlich entdeckte H\u00e4rte nicht. Parteichef Herbert Kickl erinnert daran, dass die Volkspartei freiheitliche Antr\u00e4ge gegen den politischen Islam in der Vergangenheit mehrfach abgelehnt habe.<\/p>\n<p>F\u00fcr Kickl tr\u00e4gt die \u00d6VP damit selbst Verantwortung daf\u00fcr, dass es bis heute kein entsprechendes Verbotsgesetz gibt. Stockers neue Ank\u00fcndigung bezeichnet er als &#8220;substanzlosen PR-Sager&#8221;.<\/p>\n<p>Die Kritik der Freiheitlichen zielt damit auf einen entscheidenden Punkt: Ank\u00fcndigungen allein reichen nicht. Die \u00d6VP muss nun gemeinsam mit SP\u00d6 und NEOS einen konkreten Gesetzestext vorlegen, der nicht nur politisch eine Mehrheit findet, sondern auch juristisch Bestand hat.<\/p>\n<\/p>\n<p><strong>Kopftuchverbot startet im September<\/strong><\/p>\n<p>Am 7. September beginnt in \u00d6sterreich das neue Schuljahr. Dann tritt das Kopftuchverbot f\u00fcr M\u00e4dchen unter 14 Jahren in Kraft.<\/p>\n<p>Gegen das Gesetz formiert sich bereits Widerstand. Im Internet werden Eltern und Sch\u00fclerinnen mit Tipps versorgt, wie sich die Regelung umgehen l\u00e4sst. F\u00fcr September sind zudem Boykott-Seminare angek\u00fcndigt, au\u00dferdem wurde zu einem Schulstreik aufgerufen.<\/p>\n<p>Nieder\u00f6sterreichs Landeshauptfrau Johanna Mikl-Leitner (\u00d6VP) sieht darin eine bewusste Provokation des Rechtsstaates und fordert h\u00f6here Strafen. Derzeit k\u00f6nnen Verst\u00f6\u00dfe mit bis zu 800 Euro geahndet werden. Mikl-Leitner will die H\u00f6chststrafe auf 2.500 Euro erh\u00f6hen.<\/p>\n<p>F\u00fcr die Schulen bedeutet die neue Regelung zus\u00e4tzlichen Aufwand. Bildungslandesr\u00e4tin Christiane Teschl-Hofmeister verspricht den Lehrern Unterst\u00fctzung und klare Vorgaben.<\/p>\n<p>Die Regierung k\u00fcndigt einen h\u00e4rteren Kurs bei Migration, Religion und Integration an. Die FP\u00d6 bezweifelt jedoch, dass daraus mehr als Ank\u00fcndigungen werden. Nun muss die \u00d6VP zeigen, ob sie ihre Versprechen tats\u00e4chlich umsetzt.<\/p>\n<p><strong>Mehr zum Thema<\/strong>\u00a0\u2012\u00a0<a rel=\"nofollow\" target=\"_blank\" href=\"https:\/\/de-rtnews.com\/oesterreich\/287095-oesterreich-plant-neun-monate-wehrdienst-ab-2027\/\">\u00d6sterreich plant neun Monate Wehrdienst ab 2027: Finanzierung unklar, FP\u00d6 lehnt ab<\/a><\/p>\n<div class=\"EmbedBlock-root EmbedBlock-externalVideo EmbedBlock-rumble\">\n<div class=\"VkEmbed\"><iframe class=\"lazyload\" data-src=\"https:\/\/rumble.com\/embed\/v7cmxm4\" frameborder=\"0\" width=\"853\" height=\"480\" allowfullscreen><\/iframe><\/div>\n<\/div>\n<\/div>\n<p><br \/>\n<br \/><a href=\"https:\/\/de.rt.com\/oesterreich\/290214-oesterreich-zieht-notbremse-gegen-islamisierung\/\">Source link <\/a><\/p>\n","protected":false},"excerpt":{"rendered":"<p>\u00d6sterreich diskutiert \u00fcber die Folgen jahrelanger Fehler bei Migration und Integration. Die Regierung Stocker verspricht nun ein Verbot des politischen Islam, nachdem die \u00d6VP entsprechende Forderungen der FP\u00d6 immer wieder abgelehnt hatte. Kickl spricht deshalb von einem &#8220;substanzlosen PR-Sager&#8221;. Die FP\u00d6 verlangt Taten statt neuer Ank\u00fcndigungen. \u00d6sterreich will h\u00e4rter gegen den politischen Islam vorgehen \u2013 [&hellip;]<\/p>\n","protected":false},"author":3,"featured_media":109678,"comment_status":"open","ping_status":"open","sticky":false,"template":"","format":"standard","meta":{"wp_automatic_camp":["217"],"4f6d5337c21d7c0f8b7b49c3cef3133f":["Islamisierung: \u00d6sterreich zieht die Notbremse"],"original_link":["https:\/\/de.rt.com\/oesterreich\/290214-oesterreich-zieht-notbremse-gegen-islamisierung\/"],"_thumbnail_id":["109678"],"jnews_social_counter_last_update":["1788201564"],"_wptgpro_p2tg_sent2tg":["a:1:{i:23737;s:19:\"2026-08-31 18:39:28\";}"]},"categories":[19,23],"tags":[45,75931,75932,7290,20511],"class_list":["post-109677","post","type-post","status-publish","format-standard","has-post-thumbnail","hentry","category-deutschland","category-russland","tag-die","tag-islamisierung","tag-notbremse","tag-oesterreich","tag-zieht"],"yoast_head":"<!-- This site is optimized with the Yoast SEO Premium plugin v22.7 (Yoast SEO v28.2) - https:\/\/yoast.com\/product\/yoast-seo-premium-wordpress\/ -->\n<title>Islamisierung: \u00d6sterreich zieht die Notbremse - just-now.NEWS Deutschland<\/title>\n<meta name=\"robots\" content=\"index, follow, max-snippet:-1, max-image-preview:large, max-video-preview:-1\" \/>\n<link rel=\"canonical\" href=\"https:\/\/now-news.de\/de\/deutschland\/islamisierung-oesterreich-zieht-die-notbremse\/\" \/>\n<meta property=\"og:locale\" content=\"de_DE\" \/>\n<meta property=\"og:type\" content=\"article\" \/>\n<meta property=\"og:title\" content=\"Islamisierung: \u00d6sterreich zieht die Notbremse\" \/>\n<meta property=\"og:description\" content=\"\u00d6sterreich diskutiert \u00fcber die Folgen jahrelanger Fehler bei Migration und Integration. Die Regierung Stocker verspricht nun ein Verbot des politischen Islam, nachdem die \u00d6VP entsprechende Forderungen der FP\u00d6 immer wieder abgelehnt hatte. Kickl spricht deshalb von einem &#8220;substanzlosen PR-Sager&#8221;. Die FP\u00d6 verlangt Taten statt neuer Ank\u00fcndigungen. \u00d6sterreich will h\u00e4rter gegen den politischen Islam vorgehen \u2013 [&hellip;]\" \/>\n<meta property=\"og:url\" content=\"https:\/\/now-news.de\/de\/deutschland\/islamisierung-oesterreich-zieht-die-notbremse\/\" \/>\n<meta property=\"og:site_name\" content=\"just-now.NEWS Deutschland\" \/>\n<meta property=\"article:publisher\" content=\"https:\/\/www.facebook.com\/wirmachenauf\" \/>\n<meta property=\"article:published_time\" content=\"2026-08-31T16:24:08+00:00\" \/>\n<meta property=\"og:image\" content=\"https:\/\/now-news.de\/de\/wp-content\/uploads\/sites\/3\/2026\/08\/6a954b4248fbef612d264058.png\" \/>\n<meta name=\"author\" content=\"rtnews\" \/>\n<meta name=\"twitter:card\" content=\"summary_large_image\" \/>\n<meta name=\"twitter:creator\" content=\"@WirMachenAuf_de\" \/>\n<meta name=\"twitter:site\" content=\"@WirMachenAuf_de\" \/>\n<meta name=\"twitter:label1\" content=\"Verfasst von\" \/>\n\t<meta name=\"twitter:data1\" content=\"rtnews\" \/>\n\t<meta name=\"twitter:label2\" content=\"Gesch\u00e4tzte Lesezeit\" \/>\n\t<meta name=\"twitter:data2\" content=\"5\u00a0Minuten\" \/>\n<script type=\"application\/ld+json\" class=\"yoast-schema-graph\">{\"@context\":\"https:\\\/\\\/schema.org\",\"@graph\":[{\"@type\":\"Article\",\"@id\":\"https:\\\/\\\/now-news.de\\\/de\\\/deutschland\\\/islamisierung-oesterreich-zieht-die-notbremse\\\/#article\",\"isPartOf\":{\"@id\":\"https:\\\/\\\/now-news.de\\\/de\\\/deutschland\\\/islamisierung-oesterreich-zieht-die-notbremse\\\/\"},\"author\":{\"name\":\"rtnews\",\"@id\":\"https:\\\/\\\/now-news.de\\\/de\\\/#\\\/schema\\\/person\\\/fb534a4e865501d8b3285208df34a9b5\"},\"headline\":\"Islamisierung: \u00d6sterreich zieht die Notbremse\",\"datePublished\":\"2026-08-31T16:24:08+00:00\",\"mainEntityOfPage\":{\"@id\":\"https:\\\/\\\/now-news.de\\\/de\\\/deutschland\\\/islamisierung-oesterreich-zieht-die-notbremse\\\/\"},\"wordCount\":985,\"commentCount\":0,\"publisher\":{\"@id\":\"https:\\\/\\\/now-news.de\\\/de\\\/#organization\"},\"image\":{\"@id\":\"https:\\\/\\\/now-news.de\\\/de\\\/deutschland\\\/islamisierung-oesterreich-zieht-die-notbremse\\\/#primaryimage\"},\"thumbnailUrl\":\"https:\\\/\\\/now-news.de\\\/de\\\/wp-content\\\/uploads\\\/sites\\\/3\\\/2026\\\/08\\\/Islamisierung-Oesterreich-zieht-die-Notbremse.png\",\"keywords\":[\"die\",\"Islamisierung\",\"Notbremse\",\"\u00d6sterreich\",\"zieht\"],\"articleSection\":[\"Deutschland\",\"Russland\"],\"inLanguage\":\"de\",\"potentialAction\":[{\"@type\":\"CommentAction\",\"name\":\"Comment\",\"target\":[\"https:\\\/\\\/now-news.de\\\/de\\\/deutschland\\\/islamisierung-oesterreich-zieht-die-notbremse\\\/#respond\"]}]},{\"@type\":\"WebPage\",\"@id\":\"https:\\\/\\\/now-news.de\\\/de\\\/deutschland\\\/islamisierung-oesterreich-zieht-die-notbremse\\\/\",\"url\":\"https:\\\/\\\/now-news.de\\\/de\\\/deutschland\\\/islamisierung-oesterreich-zieht-die-notbremse\\\/\",\"name\":\"Islamisierung: \u00d6sterreich zieht die Notbremse - just-now.NEWS Deutschland\",\"isPartOf\":{\"@id\":\"https:\\\/\\\/now-news.de\\\/de\\\/#website\"},\"primaryImageOfPage\":{\"@id\":\"https:\\\/\\\/now-news.de\\\/de\\\/deutschland\\\/islamisierung-oesterreich-zieht-die-notbremse\\\/#primaryimage\"},\"image\":{\"@id\":\"https:\\\/\\\/now-news.de\\\/de\\\/deutschland\\\/islamisierung-oesterreich-zieht-die-notbremse\\\/#primaryimage\"},\"thumbnailUrl\":\"https:\\\/\\\/now-news.de\\\/de\\\/wp-content\\\/uploads\\\/sites\\\/3\\\/2026\\\/08\\\/Islamisierung-Oesterreich-zieht-die-Notbremse.png\",\"datePublished\":\"2026-08-31T16:24:08+00:00\",\"breadcrumb\":{\"@id\":\"https:\\\/\\\/now-news.de\\\/de\\\/deutschland\\\/islamisierung-oesterreich-zieht-die-notbremse\\\/#breadcrumb\"},\"inLanguage\":\"de\",\"potentialAction\":[{\"@type\":\"ReadAction\",\"target\":[\"https:\\\/\\\/now-news.de\\\/de\\\/deutschland\\\/islamisierung-oesterreich-zieht-die-notbremse\\\/\"]}]},{\"@type\":\"ImageObject\",\"inLanguage\":\"de\",\"@id\":\"https:\\\/\\\/now-news.de\\\/de\\\/deutschland\\\/islamisierung-oesterreich-zieht-die-notbremse\\\/#primaryimage\",\"url\":\"https:\\\/\\\/now-news.de\\\/de\\\/wp-content\\\/uploads\\\/sites\\\/3\\\/2026\\\/08\\\/Islamisierung-Oesterreich-zieht-die-Notbremse.png\",\"contentUrl\":\"https:\\\/\\\/now-news.de\\\/de\\\/wp-content\\\/uploads\\\/sites\\\/3\\\/2026\\\/08\\\/Islamisierung-Oesterreich-zieht-die-Notbremse.png\",\"width\":460,\"height\":259,\"caption\":\"Islamisierung: \u00d6sterreich zieht die Notbremse\"},{\"@type\":\"BreadcrumbList\",\"@id\":\"https:\\\/\\\/now-news.de\\\/de\\\/deutschland\\\/islamisierung-oesterreich-zieht-die-notbremse\\\/#breadcrumb\",\"itemListElement\":[{\"@type\":\"ListItem\",\"position\":1,\"name\":\"Home\",\"item\":\"https:\\\/\\\/now-news.de\\\/de\\\/\"},{\"@type\":\"ListItem\",\"position\":2,\"name\":\"Islamisierung: \u00d6sterreich zieht die Notbremse\"}]},{\"@type\":\"WebSite\",\"@id\":\"https:\\\/\\\/now-news.de\\\/de\\\/#website\",\"url\":\"https:\\\/\\\/now-news.de\\\/de\\\/\",\"name\":\"just-now.NEWS Deutschland\",\"description\":\"Das Portal f\u00fcr unzensierte Nachrichten aus der Welt\",\"publisher\":{\"@id\":\"https:\\\/\\\/now-news.de\\\/de\\\/#organization\"},\"potentialAction\":[{\"@type\":\"SearchAction\",\"target\":{\"@type\":\"EntryPoint\",\"urlTemplate\":\"https:\\\/\\\/now-news.de\\\/de\\\/?s={search_term_string}\"},\"query-input\":{\"@type\":\"PropertyValueSpecification\",\"valueRequired\":true,\"valueName\":\"search_term_string\"}}],\"inLanguage\":\"de\"},{\"@type\":\"Organization\",\"@id\":\"https:\\\/\\\/now-news.de\\\/de\\\/#organization\",\"name\":\"Just Now News\",\"url\":\"https:\\\/\\\/now-news.de\\\/de\\\/\",\"logo\":{\"@type\":\"ImageObject\",\"inLanguage\":\"de\",\"@id\":\"https:\\\/\\\/now-news.de\\\/de\\\/#\\\/schema\\\/logo\\\/image\\\/\",\"url\":\"http:\\\/\\\/just-now.news\\\/de\\\/wp-content\\\/uploads\\\/sites\\\/3\\\/2022\\\/04\\\/logo500x500.jpg\",\"contentUrl\":\"http:\\\/\\\/just-now.news\\\/de\\\/wp-content\\\/uploads\\\/sites\\\/3\\\/2022\\\/04\\\/logo500x500.jpg\",\"width\":500,\"height\":500,\"caption\":\"Just Now News\"},\"image\":{\"@id\":\"https:\\\/\\\/now-news.de\\\/de\\\/#\\\/schema\\\/logo\\\/image\\\/\"},\"sameAs\":[\"https:\\\/\\\/www.facebook.com\\\/wirmachenauf\",\"https:\\\/\\\/x.com\\\/WirMachenAuf_de\"]},{\"@type\":\"Person\",\"@id\":\"https:\\\/\\\/now-news.de\\\/de\\\/#\\\/schema\\\/person\\\/fb534a4e865501d8b3285208df34a9b5\",\"name\":\"rtnews\",\"image\":{\"@type\":\"ImageObject\",\"inLanguage\":\"de\",\"@id\":\"https:\\\/\\\/secure.gravatar.com\\\/avatar\\\/358fe31b3ab5769fea05376e1953329834cd9912cf9daf607e2af3076a1b982b?s=96&d=mm&r=g\",\"url\":\"https:\\\/\\\/secure.gravatar.com\\\/avatar\\\/358fe31b3ab5769fea05376e1953329834cd9912cf9daf607e2af3076a1b982b?s=96&d=mm&r=g\",\"contentUrl\":\"https:\\\/\\\/secure.gravatar.com\\\/avatar\\\/358fe31b3ab5769fea05376e1953329834cd9912cf9daf607e2af3076a1b982b?s=96&d=mm&r=g\",\"caption\":\"rtnews\"},\"url\":\"https:\\\/\\\/now-news.de\\\/de\\\/author\\\/rnews\\\/\"}]}<\/script>\n<!-- \/ Yoast SEO Premium plugin. -->","yoast_head_json":{"title":"Islamisierung: \u00d6sterreich zieht die Notbremse - just-now.NEWS Deutschland","robots":{"index":"index","follow":"follow","max-snippet":"max-snippet:-1","max-image-preview":"max-image-preview:large","max-video-preview":"max-video-preview:-1"},"canonical":"https:\/\/now-news.de\/de\/deutschland\/islamisierung-oesterreich-zieht-die-notbremse\/","og_locale":"de_DE","og_type":"article","og_title":"Islamisierung: \u00d6sterreich zieht die Notbremse","og_description":"\u00d6sterreich diskutiert \u00fcber die Folgen jahrelanger Fehler bei Migration und Integration. Die Regierung Stocker verspricht nun ein Verbot des politischen Islam, nachdem die \u00d6VP entsprechende Forderungen der FP\u00d6 immer wieder abgelehnt hatte. Kickl spricht deshalb von einem &#8220;substanzlosen PR-Sager&#8221;. Die FP\u00d6 verlangt Taten statt neuer Ank\u00fcndigungen. \u00d6sterreich will h\u00e4rter gegen den politischen Islam vorgehen \u2013 [&hellip;]","og_url":"https:\/\/now-news.de\/de\/deutschland\/islamisierung-oesterreich-zieht-die-notbremse\/","og_site_name":"just-now.NEWS Deutschland","article_publisher":"https:\/\/www.facebook.com\/wirmachenauf","article_published_time":"2026-08-31T16:24:08+00:00","og_image":[{"url":"https:\/\/now-news.de\/de\/wp-content\/uploads\/sites\/3\/2026\/08\/6a954b4248fbef612d264058.png","type":"","width":"","height":""}],"author":"rtnews","twitter_card":"summary_large_image","twitter_creator":"@WirMachenAuf_de","twitter_site":"@WirMachenAuf_de","twitter_misc":{"Verfasst von":"rtnews","Gesch\u00e4tzte Lesezeit":"5\u00a0Minuten"},"schema":{"@context":"https:\/\/schema.org","@graph":[{"@type":"Article","@id":"https:\/\/now-news.de\/de\/deutschland\/islamisierung-oesterreich-zieht-die-notbremse\/#article","isPartOf":{"@id":"https:\/\/now-news.de\/de\/deutschland\/islamisierung-oesterreich-zieht-die-notbremse\/"},"author":{"name":"rtnews","@id":"https:\/\/now-news.de\/de\/#\/schema\/person\/fb534a4e865501d8b3285208df34a9b5"},"headline":"Islamisierung: \u00d6sterreich zieht die Notbremse","datePublished":"2026-08-31T16:24:08+00:00","mainEntityOfPage":{"@id":"https:\/\/now-news.de\/de\/deutschland\/islamisierung-oesterreich-zieht-die-notbremse\/"},"wordCount":985,"commentCount":0,"publisher":{"@id":"https:\/\/now-news.de\/de\/#organization"},"image":{"@id":"https:\/\/now-news.de\/de\/deutschland\/islamisierung-oesterreich-zieht-die-notbremse\/#primaryimage"},"thumbnailUrl":"https:\/\/now-news.de\/de\/wp-content\/uploads\/sites\/3\/2026\/08\/Islamisierung-Oesterreich-zieht-die-Notbremse.png","keywords":["die","Islamisierung","Notbremse","\u00d6sterreich","zieht"],"articleSection":["Deutschland","Russland"],"inLanguage":"de","potentialAction":[{"@type":"CommentAction","name":"Comment","target":["https:\/\/now-news.de\/de\/deutschland\/islamisierung-oesterreich-zieht-die-notbremse\/#respond"]}]},{"@type":"WebPage","@id":"https:\/\/now-news.de\/de\/deutschland\/islamisierung-oesterreich-zieht-die-notbremse\/","url":"https:\/\/now-news.de\/de\/deutschland\/islamisierung-oesterreich-zieht-die-notbremse\/","name":"Islamisierung: \u00d6sterreich zieht die Notbremse - just-now.NEWS Deutschland","isPartOf":{"@id":"https:\/\/now-news.de\/de\/#website"},"primaryImageOfPage":{"@id":"https:\/\/now-news.de\/de\/deutschland\/islamisierung-oesterreich-zieht-die-notbremse\/#primaryimage"},"image":{"@id":"https:\/\/now-news.de\/de\/deutschland\/islamisierung-oesterreich-zieht-die-notbremse\/#primaryimage"},"thumbnailUrl":"https:\/\/now-news.de\/de\/wp-content\/uploads\/sites\/3\/2026\/08\/Islamisierung-Oesterreich-zieht-die-Notbremse.png","datePublished":"2026-08-31T16:24:08+00:00","breadcrumb":{"@id":"https:\/\/now-news.de\/de\/deutschland\/islamisierung-oesterreich-zieht-die-notbremse\/#breadcrumb"},"inLanguage":"de","potentialAction":[{"@type":"ReadAction","target":["https:\/\/now-news.de\/de\/deutschland\/islamisierung-oesterreich-zieht-die-notbremse\/"]}]},{"@type":"ImageObject","inLanguage":"de","@id":"https:\/\/now-news.de\/de\/deutschland\/islamisierung-oesterreich-zieht-die-notbremse\/#primaryimage","url":"https:\/\/now-news.de\/de\/wp-content\/uploads\/sites\/3\/2026\/08\/Islamisierung-Oesterreich-zieht-die-Notbremse.png","contentUrl":"https:\/\/now-news.de\/de\/wp-content\/uploads\/sites\/3\/2026\/08\/Islamisierung-Oesterreich-zieht-die-Notbremse.png","width":460,"height":259,"caption":"Islamisierung: \u00d6sterreich zieht die Notbremse"},{"@type":"BreadcrumbList","@id":"https:\/\/now-news.de\/de\/deutschland\/islamisierung-oesterreich-zieht-die-notbremse\/#breadcrumb","itemListElement":[{"@type":"ListItem","position":1,"name":"Home","item":"https:\/\/now-news.de\/de\/"},{"@type":"ListItem","position":2,"name":"Islamisierung: \u00d6sterreich zieht die Notbremse"}]},{"@type":"WebSite","@id":"https:\/\/now-news.de\/de\/#website","url":"https:\/\/now-news.de\/de\/","name":"just-now.NEWS Deutschland","description":"Das Portal f\u00fcr unzensierte Nachrichten aus der Welt","publisher":{"@id":"https:\/\/now-news.de\/de\/#organization"},"potentialAction":[{"@type":"SearchAction","target":{"@type":"EntryPoint","urlTemplate":"https:\/\/now-news.de\/de\/?s={search_term_string}"},"query-input":{"@type":"PropertyValueSpecification","valueRequired":true,"valueName":"search_term_string"}}],"inLanguage":"de"},{"@type":"Organization","@id":"https:\/\/now-news.de\/de\/#organization","name":"Just Now News","url":"https:\/\/now-news.de\/de\/","logo":{"@type":"ImageObject","inLanguage":"de","@id":"https:\/\/now-news.de\/de\/#\/schema\/logo\/image\/","url":"http:\/\/just-now.news\/de\/wp-content\/uploads\/sites\/3\/2022\/04\/logo500x500.jpg","contentUrl":"http:\/\/just-now.news\/de\/wp-content\/uploads\/sites\/3\/2022\/04\/logo500x500.jpg","width":500,"height":500,"caption":"Just Now News"},"image":{"@id":"https:\/\/now-news.de\/de\/#\/schema\/logo\/image\/"},"sameAs":["https:\/\/www.facebook.com\/wirmachenauf","https:\/\/x.com\/WirMachenAuf_de"]},{"@type":"Person","@id":"https:\/\/now-news.de\/de\/#\/schema\/person\/fb534a4e865501d8b3285208df34a9b5","name":"rtnews","image":{"@type":"ImageObject","inLanguage":"de","@id":"https:\/\/secure.gravatar.com\/avatar\/358fe31b3ab5769fea05376e1953329834cd9912cf9daf607e2af3076a1b982b?s=96&d=mm&r=g","url":"https:\/\/secure.gravatar.com\/avatar\/358fe31b3ab5769fea05376e1953329834cd9912cf9daf607e2af3076a1b982b?s=96&d=mm&r=g","contentUrl":"https:\/\/secure.gravatar.com\/avatar\/358fe31b3ab5769fea05376e1953329834cd9912cf9daf607e2af3076a1b982b?s=96&d=mm&r=g","caption":"rtnews"},"url":"https:\/\/now-news.de\/de\/author\/rnews\/"}]}},"_links":{"self":[{"href":"https:\/\/now-news.de\/de\/wp-json\/wp\/v2\/posts\/109677","targetHints":{"allow":["GET"]}}],"collection":[{"href":"https:\/\/now-news.de\/de\/wp-json\/wp\/v2\/posts"}],"about":[{"href":"https:\/\/now-news.de\/de\/wp-json\/wp\/v2\/types\/post"}],"author":[{"embeddable":true,"href":"https:\/\/now-news.de\/de\/wp-json\/wp\/v2\/users\/3"}],"replies":[{"embeddable":true,"href":"https:\/\/now-news.de\/de\/wp-json\/wp\/v2\/comments?post=109677"}],"version-history":[{"count":0,"href":"https:\/\/now-news.de\/de\/wp-json\/wp\/v2\/posts\/109677\/revisions"}],"wp:featuredmedia":[{"embeddable":true,"href":"https:\/\/now-news.de\/de\/wp-json\/wp\/v2\/media\/109678"}],"wp:attachment":[{"href":"https:\/\/now-news.de\/de\/wp-json\/wp\/v2\/media?parent=109677"}],"wp:term":[{"taxonomy":"category","embeddable":true,"href":"https:\/\/now-news.de\/de\/wp-json\/wp\/v2\/categories?post=109677"},{"taxonomy":"post_tag","embeddable":true,"href":"https:\/\/now-news.de\/de\/wp-json\/wp\/v2\/tags?post=109677"}],"curies":[{"name":"wp","href":"https:\/\/api.w.org\/{rel}","templated":true}]}}