{"id":109672,"date":"2026-08-31T16:00:00","date_gmt":"2026-08-31T14:00:00","guid":{"rendered":"https:\/\/now-news.de\/de\/deutschland\/wahnsinns-ticker-muenchen-viktorianisch-pappmache-figuren-zeigten-zu-viel-haut\/"},"modified":"2026-08-31T16:00:00","modified_gmt":"2026-08-31T14:00:00","slug":"wahnsinns-ticker-muenchen-viktorianisch-pappmache-figuren-zeigten-zu-viel-haut","status":"publish","type":"post","link":"https:\/\/now-news.de\/de\/deutschland\/wahnsinns-ticker-muenchen-viktorianisch-pappmache-figuren-zeigten-zu-viel-haut\/","title":{"rendered":"Wahnsinns-Ticker \u2013 M\u00fcnchen viktorianisch: Pappmach\u00e9-Figuren zeigten zu viel Haut"},"content":{"rendered":"<div class=\"Text-root Text-type_1 \">\n                &#8220;Sch\u00f6ne neue Welt&#8221; oder einfach nur der normale Irrsinn? T\u00e4glich ist man als Medienkonsument mit Meldungen aus allen m\u00f6glichen Themenbereichen konfrontiert, die man vor wenigen Jahren noch als Satire verbucht h\u00e4tte. Wir pr\u00e4sentieren hier in loser Folge eine kleine Auswahl aktueller F\u00e4lle.\n            <\/div>\n<p><\/p>\n<div class=\"ArticleView-liveUpdates\">\n<div class=\"LiveUpdates-root\">\n<div class=\"LiveUpdates-content\">\n<ul class=\"LiveUpdates-list Listing-root\" data-listing=\"LiveUpdates\" data-count=\"10\">\n<li class=\"LiveUpdates-item Listing-item\">\n<div class=\"LiveUpdates-date\">\n<p class=\"HeaderNews-root HeaderNews-type_2 \">\n                31.08.2026 16:00 Uhr\n            <\/p>\n<\/div>\n<div class=\"LiveUpdate-root\">\n<div class=\"LiveUpdate-date\">\n<p class=\"HeaderNews-root HeaderNews-type_6 \">\n                16:00 Uhr\n            <\/p>\n<\/div>\n<div class=\"LiveUpdate-content\">\n<div class=\"LiveUpdate-text\">\n<div class=\"Text-root Text-type_5 ViewText-root\">\n<p><strong>Verh\u00fcllung von Wiesn-Figuren der Stadt M\u00fcnchen nun doch peinlich<\/strong><\/p>\n<p>Die Gleichstellungsstelle der Stadt M\u00fcnchen hatte schon im vergangenen Herbst die Inhaberin des Volksfest-Fahrgesch\u00e4fts &#8220;Teufelsrad&#8221; angeschrieben und ihr erkl\u00e4rt, sie m\u00fcsse f\u00fcr ihre Bewerbung f\u00fcr das Oktoberfest 2026 die Figuren, die f\u00fcr das Gesch\u00e4ft werben, umgestalten\u00a0\u2013 bei den vier dargestellten Frauen seien die Ausschnitte zu tief und dass die dargestellte Hawaiianerin keine Schuhe trage, sei diskriminierend. Elisabeth Polaczy (80) lie\u00df daraufhin die Figuren umgestalten\u00a0\u2013 die tiefen Ausschnitte wurden durch Blusen verdeckt, die Hawaiianerin tr\u00e4gt jetzt ein Kleid und Schuhe.<\/p>\n<p>Nun d\u00fcrfte auf der Wiesn kein Mann darauf angewiesen sein, einer Pappmach\u00e9figur in den Ausschnitt zu schauen\u00a0\u2013 das Angebot an lebenden Exemplaren ist reichlich und noch gibt es kein Verbot tiefer Ausschnitte f\u00fcr Wiesn-Besucherinnen. Aber jetzt, da die Umgestaltung der Figuren bekannt wurde, ist sie der M\u00fcnchner Politik doch irgendwie peinlich. Nicht nur, dass die CSU-Stadtr\u00e4te das ein &#8220;Prosit der Pr\u00fcderie&#8221; nannten; selbst die gr\u00fcne B\u00fcrgermeisterin Mona Fuchs erkl\u00e4rte die Ver\u00e4nderung f\u00fcr &#8220;\u00fcberzogen&#8221;. &#8220;Ein Verh\u00fcllungsgebot f\u00fcr weibliche Figuren oder Darstellungen stellt jedenfalls keine Gleichstellung her und dient ihr aus meiner Sicht auch nicht.&#8221; Einzig die Vertreter der Linken meinten, die Stadt h\u00e4tte die Gleichstellungsstelle unterst\u00fctzen m\u00fcssen.<\/p>\n<p>Das M\u00fcnchner Publikum \u00e4u\u00dferte sich \u00fcberwiegend mit Spott. Wann denn die Rubens-Gem\u00e4lde in der Pinakothek \u00fcbermalt w\u00fcrden, fragte ein Leserbriefschreiber in einer Lokalzeitung. &#8220;Man stelle sich vor, auf der Wiesn l\u00e4uft jemand mit Dekollet\u00e9 herum&#8221;, l\u00e4sterte ein Kommentator auf\u00a0<em>X<\/em>. Andere verglichen diesen Fall mit dem CSD, auf dem lebende Nacktheit und mehr kein Problem darstellten.<\/p>\n<p>Das Fahrgesch\u00e4ft selbst existiert bereits seit 1910, und auch bei den Figuren wundert es schon, dass sich bisher keine Denkmalschutzbeh\u00f6rde zu Wort gemeldet hat\u00a0\u2013 schlie\u00dflich haben die vier Damen ihre Reize bereits seit Ende der 1940er auf diese Weise pr\u00e4sentiert, ohne Beanstandung. Nach fast 80 Jahren sollten sie eigentlich als Denkm\u00e4ler der Alltagskultur z\u00e4hlen und von derartigen Eingriffen verschont bleiben.<\/p>\n<p>Nun, der Schaden ist angerichtet. Immerhin ging es nicht so weit, die Gestalten ganz zu verh\u00fcllen, um m\u00f6gliche muslimische G\u00e4ste nicht zu kr\u00e4nken. Die Frage stellt sich durch den Bierausschank bisher gl\u00fccklicherweise noch nicht. Allerdings\u00a0\u2013 der inzwischen zum Oberb\u00fcrgermeister aufgestiegene Gr\u00fcne Dominik Krause hatte das Oktoberfest 2023 schon &#8220;weltweit gr\u00f6\u00dfte offene Drogenszene&#8221; genannt.<\/p>\n<\/p>\n<\/div>\n<\/div>\n<\/div>\n<\/div>\n<\/li>\n<li class=\"LiveUpdates-item Listing-item\">\n<div class=\"LiveUpdate-root\">\n<div class=\"LiveUpdate-date\">\n<p class=\"HeaderNews-root HeaderNews-type_6 \">\n                13:00 Uhr\n            <\/p>\n<\/div>\n<div class=\"LiveUpdate-content\">\n<div class=\"LiveUpdate-text\">\n<div class=\"Text-root Text-type_5 ViewText-root\">\n<p><strong>Fanbase-Meltdown: Habeck-Lesungen zum neuen Buch ausverkauft<\/strong><\/p>\n<p>Herzsprungminuten und Gl\u00fcckshormonschub in der deutschen Blase einer weiterhin beeindruckend gro\u00dfen Habeck-Fangemeinde.<\/p>\n<p>Der Verlag Kiepenheuer &amp; Witsch\u00a0<a rel=\"nofollow\" target=\"_blank\" href=\"https:\/\/www.kiwi-verlag.de\/buch\/robert-habeck-arctic-meltdown-9783462014846\" target=\"_blank\" rel=\"noopener noreferrer\">k\u00fcndigt<\/a>\u00a0f\u00fcr den 1. Oktober die Ver\u00f6ffentlichung des neuen Bestsellers an:\u00a0<em>Arctic Meltdown &#8211;\u00a0Eine Reise in den hohen Norden\u00a0\u2013 und in die Zukunft der Weltpolitik.<\/em><\/p>\n<p>Zu dem Inhalt des Buches, der analytischen Meisterleistung eines gescheiterten Ex-Wirtschaftsministers, Ex-Vizekanzlers und Ex-Kanzlerkandidaten sowie Kinderbuchautors, wird so viel verraten: Habeck beschreibt erwartet empathisch &#8220;die Geschichte der Arktis, auch die Ausbeutung durch D\u00e4nemark, erz\u00e4hlt von den Menschen, die dort leben&#8221;.<\/p>\n<p>Er hat aber noch mehr in petto:<\/p>\n<p><em>&#8220;Robert Habeck analysiert den amerikanischen Anspruch auf Gr\u00f6nland, beschreibt Russlands aggressive R\u00fcckkehr zur &#8216;Roten Arktis&#8217;, erl\u00e4utert Chinas Griff nach der &#8216;Polaren Seidenstra\u00dfe&#8217; \u2013 und untersucht, was der Wettlauf um neue Handelsrouten und gigantische Rohstoffvorkommen f\u00fcr die regelbasierte Ordnung der Welt bedeutet.&#8221;<\/em><\/p>\n<p>Der unverstandene &#8220;<a rel=\"nofollow\" target=\"_blank\" href=\"https:\/\/rumble.com\/v66irpj-personenkult-im-trend-habeck-als-bndniskanzler-auf-mnchener-siegestor.html\" target=\"_blank\" rel=\"noopener noreferrer\">B\u00fcndniskanzler<\/a>&#8221; erkl\u00e4rt im Vorfeld seiner Lesereise durch die Republik im Rahmen eines LinkedIn-<a rel=\"nofollow\" target=\"_blank\" href=\"https:\/\/de.linkedin.com\/posts\/robert-habeck_was-sind-die-geopolitischen-die-sicherheitspolitischen-activity-7499819630086082561-UNJB\" target=\"_blank\" rel=\"noopener noreferrer\">Videos<\/a>:<\/p>\n<p><em>&#8220;Russland, die USA, China, die Superm\u00e4chte, die uns manchmal auch so schon nicht viel Freude bereiten, die sind alle auf dem Vormarsch. Das Buch handelt also nicht von der globalen Erderw\u00e4rmung, sondern nimmt sie quasi als Ausgangspunkt, um die Frage zu stellen: Was kommt da eigentlich sicherheits- und geopolitisch auf uns zu und welche Rolle kann Europa darin spielen? Ich freue mich, wenn ihr reinschaut, und ich freue mich, wenn wir uns auf diesem Kanal oder demn\u00e4chst bei anderen Gelegenheiten wiedersehen.&#8221;<\/em><\/p>\n<p>Jetzt hei\u00dft es, Tickets sichern, so f\u00fcr\u00a0<a rel=\"nofollow\" target=\"_blank\" href=\"https:\/\/www.litcologne.de\/de\/programm\/lit-cologne-spezial\/robert-habeck-arctic-meltdown\" target=\"_blank\" rel=\"noopener noreferrer\">die Lesung<\/a>\u00a0am 3. Oktober auf dem Literaturfestival &#8220;lit.Cologne&#8221; &#8211; &#8220;Mit Dolmetschung in deutsche Geb\u00e4rdensprache&#8221; -, nat\u00fcrlich hilfreich und ohne nervige Fragen, moderiert von Luisa Neubauers Partner Louis Klamaroth.<\/p>\n<p>Einen Tag sp\u00e4ter dann<a rel=\"nofollow\" target=\"_blank\" href=\"https:\/\/www.berliner-ensemble.de\/inszenierung\/robert-habeck-arctic-meltdown\" target=\"_blank\" rel=\"noopener noreferrer\">\u00a0das Heimspiel<\/a>\u00a0im Berliner Ensemble, wo &#8220;Habeck pers\u00f6nlich vorliest&#8221;. Interessierte Habeck-Versteher in Erlangen m\u00fcssen leider hinsichtlich der Lesung am 9. November in einer Buchhandlung bereits in die gr\u00fcne R\u00f6hre schauen\u00a0\u2013 da jetzt schon restlos ausverkauft.<\/p>\n<figure class=\"RTImage-root\">\n<div class=\"RTImage-image RTImage-original\"><picture class=\"Picture-root Picture-original\"><!--[if IE 9]><video style=\"display: none;\"><![endif]--><source media=\"(-webkit-min-device-pixel-ratio: 2) and (min-resolution: 120dpi)\" data-srcset=\" \nhttps:\/\/now-news.de\/de\/wp-content\/uploads\/sites\/3\/2026\/08\/6a9559ab48fbef5eca1e35d2.jpg 850w,\n                https:\/\/now-news.de\/de\/wp-content\/uploads\/sites\/3\/2026\/08\/6a9559ab48fbef5eca1e35d2.jpg 1960w,            \" ><source data-srcset=\" \nhttps:\/\/now-news.de\/de\/wp-content\/uploads\/sites\/3\/2026\/08\/6a9559ab48fbef5eca1e35d2.jpg 460w,\n              https:\/\/now-news.de\/de\/wp-content\/uploads\/sites\/3\/2026\/08\/6a9559ab48fbef5eca1e35d2.jpg 980w,\n            \" ><!--[if IE 9]><\/video><![endif]--><img decoding=\"async\" data- src=\"data:image\/png;base64,iVBORw0KGgoAAAANSUhEUgAAABAAAAAJCAQAAACRI2S5AAAAEElEQVR42mNkIAAYRxWAAQAG9gAKqv6+AwAAAABJRU5ErkJggg==\" class=\"Picture-root Picture-original lazyload\" data-src=\"https:\/\/now-news.de\/de\/wp-content\/uploads\/sites\/3\/2026\/08\/6a9559ab48fbef5eca1e35d2.jpg\" alt=\"\"><\/source><\/source><\/picture><!-- noscript pattern --><noscript><img decoding=\"async\" src=\"https:\/\/now-news.de\/de\/wp-content\/uploads\/sites\/3\/2026\/08\/6a9559ab48fbef5eca1e35d2.jpg\" alt=\"\"><\/noscript><\/div>\n<\/figure>\n<\/div>\n<\/div>\n<\/div>\n<\/div>\n<\/li>\n<li class=\"LiveUpdates-item Listing-item\">\n<div class=\"LiveUpdates-date\">\n<p class=\"HeaderNews-root HeaderNews-type_2 \">\n                30.08.2026 16:10 Uhr\n            <\/p>\n<\/div>\n<div class=\"LiveUpdate-root\">\n<div class=\"LiveUpdate-date\">\n<p class=\"HeaderNews-root HeaderNews-type_6 \">\n                16:10 Uhr\n            <\/p>\n<\/div>\n<div class=\"LiveUpdate-content\">\n<div class=\"LiveUpdate-text\">\n<div class=\"Text-root Text-type_5 ViewText-root\">\n<p><strong>Wegen &#8220;\u00f6ffentlicher Sicherheit&#8221;: Islam-Hochburg Birmingham will Union Jack verbieten<\/strong><\/p>\n<p>Der Stadtrat von Birmingham hat rechtliche Schritte eingeleitet, um das Anbringen britischer Flaggen an Stra\u00dfenlaternen und anderen Stellen im \u00f6ffentlichen Raum zu verhindern. Die von Liberaldemokraten, Gr\u00fcnen und unabh\u00e4ngigen Ratsmitgliedern gef\u00fchrte Stadtverwaltung begr\u00fcndet das Vorgehen mit dem sogenannten &#8220;Schutz der \u00f6ffentlichen Sicherheit&#8221;.<\/p>\n<p>Die Stadtverwaltung hat beim High Court eine entsprechende einstweilige Verf\u00fcgung beantragt, wie das Magazin\u00a0<em>Apollo News<\/em> berichtet. Sollte der Antrag Erfolg haben, k\u00f6nnten Personen, die ohne Genehmigung Flaggen an Stra\u00dfenlaternen oder in der N\u00e4he \u00f6ffentlicher Verkehrswege anbringen, mit bis zu zwei Jahren Haft oder einer unbegrenzten Geldstrafe rechnen. Betroffen w\u00e4ren sowohl der Union Jack als auch das rote St.-Georgs-Kreuz auf wei\u00dfem Hintergrund.<\/p>\n<p>Die Flaggen sind in Birmingham zuletzt h\u00e4ufiger zum Streitpunkt geworden. Hintergrund ist die patriotische Kampagne &#8220;Operation Raise the Colours&#8221;, die \u00fcber soziale Medien f\u00fcr das Zeigen britischer und englischer Flaggen wirbt. Seit dem vergangenen Jahr sind die Flaggen deshalb an Stra\u00dfenlaternen in zahlreichen St\u00e4dten des Landes zu sehen.<\/p>\n<p>Bereits im vergangenen Jahr hatte der Stadtrat in Birmingham allerdings die Entfernung von Union Flags von Stra\u00dfenlaternen angeordnet. Zur Begr\u00fcndung hie\u00df es damals, die Flaggen k\u00f6nnten Fu\u00dfg\u00e4nger und Autofahrer gef\u00e4hrden. Diese Entscheidung stie\u00df auf massive Kritik. Kritiker verwiesen unter anderem darauf, dass an anderen Stellen in Birmingham seit Beginn der Eskalation des Nahostkonflikts 2023 auch zahlreiche pal\u00e4stinensische Flaggen angebracht worden seien \u2013 diese wurden und werden weiterhin nicht entfernt.<\/p>\n<p>Der Grund f\u00fcr den unterschiedlichen Umgang mit den Flaggen k\u00f6nnte auch in der politischen Zusammensetzung des Stadtrats liegen. Dem aktuellen Rat geh\u00f6ren 31 muslimische Abgeordnete an. Birmingham hat einen der h\u00f6chsten muslimischen Bev\u00f6lkerungsanteile in ganz Gro\u00dfbritannien. Bei der Volksz\u00e4hlung 2021 gaben rund 30 Prozent der Einwohner an, dem Islam anzugeh\u00f6ren. Dunkelziffern gehen sogar von einem noch h\u00f6heren Anteil aus.<\/p>\n<\/div>\n<\/div>\n<\/div>\n<\/div>\n<\/li>\n<li class=\"LiveUpdates-item Listing-item\">\n<div class=\"LiveUpdates-date\">\n<p class=\"HeaderNews-root HeaderNews-type_2 \">\n                28.08.2026 11:40 Uhr\n            <\/p>\n<\/div>\n<div class=\"LiveUpdate-root\">\n<div class=\"LiveUpdate-date\">\n<p class=\"HeaderNews-root HeaderNews-type_6 \">\n                11:40 Uhr\n            <\/p>\n<\/div>\n<div class=\"LiveUpdate-content\">\n<div class=\"LiveUpdate-text\">\n<div class=\"Text-root Text-type_5 ViewText-root\">\n<p><strong>Magdeburg: Gr\u00f6nemeyer will mit Chorhilfe &#8220;AfD-Gefahr&#8221; wegsingen<\/strong><\/p>\n<p>Herbert Gr\u00f6nemeyer steht laut Eigenwahrnehmung samt mehrheitlicher Parallelunterst\u00fctzung der Mainstreammedien \u2013 immer \u2013 auf der richtigen Seite, wenn es seit Jahren hei\u00dft, die subjektiv deklarierten &#8220;Gefahren f\u00fcr die Demokratie&#8221; lautstark zu verk\u00fcnden und den &#8220;Kampf gegen rechts&#8221; noch mitteilsamer zu verk\u00fcnden. So <a rel=\"nofollow\" target=\"_blank\" href=\"https:\/\/www.mdr.de\/nachrichten\/sachsen-anhalt\/magdeburg\/magdeburg\/landtagswahl-konzert-chor-dom,groenemeyer-kultur-news-100.html\" target=\"_blank\" rel=\"noopener noreferrer\">hei\u00dft es<\/a> aktuell moderat beim <em>MDR:<\/em><\/p>\n<p><em>&#8220;Kurz vor der Landtagswahl in Sachsen-Anhalt kommt Herbert Gr\u00f6nemeyer nach Magdeburg, um mit mehreren Ch\u00f6ren aus der Region zu singen. Das Konzert im Magdeburger Dom soll ein Zeichen f\u00fcr Zusammenhalt setzen.&#8221;<\/em><\/p>\n<p>Der gef\u00fcrchtete Agitator warnte dabei aktuell <a rel=\"nofollow\" target=\"_blank\" href=\"https:\/\/www.welt.de\/newsticker\/dpa_nt\/infoline_nt\/boulevard_nt\/article6a8d1aaf511d4fd3bc4e2de3\/wie-sich-herbert-groenemeyer-in-sachsen-anhalt-engagiert.html?utm_source\" target=\"_blank\" rel=\"noopener noreferrer\">anmahnend<\/a>\u00a0davor, dass es\u00a0angesichts des AfD-Erfolgs nicht aussreiche, &#8220;nur besorgt zuzuschauen&#8221;. Stattdessen m\u00fcsse man &#8220;Haltung gegen Ausgrenzung&#8221; zeigen, wobei dies\u00a0freilich erneut nicht als offensichtlicher Widerspruch erkannt wird.<\/p>\n<p>&#8220;Wir wollen nichts bagatellisieren&#8221;, so Gr\u00f6nemeyer. &#8220;F\u00fcr mich hei\u00dft das vielmehr, selbst etwas zu tun und Haltung zu beziehen, wo Menschen ausgegrenzt oder herabgew\u00fcrdigt werden.&#8221;<\/p>\n<p>Neun Ch\u00f6re sangen nun mit Gr\u00f6nemeyer im Magdeburger Dom, um dar\u00fcber die B\u00fcrger in Sachsen-Anhalt innerlich aufzur\u00fctteln.<\/p>\n<p>Kritische Nutzer in den sozialen Medien erinnerten an die lautstarkere und kontrovers wahrgenommene &#8220;Rede&#8221; von Gr\u00f6nemeyer im September 2019 in Wien, wo er seinem Publikum entgegenbr\u00fcllte:<\/p>\n<p><em>&#8220;Und ich glaube, es muss uns klar sein, auch wenn Politiker schw\u00e4cheln [&#8230;], dann liegt es an uns, dann liegt es an uns, zu diktieren, wie die Gesellschaft ausgesehen hat und wer versucht, so &#8216;ne Situation der Unsicherheit zu nutzen f\u00fcr rechtes Geschwafel, f\u00fcr Ausgrenzung, Rassismus und Hetze, der ist fehl am Platze. Jede Gesellschaft ist offen, kommunistisch, bietet Menschen Schutz und keine Ehre &#8230; Kein einziger Millimeter nach rechts!&#8221;<\/em><\/p>\n<p>Zwei Jahre sp\u00e4ter, im Dezember 2021, <a rel=\"nofollow\" target=\"_blank\" href=\"https:\/\/www.nmz.de\/politik-betrieb\/kulturpolitik\/groenemeyer-zur-pandemie-letzten-zwei-jahre-fuer-uns-alle-ein-trauma?utm_source=chatgpt.com\" target=\"_blank\" rel=\"noopener noreferrer\">erkl\u00e4rte<\/a> er dann zu seiner Wahrnehmung hinsichtlich ma\u00dfnahmenkritischer B\u00fcrger in der &#8220;Corona-Krise&#8221;:<\/p>\n<p><em>&#8220;Ich sehe, dass ein geringer Teil der Gesellschaft versucht, diese Situation zu nutzen. Aber umgekehrt sehe ich auch, dass der gro\u00dfe Teil der Gesellschaft absolut zusammenh\u00e4lt und ganz stabil erwachsen mit dieser Situation umgeht.&#8221;<\/em><\/p>\n<p>Dass die Themen &#8220;Pandemie und Impfung&#8221; von &#8220;einigen&#8221; genutzt w\u00fcrden, um ihrem Unmut freien Lauf zu lassen, war f\u00fcr Gr\u00f6nemeyer demnach &#8220;tragisch und fatal&#8221;.<\/p>\n<\/div>\n<\/div>\n<\/div>\n<\/div>\n<\/li>\n<li class=\"LiveUpdates-item Listing-item\">\n<div class=\"LiveUpdates-date\">\n<p class=\"HeaderNews-root HeaderNews-type_2 \">\n                25.08.2026 14:50 Uhr\n            <\/p>\n<\/div>\n<div class=\"LiveUpdate-root\">\n<div class=\"LiveUpdate-date\">\n<p class=\"HeaderNews-root HeaderNews-type_6 \">\n                14:50 Uhr\n            <\/p>\n<\/div>\n<div class=\"LiveUpdate-content\">\n<div class=\"LiveUpdate-text\">\n<div class=\"Text-root Text-type_5 ViewText-root\">\n<p><strong>CDU-Queer-Verst\u00e4ndnis: Daniel G\u00fcnther aktuell &#8220;geflashter Ally&#8221;<\/strong><\/p>\n<p>Die knallhart selbstreglementierte Parallelwelt sexueller Neigungen und Pr\u00e4gungen liebt und pflegt auch innig die Benennung von solidarischen und ablehnenden Mitb\u00fcrgern.<\/p>\n<p>So werden unter anderem Frauen, die dem (Un-)Verst\u00e4ndnis nach &#8220;trans*Personen aus ihrer Auffassung des Feminismus ausschlie\u00dfen&#8221;, sich also anma\u00dfen, einen geborenen Mann, auch als einen solchen zu bezeichnen,\u00a0absch\u00e4tzig als sogenannte &#8220;Terfs&#8221; benannt, englisch f\u00fcr &#8220;trans-exclusionary radical feminists&#8221;.<\/p>\n<p>Im queeren Kontext bezeichnet wiederum &#8220;Ally&#8221;\u00a0(englisch f\u00fcr &#8220;Verb\u00fcndete\/r&#8221;) eine Person, die sich selbst nicht als &#8220;queer&#8221; identifiziert, aber &#8220;queere Menschen unterst\u00fctzt und sich f\u00fcr deren Gleichberechtigung und gegen Diskriminierung einsetzt&#8221;, so wie der amtierende Ministerpr\u00e4sident von Schleswig-Holstein, der CDU-Politiker Daniel G\u00fcnther.<\/p>\n<figure class=\"RTImage-root\">\n<div class=\"RTImage-image RTImage-original\"><picture class=\"Picture-root Picture-original\"><!--[if IE 9]><video style=\"display: none;\"><![endif]--><source media=\"(-webkit-min-device-pixel-ratio: 2) and (min-resolution: 120dpi)\" data-srcset=\" \nhttps:\/\/now-news.de\/de\/wp-content\/uploads\/sites\/3\/2026\/08\/6a8d879348fbef534c7d6193.jpg 850w,\n                https:\/\/now-news.de\/de\/wp-content\/uploads\/sites\/3\/2026\/08\/6a8d879348fbef534c7d6193.jpg 1960w,            \" ><source data-srcset=\" \nhttps:\/\/now-news.de\/de\/wp-content\/uploads\/sites\/3\/2026\/08\/6a8d879348fbef534c7d6193.jpg 460w,\n              https:\/\/now-news.de\/de\/wp-content\/uploads\/sites\/3\/2026\/08\/6a8d879348fbef534c7d6193.jpg 980w,\n            \" ><!--[if IE 9]><\/video><![endif]--><img decoding=\"async\" data- src=\"data:image\/png;base64,iVBORw0KGgoAAAANSUhEUgAAABAAAAAJCAQAAACRI2S5AAAAEElEQVR42mNkIAAYRxWAAQAG9gAKqv6+AwAAAABJRU5ErkJggg==\" class=\"Picture-root Picture-original lazyload\" data-src=\"https:\/\/now-news.de\/de\/wp-content\/uploads\/sites\/3\/2026\/08\/6a8d879348fbef534c7d6193.jpg\" alt=\"\"><\/source><\/source><\/picture><!-- noscript pattern --><noscript><img decoding=\"async\" src=\"https:\/\/now-news.de\/de\/wp-content\/uploads\/sites\/3\/2026\/08\/6a8d879348fbef534c7d6193.jpg\" alt=\"\"><\/noscript><\/div><figcaption class=\"RTImage-footer\"><span class=\"RTImage-caption\"><\/span><span class=\"RTImage-source\"><span class=\"RTImage-captionItem\">Instagram\/mpdanielg\u00fcnther<\/span><\/span><\/figcaption><\/figure>\n<p>In einem aktuellen Instagram-Video erkl\u00e4rt der Ministerpr\u00e4sident, dass er &#8220;direkt vom Gottesdienst aus Schleswig nach Husum&#8221; zum CSD gefahren war, um dort &#8220;mit ganz vielen Menschen auch zu demonstrieren&#8221;. Er war demnach &#8220;ziemlich geflasht davon, dass hier tausend Menschen gekommen sind, weit mehr, als die Veranstalter erwartet haben, um eben auch f\u00fcr die Rechte in unserem Land zu k\u00e4mpfen, um sich f\u00fcr Vielfalt einzusetzen&#8221;.<\/p>\n<p>Im Mai lautete bereits die <a rel=\"nofollow\" target=\"_blank\" href=\"https:\/\/echte-vielfalt.de\/lebensbereiche\/lsbtiq\/ein-wichtiges-zeichen-fuer-vielfalt-schleswig-holsteins-landesvater-daniel-guenther-uebernimmt-die-csd-schirmherrschaft\/\" target=\"_blank\" rel=\"noopener noreferrer\">Information<\/a>, dass G\u00fcnther, &#8220;in Zeiten, in denen Queerfeindlichkeit zunimmt&#8221; solidarisch &#8220;die Schirmherrschaft f\u00fcr alle CSD-Veranstaltungen in Schleswig-Holstein&#8221; \u00fcbernehme \u2013 dies als &#8220;ein Schritt mit politischer Signalwirkung&#8221;.<\/p>\n<figure class=\"RTImage-root\">\n<div class=\"RTImage-image RTImage-original\"><picture class=\"Picture-root Picture-original\"><!--[if IE 9]><video style=\"display: none;\"><![endif]--><source media=\"(-webkit-min-device-pixel-ratio: 2) and (min-resolution: 120dpi)\" data-srcset=\" \nhttps:\/\/now-news.de\/de\/wp-content\/uploads\/sites\/3\/2026\/08\/6a8d8beeb480cc49681f9821.jpg 850w,\n                https:\/\/now-news.de\/de\/wp-content\/uploads\/sites\/3\/2026\/08\/6a8d8beeb480cc49681f9821.jpg 1960w,            \" ><source data-srcset=\" \nhttps:\/\/now-news.de\/de\/wp-content\/uploads\/sites\/3\/2026\/08\/6a8d8beeb480cc49681f9821.jpg 460w,\n              https:\/\/now-news.de\/de\/wp-content\/uploads\/sites\/3\/2026\/08\/6a8d8beeb480cc49681f9821.jpg 980w,\n            \" ><!--[if IE 9]><\/video><![endif]--><img decoding=\"async\" data- src=\"data:image\/png;base64,iVBORw0KGgoAAAANSUhEUgAAABAAAAAJCAQAAACRI2S5AAAAEElEQVR42mNkIAAYRxWAAQAG9gAKqv6+AwAAAABJRU5ErkJggg==\" class=\"Picture-root Picture-original lazyload\" data-src=\"https:\/\/now-news.de\/de\/wp-content\/uploads\/sites\/3\/2026\/08\/6a8d8beeb480cc49681f9821.jpg\" alt=\"\"><\/source><\/source><\/picture><!-- noscript pattern --><noscript><img decoding=\"async\" src=\"https:\/\/now-news.de\/de\/wp-content\/uploads\/sites\/3\/2026\/08\/6a8d8beeb480cc49681f9821.jpg\" alt=\"\"><\/noscript><\/div><figcaption class=\"RTImage-footer\"><span class=\"RTImage-caption\"><\/span><span class=\"RTImage-source\"><span class=\"RTImage-captionItem\">Webseite: echte-vielfalt.de<\/span><\/span><\/figcaption><\/figure>\n<\/p>\n<\/div>\n<\/div>\n<\/div>\n<\/div>\n<\/li>\n<li class=\"LiveUpdates-item Listing-item\">\n<div class=\"LiveUpdates-date\">\n<p class=\"HeaderNews-root HeaderNews-type_2 \">\n                24.08.2026 13:13 Uhr\n            <\/p>\n<\/div>\n<div class=\"LiveUpdate-root\">\n<div class=\"LiveUpdate-date\">\n<p class=\"HeaderNews-root HeaderNews-type_6 \">\n                13:13 Uhr\n            <\/p>\n<\/div>\n<div class=\"LiveUpdate-content\">\n<div class=\"LiveUpdate-text\">\n<div class=\"Text-root Text-type_5 ViewText-root\">\n<p><strong>Slawa Ukraini! Das Kanzleramt gr\u00fc\u00dft Kiew herzlich zum 35. Jahrestag<\/strong><\/p>\n<p>Die &#8220;<a rel=\"nofollow\" target=\"_blank\" href=\"https:\/\/www.tagesschau.de\/video\/video-1636278.html\" target=\"_blank\" rel=\"noopener noreferrer\">Losl\u00f6sung<\/a> von der Sowjetunion&#8221;, so titelt die <em data-start=\"789\" data-end=\"794\">ARD<\/em>&#8211;<em data-start=\"795\" data-end=\"807\">Tagesschau<\/em> anl\u00e4sslich des heutigen 35. Jahrestags der &#8220;Unabh\u00e4ngigkeit&#8221; der Ukraine.<\/p>\n<p data-start=\"309\" data-end=\"524\">Das Social-Media-Team im Berliner Kanzleramt bat Amtsinhaber Friedrich Merz, ein paar vorbereitete Worte f\u00fcr ein Video einzusprechen. Der X-Beitrag wurde dabei lediglich mit dem begl\u00fcckw\u00fcnschenden Gru\u00dfwort betitelt:<\/p>\n<p data-start=\"526\" data-end=\"560\"><em data-start=\"526\" data-end=\"560\">&#8220;Slawa Ukrajini! \u0421\u043b\u0430\u0432\u0430 \u0423\u043a\u0440\u0430\u0457\u043d\u0456!&#8221;<\/em><\/p>\n<p data-start=\"562\" data-end=\"611\">Wir dokumentieren den Inhalt der Merz-Mitteilung:<\/p>\n<p data-start=\"613\" data-end=\"833\"><em data-start=\"613\" data-end=\"833\">&#8220;Heute vor 35 Jahren erkl\u00e4rte die Ukraine ihre Unabh\u00e4ngigkeit. Mit beeindruckendem Mut verteidigen die Ukrainerinnen und Ukrainer seit Jahren die Unabh\u00e4ngigkeit ihres Landes gegen den brutalen russischen Angriffskrieg.<\/em><\/p>\n<p data-start=\"835\" data-end=\"944\"><em data-start=\"835\" data-end=\"944\">Sie zeigen damit der gesamten Welt, was es hei\u00dft, f\u00fcr Freiheit und f\u00fcr einen gerechten Frieden einzustehen.<\/em><\/p>\n<p data-start=\"946\" data-end=\"1043\" data-is-last-node=\"\" data-is-only-node=\"\"><em data-start=\"946\" data-end=\"1043\" data-is-last-node=\"\">Heute, an diesem wichtigen Tag, gilt ganz besonders: Wir stehen fest an der Seite der Ukraine.&#8221;<\/em><\/p>\n<\/p>\n<\/div>\n<\/div>\n<\/div>\n<\/div>\n<\/li>\n<li class=\"LiveUpdates-item Listing-item\">\n<div class=\"LiveUpdates-date\">\n<p class=\"HeaderNews-root HeaderNews-type_2 \">\n                23.08.2026 13:47 Uhr\n            <\/p>\n<\/div>\n<div class=\"LiveUpdate-root\">\n<div class=\"LiveUpdate-date\">\n<p class=\"HeaderNews-root HeaderNews-type_6 \">\n                13:47 Uhr\n            <\/p>\n<\/div>\n<div class=\"LiveUpdate-content\">\n<div class=\"LiveUpdate-text\">\n<div class=\"Text-root Text-type_5 ViewText-root\">\n<p><strong>Bundeswehr und IDF\u00a0blamieren sich mit &#8220;kinda chic&#8221;-Werbung<\/strong><\/p>\n<p>Bekanntlich sucht die Bundeswehr h\u00e4nderingend nach jugendlichem Nachwuchs \u2013 bislang ohne gro\u00dfe Erfolge. Die Jugend l\u00e4sst sich viel eher zu Schulstreiks gegen die Wehrpflicht hinrei\u00dfen als zu Musterungsterminen. Doch die Kommunikationsstrategen der Truppe haben inzwischen erkannt, wie man f\u00fcr das Soldatenleben begeistert \u2013 mit\u00a0jugendlichem Denglisch.\u00a0\u00a0<\/p>\n<p>So hat der Social-Media-Trend &#8220;kinda chic&#8221; (auf Deutsch &#8220;irgendwie schick&#8221;) zum Ausdruck der Stunde gemacht. Das deutsche Verteidigungsministerium sieht darin den Anlass, auch K\u00e4mpfen und Sterben f\u00fcrs Vaterland an der Ostflanke instagrammable zu machen. Die Verballhornung von &#8220;kinda chic&#8221; klappt aber nur &#8220;irgendwie&#8221;: Das offizielle Bundeswehr-Account mit KI-gest\u00fctzter Bildgalerie wird mit Spott und Kritik geradezu <a rel=\"nofollow\" target=\"_blank\" href=\"https:\/\/www.instagram.com\/p\/DcIptkojZTS\/?img_index=5&amp;igsh=MWtqcTEyNzFwaHF5NA%3D%3D\" target=\"_blank\" rel=\"noopener noreferrer\">\u00fcbersch\u00fcttet<\/a>.\u00a0<\/p>\n<p>Vor allem die Zielgruppe, die als Kanonenfutter angeworben werden sollte, antwortet in den Kommentaren eindeutig: &#8220;Kinda chic, erst ausgelacht und politisch ignoriert zu werden, um dann gegen die eigenen Interessen in den Krieg zu ziehen&#8221;, &#8220;Kinda chic, von einer Drohne zerfetzt zu werden&#8221; oder auch &#8220;Kinda chic, an derselben Front wie Opi zu verrecken&#8221;.<\/p>\n<div class=\"EmbedBlock-root EmbedBlock-instagram\">\n<div class=\"InstagramEmbed\">\n<blockquote class=\"instagram-media lazyload\" data-instagram=\"intagrm\" data-instgrm-captioned data-instgrm-permalink=\"https:\/\/www.instagram.com\/p\/DcIptkojZTS\/?utm_source=ig_embed&amp;utm_campaign=loading\" data-instgrm-version=\"14\" style=\" background:#FFF; border:0; border-radius:3px; box-shadow:0 0 1px 0 rgba(0,0,0,0.5),0 1px 10px 0 rgba(0,0,0,0.15); margin: 1px; max-width:540px; min-width:326px; padding:0; width:99.375%; width:-webkit-calc(100% - 2px); width:calc(100% - 2px);\">\n<div style=\"padding:16px;\"><a rel=\"nofollow\" target=\"_blank\" href=\"https:\/\/www.instagram.com\/p\/DcIptkojZTS\/?utm_source=ig_embed&amp;utm_campaign=loading\" style=\" background:#FFFFFF; line-height:0; padding:0 0; text-align:center; text-decoration:none; width:100%;\" target=\"_blank\"><\/p>\n<div style=\" display: flex; flex-direction: row; align-items: center;\">\n<div style=\"background-color: #F4F4F4; border-radius: 50%; flex-grow: 0; height: 40px; margin-right: 14px; width: 40px;\"><\/div>\n<div style=\"display: flex; flex-direction: column; flex-grow: 1; justify-content: center;\">\n<div style=\" background-color: #F4F4F4; border-radius: 4px; flex-grow: 0; height: 14px; margin-bottom: 6px; width: 100px;\"><\/div>\n<div style=\" background-color: #F4F4F4; border-radius: 4px; flex-grow: 0; height: 14px; width: 60px;\"><\/div>\n<\/div>\n<\/div>\n<div style=\"padding: 19% 0;\"><\/div>\n<div style=\"display:block; height:50px; margin:0 auto 12px; width:50px;\"><svg width=\"50px\" height=\"50px\" viewbox=\"0 0 60 60\" version=\"1.1\" xmlns=\"https:\/\/www.w3.org\/2000\/svg\" xmlns:xlink=\"https:\/\/www.w3.org\/1999\/xlink\"><g stroke=\"none\" stroke-width=\"1\" fill=\"none\" fill-rule=\"evenodd\"><g transform=\"translate(-511.000000, -20.000000)\" fill=\"#000000\"><g><path d=\"M556.869,30.41 C554.814,30.41 553.148,32.076 553.148,34.131 C553.148,36.186 554.814,37.852 556.869,37.852 C558.924,37.852 560.59,36.186 560.59,34.131 C560.59,32.076 558.924,30.41 556.869,30.41 M541,60.657 C535.114,60.657 530.342,55.887 530.342,50 C530.342,44.114 535.114,39.342 541,39.342 C546.887,39.342 551.658,44.114 551.658,50 C551.658,55.887 546.887,60.657 541,60.657 M541,33.886 C532.1,33.886 524.886,41.1 524.886,50 C524.886,58.899 532.1,66.113 541,66.113 C549.9,66.113 557.115,58.899 557.115,50 C557.115,41.1 549.9,33.886 541,33.886 M565.378,62.101 C565.244,65.022 564.756,66.606 564.346,67.663 C563.803,69.06 563.154,70.057 562.106,71.106 C561.058,72.155 560.06,72.803 558.662,73.347 C557.607,73.757 556.021,74.244 553.102,74.378 C549.944,74.521 548.997,74.552 541,74.552 C533.003,74.552 532.056,74.521 528.898,74.378 C525.979,74.244 524.393,73.757 523.338,73.347 C521.94,72.803 520.942,72.155 519.894,71.106 C518.846,70.057 518.197,69.06 517.654,67.663 C517.244,66.606 516.755,65.022 516.623,62.101 C516.479,58.943 516.448,57.996 516.448,50 C516.448,42.003 516.479,41.056 516.623,37.899 C516.755,34.978 517.244,33.391 517.654,32.338 C518.197,30.938 518.846,29.942 519.894,28.894 C520.942,27.846 521.94,27.196 523.338,26.654 C524.393,26.244 525.979,25.756 528.898,25.623 C532.057,25.479 533.004,25.448 541,25.448 C548.997,25.448 549.943,25.479 553.102,25.623 C556.021,25.756 557.607,26.244 558.662,26.654 C560.06,27.196 561.058,27.846 562.106,28.894 C563.154,29.942 563.803,30.938 564.346,32.338 C564.756,33.391 565.244,34.978 565.378,37.899 C565.522,41.056 565.552,42.003 565.552,50 C565.552,57.996 565.522,58.943 565.378,62.101 M570.82,37.631 C570.674,34.438 570.167,32.258 569.425,30.349 C568.659,28.377 567.633,26.702 565.965,25.035 C564.297,23.368 562.623,22.342 560.652,21.575 C558.743,20.834 556.562,20.326 553.369,20.18 C550.169,20.033 549.148,20 541,20 C532.853,20 531.831,20.033 528.631,20.18 C525.438,20.326 523.257,20.834 521.349,21.575 C519.376,22.342 517.703,23.368 516.035,25.035 C514.368,26.702 513.342,28.377 512.574,30.349 C511.834,32.258 511.326,34.438 511.181,37.631 C511.035,40.831 511,41.851 511,50 C511,58.147 511.035,59.17 511.181,62.369 C511.326,65.562 511.834,67.743 512.574,69.651 C513.342,71.625 514.368,73.296 516.035,74.965 C517.703,76.634 519.376,77.658 521.349,78.425 C523.257,79.167 525.438,79.673 528.631,79.82 C531.831,79.965 532.853,80.001 541,80.001 C549.148,80.001 550.169,79.965 553.369,79.82 C556.562,79.673 558.743,79.167 560.652,78.425 C562.623,77.658 564.297,76.634 565.965,74.965 C567.633,73.296 568.659,71.625 569.425,69.651 C570.167,67.743 570.674,65.562 570.82,62.369 C570.966,59.17 571,58.147 571,50 C571,41.851 570.966,40.831 570.82,37.631\"><\/path><\/g><\/g><\/g><\/svg><\/div>\n<div style=\"padding-top: 8px;\">\n<div style=\" color:#3897f0; font-family:Arial,sans-serif; font-size:14px; font-style:normal; font-weight:550; line-height:18px;\">\u041f\u043e\u0441\u043c\u043e\u0442\u0440\u0435\u0442\u044c \u044d\u0442\u0443 \u043f\u0443\u0431\u043b\u0438\u043a\u0430\u0446\u0438\u044e \u0432 Instagram<\/div>\n<\/div>\n<div style=\"padding: 12.5% 0;\"><\/div>\n<div style=\"display: flex; flex-direction: row; margin-bottom: 14px; align-items: center;\">\n<div>\n<div style=\"background-color: #F4F4F4; border-radius: 50%; height: 12.5px; width: 12.5px; transform: translateX(0px) translateY(7px);\"><\/div>\n<div style=\"background-color: #F4F4F4; height: 12.5px; transform: rotate(-45deg) translateX(3px) translateY(1px); width: 12.5px; flex-grow: 0; margin-right: 14px; margin-left: 2px;\"><\/div>\n<div style=\"background-color: #F4F4F4; border-radius: 50%; height: 12.5px; width: 12.5px; transform: translateX(9px) translateY(-18px);\"><\/div>\n<\/div>\n<div style=\"margin-left: 8px;\">\n<div style=\" background-color: #F4F4F4; border-radius: 50%; flex-grow: 0; height: 20px; width: 20px;\"><\/div>\n<div style=\" width: 0; height: 0; border-top: 2px solid transparent; border-left: 6px solid #f4f4f4; border-bottom: 2px solid transparent; transform: translateX(16px) translateY(-4px) rotate(30deg)\"><\/div>\n<\/div>\n<div style=\"margin-left: auto;\">\n<div style=\" width: 0px; border-top: 8px solid #F4F4F4; border-right: 8px solid transparent; transform: translateY(16px);\"><\/div>\n<div style=\" background-color: #F4F4F4; flex-grow: 0; height: 12px; width: 16px; transform: translateY(-4px);\"><\/div>\n<div style=\" width: 0; height: 0; border-top: 8px solid #F4F4F4; border-left: 8px solid transparent; transform: translateY(-4px) translateX(8px);\"><\/div>\n<\/div>\n<\/div>\n<div style=\"display: flex; flex-direction: column; flex-grow: 1; justify-content: center; margin-bottom: 24px;\">\n<div style=\" background-color: #F4F4F4; border-radius: 4px; flex-grow: 0; height: 14px; margin-bottom: 6px; width: 224px;\"><\/div>\n<div style=\" background-color: #F4F4F4; border-radius: 4px; flex-grow: 0; height: 14px; width: 144px;\"><\/div>\n<\/div>\n<p><\/a><\/p>\n<p style=\" color:#c9c8cd; font-family:Arial,sans-serif; font-size:14px; line-height:17px; margin-bottom:0; margin-top:8px; overflow:hidden; padding:8px 0 7px; text-align:center; text-overflow:ellipsis; white-space:nowrap;\"><a rel=\"nofollow\" target=\"_blank\" href=\"https:\/\/www.instagram.com\/p\/DcIptkojZTS\/?utm_source=ig_embed&amp;utm_campaign=loading\" style=\" color:#c9c8cd; font-family:Arial,sans-serif; font-size:14px; font-style:normal; font-weight:normal; line-height:17px; text-decoration:none;\" target=\"_blank\">\u041f\u0443\u0431\u043b\u0438\u043a\u0430\u0446\u0438\u044f \u043e\u0442 Bundesministerium der Verteidigung (@verteidigungsministerium)<\/a><\/p>\n<\/div>\n<\/blockquote>\n<\/div>\n<\/div>\n<p>Und es ist nicht so, dass die milit\u00e4rischen Werbefachkr\u00e4fte nicht gewarnt worden w\u00e4ren. Kurz davor setzten auch die Streitkr\u00e4fte Israels (IDF) bei <a rel=\"nofollow\" target=\"_blank\" href=\"https:\/\/www.instagram.com\/p\/Db53Tnvjb5Y\/?img_index=4\" target=\"_blank\" rel=\"noopener noreferrer\">Instagram-Werbung<\/a> auf den trendigen Ausdruck \u2013 und ernteten einen grandiosen Shitstorm. Angesichts der grausamen Kriegsf\u00fchrung in Gaza und Libanon, Lebensmittelblockaden und Sniper-Jagd auf pal\u00e4stinensische Kinder &#8220;irgendwie&#8221; erwartungsgem\u00e4\u00df?<\/p>\n<p>Nebenerkenntnis aus der Geschichte: Dass die Bundeswehr ausgerechnet die IDF als Lehrer sieht, sagt auch viel \u00fcber die Art und Weise, wie sie k\u00fcnftig &#8220;an der Ostflanke&#8221; Krieg f\u00fchren k\u00f6nnte.\u00a0<\/p>\n<\/div>\n<\/div>\n<\/div>\n<\/div>\n<\/li>\n<li class=\"LiveUpdates-item Listing-item\">\n<div class=\"LiveUpdates-date\">\n<p class=\"HeaderNews-root HeaderNews-type_2 \">\n                12.08.2026 15:30 Uhr\n            <\/p>\n<\/div>\n<div class=\"LiveUpdate-root\">\n<div class=\"LiveUpdate-date\">\n<p class=\"HeaderNews-root HeaderNews-type_6 \">\n                15:30 Uhr\n            <\/p>\n<\/div>\n<div class=\"LiveUpdate-content\">\n<div class=\"LiveUpdate-text\">\n<div class=\"Text-root Text-type_5 ViewText-root\">\n<p><strong>Ulmer Gr\u00fcnen-Politiker &#8220;will mehr Afghanen&#8221; in seiner Stadt<\/strong><\/p>\n<p>Seit dem Jahr 2021 sitzt Marcel Emmerich samt finanziellen Vorz\u00fcgen als Berufspolitiker und Gr\u00fcnen Abgeordneter f\u00fcr Ulm und den Alb-Donau-Kreis im Deutschen Bundestag. Seine <a rel=\"nofollow\" target=\"_blank\" href=\"https:\/\/gruene-ulm.de\/mandatstraeger\/\" target=\"_blank\" rel=\"noopener noreferrer\">Funktion<\/a> ist die des Obmanns im Innenausschuss und er ist Mitglied im Sportausschuss.\u00a0<\/p>\n<p>In der parlamentarischen Sommerpause in der Heimat Baden-W\u00fcrttemberg finalisierte er anscheinend seinen Plan, dass er, ohne R\u00fccksprache mit den B\u00fcrgern, &#8220;mehr Gefl\u00fcchtete aus Afghanistan in der Stadt aufnehmen will&#8221;, so die <em>Schw\u00e4bische<\/em> den engagierten Politiker\u00a0<a rel=\"nofollow\" target=\"_blank\" href=\"https:\/\/www.schwaebische.de\/regional\/ulm-alb-donau\/ulm\/abgeordneter-schickt-brief-nach-berlin-er-will-mehr-afghanen-in-seiner-stadt-4775398\" target=\"_blank\" rel=\"noopener noreferrer\">zitierend<\/a>, n\u00e4mlich &#8220;etwa 16&#8221;.<\/p>\n<p>Seine Forderung habe der Gr\u00fcne daher &#8220;in einem Brief an Bundesinnenminister Alexander Dobrindt&#8221; genau formuliert. Seine niedergeschriebene Emp\u00f6rung lautet demnach:<\/p>\n<p><em>&#8220;Menschen, die an der Seite der Bundeswehr in Afghanistan f\u00fcr Demokratie, Freiheit und Rechtsstaatlichkeit gek\u00e4mpft haben, warten immer noch in Pakistan auf ihre Aufnahme. Es besteht f\u00fcr diese Personen eine Bedrohung durch die Taliban. Das ist unertr\u00e4glich.&#8221;\u00a0<\/em>\u00a0<\/p>\n<p>Die zitierte Pressemitteilung verr\u00e4t noch weitere Details des Vorhabens.\u00a0Emmerichs Aufnahme-Initiative gehe demnach auf einen Beschluss des Gemeinderats aus dem Juli 2026 zur\u00fcck. Dieser hatte dabei beschlossen, &#8220;gegen\u00fcber der Landes- und Bundesregierung die Aufnahmebereitschaft f\u00fcr Afghanen und Familien zu signalisieren&#8221;. Dazu hei\u00dft es genau definiert und w\u00f6rtlich in der Mitteilung an Minister Dobrindt:<\/p>\n<p><em>&#8220;Konkret geht es in dem Beschluss, der auf einen gemeinsamen Antrag der Fraktionen Gr\u00fcne, SPD, FWG, kjt [Fraktion\u00a0f\u00fcr ein lebenswertes Ulm] und einer FDP-Stadtr\u00e4tin zur\u00fcckgeht, um beispielsweise zwei gro\u00dfe Familien oder etwa 16 Personen.&#8221;<\/em><\/p>\n<p>Die Fraktionen der Stadt Ulm senden daher laut Emmerich das &#8220;richtige Signal&#8221;:<\/p>\n<p><em>&#8220;Sie wollen nicht tatenlos zusehen, wie die Menschen im Stich gelassen werden.&#8221;<\/em><\/p>\n<p>Deshalb unterst\u00fctze der Abgeordnete &#8220;ausdr\u00fccklich&#8221; das Vorhaben.<\/p>\n<p>Laut der amtlichen <a rel=\"nofollow\" target=\"_blank\" href=\"https:\/\/www.ulm.de\/-\/media\/ulm\/bd\/bd-iv\/statistik-und-wahlen\/statistik\/downloads\/2024-ulmer-statistik.pdf\" target=\"_blank\" rel=\"noopener noreferrer\">Statistik<\/a> der Stadt hatte Ulm zum 31. Dezember 2024 insgesamt rund 131.000 Einwohner. Die Stadt weist dabei 59.890 Einwohner mit Migrationshintergrund aus,\u00a0und damit einen Anteil von rund 45,6 Prozent.<\/p>\n<p>&#8220;Ausl\u00f6ser&#8221; f\u00fcr den eingeforderten Antrag seien unter anderem die &#8220;gesunkenen Aufnahmezahlen f\u00fcr Gefl\u00fcchtete, die ausreichend Kapazit\u00e4ten f\u00fcr die Aufnahme lie\u00dfen&#8221;.<\/p>\n<\/div>\n<\/div>\n<\/div>\n<\/div>\n<\/li>\n<li class=\"LiveUpdates-item Listing-item\">\n<div class=\"LiveUpdates-date\">\n<p class=\"HeaderNews-root HeaderNews-type_2 \">\n                31.07.2026 13:10 Uhr\n            <\/p>\n<\/div>\n<div class=\"LiveUpdate-root\">\n<div class=\"LiveUpdate-date\">\n<p class=\"HeaderNews-root HeaderNews-type_6 \">\n                13:10 Uhr\n            <\/p>\n<\/div>\n<div class=\"LiveUpdate-content\">\n<div class=\"LiveUpdate-text\">\n<div class=\"Text-root Text-type_5 ViewText-root\">\n<p><strong>EKD-Sachsen-Anhalt: Besonders Frauen mit steigender Angst \u2013 vor AfD-Wahlerfolg\u00a0<\/strong><\/p>\n<p>Allgemein Frauen in Sachsen-Anhalt &#8211; dabei explizit im Interview nicht definierend, wie diese sich selbst wahrnehmen &#8211; w\u00fcrden laut &#8220;Beobachtung&#8221; des evangelischen Kirchenpr\u00e4sidenten Karsten Wolkenhauer bereits vor den nahenden Landtagswahlen &#8220;eine Verrohung&#8221; in der dortigen Gesellschaft monieren.<\/p>\n<p>Eine &#8220;Grenze des im Alltag Sagbaren&#8221; habe sich laut Wahrnehmung des leitenden Kirchenmitarbeiters &#8220;in den vergangenen drei Jahren bereits verschoben&#8221;.<\/p>\n<p>Daraus resultierend sei eine stetig steigende Verunsicherung in der weiblichen Bev\u00f6lkerung zu bemerken. Zu den Gr\u00fcnden erkl\u00e4rt Wolkenhauer laut <a rel=\"nofollow\" target=\"_blank\" href=\"https:\/\/www.herder.de\/cig\/cig-ausgaben\/archiv\/2026\/31-2026\/es-gibt-sehnsucht-nach-buergerlichkeit-vor-den-wahlen-in-sachsen-anhalt\/\" target=\"_blank\" rel=\"noopener noreferrer\">Interview<\/a> mit\u00a0 der Zeitschrift <em>Christ in der Gegenwart<\/em> (Bezahlschranke):<\/p>\n<p><em>&#8220;Die Stimmung im Land wird durch die AfD vergiftet.&#8221;<\/em><\/p>\n<p>Es gebe daher einen Teil der Bev\u00f6lkerung, &#8220;der eine steigende Angst vor einer Regierungs\u00fcbernahme durch die AfD hat&#8221;, so der Theologe seine Beobachtungen referierend.<\/p>\n<p>&#8220;Besonders Frauen auf dem Land&#8221; w\u00fcrden demnach w\u00f6rtlich &#8220;eine zunehmende Verrohung der Sprache und des Verhaltens wahrnehmen in Regionen, in denen die AfD bereits dominiert.&#8221;<\/p>\n<p>Daraus resultiere neben den guten Umfragewerten f\u00fcr die AfD &#8220;auch eine wachsende Ablehnung der Partei&#8221;. Der besorgte Theologe gibt weiter w\u00f6rtlich zu Protokoll:<\/p>\n<p><em>&#8220;Das P\u00f6beln gegen Frauen, eine Zotenhaftigkeit und eine tats\u00e4chliche Angst auch vor k\u00f6rperlichen \u00dcbergriffen sind angestiegen. F\u00fcr Respekt und die Gemeinschaft vor Ort ist das eine immense Bedrohung.&#8221;<\/em><\/p>\n<p>Daher warne er nachdr\u00fccklich vor den drohenden &#8220;kirchen- und gesellschaftsfeindlichen Bestrebungen der AfD&#8221;, so die Webseite <em>Evangelisch<\/em>\u00a0<a rel=\"nofollow\" target=\"_blank\" href=\"https:\/\/www.evangelisch.de\/inhalte\/257706\/30-07-2026\/kirchenprasident-ablehnung-gegenuber-afd-wachst\" target=\"_blank\" rel=\"noopener noreferrer\">zitierend<\/a>.<\/p>\n<p>Der mitteldeutsche Landesbischof erkennt ebenfalls &#8220;vor allem Frauen&#8221; durch die drohende AfD-Macht benachteiligt. Friedrich Kramer warnte daher am Donnerstag in Magdeburg laut Agenturmeldung &#8220;vor dem Wegfall von Unterst\u00fctzungs- und Hilfsangeboten im Falle einer m\u00f6glichen AfD-Regierung in Sachsen-Anhalt&#8221;, um die Warnung auszusprechen:<\/p>\n<p><em>&#8220;Wenn etwa die Stellen f\u00fcr Gleichstellungsbeauftragte wegfielen, hat das heftige Auswirkungen auf Frauen-Netzwerke und Hilfsangebote.&#8221;<\/em><\/p>\n<p>Zur amtierenden Beauftragten <a rel=\"nofollow\" target=\"_blank\" href=\"https:\/\/leitstelle-frauen-geschlechtergleichstellung.sachsen-anhalt.de\/frauen-und-gleichstellung\/landesbeauftragte-fuer-frauen-und-gleichstellung\" target=\"_blank\" rel=\"noopener noreferrer\">informiert<\/a> die CDU-Landesregierung:<\/p>\n<p><em>&#8220;Als Gleichstellungs- und Antidiskriminierungsbeauftragte wird sich Sarah Schulze auch f\u00fcr den Schutz vor Diskriminierungen stark machen und beispielsweise das Aktionsprogramm LSBTTI [Lesben, Schwule, Bisexuelle, trans* und intergeschlechtliche Personen] im Dialog mit Interessenvertretungen weiterentwickeln: &#8216;Gemeinsam mit der Community m\u00f6chte ich f\u00fcr Diversit\u00e4t als Bereicherung werben, Vorurteile abbauen und Gewalt verhindern&#8217;.&#8221;<\/em><\/p>\n<\/div>\n<\/div>\n<\/div>\n<\/div>\n<\/li>\n<li class=\"LiveUpdates-item Listing-item\">\n<div class=\"LiveUpdates-date\">\n<p class=\"HeaderNews-root HeaderNews-type_2 \">\n                29.07.2026 14:15 Uhr\n            <\/p>\n<\/div>\n<div class=\"LiveUpdate-root\">\n<div class=\"LiveUpdate-date\">\n<p class=\"HeaderNews-root HeaderNews-type_6 \">\n                14:15 Uhr\n            <\/p>\n<\/div>\n<div class=\"LiveUpdate-content\">\n<div class=\"LiveUpdate-text\">\n<div class=\"Text-root Text-type_5 ViewText-root\">\n<p><strong>Sachsen-Anhalt: 5-Prozent-SPD bringt Drei-Prozent-H\u00fcrde ins Spiel<\/strong><\/p>\n<p>Nach den j\u00fcngsten Umfragen zur Landtagswahl in Sachsen-Anhalt am 6. September 2026 k\u00e4mpft die ehemalige Arbeiterpartei SPD mit gerade einmal 5 Prozent Zustimmung bei den B\u00fcrgern um den erhofften Einzug ins Landesparlament in Magdeburg.<\/p>\n<p>Rund f\u00fcnf Wochen vor dem entscheidenen Tag m\u00f6chte sich daher der eher unbekannte sachsen-anhaltinische SPD-Spitzenkandidat Armin Willingmann etwas ins Gespr\u00e4ch bringen.\u00a0<\/p>\n<p>Der Politiker<em>\u00a0<\/em>erkl\u00e4rte gegen\u00fcber dem Berliner <em>Tagesspiegel\u00a0<\/em>zur Wahlkampf-Endsiegstrategie der Kleinstpartei, wenn regelm\u00e4\u00dfig erhebliche Stimmenanteile knapp unterhalb der Sperrklausel unber\u00fccksichtigt blieben, dann sei es doch legitim, ja es biete sich regelrecht an, dar\u00fcber zu diskutieren, die 5-Prozent-Klausel mal zu hinterfragen.<\/p>\n<p>Daher lautet die z\u00fcndende Idee samt vorgeschobener Rechtfertigung:<\/p>\n<p><em>&#8220;Eine Drei-Prozent-H\u00fcrde w\u00e4re immer noch ein wirksamer Schutz vor einer Zersplitterung des Parlaments und ist auch bereits gelebte Praxis in anderen europ\u00e4ischen L\u00e4ndern.&#8221;<\/em><\/p>\n<p>Ein entsprechender Vorschlag sei &#8220;deshalb keineswegs abwegig und sodann sorgf\u00e4ltig verfassungsrechtlich und politisch zu diskutieren.&#8221;<\/p>\n<p>&#8220;Ganz akut steht eine solche Reduktion der Sperrklausel nicht an&#8221;, so Willingmann w\u00f6rtlich weiter ausf\u00fchrend, aber man kann ja \u2013 rein mutma\u00dfend \u2013 als Berufspolitiker f\u00fcr m\u00f6gliche SPD-Endzeitergebnisse am 6. September in Sachsen-Anhalt zumindest theoretisch mal vorarbeiten. Die rechtfertigende Logik lautet daher:<\/p>\n<p><em>&#8220;Die F\u00fcnf-Prozent-H\u00fcrde ist kein beliebiger Wert, sondern dient dazu, Handlungsf\u00e4higkeit und stabile Mehrheiten zu sichern. Zugleich stellt sich die Frage, ob sie den politischen Realit\u00e4ten eines Vielparteiensystems noch in jeder Hinsicht gerecht wird.&#8221;<\/em><\/p>\n<p>Der\u00a0Vollst\u00e4ndigkeit halber sei korrektweise darauf hingewiesen, dass zuvor bereits der fr\u00fchere Pr\u00e4sident des Bundesverfassungsgerichts, Hans-J\u00fcrgen Papier, die sogenannte F\u00fcnf-Prozent-H\u00fcrde medial &#8220;<a rel=\"nofollow\" target=\"_blank\" href=\"https:\/\/www.welt.de\/politik\/deutschland\/article6a698d74a17ee9f1dfd825fd\/sperrklausel-jetzt-bringt-auch-die-spd-die-drei-prozent-huerde-ins-spiel.html\" target=\"_blank\" rel=\"noopener noreferrer\">infrage gestellt<\/a>&#8221; hatte.<\/p>\n<\/div>\n<\/div>\n<\/div>\n<\/div>\n<\/li>\n<\/ul>\n<div class=\"Listing-isReact\" data-rtmodule=\"Listing\" onload=\"return {\n                page: '1',\n                limit: '10',\n                listing: '\/listing\/parent.64da2133b480cc5cc937830f\/noprepare\/liveupdates\/10\/1',\n            };\"><\/div>\n<\/div>\n<\/div>\n<\/div>\n<p><script async defer src=\"https:\/\/platform.instagram.com\/en_US\/embeds.js\"><\/script><br \/>\n<br \/><br \/>\n<br \/><a href=\"https:\/\/de.rt.com\/gesellschaft\/177846-wahnsinns-ticker-muenchen-viktorianisch-pappmache\/\">Source link <\/a><\/p>\n","protected":false},"excerpt":{"rendered":"<p>&#8220;Sch\u00f6ne neue Welt&#8221; oder einfach nur der normale Irrsinn? T\u00e4glich ist man als Medienkonsument mit Meldungen aus allen m\u00f6glichen Themenbereichen konfrontiert, die man vor wenigen Jahren noch als Satire verbucht h\u00e4tte. Wir pr\u00e4sentieren hier in loser Folge eine kleine Auswahl aktueller F\u00e4lle. 31.08.2026 16:00 Uhr 16:00 Uhr Verh\u00fcllung von Wiesn-Figuren der Stadt M\u00fcnchen nun doch [&hellip;]<\/p>\n","protected":false},"author":3,"featured_media":109653,"comment_status":"open","ping_status":"open","sticky":false,"template":"","format":"standard","meta":{"wp_automatic_camp":["217"],"aef0ad15c349476d4dae5704dbfb4345":["Wahnsinns-Ticker \u2013 M\u00fcnchen viktorianisch: Pappmach\u00e9-Figuren zeigten zu viel Haut"],"original_link":["https:\/\/de.rt.com\/gesellschaft\/177846-wahnsinns-ticker-muenchen-viktorianisch-pappmache\/"],"_thumbnail_id":["109653"],"_wptgpro_p2tg_sent2tg":["a:1:{i:23737;s:19:\"2026-08-31 17:33:43\";}"],"jnews_social_counter_last_update":["1788289520"]},"categories":[19,23],"tags":[54838,2003,75927,11607,75926,75894,75928],"class_list":["post-109672","post","type-post","status-publish","format-standard","has-post-thumbnail","hentry","category-deutschland","category-russland","tag-haut","tag-muenchen","tag-pappmachefiguren","tag-viel","tag-viktorianisch","tag-wahnsinnsticker","tag-zeigten"],"yoast_head":"<!-- This site is optimized with the Yoast SEO Premium plugin v22.7 (Yoast SEO v28.2) - https:\/\/yoast.com\/product\/yoast-seo-premium-wordpress\/ -->\n<title>Wahnsinns-Ticker \u2013 M\u00fcnchen viktorianisch: Pappmach\u00e9-Figuren zeigten zu viel Haut - just-now.NEWS Deutschland<\/title>\n<meta name=\"robots\" content=\"index, follow, max-snippet:-1, max-image-preview:large, max-video-preview:-1\" \/>\n<link rel=\"canonical\" href=\"https:\/\/now-news.de\/de\/deutschland\/wahnsinns-ticker-muenchen-viktorianisch-pappmache-figuren-zeigten-zu-viel-haut\/\" \/>\n<meta property=\"og:locale\" content=\"de_DE\" \/>\n<meta property=\"og:type\" content=\"article\" \/>\n<meta property=\"og:title\" content=\"Wahnsinns-Ticker \u2013 M\u00fcnchen viktorianisch: Pappmach\u00e9-Figuren zeigten zu viel Haut\" \/>\n<meta property=\"og:description\" content=\"&#8220;Sch\u00f6ne neue Welt&#8221; oder einfach nur der normale Irrsinn? T\u00e4glich ist man als Medienkonsument mit Meldungen aus allen m\u00f6glichen Themenbereichen konfrontiert, die man vor wenigen Jahren noch als Satire verbucht h\u00e4tte. Wir pr\u00e4sentieren hier in loser Folge eine kleine Auswahl aktueller F\u00e4lle. 31.08.2026 16:00 Uhr 16:00 Uhr Verh\u00fcllung von Wiesn-Figuren der Stadt M\u00fcnchen nun doch [&hellip;]\" \/>\n<meta property=\"og:url\" content=\"https:\/\/now-news.de\/de\/deutschland\/wahnsinns-ticker-muenchen-viktorianisch-pappmache-figuren-zeigten-zu-viel-haut\/\" \/>\n<meta property=\"og:site_name\" content=\"just-now.NEWS Deutschland\" \/>\n<meta property=\"article:publisher\" content=\"https:\/\/www.facebook.com\/wirmachenauf\" \/>\n<meta property=\"article:published_time\" content=\"2026-08-31T14:00:00+00:00\" \/>\n<meta property=\"og:image\" content=\"https:\/\/now-news.de\/de\/wp-content\/uploads\/sites\/3\/2026\/08\/6a9559ab48fbef5eca1e35d2.jpg\" \/>\n<meta name=\"author\" content=\"rtnews\" \/>\n<meta name=\"twitter:card\" content=\"summary_large_image\" \/>\n<meta name=\"twitter:creator\" content=\"@WirMachenAuf_de\" \/>\n<meta name=\"twitter:site\" content=\"@WirMachenAuf_de\" \/>\n<meta name=\"twitter:label1\" content=\"Verfasst von\" \/>\n\t<meta name=\"twitter:data1\" content=\"rtnews\" \/>\n\t<meta name=\"twitter:label2\" content=\"Gesch\u00e4tzte Lesezeit\" \/>\n\t<meta name=\"twitter:data2\" content=\"15\u00a0Minuten\" \/>\n<script type=\"application\/ld+json\" class=\"yoast-schema-graph\">{\"@context\":\"https:\\\/\\\/schema.org\",\"@graph\":[{\"@type\":\"Article\",\"@id\":\"https:\\\/\\\/now-news.de\\\/de\\\/deutschland\\\/wahnsinns-ticker-muenchen-viktorianisch-pappmache-figuren-zeigten-zu-viel-haut\\\/#article\",\"isPartOf\":{\"@id\":\"https:\\\/\\\/now-news.de\\\/de\\\/deutschland\\\/wahnsinns-ticker-muenchen-viktorianisch-pappmache-figuren-zeigten-zu-viel-haut\\\/\"},\"author\":{\"name\":\"rtnews\",\"@id\":\"https:\\\/\\\/now-news.de\\\/de\\\/#\\\/schema\\\/person\\\/fb534a4e865501d8b3285208df34a9b5\"},\"headline\":\"Wahnsinns-Ticker \u2013 M\u00fcnchen viktorianisch: Pappmach\u00e9-Figuren zeigten zu viel Haut\",\"datePublished\":\"2026-08-31T14:00:00+00:00\",\"mainEntityOfPage\":{\"@id\":\"https:\\\/\\\/now-news.de\\\/de\\\/deutschland\\\/wahnsinns-ticker-muenchen-viktorianisch-pappmache-figuren-zeigten-zu-viel-haut\\\/\"},\"wordCount\":3102,\"commentCount\":0,\"publisher\":{\"@id\":\"https:\\\/\\\/now-news.de\\\/de\\\/#organization\"},\"image\":{\"@id\":\"https:\\\/\\\/now-news.de\\\/de\\\/deutschland\\\/wahnsinns-ticker-muenchen-viktorianisch-pappmache-figuren-zeigten-zu-viel-haut\\\/#primaryimage\"},\"thumbnailUrl\":\"https:\\\/\\\/now-news.de\\\/de\\\/wp-content\\\/uploads\\\/sites\\\/3\\\/2026\\\/08\\\/Wahnsinns-Ticker-\u2013-Fanbase-Meltdown-Habeck-Lesungen-zum-neuen-Buch-ausverkauft.jpg\",\"keywords\":[\"Haut\",\"M\u00fcnchen\",\"Pappmach\u00e9Figuren\",\"viel\",\"viktorianisch\",\"WahnsinnsTicker\",\"zeigten\"],\"articleSection\":[\"Deutschland\",\"Russland\"],\"inLanguage\":\"de\",\"potentialAction\":[{\"@type\":\"CommentAction\",\"name\":\"Comment\",\"target\":[\"https:\\\/\\\/now-news.de\\\/de\\\/deutschland\\\/wahnsinns-ticker-muenchen-viktorianisch-pappmache-figuren-zeigten-zu-viel-haut\\\/#respond\"]}]},{\"@type\":\"WebPage\",\"@id\":\"https:\\\/\\\/now-news.de\\\/de\\\/deutschland\\\/wahnsinns-ticker-muenchen-viktorianisch-pappmache-figuren-zeigten-zu-viel-haut\\\/\",\"url\":\"https:\\\/\\\/now-news.de\\\/de\\\/deutschland\\\/wahnsinns-ticker-muenchen-viktorianisch-pappmache-figuren-zeigten-zu-viel-haut\\\/\",\"name\":\"Wahnsinns-Ticker \u2013 M\u00fcnchen viktorianisch: Pappmach\u00e9-Figuren zeigten zu viel Haut - just-now.NEWS Deutschland\",\"isPartOf\":{\"@id\":\"https:\\\/\\\/now-news.de\\\/de\\\/#website\"},\"primaryImageOfPage\":{\"@id\":\"https:\\\/\\\/now-news.de\\\/de\\\/deutschland\\\/wahnsinns-ticker-muenchen-viktorianisch-pappmache-figuren-zeigten-zu-viel-haut\\\/#primaryimage\"},\"image\":{\"@id\":\"https:\\\/\\\/now-news.de\\\/de\\\/deutschland\\\/wahnsinns-ticker-muenchen-viktorianisch-pappmache-figuren-zeigten-zu-viel-haut\\\/#primaryimage\"},\"thumbnailUrl\":\"https:\\\/\\\/now-news.de\\\/de\\\/wp-content\\\/uploads\\\/sites\\\/3\\\/2026\\\/08\\\/Wahnsinns-Ticker-\u2013-Fanbase-Meltdown-Habeck-Lesungen-zum-neuen-Buch-ausverkauft.jpg\",\"datePublished\":\"2026-08-31T14:00:00+00:00\",\"breadcrumb\":{\"@id\":\"https:\\\/\\\/now-news.de\\\/de\\\/deutschland\\\/wahnsinns-ticker-muenchen-viktorianisch-pappmache-figuren-zeigten-zu-viel-haut\\\/#breadcrumb\"},\"inLanguage\":\"de\",\"potentialAction\":[{\"@type\":\"ReadAction\",\"target\":[\"https:\\\/\\\/now-news.de\\\/de\\\/deutschland\\\/wahnsinns-ticker-muenchen-viktorianisch-pappmache-figuren-zeigten-zu-viel-haut\\\/\"]}]},{\"@type\":\"ImageObject\",\"inLanguage\":\"de\",\"@id\":\"https:\\\/\\\/now-news.de\\\/de\\\/deutschland\\\/wahnsinns-ticker-muenchen-viktorianisch-pappmache-figuren-zeigten-zu-viel-haut\\\/#primaryimage\",\"url\":\"https:\\\/\\\/now-news.de\\\/de\\\/wp-content\\\/uploads\\\/sites\\\/3\\\/2026\\\/08\\\/Wahnsinns-Ticker-\u2013-Fanbase-Meltdown-Habeck-Lesungen-zum-neuen-Buch-ausverkauft.jpg\",\"contentUrl\":\"https:\\\/\\\/now-news.de\\\/de\\\/wp-content\\\/uploads\\\/sites\\\/3\\\/2026\\\/08\\\/Wahnsinns-Ticker-\u2013-Fanbase-Meltdown-Habeck-Lesungen-zum-neuen-Buch-ausverkauft.jpg\",\"width\":977,\"height\":647,\"caption\":\"Wahnsinns-Ticker \u2013 Fanbase-Meltdown: Habeck-Lesungen zum neuen Buch ausverkauft\"},{\"@type\":\"BreadcrumbList\",\"@id\":\"https:\\\/\\\/now-news.de\\\/de\\\/deutschland\\\/wahnsinns-ticker-muenchen-viktorianisch-pappmache-figuren-zeigten-zu-viel-haut\\\/#breadcrumb\",\"itemListElement\":[{\"@type\":\"ListItem\",\"position\":1,\"name\":\"Home\",\"item\":\"https:\\\/\\\/now-news.de\\\/de\\\/\"},{\"@type\":\"ListItem\",\"position\":2,\"name\":\"Wahnsinns-Ticker \u2013 M\u00fcnchen viktorianisch: Pappmach\u00e9-Figuren zeigten zu viel Haut\"}]},{\"@type\":\"WebSite\",\"@id\":\"https:\\\/\\\/now-news.de\\\/de\\\/#website\",\"url\":\"https:\\\/\\\/now-news.de\\\/de\\\/\",\"name\":\"just-now.NEWS Deutschland\",\"description\":\"Das Portal f\u00fcr unzensierte Nachrichten aus der Welt\",\"publisher\":{\"@id\":\"https:\\\/\\\/now-news.de\\\/de\\\/#organization\"},\"potentialAction\":[{\"@type\":\"SearchAction\",\"target\":{\"@type\":\"EntryPoint\",\"urlTemplate\":\"https:\\\/\\\/now-news.de\\\/de\\\/?s={search_term_string}\"},\"query-input\":{\"@type\":\"PropertyValueSpecification\",\"valueRequired\":true,\"valueName\":\"search_term_string\"}}],\"inLanguage\":\"de\"},{\"@type\":\"Organization\",\"@id\":\"https:\\\/\\\/now-news.de\\\/de\\\/#organization\",\"name\":\"Just Now News\",\"url\":\"https:\\\/\\\/now-news.de\\\/de\\\/\",\"logo\":{\"@type\":\"ImageObject\",\"inLanguage\":\"de\",\"@id\":\"https:\\\/\\\/now-news.de\\\/de\\\/#\\\/schema\\\/logo\\\/image\\\/\",\"url\":\"http:\\\/\\\/just-now.news\\\/de\\\/wp-content\\\/uploads\\\/sites\\\/3\\\/2022\\\/04\\\/logo500x500.jpg\",\"contentUrl\":\"http:\\\/\\\/just-now.news\\\/de\\\/wp-content\\\/uploads\\\/sites\\\/3\\\/2022\\\/04\\\/logo500x500.jpg\",\"width\":500,\"height\":500,\"caption\":\"Just Now News\"},\"image\":{\"@id\":\"https:\\\/\\\/now-news.de\\\/de\\\/#\\\/schema\\\/logo\\\/image\\\/\"},\"sameAs\":[\"https:\\\/\\\/www.facebook.com\\\/wirmachenauf\",\"https:\\\/\\\/x.com\\\/WirMachenAuf_de\"]},{\"@type\":\"Person\",\"@id\":\"https:\\\/\\\/now-news.de\\\/de\\\/#\\\/schema\\\/person\\\/fb534a4e865501d8b3285208df34a9b5\",\"name\":\"rtnews\",\"image\":{\"@type\":\"ImageObject\",\"inLanguage\":\"de\",\"@id\":\"https:\\\/\\\/secure.gravatar.com\\\/avatar\\\/358fe31b3ab5769fea05376e1953329834cd9912cf9daf607e2af3076a1b982b?s=96&d=mm&r=g\",\"url\":\"https:\\\/\\\/secure.gravatar.com\\\/avatar\\\/358fe31b3ab5769fea05376e1953329834cd9912cf9daf607e2af3076a1b982b?s=96&d=mm&r=g\",\"contentUrl\":\"https:\\\/\\\/secure.gravatar.com\\\/avatar\\\/358fe31b3ab5769fea05376e1953329834cd9912cf9daf607e2af3076a1b982b?s=96&d=mm&r=g\",\"caption\":\"rtnews\"},\"url\":\"https:\\\/\\\/now-news.de\\\/de\\\/author\\\/rnews\\\/\"}]}<\/script>\n<!-- \/ Yoast SEO Premium plugin. -->","yoast_head_json":{"title":"Wahnsinns-Ticker \u2013 M\u00fcnchen viktorianisch: Pappmach\u00e9-Figuren zeigten zu viel Haut - just-now.NEWS Deutschland","robots":{"index":"index","follow":"follow","max-snippet":"max-snippet:-1","max-image-preview":"max-image-preview:large","max-video-preview":"max-video-preview:-1"},"canonical":"https:\/\/now-news.de\/de\/deutschland\/wahnsinns-ticker-muenchen-viktorianisch-pappmache-figuren-zeigten-zu-viel-haut\/","og_locale":"de_DE","og_type":"article","og_title":"Wahnsinns-Ticker \u2013 M\u00fcnchen viktorianisch: Pappmach\u00e9-Figuren zeigten zu viel Haut","og_description":"&#8220;Sch\u00f6ne neue Welt&#8221; oder einfach nur der normale Irrsinn? T\u00e4glich ist man als Medienkonsument mit Meldungen aus allen m\u00f6glichen Themenbereichen konfrontiert, die man vor wenigen Jahren noch als Satire verbucht h\u00e4tte. Wir pr\u00e4sentieren hier in loser Folge eine kleine Auswahl aktueller F\u00e4lle. 31.08.2026 16:00 Uhr 16:00 Uhr Verh\u00fcllung von Wiesn-Figuren der Stadt M\u00fcnchen nun doch [&hellip;]","og_url":"https:\/\/now-news.de\/de\/deutschland\/wahnsinns-ticker-muenchen-viktorianisch-pappmache-figuren-zeigten-zu-viel-haut\/","og_site_name":"just-now.NEWS Deutschland","article_publisher":"https:\/\/www.facebook.com\/wirmachenauf","article_published_time":"2026-08-31T14:00:00+00:00","og_image":[{"url":"https:\/\/now-news.de\/de\/wp-content\/uploads\/sites\/3\/2026\/08\/6a9559ab48fbef5eca1e35d2.jpg","type":"","width":"","height":""}],"author":"rtnews","twitter_card":"summary_large_image","twitter_creator":"@WirMachenAuf_de","twitter_site":"@WirMachenAuf_de","twitter_misc":{"Verfasst von":"rtnews","Gesch\u00e4tzte Lesezeit":"15\u00a0Minuten"},"schema":{"@context":"https:\/\/schema.org","@graph":[{"@type":"Article","@id":"https:\/\/now-news.de\/de\/deutschland\/wahnsinns-ticker-muenchen-viktorianisch-pappmache-figuren-zeigten-zu-viel-haut\/#article","isPartOf":{"@id":"https:\/\/now-news.de\/de\/deutschland\/wahnsinns-ticker-muenchen-viktorianisch-pappmache-figuren-zeigten-zu-viel-haut\/"},"author":{"name":"rtnews","@id":"https:\/\/now-news.de\/de\/#\/schema\/person\/fb534a4e865501d8b3285208df34a9b5"},"headline":"Wahnsinns-Ticker \u2013 M\u00fcnchen viktorianisch: Pappmach\u00e9-Figuren zeigten zu viel Haut","datePublished":"2026-08-31T14:00:00+00:00","mainEntityOfPage":{"@id":"https:\/\/now-news.de\/de\/deutschland\/wahnsinns-ticker-muenchen-viktorianisch-pappmache-figuren-zeigten-zu-viel-haut\/"},"wordCount":3102,"commentCount":0,"publisher":{"@id":"https:\/\/now-news.de\/de\/#organization"},"image":{"@id":"https:\/\/now-news.de\/de\/deutschland\/wahnsinns-ticker-muenchen-viktorianisch-pappmache-figuren-zeigten-zu-viel-haut\/#primaryimage"},"thumbnailUrl":"https:\/\/now-news.de\/de\/wp-content\/uploads\/sites\/3\/2026\/08\/Wahnsinns-Ticker-\u2013-Fanbase-Meltdown-Habeck-Lesungen-zum-neuen-Buch-ausverkauft.jpg","keywords":["Haut","M\u00fcnchen","Pappmach\u00e9Figuren","viel","viktorianisch","WahnsinnsTicker","zeigten"],"articleSection":["Deutschland","Russland"],"inLanguage":"de","potentialAction":[{"@type":"CommentAction","name":"Comment","target":["https:\/\/now-news.de\/de\/deutschland\/wahnsinns-ticker-muenchen-viktorianisch-pappmache-figuren-zeigten-zu-viel-haut\/#respond"]}]},{"@type":"WebPage","@id":"https:\/\/now-news.de\/de\/deutschland\/wahnsinns-ticker-muenchen-viktorianisch-pappmache-figuren-zeigten-zu-viel-haut\/","url":"https:\/\/now-news.de\/de\/deutschland\/wahnsinns-ticker-muenchen-viktorianisch-pappmache-figuren-zeigten-zu-viel-haut\/","name":"Wahnsinns-Ticker \u2013 M\u00fcnchen viktorianisch: Pappmach\u00e9-Figuren zeigten zu viel Haut - just-now.NEWS Deutschland","isPartOf":{"@id":"https:\/\/now-news.de\/de\/#website"},"primaryImageOfPage":{"@id":"https:\/\/now-news.de\/de\/deutschland\/wahnsinns-ticker-muenchen-viktorianisch-pappmache-figuren-zeigten-zu-viel-haut\/#primaryimage"},"image":{"@id":"https:\/\/now-news.de\/de\/deutschland\/wahnsinns-ticker-muenchen-viktorianisch-pappmache-figuren-zeigten-zu-viel-haut\/#primaryimage"},"thumbnailUrl":"https:\/\/now-news.de\/de\/wp-content\/uploads\/sites\/3\/2026\/08\/Wahnsinns-Ticker-\u2013-Fanbase-Meltdown-Habeck-Lesungen-zum-neuen-Buch-ausverkauft.jpg","datePublished":"2026-08-31T14:00:00+00:00","breadcrumb":{"@id":"https:\/\/now-news.de\/de\/deutschland\/wahnsinns-ticker-muenchen-viktorianisch-pappmache-figuren-zeigten-zu-viel-haut\/#breadcrumb"},"inLanguage":"de","potentialAction":[{"@type":"ReadAction","target":["https:\/\/now-news.de\/de\/deutschland\/wahnsinns-ticker-muenchen-viktorianisch-pappmache-figuren-zeigten-zu-viel-haut\/"]}]},{"@type":"ImageObject","inLanguage":"de","@id":"https:\/\/now-news.de\/de\/deutschland\/wahnsinns-ticker-muenchen-viktorianisch-pappmache-figuren-zeigten-zu-viel-haut\/#primaryimage","url":"https:\/\/now-news.de\/de\/wp-content\/uploads\/sites\/3\/2026\/08\/Wahnsinns-Ticker-\u2013-Fanbase-Meltdown-Habeck-Lesungen-zum-neuen-Buch-ausverkauft.jpg","contentUrl":"https:\/\/now-news.de\/de\/wp-content\/uploads\/sites\/3\/2026\/08\/Wahnsinns-Ticker-\u2013-Fanbase-Meltdown-Habeck-Lesungen-zum-neuen-Buch-ausverkauft.jpg","width":977,"height":647,"caption":"Wahnsinns-Ticker \u2013 Fanbase-Meltdown: Habeck-Lesungen zum neuen Buch ausverkauft"},{"@type":"BreadcrumbList","@id":"https:\/\/now-news.de\/de\/deutschland\/wahnsinns-ticker-muenchen-viktorianisch-pappmache-figuren-zeigten-zu-viel-haut\/#breadcrumb","itemListElement":[{"@type":"ListItem","position":1,"name":"Home","item":"https:\/\/now-news.de\/de\/"},{"@type":"ListItem","position":2,"name":"Wahnsinns-Ticker \u2013 M\u00fcnchen viktorianisch: Pappmach\u00e9-Figuren zeigten zu viel Haut"}]},{"@type":"WebSite","@id":"https:\/\/now-news.de\/de\/#website","url":"https:\/\/now-news.de\/de\/","name":"just-now.NEWS Deutschland","description":"Das Portal f\u00fcr unzensierte Nachrichten aus der Welt","publisher":{"@id":"https:\/\/now-news.de\/de\/#organization"},"potentialAction":[{"@type":"SearchAction","target":{"@type":"EntryPoint","urlTemplate":"https:\/\/now-news.de\/de\/?s={search_term_string}"},"query-input":{"@type":"PropertyValueSpecification","valueRequired":true,"valueName":"search_term_string"}}],"inLanguage":"de"},{"@type":"Organization","@id":"https:\/\/now-news.de\/de\/#organization","name":"Just Now News","url":"https:\/\/now-news.de\/de\/","logo":{"@type":"ImageObject","inLanguage":"de","@id":"https:\/\/now-news.de\/de\/#\/schema\/logo\/image\/","url":"http:\/\/just-now.news\/de\/wp-content\/uploads\/sites\/3\/2022\/04\/logo500x500.jpg","contentUrl":"http:\/\/just-now.news\/de\/wp-content\/uploads\/sites\/3\/2022\/04\/logo500x500.jpg","width":500,"height":500,"caption":"Just Now News"},"image":{"@id":"https:\/\/now-news.de\/de\/#\/schema\/logo\/image\/"},"sameAs":["https:\/\/www.facebook.com\/wirmachenauf","https:\/\/x.com\/WirMachenAuf_de"]},{"@type":"Person","@id":"https:\/\/now-news.de\/de\/#\/schema\/person\/fb534a4e865501d8b3285208df34a9b5","name":"rtnews","image":{"@type":"ImageObject","inLanguage":"de","@id":"https:\/\/secure.gravatar.com\/avatar\/358fe31b3ab5769fea05376e1953329834cd9912cf9daf607e2af3076a1b982b?s=96&d=mm&r=g","url":"https:\/\/secure.gravatar.com\/avatar\/358fe31b3ab5769fea05376e1953329834cd9912cf9daf607e2af3076a1b982b?s=96&d=mm&r=g","contentUrl":"https:\/\/secure.gravatar.com\/avatar\/358fe31b3ab5769fea05376e1953329834cd9912cf9daf607e2af3076a1b982b?s=96&d=mm&r=g","caption":"rtnews"},"url":"https:\/\/now-news.de\/de\/author\/rnews\/"}]}},"_links":{"self":[{"href":"https:\/\/now-news.de\/de\/wp-json\/wp\/v2\/posts\/109672","targetHints":{"allow":["GET"]}}],"collection":[{"href":"https:\/\/now-news.de\/de\/wp-json\/wp\/v2\/posts"}],"about":[{"href":"https:\/\/now-news.de\/de\/wp-json\/wp\/v2\/types\/post"}],"author":[{"embeddable":true,"href":"https:\/\/now-news.de\/de\/wp-json\/wp\/v2\/users\/3"}],"replies":[{"embeddable":true,"href":"https:\/\/now-news.de\/de\/wp-json\/wp\/v2\/comments?post=109672"}],"version-history":[{"count":0,"href":"https:\/\/now-news.de\/de\/wp-json\/wp\/v2\/posts\/109672\/revisions"}],"wp:featuredmedia":[{"embeddable":true,"href":"https:\/\/now-news.de\/de\/wp-json\/wp\/v2\/media\/109653"}],"wp:attachment":[{"href":"https:\/\/now-news.de\/de\/wp-json\/wp\/v2\/media?parent=109672"}],"wp:term":[{"taxonomy":"category","embeddable":true,"href":"https:\/\/now-news.de\/de\/wp-json\/wp\/v2\/categories?post=109672"},{"taxonomy":"post_tag","embeddable":true,"href":"https:\/\/now-news.de\/de\/wp-json\/wp\/v2\/tags?post=109672"}],"curies":[{"name":"wp","href":"https:\/\/api.w.org\/{rel}","templated":true}]}}