{"id":109658,"date":"2026-08-31T14:45:44","date_gmt":"2026-08-31T12:45:44","guid":{"rendered":"https:\/\/now-news.de\/de\/deutschland\/lawrow-nato-baut-in-der-arktis-neue-front-gegen-russland-auf\/"},"modified":"2026-08-31T14:45:44","modified_gmt":"2026-08-31T12:45:44","slug":"lawrow-nato-baut-in-der-arktis-neue-front-gegen-russland-auf","status":"publish","type":"post","link":"https:\/\/now-news.de\/de\/deutschland\/lawrow-nato-baut-in-der-arktis-neue-front-gegen-russland-auf\/","title":{"rendered":"Lawrow: NATO baut in der Arktis neue Front gegen Russland auf"},"content":{"rendered":"<p><img decoding=\"async\" src=\"https:\/\/now-news.de\/de\/wp-content\/uploads\/sites\/3\/2026\/08\/6a956cfab480cc143f1ddb8c.jpg\" \/><\/p>\n<div class=\"Text-root Text-type_1 \">\n                Die NATO-L\u00e4nder betrachten den hohen Norden zunehmend als eine weitere Front im Kampf gegen Moskau und seine Partner, meint der russische Au\u00dfenminister Sergei Lawrow. Das Vorgehen k\u00f6nnte zu einem bewaffneten Konflikt mit verheerenden Folgen f\u00fchren.\n            <\/div>\n<p><\/p>\n<div class=\"Text-root Text-type_5 ArticleView-text ViewText-root \">\n<p>Die NATO will die Arktis in einen neuen Brennpunkt der Spannungen verwandeln, erkl\u00e4rt der russische Au\u00dfenminister Sergei Lawrow. In einem Artikel, der am Montag auf\u00a0<a rel=\"nofollow\" target=\"_blank\" href=\"https:\/\/arctic.ru\/\" target=\"_blank\" rel=\"noopener noreferrer\">Arctic.ru<\/a>\u00a0ver\u00f6ffentlicht wurde, warnte der Diplomat, dass das Milit\u00e4rb\u00fcndnis mit seinem aktiven Milit\u00e4raufbau in der Region ein Klima des Misstrauens geschaffen habe. Dies berge das Risiko einer bewaffneten Konfrontation, nicht nur mit Russland, sondern auch mit anderen Nationen.<\/p>\n<p>In seinem Artikel betonte Lawrow, Russland habe vor allem daran Interesse, die Arktis als friedliche Region der Kooperation zu erhalten, und warf der NATO die Militarisierung der Region vor. Der Minister hob hervor:<\/p>\n<blockquote>\n<p><em>&#8220;Intensive milit\u00e4rische Vorbereitungen laufen in unmittelbarer N\u00e4he unserer Nordgrenzen. Die NATO unternimmt gro\u00dfangelegte Milit\u00e4r\u00fcbungen unter Beteiligung von Staaten au\u00dferhalb der Region und f\u00fchrt neue Komponenten ihres F\u00fchrungs- und Kontrollsystems ein.&#8221;<\/em><\/p>\n<\/blockquote>\n<p>Die NATO-Mitglieder und andere westliche L\u00e4nder sollen aus ihren wahren Motiven kein Geheimnis machen und ihre Absicht offen bekannt geben, die Arktis zu einer neuen Front im Kampf gegen Russland und seine Partner zu machen, sagte Lawrow. Ein solches Vorgehen erh\u00f6he das Risiko von Zwischenf\u00e4llen, die eine bewaffnete Konfrontation mit potenziell verheerenden Folgen ausl\u00f6sen k\u00f6nnten.<\/p>\n<p>Au\u00dferdem stellten die NATO und die EU nicht nur eine direkte Bedrohung f\u00fcr die Sicherheit Russlands dar, sondern versuchten auch, legitime Rechte des Landes an internationaler Zusammenarbeit zu untergraben. Daf\u00fcr w\u00fcrden die Partner, darunter die wichtigsten wie China und Indien, mit Sanktionen belegt, die insbesondere Projekte in der Arktis betr\u00e4fen.<\/p>\n<p>Trotz der Bestrebungen der NATO sei Moskau bereit, mit allen konstruktiv gesinnten ausl\u00e4ndischen Staaten zusammenzuarbeiten, die im Gegenzug die Interessen Russlands respektieren, f\u00fcgte der Au\u00dfenminister hinzu.<\/p>\n<p>Anfang des Jahres hatte die NATO ihre Aktivit\u00e4ten im hohen Norden mit der Initiative &#8220;Arctic Sentry&#8221; verst\u00e4rkt. Dieser Schritt wurde als Reaktion auf US-Pr\u00e4sident Donald Trumps Versuch dargestellt, Gr\u00f6nland zu annektieren. Die Insel sei vermeintlich durch Russland und China bedroht.<\/p>\n<p>Sowohl Moskau als auch Peking wiesen die Vorw\u00fcrfe wiederholt zur\u00fcck. China argumentierte, die USA nutzten die Anspr\u00fcche lediglich als Vorwand f\u00fcr ihren eigenen Milit\u00e4raufbau in der Arktis. Russland bekr\u00e4ftigte, seine Interessen in der Arktis zu verteidigen, obwohl es an dem Konflikt um Gr\u00f6nland nicht beteiligt sei.<\/p>\n<p><strong>Mehr zum Thema<\/strong> \u2013 <a rel=\"nofollow\" target=\"_blank\" href=\"https:\/\/de-rtnews.com\/international\/285337-rutte-nato-will-staerkung-positionen\/\">Rutte: NATO will St\u00e4rkung der Positionen Russlands und Chinas in der Arktis verhindern<\/a><\/p>\n<div class=\"EmbedBlock-root EmbedBlock-externalVideo EmbedBlock-rumble\">\n<div class=\"VkEmbed\"><iframe class=\"lazyload\" data-src=\"https:\/\/rumble.com\/embed\/v7c94tw\" frameborder=\"0\" width=\"853\" height=\"480\" allowfullscreen><\/iframe><\/div>\n<\/div>\n<\/div>\n<p><br \/>\n<br \/><a href=\"https:\/\/de.rt.com\/international\/290235-lawrow-nato-baut-in-arktis\/\">Source link <\/a><\/p>\n","protected":false},"excerpt":{"rendered":"<p>Die NATO-L\u00e4nder betrachten den hohen Norden zunehmend als eine weitere Front im Kampf gegen Moskau und seine Partner, meint der russische Au\u00dfenminister Sergei Lawrow. Das Vorgehen k\u00f6nnte zu einem bewaffneten Konflikt mit verheerenden Folgen f\u00fchren. Die NATO will die Arktis in einen neuen Brennpunkt der Spannungen verwandeln, erkl\u00e4rt der russische Au\u00dfenminister Sergei Lawrow. In einem [&hellip;]<\/p>\n","protected":false},"author":3,"featured_media":109659,"comment_status":"open","ping_status":"open","sticky":false,"template":"","format":"standard","meta":{"wp_automatic_camp":["217"],"7204cf11a255e02ee71d18eb5b716b04":["Lawrow: NATO baut in der Arktis neue Front gegen Russland auf"],"original_link":["https:\/\/de.rt.com\/international\/290235-lawrow-nato-baut-in-arktis\/"],"_thumbnail_id":["109659"],"_wptgpro_p2tg_sent2tg":["a:1:{i:23737;s:19:\"2026-08-31 14:53:27\";}"],"jnews_social_counter_last_update":["1788188008"]},"categories":[19,23],"tags":[21643,133,21567,82,10227,278,1018,2697,1227,126],"class_list":["post-109658","post","type-post","status-publish","format-standard","has-post-thumbnail","hentry","category-deutschland","category-russland","tag-arktis","tag-auf","tag-baut","tag-der","tag-front","tag-gegen","tag-lawrow","tag-nato","tag-neue","tag-russland"],"yoast_head":"<!-- This site is optimized with the Yoast SEO Premium plugin v22.7 (Yoast SEO v28.2) - https:\/\/yoast.com\/product\/yoast-seo-premium-wordpress\/ -->\n<title>Lawrow: NATO baut in der Arktis neue Front gegen Russland auf - just-now.NEWS Deutschland<\/title>\n<meta name=\"robots\" content=\"index, follow, max-snippet:-1, max-image-preview:large, max-video-preview:-1\" \/>\n<link rel=\"canonical\" href=\"https:\/\/now-news.de\/de\/deutschland\/lawrow-nato-baut-in-der-arktis-neue-front-gegen-russland-auf\/\" \/>\n<meta property=\"og:locale\" content=\"de_DE\" \/>\n<meta property=\"og:type\" content=\"article\" \/>\n<meta property=\"og:title\" content=\"Lawrow: NATO baut in der Arktis neue Front gegen Russland auf\" \/>\n<meta property=\"og:description\" content=\"Die NATO-L\u00e4nder betrachten den hohen Norden zunehmend als eine weitere Front im Kampf gegen Moskau und seine Partner, meint der russische Au\u00dfenminister Sergei Lawrow. Das Vorgehen k\u00f6nnte zu einem bewaffneten Konflikt mit verheerenden Folgen f\u00fchren. Die NATO will die Arktis in einen neuen Brennpunkt der Spannungen verwandeln, erkl\u00e4rt der russische Au\u00dfenminister Sergei Lawrow. In einem [&hellip;]\" \/>\n<meta property=\"og:url\" content=\"https:\/\/now-news.de\/de\/deutschland\/lawrow-nato-baut-in-der-arktis-neue-front-gegen-russland-auf\/\" \/>\n<meta property=\"og:site_name\" content=\"just-now.NEWS Deutschland\" \/>\n<meta property=\"article:publisher\" content=\"https:\/\/www.facebook.com\/wirmachenauf\" \/>\n<meta property=\"article:published_time\" content=\"2026-08-31T12:45:44+00:00\" \/>\n<meta property=\"og:image\" content=\"https:\/\/now-news.de\/de\/wp-content\/uploads\/sites\/3\/2026\/08\/6a956cfab480cc143f1ddb8c.jpg\" \/>\n<meta name=\"author\" content=\"rtnews\" \/>\n<meta name=\"twitter:card\" content=\"summary_large_image\" \/>\n<meta name=\"twitter:creator\" content=\"@WirMachenAuf_de\" \/>\n<meta name=\"twitter:site\" content=\"@WirMachenAuf_de\" \/>\n<meta name=\"twitter:label1\" content=\"Verfasst von\" \/>\n\t<meta name=\"twitter:data1\" content=\"rtnews\" \/>\n\t<meta name=\"twitter:label2\" content=\"Gesch\u00e4tzte Lesezeit\" \/>\n\t<meta name=\"twitter:data2\" content=\"2\u00a0Minuten\" \/>\n<script type=\"application\/ld+json\" class=\"yoast-schema-graph\">{\"@context\":\"https:\\\/\\\/schema.org\",\"@graph\":[{\"@type\":\"Article\",\"@id\":\"https:\\\/\\\/now-news.de\\\/de\\\/deutschland\\\/lawrow-nato-baut-in-der-arktis-neue-front-gegen-russland-auf\\\/#article\",\"isPartOf\":{\"@id\":\"https:\\\/\\\/now-news.de\\\/de\\\/deutschland\\\/lawrow-nato-baut-in-der-arktis-neue-front-gegen-russland-auf\\\/\"},\"author\":{\"name\":\"rtnews\",\"@id\":\"https:\\\/\\\/now-news.de\\\/de\\\/#\\\/schema\\\/person\\\/fb534a4e865501d8b3285208df34a9b5\"},\"headline\":\"Lawrow: NATO baut in der Arktis neue Front gegen Russland auf\",\"datePublished\":\"2026-08-31T12:45:44+00:00\",\"mainEntityOfPage\":{\"@id\":\"https:\\\/\\\/now-news.de\\\/de\\\/deutschland\\\/lawrow-nato-baut-in-der-arktis-neue-front-gegen-russland-auf\\\/\"},\"wordCount\":452,\"commentCount\":0,\"publisher\":{\"@id\":\"https:\\\/\\\/now-news.de\\\/de\\\/#organization\"},\"image\":{\"@id\":\"https:\\\/\\\/now-news.de\\\/de\\\/deutschland\\\/lawrow-nato-baut-in-der-arktis-neue-front-gegen-russland-auf\\\/#primaryimage\"},\"thumbnailUrl\":\"https:\\\/\\\/now-news.de\\\/de\\\/wp-content\\\/uploads\\\/sites\\\/3\\\/2026\\\/08\\\/Lawrow-NATO-baut-in-der-Arktis-neue-Front-gegen-Russland.jpg\",\"keywords\":[\"Arktis\",\"AUF\",\"baut\",\"der\",\"Front\",\"gegen\",\"Lawrow\",\"nato\",\"NEUE\",\"russland\"],\"articleSection\":[\"Deutschland\",\"Russland\"],\"inLanguage\":\"de\",\"potentialAction\":[{\"@type\":\"CommentAction\",\"name\":\"Comment\",\"target\":[\"https:\\\/\\\/now-news.de\\\/de\\\/deutschland\\\/lawrow-nato-baut-in-der-arktis-neue-front-gegen-russland-auf\\\/#respond\"]}]},{\"@type\":\"WebPage\",\"@id\":\"https:\\\/\\\/now-news.de\\\/de\\\/deutschland\\\/lawrow-nato-baut-in-der-arktis-neue-front-gegen-russland-auf\\\/\",\"url\":\"https:\\\/\\\/now-news.de\\\/de\\\/deutschland\\\/lawrow-nato-baut-in-der-arktis-neue-front-gegen-russland-auf\\\/\",\"name\":\"Lawrow: NATO baut in der Arktis neue Front gegen Russland auf - just-now.NEWS Deutschland\",\"isPartOf\":{\"@id\":\"https:\\\/\\\/now-news.de\\\/de\\\/#website\"},\"primaryImageOfPage\":{\"@id\":\"https:\\\/\\\/now-news.de\\\/de\\\/deutschland\\\/lawrow-nato-baut-in-der-arktis-neue-front-gegen-russland-auf\\\/#primaryimage\"},\"image\":{\"@id\":\"https:\\\/\\\/now-news.de\\\/de\\\/deutschland\\\/lawrow-nato-baut-in-der-arktis-neue-front-gegen-russland-auf\\\/#primaryimage\"},\"thumbnailUrl\":\"https:\\\/\\\/now-news.de\\\/de\\\/wp-content\\\/uploads\\\/sites\\\/3\\\/2026\\\/08\\\/Lawrow-NATO-baut-in-der-Arktis-neue-Front-gegen-Russland.jpg\",\"datePublished\":\"2026-08-31T12:45:44+00:00\",\"breadcrumb\":{\"@id\":\"https:\\\/\\\/now-news.de\\\/de\\\/deutschland\\\/lawrow-nato-baut-in-der-arktis-neue-front-gegen-russland-auf\\\/#breadcrumb\"},\"inLanguage\":\"de\",\"potentialAction\":[{\"@type\":\"ReadAction\",\"target\":[\"https:\\\/\\\/now-news.de\\\/de\\\/deutschland\\\/lawrow-nato-baut-in-der-arktis-neue-front-gegen-russland-auf\\\/\"]}]},{\"@type\":\"ImageObject\",\"inLanguage\":\"de\",\"@id\":\"https:\\\/\\\/now-news.de\\\/de\\\/deutschland\\\/lawrow-nato-baut-in-der-arktis-neue-front-gegen-russland-auf\\\/#primaryimage\",\"url\":\"https:\\\/\\\/now-news.de\\\/de\\\/wp-content\\\/uploads\\\/sites\\\/3\\\/2026\\\/08\\\/Lawrow-NATO-baut-in-der-Arktis-neue-Front-gegen-Russland.jpg\",\"contentUrl\":\"https:\\\/\\\/now-news.de\\\/de\\\/wp-content\\\/uploads\\\/sites\\\/3\\\/2026\\\/08\\\/Lawrow-NATO-baut-in-der-Arktis-neue-Front-gegen-Russland.jpg\",\"width\":460,\"height\":259,\"caption\":\"Lawrow: NATO baut in der Arktis neue Front gegen Russland auf\"},{\"@type\":\"BreadcrumbList\",\"@id\":\"https:\\\/\\\/now-news.de\\\/de\\\/deutschland\\\/lawrow-nato-baut-in-der-arktis-neue-front-gegen-russland-auf\\\/#breadcrumb\",\"itemListElement\":[{\"@type\":\"ListItem\",\"position\":1,\"name\":\"Home\",\"item\":\"https:\\\/\\\/now-news.de\\\/de\\\/\"},{\"@type\":\"ListItem\",\"position\":2,\"name\":\"Lawrow: NATO baut in der Arktis neue Front gegen Russland auf\"}]},{\"@type\":\"WebSite\",\"@id\":\"https:\\\/\\\/now-news.de\\\/de\\\/#website\",\"url\":\"https:\\\/\\\/now-news.de\\\/de\\\/\",\"name\":\"just-now.NEWS Deutschland\",\"description\":\"Das Portal f\u00fcr unzensierte Nachrichten aus der Welt\",\"publisher\":{\"@id\":\"https:\\\/\\\/now-news.de\\\/de\\\/#organization\"},\"potentialAction\":[{\"@type\":\"SearchAction\",\"target\":{\"@type\":\"EntryPoint\",\"urlTemplate\":\"https:\\\/\\\/now-news.de\\\/de\\\/?s={search_term_string}\"},\"query-input\":{\"@type\":\"PropertyValueSpecification\",\"valueRequired\":true,\"valueName\":\"search_term_string\"}}],\"inLanguage\":\"de\"},{\"@type\":\"Organization\",\"@id\":\"https:\\\/\\\/now-news.de\\\/de\\\/#organization\",\"name\":\"Just Now News\",\"url\":\"https:\\\/\\\/now-news.de\\\/de\\\/\",\"logo\":{\"@type\":\"ImageObject\",\"inLanguage\":\"de\",\"@id\":\"https:\\\/\\\/now-news.de\\\/de\\\/#\\\/schema\\\/logo\\\/image\\\/\",\"url\":\"http:\\\/\\\/just-now.news\\\/de\\\/wp-content\\\/uploads\\\/sites\\\/3\\\/2022\\\/04\\\/logo500x500.jpg\",\"contentUrl\":\"http:\\\/\\\/just-now.news\\\/de\\\/wp-content\\\/uploads\\\/sites\\\/3\\\/2022\\\/04\\\/logo500x500.jpg\",\"width\":500,\"height\":500,\"caption\":\"Just Now News\"},\"image\":{\"@id\":\"https:\\\/\\\/now-news.de\\\/de\\\/#\\\/schema\\\/logo\\\/image\\\/\"},\"sameAs\":[\"https:\\\/\\\/www.facebook.com\\\/wirmachenauf\",\"https:\\\/\\\/x.com\\\/WirMachenAuf_de\"]},{\"@type\":\"Person\",\"@id\":\"https:\\\/\\\/now-news.de\\\/de\\\/#\\\/schema\\\/person\\\/fb534a4e865501d8b3285208df34a9b5\",\"name\":\"rtnews\",\"image\":{\"@type\":\"ImageObject\",\"inLanguage\":\"de\",\"@id\":\"https:\\\/\\\/secure.gravatar.com\\\/avatar\\\/358fe31b3ab5769fea05376e1953329834cd9912cf9daf607e2af3076a1b982b?s=96&d=mm&r=g\",\"url\":\"https:\\\/\\\/secure.gravatar.com\\\/avatar\\\/358fe31b3ab5769fea05376e1953329834cd9912cf9daf607e2af3076a1b982b?s=96&d=mm&r=g\",\"contentUrl\":\"https:\\\/\\\/secure.gravatar.com\\\/avatar\\\/358fe31b3ab5769fea05376e1953329834cd9912cf9daf607e2af3076a1b982b?s=96&d=mm&r=g\",\"caption\":\"rtnews\"},\"url\":\"https:\\\/\\\/now-news.de\\\/de\\\/author\\\/rnews\\\/\"}]}<\/script>\n<!-- \/ Yoast SEO Premium plugin. -->","yoast_head_json":{"title":"Lawrow: NATO baut in der Arktis neue Front gegen Russland auf - just-now.NEWS Deutschland","robots":{"index":"index","follow":"follow","max-snippet":"max-snippet:-1","max-image-preview":"max-image-preview:large","max-video-preview":"max-video-preview:-1"},"canonical":"https:\/\/now-news.de\/de\/deutschland\/lawrow-nato-baut-in-der-arktis-neue-front-gegen-russland-auf\/","og_locale":"de_DE","og_type":"article","og_title":"Lawrow: NATO baut in der Arktis neue Front gegen Russland auf","og_description":"Die NATO-L\u00e4nder betrachten den hohen Norden zunehmend als eine weitere Front im Kampf gegen Moskau und seine Partner, meint der russische Au\u00dfenminister Sergei Lawrow. Das Vorgehen k\u00f6nnte zu einem bewaffneten Konflikt mit verheerenden Folgen f\u00fchren. Die NATO will die Arktis in einen neuen Brennpunkt der Spannungen verwandeln, erkl\u00e4rt der russische Au\u00dfenminister Sergei Lawrow. In einem [&hellip;]","og_url":"https:\/\/now-news.de\/de\/deutschland\/lawrow-nato-baut-in-der-arktis-neue-front-gegen-russland-auf\/","og_site_name":"just-now.NEWS Deutschland","article_publisher":"https:\/\/www.facebook.com\/wirmachenauf","article_published_time":"2026-08-31T12:45:44+00:00","og_image":[{"url":"https:\/\/now-news.de\/de\/wp-content\/uploads\/sites\/3\/2026\/08\/6a956cfab480cc143f1ddb8c.jpg","type":"","width":"","height":""}],"author":"rtnews","twitter_card":"summary_large_image","twitter_creator":"@WirMachenAuf_de","twitter_site":"@WirMachenAuf_de","twitter_misc":{"Verfasst von":"rtnews","Gesch\u00e4tzte Lesezeit":"2\u00a0Minuten"},"schema":{"@context":"https:\/\/schema.org","@graph":[{"@type":"Article","@id":"https:\/\/now-news.de\/de\/deutschland\/lawrow-nato-baut-in-der-arktis-neue-front-gegen-russland-auf\/#article","isPartOf":{"@id":"https:\/\/now-news.de\/de\/deutschland\/lawrow-nato-baut-in-der-arktis-neue-front-gegen-russland-auf\/"},"author":{"name":"rtnews","@id":"https:\/\/now-news.de\/de\/#\/schema\/person\/fb534a4e865501d8b3285208df34a9b5"},"headline":"Lawrow: NATO baut in der Arktis neue Front gegen Russland auf","datePublished":"2026-08-31T12:45:44+00:00","mainEntityOfPage":{"@id":"https:\/\/now-news.de\/de\/deutschland\/lawrow-nato-baut-in-der-arktis-neue-front-gegen-russland-auf\/"},"wordCount":452,"commentCount":0,"publisher":{"@id":"https:\/\/now-news.de\/de\/#organization"},"image":{"@id":"https:\/\/now-news.de\/de\/deutschland\/lawrow-nato-baut-in-der-arktis-neue-front-gegen-russland-auf\/#primaryimage"},"thumbnailUrl":"https:\/\/now-news.de\/de\/wp-content\/uploads\/sites\/3\/2026\/08\/Lawrow-NATO-baut-in-der-Arktis-neue-Front-gegen-Russland.jpg","keywords":["Arktis","AUF","baut","der","Front","gegen","Lawrow","nato","NEUE","russland"],"articleSection":["Deutschland","Russland"],"inLanguage":"de","potentialAction":[{"@type":"CommentAction","name":"Comment","target":["https:\/\/now-news.de\/de\/deutschland\/lawrow-nato-baut-in-der-arktis-neue-front-gegen-russland-auf\/#respond"]}]},{"@type":"WebPage","@id":"https:\/\/now-news.de\/de\/deutschland\/lawrow-nato-baut-in-der-arktis-neue-front-gegen-russland-auf\/","url":"https:\/\/now-news.de\/de\/deutschland\/lawrow-nato-baut-in-der-arktis-neue-front-gegen-russland-auf\/","name":"Lawrow: NATO baut in der Arktis neue Front gegen Russland auf - just-now.NEWS Deutschland","isPartOf":{"@id":"https:\/\/now-news.de\/de\/#website"},"primaryImageOfPage":{"@id":"https:\/\/now-news.de\/de\/deutschland\/lawrow-nato-baut-in-der-arktis-neue-front-gegen-russland-auf\/#primaryimage"},"image":{"@id":"https:\/\/now-news.de\/de\/deutschland\/lawrow-nato-baut-in-der-arktis-neue-front-gegen-russland-auf\/#primaryimage"},"thumbnailUrl":"https:\/\/now-news.de\/de\/wp-content\/uploads\/sites\/3\/2026\/08\/Lawrow-NATO-baut-in-der-Arktis-neue-Front-gegen-Russland.jpg","datePublished":"2026-08-31T12:45:44+00:00","breadcrumb":{"@id":"https:\/\/now-news.de\/de\/deutschland\/lawrow-nato-baut-in-der-arktis-neue-front-gegen-russland-auf\/#breadcrumb"},"inLanguage":"de","potentialAction":[{"@type":"ReadAction","target":["https:\/\/now-news.de\/de\/deutschland\/lawrow-nato-baut-in-der-arktis-neue-front-gegen-russland-auf\/"]}]},{"@type":"ImageObject","inLanguage":"de","@id":"https:\/\/now-news.de\/de\/deutschland\/lawrow-nato-baut-in-der-arktis-neue-front-gegen-russland-auf\/#primaryimage","url":"https:\/\/now-news.de\/de\/wp-content\/uploads\/sites\/3\/2026\/08\/Lawrow-NATO-baut-in-der-Arktis-neue-Front-gegen-Russland.jpg","contentUrl":"https:\/\/now-news.de\/de\/wp-content\/uploads\/sites\/3\/2026\/08\/Lawrow-NATO-baut-in-der-Arktis-neue-Front-gegen-Russland.jpg","width":460,"height":259,"caption":"Lawrow: NATO baut in der Arktis neue Front gegen Russland auf"},{"@type":"BreadcrumbList","@id":"https:\/\/now-news.de\/de\/deutschland\/lawrow-nato-baut-in-der-arktis-neue-front-gegen-russland-auf\/#breadcrumb","itemListElement":[{"@type":"ListItem","position":1,"name":"Home","item":"https:\/\/now-news.de\/de\/"},{"@type":"ListItem","position":2,"name":"Lawrow: NATO baut in der Arktis neue Front gegen Russland auf"}]},{"@type":"WebSite","@id":"https:\/\/now-news.de\/de\/#website","url":"https:\/\/now-news.de\/de\/","name":"just-now.NEWS Deutschland","description":"Das Portal f\u00fcr unzensierte Nachrichten aus der Welt","publisher":{"@id":"https:\/\/now-news.de\/de\/#organization"},"potentialAction":[{"@type":"SearchAction","target":{"@type":"EntryPoint","urlTemplate":"https:\/\/now-news.de\/de\/?s={search_term_string}"},"query-input":{"@type":"PropertyValueSpecification","valueRequired":true,"valueName":"search_term_string"}}],"inLanguage":"de"},{"@type":"Organization","@id":"https:\/\/now-news.de\/de\/#organization","name":"Just Now News","url":"https:\/\/now-news.de\/de\/","logo":{"@type":"ImageObject","inLanguage":"de","@id":"https:\/\/now-news.de\/de\/#\/schema\/logo\/image\/","url":"http:\/\/just-now.news\/de\/wp-content\/uploads\/sites\/3\/2022\/04\/logo500x500.jpg","contentUrl":"http:\/\/just-now.news\/de\/wp-content\/uploads\/sites\/3\/2022\/04\/logo500x500.jpg","width":500,"height":500,"caption":"Just Now News"},"image":{"@id":"https:\/\/now-news.de\/de\/#\/schema\/logo\/image\/"},"sameAs":["https:\/\/www.facebook.com\/wirmachenauf","https:\/\/x.com\/WirMachenAuf_de"]},{"@type":"Person","@id":"https:\/\/now-news.de\/de\/#\/schema\/person\/fb534a4e865501d8b3285208df34a9b5","name":"rtnews","image":{"@type":"ImageObject","inLanguage":"de","@id":"https:\/\/secure.gravatar.com\/avatar\/358fe31b3ab5769fea05376e1953329834cd9912cf9daf607e2af3076a1b982b?s=96&d=mm&r=g","url":"https:\/\/secure.gravatar.com\/avatar\/358fe31b3ab5769fea05376e1953329834cd9912cf9daf607e2af3076a1b982b?s=96&d=mm&r=g","contentUrl":"https:\/\/secure.gravatar.com\/avatar\/358fe31b3ab5769fea05376e1953329834cd9912cf9daf607e2af3076a1b982b?s=96&d=mm&r=g","caption":"rtnews"},"url":"https:\/\/now-news.de\/de\/author\/rnews\/"}]}},"_links":{"self":[{"href":"https:\/\/now-news.de\/de\/wp-json\/wp\/v2\/posts\/109658","targetHints":{"allow":["GET"]}}],"collection":[{"href":"https:\/\/now-news.de\/de\/wp-json\/wp\/v2\/posts"}],"about":[{"href":"https:\/\/now-news.de\/de\/wp-json\/wp\/v2\/types\/post"}],"author":[{"embeddable":true,"href":"https:\/\/now-news.de\/de\/wp-json\/wp\/v2\/users\/3"}],"replies":[{"embeddable":true,"href":"https:\/\/now-news.de\/de\/wp-json\/wp\/v2\/comments?post=109658"}],"version-history":[{"count":0,"href":"https:\/\/now-news.de\/de\/wp-json\/wp\/v2\/posts\/109658\/revisions"}],"wp:featuredmedia":[{"embeddable":true,"href":"https:\/\/now-news.de\/de\/wp-json\/wp\/v2\/media\/109659"}],"wp:attachment":[{"href":"https:\/\/now-news.de\/de\/wp-json\/wp\/v2\/media?parent=109658"}],"wp:term":[{"taxonomy":"category","embeddable":true,"href":"https:\/\/now-news.de\/de\/wp-json\/wp\/v2\/categories?post=109658"},{"taxonomy":"post_tag","embeddable":true,"href":"https:\/\/now-news.de\/de\/wp-json\/wp\/v2\/tags?post=109658"}],"curies":[{"name":"wp","href":"https:\/\/api.w.org\/{rel}","templated":true}]}}