{"id":109656,"date":"2026-08-31T14:00:11","date_gmt":"2026-08-31T12:00:11","guid":{"rendered":"https:\/\/now-news.de\/de\/deutschland\/mehrheit-fuerchtet-verarmung-durch-sozialkahlschlag-und-waehlt-trotzdem-neoliberal\/"},"modified":"2026-08-31T14:00:11","modified_gmt":"2026-08-31T12:00:11","slug":"mehrheit-fuerchtet-verarmung-durch-sozialkahlschlag-und-waehlt-trotzdem-neoliberal","status":"publish","type":"post","link":"https:\/\/now-news.de\/de\/deutschland\/mehrheit-fuerchtet-verarmung-durch-sozialkahlschlag-und-waehlt-trotzdem-neoliberal\/","title":{"rendered":"Mehrheit f\u00fcrchtet Verarmung durch Sozialkahlschlag \u2013 und w\u00e4hlt trotzdem neoliberal"},"content":{"rendered":"<p><img decoding=\"async\" src=\"https:\/\/now-news.de\/de\/wp-content\/uploads\/sites\/3\/2026\/08\/6a9568f548fbef3913789283.jpg\" \/><\/p>\n<div class=\"Text-root Text-type_1 \">\n                Die soziale K\u00fcrzungsorgie der Merz-Regierung bereitet inzwischen der absoluten Mehrheit der Bev\u00f6lkerung gro\u00dfe Abstiegs\u00e4ngste. Die Kaufkraft schwindet, der Binnenmarkt schrumpft, doch viele w\u00e4hlen trotzdem gegen ihre eigenen Interessen, wie eine repr\u00e4sentative Umfrage zeigt.\n            <\/div>\n<p><\/p>\n<div class=\"Text-root Text-type_5 ArticleView-text ViewText-root \">\n<p><em>Von Alexandra Nollok<\/em><\/p>\n<p>Mehr Repressionen bei der Grundsicherung, weniger Leistungen f\u00fcr Kranke, Pflegebed\u00fcrftige, Fl\u00fcchtlinge, bed\u00fcrftige Jugendliche und Behinderte; dazu geplanter Kahlschlag bei der Rente und den Arbeitsrechten: Was die unionsgef\u00fchrte Bundesregierung mithilfe der mitregierenden SPD gerade durchsetzt, medial begleitet von S\u00fcndenbock-Kampagnen gegen wechselnde unterprivilegierte Gruppen, l\u00f6st zurecht bei einer gro\u00dfen Mehrheit der Bev\u00f6lkerung Angst aus. Viele konsumieren weniger \u2013 das schw\u00e4cht den Binnenmarkt.<\/p>\n<p>Zu diesem wenig \u00fcberraschenden Ergebnis kommt eine repr\u00e4sentative Umfrage des Instituts f\u00fcr Makro\u00f6konomie und Konjunkturforschung (IMK) der DGB-nahen <a rel=\"nofollow\" target=\"_blank\" href=\"https:\/\/www.imk-boeckler.de\/de\/pressemitteilungen-15992-debatte-ueber-sozialreformen-schraenken-konsum-ein-78523.htm%20\" target=\"_blank\" rel=\"noopener noreferrer\">Hans-B\u00f6ckler-Stiftung<\/a>. Bemerkenswert: Auch Anh\u00e4nger der daf\u00fcr verantwortlichen und weiterer neoliberaler Parteien lehnen die &#8220;Reformen&#8221; mehrheitlich ab. Viele w\u00e4hlen demnach gegen ihre eigenen Interessen.<\/p>\n<p><strong>Massenfrust und Kaufkraftverlust<\/strong><\/p>\n<p>Der Umfrage zufolge\u00a0sorgen sich inzwischen 81 Prozent der Erwachsenen etwas oder stark um ihre finanzielle Sicherheit in der Zukunft. Die politisch und medial befeuerten &#8220;Debatten&#8221;, welche mal die eine, mal die andere unterprivilegierte Gruppe als Schuldige darstellen, spielten daf\u00fcr eine gro\u00dfe Rolle. Immer mehr Menschen ziehen daraus Konsequenzen: 42 Prozent der Befragten gaben an, ihre Konsumausgaben aus Angst vor dem sozialen Absturz bereits eingeschr\u00e4nkt zu haben, was die Binnenwirtschaft freilich schw\u00e4cht.<\/p>\n<p>Mehr als drei Viertel der Bev\u00f6lkerung (76 Prozent) lehnen der Umfrage zufolge den neoliberalen Sozialkahlschlag ab, gut die H\u00e4lfte (55 Prozent) sogar sehr stark. Derweil stimmten gerade einmal 16 Prozent den unsozialen Vorhaben eher oder ganz zu. Ein Ph\u00e4nomen tritt dabei besonders deutlich zutage: Anh\u00e4nger und W\u00e4hler aller Parteien, auch derer, die diese &#8220;Reformen&#8221; vorantreiben oder bef\u00fcrworten, \u00e4u\u00dferten sich mehrheitlich dagegen.<\/p>\n<p>Demnach betrug der Anteil der Ablehnenden bei CDU- oder CSU-W\u00e4hlern 51 Prozent, bei FDP-Anh\u00e4ngern 62 Prozent, bei SPD-W\u00e4hlern 75 Prozent und bei Gr\u00fcnen-W\u00e4hlern 76 Prozent. Sogar 84 Prozent der AfD-Anh\u00e4nger, 88 Prozent der BSW-W\u00e4hler und knapp 90 Prozent der Linke-Bef\u00fcrworter empfanden die Einschnitte als bedrohlich und lehnten sie ab. Lediglich von den CDU- und FDP-Anh\u00e4ngern stimmten mehr als ein Viertel der Befragten (36 und 29 Prozent) f\u00fcr den Sozialabbau.<\/p>\n<p><strong>Neoliberaler Mehrheitskonsens<\/strong><\/p>\n<p>Tatsache ist derweil, dass CDU, CSU und SPD die antisozialen Ma\u00dfnahmen\u00a0aktuell durchsetzen. Die FDP spielt in der Bundespolitik derzeit zwar keine Rolle, bef\u00fcrwortet aber jeden und folglich auch diesen Sozialabbau. Die AfD fordert in einigen Aspekten wie der Gesundheitspolitik, dass Deutschst\u00e4mmige besser gestellt werden sollen als Migranten. Die Repressionen bei der Grundsicherung gehen ihr indes nicht weit genug.<\/p>\n<p>So <a rel=\"nofollow\" target=\"_blank\" href=\"https:\/\/afdbundestag.de\/bas-fuehrt-merz-an-der-leine\/\" target=\"_blank\" rel=\"noopener noreferrer\">fordert<\/a> sie etwa, Arbeitslose zu unbezahlter Arbeit zu verpflichten, Menschen mit Migrationshintergrund zehn Jahre lang von jeder Hilfe auszuschlie\u00dfen und noch h\u00e4rtere Sanktionen. Bei den Rentenk\u00fcrzungen verteidigt sie die harten CDU-Forderungen und gei\u00dfelte ihr angebliches nachtr\u00e4gliches Einknicken vor der SPD, die Senioren nicht ganz so drastisch verarmen lassen will.<\/p>\n<p>Die Gr\u00fcnen, die in Regierungsverantwortung stets neoliberale &#8220;Reformen&#8221; mitgetragen haben und aktuell sogar besonders emsig f\u00fcr einen Krieg gegen Russland trommeln, geb\u00e4rden sich zumindest verbal als Gegner vieler Ma\u00dfnahmen \u2013 von Aktivismus aber keine Spur. Lediglich die Linke und Teile der DGB-Gewerkschaften mobilisierten bisher recht verhalten wie erfolglos zu Protesten. F\u00fcr den 26. September <a rel=\"nofollow\" target=\"_blank\" href=\"https:\/\/www.die-linke.de\/mitmachen\/kampagnen\/es-reicht-das-leben-bezahlbar-machen\/\" target=\"_blank\" rel=\"noopener noreferrer\">rufen<\/a> sie erneut zu &#8220;Gro\u00dfdemos&#8221; in verschiedenen St\u00e4dten auf.<\/p>\n<p><strong>Praxis im Widerspruch zur Realit\u00e4t<\/strong><\/p>\n<p>Sowohl das Wahlverhalten als auch die Protestlethargie passt nicht zu dem \u00fcbergro\u00dfen Unmut in der Bev\u00f6lkerung. \u00dcber die Gr\u00fcnde l\u00e4sst sich nur spekulieren. Wahrscheinlich ist es eine Mischung aus vielem: Gewohnheit, wachsender Arbeitsstress, Demotivation durch reale politische Unwirksamkeit, soziale Anpassung, Unkenntnis von Parteiprogrammen und \u00f6konomischen Zusammenh\u00e4ngen, Dauerberieselung mit Propaganda, die Hoffnung, dass es einen selbst nicht treffen wird, und so weiter. Denn das Leben wird deutlich sp\u00fcrbar f\u00fcr viele immer schwerer finanzierbar.<\/p>\n<p>Dass die meist liberalen Deuter mit Professorentitel die echten Probleme der lohnabh\u00e4ngigen Mehrheit wenig ernst nehmen, belegen auch die Studienautoren wohl unfreiwillig selbst. In bekannter Manier erkl\u00e4ren sie ihre Ergebnisse mal wieder mit Gef\u00fchlen statt der Wirklichkeit. So deute ihre Studie &#8220;darauf hin, dass die Debatte \u00fcber den Sozialstaat viele Menschen verunsichert, was bereits zu Konsumeinschr\u00e4nkungen f\u00fchrt.&#8221; Nicht reale Politik und Erfahrungen seien also Schuld an der Abstiegsangst, sondern &#8220;die Debatte&#8221; dar\u00fcber.<\/p>\n<p><strong>Ignoranz mit Professorentitel<\/strong><\/p>\n<p>In diesem Sinne schreiben sie dann weiter:<\/p>\n<p><em>&#8220;H\u00e4lt die Unsicherheit \u00fcber einen m\u00f6glichen Abbau des Sozialstaats an, k\u00f6nnte dies Haushalte dazu veranlassen, ihre Ausgaben auf k\u00fcnftig vorsichtiger zu planen, um privat vorzusorgen.&#8221;<\/em><\/p>\n<p>Diese Konsumzur\u00fcckhaltung drohe sich zu verfestigen, warnen sie. Das k\u00f6nne dann &#8220;die konjunkturelle Erholung schw\u00e4chen.&#8221;<\/p>\n<p>Man k\u00f6nnte sich hier glatt verh\u00f6hnt vorkommen: Klar, wenn alle Grundbed\u00fcrfnisse rasant teurer werden, haben die Menschen weniger Geld. Die meisten kaufen nicht weniger, um mehr privat vorzusorgen, denn das k\u00f6nnen viele jetzt schon nicht. Sie tun es, weil ihnen schlicht das Geld zum Konsumieren fehlt. Und selbstverst\u00e4ndlich versch\u00e4rft sich die gegenw\u00e4rtige Wirtschaftskrise immer weiter, wenn viele unter Geldnot leiden. Dass die seit Jahren lauter werdende Kriegstrommelei den Frust noch verst\u00e4rkt, kann auch nicht verwundern. Um darauf zu kommen, muss man wirklich nicht studiert haben.<\/p>\n<p><strong>Mehr zum Thema &#8211;<\/strong>\u00a0<a rel=\"nofollow\" target=\"_blank\" href=\"https:\/\/de-rtnews.com\/inland\/290215-buergergeld-trotz-haftbefehl-bas-ministerium\/\" target=\"_blank\" rel=\"noopener noreferrer\">B\u00fcrgergeld trotz Haftbefehl? Bas-Ministerium irritiert mit Unt\u00e4tigkeit <\/a><\/p>\n<div class=\"EmbedBlock-root EmbedBlock-externalVideo EmbedBlock-rumble\">\n<div class=\"VkEmbed\"><iframe class=\"lazyload\" data-src=\"https:\/\/rumble.com\/embed\/v76zndg\" frameborder=\"0\" width=\"853\" height=\"480\" allowfullscreen><\/iframe><\/div>\n<\/div>\n<\/div>\n<p><br \/>\n<br \/><a href=\"https:\/\/de.rt.com\/inland\/290229-mehrheit-fuerchtet-verarmung-durch-sozialkahlschlag\/\">Source link <\/a><\/p>\n","protected":false},"excerpt":{"rendered":"<p>Die soziale K\u00fcrzungsorgie der Merz-Regierung bereitet inzwischen der absoluten Mehrheit der Bev\u00f6lkerung gro\u00dfe Abstiegs\u00e4ngste. Die Kaufkraft schwindet, der Binnenmarkt schrumpft, doch viele w\u00e4hlen trotzdem gegen ihre eigenen Interessen, wie eine repr\u00e4sentative Umfrage zeigt. Von Alexandra Nollok Mehr Repressionen bei der Grundsicherung, weniger Leistungen f\u00fcr Kranke, Pflegebed\u00fcrftige, Fl\u00fcchtlinge, bed\u00fcrftige Jugendliche und Behinderte; dazu geplanter Kahlschlag bei [&hellip;]<\/p>\n","protected":false},"author":3,"featured_media":109657,"comment_status":"open","ping_status":"open","sticky":false,"template":"","format":"standard","meta":{"wp_automatic_camp":["217"],"73de2f729f8098b169a4adf48309c31a":["Mehrheit f\u00fcrchtet Verarmung durch Sozialkahlschlag \u2013 und w\u00e4hlt trotzdem neoliberal"],"original_link":["https:\/\/de.rt.com\/inland\/290229-mehrheit-fuerchtet-verarmung-durch-sozialkahlschlag\/"],"_thumbnail_id":["109657"],"_wptgpro_p2tg_sent2tg":["a:1:{i:23737;s:19:\"2026-08-31 14:05:31\";}"],"jnews_social_counter_last_update":["1788185132"]},"categories":[19,23],"tags":[1024,25167,2033,49597,67475,4909,140,29843,25164],"class_list":["post-109656","post","type-post","status-publish","format-standard","has-post-thumbnail","hentry","category-deutschland","category-russland","tag-durch","tag-fuerchtet","tag-mehrheit","tag-neoliberal","tag-sozialkahlschlag","tag-trotzdem","tag-und","tag-verarmung","tag-waehlt"],"yoast_head":"<!-- This site is optimized with the Yoast SEO Premium plugin v22.7 (Yoast SEO v28.2) - https:\/\/yoast.com\/product\/yoast-seo-premium-wordpress\/ -->\n<title>Mehrheit f\u00fcrchtet Verarmung durch Sozialkahlschlag \u2013 und w\u00e4hlt trotzdem neoliberal - just-now.NEWS Deutschland<\/title>\n<meta name=\"robots\" content=\"index, follow, max-snippet:-1, max-image-preview:large, max-video-preview:-1\" \/>\n<link rel=\"canonical\" href=\"https:\/\/now-news.de\/de\/deutschland\/mehrheit-fuerchtet-verarmung-durch-sozialkahlschlag-und-waehlt-trotzdem-neoliberal\/\" \/>\n<meta property=\"og:locale\" content=\"de_DE\" \/>\n<meta property=\"og:type\" content=\"article\" \/>\n<meta property=\"og:title\" content=\"Mehrheit f\u00fcrchtet Verarmung durch Sozialkahlschlag \u2013 und w\u00e4hlt trotzdem neoliberal\" \/>\n<meta property=\"og:description\" content=\"Die soziale K\u00fcrzungsorgie der Merz-Regierung bereitet inzwischen der absoluten Mehrheit der Bev\u00f6lkerung gro\u00dfe Abstiegs\u00e4ngste. Die Kaufkraft schwindet, der Binnenmarkt schrumpft, doch viele w\u00e4hlen trotzdem gegen ihre eigenen Interessen, wie eine repr\u00e4sentative Umfrage zeigt. Von Alexandra Nollok Mehr Repressionen bei der Grundsicherung, weniger Leistungen f\u00fcr Kranke, Pflegebed\u00fcrftige, Fl\u00fcchtlinge, bed\u00fcrftige Jugendliche und Behinderte; dazu geplanter Kahlschlag bei [&hellip;]\" \/>\n<meta property=\"og:url\" content=\"https:\/\/now-news.de\/de\/deutschland\/mehrheit-fuerchtet-verarmung-durch-sozialkahlschlag-und-waehlt-trotzdem-neoliberal\/\" \/>\n<meta property=\"og:site_name\" content=\"just-now.NEWS Deutschland\" \/>\n<meta property=\"article:publisher\" content=\"https:\/\/www.facebook.com\/wirmachenauf\" \/>\n<meta property=\"article:published_time\" content=\"2026-08-31T12:00:11+00:00\" \/>\n<meta property=\"og:image\" content=\"https:\/\/now-news.de\/de\/wp-content\/uploads\/sites\/3\/2026\/08\/6a9568f548fbef3913789283.jpg\" \/>\n<meta name=\"author\" content=\"rtnews\" \/>\n<meta name=\"twitter:card\" content=\"summary_large_image\" \/>\n<meta name=\"twitter:creator\" content=\"@WirMachenAuf_de\" \/>\n<meta name=\"twitter:site\" content=\"@WirMachenAuf_de\" \/>\n<meta name=\"twitter:label1\" content=\"Verfasst von\" \/>\n\t<meta name=\"twitter:data1\" content=\"rtnews\" \/>\n\t<meta name=\"twitter:label2\" content=\"Gesch\u00e4tzte Lesezeit\" \/>\n\t<meta name=\"twitter:data2\" content=\"4\u00a0Minuten\" \/>\n<script type=\"application\/ld+json\" class=\"yoast-schema-graph\">{\"@context\":\"https:\\\/\\\/schema.org\",\"@graph\":[{\"@type\":\"Article\",\"@id\":\"https:\\\/\\\/now-news.de\\\/de\\\/deutschland\\\/mehrheit-fuerchtet-verarmung-durch-sozialkahlschlag-und-waehlt-trotzdem-neoliberal\\\/#article\",\"isPartOf\":{\"@id\":\"https:\\\/\\\/now-news.de\\\/de\\\/deutschland\\\/mehrheit-fuerchtet-verarmung-durch-sozialkahlschlag-und-waehlt-trotzdem-neoliberal\\\/\"},\"author\":{\"name\":\"rtnews\",\"@id\":\"https:\\\/\\\/now-news.de\\\/de\\\/#\\\/schema\\\/person\\\/fb534a4e865501d8b3285208df34a9b5\"},\"headline\":\"Mehrheit f\u00fcrchtet Verarmung durch Sozialkahlschlag \u2013 und w\u00e4hlt trotzdem neoliberal\",\"datePublished\":\"2026-08-31T12:00:11+00:00\",\"mainEntityOfPage\":{\"@id\":\"https:\\\/\\\/now-news.de\\\/de\\\/deutschland\\\/mehrheit-fuerchtet-verarmung-durch-sozialkahlschlag-und-waehlt-trotzdem-neoliberal\\\/\"},\"wordCount\":898,\"commentCount\":0,\"publisher\":{\"@id\":\"https:\\\/\\\/now-news.de\\\/de\\\/#organization\"},\"image\":{\"@id\":\"https:\\\/\\\/now-news.de\\\/de\\\/deutschland\\\/mehrheit-fuerchtet-verarmung-durch-sozialkahlschlag-und-waehlt-trotzdem-neoliberal\\\/#primaryimage\"},\"thumbnailUrl\":\"https:\\\/\\\/now-news.de\\\/de\\\/wp-content\\\/uploads\\\/sites\\\/3\\\/2026\\\/08\\\/Mehrheit-fuerchtet-Verarmung-durch-Sozialkahlschlag-\u2013-und-waehlt-trotzdem-neoliberal.jpg\",\"keywords\":[\"durch\",\"f\u00fcrchtet\",\"Mehrheit\",\"neoliberal\",\"Sozialkahlschlag\",\"trotzdem\",\"und\",\"Verarmung\",\"w\u00e4hlt\"],\"articleSection\":[\"Deutschland\",\"Russland\"],\"inLanguage\":\"de\",\"potentialAction\":[{\"@type\":\"CommentAction\",\"name\":\"Comment\",\"target\":[\"https:\\\/\\\/now-news.de\\\/de\\\/deutschland\\\/mehrheit-fuerchtet-verarmung-durch-sozialkahlschlag-und-waehlt-trotzdem-neoliberal\\\/#respond\"]}]},{\"@type\":\"WebPage\",\"@id\":\"https:\\\/\\\/now-news.de\\\/de\\\/deutschland\\\/mehrheit-fuerchtet-verarmung-durch-sozialkahlschlag-und-waehlt-trotzdem-neoliberal\\\/\",\"url\":\"https:\\\/\\\/now-news.de\\\/de\\\/deutschland\\\/mehrheit-fuerchtet-verarmung-durch-sozialkahlschlag-und-waehlt-trotzdem-neoliberal\\\/\",\"name\":\"Mehrheit f\u00fcrchtet Verarmung durch Sozialkahlschlag \u2013 und w\u00e4hlt trotzdem neoliberal - just-now.NEWS Deutschland\",\"isPartOf\":{\"@id\":\"https:\\\/\\\/now-news.de\\\/de\\\/#website\"},\"primaryImageOfPage\":{\"@id\":\"https:\\\/\\\/now-news.de\\\/de\\\/deutschland\\\/mehrheit-fuerchtet-verarmung-durch-sozialkahlschlag-und-waehlt-trotzdem-neoliberal\\\/#primaryimage\"},\"image\":{\"@id\":\"https:\\\/\\\/now-news.de\\\/de\\\/deutschland\\\/mehrheit-fuerchtet-verarmung-durch-sozialkahlschlag-und-waehlt-trotzdem-neoliberal\\\/#primaryimage\"},\"thumbnailUrl\":\"https:\\\/\\\/now-news.de\\\/de\\\/wp-content\\\/uploads\\\/sites\\\/3\\\/2026\\\/08\\\/Mehrheit-fuerchtet-Verarmung-durch-Sozialkahlschlag-\u2013-und-waehlt-trotzdem-neoliberal.jpg\",\"datePublished\":\"2026-08-31T12:00:11+00:00\",\"breadcrumb\":{\"@id\":\"https:\\\/\\\/now-news.de\\\/de\\\/deutschland\\\/mehrheit-fuerchtet-verarmung-durch-sozialkahlschlag-und-waehlt-trotzdem-neoliberal\\\/#breadcrumb\"},\"inLanguage\":\"de\",\"potentialAction\":[{\"@type\":\"ReadAction\",\"target\":[\"https:\\\/\\\/now-news.de\\\/de\\\/deutschland\\\/mehrheit-fuerchtet-verarmung-durch-sozialkahlschlag-und-waehlt-trotzdem-neoliberal\\\/\"]}]},{\"@type\":\"ImageObject\",\"inLanguage\":\"de\",\"@id\":\"https:\\\/\\\/now-news.de\\\/de\\\/deutschland\\\/mehrheit-fuerchtet-verarmung-durch-sozialkahlschlag-und-waehlt-trotzdem-neoliberal\\\/#primaryimage\",\"url\":\"https:\\\/\\\/now-news.de\\\/de\\\/wp-content\\\/uploads\\\/sites\\\/3\\\/2026\\\/08\\\/Mehrheit-fuerchtet-Verarmung-durch-Sozialkahlschlag-\u2013-und-waehlt-trotzdem-neoliberal.jpg\",\"contentUrl\":\"https:\\\/\\\/now-news.de\\\/de\\\/wp-content\\\/uploads\\\/sites\\\/3\\\/2026\\\/08\\\/Mehrheit-fuerchtet-Verarmung-durch-Sozialkahlschlag-\u2013-und-waehlt-trotzdem-neoliberal.jpg\",\"width\":460,\"height\":259,\"caption\":\"Mehrheit f\u00fcrchtet Verarmung durch Sozialkahlschlag \u2013 und w\u00e4hlt trotzdem neoliberal\"},{\"@type\":\"BreadcrumbList\",\"@id\":\"https:\\\/\\\/now-news.de\\\/de\\\/deutschland\\\/mehrheit-fuerchtet-verarmung-durch-sozialkahlschlag-und-waehlt-trotzdem-neoliberal\\\/#breadcrumb\",\"itemListElement\":[{\"@type\":\"ListItem\",\"position\":1,\"name\":\"Home\",\"item\":\"https:\\\/\\\/now-news.de\\\/de\\\/\"},{\"@type\":\"ListItem\",\"position\":2,\"name\":\"Mehrheit f\u00fcrchtet Verarmung durch Sozialkahlschlag \u2013 und w\u00e4hlt trotzdem neoliberal\"}]},{\"@type\":\"WebSite\",\"@id\":\"https:\\\/\\\/now-news.de\\\/de\\\/#website\",\"url\":\"https:\\\/\\\/now-news.de\\\/de\\\/\",\"name\":\"just-now.NEWS Deutschland\",\"description\":\"Das Portal f\u00fcr unzensierte Nachrichten aus der Welt\",\"publisher\":{\"@id\":\"https:\\\/\\\/now-news.de\\\/de\\\/#organization\"},\"potentialAction\":[{\"@type\":\"SearchAction\",\"target\":{\"@type\":\"EntryPoint\",\"urlTemplate\":\"https:\\\/\\\/now-news.de\\\/de\\\/?s={search_term_string}\"},\"query-input\":{\"@type\":\"PropertyValueSpecification\",\"valueRequired\":true,\"valueName\":\"search_term_string\"}}],\"inLanguage\":\"de\"},{\"@type\":\"Organization\",\"@id\":\"https:\\\/\\\/now-news.de\\\/de\\\/#organization\",\"name\":\"Just Now News\",\"url\":\"https:\\\/\\\/now-news.de\\\/de\\\/\",\"logo\":{\"@type\":\"ImageObject\",\"inLanguage\":\"de\",\"@id\":\"https:\\\/\\\/now-news.de\\\/de\\\/#\\\/schema\\\/logo\\\/image\\\/\",\"url\":\"http:\\\/\\\/just-now.news\\\/de\\\/wp-content\\\/uploads\\\/sites\\\/3\\\/2022\\\/04\\\/logo500x500.jpg\",\"contentUrl\":\"http:\\\/\\\/just-now.news\\\/de\\\/wp-content\\\/uploads\\\/sites\\\/3\\\/2022\\\/04\\\/logo500x500.jpg\",\"width\":500,\"height\":500,\"caption\":\"Just Now News\"},\"image\":{\"@id\":\"https:\\\/\\\/now-news.de\\\/de\\\/#\\\/schema\\\/logo\\\/image\\\/\"},\"sameAs\":[\"https:\\\/\\\/www.facebook.com\\\/wirmachenauf\",\"https:\\\/\\\/x.com\\\/WirMachenAuf_de\"]},{\"@type\":\"Person\",\"@id\":\"https:\\\/\\\/now-news.de\\\/de\\\/#\\\/schema\\\/person\\\/fb534a4e865501d8b3285208df34a9b5\",\"name\":\"rtnews\",\"image\":{\"@type\":\"ImageObject\",\"inLanguage\":\"de\",\"@id\":\"https:\\\/\\\/secure.gravatar.com\\\/avatar\\\/358fe31b3ab5769fea05376e1953329834cd9912cf9daf607e2af3076a1b982b?s=96&d=mm&r=g\",\"url\":\"https:\\\/\\\/secure.gravatar.com\\\/avatar\\\/358fe31b3ab5769fea05376e1953329834cd9912cf9daf607e2af3076a1b982b?s=96&d=mm&r=g\",\"contentUrl\":\"https:\\\/\\\/secure.gravatar.com\\\/avatar\\\/358fe31b3ab5769fea05376e1953329834cd9912cf9daf607e2af3076a1b982b?s=96&d=mm&r=g\",\"caption\":\"rtnews\"},\"url\":\"https:\\\/\\\/now-news.de\\\/de\\\/author\\\/rnews\\\/\"}]}<\/script>\n<!-- \/ Yoast SEO Premium plugin. -->","yoast_head_json":{"title":"Mehrheit f\u00fcrchtet Verarmung durch Sozialkahlschlag \u2013 und w\u00e4hlt trotzdem neoliberal - just-now.NEWS Deutschland","robots":{"index":"index","follow":"follow","max-snippet":"max-snippet:-1","max-image-preview":"max-image-preview:large","max-video-preview":"max-video-preview:-1"},"canonical":"https:\/\/now-news.de\/de\/deutschland\/mehrheit-fuerchtet-verarmung-durch-sozialkahlschlag-und-waehlt-trotzdem-neoliberal\/","og_locale":"de_DE","og_type":"article","og_title":"Mehrheit f\u00fcrchtet Verarmung durch Sozialkahlschlag \u2013 und w\u00e4hlt trotzdem neoliberal","og_description":"Die soziale K\u00fcrzungsorgie der Merz-Regierung bereitet inzwischen der absoluten Mehrheit der Bev\u00f6lkerung gro\u00dfe Abstiegs\u00e4ngste. Die Kaufkraft schwindet, der Binnenmarkt schrumpft, doch viele w\u00e4hlen trotzdem gegen ihre eigenen Interessen, wie eine repr\u00e4sentative Umfrage zeigt. Von Alexandra Nollok Mehr Repressionen bei der Grundsicherung, weniger Leistungen f\u00fcr Kranke, Pflegebed\u00fcrftige, Fl\u00fcchtlinge, bed\u00fcrftige Jugendliche und Behinderte; dazu geplanter Kahlschlag bei [&hellip;]","og_url":"https:\/\/now-news.de\/de\/deutschland\/mehrheit-fuerchtet-verarmung-durch-sozialkahlschlag-und-waehlt-trotzdem-neoliberal\/","og_site_name":"just-now.NEWS Deutschland","article_publisher":"https:\/\/www.facebook.com\/wirmachenauf","article_published_time":"2026-08-31T12:00:11+00:00","og_image":[{"url":"https:\/\/now-news.de\/de\/wp-content\/uploads\/sites\/3\/2026\/08\/6a9568f548fbef3913789283.jpg","type":"","width":"","height":""}],"author":"rtnews","twitter_card":"summary_large_image","twitter_creator":"@WirMachenAuf_de","twitter_site":"@WirMachenAuf_de","twitter_misc":{"Verfasst von":"rtnews","Gesch\u00e4tzte Lesezeit":"4\u00a0Minuten"},"schema":{"@context":"https:\/\/schema.org","@graph":[{"@type":"Article","@id":"https:\/\/now-news.de\/de\/deutschland\/mehrheit-fuerchtet-verarmung-durch-sozialkahlschlag-und-waehlt-trotzdem-neoliberal\/#article","isPartOf":{"@id":"https:\/\/now-news.de\/de\/deutschland\/mehrheit-fuerchtet-verarmung-durch-sozialkahlschlag-und-waehlt-trotzdem-neoliberal\/"},"author":{"name":"rtnews","@id":"https:\/\/now-news.de\/de\/#\/schema\/person\/fb534a4e865501d8b3285208df34a9b5"},"headline":"Mehrheit f\u00fcrchtet Verarmung durch Sozialkahlschlag \u2013 und w\u00e4hlt trotzdem neoliberal","datePublished":"2026-08-31T12:00:11+00:00","mainEntityOfPage":{"@id":"https:\/\/now-news.de\/de\/deutschland\/mehrheit-fuerchtet-verarmung-durch-sozialkahlschlag-und-waehlt-trotzdem-neoliberal\/"},"wordCount":898,"commentCount":0,"publisher":{"@id":"https:\/\/now-news.de\/de\/#organization"},"image":{"@id":"https:\/\/now-news.de\/de\/deutschland\/mehrheit-fuerchtet-verarmung-durch-sozialkahlschlag-und-waehlt-trotzdem-neoliberal\/#primaryimage"},"thumbnailUrl":"https:\/\/now-news.de\/de\/wp-content\/uploads\/sites\/3\/2026\/08\/Mehrheit-fuerchtet-Verarmung-durch-Sozialkahlschlag-\u2013-und-waehlt-trotzdem-neoliberal.jpg","keywords":["durch","f\u00fcrchtet","Mehrheit","neoliberal","Sozialkahlschlag","trotzdem","und","Verarmung","w\u00e4hlt"],"articleSection":["Deutschland","Russland"],"inLanguage":"de","potentialAction":[{"@type":"CommentAction","name":"Comment","target":["https:\/\/now-news.de\/de\/deutschland\/mehrheit-fuerchtet-verarmung-durch-sozialkahlschlag-und-waehlt-trotzdem-neoliberal\/#respond"]}]},{"@type":"WebPage","@id":"https:\/\/now-news.de\/de\/deutschland\/mehrheit-fuerchtet-verarmung-durch-sozialkahlschlag-und-waehlt-trotzdem-neoliberal\/","url":"https:\/\/now-news.de\/de\/deutschland\/mehrheit-fuerchtet-verarmung-durch-sozialkahlschlag-und-waehlt-trotzdem-neoliberal\/","name":"Mehrheit f\u00fcrchtet Verarmung durch Sozialkahlschlag \u2013 und w\u00e4hlt trotzdem neoliberal - just-now.NEWS Deutschland","isPartOf":{"@id":"https:\/\/now-news.de\/de\/#website"},"primaryImageOfPage":{"@id":"https:\/\/now-news.de\/de\/deutschland\/mehrheit-fuerchtet-verarmung-durch-sozialkahlschlag-und-waehlt-trotzdem-neoliberal\/#primaryimage"},"image":{"@id":"https:\/\/now-news.de\/de\/deutschland\/mehrheit-fuerchtet-verarmung-durch-sozialkahlschlag-und-waehlt-trotzdem-neoliberal\/#primaryimage"},"thumbnailUrl":"https:\/\/now-news.de\/de\/wp-content\/uploads\/sites\/3\/2026\/08\/Mehrheit-fuerchtet-Verarmung-durch-Sozialkahlschlag-\u2013-und-waehlt-trotzdem-neoliberal.jpg","datePublished":"2026-08-31T12:00:11+00:00","breadcrumb":{"@id":"https:\/\/now-news.de\/de\/deutschland\/mehrheit-fuerchtet-verarmung-durch-sozialkahlschlag-und-waehlt-trotzdem-neoliberal\/#breadcrumb"},"inLanguage":"de","potentialAction":[{"@type":"ReadAction","target":["https:\/\/now-news.de\/de\/deutschland\/mehrheit-fuerchtet-verarmung-durch-sozialkahlschlag-und-waehlt-trotzdem-neoliberal\/"]}]},{"@type":"ImageObject","inLanguage":"de","@id":"https:\/\/now-news.de\/de\/deutschland\/mehrheit-fuerchtet-verarmung-durch-sozialkahlschlag-und-waehlt-trotzdem-neoliberal\/#primaryimage","url":"https:\/\/now-news.de\/de\/wp-content\/uploads\/sites\/3\/2026\/08\/Mehrheit-fuerchtet-Verarmung-durch-Sozialkahlschlag-\u2013-und-waehlt-trotzdem-neoliberal.jpg","contentUrl":"https:\/\/now-news.de\/de\/wp-content\/uploads\/sites\/3\/2026\/08\/Mehrheit-fuerchtet-Verarmung-durch-Sozialkahlschlag-\u2013-und-waehlt-trotzdem-neoliberal.jpg","width":460,"height":259,"caption":"Mehrheit f\u00fcrchtet Verarmung durch Sozialkahlschlag \u2013 und w\u00e4hlt trotzdem neoliberal"},{"@type":"BreadcrumbList","@id":"https:\/\/now-news.de\/de\/deutschland\/mehrheit-fuerchtet-verarmung-durch-sozialkahlschlag-und-waehlt-trotzdem-neoliberal\/#breadcrumb","itemListElement":[{"@type":"ListItem","position":1,"name":"Home","item":"https:\/\/now-news.de\/de\/"},{"@type":"ListItem","position":2,"name":"Mehrheit f\u00fcrchtet Verarmung durch Sozialkahlschlag \u2013 und w\u00e4hlt trotzdem neoliberal"}]},{"@type":"WebSite","@id":"https:\/\/now-news.de\/de\/#website","url":"https:\/\/now-news.de\/de\/","name":"just-now.NEWS Deutschland","description":"Das Portal f\u00fcr unzensierte Nachrichten aus der Welt","publisher":{"@id":"https:\/\/now-news.de\/de\/#organization"},"potentialAction":[{"@type":"SearchAction","target":{"@type":"EntryPoint","urlTemplate":"https:\/\/now-news.de\/de\/?s={search_term_string}"},"query-input":{"@type":"PropertyValueSpecification","valueRequired":true,"valueName":"search_term_string"}}],"inLanguage":"de"},{"@type":"Organization","@id":"https:\/\/now-news.de\/de\/#organization","name":"Just Now News","url":"https:\/\/now-news.de\/de\/","logo":{"@type":"ImageObject","inLanguage":"de","@id":"https:\/\/now-news.de\/de\/#\/schema\/logo\/image\/","url":"http:\/\/just-now.news\/de\/wp-content\/uploads\/sites\/3\/2022\/04\/logo500x500.jpg","contentUrl":"http:\/\/just-now.news\/de\/wp-content\/uploads\/sites\/3\/2022\/04\/logo500x500.jpg","width":500,"height":500,"caption":"Just Now News"},"image":{"@id":"https:\/\/now-news.de\/de\/#\/schema\/logo\/image\/"},"sameAs":["https:\/\/www.facebook.com\/wirmachenauf","https:\/\/x.com\/WirMachenAuf_de"]},{"@type":"Person","@id":"https:\/\/now-news.de\/de\/#\/schema\/person\/fb534a4e865501d8b3285208df34a9b5","name":"rtnews","image":{"@type":"ImageObject","inLanguage":"de","@id":"https:\/\/secure.gravatar.com\/avatar\/358fe31b3ab5769fea05376e1953329834cd9912cf9daf607e2af3076a1b982b?s=96&d=mm&r=g","url":"https:\/\/secure.gravatar.com\/avatar\/358fe31b3ab5769fea05376e1953329834cd9912cf9daf607e2af3076a1b982b?s=96&d=mm&r=g","contentUrl":"https:\/\/secure.gravatar.com\/avatar\/358fe31b3ab5769fea05376e1953329834cd9912cf9daf607e2af3076a1b982b?s=96&d=mm&r=g","caption":"rtnews"},"url":"https:\/\/now-news.de\/de\/author\/rnews\/"}]}},"_links":{"self":[{"href":"https:\/\/now-news.de\/de\/wp-json\/wp\/v2\/posts\/109656","targetHints":{"allow":["GET"]}}],"collection":[{"href":"https:\/\/now-news.de\/de\/wp-json\/wp\/v2\/posts"}],"about":[{"href":"https:\/\/now-news.de\/de\/wp-json\/wp\/v2\/types\/post"}],"author":[{"embeddable":true,"href":"https:\/\/now-news.de\/de\/wp-json\/wp\/v2\/users\/3"}],"replies":[{"embeddable":true,"href":"https:\/\/now-news.de\/de\/wp-json\/wp\/v2\/comments?post=109656"}],"version-history":[{"count":0,"href":"https:\/\/now-news.de\/de\/wp-json\/wp\/v2\/posts\/109656\/revisions"}],"wp:featuredmedia":[{"embeddable":true,"href":"https:\/\/now-news.de\/de\/wp-json\/wp\/v2\/media\/109657"}],"wp:attachment":[{"href":"https:\/\/now-news.de\/de\/wp-json\/wp\/v2\/media?parent=109656"}],"wp:term":[{"taxonomy":"category","embeddable":true,"href":"https:\/\/now-news.de\/de\/wp-json\/wp\/v2\/categories?post=109656"},{"taxonomy":"post_tag","embeddable":true,"href":"https:\/\/now-news.de\/de\/wp-json\/wp\/v2\/tags?post=109656"}],"curies":[{"name":"wp","href":"https:\/\/api.w.org\/{rel}","templated":true}]}}