{"id":109613,"date":"2026-08-30T14:49:29","date_gmt":"2026-08-30T12:49:29","guid":{"rendered":"https:\/\/now-news.de\/de\/deutschland\/iran-krieg-chamenei-fordert-golfstaaten-zum-gemeinsamen-kampf-gegen-den-wahren-feind-auf\/"},"modified":"2026-08-30T14:49:29","modified_gmt":"2026-08-30T12:49:29","slug":"iran-krieg-chamenei-fordert-golfstaaten-zum-gemeinsamen-kampf-gegen-den-wahren-feind-auf","status":"publish","type":"post","link":"https:\/\/now-news.de\/de\/deutschland\/iran-krieg-chamenei-fordert-golfstaaten-zum-gemeinsamen-kampf-gegen-den-wahren-feind-auf\/","title":{"rendered":"Iran-Krieg: Chamenei fordert Golfstaaten zum gemeinsamen Kampf gegen den &quot;wahren Feind&quot; auf"},"content":{"rendered":"<p><img decoding=\"async\" src=\"https:\/\/now-news.de\/de\/wp-content\/uploads\/sites\/3\/2026\/08\/6a9402b7b480cc11782604ad.jpg\" \/><\/p>\n<div class=\"Text-root Text-type_1 \">\n                Irans Staatsoberhaupt Chamenei ruft die Golfstaaten zur Einheit gegen den &#8220;wahren Feind&#8221; auf. Zugleich r\u00e4umt Teheran die schweren wirtschaftlichen Folgen des Krieges und der US-Sanktionen ein \u2013 der Au\u00dfenhandel ist um rund 35 Prozent eingebrochen.\n            <\/div>\n<p><\/p>\n<div class=\"Text-root Text-type_5 ArticleView-text ViewText-root \">\n<p>Irans Staatsoberhaupt Modschtaba Chamenei hat muslimische Staaten, insbesondere die Golfstaaten, dazu aufgerufen, sich gegen den von ihm bezeichneten &#8220;wahren Feind&#8221; zu vereinen, gemeint sind damit wohl die USA und Israel. Spaltungen unter Muslimen dienten den Interessen ihrer Gegner, erkl\u00e4rte Chamenei.<\/p>\n<p>Die Botschaft wurde anl\u00e4sslich der Islamischen Einheitswoche auf Chameneis Telegram-Kanal ver\u00f6ffentlicht. Die Woche erinnert an den Geburtstag des Propheten Mohammed.<\/p>\n<p>Die Botschaft rief zur Einheit der Muslime, zur Zusammenarbeit in verschiedenen Bereichen und zur gegenseitigen Verteidigung auf. Wer &#8220;wissentlich oder unwissentlich&#8221; Spaltungen unter Muslimen schaffe, helfe damit den Feinden des Islam, hie\u00df es.<\/p>\n<p>&#8220;Wenn die V\u00f6lker und Regierungen an den K\u00fcsten des Persischen Golfs ihre Einheit fest unter dem Banner des Islam bewahrt h\u00e4tten, h\u00e4tten dann korrupte und prinzipienlose Schurken es gewagt, aus Tausenden Kilometern Entfernung ihre L\u00e4nder und ihren Reichtum zu begehren?&#8221;, hie\u00df es in der Botschaft weiter.<\/p>\n<p>Zugleich wurde von ihm die Frage aufgeworfen, ob die Pal\u00e4stinenser &#8220;so hilflos&#8221; w\u00e4ren, wenn die Muslime geeint gewesen w\u00e4ren.<\/p>\n<p>Chamenei ist seit sechs Monaten nicht mehr \u00f6ffentlich gesehen worden. Er wurde bei US-israelischen Luftangriffen verletzt, mit denen der Iran-Krieg begann. Dabei wurden sein Vater und Vorg\u00e4nger im Amt des Obersten F\u00fchrers, Ayatollah Ali Chamenei, get\u00f6tet.<\/p>\n<p>Sein Aufruf zur Einheit kn\u00fcpft an eine Erkl\u00e4rung vom Freitag an, in der er sich an die Iraner wandte. Darin erkl\u00e4rte er, Ma\u00dfnahmen zu untersagen, die den gesellschaftlichen Zusammenhalt besch\u00e4digten, und forderte die Beh\u00f6rden auf, &#8220;entmutigende \u00c4u\u00dferungen&#8221; zu vermeiden, die die nationale und \u00f6ffentliche Moral schw\u00e4chten.<\/p>\n<p>Im laufenden Konflikt hat Teheran US-Milit\u00e4reinrichtungen sowie weitere Infrastruktur in den Golfstaaten angegriffen. Dies unterstreicht die Spannungen zwischen Iran und seinen Golfnachbarn. &#8220;Meine eindringliche und wiederholte Empfehlung an die Herrscher islamischer Staaten, insbesondere an die L\u00e4nder\u00a0in Nahost und am Persischen Golf, lautet: Identifiziert euren wahren Feind, versteht seinen Plan und stellt euch ihm entgegen&#8221;, sagte Chamenei.<\/p>\n<p>Iranische F\u00fchrungskr\u00e4fte haben inzwischen die wirtschaftlichen Folgen des Krieges mit den USA einger\u00e4umt. Der Oberste F\u00fchrer forderte die Regierung auf, die wirtschaftlichen Belastungen zu bek\u00e4mpfen. Pr\u00e4sident Massud Peseschkian erkl\u00e4rte, der Au\u00dfenhandel sei infolge der US-Sanktionen und der Seeblockade um rund ein Drittel eingebrochen. Zugleich signalisierte Teheran am Samstag, dass es nicht nachgeben werde. Die Regierung k\u00fcndigte an, dem Druck der USA standzuhalten, den diplomatischen Weg weiterzuverfolgen und die Kontrolle \u00fcber die strategisch wichtige Stra\u00dfe von Hormus zu behaupten. \u00dcber die Meerenge kann Iran Druck auf die globalen Energiem\u00e4rkte aus\u00fcben.<\/p>\n<p>Die Regierung erkl\u00e4rte im Staatsfernsehen, die Bew\u00e4ltigung der wirtschaftlichen Folgen von Sanktionen und Krieg habe h\u00f6chste Priorit\u00e4t. Dazu geh\u00f6rten die Eind\u00e4mmung der Inflation, die Stabilisierung der M\u00e4rkte, die Schaffung von Arbeitspl\u00e4tzen, die F\u00f6rderung heimischer Produktion durch gezielte Investitionen und eine schrittweise Verringerung der Abh\u00e4ngigkeit vom US-Dollar.<\/p>\n<p>Sechs Monate nach Beginn des von den USA und Israel gef\u00fchrten Krieges stecken die Verhandlungen fest. Gleichzeitig hat die Regierung von US-Pr\u00e4sident Donald Trump ihre Bem\u00fchungen verst\u00e4rkt, Iran finanziell unter Druck zu setzen. Washington bezeichnet die Ma\u00dfnahmen als eine Art &#8220;wirtschaftlichen D-Day&#8221;. Pr\u00e4sident Peseschkian sagte dem Staatsfernsehen, Irans Exporte und Importe seien wegen der US-Sanktionen und der Seeblockade iranischer H\u00e4fen um knapp 35 Prozent zur\u00fcckgegangen.<\/p>\n<p>Gleichzeitig erkl\u00e4rte er, Iran habe w\u00e4hrend der nur kurzzeitig geltenden Vereinbarung mit den USA im Juni rund 90 Millionen Barrel \u00d6l verkaufen k\u00f6nnen. Damals hatte Washington iranische \u00d6lexporte vor\u00fcbergehend zugelassen.<\/p>\n<p><strong>Mehr zum Thema<\/strong>\u00a0\u2013\u00a0<a rel=\"nofollow\" target=\"_blank\" href=\"https:\/\/freedert.online\/der-nahe-osten\/287376-cia-und-mossad-suchen-irans\/\" target=\"_blank\" rel=\"noopener noreferrer\">CIA und Mossad suchen Irans Obersten F\u00fchrer \u2013 Iran droht Bulgarien und Zypern wegen US-Flugzeugen<\/a><\/p>\n<div class=\"EmbedBlock-root EmbedBlock-externalVideo EmbedBlock-rumble\">\n<div class=\"VkEmbed\"><iframe class=\"lazyload\" data-src=\"https:\/\/rumble.com\/embed\/v7cgafi\" frameborder=\"0\" width=\"853\" height=\"480\" allowfullscreen><\/iframe><\/div>\n<\/div>\n<\/div>\n<p><br \/>\n<br \/><a href=\"https:\/\/de.rt.com\/der-nahe-osten\/290126-iran-krieg-chameinei-fordert-golfstaaten\/\">Source link <\/a><\/p>\n","protected":false},"excerpt":{"rendered":"<p>Irans Staatsoberhaupt Chamenei ruft die Golfstaaten zur Einheit gegen den &#8220;wahren Feind&#8221; auf. Zugleich r\u00e4umt Teheran die schweren wirtschaftlichen Folgen des Krieges und der US-Sanktionen ein \u2013 der Au\u00dfenhandel ist um rund 35 Prozent eingebrochen. Irans Staatsoberhaupt Modschtaba Chamenei hat muslimische Staaten, insbesondere die Golfstaaten, dazu aufgerufen, sich gegen den von ihm bezeichneten &#8220;wahren Feind&#8221; [&hellip;]<\/p>\n","protected":false},"author":3,"featured_media":109614,"comment_status":"open","ping_status":"open","sticky":false,"template":"","format":"standard","meta":{"wp_automatic_camp":["217"],"308e6dcbfea030bcc41e1818f4108457":["Iran-Krieg: Chamenei fordert Golfstaaten zum gemeinsamen Kampf gegen den &quot;wahren Feind&quot; auf"],"original_link":["https:\/\/de.rt.com\/der-nahe-osten\/290126-iran-krieg-chameinei-fordert-golfstaaten\/"],"_thumbnail_id":["109614"],"_wptgpro_p2tg_sent2tg":["a:1:{i:23737;s:19:\"2026-08-30 15:02:31\";}"],"jnews_social_counter_last_update":["1788192296"]},"categories":[19,23],"tags":[133,28558,48,31961,355,278,20911,22653,52995,5522,15866,565],"class_list":["post-109613","post","type-post","status-publish","format-standard","has-post-thumbnail","hentry","category-deutschland","category-russland","tag-auf","tag-chamenei","tag-den","tag-feindquot","tag-fordert","tag-gegen","tag-gemeinsamen","tag-golfstaaten","tag-irankrieg","tag-kampf","tag-quotwahren","tag-zum"],"yoast_head":"<!-- This site is optimized with the Yoast SEO Premium plugin v22.7 (Yoast SEO v28.2) - https:\/\/yoast.com\/product\/yoast-seo-premium-wordpress\/ -->\n<title>Iran-Krieg: Chamenei fordert Golfstaaten zum gemeinsamen Kampf gegen den &quot;wahren Feind&quot; auf - just-now.NEWS Deutschland<\/title>\n<meta name=\"robots\" content=\"index, follow, max-snippet:-1, max-image-preview:large, max-video-preview:-1\" \/>\n<link rel=\"canonical\" href=\"https:\/\/now-news.de\/de\/deutschland\/iran-krieg-chamenei-fordert-golfstaaten-zum-gemeinsamen-kampf-gegen-den-wahren-feind-auf\/\" \/>\n<meta property=\"og:locale\" content=\"de_DE\" \/>\n<meta property=\"og:type\" content=\"article\" \/>\n<meta property=\"og:title\" content=\"Iran-Krieg: Chamenei fordert Golfstaaten zum gemeinsamen Kampf gegen den &quot;wahren Feind&quot; auf\" \/>\n<meta property=\"og:description\" content=\"Irans Staatsoberhaupt Chamenei ruft die Golfstaaten zur Einheit gegen den &#8220;wahren Feind&#8221; auf. Zugleich r\u00e4umt Teheran die schweren wirtschaftlichen Folgen des Krieges und der US-Sanktionen ein \u2013 der Au\u00dfenhandel ist um rund 35 Prozent eingebrochen. Irans Staatsoberhaupt Modschtaba Chamenei hat muslimische Staaten, insbesondere die Golfstaaten, dazu aufgerufen, sich gegen den von ihm bezeichneten &#8220;wahren Feind&#8221; [&hellip;]\" \/>\n<meta property=\"og:url\" content=\"https:\/\/now-news.de\/de\/deutschland\/iran-krieg-chamenei-fordert-golfstaaten-zum-gemeinsamen-kampf-gegen-den-wahren-feind-auf\/\" \/>\n<meta property=\"og:site_name\" content=\"just-now.NEWS Deutschland\" \/>\n<meta property=\"article:publisher\" content=\"https:\/\/www.facebook.com\/wirmachenauf\" \/>\n<meta property=\"article:published_time\" content=\"2026-08-30T12:49:29+00:00\" \/>\n<meta property=\"og:image\" content=\"https:\/\/now-news.de\/de\/wp-content\/uploads\/sites\/3\/2026\/08\/6a9402b7b480cc11782604ad.jpg\" \/>\n<meta name=\"author\" content=\"rtnews\" \/>\n<meta name=\"twitter:card\" content=\"summary_large_image\" \/>\n<meta name=\"twitter:creator\" content=\"@WirMachenAuf_de\" \/>\n<meta name=\"twitter:site\" content=\"@WirMachenAuf_de\" \/>\n<meta name=\"twitter:label1\" content=\"Verfasst von\" \/>\n\t<meta name=\"twitter:data1\" content=\"rtnews\" \/>\n\t<meta name=\"twitter:label2\" content=\"Gesch\u00e4tzte Lesezeit\" \/>\n\t<meta name=\"twitter:data2\" content=\"3\u00a0Minuten\" \/>\n<script type=\"application\/ld+json\" class=\"yoast-schema-graph\">{\"@context\":\"https:\\\/\\\/schema.org\",\"@graph\":[{\"@type\":\"Article\",\"@id\":\"https:\\\/\\\/now-news.de\\\/de\\\/deutschland\\\/iran-krieg-chamenei-fordert-golfstaaten-zum-gemeinsamen-kampf-gegen-den-wahren-feind-auf\\\/#article\",\"isPartOf\":{\"@id\":\"https:\\\/\\\/now-news.de\\\/de\\\/deutschland\\\/iran-krieg-chamenei-fordert-golfstaaten-zum-gemeinsamen-kampf-gegen-den-wahren-feind-auf\\\/\"},\"author\":{\"name\":\"rtnews\",\"@id\":\"https:\\\/\\\/now-news.de\\\/de\\\/#\\\/schema\\\/person\\\/fb534a4e865501d8b3285208df34a9b5\"},\"headline\":\"Iran-Krieg: Chamenei fordert Golfstaaten zum gemeinsamen Kampf gegen den &quot;wahren Feind&quot; auf\",\"datePublished\":\"2026-08-30T12:49:29+00:00\",\"mainEntityOfPage\":{\"@id\":\"https:\\\/\\\/now-news.de\\\/de\\\/deutschland\\\/iran-krieg-chamenei-fordert-golfstaaten-zum-gemeinsamen-kampf-gegen-den-wahren-feind-auf\\\/\"},\"wordCount\":653,\"commentCount\":0,\"publisher\":{\"@id\":\"https:\\\/\\\/now-news.de\\\/de\\\/#organization\"},\"image\":{\"@id\":\"https:\\\/\\\/now-news.de\\\/de\\\/deutschland\\\/iran-krieg-chamenei-fordert-golfstaaten-zum-gemeinsamen-kampf-gegen-den-wahren-feind-auf\\\/#primaryimage\"},\"thumbnailUrl\":\"https:\\\/\\\/now-news.de\\\/de\\\/wp-content\\\/uploads\\\/sites\\\/3\\\/2026\\\/08\\\/Iran-Krieg-Chamenei-fordert-Golfstaaten-zum-gemeinsamen-Kampf-gegen-den-quotwahren.jpg\",\"keywords\":[\"AUF\",\"Chamenei\",\"den\",\"Feindquot\",\"fordert\",\"gegen\",\"gemeinsamen\",\"Golfstaaten\",\"Irankrieg\",\"Kampf\",\"quotwahren\",\"zum\"],\"articleSection\":[\"Deutschland\",\"Russland\"],\"inLanguage\":\"de\",\"potentialAction\":[{\"@type\":\"CommentAction\",\"name\":\"Comment\",\"target\":[\"https:\\\/\\\/now-news.de\\\/de\\\/deutschland\\\/iran-krieg-chamenei-fordert-golfstaaten-zum-gemeinsamen-kampf-gegen-den-wahren-feind-auf\\\/#respond\"]}]},{\"@type\":\"WebPage\",\"@id\":\"https:\\\/\\\/now-news.de\\\/de\\\/deutschland\\\/iran-krieg-chamenei-fordert-golfstaaten-zum-gemeinsamen-kampf-gegen-den-wahren-feind-auf\\\/\",\"url\":\"https:\\\/\\\/now-news.de\\\/de\\\/deutschland\\\/iran-krieg-chamenei-fordert-golfstaaten-zum-gemeinsamen-kampf-gegen-den-wahren-feind-auf\\\/\",\"name\":\"Iran-Krieg: Chamenei fordert Golfstaaten zum gemeinsamen Kampf gegen den &quot;wahren Feind&quot; auf - just-now.NEWS Deutschland\",\"isPartOf\":{\"@id\":\"https:\\\/\\\/now-news.de\\\/de\\\/#website\"},\"primaryImageOfPage\":{\"@id\":\"https:\\\/\\\/now-news.de\\\/de\\\/deutschland\\\/iran-krieg-chamenei-fordert-golfstaaten-zum-gemeinsamen-kampf-gegen-den-wahren-feind-auf\\\/#primaryimage\"},\"image\":{\"@id\":\"https:\\\/\\\/now-news.de\\\/de\\\/deutschland\\\/iran-krieg-chamenei-fordert-golfstaaten-zum-gemeinsamen-kampf-gegen-den-wahren-feind-auf\\\/#primaryimage\"},\"thumbnailUrl\":\"https:\\\/\\\/now-news.de\\\/de\\\/wp-content\\\/uploads\\\/sites\\\/3\\\/2026\\\/08\\\/Iran-Krieg-Chamenei-fordert-Golfstaaten-zum-gemeinsamen-Kampf-gegen-den-quotwahren.jpg\",\"datePublished\":\"2026-08-30T12:49:29+00:00\",\"breadcrumb\":{\"@id\":\"https:\\\/\\\/now-news.de\\\/de\\\/deutschland\\\/iran-krieg-chamenei-fordert-golfstaaten-zum-gemeinsamen-kampf-gegen-den-wahren-feind-auf\\\/#breadcrumb\"},\"inLanguage\":\"de\",\"potentialAction\":[{\"@type\":\"ReadAction\",\"target\":[\"https:\\\/\\\/now-news.de\\\/de\\\/deutschland\\\/iran-krieg-chamenei-fordert-golfstaaten-zum-gemeinsamen-kampf-gegen-den-wahren-feind-auf\\\/\"]}]},{\"@type\":\"ImageObject\",\"inLanguage\":\"de\",\"@id\":\"https:\\\/\\\/now-news.de\\\/de\\\/deutschland\\\/iran-krieg-chamenei-fordert-golfstaaten-zum-gemeinsamen-kampf-gegen-den-wahren-feind-auf\\\/#primaryimage\",\"url\":\"https:\\\/\\\/now-news.de\\\/de\\\/wp-content\\\/uploads\\\/sites\\\/3\\\/2026\\\/08\\\/Iran-Krieg-Chamenei-fordert-Golfstaaten-zum-gemeinsamen-Kampf-gegen-den-quotwahren.jpg\",\"contentUrl\":\"https:\\\/\\\/now-news.de\\\/de\\\/wp-content\\\/uploads\\\/sites\\\/3\\\/2026\\\/08\\\/Iran-Krieg-Chamenei-fordert-Golfstaaten-zum-gemeinsamen-Kampf-gegen-den-quotwahren.jpg\",\"width\":460,\"height\":259,\"caption\":\"Iran-Krieg: Chamenei fordert Golfstaaten zum gemeinsamen Kampf gegen den &quot;wahren Feind&quot; auf\"},{\"@type\":\"BreadcrumbList\",\"@id\":\"https:\\\/\\\/now-news.de\\\/de\\\/deutschland\\\/iran-krieg-chamenei-fordert-golfstaaten-zum-gemeinsamen-kampf-gegen-den-wahren-feind-auf\\\/#breadcrumb\",\"itemListElement\":[{\"@type\":\"ListItem\",\"position\":1,\"name\":\"Home\",\"item\":\"https:\\\/\\\/now-news.de\\\/de\\\/\"},{\"@type\":\"ListItem\",\"position\":2,\"name\":\"Iran-Krieg: Chamenei fordert Golfstaaten zum gemeinsamen Kampf gegen den &quot;wahren Feind&quot; auf\"}]},{\"@type\":\"WebSite\",\"@id\":\"https:\\\/\\\/now-news.de\\\/de\\\/#website\",\"url\":\"https:\\\/\\\/now-news.de\\\/de\\\/\",\"name\":\"just-now.NEWS Deutschland\",\"description\":\"Das Portal f\u00fcr unzensierte Nachrichten aus der Welt\",\"publisher\":{\"@id\":\"https:\\\/\\\/now-news.de\\\/de\\\/#organization\"},\"potentialAction\":[{\"@type\":\"SearchAction\",\"target\":{\"@type\":\"EntryPoint\",\"urlTemplate\":\"https:\\\/\\\/now-news.de\\\/de\\\/?s={search_term_string}\"},\"query-input\":{\"@type\":\"PropertyValueSpecification\",\"valueRequired\":true,\"valueName\":\"search_term_string\"}}],\"inLanguage\":\"de\"},{\"@type\":\"Organization\",\"@id\":\"https:\\\/\\\/now-news.de\\\/de\\\/#organization\",\"name\":\"Just Now News\",\"url\":\"https:\\\/\\\/now-news.de\\\/de\\\/\",\"logo\":{\"@type\":\"ImageObject\",\"inLanguage\":\"de\",\"@id\":\"https:\\\/\\\/now-news.de\\\/de\\\/#\\\/schema\\\/logo\\\/image\\\/\",\"url\":\"http:\\\/\\\/just-now.news\\\/de\\\/wp-content\\\/uploads\\\/sites\\\/3\\\/2022\\\/04\\\/logo500x500.jpg\",\"contentUrl\":\"http:\\\/\\\/just-now.news\\\/de\\\/wp-content\\\/uploads\\\/sites\\\/3\\\/2022\\\/04\\\/logo500x500.jpg\",\"width\":500,\"height\":500,\"caption\":\"Just Now News\"},\"image\":{\"@id\":\"https:\\\/\\\/now-news.de\\\/de\\\/#\\\/schema\\\/logo\\\/image\\\/\"},\"sameAs\":[\"https:\\\/\\\/www.facebook.com\\\/wirmachenauf\",\"https:\\\/\\\/x.com\\\/WirMachenAuf_de\"]},{\"@type\":\"Person\",\"@id\":\"https:\\\/\\\/now-news.de\\\/de\\\/#\\\/schema\\\/person\\\/fb534a4e865501d8b3285208df34a9b5\",\"name\":\"rtnews\",\"image\":{\"@type\":\"ImageObject\",\"inLanguage\":\"de\",\"@id\":\"https:\\\/\\\/secure.gravatar.com\\\/avatar\\\/358fe31b3ab5769fea05376e1953329834cd9912cf9daf607e2af3076a1b982b?s=96&d=mm&r=g\",\"url\":\"https:\\\/\\\/secure.gravatar.com\\\/avatar\\\/358fe31b3ab5769fea05376e1953329834cd9912cf9daf607e2af3076a1b982b?s=96&d=mm&r=g\",\"contentUrl\":\"https:\\\/\\\/secure.gravatar.com\\\/avatar\\\/358fe31b3ab5769fea05376e1953329834cd9912cf9daf607e2af3076a1b982b?s=96&d=mm&r=g\",\"caption\":\"rtnews\"},\"url\":\"https:\\\/\\\/now-news.de\\\/de\\\/author\\\/rnews\\\/\"}]}<\/script>\n<!-- \/ Yoast SEO Premium plugin. -->","yoast_head_json":{"title":"Iran-Krieg: Chamenei fordert Golfstaaten zum gemeinsamen Kampf gegen den &quot;wahren Feind&quot; auf - just-now.NEWS Deutschland","robots":{"index":"index","follow":"follow","max-snippet":"max-snippet:-1","max-image-preview":"max-image-preview:large","max-video-preview":"max-video-preview:-1"},"canonical":"https:\/\/now-news.de\/de\/deutschland\/iran-krieg-chamenei-fordert-golfstaaten-zum-gemeinsamen-kampf-gegen-den-wahren-feind-auf\/","og_locale":"de_DE","og_type":"article","og_title":"Iran-Krieg: Chamenei fordert Golfstaaten zum gemeinsamen Kampf gegen den &quot;wahren Feind&quot; auf","og_description":"Irans Staatsoberhaupt Chamenei ruft die Golfstaaten zur Einheit gegen den &#8220;wahren Feind&#8221; auf. Zugleich r\u00e4umt Teheran die schweren wirtschaftlichen Folgen des Krieges und der US-Sanktionen ein \u2013 der Au\u00dfenhandel ist um rund 35 Prozent eingebrochen. Irans Staatsoberhaupt Modschtaba Chamenei hat muslimische Staaten, insbesondere die Golfstaaten, dazu aufgerufen, sich gegen den von ihm bezeichneten &#8220;wahren Feind&#8221; [&hellip;]","og_url":"https:\/\/now-news.de\/de\/deutschland\/iran-krieg-chamenei-fordert-golfstaaten-zum-gemeinsamen-kampf-gegen-den-wahren-feind-auf\/","og_site_name":"just-now.NEWS Deutschland","article_publisher":"https:\/\/www.facebook.com\/wirmachenauf","article_published_time":"2026-08-30T12:49:29+00:00","og_image":[{"url":"https:\/\/now-news.de\/de\/wp-content\/uploads\/sites\/3\/2026\/08\/6a9402b7b480cc11782604ad.jpg","type":"","width":"","height":""}],"author":"rtnews","twitter_card":"summary_large_image","twitter_creator":"@WirMachenAuf_de","twitter_site":"@WirMachenAuf_de","twitter_misc":{"Verfasst von":"rtnews","Gesch\u00e4tzte Lesezeit":"3\u00a0Minuten"},"schema":{"@context":"https:\/\/schema.org","@graph":[{"@type":"Article","@id":"https:\/\/now-news.de\/de\/deutschland\/iran-krieg-chamenei-fordert-golfstaaten-zum-gemeinsamen-kampf-gegen-den-wahren-feind-auf\/#article","isPartOf":{"@id":"https:\/\/now-news.de\/de\/deutschland\/iran-krieg-chamenei-fordert-golfstaaten-zum-gemeinsamen-kampf-gegen-den-wahren-feind-auf\/"},"author":{"name":"rtnews","@id":"https:\/\/now-news.de\/de\/#\/schema\/person\/fb534a4e865501d8b3285208df34a9b5"},"headline":"Iran-Krieg: Chamenei fordert Golfstaaten zum gemeinsamen Kampf gegen den &quot;wahren Feind&quot; auf","datePublished":"2026-08-30T12:49:29+00:00","mainEntityOfPage":{"@id":"https:\/\/now-news.de\/de\/deutschland\/iran-krieg-chamenei-fordert-golfstaaten-zum-gemeinsamen-kampf-gegen-den-wahren-feind-auf\/"},"wordCount":653,"commentCount":0,"publisher":{"@id":"https:\/\/now-news.de\/de\/#organization"},"image":{"@id":"https:\/\/now-news.de\/de\/deutschland\/iran-krieg-chamenei-fordert-golfstaaten-zum-gemeinsamen-kampf-gegen-den-wahren-feind-auf\/#primaryimage"},"thumbnailUrl":"https:\/\/now-news.de\/de\/wp-content\/uploads\/sites\/3\/2026\/08\/Iran-Krieg-Chamenei-fordert-Golfstaaten-zum-gemeinsamen-Kampf-gegen-den-quotwahren.jpg","keywords":["AUF","Chamenei","den","Feindquot","fordert","gegen","gemeinsamen","Golfstaaten","Irankrieg","Kampf","quotwahren","zum"],"articleSection":["Deutschland","Russland"],"inLanguage":"de","potentialAction":[{"@type":"CommentAction","name":"Comment","target":["https:\/\/now-news.de\/de\/deutschland\/iran-krieg-chamenei-fordert-golfstaaten-zum-gemeinsamen-kampf-gegen-den-wahren-feind-auf\/#respond"]}]},{"@type":"WebPage","@id":"https:\/\/now-news.de\/de\/deutschland\/iran-krieg-chamenei-fordert-golfstaaten-zum-gemeinsamen-kampf-gegen-den-wahren-feind-auf\/","url":"https:\/\/now-news.de\/de\/deutschland\/iran-krieg-chamenei-fordert-golfstaaten-zum-gemeinsamen-kampf-gegen-den-wahren-feind-auf\/","name":"Iran-Krieg: Chamenei fordert Golfstaaten zum gemeinsamen Kampf gegen den &quot;wahren Feind&quot; auf - just-now.NEWS Deutschland","isPartOf":{"@id":"https:\/\/now-news.de\/de\/#website"},"primaryImageOfPage":{"@id":"https:\/\/now-news.de\/de\/deutschland\/iran-krieg-chamenei-fordert-golfstaaten-zum-gemeinsamen-kampf-gegen-den-wahren-feind-auf\/#primaryimage"},"image":{"@id":"https:\/\/now-news.de\/de\/deutschland\/iran-krieg-chamenei-fordert-golfstaaten-zum-gemeinsamen-kampf-gegen-den-wahren-feind-auf\/#primaryimage"},"thumbnailUrl":"https:\/\/now-news.de\/de\/wp-content\/uploads\/sites\/3\/2026\/08\/Iran-Krieg-Chamenei-fordert-Golfstaaten-zum-gemeinsamen-Kampf-gegen-den-quotwahren.jpg","datePublished":"2026-08-30T12:49:29+00:00","breadcrumb":{"@id":"https:\/\/now-news.de\/de\/deutschland\/iran-krieg-chamenei-fordert-golfstaaten-zum-gemeinsamen-kampf-gegen-den-wahren-feind-auf\/#breadcrumb"},"inLanguage":"de","potentialAction":[{"@type":"ReadAction","target":["https:\/\/now-news.de\/de\/deutschland\/iran-krieg-chamenei-fordert-golfstaaten-zum-gemeinsamen-kampf-gegen-den-wahren-feind-auf\/"]}]},{"@type":"ImageObject","inLanguage":"de","@id":"https:\/\/now-news.de\/de\/deutschland\/iran-krieg-chamenei-fordert-golfstaaten-zum-gemeinsamen-kampf-gegen-den-wahren-feind-auf\/#primaryimage","url":"https:\/\/now-news.de\/de\/wp-content\/uploads\/sites\/3\/2026\/08\/Iran-Krieg-Chamenei-fordert-Golfstaaten-zum-gemeinsamen-Kampf-gegen-den-quotwahren.jpg","contentUrl":"https:\/\/now-news.de\/de\/wp-content\/uploads\/sites\/3\/2026\/08\/Iran-Krieg-Chamenei-fordert-Golfstaaten-zum-gemeinsamen-Kampf-gegen-den-quotwahren.jpg","width":460,"height":259,"caption":"Iran-Krieg: Chamenei fordert Golfstaaten zum gemeinsamen Kampf gegen den &quot;wahren Feind&quot; auf"},{"@type":"BreadcrumbList","@id":"https:\/\/now-news.de\/de\/deutschland\/iran-krieg-chamenei-fordert-golfstaaten-zum-gemeinsamen-kampf-gegen-den-wahren-feind-auf\/#breadcrumb","itemListElement":[{"@type":"ListItem","position":1,"name":"Home","item":"https:\/\/now-news.de\/de\/"},{"@type":"ListItem","position":2,"name":"Iran-Krieg: Chamenei fordert Golfstaaten zum gemeinsamen Kampf gegen den &quot;wahren Feind&quot; auf"}]},{"@type":"WebSite","@id":"https:\/\/now-news.de\/de\/#website","url":"https:\/\/now-news.de\/de\/","name":"just-now.NEWS Deutschland","description":"Das Portal f\u00fcr unzensierte Nachrichten aus der Welt","publisher":{"@id":"https:\/\/now-news.de\/de\/#organization"},"potentialAction":[{"@type":"SearchAction","target":{"@type":"EntryPoint","urlTemplate":"https:\/\/now-news.de\/de\/?s={search_term_string}"},"query-input":{"@type":"PropertyValueSpecification","valueRequired":true,"valueName":"search_term_string"}}],"inLanguage":"de"},{"@type":"Organization","@id":"https:\/\/now-news.de\/de\/#organization","name":"Just Now News","url":"https:\/\/now-news.de\/de\/","logo":{"@type":"ImageObject","inLanguage":"de","@id":"https:\/\/now-news.de\/de\/#\/schema\/logo\/image\/","url":"http:\/\/just-now.news\/de\/wp-content\/uploads\/sites\/3\/2022\/04\/logo500x500.jpg","contentUrl":"http:\/\/just-now.news\/de\/wp-content\/uploads\/sites\/3\/2022\/04\/logo500x500.jpg","width":500,"height":500,"caption":"Just Now News"},"image":{"@id":"https:\/\/now-news.de\/de\/#\/schema\/logo\/image\/"},"sameAs":["https:\/\/www.facebook.com\/wirmachenauf","https:\/\/x.com\/WirMachenAuf_de"]},{"@type":"Person","@id":"https:\/\/now-news.de\/de\/#\/schema\/person\/fb534a4e865501d8b3285208df34a9b5","name":"rtnews","image":{"@type":"ImageObject","inLanguage":"de","@id":"https:\/\/secure.gravatar.com\/avatar\/358fe31b3ab5769fea05376e1953329834cd9912cf9daf607e2af3076a1b982b?s=96&d=mm&r=g","url":"https:\/\/secure.gravatar.com\/avatar\/358fe31b3ab5769fea05376e1953329834cd9912cf9daf607e2af3076a1b982b?s=96&d=mm&r=g","contentUrl":"https:\/\/secure.gravatar.com\/avatar\/358fe31b3ab5769fea05376e1953329834cd9912cf9daf607e2af3076a1b982b?s=96&d=mm&r=g","caption":"rtnews"},"url":"https:\/\/now-news.de\/de\/author\/rnews\/"}]}},"_links":{"self":[{"href":"https:\/\/now-news.de\/de\/wp-json\/wp\/v2\/posts\/109613","targetHints":{"allow":["GET"]}}],"collection":[{"href":"https:\/\/now-news.de\/de\/wp-json\/wp\/v2\/posts"}],"about":[{"href":"https:\/\/now-news.de\/de\/wp-json\/wp\/v2\/types\/post"}],"author":[{"embeddable":true,"href":"https:\/\/now-news.de\/de\/wp-json\/wp\/v2\/users\/3"}],"replies":[{"embeddable":true,"href":"https:\/\/now-news.de\/de\/wp-json\/wp\/v2\/comments?post=109613"}],"version-history":[{"count":0,"href":"https:\/\/now-news.de\/de\/wp-json\/wp\/v2\/posts\/109613\/revisions"}],"wp:featuredmedia":[{"embeddable":true,"href":"https:\/\/now-news.de\/de\/wp-json\/wp\/v2\/media\/109614"}],"wp:attachment":[{"href":"https:\/\/now-news.de\/de\/wp-json\/wp\/v2\/media?parent=109613"}],"wp:term":[{"taxonomy":"category","embeddable":true,"href":"https:\/\/now-news.de\/de\/wp-json\/wp\/v2\/categories?post=109613"},{"taxonomy":"post_tag","embeddable":true,"href":"https:\/\/now-news.de\/de\/wp-json\/wp\/v2\/tags?post=109613"}],"curies":[{"name":"wp","href":"https:\/\/api.w.org\/{rel}","templated":true}]}}