{"id":109611,"date":"2026-08-30T14:18:52","date_gmt":"2026-08-30T12:18:52","guid":{"rendered":"https:\/\/now-news.de\/de\/deutschland\/island-stimmt-gegen-eu-beitrittsverhandlungen\/"},"modified":"2026-08-30T14:18:52","modified_gmt":"2026-08-30T12:18:52","slug":"island-stimmt-gegen-eu-beitrittsverhandlungen","status":"publish","type":"post","link":"https:\/\/now-news.de\/de\/deutschland\/island-stimmt-gegen-eu-beitrittsverhandlungen\/","title":{"rendered":"Island stimmt gegen EU-Beitrittsverhandlungen"},"content":{"rendered":"<p><img decoding=\"async\" src=\"https:\/\/now-news.de\/de\/wp-content\/uploads\/sites\/3\/2026\/08\/6a94164c48fbef6a7f4ba590.jpg\" \/><\/p>\n<div class=\"Text-root Text-type_1 \">\n                Die Mehrheit der Isl\u00e4nder hat die Wiederaufnahme der EU-Beitrittsverhandlungen abgelehnt. Bei der Volksabstimmung am Samstag sprachen sich mehr als 50 Prozent der B\u00fcrger dagegen aus. Den im Jahr 2009 gestellten Antrag auf EU\u2011Mitgliedschaft hatte Island 2013 wieder zur\u00fcckgezogen.\n            <\/div>\n<p><\/p>\n<div class=\"Text-root Text-type_5 ArticleView-text ViewText-root \">\n<p>Die Menschen in Island haben am Samstag gegen die Wiederaufnahme der EU-Beitrittsverhandlungen gestimmt. Nach Ausz\u00e4hlung der Stimmen in f\u00fcnf der sechs Wahlkreise sprachen sich 47,2 Prozent f\u00fcr den Vorschlag aus, w\u00e4hrend 52,5 Prozent dagegen waren. Laut dem Sender <em>RUV<\/em> k\u00f6nnte das Ergebnis aus dem letzten Wahlkreis, der bereits eher zum &#8220;Nein&#8221; tendierte, den Bef\u00fcrwortern der europ\u00e4ischen Integration nicht gen\u00fcgend Stimmen einbringen. In Island leben knapp 400.000 Menschen, mehr als 270.000 sind wahlberechtigt.<\/p>\n<p>Sollte es in der letzten Minute zu keiner Wendung kommen, werde das Ergebnis der Abstimmung ein schwerer Schlag f\u00fcr die EU sein, schrieb <em>The Guardian<\/em>. Br\u00fcssel habe auf den Beitritt eines wohlhabenden Mitglieds gehofft und sei offenbar bereit gewesen, bei schwierigen Fragen Kompromisse einzugehen.<\/p>\n<p>Premierministerin Kristr\u00fan Frostad\u00f3ttir f\u00fchrt als Vorsitzende der Sozialdemokratischen Allianz das B\u00fcndnis zur Wiederaufnahme der Verhandlungen an. Ihre Unterst\u00fctzer betonten, dass ein Beitritt zur Eurozone zur Bek\u00e4mpfung der hohen Inflation beitragen k\u00f6nnte. Ihre Gegner \u00e4u\u00dferten jedoch Bedenken in Bezug auf die Themen Souver\u00e4nit\u00e4t, Wirtschaftssektor und Fischerei, die rund 40 Prozent der isl\u00e4ndischen Exporte ausmachen.<\/p>\n<p>Island h\u00e4lt sich bereits weitgehend an das EU-Recht und ist Mitglied des Europ\u00e4ischen Wirtschaftsraums mit Zugang zum europ\u00e4ischen Binnenmarkt, allerdings mit Ausnahmen. Die EU-Mitgliedschaft beantragte Island 2009 vor dem Hintergrund der Finanzkrise, zog den Antrag jedoch 2013 zur\u00fcck.<\/p>\n<p><strong>Mehr zum Thema<\/strong> \u2013 <a rel=\"nofollow\" target=\"_blank\" href=\"https:\/\/de-rtnews.com\/inland\/287025-islaendische-ministerpraesidentin-auf-berlin-besuch\/\">Isl\u00e4ndische Ministerpr\u00e4sidentin auf Berlin-Besuch<\/a><\/p>\n<div class=\"EmbedBlock-root EmbedBlock-externalVideo EmbedBlock-rumble\">\n<div class=\"VkEmbed\"><iframe class=\"lazyload\" data-src=\"https:\/\/rumble.com\/embed\/v74oj24\" frameborder=\"0\" width=\"853\" height=\"480\" allowfullscreen><\/iframe><\/div>\n<\/div>\n<p><a rel=\"nofollow\" target=\"_blank\" href=\"https:\/\/de-rtnews.com\/europa\/290056-island-stimmt-ueber-eu-beitrittsverhandlungen-ab\/\"><\/a><\/p>\n<\/div>\n<p><br \/>\n<br \/><a href=\"https:\/\/de.rt.com\/europa\/290141-island-stimmt-gegen-eu-beitrittsverhandlungen\/\">Source link <\/a><\/p>\n","protected":false},"excerpt":{"rendered":"<p>Die Mehrheit der Isl\u00e4nder hat die Wiederaufnahme der EU-Beitrittsverhandlungen abgelehnt. Bei der Volksabstimmung am Samstag sprachen sich mehr als 50 Prozent der B\u00fcrger dagegen aus. Den im Jahr 2009 gestellten Antrag auf EU\u2011Mitgliedschaft hatte Island 2013 wieder zur\u00fcckgezogen. Die Menschen in Island haben am Samstag gegen die Wiederaufnahme der EU-Beitrittsverhandlungen gestimmt. Nach Ausz\u00e4hlung der Stimmen [&hellip;]<\/p>\n","protected":false},"author":3,"featured_media":109612,"comment_status":"open","ping_status":"open","sticky":false,"template":"","format":"standard","meta":{"wp_automatic_camp":["217"],"f39593add9516c05f82368417dcdfd9c":["Island stimmt gegen EU-Beitrittsverhandlungen"],"original_link":["https:\/\/de.rt.com\/europa\/290141-island-stimmt-gegen-eu-beitrittsverhandlungen\/"],"_thumbnail_id":["109612"],"_wptgpro_p2tg_sent2tg":["a:1:{i:23737;s:19:\"2026-08-30 14:30:30\";}"],"jnews_social_counter_last_update":["1788199281"]},"categories":[19,23],"tags":[51543,278,6909,12453],"class_list":["post-109611","post","type-post","status-publish","format-standard","has-post-thumbnail","hentry","category-deutschland","category-russland","tag-eubeitrittsverhandlungen","tag-gegen","tag-island","tag-stimmt"],"yoast_head":"<!-- This site is optimized with the Yoast SEO Premium plugin v22.7 (Yoast SEO v28.2) - https:\/\/yoast.com\/product\/yoast-seo-premium-wordpress\/ -->\n<title>Island stimmt gegen EU-Beitrittsverhandlungen - just-now.NEWS Deutschland<\/title>\n<meta name=\"robots\" content=\"index, follow, max-snippet:-1, max-image-preview:large, max-video-preview:-1\" \/>\n<link rel=\"canonical\" href=\"https:\/\/now-news.de\/de\/deutschland\/island-stimmt-gegen-eu-beitrittsverhandlungen\/\" \/>\n<meta property=\"og:locale\" content=\"de_DE\" \/>\n<meta property=\"og:type\" content=\"article\" \/>\n<meta property=\"og:title\" content=\"Island stimmt gegen EU-Beitrittsverhandlungen\" \/>\n<meta property=\"og:description\" content=\"Die Mehrheit der Isl\u00e4nder hat die Wiederaufnahme der EU-Beitrittsverhandlungen abgelehnt. Bei der Volksabstimmung am Samstag sprachen sich mehr als 50 Prozent der B\u00fcrger dagegen aus. Den im Jahr 2009 gestellten Antrag auf EU\u2011Mitgliedschaft hatte Island 2013 wieder zur\u00fcckgezogen. Die Menschen in Island haben am Samstag gegen die Wiederaufnahme der EU-Beitrittsverhandlungen gestimmt. Nach Ausz\u00e4hlung der Stimmen [&hellip;]\" \/>\n<meta property=\"og:url\" content=\"https:\/\/now-news.de\/de\/deutschland\/island-stimmt-gegen-eu-beitrittsverhandlungen\/\" \/>\n<meta property=\"og:site_name\" content=\"just-now.NEWS Deutschland\" \/>\n<meta property=\"article:publisher\" content=\"https:\/\/www.facebook.com\/wirmachenauf\" \/>\n<meta property=\"article:published_time\" content=\"2026-08-30T12:18:52+00:00\" \/>\n<meta property=\"og:image\" content=\"https:\/\/now-news.de\/de\/wp-content\/uploads\/sites\/3\/2026\/08\/6a94164c48fbef6a7f4ba590.jpg\" \/>\n<meta name=\"author\" content=\"rtnews\" \/>\n<meta name=\"twitter:card\" content=\"summary_large_image\" \/>\n<meta name=\"twitter:creator\" content=\"@WirMachenAuf_de\" \/>\n<meta name=\"twitter:site\" content=\"@WirMachenAuf_de\" \/>\n<meta name=\"twitter:label1\" content=\"Verfasst von\" \/>\n\t<meta name=\"twitter:data1\" content=\"rtnews\" \/>\n\t<meta name=\"twitter:label2\" content=\"Gesch\u00e4tzte Lesezeit\" \/>\n\t<meta name=\"twitter:data2\" content=\"1\u00a0Minute\" \/>\n<script type=\"application\/ld+json\" class=\"yoast-schema-graph\">{\"@context\":\"https:\\\/\\\/schema.org\",\"@graph\":[{\"@type\":\"Article\",\"@id\":\"https:\\\/\\\/now-news.de\\\/de\\\/deutschland\\\/island-stimmt-gegen-eu-beitrittsverhandlungen\\\/#article\",\"isPartOf\":{\"@id\":\"https:\\\/\\\/now-news.de\\\/de\\\/deutschland\\\/island-stimmt-gegen-eu-beitrittsverhandlungen\\\/\"},\"author\":{\"name\":\"rtnews\",\"@id\":\"https:\\\/\\\/now-news.de\\\/de\\\/#\\\/schema\\\/person\\\/fb534a4e865501d8b3285208df34a9b5\"},\"headline\":\"Island stimmt gegen EU-Beitrittsverhandlungen\",\"datePublished\":\"2026-08-30T12:18:52+00:00\",\"mainEntityOfPage\":{\"@id\":\"https:\\\/\\\/now-news.de\\\/de\\\/deutschland\\\/island-stimmt-gegen-eu-beitrittsverhandlungen\\\/\"},\"wordCount\":280,\"commentCount\":0,\"publisher\":{\"@id\":\"https:\\\/\\\/now-news.de\\\/de\\\/#organization\"},\"image\":{\"@id\":\"https:\\\/\\\/now-news.de\\\/de\\\/deutschland\\\/island-stimmt-gegen-eu-beitrittsverhandlungen\\\/#primaryimage\"},\"thumbnailUrl\":\"https:\\\/\\\/now-news.de\\\/de\\\/wp-content\\\/uploads\\\/sites\\\/3\\\/2026\\\/08\\\/Island-stimmt-gegen-EU-Beitrittsverhandlungen.jpg\",\"keywords\":[\"EUBeitrittsverhandlungen\",\"gegen\",\"island\",\"stimmt\"],\"articleSection\":[\"Deutschland\",\"Russland\"],\"inLanguage\":\"de\",\"potentialAction\":[{\"@type\":\"CommentAction\",\"name\":\"Comment\",\"target\":[\"https:\\\/\\\/now-news.de\\\/de\\\/deutschland\\\/island-stimmt-gegen-eu-beitrittsverhandlungen\\\/#respond\"]}]},{\"@type\":\"WebPage\",\"@id\":\"https:\\\/\\\/now-news.de\\\/de\\\/deutschland\\\/island-stimmt-gegen-eu-beitrittsverhandlungen\\\/\",\"url\":\"https:\\\/\\\/now-news.de\\\/de\\\/deutschland\\\/island-stimmt-gegen-eu-beitrittsverhandlungen\\\/\",\"name\":\"Island stimmt gegen EU-Beitrittsverhandlungen - just-now.NEWS Deutschland\",\"isPartOf\":{\"@id\":\"https:\\\/\\\/now-news.de\\\/de\\\/#website\"},\"primaryImageOfPage\":{\"@id\":\"https:\\\/\\\/now-news.de\\\/de\\\/deutschland\\\/island-stimmt-gegen-eu-beitrittsverhandlungen\\\/#primaryimage\"},\"image\":{\"@id\":\"https:\\\/\\\/now-news.de\\\/de\\\/deutschland\\\/island-stimmt-gegen-eu-beitrittsverhandlungen\\\/#primaryimage\"},\"thumbnailUrl\":\"https:\\\/\\\/now-news.de\\\/de\\\/wp-content\\\/uploads\\\/sites\\\/3\\\/2026\\\/08\\\/Island-stimmt-gegen-EU-Beitrittsverhandlungen.jpg\",\"datePublished\":\"2026-08-30T12:18:52+00:00\",\"breadcrumb\":{\"@id\":\"https:\\\/\\\/now-news.de\\\/de\\\/deutschland\\\/island-stimmt-gegen-eu-beitrittsverhandlungen\\\/#breadcrumb\"},\"inLanguage\":\"de\",\"potentialAction\":[{\"@type\":\"ReadAction\",\"target\":[\"https:\\\/\\\/now-news.de\\\/de\\\/deutschland\\\/island-stimmt-gegen-eu-beitrittsverhandlungen\\\/\"]}]},{\"@type\":\"ImageObject\",\"inLanguage\":\"de\",\"@id\":\"https:\\\/\\\/now-news.de\\\/de\\\/deutschland\\\/island-stimmt-gegen-eu-beitrittsverhandlungen\\\/#primaryimage\",\"url\":\"https:\\\/\\\/now-news.de\\\/de\\\/wp-content\\\/uploads\\\/sites\\\/3\\\/2026\\\/08\\\/Island-stimmt-gegen-EU-Beitrittsverhandlungen.jpg\",\"contentUrl\":\"https:\\\/\\\/now-news.de\\\/de\\\/wp-content\\\/uploads\\\/sites\\\/3\\\/2026\\\/08\\\/Island-stimmt-gegen-EU-Beitrittsverhandlungen.jpg\",\"width\":460,\"height\":259,\"caption\":\"Island stimmt gegen EU-Beitrittsverhandlungen\"},{\"@type\":\"BreadcrumbList\",\"@id\":\"https:\\\/\\\/now-news.de\\\/de\\\/deutschland\\\/island-stimmt-gegen-eu-beitrittsverhandlungen\\\/#breadcrumb\",\"itemListElement\":[{\"@type\":\"ListItem\",\"position\":1,\"name\":\"Home\",\"item\":\"https:\\\/\\\/now-news.de\\\/de\\\/\"},{\"@type\":\"ListItem\",\"position\":2,\"name\":\"Island stimmt gegen EU-Beitrittsverhandlungen\"}]},{\"@type\":\"WebSite\",\"@id\":\"https:\\\/\\\/now-news.de\\\/de\\\/#website\",\"url\":\"https:\\\/\\\/now-news.de\\\/de\\\/\",\"name\":\"just-now.NEWS Deutschland\",\"description\":\"Das Portal f\u00fcr unzensierte Nachrichten aus der Welt\",\"publisher\":{\"@id\":\"https:\\\/\\\/now-news.de\\\/de\\\/#organization\"},\"potentialAction\":[{\"@type\":\"SearchAction\",\"target\":{\"@type\":\"EntryPoint\",\"urlTemplate\":\"https:\\\/\\\/now-news.de\\\/de\\\/?s={search_term_string}\"},\"query-input\":{\"@type\":\"PropertyValueSpecification\",\"valueRequired\":true,\"valueName\":\"search_term_string\"}}],\"inLanguage\":\"de\"},{\"@type\":\"Organization\",\"@id\":\"https:\\\/\\\/now-news.de\\\/de\\\/#organization\",\"name\":\"Just Now News\",\"url\":\"https:\\\/\\\/now-news.de\\\/de\\\/\",\"logo\":{\"@type\":\"ImageObject\",\"inLanguage\":\"de\",\"@id\":\"https:\\\/\\\/now-news.de\\\/de\\\/#\\\/schema\\\/logo\\\/image\\\/\",\"url\":\"http:\\\/\\\/just-now.news\\\/de\\\/wp-content\\\/uploads\\\/sites\\\/3\\\/2022\\\/04\\\/logo500x500.jpg\",\"contentUrl\":\"http:\\\/\\\/just-now.news\\\/de\\\/wp-content\\\/uploads\\\/sites\\\/3\\\/2022\\\/04\\\/logo500x500.jpg\",\"width\":500,\"height\":500,\"caption\":\"Just Now News\"},\"image\":{\"@id\":\"https:\\\/\\\/now-news.de\\\/de\\\/#\\\/schema\\\/logo\\\/image\\\/\"},\"sameAs\":[\"https:\\\/\\\/www.facebook.com\\\/wirmachenauf\",\"https:\\\/\\\/x.com\\\/WirMachenAuf_de\"]},{\"@type\":\"Person\",\"@id\":\"https:\\\/\\\/now-news.de\\\/de\\\/#\\\/schema\\\/person\\\/fb534a4e865501d8b3285208df34a9b5\",\"name\":\"rtnews\",\"image\":{\"@type\":\"ImageObject\",\"inLanguage\":\"de\",\"@id\":\"https:\\\/\\\/secure.gravatar.com\\\/avatar\\\/358fe31b3ab5769fea05376e1953329834cd9912cf9daf607e2af3076a1b982b?s=96&d=mm&r=g\",\"url\":\"https:\\\/\\\/secure.gravatar.com\\\/avatar\\\/358fe31b3ab5769fea05376e1953329834cd9912cf9daf607e2af3076a1b982b?s=96&d=mm&r=g\",\"contentUrl\":\"https:\\\/\\\/secure.gravatar.com\\\/avatar\\\/358fe31b3ab5769fea05376e1953329834cd9912cf9daf607e2af3076a1b982b?s=96&d=mm&r=g\",\"caption\":\"rtnews\"},\"url\":\"https:\\\/\\\/now-news.de\\\/de\\\/author\\\/rnews\\\/\"}]}<\/script>\n<!-- \/ Yoast SEO Premium plugin. -->","yoast_head_json":{"title":"Island stimmt gegen EU-Beitrittsverhandlungen - just-now.NEWS Deutschland","robots":{"index":"index","follow":"follow","max-snippet":"max-snippet:-1","max-image-preview":"max-image-preview:large","max-video-preview":"max-video-preview:-1"},"canonical":"https:\/\/now-news.de\/de\/deutschland\/island-stimmt-gegen-eu-beitrittsverhandlungen\/","og_locale":"de_DE","og_type":"article","og_title":"Island stimmt gegen EU-Beitrittsverhandlungen","og_description":"Die Mehrheit der Isl\u00e4nder hat die Wiederaufnahme der EU-Beitrittsverhandlungen abgelehnt. Bei der Volksabstimmung am Samstag sprachen sich mehr als 50 Prozent der B\u00fcrger dagegen aus. Den im Jahr 2009 gestellten Antrag auf EU\u2011Mitgliedschaft hatte Island 2013 wieder zur\u00fcckgezogen. Die Menschen in Island haben am Samstag gegen die Wiederaufnahme der EU-Beitrittsverhandlungen gestimmt. Nach Ausz\u00e4hlung der Stimmen [&hellip;]","og_url":"https:\/\/now-news.de\/de\/deutschland\/island-stimmt-gegen-eu-beitrittsverhandlungen\/","og_site_name":"just-now.NEWS Deutschland","article_publisher":"https:\/\/www.facebook.com\/wirmachenauf","article_published_time":"2026-08-30T12:18:52+00:00","og_image":[{"url":"https:\/\/now-news.de\/de\/wp-content\/uploads\/sites\/3\/2026\/08\/6a94164c48fbef6a7f4ba590.jpg","type":"","width":"","height":""}],"author":"rtnews","twitter_card":"summary_large_image","twitter_creator":"@WirMachenAuf_de","twitter_site":"@WirMachenAuf_de","twitter_misc":{"Verfasst von":"rtnews","Gesch\u00e4tzte Lesezeit":"1\u00a0Minute"},"schema":{"@context":"https:\/\/schema.org","@graph":[{"@type":"Article","@id":"https:\/\/now-news.de\/de\/deutschland\/island-stimmt-gegen-eu-beitrittsverhandlungen\/#article","isPartOf":{"@id":"https:\/\/now-news.de\/de\/deutschland\/island-stimmt-gegen-eu-beitrittsverhandlungen\/"},"author":{"name":"rtnews","@id":"https:\/\/now-news.de\/de\/#\/schema\/person\/fb534a4e865501d8b3285208df34a9b5"},"headline":"Island stimmt gegen EU-Beitrittsverhandlungen","datePublished":"2026-08-30T12:18:52+00:00","mainEntityOfPage":{"@id":"https:\/\/now-news.de\/de\/deutschland\/island-stimmt-gegen-eu-beitrittsverhandlungen\/"},"wordCount":280,"commentCount":0,"publisher":{"@id":"https:\/\/now-news.de\/de\/#organization"},"image":{"@id":"https:\/\/now-news.de\/de\/deutschland\/island-stimmt-gegen-eu-beitrittsverhandlungen\/#primaryimage"},"thumbnailUrl":"https:\/\/now-news.de\/de\/wp-content\/uploads\/sites\/3\/2026\/08\/Island-stimmt-gegen-EU-Beitrittsverhandlungen.jpg","keywords":["EUBeitrittsverhandlungen","gegen","island","stimmt"],"articleSection":["Deutschland","Russland"],"inLanguage":"de","potentialAction":[{"@type":"CommentAction","name":"Comment","target":["https:\/\/now-news.de\/de\/deutschland\/island-stimmt-gegen-eu-beitrittsverhandlungen\/#respond"]}]},{"@type":"WebPage","@id":"https:\/\/now-news.de\/de\/deutschland\/island-stimmt-gegen-eu-beitrittsverhandlungen\/","url":"https:\/\/now-news.de\/de\/deutschland\/island-stimmt-gegen-eu-beitrittsverhandlungen\/","name":"Island stimmt gegen EU-Beitrittsverhandlungen - just-now.NEWS Deutschland","isPartOf":{"@id":"https:\/\/now-news.de\/de\/#website"},"primaryImageOfPage":{"@id":"https:\/\/now-news.de\/de\/deutschland\/island-stimmt-gegen-eu-beitrittsverhandlungen\/#primaryimage"},"image":{"@id":"https:\/\/now-news.de\/de\/deutschland\/island-stimmt-gegen-eu-beitrittsverhandlungen\/#primaryimage"},"thumbnailUrl":"https:\/\/now-news.de\/de\/wp-content\/uploads\/sites\/3\/2026\/08\/Island-stimmt-gegen-EU-Beitrittsverhandlungen.jpg","datePublished":"2026-08-30T12:18:52+00:00","breadcrumb":{"@id":"https:\/\/now-news.de\/de\/deutschland\/island-stimmt-gegen-eu-beitrittsverhandlungen\/#breadcrumb"},"inLanguage":"de","potentialAction":[{"@type":"ReadAction","target":["https:\/\/now-news.de\/de\/deutschland\/island-stimmt-gegen-eu-beitrittsverhandlungen\/"]}]},{"@type":"ImageObject","inLanguage":"de","@id":"https:\/\/now-news.de\/de\/deutschland\/island-stimmt-gegen-eu-beitrittsverhandlungen\/#primaryimage","url":"https:\/\/now-news.de\/de\/wp-content\/uploads\/sites\/3\/2026\/08\/Island-stimmt-gegen-EU-Beitrittsverhandlungen.jpg","contentUrl":"https:\/\/now-news.de\/de\/wp-content\/uploads\/sites\/3\/2026\/08\/Island-stimmt-gegen-EU-Beitrittsverhandlungen.jpg","width":460,"height":259,"caption":"Island stimmt gegen EU-Beitrittsverhandlungen"},{"@type":"BreadcrumbList","@id":"https:\/\/now-news.de\/de\/deutschland\/island-stimmt-gegen-eu-beitrittsverhandlungen\/#breadcrumb","itemListElement":[{"@type":"ListItem","position":1,"name":"Home","item":"https:\/\/now-news.de\/de\/"},{"@type":"ListItem","position":2,"name":"Island stimmt gegen EU-Beitrittsverhandlungen"}]},{"@type":"WebSite","@id":"https:\/\/now-news.de\/de\/#website","url":"https:\/\/now-news.de\/de\/","name":"just-now.NEWS Deutschland","description":"Das Portal f\u00fcr unzensierte Nachrichten aus der Welt","publisher":{"@id":"https:\/\/now-news.de\/de\/#organization"},"potentialAction":[{"@type":"SearchAction","target":{"@type":"EntryPoint","urlTemplate":"https:\/\/now-news.de\/de\/?s={search_term_string}"},"query-input":{"@type":"PropertyValueSpecification","valueRequired":true,"valueName":"search_term_string"}}],"inLanguage":"de"},{"@type":"Organization","@id":"https:\/\/now-news.de\/de\/#organization","name":"Just Now News","url":"https:\/\/now-news.de\/de\/","logo":{"@type":"ImageObject","inLanguage":"de","@id":"https:\/\/now-news.de\/de\/#\/schema\/logo\/image\/","url":"http:\/\/just-now.news\/de\/wp-content\/uploads\/sites\/3\/2022\/04\/logo500x500.jpg","contentUrl":"http:\/\/just-now.news\/de\/wp-content\/uploads\/sites\/3\/2022\/04\/logo500x500.jpg","width":500,"height":500,"caption":"Just Now News"},"image":{"@id":"https:\/\/now-news.de\/de\/#\/schema\/logo\/image\/"},"sameAs":["https:\/\/www.facebook.com\/wirmachenauf","https:\/\/x.com\/WirMachenAuf_de"]},{"@type":"Person","@id":"https:\/\/now-news.de\/de\/#\/schema\/person\/fb534a4e865501d8b3285208df34a9b5","name":"rtnews","image":{"@type":"ImageObject","inLanguage":"de","@id":"https:\/\/secure.gravatar.com\/avatar\/358fe31b3ab5769fea05376e1953329834cd9912cf9daf607e2af3076a1b982b?s=96&d=mm&r=g","url":"https:\/\/secure.gravatar.com\/avatar\/358fe31b3ab5769fea05376e1953329834cd9912cf9daf607e2af3076a1b982b?s=96&d=mm&r=g","contentUrl":"https:\/\/secure.gravatar.com\/avatar\/358fe31b3ab5769fea05376e1953329834cd9912cf9daf607e2af3076a1b982b?s=96&d=mm&r=g","caption":"rtnews"},"url":"https:\/\/now-news.de\/de\/author\/rnews\/"}]}},"_links":{"self":[{"href":"https:\/\/now-news.de\/de\/wp-json\/wp\/v2\/posts\/109611","targetHints":{"allow":["GET"]}}],"collection":[{"href":"https:\/\/now-news.de\/de\/wp-json\/wp\/v2\/posts"}],"about":[{"href":"https:\/\/now-news.de\/de\/wp-json\/wp\/v2\/types\/post"}],"author":[{"embeddable":true,"href":"https:\/\/now-news.de\/de\/wp-json\/wp\/v2\/users\/3"}],"replies":[{"embeddable":true,"href":"https:\/\/now-news.de\/de\/wp-json\/wp\/v2\/comments?post=109611"}],"version-history":[{"count":0,"href":"https:\/\/now-news.de\/de\/wp-json\/wp\/v2\/posts\/109611\/revisions"}],"wp:featuredmedia":[{"embeddable":true,"href":"https:\/\/now-news.de\/de\/wp-json\/wp\/v2\/media\/109612"}],"wp:attachment":[{"href":"https:\/\/now-news.de\/de\/wp-json\/wp\/v2\/media?parent=109611"}],"wp:term":[{"taxonomy":"category","embeddable":true,"href":"https:\/\/now-news.de\/de\/wp-json\/wp\/v2\/categories?post=109611"},{"taxonomy":"post_tag","embeddable":true,"href":"https:\/\/now-news.de\/de\/wp-json\/wp\/v2\/tags?post=109611"}],"curies":[{"name":"wp","href":"https:\/\/api.w.org\/{rel}","templated":true}]}}