{"id":109602,"date":"2026-08-30T10:44:57","date_gmt":"2026-08-30T08:44:57","guid":{"rendered":"https:\/\/now-news.de\/de\/deutschland\/nach-umstrittenem-oel-abkommen-mit-usa-venezuelas-praesidentin-beschwichtigt\/"},"modified":"2026-08-30T10:44:57","modified_gmt":"2026-08-30T08:44:57","slug":"nach-umstrittenem-oel-abkommen-mit-usa-venezuelas-praesidentin-beschwichtigt","status":"publish","type":"post","link":"https:\/\/now-news.de\/de\/deutschland\/nach-umstrittenem-oel-abkommen-mit-usa-venezuelas-praesidentin-beschwichtigt\/","title":{"rendered":"Nach umstrittenem \u00d6l-Abkommen mit USA: Venezuelas Pr\u00e4sidentin beschwichtigt"},"content":{"rendered":"<p><img decoding=\"async\" src=\"https:\/\/now-news.de\/de\/wp-content\/uploads\/sites\/3\/2026\/08\/6a93e692b480cc08b600a985.jpg\" \/><\/p>\n<div class=\"Text-root Text-type_1 \">\n                Venezuelas \u00dcbergangspr\u00e4sidentin hat die Kritik am \u00d6l-Abkommen mit den USA zur\u00fcckgewiesen und die Souver\u00e4nit\u00e4t ihres Landes \u00fcber seine Rohstoffvorkommen betont. Das Abkommen soll 25 Jahre gelten und die \u00d6lf\u00f6rderung auf mehr als 1,5 Millionen Barrel pro Tag steigern.\n            <\/div>\n<p><\/p>\n<div class=\"Text-root Text-type_5 ArticleView-text ViewText-root \">\n<p>Venezuelas \u00dcbergangspr\u00e4sidentin Delcy Rodr\u00edguez hat die Kritik an dem neuen \u00d6l-Abkommen mit den USA zur\u00fcckgewiesen und die Souver\u00e4nit\u00e4t ihres Landes \u00fcber die Rohstoffvorkommen betont.<\/p>\n<p>Das &#8220;historische&#8221; Abkommen mit Washington hat eine Laufzeit von 25 Jahren und sieht die Erschlie\u00dfung von 17 strategischen \u00d6lfeldern vor. Die anf\u00e4ngliche F\u00f6rdermenge soll auf 1,5 Millionen Barrel Roh\u00f6l pro Tag steigen. Zugleich soll Venezuela nach Angaben Rodr\u00edguez\u2019 Eigent\u00fcmer seiner nat\u00fcrlichen Ressourcen bleiben.<\/p>\n<p>Der Deal umfasst zudem die Erschlie\u00dfung von acht bislang unerschlossenen \u00d6lfeldern. Von jedem Barrel, das im Rahmen des Abkommens gef\u00f6rdert und an die USA verkauft wird, sollen rund 19 Dollar an Caracas flie\u00dfen. Bei einem angenommenen \u00d6lpreis von 65 Dollar pro Barrel k\u00f6nnte das Abkommen Venezuela nach Angaben Rodr\u00edguez\u2019 insgesamt rund 209 Milliarden Dollar einbringen.<\/p>\n<p>Die \u00dcbergangspr\u00e4sidentin erkl\u00e4rte, Venezuela nutze mit dem Abkommen ausl\u00e4ndisches Kapital, Technologie und Fachwissen, um seine von den Sanktionen schwer getroffene \u00d6lindustrie wieder aufzubauen. Damit reagiert Rodr\u00edguez zugleich auf den Vorwurf, Caracas gebe mit dem Abkommen die Kontrolle \u00fcber seine wichtigsten Rohstoffreserven an Washington ab.<\/p>\n<p data-v-308ce35d=\"\" data-v-374fb494=\"\" data-selector=\"body-paragraph\" data-external-selector=\"body-elements-paragraph\">US-Pr\u00e4sident Donald Trump hatte das\u00a0\u00d6l-Abkommen am Freitag bekannt gegeben\u00a0und erkl\u00e4rt, die USA erhielten damit die Mehrheitskontrolle \u00fcber 65 Milliarden Barrel aus den venezolanischen Erd\u00f6lvorkommen. Da in Washington kaum Details bekannt gegeben wurden, gab es zahlreiche Spekulationen, das Abkommen sei zum Nachteil Venezuelas geschlossen worden.<\/p>\n<p>Venezolanische Regierungsvertreter bereiten nach Angaben der Nachrichtenagentur <em>Reuters<\/em> f\u00fcr die kommende Woche Vereinbarungen vor, die mehreren Unternehmen neue Rechte zur Erkundung und F\u00f6rderung von \u00d6lvorkommen einr\u00e4umen sollen. Dazu geh\u00f6rt auch der US-Konzern Chevron.<\/p>\n<p data-start=\"29\" data-end=\"285\">Caracas steht seit Januar unter Druck, den Forderungen Washingtons nachzukommen. Damals entf\u00fchrten US-Spezialkr\u00e4fte den damaligen venezolanischen Pr\u00e4sidenten Nicol\u00e1s Maduro und \u00fcbergaben die F\u00fchrung des Landes an dessen Vizepr\u00e4sidentin Delcy Rodr\u00edguez.<\/p>\n<p data-v-308ce35d=\"\" data-v-374fb494=\"\" data-selector=\"body-paragraph\" data-external-selector=\"body-elements-paragraph\">Mit mehr als 303 Milliarden Barrel verf\u00fcgt das s\u00fcdamerikanische Land \u00fcber die gr\u00f6\u00dften bekannten Erd\u00f6l-Reserven weltweit. Nach jahrelanger Wirtschaftskrise hat Venezuela aber gro\u00dfe Probleme, diese auszubeuten und Profit daraus zu schlagen.<\/p>\n<p data-v-308ce35d=\"\" data-v-374fb494=\"\" data-selector=\"body-paragraph\" data-external-selector=\"body-elements-paragraph\"><strong>Mehr zum Thema<\/strong>\u00a0\u2013\u00a0<a rel=\"nofollow\" target=\"_blank\" href=\"https:\/\/freedert.online\/international\/290060-trump-usa-haben-oelreserven-durch\/\" target=\"_blank\" rel=\"noopener noreferrer\">Trump: USA haben \u00d6lreserven durch Abkommen mit Venezuela verdoppelt<\/a><\/p>\n<div class=\"EmbedBlock-root EmbedBlock-externalVideo EmbedBlock-rumble\">\n<div class=\"VkEmbed\"><iframe class=\"lazyload\" data-src=\"https:\/\/rumble.com\/embed\/v7clcjc\" frameborder=\"0\" width=\"853\" height=\"480\" allowfullscreen><\/iframe><\/div>\n<\/div>\n<\/div>\n<p><br \/>\n<br \/><a href=\"https:\/\/de.rt.com\/amerika\/290116-nach-umstrittenem-oel-abkommen-mit\/\">Source link <\/a><\/p>\n","protected":false},"excerpt":{"rendered":"<p>Venezuelas \u00dcbergangspr\u00e4sidentin hat die Kritik am \u00d6l-Abkommen mit den USA zur\u00fcckgewiesen und die Souver\u00e4nit\u00e4t ihres Landes \u00fcber seine Rohstoffvorkommen betont. Das Abkommen soll 25 Jahre gelten und die \u00d6lf\u00f6rderung auf mehr als 1,5 Millionen Barrel pro Tag steigern. Venezuelas \u00dcbergangspr\u00e4sidentin Delcy Rodr\u00edguez hat die Kritik an dem neuen \u00d6l-Abkommen mit den USA zur\u00fcckgewiesen und die [&hellip;]<\/p>\n","protected":false},"author":3,"featured_media":109603,"comment_status":"open","ping_status":"open","sticky":false,"template":"","format":"standard","meta":{"wp_automatic_camp":["217"],"a655010dbd36e471f1185a9ff623107e":["Nach umstrittenem \u00d6l-Abkommen mit USA: Venezuelas Pr\u00e4sidentin beschwichtigt"],"original_link":["https:\/\/de.rt.com\/amerika\/290116-nach-umstrittenem-oel-abkommen-mit\/"],"_thumbnail_id":["109603"],"_wptgpro_p2tg_sent2tg":["a:1:{i:23737;s:19:\"2026-08-30 10:51:27\";}"],"jnews_social_counter_last_update":["1788178905"]},"categories":[19,23],"tags":[20391,419,979,75888,22535,29988,193,36779],"class_list":["post-109602","post","type-post","status-publish","format-standard","has-post-thumbnail","hentry","category-deutschland","category-russland","tag-beschwichtigt","tag-mit","tag-nach","tag-oelabkommen","tag-praesidentin","tag-umstrittenem","tag-usa","tag-venezuelas"],"yoast_head":"<!-- This site is optimized with the Yoast SEO Premium plugin v22.7 (Yoast SEO v28.2) - https:\/\/yoast.com\/product\/yoast-seo-premium-wordpress\/ -->\n<title>Nach umstrittenem \u00d6l-Abkommen mit USA: Venezuelas Pr\u00e4sidentin beschwichtigt - just-now.NEWS Deutschland<\/title>\n<meta name=\"robots\" content=\"index, follow, max-snippet:-1, max-image-preview:large, max-video-preview:-1\" \/>\n<link rel=\"canonical\" href=\"https:\/\/now-news.de\/de\/deutschland\/nach-umstrittenem-oel-abkommen-mit-usa-venezuelas-praesidentin-beschwichtigt\/\" \/>\n<meta property=\"og:locale\" content=\"de_DE\" \/>\n<meta property=\"og:type\" content=\"article\" \/>\n<meta property=\"og:title\" content=\"Nach umstrittenem \u00d6l-Abkommen mit USA: Venezuelas Pr\u00e4sidentin beschwichtigt\" \/>\n<meta property=\"og:description\" content=\"Venezuelas \u00dcbergangspr\u00e4sidentin hat die Kritik am \u00d6l-Abkommen mit den USA zur\u00fcckgewiesen und die Souver\u00e4nit\u00e4t ihres Landes \u00fcber seine Rohstoffvorkommen betont. Das Abkommen soll 25 Jahre gelten und die \u00d6lf\u00f6rderung auf mehr als 1,5 Millionen Barrel pro Tag steigern. Venezuelas \u00dcbergangspr\u00e4sidentin Delcy Rodr\u00edguez hat die Kritik an dem neuen \u00d6l-Abkommen mit den USA zur\u00fcckgewiesen und die [&hellip;]\" \/>\n<meta property=\"og:url\" content=\"https:\/\/now-news.de\/de\/deutschland\/nach-umstrittenem-oel-abkommen-mit-usa-venezuelas-praesidentin-beschwichtigt\/\" \/>\n<meta property=\"og:site_name\" content=\"just-now.NEWS Deutschland\" \/>\n<meta property=\"article:publisher\" content=\"https:\/\/www.facebook.com\/wirmachenauf\" \/>\n<meta property=\"article:published_time\" content=\"2026-08-30T08:44:57+00:00\" \/>\n<meta property=\"og:image\" content=\"https:\/\/now-news.de\/de\/wp-content\/uploads\/sites\/3\/2026\/08\/6a93e692b480cc08b600a985.jpg\" \/>\n<meta name=\"author\" content=\"rtnews\" \/>\n<meta name=\"twitter:card\" content=\"summary_large_image\" \/>\n<meta name=\"twitter:creator\" content=\"@WirMachenAuf_de\" \/>\n<meta name=\"twitter:site\" content=\"@WirMachenAuf_de\" \/>\n<meta name=\"twitter:label1\" content=\"Verfasst von\" \/>\n\t<meta name=\"twitter:data1\" content=\"rtnews\" \/>\n\t<meta name=\"twitter:label2\" content=\"Gesch\u00e4tzte Lesezeit\" \/>\n\t<meta name=\"twitter:data2\" content=\"2\u00a0Minuten\" \/>\n<script type=\"application\/ld+json\" class=\"yoast-schema-graph\">{\"@context\":\"https:\\\/\\\/schema.org\",\"@graph\":[{\"@type\":\"Article\",\"@id\":\"https:\\\/\\\/now-news.de\\\/de\\\/deutschland\\\/nach-umstrittenem-oel-abkommen-mit-usa-venezuelas-praesidentin-beschwichtigt\\\/#article\",\"isPartOf\":{\"@id\":\"https:\\\/\\\/now-news.de\\\/de\\\/deutschland\\\/nach-umstrittenem-oel-abkommen-mit-usa-venezuelas-praesidentin-beschwichtigt\\\/\"},\"author\":{\"name\":\"rtnews\",\"@id\":\"https:\\\/\\\/now-news.de\\\/de\\\/#\\\/schema\\\/person\\\/fb534a4e865501d8b3285208df34a9b5\"},\"headline\":\"Nach umstrittenem \u00d6l-Abkommen mit USA: Venezuelas Pr\u00e4sidentin beschwichtigt\",\"datePublished\":\"2026-08-30T08:44:57+00:00\",\"mainEntityOfPage\":{\"@id\":\"https:\\\/\\\/now-news.de\\\/de\\\/deutschland\\\/nach-umstrittenem-oel-abkommen-mit-usa-venezuelas-praesidentin-beschwichtigt\\\/\"},\"wordCount\":403,\"commentCount\":0,\"publisher\":{\"@id\":\"https:\\\/\\\/now-news.de\\\/de\\\/#organization\"},\"image\":{\"@id\":\"https:\\\/\\\/now-news.de\\\/de\\\/deutschland\\\/nach-umstrittenem-oel-abkommen-mit-usa-venezuelas-praesidentin-beschwichtigt\\\/#primaryimage\"},\"thumbnailUrl\":\"https:\\\/\\\/now-news.de\\\/de\\\/wp-content\\\/uploads\\\/sites\\\/3\\\/2026\\\/08\\\/Nach-umstrittenem-Oel-Abkommen-mit-USA-Venezuelas-Praesidentin-beschwichtigt.jpg\",\"keywords\":[\"beschwichtigt\",\"mit\",\"nach\",\"\u00d6lAbkommen\",\"Pr\u00e4sidentin\",\"umstrittenem\",\"USA\",\"Venezuelas\"],\"articleSection\":[\"Deutschland\",\"Russland\"],\"inLanguage\":\"de\",\"potentialAction\":[{\"@type\":\"CommentAction\",\"name\":\"Comment\",\"target\":[\"https:\\\/\\\/now-news.de\\\/de\\\/deutschland\\\/nach-umstrittenem-oel-abkommen-mit-usa-venezuelas-praesidentin-beschwichtigt\\\/#respond\"]}]},{\"@type\":\"WebPage\",\"@id\":\"https:\\\/\\\/now-news.de\\\/de\\\/deutschland\\\/nach-umstrittenem-oel-abkommen-mit-usa-venezuelas-praesidentin-beschwichtigt\\\/\",\"url\":\"https:\\\/\\\/now-news.de\\\/de\\\/deutschland\\\/nach-umstrittenem-oel-abkommen-mit-usa-venezuelas-praesidentin-beschwichtigt\\\/\",\"name\":\"Nach umstrittenem \u00d6l-Abkommen mit USA: Venezuelas Pr\u00e4sidentin beschwichtigt - just-now.NEWS Deutschland\",\"isPartOf\":{\"@id\":\"https:\\\/\\\/now-news.de\\\/de\\\/#website\"},\"primaryImageOfPage\":{\"@id\":\"https:\\\/\\\/now-news.de\\\/de\\\/deutschland\\\/nach-umstrittenem-oel-abkommen-mit-usa-venezuelas-praesidentin-beschwichtigt\\\/#primaryimage\"},\"image\":{\"@id\":\"https:\\\/\\\/now-news.de\\\/de\\\/deutschland\\\/nach-umstrittenem-oel-abkommen-mit-usa-venezuelas-praesidentin-beschwichtigt\\\/#primaryimage\"},\"thumbnailUrl\":\"https:\\\/\\\/now-news.de\\\/de\\\/wp-content\\\/uploads\\\/sites\\\/3\\\/2026\\\/08\\\/Nach-umstrittenem-Oel-Abkommen-mit-USA-Venezuelas-Praesidentin-beschwichtigt.jpg\",\"datePublished\":\"2026-08-30T08:44:57+00:00\",\"breadcrumb\":{\"@id\":\"https:\\\/\\\/now-news.de\\\/de\\\/deutschland\\\/nach-umstrittenem-oel-abkommen-mit-usa-venezuelas-praesidentin-beschwichtigt\\\/#breadcrumb\"},\"inLanguage\":\"de\",\"potentialAction\":[{\"@type\":\"ReadAction\",\"target\":[\"https:\\\/\\\/now-news.de\\\/de\\\/deutschland\\\/nach-umstrittenem-oel-abkommen-mit-usa-venezuelas-praesidentin-beschwichtigt\\\/\"]}]},{\"@type\":\"ImageObject\",\"inLanguage\":\"de\",\"@id\":\"https:\\\/\\\/now-news.de\\\/de\\\/deutschland\\\/nach-umstrittenem-oel-abkommen-mit-usa-venezuelas-praesidentin-beschwichtigt\\\/#primaryimage\",\"url\":\"https:\\\/\\\/now-news.de\\\/de\\\/wp-content\\\/uploads\\\/sites\\\/3\\\/2026\\\/08\\\/Nach-umstrittenem-Oel-Abkommen-mit-USA-Venezuelas-Praesidentin-beschwichtigt.jpg\",\"contentUrl\":\"https:\\\/\\\/now-news.de\\\/de\\\/wp-content\\\/uploads\\\/sites\\\/3\\\/2026\\\/08\\\/Nach-umstrittenem-Oel-Abkommen-mit-USA-Venezuelas-Praesidentin-beschwichtigt.jpg\",\"width\":460,\"height\":259,\"caption\":\"Nach umstrittenem \u00d6l-Abkommen mit USA: Venezuelas Pr\u00e4sidentin beschwichtigt\"},{\"@type\":\"BreadcrumbList\",\"@id\":\"https:\\\/\\\/now-news.de\\\/de\\\/deutschland\\\/nach-umstrittenem-oel-abkommen-mit-usa-venezuelas-praesidentin-beschwichtigt\\\/#breadcrumb\",\"itemListElement\":[{\"@type\":\"ListItem\",\"position\":1,\"name\":\"Home\",\"item\":\"https:\\\/\\\/now-news.de\\\/de\\\/\"},{\"@type\":\"ListItem\",\"position\":2,\"name\":\"Nach umstrittenem \u00d6l-Abkommen mit USA: Venezuelas Pr\u00e4sidentin beschwichtigt\"}]},{\"@type\":\"WebSite\",\"@id\":\"https:\\\/\\\/now-news.de\\\/de\\\/#website\",\"url\":\"https:\\\/\\\/now-news.de\\\/de\\\/\",\"name\":\"just-now.NEWS Deutschland\",\"description\":\"Das Portal f\u00fcr unzensierte Nachrichten aus der Welt\",\"publisher\":{\"@id\":\"https:\\\/\\\/now-news.de\\\/de\\\/#organization\"},\"potentialAction\":[{\"@type\":\"SearchAction\",\"target\":{\"@type\":\"EntryPoint\",\"urlTemplate\":\"https:\\\/\\\/now-news.de\\\/de\\\/?s={search_term_string}\"},\"query-input\":{\"@type\":\"PropertyValueSpecification\",\"valueRequired\":true,\"valueName\":\"search_term_string\"}}],\"inLanguage\":\"de\"},{\"@type\":\"Organization\",\"@id\":\"https:\\\/\\\/now-news.de\\\/de\\\/#organization\",\"name\":\"Just Now News\",\"url\":\"https:\\\/\\\/now-news.de\\\/de\\\/\",\"logo\":{\"@type\":\"ImageObject\",\"inLanguage\":\"de\",\"@id\":\"https:\\\/\\\/now-news.de\\\/de\\\/#\\\/schema\\\/logo\\\/image\\\/\",\"url\":\"http:\\\/\\\/just-now.news\\\/de\\\/wp-content\\\/uploads\\\/sites\\\/3\\\/2022\\\/04\\\/logo500x500.jpg\",\"contentUrl\":\"http:\\\/\\\/just-now.news\\\/de\\\/wp-content\\\/uploads\\\/sites\\\/3\\\/2022\\\/04\\\/logo500x500.jpg\",\"width\":500,\"height\":500,\"caption\":\"Just Now News\"},\"image\":{\"@id\":\"https:\\\/\\\/now-news.de\\\/de\\\/#\\\/schema\\\/logo\\\/image\\\/\"},\"sameAs\":[\"https:\\\/\\\/www.facebook.com\\\/wirmachenauf\",\"https:\\\/\\\/x.com\\\/WirMachenAuf_de\"]},{\"@type\":\"Person\",\"@id\":\"https:\\\/\\\/now-news.de\\\/de\\\/#\\\/schema\\\/person\\\/fb534a4e865501d8b3285208df34a9b5\",\"name\":\"rtnews\",\"image\":{\"@type\":\"ImageObject\",\"inLanguage\":\"de\",\"@id\":\"https:\\\/\\\/secure.gravatar.com\\\/avatar\\\/358fe31b3ab5769fea05376e1953329834cd9912cf9daf607e2af3076a1b982b?s=96&d=mm&r=g\",\"url\":\"https:\\\/\\\/secure.gravatar.com\\\/avatar\\\/358fe31b3ab5769fea05376e1953329834cd9912cf9daf607e2af3076a1b982b?s=96&d=mm&r=g\",\"contentUrl\":\"https:\\\/\\\/secure.gravatar.com\\\/avatar\\\/358fe31b3ab5769fea05376e1953329834cd9912cf9daf607e2af3076a1b982b?s=96&d=mm&r=g\",\"caption\":\"rtnews\"},\"url\":\"https:\\\/\\\/now-news.de\\\/de\\\/author\\\/rnews\\\/\"}]}<\/script>\n<!-- \/ Yoast SEO Premium plugin. -->","yoast_head_json":{"title":"Nach umstrittenem \u00d6l-Abkommen mit USA: Venezuelas Pr\u00e4sidentin beschwichtigt - just-now.NEWS Deutschland","robots":{"index":"index","follow":"follow","max-snippet":"max-snippet:-1","max-image-preview":"max-image-preview:large","max-video-preview":"max-video-preview:-1"},"canonical":"https:\/\/now-news.de\/de\/deutschland\/nach-umstrittenem-oel-abkommen-mit-usa-venezuelas-praesidentin-beschwichtigt\/","og_locale":"de_DE","og_type":"article","og_title":"Nach umstrittenem \u00d6l-Abkommen mit USA: Venezuelas Pr\u00e4sidentin beschwichtigt","og_description":"Venezuelas \u00dcbergangspr\u00e4sidentin hat die Kritik am \u00d6l-Abkommen mit den USA zur\u00fcckgewiesen und die Souver\u00e4nit\u00e4t ihres Landes \u00fcber seine Rohstoffvorkommen betont. Das Abkommen soll 25 Jahre gelten und die \u00d6lf\u00f6rderung auf mehr als 1,5 Millionen Barrel pro Tag steigern. Venezuelas \u00dcbergangspr\u00e4sidentin Delcy Rodr\u00edguez hat die Kritik an dem neuen \u00d6l-Abkommen mit den USA zur\u00fcckgewiesen und die [&hellip;]","og_url":"https:\/\/now-news.de\/de\/deutschland\/nach-umstrittenem-oel-abkommen-mit-usa-venezuelas-praesidentin-beschwichtigt\/","og_site_name":"just-now.NEWS Deutschland","article_publisher":"https:\/\/www.facebook.com\/wirmachenauf","article_published_time":"2026-08-30T08:44:57+00:00","og_image":[{"url":"https:\/\/now-news.de\/de\/wp-content\/uploads\/sites\/3\/2026\/08\/6a93e692b480cc08b600a985.jpg","type":"","width":"","height":""}],"author":"rtnews","twitter_card":"summary_large_image","twitter_creator":"@WirMachenAuf_de","twitter_site":"@WirMachenAuf_de","twitter_misc":{"Verfasst von":"rtnews","Gesch\u00e4tzte Lesezeit":"2\u00a0Minuten"},"schema":{"@context":"https:\/\/schema.org","@graph":[{"@type":"Article","@id":"https:\/\/now-news.de\/de\/deutschland\/nach-umstrittenem-oel-abkommen-mit-usa-venezuelas-praesidentin-beschwichtigt\/#article","isPartOf":{"@id":"https:\/\/now-news.de\/de\/deutschland\/nach-umstrittenem-oel-abkommen-mit-usa-venezuelas-praesidentin-beschwichtigt\/"},"author":{"name":"rtnews","@id":"https:\/\/now-news.de\/de\/#\/schema\/person\/fb534a4e865501d8b3285208df34a9b5"},"headline":"Nach umstrittenem \u00d6l-Abkommen mit USA: Venezuelas Pr\u00e4sidentin beschwichtigt","datePublished":"2026-08-30T08:44:57+00:00","mainEntityOfPage":{"@id":"https:\/\/now-news.de\/de\/deutschland\/nach-umstrittenem-oel-abkommen-mit-usa-venezuelas-praesidentin-beschwichtigt\/"},"wordCount":403,"commentCount":0,"publisher":{"@id":"https:\/\/now-news.de\/de\/#organization"},"image":{"@id":"https:\/\/now-news.de\/de\/deutschland\/nach-umstrittenem-oel-abkommen-mit-usa-venezuelas-praesidentin-beschwichtigt\/#primaryimage"},"thumbnailUrl":"https:\/\/now-news.de\/de\/wp-content\/uploads\/sites\/3\/2026\/08\/Nach-umstrittenem-Oel-Abkommen-mit-USA-Venezuelas-Praesidentin-beschwichtigt.jpg","keywords":["beschwichtigt","mit","nach","\u00d6lAbkommen","Pr\u00e4sidentin","umstrittenem","USA","Venezuelas"],"articleSection":["Deutschland","Russland"],"inLanguage":"de","potentialAction":[{"@type":"CommentAction","name":"Comment","target":["https:\/\/now-news.de\/de\/deutschland\/nach-umstrittenem-oel-abkommen-mit-usa-venezuelas-praesidentin-beschwichtigt\/#respond"]}]},{"@type":"WebPage","@id":"https:\/\/now-news.de\/de\/deutschland\/nach-umstrittenem-oel-abkommen-mit-usa-venezuelas-praesidentin-beschwichtigt\/","url":"https:\/\/now-news.de\/de\/deutschland\/nach-umstrittenem-oel-abkommen-mit-usa-venezuelas-praesidentin-beschwichtigt\/","name":"Nach umstrittenem \u00d6l-Abkommen mit USA: Venezuelas Pr\u00e4sidentin beschwichtigt - just-now.NEWS Deutschland","isPartOf":{"@id":"https:\/\/now-news.de\/de\/#website"},"primaryImageOfPage":{"@id":"https:\/\/now-news.de\/de\/deutschland\/nach-umstrittenem-oel-abkommen-mit-usa-venezuelas-praesidentin-beschwichtigt\/#primaryimage"},"image":{"@id":"https:\/\/now-news.de\/de\/deutschland\/nach-umstrittenem-oel-abkommen-mit-usa-venezuelas-praesidentin-beschwichtigt\/#primaryimage"},"thumbnailUrl":"https:\/\/now-news.de\/de\/wp-content\/uploads\/sites\/3\/2026\/08\/Nach-umstrittenem-Oel-Abkommen-mit-USA-Venezuelas-Praesidentin-beschwichtigt.jpg","datePublished":"2026-08-30T08:44:57+00:00","breadcrumb":{"@id":"https:\/\/now-news.de\/de\/deutschland\/nach-umstrittenem-oel-abkommen-mit-usa-venezuelas-praesidentin-beschwichtigt\/#breadcrumb"},"inLanguage":"de","potentialAction":[{"@type":"ReadAction","target":["https:\/\/now-news.de\/de\/deutschland\/nach-umstrittenem-oel-abkommen-mit-usa-venezuelas-praesidentin-beschwichtigt\/"]}]},{"@type":"ImageObject","inLanguage":"de","@id":"https:\/\/now-news.de\/de\/deutschland\/nach-umstrittenem-oel-abkommen-mit-usa-venezuelas-praesidentin-beschwichtigt\/#primaryimage","url":"https:\/\/now-news.de\/de\/wp-content\/uploads\/sites\/3\/2026\/08\/Nach-umstrittenem-Oel-Abkommen-mit-USA-Venezuelas-Praesidentin-beschwichtigt.jpg","contentUrl":"https:\/\/now-news.de\/de\/wp-content\/uploads\/sites\/3\/2026\/08\/Nach-umstrittenem-Oel-Abkommen-mit-USA-Venezuelas-Praesidentin-beschwichtigt.jpg","width":460,"height":259,"caption":"Nach umstrittenem \u00d6l-Abkommen mit USA: Venezuelas Pr\u00e4sidentin beschwichtigt"},{"@type":"BreadcrumbList","@id":"https:\/\/now-news.de\/de\/deutschland\/nach-umstrittenem-oel-abkommen-mit-usa-venezuelas-praesidentin-beschwichtigt\/#breadcrumb","itemListElement":[{"@type":"ListItem","position":1,"name":"Home","item":"https:\/\/now-news.de\/de\/"},{"@type":"ListItem","position":2,"name":"Nach umstrittenem \u00d6l-Abkommen mit USA: Venezuelas Pr\u00e4sidentin beschwichtigt"}]},{"@type":"WebSite","@id":"https:\/\/now-news.de\/de\/#website","url":"https:\/\/now-news.de\/de\/","name":"just-now.NEWS Deutschland","description":"Das Portal f\u00fcr unzensierte Nachrichten aus der Welt","publisher":{"@id":"https:\/\/now-news.de\/de\/#organization"},"potentialAction":[{"@type":"SearchAction","target":{"@type":"EntryPoint","urlTemplate":"https:\/\/now-news.de\/de\/?s={search_term_string}"},"query-input":{"@type":"PropertyValueSpecification","valueRequired":true,"valueName":"search_term_string"}}],"inLanguage":"de"},{"@type":"Organization","@id":"https:\/\/now-news.de\/de\/#organization","name":"Just Now News","url":"https:\/\/now-news.de\/de\/","logo":{"@type":"ImageObject","inLanguage":"de","@id":"https:\/\/now-news.de\/de\/#\/schema\/logo\/image\/","url":"http:\/\/just-now.news\/de\/wp-content\/uploads\/sites\/3\/2022\/04\/logo500x500.jpg","contentUrl":"http:\/\/just-now.news\/de\/wp-content\/uploads\/sites\/3\/2022\/04\/logo500x500.jpg","width":500,"height":500,"caption":"Just Now News"},"image":{"@id":"https:\/\/now-news.de\/de\/#\/schema\/logo\/image\/"},"sameAs":["https:\/\/www.facebook.com\/wirmachenauf","https:\/\/x.com\/WirMachenAuf_de"]},{"@type":"Person","@id":"https:\/\/now-news.de\/de\/#\/schema\/person\/fb534a4e865501d8b3285208df34a9b5","name":"rtnews","image":{"@type":"ImageObject","inLanguage":"de","@id":"https:\/\/secure.gravatar.com\/avatar\/358fe31b3ab5769fea05376e1953329834cd9912cf9daf607e2af3076a1b982b?s=96&d=mm&r=g","url":"https:\/\/secure.gravatar.com\/avatar\/358fe31b3ab5769fea05376e1953329834cd9912cf9daf607e2af3076a1b982b?s=96&d=mm&r=g","contentUrl":"https:\/\/secure.gravatar.com\/avatar\/358fe31b3ab5769fea05376e1953329834cd9912cf9daf607e2af3076a1b982b?s=96&d=mm&r=g","caption":"rtnews"},"url":"https:\/\/now-news.de\/de\/author\/rnews\/"}]}},"_links":{"self":[{"href":"https:\/\/now-news.de\/de\/wp-json\/wp\/v2\/posts\/109602","targetHints":{"allow":["GET"]}}],"collection":[{"href":"https:\/\/now-news.de\/de\/wp-json\/wp\/v2\/posts"}],"about":[{"href":"https:\/\/now-news.de\/de\/wp-json\/wp\/v2\/types\/post"}],"author":[{"embeddable":true,"href":"https:\/\/now-news.de\/de\/wp-json\/wp\/v2\/users\/3"}],"replies":[{"embeddable":true,"href":"https:\/\/now-news.de\/de\/wp-json\/wp\/v2\/comments?post=109602"}],"version-history":[{"count":0,"href":"https:\/\/now-news.de\/de\/wp-json\/wp\/v2\/posts\/109602\/revisions"}],"wp:featuredmedia":[{"embeddable":true,"href":"https:\/\/now-news.de\/de\/wp-json\/wp\/v2\/media\/109603"}],"wp:attachment":[{"href":"https:\/\/now-news.de\/de\/wp-json\/wp\/v2\/media?parent=109602"}],"wp:term":[{"taxonomy":"category","embeddable":true,"href":"https:\/\/now-news.de\/de\/wp-json\/wp\/v2\/categories?post=109602"},{"taxonomy":"post_tag","embeddable":true,"href":"https:\/\/now-news.de\/de\/wp-json\/wp\/v2\/tags?post=109602"}],"curies":[{"name":"wp","href":"https:\/\/api.w.org\/{rel}","templated":true}]}}