{"id":109599,"date":"2026-08-30T09:14:17","date_gmt":"2026-08-30T07:14:17","guid":{"rendered":"https:\/\/now-news.de\/de\/deutschland\/schuesse-auf-menschenmenge-bei-rave-party-toter-und-schwerverletzte-in-der-schweiz-taeter-fluechtig\/"},"modified":"2026-08-30T09:14:17","modified_gmt":"2026-08-30T07:14:17","slug":"schuesse-auf-menschenmenge-bei-rave-party-toter-und-schwerverletzte-in-der-schweiz-taeter-fluechtig","status":"publish","type":"post","link":"https:\/\/now-news.de\/de\/deutschland\/schuesse-auf-menschenmenge-bei-rave-party-toter-und-schwerverletzte-in-der-schweiz-taeter-fluechtig\/","title":{"rendered":"Sch\u00fcsse auf Menschenmenge bei Rave-Party: Toter und Schwerverletzte in der Schweiz \u2013 T\u00e4ter fl\u00fcchtig"},"content":{"rendered":"<p><img decoding=\"async\" src=\"https:\/\/now-news.de\/de\/wp-content\/uploads\/sites\/3\/2024\/05\/breaking3.jpg\" \/><\/p>\n<div class=\"Text-root Text-type_1 \">\n                Bei einer Rave-Party in Aarau in der Schweiz sind in der Nacht mehrere Sch\u00fcsse gefallen. Dabei wurden sechs Menschen getroffen. Ein Mensch kam ums Leben, f\u00fcnf weitere wurden schwer verletzt. Der T\u00e4ter ist weiterhin fl\u00fcchtig. Die Polizei hat ein Gro\u00dfaufgebot im Einsatz und ermittelt zu den Hintergr\u00fcnden und dem m\u00f6glichen Motiv.\n            <\/div>\n<p><\/p>\n<div class=\"Text-root Text-type_5 ArticleView-text ViewText-root \">\n<p>In Aarau\u00a0endete eine Rave-Party in der Nacht auf Sonntag\u00a0mit einem schweren Gewaltvorfall. W\u00e4hrend der Veranstaltung fielen Sch\u00fcsse, durch die mehrere Menschen getroffen wurden. Nach bisherigen Angaben wurden insgesamt sechs Personen verletzt.<\/p>\n<p>Ein Mensch erlag seinen Verletzungen, f\u00fcnf weitere wurden schwer verletzt. Die Rettungskr\u00e4fte waren mit einem Gro\u00dfaufgebot vor Ort und versorgten die Opfer. Mehrere Verletzte wurden in umliegende Spit\u00e4ler gebracht.<\/p>\n<p>Die Polizei r\u00fcckte mit zahlreichen Einsatzkr\u00e4ften aus und sperrte das Gebiet rund um den Veranstaltungsort ab. Auch die Schweizer Armee unterst\u00fctzte den Gro\u00dfeinsatz.<\/p>\n<p>Der T\u00e4ter konnte bislang nicht festgenommen werden. Die Polizei fahndet nach dem Verantwortlichen und untersucht derzeit den genauen Ablauf der Tat. Auch das Motiv ist noch unklar.<\/p>\n<p>Zum Zeitpunkt der Sch\u00fcsse befanden sich zahlreiche Menschen auf der Rave-Party. Die Ermittler sind deshalb auf Zeugenaussagen angewiesen und sichern Spuren am Tatort.<\/p>\n<p>Die Beh\u00f6rden haben bislang keine Angaben dazu gemacht, ob die Sch\u00fcsse gezielt gegen einzelne Personen gerichtet waren oder ob ihnen eine Auseinandersetzung vorausging. Auch zur Identit\u00e4t des T\u00e4ters liegen derzeit keine gesicherten Informationen vor.<\/p>\n<p>Die Ermittlungen dauern an.<\/p>\n<p><strong>Mehr zum Thema \u2013<\/strong><em>\u00a0<\/em><a rel=\"nofollow\" target=\"_blank\" href=\"https:\/\/de-rtnews.com\/inland\/287997-oeffentliche-fahndung-17-jaehriger-ueberfiel\/\">\u00d6ffentliche Fahndung: 17-J\u00e4hriger \u00fcberfiel bewaffnet sechs Tankstellen in zwei Wochen<\/a><\/p>\n<div class=\"EmbedBlock-root EmbedBlock-externalVideo EmbedBlock-rumble\">\n<div class=\"VkEmbed\"><iframe class=\"lazyload\" data-src=\"https:\/\/rumble.com\/embed\/v7b75aa\" frameborder=\"0\" width=\"853\" height=\"480\" allowfullscreen><\/iframe><\/div>\n<\/div>\n<\/div>\n<p><br \/>\n<br \/><a href=\"https:\/\/de.rt.com\/schweiz\/290117-schuesse-auf-menschenmenge-bei-rave\/\">Source link <\/a><\/p>\n","protected":false},"excerpt":{"rendered":"<p>Bei einer Rave-Party in Aarau in der Schweiz sind in der Nacht mehrere Sch\u00fcsse gefallen. Dabei wurden sechs Menschen getroffen. Ein Mensch kam ums Leben, f\u00fcnf weitere wurden schwer verletzt. Der T\u00e4ter ist weiterhin fl\u00fcchtig. Die Polizei hat ein Gro\u00dfaufgebot im Einsatz und ermittelt zu den Hintergr\u00fcnden und dem m\u00f6glichen Motiv. In Aarau\u00a0endete eine Rave-Party [&hellip;]<\/p>\n","protected":false},"author":3,"featured_media":58637,"comment_status":"open","ping_status":"open","sticky":false,"template":"","format":"standard","meta":{"wp_automatic_camp":["217"],"a977e3e664f86c176a620010ded78872":["Sch\u00fcsse auf Menschenmenge bei Rave-Party: Toter und Schwerverletzte in der Schweiz \u2013 T\u00e4ter fl\u00fcchtig"],"original_link":["https:\/\/de.rt.com\/schweiz\/290117-schuesse-auf-menschenmenge-bei-rave\/"],"_thumbnail_id":["58637"],"_wptgpro_p2tg_sent2tg":["a:1:{i:23737;s:19:\"2026-08-30 09:31:28\";}"],"jnews_social_counter_last_update":["1788195495"]},"categories":[19,23],"tags":[133,363,82,59983,8458,75886,1860,4207,25271,7079,24841,140],"class_list":["post-109599","post","type-post","status-publish","format-standard","has-post-thumbnail","hentry","category-deutschland","category-russland","tag-auf","tag-bei","tag-der","tag-fluechtig","tag-menschenmenge","tag-raveparty","tag-schuesse","tag-schweiz","tag-schwerverletzte","tag-taeter","tag-toter","tag-und"],"yoast_head":"<!-- This site is optimized with the Yoast SEO Premium plugin v22.7 (Yoast SEO v28.2) - https:\/\/yoast.com\/product\/yoast-seo-premium-wordpress\/ -->\n<title>Sch\u00fcsse auf Menschenmenge bei Rave-Party: Toter und Schwerverletzte in der Schweiz \u2013 T\u00e4ter fl\u00fcchtig - just-now.NEWS Deutschland<\/title>\n<meta name=\"robots\" content=\"index, follow, max-snippet:-1, max-image-preview:large, max-video-preview:-1\" \/>\n<link rel=\"canonical\" href=\"https:\/\/now-news.de\/de\/deutschland\/schuesse-auf-menschenmenge-bei-rave-party-toter-und-schwerverletzte-in-der-schweiz-taeter-fluechtig\/\" \/>\n<meta property=\"og:locale\" content=\"de_DE\" \/>\n<meta property=\"og:type\" content=\"article\" \/>\n<meta property=\"og:title\" content=\"Sch\u00fcsse auf Menschenmenge bei Rave-Party: Toter und Schwerverletzte in der Schweiz \u2013 T\u00e4ter fl\u00fcchtig\" \/>\n<meta property=\"og:description\" content=\"Bei einer Rave-Party in Aarau in der Schweiz sind in der Nacht mehrere Sch\u00fcsse gefallen. Dabei wurden sechs Menschen getroffen. Ein Mensch kam ums Leben, f\u00fcnf weitere wurden schwer verletzt. Der T\u00e4ter ist weiterhin fl\u00fcchtig. Die Polizei hat ein Gro\u00dfaufgebot im Einsatz und ermittelt zu den Hintergr\u00fcnden und dem m\u00f6glichen Motiv. In Aarau\u00a0endete eine Rave-Party [&hellip;]\" \/>\n<meta property=\"og:url\" content=\"https:\/\/now-news.de\/de\/deutschland\/schuesse-auf-menschenmenge-bei-rave-party-toter-und-schwerverletzte-in-der-schweiz-taeter-fluechtig\/\" \/>\n<meta property=\"og:site_name\" content=\"just-now.NEWS Deutschland\" \/>\n<meta property=\"article:publisher\" content=\"https:\/\/www.facebook.com\/wirmachenauf\" \/>\n<meta property=\"article:published_time\" content=\"2026-08-30T07:14:17+00:00\" \/>\n<meta property=\"og:image\" content=\"https:\/\/now-news.de\/de\/wp-content\/uploads\/sites\/3\/2024\/05\/breaking3.jpg\" \/>\n<meta name=\"author\" content=\"rtnews\" \/>\n<meta name=\"twitter:card\" content=\"summary_large_image\" \/>\n<meta name=\"twitter:creator\" content=\"@WirMachenAuf_de\" \/>\n<meta name=\"twitter:site\" content=\"@WirMachenAuf_de\" \/>\n<meta name=\"twitter:label1\" content=\"Verfasst von\" \/>\n\t<meta name=\"twitter:data1\" content=\"rtnews\" \/>\n\t<meta name=\"twitter:label2\" content=\"Gesch\u00e4tzte Lesezeit\" \/>\n\t<meta name=\"twitter:data2\" content=\"1\u00a0Minute\" \/>\n<script type=\"application\/ld+json\" class=\"yoast-schema-graph\">{\"@context\":\"https:\\\/\\\/schema.org\",\"@graph\":[{\"@type\":\"Article\",\"@id\":\"https:\\\/\\\/now-news.de\\\/de\\\/deutschland\\\/schuesse-auf-menschenmenge-bei-rave-party-toter-und-schwerverletzte-in-der-schweiz-taeter-fluechtig\\\/#article\",\"isPartOf\":{\"@id\":\"https:\\\/\\\/now-news.de\\\/de\\\/deutschland\\\/schuesse-auf-menschenmenge-bei-rave-party-toter-und-schwerverletzte-in-der-schweiz-taeter-fluechtig\\\/\"},\"author\":{\"name\":\"rtnews\",\"@id\":\"https:\\\/\\\/now-news.de\\\/de\\\/#\\\/schema\\\/person\\\/fb534a4e865501d8b3285208df34a9b5\"},\"headline\":\"Sch\u00fcsse auf Menschenmenge bei Rave-Party: Toter und Schwerverletzte in der Schweiz \u2013 T\u00e4ter fl\u00fcchtig\",\"datePublished\":\"2026-08-30T07:14:17+00:00\",\"mainEntityOfPage\":{\"@id\":\"https:\\\/\\\/now-news.de\\\/de\\\/deutschland\\\/schuesse-auf-menschenmenge-bei-rave-party-toter-und-schwerverletzte-in-der-schweiz-taeter-fluechtig\\\/\"},\"wordCount\":280,\"commentCount\":0,\"publisher\":{\"@id\":\"https:\\\/\\\/now-news.de\\\/de\\\/#organization\"},\"image\":{\"@id\":\"https:\\\/\\\/now-news.de\\\/de\\\/deutschland\\\/schuesse-auf-menschenmenge-bei-rave-party-toter-und-schwerverletzte-in-der-schweiz-taeter-fluechtig\\\/#primaryimage\"},\"thumbnailUrl\":\"https:\\\/\\\/now-news.de\\\/de\\\/wp-content\\\/uploads\\\/sites\\\/3\\\/2024\\\/05\\\/China-beginnt-mit-Umzingelungsuebungen-rund-um-Taiwan.jpg\",\"keywords\":[\"AUF\",\"bei\",\"der\",\"fl\u00fcchtig\",\"Menschenmenge\",\"RaveParty\",\"Sch\u00fcsse\",\"schweiz\",\"Schwerverletzte\",\"T\u00e4ter\",\"Toter\",\"und\"],\"articleSection\":[\"Deutschland\",\"Russland\"],\"inLanguage\":\"de\",\"potentialAction\":[{\"@type\":\"CommentAction\",\"name\":\"Comment\",\"target\":[\"https:\\\/\\\/now-news.de\\\/de\\\/deutschland\\\/schuesse-auf-menschenmenge-bei-rave-party-toter-und-schwerverletzte-in-der-schweiz-taeter-fluechtig\\\/#respond\"]}]},{\"@type\":\"WebPage\",\"@id\":\"https:\\\/\\\/now-news.de\\\/de\\\/deutschland\\\/schuesse-auf-menschenmenge-bei-rave-party-toter-und-schwerverletzte-in-der-schweiz-taeter-fluechtig\\\/\",\"url\":\"https:\\\/\\\/now-news.de\\\/de\\\/deutschland\\\/schuesse-auf-menschenmenge-bei-rave-party-toter-und-schwerverletzte-in-der-schweiz-taeter-fluechtig\\\/\",\"name\":\"Sch\u00fcsse auf Menschenmenge bei Rave-Party: Toter und Schwerverletzte in der Schweiz \u2013 T\u00e4ter fl\u00fcchtig - just-now.NEWS Deutschland\",\"isPartOf\":{\"@id\":\"https:\\\/\\\/now-news.de\\\/de\\\/#website\"},\"primaryImageOfPage\":{\"@id\":\"https:\\\/\\\/now-news.de\\\/de\\\/deutschland\\\/schuesse-auf-menschenmenge-bei-rave-party-toter-und-schwerverletzte-in-der-schweiz-taeter-fluechtig\\\/#primaryimage\"},\"image\":{\"@id\":\"https:\\\/\\\/now-news.de\\\/de\\\/deutschland\\\/schuesse-auf-menschenmenge-bei-rave-party-toter-und-schwerverletzte-in-der-schweiz-taeter-fluechtig\\\/#primaryimage\"},\"thumbnailUrl\":\"https:\\\/\\\/now-news.de\\\/de\\\/wp-content\\\/uploads\\\/sites\\\/3\\\/2024\\\/05\\\/China-beginnt-mit-Umzingelungsuebungen-rund-um-Taiwan.jpg\",\"datePublished\":\"2026-08-30T07:14:17+00:00\",\"breadcrumb\":{\"@id\":\"https:\\\/\\\/now-news.de\\\/de\\\/deutschland\\\/schuesse-auf-menschenmenge-bei-rave-party-toter-und-schwerverletzte-in-der-schweiz-taeter-fluechtig\\\/#breadcrumb\"},\"inLanguage\":\"de\",\"potentialAction\":[{\"@type\":\"ReadAction\",\"target\":[\"https:\\\/\\\/now-news.de\\\/de\\\/deutschland\\\/schuesse-auf-menschenmenge-bei-rave-party-toter-und-schwerverletzte-in-der-schweiz-taeter-fluechtig\\\/\"]}]},{\"@type\":\"ImageObject\",\"inLanguage\":\"de\",\"@id\":\"https:\\\/\\\/now-news.de\\\/de\\\/deutschland\\\/schuesse-auf-menschenmenge-bei-rave-party-toter-und-schwerverletzte-in-der-schweiz-taeter-fluechtig\\\/#primaryimage\",\"url\":\"https:\\\/\\\/now-news.de\\\/de\\\/wp-content\\\/uploads\\\/sites\\\/3\\\/2024\\\/05\\\/China-beginnt-mit-Umzingelungsuebungen-rund-um-Taiwan.jpg\",\"contentUrl\":\"https:\\\/\\\/now-news.de\\\/de\\\/wp-content\\\/uploads\\\/sites\\\/3\\\/2024\\\/05\\\/China-beginnt-mit-Umzingelungsuebungen-rund-um-Taiwan.jpg\",\"width\":460,\"height\":259,\"caption\":\"China beginnt mit Umzingelungs\u00fcbungen rund um Taiwan\"},{\"@type\":\"BreadcrumbList\",\"@id\":\"https:\\\/\\\/now-news.de\\\/de\\\/deutschland\\\/schuesse-auf-menschenmenge-bei-rave-party-toter-und-schwerverletzte-in-der-schweiz-taeter-fluechtig\\\/#breadcrumb\",\"itemListElement\":[{\"@type\":\"ListItem\",\"position\":1,\"name\":\"Home\",\"item\":\"https:\\\/\\\/now-news.de\\\/de\\\/\"},{\"@type\":\"ListItem\",\"position\":2,\"name\":\"Sch\u00fcsse auf Menschenmenge bei Rave-Party: Toter und Schwerverletzte in der Schweiz \u2013 T\u00e4ter fl\u00fcchtig\"}]},{\"@type\":\"WebSite\",\"@id\":\"https:\\\/\\\/now-news.de\\\/de\\\/#website\",\"url\":\"https:\\\/\\\/now-news.de\\\/de\\\/\",\"name\":\"just-now.NEWS Deutschland\",\"description\":\"Das Portal f\u00fcr unzensierte Nachrichten aus der Welt\",\"publisher\":{\"@id\":\"https:\\\/\\\/now-news.de\\\/de\\\/#organization\"},\"potentialAction\":[{\"@type\":\"SearchAction\",\"target\":{\"@type\":\"EntryPoint\",\"urlTemplate\":\"https:\\\/\\\/now-news.de\\\/de\\\/?s={search_term_string}\"},\"query-input\":{\"@type\":\"PropertyValueSpecification\",\"valueRequired\":true,\"valueName\":\"search_term_string\"}}],\"inLanguage\":\"de\"},{\"@type\":\"Organization\",\"@id\":\"https:\\\/\\\/now-news.de\\\/de\\\/#organization\",\"name\":\"Just Now News\",\"url\":\"https:\\\/\\\/now-news.de\\\/de\\\/\",\"logo\":{\"@type\":\"ImageObject\",\"inLanguage\":\"de\",\"@id\":\"https:\\\/\\\/now-news.de\\\/de\\\/#\\\/schema\\\/logo\\\/image\\\/\",\"url\":\"http:\\\/\\\/just-now.news\\\/de\\\/wp-content\\\/uploads\\\/sites\\\/3\\\/2022\\\/04\\\/logo500x500.jpg\",\"contentUrl\":\"http:\\\/\\\/just-now.news\\\/de\\\/wp-content\\\/uploads\\\/sites\\\/3\\\/2022\\\/04\\\/logo500x500.jpg\",\"width\":500,\"height\":500,\"caption\":\"Just Now News\"},\"image\":{\"@id\":\"https:\\\/\\\/now-news.de\\\/de\\\/#\\\/schema\\\/logo\\\/image\\\/\"},\"sameAs\":[\"https:\\\/\\\/www.facebook.com\\\/wirmachenauf\",\"https:\\\/\\\/x.com\\\/WirMachenAuf_de\"]},{\"@type\":\"Person\",\"@id\":\"https:\\\/\\\/now-news.de\\\/de\\\/#\\\/schema\\\/person\\\/fb534a4e865501d8b3285208df34a9b5\",\"name\":\"rtnews\",\"image\":{\"@type\":\"ImageObject\",\"inLanguage\":\"de\",\"@id\":\"https:\\\/\\\/secure.gravatar.com\\\/avatar\\\/358fe31b3ab5769fea05376e1953329834cd9912cf9daf607e2af3076a1b982b?s=96&d=mm&r=g\",\"url\":\"https:\\\/\\\/secure.gravatar.com\\\/avatar\\\/358fe31b3ab5769fea05376e1953329834cd9912cf9daf607e2af3076a1b982b?s=96&d=mm&r=g\",\"contentUrl\":\"https:\\\/\\\/secure.gravatar.com\\\/avatar\\\/358fe31b3ab5769fea05376e1953329834cd9912cf9daf607e2af3076a1b982b?s=96&d=mm&r=g\",\"caption\":\"rtnews\"},\"url\":\"https:\\\/\\\/now-news.de\\\/de\\\/author\\\/rnews\\\/\"}]}<\/script>\n<!-- \/ Yoast SEO Premium plugin. -->","yoast_head_json":{"title":"Sch\u00fcsse auf Menschenmenge bei Rave-Party: Toter und Schwerverletzte in der Schweiz \u2013 T\u00e4ter fl\u00fcchtig - just-now.NEWS Deutschland","robots":{"index":"index","follow":"follow","max-snippet":"max-snippet:-1","max-image-preview":"max-image-preview:large","max-video-preview":"max-video-preview:-1"},"canonical":"https:\/\/now-news.de\/de\/deutschland\/schuesse-auf-menschenmenge-bei-rave-party-toter-und-schwerverletzte-in-der-schweiz-taeter-fluechtig\/","og_locale":"de_DE","og_type":"article","og_title":"Sch\u00fcsse auf Menschenmenge bei Rave-Party: Toter und Schwerverletzte in der Schweiz \u2013 T\u00e4ter fl\u00fcchtig","og_description":"Bei einer Rave-Party in Aarau in der Schweiz sind in der Nacht mehrere Sch\u00fcsse gefallen. Dabei wurden sechs Menschen getroffen. Ein Mensch kam ums Leben, f\u00fcnf weitere wurden schwer verletzt. Der T\u00e4ter ist weiterhin fl\u00fcchtig. Die Polizei hat ein Gro\u00dfaufgebot im Einsatz und ermittelt zu den Hintergr\u00fcnden und dem m\u00f6glichen Motiv. In Aarau\u00a0endete eine Rave-Party [&hellip;]","og_url":"https:\/\/now-news.de\/de\/deutschland\/schuesse-auf-menschenmenge-bei-rave-party-toter-und-schwerverletzte-in-der-schweiz-taeter-fluechtig\/","og_site_name":"just-now.NEWS Deutschland","article_publisher":"https:\/\/www.facebook.com\/wirmachenauf","article_published_time":"2026-08-30T07:14:17+00:00","og_image":[{"url":"https:\/\/now-news.de\/de\/wp-content\/uploads\/sites\/3\/2024\/05\/breaking3.jpg","type":"","width":"","height":""}],"author":"rtnews","twitter_card":"summary_large_image","twitter_creator":"@WirMachenAuf_de","twitter_site":"@WirMachenAuf_de","twitter_misc":{"Verfasst von":"rtnews","Gesch\u00e4tzte Lesezeit":"1\u00a0Minute"},"schema":{"@context":"https:\/\/schema.org","@graph":[{"@type":"Article","@id":"https:\/\/now-news.de\/de\/deutschland\/schuesse-auf-menschenmenge-bei-rave-party-toter-und-schwerverletzte-in-der-schweiz-taeter-fluechtig\/#article","isPartOf":{"@id":"https:\/\/now-news.de\/de\/deutschland\/schuesse-auf-menschenmenge-bei-rave-party-toter-und-schwerverletzte-in-der-schweiz-taeter-fluechtig\/"},"author":{"name":"rtnews","@id":"https:\/\/now-news.de\/de\/#\/schema\/person\/fb534a4e865501d8b3285208df34a9b5"},"headline":"Sch\u00fcsse auf Menschenmenge bei Rave-Party: Toter und Schwerverletzte in der Schweiz \u2013 T\u00e4ter fl\u00fcchtig","datePublished":"2026-08-30T07:14:17+00:00","mainEntityOfPage":{"@id":"https:\/\/now-news.de\/de\/deutschland\/schuesse-auf-menschenmenge-bei-rave-party-toter-und-schwerverletzte-in-der-schweiz-taeter-fluechtig\/"},"wordCount":280,"commentCount":0,"publisher":{"@id":"https:\/\/now-news.de\/de\/#organization"},"image":{"@id":"https:\/\/now-news.de\/de\/deutschland\/schuesse-auf-menschenmenge-bei-rave-party-toter-und-schwerverletzte-in-der-schweiz-taeter-fluechtig\/#primaryimage"},"thumbnailUrl":"https:\/\/now-news.de\/de\/wp-content\/uploads\/sites\/3\/2024\/05\/China-beginnt-mit-Umzingelungsuebungen-rund-um-Taiwan.jpg","keywords":["AUF","bei","der","fl\u00fcchtig","Menschenmenge","RaveParty","Sch\u00fcsse","schweiz","Schwerverletzte","T\u00e4ter","Toter","und"],"articleSection":["Deutschland","Russland"],"inLanguage":"de","potentialAction":[{"@type":"CommentAction","name":"Comment","target":["https:\/\/now-news.de\/de\/deutschland\/schuesse-auf-menschenmenge-bei-rave-party-toter-und-schwerverletzte-in-der-schweiz-taeter-fluechtig\/#respond"]}]},{"@type":"WebPage","@id":"https:\/\/now-news.de\/de\/deutschland\/schuesse-auf-menschenmenge-bei-rave-party-toter-und-schwerverletzte-in-der-schweiz-taeter-fluechtig\/","url":"https:\/\/now-news.de\/de\/deutschland\/schuesse-auf-menschenmenge-bei-rave-party-toter-und-schwerverletzte-in-der-schweiz-taeter-fluechtig\/","name":"Sch\u00fcsse auf Menschenmenge bei Rave-Party: Toter und Schwerverletzte in der Schweiz \u2013 T\u00e4ter fl\u00fcchtig - just-now.NEWS Deutschland","isPartOf":{"@id":"https:\/\/now-news.de\/de\/#website"},"primaryImageOfPage":{"@id":"https:\/\/now-news.de\/de\/deutschland\/schuesse-auf-menschenmenge-bei-rave-party-toter-und-schwerverletzte-in-der-schweiz-taeter-fluechtig\/#primaryimage"},"image":{"@id":"https:\/\/now-news.de\/de\/deutschland\/schuesse-auf-menschenmenge-bei-rave-party-toter-und-schwerverletzte-in-der-schweiz-taeter-fluechtig\/#primaryimage"},"thumbnailUrl":"https:\/\/now-news.de\/de\/wp-content\/uploads\/sites\/3\/2024\/05\/China-beginnt-mit-Umzingelungsuebungen-rund-um-Taiwan.jpg","datePublished":"2026-08-30T07:14:17+00:00","breadcrumb":{"@id":"https:\/\/now-news.de\/de\/deutschland\/schuesse-auf-menschenmenge-bei-rave-party-toter-und-schwerverletzte-in-der-schweiz-taeter-fluechtig\/#breadcrumb"},"inLanguage":"de","potentialAction":[{"@type":"ReadAction","target":["https:\/\/now-news.de\/de\/deutschland\/schuesse-auf-menschenmenge-bei-rave-party-toter-und-schwerverletzte-in-der-schweiz-taeter-fluechtig\/"]}]},{"@type":"ImageObject","inLanguage":"de","@id":"https:\/\/now-news.de\/de\/deutschland\/schuesse-auf-menschenmenge-bei-rave-party-toter-und-schwerverletzte-in-der-schweiz-taeter-fluechtig\/#primaryimage","url":"https:\/\/now-news.de\/de\/wp-content\/uploads\/sites\/3\/2024\/05\/China-beginnt-mit-Umzingelungsuebungen-rund-um-Taiwan.jpg","contentUrl":"https:\/\/now-news.de\/de\/wp-content\/uploads\/sites\/3\/2024\/05\/China-beginnt-mit-Umzingelungsuebungen-rund-um-Taiwan.jpg","width":460,"height":259,"caption":"China beginnt mit Umzingelungs\u00fcbungen rund um Taiwan"},{"@type":"BreadcrumbList","@id":"https:\/\/now-news.de\/de\/deutschland\/schuesse-auf-menschenmenge-bei-rave-party-toter-und-schwerverletzte-in-der-schweiz-taeter-fluechtig\/#breadcrumb","itemListElement":[{"@type":"ListItem","position":1,"name":"Home","item":"https:\/\/now-news.de\/de\/"},{"@type":"ListItem","position":2,"name":"Sch\u00fcsse auf Menschenmenge bei Rave-Party: Toter und Schwerverletzte in der Schweiz \u2013 T\u00e4ter fl\u00fcchtig"}]},{"@type":"WebSite","@id":"https:\/\/now-news.de\/de\/#website","url":"https:\/\/now-news.de\/de\/","name":"just-now.NEWS Deutschland","description":"Das Portal f\u00fcr unzensierte Nachrichten aus der Welt","publisher":{"@id":"https:\/\/now-news.de\/de\/#organization"},"potentialAction":[{"@type":"SearchAction","target":{"@type":"EntryPoint","urlTemplate":"https:\/\/now-news.de\/de\/?s={search_term_string}"},"query-input":{"@type":"PropertyValueSpecification","valueRequired":true,"valueName":"search_term_string"}}],"inLanguage":"de"},{"@type":"Organization","@id":"https:\/\/now-news.de\/de\/#organization","name":"Just Now News","url":"https:\/\/now-news.de\/de\/","logo":{"@type":"ImageObject","inLanguage":"de","@id":"https:\/\/now-news.de\/de\/#\/schema\/logo\/image\/","url":"http:\/\/just-now.news\/de\/wp-content\/uploads\/sites\/3\/2022\/04\/logo500x500.jpg","contentUrl":"http:\/\/just-now.news\/de\/wp-content\/uploads\/sites\/3\/2022\/04\/logo500x500.jpg","width":500,"height":500,"caption":"Just Now News"},"image":{"@id":"https:\/\/now-news.de\/de\/#\/schema\/logo\/image\/"},"sameAs":["https:\/\/www.facebook.com\/wirmachenauf","https:\/\/x.com\/WirMachenAuf_de"]},{"@type":"Person","@id":"https:\/\/now-news.de\/de\/#\/schema\/person\/fb534a4e865501d8b3285208df34a9b5","name":"rtnews","image":{"@type":"ImageObject","inLanguage":"de","@id":"https:\/\/secure.gravatar.com\/avatar\/358fe31b3ab5769fea05376e1953329834cd9912cf9daf607e2af3076a1b982b?s=96&d=mm&r=g","url":"https:\/\/secure.gravatar.com\/avatar\/358fe31b3ab5769fea05376e1953329834cd9912cf9daf607e2af3076a1b982b?s=96&d=mm&r=g","contentUrl":"https:\/\/secure.gravatar.com\/avatar\/358fe31b3ab5769fea05376e1953329834cd9912cf9daf607e2af3076a1b982b?s=96&d=mm&r=g","caption":"rtnews"},"url":"https:\/\/now-news.de\/de\/author\/rnews\/"}]}},"_links":{"self":[{"href":"https:\/\/now-news.de\/de\/wp-json\/wp\/v2\/posts\/109599","targetHints":{"allow":["GET"]}}],"collection":[{"href":"https:\/\/now-news.de\/de\/wp-json\/wp\/v2\/posts"}],"about":[{"href":"https:\/\/now-news.de\/de\/wp-json\/wp\/v2\/types\/post"}],"author":[{"embeddable":true,"href":"https:\/\/now-news.de\/de\/wp-json\/wp\/v2\/users\/3"}],"replies":[{"embeddable":true,"href":"https:\/\/now-news.de\/de\/wp-json\/wp\/v2\/comments?post=109599"}],"version-history":[{"count":0,"href":"https:\/\/now-news.de\/de\/wp-json\/wp\/v2\/posts\/109599\/revisions"}],"wp:featuredmedia":[{"embeddable":true,"href":"https:\/\/now-news.de\/de\/wp-json\/wp\/v2\/media\/58637"}],"wp:attachment":[{"href":"https:\/\/now-news.de\/de\/wp-json\/wp\/v2\/media?parent=109599"}],"wp:term":[{"taxonomy":"category","embeddable":true,"href":"https:\/\/now-news.de\/de\/wp-json\/wp\/v2\/categories?post=109599"},{"taxonomy":"post_tag","embeddable":true,"href":"https:\/\/now-news.de\/de\/wp-json\/wp\/v2\/tags?post=109599"}],"curies":[{"name":"wp","href":"https:\/\/api.w.org\/{rel}","templated":true}]}}