{"id":109589,"date":"2026-08-29T21:45:00","date_gmt":"2026-08-29T19:45:00","guid":{"rendered":"https:\/\/now-news.de\/de\/deutschland\/untersuchungsausschus-gegen-thueringer-verfassungschef-kramer-zeugen-werden-zur-belastungsprobe\/"},"modified":"2026-08-29T21:45:00","modified_gmt":"2026-08-29T19:45:00","slug":"untersuchungsausschus-gegen-thueringer-verfassungschef-kramer-zeugen-werden-zur-belastungsprobe","status":"publish","type":"post","link":"https:\/\/now-news.de\/de\/deutschland\/untersuchungsausschus-gegen-thueringer-verfassungschef-kramer-zeugen-werden-zur-belastungsprobe\/","title":{"rendered":"Untersuchungsausschus  gegen Th\u00fcringer Verfassungschef Kramer: Zeugen werden zur Belastungsprobe"},"content":{"rendered":"<p><img decoding=\"async\" src=\"https:\/\/now-news.de\/de\/wp-content\/uploads\/sites\/3\/2026\/08\/6a9314e448fbef5dc14562d4.jpg\" \/><\/p>\n<div class=\"Text-root Text-type_1 \">\n                Der Th\u00fcringer Untersuchungsausschuss zur Aff\u00e4re um den Th\u00fcringer Verfassungschef Stephan Kramer geht in die n\u00e4chste Runde: Zwei ehemalige Referatsleiter des dortigen Verfassungsschutzes sagen am Montag im Landtag aus. F\u00fcr Kramer k\u00f6nnte es eng werden.\n            <\/div>\n<p><\/p>\n<div class=\"Text-root Text-type_5 ArticleView-text ViewText-root \">\n<p>Etwa anderthalb Jahre, nachdem\u00a0Vorw\u00fcrfe gegen die Amtsf\u00fchrung des Th\u00fcringer Verfassungsschutzpr\u00e4sidenten Stephan Kramer ver\u00f6ffentlicht wurden, kommt es am Montag zum ersten gro\u00dfen Meilenstein in der Aufarbeitung: Erstmals seit Einberufung des Untersuchungsausschusses im Th\u00fcringer Landtag werden Zeugen vorgeladen, wie <em>Apollo News<\/em> berichtet.<\/p>\n<p>Vor allem die geladenen Zeugen k\u00f6nnten &#8220;explosive Details zur Aff\u00e4re rund um den Amtschef Kramer liefern&#8221;. Beide amtierten zu unterschiedlichen Zeitpunkten als Leiter des wichtigsten Referats der Beh\u00f6rde \u2013 des damaligen Referats 52 f\u00fcr &#8220;Rechts- und Linksextremismus&#8221;. Sie erlebten die Verfehlungen Kramers w\u00e4hrend ihrer Zeit im Amt mit.<\/p>\n<p>Im Mittelpunkt steht der Komplex rund um das amtsinterne, rund 600-seitige Gutachten zur Einstufung der AfD als &#8220;gesichert rechtsextrem&#8221;. In diesem Zusammenhang gibt es mehrere Vorw\u00fcrfe: Beteiligten soll laut Insidern von Anfang an klar gewesen sein, was bei der \u00dcberpr\u00fcfung der AfD herauskommen sollte. Au\u00dferdem beklagte der Verfasser des urspr\u00fcnglichen Gutachtens beim Personalreferat des Innenministeriums, dass Kramer ihm k\u00f6rperliche Gewalt angedroht habe \u2013 es soll um die Frage seines pers\u00f6nlichen Arbeitseinsatzes gegangen sein.<\/p>\n<p>Ein entscheidender Punkt ist au\u00dferdem ein 30-seitiger Vermerk, der f\u00fcr die AfD entlastend gewirkt h\u00e4tte, da er die sogenannte Indemnit\u00e4t behandelte. Kramer untersagte zum Entsetzen von Mitarbeitern handstreichartig die Verwendung dieser Zuarbeit. Der Amtspr\u00e4sident soll das nach \u00fcbereinstimmenden Zeugenaussagen damit gerechtfertigt haben, &#8220;dem Gegner keine Argumente liefern&#8221; zu wollen.<\/p>\n<p>Kramer ist mittlerweile auch selbst in Sachen Untersuchungsausschuss aktiv geworden und hat inzwischen den sogenannten &#8220;Betroffenenstatus&#8221; erreicht. Den wollte ihm der Ausschuss zwar mehrheitlich verwehren, Kramer soll sich den &#8220;Betroffenenstatus&#8221; jedoch eingeklagt\u00a0 haben. Dadurch erh\u00e4lt Kramer deutlich mehr Rechte: Bei Anh\u00f6rungen von Zeugen darf er mit am Tisch sitzen und sogar selbst Fragen stellen. Ein Anwalt f\u00fcr den Ausschuss wird ihm dazu von den Steuergeldern der B\u00fcrger des Freistaats Th\u00fcringen bezahlt.\u00a0Damit d\u00fcrfte Kramer oder jedenfalls sein Rechtsbeistand bei der Anh\u00f6rung der Zeugen am Montag anwesend sein.<\/p>\n<p><strong>Mehr zum Thema<\/strong>\u00a0\u2013\u00a0<a rel=\"nofollow\" target=\"_blank\" href=\"https:\/\/freedert.online\/inland\/228935-afd-verbotsverfahren-recherche-legt-machtmissbrauch-machtmissbrauch-beim-thuringer-verfassungsschutz\/\">Bericht: Th\u00fcringer Verfassungsschutzchef hat entlastendes AfD-Gutachten unterdr\u00fcckt<\/a><\/p>\n<\/div>\n<p><br \/>\n<br \/><a href=\"https:\/\/de.rt.com\/inland\/290090-untersuchungsausschus-gegen-thueringer-verfassungschef-kramer\/\">Source link <\/a><\/p>\n","protected":false},"excerpt":{"rendered":"<p>Der Th\u00fcringer Untersuchungsausschuss zur Aff\u00e4re um den Th\u00fcringer Verfassungschef Stephan Kramer geht in die n\u00e4chste Runde: Zwei ehemalige Referatsleiter des dortigen Verfassungsschutzes sagen am Montag im Landtag aus. F\u00fcr Kramer k\u00f6nnte es eng werden. Etwa anderthalb Jahre, nachdem\u00a0Vorw\u00fcrfe gegen die Amtsf\u00fchrung des Th\u00fcringer Verfassungsschutzpr\u00e4sidenten Stephan Kramer ver\u00f6ffentlicht wurden, kommt es am Montag zum ersten gro\u00dfen [&hellip;]<\/p>\n","protected":false},"author":3,"featured_media":109590,"comment_status":"open","ping_status":"open","sticky":false,"template":"","format":"standard","meta":{"wp_automatic_camp":["217"],"61a386be5129c372cbbda9a05ed7dca5":["Untersuchungsausschus  gegen Th\u00fcringer Verfassungschef Kramer: Zeugen werden zur Belastungsprobe"],"original_link":["https:\/\/de.rt.com\/inland\/290090-untersuchungsausschus-gegen-thueringer-verfassungschef-kramer\/"],"_thumbnail_id":["109590"],"_wptgpro_p2tg_sent2tg":["a:1:{i:23737;s:19:\"2026-08-29 21:59:28\";}"],"jnews_social_counter_last_update":["1788223286"]},"categories":[19,23],"tags":[67368,278,60997,33298,75881,75882,1040,23636,581],"class_list":["post-109589","post","type-post","status-publish","format-standard","has-post-thumbnail","hentry","category-deutschland","category-russland","tag-belastungsprobe","tag-gegen","tag-kramer","tag-thueringer","tag-untersuchungsausschus","tag-verfassungschef","tag-werden","tag-zeugen","tag-zur"],"yoast_head":"<!-- This site is optimized with the Yoast SEO Premium plugin v22.7 (Yoast SEO v28.2) - https:\/\/yoast.com\/product\/yoast-seo-premium-wordpress\/ -->\n<title>Untersuchungsausschus gegen Th\u00fcringer Verfassungschef Kramer: Zeugen werden zur Belastungsprobe - just-now.NEWS Deutschland<\/title>\n<meta name=\"robots\" content=\"index, follow, max-snippet:-1, max-image-preview:large, max-video-preview:-1\" \/>\n<link rel=\"canonical\" href=\"https:\/\/now-news.de\/de\/deutschland\/untersuchungsausschus-gegen-thueringer-verfassungschef-kramer-zeugen-werden-zur-belastungsprobe\/\" \/>\n<meta property=\"og:locale\" content=\"de_DE\" \/>\n<meta property=\"og:type\" content=\"article\" \/>\n<meta property=\"og:title\" content=\"Untersuchungsausschus gegen Th\u00fcringer Verfassungschef Kramer: Zeugen werden zur Belastungsprobe\" \/>\n<meta property=\"og:description\" content=\"Der Th\u00fcringer Untersuchungsausschuss zur Aff\u00e4re um den Th\u00fcringer Verfassungschef Stephan Kramer geht in die n\u00e4chste Runde: Zwei ehemalige Referatsleiter des dortigen Verfassungsschutzes sagen am Montag im Landtag aus. F\u00fcr Kramer k\u00f6nnte es eng werden. Etwa anderthalb Jahre, nachdem\u00a0Vorw\u00fcrfe gegen die Amtsf\u00fchrung des Th\u00fcringer Verfassungsschutzpr\u00e4sidenten Stephan Kramer ver\u00f6ffentlicht wurden, kommt es am Montag zum ersten gro\u00dfen [&hellip;]\" \/>\n<meta property=\"og:url\" content=\"https:\/\/now-news.de\/de\/deutschland\/untersuchungsausschus-gegen-thueringer-verfassungschef-kramer-zeugen-werden-zur-belastungsprobe\/\" \/>\n<meta property=\"og:site_name\" content=\"just-now.NEWS Deutschland\" \/>\n<meta property=\"article:publisher\" content=\"https:\/\/www.facebook.com\/wirmachenauf\" \/>\n<meta property=\"article:published_time\" content=\"2026-08-29T19:45:00+00:00\" \/>\n<meta property=\"og:image\" content=\"https:\/\/now-news.de\/de\/wp-content\/uploads\/sites\/3\/2026\/08\/6a9314e448fbef5dc14562d4.jpg\" \/>\n<meta name=\"author\" content=\"rtnews\" \/>\n<meta name=\"twitter:card\" content=\"summary_large_image\" \/>\n<meta name=\"twitter:creator\" content=\"@WirMachenAuf_de\" \/>\n<meta name=\"twitter:site\" content=\"@WirMachenAuf_de\" \/>\n<meta name=\"twitter:label1\" content=\"Verfasst von\" \/>\n\t<meta name=\"twitter:data1\" content=\"rtnews\" \/>\n\t<meta name=\"twitter:label2\" content=\"Gesch\u00e4tzte Lesezeit\" \/>\n\t<meta name=\"twitter:data2\" content=\"2\u00a0Minuten\" \/>\n<script type=\"application\/ld+json\" class=\"yoast-schema-graph\">{\"@context\":\"https:\\\/\\\/schema.org\",\"@graph\":[{\"@type\":\"Article\",\"@id\":\"https:\\\/\\\/now-news.de\\\/de\\\/deutschland\\\/untersuchungsausschus-gegen-thueringer-verfassungschef-kramer-zeugen-werden-zur-belastungsprobe\\\/#article\",\"isPartOf\":{\"@id\":\"https:\\\/\\\/now-news.de\\\/de\\\/deutschland\\\/untersuchungsausschus-gegen-thueringer-verfassungschef-kramer-zeugen-werden-zur-belastungsprobe\\\/\"},\"author\":{\"name\":\"rtnews\",\"@id\":\"https:\\\/\\\/now-news.de\\\/de\\\/#\\\/schema\\\/person\\\/fb534a4e865501d8b3285208df34a9b5\"},\"headline\":\"Untersuchungsausschus gegen Th\u00fcringer Verfassungschef Kramer: Zeugen werden zur Belastungsprobe\",\"datePublished\":\"2026-08-29T19:45:00+00:00\",\"mainEntityOfPage\":{\"@id\":\"https:\\\/\\\/now-news.de\\\/de\\\/deutschland\\\/untersuchungsausschus-gegen-thueringer-verfassungschef-kramer-zeugen-werden-zur-belastungsprobe\\\/\"},\"wordCount\":390,\"commentCount\":0,\"publisher\":{\"@id\":\"https:\\\/\\\/now-news.de\\\/de\\\/#organization\"},\"image\":{\"@id\":\"https:\\\/\\\/now-news.de\\\/de\\\/deutschland\\\/untersuchungsausschus-gegen-thueringer-verfassungschef-kramer-zeugen-werden-zur-belastungsprobe\\\/#primaryimage\"},\"thumbnailUrl\":\"https:\\\/\\\/now-news.de\\\/de\\\/wp-content\\\/uploads\\\/sites\\\/3\\\/2026\\\/08\\\/Untersuchungsausschus-gegen-Thueringer-Verfassungschef-Kramer-Zeugen-werden-zur-Belastungsprobe.jpg\",\"keywords\":[\"Belastungsprobe\",\"gegen\",\"Kramer\",\"Th\u00fcringer\",\"Untersuchungsausschus\",\"Verfassungschef\",\"Werden\",\"Zeugen\",\"zur\"],\"articleSection\":[\"Deutschland\",\"Russland\"],\"inLanguage\":\"de\",\"potentialAction\":[{\"@type\":\"CommentAction\",\"name\":\"Comment\",\"target\":[\"https:\\\/\\\/now-news.de\\\/de\\\/deutschland\\\/untersuchungsausschus-gegen-thueringer-verfassungschef-kramer-zeugen-werden-zur-belastungsprobe\\\/#respond\"]}]},{\"@type\":\"WebPage\",\"@id\":\"https:\\\/\\\/now-news.de\\\/de\\\/deutschland\\\/untersuchungsausschus-gegen-thueringer-verfassungschef-kramer-zeugen-werden-zur-belastungsprobe\\\/\",\"url\":\"https:\\\/\\\/now-news.de\\\/de\\\/deutschland\\\/untersuchungsausschus-gegen-thueringer-verfassungschef-kramer-zeugen-werden-zur-belastungsprobe\\\/\",\"name\":\"Untersuchungsausschus gegen Th\u00fcringer Verfassungschef Kramer: Zeugen werden zur Belastungsprobe - just-now.NEWS Deutschland\",\"isPartOf\":{\"@id\":\"https:\\\/\\\/now-news.de\\\/de\\\/#website\"},\"primaryImageOfPage\":{\"@id\":\"https:\\\/\\\/now-news.de\\\/de\\\/deutschland\\\/untersuchungsausschus-gegen-thueringer-verfassungschef-kramer-zeugen-werden-zur-belastungsprobe\\\/#primaryimage\"},\"image\":{\"@id\":\"https:\\\/\\\/now-news.de\\\/de\\\/deutschland\\\/untersuchungsausschus-gegen-thueringer-verfassungschef-kramer-zeugen-werden-zur-belastungsprobe\\\/#primaryimage\"},\"thumbnailUrl\":\"https:\\\/\\\/now-news.de\\\/de\\\/wp-content\\\/uploads\\\/sites\\\/3\\\/2026\\\/08\\\/Untersuchungsausschus-gegen-Thueringer-Verfassungschef-Kramer-Zeugen-werden-zur-Belastungsprobe.jpg\",\"datePublished\":\"2026-08-29T19:45:00+00:00\",\"breadcrumb\":{\"@id\":\"https:\\\/\\\/now-news.de\\\/de\\\/deutschland\\\/untersuchungsausschus-gegen-thueringer-verfassungschef-kramer-zeugen-werden-zur-belastungsprobe\\\/#breadcrumb\"},\"inLanguage\":\"de\",\"potentialAction\":[{\"@type\":\"ReadAction\",\"target\":[\"https:\\\/\\\/now-news.de\\\/de\\\/deutschland\\\/untersuchungsausschus-gegen-thueringer-verfassungschef-kramer-zeugen-werden-zur-belastungsprobe\\\/\"]}]},{\"@type\":\"ImageObject\",\"inLanguage\":\"de\",\"@id\":\"https:\\\/\\\/now-news.de\\\/de\\\/deutschland\\\/untersuchungsausschus-gegen-thueringer-verfassungschef-kramer-zeugen-werden-zur-belastungsprobe\\\/#primaryimage\",\"url\":\"https:\\\/\\\/now-news.de\\\/de\\\/wp-content\\\/uploads\\\/sites\\\/3\\\/2026\\\/08\\\/Untersuchungsausschus-gegen-Thueringer-Verfassungschef-Kramer-Zeugen-werden-zur-Belastungsprobe.jpg\",\"contentUrl\":\"https:\\\/\\\/now-news.de\\\/de\\\/wp-content\\\/uploads\\\/sites\\\/3\\\/2026\\\/08\\\/Untersuchungsausschus-gegen-Thueringer-Verfassungschef-Kramer-Zeugen-werden-zur-Belastungsprobe.jpg\",\"width\":460,\"height\":259,\"caption\":\"Untersuchungsausschus gegen Th\u00fcringer Verfassungschef Kramer: Zeugen werden zur Belastungsprobe\"},{\"@type\":\"BreadcrumbList\",\"@id\":\"https:\\\/\\\/now-news.de\\\/de\\\/deutschland\\\/untersuchungsausschus-gegen-thueringer-verfassungschef-kramer-zeugen-werden-zur-belastungsprobe\\\/#breadcrumb\",\"itemListElement\":[{\"@type\":\"ListItem\",\"position\":1,\"name\":\"Home\",\"item\":\"https:\\\/\\\/now-news.de\\\/de\\\/\"},{\"@type\":\"ListItem\",\"position\":2,\"name\":\"Untersuchungsausschus gegen Th\u00fcringer Verfassungschef Kramer: Zeugen werden zur Belastungsprobe\"}]},{\"@type\":\"WebSite\",\"@id\":\"https:\\\/\\\/now-news.de\\\/de\\\/#website\",\"url\":\"https:\\\/\\\/now-news.de\\\/de\\\/\",\"name\":\"just-now.NEWS Deutschland\",\"description\":\"Das Portal f\u00fcr unzensierte Nachrichten aus der Welt\",\"publisher\":{\"@id\":\"https:\\\/\\\/now-news.de\\\/de\\\/#organization\"},\"potentialAction\":[{\"@type\":\"SearchAction\",\"target\":{\"@type\":\"EntryPoint\",\"urlTemplate\":\"https:\\\/\\\/now-news.de\\\/de\\\/?s={search_term_string}\"},\"query-input\":{\"@type\":\"PropertyValueSpecification\",\"valueRequired\":true,\"valueName\":\"search_term_string\"}}],\"inLanguage\":\"de\"},{\"@type\":\"Organization\",\"@id\":\"https:\\\/\\\/now-news.de\\\/de\\\/#organization\",\"name\":\"Just Now News\",\"url\":\"https:\\\/\\\/now-news.de\\\/de\\\/\",\"logo\":{\"@type\":\"ImageObject\",\"inLanguage\":\"de\",\"@id\":\"https:\\\/\\\/now-news.de\\\/de\\\/#\\\/schema\\\/logo\\\/image\\\/\",\"url\":\"http:\\\/\\\/just-now.news\\\/de\\\/wp-content\\\/uploads\\\/sites\\\/3\\\/2022\\\/04\\\/logo500x500.jpg\",\"contentUrl\":\"http:\\\/\\\/just-now.news\\\/de\\\/wp-content\\\/uploads\\\/sites\\\/3\\\/2022\\\/04\\\/logo500x500.jpg\",\"width\":500,\"height\":500,\"caption\":\"Just Now News\"},\"image\":{\"@id\":\"https:\\\/\\\/now-news.de\\\/de\\\/#\\\/schema\\\/logo\\\/image\\\/\"},\"sameAs\":[\"https:\\\/\\\/www.facebook.com\\\/wirmachenauf\",\"https:\\\/\\\/x.com\\\/WirMachenAuf_de\"]},{\"@type\":\"Person\",\"@id\":\"https:\\\/\\\/now-news.de\\\/de\\\/#\\\/schema\\\/person\\\/fb534a4e865501d8b3285208df34a9b5\",\"name\":\"rtnews\",\"image\":{\"@type\":\"ImageObject\",\"inLanguage\":\"de\",\"@id\":\"https:\\\/\\\/secure.gravatar.com\\\/avatar\\\/358fe31b3ab5769fea05376e1953329834cd9912cf9daf607e2af3076a1b982b?s=96&d=mm&r=g\",\"url\":\"https:\\\/\\\/secure.gravatar.com\\\/avatar\\\/358fe31b3ab5769fea05376e1953329834cd9912cf9daf607e2af3076a1b982b?s=96&d=mm&r=g\",\"contentUrl\":\"https:\\\/\\\/secure.gravatar.com\\\/avatar\\\/358fe31b3ab5769fea05376e1953329834cd9912cf9daf607e2af3076a1b982b?s=96&d=mm&r=g\",\"caption\":\"rtnews\"},\"url\":\"https:\\\/\\\/now-news.de\\\/de\\\/author\\\/rnews\\\/\"}]}<\/script>\n<!-- \/ Yoast SEO Premium plugin. -->","yoast_head_json":{"title":"Untersuchungsausschus gegen Th\u00fcringer Verfassungschef Kramer: Zeugen werden zur Belastungsprobe - just-now.NEWS Deutschland","robots":{"index":"index","follow":"follow","max-snippet":"max-snippet:-1","max-image-preview":"max-image-preview:large","max-video-preview":"max-video-preview:-1"},"canonical":"https:\/\/now-news.de\/de\/deutschland\/untersuchungsausschus-gegen-thueringer-verfassungschef-kramer-zeugen-werden-zur-belastungsprobe\/","og_locale":"de_DE","og_type":"article","og_title":"Untersuchungsausschus gegen Th\u00fcringer Verfassungschef Kramer: Zeugen werden zur Belastungsprobe","og_description":"Der Th\u00fcringer Untersuchungsausschuss zur Aff\u00e4re um den Th\u00fcringer Verfassungschef Stephan Kramer geht in die n\u00e4chste Runde: Zwei ehemalige Referatsleiter des dortigen Verfassungsschutzes sagen am Montag im Landtag aus. F\u00fcr Kramer k\u00f6nnte es eng werden. Etwa anderthalb Jahre, nachdem\u00a0Vorw\u00fcrfe gegen die Amtsf\u00fchrung des Th\u00fcringer Verfassungsschutzpr\u00e4sidenten Stephan Kramer ver\u00f6ffentlicht wurden, kommt es am Montag zum ersten gro\u00dfen [&hellip;]","og_url":"https:\/\/now-news.de\/de\/deutschland\/untersuchungsausschus-gegen-thueringer-verfassungschef-kramer-zeugen-werden-zur-belastungsprobe\/","og_site_name":"just-now.NEWS Deutschland","article_publisher":"https:\/\/www.facebook.com\/wirmachenauf","article_published_time":"2026-08-29T19:45:00+00:00","og_image":[{"url":"https:\/\/now-news.de\/de\/wp-content\/uploads\/sites\/3\/2026\/08\/6a9314e448fbef5dc14562d4.jpg","type":"","width":"","height":""}],"author":"rtnews","twitter_card":"summary_large_image","twitter_creator":"@WirMachenAuf_de","twitter_site":"@WirMachenAuf_de","twitter_misc":{"Verfasst von":"rtnews","Gesch\u00e4tzte Lesezeit":"2\u00a0Minuten"},"schema":{"@context":"https:\/\/schema.org","@graph":[{"@type":"Article","@id":"https:\/\/now-news.de\/de\/deutschland\/untersuchungsausschus-gegen-thueringer-verfassungschef-kramer-zeugen-werden-zur-belastungsprobe\/#article","isPartOf":{"@id":"https:\/\/now-news.de\/de\/deutschland\/untersuchungsausschus-gegen-thueringer-verfassungschef-kramer-zeugen-werden-zur-belastungsprobe\/"},"author":{"name":"rtnews","@id":"https:\/\/now-news.de\/de\/#\/schema\/person\/fb534a4e865501d8b3285208df34a9b5"},"headline":"Untersuchungsausschus gegen Th\u00fcringer Verfassungschef Kramer: Zeugen werden zur Belastungsprobe","datePublished":"2026-08-29T19:45:00+00:00","mainEntityOfPage":{"@id":"https:\/\/now-news.de\/de\/deutschland\/untersuchungsausschus-gegen-thueringer-verfassungschef-kramer-zeugen-werden-zur-belastungsprobe\/"},"wordCount":390,"commentCount":0,"publisher":{"@id":"https:\/\/now-news.de\/de\/#organization"},"image":{"@id":"https:\/\/now-news.de\/de\/deutschland\/untersuchungsausschus-gegen-thueringer-verfassungschef-kramer-zeugen-werden-zur-belastungsprobe\/#primaryimage"},"thumbnailUrl":"https:\/\/now-news.de\/de\/wp-content\/uploads\/sites\/3\/2026\/08\/Untersuchungsausschus-gegen-Thueringer-Verfassungschef-Kramer-Zeugen-werden-zur-Belastungsprobe.jpg","keywords":["Belastungsprobe","gegen","Kramer","Th\u00fcringer","Untersuchungsausschus","Verfassungschef","Werden","Zeugen","zur"],"articleSection":["Deutschland","Russland"],"inLanguage":"de","potentialAction":[{"@type":"CommentAction","name":"Comment","target":["https:\/\/now-news.de\/de\/deutschland\/untersuchungsausschus-gegen-thueringer-verfassungschef-kramer-zeugen-werden-zur-belastungsprobe\/#respond"]}]},{"@type":"WebPage","@id":"https:\/\/now-news.de\/de\/deutschland\/untersuchungsausschus-gegen-thueringer-verfassungschef-kramer-zeugen-werden-zur-belastungsprobe\/","url":"https:\/\/now-news.de\/de\/deutschland\/untersuchungsausschus-gegen-thueringer-verfassungschef-kramer-zeugen-werden-zur-belastungsprobe\/","name":"Untersuchungsausschus gegen Th\u00fcringer Verfassungschef Kramer: Zeugen werden zur Belastungsprobe - just-now.NEWS Deutschland","isPartOf":{"@id":"https:\/\/now-news.de\/de\/#website"},"primaryImageOfPage":{"@id":"https:\/\/now-news.de\/de\/deutschland\/untersuchungsausschus-gegen-thueringer-verfassungschef-kramer-zeugen-werden-zur-belastungsprobe\/#primaryimage"},"image":{"@id":"https:\/\/now-news.de\/de\/deutschland\/untersuchungsausschus-gegen-thueringer-verfassungschef-kramer-zeugen-werden-zur-belastungsprobe\/#primaryimage"},"thumbnailUrl":"https:\/\/now-news.de\/de\/wp-content\/uploads\/sites\/3\/2026\/08\/Untersuchungsausschus-gegen-Thueringer-Verfassungschef-Kramer-Zeugen-werden-zur-Belastungsprobe.jpg","datePublished":"2026-08-29T19:45:00+00:00","breadcrumb":{"@id":"https:\/\/now-news.de\/de\/deutschland\/untersuchungsausschus-gegen-thueringer-verfassungschef-kramer-zeugen-werden-zur-belastungsprobe\/#breadcrumb"},"inLanguage":"de","potentialAction":[{"@type":"ReadAction","target":["https:\/\/now-news.de\/de\/deutschland\/untersuchungsausschus-gegen-thueringer-verfassungschef-kramer-zeugen-werden-zur-belastungsprobe\/"]}]},{"@type":"ImageObject","inLanguage":"de","@id":"https:\/\/now-news.de\/de\/deutschland\/untersuchungsausschus-gegen-thueringer-verfassungschef-kramer-zeugen-werden-zur-belastungsprobe\/#primaryimage","url":"https:\/\/now-news.de\/de\/wp-content\/uploads\/sites\/3\/2026\/08\/Untersuchungsausschus-gegen-Thueringer-Verfassungschef-Kramer-Zeugen-werden-zur-Belastungsprobe.jpg","contentUrl":"https:\/\/now-news.de\/de\/wp-content\/uploads\/sites\/3\/2026\/08\/Untersuchungsausschus-gegen-Thueringer-Verfassungschef-Kramer-Zeugen-werden-zur-Belastungsprobe.jpg","width":460,"height":259,"caption":"Untersuchungsausschus gegen Th\u00fcringer Verfassungschef Kramer: Zeugen werden zur Belastungsprobe"},{"@type":"BreadcrumbList","@id":"https:\/\/now-news.de\/de\/deutschland\/untersuchungsausschus-gegen-thueringer-verfassungschef-kramer-zeugen-werden-zur-belastungsprobe\/#breadcrumb","itemListElement":[{"@type":"ListItem","position":1,"name":"Home","item":"https:\/\/now-news.de\/de\/"},{"@type":"ListItem","position":2,"name":"Untersuchungsausschus gegen Th\u00fcringer Verfassungschef Kramer: Zeugen werden zur Belastungsprobe"}]},{"@type":"WebSite","@id":"https:\/\/now-news.de\/de\/#website","url":"https:\/\/now-news.de\/de\/","name":"just-now.NEWS Deutschland","description":"Das Portal f\u00fcr unzensierte Nachrichten aus der Welt","publisher":{"@id":"https:\/\/now-news.de\/de\/#organization"},"potentialAction":[{"@type":"SearchAction","target":{"@type":"EntryPoint","urlTemplate":"https:\/\/now-news.de\/de\/?s={search_term_string}"},"query-input":{"@type":"PropertyValueSpecification","valueRequired":true,"valueName":"search_term_string"}}],"inLanguage":"de"},{"@type":"Organization","@id":"https:\/\/now-news.de\/de\/#organization","name":"Just Now News","url":"https:\/\/now-news.de\/de\/","logo":{"@type":"ImageObject","inLanguage":"de","@id":"https:\/\/now-news.de\/de\/#\/schema\/logo\/image\/","url":"http:\/\/just-now.news\/de\/wp-content\/uploads\/sites\/3\/2022\/04\/logo500x500.jpg","contentUrl":"http:\/\/just-now.news\/de\/wp-content\/uploads\/sites\/3\/2022\/04\/logo500x500.jpg","width":500,"height":500,"caption":"Just Now News"},"image":{"@id":"https:\/\/now-news.de\/de\/#\/schema\/logo\/image\/"},"sameAs":["https:\/\/www.facebook.com\/wirmachenauf","https:\/\/x.com\/WirMachenAuf_de"]},{"@type":"Person","@id":"https:\/\/now-news.de\/de\/#\/schema\/person\/fb534a4e865501d8b3285208df34a9b5","name":"rtnews","image":{"@type":"ImageObject","inLanguage":"de","@id":"https:\/\/secure.gravatar.com\/avatar\/358fe31b3ab5769fea05376e1953329834cd9912cf9daf607e2af3076a1b982b?s=96&d=mm&r=g","url":"https:\/\/secure.gravatar.com\/avatar\/358fe31b3ab5769fea05376e1953329834cd9912cf9daf607e2af3076a1b982b?s=96&d=mm&r=g","contentUrl":"https:\/\/secure.gravatar.com\/avatar\/358fe31b3ab5769fea05376e1953329834cd9912cf9daf607e2af3076a1b982b?s=96&d=mm&r=g","caption":"rtnews"},"url":"https:\/\/now-news.de\/de\/author\/rnews\/"}]}},"_links":{"self":[{"href":"https:\/\/now-news.de\/de\/wp-json\/wp\/v2\/posts\/109589","targetHints":{"allow":["GET"]}}],"collection":[{"href":"https:\/\/now-news.de\/de\/wp-json\/wp\/v2\/posts"}],"about":[{"href":"https:\/\/now-news.de\/de\/wp-json\/wp\/v2\/types\/post"}],"author":[{"embeddable":true,"href":"https:\/\/now-news.de\/de\/wp-json\/wp\/v2\/users\/3"}],"replies":[{"embeddable":true,"href":"https:\/\/now-news.de\/de\/wp-json\/wp\/v2\/comments?post=109589"}],"version-history":[{"count":0,"href":"https:\/\/now-news.de\/de\/wp-json\/wp\/v2\/posts\/109589\/revisions"}],"wp:featuredmedia":[{"embeddable":true,"href":"https:\/\/now-news.de\/de\/wp-json\/wp\/v2\/media\/109590"}],"wp:attachment":[{"href":"https:\/\/now-news.de\/de\/wp-json\/wp\/v2\/media?parent=109589"}],"wp:term":[{"taxonomy":"category","embeddable":true,"href":"https:\/\/now-news.de\/de\/wp-json\/wp\/v2\/categories?post=109589"},{"taxonomy":"post_tag","embeddable":true,"href":"https:\/\/now-news.de\/de\/wp-json\/wp\/v2\/tags?post=109589"}],"curies":[{"name":"wp","href":"https:\/\/api.w.org\/{rel}","templated":true}]}}