{"id":109585,"date":"2026-08-29T20:23:15","date_gmt":"2026-08-29T18:23:15","guid":{"rendered":"https:\/\/now-news.de\/de\/deutschland\/vucic-kritisiert-istghj-wegen-weigerung-mladic-freizulassen\/"},"modified":"2026-08-29T20:23:15","modified_gmt":"2026-08-29T18:23:15","slug":"vucic-kritisiert-istghj-wegen-weigerung-mladic-freizulassen","status":"publish","type":"post","link":"https:\/\/now-news.de\/de\/deutschland\/vucic-kritisiert-istghj-wegen-weigerung-mladic-freizulassen\/","title":{"rendered":"Vu\u010di\u0107 kritisiert IStGHJ wegen Weigerung, Mladi\u0107 freizulassen"},"content":{"rendered":"<p><img decoding=\"async\" src=\"https:\/\/now-news.de\/de\/wp-content\/uploads\/sites\/3\/2026\/08\/6a92fe5348fbef5dc14562c4.jpg\" \/><\/p>\n<div class=\"Text-root Text-type_1 \">\n                Wegen der Weigerung, den inzwischen verstorbenen General Ratko Mladi\u0107 freizulassen, wirft Serbiens Pr\u00e4sident Aleksandar Vu\u010di\u0107 dem Internationalen Strafgerichtshof f\u00fcr das ehemalige Jugoslawien &#8220;unzivilisiertes Verhalten&#8221; vor.\n            <\/div>\n<p><\/p>\n<div class=\"Text-root Text-type_5 ArticleView-text ViewText-root \">\n<p>Serbiens Pr\u00e4sident Aleksandar Vu\u010di\u0107 hat dem Internationalen Strafgerichtshof f\u00fcr das ehemalige Jugoslawien (IStGHJ) in Den Haag &#8220;unzivilisiertes Verhalten&#8221; vorgeworfen. Als Grund f\u00fchrte er die Weigerung des Gerichts an, den ehemaligen Befehlshaber der Streitkr\u00e4fte der bosnischen Serben, Ratko Mladi\u0107, vorzeitig aus dessen Haft zu entlassen. Nach Angaben von\u00a0<em>Associated Press\u00a0<\/em>erkl\u00e4rte\u00a0Vu\u010di\u0107:<\/p>\n<p><em>&#8220;Das war unzivilisiertes Verhalten, beispiellos und ohne jegliche Rechtfertigung. Nun sehen wir, dass sie wollten, dass Mladi\u0107 hinter Gittern stirbt.&#8221;<\/em><\/p>\n<p>Angaben, wonach Mladi\u0107 mit staatlichen Ehren bestattet werden solle, best\u00e4tigte der serbische Pr\u00e4sident nicht. Vu\u010di\u0107 erkl\u00e4rte, dass die Wahl des Bestattungsortes der Familie des Verstorbenen obliege, und sicherte seine Unterst\u00fctzung zu, falls der ehemalige General in Serbien beigesetzt werden sollte:<\/p>\n<p><em>&#8220;Sollte die Familie den Wunsch \u00e4u\u00dfern, dass er auf dem Gebiet Serbiens beigesetzt wird, werden wir helfen, dass dies w\u00fcrdevoll organisiert wird.&#8221;<\/em><\/p>\n<p>Seine Landsleute forderte\u00a0Vu\u010di\u0107 auf, in die Zukunft zu blicken, statt &#8220;die Tr\u00e4nen der Vergangenheit&#8221; zu schlucken:<\/p>\n<p><em>&#8220;Wir sollen in die Zukunft blicken, an unsere Kinder denken, an Frieden und Stabilit\u00e4t in der Region.&#8221;<\/em><\/p>\n<p>Ratko Mladi\u0107 war am 27. August im Alter von 84 Jahren in einer Untersuchungshaftanstalt in Den Haag verstorben. W\u00e4hrend des Bosnienkriegs in den Jahren 1992 bis 1995 kommandierte er die Streitkr\u00e4fte der Republika Srpska, des Staats der bosnischen Serben. Im Jahr 2011, nach 16 Jahren Fahndung, verhaftet, wurde\u00a0Mladi\u0107 2017 vom IStGHJ in Den Haag zu einer lebensl\u00e4nglichen Haftstrafe wegen Genozid, Verbrechen gegen die Menschlichkeit und Kriegsverbrechen verurteilt. Dabei gestand\u00a0er keine Schuld.<\/p>\n<p>In den Folgejahren wurden Appelle von\u00a0Mladi\u0107s Verteidigung, den ehemaligen General aus gesundheitlichen Gr\u00fcnden freizulassen, zur\u00fcckgewiesen. Mladi\u0107s Familie berichtete, dass er kurz vor seinem Tod mehrere Schlaganf\u00e4lle erlitten habe.<\/p>\n<p><strong>Mehr zum Thema\u00a0<\/strong>\u2013\u00a0<a rel=\"nofollow\" target=\"_blank\" href=\"https:\/\/de-rtnews.com\/europa\/118884-zwei-gesichter-der-haager-un-gerechtigkeit\/\">Zwei Gesichter der Haager (Un-)Gerechtigkeit<\/a><\/p>\n<div class=\"EmbedBlock-root EmbedBlock-externalVideo EmbedBlock-rumble\">\n<div class=\"VkEmbed\"><iframe class=\"lazyload\" data-src=\"https:\/\/rumble.com\/embed\/v7ckvgs\" frameborder=\"0\" width=\"853\" height=\"480\" allowfullscreen><\/iframe><\/div>\n<\/div>\n<\/div>\n<p><br \/>\n<br \/><a href=\"https:\/\/de.rt.com\/europa\/290086-vucic-kritisiert-istghj-wegen-weigerung\/\">Source link <\/a><\/p>\n","protected":false},"excerpt":{"rendered":"<p>Wegen der Weigerung, den inzwischen verstorbenen General Ratko Mladi\u0107 freizulassen, wirft Serbiens Pr\u00e4sident Aleksandar Vu\u010di\u0107 dem Internationalen Strafgerichtshof f\u00fcr das ehemalige Jugoslawien &#8220;unzivilisiertes Verhalten&#8221; vor. Serbiens Pr\u00e4sident Aleksandar Vu\u010di\u0107 hat dem Internationalen Strafgerichtshof f\u00fcr das ehemalige Jugoslawien (IStGHJ) in Den Haag &#8220;unzivilisiertes Verhalten&#8221; vorgeworfen. Als Grund f\u00fchrte er die Weigerung des Gerichts an, den ehemaligen [&hellip;]<\/p>\n","protected":false},"author":3,"featured_media":109586,"comment_status":"open","ping_status":"open","sticky":false,"template":"","format":"standard","meta":{"wp_automatic_camp":["217"],"1c5b5d1755d5decc3cf84c7a9547cd05":["Vu\u010di\u0107 kritisiert IStGHJ wegen Weigerung, Mladi\u0107 freizulassen"],"original_link":["https:\/\/de.rt.com\/europa\/290086-vucic-kritisiert-istghj-wegen-weigerung\/"],"_thumbnail_id":["109586"],"_wptgpro_p2tg_sent2tg":["a:1:{i:23737;s:19:\"2026-08-29 20:39:31\";}"],"jnews_social_counter_last_update":["1788126192"]},"categories":[19,23],"tags":[75880,75879,739,75834,955,145,3338],"class_list":["post-109585","post","type-post","status-publish","format-standard","has-post-thumbnail","hentry","category-deutschland","category-russland","tag-freizulassen","tag-istghj","tag-kritisiert","tag-mladic","tag-vucic","tag-wegen","tag-weigerung"],"yoast_head":"<!-- This site is optimized with the Yoast SEO Premium plugin v22.7 (Yoast SEO v28.2) - https:\/\/yoast.com\/product\/yoast-seo-premium-wordpress\/ -->\n<title>Vu\u010di\u0107 kritisiert IStGHJ wegen Weigerung, Mladi\u0107 freizulassen - just-now.NEWS Deutschland<\/title>\n<meta name=\"robots\" content=\"index, follow, max-snippet:-1, max-image-preview:large, max-video-preview:-1\" \/>\n<link rel=\"canonical\" href=\"https:\/\/now-news.de\/de\/deutschland\/vucic-kritisiert-istghj-wegen-weigerung-mladic-freizulassen\/\" \/>\n<meta property=\"og:locale\" content=\"de_DE\" \/>\n<meta property=\"og:type\" content=\"article\" \/>\n<meta property=\"og:title\" content=\"Vu\u010di\u0107 kritisiert IStGHJ wegen Weigerung, Mladi\u0107 freizulassen\" \/>\n<meta property=\"og:description\" content=\"Wegen der Weigerung, den inzwischen verstorbenen General Ratko Mladi\u0107 freizulassen, wirft Serbiens Pr\u00e4sident Aleksandar Vu\u010di\u0107 dem Internationalen Strafgerichtshof f\u00fcr das ehemalige Jugoslawien &#8220;unzivilisiertes Verhalten&#8221; vor. Serbiens Pr\u00e4sident Aleksandar Vu\u010di\u0107 hat dem Internationalen Strafgerichtshof f\u00fcr das ehemalige Jugoslawien (IStGHJ) in Den Haag &#8220;unzivilisiertes Verhalten&#8221; vorgeworfen. Als Grund f\u00fchrte er die Weigerung des Gerichts an, den ehemaligen [&hellip;]\" \/>\n<meta property=\"og:url\" content=\"https:\/\/now-news.de\/de\/deutschland\/vucic-kritisiert-istghj-wegen-weigerung-mladic-freizulassen\/\" \/>\n<meta property=\"og:site_name\" content=\"just-now.NEWS Deutschland\" \/>\n<meta property=\"article:publisher\" content=\"https:\/\/www.facebook.com\/wirmachenauf\" \/>\n<meta property=\"article:published_time\" content=\"2026-08-29T18:23:15+00:00\" \/>\n<meta property=\"og:image\" content=\"https:\/\/now-news.de\/de\/wp-content\/uploads\/sites\/3\/2026\/08\/6a92fe5348fbef5dc14562c4.jpg\" \/>\n<meta name=\"author\" content=\"rtnews\" \/>\n<meta name=\"twitter:card\" content=\"summary_large_image\" \/>\n<meta name=\"twitter:creator\" content=\"@WirMachenAuf_de\" \/>\n<meta name=\"twitter:site\" content=\"@WirMachenAuf_de\" \/>\n<meta name=\"twitter:label1\" content=\"Verfasst von\" \/>\n\t<meta name=\"twitter:data1\" content=\"rtnews\" \/>\n\t<meta name=\"twitter:label2\" content=\"Gesch\u00e4tzte Lesezeit\" \/>\n\t<meta name=\"twitter:data2\" content=\"2\u00a0Minuten\" \/>\n<script type=\"application\/ld+json\" class=\"yoast-schema-graph\">{\"@context\":\"https:\\\/\\\/schema.org\",\"@graph\":[{\"@type\":\"Article\",\"@id\":\"https:\\\/\\\/now-news.de\\\/de\\\/deutschland\\\/vucic-kritisiert-istghj-wegen-weigerung-mladic-freizulassen\\\/#article\",\"isPartOf\":{\"@id\":\"https:\\\/\\\/now-news.de\\\/de\\\/deutschland\\\/vucic-kritisiert-istghj-wegen-weigerung-mladic-freizulassen\\\/\"},\"author\":{\"name\":\"rtnews\",\"@id\":\"https:\\\/\\\/now-news.de\\\/de\\\/#\\\/schema\\\/person\\\/fb534a4e865501d8b3285208df34a9b5\"},\"headline\":\"Vu\u010di\u0107 kritisiert IStGHJ wegen Weigerung, Mladi\u0107 freizulassen\",\"datePublished\":\"2026-08-29T18:23:15+00:00\",\"mainEntityOfPage\":{\"@id\":\"https:\\\/\\\/now-news.de\\\/de\\\/deutschland\\\/vucic-kritisiert-istghj-wegen-weigerung-mladic-freizulassen\\\/\"},\"wordCount\":335,\"commentCount\":0,\"publisher\":{\"@id\":\"https:\\\/\\\/now-news.de\\\/de\\\/#organization\"},\"image\":{\"@id\":\"https:\\\/\\\/now-news.de\\\/de\\\/deutschland\\\/vucic-kritisiert-istghj-wegen-weigerung-mladic-freizulassen\\\/#primaryimage\"},\"thumbnailUrl\":\"https:\\\/\\\/now-news.de\\\/de\\\/wp-content\\\/uploads\\\/sites\\\/3\\\/2026\\\/08\\\/Vucic-kritisiert-IStGHJ-wegen-Weigerung-Mladic-freizulassen.jpg\",\"keywords\":[\"freizulassen\",\"IStGHJ\",\"kritisiert\",\"Mladi\u0107\",\"Vucic\",\"wegen\",\"Weigerung\"],\"articleSection\":[\"Deutschland\",\"Russland\"],\"inLanguage\":\"de\",\"potentialAction\":[{\"@type\":\"CommentAction\",\"name\":\"Comment\",\"target\":[\"https:\\\/\\\/now-news.de\\\/de\\\/deutschland\\\/vucic-kritisiert-istghj-wegen-weigerung-mladic-freizulassen\\\/#respond\"]}]},{\"@type\":\"WebPage\",\"@id\":\"https:\\\/\\\/now-news.de\\\/de\\\/deutschland\\\/vucic-kritisiert-istghj-wegen-weigerung-mladic-freizulassen\\\/\",\"url\":\"https:\\\/\\\/now-news.de\\\/de\\\/deutschland\\\/vucic-kritisiert-istghj-wegen-weigerung-mladic-freizulassen\\\/\",\"name\":\"Vu\u010di\u0107 kritisiert IStGHJ wegen Weigerung, Mladi\u0107 freizulassen - just-now.NEWS Deutschland\",\"isPartOf\":{\"@id\":\"https:\\\/\\\/now-news.de\\\/de\\\/#website\"},\"primaryImageOfPage\":{\"@id\":\"https:\\\/\\\/now-news.de\\\/de\\\/deutschland\\\/vucic-kritisiert-istghj-wegen-weigerung-mladic-freizulassen\\\/#primaryimage\"},\"image\":{\"@id\":\"https:\\\/\\\/now-news.de\\\/de\\\/deutschland\\\/vucic-kritisiert-istghj-wegen-weigerung-mladic-freizulassen\\\/#primaryimage\"},\"thumbnailUrl\":\"https:\\\/\\\/now-news.de\\\/de\\\/wp-content\\\/uploads\\\/sites\\\/3\\\/2026\\\/08\\\/Vucic-kritisiert-IStGHJ-wegen-Weigerung-Mladic-freizulassen.jpg\",\"datePublished\":\"2026-08-29T18:23:15+00:00\",\"breadcrumb\":{\"@id\":\"https:\\\/\\\/now-news.de\\\/de\\\/deutschland\\\/vucic-kritisiert-istghj-wegen-weigerung-mladic-freizulassen\\\/#breadcrumb\"},\"inLanguage\":\"de\",\"potentialAction\":[{\"@type\":\"ReadAction\",\"target\":[\"https:\\\/\\\/now-news.de\\\/de\\\/deutschland\\\/vucic-kritisiert-istghj-wegen-weigerung-mladic-freizulassen\\\/\"]}]},{\"@type\":\"ImageObject\",\"inLanguage\":\"de\",\"@id\":\"https:\\\/\\\/now-news.de\\\/de\\\/deutschland\\\/vucic-kritisiert-istghj-wegen-weigerung-mladic-freizulassen\\\/#primaryimage\",\"url\":\"https:\\\/\\\/now-news.de\\\/de\\\/wp-content\\\/uploads\\\/sites\\\/3\\\/2026\\\/08\\\/Vucic-kritisiert-IStGHJ-wegen-Weigerung-Mladic-freizulassen.jpg\",\"contentUrl\":\"https:\\\/\\\/now-news.de\\\/de\\\/wp-content\\\/uploads\\\/sites\\\/3\\\/2026\\\/08\\\/Vucic-kritisiert-IStGHJ-wegen-Weigerung-Mladic-freizulassen.jpg\",\"width\":460,\"height\":259,\"caption\":\"Vu\u010di\u0107 kritisiert IStGHJ wegen Weigerung, Mladi\u0107 freizulassen\"},{\"@type\":\"BreadcrumbList\",\"@id\":\"https:\\\/\\\/now-news.de\\\/de\\\/deutschland\\\/vucic-kritisiert-istghj-wegen-weigerung-mladic-freizulassen\\\/#breadcrumb\",\"itemListElement\":[{\"@type\":\"ListItem\",\"position\":1,\"name\":\"Home\",\"item\":\"https:\\\/\\\/now-news.de\\\/de\\\/\"},{\"@type\":\"ListItem\",\"position\":2,\"name\":\"Vu\u010di\u0107 kritisiert IStGHJ wegen Weigerung, Mladi\u0107 freizulassen\"}]},{\"@type\":\"WebSite\",\"@id\":\"https:\\\/\\\/now-news.de\\\/de\\\/#website\",\"url\":\"https:\\\/\\\/now-news.de\\\/de\\\/\",\"name\":\"just-now.NEWS Deutschland\",\"description\":\"Das Portal f\u00fcr unzensierte Nachrichten aus der Welt\",\"publisher\":{\"@id\":\"https:\\\/\\\/now-news.de\\\/de\\\/#organization\"},\"potentialAction\":[{\"@type\":\"SearchAction\",\"target\":{\"@type\":\"EntryPoint\",\"urlTemplate\":\"https:\\\/\\\/now-news.de\\\/de\\\/?s={search_term_string}\"},\"query-input\":{\"@type\":\"PropertyValueSpecification\",\"valueRequired\":true,\"valueName\":\"search_term_string\"}}],\"inLanguage\":\"de\"},{\"@type\":\"Organization\",\"@id\":\"https:\\\/\\\/now-news.de\\\/de\\\/#organization\",\"name\":\"Just Now News\",\"url\":\"https:\\\/\\\/now-news.de\\\/de\\\/\",\"logo\":{\"@type\":\"ImageObject\",\"inLanguage\":\"de\",\"@id\":\"https:\\\/\\\/now-news.de\\\/de\\\/#\\\/schema\\\/logo\\\/image\\\/\",\"url\":\"http:\\\/\\\/just-now.news\\\/de\\\/wp-content\\\/uploads\\\/sites\\\/3\\\/2022\\\/04\\\/logo500x500.jpg\",\"contentUrl\":\"http:\\\/\\\/just-now.news\\\/de\\\/wp-content\\\/uploads\\\/sites\\\/3\\\/2022\\\/04\\\/logo500x500.jpg\",\"width\":500,\"height\":500,\"caption\":\"Just Now News\"},\"image\":{\"@id\":\"https:\\\/\\\/now-news.de\\\/de\\\/#\\\/schema\\\/logo\\\/image\\\/\"},\"sameAs\":[\"https:\\\/\\\/www.facebook.com\\\/wirmachenauf\",\"https:\\\/\\\/x.com\\\/WirMachenAuf_de\"]},{\"@type\":\"Person\",\"@id\":\"https:\\\/\\\/now-news.de\\\/de\\\/#\\\/schema\\\/person\\\/fb534a4e865501d8b3285208df34a9b5\",\"name\":\"rtnews\",\"image\":{\"@type\":\"ImageObject\",\"inLanguage\":\"de\",\"@id\":\"https:\\\/\\\/secure.gravatar.com\\\/avatar\\\/358fe31b3ab5769fea05376e1953329834cd9912cf9daf607e2af3076a1b982b?s=96&d=mm&r=g\",\"url\":\"https:\\\/\\\/secure.gravatar.com\\\/avatar\\\/358fe31b3ab5769fea05376e1953329834cd9912cf9daf607e2af3076a1b982b?s=96&d=mm&r=g\",\"contentUrl\":\"https:\\\/\\\/secure.gravatar.com\\\/avatar\\\/358fe31b3ab5769fea05376e1953329834cd9912cf9daf607e2af3076a1b982b?s=96&d=mm&r=g\",\"caption\":\"rtnews\"},\"url\":\"https:\\\/\\\/now-news.de\\\/de\\\/author\\\/rnews\\\/\"}]}<\/script>\n<!-- \/ Yoast SEO Premium plugin. -->","yoast_head_json":{"title":"Vu\u010di\u0107 kritisiert IStGHJ wegen Weigerung, Mladi\u0107 freizulassen - just-now.NEWS Deutschland","robots":{"index":"index","follow":"follow","max-snippet":"max-snippet:-1","max-image-preview":"max-image-preview:large","max-video-preview":"max-video-preview:-1"},"canonical":"https:\/\/now-news.de\/de\/deutschland\/vucic-kritisiert-istghj-wegen-weigerung-mladic-freizulassen\/","og_locale":"de_DE","og_type":"article","og_title":"Vu\u010di\u0107 kritisiert IStGHJ wegen Weigerung, Mladi\u0107 freizulassen","og_description":"Wegen der Weigerung, den inzwischen verstorbenen General Ratko Mladi\u0107 freizulassen, wirft Serbiens Pr\u00e4sident Aleksandar Vu\u010di\u0107 dem Internationalen Strafgerichtshof f\u00fcr das ehemalige Jugoslawien &#8220;unzivilisiertes Verhalten&#8221; vor. Serbiens Pr\u00e4sident Aleksandar Vu\u010di\u0107 hat dem Internationalen Strafgerichtshof f\u00fcr das ehemalige Jugoslawien (IStGHJ) in Den Haag &#8220;unzivilisiertes Verhalten&#8221; vorgeworfen. Als Grund f\u00fchrte er die Weigerung des Gerichts an, den ehemaligen [&hellip;]","og_url":"https:\/\/now-news.de\/de\/deutschland\/vucic-kritisiert-istghj-wegen-weigerung-mladic-freizulassen\/","og_site_name":"just-now.NEWS Deutschland","article_publisher":"https:\/\/www.facebook.com\/wirmachenauf","article_published_time":"2026-08-29T18:23:15+00:00","og_image":[{"url":"https:\/\/now-news.de\/de\/wp-content\/uploads\/sites\/3\/2026\/08\/6a92fe5348fbef5dc14562c4.jpg","type":"","width":"","height":""}],"author":"rtnews","twitter_card":"summary_large_image","twitter_creator":"@WirMachenAuf_de","twitter_site":"@WirMachenAuf_de","twitter_misc":{"Verfasst von":"rtnews","Gesch\u00e4tzte Lesezeit":"2\u00a0Minuten"},"schema":{"@context":"https:\/\/schema.org","@graph":[{"@type":"Article","@id":"https:\/\/now-news.de\/de\/deutschland\/vucic-kritisiert-istghj-wegen-weigerung-mladic-freizulassen\/#article","isPartOf":{"@id":"https:\/\/now-news.de\/de\/deutschland\/vucic-kritisiert-istghj-wegen-weigerung-mladic-freizulassen\/"},"author":{"name":"rtnews","@id":"https:\/\/now-news.de\/de\/#\/schema\/person\/fb534a4e865501d8b3285208df34a9b5"},"headline":"Vu\u010di\u0107 kritisiert IStGHJ wegen Weigerung, Mladi\u0107 freizulassen","datePublished":"2026-08-29T18:23:15+00:00","mainEntityOfPage":{"@id":"https:\/\/now-news.de\/de\/deutschland\/vucic-kritisiert-istghj-wegen-weigerung-mladic-freizulassen\/"},"wordCount":335,"commentCount":0,"publisher":{"@id":"https:\/\/now-news.de\/de\/#organization"},"image":{"@id":"https:\/\/now-news.de\/de\/deutschland\/vucic-kritisiert-istghj-wegen-weigerung-mladic-freizulassen\/#primaryimage"},"thumbnailUrl":"https:\/\/now-news.de\/de\/wp-content\/uploads\/sites\/3\/2026\/08\/Vucic-kritisiert-IStGHJ-wegen-Weigerung-Mladic-freizulassen.jpg","keywords":["freizulassen","IStGHJ","kritisiert","Mladi\u0107","Vucic","wegen","Weigerung"],"articleSection":["Deutschland","Russland"],"inLanguage":"de","potentialAction":[{"@type":"CommentAction","name":"Comment","target":["https:\/\/now-news.de\/de\/deutschland\/vucic-kritisiert-istghj-wegen-weigerung-mladic-freizulassen\/#respond"]}]},{"@type":"WebPage","@id":"https:\/\/now-news.de\/de\/deutschland\/vucic-kritisiert-istghj-wegen-weigerung-mladic-freizulassen\/","url":"https:\/\/now-news.de\/de\/deutschland\/vucic-kritisiert-istghj-wegen-weigerung-mladic-freizulassen\/","name":"Vu\u010di\u0107 kritisiert IStGHJ wegen Weigerung, Mladi\u0107 freizulassen - just-now.NEWS Deutschland","isPartOf":{"@id":"https:\/\/now-news.de\/de\/#website"},"primaryImageOfPage":{"@id":"https:\/\/now-news.de\/de\/deutschland\/vucic-kritisiert-istghj-wegen-weigerung-mladic-freizulassen\/#primaryimage"},"image":{"@id":"https:\/\/now-news.de\/de\/deutschland\/vucic-kritisiert-istghj-wegen-weigerung-mladic-freizulassen\/#primaryimage"},"thumbnailUrl":"https:\/\/now-news.de\/de\/wp-content\/uploads\/sites\/3\/2026\/08\/Vucic-kritisiert-IStGHJ-wegen-Weigerung-Mladic-freizulassen.jpg","datePublished":"2026-08-29T18:23:15+00:00","breadcrumb":{"@id":"https:\/\/now-news.de\/de\/deutschland\/vucic-kritisiert-istghj-wegen-weigerung-mladic-freizulassen\/#breadcrumb"},"inLanguage":"de","potentialAction":[{"@type":"ReadAction","target":["https:\/\/now-news.de\/de\/deutschland\/vucic-kritisiert-istghj-wegen-weigerung-mladic-freizulassen\/"]}]},{"@type":"ImageObject","inLanguage":"de","@id":"https:\/\/now-news.de\/de\/deutschland\/vucic-kritisiert-istghj-wegen-weigerung-mladic-freizulassen\/#primaryimage","url":"https:\/\/now-news.de\/de\/wp-content\/uploads\/sites\/3\/2026\/08\/Vucic-kritisiert-IStGHJ-wegen-Weigerung-Mladic-freizulassen.jpg","contentUrl":"https:\/\/now-news.de\/de\/wp-content\/uploads\/sites\/3\/2026\/08\/Vucic-kritisiert-IStGHJ-wegen-Weigerung-Mladic-freizulassen.jpg","width":460,"height":259,"caption":"Vu\u010di\u0107 kritisiert IStGHJ wegen Weigerung, Mladi\u0107 freizulassen"},{"@type":"BreadcrumbList","@id":"https:\/\/now-news.de\/de\/deutschland\/vucic-kritisiert-istghj-wegen-weigerung-mladic-freizulassen\/#breadcrumb","itemListElement":[{"@type":"ListItem","position":1,"name":"Home","item":"https:\/\/now-news.de\/de\/"},{"@type":"ListItem","position":2,"name":"Vu\u010di\u0107 kritisiert IStGHJ wegen Weigerung, Mladi\u0107 freizulassen"}]},{"@type":"WebSite","@id":"https:\/\/now-news.de\/de\/#website","url":"https:\/\/now-news.de\/de\/","name":"just-now.NEWS Deutschland","description":"Das Portal f\u00fcr unzensierte Nachrichten aus der Welt","publisher":{"@id":"https:\/\/now-news.de\/de\/#organization"},"potentialAction":[{"@type":"SearchAction","target":{"@type":"EntryPoint","urlTemplate":"https:\/\/now-news.de\/de\/?s={search_term_string}"},"query-input":{"@type":"PropertyValueSpecification","valueRequired":true,"valueName":"search_term_string"}}],"inLanguage":"de"},{"@type":"Organization","@id":"https:\/\/now-news.de\/de\/#organization","name":"Just Now News","url":"https:\/\/now-news.de\/de\/","logo":{"@type":"ImageObject","inLanguage":"de","@id":"https:\/\/now-news.de\/de\/#\/schema\/logo\/image\/","url":"http:\/\/just-now.news\/de\/wp-content\/uploads\/sites\/3\/2022\/04\/logo500x500.jpg","contentUrl":"http:\/\/just-now.news\/de\/wp-content\/uploads\/sites\/3\/2022\/04\/logo500x500.jpg","width":500,"height":500,"caption":"Just Now News"},"image":{"@id":"https:\/\/now-news.de\/de\/#\/schema\/logo\/image\/"},"sameAs":["https:\/\/www.facebook.com\/wirmachenauf","https:\/\/x.com\/WirMachenAuf_de"]},{"@type":"Person","@id":"https:\/\/now-news.de\/de\/#\/schema\/person\/fb534a4e865501d8b3285208df34a9b5","name":"rtnews","image":{"@type":"ImageObject","inLanguage":"de","@id":"https:\/\/secure.gravatar.com\/avatar\/358fe31b3ab5769fea05376e1953329834cd9912cf9daf607e2af3076a1b982b?s=96&d=mm&r=g","url":"https:\/\/secure.gravatar.com\/avatar\/358fe31b3ab5769fea05376e1953329834cd9912cf9daf607e2af3076a1b982b?s=96&d=mm&r=g","contentUrl":"https:\/\/secure.gravatar.com\/avatar\/358fe31b3ab5769fea05376e1953329834cd9912cf9daf607e2af3076a1b982b?s=96&d=mm&r=g","caption":"rtnews"},"url":"https:\/\/now-news.de\/de\/author\/rnews\/"}]}},"_links":{"self":[{"href":"https:\/\/now-news.de\/de\/wp-json\/wp\/v2\/posts\/109585","targetHints":{"allow":["GET"]}}],"collection":[{"href":"https:\/\/now-news.de\/de\/wp-json\/wp\/v2\/posts"}],"about":[{"href":"https:\/\/now-news.de\/de\/wp-json\/wp\/v2\/types\/post"}],"author":[{"embeddable":true,"href":"https:\/\/now-news.de\/de\/wp-json\/wp\/v2\/users\/3"}],"replies":[{"embeddable":true,"href":"https:\/\/now-news.de\/de\/wp-json\/wp\/v2\/comments?post=109585"}],"version-history":[{"count":0,"href":"https:\/\/now-news.de\/de\/wp-json\/wp\/v2\/posts\/109585\/revisions"}],"wp:featuredmedia":[{"embeddable":true,"href":"https:\/\/now-news.de\/de\/wp-json\/wp\/v2\/media\/109586"}],"wp:attachment":[{"href":"https:\/\/now-news.de\/de\/wp-json\/wp\/v2\/media?parent=109585"}],"wp:term":[{"taxonomy":"category","embeddable":true,"href":"https:\/\/now-news.de\/de\/wp-json\/wp\/v2\/categories?post=109585"},{"taxonomy":"post_tag","embeddable":true,"href":"https:\/\/now-news.de\/de\/wp-json\/wp\/v2\/tags?post=109585"}],"curies":[{"name":"wp","href":"https:\/\/api.w.org\/{rel}","templated":true}]}}