{"id":109583,"date":"2026-08-29T19:42:29","date_gmt":"2026-08-29T17:42:29","guid":{"rendered":"https:\/\/now-news.de\/de\/deutschland\/remigrationsforderung-der-afd-jugend-in-magdeburg-deutschland-muss-land-der-deutschen-bleiben\/"},"modified":"2026-08-29T19:42:29","modified_gmt":"2026-08-29T17:42:29","slug":"remigrationsforderung-der-afd-jugend-in-magdeburg-deutschland-muss-land-der-deutschen-bleiben","status":"publish","type":"post","link":"https:\/\/now-news.de\/de\/deutschland\/remigrationsforderung-der-afd-jugend-in-magdeburg-deutschland-muss-land-der-deutschen-bleiben\/","title":{"rendered":"Remigrationsforderung der AfD-Jugend in Magdeburg: Deutschland muss &quot;Land der Deutschen bleiben&quot;"},"content":{"rendered":"<p><img decoding=\"async\" src=\"https:\/\/now-news.de\/de\/wp-content\/uploads\/sites\/3\/2026\/08\/6a92f937b480cc487638a079.jpg\" \/><\/p>\n<div class=\"Text-root Text-type_1 \">\n                &#8220;Millionen sind gegen unseren Willen in dieses Land gekommen&#8221; sagt Jean-Pascal Hohm von der AfD-Jugend bei deren Treffen in Sachsen-Anhalt. Die Generation Deutschland war im vergangenen November gegr\u00fcndet worden. Sie ist die Nachfolgerin der AfD-Jugendorganisation Junge Alternative (JA).\n            <\/div>\n<p><\/p>\n<div class=\"Text-root Text-type_5 ArticleView-text ViewText-root \">\n<p>Der Vorsitzende der AfD-Nachwuchsorganisation Generation Deutschland (GD) hat auf dem Bundeskongress in Magdeburg\u00a0die R\u00fcckf\u00fchrung von Zugewanderten gefordert. &#8220;Millionen sind gegen unseren Willen, gegen Recht und Gesetz, gegen jede Vernunft in dieses Land gekommen&#8221;, sagte GD-Chef Jean-Pascal Hohm vor rund 300 Delegierten auf dem Bundeskongress der Organisation in Magdeburg. Dies berichtete die <em>OAZ<\/em> am Sonnabend. Er betonte: &#8220;Millionen m\u00fcssen dieses Land wieder verlassen.&#8221; Deutschland m\u00fcsse laut Hohm &#8220;das Land der Deutschen bleiben, dieser Grundsatz ist nicht verhandelbar&#8221;. Hier d\u00fcrfe es &#8220;kein Resignieren, kein Akzeptieren, kein Arrangieren&#8221; geben. Die AfD sei &#8220;Ausdruck des Lebenswillens unseres Volkes&#8221;.<\/p>\n<p>Der AfD-Europaabgeordnete Ren\u00e9 Aust erweiterte die Forderung auf die gesamte EU. N\u00f6tig sei nicht nur &#8220;Remigration, sondern europaweite Remigration&#8221;, sagte er. Europa m\u00fcsse zu einer &#8220;Festung Europa&#8221; ausgebaut werden. &#8220;Niemand soll unseren Kontinent betreten, von dem wir nicht wollen, dass er unseren Kontinent betritt.&#8221;<\/p>\n<p>Eine Woche vor der Wahl in Sachsen-Anhalt tagt die Generation Deutschland in Magdeburg mit ihrem Bundeskongress und will dabei der Partei den R\u00fccken st\u00e4rken. Zun\u00e4chst trat am Vormittag der AfD-Landesvorsitzende Martin Reichardt auf. &#8220;Am 6. September holen wir uns unser Deutschland zur\u00fcck&#8221;, sagte er in seiner Rede. Die AfD hofft bei der Landtagswahl in Sachsen-Anhalt erstmals auf eine absolute Mehrheit. &#8220;Die Zeit dieser verkommenen linken Zust\u00e4nde in Deutschland geht zu Ende&#8221;, sagte Reichardt. &#8220;Wir werden der verlotterten Linken das Sorgerecht f\u00fcr Deutschland entziehen.&#8221;<\/p>\n<p>Der Vater Staat sei laut Reichardt &#8220;ein nach Dope stinkender, fauler Asi, der sein Geld f\u00fcr Nichtstun von der Friedrich-Ebert-Stiftung bekommt, um regelm\u00e4\u00dfig mit seinen Freunden vom \u00d6ffentlich-Rechtlichen Rundfunk zu saufen und die Internationale zu lallen&#8221;.<\/p>\n<p>Auf der Tagesordnung des Bundeskongresses der Generation Deutschland stehen noch Nachwahlen zu einigen vakanten Vorstands\u00e4mtern sowie Satzungs\u00e4nderungen. Vor allem aber geht es um ein Signal vor der Wahl am 6. September. Florian Ru\u00df, Bundesvorstandsmitglied der Generation Deutschland, begr\u00fc\u00dfte die Delegierten in seiner Er\u00f6ffnungsansprache mit den Worten: &#8220;Willkommen im Osten, willkommen in Preu\u00dfen.&#8221; Es sei &#8220;kein Zufall&#8221;, dass der Bundeskongress in Magdeburg stattfinde, sagte Ru\u00df. &#8220;In einer Woche wird hier Geschichte geschrieben.&#8221; AfD-Spitzenkandidat Ulrich Siegmund wird am Nachmittag eine Rede halten.<\/p>\n<p>In j\u00fcngsten Umfragen kommt die AfD auf rund 40 Prozent, sie l\u00e4ge damit klar vor der CDU, die in Sachsen-Anhalt seit 24 Jahren den Ministerpr\u00e4sidenten stellt.\u00a0Die Generation Deutschland war im vergangenen November gegr\u00fcndet worden.<\/p>\n<p>Sie ist die Nachfolgerin der AfD-Jugendorganisation Junge Alternative (JA). Diese war einige Monate zuvor aufgel\u00f6st worden, nachdem sie vom Bundesamt f\u00fcr Verfassungsschutz (BfV) als gesichert rechtsextremistisch eingestuft worden war.<\/p>\n<p><strong>Mehr zum Thema<\/strong>\u00a0\u2013\u00a0<a rel=\"nofollow\" target=\"_blank\" href=\"https:\/\/de-rtnews.com\/inland\/289404-neuer-rekord-afd-in-umfrage-bei-27-5-prozent-denkzettel-fuer-union\/\">Neuer Rekord: AfD in Umfrage bei 27,5\u00a0Prozent\u00a0\u2013 Denkzettel f\u00fcr Union<\/a><\/p>\n<\/div>\n<p><br \/>\n<br \/><a href=\"https:\/\/de.rt.com\/inland\/290083-remigrationsforderung-afd-jugend-in-magdeburg\/\">Source link <\/a><\/p>\n","protected":false},"excerpt":{"rendered":"<p>&#8220;Millionen sind gegen unseren Willen in dieses Land gekommen&#8221; sagt Jean-Pascal Hohm von der AfD-Jugend bei deren Treffen in Sachsen-Anhalt. Die Generation Deutschland war im vergangenen November gegr\u00fcndet worden. Sie ist die Nachfolgerin der AfD-Jugendorganisation Junge Alternative (JA). Der Vorsitzende der AfD-Nachwuchsorganisation Generation Deutschland (GD) hat auf dem Bundeskongress in Magdeburg\u00a0die R\u00fcckf\u00fchrung von Zugewanderten gefordert. [&hellip;]<\/p>\n","protected":false},"author":3,"featured_media":109584,"comment_status":"open","ping_status":"open","sticky":false,"template":"","format":"standard","meta":{"wp_automatic_camp":["217"],"d67b58769dba06247ed636ad28261147":["Remigrationsforderung der AfD-Jugend in Magdeburg: Deutschland muss &quot;Land der Deutschen bleiben&quot;"],"original_link":["https:\/\/de.rt.com\/inland\/290083-remigrationsforderung-afd-jugend-in-magdeburg\/"],"_thumbnail_id":["109584"],"_wptgpro_p2tg_sent2tg":["a:1:{i:23737;s:19:\"2026-08-29 19:51:28\";}"],"jnews_social_counter_last_update":["1788126149"]},"categories":[19,23],"tags":[43516,14969,82,577,179,40441,534,47466,75878],"class_list":["post-109583","post","type-post","status-publish","format-standard","has-post-thumbnail","hentry","category-deutschland","category-russland","tag-afdjugend","tag-bleibenquot","tag-der","tag-deutschen","tag-deutschland","tag-magdeburg","tag-muss","tag-quotland","tag-remigrationsforderung"],"yoast_head":"<!-- This site is optimized with the Yoast SEO Premium plugin v22.7 (Yoast SEO v28.2) - https:\/\/yoast.com\/product\/yoast-seo-premium-wordpress\/ -->\n<title>Remigrationsforderung der AfD-Jugend in Magdeburg: Deutschland muss &quot;Land der Deutschen bleiben&quot; - just-now.NEWS Deutschland<\/title>\n<meta name=\"robots\" content=\"index, follow, max-snippet:-1, max-image-preview:large, max-video-preview:-1\" \/>\n<link rel=\"canonical\" href=\"https:\/\/now-news.de\/de\/deutschland\/remigrationsforderung-der-afd-jugend-in-magdeburg-deutschland-muss-land-der-deutschen-bleiben\/\" \/>\n<meta property=\"og:locale\" content=\"de_DE\" \/>\n<meta property=\"og:type\" content=\"article\" \/>\n<meta property=\"og:title\" content=\"Remigrationsforderung der AfD-Jugend in Magdeburg: Deutschland muss &quot;Land der Deutschen bleiben&quot;\" \/>\n<meta property=\"og:description\" content=\"&#8220;Millionen sind gegen unseren Willen in dieses Land gekommen&#8221; sagt Jean-Pascal Hohm von der AfD-Jugend bei deren Treffen in Sachsen-Anhalt. Die Generation Deutschland war im vergangenen November gegr\u00fcndet worden. Sie ist die Nachfolgerin der AfD-Jugendorganisation Junge Alternative (JA). Der Vorsitzende der AfD-Nachwuchsorganisation Generation Deutschland (GD) hat auf dem Bundeskongress in Magdeburg\u00a0die R\u00fcckf\u00fchrung von Zugewanderten gefordert. [&hellip;]\" \/>\n<meta property=\"og:url\" content=\"https:\/\/now-news.de\/de\/deutschland\/remigrationsforderung-der-afd-jugend-in-magdeburg-deutschland-muss-land-der-deutschen-bleiben\/\" \/>\n<meta property=\"og:site_name\" content=\"just-now.NEWS Deutschland\" \/>\n<meta property=\"article:publisher\" content=\"https:\/\/www.facebook.com\/wirmachenauf\" \/>\n<meta property=\"article:published_time\" content=\"2026-08-29T17:42:29+00:00\" \/>\n<meta property=\"og:image\" content=\"https:\/\/now-news.de\/de\/wp-content\/uploads\/sites\/3\/2026\/08\/6a92f937b480cc487638a079.jpg\" \/>\n<meta name=\"author\" content=\"rtnews\" \/>\n<meta name=\"twitter:card\" content=\"summary_large_image\" \/>\n<meta name=\"twitter:creator\" content=\"@WirMachenAuf_de\" \/>\n<meta name=\"twitter:site\" content=\"@WirMachenAuf_de\" \/>\n<meta name=\"twitter:label1\" content=\"Verfasst von\" \/>\n\t<meta name=\"twitter:data1\" content=\"rtnews\" \/>\n\t<meta name=\"twitter:label2\" content=\"Gesch\u00e4tzte Lesezeit\" \/>\n\t<meta name=\"twitter:data2\" content=\"2\u00a0Minuten\" \/>\n<script type=\"application\/ld+json\" class=\"yoast-schema-graph\">{\"@context\":\"https:\\\/\\\/schema.org\",\"@graph\":[{\"@type\":\"Article\",\"@id\":\"https:\\\/\\\/now-news.de\\\/de\\\/deutschland\\\/remigrationsforderung-der-afd-jugend-in-magdeburg-deutschland-muss-land-der-deutschen-bleiben\\\/#article\",\"isPartOf\":{\"@id\":\"https:\\\/\\\/now-news.de\\\/de\\\/deutschland\\\/remigrationsforderung-der-afd-jugend-in-magdeburg-deutschland-muss-land-der-deutschen-bleiben\\\/\"},\"author\":{\"name\":\"rtnews\",\"@id\":\"https:\\\/\\\/now-news.de\\\/de\\\/#\\\/schema\\\/person\\\/fb534a4e865501d8b3285208df34a9b5\"},\"headline\":\"Remigrationsforderung der AfD-Jugend in Magdeburg: Deutschland muss &quot;Land der Deutschen bleiben&quot;\",\"datePublished\":\"2026-08-29T17:42:29+00:00\",\"mainEntityOfPage\":{\"@id\":\"https:\\\/\\\/now-news.de\\\/de\\\/deutschland\\\/remigrationsforderung-der-afd-jugend-in-magdeburg-deutschland-muss-land-der-deutschen-bleiben\\\/\"},\"wordCount\":492,\"commentCount\":0,\"publisher\":{\"@id\":\"https:\\\/\\\/now-news.de\\\/de\\\/#organization\"},\"image\":{\"@id\":\"https:\\\/\\\/now-news.de\\\/de\\\/deutschland\\\/remigrationsforderung-der-afd-jugend-in-magdeburg-deutschland-muss-land-der-deutschen-bleiben\\\/#primaryimage\"},\"thumbnailUrl\":\"https:\\\/\\\/now-news.de\\\/de\\\/wp-content\\\/uploads\\\/sites\\\/3\\\/2026\\\/08\\\/Remigrationsforderung-der-AfD-Jugend-in-Magdeburg-Deutschland-muss-quotLand-der-Deutschen.jpg\",\"keywords\":[\"AfDJugend\",\"bleibenquot\",\"der\",\"Deutschen\",\"Deutschland\",\"Magdeburg\",\"muss\",\"quotLand\",\"Remigrationsforderung\"],\"articleSection\":[\"Deutschland\",\"Russland\"],\"inLanguage\":\"de\",\"potentialAction\":[{\"@type\":\"CommentAction\",\"name\":\"Comment\",\"target\":[\"https:\\\/\\\/now-news.de\\\/de\\\/deutschland\\\/remigrationsforderung-der-afd-jugend-in-magdeburg-deutschland-muss-land-der-deutschen-bleiben\\\/#respond\"]}]},{\"@type\":\"WebPage\",\"@id\":\"https:\\\/\\\/now-news.de\\\/de\\\/deutschland\\\/remigrationsforderung-der-afd-jugend-in-magdeburg-deutschland-muss-land-der-deutschen-bleiben\\\/\",\"url\":\"https:\\\/\\\/now-news.de\\\/de\\\/deutschland\\\/remigrationsforderung-der-afd-jugend-in-magdeburg-deutschland-muss-land-der-deutschen-bleiben\\\/\",\"name\":\"Remigrationsforderung der AfD-Jugend in Magdeburg: Deutschland muss &quot;Land der Deutschen bleiben&quot; - just-now.NEWS Deutschland\",\"isPartOf\":{\"@id\":\"https:\\\/\\\/now-news.de\\\/de\\\/#website\"},\"primaryImageOfPage\":{\"@id\":\"https:\\\/\\\/now-news.de\\\/de\\\/deutschland\\\/remigrationsforderung-der-afd-jugend-in-magdeburg-deutschland-muss-land-der-deutschen-bleiben\\\/#primaryimage\"},\"image\":{\"@id\":\"https:\\\/\\\/now-news.de\\\/de\\\/deutschland\\\/remigrationsforderung-der-afd-jugend-in-magdeburg-deutschland-muss-land-der-deutschen-bleiben\\\/#primaryimage\"},\"thumbnailUrl\":\"https:\\\/\\\/now-news.de\\\/de\\\/wp-content\\\/uploads\\\/sites\\\/3\\\/2026\\\/08\\\/Remigrationsforderung-der-AfD-Jugend-in-Magdeburg-Deutschland-muss-quotLand-der-Deutschen.jpg\",\"datePublished\":\"2026-08-29T17:42:29+00:00\",\"breadcrumb\":{\"@id\":\"https:\\\/\\\/now-news.de\\\/de\\\/deutschland\\\/remigrationsforderung-der-afd-jugend-in-magdeburg-deutschland-muss-land-der-deutschen-bleiben\\\/#breadcrumb\"},\"inLanguage\":\"de\",\"potentialAction\":[{\"@type\":\"ReadAction\",\"target\":[\"https:\\\/\\\/now-news.de\\\/de\\\/deutschland\\\/remigrationsforderung-der-afd-jugend-in-magdeburg-deutschland-muss-land-der-deutschen-bleiben\\\/\"]}]},{\"@type\":\"ImageObject\",\"inLanguage\":\"de\",\"@id\":\"https:\\\/\\\/now-news.de\\\/de\\\/deutschland\\\/remigrationsforderung-der-afd-jugend-in-magdeburg-deutschland-muss-land-der-deutschen-bleiben\\\/#primaryimage\",\"url\":\"https:\\\/\\\/now-news.de\\\/de\\\/wp-content\\\/uploads\\\/sites\\\/3\\\/2026\\\/08\\\/Remigrationsforderung-der-AfD-Jugend-in-Magdeburg-Deutschland-muss-quotLand-der-Deutschen.jpg\",\"contentUrl\":\"https:\\\/\\\/now-news.de\\\/de\\\/wp-content\\\/uploads\\\/sites\\\/3\\\/2026\\\/08\\\/Remigrationsforderung-der-AfD-Jugend-in-Magdeburg-Deutschland-muss-quotLand-der-Deutschen.jpg\",\"width\":460,\"height\":259,\"caption\":\"Remigrationsforderung der AfD-Jugend in Magdeburg: Deutschland muss &quot;Land der Deutschen bleiben&quot;\"},{\"@type\":\"BreadcrumbList\",\"@id\":\"https:\\\/\\\/now-news.de\\\/de\\\/deutschland\\\/remigrationsforderung-der-afd-jugend-in-magdeburg-deutschland-muss-land-der-deutschen-bleiben\\\/#breadcrumb\",\"itemListElement\":[{\"@type\":\"ListItem\",\"position\":1,\"name\":\"Home\",\"item\":\"https:\\\/\\\/now-news.de\\\/de\\\/\"},{\"@type\":\"ListItem\",\"position\":2,\"name\":\"Remigrationsforderung der AfD-Jugend in Magdeburg: Deutschland muss &quot;Land der Deutschen bleiben&quot;\"}]},{\"@type\":\"WebSite\",\"@id\":\"https:\\\/\\\/now-news.de\\\/de\\\/#website\",\"url\":\"https:\\\/\\\/now-news.de\\\/de\\\/\",\"name\":\"just-now.NEWS Deutschland\",\"description\":\"Das Portal f\u00fcr unzensierte Nachrichten aus der Welt\",\"publisher\":{\"@id\":\"https:\\\/\\\/now-news.de\\\/de\\\/#organization\"},\"potentialAction\":[{\"@type\":\"SearchAction\",\"target\":{\"@type\":\"EntryPoint\",\"urlTemplate\":\"https:\\\/\\\/now-news.de\\\/de\\\/?s={search_term_string}\"},\"query-input\":{\"@type\":\"PropertyValueSpecification\",\"valueRequired\":true,\"valueName\":\"search_term_string\"}}],\"inLanguage\":\"de\"},{\"@type\":\"Organization\",\"@id\":\"https:\\\/\\\/now-news.de\\\/de\\\/#organization\",\"name\":\"Just Now News\",\"url\":\"https:\\\/\\\/now-news.de\\\/de\\\/\",\"logo\":{\"@type\":\"ImageObject\",\"inLanguage\":\"de\",\"@id\":\"https:\\\/\\\/now-news.de\\\/de\\\/#\\\/schema\\\/logo\\\/image\\\/\",\"url\":\"http:\\\/\\\/just-now.news\\\/de\\\/wp-content\\\/uploads\\\/sites\\\/3\\\/2022\\\/04\\\/logo500x500.jpg\",\"contentUrl\":\"http:\\\/\\\/just-now.news\\\/de\\\/wp-content\\\/uploads\\\/sites\\\/3\\\/2022\\\/04\\\/logo500x500.jpg\",\"width\":500,\"height\":500,\"caption\":\"Just Now News\"},\"image\":{\"@id\":\"https:\\\/\\\/now-news.de\\\/de\\\/#\\\/schema\\\/logo\\\/image\\\/\"},\"sameAs\":[\"https:\\\/\\\/www.facebook.com\\\/wirmachenauf\",\"https:\\\/\\\/x.com\\\/WirMachenAuf_de\"]},{\"@type\":\"Person\",\"@id\":\"https:\\\/\\\/now-news.de\\\/de\\\/#\\\/schema\\\/person\\\/fb534a4e865501d8b3285208df34a9b5\",\"name\":\"rtnews\",\"image\":{\"@type\":\"ImageObject\",\"inLanguage\":\"de\",\"@id\":\"https:\\\/\\\/secure.gravatar.com\\\/avatar\\\/358fe31b3ab5769fea05376e1953329834cd9912cf9daf607e2af3076a1b982b?s=96&d=mm&r=g\",\"url\":\"https:\\\/\\\/secure.gravatar.com\\\/avatar\\\/358fe31b3ab5769fea05376e1953329834cd9912cf9daf607e2af3076a1b982b?s=96&d=mm&r=g\",\"contentUrl\":\"https:\\\/\\\/secure.gravatar.com\\\/avatar\\\/358fe31b3ab5769fea05376e1953329834cd9912cf9daf607e2af3076a1b982b?s=96&d=mm&r=g\",\"caption\":\"rtnews\"},\"url\":\"https:\\\/\\\/now-news.de\\\/de\\\/author\\\/rnews\\\/\"}]}<\/script>\n<!-- \/ Yoast SEO Premium plugin. -->","yoast_head_json":{"title":"Remigrationsforderung der AfD-Jugend in Magdeburg: Deutschland muss &quot;Land der Deutschen bleiben&quot; - just-now.NEWS Deutschland","robots":{"index":"index","follow":"follow","max-snippet":"max-snippet:-1","max-image-preview":"max-image-preview:large","max-video-preview":"max-video-preview:-1"},"canonical":"https:\/\/now-news.de\/de\/deutschland\/remigrationsforderung-der-afd-jugend-in-magdeburg-deutschland-muss-land-der-deutschen-bleiben\/","og_locale":"de_DE","og_type":"article","og_title":"Remigrationsforderung der AfD-Jugend in Magdeburg: Deutschland muss &quot;Land der Deutschen bleiben&quot;","og_description":"&#8220;Millionen sind gegen unseren Willen in dieses Land gekommen&#8221; sagt Jean-Pascal Hohm von der AfD-Jugend bei deren Treffen in Sachsen-Anhalt. Die Generation Deutschland war im vergangenen November gegr\u00fcndet worden. Sie ist die Nachfolgerin der AfD-Jugendorganisation Junge Alternative (JA). Der Vorsitzende der AfD-Nachwuchsorganisation Generation Deutschland (GD) hat auf dem Bundeskongress in Magdeburg\u00a0die R\u00fcckf\u00fchrung von Zugewanderten gefordert. [&hellip;]","og_url":"https:\/\/now-news.de\/de\/deutschland\/remigrationsforderung-der-afd-jugend-in-magdeburg-deutschland-muss-land-der-deutschen-bleiben\/","og_site_name":"just-now.NEWS Deutschland","article_publisher":"https:\/\/www.facebook.com\/wirmachenauf","article_published_time":"2026-08-29T17:42:29+00:00","og_image":[{"url":"https:\/\/now-news.de\/de\/wp-content\/uploads\/sites\/3\/2026\/08\/6a92f937b480cc487638a079.jpg","type":"","width":"","height":""}],"author":"rtnews","twitter_card":"summary_large_image","twitter_creator":"@WirMachenAuf_de","twitter_site":"@WirMachenAuf_de","twitter_misc":{"Verfasst von":"rtnews","Gesch\u00e4tzte Lesezeit":"2\u00a0Minuten"},"schema":{"@context":"https:\/\/schema.org","@graph":[{"@type":"Article","@id":"https:\/\/now-news.de\/de\/deutschland\/remigrationsforderung-der-afd-jugend-in-magdeburg-deutschland-muss-land-der-deutschen-bleiben\/#article","isPartOf":{"@id":"https:\/\/now-news.de\/de\/deutschland\/remigrationsforderung-der-afd-jugend-in-magdeburg-deutschland-muss-land-der-deutschen-bleiben\/"},"author":{"name":"rtnews","@id":"https:\/\/now-news.de\/de\/#\/schema\/person\/fb534a4e865501d8b3285208df34a9b5"},"headline":"Remigrationsforderung der AfD-Jugend in Magdeburg: Deutschland muss &quot;Land der Deutschen bleiben&quot;","datePublished":"2026-08-29T17:42:29+00:00","mainEntityOfPage":{"@id":"https:\/\/now-news.de\/de\/deutschland\/remigrationsforderung-der-afd-jugend-in-magdeburg-deutschland-muss-land-der-deutschen-bleiben\/"},"wordCount":492,"commentCount":0,"publisher":{"@id":"https:\/\/now-news.de\/de\/#organization"},"image":{"@id":"https:\/\/now-news.de\/de\/deutschland\/remigrationsforderung-der-afd-jugend-in-magdeburg-deutschland-muss-land-der-deutschen-bleiben\/#primaryimage"},"thumbnailUrl":"https:\/\/now-news.de\/de\/wp-content\/uploads\/sites\/3\/2026\/08\/Remigrationsforderung-der-AfD-Jugend-in-Magdeburg-Deutschland-muss-quotLand-der-Deutschen.jpg","keywords":["AfDJugend","bleibenquot","der","Deutschen","Deutschland","Magdeburg","muss","quotLand","Remigrationsforderung"],"articleSection":["Deutschland","Russland"],"inLanguage":"de","potentialAction":[{"@type":"CommentAction","name":"Comment","target":["https:\/\/now-news.de\/de\/deutschland\/remigrationsforderung-der-afd-jugend-in-magdeburg-deutschland-muss-land-der-deutschen-bleiben\/#respond"]}]},{"@type":"WebPage","@id":"https:\/\/now-news.de\/de\/deutschland\/remigrationsforderung-der-afd-jugend-in-magdeburg-deutschland-muss-land-der-deutschen-bleiben\/","url":"https:\/\/now-news.de\/de\/deutschland\/remigrationsforderung-der-afd-jugend-in-magdeburg-deutschland-muss-land-der-deutschen-bleiben\/","name":"Remigrationsforderung der AfD-Jugend in Magdeburg: Deutschland muss &quot;Land der Deutschen bleiben&quot; - just-now.NEWS Deutschland","isPartOf":{"@id":"https:\/\/now-news.de\/de\/#website"},"primaryImageOfPage":{"@id":"https:\/\/now-news.de\/de\/deutschland\/remigrationsforderung-der-afd-jugend-in-magdeburg-deutschland-muss-land-der-deutschen-bleiben\/#primaryimage"},"image":{"@id":"https:\/\/now-news.de\/de\/deutschland\/remigrationsforderung-der-afd-jugend-in-magdeburg-deutschland-muss-land-der-deutschen-bleiben\/#primaryimage"},"thumbnailUrl":"https:\/\/now-news.de\/de\/wp-content\/uploads\/sites\/3\/2026\/08\/Remigrationsforderung-der-AfD-Jugend-in-Magdeburg-Deutschland-muss-quotLand-der-Deutschen.jpg","datePublished":"2026-08-29T17:42:29+00:00","breadcrumb":{"@id":"https:\/\/now-news.de\/de\/deutschland\/remigrationsforderung-der-afd-jugend-in-magdeburg-deutschland-muss-land-der-deutschen-bleiben\/#breadcrumb"},"inLanguage":"de","potentialAction":[{"@type":"ReadAction","target":["https:\/\/now-news.de\/de\/deutschland\/remigrationsforderung-der-afd-jugend-in-magdeburg-deutschland-muss-land-der-deutschen-bleiben\/"]}]},{"@type":"ImageObject","inLanguage":"de","@id":"https:\/\/now-news.de\/de\/deutschland\/remigrationsforderung-der-afd-jugend-in-magdeburg-deutschland-muss-land-der-deutschen-bleiben\/#primaryimage","url":"https:\/\/now-news.de\/de\/wp-content\/uploads\/sites\/3\/2026\/08\/Remigrationsforderung-der-AfD-Jugend-in-Magdeburg-Deutschland-muss-quotLand-der-Deutschen.jpg","contentUrl":"https:\/\/now-news.de\/de\/wp-content\/uploads\/sites\/3\/2026\/08\/Remigrationsforderung-der-AfD-Jugend-in-Magdeburg-Deutschland-muss-quotLand-der-Deutschen.jpg","width":460,"height":259,"caption":"Remigrationsforderung der AfD-Jugend in Magdeburg: Deutschland muss &quot;Land der Deutschen bleiben&quot;"},{"@type":"BreadcrumbList","@id":"https:\/\/now-news.de\/de\/deutschland\/remigrationsforderung-der-afd-jugend-in-magdeburg-deutschland-muss-land-der-deutschen-bleiben\/#breadcrumb","itemListElement":[{"@type":"ListItem","position":1,"name":"Home","item":"https:\/\/now-news.de\/de\/"},{"@type":"ListItem","position":2,"name":"Remigrationsforderung der AfD-Jugend in Magdeburg: Deutschland muss &quot;Land der Deutschen bleiben&quot;"}]},{"@type":"WebSite","@id":"https:\/\/now-news.de\/de\/#website","url":"https:\/\/now-news.de\/de\/","name":"just-now.NEWS Deutschland","description":"Das Portal f\u00fcr unzensierte Nachrichten aus der Welt","publisher":{"@id":"https:\/\/now-news.de\/de\/#organization"},"potentialAction":[{"@type":"SearchAction","target":{"@type":"EntryPoint","urlTemplate":"https:\/\/now-news.de\/de\/?s={search_term_string}"},"query-input":{"@type":"PropertyValueSpecification","valueRequired":true,"valueName":"search_term_string"}}],"inLanguage":"de"},{"@type":"Organization","@id":"https:\/\/now-news.de\/de\/#organization","name":"Just Now News","url":"https:\/\/now-news.de\/de\/","logo":{"@type":"ImageObject","inLanguage":"de","@id":"https:\/\/now-news.de\/de\/#\/schema\/logo\/image\/","url":"http:\/\/just-now.news\/de\/wp-content\/uploads\/sites\/3\/2022\/04\/logo500x500.jpg","contentUrl":"http:\/\/just-now.news\/de\/wp-content\/uploads\/sites\/3\/2022\/04\/logo500x500.jpg","width":500,"height":500,"caption":"Just Now News"},"image":{"@id":"https:\/\/now-news.de\/de\/#\/schema\/logo\/image\/"},"sameAs":["https:\/\/www.facebook.com\/wirmachenauf","https:\/\/x.com\/WirMachenAuf_de"]},{"@type":"Person","@id":"https:\/\/now-news.de\/de\/#\/schema\/person\/fb534a4e865501d8b3285208df34a9b5","name":"rtnews","image":{"@type":"ImageObject","inLanguage":"de","@id":"https:\/\/secure.gravatar.com\/avatar\/358fe31b3ab5769fea05376e1953329834cd9912cf9daf607e2af3076a1b982b?s=96&d=mm&r=g","url":"https:\/\/secure.gravatar.com\/avatar\/358fe31b3ab5769fea05376e1953329834cd9912cf9daf607e2af3076a1b982b?s=96&d=mm&r=g","contentUrl":"https:\/\/secure.gravatar.com\/avatar\/358fe31b3ab5769fea05376e1953329834cd9912cf9daf607e2af3076a1b982b?s=96&d=mm&r=g","caption":"rtnews"},"url":"https:\/\/now-news.de\/de\/author\/rnews\/"}]}},"_links":{"self":[{"href":"https:\/\/now-news.de\/de\/wp-json\/wp\/v2\/posts\/109583","targetHints":{"allow":["GET"]}}],"collection":[{"href":"https:\/\/now-news.de\/de\/wp-json\/wp\/v2\/posts"}],"about":[{"href":"https:\/\/now-news.de\/de\/wp-json\/wp\/v2\/types\/post"}],"author":[{"embeddable":true,"href":"https:\/\/now-news.de\/de\/wp-json\/wp\/v2\/users\/3"}],"replies":[{"embeddable":true,"href":"https:\/\/now-news.de\/de\/wp-json\/wp\/v2\/comments?post=109583"}],"version-history":[{"count":0,"href":"https:\/\/now-news.de\/de\/wp-json\/wp\/v2\/posts\/109583\/revisions"}],"wp:featuredmedia":[{"embeddable":true,"href":"https:\/\/now-news.de\/de\/wp-json\/wp\/v2\/media\/109584"}],"wp:attachment":[{"href":"https:\/\/now-news.de\/de\/wp-json\/wp\/v2\/media?parent=109583"}],"wp:term":[{"taxonomy":"category","embeddable":true,"href":"https:\/\/now-news.de\/de\/wp-json\/wp\/v2\/categories?post=109583"},{"taxonomy":"post_tag","embeddable":true,"href":"https:\/\/now-news.de\/de\/wp-json\/wp\/v2\/tags?post=109583"}],"curies":[{"name":"wp","href":"https:\/\/api.w.org\/{rel}","templated":true}]}}