{"id":10903,"date":"2022-06-15T12:28:07","date_gmt":"2022-06-15T10:28:07","guid":{"rendered":"http:\/\/just-now.news\/de\/deutschland\/talfahrt-am-aktien-und-anleihemarkt-ezb-trifft-sich-zu-krisensitzung\/"},"modified":"2022-06-15T12:28:07","modified_gmt":"2022-06-15T10:28:07","slug":"talfahrt-am-aktien-und-anleihemarkt-ezb-trifft-sich-zu-krisensitzung","status":"publish","type":"post","link":"https:\/\/now-news.de\/de\/deutschland\/talfahrt-am-aktien-und-anleihemarkt-ezb-trifft-sich-zu-krisensitzung\/","title":{"rendered":"Talfahrt am Aktien- und Anleihemarkt: EZB trifft sich zu Krisensitzung"},"content":{"rendered":"<p><img decoding=\"async\" src=\"http:\/\/just-now.news\/de\/wp-content\/uploads\/sites\/3\/2022\/06\/62a9aef1b480cc27b851bd03.jpg\" \/><\/p>\n<p>Die Geldpolitiker der Europ\u00e4ischen Zentralbank\u00a0(EZB) haben angesichts der Unruhen an den Finanzm\u00e4rkten \u00fcberraschend eine au\u00dferordentliche Ratssitzung einberufen. &#8220;Der\u00a0EZB-Rat wird am Mittwoch eine Ad-hoc-Sitzung abhalten, um die aktuellen Marktbedingungen zu diskutieren&#8221;, erkl\u00e4rte ein Sprecher der Zentralbank am Mittwochmorgen. Nach Angaben mehrer Insider laufe die Sitzung demnach bereits seit 11.00 Uhr. Es sei allerdings noch nicht klar, ob im Anschluss eine Mitteilung ver\u00f6ffentlicht werde.<\/p>\n<p>Obwohl die EZB keine Angaben zur Tagesordnung machte, hat die Nachricht bereits jetzt schon Auswirkungen auf die Finanzm\u00e4rkte. So legte der Euro nach bekanntwerden um 0,7 Prozent auf 1,049 US-Dollar zu. Der Dax stieg um bis zu 1,3 Prozent auf 13.481 Punkte an. Die Rendite der zehnj\u00e4hrigen italienischen Staatsanleihen fiel im Gegenzug allerdings um fast 30 Basispunkte auf 3,87 Prozent.<\/p>\n<p>Vergangene Woche hatte die EZB auf ihrer j\u00fcngsten Sitzung eine Reihe von Zinserh\u00f6hungen angek\u00fcndigt, was dazu f\u00fchrte, dass der Renditeabstand (Spread) zwischen den Staatsanleihen Deutschlands und denen h\u00f6her verschuldeter s\u00fcdlicher Euro-L\u00e4nder, insbesondere Italien, auf den h\u00f6chsten Stand seit \u00fcber zwei Jahren stieg.\u00a0Das brachte die EZB in eine Zwickm\u00fchle. Auf der einen Seite muss sie die Inflation bek\u00e4mpfen. Auf der anderen Seite zeitgleich aber auch schauen, welche Zinsatzh\u00f6he sie hoch verschuldeten Euro-Staaten wie etwa\u00a0 Italien oder Griechenland zumuten kann.<\/p>\n<p>Bereits in den vergangenen Tagen hatte sich die Aktienmarktstimmung deutlich verschlechtert, da die Zinsen an den Kapitalm\u00e4rkten aufgrund der zuvor angek\u00fcndigten strafferen Geldpolitik der US-Notenbank Fed sowie der verk\u00fcndeten Zinsanhebung der EZB stark gestiegen waren. Das zeigte sich zuletzt besonders deutlich in s\u00fcdeurop\u00e4ischen L\u00e4ndern und l\u00f6ste eine\u00a0Verkaufswelle an den Aktien- und Anleihem\u00e4rkten aus.\u00a0Die Ank\u00fcndigung der EZB, ihre Neuk\u00e4ufe von Staatsanleihen bereits schon Anfang Juli einzustellen, feuerte die derzeitige Entwicklung Analysten zufolge zus\u00e4tzlich an.\u00a0<\/p>\n<p>Vor diesem Hintergrund hatte EZB-Direktorin Isabel Schnabel vor wenigen Tagen erkl\u00e4rt, dass die Zentralbank gegen die Ausweitung der Spreads vorgehen wolle. Man beobachte die Entwicklung am Anleihemarkt genau und werde bei einem ungeordneten Anstieg der Finanzierungskosten st\u00e4rker verschuldeter Euro-L\u00e4nder einschreiten, so Schnabel. Das Engagement f\u00fcr den Euro sei das Werkzeug der Notenbank gegen eine solche Fragmentierung, erkl\u00e4rte die Direktorin weiter und betonte:<\/p>\n<blockquote>\n<p>&#8220;<em>Dieses Engagement kennt keine Grenzen.&#8221;<\/em><\/p>\n<\/blockquote>\n<p>Auf neue Notf\u00e4lle k\u00f6nne die EZB mit bestehenden oder auch neuen Instrumenten reagieren, so Schnabel. &#8220;Diese Instrumente k\u00f6nnten wieder anders aussehen, mit anderen Bedingungen, anderer Dauer und anderen Schutzma\u00dfnahmen, damit wir fest im Rahmen unseres Mandats bleiben.&#8221; Als Beispiele verwies sie auf das Pandemie-Notkaufprogramm der EZB sowie das Konzept der Outright Monetary Transactions. Diese hatte zuletzt der ehemalige Pr\u00e4sident Mario Draghi in den Raum gestellt, der im Rahmen der Eurokrise 2012 angek\u00fcndigt hatte, &#8220;alles Notwendige zu tun, um den Euro zu erhalten&#8221;.\u00a0<\/p>\n<p>Allerdings deutete Schnabel vage an, dass ein neues &#8220;Instrument&#8221; nicht ganz ohne Auflagen daherkommen k\u00f6nne.\u00a0Ein erstes Gegenmittel, um die Renditeabst\u00e4nde einzud\u00e4mmen, sei der EZB-Direktorin zufolge die flexible Wiederanlage der Gelder aus abgelaufenen Anleihen im Rahmen des billionenschweren Bond-Kaufprogramms PEPP.<\/p>\n<p>Die geplanten Rettungsprogramme der EZB \u00fcberzeugen jedoch nicht jeden. Investoren, die sich an gro\u00dfformatige Marktinterventionen der EZB gew\u00f6hnt haben, sind demnach noch nicht davon \u00fcberzeugt, dass die Notenbank die Fremdkapitalkosten anheben und gleichzeitig die Anleiherenditen der am st\u00e4rksten gef\u00e4hrdeten Mitglieder der Region in Schach halten kann. Insbesondere die hohe Inflation von derzeit mehr als 8 Prozent sowie die Folgen der Coronapandemie seien ein Problem.\u00a0<\/p>\n<p>&#8220;Die Aktienm\u00e4rkte \u00e4chzen unter den Inflationssorgen, ebenso unter Lieferkettenproblemen und schwindender Konjunkturzuversicht&#8221;, erkl\u00e4rte Ulrich Kater, Chefvolkswirt der Sparkassen-Wertpapiertochter Dekabank dem <em>Handelsblatt<\/em>. An den Rentenm\u00e4rkten h\u00e4tten kr\u00e4ftig angesprungene Inflationserwartungen auf die Kurse gedr\u00fcckt und die Renditen &#8220;dramatisch nach oben gezogen&#8221;. Entspannung an den Finanzm\u00e4rkten sei somit vorerst nicht in Sicht.\u00a0<\/p>\n<p><strong>Mehr zum Thema &#8211;<\/strong>\u00a0<a rel=\"nofollow noopener\" target=\"_blank\" href=\"https:\/\/test.rtde.tech\/kurzclips\/video\/140778-zinswende-im-euroraum-keine-hoffnung\/\">Zinswende im Euroraum \u2013 Keine Hoffnung auf einen schnellen R\u00fcckgang der Inflation<\/a><\/p>\n<p><br \/>\n<br \/><a href=\"https:\/\/de.rt.com\/wirtschaft\/141093-talfahrt-am-aktien-und-anleihemarkt\/\">Source link <\/a><\/p>\n","protected":false},"excerpt":{"rendered":"<p>Die Geldpolitiker der Europ\u00e4ischen Zentralbank\u00a0(EZB) haben angesichts der Unruhen an den Finanzm\u00e4rkten \u00fcberraschend eine au\u00dferordentliche Ratssitzung einberufen. &#8220;Der\u00a0EZB-Rat wird am Mittwoch eine Ad-hoc-Sitzung abhalten, um die aktuellen Marktbedingungen zu diskutieren&#8221;, erkl\u00e4rte ein Sprecher der Zentralbank am Mittwochmorgen. Nach Angaben mehrer Insider laufe die Sitzung demnach bereits seit 11.00 Uhr. Es sei allerdings noch nicht klar, [&hellip;]<\/p>\n","protected":false},"author":3,"featured_media":10904,"comment_status":"open","ping_status":"open","sticky":false,"template":"","format":"standard","meta":{"wp_automatic_camp":["217"],"2d6da4a55b7d11456869fa78012a0a28":["Talfahrt am Aktien- und Anleihemarkt: EZB trifft sich zu Krisensitzung"],"original_link":["https:\/\/de.rt.com\/wirtschaft\/141093-talfahrt-am-aktien-und-anleihemarkt\/"],"_thumbnail_id":["10904"],"_wptg_p2tg_sent2tg":["2022-06-15 13:52:48"],"jnews_social_counter_last_update":["1777191819"]},"categories":[19,23],"tags":[200,24549,1082,24550,434,23750,13790,140],"yoast_head":"<!-- This site is optimized with the Yoast SEO Premium plugin v22.7 (Yoast SEO v22.7) - https:\/\/yoast.com\/wordpress\/plugins\/seo\/ -->\n<title>Talfahrt am Aktien- und Anleihemarkt: EZB trifft sich zu Krisensitzung - just-now.NEWS Deutschland<\/title>\n<meta name=\"robots\" content=\"index, follow, max-snippet:-1, max-image-preview:large, max-video-preview:-1\" \/>\n<link rel=\"canonical\" href=\"https:\/\/now-news.de\/de\/deutschland\/talfahrt-am-aktien-und-anleihemarkt-ezb-trifft-sich-zu-krisensitzung\/\" \/>\n<meta property=\"og:locale\" content=\"de_DE\" \/>\n<meta property=\"og:type\" content=\"article\" \/>\n<meta property=\"og:title\" content=\"Talfahrt am Aktien- und Anleihemarkt: EZB trifft sich zu Krisensitzung\" \/>\n<meta property=\"og:description\" content=\"Die Geldpolitiker der Europ\u00e4ischen Zentralbank\u00a0(EZB) haben angesichts der Unruhen an den Finanzm\u00e4rkten \u00fcberraschend eine au\u00dferordentliche Ratssitzung einberufen. &#8220;Der\u00a0EZB-Rat wird am Mittwoch eine Ad-hoc-Sitzung abhalten, um die aktuellen Marktbedingungen zu diskutieren&#8221;, erkl\u00e4rte ein Sprecher der Zentralbank am Mittwochmorgen. Nach Angaben mehrer Insider laufe die Sitzung demnach bereits seit 11.00 Uhr. Es sei allerdings noch nicht klar, [&hellip;]\" \/>\n<meta property=\"og:url\" content=\"https:\/\/now-news.de\/de\/deutschland\/talfahrt-am-aktien-und-anleihemarkt-ezb-trifft-sich-zu-krisensitzung\/\" \/>\n<meta property=\"og:site_name\" content=\"just-now.NEWS Deutschland\" \/>\n<meta property=\"article:publisher\" content=\"https:\/\/www.facebook.com\/wirmachenauf\" \/>\n<meta property=\"article:published_time\" content=\"2022-06-15T10:28:07+00:00\" \/>\n<meta property=\"og:image\" content=\"https:\/\/now-news.de\/de\/wp-content\/uploads\/sites\/3\/2022\/06\/Talfahrt-am-Aktien-und-Anleihemarkt-EZB-trifft-sich-zu-Krisensitzung.jpg\" \/>\n\t<meta property=\"og:image:width\" content=\"460\" \/>\n\t<meta property=\"og:image:height\" content=\"259\" \/>\n\t<meta property=\"og:image:type\" content=\"image\/jpeg\" \/>\n<meta name=\"author\" content=\"rtnews\" \/>\n<meta name=\"twitter:card\" content=\"summary_large_image\" \/>\n<meta name=\"twitter:creator\" content=\"@WirMachenAuf_de\" \/>\n<meta name=\"twitter:site\" content=\"@WirMachenAuf_de\" \/>\n<meta name=\"twitter:label1\" content=\"Verfasst von\" \/>\n\t<meta name=\"twitter:data1\" content=\"rtnews\" \/>\n\t<meta name=\"twitter:label2\" content=\"Gesch\u00e4tzte Lesezeit\" \/>\n\t<meta name=\"twitter:data2\" content=\"3\u00a0Minuten\" \/>\n<script type=\"application\/ld+json\" class=\"yoast-schema-graph\">{\"@context\":\"https:\/\/schema.org\",\"@graph\":[{\"@type\":\"Article\",\"@id\":\"https:\/\/now-news.de\/de\/deutschland\/talfahrt-am-aktien-und-anleihemarkt-ezb-trifft-sich-zu-krisensitzung\/#article\",\"isPartOf\":{\"@id\":\"https:\/\/now-news.de\/de\/deutschland\/talfahrt-am-aktien-und-anleihemarkt-ezb-trifft-sich-zu-krisensitzung\/\"},\"author\":{\"name\":\"rtnews\",\"@id\":\"https:\/\/now-news.de\/de\/#\/schema\/person\/fb534a4e865501d8b3285208df34a9b5\"},\"headline\":\"Talfahrt am Aktien- und Anleihemarkt: EZB trifft sich zu Krisensitzung\",\"datePublished\":\"2022-06-15T10:28:07+00:00\",\"dateModified\":\"2022-06-15T10:28:07+00:00\",\"mainEntityOfPage\":{\"@id\":\"https:\/\/now-news.de\/de\/deutschland\/talfahrt-am-aktien-und-anleihemarkt-ezb-trifft-sich-zu-krisensitzung\/\"},\"wordCount\":654,\"commentCount\":0,\"publisher\":{\"@id\":\"https:\/\/now-news.de\/de\/#organization\"},\"image\":{\"@id\":\"https:\/\/now-news.de\/de\/deutschland\/talfahrt-am-aktien-und-anleihemarkt-ezb-trifft-sich-zu-krisensitzung\/#primaryimage\"},\"thumbnailUrl\":\"https:\/\/now-news.de\/de\/wp-content\/uploads\/sites\/3\/2022\/06\/Talfahrt-am-Aktien-und-Anleihemarkt-EZB-trifft-sich-zu-Krisensitzung.jpg\",\"keywords\":[\"Aktien\",\"Anleihemarkt\",\"EZB\",\"Krisensitzung\",\"sich\",\"Talfahrt\",\"trifft\",\"und\"],\"articleSection\":[\"Deutschland\",\"Russland\"],\"inLanguage\":\"de\",\"potentialAction\":[{\"@type\":\"CommentAction\",\"name\":\"Comment\",\"target\":[\"https:\/\/now-news.de\/de\/deutschland\/talfahrt-am-aktien-und-anleihemarkt-ezb-trifft-sich-zu-krisensitzung\/#respond\"]}]},{\"@type\":\"WebPage\",\"@id\":\"https:\/\/now-news.de\/de\/deutschland\/talfahrt-am-aktien-und-anleihemarkt-ezb-trifft-sich-zu-krisensitzung\/\",\"url\":\"https:\/\/now-news.de\/de\/deutschland\/talfahrt-am-aktien-und-anleihemarkt-ezb-trifft-sich-zu-krisensitzung\/\",\"name\":\"Talfahrt am Aktien- und Anleihemarkt: EZB trifft sich zu Krisensitzung - just-now.NEWS Deutschland\",\"isPartOf\":{\"@id\":\"https:\/\/now-news.de\/de\/#website\"},\"primaryImageOfPage\":{\"@id\":\"https:\/\/now-news.de\/de\/deutschland\/talfahrt-am-aktien-und-anleihemarkt-ezb-trifft-sich-zu-krisensitzung\/#primaryimage\"},\"image\":{\"@id\":\"https:\/\/now-news.de\/de\/deutschland\/talfahrt-am-aktien-und-anleihemarkt-ezb-trifft-sich-zu-krisensitzung\/#primaryimage\"},\"thumbnailUrl\":\"https:\/\/now-news.de\/de\/wp-content\/uploads\/sites\/3\/2022\/06\/Talfahrt-am-Aktien-und-Anleihemarkt-EZB-trifft-sich-zu-Krisensitzung.jpg\",\"datePublished\":\"2022-06-15T10:28:07+00:00\",\"dateModified\":\"2022-06-15T10:28:07+00:00\",\"breadcrumb\":{\"@id\":\"https:\/\/now-news.de\/de\/deutschland\/talfahrt-am-aktien-und-anleihemarkt-ezb-trifft-sich-zu-krisensitzung\/#breadcrumb\"},\"inLanguage\":\"de\",\"potentialAction\":[{\"@type\":\"ReadAction\",\"target\":[\"https:\/\/now-news.de\/de\/deutschland\/talfahrt-am-aktien-und-anleihemarkt-ezb-trifft-sich-zu-krisensitzung\/\"]}]},{\"@type\":\"ImageObject\",\"inLanguage\":\"de\",\"@id\":\"https:\/\/now-news.de\/de\/deutschland\/talfahrt-am-aktien-und-anleihemarkt-ezb-trifft-sich-zu-krisensitzung\/#primaryimage\",\"url\":\"https:\/\/now-news.de\/de\/wp-content\/uploads\/sites\/3\/2022\/06\/Talfahrt-am-Aktien-und-Anleihemarkt-EZB-trifft-sich-zu-Krisensitzung.jpg\",\"contentUrl\":\"https:\/\/now-news.de\/de\/wp-content\/uploads\/sites\/3\/2022\/06\/Talfahrt-am-Aktien-und-Anleihemarkt-EZB-trifft-sich-zu-Krisensitzung.jpg\",\"width\":460,\"height\":259,\"caption\":\"Talfahrt am Aktien- und Anleihemarkt: EZB trifft sich zu Krisensitzung\"},{\"@type\":\"BreadcrumbList\",\"@id\":\"https:\/\/now-news.de\/de\/deutschland\/talfahrt-am-aktien-und-anleihemarkt-ezb-trifft-sich-zu-krisensitzung\/#breadcrumb\",\"itemListElement\":[{\"@type\":\"ListItem\",\"position\":1,\"name\":\"Home\",\"item\":\"https:\/\/now-news.de\/de\/\"},{\"@type\":\"ListItem\",\"position\":2,\"name\":\"Talfahrt am Aktien- und Anleihemarkt: EZB trifft sich zu Krisensitzung\"}]},{\"@type\":\"WebSite\",\"@id\":\"https:\/\/now-news.de\/de\/#website\",\"url\":\"https:\/\/now-news.de\/de\/\",\"name\":\"just-now.NEWS Deutschland\",\"description\":\"Das Portal f\u00fcr unzensierte Nachrichten aus der Welt\",\"publisher\":{\"@id\":\"https:\/\/now-news.de\/de\/#organization\"},\"potentialAction\":[{\"@type\":\"SearchAction\",\"target\":{\"@type\":\"EntryPoint\",\"urlTemplate\":\"https:\/\/now-news.de\/de\/?s={search_term_string}\"},\"query-input\":\"required name=search_term_string\"}],\"inLanguage\":\"de\"},{\"@type\":\"Organization\",\"@id\":\"https:\/\/now-news.de\/de\/#organization\",\"name\":\"Just Now News\",\"url\":\"https:\/\/now-news.de\/de\/\",\"logo\":{\"@type\":\"ImageObject\",\"inLanguage\":\"de\",\"@id\":\"https:\/\/now-news.de\/de\/#\/schema\/logo\/image\/\",\"url\":\"http:\/\/just-now.news\/de\/wp-content\/uploads\/sites\/3\/2022\/04\/logo500x500.jpg\",\"contentUrl\":\"http:\/\/just-now.news\/de\/wp-content\/uploads\/sites\/3\/2022\/04\/logo500x500.jpg\",\"width\":500,\"height\":500,\"caption\":\"Just Now News\"},\"image\":{\"@id\":\"https:\/\/now-news.de\/de\/#\/schema\/logo\/image\/\"},\"sameAs\":[\"https:\/\/www.facebook.com\/wirmachenauf\",\"https:\/\/x.com\/WirMachenAuf_de\"]},{\"@type\":\"Person\",\"@id\":\"https:\/\/now-news.de\/de\/#\/schema\/person\/fb534a4e865501d8b3285208df34a9b5\",\"name\":\"rtnews\",\"image\":{\"@type\":\"ImageObject\",\"inLanguage\":\"de\",\"@id\":\"https:\/\/now-news.de\/de\/#\/schema\/person\/image\/\",\"url\":\"https:\/\/secure.gravatar.com\/avatar\/82aafea7d8127119dd649515f56e2117?s=96&d=mm&r=g\",\"contentUrl\":\"https:\/\/secure.gravatar.com\/avatar\/82aafea7d8127119dd649515f56e2117?s=96&d=mm&r=g\",\"caption\":\"rtnews\"},\"url\":\"https:\/\/now-news.de\/de\/author\/rnews\/\"}]}<\/script>\n<!-- \/ Yoast SEO Premium plugin. -->","yoast_head_json":{"title":"Talfahrt am Aktien- und Anleihemarkt: EZB trifft sich zu Krisensitzung - just-now.NEWS Deutschland","robots":{"index":"index","follow":"follow","max-snippet":"max-snippet:-1","max-image-preview":"max-image-preview:large","max-video-preview":"max-video-preview:-1"},"canonical":"https:\/\/now-news.de\/de\/deutschland\/talfahrt-am-aktien-und-anleihemarkt-ezb-trifft-sich-zu-krisensitzung\/","og_locale":"de_DE","og_type":"article","og_title":"Talfahrt am Aktien- und Anleihemarkt: EZB trifft sich zu Krisensitzung","og_description":"Die Geldpolitiker der Europ\u00e4ischen Zentralbank\u00a0(EZB) haben angesichts der Unruhen an den Finanzm\u00e4rkten \u00fcberraschend eine au\u00dferordentliche Ratssitzung einberufen. &#8220;Der\u00a0EZB-Rat wird am Mittwoch eine Ad-hoc-Sitzung abhalten, um die aktuellen Marktbedingungen zu diskutieren&#8221;, erkl\u00e4rte ein Sprecher der Zentralbank am Mittwochmorgen. Nach Angaben mehrer Insider laufe die Sitzung demnach bereits seit 11.00 Uhr. Es sei allerdings noch nicht klar, [&hellip;]","og_url":"https:\/\/now-news.de\/de\/deutschland\/talfahrt-am-aktien-und-anleihemarkt-ezb-trifft-sich-zu-krisensitzung\/","og_site_name":"just-now.NEWS Deutschland","article_publisher":"https:\/\/www.facebook.com\/wirmachenauf","article_published_time":"2022-06-15T10:28:07+00:00","og_image":[{"width":460,"height":259,"url":"https:\/\/now-news.de\/de\/wp-content\/uploads\/sites\/3\/2022\/06\/Talfahrt-am-Aktien-und-Anleihemarkt-EZB-trifft-sich-zu-Krisensitzung.jpg","type":"image\/jpeg"}],"author":"rtnews","twitter_card":"summary_large_image","twitter_creator":"@WirMachenAuf_de","twitter_site":"@WirMachenAuf_de","twitter_misc":{"Verfasst von":"rtnews","Gesch\u00e4tzte Lesezeit":"3\u00a0Minuten"},"schema":{"@context":"https:\/\/schema.org","@graph":[{"@type":"Article","@id":"https:\/\/now-news.de\/de\/deutschland\/talfahrt-am-aktien-und-anleihemarkt-ezb-trifft-sich-zu-krisensitzung\/#article","isPartOf":{"@id":"https:\/\/now-news.de\/de\/deutschland\/talfahrt-am-aktien-und-anleihemarkt-ezb-trifft-sich-zu-krisensitzung\/"},"author":{"name":"rtnews","@id":"https:\/\/now-news.de\/de\/#\/schema\/person\/fb534a4e865501d8b3285208df34a9b5"},"headline":"Talfahrt am Aktien- und Anleihemarkt: EZB trifft sich zu Krisensitzung","datePublished":"2022-06-15T10:28:07+00:00","dateModified":"2022-06-15T10:28:07+00:00","mainEntityOfPage":{"@id":"https:\/\/now-news.de\/de\/deutschland\/talfahrt-am-aktien-und-anleihemarkt-ezb-trifft-sich-zu-krisensitzung\/"},"wordCount":654,"commentCount":0,"publisher":{"@id":"https:\/\/now-news.de\/de\/#organization"},"image":{"@id":"https:\/\/now-news.de\/de\/deutschland\/talfahrt-am-aktien-und-anleihemarkt-ezb-trifft-sich-zu-krisensitzung\/#primaryimage"},"thumbnailUrl":"https:\/\/now-news.de\/de\/wp-content\/uploads\/sites\/3\/2022\/06\/Talfahrt-am-Aktien-und-Anleihemarkt-EZB-trifft-sich-zu-Krisensitzung.jpg","keywords":["Aktien","Anleihemarkt","EZB","Krisensitzung","sich","Talfahrt","trifft","und"],"articleSection":["Deutschland","Russland"],"inLanguage":"de","potentialAction":[{"@type":"CommentAction","name":"Comment","target":["https:\/\/now-news.de\/de\/deutschland\/talfahrt-am-aktien-und-anleihemarkt-ezb-trifft-sich-zu-krisensitzung\/#respond"]}]},{"@type":"WebPage","@id":"https:\/\/now-news.de\/de\/deutschland\/talfahrt-am-aktien-und-anleihemarkt-ezb-trifft-sich-zu-krisensitzung\/","url":"https:\/\/now-news.de\/de\/deutschland\/talfahrt-am-aktien-und-anleihemarkt-ezb-trifft-sich-zu-krisensitzung\/","name":"Talfahrt am Aktien- und Anleihemarkt: EZB trifft sich zu Krisensitzung - just-now.NEWS Deutschland","isPartOf":{"@id":"https:\/\/now-news.de\/de\/#website"},"primaryImageOfPage":{"@id":"https:\/\/now-news.de\/de\/deutschland\/talfahrt-am-aktien-und-anleihemarkt-ezb-trifft-sich-zu-krisensitzung\/#primaryimage"},"image":{"@id":"https:\/\/now-news.de\/de\/deutschland\/talfahrt-am-aktien-und-anleihemarkt-ezb-trifft-sich-zu-krisensitzung\/#primaryimage"},"thumbnailUrl":"https:\/\/now-news.de\/de\/wp-content\/uploads\/sites\/3\/2022\/06\/Talfahrt-am-Aktien-und-Anleihemarkt-EZB-trifft-sich-zu-Krisensitzung.jpg","datePublished":"2022-06-15T10:28:07+00:00","dateModified":"2022-06-15T10:28:07+00:00","breadcrumb":{"@id":"https:\/\/now-news.de\/de\/deutschland\/talfahrt-am-aktien-und-anleihemarkt-ezb-trifft-sich-zu-krisensitzung\/#breadcrumb"},"inLanguage":"de","potentialAction":[{"@type":"ReadAction","target":["https:\/\/now-news.de\/de\/deutschland\/talfahrt-am-aktien-und-anleihemarkt-ezb-trifft-sich-zu-krisensitzung\/"]}]},{"@type":"ImageObject","inLanguage":"de","@id":"https:\/\/now-news.de\/de\/deutschland\/talfahrt-am-aktien-und-anleihemarkt-ezb-trifft-sich-zu-krisensitzung\/#primaryimage","url":"https:\/\/now-news.de\/de\/wp-content\/uploads\/sites\/3\/2022\/06\/Talfahrt-am-Aktien-und-Anleihemarkt-EZB-trifft-sich-zu-Krisensitzung.jpg","contentUrl":"https:\/\/now-news.de\/de\/wp-content\/uploads\/sites\/3\/2022\/06\/Talfahrt-am-Aktien-und-Anleihemarkt-EZB-trifft-sich-zu-Krisensitzung.jpg","width":460,"height":259,"caption":"Talfahrt am Aktien- und Anleihemarkt: EZB trifft sich zu Krisensitzung"},{"@type":"BreadcrumbList","@id":"https:\/\/now-news.de\/de\/deutschland\/talfahrt-am-aktien-und-anleihemarkt-ezb-trifft-sich-zu-krisensitzung\/#breadcrumb","itemListElement":[{"@type":"ListItem","position":1,"name":"Home","item":"https:\/\/now-news.de\/de\/"},{"@type":"ListItem","position":2,"name":"Talfahrt am Aktien- und Anleihemarkt: EZB trifft sich zu Krisensitzung"}]},{"@type":"WebSite","@id":"https:\/\/now-news.de\/de\/#website","url":"https:\/\/now-news.de\/de\/","name":"just-now.NEWS Deutschland","description":"Das Portal f\u00fcr unzensierte Nachrichten aus der Welt","publisher":{"@id":"https:\/\/now-news.de\/de\/#organization"},"potentialAction":[{"@type":"SearchAction","target":{"@type":"EntryPoint","urlTemplate":"https:\/\/now-news.de\/de\/?s={search_term_string}"},"query-input":"required name=search_term_string"}],"inLanguage":"de"},{"@type":"Organization","@id":"https:\/\/now-news.de\/de\/#organization","name":"Just Now News","url":"https:\/\/now-news.de\/de\/","logo":{"@type":"ImageObject","inLanguage":"de","@id":"https:\/\/now-news.de\/de\/#\/schema\/logo\/image\/","url":"http:\/\/just-now.news\/de\/wp-content\/uploads\/sites\/3\/2022\/04\/logo500x500.jpg","contentUrl":"http:\/\/just-now.news\/de\/wp-content\/uploads\/sites\/3\/2022\/04\/logo500x500.jpg","width":500,"height":500,"caption":"Just Now News"},"image":{"@id":"https:\/\/now-news.de\/de\/#\/schema\/logo\/image\/"},"sameAs":["https:\/\/www.facebook.com\/wirmachenauf","https:\/\/x.com\/WirMachenAuf_de"]},{"@type":"Person","@id":"https:\/\/now-news.de\/de\/#\/schema\/person\/fb534a4e865501d8b3285208df34a9b5","name":"rtnews","image":{"@type":"ImageObject","inLanguage":"de","@id":"https:\/\/now-news.de\/de\/#\/schema\/person\/image\/","url":"https:\/\/secure.gravatar.com\/avatar\/82aafea7d8127119dd649515f56e2117?s=96&d=mm&r=g","contentUrl":"https:\/\/secure.gravatar.com\/avatar\/82aafea7d8127119dd649515f56e2117?s=96&d=mm&r=g","caption":"rtnews"},"url":"https:\/\/now-news.de\/de\/author\/rnews\/"}]}},"_links":{"self":[{"href":"https:\/\/now-news.de\/de\/wp-json\/wp\/v2\/posts\/10903"}],"collection":[{"href":"https:\/\/now-news.de\/de\/wp-json\/wp\/v2\/posts"}],"about":[{"href":"https:\/\/now-news.de\/de\/wp-json\/wp\/v2\/types\/post"}],"author":[{"embeddable":true,"href":"https:\/\/now-news.de\/de\/wp-json\/wp\/v2\/users\/3"}],"replies":[{"embeddable":true,"href":"https:\/\/now-news.de\/de\/wp-json\/wp\/v2\/comments?post=10903"}],"version-history":[{"count":0,"href":"https:\/\/now-news.de\/de\/wp-json\/wp\/v2\/posts\/10903\/revisions"}],"wp:featuredmedia":[{"embeddable":true,"href":"https:\/\/now-news.de\/de\/wp-json\/wp\/v2\/media\/10904"}],"wp:attachment":[{"href":"https:\/\/now-news.de\/de\/wp-json\/wp\/v2\/media?parent=10903"}],"wp:term":[{"taxonomy":"category","embeddable":true,"href":"https:\/\/now-news.de\/de\/wp-json\/wp\/v2\/categories?post=10903"},{"taxonomy":"post_tag","embeddable":true,"href":"https:\/\/now-news.de\/de\/wp-json\/wp\/v2\/tags?post=10903"}],"curies":[{"name":"wp","href":"https:\/\/api.w.org\/{rel}","templated":true}]}}