{"id":10895,"date":"2022-06-15T12:42:23","date_gmt":"2022-06-15T10:42:23","guid":{"rendered":"http:\/\/just-now.news\/de\/deutschland\/vom-flugzeug-fallende-zivilisten-in-kabul-die-us-crew-soll-keine-schuld-treffen\/"},"modified":"2022-06-15T12:42:23","modified_gmt":"2022-06-15T10:42:23","slug":"vom-flugzeug-fallende-zivilisten-in-kabul-die-us-crew-soll-keine-schuld-treffen","status":"publish","type":"post","link":"https:\/\/now-news.de\/de\/deutschland\/vom-flugzeug-fallende-zivilisten-in-kabul-die-us-crew-soll-keine-schuld-treffen\/","title":{"rendered":"Vom Flugzeug fallende Zivilisten in Kabul: Die US-Crew soll keine Schuld treffen"},"content":{"rendered":"<p><img decoding=\"async\" src=\"http:\/\/just-now.news\/de\/wp-content\/uploads\/sites\/3\/2022\/06\/62a8b9a248fbef572260579b.jpg\" \/><\/p>\n<div class=\"Text-root Text-type_1 \">\n                Die Bilder der im August 2021 von einer startenden Maschine in den Tod st\u00fcrzenden afghanischen Zivilisten haben weltweites Aufsehen erregt. Am Dienstag ver\u00f6ffentlichte die US-amerikanische Luftwaffe einen Untersuchungsbericht, der besagt, dass bei der Besatzung des eingesetzten Transportflugzeugs, der Boeing C-17, kein Fehlverhalten festgestellt wurde.\n            <\/div>\n<p><\/p>\n<div class=\"Text-root Text-type_5 ArticleView-text ViewText-root \">\n<p>Die US-Luftwaffe hat in einer Untersuchung festgestellt, dass die Besatzung der Boeing C-17 Globemaster nicht f\u00fcr den Tod der afghanischen Zivilisten verantwortlich ist, die inmitten des chaotischen Abzugs der US-Streitkr\u00e4fte aus Kabul im August 2021 versuchten, sich an das startende Flugzeug zu klammern.<\/p>\n<p>In einer Erkl\u00e4rung, die am Montag an die Presse weiter gegeben wurde, hei\u00dft es, dass die Flugzeugbesatzung angemessen gehandelt und ein gesundes Urteilsverm\u00f6gen bei ihrer Entscheidung bewiesen habe. &#8220;Angesichts der beispiellosen und sich rapide verschlechternden Sicherheitslage in Afghanistan&#8221; war das Bestreben &#8220;so schnell wie m\u00f6glich in die Luft zu gehen&#8221; gerechtfertigt, so die Untersuchung im Ergebnis.<\/p>\n<p>Die Sprecherin der Luftwaffe, Ann Stefanek, sagte den Journalisten am Dienstag, dass die Entscheidung zum Start &#8220;in \u00dcbereinstimmung mit den geltenden Einsatzregeln&#8221; getroffen wurden und dass das schnelle Handeln der Besatzung ihre Sicherheit und die des Flugzeugs gew\u00e4hrleistet habe.<\/p>\n<p>Der <a rel=\"nofollow noopener\" target=\"_blank\" href=\"https:\/\/de.rt.com\/international\/122733-us-evakuierungsflug-toter-im-radkasten-wohl-afghanischer-jugendfussballer\/\">Vorfall ereignete sich am 16. August 2021<\/a> auf dem internationalen Flughafen in Kabul, wo sich Zehntausende afghanischer Zivilisten, die nach dem Sturz der Regierung durch die Taliban verzweifelt versuchten, das Land zu verlassen, auf dem Flugplatz versammelten.<\/p>\n<div class=\"EmbedBlock-root EmbedBlock-twitter\">\n<div class=\"TwitterEmbed\">\n<blockquote class=\"twitter-tweet lazyload\" data-twitter=\"twitter-tweet\">\n<p lang=\"en\" dir=\"ltr\">Exclusive- A clear video (from other angle) of men falling from C-17. They were Clinging to some parts of the plane that took off from Kabul airport today. <a rel=\"nofollow noopener\" target=\"_blank\" href=\"https:\/\/twitter.com\/hashtag\/Talibans?src=hash&amp;ref_src=twsrc%5Etfw\">#Talibans<\/a><a rel=\"nofollow noopener\" target=\"_blank\" href=\"https:\/\/twitter.com\/hashtag\/Afghanistan?src=hash&amp;ref_src=twsrc%5Etfw\">#Afghanistan<\/a><a rel=\"nofollow noopener\" target=\"_blank\" href=\"https:\/\/twitter.com\/hashtag\/Afghanishtan?src=hash&amp;ref_src=twsrc%5Etfw\">#Afghanishtan<\/a><a rel=\"nofollow noopener\" target=\"_blank\" href=\"https:\/\/t.co\/CMNW5ngqrK\">pic.twitter.com\/CMNW5ngqrK<\/a><\/p>\n<p>\u2014 A\u015bvaka &#8211; \u0622\u0633\u0648\u0627\u06a9\u0627 News Agency (@AsvakaNews) <a rel=\"nofollow noopener\" target=\"_blank\" href=\"https:\/\/twitter.com\/AsvakaNews\/status\/1427206845706379266?ref_src=twsrc%5Etfw\">August 16, 2021<\/a><\/p><\/blockquote>\n<\/div>\n<\/div>\n<p>Nach Angaben von US-Beamten war das betreffende Flugzeug in Kabul mit Nachschub und Ausr\u00fcstung f\u00fcr die US-Truppen eingetroffen, die versuchten, den Flughafen w\u00e4hrend der Evakuierung Tausender Amerikaner und Afghanen zu sichern. Als die C-17 landete und ihre Rampe zum Abladen der Vorr\u00e4te absenkte, soll eine gro\u00dfe Gruppe von Afghanen versucht haben, das Flugzeug zu st\u00fcrmen.\u00a0Die Besatzungsmitglieder sprangen daraufhin zur\u00fcck ins Flugzeug und fuhren die Rampe hoch, da sie ihre Sicherheit durch die Menschenmenge bedroht sahen. Die Piloten setzten sich mit der Flugsicherung in Verbindung und erhielten die Freigabe zum Abflug. Dennoch dr\u00e4ngten sich zahlreiche Menschen um das Flugzeug. Einige versteckten sich in den Radk\u00e4sten, in die das Fahrwerk einf\u00e4hrt, sobald das Flugzeug in der Luft ist.<\/p>\n<div class=\"EmbedBlock-root EmbedBlock-twitter\">\n<div class=\"TwitterEmbed\">\n<blockquote class=\"twitter-tweet lazyload\" data-twitter=\"twitter-tweet\">\n<p lang=\"en\" dir=\"ltr\">Video: People run on tarmac of Kabul international airport as a US military aircraft attempts to take off. <a rel=\"nofollow noopener\" target=\"_blank\" href=\"https:\/\/t.co\/9qA36HS0WQ\">pic.twitter.com\/9qA36HS0WQ<\/a><\/p>\n<p>\u2014 TOLOnews (@TOLOnews) <a rel=\"nofollow noopener\" target=\"_blank\" href=\"https:\/\/twitter.com\/TOLOnews\/status\/1427204278695997442?ref_src=twsrc%5Etfw\">August 16, 2021<\/a><\/p><\/blockquote>\n<\/div>\n<\/div>\n<p>Videoaufnahmen des Vorfalls zeigen, dass einige Afghanen, die sich verzweifelt an das Flugzeug klammerten, schlie\u00dflich kurz vor dem Start heruntersprangen, w\u00e4hrend andere beim Hochsteigen der Maschine in den Tod st\u00fcrzten. Einige Leichenteile wurden sp\u00e4ter in den Radk\u00e4sten gefunden, als das Flugzeug auf dem US-Luftwaffenst\u00fctzpunkt in Katar landete.<\/p>\n<p>Stefanek wies darauf hin, dass einige Besatzungsmitglieder durch den Vorfall traumatisiert waren und dass sie sp\u00e4ter zur Beratung zu Medizinern, Psychologen und Seelsorgern geschickt wurden.<\/p>\n<blockquote>\n<p>&#8220;<em>Dies war ein tragisches Ereignis und unser Mitgef\u00fchl gilt den Familien der Verstorbenen<\/em>&#8220;,<\/p>\n<\/blockquote>\n<p>so Stefanek abschlie\u00dfend.<\/p>\n<p>Die von Pr\u00e4sident Joe Biden nach fast 20 Jahren Krieg in dem Land angeordnete und vom Pentagon in aller Eile durchgef\u00fchrte Evakuierung der eigenen Truppen aus Afghanistan dauerte mehrere Wochen und wurde von Szenen des Chaos und der Gewalt \u00fcberschattet. Unter anderem hatte sich am 26. August \u2013 und somit 10 Tage nach den dramatischen Szenen abst\u00fcrzender Zivilisten\u00a0\u2013 ein <a rel=\"nofollow noopener\" target=\"_blank\" href=\"https:\/\/de.rt.com\/asien\/123172-afghanistan-was-ueber-die-dschihadistische-splittergruppe-isis-k-bekannt-ist\/\">Selbstmordattentat des Islamischen Staates<\/a> vor dem Flughafen von Kabul ereignet, bei dem rund 170 afghanische Zivilisten und 13 amerikanische Soldaten get\u00f6tet wurden.<\/p>\n<p>Joe Biden hatte sich damals stolz darauf ge\u00e4u\u00dfert, &#8220;mit einer der gr\u00f6\u00dften Luftbr\u00fccken der Geschichte&#8221; mehr als 120.000 Menschen aus dem Land gebracht zu haben.<\/p>\n<p><strong>Mehr zum Thema<\/strong> \u2013 <a rel=\"nofollow noopener\" target=\"_blank\" href=\"https:\/\/de.rt.com\/international\/123023-kriegsreporterlegende-zu-evakuierungen-in-afghanistan-usa-waren-voellig-unvorbereitet\/\">Kriegsreporterlegende zu Evakuierungen in Afghanistan: &#8220;USA waren v\u00f6llig unvorbereitet&#8221;<\/a><\/p>\n<\/div>\n<p><script async src=\"https:\/\/platform.twitter.com\/widgets.js\" charset=\"utf-8\"><\/script><br \/>\n<br \/><br \/>\n<br \/><a href=\"https:\/\/de.rt.com\/international\/141041-vom-flugzeug-fallende-zivilisten-in-kabul\/\">Source link <\/a><\/p>\n","protected":false},"excerpt":{"rendered":"<p>Die Bilder der im August 2021 von einer startenden Maschine in den Tod st\u00fcrzenden afghanischen Zivilisten haben weltweites Aufsehen erregt. Am Dienstag ver\u00f6ffentlichte die US-amerikanische Luftwaffe einen Untersuchungsbericht, der besagt, dass bei der Besatzung des eingesetzten Transportflugzeugs, der Boeing C-17, kein Fehlverhalten festgestellt wurde. Die US-Luftwaffe hat in einer Untersuchung festgestellt, dass die Besatzung der [&hellip;]<\/p>\n","protected":false},"author":3,"featured_media":10896,"comment_status":"open","ping_status":"open","sticky":false,"template":"","format":"standard","meta":{"wp_automatic_camp":["217"],"660ba0cdedb7a98784e039613d17a877":["Vom Flugzeug fallende Zivilisten in Kabul: Die US-Crew soll keine Schuld treffen"],"original_link":["https:\/\/de.rt.com\/international\/141041-vom-flugzeug-fallende-zivilisten-in-kabul\/"],"_thumbnail_id":["10896"],"_wptg_p2tg_sent2tg":["2022-06-15 12:47:07"],"jnews_social_counter_last_update":["1777175748"]},"categories":[19,23],"tags":[45,24540,11437,3236,375,12416,766,354,24541,1010,7539],"yoast_head":"<!-- This site is optimized with the Yoast SEO Premium plugin v22.7 (Yoast SEO v22.7) - https:\/\/yoast.com\/wordpress\/plugins\/seo\/ -->\n<title>Vom Flugzeug fallende Zivilisten in Kabul: Die US-Crew soll keine Schuld treffen - just-now.NEWS Deutschland<\/title>\n<meta name=\"robots\" content=\"index, follow, max-snippet:-1, max-image-preview:large, max-video-preview:-1\" \/>\n<link rel=\"canonical\" href=\"https:\/\/now-news.de\/de\/deutschland\/vom-flugzeug-fallende-zivilisten-in-kabul-die-us-crew-soll-keine-schuld-treffen\/\" \/>\n<meta property=\"og:locale\" content=\"de_DE\" \/>\n<meta property=\"og:type\" content=\"article\" \/>\n<meta property=\"og:title\" content=\"Vom Flugzeug fallende Zivilisten in Kabul: Die US-Crew soll keine Schuld treffen\" \/>\n<meta property=\"og:description\" content=\"Die Bilder der im August 2021 von einer startenden Maschine in den Tod st\u00fcrzenden afghanischen Zivilisten haben weltweites Aufsehen erregt. Am Dienstag ver\u00f6ffentlichte die US-amerikanische Luftwaffe einen Untersuchungsbericht, der besagt, dass bei der Besatzung des eingesetzten Transportflugzeugs, der Boeing C-17, kein Fehlverhalten festgestellt wurde. Die US-Luftwaffe hat in einer Untersuchung festgestellt, dass die Besatzung der [&hellip;]\" \/>\n<meta property=\"og:url\" content=\"https:\/\/now-news.de\/de\/deutschland\/vom-flugzeug-fallende-zivilisten-in-kabul-die-us-crew-soll-keine-schuld-treffen\/\" \/>\n<meta property=\"og:site_name\" content=\"just-now.NEWS Deutschland\" \/>\n<meta property=\"article:publisher\" content=\"https:\/\/www.facebook.com\/wirmachenauf\" \/>\n<meta property=\"article:published_time\" content=\"2022-06-15T10:42:23+00:00\" \/>\n<meta property=\"og:image\" content=\"https:\/\/now-news.de\/de\/wp-content\/uploads\/sites\/3\/2022\/06\/Vom-Flugzeug-fallende-Zivilisten-in-Kabul-Die-US-Crew-soll-keine.jpg\" \/>\n\t<meta property=\"og:image:width\" content=\"460\" \/>\n\t<meta property=\"og:image:height\" content=\"259\" \/>\n\t<meta property=\"og:image:type\" content=\"image\/jpeg\" \/>\n<meta name=\"author\" content=\"rtnews\" \/>\n<meta name=\"twitter:card\" content=\"summary_large_image\" \/>\n<meta name=\"twitter:creator\" content=\"@WirMachenAuf_de\" \/>\n<meta name=\"twitter:site\" content=\"@WirMachenAuf_de\" \/>\n<meta name=\"twitter:label1\" content=\"Verfasst von\" \/>\n\t<meta name=\"twitter:data1\" content=\"rtnews\" \/>\n\t<meta name=\"twitter:label2\" content=\"Gesch\u00e4tzte Lesezeit\" \/>\n\t<meta name=\"twitter:data2\" content=\"3\u00a0Minuten\" \/>\n<script type=\"application\/ld+json\" class=\"yoast-schema-graph\">{\"@context\":\"https:\/\/schema.org\",\"@graph\":[{\"@type\":\"Article\",\"@id\":\"https:\/\/now-news.de\/de\/deutschland\/vom-flugzeug-fallende-zivilisten-in-kabul-die-us-crew-soll-keine-schuld-treffen\/#article\",\"isPartOf\":{\"@id\":\"https:\/\/now-news.de\/de\/deutschland\/vom-flugzeug-fallende-zivilisten-in-kabul-die-us-crew-soll-keine-schuld-treffen\/\"},\"author\":{\"name\":\"rtnews\",\"@id\":\"https:\/\/now-news.de\/de\/#\/schema\/person\/fb534a4e865501d8b3285208df34a9b5\"},\"headline\":\"Vom Flugzeug fallende Zivilisten in Kabul: Die US-Crew soll keine Schuld treffen\",\"datePublished\":\"2022-06-15T10:42:23+00:00\",\"dateModified\":\"2022-06-15T10:42:23+00:00\",\"mainEntityOfPage\":{\"@id\":\"https:\/\/now-news.de\/de\/deutschland\/vom-flugzeug-fallende-zivilisten-in-kabul-die-us-crew-soll-keine-schuld-treffen\/\"},\"wordCount\":654,\"commentCount\":0,\"publisher\":{\"@id\":\"https:\/\/now-news.de\/de\/#organization\"},\"image\":{\"@id\":\"https:\/\/now-news.de\/de\/deutschland\/vom-flugzeug-fallende-zivilisten-in-kabul-die-us-crew-soll-keine-schuld-treffen\/#primaryimage\"},\"thumbnailUrl\":\"https:\/\/now-news.de\/de\/wp-content\/uploads\/sites\/3\/2022\/06\/Vom-Flugzeug-fallende-Zivilisten-in-Kabul-Die-US-Crew-soll-keine.jpg\",\"keywords\":[\"die\",\"fallende\",\"flugzeug\",\"Kabul\",\"keine\",\"Schuld\",\"soll\",\"Treffen\",\"USCrew\",\"vom\",\"Zivilisten\"],\"articleSection\":[\"Deutschland\",\"Russland\"],\"inLanguage\":\"de\",\"potentialAction\":[{\"@type\":\"CommentAction\",\"name\":\"Comment\",\"target\":[\"https:\/\/now-news.de\/de\/deutschland\/vom-flugzeug-fallende-zivilisten-in-kabul-die-us-crew-soll-keine-schuld-treffen\/#respond\"]}]},{\"@type\":\"WebPage\",\"@id\":\"https:\/\/now-news.de\/de\/deutschland\/vom-flugzeug-fallende-zivilisten-in-kabul-die-us-crew-soll-keine-schuld-treffen\/\",\"url\":\"https:\/\/now-news.de\/de\/deutschland\/vom-flugzeug-fallende-zivilisten-in-kabul-die-us-crew-soll-keine-schuld-treffen\/\",\"name\":\"Vom Flugzeug fallende Zivilisten in Kabul: Die US-Crew soll keine Schuld treffen - just-now.NEWS Deutschland\",\"isPartOf\":{\"@id\":\"https:\/\/now-news.de\/de\/#website\"},\"primaryImageOfPage\":{\"@id\":\"https:\/\/now-news.de\/de\/deutschland\/vom-flugzeug-fallende-zivilisten-in-kabul-die-us-crew-soll-keine-schuld-treffen\/#primaryimage\"},\"image\":{\"@id\":\"https:\/\/now-news.de\/de\/deutschland\/vom-flugzeug-fallende-zivilisten-in-kabul-die-us-crew-soll-keine-schuld-treffen\/#primaryimage\"},\"thumbnailUrl\":\"https:\/\/now-news.de\/de\/wp-content\/uploads\/sites\/3\/2022\/06\/Vom-Flugzeug-fallende-Zivilisten-in-Kabul-Die-US-Crew-soll-keine.jpg\",\"datePublished\":\"2022-06-15T10:42:23+00:00\",\"dateModified\":\"2022-06-15T10:42:23+00:00\",\"breadcrumb\":{\"@id\":\"https:\/\/now-news.de\/de\/deutschland\/vom-flugzeug-fallende-zivilisten-in-kabul-die-us-crew-soll-keine-schuld-treffen\/#breadcrumb\"},\"inLanguage\":\"de\",\"potentialAction\":[{\"@type\":\"ReadAction\",\"target\":[\"https:\/\/now-news.de\/de\/deutschland\/vom-flugzeug-fallende-zivilisten-in-kabul-die-us-crew-soll-keine-schuld-treffen\/\"]}]},{\"@type\":\"ImageObject\",\"inLanguage\":\"de\",\"@id\":\"https:\/\/now-news.de\/de\/deutschland\/vom-flugzeug-fallende-zivilisten-in-kabul-die-us-crew-soll-keine-schuld-treffen\/#primaryimage\",\"url\":\"https:\/\/now-news.de\/de\/wp-content\/uploads\/sites\/3\/2022\/06\/Vom-Flugzeug-fallende-Zivilisten-in-Kabul-Die-US-Crew-soll-keine.jpg\",\"contentUrl\":\"https:\/\/now-news.de\/de\/wp-content\/uploads\/sites\/3\/2022\/06\/Vom-Flugzeug-fallende-Zivilisten-in-Kabul-Die-US-Crew-soll-keine.jpg\",\"width\":460,\"height\":259,\"caption\":\"Vom Flugzeug fallende Zivilisten in Kabul: Die US-Crew soll keine Schuld treffen\"},{\"@type\":\"BreadcrumbList\",\"@id\":\"https:\/\/now-news.de\/de\/deutschland\/vom-flugzeug-fallende-zivilisten-in-kabul-die-us-crew-soll-keine-schuld-treffen\/#breadcrumb\",\"itemListElement\":[{\"@type\":\"ListItem\",\"position\":1,\"name\":\"Home\",\"item\":\"https:\/\/now-news.de\/de\/\"},{\"@type\":\"ListItem\",\"position\":2,\"name\":\"Vom Flugzeug fallende Zivilisten in Kabul: Die US-Crew soll keine Schuld treffen\"}]},{\"@type\":\"WebSite\",\"@id\":\"https:\/\/now-news.de\/de\/#website\",\"url\":\"https:\/\/now-news.de\/de\/\",\"name\":\"just-now.NEWS Deutschland\",\"description\":\"Das Portal f\u00fcr unzensierte Nachrichten aus der Welt\",\"publisher\":{\"@id\":\"https:\/\/now-news.de\/de\/#organization\"},\"potentialAction\":[{\"@type\":\"SearchAction\",\"target\":{\"@type\":\"EntryPoint\",\"urlTemplate\":\"https:\/\/now-news.de\/de\/?s={search_term_string}\"},\"query-input\":\"required name=search_term_string\"}],\"inLanguage\":\"de\"},{\"@type\":\"Organization\",\"@id\":\"https:\/\/now-news.de\/de\/#organization\",\"name\":\"Just Now News\",\"url\":\"https:\/\/now-news.de\/de\/\",\"logo\":{\"@type\":\"ImageObject\",\"inLanguage\":\"de\",\"@id\":\"https:\/\/now-news.de\/de\/#\/schema\/logo\/image\/\",\"url\":\"http:\/\/just-now.news\/de\/wp-content\/uploads\/sites\/3\/2022\/04\/logo500x500.jpg\",\"contentUrl\":\"http:\/\/just-now.news\/de\/wp-content\/uploads\/sites\/3\/2022\/04\/logo500x500.jpg\",\"width\":500,\"height\":500,\"caption\":\"Just Now News\"},\"image\":{\"@id\":\"https:\/\/now-news.de\/de\/#\/schema\/logo\/image\/\"},\"sameAs\":[\"https:\/\/www.facebook.com\/wirmachenauf\",\"https:\/\/x.com\/WirMachenAuf_de\"]},{\"@type\":\"Person\",\"@id\":\"https:\/\/now-news.de\/de\/#\/schema\/person\/fb534a4e865501d8b3285208df34a9b5\",\"name\":\"rtnews\",\"image\":{\"@type\":\"ImageObject\",\"inLanguage\":\"de\",\"@id\":\"https:\/\/now-news.de\/de\/#\/schema\/person\/image\/\",\"url\":\"https:\/\/secure.gravatar.com\/avatar\/82aafea7d8127119dd649515f56e2117?s=96&d=mm&r=g\",\"contentUrl\":\"https:\/\/secure.gravatar.com\/avatar\/82aafea7d8127119dd649515f56e2117?s=96&d=mm&r=g\",\"caption\":\"rtnews\"},\"url\":\"https:\/\/now-news.de\/de\/author\/rnews\/\"}]}<\/script>\n<!-- \/ Yoast SEO Premium plugin. -->","yoast_head_json":{"title":"Vom Flugzeug fallende Zivilisten in Kabul: Die US-Crew soll keine Schuld treffen - just-now.NEWS Deutschland","robots":{"index":"index","follow":"follow","max-snippet":"max-snippet:-1","max-image-preview":"max-image-preview:large","max-video-preview":"max-video-preview:-1"},"canonical":"https:\/\/now-news.de\/de\/deutschland\/vom-flugzeug-fallende-zivilisten-in-kabul-die-us-crew-soll-keine-schuld-treffen\/","og_locale":"de_DE","og_type":"article","og_title":"Vom Flugzeug fallende Zivilisten in Kabul: Die US-Crew soll keine Schuld treffen","og_description":"Die Bilder der im August 2021 von einer startenden Maschine in den Tod st\u00fcrzenden afghanischen Zivilisten haben weltweites Aufsehen erregt. Am Dienstag ver\u00f6ffentlichte die US-amerikanische Luftwaffe einen Untersuchungsbericht, der besagt, dass bei der Besatzung des eingesetzten Transportflugzeugs, der Boeing C-17, kein Fehlverhalten festgestellt wurde. Die US-Luftwaffe hat in einer Untersuchung festgestellt, dass die Besatzung der [&hellip;]","og_url":"https:\/\/now-news.de\/de\/deutschland\/vom-flugzeug-fallende-zivilisten-in-kabul-die-us-crew-soll-keine-schuld-treffen\/","og_site_name":"just-now.NEWS Deutschland","article_publisher":"https:\/\/www.facebook.com\/wirmachenauf","article_published_time":"2022-06-15T10:42:23+00:00","og_image":[{"width":460,"height":259,"url":"https:\/\/now-news.de\/de\/wp-content\/uploads\/sites\/3\/2022\/06\/Vom-Flugzeug-fallende-Zivilisten-in-Kabul-Die-US-Crew-soll-keine.jpg","type":"image\/jpeg"}],"author":"rtnews","twitter_card":"summary_large_image","twitter_creator":"@WirMachenAuf_de","twitter_site":"@WirMachenAuf_de","twitter_misc":{"Verfasst von":"rtnews","Gesch\u00e4tzte Lesezeit":"3\u00a0Minuten"},"schema":{"@context":"https:\/\/schema.org","@graph":[{"@type":"Article","@id":"https:\/\/now-news.de\/de\/deutschland\/vom-flugzeug-fallende-zivilisten-in-kabul-die-us-crew-soll-keine-schuld-treffen\/#article","isPartOf":{"@id":"https:\/\/now-news.de\/de\/deutschland\/vom-flugzeug-fallende-zivilisten-in-kabul-die-us-crew-soll-keine-schuld-treffen\/"},"author":{"name":"rtnews","@id":"https:\/\/now-news.de\/de\/#\/schema\/person\/fb534a4e865501d8b3285208df34a9b5"},"headline":"Vom Flugzeug fallende Zivilisten in Kabul: Die US-Crew soll keine Schuld treffen","datePublished":"2022-06-15T10:42:23+00:00","dateModified":"2022-06-15T10:42:23+00:00","mainEntityOfPage":{"@id":"https:\/\/now-news.de\/de\/deutschland\/vom-flugzeug-fallende-zivilisten-in-kabul-die-us-crew-soll-keine-schuld-treffen\/"},"wordCount":654,"commentCount":0,"publisher":{"@id":"https:\/\/now-news.de\/de\/#organization"},"image":{"@id":"https:\/\/now-news.de\/de\/deutschland\/vom-flugzeug-fallende-zivilisten-in-kabul-die-us-crew-soll-keine-schuld-treffen\/#primaryimage"},"thumbnailUrl":"https:\/\/now-news.de\/de\/wp-content\/uploads\/sites\/3\/2022\/06\/Vom-Flugzeug-fallende-Zivilisten-in-Kabul-Die-US-Crew-soll-keine.jpg","keywords":["die","fallende","flugzeug","Kabul","keine","Schuld","soll","Treffen","USCrew","vom","Zivilisten"],"articleSection":["Deutschland","Russland"],"inLanguage":"de","potentialAction":[{"@type":"CommentAction","name":"Comment","target":["https:\/\/now-news.de\/de\/deutschland\/vom-flugzeug-fallende-zivilisten-in-kabul-die-us-crew-soll-keine-schuld-treffen\/#respond"]}]},{"@type":"WebPage","@id":"https:\/\/now-news.de\/de\/deutschland\/vom-flugzeug-fallende-zivilisten-in-kabul-die-us-crew-soll-keine-schuld-treffen\/","url":"https:\/\/now-news.de\/de\/deutschland\/vom-flugzeug-fallende-zivilisten-in-kabul-die-us-crew-soll-keine-schuld-treffen\/","name":"Vom Flugzeug fallende Zivilisten in Kabul: Die US-Crew soll keine Schuld treffen - just-now.NEWS Deutschland","isPartOf":{"@id":"https:\/\/now-news.de\/de\/#website"},"primaryImageOfPage":{"@id":"https:\/\/now-news.de\/de\/deutschland\/vom-flugzeug-fallende-zivilisten-in-kabul-die-us-crew-soll-keine-schuld-treffen\/#primaryimage"},"image":{"@id":"https:\/\/now-news.de\/de\/deutschland\/vom-flugzeug-fallende-zivilisten-in-kabul-die-us-crew-soll-keine-schuld-treffen\/#primaryimage"},"thumbnailUrl":"https:\/\/now-news.de\/de\/wp-content\/uploads\/sites\/3\/2022\/06\/Vom-Flugzeug-fallende-Zivilisten-in-Kabul-Die-US-Crew-soll-keine.jpg","datePublished":"2022-06-15T10:42:23+00:00","dateModified":"2022-06-15T10:42:23+00:00","breadcrumb":{"@id":"https:\/\/now-news.de\/de\/deutschland\/vom-flugzeug-fallende-zivilisten-in-kabul-die-us-crew-soll-keine-schuld-treffen\/#breadcrumb"},"inLanguage":"de","potentialAction":[{"@type":"ReadAction","target":["https:\/\/now-news.de\/de\/deutschland\/vom-flugzeug-fallende-zivilisten-in-kabul-die-us-crew-soll-keine-schuld-treffen\/"]}]},{"@type":"ImageObject","inLanguage":"de","@id":"https:\/\/now-news.de\/de\/deutschland\/vom-flugzeug-fallende-zivilisten-in-kabul-die-us-crew-soll-keine-schuld-treffen\/#primaryimage","url":"https:\/\/now-news.de\/de\/wp-content\/uploads\/sites\/3\/2022\/06\/Vom-Flugzeug-fallende-Zivilisten-in-Kabul-Die-US-Crew-soll-keine.jpg","contentUrl":"https:\/\/now-news.de\/de\/wp-content\/uploads\/sites\/3\/2022\/06\/Vom-Flugzeug-fallende-Zivilisten-in-Kabul-Die-US-Crew-soll-keine.jpg","width":460,"height":259,"caption":"Vom Flugzeug fallende Zivilisten in Kabul: Die US-Crew soll keine Schuld treffen"},{"@type":"BreadcrumbList","@id":"https:\/\/now-news.de\/de\/deutschland\/vom-flugzeug-fallende-zivilisten-in-kabul-die-us-crew-soll-keine-schuld-treffen\/#breadcrumb","itemListElement":[{"@type":"ListItem","position":1,"name":"Home","item":"https:\/\/now-news.de\/de\/"},{"@type":"ListItem","position":2,"name":"Vom Flugzeug fallende Zivilisten in Kabul: Die US-Crew soll keine Schuld treffen"}]},{"@type":"WebSite","@id":"https:\/\/now-news.de\/de\/#website","url":"https:\/\/now-news.de\/de\/","name":"just-now.NEWS Deutschland","description":"Das Portal f\u00fcr unzensierte Nachrichten aus der Welt","publisher":{"@id":"https:\/\/now-news.de\/de\/#organization"},"potentialAction":[{"@type":"SearchAction","target":{"@type":"EntryPoint","urlTemplate":"https:\/\/now-news.de\/de\/?s={search_term_string}"},"query-input":"required name=search_term_string"}],"inLanguage":"de"},{"@type":"Organization","@id":"https:\/\/now-news.de\/de\/#organization","name":"Just Now News","url":"https:\/\/now-news.de\/de\/","logo":{"@type":"ImageObject","inLanguage":"de","@id":"https:\/\/now-news.de\/de\/#\/schema\/logo\/image\/","url":"http:\/\/just-now.news\/de\/wp-content\/uploads\/sites\/3\/2022\/04\/logo500x500.jpg","contentUrl":"http:\/\/just-now.news\/de\/wp-content\/uploads\/sites\/3\/2022\/04\/logo500x500.jpg","width":500,"height":500,"caption":"Just Now News"},"image":{"@id":"https:\/\/now-news.de\/de\/#\/schema\/logo\/image\/"},"sameAs":["https:\/\/www.facebook.com\/wirmachenauf","https:\/\/x.com\/WirMachenAuf_de"]},{"@type":"Person","@id":"https:\/\/now-news.de\/de\/#\/schema\/person\/fb534a4e865501d8b3285208df34a9b5","name":"rtnews","image":{"@type":"ImageObject","inLanguage":"de","@id":"https:\/\/now-news.de\/de\/#\/schema\/person\/image\/","url":"https:\/\/secure.gravatar.com\/avatar\/82aafea7d8127119dd649515f56e2117?s=96&d=mm&r=g","contentUrl":"https:\/\/secure.gravatar.com\/avatar\/82aafea7d8127119dd649515f56e2117?s=96&d=mm&r=g","caption":"rtnews"},"url":"https:\/\/now-news.de\/de\/author\/rnews\/"}]}},"_links":{"self":[{"href":"https:\/\/now-news.de\/de\/wp-json\/wp\/v2\/posts\/10895"}],"collection":[{"href":"https:\/\/now-news.de\/de\/wp-json\/wp\/v2\/posts"}],"about":[{"href":"https:\/\/now-news.de\/de\/wp-json\/wp\/v2\/types\/post"}],"author":[{"embeddable":true,"href":"https:\/\/now-news.de\/de\/wp-json\/wp\/v2\/users\/3"}],"replies":[{"embeddable":true,"href":"https:\/\/now-news.de\/de\/wp-json\/wp\/v2\/comments?post=10895"}],"version-history":[{"count":0,"href":"https:\/\/now-news.de\/de\/wp-json\/wp\/v2\/posts\/10895\/revisions"}],"wp:featuredmedia":[{"embeddable":true,"href":"https:\/\/now-news.de\/de\/wp-json\/wp\/v2\/media\/10896"}],"wp:attachment":[{"href":"https:\/\/now-news.de\/de\/wp-json\/wp\/v2\/media?parent=10895"}],"wp:term":[{"taxonomy":"category","embeddable":true,"href":"https:\/\/now-news.de\/de\/wp-json\/wp\/v2\/categories?post=10895"},{"taxonomy":"post_tag","embeddable":true,"href":"https:\/\/now-news.de\/de\/wp-json\/wp\/v2\/tags?post=10895"}],"curies":[{"name":"wp","href":"https:\/\/api.w.org\/{rel}","templated":true}]}}