{"id":108223,"date":"2026-08-06T19:19:00","date_gmt":"2026-08-06T17:19:00","guid":{"rendered":"https:\/\/now-news.de\/de\/deutschland\/muenchen-lebenslange-haft-nach-gezieltem-autoanschlag-auf-verdi-demo\/"},"modified":"2026-08-06T19:19:00","modified_gmt":"2026-08-06T17:19:00","slug":"muenchen-lebenslange-haft-nach-gezieltem-autoanschlag-auf-verdi-demo","status":"publish","type":"post","link":"https:\/\/now-news.de\/de\/deutschland\/muenchen-lebenslange-haft-nach-gezieltem-autoanschlag-auf-verdi-demo\/","title":{"rendered":"M\u00fcnchen: Lebens\u00adlange Haft nach gezieltem Autoanschlag auf Verdi-Demo"},"content":{"rendered":"<p><img decoding=\"async\" src=\"https:\/\/now-news.de\/de\/wp-content\/uploads\/sites\/3\/2026\/08\/6a74846848fbef6142227ad2.jpg\" \/><\/p>\n<div class=\"Text-root Text-type_1 \">\n                Am Morgen des 13. Februar 2025 steuerte Farhad N. seinen wei\u00dfen Kleinwagen gezielt in eine Menschengruppe. Nun erfolgte die Verurteilung wegen zweifachen und versuchten Mordes in 23 F\u00e4llen.\n            <\/div>\n<p><\/p>\n<div class=\"Text-root Text-type_5 ArticleView-text ViewText-root \">\n<p>Im Prozess um den t\u00f6dlichen Autoanschlag auf die M\u00fcnchner Verdi-Demonstration\u00a0im Februar\u00a02025\u00a0wurde der Angeklagte Farhad N. wegen &#8220;Mordes und versuchten Mordes&#8221; zu lebenslanger Haft verurteilt. Das Oberlandesgericht der bayerischen Landeshauptstadt stellte bei dem aus Afghanistan stammenden 25-J\u00e4hrigen am Donnerstag zudem &#8220;die besondere Schwere der Schuld&#8221; fest. Eine Freilassung auf Bew\u00e4hrung nach 15 Jahren Gef\u00e4ngnis wird damit juristisch erheblich erschwert.<\/p>\n<p>Farhad N. habe laut Darlegung der Staatsanwaltschaft als &#8220;Reaktion auf die Situation in islamischen L\u00e4ndern&#8221; im letzten Jahr willk\u00fcrlich ausgew\u00e4hlte Menschen in Deutschland angreifen und t\u00f6ten wollen, so der Vorsitzende Richter in seiner Urteilsdarlegung. W\u00f6rtlich hei\u00dft es seitens des Gerichts:<\/p>\n<p><em>&#8220;Damit wollte der Angeklagte eine gottgef\u00e4llige Tat begehen und sich gegen\u00fcber Allah, sich selbst und gegen\u00fcber seiner Familie als guter Muslim beweisen.&#8221; <\/em><\/p>\n<p>Das Gericht zeige sich daher \u00fcberzeugt davon, dass N. absichtlich von hinten mit einem Auto in den Demonstrationszug fuhr. Der Vorsitzende Richter erkl\u00e4rte, der Tatort sei anschlie\u00dfend &#8220;ein einziges Tr\u00fcmmerfeld&#8221; auf einer Breite von zw\u00f6lf Metern und einer L\u00e4nge von 23 Metern gewesen, zitierten\u00a0Medien den Richter.<\/p>\n<p>Bei der verheerenden Tat wurden eine\u00a037 Jahre alte Mutter und ihr zweij\u00e4hriges Kind get\u00f6tet. Mehr als 40 Anwesende wurden teils lebensgef\u00e4hrlich verletzt. Viele der Opfer w\u00fcrden laut Gericht &#8220;bis heute massiv physisch oder psychisch unter den Folgen der Attacke leiden&#8221;, zudem w\u00e4ren viele weiterhin arbeitsunf\u00e4hig.<\/p>\n<p>Das\u00a0Gericht verurteilte den 2016 nach Deutschland gekommenen Afghanen zudem wegen 19-facher gef\u00e4hrlicher K\u00f6rperverletzung und dreifacher vors\u00e4tzlicher K\u00f6rperverletzung.<\/p>\n<p><em>&#8220;Die Tathandlung war, man muss es so deutlich sagen, auf die Vernichtung von Menschenleben angelegt&#8221;,<\/em> so einer der beiden Vertreter der Bundesanwaltschaft in seinem Pl\u00e4doyer vor dem\u00a0 Oberlandesgericht (OLG) M\u00fcnchen.<\/p>\n<p>Die Verteidigung pl\u00e4dierte hingegen f\u00fcr eine Freiheitsstrafe von 15 Jahren und die Unterbringung in der Psychiatrie, ausgehend der Erkl\u00e4rung, ihr Mandant zeige eindeutige Anzeichen einer hebephrenen Schizophrenie \u2013 einer Unterform, bei der anstelle von Wahnvorstellungen vor allem ein wirres Gef\u00fchlsleben und unberechenbares Verhalten im Vordergrund stehen.<\/p>\n<p><strong>Mehr zum Thema &#8211;<\/strong>\u00a0<a rel=\"nofollow noopener\" target=\"_blank\" href=\"https:\/\/freeassange.tech\/inland\/285893-prozessbeginn-zum-messerangriff-in-ulm\/\">Prozessbeginn zum Messerangriff in Ulm <\/a><\/p>\n<div class=\"EmbedBlock-root EmbedBlock-externalVideo EmbedBlock-rumble\">\n<div class=\"VkEmbed\"><iframe class=\"lazyload\" data-src=\"https:\/\/rumble.com\/embed\/v7bh3x6\" frameborder=\"0\" width=\"853\" height=\"480\" allowfullscreen><\/iframe><\/div>\n<\/div>\n<\/div>\n<p><br \/>\n<br \/><a href=\"https:\/\/de.rt.com\/inland\/287931-muenchen-lebens-lange-haft-nach\/\">Source link <\/a><\/p>\n","protected":false},"excerpt":{"rendered":"<p>Am Morgen des 13. Februar 2025 steuerte Farhad N. seinen wei\u00dfen Kleinwagen gezielt in eine Menschengruppe. Nun erfolgte die Verurteilung wegen zweifachen und versuchten Mordes in 23 F\u00e4llen. Im Prozess um den t\u00f6dlichen Autoanschlag auf die M\u00fcnchner Verdi-Demonstration\u00a0im Februar\u00a02025\u00a0wurde der Angeklagte Farhad N. wegen &#8220;Mordes und versuchten Mordes&#8221; zu lebenslanger Haft verurteilt. Das Oberlandesgericht der [&hellip;]<\/p>\n","protected":false},"author":3,"featured_media":108224,"comment_status":"open","ping_status":"open","sticky":false,"template":"","format":"standard","meta":{"_yoast_indexnow_last_ping":["1786037689"],"wp_automatic_camp":["217"],"0fc3d0c228a6109405351a0d1e0860be":["M\u00fcnchen: Lebens\u00adlange Haft nach gezieltem Autoanschlag auf Verdi-Demo"],"original_link":["https:\/\/de.rt.com\/inland\/287931-muenchen-lebens-lange-haft-nach\/"],"_thumbnail_id":["108224"],"jnews_social_counter_last_update":["1787988897"],"_wptgpro_p2tg_sent2tg":["a:1:{i:23737;s:19:\"2026-08-06 19:35:49\";}"]},"categories":[19,23],"tags":[133,73045,75252,19011,18805,2003,979,75253],"class_list":["post-108223","post","type-post","status-publish","format-standard","has-post-thumbnail","hentry","category-deutschland","category-russland","tag-auf","tag-autoanschlag","tag-gezieltem","tag-haft","tag-lebenslange","tag-muenchen","tag-nach","tag-verdidemo"],"yoast_head":"<!-- This site is optimized with the Yoast SEO Premium plugin v22.7 (Yoast SEO v28.2) - https:\/\/yoast.com\/product\/yoast-seo-premium-wordpress\/ -->\n<title>M\u00fcnchen: Lebens\u00adlange Haft nach gezieltem Autoanschlag auf Verdi-Demo - just-now.NEWS Deutschland<\/title>\n<meta name=\"robots\" content=\"index, follow, max-snippet:-1, max-image-preview:large, max-video-preview:-1\" \/>\n<link rel=\"canonical\" href=\"https:\/\/now-news.de\/de\/deutschland\/muenchen-lebenslange-haft-nach-gezieltem-autoanschlag-auf-verdi-demo\/\" \/>\n<meta property=\"og:locale\" content=\"de_DE\" \/>\n<meta property=\"og:type\" content=\"article\" \/>\n<meta property=\"og:title\" content=\"M\u00fcnchen: Lebens\u00adlange Haft nach gezieltem Autoanschlag auf Verdi-Demo\" \/>\n<meta property=\"og:description\" content=\"Am Morgen des 13. Februar 2025 steuerte Farhad N. seinen wei\u00dfen Kleinwagen gezielt in eine Menschengruppe. Nun erfolgte die Verurteilung wegen zweifachen und versuchten Mordes in 23 F\u00e4llen. Im Prozess um den t\u00f6dlichen Autoanschlag auf die M\u00fcnchner Verdi-Demonstration\u00a0im Februar\u00a02025\u00a0wurde der Angeklagte Farhad N. wegen &#8220;Mordes und versuchten Mordes&#8221; zu lebenslanger Haft verurteilt. Das Oberlandesgericht der [&hellip;]\" \/>\n<meta property=\"og:url\" content=\"https:\/\/now-news.de\/de\/deutschland\/muenchen-lebenslange-haft-nach-gezieltem-autoanschlag-auf-verdi-demo\/\" \/>\n<meta property=\"og:site_name\" content=\"just-now.NEWS Deutschland\" \/>\n<meta property=\"article:publisher\" content=\"https:\/\/www.facebook.com\/wirmachenauf\" \/>\n<meta property=\"article:published_time\" content=\"2026-08-06T17:19:00+00:00\" \/>\n<meta property=\"og:image\" content=\"https:\/\/now-news.de\/de\/wp-content\/uploads\/sites\/3\/2026\/08\/6a74846848fbef6142227ad2.jpg\" \/>\n<meta name=\"author\" content=\"rtnews\" \/>\n<meta name=\"twitter:card\" content=\"summary_large_image\" \/>\n<meta name=\"twitter:creator\" content=\"@WirMachenAuf_de\" \/>\n<meta name=\"twitter:site\" content=\"@WirMachenAuf_de\" \/>\n<meta name=\"twitter:label1\" content=\"Verfasst von\" \/>\n\t<meta name=\"twitter:data1\" content=\"rtnews\" \/>\n\t<meta name=\"twitter:label2\" content=\"Gesch\u00e4tzte Lesezeit\" \/>\n\t<meta name=\"twitter:data2\" content=\"2\u00a0Minuten\" \/>\n<script type=\"application\/ld+json\" class=\"yoast-schema-graph\">{\"@context\":\"https:\\\/\\\/schema.org\",\"@graph\":[{\"@type\":\"Article\",\"@id\":\"https:\\\/\\\/now-news.de\\\/de\\\/deutschland\\\/muenchen-lebenslange-haft-nach-gezieltem-autoanschlag-auf-verdi-demo\\\/#article\",\"isPartOf\":{\"@id\":\"https:\\\/\\\/now-news.de\\\/de\\\/deutschland\\\/muenchen-lebenslange-haft-nach-gezieltem-autoanschlag-auf-verdi-demo\\\/\"},\"author\":{\"name\":\"rtnews\",\"@id\":\"https:\\\/\\\/now-news.de\\\/de\\\/#\\\/schema\\\/person\\\/fb534a4e865501d8b3285208df34a9b5\"},\"headline\":\"M\u00fcnchen: Lebens\u00adlange Haft nach gezieltem Autoanschlag auf Verdi-Demo\",\"datePublished\":\"2026-08-06T17:19:00+00:00\",\"mainEntityOfPage\":{\"@id\":\"https:\\\/\\\/now-news.de\\\/de\\\/deutschland\\\/muenchen-lebenslange-haft-nach-gezieltem-autoanschlag-auf-verdi-demo\\\/\"},\"wordCount\":386,\"commentCount\":0,\"publisher\":{\"@id\":\"https:\\\/\\\/now-news.de\\\/de\\\/#organization\"},\"image\":{\"@id\":\"https:\\\/\\\/now-news.de\\\/de\\\/deutschland\\\/muenchen-lebenslange-haft-nach-gezieltem-autoanschlag-auf-verdi-demo\\\/#primaryimage\"},\"thumbnailUrl\":\"https:\\\/\\\/now-news.de\\\/de\\\/wp-content\\\/uploads\\\/sites\\\/3\\\/2026\\\/08\\\/Muenchen-Lebens\u00adlange-Haft-nach-gezieltem-Autoanschlag-auf-Verdi-Demo.jpg\",\"keywords\":[\"AUF\",\"Autoanschlag\",\"gezieltem\",\"Haft\",\"lebenslange\",\"M\u00fcnchen\",\"nach\",\"VerdiDemo\"],\"articleSection\":[\"Deutschland\",\"Russland\"],\"inLanguage\":\"de\",\"potentialAction\":[{\"@type\":\"CommentAction\",\"name\":\"Comment\",\"target\":[\"https:\\\/\\\/now-news.de\\\/de\\\/deutschland\\\/muenchen-lebenslange-haft-nach-gezieltem-autoanschlag-auf-verdi-demo\\\/#respond\"]}]},{\"@type\":\"WebPage\",\"@id\":\"https:\\\/\\\/now-news.de\\\/de\\\/deutschland\\\/muenchen-lebenslange-haft-nach-gezieltem-autoanschlag-auf-verdi-demo\\\/\",\"url\":\"https:\\\/\\\/now-news.de\\\/de\\\/deutschland\\\/muenchen-lebenslange-haft-nach-gezieltem-autoanschlag-auf-verdi-demo\\\/\",\"name\":\"M\u00fcnchen: Lebens\u00adlange Haft nach gezieltem Autoanschlag auf Verdi-Demo - just-now.NEWS Deutschland\",\"isPartOf\":{\"@id\":\"https:\\\/\\\/now-news.de\\\/de\\\/#website\"},\"primaryImageOfPage\":{\"@id\":\"https:\\\/\\\/now-news.de\\\/de\\\/deutschland\\\/muenchen-lebenslange-haft-nach-gezieltem-autoanschlag-auf-verdi-demo\\\/#primaryimage\"},\"image\":{\"@id\":\"https:\\\/\\\/now-news.de\\\/de\\\/deutschland\\\/muenchen-lebenslange-haft-nach-gezieltem-autoanschlag-auf-verdi-demo\\\/#primaryimage\"},\"thumbnailUrl\":\"https:\\\/\\\/now-news.de\\\/de\\\/wp-content\\\/uploads\\\/sites\\\/3\\\/2026\\\/08\\\/Muenchen-Lebens\u00adlange-Haft-nach-gezieltem-Autoanschlag-auf-Verdi-Demo.jpg\",\"datePublished\":\"2026-08-06T17:19:00+00:00\",\"breadcrumb\":{\"@id\":\"https:\\\/\\\/now-news.de\\\/de\\\/deutschland\\\/muenchen-lebenslange-haft-nach-gezieltem-autoanschlag-auf-verdi-demo\\\/#breadcrumb\"},\"inLanguage\":\"de\",\"potentialAction\":[{\"@type\":\"ReadAction\",\"target\":[\"https:\\\/\\\/now-news.de\\\/de\\\/deutschland\\\/muenchen-lebenslange-haft-nach-gezieltem-autoanschlag-auf-verdi-demo\\\/\"]}]},{\"@type\":\"ImageObject\",\"inLanguage\":\"de\",\"@id\":\"https:\\\/\\\/now-news.de\\\/de\\\/deutschland\\\/muenchen-lebenslange-haft-nach-gezieltem-autoanschlag-auf-verdi-demo\\\/#primaryimage\",\"url\":\"https:\\\/\\\/now-news.de\\\/de\\\/wp-content\\\/uploads\\\/sites\\\/3\\\/2026\\\/08\\\/Muenchen-Lebens\u00adlange-Haft-nach-gezieltem-Autoanschlag-auf-Verdi-Demo.jpg\",\"contentUrl\":\"https:\\\/\\\/now-news.de\\\/de\\\/wp-content\\\/uploads\\\/sites\\\/3\\\/2026\\\/08\\\/Muenchen-Lebens\u00adlange-Haft-nach-gezieltem-Autoanschlag-auf-Verdi-Demo.jpg\",\"width\":460,\"height\":259,\"caption\":\"M\u00fcnchen: Lebens\u00adlange Haft nach gezieltem Autoanschlag auf Verdi-Demo\"},{\"@type\":\"BreadcrumbList\",\"@id\":\"https:\\\/\\\/now-news.de\\\/de\\\/deutschland\\\/muenchen-lebenslange-haft-nach-gezieltem-autoanschlag-auf-verdi-demo\\\/#breadcrumb\",\"itemListElement\":[{\"@type\":\"ListItem\",\"position\":1,\"name\":\"Home\",\"item\":\"https:\\\/\\\/now-news.de\\\/de\\\/\"},{\"@type\":\"ListItem\",\"position\":2,\"name\":\"M\u00fcnchen: Lebens\u00adlange Haft nach gezieltem Autoanschlag auf Verdi-Demo\"}]},{\"@type\":\"WebSite\",\"@id\":\"https:\\\/\\\/now-news.de\\\/de\\\/#website\",\"url\":\"https:\\\/\\\/now-news.de\\\/de\\\/\",\"name\":\"just-now.NEWS Deutschland\",\"description\":\"Das Portal f\u00fcr unzensierte Nachrichten aus der Welt\",\"publisher\":{\"@id\":\"https:\\\/\\\/now-news.de\\\/de\\\/#organization\"},\"potentialAction\":[{\"@type\":\"SearchAction\",\"target\":{\"@type\":\"EntryPoint\",\"urlTemplate\":\"https:\\\/\\\/now-news.de\\\/de\\\/?s={search_term_string}\"},\"query-input\":{\"@type\":\"PropertyValueSpecification\",\"valueRequired\":true,\"valueName\":\"search_term_string\"}}],\"inLanguage\":\"de\"},{\"@type\":\"Organization\",\"@id\":\"https:\\\/\\\/now-news.de\\\/de\\\/#organization\",\"name\":\"Just Now News\",\"url\":\"https:\\\/\\\/now-news.de\\\/de\\\/\",\"logo\":{\"@type\":\"ImageObject\",\"inLanguage\":\"de\",\"@id\":\"https:\\\/\\\/now-news.de\\\/de\\\/#\\\/schema\\\/logo\\\/image\\\/\",\"url\":\"http:\\\/\\\/just-now.news\\\/de\\\/wp-content\\\/uploads\\\/sites\\\/3\\\/2022\\\/04\\\/logo500x500.jpg\",\"contentUrl\":\"http:\\\/\\\/just-now.news\\\/de\\\/wp-content\\\/uploads\\\/sites\\\/3\\\/2022\\\/04\\\/logo500x500.jpg\",\"width\":500,\"height\":500,\"caption\":\"Just Now News\"},\"image\":{\"@id\":\"https:\\\/\\\/now-news.de\\\/de\\\/#\\\/schema\\\/logo\\\/image\\\/\"},\"sameAs\":[\"https:\\\/\\\/www.facebook.com\\\/wirmachenauf\",\"https:\\\/\\\/x.com\\\/WirMachenAuf_de\"]},{\"@type\":\"Person\",\"@id\":\"https:\\\/\\\/now-news.de\\\/de\\\/#\\\/schema\\\/person\\\/fb534a4e865501d8b3285208df34a9b5\",\"name\":\"rtnews\",\"image\":{\"@type\":\"ImageObject\",\"inLanguage\":\"de\",\"@id\":\"https:\\\/\\\/secure.gravatar.com\\\/avatar\\\/358fe31b3ab5769fea05376e1953329834cd9912cf9daf607e2af3076a1b982b?s=96&d=mm&r=g\",\"url\":\"https:\\\/\\\/secure.gravatar.com\\\/avatar\\\/358fe31b3ab5769fea05376e1953329834cd9912cf9daf607e2af3076a1b982b?s=96&d=mm&r=g\",\"contentUrl\":\"https:\\\/\\\/secure.gravatar.com\\\/avatar\\\/358fe31b3ab5769fea05376e1953329834cd9912cf9daf607e2af3076a1b982b?s=96&d=mm&r=g\",\"caption\":\"rtnews\"},\"url\":\"https:\\\/\\\/now-news.de\\\/de\\\/author\\\/rnews\\\/\"}]}<\/script>\n<!-- \/ Yoast SEO Premium plugin. -->","yoast_head_json":{"title":"M\u00fcnchen: Lebens\u00adlange Haft nach gezieltem Autoanschlag auf Verdi-Demo - just-now.NEWS Deutschland","robots":{"index":"index","follow":"follow","max-snippet":"max-snippet:-1","max-image-preview":"max-image-preview:large","max-video-preview":"max-video-preview:-1"},"canonical":"https:\/\/now-news.de\/de\/deutschland\/muenchen-lebenslange-haft-nach-gezieltem-autoanschlag-auf-verdi-demo\/","og_locale":"de_DE","og_type":"article","og_title":"M\u00fcnchen: Lebens\u00adlange Haft nach gezieltem Autoanschlag auf Verdi-Demo","og_description":"Am Morgen des 13. Februar 2025 steuerte Farhad N. seinen wei\u00dfen Kleinwagen gezielt in eine Menschengruppe. Nun erfolgte die Verurteilung wegen zweifachen und versuchten Mordes in 23 F\u00e4llen. Im Prozess um den t\u00f6dlichen Autoanschlag auf die M\u00fcnchner Verdi-Demonstration\u00a0im Februar\u00a02025\u00a0wurde der Angeklagte Farhad N. wegen &#8220;Mordes und versuchten Mordes&#8221; zu lebenslanger Haft verurteilt. Das Oberlandesgericht der [&hellip;]","og_url":"https:\/\/now-news.de\/de\/deutschland\/muenchen-lebenslange-haft-nach-gezieltem-autoanschlag-auf-verdi-demo\/","og_site_name":"just-now.NEWS Deutschland","article_publisher":"https:\/\/www.facebook.com\/wirmachenauf","article_published_time":"2026-08-06T17:19:00+00:00","og_image":[{"url":"https:\/\/now-news.de\/de\/wp-content\/uploads\/sites\/3\/2026\/08\/6a74846848fbef6142227ad2.jpg","type":"","width":"","height":""}],"author":"rtnews","twitter_card":"summary_large_image","twitter_creator":"@WirMachenAuf_de","twitter_site":"@WirMachenAuf_de","twitter_misc":{"Verfasst von":"rtnews","Gesch\u00e4tzte Lesezeit":"2\u00a0Minuten"},"schema":{"@context":"https:\/\/schema.org","@graph":[{"@type":"Article","@id":"https:\/\/now-news.de\/de\/deutschland\/muenchen-lebenslange-haft-nach-gezieltem-autoanschlag-auf-verdi-demo\/#article","isPartOf":{"@id":"https:\/\/now-news.de\/de\/deutschland\/muenchen-lebenslange-haft-nach-gezieltem-autoanschlag-auf-verdi-demo\/"},"author":{"name":"rtnews","@id":"https:\/\/now-news.de\/de\/#\/schema\/person\/fb534a4e865501d8b3285208df34a9b5"},"headline":"M\u00fcnchen: Lebens\u00adlange Haft nach gezieltem Autoanschlag auf Verdi-Demo","datePublished":"2026-08-06T17:19:00+00:00","mainEntityOfPage":{"@id":"https:\/\/now-news.de\/de\/deutschland\/muenchen-lebenslange-haft-nach-gezieltem-autoanschlag-auf-verdi-demo\/"},"wordCount":386,"commentCount":0,"publisher":{"@id":"https:\/\/now-news.de\/de\/#organization"},"image":{"@id":"https:\/\/now-news.de\/de\/deutschland\/muenchen-lebenslange-haft-nach-gezieltem-autoanschlag-auf-verdi-demo\/#primaryimage"},"thumbnailUrl":"https:\/\/now-news.de\/de\/wp-content\/uploads\/sites\/3\/2026\/08\/Muenchen-Lebens\u00adlange-Haft-nach-gezieltem-Autoanschlag-auf-Verdi-Demo.jpg","keywords":["AUF","Autoanschlag","gezieltem","Haft","lebenslange","M\u00fcnchen","nach","VerdiDemo"],"articleSection":["Deutschland","Russland"],"inLanguage":"de","potentialAction":[{"@type":"CommentAction","name":"Comment","target":["https:\/\/now-news.de\/de\/deutschland\/muenchen-lebenslange-haft-nach-gezieltem-autoanschlag-auf-verdi-demo\/#respond"]}]},{"@type":"WebPage","@id":"https:\/\/now-news.de\/de\/deutschland\/muenchen-lebenslange-haft-nach-gezieltem-autoanschlag-auf-verdi-demo\/","url":"https:\/\/now-news.de\/de\/deutschland\/muenchen-lebenslange-haft-nach-gezieltem-autoanschlag-auf-verdi-demo\/","name":"M\u00fcnchen: Lebens\u00adlange Haft nach gezieltem Autoanschlag auf Verdi-Demo - just-now.NEWS Deutschland","isPartOf":{"@id":"https:\/\/now-news.de\/de\/#website"},"primaryImageOfPage":{"@id":"https:\/\/now-news.de\/de\/deutschland\/muenchen-lebenslange-haft-nach-gezieltem-autoanschlag-auf-verdi-demo\/#primaryimage"},"image":{"@id":"https:\/\/now-news.de\/de\/deutschland\/muenchen-lebenslange-haft-nach-gezieltem-autoanschlag-auf-verdi-demo\/#primaryimage"},"thumbnailUrl":"https:\/\/now-news.de\/de\/wp-content\/uploads\/sites\/3\/2026\/08\/Muenchen-Lebens\u00adlange-Haft-nach-gezieltem-Autoanschlag-auf-Verdi-Demo.jpg","datePublished":"2026-08-06T17:19:00+00:00","breadcrumb":{"@id":"https:\/\/now-news.de\/de\/deutschland\/muenchen-lebenslange-haft-nach-gezieltem-autoanschlag-auf-verdi-demo\/#breadcrumb"},"inLanguage":"de","potentialAction":[{"@type":"ReadAction","target":["https:\/\/now-news.de\/de\/deutschland\/muenchen-lebenslange-haft-nach-gezieltem-autoanschlag-auf-verdi-demo\/"]}]},{"@type":"ImageObject","inLanguage":"de","@id":"https:\/\/now-news.de\/de\/deutschland\/muenchen-lebenslange-haft-nach-gezieltem-autoanschlag-auf-verdi-demo\/#primaryimage","url":"https:\/\/now-news.de\/de\/wp-content\/uploads\/sites\/3\/2026\/08\/Muenchen-Lebens\u00adlange-Haft-nach-gezieltem-Autoanschlag-auf-Verdi-Demo.jpg","contentUrl":"https:\/\/now-news.de\/de\/wp-content\/uploads\/sites\/3\/2026\/08\/Muenchen-Lebens\u00adlange-Haft-nach-gezieltem-Autoanschlag-auf-Verdi-Demo.jpg","width":460,"height":259,"caption":"M\u00fcnchen: Lebens\u00adlange Haft nach gezieltem Autoanschlag auf Verdi-Demo"},{"@type":"BreadcrumbList","@id":"https:\/\/now-news.de\/de\/deutschland\/muenchen-lebenslange-haft-nach-gezieltem-autoanschlag-auf-verdi-demo\/#breadcrumb","itemListElement":[{"@type":"ListItem","position":1,"name":"Home","item":"https:\/\/now-news.de\/de\/"},{"@type":"ListItem","position":2,"name":"M\u00fcnchen: Lebens\u00adlange Haft nach gezieltem Autoanschlag auf Verdi-Demo"}]},{"@type":"WebSite","@id":"https:\/\/now-news.de\/de\/#website","url":"https:\/\/now-news.de\/de\/","name":"just-now.NEWS Deutschland","description":"Das Portal f\u00fcr unzensierte Nachrichten aus der Welt","publisher":{"@id":"https:\/\/now-news.de\/de\/#organization"},"potentialAction":[{"@type":"SearchAction","target":{"@type":"EntryPoint","urlTemplate":"https:\/\/now-news.de\/de\/?s={search_term_string}"},"query-input":{"@type":"PropertyValueSpecification","valueRequired":true,"valueName":"search_term_string"}}],"inLanguage":"de"},{"@type":"Organization","@id":"https:\/\/now-news.de\/de\/#organization","name":"Just Now News","url":"https:\/\/now-news.de\/de\/","logo":{"@type":"ImageObject","inLanguage":"de","@id":"https:\/\/now-news.de\/de\/#\/schema\/logo\/image\/","url":"http:\/\/just-now.news\/de\/wp-content\/uploads\/sites\/3\/2022\/04\/logo500x500.jpg","contentUrl":"http:\/\/just-now.news\/de\/wp-content\/uploads\/sites\/3\/2022\/04\/logo500x500.jpg","width":500,"height":500,"caption":"Just Now News"},"image":{"@id":"https:\/\/now-news.de\/de\/#\/schema\/logo\/image\/"},"sameAs":["https:\/\/www.facebook.com\/wirmachenauf","https:\/\/x.com\/WirMachenAuf_de"]},{"@type":"Person","@id":"https:\/\/now-news.de\/de\/#\/schema\/person\/fb534a4e865501d8b3285208df34a9b5","name":"rtnews","image":{"@type":"ImageObject","inLanguage":"de","@id":"https:\/\/secure.gravatar.com\/avatar\/358fe31b3ab5769fea05376e1953329834cd9912cf9daf607e2af3076a1b982b?s=96&d=mm&r=g","url":"https:\/\/secure.gravatar.com\/avatar\/358fe31b3ab5769fea05376e1953329834cd9912cf9daf607e2af3076a1b982b?s=96&d=mm&r=g","contentUrl":"https:\/\/secure.gravatar.com\/avatar\/358fe31b3ab5769fea05376e1953329834cd9912cf9daf607e2af3076a1b982b?s=96&d=mm&r=g","caption":"rtnews"},"url":"https:\/\/now-news.de\/de\/author\/rnews\/"}]}},"_links":{"self":[{"href":"https:\/\/now-news.de\/de\/wp-json\/wp\/v2\/posts\/108223","targetHints":{"allow":["GET"]}}],"collection":[{"href":"https:\/\/now-news.de\/de\/wp-json\/wp\/v2\/posts"}],"about":[{"href":"https:\/\/now-news.de\/de\/wp-json\/wp\/v2\/types\/post"}],"author":[{"embeddable":true,"href":"https:\/\/now-news.de\/de\/wp-json\/wp\/v2\/users\/3"}],"replies":[{"embeddable":true,"href":"https:\/\/now-news.de\/de\/wp-json\/wp\/v2\/comments?post=108223"}],"version-history":[{"count":0,"href":"https:\/\/now-news.de\/de\/wp-json\/wp\/v2\/posts\/108223\/revisions"}],"wp:featuredmedia":[{"embeddable":true,"href":"https:\/\/now-news.de\/de\/wp-json\/wp\/v2\/media\/108224"}],"wp:attachment":[{"href":"https:\/\/now-news.de\/de\/wp-json\/wp\/v2\/media?parent=108223"}],"wp:term":[{"taxonomy":"category","embeddable":true,"href":"https:\/\/now-news.de\/de\/wp-json\/wp\/v2\/categories?post=108223"},{"taxonomy":"post_tag","embeddable":true,"href":"https:\/\/now-news.de\/de\/wp-json\/wp\/v2\/tags?post=108223"}],"curies":[{"name":"wp","href":"https:\/\/api.w.org\/{rel}","templated":true}]}}