{"id":108213,"date":"2026-08-06T17:51:00","date_gmt":"2026-08-06T15:51:00","guid":{"rendered":"https:\/\/now-news.de\/de\/deutschland\/crew-evakuiert-russland-greift-deutschen-frachter-emil-mit-drohnen-an-video\/"},"modified":"2026-08-06T17:51:00","modified_gmt":"2026-08-06T15:51:00","slug":"crew-evakuiert-russland-greift-deutschen-frachter-emil-mit-drohnen-an-video","status":"publish","type":"post","link":"https:\/\/now-news.de\/de\/deutschland\/crew-evakuiert-russland-greift-deutschen-frachter-emil-mit-drohnen-an-video\/","title":{"rendered":"Crew evakuiert: Russland greift deutschen Frachter Emil mit Drohnen an (VIDEO)"},"content":{"rendered":"<p><img decoding=\"async\" src=\"https:\/\/now-news.de\/de\/wp-content\/uploads\/sites\/3\/2026\/08\/6a74972848fbef27061eb6ba.JPG\" \/><\/p>\n<div class=\"Text-root Text-type_1 \">\n                Russland setzt seine Vergeltungskampagne im Schwarzen Meer fort und hat damit den Seehandel der Ukraine praktisch unterbunden. Am Mittwoch griff die russische Armee zwei Frachter in der N\u00e4he von Odessa an. Wie vom russischen Verteidigungsministerium ver\u00f6ffentliche Aufnahmen best\u00e4tigen, war eines der Schiffe die deutsche Emil\n            <\/div>\n<p><\/p>\n<div class=\"Text-root Text-type_5 ArticleView-text ViewText-root \">\n<p>Russland hat nach eigenen Angaben am Mittwoch mehrere Frachter im Schwarzen Meer mit Drohnen angegriffen, darunter der deutsche Frachter Emil. &#8220;Gestern Abend wurden zwei Trockenfrachtschiffe mit Milit\u00e4rg\u00fctern an Bord im Schwarzen Meer, s\u00fcdlich und \u00f6stlich von Odessa, von Kampfdrohnen getroffen&#8221;, teilte das Verteidigungsministerium in Moskau am Donnerstag in einer Erkl\u00e4rung mit.<\/p>\n<p>Das Ministerium machte keine weiteren Angaben zu den Schiffen. Gleiches gilt f\u00fcr ein Video, das Angriffe auf drei Frachtschiffe zeigt. &#8220;In der Einsatzzone im Schwarzen Meer griffen Drohnenbetreiber drei Trockenfrachtschiffe mit Geran-Drohnen an&#8221;, hie\u00df es dazu lediglich aus Moskau. In dem Video ist die Emil jedoch eindeutig zu identifizieren.<\/p>\n<div class=\"EmbedBlock-root EmbedBlock-video\">\n<div class=\"VideoEmbed\"><script src=\"https:\/\/de.russiatoday.com\/static\/libs\/jwplayer\/jwplayer-7.8.4\/jwplayer.js\"><\/script><\/p>\n<div class=\"mediaplayer\" id=\"mediaplayer-js-mediaplayer-6a74951348fbef20b873668b-block\">\n<div id=\"js-mediaplayer-6a74951348fbef20b873668b\"><\/div>\n<p><script src=\"https:\/\/de.russiatoday.com\/static\/js\/streamsense.4.1411.18.min.js\" type=\"text\/javascript\"><\/script><script type=\"text\/javascript\">\n                var myStreamingTag = new ns_.StreamingTag( { customerC2: '17935924', C3: 'deutsch' } );\n                                                                var metadata = {\n                    ns_st_ci: \"6a74951348fbef20b873668b\", \/\/ \u0438\u0434\u0435\u043d\u0442\u0438\u0444\u0438\u043a\u0430\u0442\u043e\u0440 \u043a\u043e\u043d\u0442\u0435\u043d\u0442\u0430 (\u0432\u0438\u0434\u0435\u043e)\n                    c3: \"deutsch\",\n                    c4: \"*null\",\n                    c6: \"*null\"\n                };\n            <\/script><\/div>\n<p><script data-player-settings=\"https:\/\/de.russiatoday.com\/static\/js\/streamsense.4.1411.18.min.js\">\n        jwplayer.key=\"kESrsgULvYO7r2MfUelqj3vs+2i8JdQBqjGNmA==\";\n        jwplayer(\"js-mediaplayer-6a74951348fbef20b873668b\").setup({\n            advertising: {\n                client: \"googima\",\n            },\n            file: \"https:\/\/mf.b37mrtl.ru\/deutsch\/video\/2026.08\/6a74951348fbef20b873668b.mp4\",\n                                    image: \"https:\/\/mf.b37mrtl.ru\/deutsch\/images\/2026.08\/article\/6a74950d48fbef1f99258662.png\",\n            \/\/ stretching: 'fill',\n                        \/\/ title: \"Emil\",\n            aspectratio: \"16:9\",\n            skin: {\n                name: \"five\",\n                active: \"#77bd1e\",\n                background: \"rgba(0, 0, 0, 0.5)\",\n                inactive: \"#FFFFFF\"\n            },\n            width: \"100%\",\n            autostart: false,\n            mute: false,\n            startparam: \"start\",\n            ga: {},\n                        sharing: {\n                code: encodeURI('\n<div style=\"position: relative;padding-bottom: 56.25%; padding-top: 25px; height: 0;\"><iframe style=\"position: absolute;top: 0;left: 0;width: 100%;height: 100%;\" src=\"' +\n                    location.protocol + '\/\/' + location.host + '\/europa\/287932-crew-evakuiert-russland-greift-deutschen-frachter-emil-mit-drohnen-an\/\/video\/6a74951348fbef20b873668b\" frameborder=\"0\" allowfullscreen><\/script><\/div>\n<p>&#8216;),<br \/>\n                link: &#8220;\/europa\/287932-crew-evakuiert-russland-greift-deutschen-frachter-emil-mit-drohnen-an\/&#8221;<br \/>\n            },<br \/>\n                        events: {<br \/>\n                onPlay: function(){<br \/>\n                    myStreamingTag.playVideoContentPart(metadata);<br \/>\n                    var playingVideoId = &#8216;js-mediaplayer-6a74951348fbef20b873668b&#8217;; \/\/ id \u0442\u0435\u043a\u0443\u0449\u0435\u0433\u043e \u043f\u043b\u0435\u0435\u0440\u0430<br \/>\n                    playersTmplBehavior.pauseMedia(playingVideoId); \/\/\u0437\u0430\u043f\u0443\u0441\u043a\u0430\u0435\u043c \u0444\u0443\u043d\u043a\u0446\u0438\u044e \u043e\u0441\u0442\u0430\u043d\u043e\u0432\u043a\u0438 \u0432\u0441\u0435\u0445 \u0438\u0433\u0440\u0430\u044e\u0449\u0438\u0445 \u043f\u043b\u0435\u0435\u0440\u043e\u0432 \u043a\u0440\u043e\u043c\u0435 \u044d\u0442\u043e\u0433\u043e \u041a\u043e\u043b<\/p>\n<p>                                    },<br \/>\n                onPause: function(){<br \/>\n                    myStreamingTag.stop();<br \/>\n                },<br \/>\n                onComplete: function(){<br \/>\n                    myStreamingTag.stop();<\/p>\n<p>                                    },<br \/>\n            }<br \/>\n        });<\/p>\n<p>        var playersTmplBehavior = {};<\/p>\n<p>        \/\/\u0424\u0443\u043d\u043a\u0446\u0438\u044f \u043f\u0440\u043e\u0431\u0435\u0433\u0430\u0435\u0442 \u043f\u043e \u0432\u0441\u0435\u043c \u043f\u043b\u0435\u0435\u0440\u0430\u043c jwplayer, \u043a\u0440\u043e\u043c\u0435 \u043f\u0435\u0440\u0435\u0434\u0430\u043d\u043d\u043e\u0433\u043e, \u0438 \u0441\u0442\u0430\u0432\u0438\u0442 \u0438\u0445 \u043d\u0430 \u043f\u0430\u0443\u0437\u0443<br \/>\n        playersTmplBehavior.pauseMedia = function(playingMediaId) {<br \/>\n            var players = document.querySelectorAll(&#8216;.jwplayer, object&#8217;);<\/p>\n<p>            for (var i = 0, max = players.length; i &lt; max; i++) {<br \/>\n                var currentMediaId = players[i].id;<br \/>\n                if( jwplayer(players[i]).getState() == &#8220;PLAYING&#8221; || jwplayer(players[i]).getState() == &#8220;BUFFERING&#8221; ) {<br \/>\n                    if(currentMediaId != playingMediaId){<br \/>\n                        jwplayer(players[i]).play(false);<br \/>\n                    }<br \/>\n                }<br \/>\n            }<br \/>\n        };\n    <\/p><\/div>\n<\/div>\n<p><br \/>\n<br \/><a href=\"https:\/\/de.rt.com\/europa\/287932-crew-evakuiert-russland-greift-deutschen-frachter-emil-mit-drohnen-an\/\">Source link <\/a><\/p>\n","protected":false},"excerpt":{"rendered":"<p>Russland setzt seine Vergeltungskampagne im Schwarzen Meer fort und hat damit den Seehandel der Ukraine praktisch unterbunden. Am Mittwoch griff die russische Armee zwei Frachter in der N\u00e4he von Odessa an. Wie vom russischen Verteidigungsministerium ver\u00f6ffentliche Aufnahmen best\u00e4tigen, war eines der Schiffe die deutsche Emil Russland hat nach eigenen Angaben am Mittwoch mehrere Frachter im [&hellip;]<\/p>\n","protected":false},"author":3,"featured_media":108214,"comment_status":"open","ping_status":"open","sticky":false,"template":"","format":"standard","meta":{"_yoast_indexnow_last_ping":["1786031934"],"wp_automatic_camp":["217"],"eb1b3378a33820ea5c86f56e8500f8cb":["Crew evakuiert: Russland greift deutschen Frachter Emil mit Drohnen an (VIDEO)"],"original_link":["https:\/\/de.rt.com\/europa\/287932-crew-evakuiert-russland-greift-deutschen-frachter-emil-mit-drohnen-an\/"],"_thumbnail_id":["108214"],"enclosure":["https:\/\/mf.b37mrtl.ru\/deutsch\/video\/2026.08\/6a74951348fbef20b873668b.mp4\n11708252\nvideo\/mp4\n"],"_wptgpro_p2tg_sent2tg":["a:1:{i:23737;s:19:\"2026-08-06 17:59:55\";}"],"jnews_social_counter_last_update":["1788033807"]},"categories":[19,23],"tags":[28422,577,11475,75246,7573,27280,572,419,126,173],"class_list":["post-108213","post","type-post","status-publish","format-standard","has-post-thumbnail","hentry","category-deutschland","category-russland","tag-crew","tag-deutschen","tag-drohnen","tag-emil","tag-evakuiert","tag-frachter","tag-greift","tag-mit","tag-russland","tag-video"],"yoast_head":"<!-- This site is optimized with the Yoast SEO Premium plugin v22.7 (Yoast SEO v28.2) - https:\/\/yoast.com\/product\/yoast-seo-premium-wordpress\/ -->\n<title>Crew evakuiert: Russland greift deutschen Frachter Emil mit Drohnen an (VIDEO) - just-now.NEWS Deutschland<\/title>\n<meta name=\"robots\" content=\"index, follow, max-snippet:-1, max-image-preview:large, max-video-preview:-1\" \/>\n<link rel=\"canonical\" href=\"https:\/\/now-news.de\/de\/deutschland\/crew-evakuiert-russland-greift-deutschen-frachter-emil-mit-drohnen-an-video\/\" \/>\n<meta property=\"og:locale\" content=\"de_DE\" \/>\n<meta property=\"og:type\" content=\"article\" \/>\n<meta property=\"og:title\" content=\"Crew evakuiert: Russland greift deutschen Frachter Emil mit Drohnen an (VIDEO)\" \/>\n<meta property=\"og:description\" content=\"Russland setzt seine Vergeltungskampagne im Schwarzen Meer fort und hat damit den Seehandel der Ukraine praktisch unterbunden. Am Mittwoch griff die russische Armee zwei Frachter in der N\u00e4he von Odessa an. Wie vom russischen Verteidigungsministerium ver\u00f6ffentliche Aufnahmen best\u00e4tigen, war eines der Schiffe die deutsche Emil Russland hat nach eigenen Angaben am Mittwoch mehrere Frachter im [&hellip;]\" \/>\n<meta property=\"og:url\" content=\"https:\/\/now-news.de\/de\/deutschland\/crew-evakuiert-russland-greift-deutschen-frachter-emil-mit-drohnen-an-video\/\" \/>\n<meta property=\"og:site_name\" content=\"just-now.NEWS Deutschland\" \/>\n<meta property=\"article:publisher\" content=\"https:\/\/www.facebook.com\/wirmachenauf\" \/>\n<meta property=\"article:published_time\" content=\"2026-08-06T15:51:00+00:00\" \/>\n<meta property=\"og:image\" content=\"https:\/\/now-news.de\/de\/wp-content\/uploads\/sites\/3\/2026\/08\/6a74972848fbef27061eb6ba.JPG\" \/>\n<meta name=\"author\" content=\"rtnews\" \/>\n<meta name=\"twitter:card\" content=\"summary_large_image\" \/>\n<meta name=\"twitter:creator\" content=\"@WirMachenAuf_de\" \/>\n<meta name=\"twitter:site\" content=\"@WirMachenAuf_de\" \/>\n<meta name=\"twitter:label1\" content=\"Verfasst von\" \/>\n\t<meta name=\"twitter:data1\" content=\"rtnews\" \/>\n\t<meta name=\"twitter:label2\" content=\"Gesch\u00e4tzte Lesezeit\" \/>\n\t<meta name=\"twitter:data2\" content=\"1\u00a0Minute\" \/>\n<script type=\"application\/ld+json\" class=\"yoast-schema-graph\">{\"@context\":\"https:\\\/\\\/schema.org\",\"@graph\":[{\"@type\":\"Article\",\"@id\":\"https:\\\/\\\/now-news.de\\\/de\\\/deutschland\\\/crew-evakuiert-russland-greift-deutschen-frachter-emil-mit-drohnen-an-video\\\/#article\",\"isPartOf\":{\"@id\":\"https:\\\/\\\/now-news.de\\\/de\\\/deutschland\\\/crew-evakuiert-russland-greift-deutschen-frachter-emil-mit-drohnen-an-video\\\/\"},\"author\":{\"name\":\"rtnews\",\"@id\":\"https:\\\/\\\/now-news.de\\\/de\\\/#\\\/schema\\\/person\\\/fb534a4e865501d8b3285208df34a9b5\"},\"headline\":\"Crew evakuiert: Russland greift deutschen Frachter Emil mit Drohnen an (VIDEO)\",\"datePublished\":\"2026-08-06T15:51:00+00:00\",\"mainEntityOfPage\":{\"@id\":\"https:\\\/\\\/now-news.de\\\/de\\\/deutschland\\\/crew-evakuiert-russland-greift-deutschen-frachter-emil-mit-drohnen-an-video\\\/\"},\"wordCount\":265,\"commentCount\":0,\"publisher\":{\"@id\":\"https:\\\/\\\/now-news.de\\\/de\\\/#organization\"},\"image\":{\"@id\":\"https:\\\/\\\/now-news.de\\\/de\\\/deutschland\\\/crew-evakuiert-russland-greift-deutschen-frachter-emil-mit-drohnen-an-video\\\/#primaryimage\"},\"thumbnailUrl\":\"https:\\\/\\\/now-news.de\\\/de\\\/wp-content\\\/uploads\\\/sites\\\/3\\\/2026\\\/08\\\/Crew-evakuiert-Russland-greift-deutschen-Frachter-Emil-mit-Drohnen-an.JPG\",\"keywords\":[\"Crew\",\"Deutschen\",\"Drohnen\",\"Emil\",\"evakuiert\",\"Frachter\",\"greift\",\"mit\",\"russland\",\"Video\"],\"articleSection\":[\"Deutschland\",\"Russland\"],\"inLanguage\":\"de\",\"potentialAction\":[{\"@type\":\"CommentAction\",\"name\":\"Comment\",\"target\":[\"https:\\\/\\\/now-news.de\\\/de\\\/deutschland\\\/crew-evakuiert-russland-greift-deutschen-frachter-emil-mit-drohnen-an-video\\\/#respond\"]}]},{\"@type\":\"WebPage\",\"@id\":\"https:\\\/\\\/now-news.de\\\/de\\\/deutschland\\\/crew-evakuiert-russland-greift-deutschen-frachter-emil-mit-drohnen-an-video\\\/\",\"url\":\"https:\\\/\\\/now-news.de\\\/de\\\/deutschland\\\/crew-evakuiert-russland-greift-deutschen-frachter-emil-mit-drohnen-an-video\\\/\",\"name\":\"Crew evakuiert: Russland greift deutschen Frachter Emil mit Drohnen an (VIDEO) - just-now.NEWS Deutschland\",\"isPartOf\":{\"@id\":\"https:\\\/\\\/now-news.de\\\/de\\\/#website\"},\"primaryImageOfPage\":{\"@id\":\"https:\\\/\\\/now-news.de\\\/de\\\/deutschland\\\/crew-evakuiert-russland-greift-deutschen-frachter-emil-mit-drohnen-an-video\\\/#primaryimage\"},\"image\":{\"@id\":\"https:\\\/\\\/now-news.de\\\/de\\\/deutschland\\\/crew-evakuiert-russland-greift-deutschen-frachter-emil-mit-drohnen-an-video\\\/#primaryimage\"},\"thumbnailUrl\":\"https:\\\/\\\/now-news.de\\\/de\\\/wp-content\\\/uploads\\\/sites\\\/3\\\/2026\\\/08\\\/Crew-evakuiert-Russland-greift-deutschen-Frachter-Emil-mit-Drohnen-an.JPG\",\"datePublished\":\"2026-08-06T15:51:00+00:00\",\"breadcrumb\":{\"@id\":\"https:\\\/\\\/now-news.de\\\/de\\\/deutschland\\\/crew-evakuiert-russland-greift-deutschen-frachter-emil-mit-drohnen-an-video\\\/#breadcrumb\"},\"inLanguage\":\"de\",\"potentialAction\":[{\"@type\":\"ReadAction\",\"target\":[\"https:\\\/\\\/now-news.de\\\/de\\\/deutschland\\\/crew-evakuiert-russland-greift-deutschen-frachter-emil-mit-drohnen-an-video\\\/\"]}]},{\"@type\":\"ImageObject\",\"inLanguage\":\"de\",\"@id\":\"https:\\\/\\\/now-news.de\\\/de\\\/deutschland\\\/crew-evakuiert-russland-greift-deutschen-frachter-emil-mit-drohnen-an-video\\\/#primaryimage\",\"url\":\"https:\\\/\\\/now-news.de\\\/de\\\/wp-content\\\/uploads\\\/sites\\\/3\\\/2026\\\/08\\\/Crew-evakuiert-Russland-greift-deutschen-Frachter-Emil-mit-Drohnen-an.JPG\",\"contentUrl\":\"https:\\\/\\\/now-news.de\\\/de\\\/wp-content\\\/uploads\\\/sites\\\/3\\\/2026\\\/08\\\/Crew-evakuiert-Russland-greift-deutschen-Frachter-Emil-mit-Drohnen-an.JPG\",\"width\":460,\"height\":259,\"caption\":\"Crew evakuiert: Russland greift deutschen Frachter Emil mit Drohnen an (VIDEO)\"},{\"@type\":\"BreadcrumbList\",\"@id\":\"https:\\\/\\\/now-news.de\\\/de\\\/deutschland\\\/crew-evakuiert-russland-greift-deutschen-frachter-emil-mit-drohnen-an-video\\\/#breadcrumb\",\"itemListElement\":[{\"@type\":\"ListItem\",\"position\":1,\"name\":\"Home\",\"item\":\"https:\\\/\\\/now-news.de\\\/de\\\/\"},{\"@type\":\"ListItem\",\"position\":2,\"name\":\"Crew evakuiert: Russland greift deutschen Frachter Emil mit Drohnen an (VIDEO)\"}]},{\"@type\":\"WebSite\",\"@id\":\"https:\\\/\\\/now-news.de\\\/de\\\/#website\",\"url\":\"https:\\\/\\\/now-news.de\\\/de\\\/\",\"name\":\"just-now.NEWS Deutschland\",\"description\":\"Das Portal f\u00fcr unzensierte Nachrichten aus der Welt\",\"publisher\":{\"@id\":\"https:\\\/\\\/now-news.de\\\/de\\\/#organization\"},\"potentialAction\":[{\"@type\":\"SearchAction\",\"target\":{\"@type\":\"EntryPoint\",\"urlTemplate\":\"https:\\\/\\\/now-news.de\\\/de\\\/?s={search_term_string}\"},\"query-input\":{\"@type\":\"PropertyValueSpecification\",\"valueRequired\":true,\"valueName\":\"search_term_string\"}}],\"inLanguage\":\"de\"},{\"@type\":\"Organization\",\"@id\":\"https:\\\/\\\/now-news.de\\\/de\\\/#organization\",\"name\":\"Just Now News\",\"url\":\"https:\\\/\\\/now-news.de\\\/de\\\/\",\"logo\":{\"@type\":\"ImageObject\",\"inLanguage\":\"de\",\"@id\":\"https:\\\/\\\/now-news.de\\\/de\\\/#\\\/schema\\\/logo\\\/image\\\/\",\"url\":\"http:\\\/\\\/just-now.news\\\/de\\\/wp-content\\\/uploads\\\/sites\\\/3\\\/2022\\\/04\\\/logo500x500.jpg\",\"contentUrl\":\"http:\\\/\\\/just-now.news\\\/de\\\/wp-content\\\/uploads\\\/sites\\\/3\\\/2022\\\/04\\\/logo500x500.jpg\",\"width\":500,\"height\":500,\"caption\":\"Just Now News\"},\"image\":{\"@id\":\"https:\\\/\\\/now-news.de\\\/de\\\/#\\\/schema\\\/logo\\\/image\\\/\"},\"sameAs\":[\"https:\\\/\\\/www.facebook.com\\\/wirmachenauf\",\"https:\\\/\\\/x.com\\\/WirMachenAuf_de\"]},{\"@type\":\"Person\",\"@id\":\"https:\\\/\\\/now-news.de\\\/de\\\/#\\\/schema\\\/person\\\/fb534a4e865501d8b3285208df34a9b5\",\"name\":\"rtnews\",\"image\":{\"@type\":\"ImageObject\",\"inLanguage\":\"de\",\"@id\":\"https:\\\/\\\/secure.gravatar.com\\\/avatar\\\/358fe31b3ab5769fea05376e1953329834cd9912cf9daf607e2af3076a1b982b?s=96&d=mm&r=g\",\"url\":\"https:\\\/\\\/secure.gravatar.com\\\/avatar\\\/358fe31b3ab5769fea05376e1953329834cd9912cf9daf607e2af3076a1b982b?s=96&d=mm&r=g\",\"contentUrl\":\"https:\\\/\\\/secure.gravatar.com\\\/avatar\\\/358fe31b3ab5769fea05376e1953329834cd9912cf9daf607e2af3076a1b982b?s=96&d=mm&r=g\",\"caption\":\"rtnews\"},\"url\":\"https:\\\/\\\/now-news.de\\\/de\\\/author\\\/rnews\\\/\"}]}<\/script>\n<!-- \/ Yoast SEO Premium plugin. -->","yoast_head_json":{"title":"Crew evakuiert: Russland greift deutschen Frachter Emil mit Drohnen an (VIDEO) - just-now.NEWS Deutschland","robots":{"index":"index","follow":"follow","max-snippet":"max-snippet:-1","max-image-preview":"max-image-preview:large","max-video-preview":"max-video-preview:-1"},"canonical":"https:\/\/now-news.de\/de\/deutschland\/crew-evakuiert-russland-greift-deutschen-frachter-emil-mit-drohnen-an-video\/","og_locale":"de_DE","og_type":"article","og_title":"Crew evakuiert: Russland greift deutschen Frachter Emil mit Drohnen an (VIDEO)","og_description":"Russland setzt seine Vergeltungskampagne im Schwarzen Meer fort und hat damit den Seehandel der Ukraine praktisch unterbunden. Am Mittwoch griff die russische Armee zwei Frachter in der N\u00e4he von Odessa an. Wie vom russischen Verteidigungsministerium ver\u00f6ffentliche Aufnahmen best\u00e4tigen, war eines der Schiffe die deutsche Emil Russland hat nach eigenen Angaben am Mittwoch mehrere Frachter im [&hellip;]","og_url":"https:\/\/now-news.de\/de\/deutschland\/crew-evakuiert-russland-greift-deutschen-frachter-emil-mit-drohnen-an-video\/","og_site_name":"just-now.NEWS Deutschland","article_publisher":"https:\/\/www.facebook.com\/wirmachenauf","article_published_time":"2026-08-06T15:51:00+00:00","og_image":[{"url":"https:\/\/now-news.de\/de\/wp-content\/uploads\/sites\/3\/2026\/08\/6a74972848fbef27061eb6ba.JPG","type":"","width":"","height":""}],"author":"rtnews","twitter_card":"summary_large_image","twitter_creator":"@WirMachenAuf_de","twitter_site":"@WirMachenAuf_de","twitter_misc":{"Verfasst von":"rtnews","Gesch\u00e4tzte Lesezeit":"1\u00a0Minute"},"schema":{"@context":"https:\/\/schema.org","@graph":[{"@type":"Article","@id":"https:\/\/now-news.de\/de\/deutschland\/crew-evakuiert-russland-greift-deutschen-frachter-emil-mit-drohnen-an-video\/#article","isPartOf":{"@id":"https:\/\/now-news.de\/de\/deutschland\/crew-evakuiert-russland-greift-deutschen-frachter-emil-mit-drohnen-an-video\/"},"author":{"name":"rtnews","@id":"https:\/\/now-news.de\/de\/#\/schema\/person\/fb534a4e865501d8b3285208df34a9b5"},"headline":"Crew evakuiert: Russland greift deutschen Frachter Emil mit Drohnen an (VIDEO)","datePublished":"2026-08-06T15:51:00+00:00","mainEntityOfPage":{"@id":"https:\/\/now-news.de\/de\/deutschland\/crew-evakuiert-russland-greift-deutschen-frachter-emil-mit-drohnen-an-video\/"},"wordCount":265,"commentCount":0,"publisher":{"@id":"https:\/\/now-news.de\/de\/#organization"},"image":{"@id":"https:\/\/now-news.de\/de\/deutschland\/crew-evakuiert-russland-greift-deutschen-frachter-emil-mit-drohnen-an-video\/#primaryimage"},"thumbnailUrl":"https:\/\/now-news.de\/de\/wp-content\/uploads\/sites\/3\/2026\/08\/Crew-evakuiert-Russland-greift-deutschen-Frachter-Emil-mit-Drohnen-an.JPG","keywords":["Crew","Deutschen","Drohnen","Emil","evakuiert","Frachter","greift","mit","russland","Video"],"articleSection":["Deutschland","Russland"],"inLanguage":"de","potentialAction":[{"@type":"CommentAction","name":"Comment","target":["https:\/\/now-news.de\/de\/deutschland\/crew-evakuiert-russland-greift-deutschen-frachter-emil-mit-drohnen-an-video\/#respond"]}]},{"@type":"WebPage","@id":"https:\/\/now-news.de\/de\/deutschland\/crew-evakuiert-russland-greift-deutschen-frachter-emil-mit-drohnen-an-video\/","url":"https:\/\/now-news.de\/de\/deutschland\/crew-evakuiert-russland-greift-deutschen-frachter-emil-mit-drohnen-an-video\/","name":"Crew evakuiert: Russland greift deutschen Frachter Emil mit Drohnen an (VIDEO) - just-now.NEWS Deutschland","isPartOf":{"@id":"https:\/\/now-news.de\/de\/#website"},"primaryImageOfPage":{"@id":"https:\/\/now-news.de\/de\/deutschland\/crew-evakuiert-russland-greift-deutschen-frachter-emil-mit-drohnen-an-video\/#primaryimage"},"image":{"@id":"https:\/\/now-news.de\/de\/deutschland\/crew-evakuiert-russland-greift-deutschen-frachter-emil-mit-drohnen-an-video\/#primaryimage"},"thumbnailUrl":"https:\/\/now-news.de\/de\/wp-content\/uploads\/sites\/3\/2026\/08\/Crew-evakuiert-Russland-greift-deutschen-Frachter-Emil-mit-Drohnen-an.JPG","datePublished":"2026-08-06T15:51:00+00:00","breadcrumb":{"@id":"https:\/\/now-news.de\/de\/deutschland\/crew-evakuiert-russland-greift-deutschen-frachter-emil-mit-drohnen-an-video\/#breadcrumb"},"inLanguage":"de","potentialAction":[{"@type":"ReadAction","target":["https:\/\/now-news.de\/de\/deutschland\/crew-evakuiert-russland-greift-deutschen-frachter-emil-mit-drohnen-an-video\/"]}]},{"@type":"ImageObject","inLanguage":"de","@id":"https:\/\/now-news.de\/de\/deutschland\/crew-evakuiert-russland-greift-deutschen-frachter-emil-mit-drohnen-an-video\/#primaryimage","url":"https:\/\/now-news.de\/de\/wp-content\/uploads\/sites\/3\/2026\/08\/Crew-evakuiert-Russland-greift-deutschen-Frachter-Emil-mit-Drohnen-an.JPG","contentUrl":"https:\/\/now-news.de\/de\/wp-content\/uploads\/sites\/3\/2026\/08\/Crew-evakuiert-Russland-greift-deutschen-Frachter-Emil-mit-Drohnen-an.JPG","width":460,"height":259,"caption":"Crew evakuiert: Russland greift deutschen Frachter Emil mit Drohnen an (VIDEO)"},{"@type":"BreadcrumbList","@id":"https:\/\/now-news.de\/de\/deutschland\/crew-evakuiert-russland-greift-deutschen-frachter-emil-mit-drohnen-an-video\/#breadcrumb","itemListElement":[{"@type":"ListItem","position":1,"name":"Home","item":"https:\/\/now-news.de\/de\/"},{"@type":"ListItem","position":2,"name":"Crew evakuiert: Russland greift deutschen Frachter Emil mit Drohnen an (VIDEO)"}]},{"@type":"WebSite","@id":"https:\/\/now-news.de\/de\/#website","url":"https:\/\/now-news.de\/de\/","name":"just-now.NEWS Deutschland","description":"Das Portal f\u00fcr unzensierte Nachrichten aus der Welt","publisher":{"@id":"https:\/\/now-news.de\/de\/#organization"},"potentialAction":[{"@type":"SearchAction","target":{"@type":"EntryPoint","urlTemplate":"https:\/\/now-news.de\/de\/?s={search_term_string}"},"query-input":{"@type":"PropertyValueSpecification","valueRequired":true,"valueName":"search_term_string"}}],"inLanguage":"de"},{"@type":"Organization","@id":"https:\/\/now-news.de\/de\/#organization","name":"Just Now News","url":"https:\/\/now-news.de\/de\/","logo":{"@type":"ImageObject","inLanguage":"de","@id":"https:\/\/now-news.de\/de\/#\/schema\/logo\/image\/","url":"http:\/\/just-now.news\/de\/wp-content\/uploads\/sites\/3\/2022\/04\/logo500x500.jpg","contentUrl":"http:\/\/just-now.news\/de\/wp-content\/uploads\/sites\/3\/2022\/04\/logo500x500.jpg","width":500,"height":500,"caption":"Just Now News"},"image":{"@id":"https:\/\/now-news.de\/de\/#\/schema\/logo\/image\/"},"sameAs":["https:\/\/www.facebook.com\/wirmachenauf","https:\/\/x.com\/WirMachenAuf_de"]},{"@type":"Person","@id":"https:\/\/now-news.de\/de\/#\/schema\/person\/fb534a4e865501d8b3285208df34a9b5","name":"rtnews","image":{"@type":"ImageObject","inLanguage":"de","@id":"https:\/\/secure.gravatar.com\/avatar\/358fe31b3ab5769fea05376e1953329834cd9912cf9daf607e2af3076a1b982b?s=96&d=mm&r=g","url":"https:\/\/secure.gravatar.com\/avatar\/358fe31b3ab5769fea05376e1953329834cd9912cf9daf607e2af3076a1b982b?s=96&d=mm&r=g","contentUrl":"https:\/\/secure.gravatar.com\/avatar\/358fe31b3ab5769fea05376e1953329834cd9912cf9daf607e2af3076a1b982b?s=96&d=mm&r=g","caption":"rtnews"},"url":"https:\/\/now-news.de\/de\/author\/rnews\/"}]}},"_links":{"self":[{"href":"https:\/\/now-news.de\/de\/wp-json\/wp\/v2\/posts\/108213","targetHints":{"allow":["GET"]}}],"collection":[{"href":"https:\/\/now-news.de\/de\/wp-json\/wp\/v2\/posts"}],"about":[{"href":"https:\/\/now-news.de\/de\/wp-json\/wp\/v2\/types\/post"}],"author":[{"embeddable":true,"href":"https:\/\/now-news.de\/de\/wp-json\/wp\/v2\/users\/3"}],"replies":[{"embeddable":true,"href":"https:\/\/now-news.de\/de\/wp-json\/wp\/v2\/comments?post=108213"}],"version-history":[{"count":0,"href":"https:\/\/now-news.de\/de\/wp-json\/wp\/v2\/posts\/108213\/revisions"}],"wp:featuredmedia":[{"embeddable":true,"href":"https:\/\/now-news.de\/de\/wp-json\/wp\/v2\/media\/108214"}],"wp:attachment":[{"href":"https:\/\/now-news.de\/de\/wp-json\/wp\/v2\/media?parent=108213"}],"wp:term":[{"taxonomy":"category","embeddable":true,"href":"https:\/\/now-news.de\/de\/wp-json\/wp\/v2\/categories?post=108213"},{"taxonomy":"post_tag","embeddable":true,"href":"https:\/\/now-news.de\/de\/wp-json\/wp\/v2\/tags?post=108213"}],"curies":[{"name":"wp","href":"https:\/\/api.w.org\/{rel}","templated":true}]}}