{"id":1079,"date":"2022-04-19T04:17:17","date_gmt":"2022-04-19T05:17:17","guid":{"rendered":"http:\/\/just-now.news\/de\/deutschland\/iran-droht-mit-angriffen-im-zentrum-israels\/"},"modified":"2022-04-19T04:17:17","modified_gmt":"2022-04-19T05:17:17","slug":"iran-droht-mit-angriffen-im-zentrum-israels","status":"publish","type":"post","link":"https:\/\/now-news.de\/de\/deutschland\/iran-droht-mit-angriffen-im-zentrum-israels\/","title":{"rendered":"Iran droht mit Angriffen im Zentrum Israels"},"content":{"rendered":"<div class=\"Text-root Text-type_5 ArticleView-text ViewText-root \">\n<p>Der iranische Pr\u00e4sident Ebrahim Raisi hat Israel gewarnt, dass selbst ein kleiner Fehler &#8220;die Reaktion Irans im Zentrum ihres Regimes&#8221; ausl\u00f6sen werde. Iran beobachte die israelischen Aktivit\u00e4ten genau, wie die iranische Nachrichtenagentur <em>Tasnim<\/em> berichtete.<\/p>\n<div class=\"ReadMore-root Section-root Section-is1to3-xs_is1to1\" data-widgets=\"ReadMore\" data-has-alias>\n<div class=\"Section-container Section-isRow-isTop-isWrap\">\n<article class=\"Card-root Card-is1to1 \">\n<div class=\"Card-imageWrap\">\n<div class=\"Card-picture\">\n<picture class=\"Picture-root Picture-default\"><!--[if IE 9]><video style=\"display: none;\"><![endif]--><source media=\"(-webkit-min-device-pixel-ratio: 2) and (min-resolution: 120dpi)\" data-srcset=\" \nhttps:\/\/cdni.russiatoday.com\/deutsch\/images\/2022.04\/thumbnail\/625ab24ab480cc70ee496997.jpg 850w,\n                https:\/\/cdni.russiatoday.com\/deutsch\/images\/2022.04\/article\/625ab24ab480cc70ee496997.jpg 1960w,\n            \" srcset=\"data:image\/png;base64,iVBORw0KGgoAAAANSUhEUgAAABAAAAAJCAQAAACRI2S5AAAAEElEQVR42mNkIAAYRxWAAQAG9gAKqv6+AwAAAABJRU5ErkJggg==\"><source data-srcset=\" \nhttps:\/\/cdni.russiatoday.com\/deutsch\/images\/2022.04\/thumbnail\/625ab24ab480cc70ee496997.jpg 460w,\n              https:\/\/cdni.russiatoday.com\/deutsch\/images\/2022.04\/article\/625ab24ab480cc70ee496997.jpg 980w,\n            \" srcset=\"data:image\/png;base64,iVBORw0KGgoAAAANSUhEUgAAABAAAAAJCAQAAACRI2S5AAAAEElEQVR42mNkIAAYRxWAAQAG9gAKqv6+AwAAAABJRU5ErkJggg==\"><!--[if IE 9]><\/video><![endif]--><\/source><\/source><\/picture><!-- noscript pattern --><noscript><img decoding=\"async\" src=\"https:\/\/cdni.russiatoday.com\/deutsch\/images\/2022.04\/article\/625ab24ab480cc70ee496997.jpg\" alt=\"Israel w\u00fcnscht sich bessere Beziehungen zwischen USA und Saudi-Arabien\"><\/noscript>    <\/div><\/div>\n<div class=\"Card-contentWrap\">\n<div class=\"Card-content\">\n<div class=\"Card-title\">\n<div class=\"HeaderNews-root HeaderNews-type_6 \">\n<p>            <a target=\"_blank\" href=\"https:\/\/de.rt.com\/der-nahe-osten\/136337-israel-wunscht-sich-bessere-beziehungen\/\" class=\"Link-root Link-isFullCard \" rel=\"noopener\"><br \/>\n                Israel w\u00fcnscht sich bessere Beziehungen zwischen USA und Saudi-Arabien<br \/>\n            <\/a><\/p><\/div><\/div><\/div><\/div>\n<\/article>\n<\/div><\/div>\n<p>In seiner Ansprache w\u00e4hrend der Milit\u00e4rparaden, die am Montag in der Landeshauptstadt Teheran anl\u00e4sslich des Nationalen Armeetages stattfanden, sagte Raisi, die iranischen Streitkr\u00e4fte h\u00e4tten ihre F\u00e4higkeiten so gut ausgebaut, dass die milit\u00e4rische Macht Irans in der Region bekannt geworden sei.<\/p>\n<p>Der Pr\u00e4sident hob die Kampfbereitschaft der iranischen Streitkr\u00e4fte hervor und machte deutlich, dass Iran \u00fcber die Abschreckungskraft verf\u00fcge, sich jeder feindlichen Bewegung entgegenzustellen. Der iranische Regierungschef f\u00fcgte hinzu:<\/p>\n<blockquote>\n<p><em>&#8220;Nicht eine kleine Bewegung des Feindes bleibt vor den scharfen Augen der iranischen Streitkr\u00e4fte verborgen.&#8221;<\/em><\/p>\n<\/blockquote>\n<p>Anfang April hatte der Generalstabschef der iranischen Streitkr\u00e4fte, Generalmajor Mohammad Hossein Baqeri, erkl\u00e4rt, alle iranischen Streitkr\u00e4fte seien bereit, auf jede Bedrohung auf jeder Ebene so entschlossen und vernichtend zu reagieren, dass die \u201eFeinde Irans\u201c es bereuen w\u00fcrden, feindliche Ma\u00dfnahmen gegen die islamische Ordnung im Iran zu ergreifen.<\/p>\n<p>Der Pr\u00e4sident erinnerte die israelische Regierung daran, dass die iranischen Sicherheitskr\u00e4fte deren Aktivit\u00e4ten \u00fcberwachen werden, w\u00e4hrend Tel Aviv auf eine Normalisierung der Beziehungen zu einer Reihe von L\u00e4ndern in der Region dr\u00e4nge. Raisi <em>erkl\u00e4rte:<\/em><\/p>\n<blockquote>\n<p><em>&#8220;Wenn sie (die Israelis) den kleinsten Fehler begehen, wird unsere Antwort im Zentrum des zionistischen Regimes erfolgen und unsere Streitkr\u00e4fte werden sie nicht in Ruhe lassen.&#8221;<\/em><\/p>\n<\/blockquote>\n<div class=\"ReadMore-root Section-root Section-is1to3-xs_is1to1\" data-widgets=\"ReadMore\" data-has-alias>\n<div class=\"Section-container Section-isRow-isTop-isWrap\">\n<article class=\"Card-root Card-is1to1 \">\n<div class=\"Card-imageWrap\">\n<div class=\"Card-picture\">\n<picture class=\"Picture-root Picture-default\"><!--[if IE 9]><video style=\"display: none;\"><![endif]--><source media=\"(-webkit-min-device-pixel-ratio: 2) and (min-resolution: 120dpi)\" data-srcset=\" \nhttps:\/\/cdni.russiatoday.com\/deutsch\/images\/2022.04\/thumbnail\/625a697a48fbef42a32515ac.jpg 850w,\n                https:\/\/cdni.russiatoday.com\/deutsch\/images\/2022.04\/article\/625a697a48fbef42a32515ac.jpg 1960w,\n            \" srcset=\"data:image\/png;base64,iVBORw0KGgoAAAANSUhEUgAAABAAAAAJCAQAAACRI2S5AAAAEElEQVR42mNkIAAYRxWAAQAG9gAKqv6+AwAAAABJRU5ErkJggg==\"><source data-srcset=\" \nhttps:\/\/cdni.russiatoday.com\/deutsch\/images\/2022.04\/thumbnail\/625a697a48fbef42a32515ac.jpg 460w,\n              https:\/\/cdni.russiatoday.com\/deutsch\/images\/2022.04\/article\/625a697a48fbef42a32515ac.jpg 980w,\n            \" srcset=\"data:image\/png;base64,iVBORw0KGgoAAAANSUhEUgAAABAAAAAJCAQAAACRI2S5AAAAEElEQVR42mNkIAAYRxWAAQAG9gAKqv6+AwAAAABJRU5ErkJggg==\"><!--[if IE 9]><\/video><![endif]--><img decoding=\"async\" data-sizes=\"auto\" src=\"data:image\/png;base64,iVBORw0KGgoAAAANSUhEUgAAABAAAAAJCAQAAACRI2S5AAAAEElEQVR42mNkIAAYRxWAAQAG9gAKqv6+AwAAAABJRU5ErkJggg==\" class=\"Picture-root Picture-default lazyload\" data-src=\"https:\/\/cdni.russiatoday.com\/deutsch\/images\/2022.04\/thumbnail\/625a697a48fbef42a32515ac.jpg\" alt=\"Israel greift erneut Ziele in Syrien von besetzten Golan-H\u00f6hen aus an\"><\/source><\/source><\/picture><!-- noscript pattern --><noscript><img decoding=\"async\" src=\"https:\/\/cdni.russiatoday.com\/deutsch\/images\/2022.04\/article\/625a697a48fbef42a32515ac.jpg\" alt=\"Israel greift erneut Ziele in Syrien von besetzten Golan-H\u00f6hen aus an\"><\/noscript>    <\/div><\/div>\n<div class=\"Card-contentWrap\">\n<div class=\"Card-content\">\n<div class=\"Card-title\">\n<div class=\"HeaderNews-root HeaderNews-type_6 \">\n<p>            <a target=\"_blank\" href=\"https:\/\/de.rt.com\/der-nahe-osten\/136324-israel-greift-erneut-ziele-in\/\" class=\"Link-root Link-isFullCard \" rel=\"noopener\"><br \/>\n                Israel greift erneut Ziele in Syrien von besetzten Golan-H\u00f6hen aus an<br \/>\n            <\/a><\/p><\/div><\/div><\/div><\/div>\n<\/article>\n<\/div><\/div>\n<p>Der iranische Pr\u00e4sident verwies zudem auf das Eingest\u00e4ndnis des Sprechers des Wei\u00dfen Hauses, dass die einseitigen Sanktionen gegen den Iran gescheitert seien, und sagte, ein solches Schicksal erwarte alle Feinde des Iran.<\/p>\n<p>In einer Stellungnahme vom Dezember 2021 hatte Raisi die \u201eFeinde Irans\u201c gewarnt, jeder kriegerische Schritt gegen Teheran werde eine so entschlossene Antwort der iranischen Streitkr\u00e4fte nach sich ziehen, dass sich die strategischen Gleichgewichte erheblich ver\u00e4ndern w\u00fcrden.<\/p>\n<p><strong>Mehr zum Thema<\/strong> \u2013 <a target=\"_blank\" href=\"https:\/\/de.rt.com\/international\/135822-atomverhandlungen-eliteeinheit-iranischen-revolutionsgarde-soll\/\" rel=\"noopener\">Atomverhandlungen: Eliteeinheit der iranischen Revolutionsgarde soll auf Terrorliste der USA bleiben<\/a><\/p>\n<\/div>\n<p><br \/>\n<br \/><a href=\"https:\/\/de.rt.com\/der-nahe-osten\/136424-teheran-warnt-tel-aviv-sogar\/\">Source link <\/a><\/p>\n","protected":false},"excerpt":{"rendered":"<p>Der iranische Pr\u00e4sident Ebrahim Raisi hat Israel gewarnt, dass selbst ein kleiner Fehler &#8220;die Reaktion Irans im Zentrum ihres Regimes&#8221; ausl\u00f6sen werde. Iran beobachte die israelischen Aktivit\u00e4ten genau, wie die iranische Nachrichtenagentur Tasnim berichtete. Israel w\u00fcnscht sich bessere Beziehungen zwischen USA und Saudi-Arabien In seiner Ansprache w\u00e4hrend der Milit\u00e4rparaden, die am Montag in der Landeshauptstadt [&hellip;]<\/p>\n","protected":false},"author":3,"featured_media":1080,"comment_status":"open","ping_status":"open","sticky":false,"template":"","format":"standard","meta":{"wp_automatic_camp":["217"],"90e85b5b1f4980ce5a99fd8cdcd7130e":["Iran droht mit Angriffen im Zentrum Israels"],"original_link":["https:\/\/de.rt.com\/der-nahe-osten\/136424-teheran-warnt-tel-aviv-sogar\/"],"_thumbnail_id":["1080"],"wp_automatic_remove_first_image":["yes"],"_wptg_p2tg_sent2tg":["2022-04-19 04:18:43"],"jnews_social_counter_last_update":["1777272096"]},"categories":[19,23],"tags":[3013,44,1786,3015,419,3014],"yoast_head":"<!-- This site is optimized with the Yoast SEO Premium plugin v22.7 (Yoast SEO v22.7) - https:\/\/yoast.com\/wordpress\/plugins\/seo\/ -->\n<title>Iran droht mit Angriffen im Zentrum Israels - just-now.NEWS Deutschland<\/title>\n<meta name=\"robots\" content=\"index, follow, max-snippet:-1, max-image-preview:large, max-video-preview:-1\" \/>\n<link rel=\"canonical\" href=\"https:\/\/now-news.de\/de\/deutschland\/iran-droht-mit-angriffen-im-zentrum-israels\/\" \/>\n<meta property=\"og:locale\" content=\"de_DE\" \/>\n<meta property=\"og:type\" content=\"article\" \/>\n<meta property=\"og:title\" content=\"Iran droht mit Angriffen im Zentrum Israels\" \/>\n<meta property=\"og:description\" content=\"Der iranische Pr\u00e4sident Ebrahim Raisi hat Israel gewarnt, dass selbst ein kleiner Fehler &#8220;die Reaktion Irans im Zentrum ihres Regimes&#8221; ausl\u00f6sen werde. Iran beobachte die israelischen Aktivit\u00e4ten genau, wie die iranische Nachrichtenagentur Tasnim berichtete. Israel w\u00fcnscht sich bessere Beziehungen zwischen USA und Saudi-Arabien In seiner Ansprache w\u00e4hrend der Milit\u00e4rparaden, die am Montag in der Landeshauptstadt [&hellip;]\" \/>\n<meta property=\"og:url\" content=\"https:\/\/now-news.de\/de\/deutschland\/iran-droht-mit-angriffen-im-zentrum-israels\/\" \/>\n<meta property=\"og:site_name\" content=\"just-now.NEWS Deutschland\" \/>\n<meta property=\"article:publisher\" content=\"https:\/\/www.facebook.com\/wirmachenauf\" \/>\n<meta property=\"article:published_time\" content=\"2022-04-19T05:17:17+00:00\" \/>\n<meta property=\"og:image\" content=\"https:\/\/now-news.de\/de\/wp-content\/uploads\/sites\/3\/2022\/04\/Iran-droht-mit-Angriffen-im-Zentrum-Israels.jpg\" \/>\n\t<meta property=\"og:image:width\" content=\"1104\" \/>\n\t<meta property=\"og:image:height\" content=\"622\" \/>\n\t<meta property=\"og:image:type\" content=\"image\/jpeg\" \/>\n<meta name=\"author\" content=\"rtnews\" \/>\n<meta name=\"twitter:card\" content=\"summary_large_image\" \/>\n<meta name=\"twitter:creator\" content=\"@WirMachenAuf_de\" \/>\n<meta name=\"twitter:site\" content=\"@WirMachenAuf_de\" \/>\n<meta name=\"twitter:label1\" content=\"Verfasst von\" \/>\n\t<meta name=\"twitter:data1\" content=\"rtnews\" \/>\n\t<meta name=\"twitter:label2\" content=\"Gesch\u00e4tzte Lesezeit\" \/>\n\t<meta name=\"twitter:data2\" content=\"2\u00a0Minuten\" \/>\n<script type=\"application\/ld+json\" class=\"yoast-schema-graph\">{\"@context\":\"https:\/\/schema.org\",\"@graph\":[{\"@type\":\"Article\",\"@id\":\"https:\/\/now-news.de\/de\/deutschland\/iran-droht-mit-angriffen-im-zentrum-israels\/#article\",\"isPartOf\":{\"@id\":\"https:\/\/now-news.de\/de\/deutschland\/iran-droht-mit-angriffen-im-zentrum-israels\/\"},\"author\":{\"name\":\"rtnews\",\"@id\":\"https:\/\/now-news.de\/de\/#\/schema\/person\/fb534a4e865501d8b3285208df34a9b5\"},\"headline\":\"Iran droht mit Angriffen im Zentrum Israels\",\"datePublished\":\"2022-04-19T05:17:17+00:00\",\"dateModified\":\"2022-04-19T05:17:17+00:00\",\"mainEntityOfPage\":{\"@id\":\"https:\/\/now-news.de\/de\/deutschland\/iran-droht-mit-angriffen-im-zentrum-israels\/\"},\"wordCount\":371,\"commentCount\":0,\"publisher\":{\"@id\":\"https:\/\/now-news.de\/de\/#organization\"},\"image\":{\"@id\":\"https:\/\/now-news.de\/de\/deutschland\/iran-droht-mit-angriffen-im-zentrum-israels\/#primaryimage\"},\"thumbnailUrl\":\"https:\/\/now-news.de\/de\/wp-content\/uploads\/sites\/3\/2022\/04\/Iran-droht-mit-Angriffen-im-Zentrum-Israels.jpg\",\"keywords\":[\"Angriffen\",\"droht\",\"Iran\",\"Israels\",\"mit\",\"Zentrum\"],\"articleSection\":[\"Deutschland\",\"Russland\"],\"inLanguage\":\"de\",\"potentialAction\":[{\"@type\":\"CommentAction\",\"name\":\"Comment\",\"target\":[\"https:\/\/now-news.de\/de\/deutschland\/iran-droht-mit-angriffen-im-zentrum-israels\/#respond\"]}]},{\"@type\":\"WebPage\",\"@id\":\"https:\/\/now-news.de\/de\/deutschland\/iran-droht-mit-angriffen-im-zentrum-israels\/\",\"url\":\"https:\/\/now-news.de\/de\/deutschland\/iran-droht-mit-angriffen-im-zentrum-israels\/\",\"name\":\"Iran droht mit Angriffen im Zentrum Israels - just-now.NEWS Deutschland\",\"isPartOf\":{\"@id\":\"https:\/\/now-news.de\/de\/#website\"},\"primaryImageOfPage\":{\"@id\":\"https:\/\/now-news.de\/de\/deutschland\/iran-droht-mit-angriffen-im-zentrum-israels\/#primaryimage\"},\"image\":{\"@id\":\"https:\/\/now-news.de\/de\/deutschland\/iran-droht-mit-angriffen-im-zentrum-israels\/#primaryimage\"},\"thumbnailUrl\":\"https:\/\/now-news.de\/de\/wp-content\/uploads\/sites\/3\/2022\/04\/Iran-droht-mit-Angriffen-im-Zentrum-Israels.jpg\",\"datePublished\":\"2022-04-19T05:17:17+00:00\",\"dateModified\":\"2022-04-19T05:17:17+00:00\",\"breadcrumb\":{\"@id\":\"https:\/\/now-news.de\/de\/deutschland\/iran-droht-mit-angriffen-im-zentrum-israels\/#breadcrumb\"},\"inLanguage\":\"de\",\"potentialAction\":[{\"@type\":\"ReadAction\",\"target\":[\"https:\/\/now-news.de\/de\/deutschland\/iran-droht-mit-angriffen-im-zentrum-israels\/\"]}]},{\"@type\":\"ImageObject\",\"inLanguage\":\"de\",\"@id\":\"https:\/\/now-news.de\/de\/deutschland\/iran-droht-mit-angriffen-im-zentrum-israels\/#primaryimage\",\"url\":\"https:\/\/now-news.de\/de\/wp-content\/uploads\/sites\/3\/2022\/04\/Iran-droht-mit-Angriffen-im-Zentrum-Israels.jpg\",\"contentUrl\":\"https:\/\/now-news.de\/de\/wp-content\/uploads\/sites\/3\/2022\/04\/Iran-droht-mit-Angriffen-im-Zentrum-Israels.jpg\",\"width\":1104,\"height\":622,\"caption\":\"Iran droht mit Angriffen im Zentrum Israels\"},{\"@type\":\"BreadcrumbList\",\"@id\":\"https:\/\/now-news.de\/de\/deutschland\/iran-droht-mit-angriffen-im-zentrum-israels\/#breadcrumb\",\"itemListElement\":[{\"@type\":\"ListItem\",\"position\":1,\"name\":\"Home\",\"item\":\"https:\/\/now-news.de\/de\/\"},{\"@type\":\"ListItem\",\"position\":2,\"name\":\"Iran droht mit Angriffen im Zentrum Israels\"}]},{\"@type\":\"WebSite\",\"@id\":\"https:\/\/now-news.de\/de\/#website\",\"url\":\"https:\/\/now-news.de\/de\/\",\"name\":\"just-now.NEWS Deutschland\",\"description\":\"Das Portal f\u00fcr unzensierte Nachrichten aus der Welt\",\"publisher\":{\"@id\":\"https:\/\/now-news.de\/de\/#organization\"},\"potentialAction\":[{\"@type\":\"SearchAction\",\"target\":{\"@type\":\"EntryPoint\",\"urlTemplate\":\"https:\/\/now-news.de\/de\/?s={search_term_string}\"},\"query-input\":\"required name=search_term_string\"}],\"inLanguage\":\"de\"},{\"@type\":\"Organization\",\"@id\":\"https:\/\/now-news.de\/de\/#organization\",\"name\":\"Just Now News\",\"url\":\"https:\/\/now-news.de\/de\/\",\"logo\":{\"@type\":\"ImageObject\",\"inLanguage\":\"de\",\"@id\":\"https:\/\/now-news.de\/de\/#\/schema\/logo\/image\/\",\"url\":\"http:\/\/just-now.news\/de\/wp-content\/uploads\/sites\/3\/2022\/04\/logo500x500.jpg\",\"contentUrl\":\"http:\/\/just-now.news\/de\/wp-content\/uploads\/sites\/3\/2022\/04\/logo500x500.jpg\",\"width\":500,\"height\":500,\"caption\":\"Just Now News\"},\"image\":{\"@id\":\"https:\/\/now-news.de\/de\/#\/schema\/logo\/image\/\"},\"sameAs\":[\"https:\/\/www.facebook.com\/wirmachenauf\",\"https:\/\/x.com\/WirMachenAuf_de\"]},{\"@type\":\"Person\",\"@id\":\"https:\/\/now-news.de\/de\/#\/schema\/person\/fb534a4e865501d8b3285208df34a9b5\",\"name\":\"rtnews\",\"image\":{\"@type\":\"ImageObject\",\"inLanguage\":\"de\",\"@id\":\"https:\/\/now-news.de\/de\/#\/schema\/person\/image\/\",\"url\":\"https:\/\/secure.gravatar.com\/avatar\/82aafea7d8127119dd649515f56e2117?s=96&d=mm&r=g\",\"contentUrl\":\"https:\/\/secure.gravatar.com\/avatar\/82aafea7d8127119dd649515f56e2117?s=96&d=mm&r=g\",\"caption\":\"rtnews\"},\"url\":\"https:\/\/now-news.de\/de\/author\/rnews\/\"}]}<\/script>\n<!-- \/ Yoast SEO Premium plugin. -->","yoast_head_json":{"title":"Iran droht mit Angriffen im Zentrum Israels - just-now.NEWS Deutschland","robots":{"index":"index","follow":"follow","max-snippet":"max-snippet:-1","max-image-preview":"max-image-preview:large","max-video-preview":"max-video-preview:-1"},"canonical":"https:\/\/now-news.de\/de\/deutschland\/iran-droht-mit-angriffen-im-zentrum-israels\/","og_locale":"de_DE","og_type":"article","og_title":"Iran droht mit Angriffen im Zentrum Israels","og_description":"Der iranische Pr\u00e4sident Ebrahim Raisi hat Israel gewarnt, dass selbst ein kleiner Fehler &#8220;die Reaktion Irans im Zentrum ihres Regimes&#8221; ausl\u00f6sen werde. Iran beobachte die israelischen Aktivit\u00e4ten genau, wie die iranische Nachrichtenagentur Tasnim berichtete. Israel w\u00fcnscht sich bessere Beziehungen zwischen USA und Saudi-Arabien In seiner Ansprache w\u00e4hrend der Milit\u00e4rparaden, die am Montag in der Landeshauptstadt [&hellip;]","og_url":"https:\/\/now-news.de\/de\/deutschland\/iran-droht-mit-angriffen-im-zentrum-israels\/","og_site_name":"just-now.NEWS Deutschland","article_publisher":"https:\/\/www.facebook.com\/wirmachenauf","article_published_time":"2022-04-19T05:17:17+00:00","og_image":[{"width":1104,"height":622,"url":"https:\/\/now-news.de\/de\/wp-content\/uploads\/sites\/3\/2022\/04\/Iran-droht-mit-Angriffen-im-Zentrum-Israels.jpg","type":"image\/jpeg"}],"author":"rtnews","twitter_card":"summary_large_image","twitter_creator":"@WirMachenAuf_de","twitter_site":"@WirMachenAuf_de","twitter_misc":{"Verfasst von":"rtnews","Gesch\u00e4tzte Lesezeit":"2\u00a0Minuten"},"schema":{"@context":"https:\/\/schema.org","@graph":[{"@type":"Article","@id":"https:\/\/now-news.de\/de\/deutschland\/iran-droht-mit-angriffen-im-zentrum-israels\/#article","isPartOf":{"@id":"https:\/\/now-news.de\/de\/deutschland\/iran-droht-mit-angriffen-im-zentrum-israels\/"},"author":{"name":"rtnews","@id":"https:\/\/now-news.de\/de\/#\/schema\/person\/fb534a4e865501d8b3285208df34a9b5"},"headline":"Iran droht mit Angriffen im Zentrum Israels","datePublished":"2022-04-19T05:17:17+00:00","dateModified":"2022-04-19T05:17:17+00:00","mainEntityOfPage":{"@id":"https:\/\/now-news.de\/de\/deutschland\/iran-droht-mit-angriffen-im-zentrum-israels\/"},"wordCount":371,"commentCount":0,"publisher":{"@id":"https:\/\/now-news.de\/de\/#organization"},"image":{"@id":"https:\/\/now-news.de\/de\/deutschland\/iran-droht-mit-angriffen-im-zentrum-israels\/#primaryimage"},"thumbnailUrl":"https:\/\/now-news.de\/de\/wp-content\/uploads\/sites\/3\/2022\/04\/Iran-droht-mit-Angriffen-im-Zentrum-Israels.jpg","keywords":["Angriffen","droht","Iran","Israels","mit","Zentrum"],"articleSection":["Deutschland","Russland"],"inLanguage":"de","potentialAction":[{"@type":"CommentAction","name":"Comment","target":["https:\/\/now-news.de\/de\/deutschland\/iran-droht-mit-angriffen-im-zentrum-israels\/#respond"]}]},{"@type":"WebPage","@id":"https:\/\/now-news.de\/de\/deutschland\/iran-droht-mit-angriffen-im-zentrum-israels\/","url":"https:\/\/now-news.de\/de\/deutschland\/iran-droht-mit-angriffen-im-zentrum-israels\/","name":"Iran droht mit Angriffen im Zentrum Israels - just-now.NEWS Deutschland","isPartOf":{"@id":"https:\/\/now-news.de\/de\/#website"},"primaryImageOfPage":{"@id":"https:\/\/now-news.de\/de\/deutschland\/iran-droht-mit-angriffen-im-zentrum-israels\/#primaryimage"},"image":{"@id":"https:\/\/now-news.de\/de\/deutschland\/iran-droht-mit-angriffen-im-zentrum-israels\/#primaryimage"},"thumbnailUrl":"https:\/\/now-news.de\/de\/wp-content\/uploads\/sites\/3\/2022\/04\/Iran-droht-mit-Angriffen-im-Zentrum-Israels.jpg","datePublished":"2022-04-19T05:17:17+00:00","dateModified":"2022-04-19T05:17:17+00:00","breadcrumb":{"@id":"https:\/\/now-news.de\/de\/deutschland\/iran-droht-mit-angriffen-im-zentrum-israels\/#breadcrumb"},"inLanguage":"de","potentialAction":[{"@type":"ReadAction","target":["https:\/\/now-news.de\/de\/deutschland\/iran-droht-mit-angriffen-im-zentrum-israels\/"]}]},{"@type":"ImageObject","inLanguage":"de","@id":"https:\/\/now-news.de\/de\/deutschland\/iran-droht-mit-angriffen-im-zentrum-israels\/#primaryimage","url":"https:\/\/now-news.de\/de\/wp-content\/uploads\/sites\/3\/2022\/04\/Iran-droht-mit-Angriffen-im-Zentrum-Israels.jpg","contentUrl":"https:\/\/now-news.de\/de\/wp-content\/uploads\/sites\/3\/2022\/04\/Iran-droht-mit-Angriffen-im-Zentrum-Israels.jpg","width":1104,"height":622,"caption":"Iran droht mit Angriffen im Zentrum Israels"},{"@type":"BreadcrumbList","@id":"https:\/\/now-news.de\/de\/deutschland\/iran-droht-mit-angriffen-im-zentrum-israels\/#breadcrumb","itemListElement":[{"@type":"ListItem","position":1,"name":"Home","item":"https:\/\/now-news.de\/de\/"},{"@type":"ListItem","position":2,"name":"Iran droht mit Angriffen im Zentrum Israels"}]},{"@type":"WebSite","@id":"https:\/\/now-news.de\/de\/#website","url":"https:\/\/now-news.de\/de\/","name":"just-now.NEWS Deutschland","description":"Das Portal f\u00fcr unzensierte Nachrichten aus der Welt","publisher":{"@id":"https:\/\/now-news.de\/de\/#organization"},"potentialAction":[{"@type":"SearchAction","target":{"@type":"EntryPoint","urlTemplate":"https:\/\/now-news.de\/de\/?s={search_term_string}"},"query-input":"required name=search_term_string"}],"inLanguage":"de"},{"@type":"Organization","@id":"https:\/\/now-news.de\/de\/#organization","name":"Just Now News","url":"https:\/\/now-news.de\/de\/","logo":{"@type":"ImageObject","inLanguage":"de","@id":"https:\/\/now-news.de\/de\/#\/schema\/logo\/image\/","url":"http:\/\/just-now.news\/de\/wp-content\/uploads\/sites\/3\/2022\/04\/logo500x500.jpg","contentUrl":"http:\/\/just-now.news\/de\/wp-content\/uploads\/sites\/3\/2022\/04\/logo500x500.jpg","width":500,"height":500,"caption":"Just Now News"},"image":{"@id":"https:\/\/now-news.de\/de\/#\/schema\/logo\/image\/"},"sameAs":["https:\/\/www.facebook.com\/wirmachenauf","https:\/\/x.com\/WirMachenAuf_de"]},{"@type":"Person","@id":"https:\/\/now-news.de\/de\/#\/schema\/person\/fb534a4e865501d8b3285208df34a9b5","name":"rtnews","image":{"@type":"ImageObject","inLanguage":"de","@id":"https:\/\/now-news.de\/de\/#\/schema\/person\/image\/","url":"https:\/\/secure.gravatar.com\/avatar\/82aafea7d8127119dd649515f56e2117?s=96&d=mm&r=g","contentUrl":"https:\/\/secure.gravatar.com\/avatar\/82aafea7d8127119dd649515f56e2117?s=96&d=mm&r=g","caption":"rtnews"},"url":"https:\/\/now-news.de\/de\/author\/rnews\/"}]}},"_links":{"self":[{"href":"https:\/\/now-news.de\/de\/wp-json\/wp\/v2\/posts\/1079"}],"collection":[{"href":"https:\/\/now-news.de\/de\/wp-json\/wp\/v2\/posts"}],"about":[{"href":"https:\/\/now-news.de\/de\/wp-json\/wp\/v2\/types\/post"}],"author":[{"embeddable":true,"href":"https:\/\/now-news.de\/de\/wp-json\/wp\/v2\/users\/3"}],"replies":[{"embeddable":true,"href":"https:\/\/now-news.de\/de\/wp-json\/wp\/v2\/comments?post=1079"}],"version-history":[{"count":0,"href":"https:\/\/now-news.de\/de\/wp-json\/wp\/v2\/posts\/1079\/revisions"}],"wp:featuredmedia":[{"embeddable":true,"href":"https:\/\/now-news.de\/de\/wp-json\/wp\/v2\/media\/1080"}],"wp:attachment":[{"href":"https:\/\/now-news.de\/de\/wp-json\/wp\/v2\/media?parent=1079"}],"wp:term":[{"taxonomy":"category","embeddable":true,"href":"https:\/\/now-news.de\/de\/wp-json\/wp\/v2\/categories?post=1079"},{"taxonomy":"post_tag","embeddable":true,"href":"https:\/\/now-news.de\/de\/wp-json\/wp\/v2\/tags?post=1079"}],"curies":[{"name":"wp","href":"https:\/\/api.w.org\/{rel}","templated":true}]}}