{"id":107859,"date":"2026-07-31T06:40:00","date_gmt":"2026-07-31T04:40:00","guid":{"rendered":"https:\/\/now-news.de\/de\/deutschland\/tschuess-mercedes-grueezi-china-schweiz-setzt-ab-2027-auf-elektrobusse-von-yutong\/"},"modified":"2026-07-31T06:40:00","modified_gmt":"2026-07-31T04:40:00","slug":"tschuess-mercedes-grueezi-china-schweiz-setzt-ab-2027-auf-elektrobusse-von-yutong","status":"publish","type":"post","link":"https:\/\/now-news.de\/de\/deutschland\/tschuess-mercedes-grueezi-china-schweiz-setzt-ab-2027-auf-elektrobusse-von-yutong\/","title":{"rendered":"Tsch\u00fcss, Mercedes! Gr\u00fcezi, China! Schweiz setzt ab 2027 auf Elektrobusse von Yutong"},"content":{"rendered":"<div class=\"Text-root Text-type_1 \">\n                Z\u00fcrich wendet sich China zu: Schweizer setzen k\u00fcnftig auf Elektrobusse des chinesischen Herstellers Yutong. Probleme mit der Bel\u00fcftung, den T\u00fcren und der Heizung deutscher Busse haben den Weg f\u00fcr die neuen Fahrzeuge geebnet. Ab Mitte 2027 rollen die ersten Busse, mit einem Auftragsvolumen von bis zu 107 Millionen Franken.\n            <\/div>\n<p><\/p>\n<div class=\"Text-root Text-type_5 ArticleView-text ViewText-root \">\n<p data-pm-slice=\"0 0 []\">Die deutsche Autoindustrie erlebt einen neuen R\u00fcckschlag: Sogar die Z\u00fcrcher Verkehrsbetriebe VBZ setzen k\u00fcnftig auf Elektrobusse aus China.<\/p>\n<p data-pm-slice=\"0 0 []\">Frei nach dem bekannten VBZ-Slogan &#8220;Umsteigen lohnt sich&#8221; wechselt Z\u00fcrich den Anbieter.<\/p>\n<figure class=\"RTImage-root\">\n<div class=\"RTImage-image RTImage-original\"><picture class=\"Picture-root Picture-original\"><!--[if IE 9]><video style=\"display: none;\"><![endif]--><source media=\"(-webkit-min-device-pixel-ratio: 2) and (min-resolution: 120dpi)\" data-srcset=\" \nhttps:\/\/now-news.de\/de\/wp-content\/uploads\/sites\/3\/2026\/07\/6a6b2cd2b480cc433a30ccd4.png 850w,\n                https:\/\/now-news.de\/de\/wp-content\/uploads\/sites\/3\/2026\/07\/6a6b2cd2b480cc433a30ccd4.png 1960w,            \" ><source data-srcset=\" \nhttps:\/\/now-news.de\/de\/wp-content\/uploads\/sites\/3\/2026\/07\/6a6b2cd2b480cc433a30ccd4.png 460w,\n              https:\/\/now-news.de\/de\/wp-content\/uploads\/sites\/3\/2026\/07\/6a6b2cd2b480cc433a30ccd4.png 980w,\n            \" ><!--[if IE 9]><\/video><![endif]--><img decoding=\"async\" data- src=\"data:image\/png;base64,iVBORw0KGgoAAAANSUhEUgAAABAAAAAJCAQAAACRI2S5AAAAEElEQVR42mNkIAAYRxWAAQAG9gAKqv6+AwAAAABJRU5ErkJggg==\" class=\"Picture-root Picture-original lazyload\" data-src=\"https:\/\/now-news.de\/de\/wp-content\/uploads\/sites\/3\/2026\/07\/6a6b2cd2b480cc433a30ccd4.png\" alt=\"\"><\/source><\/source><\/picture><!-- noscript pattern --><noscript><img decoding=\"async\" src=\"https:\/\/now-news.de\/de\/wp-content\/uploads\/sites\/3\/2026\/07\/6a6b2cd2b480cc433a30ccd4.png\" alt=\"\"><\/noscript><\/div><figcaption class=\"RTImage-footer\"><span class=\"RTImage-caption\"><\/span><span class=\"RTImage-source\"><span class=\"RTImage-captionItem\">Printscreen VBZ<\/span><\/span><\/figcaption><\/figure>\n<p>Ab Mitte 2027 sollen Standardbusse des chinesischen Herstellers\u00a0<em>Yutong<\/em>\u00a0durch die Stadt rollen.<\/p>\n<p>Ausl\u00f6ser f\u00fcr den Wechsel sind Probleme mit der bisherigen Elektrobus-Flotte. Die in den Jahren 2022 und 2023 gelieferten Fahrzeuge der MAN wiesen wiederholt M\u00e4ngel hinsichtlich der L\u00fcftung, der T\u00fcren sowie der Heizung auf. Mit den neuen Modellen wolle man die Zuverl\u00e4ssigkeit und Betriebssicherheit der Flotte verbessern, teilte das Unternehmen mit.<\/p>\n<p>Der chinesische Hersteller Yutong mit Sitz in Zhengzhou z\u00e4hlt zu den weltweit gr\u00f6\u00dften Busproduzenten und ist besonders auf Elektrobusse spezialisiert. Das Unternehmen exportiert seine Fahrzeuge inzwischen in zahlreiche L\u00e4nder und tritt zunehmend als Konkurrent europ\u00e4ischer Hersteller auf. Der Auftrag der VBZ k\u00f6nnte ein Volumen von bis zu 107 Millionen Franken erreichen: ein weiteres Zeichen f\u00fcr den wachsenden Einfluss chinesischer Anbieter in der Elektromobilit\u00e4t.<\/p>\n<p>F\u00fcr die deutsche Busindustrie ist der Z\u00fcrcher Entscheid dennoch ein klares Signal. Selbst in der Schweiz, wo traditionell europ\u00e4ische Hersteller bevorzugt wurden, greifen Verkehrsbetriebe mittlerweile auf chinesische Alternativen zur\u00fcck. Das betrifft ausgerechnet einen sensiblen Bereich wie den \u00f6ffentlichen Nahverkehr.<\/p>\n<p><strong>Mehr zum Thema\u00a0<\/strong>\u2013 <a rel=\"nofollow noopener\" target=\"_blank\" href=\"https:\/\/de-rtnews.com\/schweiz\/287087-franzoesischsprachige-banden-stehlen-in-schweiz\/\">Franz\u00f6sischsprachige Banden stehlen in der Schweiz: Luxusautos tauchen pl\u00f6tzlich in Marokko auf<\/a><\/p>\n<div class=\"EmbedBlock-root EmbedBlock-externalVideo EmbedBlock-rumble\">\n<div class=\"VkEmbed\"><iframe class=\"lazyload\" data-src=\"https:\/\/rumble.com\/embed\/v7ad04w\" frameborder=\"0\" width=\"853\" height=\"480\" allowfullscreen><\/iframe><\/div>\n<\/div>\n<\/div>\n<p><br \/>\n<br \/><a href=\"https:\/\/de.rt.com\/schweiz\/287305-ciao-mercedes-grueezi-china-schweiz\/\">Source link <\/a><\/p>\n","protected":false},"excerpt":{"rendered":"<p>Z\u00fcrich wendet sich China zu: Schweizer setzen k\u00fcnftig auf Elektrobusse des chinesischen Herstellers Yutong. Probleme mit der Bel\u00fcftung, den T\u00fcren und der Heizung deutscher Busse haben den Weg f\u00fcr die neuen Fahrzeuge geebnet. Ab Mitte 2027 rollen die ersten Busse, mit einem Auftragsvolumen von bis zu 107 Millionen Franken. Die deutsche Autoindustrie erlebt einen neuen [&hellip;]<\/p>\n","protected":false},"author":3,"featured_media":107860,"comment_status":"open","ping_status":"open","sticky":false,"template":"","format":"standard","meta":{"_yoast_indexnow_last_ping":["1785473668"],"wp_automatic_camp":["217"],"5727e53772c3f6a49b49d35c2f4ae04e":["Tsch\u00fcss, Mercedes! Gr\u00fcezi, China! Schweiz setzt ab 2027 auf Elektrobusse von Yutong"],"original_link":["https:\/\/de.rt.com\/schweiz\/287305-ciao-mercedes-grueezi-china-schweiz\/"],"_thumbnail_id":["107860"],"jnews_social_counter_last_update":["1788213799"],"_wptgpro_p2tg_sent2tg":["a:1:{i:23737;s:19:\"2026-07-31 06:55:30\";}"]},"categories":[19,23],"tags":[133,192,19115,75081,44146,4207,1997,50670,50,75082],"class_list":["post-107859","post","type-post","status-publish","format-standard","has-post-thumbnail","hentry","category-deutschland","category-russland","tag-auf","tag-china","tag-elektrobusse","tag-grueezi","tag-mercedes","tag-schweiz","tag-setzt","tag-tschuess","tag-von","tag-yutong"],"yoast_head":"<!-- This site is optimized with the Yoast SEO Premium plugin v22.7 (Yoast SEO v28.2) - https:\/\/yoast.com\/product\/yoast-seo-premium-wordpress\/ -->\n<title>Tsch\u00fcss, Mercedes! Gr\u00fcezi, China! Schweiz setzt ab 2027 auf Elektrobusse von Yutong - just-now.NEWS Deutschland<\/title>\n<meta name=\"robots\" content=\"index, follow, max-snippet:-1, max-image-preview:large, max-video-preview:-1\" \/>\n<link rel=\"canonical\" href=\"https:\/\/now-news.de\/de\/deutschland\/tschuess-mercedes-grueezi-china-schweiz-setzt-ab-2027-auf-elektrobusse-von-yutong\/\" \/>\n<meta property=\"og:locale\" content=\"de_DE\" \/>\n<meta property=\"og:type\" content=\"article\" \/>\n<meta property=\"og:title\" content=\"Tsch\u00fcss, Mercedes! Gr\u00fcezi, China! Schweiz setzt ab 2027 auf Elektrobusse von Yutong\" \/>\n<meta property=\"og:description\" content=\"Z\u00fcrich wendet sich China zu: Schweizer setzen k\u00fcnftig auf Elektrobusse des chinesischen Herstellers Yutong. Probleme mit der Bel\u00fcftung, den T\u00fcren und der Heizung deutscher Busse haben den Weg f\u00fcr die neuen Fahrzeuge geebnet. Ab Mitte 2027 rollen die ersten Busse, mit einem Auftragsvolumen von bis zu 107 Millionen Franken. Die deutsche Autoindustrie erlebt einen neuen [&hellip;]\" \/>\n<meta property=\"og:url\" content=\"https:\/\/now-news.de\/de\/deutschland\/tschuess-mercedes-grueezi-china-schweiz-setzt-ab-2027-auf-elektrobusse-von-yutong\/\" \/>\n<meta property=\"og:site_name\" content=\"just-now.NEWS Deutschland\" \/>\n<meta property=\"article:publisher\" content=\"https:\/\/www.facebook.com\/wirmachenauf\" \/>\n<meta property=\"article:published_time\" content=\"2026-07-31T04:40:00+00:00\" \/>\n<meta property=\"og:image\" content=\"https:\/\/now-news.de\/de\/wp-content\/uploads\/sites\/3\/2026\/07\/6a6b2cd2b480cc433a30ccd4.png\" \/>\n<meta name=\"author\" content=\"rtnews\" \/>\n<meta name=\"twitter:card\" content=\"summary_large_image\" \/>\n<meta name=\"twitter:creator\" content=\"@WirMachenAuf_de\" \/>\n<meta name=\"twitter:site\" content=\"@WirMachenAuf_de\" \/>\n<meta name=\"twitter:label1\" content=\"Verfasst von\" \/>\n\t<meta name=\"twitter:data1\" content=\"rtnews\" \/>\n\t<meta name=\"twitter:label2\" content=\"Gesch\u00e4tzte Lesezeit\" \/>\n\t<meta name=\"twitter:data2\" content=\"1\u00a0Minute\" \/>\n<script type=\"application\/ld+json\" class=\"yoast-schema-graph\">{\"@context\":\"https:\\\/\\\/schema.org\",\"@graph\":[{\"@type\":\"Article\",\"@id\":\"https:\\\/\\\/now-news.de\\\/de\\\/deutschland\\\/tschuess-mercedes-grueezi-china-schweiz-setzt-ab-2027-auf-elektrobusse-von-yutong\\\/#article\",\"isPartOf\":{\"@id\":\"https:\\\/\\\/now-news.de\\\/de\\\/deutschland\\\/tschuess-mercedes-grueezi-china-schweiz-setzt-ab-2027-auf-elektrobusse-von-yutong\\\/\"},\"author\":{\"name\":\"rtnews\",\"@id\":\"https:\\\/\\\/now-news.de\\\/de\\\/#\\\/schema\\\/person\\\/fb534a4e865501d8b3285208df34a9b5\"},\"headline\":\"Tsch\u00fcss, Mercedes! Gr\u00fcezi, China! Schweiz setzt ab 2027 auf Elektrobusse von Yutong\",\"datePublished\":\"2026-07-31T04:40:00+00:00\",\"mainEntityOfPage\":{\"@id\":\"https:\\\/\\\/now-news.de\\\/de\\\/deutschland\\\/tschuess-mercedes-grueezi-china-schweiz-setzt-ab-2027-auf-elektrobusse-von-yutong\\\/\"},\"wordCount\":299,\"commentCount\":0,\"publisher\":{\"@id\":\"https:\\\/\\\/now-news.de\\\/de\\\/#organization\"},\"image\":{\"@id\":\"https:\\\/\\\/now-news.de\\\/de\\\/deutschland\\\/tschuess-mercedes-grueezi-china-schweiz-setzt-ab-2027-auf-elektrobusse-von-yutong\\\/#primaryimage\"},\"thumbnailUrl\":\"https:\\\/\\\/now-news.de\\\/de\\\/wp-content\\\/uploads\\\/sites\\\/3\\\/2026\\\/07\\\/Tschuess-Mercedes-Grueezi-China-Schweiz-setzt-ab-2027-auf-Elektrobusse.png\",\"keywords\":[\"AUF\",\"China\",\"Elektrobusse\",\"Gr\u00fcezi\",\"Mercedes\",\"schweiz\",\"setzt\",\"Tsch\u00fcss\",\"von\",\"Yutong\"],\"articleSection\":[\"Deutschland\",\"Russland\"],\"inLanguage\":\"de\",\"potentialAction\":[{\"@type\":\"CommentAction\",\"name\":\"Comment\",\"target\":[\"https:\\\/\\\/now-news.de\\\/de\\\/deutschland\\\/tschuess-mercedes-grueezi-china-schweiz-setzt-ab-2027-auf-elektrobusse-von-yutong\\\/#respond\"]}]},{\"@type\":\"WebPage\",\"@id\":\"https:\\\/\\\/now-news.de\\\/de\\\/deutschland\\\/tschuess-mercedes-grueezi-china-schweiz-setzt-ab-2027-auf-elektrobusse-von-yutong\\\/\",\"url\":\"https:\\\/\\\/now-news.de\\\/de\\\/deutschland\\\/tschuess-mercedes-grueezi-china-schweiz-setzt-ab-2027-auf-elektrobusse-von-yutong\\\/\",\"name\":\"Tsch\u00fcss, Mercedes! Gr\u00fcezi, China! Schweiz setzt ab 2027 auf Elektrobusse von Yutong - just-now.NEWS Deutschland\",\"isPartOf\":{\"@id\":\"https:\\\/\\\/now-news.de\\\/de\\\/#website\"},\"primaryImageOfPage\":{\"@id\":\"https:\\\/\\\/now-news.de\\\/de\\\/deutschland\\\/tschuess-mercedes-grueezi-china-schweiz-setzt-ab-2027-auf-elektrobusse-von-yutong\\\/#primaryimage\"},\"image\":{\"@id\":\"https:\\\/\\\/now-news.de\\\/de\\\/deutschland\\\/tschuess-mercedes-grueezi-china-schweiz-setzt-ab-2027-auf-elektrobusse-von-yutong\\\/#primaryimage\"},\"thumbnailUrl\":\"https:\\\/\\\/now-news.de\\\/de\\\/wp-content\\\/uploads\\\/sites\\\/3\\\/2026\\\/07\\\/Tschuess-Mercedes-Grueezi-China-Schweiz-setzt-ab-2027-auf-Elektrobusse.png\",\"datePublished\":\"2026-07-31T04:40:00+00:00\",\"breadcrumb\":{\"@id\":\"https:\\\/\\\/now-news.de\\\/de\\\/deutschland\\\/tschuess-mercedes-grueezi-china-schweiz-setzt-ab-2027-auf-elektrobusse-von-yutong\\\/#breadcrumb\"},\"inLanguage\":\"de\",\"potentialAction\":[{\"@type\":\"ReadAction\",\"target\":[\"https:\\\/\\\/now-news.de\\\/de\\\/deutschland\\\/tschuess-mercedes-grueezi-china-schweiz-setzt-ab-2027-auf-elektrobusse-von-yutong\\\/\"]}]},{\"@type\":\"ImageObject\",\"inLanguage\":\"de\",\"@id\":\"https:\\\/\\\/now-news.de\\\/de\\\/deutschland\\\/tschuess-mercedes-grueezi-china-schweiz-setzt-ab-2027-auf-elektrobusse-von-yutong\\\/#primaryimage\",\"url\":\"https:\\\/\\\/now-news.de\\\/de\\\/wp-content\\\/uploads\\\/sites\\\/3\\\/2026\\\/07\\\/Tschuess-Mercedes-Grueezi-China-Schweiz-setzt-ab-2027-auf-Elektrobusse.png\",\"contentUrl\":\"https:\\\/\\\/now-news.de\\\/de\\\/wp-content\\\/uploads\\\/sites\\\/3\\\/2026\\\/07\\\/Tschuess-Mercedes-Grueezi-China-Schweiz-setzt-ab-2027-auf-Elektrobusse.png\",\"width\":642,\"height\":311,\"caption\":\"Tsch\u00fcss, Mercedes! Gr\u00fcezi, China! Schweiz setzt ab 2027 auf Elektrobusse von Yutong\"},{\"@type\":\"BreadcrumbList\",\"@id\":\"https:\\\/\\\/now-news.de\\\/de\\\/deutschland\\\/tschuess-mercedes-grueezi-china-schweiz-setzt-ab-2027-auf-elektrobusse-von-yutong\\\/#breadcrumb\",\"itemListElement\":[{\"@type\":\"ListItem\",\"position\":1,\"name\":\"Home\",\"item\":\"https:\\\/\\\/now-news.de\\\/de\\\/\"},{\"@type\":\"ListItem\",\"position\":2,\"name\":\"Tsch\u00fcss, Mercedes! Gr\u00fcezi, China! Schweiz setzt ab 2027 auf Elektrobusse von Yutong\"}]},{\"@type\":\"WebSite\",\"@id\":\"https:\\\/\\\/now-news.de\\\/de\\\/#website\",\"url\":\"https:\\\/\\\/now-news.de\\\/de\\\/\",\"name\":\"just-now.NEWS Deutschland\",\"description\":\"Das Portal f\u00fcr unzensierte Nachrichten aus der Welt\",\"publisher\":{\"@id\":\"https:\\\/\\\/now-news.de\\\/de\\\/#organization\"},\"potentialAction\":[{\"@type\":\"SearchAction\",\"target\":{\"@type\":\"EntryPoint\",\"urlTemplate\":\"https:\\\/\\\/now-news.de\\\/de\\\/?s={search_term_string}\"},\"query-input\":{\"@type\":\"PropertyValueSpecification\",\"valueRequired\":true,\"valueName\":\"search_term_string\"}}],\"inLanguage\":\"de\"},{\"@type\":\"Organization\",\"@id\":\"https:\\\/\\\/now-news.de\\\/de\\\/#organization\",\"name\":\"Just Now News\",\"url\":\"https:\\\/\\\/now-news.de\\\/de\\\/\",\"logo\":{\"@type\":\"ImageObject\",\"inLanguage\":\"de\",\"@id\":\"https:\\\/\\\/now-news.de\\\/de\\\/#\\\/schema\\\/logo\\\/image\\\/\",\"url\":\"http:\\\/\\\/just-now.news\\\/de\\\/wp-content\\\/uploads\\\/sites\\\/3\\\/2022\\\/04\\\/logo500x500.jpg\",\"contentUrl\":\"http:\\\/\\\/just-now.news\\\/de\\\/wp-content\\\/uploads\\\/sites\\\/3\\\/2022\\\/04\\\/logo500x500.jpg\",\"width\":500,\"height\":500,\"caption\":\"Just Now News\"},\"image\":{\"@id\":\"https:\\\/\\\/now-news.de\\\/de\\\/#\\\/schema\\\/logo\\\/image\\\/\"},\"sameAs\":[\"https:\\\/\\\/www.facebook.com\\\/wirmachenauf\",\"https:\\\/\\\/x.com\\\/WirMachenAuf_de\"]},{\"@type\":\"Person\",\"@id\":\"https:\\\/\\\/now-news.de\\\/de\\\/#\\\/schema\\\/person\\\/fb534a4e865501d8b3285208df34a9b5\",\"name\":\"rtnews\",\"image\":{\"@type\":\"ImageObject\",\"inLanguage\":\"de\",\"@id\":\"https:\\\/\\\/secure.gravatar.com\\\/avatar\\\/358fe31b3ab5769fea05376e1953329834cd9912cf9daf607e2af3076a1b982b?s=96&d=mm&r=g\",\"url\":\"https:\\\/\\\/secure.gravatar.com\\\/avatar\\\/358fe31b3ab5769fea05376e1953329834cd9912cf9daf607e2af3076a1b982b?s=96&d=mm&r=g\",\"contentUrl\":\"https:\\\/\\\/secure.gravatar.com\\\/avatar\\\/358fe31b3ab5769fea05376e1953329834cd9912cf9daf607e2af3076a1b982b?s=96&d=mm&r=g\",\"caption\":\"rtnews\"},\"url\":\"https:\\\/\\\/now-news.de\\\/de\\\/author\\\/rnews\\\/\"}]}<\/script>\n<!-- \/ Yoast SEO Premium plugin. -->","yoast_head_json":{"title":"Tsch\u00fcss, Mercedes! Gr\u00fcezi, China! Schweiz setzt ab 2027 auf Elektrobusse von Yutong - just-now.NEWS Deutschland","robots":{"index":"index","follow":"follow","max-snippet":"max-snippet:-1","max-image-preview":"max-image-preview:large","max-video-preview":"max-video-preview:-1"},"canonical":"https:\/\/now-news.de\/de\/deutschland\/tschuess-mercedes-grueezi-china-schweiz-setzt-ab-2027-auf-elektrobusse-von-yutong\/","og_locale":"de_DE","og_type":"article","og_title":"Tsch\u00fcss, Mercedes! Gr\u00fcezi, China! Schweiz setzt ab 2027 auf Elektrobusse von Yutong","og_description":"Z\u00fcrich wendet sich China zu: Schweizer setzen k\u00fcnftig auf Elektrobusse des chinesischen Herstellers Yutong. Probleme mit der Bel\u00fcftung, den T\u00fcren und der Heizung deutscher Busse haben den Weg f\u00fcr die neuen Fahrzeuge geebnet. Ab Mitte 2027 rollen die ersten Busse, mit einem Auftragsvolumen von bis zu 107 Millionen Franken. Die deutsche Autoindustrie erlebt einen neuen [&hellip;]","og_url":"https:\/\/now-news.de\/de\/deutschland\/tschuess-mercedes-grueezi-china-schweiz-setzt-ab-2027-auf-elektrobusse-von-yutong\/","og_site_name":"just-now.NEWS Deutschland","article_publisher":"https:\/\/www.facebook.com\/wirmachenauf","article_published_time":"2026-07-31T04:40:00+00:00","og_image":[{"url":"https:\/\/now-news.de\/de\/wp-content\/uploads\/sites\/3\/2026\/07\/6a6b2cd2b480cc433a30ccd4.png","type":"","width":"","height":""}],"author":"rtnews","twitter_card":"summary_large_image","twitter_creator":"@WirMachenAuf_de","twitter_site":"@WirMachenAuf_de","twitter_misc":{"Verfasst von":"rtnews","Gesch\u00e4tzte Lesezeit":"1\u00a0Minute"},"schema":{"@context":"https:\/\/schema.org","@graph":[{"@type":"Article","@id":"https:\/\/now-news.de\/de\/deutschland\/tschuess-mercedes-grueezi-china-schweiz-setzt-ab-2027-auf-elektrobusse-von-yutong\/#article","isPartOf":{"@id":"https:\/\/now-news.de\/de\/deutschland\/tschuess-mercedes-grueezi-china-schweiz-setzt-ab-2027-auf-elektrobusse-von-yutong\/"},"author":{"name":"rtnews","@id":"https:\/\/now-news.de\/de\/#\/schema\/person\/fb534a4e865501d8b3285208df34a9b5"},"headline":"Tsch\u00fcss, Mercedes! Gr\u00fcezi, China! Schweiz setzt ab 2027 auf Elektrobusse von Yutong","datePublished":"2026-07-31T04:40:00+00:00","mainEntityOfPage":{"@id":"https:\/\/now-news.de\/de\/deutschland\/tschuess-mercedes-grueezi-china-schweiz-setzt-ab-2027-auf-elektrobusse-von-yutong\/"},"wordCount":299,"commentCount":0,"publisher":{"@id":"https:\/\/now-news.de\/de\/#organization"},"image":{"@id":"https:\/\/now-news.de\/de\/deutschland\/tschuess-mercedes-grueezi-china-schweiz-setzt-ab-2027-auf-elektrobusse-von-yutong\/#primaryimage"},"thumbnailUrl":"https:\/\/now-news.de\/de\/wp-content\/uploads\/sites\/3\/2026\/07\/Tschuess-Mercedes-Grueezi-China-Schweiz-setzt-ab-2027-auf-Elektrobusse.png","keywords":["AUF","China","Elektrobusse","Gr\u00fcezi","Mercedes","schweiz","setzt","Tsch\u00fcss","von","Yutong"],"articleSection":["Deutschland","Russland"],"inLanguage":"de","potentialAction":[{"@type":"CommentAction","name":"Comment","target":["https:\/\/now-news.de\/de\/deutschland\/tschuess-mercedes-grueezi-china-schweiz-setzt-ab-2027-auf-elektrobusse-von-yutong\/#respond"]}]},{"@type":"WebPage","@id":"https:\/\/now-news.de\/de\/deutschland\/tschuess-mercedes-grueezi-china-schweiz-setzt-ab-2027-auf-elektrobusse-von-yutong\/","url":"https:\/\/now-news.de\/de\/deutschland\/tschuess-mercedes-grueezi-china-schweiz-setzt-ab-2027-auf-elektrobusse-von-yutong\/","name":"Tsch\u00fcss, Mercedes! Gr\u00fcezi, China! Schweiz setzt ab 2027 auf Elektrobusse von Yutong - just-now.NEWS Deutschland","isPartOf":{"@id":"https:\/\/now-news.de\/de\/#website"},"primaryImageOfPage":{"@id":"https:\/\/now-news.de\/de\/deutschland\/tschuess-mercedes-grueezi-china-schweiz-setzt-ab-2027-auf-elektrobusse-von-yutong\/#primaryimage"},"image":{"@id":"https:\/\/now-news.de\/de\/deutschland\/tschuess-mercedes-grueezi-china-schweiz-setzt-ab-2027-auf-elektrobusse-von-yutong\/#primaryimage"},"thumbnailUrl":"https:\/\/now-news.de\/de\/wp-content\/uploads\/sites\/3\/2026\/07\/Tschuess-Mercedes-Grueezi-China-Schweiz-setzt-ab-2027-auf-Elektrobusse.png","datePublished":"2026-07-31T04:40:00+00:00","breadcrumb":{"@id":"https:\/\/now-news.de\/de\/deutschland\/tschuess-mercedes-grueezi-china-schweiz-setzt-ab-2027-auf-elektrobusse-von-yutong\/#breadcrumb"},"inLanguage":"de","potentialAction":[{"@type":"ReadAction","target":["https:\/\/now-news.de\/de\/deutschland\/tschuess-mercedes-grueezi-china-schweiz-setzt-ab-2027-auf-elektrobusse-von-yutong\/"]}]},{"@type":"ImageObject","inLanguage":"de","@id":"https:\/\/now-news.de\/de\/deutschland\/tschuess-mercedes-grueezi-china-schweiz-setzt-ab-2027-auf-elektrobusse-von-yutong\/#primaryimage","url":"https:\/\/now-news.de\/de\/wp-content\/uploads\/sites\/3\/2026\/07\/Tschuess-Mercedes-Grueezi-China-Schweiz-setzt-ab-2027-auf-Elektrobusse.png","contentUrl":"https:\/\/now-news.de\/de\/wp-content\/uploads\/sites\/3\/2026\/07\/Tschuess-Mercedes-Grueezi-China-Schweiz-setzt-ab-2027-auf-Elektrobusse.png","width":642,"height":311,"caption":"Tsch\u00fcss, Mercedes! Gr\u00fcezi, China! Schweiz setzt ab 2027 auf Elektrobusse von Yutong"},{"@type":"BreadcrumbList","@id":"https:\/\/now-news.de\/de\/deutschland\/tschuess-mercedes-grueezi-china-schweiz-setzt-ab-2027-auf-elektrobusse-von-yutong\/#breadcrumb","itemListElement":[{"@type":"ListItem","position":1,"name":"Home","item":"https:\/\/now-news.de\/de\/"},{"@type":"ListItem","position":2,"name":"Tsch\u00fcss, Mercedes! Gr\u00fcezi, China! Schweiz setzt ab 2027 auf Elektrobusse von Yutong"}]},{"@type":"WebSite","@id":"https:\/\/now-news.de\/de\/#website","url":"https:\/\/now-news.de\/de\/","name":"just-now.NEWS Deutschland","description":"Das Portal f\u00fcr unzensierte Nachrichten aus der Welt","publisher":{"@id":"https:\/\/now-news.de\/de\/#organization"},"potentialAction":[{"@type":"SearchAction","target":{"@type":"EntryPoint","urlTemplate":"https:\/\/now-news.de\/de\/?s={search_term_string}"},"query-input":{"@type":"PropertyValueSpecification","valueRequired":true,"valueName":"search_term_string"}}],"inLanguage":"de"},{"@type":"Organization","@id":"https:\/\/now-news.de\/de\/#organization","name":"Just Now News","url":"https:\/\/now-news.de\/de\/","logo":{"@type":"ImageObject","inLanguage":"de","@id":"https:\/\/now-news.de\/de\/#\/schema\/logo\/image\/","url":"http:\/\/just-now.news\/de\/wp-content\/uploads\/sites\/3\/2022\/04\/logo500x500.jpg","contentUrl":"http:\/\/just-now.news\/de\/wp-content\/uploads\/sites\/3\/2022\/04\/logo500x500.jpg","width":500,"height":500,"caption":"Just Now News"},"image":{"@id":"https:\/\/now-news.de\/de\/#\/schema\/logo\/image\/"},"sameAs":["https:\/\/www.facebook.com\/wirmachenauf","https:\/\/x.com\/WirMachenAuf_de"]},{"@type":"Person","@id":"https:\/\/now-news.de\/de\/#\/schema\/person\/fb534a4e865501d8b3285208df34a9b5","name":"rtnews","image":{"@type":"ImageObject","inLanguage":"de","@id":"https:\/\/secure.gravatar.com\/avatar\/358fe31b3ab5769fea05376e1953329834cd9912cf9daf607e2af3076a1b982b?s=96&d=mm&r=g","url":"https:\/\/secure.gravatar.com\/avatar\/358fe31b3ab5769fea05376e1953329834cd9912cf9daf607e2af3076a1b982b?s=96&d=mm&r=g","contentUrl":"https:\/\/secure.gravatar.com\/avatar\/358fe31b3ab5769fea05376e1953329834cd9912cf9daf607e2af3076a1b982b?s=96&d=mm&r=g","caption":"rtnews"},"url":"https:\/\/now-news.de\/de\/author\/rnews\/"}]}},"_links":{"self":[{"href":"https:\/\/now-news.de\/de\/wp-json\/wp\/v2\/posts\/107859","targetHints":{"allow":["GET"]}}],"collection":[{"href":"https:\/\/now-news.de\/de\/wp-json\/wp\/v2\/posts"}],"about":[{"href":"https:\/\/now-news.de\/de\/wp-json\/wp\/v2\/types\/post"}],"author":[{"embeddable":true,"href":"https:\/\/now-news.de\/de\/wp-json\/wp\/v2\/users\/3"}],"replies":[{"embeddable":true,"href":"https:\/\/now-news.de\/de\/wp-json\/wp\/v2\/comments?post=107859"}],"version-history":[{"count":0,"href":"https:\/\/now-news.de\/de\/wp-json\/wp\/v2\/posts\/107859\/revisions"}],"wp:featuredmedia":[{"embeddable":true,"href":"https:\/\/now-news.de\/de\/wp-json\/wp\/v2\/media\/107860"}],"wp:attachment":[{"href":"https:\/\/now-news.de\/de\/wp-json\/wp\/v2\/media?parent=107859"}],"wp:term":[{"taxonomy":"category","embeddable":true,"href":"https:\/\/now-news.de\/de\/wp-json\/wp\/v2\/categories?post=107859"},{"taxonomy":"post_tag","embeddable":true,"href":"https:\/\/now-news.de\/de\/wp-json\/wp\/v2\/tags?post=107859"}],"curies":[{"name":"wp","href":"https:\/\/api.w.org\/{rel}","templated":true}]}}