{"id":107683,"date":"2026-07-28T13:14:15","date_gmt":"2026-07-28T11:14:15","guid":{"rendered":"https:\/\/now-news.de\/de\/deutschland\/blutbad-in-paris-allah-hat-es-mir-befohlen-sagt-taeter-video\/"},"modified":"2026-07-28T13:14:15","modified_gmt":"2026-07-28T11:14:15","slug":"blutbad-in-paris-allah-hat-es-mir-befohlen-sagt-taeter-video","status":"publish","type":"post","link":"https:\/\/now-news.de\/de\/deutschland\/blutbad-in-paris-allah-hat-es-mir-befohlen-sagt-taeter-video\/","title":{"rendered":"Blutbad in Paris: &quot;Allah hat es mir befohlen&quot;, sagt T\u00e4ter (VIDEO)"},"content":{"rendered":"<p><img decoding=\"async\" src=\"https:\/\/now-news.de\/de\/wp-content\/uploads\/sites\/3\/2026\/07\/6a687ec648fbef4e3373e6c5.jpg\" \/><\/p>\n<div class=\"Text-root Text-type_1 \">\n                Erst Berlin, jetzt Paris. Ein Mann sticht im Nordwesten der franz\u00f6sischen Metropole wahllos auf Frauen ein, hinterl\u00e4sst eine Spur der Verw\u00fcstung und lebensgef\u00e4hrlich verletzte Opfer. W\u00e4hrend Ermittler fieberhaft nach dem wahren Motiv suchen, wirft eine schockierende \u00c4u\u00dferung des T\u00e4ters bei seiner Festnahme d\u00fcstere Fragen auf.\n            <\/div>\n<p><\/p>\n<div class=\"Text-root Text-type_5 ArticleView-text ViewText-root \">\n<p>Drei Frauen sind bei einem Messerangriff im Nordwesten der franz\u00f6sischen Hauptstadt niedergestochen worden.<!--TgQPHd|||[]--> Ein freigestellter Polizeibeamter au\u00dfer Dienst beendete den Amoklauf vorzeitig, indem er den Angreifer \u00fcberw\u00e4ltigte und festnahm.<\/p>\n<p><!--TgQPHd|||[]-->Der Vorfall ereignete sich am Montagnachmittag in der N\u00e4he der U-Bahn-Station Porte de Clichy. Im Internet kursierende Videoaufnahmen zeigen, wie der 31-j\u00e4hrige Verd\u00e4chtige mit zwei gro\u00dfen K\u00fcchenmessern wahllos auf Passantinnen einsticht.<\/p>\n<p><!--TgQPHd|||[]-->Der franz\u00f6sische Innenminister Laurent Nu\u00f1ez erkl\u00e4rte, der Angreifer sei von einem Polizeibeamten gestellt worden, dem es gelang, ihn festzusetzen.<\/p>\n<p>Die drei Opfer im Alter von 19, 24 und 36 Jahren wurden ins Krankenhaus eingeliefert, zwei von ihnen befinden sich in einem kritischen Zustand, f\u00fcgte er hinzu.<\/p>\n<p>Das Motiv f\u00fcr den Angriff bleibt unklar, da der Verd\u00e4chtige nach seiner Festnahme unzusammenh\u00e4ngende Aussagen machte, so Nu\u00f1ez, der die \u00d6ffentlichkeit gleichzeitig aufforderte, keine voreiligen Schl\u00fcsse zu ziehen. W\u00e4hrend bei dem Verd\u00e4chtigen psychische St\u00f6rungen vermutet werden, deuten Medienberichte darauf hin, dass der Mann behauptete, &#8220;Allah habe ihm befohlen&#8221;, die Frauen anzugreifen.<\/p>\n<p><!--TgQPHd|||[]-->Der Vorfall ereignete sich nur einen Tag, nachdem ein mutma\u00dflich radikaler Islamist in Deutschlands Hauptstadt Berlin mit einem Transporter in eine Menschenmenge gerast war, wobei eine Person get\u00f6tet und mindestens 29 verletzt wurden. Nachdem sein Fahrzeug verungl\u00fcckt war, stach der 21-j\u00e4hrige Verd\u00e4chtige Berichten zufolge auf seine Opfer ein, bevor er vom Tatort floh.<\/p>\n<p><!--TgQPHd|||[]-->Der Anschlag l\u00f6ste eine massive mehrst\u00fcndige Fahndung nach dem Angreifer aus, der schlie\u00dflich am sp\u00e4ten Sonntag im Westen Berlins lokalisiert wurde. Die Polizei teilte mit, der Verd\u00e4chtige sei noch vor Ort erschossen worden, nachdem er sich weigerte, sich zu ergeben, und die Beamten mit einem Messer angriff.<!--TgQPHd|||[]--><!--TgQPHd|||[]--><!--TgQPHd|||[]--><\/p>\n<p><strong>Mehr zum Thema<\/strong>\u00a0\u2013\u00a0<a rel=\"nofollow noopener\" target=\"_blank\" href=\"https:\/\/de-rtnews.com\/kurzclips\/video\/286961-anschlag-in-berlin-tatverdaechtiger-bei\/\">Anschlag in Berlin: Tatverd\u00e4chtiger bei SEK-Einsatz erschossen<\/a><\/p>\n<div class=\"EmbedBlock-root EmbedBlock-externalVideo EmbedBlock-rumble\">\n<div class=\"VkEmbed\"><iframe class=\"lazyload\" data-src=\"https:\/\/rumble.com\/embed\/v7b5n2c\" frameborder=\"0\" width=\"853\" height=\"480\" allowfullscreen><\/iframe><\/div>\n<\/div>\n<\/div>\n<p><br \/>\n<br \/><a href=\"https:\/\/de.rt.com\/europa\/287080-blutsbad-in-paris-allah-habe\/\">Source link <\/a><\/p>\n","protected":false},"excerpt":{"rendered":"<p>Erst Berlin, jetzt Paris. Ein Mann sticht im Nordwesten der franz\u00f6sischen Metropole wahllos auf Frauen ein, hinterl\u00e4sst eine Spur der Verw\u00fcstung und lebensgef\u00e4hrlich verletzte Opfer. W\u00e4hrend Ermittler fieberhaft nach dem wahren Motiv suchen, wirft eine schockierende \u00c4u\u00dferung des T\u00e4ters bei seiner Festnahme d\u00fcstere Fragen auf. Drei Frauen sind bei einem Messerangriff im Nordwesten der franz\u00f6sischen [&hellip;]<\/p>\n","protected":false},"author":3,"featured_media":107684,"comment_status":"open","ping_status":"open","sticky":false,"template":"","format":"standard","meta":{"_yoast_indexnow_last_ping":["1785237921"],"wp_automatic_camp":["217"],"41cb02e53fd8b5816c074b6f387ba1c3":["Blutbad in Paris: &quot;Allah hat es mir befohlen&quot;, sagt T\u00e4ter (VIDEO)"],"original_link":["https:\/\/de.rt.com\/europa\/287080-blutsbad-in-paris-allah-habe\/"],"_thumbnail_id":["107684"],"jnews_social_counter_last_update":["1788431121"],"_wptgpro_p2tg_sent2tg":["a:1:{i:23737;s:19:\"2026-07-28 13:26:21\";}"]},"categories":[19,23],"tags":[75005,33623,423,7658,9609,75004,3564,7079,173],"class_list":["post-107683","post","type-post","status-publish","format-standard","has-post-thumbnail","hentry","category-deutschland","category-russland","tag-befohlenquot","tag-blutbad","tag-hat","tag-mir","tag-paris","tag-quotallah","tag-sagt","tag-taeter","tag-video"],"yoast_head":"<!-- This site is optimized with the Yoast SEO Premium plugin v22.7 (Yoast SEO v28.2) - https:\/\/yoast.com\/product\/yoast-seo-premium-wordpress\/ -->\n<title>Blutbad in Paris: &quot;Allah hat es mir befohlen&quot;, sagt T\u00e4ter (VIDEO) - just-now.NEWS Deutschland<\/title>\n<meta name=\"robots\" content=\"index, follow, max-snippet:-1, max-image-preview:large, max-video-preview:-1\" \/>\n<link rel=\"canonical\" href=\"https:\/\/now-news.de\/de\/deutschland\/blutbad-in-paris-allah-hat-es-mir-befohlen-sagt-taeter-video\/\" \/>\n<meta property=\"og:locale\" content=\"de_DE\" \/>\n<meta property=\"og:type\" content=\"article\" \/>\n<meta property=\"og:title\" content=\"Blutbad in Paris: &quot;Allah hat es mir befohlen&quot;, sagt T\u00e4ter (VIDEO)\" \/>\n<meta property=\"og:description\" content=\"Erst Berlin, jetzt Paris. Ein Mann sticht im Nordwesten der franz\u00f6sischen Metropole wahllos auf Frauen ein, hinterl\u00e4sst eine Spur der Verw\u00fcstung und lebensgef\u00e4hrlich verletzte Opfer. W\u00e4hrend Ermittler fieberhaft nach dem wahren Motiv suchen, wirft eine schockierende \u00c4u\u00dferung des T\u00e4ters bei seiner Festnahme d\u00fcstere Fragen auf. Drei Frauen sind bei einem Messerangriff im Nordwesten der franz\u00f6sischen [&hellip;]\" \/>\n<meta property=\"og:url\" content=\"https:\/\/now-news.de\/de\/deutschland\/blutbad-in-paris-allah-hat-es-mir-befohlen-sagt-taeter-video\/\" \/>\n<meta property=\"og:site_name\" content=\"just-now.NEWS Deutschland\" \/>\n<meta property=\"article:publisher\" content=\"https:\/\/www.facebook.com\/wirmachenauf\" \/>\n<meta property=\"article:published_time\" content=\"2026-07-28T11:14:15+00:00\" \/>\n<meta property=\"og:image\" content=\"https:\/\/now-news.de\/de\/wp-content\/uploads\/sites\/3\/2026\/07\/6a687ec648fbef4e3373e6c5.jpg\" \/>\n<meta name=\"author\" content=\"rtnews\" \/>\n<meta name=\"twitter:card\" content=\"summary_large_image\" \/>\n<meta name=\"twitter:creator\" content=\"@WirMachenAuf_de\" \/>\n<meta name=\"twitter:site\" content=\"@WirMachenAuf_de\" \/>\n<meta name=\"twitter:label1\" content=\"Verfasst von\" \/>\n\t<meta name=\"twitter:data1\" content=\"rtnews\" \/>\n\t<meta name=\"twitter:label2\" content=\"Gesch\u00e4tzte Lesezeit\" \/>\n\t<meta name=\"twitter:data2\" content=\"2\u00a0Minuten\" \/>\n<script type=\"application\/ld+json\" class=\"yoast-schema-graph\">{\"@context\":\"https:\\\/\\\/schema.org\",\"@graph\":[{\"@type\":\"Article\",\"@id\":\"https:\\\/\\\/now-news.de\\\/de\\\/deutschland\\\/blutbad-in-paris-allah-hat-es-mir-befohlen-sagt-taeter-video\\\/#article\",\"isPartOf\":{\"@id\":\"https:\\\/\\\/now-news.de\\\/de\\\/deutschland\\\/blutbad-in-paris-allah-hat-es-mir-befohlen-sagt-taeter-video\\\/\"},\"author\":{\"name\":\"rtnews\",\"@id\":\"https:\\\/\\\/now-news.de\\\/de\\\/#\\\/schema\\\/person\\\/fb534a4e865501d8b3285208df34a9b5\"},\"headline\":\"Blutbad in Paris: &quot;Allah hat es mir befohlen&quot;, sagt T\u00e4ter (VIDEO)\",\"datePublished\":\"2026-07-28T11:14:15+00:00\",\"mainEntityOfPage\":{\"@id\":\"https:\\\/\\\/now-news.de\\\/de\\\/deutschland\\\/blutbad-in-paris-allah-hat-es-mir-befohlen-sagt-taeter-video\\\/\"},\"wordCount\":364,\"commentCount\":0,\"publisher\":{\"@id\":\"https:\\\/\\\/now-news.de\\\/de\\\/#organization\"},\"image\":{\"@id\":\"https:\\\/\\\/now-news.de\\\/de\\\/deutschland\\\/blutbad-in-paris-allah-hat-es-mir-befohlen-sagt-taeter-video\\\/#primaryimage\"},\"thumbnailUrl\":\"https:\\\/\\\/now-news.de\\\/de\\\/wp-content\\\/uploads\\\/sites\\\/3\\\/2026\\\/07\\\/Blutbad-in-Paris-quotAllah-hat-es-mir-befohlenquot-sagt-Taeter.jpg\",\"keywords\":[\"befohlenquot\",\"Blutbad\",\"hat\",\"mir\",\"Paris\",\"quotAllah\",\"sagt\",\"T\u00e4ter\",\"Video\"],\"articleSection\":[\"Deutschland\",\"Russland\"],\"inLanguage\":\"de\",\"potentialAction\":[{\"@type\":\"CommentAction\",\"name\":\"Comment\",\"target\":[\"https:\\\/\\\/now-news.de\\\/de\\\/deutschland\\\/blutbad-in-paris-allah-hat-es-mir-befohlen-sagt-taeter-video\\\/#respond\"]}]},{\"@type\":\"WebPage\",\"@id\":\"https:\\\/\\\/now-news.de\\\/de\\\/deutschland\\\/blutbad-in-paris-allah-hat-es-mir-befohlen-sagt-taeter-video\\\/\",\"url\":\"https:\\\/\\\/now-news.de\\\/de\\\/deutschland\\\/blutbad-in-paris-allah-hat-es-mir-befohlen-sagt-taeter-video\\\/\",\"name\":\"Blutbad in Paris: &quot;Allah hat es mir befohlen&quot;, sagt T\u00e4ter (VIDEO) - just-now.NEWS Deutschland\",\"isPartOf\":{\"@id\":\"https:\\\/\\\/now-news.de\\\/de\\\/#website\"},\"primaryImageOfPage\":{\"@id\":\"https:\\\/\\\/now-news.de\\\/de\\\/deutschland\\\/blutbad-in-paris-allah-hat-es-mir-befohlen-sagt-taeter-video\\\/#primaryimage\"},\"image\":{\"@id\":\"https:\\\/\\\/now-news.de\\\/de\\\/deutschland\\\/blutbad-in-paris-allah-hat-es-mir-befohlen-sagt-taeter-video\\\/#primaryimage\"},\"thumbnailUrl\":\"https:\\\/\\\/now-news.de\\\/de\\\/wp-content\\\/uploads\\\/sites\\\/3\\\/2026\\\/07\\\/Blutbad-in-Paris-quotAllah-hat-es-mir-befohlenquot-sagt-Taeter.jpg\",\"datePublished\":\"2026-07-28T11:14:15+00:00\",\"breadcrumb\":{\"@id\":\"https:\\\/\\\/now-news.de\\\/de\\\/deutschland\\\/blutbad-in-paris-allah-hat-es-mir-befohlen-sagt-taeter-video\\\/#breadcrumb\"},\"inLanguage\":\"de\",\"potentialAction\":[{\"@type\":\"ReadAction\",\"target\":[\"https:\\\/\\\/now-news.de\\\/de\\\/deutschland\\\/blutbad-in-paris-allah-hat-es-mir-befohlen-sagt-taeter-video\\\/\"]}]},{\"@type\":\"ImageObject\",\"inLanguage\":\"de\",\"@id\":\"https:\\\/\\\/now-news.de\\\/de\\\/deutschland\\\/blutbad-in-paris-allah-hat-es-mir-befohlen-sagt-taeter-video\\\/#primaryimage\",\"url\":\"https:\\\/\\\/now-news.de\\\/de\\\/wp-content\\\/uploads\\\/sites\\\/3\\\/2026\\\/07\\\/Blutbad-in-Paris-quotAllah-hat-es-mir-befohlenquot-sagt-Taeter.jpg\",\"contentUrl\":\"https:\\\/\\\/now-news.de\\\/de\\\/wp-content\\\/uploads\\\/sites\\\/3\\\/2026\\\/07\\\/Blutbad-in-Paris-quotAllah-hat-es-mir-befohlenquot-sagt-Taeter.jpg\",\"width\":460,\"height\":259,\"caption\":\"Blutbad in Paris: &quot;Allah hat es mir befohlen&quot;, sagt T\u00e4ter (VIDEO)\"},{\"@type\":\"BreadcrumbList\",\"@id\":\"https:\\\/\\\/now-news.de\\\/de\\\/deutschland\\\/blutbad-in-paris-allah-hat-es-mir-befohlen-sagt-taeter-video\\\/#breadcrumb\",\"itemListElement\":[{\"@type\":\"ListItem\",\"position\":1,\"name\":\"Home\",\"item\":\"https:\\\/\\\/now-news.de\\\/de\\\/\"},{\"@type\":\"ListItem\",\"position\":2,\"name\":\"Blutbad in Paris: &quot;Allah hat es mir befohlen&quot;, sagt T\u00e4ter (VIDEO)\"}]},{\"@type\":\"WebSite\",\"@id\":\"https:\\\/\\\/now-news.de\\\/de\\\/#website\",\"url\":\"https:\\\/\\\/now-news.de\\\/de\\\/\",\"name\":\"just-now.NEWS Deutschland\",\"description\":\"Das Portal f\u00fcr unzensierte Nachrichten aus der Welt\",\"publisher\":{\"@id\":\"https:\\\/\\\/now-news.de\\\/de\\\/#organization\"},\"potentialAction\":[{\"@type\":\"SearchAction\",\"target\":{\"@type\":\"EntryPoint\",\"urlTemplate\":\"https:\\\/\\\/now-news.de\\\/de\\\/?s={search_term_string}\"},\"query-input\":{\"@type\":\"PropertyValueSpecification\",\"valueRequired\":true,\"valueName\":\"search_term_string\"}}],\"inLanguage\":\"de\"},{\"@type\":\"Organization\",\"@id\":\"https:\\\/\\\/now-news.de\\\/de\\\/#organization\",\"name\":\"Just Now News\",\"url\":\"https:\\\/\\\/now-news.de\\\/de\\\/\",\"logo\":{\"@type\":\"ImageObject\",\"inLanguage\":\"de\",\"@id\":\"https:\\\/\\\/now-news.de\\\/de\\\/#\\\/schema\\\/logo\\\/image\\\/\",\"url\":\"http:\\\/\\\/just-now.news\\\/de\\\/wp-content\\\/uploads\\\/sites\\\/3\\\/2022\\\/04\\\/logo500x500.jpg\",\"contentUrl\":\"http:\\\/\\\/just-now.news\\\/de\\\/wp-content\\\/uploads\\\/sites\\\/3\\\/2022\\\/04\\\/logo500x500.jpg\",\"width\":500,\"height\":500,\"caption\":\"Just Now News\"},\"image\":{\"@id\":\"https:\\\/\\\/now-news.de\\\/de\\\/#\\\/schema\\\/logo\\\/image\\\/\"},\"sameAs\":[\"https:\\\/\\\/www.facebook.com\\\/wirmachenauf\",\"https:\\\/\\\/x.com\\\/WirMachenAuf_de\"]},{\"@type\":\"Person\",\"@id\":\"https:\\\/\\\/now-news.de\\\/de\\\/#\\\/schema\\\/person\\\/fb534a4e865501d8b3285208df34a9b5\",\"name\":\"rtnews\",\"image\":{\"@type\":\"ImageObject\",\"inLanguage\":\"de\",\"@id\":\"https:\\\/\\\/secure.gravatar.com\\\/avatar\\\/358fe31b3ab5769fea05376e1953329834cd9912cf9daf607e2af3076a1b982b?s=96&d=mm&r=g\",\"url\":\"https:\\\/\\\/secure.gravatar.com\\\/avatar\\\/358fe31b3ab5769fea05376e1953329834cd9912cf9daf607e2af3076a1b982b?s=96&d=mm&r=g\",\"contentUrl\":\"https:\\\/\\\/secure.gravatar.com\\\/avatar\\\/358fe31b3ab5769fea05376e1953329834cd9912cf9daf607e2af3076a1b982b?s=96&d=mm&r=g\",\"caption\":\"rtnews\"},\"url\":\"https:\\\/\\\/now-news.de\\\/de\\\/author\\\/rnews\\\/\"}]}<\/script>\n<!-- \/ Yoast SEO Premium plugin. -->","yoast_head_json":{"title":"Blutbad in Paris: &quot;Allah hat es mir befohlen&quot;, sagt T\u00e4ter (VIDEO) - just-now.NEWS Deutschland","robots":{"index":"index","follow":"follow","max-snippet":"max-snippet:-1","max-image-preview":"max-image-preview:large","max-video-preview":"max-video-preview:-1"},"canonical":"https:\/\/now-news.de\/de\/deutschland\/blutbad-in-paris-allah-hat-es-mir-befohlen-sagt-taeter-video\/","og_locale":"de_DE","og_type":"article","og_title":"Blutbad in Paris: &quot;Allah hat es mir befohlen&quot;, sagt T\u00e4ter (VIDEO)","og_description":"Erst Berlin, jetzt Paris. Ein Mann sticht im Nordwesten der franz\u00f6sischen Metropole wahllos auf Frauen ein, hinterl\u00e4sst eine Spur der Verw\u00fcstung und lebensgef\u00e4hrlich verletzte Opfer. W\u00e4hrend Ermittler fieberhaft nach dem wahren Motiv suchen, wirft eine schockierende \u00c4u\u00dferung des T\u00e4ters bei seiner Festnahme d\u00fcstere Fragen auf. Drei Frauen sind bei einem Messerangriff im Nordwesten der franz\u00f6sischen [&hellip;]","og_url":"https:\/\/now-news.de\/de\/deutschland\/blutbad-in-paris-allah-hat-es-mir-befohlen-sagt-taeter-video\/","og_site_name":"just-now.NEWS Deutschland","article_publisher":"https:\/\/www.facebook.com\/wirmachenauf","article_published_time":"2026-07-28T11:14:15+00:00","og_image":[{"url":"https:\/\/now-news.de\/de\/wp-content\/uploads\/sites\/3\/2026\/07\/6a687ec648fbef4e3373e6c5.jpg","type":"","width":"","height":""}],"author":"rtnews","twitter_card":"summary_large_image","twitter_creator":"@WirMachenAuf_de","twitter_site":"@WirMachenAuf_de","twitter_misc":{"Verfasst von":"rtnews","Gesch\u00e4tzte Lesezeit":"2\u00a0Minuten"},"schema":{"@context":"https:\/\/schema.org","@graph":[{"@type":"Article","@id":"https:\/\/now-news.de\/de\/deutschland\/blutbad-in-paris-allah-hat-es-mir-befohlen-sagt-taeter-video\/#article","isPartOf":{"@id":"https:\/\/now-news.de\/de\/deutschland\/blutbad-in-paris-allah-hat-es-mir-befohlen-sagt-taeter-video\/"},"author":{"name":"rtnews","@id":"https:\/\/now-news.de\/de\/#\/schema\/person\/fb534a4e865501d8b3285208df34a9b5"},"headline":"Blutbad in Paris: &quot;Allah hat es mir befohlen&quot;, sagt T\u00e4ter (VIDEO)","datePublished":"2026-07-28T11:14:15+00:00","mainEntityOfPage":{"@id":"https:\/\/now-news.de\/de\/deutschland\/blutbad-in-paris-allah-hat-es-mir-befohlen-sagt-taeter-video\/"},"wordCount":364,"commentCount":0,"publisher":{"@id":"https:\/\/now-news.de\/de\/#organization"},"image":{"@id":"https:\/\/now-news.de\/de\/deutschland\/blutbad-in-paris-allah-hat-es-mir-befohlen-sagt-taeter-video\/#primaryimage"},"thumbnailUrl":"https:\/\/now-news.de\/de\/wp-content\/uploads\/sites\/3\/2026\/07\/Blutbad-in-Paris-quotAllah-hat-es-mir-befohlenquot-sagt-Taeter.jpg","keywords":["befohlenquot","Blutbad","hat","mir","Paris","quotAllah","sagt","T\u00e4ter","Video"],"articleSection":["Deutschland","Russland"],"inLanguage":"de","potentialAction":[{"@type":"CommentAction","name":"Comment","target":["https:\/\/now-news.de\/de\/deutschland\/blutbad-in-paris-allah-hat-es-mir-befohlen-sagt-taeter-video\/#respond"]}]},{"@type":"WebPage","@id":"https:\/\/now-news.de\/de\/deutschland\/blutbad-in-paris-allah-hat-es-mir-befohlen-sagt-taeter-video\/","url":"https:\/\/now-news.de\/de\/deutschland\/blutbad-in-paris-allah-hat-es-mir-befohlen-sagt-taeter-video\/","name":"Blutbad in Paris: &quot;Allah hat es mir befohlen&quot;, sagt T\u00e4ter (VIDEO) - just-now.NEWS Deutschland","isPartOf":{"@id":"https:\/\/now-news.de\/de\/#website"},"primaryImageOfPage":{"@id":"https:\/\/now-news.de\/de\/deutschland\/blutbad-in-paris-allah-hat-es-mir-befohlen-sagt-taeter-video\/#primaryimage"},"image":{"@id":"https:\/\/now-news.de\/de\/deutschland\/blutbad-in-paris-allah-hat-es-mir-befohlen-sagt-taeter-video\/#primaryimage"},"thumbnailUrl":"https:\/\/now-news.de\/de\/wp-content\/uploads\/sites\/3\/2026\/07\/Blutbad-in-Paris-quotAllah-hat-es-mir-befohlenquot-sagt-Taeter.jpg","datePublished":"2026-07-28T11:14:15+00:00","breadcrumb":{"@id":"https:\/\/now-news.de\/de\/deutschland\/blutbad-in-paris-allah-hat-es-mir-befohlen-sagt-taeter-video\/#breadcrumb"},"inLanguage":"de","potentialAction":[{"@type":"ReadAction","target":["https:\/\/now-news.de\/de\/deutschland\/blutbad-in-paris-allah-hat-es-mir-befohlen-sagt-taeter-video\/"]}]},{"@type":"ImageObject","inLanguage":"de","@id":"https:\/\/now-news.de\/de\/deutschland\/blutbad-in-paris-allah-hat-es-mir-befohlen-sagt-taeter-video\/#primaryimage","url":"https:\/\/now-news.de\/de\/wp-content\/uploads\/sites\/3\/2026\/07\/Blutbad-in-Paris-quotAllah-hat-es-mir-befohlenquot-sagt-Taeter.jpg","contentUrl":"https:\/\/now-news.de\/de\/wp-content\/uploads\/sites\/3\/2026\/07\/Blutbad-in-Paris-quotAllah-hat-es-mir-befohlenquot-sagt-Taeter.jpg","width":460,"height":259,"caption":"Blutbad in Paris: &quot;Allah hat es mir befohlen&quot;, sagt T\u00e4ter (VIDEO)"},{"@type":"BreadcrumbList","@id":"https:\/\/now-news.de\/de\/deutschland\/blutbad-in-paris-allah-hat-es-mir-befohlen-sagt-taeter-video\/#breadcrumb","itemListElement":[{"@type":"ListItem","position":1,"name":"Home","item":"https:\/\/now-news.de\/de\/"},{"@type":"ListItem","position":2,"name":"Blutbad in Paris: &quot;Allah hat es mir befohlen&quot;, sagt T\u00e4ter (VIDEO)"}]},{"@type":"WebSite","@id":"https:\/\/now-news.de\/de\/#website","url":"https:\/\/now-news.de\/de\/","name":"just-now.NEWS Deutschland","description":"Das Portal f\u00fcr unzensierte Nachrichten aus der Welt","publisher":{"@id":"https:\/\/now-news.de\/de\/#organization"},"potentialAction":[{"@type":"SearchAction","target":{"@type":"EntryPoint","urlTemplate":"https:\/\/now-news.de\/de\/?s={search_term_string}"},"query-input":{"@type":"PropertyValueSpecification","valueRequired":true,"valueName":"search_term_string"}}],"inLanguage":"de"},{"@type":"Organization","@id":"https:\/\/now-news.de\/de\/#organization","name":"Just Now News","url":"https:\/\/now-news.de\/de\/","logo":{"@type":"ImageObject","inLanguage":"de","@id":"https:\/\/now-news.de\/de\/#\/schema\/logo\/image\/","url":"http:\/\/just-now.news\/de\/wp-content\/uploads\/sites\/3\/2022\/04\/logo500x500.jpg","contentUrl":"http:\/\/just-now.news\/de\/wp-content\/uploads\/sites\/3\/2022\/04\/logo500x500.jpg","width":500,"height":500,"caption":"Just Now News"},"image":{"@id":"https:\/\/now-news.de\/de\/#\/schema\/logo\/image\/"},"sameAs":["https:\/\/www.facebook.com\/wirmachenauf","https:\/\/x.com\/WirMachenAuf_de"]},{"@type":"Person","@id":"https:\/\/now-news.de\/de\/#\/schema\/person\/fb534a4e865501d8b3285208df34a9b5","name":"rtnews","image":{"@type":"ImageObject","inLanguage":"de","@id":"https:\/\/secure.gravatar.com\/avatar\/358fe31b3ab5769fea05376e1953329834cd9912cf9daf607e2af3076a1b982b?s=96&d=mm&r=g","url":"https:\/\/secure.gravatar.com\/avatar\/358fe31b3ab5769fea05376e1953329834cd9912cf9daf607e2af3076a1b982b?s=96&d=mm&r=g","contentUrl":"https:\/\/secure.gravatar.com\/avatar\/358fe31b3ab5769fea05376e1953329834cd9912cf9daf607e2af3076a1b982b?s=96&d=mm&r=g","caption":"rtnews"},"url":"https:\/\/now-news.de\/de\/author\/rnews\/"}]}},"_links":{"self":[{"href":"https:\/\/now-news.de\/de\/wp-json\/wp\/v2\/posts\/107683","targetHints":{"allow":["GET"]}}],"collection":[{"href":"https:\/\/now-news.de\/de\/wp-json\/wp\/v2\/posts"}],"about":[{"href":"https:\/\/now-news.de\/de\/wp-json\/wp\/v2\/types\/post"}],"author":[{"embeddable":true,"href":"https:\/\/now-news.de\/de\/wp-json\/wp\/v2\/users\/3"}],"replies":[{"embeddable":true,"href":"https:\/\/now-news.de\/de\/wp-json\/wp\/v2\/comments?post=107683"}],"version-history":[{"count":0,"href":"https:\/\/now-news.de\/de\/wp-json\/wp\/v2\/posts\/107683\/revisions"}],"wp:featuredmedia":[{"embeddable":true,"href":"https:\/\/now-news.de\/de\/wp-json\/wp\/v2\/media\/107684"}],"wp:attachment":[{"href":"https:\/\/now-news.de\/de\/wp-json\/wp\/v2\/media?parent=107683"}],"wp:term":[{"taxonomy":"category","embeddable":true,"href":"https:\/\/now-news.de\/de\/wp-json\/wp\/v2\/categories?post=107683"},{"taxonomy":"post_tag","embeddable":true,"href":"https:\/\/now-news.de\/de\/wp-json\/wp\/v2\/tags?post=107683"}],"curies":[{"name":"wp","href":"https:\/\/api.w.org\/{rel}","templated":true}]}}