{"id":10752,"date":"2022-06-14T04:20:00","date_gmt":"2022-06-14T02:20:00","guid":{"rendered":"http:\/\/just-now.news\/de\/usa\/wegen-begasung-geschlossen-mitbegruender-des-blm-kapitels-verhaftet-nachdem-hunderte-von-kakerlaken-im-new-yorker-gerichtsgebaeude-freigelassen-wurden\/"},"modified":"2022-06-14T04:20:00","modified_gmt":"2022-06-14T02:20:00","slug":"wegen-begasung-geschlossen-mitbegruender-des-blm-kapitels-verhaftet-nachdem-hunderte-von-kakerlaken-im-new-yorker-gerichtsgebaeude-freigelassen-wurden","status":"publish","type":"post","link":"https:\/\/now-news.de\/de\/usa\/wegen-begasung-geschlossen-mitbegruender-des-blm-kapitels-verhaftet-nachdem-hunderte-von-kakerlaken-im-new-yorker-gerichtsgebaeude-freigelassen-wurden\/","title":{"rendered":"\u201eWegen Begasung geschlossen\u201c: Mitbegr\u00fcnder des BLM-Kapitels verhaftet, nachdem Hunderte von Kakerlaken im New Yorker Gerichtsgeb\u00e4ude freigelassen wurden"},"content":{"rendered":"<div class=\"entry-content\">\n<p><\/p>\n<p>Die Mitbegr\u00fcnderin des Kapitels Black Lives Matter im Bundesstaat New York wurde letzte Woche festgenommen, nachdem linke Demonstranten Hunderte von Kakerlaken in einem Gerichtsgeb\u00e4ude in Albany freigelassen hatten, als sie vor einer Anklage stand.<\/p>\n<p>Nach dem Vorfall am Dienstag wurde die 34-j\u00e4hrige Clyanna Lightbourn von der Polizei von Albany in Gewahrsam genommen und der Behinderung der Regierungsverwaltung, der Manipulation physischer Beweise, des Widerstands gegen die Festnahme und des ungeordneten Verhaltens angeklagt, wie Polizeiberichte enth\u00fcllten.<\/p>\n<div id=\"IC1-ad\" class=\"sponsor IC1\">\n<p class=\"ad-notice flipboard-remove\" fl:fl-noexcerpt=\"true\">Werbung \u2013 die Geschichte geht unten weiter<\/p>\n<div id=\"IC1\">\n<script>\n\t\t\t\t\tif( FFADS.units.IC1 && FFADS.units.IC1.ad_type == 'custom' && FFADS.units.IC1.custom_ads && ! getCookie( 'ff_subbed' ) ) {\n\t\t\t\t\t\tdocument.getElementById( 'IC1' ).innerHTML = FFADS.units.IC1.custom_ads[0].code;\n\t\t\t\t\t\tif( ! FFADS.units.IC1.lazy_load ) eval( FFADS.units.IC1.custom_ads[0].rendering_script );\n\t\t\t\t\t}\n\t\t\t\t\telse if( FFADS.units.IC1 && ! getCookie( 'ff_subbed' ) ) {\n\t\t\t\t\t\tif( 'IC' != 'SB' && 'IC' != 'SA' && FFADS.use_fixed_containers ) {\n\t\t\t\t\t\t\tlet max_wh = firefly_size_list_to_max_wh( FFADS.units.IC1.sizes );\n\t\t\t\t\t\t\tlet el = document.querySelector( '#IC1' );\n\t\t\t\t\t\t\tif( 'IC' != 'SA' && FFADS.slide_pixels ) {\n\t\t\t\t\t\t\t\tmax_wh[1] += parseInt( FFADS.slide_pixels );\n\t\t\t\t\t\t\t\tel.classList.add( 'sliding' );\n\t\t\t\t\t\t\t}\n\t\t\t\t\t\t\tel.style.width = max_wh[0] + 'px';\n\t\t\t\t\t\t\tel.style.height = max_wh[1] + 'px';\n\t\t\t\t\t\t\tel.classList.add( 'fixed-size' );\n\t\t\t\t\t\t}\n\t\t\t\t\t\tgoogletag.cmd.push( function() {\n\t\t\t\t\t\t\tFFADS.debug( 'googletag.displaying IC1' );\n\t\t\t\t\t\t\tgoogletag.display( 'IC1' );\n\t\t\t\t\t\t} );\n\t\t\t\t\t}\n\t\t\t\t\telse {\n\t\t\t\t\t\tdocument.querySelector( '#IC1-ad' ).style.display = 'none';}\n\t\t\t\t<\/script><\/div>\n<\/div>\n<p>Lightbourn erschien neben drei anderen Aktivisten vor Gericht f\u00fcr ihre geplante Anklage, aber w\u00e4hrend der vorangegangenen begannen mehrere BLM-Mitglieder im Publikum eine geplante St\u00f6rung im Gerichtssaal, so die Washington Times.<\/p>\n<p>Zus\u00e4tzlich zu dem typischen Kreischen und geistlosen Ges\u00e4ngen befreiten die verr\u00fcckten Aktivisten Hunderte von Kakerlaken aus Tupperware-Beh\u00e4ltern, die in das Geb\u00e4ude geschmuggelt wurden, und zwangen den Gerichtssaal, f\u00fcr den Rest des Tages geschlossen zu werden, um begast zu werden.<\/p>\n<p><script>\n\t\t\t\t\tif( ! getCookie( 'ff_subbed' ) ) if( typeof FFADS.replace_ict != 'undefined' ) if( FFADS.replace_ict ) eval( FFADS.replace_ict );\n\t\t\t\t<\/script><\/p>\n<blockquote class=\"twitter-tweet\" data-width=\"500\" data-dnt=\"true\">\n<p lang=\"en\" dir=\"ltr\">Hunderte Kakerlaken im Gerichtsgeb\u00e4ude von Albany aus offensichtlichem Protest freigelassenhttps:\/\/t.co\/9hHLqvf204 <a rel=\"nofollow noopener\" target=\"_blank\" href=\"https:\/\/t.co\/ORmTVcebpr\">pic.twitter.com\/ORmTVcebpr<\/a><\/p>\n<p>\u2013 Die Washington Times (@WashTimes) <a rel=\"nofollow noopener\" target=\"_blank\" href=\"https:\/\/twitter.com\/WashTimes\/status\/1534746368505524229?ref_src=twsrc%5Etfw\">9. Juni 2022<\/a><\/p>\n<\/blockquote>\n<p><script async src=\"https:\/\/platform.twitter.com\/widgets.js\" charset=\"utf-8\"><\/script><\/p>\n<p>W\u00e4hrend der Aufregung begann Lightbourn, die fr\u00fcher f\u00fcr das B\u00fcro f\u00fcr demokratische Konferenzdienste des New Yorker Senats arbeitete, den Vorfall mit ihrem Telefon zu filmen.  Laut Quellen, die mit der Washington Times sprachen, wurde sie festgenommen, nachdem ein Beamter ihr Telefon genommen und versucht hatte, es zur\u00fcckzubekommen.<\/p>\n<div id=\"IC2-ad\" class=\"sponsor IC2\">\n<p class=\"ad-notice flipboard-remove\" fl:fl-noexcerpt=\"true\">Werbung \u2013 die Geschichte geht unten weiter<\/p>\n<div id=\"IC2\">\n<script>\n\t\t\t\t\tif( FFADS.units.IC2 && FFADS.units.IC2.ad_type == 'custom' && FFADS.units.IC2.custom_ads && ! getCookie( 'ff_subbed' ) ) {\n\t\t\t\t\t\tdocument.getElementById( 'IC2' ).innerHTML = FFADS.units.IC2.custom_ads[0].code;\n\t\t\t\t\t\tif( ! FFADS.units.IC2.lazy_load ) eval( FFADS.units.IC2.custom_ads[0].rendering_script );\n\t\t\t\t\t}\n\t\t\t\t\telse if( FFADS.units.IC2 && ! getCookie( 'ff_subbed' ) ) {\n\t\t\t\t\t\tif( 'IC' != 'SB' && 'IC' != 'SA' && FFADS.use_fixed_containers ) {\n\t\t\t\t\t\t\tlet max_wh = firefly_size_list_to_max_wh( FFADS.units.IC2.sizes );\n\t\t\t\t\t\t\tlet el = document.querySelector( '#IC2' );\n\t\t\t\t\t\t\tif( 'IC' != 'SA' && FFADS.slide_pixels ) {\n\t\t\t\t\t\t\t\tmax_wh[1] += parseInt( FFADS.slide_pixels );\n\t\t\t\t\t\t\t\tel.classList.add( 'sliding' );\n\t\t\t\t\t\t\t}\n\t\t\t\t\t\t\tel.style.width = max_wh[0] + 'px';\n\t\t\t\t\t\t\tel.style.height = max_wh[1] + 'px';\n\t\t\t\t\t\t\tel.classList.add( 'fixed-size' );\n\t\t\t\t\t\t}\n\t\t\t\t\t\tgoogletag.cmd.push( function() {\n\t\t\t\t\t\t\tFFADS.debug( 'googletag.displaying IC2' );\n\t\t\t\t\t\t\tgoogletag.display( 'IC2' );\n\t\t\t\t\t\t} );\n\t\t\t\t\t}\n\t\t\t\t\telse {\n\t\t\t\t\t\tdocument.querySelector( '#IC2-ad' ).style.display = 'none';}\n\t\t\t\t<\/script><\/div>\n<\/div>\n<section data-v-f313b7e6=\"\">Das Verhalten der Aktivisten wurde sofort von Beamten im Gerichtssaal angeprangert, die die Aktionen der BLM-Aktivisten als \u201ekriminell\u201c bezeichneten und versprachen, die Kosten der Begasung und Schlie\u00dfung von den T\u00e4tern wieder hereinzuholen.  Beamte best\u00e4tigten auch, dass die Angelegenheit derzeit untersucht wird, um festzustellen, ob weitere Anklagen erhoben werden. Aus der Washington Times, die mit Gerichtsbeamten in Albany \u00fcber den Vorfall sprach:<\/p>\n<blockquote>\n<p><em>\u201eEin Sprecher des Gerichtsverwaltungsb\u00fcros von Albany, Lucian Chalfen, stellte Fotos der gro\u00dfen Kakerlaken zur Verf\u00fcgung, die auf dem Boden des Gerichtsgeb\u00e4udes krabbeln.<\/em><\/p>\n<p><em>\u201eWas sich herausstellte, ist keine Interessenvertretung oder Aktivismus, es ist kriminelles Verhalten mit der Absicht, ein Verfahren zu st\u00f6ren und Schaden zu verursachen\u201c, sagte Herr Chalfen in einer Erkl\u00e4rung. <\/em><\/p>\n<p><em>Das Gericht f\u00fcgte hinzu, dass die Staatsanwaltschaft eine R\u00fcckerstattung der Kosten f\u00fcr die Begasung am Dienstag beantragen werde. <\/em><\/p>\n<p><em>&#8220;Steuerzahler sollten nicht die Rechnung f\u00fcr diese Aktionen bezahlen.&#8221;  Herr Chalfen sagte\u2026<\/em><\/p>\n<p><em>\u2026&#8217;W\u00e4hrend der Vorfall weiter untersucht wird, m\u00f6chte die Staatsanwaltschaft betonen, dass das Recht auf Protest zwar gesch\u00fctzt ist, wir uns jedoch gegen die Unterbrechung von Gerichtsverfahren und die offensichtliche Zurschaustellung von Respektlosigkeit gegen\u00fcber dem Gericht wehren&#8217;, eine Erkl\u00e4rung aus dem B\u00fcro des Bezirksstaatsanwalts von Albany County gelesen.\u201c<\/em><\/p>\n<\/blockquote>\n<\/section>\n<p class=\"article-ask\"><span class=\"ask\"><script>\n  if( getParameterByName( \"utm_source\" ) == \"testpage\" ) {\n    !function(e,t,a,n,g){e[n]=e[n]||[],e[n].push({\"gtm.start\":(new Date).getTime(),event:\"gtm.js\"});var m=t.getElementsByTagName(a)[0],r=t.createElement(a);r.async=!0,r.src=\"https:\/\/www.googletagmanager.com\/gtm.js?id=GTM-PL4PD49\",m.parentNode.insertBefore(r,m)}(window.parent,window.parent.document,\"script\",\"dataLayer\");\n    var iframe=window.parent.document.createElement(\"iframe\");iframe.src=\"https:\/\/www.googletagmanager.com\/ns.html?id=GTM-PL4PD49\";iframe.height=\"0\";iframe.width=\"0\";iframe.style=\"display:none;visibility:hidden\";window.parent.document.body.appendChild(iframe);\n    window.parent[\"$$mm-analytics\"] = window.parent[\"$$mm-analytics\"] || {};if (typeof window.parent[\"$$mm-analytics\"].firstEmbed === \"undefined\") {window.parent[\"$$mm-analytics\"].firstEmbed = Date.now();}\n    let as1 = document.createElement( \"script\" );\n    as1.src = \"https:\/\/bucket1.mm-syringe.com\/prod\/configs\/ee2300c8-43d2-7f0b-dac0-40aaf31c9d3d.js\";\n    document.body.appendChild( as1 );\n    let as2 = document.createElement( \"script\" );\n    as2.src = \"https:\/\/bucket1.mm-syringe.com\/prod\/injector\/injector.1.5.3.js\";\n    document.body.appendChild( as2 );\n  }\n<\/script><\/p>\n<div class=\"apester-media\" data-token=\"5f10a39f94902bc81d3d59a7\" data-context=\"true\" data-tags=\"\" data-fallback=\"true\" height=\"350\"><\/div>\n<p><script id=\"apester_script\" src=\"https:\/\/static.apester.com\/js\/sdk\/latest\/apester-sdk.js\" async><\/script><script async src=\"https:\/\/www.googletagmanager.com\/gtag\/js?id=G-EFE91RJVSQ\"><\/script><script>\n  window.dataLayer = window.dataLayer || [];\n  function gtag(){dataLayer.push(arguments);}\n  gtag(\\\\\\'js\\\\\\', new Date());\n  gtag(\\\\\\'config\\\\\\', \\\\\\'G-EFE91RJVSQ\\\\\\');\n<\/script><script type=\"text\/javascript\">\n\tfunction e(e){var t=!(arguments.length>1&&void 0!==arguments[1])||arguments[1],c=document.createElement(\"script\");c.src=e,t?c.type=\"module\":(c.async=!0,c.type=\"text\/javascript\",c.setAttribute(\"nomodule\",\"\"));var n=document.getElementsByTagName(\"script\")[0];n.parentNode.insertBefore(c,n)}function t(t,c,n){var a,o,r;null!==(a=t.marfeel)&&void 0!==a||(t.marfeel={}),null!==(o=(r=t.marfeel).cmd)&&void 0!==o||(r.cmd=[]),t.marfeel.config=n,t.marfeel.config.accountId=c;var i=\"https:\/\/sdk.mrf.io\/statics\";e(\"\".concat(i,\"\/marfeel-sdk.js?id=\").concat(c),!0),e(\"\".concat(i,\"\/marfeel-sdk.es5.js?id=\").concat(c),!1)}!function(e,c){var n=arguments.length>2&&void 0!==arguments[2]?arguments[2]:{};t(e,c,n)}(window,1573,{} \/*config*\/);\n<\/script><\/span><\/p>\n<\/div>\n<p><br \/>\n<br \/><a href=\"https:\/\/www.thegatewaypundit.com\/2022\/06\/closed-fumigation-blm-chapter-co-founder-arrested-hundreds-cockroaches-released-new-york-courthouse\/\">Source link <\/a><\/p>\n","protected":false},"excerpt":{"rendered":"<p>Die Mitbegr\u00fcnderin des Kapitels Black Lives Matter im Bundesstaat New York wurde letzte Woche festgenommen, nachdem linke Demonstranten Hunderte von Kakerlaken in einem Gerichtsgeb\u00e4ude in Albany freigelassen hatten, als sie vor einer Anklage stand. Nach dem Vorfall am Dienstag wurde die 34-j\u00e4hrige Clyanna Lightbourn von der Polizei von Albany in Gewahrsam genommen und der Behinderung [&hellip;]<\/p>\n","protected":false},"author":5,"featured_media":10753,"comment_status":"open","ping_status":"open","sticky":false,"template":"","format":"standard","meta":{"wp_automatic_camp":["1161"],"672c0b07ac476fbe5aeab25eeff1ee7f":["\u201eWegen Begasung geschlossen\u201c: Mitbegr\u00fcnder des BLM-Kapitels verhaftet, nachdem Hunderte von Kakerlaken im New Yorker Gerichtsgeb\u00e4ude freigelassen wurden\n"],"original_link":["https:\/\/www.thegatewaypundit.com\/2022\/06\/closed-fumigation-blm-chapter-co-founder-arrested-hundreds-cockroaches-released-new-york-courthouse\/"],"_thumbnail_id":["10753"],"wp_automatic_remove_first_image":["yes"],"jnews_social_counter_last_update":["1777626864"]},"categories":[25],"tags":[24340,24342,583,8347,24343,24341,4403,21771,1353,3835,8346,50,145,3268,1861],"yoast_head":"<!-- This site is optimized with the Yoast SEO Premium plugin v22.7 (Yoast SEO v22.7) - https:\/\/yoast.com\/wordpress\/plugins\/seo\/ -->\n<title>\u201eWegen Begasung geschlossen\u201c: Mitbegr\u00fcnder des BLM-Kapitels verhaftet, nachdem Hunderte von Kakerlaken im New Yorker Gerichtsgeb\u00e4ude freigelassen wurden - just-now.NEWS Deutschland<\/title>\n<meta name=\"robots\" content=\"index, follow, max-snippet:-1, max-image-preview:large, max-video-preview:-1\" \/>\n<link rel=\"canonical\" href=\"https:\/\/now-news.de\/de\/usa\/wegen-begasung-geschlossen-mitbegruender-des-blm-kapitels-verhaftet-nachdem-hunderte-von-kakerlaken-im-new-yorker-gerichtsgebaeude-freigelassen-wurden\/\" \/>\n<meta property=\"og:locale\" content=\"de_DE\" \/>\n<meta property=\"og:type\" content=\"article\" \/>\n<meta property=\"og:title\" content=\"\u201eWegen Begasung geschlossen\u201c: Mitbegr\u00fcnder des BLM-Kapitels verhaftet, nachdem Hunderte von Kakerlaken im New Yorker Gerichtsgeb\u00e4ude freigelassen wurden\" \/>\n<meta property=\"og:description\" content=\"Die Mitbegr\u00fcnderin des Kapitels Black Lives Matter im Bundesstaat New York wurde letzte Woche festgenommen, nachdem linke Demonstranten Hunderte von Kakerlaken in einem Gerichtsgeb\u00e4ude in Albany freigelassen hatten, als sie vor einer Anklage stand. Nach dem Vorfall am Dienstag wurde die 34-j\u00e4hrige Clyanna Lightbourn von der Polizei von Albany in Gewahrsam genommen und der Behinderung [&hellip;]\" \/>\n<meta property=\"og:url\" content=\"https:\/\/now-news.de\/de\/usa\/wegen-begasung-geschlossen-mitbegruender-des-blm-kapitels-verhaftet-nachdem-hunderte-von-kakerlaken-im-new-yorker-gerichtsgebaeude-freigelassen-wurden\/\" \/>\n<meta property=\"og:site_name\" content=\"just-now.NEWS Deutschland\" \/>\n<meta property=\"article:publisher\" content=\"https:\/\/www.facebook.com\/wirmachenauf\" \/>\n<meta property=\"article:published_time\" content=\"2022-06-14T02:20:00+00:00\" \/>\n<meta property=\"og:image\" content=\"https:\/\/now-news.de\/de\/wp-content\/uploads\/sites\/3\/2022\/06\/1655173312_\u201eWegen-Begasung-geschlossen-Mitbegruender-des-BLM-Kapitels-verhaftet-nachdem-Hunderte-von.jpg\" \/>\n\t<meta property=\"og:image:width\" content=\"1930\" \/>\n\t<meta property=\"og:image:height\" content=\"1078\" \/>\n\t<meta property=\"og:image:type\" content=\"image\/jpeg\" \/>\n<meta name=\"author\" content=\"greatreset\" \/>\n<meta name=\"twitter:card\" content=\"summary_large_image\" \/>\n<meta name=\"twitter:creator\" content=\"@WirMachenAuf_de\" \/>\n<meta name=\"twitter:site\" content=\"@WirMachenAuf_de\" \/>\n<meta name=\"twitter:label1\" content=\"Verfasst von\" \/>\n\t<meta name=\"twitter:data1\" content=\"greatreset\" \/>\n\t<meta name=\"twitter:label2\" content=\"Gesch\u00e4tzte Lesezeit\" \/>\n\t<meta name=\"twitter:data2\" content=\"2\u00a0Minuten\" \/>\n<script type=\"application\/ld+json\" class=\"yoast-schema-graph\">{\"@context\":\"https:\/\/schema.org\",\"@graph\":[{\"@type\":\"Article\",\"@id\":\"https:\/\/now-news.de\/de\/usa\/wegen-begasung-geschlossen-mitbegruender-des-blm-kapitels-verhaftet-nachdem-hunderte-von-kakerlaken-im-new-yorker-gerichtsgebaeude-freigelassen-wurden\/#article\",\"isPartOf\":{\"@id\":\"https:\/\/now-news.de\/de\/usa\/wegen-begasung-geschlossen-mitbegruender-des-blm-kapitels-verhaftet-nachdem-hunderte-von-kakerlaken-im-new-yorker-gerichtsgebaeude-freigelassen-wurden\/\"},\"author\":{\"name\":\"greatreset\",\"@id\":\"https:\/\/now-news.de\/de\/#\/schema\/person\/8afb4cd92b68572db7902c13a349ffcb\"},\"headline\":\"\u201eWegen Begasung geschlossen\u201c: Mitbegr\u00fcnder des BLM-Kapitels verhaftet, nachdem Hunderte von Kakerlaken im New Yorker Gerichtsgeb\u00e4ude freigelassen wurden\",\"datePublished\":\"2022-06-14T02:20:00+00:00\",\"dateModified\":\"2022-06-14T02:20:00+00:00\",\"mainEntityOfPage\":{\"@id\":\"https:\/\/now-news.de\/de\/usa\/wegen-begasung-geschlossen-mitbegruender-des-blm-kapitels-verhaftet-nachdem-hunderte-von-kakerlaken-im-new-yorker-gerichtsgebaeude-freigelassen-wurden\/\"},\"wordCount\":474,\"commentCount\":0,\"publisher\":{\"@id\":\"https:\/\/now-news.de\/de\/#organization\"},\"image\":{\"@id\":\"https:\/\/now-news.de\/de\/usa\/wegen-begasung-geschlossen-mitbegruender-des-blm-kapitels-verhaftet-nachdem-hunderte-von-kakerlaken-im-new-yorker-gerichtsgebaeude-freigelassen-wurden\/#primaryimage\"},\"thumbnailUrl\":\"https:\/\/now-news.de\/de\/wp-content\/uploads\/sites\/3\/2022\/06\/1655173312_\u201eWegen-Begasung-geschlossen-Mitbegruender-des-BLM-Kapitels-verhaftet-nachdem-Hunderte-von.jpg\",\"keywords\":[\"Begasung\",\"BLMKapitels\",\"des\",\"freigelassen\",\"Gerichtsgeb\u00e4ude\",\"geschlossen\",\"Hunderte\",\"Kakerlaken\",\"Mitbegr\u00fcnder\",\"nachdem\",\"verhaftet\",\"von\",\"wegen\",\"wurden\",\"Yorker\"],\"articleSection\":[\"USA\"],\"inLanguage\":\"de\",\"potentialAction\":[{\"@type\":\"CommentAction\",\"name\":\"Comment\",\"target\":[\"https:\/\/now-news.de\/de\/usa\/wegen-begasung-geschlossen-mitbegruender-des-blm-kapitels-verhaftet-nachdem-hunderte-von-kakerlaken-im-new-yorker-gerichtsgebaeude-freigelassen-wurden\/#respond\"]}]},{\"@type\":\"WebPage\",\"@id\":\"https:\/\/now-news.de\/de\/usa\/wegen-begasung-geschlossen-mitbegruender-des-blm-kapitels-verhaftet-nachdem-hunderte-von-kakerlaken-im-new-yorker-gerichtsgebaeude-freigelassen-wurden\/\",\"url\":\"https:\/\/now-news.de\/de\/usa\/wegen-begasung-geschlossen-mitbegruender-des-blm-kapitels-verhaftet-nachdem-hunderte-von-kakerlaken-im-new-yorker-gerichtsgebaeude-freigelassen-wurden\/\",\"name\":\"\u201eWegen Begasung geschlossen\u201c: Mitbegr\u00fcnder des BLM-Kapitels verhaftet, nachdem Hunderte von Kakerlaken im New Yorker Gerichtsgeb\u00e4ude freigelassen wurden - just-now.NEWS Deutschland\",\"isPartOf\":{\"@id\":\"https:\/\/now-news.de\/de\/#website\"},\"primaryImageOfPage\":{\"@id\":\"https:\/\/now-news.de\/de\/usa\/wegen-begasung-geschlossen-mitbegruender-des-blm-kapitels-verhaftet-nachdem-hunderte-von-kakerlaken-im-new-yorker-gerichtsgebaeude-freigelassen-wurden\/#primaryimage\"},\"image\":{\"@id\":\"https:\/\/now-news.de\/de\/usa\/wegen-begasung-geschlossen-mitbegruender-des-blm-kapitels-verhaftet-nachdem-hunderte-von-kakerlaken-im-new-yorker-gerichtsgebaeude-freigelassen-wurden\/#primaryimage\"},\"thumbnailUrl\":\"https:\/\/now-news.de\/de\/wp-content\/uploads\/sites\/3\/2022\/06\/1655173312_\u201eWegen-Begasung-geschlossen-Mitbegruender-des-BLM-Kapitels-verhaftet-nachdem-Hunderte-von.jpg\",\"datePublished\":\"2022-06-14T02:20:00+00:00\",\"dateModified\":\"2022-06-14T02:20:00+00:00\",\"breadcrumb\":{\"@id\":\"https:\/\/now-news.de\/de\/usa\/wegen-begasung-geschlossen-mitbegruender-des-blm-kapitels-verhaftet-nachdem-hunderte-von-kakerlaken-im-new-yorker-gerichtsgebaeude-freigelassen-wurden\/#breadcrumb\"},\"inLanguage\":\"de\",\"potentialAction\":[{\"@type\":\"ReadAction\",\"target\":[\"https:\/\/now-news.de\/de\/usa\/wegen-begasung-geschlossen-mitbegruender-des-blm-kapitels-verhaftet-nachdem-hunderte-von-kakerlaken-im-new-yorker-gerichtsgebaeude-freigelassen-wurden\/\"]}]},{\"@type\":\"ImageObject\",\"inLanguage\":\"de\",\"@id\":\"https:\/\/now-news.de\/de\/usa\/wegen-begasung-geschlossen-mitbegruender-des-blm-kapitels-verhaftet-nachdem-hunderte-von-kakerlaken-im-new-yorker-gerichtsgebaeude-freigelassen-wurden\/#primaryimage\",\"url\":\"https:\/\/now-news.de\/de\/wp-content\/uploads\/sites\/3\/2022\/06\/1655173312_\u201eWegen-Begasung-geschlossen-Mitbegruender-des-BLM-Kapitels-verhaftet-nachdem-Hunderte-von.jpg\",\"contentUrl\":\"https:\/\/now-news.de\/de\/wp-content\/uploads\/sites\/3\/2022\/06\/1655173312_\u201eWegen-Begasung-geschlossen-Mitbegruender-des-BLM-Kapitels-verhaftet-nachdem-Hunderte-von.jpg\",\"width\":1930,\"height\":1078},{\"@type\":\"BreadcrumbList\",\"@id\":\"https:\/\/now-news.de\/de\/usa\/wegen-begasung-geschlossen-mitbegruender-des-blm-kapitels-verhaftet-nachdem-hunderte-von-kakerlaken-im-new-yorker-gerichtsgebaeude-freigelassen-wurden\/#breadcrumb\",\"itemListElement\":[{\"@type\":\"ListItem\",\"position\":1,\"name\":\"Home\",\"item\":\"https:\/\/now-news.de\/de\/\"},{\"@type\":\"ListItem\",\"position\":2,\"name\":\"\u201eWegen Begasung geschlossen\u201c: Mitbegr\u00fcnder des BLM-Kapitels verhaftet, nachdem Hunderte von Kakerlaken im New Yorker Gerichtsgeb\u00e4ude freigelassen wurden\"}]},{\"@type\":\"WebSite\",\"@id\":\"https:\/\/now-news.de\/de\/#website\",\"url\":\"https:\/\/now-news.de\/de\/\",\"name\":\"just-now.NEWS Deutschland\",\"description\":\"Das Portal f\u00fcr unzensierte Nachrichten aus der Welt\",\"publisher\":{\"@id\":\"https:\/\/now-news.de\/de\/#organization\"},\"potentialAction\":[{\"@type\":\"SearchAction\",\"target\":{\"@type\":\"EntryPoint\",\"urlTemplate\":\"https:\/\/now-news.de\/de\/?s={search_term_string}\"},\"query-input\":\"required name=search_term_string\"}],\"inLanguage\":\"de\"},{\"@type\":\"Organization\",\"@id\":\"https:\/\/now-news.de\/de\/#organization\",\"name\":\"Just Now News\",\"url\":\"https:\/\/now-news.de\/de\/\",\"logo\":{\"@type\":\"ImageObject\",\"inLanguage\":\"de\",\"@id\":\"https:\/\/now-news.de\/de\/#\/schema\/logo\/image\/\",\"url\":\"http:\/\/just-now.news\/de\/wp-content\/uploads\/sites\/3\/2022\/04\/logo500x500.jpg\",\"contentUrl\":\"http:\/\/just-now.news\/de\/wp-content\/uploads\/sites\/3\/2022\/04\/logo500x500.jpg\",\"width\":500,\"height\":500,\"caption\":\"Just Now News\"},\"image\":{\"@id\":\"https:\/\/now-news.de\/de\/#\/schema\/logo\/image\/\"},\"sameAs\":[\"https:\/\/www.facebook.com\/wirmachenauf\",\"https:\/\/x.com\/WirMachenAuf_de\"]},{\"@type\":\"Person\",\"@id\":\"https:\/\/now-news.de\/de\/#\/schema\/person\/8afb4cd92b68572db7902c13a349ffcb\",\"name\":\"greatreset\",\"image\":{\"@type\":\"ImageObject\",\"inLanguage\":\"de\",\"@id\":\"https:\/\/now-news.de\/de\/#\/schema\/person\/image\/\",\"url\":\"https:\/\/secure.gravatar.com\/avatar\/a088df625d49991c090e78c8b9542592?s=96&d=mm&r=g\",\"contentUrl\":\"https:\/\/secure.gravatar.com\/avatar\/a088df625d49991c090e78c8b9542592?s=96&d=mm&r=g\",\"caption\":\"greatreset\"},\"url\":\"https:\/\/now-news.de\/de\/author\/greatreset\/\"}]}<\/script>\n<!-- \/ Yoast SEO Premium plugin. -->","yoast_head_json":{"title":"\u201eWegen Begasung geschlossen\u201c: Mitbegr\u00fcnder des BLM-Kapitels verhaftet, nachdem Hunderte von Kakerlaken im New Yorker Gerichtsgeb\u00e4ude freigelassen wurden - just-now.NEWS Deutschland","robots":{"index":"index","follow":"follow","max-snippet":"max-snippet:-1","max-image-preview":"max-image-preview:large","max-video-preview":"max-video-preview:-1"},"canonical":"https:\/\/now-news.de\/de\/usa\/wegen-begasung-geschlossen-mitbegruender-des-blm-kapitels-verhaftet-nachdem-hunderte-von-kakerlaken-im-new-yorker-gerichtsgebaeude-freigelassen-wurden\/","og_locale":"de_DE","og_type":"article","og_title":"\u201eWegen Begasung geschlossen\u201c: Mitbegr\u00fcnder des BLM-Kapitels verhaftet, nachdem Hunderte von Kakerlaken im New Yorker Gerichtsgeb\u00e4ude freigelassen wurden","og_description":"Die Mitbegr\u00fcnderin des Kapitels Black Lives Matter im Bundesstaat New York wurde letzte Woche festgenommen, nachdem linke Demonstranten Hunderte von Kakerlaken in einem Gerichtsgeb\u00e4ude in Albany freigelassen hatten, als sie vor einer Anklage stand. Nach dem Vorfall am Dienstag wurde die 34-j\u00e4hrige Clyanna Lightbourn von der Polizei von Albany in Gewahrsam genommen und der Behinderung [&hellip;]","og_url":"https:\/\/now-news.de\/de\/usa\/wegen-begasung-geschlossen-mitbegruender-des-blm-kapitels-verhaftet-nachdem-hunderte-von-kakerlaken-im-new-yorker-gerichtsgebaeude-freigelassen-wurden\/","og_site_name":"just-now.NEWS Deutschland","article_publisher":"https:\/\/www.facebook.com\/wirmachenauf","article_published_time":"2022-06-14T02:20:00+00:00","og_image":[{"width":1930,"height":1078,"url":"https:\/\/now-news.de\/de\/wp-content\/uploads\/sites\/3\/2022\/06\/1655173312_\u201eWegen-Begasung-geschlossen-Mitbegruender-des-BLM-Kapitels-verhaftet-nachdem-Hunderte-von.jpg","type":"image\/jpeg"}],"author":"greatreset","twitter_card":"summary_large_image","twitter_creator":"@WirMachenAuf_de","twitter_site":"@WirMachenAuf_de","twitter_misc":{"Verfasst von":"greatreset","Gesch\u00e4tzte Lesezeit":"2\u00a0Minuten"},"schema":{"@context":"https:\/\/schema.org","@graph":[{"@type":"Article","@id":"https:\/\/now-news.de\/de\/usa\/wegen-begasung-geschlossen-mitbegruender-des-blm-kapitels-verhaftet-nachdem-hunderte-von-kakerlaken-im-new-yorker-gerichtsgebaeude-freigelassen-wurden\/#article","isPartOf":{"@id":"https:\/\/now-news.de\/de\/usa\/wegen-begasung-geschlossen-mitbegruender-des-blm-kapitels-verhaftet-nachdem-hunderte-von-kakerlaken-im-new-yorker-gerichtsgebaeude-freigelassen-wurden\/"},"author":{"name":"greatreset","@id":"https:\/\/now-news.de\/de\/#\/schema\/person\/8afb4cd92b68572db7902c13a349ffcb"},"headline":"\u201eWegen Begasung geschlossen\u201c: Mitbegr\u00fcnder des BLM-Kapitels verhaftet, nachdem Hunderte von Kakerlaken im New Yorker Gerichtsgeb\u00e4ude freigelassen wurden","datePublished":"2022-06-14T02:20:00+00:00","dateModified":"2022-06-14T02:20:00+00:00","mainEntityOfPage":{"@id":"https:\/\/now-news.de\/de\/usa\/wegen-begasung-geschlossen-mitbegruender-des-blm-kapitels-verhaftet-nachdem-hunderte-von-kakerlaken-im-new-yorker-gerichtsgebaeude-freigelassen-wurden\/"},"wordCount":474,"commentCount":0,"publisher":{"@id":"https:\/\/now-news.de\/de\/#organization"},"image":{"@id":"https:\/\/now-news.de\/de\/usa\/wegen-begasung-geschlossen-mitbegruender-des-blm-kapitels-verhaftet-nachdem-hunderte-von-kakerlaken-im-new-yorker-gerichtsgebaeude-freigelassen-wurden\/#primaryimage"},"thumbnailUrl":"https:\/\/now-news.de\/de\/wp-content\/uploads\/sites\/3\/2022\/06\/1655173312_\u201eWegen-Begasung-geschlossen-Mitbegruender-des-BLM-Kapitels-verhaftet-nachdem-Hunderte-von.jpg","keywords":["Begasung","BLMKapitels","des","freigelassen","Gerichtsgeb\u00e4ude","geschlossen","Hunderte","Kakerlaken","Mitbegr\u00fcnder","nachdem","verhaftet","von","wegen","wurden","Yorker"],"articleSection":["USA"],"inLanguage":"de","potentialAction":[{"@type":"CommentAction","name":"Comment","target":["https:\/\/now-news.de\/de\/usa\/wegen-begasung-geschlossen-mitbegruender-des-blm-kapitels-verhaftet-nachdem-hunderte-von-kakerlaken-im-new-yorker-gerichtsgebaeude-freigelassen-wurden\/#respond"]}]},{"@type":"WebPage","@id":"https:\/\/now-news.de\/de\/usa\/wegen-begasung-geschlossen-mitbegruender-des-blm-kapitels-verhaftet-nachdem-hunderte-von-kakerlaken-im-new-yorker-gerichtsgebaeude-freigelassen-wurden\/","url":"https:\/\/now-news.de\/de\/usa\/wegen-begasung-geschlossen-mitbegruender-des-blm-kapitels-verhaftet-nachdem-hunderte-von-kakerlaken-im-new-yorker-gerichtsgebaeude-freigelassen-wurden\/","name":"\u201eWegen Begasung geschlossen\u201c: Mitbegr\u00fcnder des BLM-Kapitels verhaftet, nachdem Hunderte von Kakerlaken im New Yorker Gerichtsgeb\u00e4ude freigelassen wurden - just-now.NEWS Deutschland","isPartOf":{"@id":"https:\/\/now-news.de\/de\/#website"},"primaryImageOfPage":{"@id":"https:\/\/now-news.de\/de\/usa\/wegen-begasung-geschlossen-mitbegruender-des-blm-kapitels-verhaftet-nachdem-hunderte-von-kakerlaken-im-new-yorker-gerichtsgebaeude-freigelassen-wurden\/#primaryimage"},"image":{"@id":"https:\/\/now-news.de\/de\/usa\/wegen-begasung-geschlossen-mitbegruender-des-blm-kapitels-verhaftet-nachdem-hunderte-von-kakerlaken-im-new-yorker-gerichtsgebaeude-freigelassen-wurden\/#primaryimage"},"thumbnailUrl":"https:\/\/now-news.de\/de\/wp-content\/uploads\/sites\/3\/2022\/06\/1655173312_\u201eWegen-Begasung-geschlossen-Mitbegruender-des-BLM-Kapitels-verhaftet-nachdem-Hunderte-von.jpg","datePublished":"2022-06-14T02:20:00+00:00","dateModified":"2022-06-14T02:20:00+00:00","breadcrumb":{"@id":"https:\/\/now-news.de\/de\/usa\/wegen-begasung-geschlossen-mitbegruender-des-blm-kapitels-verhaftet-nachdem-hunderte-von-kakerlaken-im-new-yorker-gerichtsgebaeude-freigelassen-wurden\/#breadcrumb"},"inLanguage":"de","potentialAction":[{"@type":"ReadAction","target":["https:\/\/now-news.de\/de\/usa\/wegen-begasung-geschlossen-mitbegruender-des-blm-kapitels-verhaftet-nachdem-hunderte-von-kakerlaken-im-new-yorker-gerichtsgebaeude-freigelassen-wurden\/"]}]},{"@type":"ImageObject","inLanguage":"de","@id":"https:\/\/now-news.de\/de\/usa\/wegen-begasung-geschlossen-mitbegruender-des-blm-kapitels-verhaftet-nachdem-hunderte-von-kakerlaken-im-new-yorker-gerichtsgebaeude-freigelassen-wurden\/#primaryimage","url":"https:\/\/now-news.de\/de\/wp-content\/uploads\/sites\/3\/2022\/06\/1655173312_\u201eWegen-Begasung-geschlossen-Mitbegruender-des-BLM-Kapitels-verhaftet-nachdem-Hunderte-von.jpg","contentUrl":"https:\/\/now-news.de\/de\/wp-content\/uploads\/sites\/3\/2022\/06\/1655173312_\u201eWegen-Begasung-geschlossen-Mitbegruender-des-BLM-Kapitels-verhaftet-nachdem-Hunderte-von.jpg","width":1930,"height":1078},{"@type":"BreadcrumbList","@id":"https:\/\/now-news.de\/de\/usa\/wegen-begasung-geschlossen-mitbegruender-des-blm-kapitels-verhaftet-nachdem-hunderte-von-kakerlaken-im-new-yorker-gerichtsgebaeude-freigelassen-wurden\/#breadcrumb","itemListElement":[{"@type":"ListItem","position":1,"name":"Home","item":"https:\/\/now-news.de\/de\/"},{"@type":"ListItem","position":2,"name":"\u201eWegen Begasung geschlossen\u201c: Mitbegr\u00fcnder des BLM-Kapitels verhaftet, nachdem Hunderte von Kakerlaken im New Yorker Gerichtsgeb\u00e4ude freigelassen wurden"}]},{"@type":"WebSite","@id":"https:\/\/now-news.de\/de\/#website","url":"https:\/\/now-news.de\/de\/","name":"just-now.NEWS Deutschland","description":"Das Portal f\u00fcr unzensierte Nachrichten aus der Welt","publisher":{"@id":"https:\/\/now-news.de\/de\/#organization"},"potentialAction":[{"@type":"SearchAction","target":{"@type":"EntryPoint","urlTemplate":"https:\/\/now-news.de\/de\/?s={search_term_string}"},"query-input":"required name=search_term_string"}],"inLanguage":"de"},{"@type":"Organization","@id":"https:\/\/now-news.de\/de\/#organization","name":"Just Now News","url":"https:\/\/now-news.de\/de\/","logo":{"@type":"ImageObject","inLanguage":"de","@id":"https:\/\/now-news.de\/de\/#\/schema\/logo\/image\/","url":"http:\/\/just-now.news\/de\/wp-content\/uploads\/sites\/3\/2022\/04\/logo500x500.jpg","contentUrl":"http:\/\/just-now.news\/de\/wp-content\/uploads\/sites\/3\/2022\/04\/logo500x500.jpg","width":500,"height":500,"caption":"Just Now News"},"image":{"@id":"https:\/\/now-news.de\/de\/#\/schema\/logo\/image\/"},"sameAs":["https:\/\/www.facebook.com\/wirmachenauf","https:\/\/x.com\/WirMachenAuf_de"]},{"@type":"Person","@id":"https:\/\/now-news.de\/de\/#\/schema\/person\/8afb4cd92b68572db7902c13a349ffcb","name":"greatreset","image":{"@type":"ImageObject","inLanguage":"de","@id":"https:\/\/now-news.de\/de\/#\/schema\/person\/image\/","url":"https:\/\/secure.gravatar.com\/avatar\/a088df625d49991c090e78c8b9542592?s=96&d=mm&r=g","contentUrl":"https:\/\/secure.gravatar.com\/avatar\/a088df625d49991c090e78c8b9542592?s=96&d=mm&r=g","caption":"greatreset"},"url":"https:\/\/now-news.de\/de\/author\/greatreset\/"}]}},"_links":{"self":[{"href":"https:\/\/now-news.de\/de\/wp-json\/wp\/v2\/posts\/10752"}],"collection":[{"href":"https:\/\/now-news.de\/de\/wp-json\/wp\/v2\/posts"}],"about":[{"href":"https:\/\/now-news.de\/de\/wp-json\/wp\/v2\/types\/post"}],"author":[{"embeddable":true,"href":"https:\/\/now-news.de\/de\/wp-json\/wp\/v2\/users\/5"}],"replies":[{"embeddable":true,"href":"https:\/\/now-news.de\/de\/wp-json\/wp\/v2\/comments?post=10752"}],"version-history":[{"count":0,"href":"https:\/\/now-news.de\/de\/wp-json\/wp\/v2\/posts\/10752\/revisions"}],"wp:featuredmedia":[{"embeddable":true,"href":"https:\/\/now-news.de\/de\/wp-json\/wp\/v2\/media\/10753"}],"wp:attachment":[{"href":"https:\/\/now-news.de\/de\/wp-json\/wp\/v2\/media?parent=10752"}],"wp:term":[{"taxonomy":"category","embeddable":true,"href":"https:\/\/now-news.de\/de\/wp-json\/wp\/v2\/categories?post=10752"},{"taxonomy":"post_tag","embeddable":true,"href":"https:\/\/now-news.de\/de\/wp-json\/wp\/v2\/tags?post=10752"}],"curies":[{"name":"wp","href":"https:\/\/api.w.org\/{rel}","templated":true}]}}