{"id":107340,"date":"2026-07-22T18:42:54","date_gmt":"2026-07-22T16:42:54","guid":{"rendered":"https:\/\/now-news.de\/de\/deutschland\/verfassungsgericht-zu-corona-nichts-dazugelernt\/"},"modified":"2026-07-22T18:42:54","modified_gmt":"2026-07-22T16:42:54","slug":"verfassungsgericht-zu-corona-nichts-dazugelernt","status":"publish","type":"post","link":"https:\/\/now-news.de\/de\/deutschland\/verfassungsgericht-zu-corona-nichts-dazugelernt\/","title":{"rendered":"Verfassungsgericht: Zu Corona nichts dazugelernt"},"content":{"rendered":"<p><img decoding=\"async\" src=\"https:\/\/now-news.de\/de\/wp-content\/uploads\/sites\/3\/2026\/07\/6a60f3f948fbef67f15371d3.jpg\" \/><\/p>\n<div class=\"Text-root Text-type_1 \">\n                2022 klagten drei AfD-Abgeordnete und ihre Fraktion gegen die Einf\u00fchrung weiterer Corona-Beschr\u00e4nkungen im Bundestag im Januar desselben Jahres. Nun hat das Bundesverfassungsgericht sein Urteil dazu ver\u00f6ffentlicht. Es stammt tats\u00e4chlich aus dem Jahr 2026.\n            <\/div>\n<p><\/p>\n<div class=\"Text-root Text-type_5 ArticleView-text ViewText-root \">\n<p>Alle wissenschaftlichen Ver\u00f6ffentlichungen seit 2022 haben ebenso wenig genutzt wie die komplette Wende in den USA, was die Corona-Ma\u00dfnahmen und deren Bewertung betrifft \u2012 das Bundesverfassungsgericht <a rel=\"nofollow noopener\" target=\"_blank\" href=\"https:\/\/www.bundesverfassungsgericht.de\/SharedDocs\/Entscheidungen\/DE\/2026\/06\/es20260609_2bve000122.html?nn=68112\">urteilt<\/a> heute noch so wie damals.<\/p>\n<p>Anlass waren mehrere Klagen aus der AfD, die sich gegen die Einf\u00fchrung der 2G+-Regel im Bundestag und den v\u00f6lligen Ausschluss Ungeimpfter von der Gedenkstunde f\u00fcr die Opfer des Nationalsozialismus am 27. Januar 2022 richteten. 2G+ hie\u00df damals, dass nur noch samt Booster Geimpfte oder im Verlauf der letzten 6 Monate amtlich bescheinigt Genesene im Plenarsaal teilnehmen durften.<\/p>\n<p>Bei den Bundestagssitzungen wurden die \u00fcbrigen Abgeordneten, die dennoch einen negativen Test vorweisen mussten, auf die Besuchertrib\u00fcne verwiesen, auf der sie auch noch 1,5 Meter Abstand voneinander halten mussten. Zu der Gedenkstunde beschloss die Bundestagspr\u00e4sidentin Julia Kl\u00f6ckner, keine Teilnehmer auf der Trib\u00fcne zuzulassen, was einem Ausschluss von etwa der H\u00e4lfte der AfD-Fraktion von der Teilnahme gleichkam.<\/p>\n<p>Von den vier Kl\u00e4gern, der Fraktion und den Abgeordneten Stephan Brandner, Joachim Wundrak und Tino Chrupalla erkannte das Gericht nur Wundrak als klageberechtigt an. Die Fraktion habe nicht dargelegt, inwiefern sie in ihren Rechten beeintr\u00e4chtigt worden sei. Dem Abgeordneten Stephan Brandner wurde die Klagebefugnis abgesprochen, weil er h\u00e4tte belegen m\u00fcssen, dass er nicht genesen sei. &#8220;Denn die COVID-19-Pandemie dauerte zu Beginn des Jahres 2022 fast zwei Jahre an. Die letzten Infektionswellen zeichneten sich durch hohe Infektionsraten aus. Vor diesem Hintergrund ist die Annahme, der Antragsteller zu 2. habe nicht \u00fcber einen Genesenenstatus verf\u00fcgt, nicht so naheliegend, dass eine entsprechende Darlegung entbehrlich w\u00e4re.&#8221;<\/p>\n<p>Als Betroffener wurde also am Ende nur Wundrak akzeptiert.\u00a0Zu dessen Klage wurde dann zwar ausgef\u00fchrt, dass die Verbannung auf die Trib\u00fcne sehr wohl das Prinzip der Gleichheit der Abgeordneten verletzt habe, aber am Ende kommt das Verfassungsgericht zu dem Schluss, die Einf\u00fchrung der 2G+-Regel habe dazu gedient, die Arbeitsf\u00e4higkeit des Bundestags zu erhalten, und sei ein geeignetes und notwendiges Mittel gewesen.<\/p>\n<p>Wie unschwer zu erkennen ist, wurden s\u00e4mtliche Erkenntnisse zum mangelnden Selbst- und insbesondere Fremdschutz der &#8220;Impfung&#8221; ignoriert, ebenso wie die aus den RKI-Protokollen best\u00e4tigte Information, dass die Festlegungen zur angeblichen Gef\u00e4hrdung politische und keine wissenschaftlichen Entscheidungen waren. Auch die Tatsache, dass viele der mittlerweile best\u00e4tigten Kritikpunkte 2022 bereits bekannt waren, aber nicht nur ignoriert, sondern sogar aktiv unterdr\u00fcckt wurden, spielt bei diesem Urteil keine Rolle.<\/p>\n<p>Hoffnungen, im Zeitverlauf k\u00f6nne sich auch bei diesem Gremium etwas \u00e4ndern, wurden damit deutlich widerlegt. Karlsruhe befindet sich immer noch im Jahr 2022.<\/p>\n<p><strong>Mehr zum Thema<\/strong>\u00a0\u2012 <a rel=\"nofollow noopener\" target=\"_blank\" href=\"https:\/\/de-rtnews.com\/inland\/264930-enquetekommission-schuld-weglaecheln-oder-unertraegliche\/\">Enquete-Kommission: Schuld wegl\u00e4cheln oder die unertr\u00e4gliche &#8220;Leichtigkeit des Seins&#8221; von Jens Spahn<\/a><\/p>\n<div class=\"EmbedBlock-root EmbedBlock-externalVideo EmbedBlock-rumble\">\n<div class=\"VkEmbed\"><iframe class=\"lazyload\" data-src=\"https:\/\/rumble.com\/embed\/v76r8vq\" frameborder=\"0\" width=\"853\" height=\"480\" allowfullscreen><\/iframe><\/div>\n<\/div>\n<\/div>\n<p><br \/>\n<br \/><a href=\"https:\/\/de.rt.com\/inland\/286600-verfassungsgericht-zu-corona-nichts-dazugelernt\/\">Source link <\/a><\/p>\n","protected":false},"excerpt":{"rendered":"<p>2022 klagten drei AfD-Abgeordnete und ihre Fraktion gegen die Einf\u00fchrung weiterer Corona-Beschr\u00e4nkungen im Bundestag im Januar desselben Jahres. Nun hat das Bundesverfassungsgericht sein Urteil dazu ver\u00f6ffentlicht. Es stammt tats\u00e4chlich aus dem Jahr 2026. Alle wissenschaftlichen Ver\u00f6ffentlichungen seit 2022 haben ebenso wenig genutzt wie die komplette Wende in den USA, was die Corona-Ma\u00dfnahmen und deren Bewertung [&hellip;]<\/p>\n","protected":false},"author":3,"featured_media":107341,"comment_status":"open","ping_status":"open","sticky":false,"template":"","format":"standard","meta":{"_yoast_indexnow_last_ping":["1784740467"],"wp_automatic_camp":["217"],"397dbff635b10ca8c53bbc488855a77e":["Verfassungsgericht: Zu Corona nichts dazugelernt"],"original_link":["https:\/\/de.rt.com\/inland\/286600-verfassungsgericht-zu-corona-nichts-dazugelernt\/"],"_thumbnail_id":["107341"],"jnews_social_counter_last_update":["1788431116"],"_wptgpro_p2tg_sent2tg":["a:1:{i:23737;s:19:\"2026-07-22 19:15:27\";}"]},"categories":[19,23],"tags":[124,74859,3095,24561],"class_list":["post-107340","post","type-post","status-publish","format-standard","has-post-thumbnail","hentry","category-deutschland","category-russland","tag-corona","tag-dazugelernt","tag-nichts","tag-verfassungsgericht"],"yoast_head":"<!-- This site is optimized with the Yoast SEO Premium plugin v22.7 (Yoast SEO v28.2) - https:\/\/yoast.com\/product\/yoast-seo-premium-wordpress\/ -->\n<title>Verfassungsgericht: Zu Corona nichts dazugelernt - just-now.NEWS Deutschland<\/title>\n<meta name=\"robots\" content=\"index, follow, max-snippet:-1, max-image-preview:large, max-video-preview:-1\" \/>\n<link rel=\"canonical\" href=\"https:\/\/now-news.de\/de\/deutschland\/verfassungsgericht-zu-corona-nichts-dazugelernt\/\" \/>\n<meta property=\"og:locale\" content=\"de_DE\" \/>\n<meta property=\"og:type\" content=\"article\" \/>\n<meta property=\"og:title\" content=\"Verfassungsgericht: Zu Corona nichts dazugelernt\" \/>\n<meta property=\"og:description\" content=\"2022 klagten drei AfD-Abgeordnete und ihre Fraktion gegen die Einf\u00fchrung weiterer Corona-Beschr\u00e4nkungen im Bundestag im Januar desselben Jahres. Nun hat das Bundesverfassungsgericht sein Urteil dazu ver\u00f6ffentlicht. Es stammt tats\u00e4chlich aus dem Jahr 2026. Alle wissenschaftlichen Ver\u00f6ffentlichungen seit 2022 haben ebenso wenig genutzt wie die komplette Wende in den USA, was die Corona-Ma\u00dfnahmen und deren Bewertung [&hellip;]\" \/>\n<meta property=\"og:url\" content=\"https:\/\/now-news.de\/de\/deutschland\/verfassungsgericht-zu-corona-nichts-dazugelernt\/\" \/>\n<meta property=\"og:site_name\" content=\"just-now.NEWS Deutschland\" \/>\n<meta property=\"article:publisher\" content=\"https:\/\/www.facebook.com\/wirmachenauf\" \/>\n<meta property=\"article:published_time\" content=\"2026-07-22T16:42:54+00:00\" \/>\n<meta property=\"og:image\" content=\"https:\/\/now-news.de\/de\/wp-content\/uploads\/sites\/3\/2026\/07\/6a60f3f948fbef67f15371d3.jpg\" \/>\n<meta name=\"author\" content=\"rtnews\" \/>\n<meta name=\"twitter:card\" content=\"summary_large_image\" \/>\n<meta name=\"twitter:creator\" content=\"@WirMachenAuf_de\" \/>\n<meta name=\"twitter:site\" content=\"@WirMachenAuf_de\" \/>\n<meta name=\"twitter:label1\" content=\"Verfasst von\" \/>\n\t<meta name=\"twitter:data1\" content=\"rtnews\" \/>\n\t<meta name=\"twitter:label2\" content=\"Gesch\u00e4tzte Lesezeit\" \/>\n\t<meta name=\"twitter:data2\" content=\"2\u00a0Minuten\" \/>\n<script type=\"application\/ld+json\" class=\"yoast-schema-graph\">{\"@context\":\"https:\\\/\\\/schema.org\",\"@graph\":[{\"@type\":\"Article\",\"@id\":\"https:\\\/\\\/now-news.de\\\/de\\\/deutschland\\\/verfassungsgericht-zu-corona-nichts-dazugelernt\\\/#article\",\"isPartOf\":{\"@id\":\"https:\\\/\\\/now-news.de\\\/de\\\/deutschland\\\/verfassungsgericht-zu-corona-nichts-dazugelernt\\\/\"},\"author\":{\"name\":\"rtnews\",\"@id\":\"https:\\\/\\\/now-news.de\\\/de\\\/#\\\/schema\\\/person\\\/fb534a4e865501d8b3285208df34a9b5\"},\"headline\":\"Verfassungsgericht: Zu Corona nichts dazugelernt\",\"datePublished\":\"2026-07-22T16:42:54+00:00\",\"mainEntityOfPage\":{\"@id\":\"https:\\\/\\\/now-news.de\\\/de\\\/deutschland\\\/verfassungsgericht-zu-corona-nichts-dazugelernt\\\/\"},\"wordCount\":476,\"commentCount\":0,\"publisher\":{\"@id\":\"https:\\\/\\\/now-news.de\\\/de\\\/#organization\"},\"image\":{\"@id\":\"https:\\\/\\\/now-news.de\\\/de\\\/deutschland\\\/verfassungsgericht-zu-corona-nichts-dazugelernt\\\/#primaryimage\"},\"thumbnailUrl\":\"https:\\\/\\\/now-news.de\\\/de\\\/wp-content\\\/uploads\\\/sites\\\/3\\\/2026\\\/07\\\/Verfassungsgericht-Zu-Corona-nichts-dazugelernt.jpg\",\"keywords\":[\"corona\",\"dazugelernt\",\"Nichts\",\"Verfassungsgericht\"],\"articleSection\":[\"Deutschland\",\"Russland\"],\"inLanguage\":\"de\",\"potentialAction\":[{\"@type\":\"CommentAction\",\"name\":\"Comment\",\"target\":[\"https:\\\/\\\/now-news.de\\\/de\\\/deutschland\\\/verfassungsgericht-zu-corona-nichts-dazugelernt\\\/#respond\"]}]},{\"@type\":\"WebPage\",\"@id\":\"https:\\\/\\\/now-news.de\\\/de\\\/deutschland\\\/verfassungsgericht-zu-corona-nichts-dazugelernt\\\/\",\"url\":\"https:\\\/\\\/now-news.de\\\/de\\\/deutschland\\\/verfassungsgericht-zu-corona-nichts-dazugelernt\\\/\",\"name\":\"Verfassungsgericht: Zu Corona nichts dazugelernt - just-now.NEWS Deutschland\",\"isPartOf\":{\"@id\":\"https:\\\/\\\/now-news.de\\\/de\\\/#website\"},\"primaryImageOfPage\":{\"@id\":\"https:\\\/\\\/now-news.de\\\/de\\\/deutschland\\\/verfassungsgericht-zu-corona-nichts-dazugelernt\\\/#primaryimage\"},\"image\":{\"@id\":\"https:\\\/\\\/now-news.de\\\/de\\\/deutschland\\\/verfassungsgericht-zu-corona-nichts-dazugelernt\\\/#primaryimage\"},\"thumbnailUrl\":\"https:\\\/\\\/now-news.de\\\/de\\\/wp-content\\\/uploads\\\/sites\\\/3\\\/2026\\\/07\\\/Verfassungsgericht-Zu-Corona-nichts-dazugelernt.jpg\",\"datePublished\":\"2026-07-22T16:42:54+00:00\",\"breadcrumb\":{\"@id\":\"https:\\\/\\\/now-news.de\\\/de\\\/deutschland\\\/verfassungsgericht-zu-corona-nichts-dazugelernt\\\/#breadcrumb\"},\"inLanguage\":\"de\",\"potentialAction\":[{\"@type\":\"ReadAction\",\"target\":[\"https:\\\/\\\/now-news.de\\\/de\\\/deutschland\\\/verfassungsgericht-zu-corona-nichts-dazugelernt\\\/\"]}]},{\"@type\":\"ImageObject\",\"inLanguage\":\"de\",\"@id\":\"https:\\\/\\\/now-news.de\\\/de\\\/deutschland\\\/verfassungsgericht-zu-corona-nichts-dazugelernt\\\/#primaryimage\",\"url\":\"https:\\\/\\\/now-news.de\\\/de\\\/wp-content\\\/uploads\\\/sites\\\/3\\\/2026\\\/07\\\/Verfassungsgericht-Zu-Corona-nichts-dazugelernt.jpg\",\"contentUrl\":\"https:\\\/\\\/now-news.de\\\/de\\\/wp-content\\\/uploads\\\/sites\\\/3\\\/2026\\\/07\\\/Verfassungsgericht-Zu-Corona-nichts-dazugelernt.jpg\",\"width\":460,\"height\":259,\"caption\":\"Verfassungsgericht: Zu Corona nichts dazugelernt\"},{\"@type\":\"BreadcrumbList\",\"@id\":\"https:\\\/\\\/now-news.de\\\/de\\\/deutschland\\\/verfassungsgericht-zu-corona-nichts-dazugelernt\\\/#breadcrumb\",\"itemListElement\":[{\"@type\":\"ListItem\",\"position\":1,\"name\":\"Home\",\"item\":\"https:\\\/\\\/now-news.de\\\/de\\\/\"},{\"@type\":\"ListItem\",\"position\":2,\"name\":\"Verfassungsgericht: Zu Corona nichts dazugelernt\"}]},{\"@type\":\"WebSite\",\"@id\":\"https:\\\/\\\/now-news.de\\\/de\\\/#website\",\"url\":\"https:\\\/\\\/now-news.de\\\/de\\\/\",\"name\":\"just-now.NEWS Deutschland\",\"description\":\"Das Portal f\u00fcr unzensierte Nachrichten aus der Welt\",\"publisher\":{\"@id\":\"https:\\\/\\\/now-news.de\\\/de\\\/#organization\"},\"potentialAction\":[{\"@type\":\"SearchAction\",\"target\":{\"@type\":\"EntryPoint\",\"urlTemplate\":\"https:\\\/\\\/now-news.de\\\/de\\\/?s={search_term_string}\"},\"query-input\":{\"@type\":\"PropertyValueSpecification\",\"valueRequired\":true,\"valueName\":\"search_term_string\"}}],\"inLanguage\":\"de\"},{\"@type\":\"Organization\",\"@id\":\"https:\\\/\\\/now-news.de\\\/de\\\/#organization\",\"name\":\"Just Now News\",\"url\":\"https:\\\/\\\/now-news.de\\\/de\\\/\",\"logo\":{\"@type\":\"ImageObject\",\"inLanguage\":\"de\",\"@id\":\"https:\\\/\\\/now-news.de\\\/de\\\/#\\\/schema\\\/logo\\\/image\\\/\",\"url\":\"http:\\\/\\\/just-now.news\\\/de\\\/wp-content\\\/uploads\\\/sites\\\/3\\\/2022\\\/04\\\/logo500x500.jpg\",\"contentUrl\":\"http:\\\/\\\/just-now.news\\\/de\\\/wp-content\\\/uploads\\\/sites\\\/3\\\/2022\\\/04\\\/logo500x500.jpg\",\"width\":500,\"height\":500,\"caption\":\"Just Now News\"},\"image\":{\"@id\":\"https:\\\/\\\/now-news.de\\\/de\\\/#\\\/schema\\\/logo\\\/image\\\/\"},\"sameAs\":[\"https:\\\/\\\/www.facebook.com\\\/wirmachenauf\",\"https:\\\/\\\/x.com\\\/WirMachenAuf_de\"]},{\"@type\":\"Person\",\"@id\":\"https:\\\/\\\/now-news.de\\\/de\\\/#\\\/schema\\\/person\\\/fb534a4e865501d8b3285208df34a9b5\",\"name\":\"rtnews\",\"image\":{\"@type\":\"ImageObject\",\"inLanguage\":\"de\",\"@id\":\"https:\\\/\\\/secure.gravatar.com\\\/avatar\\\/358fe31b3ab5769fea05376e1953329834cd9912cf9daf607e2af3076a1b982b?s=96&d=mm&r=g\",\"url\":\"https:\\\/\\\/secure.gravatar.com\\\/avatar\\\/358fe31b3ab5769fea05376e1953329834cd9912cf9daf607e2af3076a1b982b?s=96&d=mm&r=g\",\"contentUrl\":\"https:\\\/\\\/secure.gravatar.com\\\/avatar\\\/358fe31b3ab5769fea05376e1953329834cd9912cf9daf607e2af3076a1b982b?s=96&d=mm&r=g\",\"caption\":\"rtnews\"},\"url\":\"https:\\\/\\\/now-news.de\\\/de\\\/author\\\/rnews\\\/\"}]}<\/script>\n<!-- \/ Yoast SEO Premium plugin. -->","yoast_head_json":{"title":"Verfassungsgericht: Zu Corona nichts dazugelernt - just-now.NEWS Deutschland","robots":{"index":"index","follow":"follow","max-snippet":"max-snippet:-1","max-image-preview":"max-image-preview:large","max-video-preview":"max-video-preview:-1"},"canonical":"https:\/\/now-news.de\/de\/deutschland\/verfassungsgericht-zu-corona-nichts-dazugelernt\/","og_locale":"de_DE","og_type":"article","og_title":"Verfassungsgericht: Zu Corona nichts dazugelernt","og_description":"2022 klagten drei AfD-Abgeordnete und ihre Fraktion gegen die Einf\u00fchrung weiterer Corona-Beschr\u00e4nkungen im Bundestag im Januar desselben Jahres. Nun hat das Bundesverfassungsgericht sein Urteil dazu ver\u00f6ffentlicht. Es stammt tats\u00e4chlich aus dem Jahr 2026. Alle wissenschaftlichen Ver\u00f6ffentlichungen seit 2022 haben ebenso wenig genutzt wie die komplette Wende in den USA, was die Corona-Ma\u00dfnahmen und deren Bewertung [&hellip;]","og_url":"https:\/\/now-news.de\/de\/deutschland\/verfassungsgericht-zu-corona-nichts-dazugelernt\/","og_site_name":"just-now.NEWS Deutschland","article_publisher":"https:\/\/www.facebook.com\/wirmachenauf","article_published_time":"2026-07-22T16:42:54+00:00","og_image":[{"url":"https:\/\/now-news.de\/de\/wp-content\/uploads\/sites\/3\/2026\/07\/6a60f3f948fbef67f15371d3.jpg","type":"","width":"","height":""}],"author":"rtnews","twitter_card":"summary_large_image","twitter_creator":"@WirMachenAuf_de","twitter_site":"@WirMachenAuf_de","twitter_misc":{"Verfasst von":"rtnews","Gesch\u00e4tzte Lesezeit":"2\u00a0Minuten"},"schema":{"@context":"https:\/\/schema.org","@graph":[{"@type":"Article","@id":"https:\/\/now-news.de\/de\/deutschland\/verfassungsgericht-zu-corona-nichts-dazugelernt\/#article","isPartOf":{"@id":"https:\/\/now-news.de\/de\/deutschland\/verfassungsgericht-zu-corona-nichts-dazugelernt\/"},"author":{"name":"rtnews","@id":"https:\/\/now-news.de\/de\/#\/schema\/person\/fb534a4e865501d8b3285208df34a9b5"},"headline":"Verfassungsgericht: Zu Corona nichts dazugelernt","datePublished":"2026-07-22T16:42:54+00:00","mainEntityOfPage":{"@id":"https:\/\/now-news.de\/de\/deutschland\/verfassungsgericht-zu-corona-nichts-dazugelernt\/"},"wordCount":476,"commentCount":0,"publisher":{"@id":"https:\/\/now-news.de\/de\/#organization"},"image":{"@id":"https:\/\/now-news.de\/de\/deutschland\/verfassungsgericht-zu-corona-nichts-dazugelernt\/#primaryimage"},"thumbnailUrl":"https:\/\/now-news.de\/de\/wp-content\/uploads\/sites\/3\/2026\/07\/Verfassungsgericht-Zu-Corona-nichts-dazugelernt.jpg","keywords":["corona","dazugelernt","Nichts","Verfassungsgericht"],"articleSection":["Deutschland","Russland"],"inLanguage":"de","potentialAction":[{"@type":"CommentAction","name":"Comment","target":["https:\/\/now-news.de\/de\/deutschland\/verfassungsgericht-zu-corona-nichts-dazugelernt\/#respond"]}]},{"@type":"WebPage","@id":"https:\/\/now-news.de\/de\/deutschland\/verfassungsgericht-zu-corona-nichts-dazugelernt\/","url":"https:\/\/now-news.de\/de\/deutschland\/verfassungsgericht-zu-corona-nichts-dazugelernt\/","name":"Verfassungsgericht: Zu Corona nichts dazugelernt - just-now.NEWS Deutschland","isPartOf":{"@id":"https:\/\/now-news.de\/de\/#website"},"primaryImageOfPage":{"@id":"https:\/\/now-news.de\/de\/deutschland\/verfassungsgericht-zu-corona-nichts-dazugelernt\/#primaryimage"},"image":{"@id":"https:\/\/now-news.de\/de\/deutschland\/verfassungsgericht-zu-corona-nichts-dazugelernt\/#primaryimage"},"thumbnailUrl":"https:\/\/now-news.de\/de\/wp-content\/uploads\/sites\/3\/2026\/07\/Verfassungsgericht-Zu-Corona-nichts-dazugelernt.jpg","datePublished":"2026-07-22T16:42:54+00:00","breadcrumb":{"@id":"https:\/\/now-news.de\/de\/deutschland\/verfassungsgericht-zu-corona-nichts-dazugelernt\/#breadcrumb"},"inLanguage":"de","potentialAction":[{"@type":"ReadAction","target":["https:\/\/now-news.de\/de\/deutschland\/verfassungsgericht-zu-corona-nichts-dazugelernt\/"]}]},{"@type":"ImageObject","inLanguage":"de","@id":"https:\/\/now-news.de\/de\/deutschland\/verfassungsgericht-zu-corona-nichts-dazugelernt\/#primaryimage","url":"https:\/\/now-news.de\/de\/wp-content\/uploads\/sites\/3\/2026\/07\/Verfassungsgericht-Zu-Corona-nichts-dazugelernt.jpg","contentUrl":"https:\/\/now-news.de\/de\/wp-content\/uploads\/sites\/3\/2026\/07\/Verfassungsgericht-Zu-Corona-nichts-dazugelernt.jpg","width":460,"height":259,"caption":"Verfassungsgericht: Zu Corona nichts dazugelernt"},{"@type":"BreadcrumbList","@id":"https:\/\/now-news.de\/de\/deutschland\/verfassungsgericht-zu-corona-nichts-dazugelernt\/#breadcrumb","itemListElement":[{"@type":"ListItem","position":1,"name":"Home","item":"https:\/\/now-news.de\/de\/"},{"@type":"ListItem","position":2,"name":"Verfassungsgericht: Zu Corona nichts dazugelernt"}]},{"@type":"WebSite","@id":"https:\/\/now-news.de\/de\/#website","url":"https:\/\/now-news.de\/de\/","name":"just-now.NEWS Deutschland","description":"Das Portal f\u00fcr unzensierte Nachrichten aus der Welt","publisher":{"@id":"https:\/\/now-news.de\/de\/#organization"},"potentialAction":[{"@type":"SearchAction","target":{"@type":"EntryPoint","urlTemplate":"https:\/\/now-news.de\/de\/?s={search_term_string}"},"query-input":{"@type":"PropertyValueSpecification","valueRequired":true,"valueName":"search_term_string"}}],"inLanguage":"de"},{"@type":"Organization","@id":"https:\/\/now-news.de\/de\/#organization","name":"Just Now News","url":"https:\/\/now-news.de\/de\/","logo":{"@type":"ImageObject","inLanguage":"de","@id":"https:\/\/now-news.de\/de\/#\/schema\/logo\/image\/","url":"http:\/\/just-now.news\/de\/wp-content\/uploads\/sites\/3\/2022\/04\/logo500x500.jpg","contentUrl":"http:\/\/just-now.news\/de\/wp-content\/uploads\/sites\/3\/2022\/04\/logo500x500.jpg","width":500,"height":500,"caption":"Just Now News"},"image":{"@id":"https:\/\/now-news.de\/de\/#\/schema\/logo\/image\/"},"sameAs":["https:\/\/www.facebook.com\/wirmachenauf","https:\/\/x.com\/WirMachenAuf_de"]},{"@type":"Person","@id":"https:\/\/now-news.de\/de\/#\/schema\/person\/fb534a4e865501d8b3285208df34a9b5","name":"rtnews","image":{"@type":"ImageObject","inLanguage":"de","@id":"https:\/\/secure.gravatar.com\/avatar\/358fe31b3ab5769fea05376e1953329834cd9912cf9daf607e2af3076a1b982b?s=96&d=mm&r=g","url":"https:\/\/secure.gravatar.com\/avatar\/358fe31b3ab5769fea05376e1953329834cd9912cf9daf607e2af3076a1b982b?s=96&d=mm&r=g","contentUrl":"https:\/\/secure.gravatar.com\/avatar\/358fe31b3ab5769fea05376e1953329834cd9912cf9daf607e2af3076a1b982b?s=96&d=mm&r=g","caption":"rtnews"},"url":"https:\/\/now-news.de\/de\/author\/rnews\/"}]}},"_links":{"self":[{"href":"https:\/\/now-news.de\/de\/wp-json\/wp\/v2\/posts\/107340","targetHints":{"allow":["GET"]}}],"collection":[{"href":"https:\/\/now-news.de\/de\/wp-json\/wp\/v2\/posts"}],"about":[{"href":"https:\/\/now-news.de\/de\/wp-json\/wp\/v2\/types\/post"}],"author":[{"embeddable":true,"href":"https:\/\/now-news.de\/de\/wp-json\/wp\/v2\/users\/3"}],"replies":[{"embeddable":true,"href":"https:\/\/now-news.de\/de\/wp-json\/wp\/v2\/comments?post=107340"}],"version-history":[{"count":0,"href":"https:\/\/now-news.de\/de\/wp-json\/wp\/v2\/posts\/107340\/revisions"}],"wp:featuredmedia":[{"embeddable":true,"href":"https:\/\/now-news.de\/de\/wp-json\/wp\/v2\/media\/107341"}],"wp:attachment":[{"href":"https:\/\/now-news.de\/de\/wp-json\/wp\/v2\/media?parent=107340"}],"wp:term":[{"taxonomy":"category","embeddable":true,"href":"https:\/\/now-news.de\/de\/wp-json\/wp\/v2\/categories?post=107340"},{"taxonomy":"post_tag","embeddable":true,"href":"https:\/\/now-news.de\/de\/wp-json\/wp\/v2\/tags?post=107340"}],"curies":[{"name":"wp","href":"https:\/\/api.w.org\/{rel}","templated":true}]}}