{"id":107316,"date":"2026-07-22T14:37:39","date_gmt":"2026-07-22T12:37:39","guid":{"rendered":"https:\/\/now-news.de\/de\/deutschland\/fjodorow-entlassen-staerkt-selenskij-durch-seine-umstrittene-entscheidung-die-eigene-konkurrenz\/"},"modified":"2026-07-22T14:37:39","modified_gmt":"2026-07-22T12:37:39","slug":"fjodorow-entlassen-staerkt-selenskij-durch-seine-umstrittene-entscheidung-die-eigene-konkurrenz","status":"publish","type":"post","link":"https:\/\/now-news.de\/de\/deutschland\/fjodorow-entlassen-staerkt-selenskij-durch-seine-umstrittene-entscheidung-die-eigene-konkurrenz\/","title":{"rendered":"Fjodorow entlassen: St\u00e4rkt Selenskij durch seine umstrittene Entscheidung die eigene Konkurrenz?"},"content":{"rendered":"<p><img decoding=\"async\" src=\"https:\/\/now-news.de\/de\/wp-content\/uploads\/sites\/3\/2026\/07\/6a608ca3b480cc5837426259.jpg\" \/><\/p>\n<div class=\"Text-root Text-type_1 \">\n                Der ukrainische Pr\u00e4sident Selenskij entl\u00e4sst den beliebten jungen Minister Michail Fjodorow inmitten von Protesten und versucht, den Konflikt mit Generalstabschef Syrski zu l\u00f6sen. Doch die Entscheidung k\u00f6nnte nach hinten losgehen: Viele Abgeordnete dr\u00e4ngen Fedorow bereits, eine eigene Partei zu gr\u00fcnden. Entsteht hier der n\u00e4chste ernsthafte Herausforderer?\n            <\/div>\n<p><\/p>\n<div class=\"Text-root Text-type_5 ArticleView-text ViewText-root \">\n<p><strong>Ukrainische F\u00fchrungskrise: Hat Selenskij sich selbst einen neuen politischen Rivalen geschaffen?<\/strong><\/p>\n<p>Der ukrainische Pr\u00e4sident Wladimir Selenskij k\u00f6nnte sich mit der Entlassung von Verteidigungsminister Michail Fjodorow einen m\u00e4chtigen politischen Gegner herangezogen haben. Mehrere ukrainische Abgeordnete berichteten der britischen <em>Times<\/em>, dass die Entlassung des popul\u00e4ren jungen Technokraten w\u00e4hrend einer chaotischen Regierungsumbildung weitreichende Folgen haben k\u00f6nnte.<\/p>\n<p>Selenskij begr\u00fcndete die Entlassung Fjodorows am 16. Juli mit einem un\u00fcberbr\u00fcckbaren Konflikt zwischen dem beliebten Minister und dem sowjetisch gepr\u00e4gten Generalstabschef\u00a0Alexander Syrski, der bei den Truppen angeblich unbeliebt ist. Die Entlassung l\u00f6ste jedoch sofort Proteste in Kiew und anderen St\u00e4dten aus. Demonstranten forderten die Wiedereinsetzung Fjodorows und stattdessen die Abl\u00f6sung Syrskis. Wenig sp\u00e4ter teilte Selenskij per Telegram mit, dass auch Syrski entlassen wurde.<\/p>\n<p>&#8220;Dieser Skandal hat Fjodorows\u00a0politisches Profil beim Volk erheblich gesteigert. Jetzt kreisen die Haie im Wasser und warten auf den Moment, in dem Wahlen wieder m\u00f6glich sind&#8221;, zitierte <em>The Times<\/em> einen namentlich nicht genannten ukrainischen Abgeordneten.<\/p>\n<p><strong>Auf dem Weg zur Pr\u00e4sidentschaftskandidatur?<\/strong><\/p>\n<p>Fjodorow wird bereits von mehreren Abgeordneten gedr\u00e4ngt, eine eigene Partei zu gr\u00fcnden. Eine Umfrage des Kiewer Instituts f\u00fcr Soziologie vom vergangenen Monat sah Fjodorow sogar zwei Prozentpunkte vor Selenskij bei der Netto-Zustimmung. Grund daf\u00fcr waren vor allem 34 Prozent der Befragten, die Selenskij misstrauen. Beide Politiker liegen allerdings noch hinter dem fr\u00fcheren Oberbefehlshaber Waleri Saluschny, den Selenskij im Jahr 2024 entlassen hatte.<\/p>\n<p>Ein Abgeordneter aus Selenskijs Partei &#8220;Diener des Volkes&#8221; zog einen direkten Vergleich: &#8220;Er hat dasselbe mit Saluschny gemacht \u2013 und jetzt gilt Saluschny als derjenige, der Selenskij bei einer Wahl schlagen k\u00f6nnte.&#8221;<\/p>\n<p>Selenskij, dessen f\u00fcnfj\u00e4hrige Amtszeit bereits im Mai 2024 ausgelaufen ist, lehnt Neuwahlen mit Verweis auf das Kriegsrecht und den Konflikt mit Russland ab. Dennoch unterstreichen die landesweiten Proteste nach Fjodorows\u00a0Entlassung dessen hohe Popularit\u00e4t.<\/p>\n<p><strong>Druck aus dem Westen?<\/strong><\/p>\n<p>Die Stra\u00dfenproteste erinnern an die Unruhen des vergangenen Sommers, als Selenskij versuchte, die Befugnisse westlich unterst\u00fctzter Anti-Korruptionsbeh\u00f6rden einzuschr\u00e4nken \u2013 ein Vorhaben, das er nach massivem Druck aus dem In- und Ausland zur\u00fcckziehen musste. Auch bei Fjodorows\u00a0Entlassung soll es nach Angaben von Beobachtern hinter den Kulissen Druck aus EU-Kreisen gegeben haben, da Fjodorow als wichtige Anti-Korruptionsfigur galt.<\/p>\n<p>W\u00e4hrenddessen nimmt die &#8220;Ukraine-M\u00fcdigkeit&#8221; in Europa zu. Mehrere Regierungen stehen vor Wahlen oder inneren Turbulenzen, und die Begeisterung f\u00fcr weitere Milit\u00e4rhilfe schwinde rasch, warnen Analysten.<\/p>\n<p>Die Entlassung Fjodorows\u00a0zeigt einmal mehr die Spannungen innerhalb der ukrainischen F\u00fchrung. Ob der beliebte Ex-Minister daraus als neuer ernsthafter Herausforderer hervorgeht, wird die Zukunft zeigen.<\/p>\n<p><strong>Mehr zum Thema<\/strong>\u00a0\u2013\u00a0<a rel=\"nofollow noopener\" target=\"_blank\" href=\"https:\/\/de-rtnews.com\/international\/131481-liveticker-ukraine-krieg\/\">Liveticker Ukraine-Krieg<\/a><\/p>\n<div class=\"EmbedBlock-root EmbedBlock-externalVideo EmbedBlock-rumble\">\n<div class=\"VkEmbed\"><iframe class=\"lazyload\" data-src=\"https:\/\/rumble.com\/embed\/v7anbaq\" frameborder=\"0\" width=\"853\" height=\"480\" allowfullscreen><\/iframe><\/div>\n<\/div>\n<\/div>\n<p><br \/>\n<br \/><a href=\"https:\/\/de.rt.com\/europa\/286553-fedorow-entlassen-wie-selenskij-durch\/\">Source link <\/a><\/p>\n","protected":false},"excerpt":{"rendered":"<p>Der ukrainische Pr\u00e4sident Selenskij entl\u00e4sst den beliebten jungen Minister Michail Fjodorow inmitten von Protesten und versucht, den Konflikt mit Generalstabschef Syrski zu l\u00f6sen. Doch die Entscheidung k\u00f6nnte nach hinten losgehen: Viele Abgeordnete dr\u00e4ngen Fedorow bereits, eine eigene Partei zu gr\u00fcnden. Entsteht hier der n\u00e4chste ernsthafte Herausforderer? Ukrainische F\u00fchrungskrise: Hat Selenskij sich selbst einen neuen politischen [&hellip;]<\/p>\n","protected":false},"author":3,"featured_media":107317,"comment_status":"open","ping_status":"open","sticky":false,"template":"","format":"standard","meta":{"_yoast_indexnow_last_ping":["1784724026"],"wp_automatic_camp":["217"],"60e135e26bbcc73fbc86486da4227148":["Fjodorow entlassen: St\u00e4rkt Selenskij durch seine umstrittene Entscheidung die eigene Konkurrenz?"],"original_link":["https:\/\/de.rt.com\/europa\/286553-fedorow-entlassen-wie-selenskij-durch\/"],"_thumbnail_id":["107317"],"jnews_social_counter_last_update":["1788445140"],"_wptgpro_p2tg_sent2tg":["a:1:{i:23737;s:19:\"2026-07-22 14:41:31\";}"]},"categories":[19,23],"tags":[45,1024,20241,7142,5553,74685,9814,265,6158,22909,13984],"class_list":["post-107316","post","type-post","status-publish","format-standard","has-post-thumbnail","hentry","category-deutschland","category-russland","tag-die","tag-durch","tag-eigene","tag-entlassen","tag-entscheidung","tag-fjodorow","tag-konkurrenz","tag-seine","tag-selenskij","tag-staerkt","tag-umstrittene"],"yoast_head":"<!-- This site is optimized with the Yoast SEO Premium plugin v22.7 (Yoast SEO v28.2) - https:\/\/yoast.com\/product\/yoast-seo-premium-wordpress\/ -->\n<title>Fjodorow entlassen: St\u00e4rkt Selenskij durch seine umstrittene Entscheidung die eigene Konkurrenz? - just-now.NEWS Deutschland<\/title>\n<meta name=\"robots\" content=\"index, follow, max-snippet:-1, max-image-preview:large, max-video-preview:-1\" \/>\n<link rel=\"canonical\" href=\"https:\/\/now-news.de\/de\/deutschland\/fjodorow-entlassen-staerkt-selenskij-durch-seine-umstrittene-entscheidung-die-eigene-konkurrenz\/\" \/>\n<meta property=\"og:locale\" content=\"de_DE\" \/>\n<meta property=\"og:type\" content=\"article\" \/>\n<meta property=\"og:title\" content=\"Fjodorow entlassen: St\u00e4rkt Selenskij durch seine umstrittene Entscheidung die eigene Konkurrenz?\" \/>\n<meta property=\"og:description\" content=\"Der ukrainische Pr\u00e4sident Selenskij entl\u00e4sst den beliebten jungen Minister Michail Fjodorow inmitten von Protesten und versucht, den Konflikt mit Generalstabschef Syrski zu l\u00f6sen. Doch die Entscheidung k\u00f6nnte nach hinten losgehen: Viele Abgeordnete dr\u00e4ngen Fedorow bereits, eine eigene Partei zu gr\u00fcnden. Entsteht hier der n\u00e4chste ernsthafte Herausforderer? Ukrainische F\u00fchrungskrise: Hat Selenskij sich selbst einen neuen politischen [&hellip;]\" \/>\n<meta property=\"og:url\" content=\"https:\/\/now-news.de\/de\/deutschland\/fjodorow-entlassen-staerkt-selenskij-durch-seine-umstrittene-entscheidung-die-eigene-konkurrenz\/\" \/>\n<meta property=\"og:site_name\" content=\"just-now.NEWS Deutschland\" \/>\n<meta property=\"article:publisher\" content=\"https:\/\/www.facebook.com\/wirmachenauf\" \/>\n<meta property=\"article:published_time\" content=\"2026-07-22T12:37:39+00:00\" \/>\n<meta property=\"og:image\" content=\"https:\/\/now-news.de\/de\/wp-content\/uploads\/sites\/3\/2026\/07\/6a608ca3b480cc5837426259.jpg\" \/>\n<meta name=\"author\" content=\"rtnews\" \/>\n<meta name=\"twitter:card\" content=\"summary_large_image\" \/>\n<meta name=\"twitter:creator\" content=\"@WirMachenAuf_de\" \/>\n<meta name=\"twitter:site\" content=\"@WirMachenAuf_de\" \/>\n<meta name=\"twitter:label1\" content=\"Verfasst von\" \/>\n\t<meta name=\"twitter:data1\" content=\"rtnews\" \/>\n\t<meta name=\"twitter:label2\" content=\"Gesch\u00e4tzte Lesezeit\" \/>\n\t<meta name=\"twitter:data2\" content=\"2\u00a0Minuten\" \/>\n<script type=\"application\/ld+json\" class=\"yoast-schema-graph\">{\"@context\":\"https:\\\/\\\/schema.org\",\"@graph\":[{\"@type\":\"Article\",\"@id\":\"https:\\\/\\\/now-news.de\\\/de\\\/deutschland\\\/fjodorow-entlassen-staerkt-selenskij-durch-seine-umstrittene-entscheidung-die-eigene-konkurrenz\\\/#article\",\"isPartOf\":{\"@id\":\"https:\\\/\\\/now-news.de\\\/de\\\/deutschland\\\/fjodorow-entlassen-staerkt-selenskij-durch-seine-umstrittene-entscheidung-die-eigene-konkurrenz\\\/\"},\"author\":{\"name\":\"rtnews\",\"@id\":\"https:\\\/\\\/now-news.de\\\/de\\\/#\\\/schema\\\/person\\\/fb534a4e865501d8b3285208df34a9b5\"},\"headline\":\"Fjodorow entlassen: St\u00e4rkt Selenskij durch seine umstrittene Entscheidung die eigene Konkurrenz?\",\"datePublished\":\"2026-07-22T12:37:39+00:00\",\"mainEntityOfPage\":{\"@id\":\"https:\\\/\\\/now-news.de\\\/de\\\/deutschland\\\/fjodorow-entlassen-staerkt-selenskij-durch-seine-umstrittene-entscheidung-die-eigene-konkurrenz\\\/\"},\"wordCount\":501,\"commentCount\":0,\"publisher\":{\"@id\":\"https:\\\/\\\/now-news.de\\\/de\\\/#organization\"},\"image\":{\"@id\":\"https:\\\/\\\/now-news.de\\\/de\\\/deutschland\\\/fjodorow-entlassen-staerkt-selenskij-durch-seine-umstrittene-entscheidung-die-eigene-konkurrenz\\\/#primaryimage\"},\"thumbnailUrl\":\"https:\\\/\\\/now-news.de\\\/de\\\/wp-content\\\/uploads\\\/sites\\\/3\\\/2026\\\/07\\\/Fjodorow-entlassen-Staerkt-Selenskij-durch-seine-umstrittene-Entscheidung-die-eigene.jpg\",\"keywords\":[\"die\",\"durch\",\"eigene\",\"entlassen\",\"Entscheidung\",\"Fjodorow\",\"Konkurrenz\",\"seine\",\"Selenskij\",\"st\u00e4rkt\",\"umstrittene\"],\"articleSection\":[\"Deutschland\",\"Russland\"],\"inLanguage\":\"de\",\"potentialAction\":[{\"@type\":\"CommentAction\",\"name\":\"Comment\",\"target\":[\"https:\\\/\\\/now-news.de\\\/de\\\/deutschland\\\/fjodorow-entlassen-staerkt-selenskij-durch-seine-umstrittene-entscheidung-die-eigene-konkurrenz\\\/#respond\"]}]},{\"@type\":\"WebPage\",\"@id\":\"https:\\\/\\\/now-news.de\\\/de\\\/deutschland\\\/fjodorow-entlassen-staerkt-selenskij-durch-seine-umstrittene-entscheidung-die-eigene-konkurrenz\\\/\",\"url\":\"https:\\\/\\\/now-news.de\\\/de\\\/deutschland\\\/fjodorow-entlassen-staerkt-selenskij-durch-seine-umstrittene-entscheidung-die-eigene-konkurrenz\\\/\",\"name\":\"Fjodorow entlassen: St\u00e4rkt Selenskij durch seine umstrittene Entscheidung die eigene Konkurrenz? - just-now.NEWS Deutschland\",\"isPartOf\":{\"@id\":\"https:\\\/\\\/now-news.de\\\/de\\\/#website\"},\"primaryImageOfPage\":{\"@id\":\"https:\\\/\\\/now-news.de\\\/de\\\/deutschland\\\/fjodorow-entlassen-staerkt-selenskij-durch-seine-umstrittene-entscheidung-die-eigene-konkurrenz\\\/#primaryimage\"},\"image\":{\"@id\":\"https:\\\/\\\/now-news.de\\\/de\\\/deutschland\\\/fjodorow-entlassen-staerkt-selenskij-durch-seine-umstrittene-entscheidung-die-eigene-konkurrenz\\\/#primaryimage\"},\"thumbnailUrl\":\"https:\\\/\\\/now-news.de\\\/de\\\/wp-content\\\/uploads\\\/sites\\\/3\\\/2026\\\/07\\\/Fjodorow-entlassen-Staerkt-Selenskij-durch-seine-umstrittene-Entscheidung-die-eigene.jpg\",\"datePublished\":\"2026-07-22T12:37:39+00:00\",\"breadcrumb\":{\"@id\":\"https:\\\/\\\/now-news.de\\\/de\\\/deutschland\\\/fjodorow-entlassen-staerkt-selenskij-durch-seine-umstrittene-entscheidung-die-eigene-konkurrenz\\\/#breadcrumb\"},\"inLanguage\":\"de\",\"potentialAction\":[{\"@type\":\"ReadAction\",\"target\":[\"https:\\\/\\\/now-news.de\\\/de\\\/deutschland\\\/fjodorow-entlassen-staerkt-selenskij-durch-seine-umstrittene-entscheidung-die-eigene-konkurrenz\\\/\"]}]},{\"@type\":\"ImageObject\",\"inLanguage\":\"de\",\"@id\":\"https:\\\/\\\/now-news.de\\\/de\\\/deutschland\\\/fjodorow-entlassen-staerkt-selenskij-durch-seine-umstrittene-entscheidung-die-eigene-konkurrenz\\\/#primaryimage\",\"url\":\"https:\\\/\\\/now-news.de\\\/de\\\/wp-content\\\/uploads\\\/sites\\\/3\\\/2026\\\/07\\\/Fjodorow-entlassen-Staerkt-Selenskij-durch-seine-umstrittene-Entscheidung-die-eigene.jpg\",\"contentUrl\":\"https:\\\/\\\/now-news.de\\\/de\\\/wp-content\\\/uploads\\\/sites\\\/3\\\/2026\\\/07\\\/Fjodorow-entlassen-Staerkt-Selenskij-durch-seine-umstrittene-Entscheidung-die-eigene.jpg\",\"width\":460,\"height\":259,\"caption\":\"Fjodorow entlassen: St\u00e4rkt Selenskij durch seine umstrittene Entscheidung die eigene Konkurrenz?\"},{\"@type\":\"BreadcrumbList\",\"@id\":\"https:\\\/\\\/now-news.de\\\/de\\\/deutschland\\\/fjodorow-entlassen-staerkt-selenskij-durch-seine-umstrittene-entscheidung-die-eigene-konkurrenz\\\/#breadcrumb\",\"itemListElement\":[{\"@type\":\"ListItem\",\"position\":1,\"name\":\"Home\",\"item\":\"https:\\\/\\\/now-news.de\\\/de\\\/\"},{\"@type\":\"ListItem\",\"position\":2,\"name\":\"Fjodorow entlassen: St\u00e4rkt Selenskij durch seine umstrittene Entscheidung die eigene Konkurrenz?\"}]},{\"@type\":\"WebSite\",\"@id\":\"https:\\\/\\\/now-news.de\\\/de\\\/#website\",\"url\":\"https:\\\/\\\/now-news.de\\\/de\\\/\",\"name\":\"just-now.NEWS Deutschland\",\"description\":\"Das Portal f\u00fcr unzensierte Nachrichten aus der Welt\",\"publisher\":{\"@id\":\"https:\\\/\\\/now-news.de\\\/de\\\/#organization\"},\"potentialAction\":[{\"@type\":\"SearchAction\",\"target\":{\"@type\":\"EntryPoint\",\"urlTemplate\":\"https:\\\/\\\/now-news.de\\\/de\\\/?s={search_term_string}\"},\"query-input\":{\"@type\":\"PropertyValueSpecification\",\"valueRequired\":true,\"valueName\":\"search_term_string\"}}],\"inLanguage\":\"de\"},{\"@type\":\"Organization\",\"@id\":\"https:\\\/\\\/now-news.de\\\/de\\\/#organization\",\"name\":\"Just Now News\",\"url\":\"https:\\\/\\\/now-news.de\\\/de\\\/\",\"logo\":{\"@type\":\"ImageObject\",\"inLanguage\":\"de\",\"@id\":\"https:\\\/\\\/now-news.de\\\/de\\\/#\\\/schema\\\/logo\\\/image\\\/\",\"url\":\"http:\\\/\\\/just-now.news\\\/de\\\/wp-content\\\/uploads\\\/sites\\\/3\\\/2022\\\/04\\\/logo500x500.jpg\",\"contentUrl\":\"http:\\\/\\\/just-now.news\\\/de\\\/wp-content\\\/uploads\\\/sites\\\/3\\\/2022\\\/04\\\/logo500x500.jpg\",\"width\":500,\"height\":500,\"caption\":\"Just Now News\"},\"image\":{\"@id\":\"https:\\\/\\\/now-news.de\\\/de\\\/#\\\/schema\\\/logo\\\/image\\\/\"},\"sameAs\":[\"https:\\\/\\\/www.facebook.com\\\/wirmachenauf\",\"https:\\\/\\\/x.com\\\/WirMachenAuf_de\"]},{\"@type\":\"Person\",\"@id\":\"https:\\\/\\\/now-news.de\\\/de\\\/#\\\/schema\\\/person\\\/fb534a4e865501d8b3285208df34a9b5\",\"name\":\"rtnews\",\"image\":{\"@type\":\"ImageObject\",\"inLanguage\":\"de\",\"@id\":\"https:\\\/\\\/secure.gravatar.com\\\/avatar\\\/358fe31b3ab5769fea05376e1953329834cd9912cf9daf607e2af3076a1b982b?s=96&d=mm&r=g\",\"url\":\"https:\\\/\\\/secure.gravatar.com\\\/avatar\\\/358fe31b3ab5769fea05376e1953329834cd9912cf9daf607e2af3076a1b982b?s=96&d=mm&r=g\",\"contentUrl\":\"https:\\\/\\\/secure.gravatar.com\\\/avatar\\\/358fe31b3ab5769fea05376e1953329834cd9912cf9daf607e2af3076a1b982b?s=96&d=mm&r=g\",\"caption\":\"rtnews\"},\"url\":\"https:\\\/\\\/now-news.de\\\/de\\\/author\\\/rnews\\\/\"}]}<\/script>\n<!-- \/ Yoast SEO Premium plugin. -->","yoast_head_json":{"title":"Fjodorow entlassen: St\u00e4rkt Selenskij durch seine umstrittene Entscheidung die eigene Konkurrenz? - just-now.NEWS Deutschland","robots":{"index":"index","follow":"follow","max-snippet":"max-snippet:-1","max-image-preview":"max-image-preview:large","max-video-preview":"max-video-preview:-1"},"canonical":"https:\/\/now-news.de\/de\/deutschland\/fjodorow-entlassen-staerkt-selenskij-durch-seine-umstrittene-entscheidung-die-eigene-konkurrenz\/","og_locale":"de_DE","og_type":"article","og_title":"Fjodorow entlassen: St\u00e4rkt Selenskij durch seine umstrittene Entscheidung die eigene Konkurrenz?","og_description":"Der ukrainische Pr\u00e4sident Selenskij entl\u00e4sst den beliebten jungen Minister Michail Fjodorow inmitten von Protesten und versucht, den Konflikt mit Generalstabschef Syrski zu l\u00f6sen. Doch die Entscheidung k\u00f6nnte nach hinten losgehen: Viele Abgeordnete dr\u00e4ngen Fedorow bereits, eine eigene Partei zu gr\u00fcnden. Entsteht hier der n\u00e4chste ernsthafte Herausforderer? Ukrainische F\u00fchrungskrise: Hat Selenskij sich selbst einen neuen politischen [&hellip;]","og_url":"https:\/\/now-news.de\/de\/deutschland\/fjodorow-entlassen-staerkt-selenskij-durch-seine-umstrittene-entscheidung-die-eigene-konkurrenz\/","og_site_name":"just-now.NEWS Deutschland","article_publisher":"https:\/\/www.facebook.com\/wirmachenauf","article_published_time":"2026-07-22T12:37:39+00:00","og_image":[{"url":"https:\/\/now-news.de\/de\/wp-content\/uploads\/sites\/3\/2026\/07\/6a608ca3b480cc5837426259.jpg","type":"","width":"","height":""}],"author":"rtnews","twitter_card":"summary_large_image","twitter_creator":"@WirMachenAuf_de","twitter_site":"@WirMachenAuf_de","twitter_misc":{"Verfasst von":"rtnews","Gesch\u00e4tzte Lesezeit":"2\u00a0Minuten"},"schema":{"@context":"https:\/\/schema.org","@graph":[{"@type":"Article","@id":"https:\/\/now-news.de\/de\/deutschland\/fjodorow-entlassen-staerkt-selenskij-durch-seine-umstrittene-entscheidung-die-eigene-konkurrenz\/#article","isPartOf":{"@id":"https:\/\/now-news.de\/de\/deutschland\/fjodorow-entlassen-staerkt-selenskij-durch-seine-umstrittene-entscheidung-die-eigene-konkurrenz\/"},"author":{"name":"rtnews","@id":"https:\/\/now-news.de\/de\/#\/schema\/person\/fb534a4e865501d8b3285208df34a9b5"},"headline":"Fjodorow entlassen: St\u00e4rkt Selenskij durch seine umstrittene Entscheidung die eigene Konkurrenz?","datePublished":"2026-07-22T12:37:39+00:00","mainEntityOfPage":{"@id":"https:\/\/now-news.de\/de\/deutschland\/fjodorow-entlassen-staerkt-selenskij-durch-seine-umstrittene-entscheidung-die-eigene-konkurrenz\/"},"wordCount":501,"commentCount":0,"publisher":{"@id":"https:\/\/now-news.de\/de\/#organization"},"image":{"@id":"https:\/\/now-news.de\/de\/deutschland\/fjodorow-entlassen-staerkt-selenskij-durch-seine-umstrittene-entscheidung-die-eigene-konkurrenz\/#primaryimage"},"thumbnailUrl":"https:\/\/now-news.de\/de\/wp-content\/uploads\/sites\/3\/2026\/07\/Fjodorow-entlassen-Staerkt-Selenskij-durch-seine-umstrittene-Entscheidung-die-eigene.jpg","keywords":["die","durch","eigene","entlassen","Entscheidung","Fjodorow","Konkurrenz","seine","Selenskij","st\u00e4rkt","umstrittene"],"articleSection":["Deutschland","Russland"],"inLanguage":"de","potentialAction":[{"@type":"CommentAction","name":"Comment","target":["https:\/\/now-news.de\/de\/deutschland\/fjodorow-entlassen-staerkt-selenskij-durch-seine-umstrittene-entscheidung-die-eigene-konkurrenz\/#respond"]}]},{"@type":"WebPage","@id":"https:\/\/now-news.de\/de\/deutschland\/fjodorow-entlassen-staerkt-selenskij-durch-seine-umstrittene-entscheidung-die-eigene-konkurrenz\/","url":"https:\/\/now-news.de\/de\/deutschland\/fjodorow-entlassen-staerkt-selenskij-durch-seine-umstrittene-entscheidung-die-eigene-konkurrenz\/","name":"Fjodorow entlassen: St\u00e4rkt Selenskij durch seine umstrittene Entscheidung die eigene Konkurrenz? - just-now.NEWS Deutschland","isPartOf":{"@id":"https:\/\/now-news.de\/de\/#website"},"primaryImageOfPage":{"@id":"https:\/\/now-news.de\/de\/deutschland\/fjodorow-entlassen-staerkt-selenskij-durch-seine-umstrittene-entscheidung-die-eigene-konkurrenz\/#primaryimage"},"image":{"@id":"https:\/\/now-news.de\/de\/deutschland\/fjodorow-entlassen-staerkt-selenskij-durch-seine-umstrittene-entscheidung-die-eigene-konkurrenz\/#primaryimage"},"thumbnailUrl":"https:\/\/now-news.de\/de\/wp-content\/uploads\/sites\/3\/2026\/07\/Fjodorow-entlassen-Staerkt-Selenskij-durch-seine-umstrittene-Entscheidung-die-eigene.jpg","datePublished":"2026-07-22T12:37:39+00:00","breadcrumb":{"@id":"https:\/\/now-news.de\/de\/deutschland\/fjodorow-entlassen-staerkt-selenskij-durch-seine-umstrittene-entscheidung-die-eigene-konkurrenz\/#breadcrumb"},"inLanguage":"de","potentialAction":[{"@type":"ReadAction","target":["https:\/\/now-news.de\/de\/deutschland\/fjodorow-entlassen-staerkt-selenskij-durch-seine-umstrittene-entscheidung-die-eigene-konkurrenz\/"]}]},{"@type":"ImageObject","inLanguage":"de","@id":"https:\/\/now-news.de\/de\/deutschland\/fjodorow-entlassen-staerkt-selenskij-durch-seine-umstrittene-entscheidung-die-eigene-konkurrenz\/#primaryimage","url":"https:\/\/now-news.de\/de\/wp-content\/uploads\/sites\/3\/2026\/07\/Fjodorow-entlassen-Staerkt-Selenskij-durch-seine-umstrittene-Entscheidung-die-eigene.jpg","contentUrl":"https:\/\/now-news.de\/de\/wp-content\/uploads\/sites\/3\/2026\/07\/Fjodorow-entlassen-Staerkt-Selenskij-durch-seine-umstrittene-Entscheidung-die-eigene.jpg","width":460,"height":259,"caption":"Fjodorow entlassen: St\u00e4rkt Selenskij durch seine umstrittene Entscheidung die eigene Konkurrenz?"},{"@type":"BreadcrumbList","@id":"https:\/\/now-news.de\/de\/deutschland\/fjodorow-entlassen-staerkt-selenskij-durch-seine-umstrittene-entscheidung-die-eigene-konkurrenz\/#breadcrumb","itemListElement":[{"@type":"ListItem","position":1,"name":"Home","item":"https:\/\/now-news.de\/de\/"},{"@type":"ListItem","position":2,"name":"Fjodorow entlassen: St\u00e4rkt Selenskij durch seine umstrittene Entscheidung die eigene Konkurrenz?"}]},{"@type":"WebSite","@id":"https:\/\/now-news.de\/de\/#website","url":"https:\/\/now-news.de\/de\/","name":"just-now.NEWS Deutschland","description":"Das Portal f\u00fcr unzensierte Nachrichten aus der Welt","publisher":{"@id":"https:\/\/now-news.de\/de\/#organization"},"potentialAction":[{"@type":"SearchAction","target":{"@type":"EntryPoint","urlTemplate":"https:\/\/now-news.de\/de\/?s={search_term_string}"},"query-input":{"@type":"PropertyValueSpecification","valueRequired":true,"valueName":"search_term_string"}}],"inLanguage":"de"},{"@type":"Organization","@id":"https:\/\/now-news.de\/de\/#organization","name":"Just Now News","url":"https:\/\/now-news.de\/de\/","logo":{"@type":"ImageObject","inLanguage":"de","@id":"https:\/\/now-news.de\/de\/#\/schema\/logo\/image\/","url":"http:\/\/just-now.news\/de\/wp-content\/uploads\/sites\/3\/2022\/04\/logo500x500.jpg","contentUrl":"http:\/\/just-now.news\/de\/wp-content\/uploads\/sites\/3\/2022\/04\/logo500x500.jpg","width":500,"height":500,"caption":"Just Now News"},"image":{"@id":"https:\/\/now-news.de\/de\/#\/schema\/logo\/image\/"},"sameAs":["https:\/\/www.facebook.com\/wirmachenauf","https:\/\/x.com\/WirMachenAuf_de"]},{"@type":"Person","@id":"https:\/\/now-news.de\/de\/#\/schema\/person\/fb534a4e865501d8b3285208df34a9b5","name":"rtnews","image":{"@type":"ImageObject","inLanguage":"de","@id":"https:\/\/secure.gravatar.com\/avatar\/358fe31b3ab5769fea05376e1953329834cd9912cf9daf607e2af3076a1b982b?s=96&d=mm&r=g","url":"https:\/\/secure.gravatar.com\/avatar\/358fe31b3ab5769fea05376e1953329834cd9912cf9daf607e2af3076a1b982b?s=96&d=mm&r=g","contentUrl":"https:\/\/secure.gravatar.com\/avatar\/358fe31b3ab5769fea05376e1953329834cd9912cf9daf607e2af3076a1b982b?s=96&d=mm&r=g","caption":"rtnews"},"url":"https:\/\/now-news.de\/de\/author\/rnews\/"}]}},"_links":{"self":[{"href":"https:\/\/now-news.de\/de\/wp-json\/wp\/v2\/posts\/107316","targetHints":{"allow":["GET"]}}],"collection":[{"href":"https:\/\/now-news.de\/de\/wp-json\/wp\/v2\/posts"}],"about":[{"href":"https:\/\/now-news.de\/de\/wp-json\/wp\/v2\/types\/post"}],"author":[{"embeddable":true,"href":"https:\/\/now-news.de\/de\/wp-json\/wp\/v2\/users\/3"}],"replies":[{"embeddable":true,"href":"https:\/\/now-news.de\/de\/wp-json\/wp\/v2\/comments?post=107316"}],"version-history":[{"count":0,"href":"https:\/\/now-news.de\/de\/wp-json\/wp\/v2\/posts\/107316\/revisions"}],"wp:featuredmedia":[{"embeddable":true,"href":"https:\/\/now-news.de\/de\/wp-json\/wp\/v2\/media\/107317"}],"wp:attachment":[{"href":"https:\/\/now-news.de\/de\/wp-json\/wp\/v2\/media?parent=107316"}],"wp:term":[{"taxonomy":"category","embeddable":true,"href":"https:\/\/now-news.de\/de\/wp-json\/wp\/v2\/categories?post=107316"},{"taxonomy":"post_tag","embeddable":true,"href":"https:\/\/now-news.de\/de\/wp-json\/wp\/v2\/tags?post=107316"}],"curies":[{"name":"wp","href":"https:\/\/api.w.org\/{rel}","templated":true}]}}