{"id":107145,"date":"2026-07-20T11:22:50","date_gmt":"2026-07-20T09:22:50","guid":{"rendered":"https:\/\/now-news.de\/de\/deutschland\/kiew-das-auswaertige-amt-erklaert-sich-auf-werbeflaechen-zum-partner-nummer-eins-der-ukraine\/"},"modified":"2026-07-20T11:22:50","modified_gmt":"2026-07-20T09:22:50","slug":"kiew-das-auswaertige-amt-erklaert-sich-auf-werbeflaechen-zum-partner-nummer-eins-der-ukraine","status":"publish","type":"post","link":"https:\/\/now-news.de\/de\/deutschland\/kiew-das-auswaertige-amt-erklaert-sich-auf-werbeflaechen-zum-partner-nummer-eins-der-ukraine\/","title":{"rendered":"Kiew: Das Ausw\u00e4rtige Amt erkl\u00e4rt sich auf Werbefl\u00e4chen zum &quot;Partner Nummer eins&quot; der Ukraine"},"content":{"rendered":"<div class=\"Text-root Text-type_1 \">\n                Das Kanzleramt in Berlin erteilte dem AA den Auftrag, in Kiew stadtweit Werbefl\u00e4chen anzumieten. Die steuerfinanzierten Plakate tragen den ukrainischen Schriftzug &#8220;\u0420\u0430\u0437\u043e\u043c&#8221; (Gemeinsam) und zeigen Motive, wie IRIS-T-Luftverteidigungssysteme, Panzer oder Drohnen. Die Aktion soll die andauernde milit\u00e4rische Ukrainehilfe untermauern.\n            <\/div>\n<p><\/p>\n<div class=\"Text-root Text-type_5 ArticleView-text ViewText-root \">\n<p>Laut Medienberichten zeigt sich das Kanzleramt im Regierungsviertel in Berlin mehr als unzufrieden, dass\u00a0die milliardenschwere Ukraineunterst\u00fctzung &#8220;in der \u00d6ffentlichkeit nicht ausreichend gew\u00fcrdigt wird&#8221;, so das\u00a0<em>Handelsblatt<\/em>\u00a0(Bezahlschranke). Daraus ergab sich ein Auftrag f\u00fcr eine \u00f6ffentlichkeitswirksame Werbekampagne, die jedoch in der ukrainischen Hauptstadt Kiew f\u00fcr Aufmerksamkeit sorgen soll. Das\u00a0<em>Nius<\/em>&#8211;<a rel=\"nofollow noopener\" target=\"_blank\" href=\"https:\/\/nius.de\/politik\/bundesregierung-plakatwerbung-kiew-kosten\">Portal<\/a>\u00a0erfuhr durch eine Anfrage, dass das Ausw\u00e4rtige Amt sein Budget demnach f\u00fcr die Werbeplakate mit Gesamtkosten &#8220;in H\u00f6he von rund 40.000 Euro&#8221; belastete.<\/p>\n<p>Die massive Unterst\u00fctzung Deutschlands f\u00fcr die Ukraine ist laut dem deutschen Botschafter Heiko Thoms &#8220;nicht nur in ihrem finanziellen Umfang bedeutend, sondern auch tief durchdacht und systemisch angelegt&#8221;, so der Wortlaut einer\u00a0<a rel=\"nofollow noopener\" target=\"_blank\" href=\"https:\/\/ukraine.diplo.de\/ua-de\/2775454-2775454\">Erkl\u00e4rung<\/a>\u00a0auf der Webseite der Botschaft in Kiew. Systemisch durchdacht wird die Mitteilung mit der Vorstellung und Ver\u00f6ffentlichung des &#8220;W\u00f6rterbuchs der deutschen Unterst\u00fctzung&#8221;.<\/p>\n<p>Hinsichtlich laufender Projekte &#8220;von A bis Z&#8221; lautet die Zusammenfassung:<\/p>\n<p><em>&#8220;F\u00fcr die Entwicklung der Verteidigungsindustrie werden gemeinsame Projekte geschaffen, Verwundete erhalten Zugang zu Behandlung und Rehabilitation. F\u00fcr diejenigen, die k\u00e4mpfen, werden Waffen geliefert und milit\u00e4rische Ausbildungssysteme bereitgestellt. F\u00fcr Unternehmer gibt es F\u00f6rder- und Wirtschaftsprogramme. Veteranen werden unterst\u00fctzt.&#8221;<\/em><\/p>\n<p>So hei\u00dft es etwa unter Buchstabe D:<\/p>\n<p><em>&#8220;&#8216;Drohnenproduktion&#8217;:\u00a0Deutschland unterst\u00fctzt die gemeinsame Produktion ukrainischer Systeme unter dem Dach &#8216;Build with Ukraine&#8217;. Dadurch schaffen Deutschland und die Ukraine gemeinsam die Innovationen der Zukunft.&#8221;<\/em><\/p>\n<figure class=\"RTImage-root\">\n<div class=\"RTImage-image RTImage-original\"><picture class=\"Picture-root Picture-original\"><!--[if IE 9]><video style=\"display: none;\"><![endif]--><source media=\"(-webkit-min-device-pixel-ratio: 2) and (min-resolution: 120dpi)\" data-srcset=\" \nhttps:\/\/now-news.de\/de\/wp-content\/uploads\/sites\/3\/2026\/07\/6a5dd27548fbef31b44429c0.jpg 850w,\n                https:\/\/now-news.de\/de\/wp-content\/uploads\/sites\/3\/2026\/07\/6a5dd27548fbef31b44429c0.jpg 1960w,            \" ><source data-srcset=\" \nhttps:\/\/now-news.de\/de\/wp-content\/uploads\/sites\/3\/2026\/07\/6a5dd27548fbef31b44429c0.jpg 460w,\n              https:\/\/now-news.de\/de\/wp-content\/uploads\/sites\/3\/2026\/07\/6a5dd27548fbef31b44429c0.jpg 980w,\n            \" ><!--[if IE 9]><\/video><![endif]--><img decoding=\"async\" data- src=\"data:image\/png;base64,iVBORw0KGgoAAAANSUhEUgAAABAAAAAJCAQAAACRI2S5AAAAEElEQVR42mNkIAAYRxWAAQAG9gAKqv6+AwAAAABJRU5ErkJggg==\" class=\"Picture-root Picture-original lazyload\" data-src=\"https:\/\/now-news.de\/de\/wp-content\/uploads\/sites\/3\/2026\/07\/6a5dd27548fbef31b44429c0.jpg\" alt=\"\"><\/source><\/source><\/picture><!-- noscript pattern --><noscript><img decoding=\"async\" src=\"https:\/\/now-news.de\/de\/wp-content\/uploads\/sites\/3\/2026\/07\/6a5dd27548fbef31b44429c0.jpg\" alt=\"\"><\/noscript><\/div><figcaption class=\"RTImage-footer\"><span class=\"RTImage-caption\"><\/span><span class=\"RTImage-source\"><span class=\"RTImage-captionItem\">Screenshot: Webseite\/DeutscheBotschaftKiew<\/span><\/span><\/figcaption><\/figure>\n<p>F\u00fcr die B\u00fcrger Kiews m\u00f6chte sich zudem das Berliner Regierungsviertel als einer der zuverl\u00e4ssigsten Partner in der &#8220;Koalition der Willigen&#8221; pr\u00e4sentieren. So wurden auf Kosten der deutschen Steuerzahler in der Kiewer U-Bahn und an Werbefl\u00e4chen in der Stadt aktuelle Plakate platziert. Im Mittelpunkt steht das Wort &#8220;Razom&#8221; in kyrillischen Buchstaben, ukrainisch f\u00fcr &#8220;gemeinsam&#8221;.<\/p>\n<figure class=\"RTImage-root\">\n<div class=\"RTImage-image RTImage-original\"><picture class=\"Picture-root Picture-original\"><!--[if IE 9]><video style=\"display: none;\"><![endif]--><source media=\"(-webkit-min-device-pixel-ratio: 2) and (min-resolution: 120dpi)\" data-srcset=\" \nhttps:\/\/now-news.de\/de\/wp-content\/uploads\/sites\/3\/2026\/07\/6a5dd3acb480cc635c560419.jpeg 850w,\n                https:\/\/now-news.de\/de\/wp-content\/uploads\/sites\/3\/2026\/07\/6a5dd3acb480cc635c560419.jpeg 1960w,            \" ><source data-srcset=\" \nhttps:\/\/now-news.de\/de\/wp-content\/uploads\/sites\/3\/2026\/07\/6a5dd3acb480cc635c560419.jpeg 460w,\n              https:\/\/now-news.de\/de\/wp-content\/uploads\/sites\/3\/2026\/07\/6a5dd3acb480cc635c560419.jpeg 980w,\n            \" ><!--[if IE 9]><\/video><![endif]--><img decoding=\"async\" data- src=\"data:image\/png;base64,iVBORw0KGgoAAAANSUhEUgAAABAAAAAJCAQAAACRI2S5AAAAEElEQVR42mNkIAAYRxWAAQAG9gAKqv6+AwAAAABJRU5ErkJggg==\" class=\"Picture-root Picture-original lazyload\" data-src=\"https:\/\/now-news.de\/de\/wp-content\/uploads\/sites\/3\/2026\/07\/6a5dd3acb480cc635c560419.jpeg\" alt=\"\"><\/source><\/source><\/picture><!-- noscript pattern --><noscript><img decoding=\"async\" src=\"https:\/\/now-news.de\/de\/wp-content\/uploads\/sites\/3\/2026\/07\/6a5dd3acb480cc635c560419.jpeg\" alt=\"\"><\/noscript><\/div><figcaption class=\"RTImage-footer\"><span class=\"RTImage-caption\"><\/span><span class=\"RTImage-source\"><span class=\"RTImage-captionItem\">Screenshot: Instagram\/DeutscheBotschaftKiew<\/span><\/span><\/figcaption><\/figure>\n<p>Auf mehreren Plakatmotiven wird dabei die Kooperation zur Produktion von\u00a0milit\u00e4rischem Ger\u00e4t bewerbend hervorgehoben, so die deutsch-ukrainische Herstellung von Abfangdrohnen, Panzern oder dem Luftverteidigungssystem Iris-T SLM. Dazu miteinander die deutschen und ukrainischen Nationalfarben wehend, um so die seitens Berlin ausgerufene Verbundenheit der beiden L\u00e4nder zu symbolisieren.<\/p>\n<p>Ein Instagram-Video der Deutschen Botschaft zeigt die Kampagne im Stadtbild der ukrainischen Hauptstadt. Der eingeblendete Abschlusssatz, nach einem &#8220;Yeah&#8221; in der musikalischen Untermalung, lautet in dem Beitrag:<\/p>\n<p><em>&#8220;Deutschland leistet entscheidende Unterst\u00fctzung zum Schutz des Luftraums \u00fcber der Ukraine.&#8221;<\/em><\/p>\n<div class=\"EmbedBlock-root EmbedBlock-video\">\n<div class=\"VideoEmbed\"><script src=\"https:\/\/de.russiatoday.com\/static\/libs\/jwplayer\/jwplayer-7.8.4\/jwplayer.js\"><\/script><\/p>\n<div class=\"mediaplayer\" id=\"mediaplayer-js-mediaplayer-6a5dd4b348fbef545e00dd34-block\">\n<div id=\"js-mediaplayer-6a5dd4b348fbef545e00dd34\"><\/div>\n<p><script src=\"https:\/\/de.russiatoday.com\/static\/js\/streamsense.4.1411.18.min.js\" type=\"text\/javascript\"><\/script><script type=\"text\/javascript\">\n                var myStreamingTag = new ns_.StreamingTag( { customerC2: '17935924', C3: 'deutsch' } );\n                                                                var metadata = {\n                    ns_st_ci: \"6a5dd4b348fbef545e00dd34\", \/\/ \u0438\u0434\u0435\u043d\u0442\u0438\u0444\u0438\u043a\u0430\u0442\u043e\u0440 \u043a\u043e\u043d\u0442\u0435\u043d\u0442\u0430 (\u0432\u0438\u0434\u0435\u043e)\n                    c3: \"deutsch\",\n                    c4: \"*null\",\n                    c6: \"*null\"\n                };\n            <\/script><\/div>\n<p><script data-player-settings=\"https:\/\/de.russiatoday.com\/static\/js\/streamsense.4.1411.18.min.js\">\n        jwplayer.key=\"kESrsgULvYO7r2MfUelqj3vs+2i8JdQBqjGNmA==\";\n        jwplayer(\"js-mediaplayer-6a5dd4b348fbef545e00dd34\").setup({\n            advertising: {\n                client: \"googima\",\n            },\n            file: \"https:\/\/mf.b37mrtl.ru\/deutsch\/video\/2026.07\/6a5dd4b348fbef545e00dd34.mp4\",\n                                    image: \"https:\/\/mf.b37mrtl.ru\/deutsch\/images\/2026.07\/article\/6a5dce6748fbef0748113ef0.jpeg\",\n            \/\/ stretching: 'fill',\n                        \/\/ title: \"SM\\u002DVideo\\u0020der\\u0020Deutschen\\u0020Botschaft\\u0020in\\u0020Kiew\",\n            aspectratio: \"16:9\",\n            skin: {\n                name: \"five\",\n                active: \"#77bd1e\",\n                background: \"rgba(0, 0, 0, 0.5)\",\n                inactive: \"#FFFFFF\"\n            },\n            width: \"100%\",\n            autostart: false,\n            mute: false,\n            startparam: \"start\",\n            ga: {},\n                        sharing: {\n                code: encodeURI('\n<div style=\"position: relative;padding-bottom: 56.25%; padding-top: 25px; height: 0;\"><iframe style=\"position: absolute;top: 0;left: 0;width: 100%;height: 100%;\" src=\"' +\n                    location.protocol + '\/\/' + location.host + '\/inland\/286333-kiew-auswaertige-amt-erklaert-sich\/\/video\/6a5dd4b348fbef545e00dd34\" frameborder=\"0\" allowfullscreen><\/script><\/div>\n<p>&#8216;),<br \/>\n                link: &#8220;\/inland\/286333-kiew-auswaertige-amt-erklaert-sich\/&#8221;<br \/>\n            },<br \/>\n                        events: {<br \/>\n                onPlay: function(){<br \/>\n                    myStreamingTag.playVideoContentPart(metadata);<br \/>\n                    var playingVideoId = &#8216;js-mediaplayer-6a5dd4b348fbef545e00dd34&#8217;; \/\/ id \u0442\u0435\u043a\u0443\u0449\u0435\u0433\u043e \u043f\u043b\u0435\u0435\u0440\u0430<br \/>\n                    playersTmplBehavior.pauseMedia(playingVideoId); \/\/\u0437\u0430\u043f\u0443\u0441\u043a\u0430\u0435\u043c \u0444\u0443\u043d\u043a\u0446\u0438\u044e \u043e\u0441\u0442\u0430\u043d\u043e\u0432\u043a\u0438 \u0432\u0441\u0435\u0445 \u0438\u0433\u0440\u0430\u044e\u0449\u0438\u0445 \u043f\u043b\u0435\u0435\u0440\u043e\u0432 \u043a\u0440\u043e\u043c\u0435 \u044d\u0442\u043e\u0433\u043e \u041a\u043e\u043b<\/p>\n<p>                                    },<br \/>\n                onPause: function(){<br \/>\n                    myStreamingTag.stop();<br \/>\n                },<br \/>\n                onComplete: function(){<br \/>\n                    myStreamingTag.stop();<\/p>\n<p>                                    },<br \/>\n            }<br \/>\n        });<\/p>\n<p>        var playersTmplBehavior = {};<\/p>\n<p>        \/\/\u0424\u0443\u043d\u043a\u0446\u0438\u044f \u043f\u0440\u043e\u0431\u0435\u0433\u0430\u0435\u0442 \u043f\u043e \u0432\u0441\u0435\u043c \u043f\u043b\u0435\u0435\u0440\u0430\u043c jwplayer, \u043a\u0440\u043e\u043c\u0435 \u043f\u0435\u0440\u0435\u0434\u0430\u043d\u043d\u043e\u0433\u043e, \u0438 \u0441\u0442\u0430\u0432\u0438\u0442 \u0438\u0445 \u043d\u0430 \u043f\u0430\u0443\u0437\u0443<br \/>\n        playersTmplBehavior.pauseMedia = function(playingMediaId) {<br \/>\n            var players = document.querySelectorAll(&#8216;.jwplayer, object&#8217;);<\/p>\n<p>            for (var i = 0, max = players.length; i &lt; max; i++) {<br \/>\n                var currentMediaId = players[i].id;<br \/>\n                if( jwplayer(players[i]).getState() == &#8220;PLAYING&#8221; || jwplayer(players[i]).getState() == &#8220;BUFFERING&#8221; ) {<br \/>\n                    if(currentMediaId != playingMediaId){<br \/>\n                        jwplayer(players[i]).play(false);<br \/>\n                    }<br \/>\n                }<br \/>\n            }<br \/>\n        };\n    <\/p><\/div>\n<\/div>\n<p><br \/>\n<br \/><a href=\"https:\/\/de.rt.com\/inland\/286333-kiew-auswaertige-amt-erklaert-sich\/\">Source link <\/a><\/p>\n","protected":false},"excerpt":{"rendered":"<p>Das Kanzleramt in Berlin erteilte dem AA den Auftrag, in Kiew stadtweit Werbefl\u00e4chen anzumieten. Die steuerfinanzierten Plakate tragen den ukrainischen Schriftzug &#8220;\u0420\u0430\u0437\u043e\u043c&#8221; (Gemeinsam) und zeigen Motive, wie IRIS-T-Luftverteidigungssysteme, Panzer oder Drohnen. Die Aktion soll die andauernde milit\u00e4rische Ukrainehilfe untermauern. Laut Medienberichten zeigt sich das Kanzleramt im Regierungsviertel in Berlin mehr als unzufrieden, dass\u00a0die milliardenschwere Ukraineunterst\u00fctzung [&hellip;]<\/p>\n","protected":false},"author":3,"featured_media":107146,"comment_status":"open","ping_status":"open","sticky":false,"template":"","format":"standard","meta":{"_yoast_indexnow_last_ping":["1784539634"],"wp_automatic_camp":["217"],"23154bd8b9ecd474cb76fa364199b91e":["Kiew: Das Ausw\u00e4rtige Amt erkl\u00e4rt sich auf Werbefl\u00e4chen zum &quot;Partner Nummer eins&quot; der Ukraine"],"original_link":["https:\/\/de.rt.com\/inland\/286333-kiew-auswaertige-amt-erklaert-sich\/"],"_thumbnail_id":["107146"],"jnews_social_counter_last_update":["1788517522"],"enclosure":["https:\/\/mf.b37mrtl.ru\/deutsch\/video\/2026.07\/6a5dd4b348fbef545e00dd34.mp4\n3595721\nvideo\/mp4\n"],"_wptgpro_p2tg_sent2tg":["a:1:{i:23737;s:19:\"2026-07-20 11:28:19\";}"]},"categories":[19,23],"tags":[9132,133,40735,427,82,74772,1030,1025,49666,69188,434,127,74771,565],"class_list":["post-107145","post","type-post","status-publish","format-standard","has-post-thumbnail","hentry","category-deutschland","category-russland","tag-amt","tag-auf","tag-auswaertige","tag-das","tag-der","tag-einsquot","tag-erklaert","tag-kiew","tag-nummer","tag-quotpartner","tag-sich","tag-ukraine","tag-werbeflaechen","tag-zum"],"yoast_head":"<!-- This site is optimized with the Yoast SEO Premium plugin v22.7 (Yoast SEO v28.2) - https:\/\/yoast.com\/product\/yoast-seo-premium-wordpress\/ -->\n<title>Kiew: Das Ausw\u00e4rtige Amt erkl\u00e4rt sich auf Werbefl\u00e4chen zum &quot;Partner Nummer eins&quot; der Ukraine - just-now.NEWS Deutschland<\/title>\n<meta name=\"robots\" content=\"index, follow, max-snippet:-1, max-image-preview:large, max-video-preview:-1\" \/>\n<link rel=\"canonical\" href=\"https:\/\/now-news.de\/de\/deutschland\/kiew-das-auswaertige-amt-erklaert-sich-auf-werbeflaechen-zum-partner-nummer-eins-der-ukraine\/\" \/>\n<meta property=\"og:locale\" content=\"de_DE\" \/>\n<meta property=\"og:type\" content=\"article\" \/>\n<meta property=\"og:title\" content=\"Kiew: Das Ausw\u00e4rtige Amt erkl\u00e4rt sich auf Werbefl\u00e4chen zum &quot;Partner Nummer eins&quot; der Ukraine\" \/>\n<meta property=\"og:description\" content=\"Das Kanzleramt in Berlin erteilte dem AA den Auftrag, in Kiew stadtweit Werbefl\u00e4chen anzumieten. Die steuerfinanzierten Plakate tragen den ukrainischen Schriftzug &#8220;\u0420\u0430\u0437\u043e\u043c&#8221; (Gemeinsam) und zeigen Motive, wie IRIS-T-Luftverteidigungssysteme, Panzer oder Drohnen. Die Aktion soll die andauernde milit\u00e4rische Ukrainehilfe untermauern. Laut Medienberichten zeigt sich das Kanzleramt im Regierungsviertel in Berlin mehr als unzufrieden, dass\u00a0die milliardenschwere Ukraineunterst\u00fctzung [&hellip;]\" \/>\n<meta property=\"og:url\" content=\"https:\/\/now-news.de\/de\/deutschland\/kiew-das-auswaertige-amt-erklaert-sich-auf-werbeflaechen-zum-partner-nummer-eins-der-ukraine\/\" \/>\n<meta property=\"og:site_name\" content=\"just-now.NEWS Deutschland\" \/>\n<meta property=\"article:publisher\" content=\"https:\/\/www.facebook.com\/wirmachenauf\" \/>\n<meta property=\"article:published_time\" content=\"2026-07-20T09:22:50+00:00\" \/>\n<meta property=\"og:image\" content=\"https:\/\/now-news.de\/de\/wp-content\/uploads\/sites\/3\/2026\/07\/6a5dd27548fbef31b44429c0.jpg\" \/>\n<meta name=\"author\" content=\"rtnews\" \/>\n<meta name=\"twitter:card\" content=\"summary_large_image\" \/>\n<meta name=\"twitter:creator\" content=\"@WirMachenAuf_de\" \/>\n<meta name=\"twitter:site\" content=\"@WirMachenAuf_de\" \/>\n<meta name=\"twitter:label1\" content=\"Verfasst von\" \/>\n\t<meta name=\"twitter:data1\" content=\"rtnews\" \/>\n\t<meta name=\"twitter:label2\" content=\"Gesch\u00e4tzte Lesezeit\" \/>\n\t<meta name=\"twitter:data2\" content=\"3\u00a0Minuten\" \/>\n<script type=\"application\/ld+json\" class=\"yoast-schema-graph\">{\"@context\":\"https:\\\/\\\/schema.org\",\"@graph\":[{\"@type\":\"Article\",\"@id\":\"https:\\\/\\\/now-news.de\\\/de\\\/deutschland\\\/kiew-das-auswaertige-amt-erklaert-sich-auf-werbeflaechen-zum-partner-nummer-eins-der-ukraine\\\/#article\",\"isPartOf\":{\"@id\":\"https:\\\/\\\/now-news.de\\\/de\\\/deutschland\\\/kiew-das-auswaertige-amt-erklaert-sich-auf-werbeflaechen-zum-partner-nummer-eins-der-ukraine\\\/\"},\"author\":{\"name\":\"rtnews\",\"@id\":\"https:\\\/\\\/now-news.de\\\/de\\\/#\\\/schema\\\/person\\\/fb534a4e865501d8b3285208df34a9b5\"},\"headline\":\"Kiew: Das Ausw\u00e4rtige Amt erkl\u00e4rt sich auf Werbefl\u00e4chen zum &quot;Partner Nummer eins&quot; der Ukraine\",\"datePublished\":\"2026-07-20T09:22:50+00:00\",\"mainEntityOfPage\":{\"@id\":\"https:\\\/\\\/now-news.de\\\/de\\\/deutschland\\\/kiew-das-auswaertige-amt-erklaert-sich-auf-werbeflaechen-zum-partner-nummer-eins-der-ukraine\\\/\"},\"wordCount\":545,\"commentCount\":0,\"publisher\":{\"@id\":\"https:\\\/\\\/now-news.de\\\/de\\\/#organization\"},\"image\":{\"@id\":\"https:\\\/\\\/now-news.de\\\/de\\\/deutschland\\\/kiew-das-auswaertige-amt-erklaert-sich-auf-werbeflaechen-zum-partner-nummer-eins-der-ukraine\\\/#primaryimage\"},\"thumbnailUrl\":\"https:\\\/\\\/now-news.de\\\/de\\\/wp-content\\\/uploads\\\/sites\\\/3\\\/2026\\\/07\\\/Kiew-Das-Auswaertige-Amt-erklaert-sich-auf-Werbeflaechen-zum-quotPartner.jpg\",\"keywords\":[\"Amt\",\"AUF\",\"ausw\u00e4rtige\",\"das\",\"der\",\"einsquot\",\"erkl\u00e4rt\",\"Kiew\",\"Nummer\",\"quotPartner\",\"sich\",\"ukraine\",\"Werbefl\u00e4chen\",\"zum\"],\"articleSection\":[\"Deutschland\",\"Russland\"],\"inLanguage\":\"de\",\"potentialAction\":[{\"@type\":\"CommentAction\",\"name\":\"Comment\",\"target\":[\"https:\\\/\\\/now-news.de\\\/de\\\/deutschland\\\/kiew-das-auswaertige-amt-erklaert-sich-auf-werbeflaechen-zum-partner-nummer-eins-der-ukraine\\\/#respond\"]}]},{\"@type\":\"WebPage\",\"@id\":\"https:\\\/\\\/now-news.de\\\/de\\\/deutschland\\\/kiew-das-auswaertige-amt-erklaert-sich-auf-werbeflaechen-zum-partner-nummer-eins-der-ukraine\\\/\",\"url\":\"https:\\\/\\\/now-news.de\\\/de\\\/deutschland\\\/kiew-das-auswaertige-amt-erklaert-sich-auf-werbeflaechen-zum-partner-nummer-eins-der-ukraine\\\/\",\"name\":\"Kiew: Das Ausw\u00e4rtige Amt erkl\u00e4rt sich auf Werbefl\u00e4chen zum &quot;Partner Nummer eins&quot; der Ukraine - just-now.NEWS Deutschland\",\"isPartOf\":{\"@id\":\"https:\\\/\\\/now-news.de\\\/de\\\/#website\"},\"primaryImageOfPage\":{\"@id\":\"https:\\\/\\\/now-news.de\\\/de\\\/deutschland\\\/kiew-das-auswaertige-amt-erklaert-sich-auf-werbeflaechen-zum-partner-nummer-eins-der-ukraine\\\/#primaryimage\"},\"image\":{\"@id\":\"https:\\\/\\\/now-news.de\\\/de\\\/deutschland\\\/kiew-das-auswaertige-amt-erklaert-sich-auf-werbeflaechen-zum-partner-nummer-eins-der-ukraine\\\/#primaryimage\"},\"thumbnailUrl\":\"https:\\\/\\\/now-news.de\\\/de\\\/wp-content\\\/uploads\\\/sites\\\/3\\\/2026\\\/07\\\/Kiew-Das-Auswaertige-Amt-erklaert-sich-auf-Werbeflaechen-zum-quotPartner.jpg\",\"datePublished\":\"2026-07-20T09:22:50+00:00\",\"breadcrumb\":{\"@id\":\"https:\\\/\\\/now-news.de\\\/de\\\/deutschland\\\/kiew-das-auswaertige-amt-erklaert-sich-auf-werbeflaechen-zum-partner-nummer-eins-der-ukraine\\\/#breadcrumb\"},\"inLanguage\":\"de\",\"potentialAction\":[{\"@type\":\"ReadAction\",\"target\":[\"https:\\\/\\\/now-news.de\\\/de\\\/deutschland\\\/kiew-das-auswaertige-amt-erklaert-sich-auf-werbeflaechen-zum-partner-nummer-eins-der-ukraine\\\/\"]}]},{\"@type\":\"ImageObject\",\"inLanguage\":\"de\",\"@id\":\"https:\\\/\\\/now-news.de\\\/de\\\/deutschland\\\/kiew-das-auswaertige-amt-erklaert-sich-auf-werbeflaechen-zum-partner-nummer-eins-der-ukraine\\\/#primaryimage\",\"url\":\"https:\\\/\\\/now-news.de\\\/de\\\/wp-content\\\/uploads\\\/sites\\\/3\\\/2026\\\/07\\\/Kiew-Das-Auswaertige-Amt-erklaert-sich-auf-Werbeflaechen-zum-quotPartner.jpg\",\"contentUrl\":\"https:\\\/\\\/now-news.de\\\/de\\\/wp-content\\\/uploads\\\/sites\\\/3\\\/2026\\\/07\\\/Kiew-Das-Auswaertige-Amt-erklaert-sich-auf-Werbeflaechen-zum-quotPartner.jpg\",\"width\":1086,\"height\":1080,\"caption\":\"Kiew: Das Ausw\u00e4rtige Amt erkl\u00e4rt sich auf Werbefl\u00e4chen zum &quot;Partner Nummer eins&quot; der Ukraine\"},{\"@type\":\"BreadcrumbList\",\"@id\":\"https:\\\/\\\/now-news.de\\\/de\\\/deutschland\\\/kiew-das-auswaertige-amt-erklaert-sich-auf-werbeflaechen-zum-partner-nummer-eins-der-ukraine\\\/#breadcrumb\",\"itemListElement\":[{\"@type\":\"ListItem\",\"position\":1,\"name\":\"Home\",\"item\":\"https:\\\/\\\/now-news.de\\\/de\\\/\"},{\"@type\":\"ListItem\",\"position\":2,\"name\":\"Kiew: Das Ausw\u00e4rtige Amt erkl\u00e4rt sich auf Werbefl\u00e4chen zum &quot;Partner Nummer eins&quot; der Ukraine\"}]},{\"@type\":\"WebSite\",\"@id\":\"https:\\\/\\\/now-news.de\\\/de\\\/#website\",\"url\":\"https:\\\/\\\/now-news.de\\\/de\\\/\",\"name\":\"just-now.NEWS Deutschland\",\"description\":\"Das Portal f\u00fcr unzensierte Nachrichten aus der Welt\",\"publisher\":{\"@id\":\"https:\\\/\\\/now-news.de\\\/de\\\/#organization\"},\"potentialAction\":[{\"@type\":\"SearchAction\",\"target\":{\"@type\":\"EntryPoint\",\"urlTemplate\":\"https:\\\/\\\/now-news.de\\\/de\\\/?s={search_term_string}\"},\"query-input\":{\"@type\":\"PropertyValueSpecification\",\"valueRequired\":true,\"valueName\":\"search_term_string\"}}],\"inLanguage\":\"de\"},{\"@type\":\"Organization\",\"@id\":\"https:\\\/\\\/now-news.de\\\/de\\\/#organization\",\"name\":\"Just Now News\",\"url\":\"https:\\\/\\\/now-news.de\\\/de\\\/\",\"logo\":{\"@type\":\"ImageObject\",\"inLanguage\":\"de\",\"@id\":\"https:\\\/\\\/now-news.de\\\/de\\\/#\\\/schema\\\/logo\\\/image\\\/\",\"url\":\"http:\\\/\\\/just-now.news\\\/de\\\/wp-content\\\/uploads\\\/sites\\\/3\\\/2022\\\/04\\\/logo500x500.jpg\",\"contentUrl\":\"http:\\\/\\\/just-now.news\\\/de\\\/wp-content\\\/uploads\\\/sites\\\/3\\\/2022\\\/04\\\/logo500x500.jpg\",\"width\":500,\"height\":500,\"caption\":\"Just Now News\"},\"image\":{\"@id\":\"https:\\\/\\\/now-news.de\\\/de\\\/#\\\/schema\\\/logo\\\/image\\\/\"},\"sameAs\":[\"https:\\\/\\\/www.facebook.com\\\/wirmachenauf\",\"https:\\\/\\\/x.com\\\/WirMachenAuf_de\"]},{\"@type\":\"Person\",\"@id\":\"https:\\\/\\\/now-news.de\\\/de\\\/#\\\/schema\\\/person\\\/fb534a4e865501d8b3285208df34a9b5\",\"name\":\"rtnews\",\"image\":{\"@type\":\"ImageObject\",\"inLanguage\":\"de\",\"@id\":\"https:\\\/\\\/secure.gravatar.com\\\/avatar\\\/358fe31b3ab5769fea05376e1953329834cd9912cf9daf607e2af3076a1b982b?s=96&d=mm&r=g\",\"url\":\"https:\\\/\\\/secure.gravatar.com\\\/avatar\\\/358fe31b3ab5769fea05376e1953329834cd9912cf9daf607e2af3076a1b982b?s=96&d=mm&r=g\",\"contentUrl\":\"https:\\\/\\\/secure.gravatar.com\\\/avatar\\\/358fe31b3ab5769fea05376e1953329834cd9912cf9daf607e2af3076a1b982b?s=96&d=mm&r=g\",\"caption\":\"rtnews\"},\"url\":\"https:\\\/\\\/now-news.de\\\/de\\\/author\\\/rnews\\\/\"}]}<\/script>\n<!-- \/ Yoast SEO Premium plugin. -->","yoast_head_json":{"title":"Kiew: Das Ausw\u00e4rtige Amt erkl\u00e4rt sich auf Werbefl\u00e4chen zum &quot;Partner Nummer eins&quot; der Ukraine - just-now.NEWS Deutschland","robots":{"index":"index","follow":"follow","max-snippet":"max-snippet:-1","max-image-preview":"max-image-preview:large","max-video-preview":"max-video-preview:-1"},"canonical":"https:\/\/now-news.de\/de\/deutschland\/kiew-das-auswaertige-amt-erklaert-sich-auf-werbeflaechen-zum-partner-nummer-eins-der-ukraine\/","og_locale":"de_DE","og_type":"article","og_title":"Kiew: Das Ausw\u00e4rtige Amt erkl\u00e4rt sich auf Werbefl\u00e4chen zum &quot;Partner Nummer eins&quot; der Ukraine","og_description":"Das Kanzleramt in Berlin erteilte dem AA den Auftrag, in Kiew stadtweit Werbefl\u00e4chen anzumieten. Die steuerfinanzierten Plakate tragen den ukrainischen Schriftzug &#8220;\u0420\u0430\u0437\u043e\u043c&#8221; (Gemeinsam) und zeigen Motive, wie IRIS-T-Luftverteidigungssysteme, Panzer oder Drohnen. Die Aktion soll die andauernde milit\u00e4rische Ukrainehilfe untermauern. Laut Medienberichten zeigt sich das Kanzleramt im Regierungsviertel in Berlin mehr als unzufrieden, dass\u00a0die milliardenschwere Ukraineunterst\u00fctzung [&hellip;]","og_url":"https:\/\/now-news.de\/de\/deutschland\/kiew-das-auswaertige-amt-erklaert-sich-auf-werbeflaechen-zum-partner-nummer-eins-der-ukraine\/","og_site_name":"just-now.NEWS Deutschland","article_publisher":"https:\/\/www.facebook.com\/wirmachenauf","article_published_time":"2026-07-20T09:22:50+00:00","og_image":[{"url":"https:\/\/now-news.de\/de\/wp-content\/uploads\/sites\/3\/2026\/07\/6a5dd27548fbef31b44429c0.jpg","type":"","width":"","height":""}],"author":"rtnews","twitter_card":"summary_large_image","twitter_creator":"@WirMachenAuf_de","twitter_site":"@WirMachenAuf_de","twitter_misc":{"Verfasst von":"rtnews","Gesch\u00e4tzte Lesezeit":"3\u00a0Minuten"},"schema":{"@context":"https:\/\/schema.org","@graph":[{"@type":"Article","@id":"https:\/\/now-news.de\/de\/deutschland\/kiew-das-auswaertige-amt-erklaert-sich-auf-werbeflaechen-zum-partner-nummer-eins-der-ukraine\/#article","isPartOf":{"@id":"https:\/\/now-news.de\/de\/deutschland\/kiew-das-auswaertige-amt-erklaert-sich-auf-werbeflaechen-zum-partner-nummer-eins-der-ukraine\/"},"author":{"name":"rtnews","@id":"https:\/\/now-news.de\/de\/#\/schema\/person\/fb534a4e865501d8b3285208df34a9b5"},"headline":"Kiew: Das Ausw\u00e4rtige Amt erkl\u00e4rt sich auf Werbefl\u00e4chen zum &quot;Partner Nummer eins&quot; der Ukraine","datePublished":"2026-07-20T09:22:50+00:00","mainEntityOfPage":{"@id":"https:\/\/now-news.de\/de\/deutschland\/kiew-das-auswaertige-amt-erklaert-sich-auf-werbeflaechen-zum-partner-nummer-eins-der-ukraine\/"},"wordCount":545,"commentCount":0,"publisher":{"@id":"https:\/\/now-news.de\/de\/#organization"},"image":{"@id":"https:\/\/now-news.de\/de\/deutschland\/kiew-das-auswaertige-amt-erklaert-sich-auf-werbeflaechen-zum-partner-nummer-eins-der-ukraine\/#primaryimage"},"thumbnailUrl":"https:\/\/now-news.de\/de\/wp-content\/uploads\/sites\/3\/2026\/07\/Kiew-Das-Auswaertige-Amt-erklaert-sich-auf-Werbeflaechen-zum-quotPartner.jpg","keywords":["Amt","AUF","ausw\u00e4rtige","das","der","einsquot","erkl\u00e4rt","Kiew","Nummer","quotPartner","sich","ukraine","Werbefl\u00e4chen","zum"],"articleSection":["Deutschland","Russland"],"inLanguage":"de","potentialAction":[{"@type":"CommentAction","name":"Comment","target":["https:\/\/now-news.de\/de\/deutschland\/kiew-das-auswaertige-amt-erklaert-sich-auf-werbeflaechen-zum-partner-nummer-eins-der-ukraine\/#respond"]}]},{"@type":"WebPage","@id":"https:\/\/now-news.de\/de\/deutschland\/kiew-das-auswaertige-amt-erklaert-sich-auf-werbeflaechen-zum-partner-nummer-eins-der-ukraine\/","url":"https:\/\/now-news.de\/de\/deutschland\/kiew-das-auswaertige-amt-erklaert-sich-auf-werbeflaechen-zum-partner-nummer-eins-der-ukraine\/","name":"Kiew: Das Ausw\u00e4rtige Amt erkl\u00e4rt sich auf Werbefl\u00e4chen zum &quot;Partner Nummer eins&quot; der Ukraine - just-now.NEWS Deutschland","isPartOf":{"@id":"https:\/\/now-news.de\/de\/#website"},"primaryImageOfPage":{"@id":"https:\/\/now-news.de\/de\/deutschland\/kiew-das-auswaertige-amt-erklaert-sich-auf-werbeflaechen-zum-partner-nummer-eins-der-ukraine\/#primaryimage"},"image":{"@id":"https:\/\/now-news.de\/de\/deutschland\/kiew-das-auswaertige-amt-erklaert-sich-auf-werbeflaechen-zum-partner-nummer-eins-der-ukraine\/#primaryimage"},"thumbnailUrl":"https:\/\/now-news.de\/de\/wp-content\/uploads\/sites\/3\/2026\/07\/Kiew-Das-Auswaertige-Amt-erklaert-sich-auf-Werbeflaechen-zum-quotPartner.jpg","datePublished":"2026-07-20T09:22:50+00:00","breadcrumb":{"@id":"https:\/\/now-news.de\/de\/deutschland\/kiew-das-auswaertige-amt-erklaert-sich-auf-werbeflaechen-zum-partner-nummer-eins-der-ukraine\/#breadcrumb"},"inLanguage":"de","potentialAction":[{"@type":"ReadAction","target":["https:\/\/now-news.de\/de\/deutschland\/kiew-das-auswaertige-amt-erklaert-sich-auf-werbeflaechen-zum-partner-nummer-eins-der-ukraine\/"]}]},{"@type":"ImageObject","inLanguage":"de","@id":"https:\/\/now-news.de\/de\/deutschland\/kiew-das-auswaertige-amt-erklaert-sich-auf-werbeflaechen-zum-partner-nummer-eins-der-ukraine\/#primaryimage","url":"https:\/\/now-news.de\/de\/wp-content\/uploads\/sites\/3\/2026\/07\/Kiew-Das-Auswaertige-Amt-erklaert-sich-auf-Werbeflaechen-zum-quotPartner.jpg","contentUrl":"https:\/\/now-news.de\/de\/wp-content\/uploads\/sites\/3\/2026\/07\/Kiew-Das-Auswaertige-Amt-erklaert-sich-auf-Werbeflaechen-zum-quotPartner.jpg","width":1086,"height":1080,"caption":"Kiew: Das Ausw\u00e4rtige Amt erkl\u00e4rt sich auf Werbefl\u00e4chen zum &quot;Partner Nummer eins&quot; der Ukraine"},{"@type":"BreadcrumbList","@id":"https:\/\/now-news.de\/de\/deutschland\/kiew-das-auswaertige-amt-erklaert-sich-auf-werbeflaechen-zum-partner-nummer-eins-der-ukraine\/#breadcrumb","itemListElement":[{"@type":"ListItem","position":1,"name":"Home","item":"https:\/\/now-news.de\/de\/"},{"@type":"ListItem","position":2,"name":"Kiew: Das Ausw\u00e4rtige Amt erkl\u00e4rt sich auf Werbefl\u00e4chen zum &quot;Partner Nummer eins&quot; der Ukraine"}]},{"@type":"WebSite","@id":"https:\/\/now-news.de\/de\/#website","url":"https:\/\/now-news.de\/de\/","name":"just-now.NEWS Deutschland","description":"Das Portal f\u00fcr unzensierte Nachrichten aus der Welt","publisher":{"@id":"https:\/\/now-news.de\/de\/#organization"},"potentialAction":[{"@type":"SearchAction","target":{"@type":"EntryPoint","urlTemplate":"https:\/\/now-news.de\/de\/?s={search_term_string}"},"query-input":{"@type":"PropertyValueSpecification","valueRequired":true,"valueName":"search_term_string"}}],"inLanguage":"de"},{"@type":"Organization","@id":"https:\/\/now-news.de\/de\/#organization","name":"Just Now News","url":"https:\/\/now-news.de\/de\/","logo":{"@type":"ImageObject","inLanguage":"de","@id":"https:\/\/now-news.de\/de\/#\/schema\/logo\/image\/","url":"http:\/\/just-now.news\/de\/wp-content\/uploads\/sites\/3\/2022\/04\/logo500x500.jpg","contentUrl":"http:\/\/just-now.news\/de\/wp-content\/uploads\/sites\/3\/2022\/04\/logo500x500.jpg","width":500,"height":500,"caption":"Just Now News"},"image":{"@id":"https:\/\/now-news.de\/de\/#\/schema\/logo\/image\/"},"sameAs":["https:\/\/www.facebook.com\/wirmachenauf","https:\/\/x.com\/WirMachenAuf_de"]},{"@type":"Person","@id":"https:\/\/now-news.de\/de\/#\/schema\/person\/fb534a4e865501d8b3285208df34a9b5","name":"rtnews","image":{"@type":"ImageObject","inLanguage":"de","@id":"https:\/\/secure.gravatar.com\/avatar\/358fe31b3ab5769fea05376e1953329834cd9912cf9daf607e2af3076a1b982b?s=96&d=mm&r=g","url":"https:\/\/secure.gravatar.com\/avatar\/358fe31b3ab5769fea05376e1953329834cd9912cf9daf607e2af3076a1b982b?s=96&d=mm&r=g","contentUrl":"https:\/\/secure.gravatar.com\/avatar\/358fe31b3ab5769fea05376e1953329834cd9912cf9daf607e2af3076a1b982b?s=96&d=mm&r=g","caption":"rtnews"},"url":"https:\/\/now-news.de\/de\/author\/rnews\/"}]}},"_links":{"self":[{"href":"https:\/\/now-news.de\/de\/wp-json\/wp\/v2\/posts\/107145","targetHints":{"allow":["GET"]}}],"collection":[{"href":"https:\/\/now-news.de\/de\/wp-json\/wp\/v2\/posts"}],"about":[{"href":"https:\/\/now-news.de\/de\/wp-json\/wp\/v2\/types\/post"}],"author":[{"embeddable":true,"href":"https:\/\/now-news.de\/de\/wp-json\/wp\/v2\/users\/3"}],"replies":[{"embeddable":true,"href":"https:\/\/now-news.de\/de\/wp-json\/wp\/v2\/comments?post=107145"}],"version-history":[{"count":0,"href":"https:\/\/now-news.de\/de\/wp-json\/wp\/v2\/posts\/107145\/revisions"}],"wp:featuredmedia":[{"embeddable":true,"href":"https:\/\/now-news.de\/de\/wp-json\/wp\/v2\/media\/107146"}],"wp:attachment":[{"href":"https:\/\/now-news.de\/de\/wp-json\/wp\/v2\/media?parent=107145"}],"wp:term":[{"taxonomy":"category","embeddable":true,"href":"https:\/\/now-news.de\/de\/wp-json\/wp\/v2\/categories?post=107145"},{"taxonomy":"post_tag","embeddable":true,"href":"https:\/\/now-news.de\/de\/wp-json\/wp\/v2\/tags?post=107145"}],"curies":[{"name":"wp","href":"https:\/\/api.w.org\/{rel}","templated":true}]}}