{"id":107141,"date":"2026-07-20T10:11:31","date_gmt":"2026-07-20T08:11:31","guid":{"rendered":"https:\/\/now-news.de\/de\/deutschland\/bayerns-ministerpraesident-soeder-wird-opfer-einer-tomatenattacke\/"},"modified":"2026-07-20T10:11:31","modified_gmt":"2026-07-20T08:11:31","slug":"bayerns-ministerpraesident-soeder-wird-opfer-einer-tomatenattacke","status":"publish","type":"post","link":"https:\/\/now-news.de\/de\/deutschland\/bayerns-ministerpraesident-soeder-wird-opfer-einer-tomatenattacke\/","title":{"rendered":"Bayerns Ministerpr\u00e4sident S\u00f6der wird Opfer einer Tomatenattacke"},"content":{"rendered":"<p><img decoding=\"async\" src=\"https:\/\/now-news.de\/de\/wp-content\/uploads\/sites\/3\/2026\/07\/6a5dd41648fbef0748113ef9.jpg\" \/><\/p>\n<div class=\"Text-root Text-type_1 \">\n                Bei einer Veranstaltung am Chiemsee hat ein Mann den bayerischen Ministerpr\u00e4sidenten Markus S\u00f6der mit Tomaten beworfen. Nach der Festnahme des Mannes verliefen die weiteren Festlichkeiten in der Gemeinde Bernau ohne weitere Zwischenf\u00e4lle.\n            <\/div>\n<p><\/p>\n<div class=\"Text-root Text-type_5 ArticleView-text ViewText-root \">\n<p>Der CSU-Politiker Markus S\u00f6der hat am Sonntag einen unangenehmen Vorfall erlebt. Anl\u00e4sslich der Jubil\u00e4umsfestwoche zum 1.100-j\u00e4hrigen Bestehen des Ortes weilte er in der oberbayerischen Gemeinde Bernau am Chiemsee. Wie die <em>Bild<\/em>-Zeitung berichtet, ging der bayerische Ministerpr\u00e4sident mit seiner Entourage gerade \u00fcber den Festplatz, als pl\u00f6tzlich ein Mann aus einem Geb\u00fcsch sprang und S\u00f6der mit Tomaten attackierte.<\/p>\n<p>Der Angreifer traf mit mindestens einer Tomate, denn in einem dem <em>Bild<\/em>-Bericht beigef\u00fcgten Video ist zu sehen, wie S\u00f6der sich die Tomatenreste vom Ohr wischt. Weitere Tomaten liegen in der N\u00e4he des bayerischen Ministerpr\u00e4sidenten am Boden. S\u00f6der blieb offenbar unverletzt und setzte sein Besuchsprogramm in Bernau fort. Seine Rede als Ehrengast zum Gemeindejubil\u00e4um verlief dann st\u00f6rungsfrei.<\/p>\n<p>Unmittelbar nach der Attacke \u00fcberw\u00e4ltigten S\u00f6ders Personensch\u00fctzer vom Bayerischen Landeskriminalamt (BLKA) den Tomatenwerfer und hielten ihn fest, bis sie ihn den heraneilenden \u00f6rtlichen Polizeikr\u00e4ften \u00fcbergeben konnten. Es handelt sich um einen 31 Jahre alten Deutschen. Im Video ist er als dunkelblonder Mann mit schwarzer Kappe zu erkennen.<\/p>\n<p>Die zust\u00e4ndige Polizeidienststelle in Rosenheim hat sich auf eine Anfrage der <em>Deutschen Presse-Agentur<\/em> hin bisher noch nicht zu dem Vorfall ge\u00e4u\u00dfert. Markus S\u00f6der postete zwar auf seinen Kan\u00e4len in den Sozialen Medien \u00fcber seinen Besuch in Bernau, erw\u00e4hnte aber die Tomatenattacke nicht. In einem Post auf der Plattform X <a rel=\"nofollow noopener\" target=\"_blank\" href=\"https:\/\/x.com\/Markus_Soeder\/status\/2078918052356472943\">schrieb<\/a> er lediglich, wie gern er sich seit seiner Kindheit in Bernau aufhalte, und gratulierte dem Ort zum Jubil\u00e4um. Die dazu hochgeladenen Bilder unterscheiden sich in nichts von den \u00fcblichen Festbesuchen S\u00f6ders.<\/p>\n<p><strong>Mehr zum Thema<\/strong>\u00a0\u2013\u00a0<a rel=\"nofollow noopener\" target=\"_blank\" href=\"https:\/\/de-rtnews.com\/meinung\/269092-soeder-arbeitszeit-und-mathematik\/\">S\u00f6der, die Arbeitszeit und die Mathematik<\/a><\/p>\n<div class=\"EmbedBlock-root EmbedBlock-externalVideo EmbedBlock-rumble\">\n<div class=\"VkEmbed\"><iframe class=\"lazyload\" data-src=\"https:\/\/rumble.com\/embed\/v70s7jg\" frameborder=\"0\" width=\"853\" height=\"480\" allowfullscreen><\/iframe><\/div>\n<\/div>\n<\/div>\n<p><br \/>\n<br \/><a href=\"https:\/\/de.rt.com\/inland\/286335-bayerns-ministerpraesident-soeder-wird-opfer-einer-tomatenattacke\/\">Source link <\/a><\/p>\n","protected":false},"excerpt":{"rendered":"<p>Bei einer Veranstaltung am Chiemsee hat ein Mann den bayerischen Ministerpr\u00e4sidenten Markus S\u00f6der mit Tomaten beworfen. Nach der Festnahme des Mannes verliefen die weiteren Festlichkeiten in der Gemeinde Bernau ohne weitere Zwischenf\u00e4lle. Der CSU-Politiker Markus S\u00f6der hat am Sonntag einen unangenehmen Vorfall erlebt. Anl\u00e4sslich der Jubil\u00e4umsfestwoche zum 1.100-j\u00e4hrigen Bestehen des Ortes weilte er in der [&hellip;]<\/p>\n","protected":false},"author":3,"featured_media":107142,"comment_status":"open","ping_status":"open","sticky":false,"template":"","format":"standard","meta":{"_yoast_indexnow_last_ping":["1784535794"],"wp_automatic_camp":["217"],"fbe7299713bbfcbe51d51589449ac5ac":["Bayerns Ministerpr\u00e4sident S\u00f6der wird Opfer einer Tomatenattacke"],"original_link":["https:\/\/de.rt.com\/inland\/286335-bayerns-ministerpraesident-soeder-wird-opfer-einer-tomatenattacke\/"],"_thumbnail_id":["107142"],"_wptgpro_p2tg_sent2tg":["a:1:{i:23737;s:19:\"2026-07-20 10:24:19\";}"],"jnews_social_counter_last_update":["1788511545"]},"categories":[19,23],"tags":[24723,212,19174,497,3822,74770,374],"class_list":["post-107141","post","type-post","status-publish","format-standard","has-post-thumbnail","hentry","category-deutschland","category-russland","tag-bayerns","tag-einer","tag-ministerpraesident","tag-opfer","tag-soeder","tag-tomatenattacke","tag-wird"],"yoast_head":"<!-- This site is optimized with the Yoast SEO Premium plugin v22.7 (Yoast SEO v28.2) - https:\/\/yoast.com\/product\/yoast-seo-premium-wordpress\/ -->\n<title>Bayerns Ministerpr\u00e4sident S\u00f6der wird Opfer einer Tomatenattacke - just-now.NEWS Deutschland<\/title>\n<meta name=\"robots\" content=\"index, follow, max-snippet:-1, max-image-preview:large, max-video-preview:-1\" \/>\n<link rel=\"canonical\" href=\"https:\/\/now-news.de\/de\/deutschland\/bayerns-ministerpraesident-soeder-wird-opfer-einer-tomatenattacke\/\" \/>\n<meta property=\"og:locale\" content=\"de_DE\" \/>\n<meta property=\"og:type\" content=\"article\" \/>\n<meta property=\"og:title\" content=\"Bayerns Ministerpr\u00e4sident S\u00f6der wird Opfer einer Tomatenattacke\" \/>\n<meta property=\"og:description\" content=\"Bei einer Veranstaltung am Chiemsee hat ein Mann den bayerischen Ministerpr\u00e4sidenten Markus S\u00f6der mit Tomaten beworfen. Nach der Festnahme des Mannes verliefen die weiteren Festlichkeiten in der Gemeinde Bernau ohne weitere Zwischenf\u00e4lle. Der CSU-Politiker Markus S\u00f6der hat am Sonntag einen unangenehmen Vorfall erlebt. Anl\u00e4sslich der Jubil\u00e4umsfestwoche zum 1.100-j\u00e4hrigen Bestehen des Ortes weilte er in der [&hellip;]\" \/>\n<meta property=\"og:url\" content=\"https:\/\/now-news.de\/de\/deutschland\/bayerns-ministerpraesident-soeder-wird-opfer-einer-tomatenattacke\/\" \/>\n<meta property=\"og:site_name\" content=\"just-now.NEWS Deutschland\" \/>\n<meta property=\"article:publisher\" content=\"https:\/\/www.facebook.com\/wirmachenauf\" \/>\n<meta property=\"article:published_time\" content=\"2026-07-20T08:11:31+00:00\" \/>\n<meta property=\"og:image\" content=\"https:\/\/now-news.de\/de\/wp-content\/uploads\/sites\/3\/2026\/07\/6a5dd41648fbef0748113ef9.jpg\" \/>\n<meta name=\"author\" content=\"rtnews\" \/>\n<meta name=\"twitter:card\" content=\"summary_large_image\" \/>\n<meta name=\"twitter:creator\" content=\"@WirMachenAuf_de\" \/>\n<meta name=\"twitter:site\" content=\"@WirMachenAuf_de\" \/>\n<meta name=\"twitter:label1\" content=\"Verfasst von\" \/>\n\t<meta name=\"twitter:data1\" content=\"rtnews\" \/>\n\t<meta name=\"twitter:label2\" content=\"Gesch\u00e4tzte Lesezeit\" \/>\n\t<meta name=\"twitter:data2\" content=\"2\u00a0Minuten\" \/>\n<script type=\"application\/ld+json\" class=\"yoast-schema-graph\">{\"@context\":\"https:\\\/\\\/schema.org\",\"@graph\":[{\"@type\":\"Article\",\"@id\":\"https:\\\/\\\/now-news.de\\\/de\\\/deutschland\\\/bayerns-ministerpraesident-soeder-wird-opfer-einer-tomatenattacke\\\/#article\",\"isPartOf\":{\"@id\":\"https:\\\/\\\/now-news.de\\\/de\\\/deutschland\\\/bayerns-ministerpraesident-soeder-wird-opfer-einer-tomatenattacke\\\/\"},\"author\":{\"name\":\"rtnews\",\"@id\":\"https:\\\/\\\/now-news.de\\\/de\\\/#\\\/schema\\\/person\\\/fb534a4e865501d8b3285208df34a9b5\"},\"headline\":\"Bayerns Ministerpr\u00e4sident S\u00f6der wird Opfer einer Tomatenattacke\",\"datePublished\":\"2026-07-20T08:11:31+00:00\",\"mainEntityOfPage\":{\"@id\":\"https:\\\/\\\/now-news.de\\\/de\\\/deutschland\\\/bayerns-ministerpraesident-soeder-wird-opfer-einer-tomatenattacke\\\/\"},\"wordCount\":323,\"commentCount\":0,\"publisher\":{\"@id\":\"https:\\\/\\\/now-news.de\\\/de\\\/#organization\"},\"image\":{\"@id\":\"https:\\\/\\\/now-news.de\\\/de\\\/deutschland\\\/bayerns-ministerpraesident-soeder-wird-opfer-einer-tomatenattacke\\\/#primaryimage\"},\"thumbnailUrl\":\"https:\\\/\\\/now-news.de\\\/de\\\/wp-content\\\/uploads\\\/sites\\\/3\\\/2026\\\/07\\\/Bayerns-Ministerpraesident-Soeder-wird-Opfer-einer-Tomatenattacke.jpg\",\"keywords\":[\"Bayerns\",\"einer\",\"Ministerpr\u00e4sident\",\"Opfer\",\"S\u00f6der\",\"Tomatenattacke\",\"wird\"],\"articleSection\":[\"Deutschland\",\"Russland\"],\"inLanguage\":\"de\",\"potentialAction\":[{\"@type\":\"CommentAction\",\"name\":\"Comment\",\"target\":[\"https:\\\/\\\/now-news.de\\\/de\\\/deutschland\\\/bayerns-ministerpraesident-soeder-wird-opfer-einer-tomatenattacke\\\/#respond\"]}]},{\"@type\":\"WebPage\",\"@id\":\"https:\\\/\\\/now-news.de\\\/de\\\/deutschland\\\/bayerns-ministerpraesident-soeder-wird-opfer-einer-tomatenattacke\\\/\",\"url\":\"https:\\\/\\\/now-news.de\\\/de\\\/deutschland\\\/bayerns-ministerpraesident-soeder-wird-opfer-einer-tomatenattacke\\\/\",\"name\":\"Bayerns Ministerpr\u00e4sident S\u00f6der wird Opfer einer Tomatenattacke - just-now.NEWS Deutschland\",\"isPartOf\":{\"@id\":\"https:\\\/\\\/now-news.de\\\/de\\\/#website\"},\"primaryImageOfPage\":{\"@id\":\"https:\\\/\\\/now-news.de\\\/de\\\/deutschland\\\/bayerns-ministerpraesident-soeder-wird-opfer-einer-tomatenattacke\\\/#primaryimage\"},\"image\":{\"@id\":\"https:\\\/\\\/now-news.de\\\/de\\\/deutschland\\\/bayerns-ministerpraesident-soeder-wird-opfer-einer-tomatenattacke\\\/#primaryimage\"},\"thumbnailUrl\":\"https:\\\/\\\/now-news.de\\\/de\\\/wp-content\\\/uploads\\\/sites\\\/3\\\/2026\\\/07\\\/Bayerns-Ministerpraesident-Soeder-wird-Opfer-einer-Tomatenattacke.jpg\",\"datePublished\":\"2026-07-20T08:11:31+00:00\",\"breadcrumb\":{\"@id\":\"https:\\\/\\\/now-news.de\\\/de\\\/deutschland\\\/bayerns-ministerpraesident-soeder-wird-opfer-einer-tomatenattacke\\\/#breadcrumb\"},\"inLanguage\":\"de\",\"potentialAction\":[{\"@type\":\"ReadAction\",\"target\":[\"https:\\\/\\\/now-news.de\\\/de\\\/deutschland\\\/bayerns-ministerpraesident-soeder-wird-opfer-einer-tomatenattacke\\\/\"]}]},{\"@type\":\"ImageObject\",\"inLanguage\":\"de\",\"@id\":\"https:\\\/\\\/now-news.de\\\/de\\\/deutschland\\\/bayerns-ministerpraesident-soeder-wird-opfer-einer-tomatenattacke\\\/#primaryimage\",\"url\":\"https:\\\/\\\/now-news.de\\\/de\\\/wp-content\\\/uploads\\\/sites\\\/3\\\/2026\\\/07\\\/Bayerns-Ministerpraesident-Soeder-wird-Opfer-einer-Tomatenattacke.jpg\",\"contentUrl\":\"https:\\\/\\\/now-news.de\\\/de\\\/wp-content\\\/uploads\\\/sites\\\/3\\\/2026\\\/07\\\/Bayerns-Ministerpraesident-Soeder-wird-Opfer-einer-Tomatenattacke.jpg\",\"width\":460,\"height\":259,\"caption\":\"Bayerns Ministerpr\u00e4sident S\u00f6der wird Opfer einer Tomatenattacke\"},{\"@type\":\"BreadcrumbList\",\"@id\":\"https:\\\/\\\/now-news.de\\\/de\\\/deutschland\\\/bayerns-ministerpraesident-soeder-wird-opfer-einer-tomatenattacke\\\/#breadcrumb\",\"itemListElement\":[{\"@type\":\"ListItem\",\"position\":1,\"name\":\"Home\",\"item\":\"https:\\\/\\\/now-news.de\\\/de\\\/\"},{\"@type\":\"ListItem\",\"position\":2,\"name\":\"Bayerns Ministerpr\u00e4sident S\u00f6der wird Opfer einer Tomatenattacke\"}]},{\"@type\":\"WebSite\",\"@id\":\"https:\\\/\\\/now-news.de\\\/de\\\/#website\",\"url\":\"https:\\\/\\\/now-news.de\\\/de\\\/\",\"name\":\"just-now.NEWS Deutschland\",\"description\":\"Das Portal f\u00fcr unzensierte Nachrichten aus der Welt\",\"publisher\":{\"@id\":\"https:\\\/\\\/now-news.de\\\/de\\\/#organization\"},\"potentialAction\":[{\"@type\":\"SearchAction\",\"target\":{\"@type\":\"EntryPoint\",\"urlTemplate\":\"https:\\\/\\\/now-news.de\\\/de\\\/?s={search_term_string}\"},\"query-input\":{\"@type\":\"PropertyValueSpecification\",\"valueRequired\":true,\"valueName\":\"search_term_string\"}}],\"inLanguage\":\"de\"},{\"@type\":\"Organization\",\"@id\":\"https:\\\/\\\/now-news.de\\\/de\\\/#organization\",\"name\":\"Just Now News\",\"url\":\"https:\\\/\\\/now-news.de\\\/de\\\/\",\"logo\":{\"@type\":\"ImageObject\",\"inLanguage\":\"de\",\"@id\":\"https:\\\/\\\/now-news.de\\\/de\\\/#\\\/schema\\\/logo\\\/image\\\/\",\"url\":\"http:\\\/\\\/just-now.news\\\/de\\\/wp-content\\\/uploads\\\/sites\\\/3\\\/2022\\\/04\\\/logo500x500.jpg\",\"contentUrl\":\"http:\\\/\\\/just-now.news\\\/de\\\/wp-content\\\/uploads\\\/sites\\\/3\\\/2022\\\/04\\\/logo500x500.jpg\",\"width\":500,\"height\":500,\"caption\":\"Just Now News\"},\"image\":{\"@id\":\"https:\\\/\\\/now-news.de\\\/de\\\/#\\\/schema\\\/logo\\\/image\\\/\"},\"sameAs\":[\"https:\\\/\\\/www.facebook.com\\\/wirmachenauf\",\"https:\\\/\\\/x.com\\\/WirMachenAuf_de\"]},{\"@type\":\"Person\",\"@id\":\"https:\\\/\\\/now-news.de\\\/de\\\/#\\\/schema\\\/person\\\/fb534a4e865501d8b3285208df34a9b5\",\"name\":\"rtnews\",\"image\":{\"@type\":\"ImageObject\",\"inLanguage\":\"de\",\"@id\":\"https:\\\/\\\/secure.gravatar.com\\\/avatar\\\/358fe31b3ab5769fea05376e1953329834cd9912cf9daf607e2af3076a1b982b?s=96&d=mm&r=g\",\"url\":\"https:\\\/\\\/secure.gravatar.com\\\/avatar\\\/358fe31b3ab5769fea05376e1953329834cd9912cf9daf607e2af3076a1b982b?s=96&d=mm&r=g\",\"contentUrl\":\"https:\\\/\\\/secure.gravatar.com\\\/avatar\\\/358fe31b3ab5769fea05376e1953329834cd9912cf9daf607e2af3076a1b982b?s=96&d=mm&r=g\",\"caption\":\"rtnews\"},\"url\":\"https:\\\/\\\/now-news.de\\\/de\\\/author\\\/rnews\\\/\"}]}<\/script>\n<!-- \/ Yoast SEO Premium plugin. -->","yoast_head_json":{"title":"Bayerns Ministerpr\u00e4sident S\u00f6der wird Opfer einer Tomatenattacke - just-now.NEWS Deutschland","robots":{"index":"index","follow":"follow","max-snippet":"max-snippet:-1","max-image-preview":"max-image-preview:large","max-video-preview":"max-video-preview:-1"},"canonical":"https:\/\/now-news.de\/de\/deutschland\/bayerns-ministerpraesident-soeder-wird-opfer-einer-tomatenattacke\/","og_locale":"de_DE","og_type":"article","og_title":"Bayerns Ministerpr\u00e4sident S\u00f6der wird Opfer einer Tomatenattacke","og_description":"Bei einer Veranstaltung am Chiemsee hat ein Mann den bayerischen Ministerpr\u00e4sidenten Markus S\u00f6der mit Tomaten beworfen. Nach der Festnahme des Mannes verliefen die weiteren Festlichkeiten in der Gemeinde Bernau ohne weitere Zwischenf\u00e4lle. Der CSU-Politiker Markus S\u00f6der hat am Sonntag einen unangenehmen Vorfall erlebt. Anl\u00e4sslich der Jubil\u00e4umsfestwoche zum 1.100-j\u00e4hrigen Bestehen des Ortes weilte er in der [&hellip;]","og_url":"https:\/\/now-news.de\/de\/deutschland\/bayerns-ministerpraesident-soeder-wird-opfer-einer-tomatenattacke\/","og_site_name":"just-now.NEWS Deutschland","article_publisher":"https:\/\/www.facebook.com\/wirmachenauf","article_published_time":"2026-07-20T08:11:31+00:00","og_image":[{"url":"https:\/\/now-news.de\/de\/wp-content\/uploads\/sites\/3\/2026\/07\/6a5dd41648fbef0748113ef9.jpg","type":"","width":"","height":""}],"author":"rtnews","twitter_card":"summary_large_image","twitter_creator":"@WirMachenAuf_de","twitter_site":"@WirMachenAuf_de","twitter_misc":{"Verfasst von":"rtnews","Gesch\u00e4tzte Lesezeit":"2\u00a0Minuten"},"schema":{"@context":"https:\/\/schema.org","@graph":[{"@type":"Article","@id":"https:\/\/now-news.de\/de\/deutschland\/bayerns-ministerpraesident-soeder-wird-opfer-einer-tomatenattacke\/#article","isPartOf":{"@id":"https:\/\/now-news.de\/de\/deutschland\/bayerns-ministerpraesident-soeder-wird-opfer-einer-tomatenattacke\/"},"author":{"name":"rtnews","@id":"https:\/\/now-news.de\/de\/#\/schema\/person\/fb534a4e865501d8b3285208df34a9b5"},"headline":"Bayerns Ministerpr\u00e4sident S\u00f6der wird Opfer einer Tomatenattacke","datePublished":"2026-07-20T08:11:31+00:00","mainEntityOfPage":{"@id":"https:\/\/now-news.de\/de\/deutschland\/bayerns-ministerpraesident-soeder-wird-opfer-einer-tomatenattacke\/"},"wordCount":323,"commentCount":0,"publisher":{"@id":"https:\/\/now-news.de\/de\/#organization"},"image":{"@id":"https:\/\/now-news.de\/de\/deutschland\/bayerns-ministerpraesident-soeder-wird-opfer-einer-tomatenattacke\/#primaryimage"},"thumbnailUrl":"https:\/\/now-news.de\/de\/wp-content\/uploads\/sites\/3\/2026\/07\/Bayerns-Ministerpraesident-Soeder-wird-Opfer-einer-Tomatenattacke.jpg","keywords":["Bayerns","einer","Ministerpr\u00e4sident","Opfer","S\u00f6der","Tomatenattacke","wird"],"articleSection":["Deutschland","Russland"],"inLanguage":"de","potentialAction":[{"@type":"CommentAction","name":"Comment","target":["https:\/\/now-news.de\/de\/deutschland\/bayerns-ministerpraesident-soeder-wird-opfer-einer-tomatenattacke\/#respond"]}]},{"@type":"WebPage","@id":"https:\/\/now-news.de\/de\/deutschland\/bayerns-ministerpraesident-soeder-wird-opfer-einer-tomatenattacke\/","url":"https:\/\/now-news.de\/de\/deutschland\/bayerns-ministerpraesident-soeder-wird-opfer-einer-tomatenattacke\/","name":"Bayerns Ministerpr\u00e4sident S\u00f6der wird Opfer einer Tomatenattacke - just-now.NEWS Deutschland","isPartOf":{"@id":"https:\/\/now-news.de\/de\/#website"},"primaryImageOfPage":{"@id":"https:\/\/now-news.de\/de\/deutschland\/bayerns-ministerpraesident-soeder-wird-opfer-einer-tomatenattacke\/#primaryimage"},"image":{"@id":"https:\/\/now-news.de\/de\/deutschland\/bayerns-ministerpraesident-soeder-wird-opfer-einer-tomatenattacke\/#primaryimage"},"thumbnailUrl":"https:\/\/now-news.de\/de\/wp-content\/uploads\/sites\/3\/2026\/07\/Bayerns-Ministerpraesident-Soeder-wird-Opfer-einer-Tomatenattacke.jpg","datePublished":"2026-07-20T08:11:31+00:00","breadcrumb":{"@id":"https:\/\/now-news.de\/de\/deutschland\/bayerns-ministerpraesident-soeder-wird-opfer-einer-tomatenattacke\/#breadcrumb"},"inLanguage":"de","potentialAction":[{"@type":"ReadAction","target":["https:\/\/now-news.de\/de\/deutschland\/bayerns-ministerpraesident-soeder-wird-opfer-einer-tomatenattacke\/"]}]},{"@type":"ImageObject","inLanguage":"de","@id":"https:\/\/now-news.de\/de\/deutschland\/bayerns-ministerpraesident-soeder-wird-opfer-einer-tomatenattacke\/#primaryimage","url":"https:\/\/now-news.de\/de\/wp-content\/uploads\/sites\/3\/2026\/07\/Bayerns-Ministerpraesident-Soeder-wird-Opfer-einer-Tomatenattacke.jpg","contentUrl":"https:\/\/now-news.de\/de\/wp-content\/uploads\/sites\/3\/2026\/07\/Bayerns-Ministerpraesident-Soeder-wird-Opfer-einer-Tomatenattacke.jpg","width":460,"height":259,"caption":"Bayerns Ministerpr\u00e4sident S\u00f6der wird Opfer einer Tomatenattacke"},{"@type":"BreadcrumbList","@id":"https:\/\/now-news.de\/de\/deutschland\/bayerns-ministerpraesident-soeder-wird-opfer-einer-tomatenattacke\/#breadcrumb","itemListElement":[{"@type":"ListItem","position":1,"name":"Home","item":"https:\/\/now-news.de\/de\/"},{"@type":"ListItem","position":2,"name":"Bayerns Ministerpr\u00e4sident S\u00f6der wird Opfer einer Tomatenattacke"}]},{"@type":"WebSite","@id":"https:\/\/now-news.de\/de\/#website","url":"https:\/\/now-news.de\/de\/","name":"just-now.NEWS Deutschland","description":"Das Portal f\u00fcr unzensierte Nachrichten aus der Welt","publisher":{"@id":"https:\/\/now-news.de\/de\/#organization"},"potentialAction":[{"@type":"SearchAction","target":{"@type":"EntryPoint","urlTemplate":"https:\/\/now-news.de\/de\/?s={search_term_string}"},"query-input":{"@type":"PropertyValueSpecification","valueRequired":true,"valueName":"search_term_string"}}],"inLanguage":"de"},{"@type":"Organization","@id":"https:\/\/now-news.de\/de\/#organization","name":"Just Now News","url":"https:\/\/now-news.de\/de\/","logo":{"@type":"ImageObject","inLanguage":"de","@id":"https:\/\/now-news.de\/de\/#\/schema\/logo\/image\/","url":"http:\/\/just-now.news\/de\/wp-content\/uploads\/sites\/3\/2022\/04\/logo500x500.jpg","contentUrl":"http:\/\/just-now.news\/de\/wp-content\/uploads\/sites\/3\/2022\/04\/logo500x500.jpg","width":500,"height":500,"caption":"Just Now News"},"image":{"@id":"https:\/\/now-news.de\/de\/#\/schema\/logo\/image\/"},"sameAs":["https:\/\/www.facebook.com\/wirmachenauf","https:\/\/x.com\/WirMachenAuf_de"]},{"@type":"Person","@id":"https:\/\/now-news.de\/de\/#\/schema\/person\/fb534a4e865501d8b3285208df34a9b5","name":"rtnews","image":{"@type":"ImageObject","inLanguage":"de","@id":"https:\/\/secure.gravatar.com\/avatar\/358fe31b3ab5769fea05376e1953329834cd9912cf9daf607e2af3076a1b982b?s=96&d=mm&r=g","url":"https:\/\/secure.gravatar.com\/avatar\/358fe31b3ab5769fea05376e1953329834cd9912cf9daf607e2af3076a1b982b?s=96&d=mm&r=g","contentUrl":"https:\/\/secure.gravatar.com\/avatar\/358fe31b3ab5769fea05376e1953329834cd9912cf9daf607e2af3076a1b982b?s=96&d=mm&r=g","caption":"rtnews"},"url":"https:\/\/now-news.de\/de\/author\/rnews\/"}]}},"_links":{"self":[{"href":"https:\/\/now-news.de\/de\/wp-json\/wp\/v2\/posts\/107141","targetHints":{"allow":["GET"]}}],"collection":[{"href":"https:\/\/now-news.de\/de\/wp-json\/wp\/v2\/posts"}],"about":[{"href":"https:\/\/now-news.de\/de\/wp-json\/wp\/v2\/types\/post"}],"author":[{"embeddable":true,"href":"https:\/\/now-news.de\/de\/wp-json\/wp\/v2\/users\/3"}],"replies":[{"embeddable":true,"href":"https:\/\/now-news.de\/de\/wp-json\/wp\/v2\/comments?post=107141"}],"version-history":[{"count":0,"href":"https:\/\/now-news.de\/de\/wp-json\/wp\/v2\/posts\/107141\/revisions"}],"wp:featuredmedia":[{"embeddable":true,"href":"https:\/\/now-news.de\/de\/wp-json\/wp\/v2\/media\/107142"}],"wp:attachment":[{"href":"https:\/\/now-news.de\/de\/wp-json\/wp\/v2\/media?parent=107141"}],"wp:term":[{"taxonomy":"category","embeddable":true,"href":"https:\/\/now-news.de\/de\/wp-json\/wp\/v2\/categories?post=107141"},{"taxonomy":"post_tag","embeddable":true,"href":"https:\/\/now-news.de\/de\/wp-json\/wp\/v2\/tags?post=107141"}],"curies":[{"name":"wp","href":"https:\/\/api.w.org\/{rel}","templated":true}]}}