{"id":107127,"date":"2026-07-19T21:32:51","date_gmt":"2026-07-19T19:32:51","guid":{"rendered":"https:\/\/now-news.de\/de\/deutschland\/stefan-wijkamp-hitler-doppelgaenger-wegen-volksverhetzung-angeklagt\/"},"modified":"2026-07-19T21:32:51","modified_gmt":"2026-07-19T19:32:51","slug":"stefan-wijkamp-hitler-doppelgaenger-wegen-volksverhetzung-angeklagt","status":"publish","type":"post","link":"https:\/\/now-news.de\/de\/deutschland\/stefan-wijkamp-hitler-doppelgaenger-wegen-volksverhetzung-angeklagt\/","title":{"rendered":"Stefan Wijkamp: Hitler-Doppelg\u00e4nger wegen Volksverhetzung angeklagt"},"content":{"rendered":"<p><img decoding=\"async\" src=\"https:\/\/now-news.de\/de\/wp-content\/uploads\/sites\/3\/2026\/07\/6a5d1f8bb480cc396d49e3ef.jpg\" \/><\/p>\n<div class=\"Text-root Text-type_1 \">\n                Seit mehr als 15 Jahren tourt der Niederl\u00e4nder Stefan Wijkamp als Hitler-Impersonator durch seine Heimat und durch Deutschland. Aus dem Jux wurde offenbar l\u00e4ngst politischer Ernst \u2013 Wijkamp war Mitglied einer rechtsextremen Partei und lobte den F\u00fchrer in einem Interview. F\u00fcr Letzteres muss er sich nun vor Gericht verantworten.\n            <\/div>\n<p><\/p>\n<div class=\"Text-root Text-type_5 ArticleView-text ViewText-root \">\n<p>Der Hitler-Doppelg\u00e4nger Stefan Wijkamp wurde laut einem Bericht wegen Volksverhetzung angeklagt. Dies berichtet <em>Bild<\/em> am Sonntag auf ihrer Homepage.<\/p>\n<p>Der inzwischen 57 oder 58 Jahre alte Niederl\u00e4nder, der in den letzten Jahren wiederholt nach Deutschland gereist ist, um an rechtsextremen Kundgebungen teilzunehmen, sieht unter anderem durch den entsprechend gestalteten Stummel-Schnurrbart und Scheitel Adolf Hitler recht \u00e4hnlich und behauptet von sich, ein Bewunderer des verstorbenen Nazi-F\u00fchrers zu sein.<\/p>\n<p>Erstmals in Erscheinung getreten ist Wijkamp im Jahr 2017. Berichten zufolge trat er sogar der inzwischen aufgel\u00f6sten Neonazi-Partei &#8220;Die Rechte&#8221; bei und war dort eine Zeit lang im Vorstand t\u00e4tig.<\/p>\n<p>Recherchen in der niederl\u00e4ndischen Presse zeigen, dass Wijkamp auch in seiner Heimat bereits mehrfach mit dem Gesetz in Konflikt geraten ist. Zu seinen Vergehen soll unter anderem das Zeigen des Hitlergru\u00dfes in der \u00d6ffentlichkeit geh\u00f6ren. Im Jahr 2012 wurde er allerdings in Groningen freigesprochen, weil das Gericht ihm damals glaubte, dass es sich bei seinem Auftritt nur um einen Jux gehandelt habe.<\/p>\n<p><em>Bild<\/em> zitiert Matthias Bieling, den stellvertretenden Leiter des Amtsgerichts M\u00fcnster, der best\u00e4tigte, dass die erste Verhandlung in dem Fall f\u00fcr kommenden Freitag, den 24. Juli, angesetzt ist. Der Zeitung zufolge nahmen die deutschen Beh\u00f6rden Ansto\u00df an einem Interview, das Wijkamp\u00a0im vergangenen Sommer einem YouTuber w\u00e4hrend einer rechtsextremen Demonstration in M\u00fcnster gegeben hatte. Darin verk\u00fcndete er unter anderem, dass seine &#8220;Liebe zu Deutschland Adolf Hitler hei\u00dft&#8221;, den der Niederl\u00e4nder als &#8220;einzigartiges Weltwunder&#8221; und &#8220;Genie&#8221; bezeichnete.<\/p>\n<p><strong>Mehr zum Thema<\/strong> \u2013\u00a0<a rel=\"nofollow noopener\" target=\"_blank\" href=\"https:\/\/de-rtnews.com\/inland\/251480-treffen-sich-alice-und-adolf\/\">Treffen sich Alice und Adolf bei Coldplay \u2013 fraglicher Humor des Linken-Vorsitzenden S\u00f6ren Pellmann<\/a><\/p>\n<div class=\"EmbedBlock-root EmbedBlock-externalVideo EmbedBlock-rumble\">\n<div class=\"VkEmbed\"><iframe class=\"lazyload\" data-src=\"https:\/\/rumble.com\/embed\/v7a976w\" frameborder=\"0\" width=\"853\" height=\"480\" allowfullscreen><\/iframe><\/div>\n<\/div>\n<\/div>\n<p><br \/>\n<br \/><a href=\"https:\/\/de.rt.com\/inland\/286307-stefan-wijkamp-hitler-doppelgaenger-wegen\/\">Source link <\/a><\/p>\n","protected":false},"excerpt":{"rendered":"<p>Seit mehr als 15 Jahren tourt der Niederl\u00e4nder Stefan Wijkamp als Hitler-Impersonator durch seine Heimat und durch Deutschland. Aus dem Jux wurde offenbar l\u00e4ngst politischer Ernst \u2013 Wijkamp war Mitglied einer rechtsextremen Partei und lobte den F\u00fchrer in einem Interview. F\u00fcr Letzteres muss er sich nun vor Gericht verantworten. Der Hitler-Doppelg\u00e4nger Stefan Wijkamp wurde laut [&hellip;]<\/p>\n","protected":false},"author":3,"featured_media":107128,"comment_status":"open","ping_status":"open","sticky":false,"template":"","format":"standard","meta":{"_yoast_indexnow_last_ping":["1784490493"],"wp_automatic_camp":["217"],"98a2caf92af370ed09177b0b0477becc":["Stefan Wijkamp: Hitler-Doppelg\u00e4nger wegen Volksverhetzung angeklagt"],"original_link":["https:\/\/de.rt.com\/inland\/286307-stefan-wijkamp-hitler-doppelgaenger-wegen\/"],"_thumbnail_id":["107128"],"jnews_social_counter_last_update":["1788313189"],"_wptgpro_p2tg_sent2tg":["a:1:{i:23737;s:19:\"2026-07-19 21:49:11\";}"]},"categories":[19,23],"tags":[8172,74761,8967,22198,145,74760],"class_list":["post-107127","post","type-post","status-publish","format-standard","has-post-thumbnail","hentry","category-deutschland","category-russland","tag-angeklagt","tag-hitlerdoppelgaenger","tag-stefan","tag-volksverhetzung","tag-wegen","tag-wijkamp"],"yoast_head":"<!-- This site is optimized with the Yoast SEO Premium plugin v22.7 (Yoast SEO v28.2) - https:\/\/yoast.com\/product\/yoast-seo-premium-wordpress\/ -->\n<title>Stefan Wijkamp: Hitler-Doppelg\u00e4nger wegen Volksverhetzung angeklagt - just-now.NEWS Deutschland<\/title>\n<meta name=\"robots\" content=\"index, follow, max-snippet:-1, max-image-preview:large, max-video-preview:-1\" \/>\n<link rel=\"canonical\" href=\"https:\/\/now-news.de\/de\/deutschland\/stefan-wijkamp-hitler-doppelgaenger-wegen-volksverhetzung-angeklagt\/\" \/>\n<meta property=\"og:locale\" content=\"de_DE\" \/>\n<meta property=\"og:type\" content=\"article\" \/>\n<meta property=\"og:title\" content=\"Stefan Wijkamp: Hitler-Doppelg\u00e4nger wegen Volksverhetzung angeklagt\" \/>\n<meta property=\"og:description\" content=\"Seit mehr als 15 Jahren tourt der Niederl\u00e4nder Stefan Wijkamp als Hitler-Impersonator durch seine Heimat und durch Deutschland. Aus dem Jux wurde offenbar l\u00e4ngst politischer Ernst \u2013 Wijkamp war Mitglied einer rechtsextremen Partei und lobte den F\u00fchrer in einem Interview. F\u00fcr Letzteres muss er sich nun vor Gericht verantworten. Der Hitler-Doppelg\u00e4nger Stefan Wijkamp wurde laut [&hellip;]\" \/>\n<meta property=\"og:url\" content=\"https:\/\/now-news.de\/de\/deutschland\/stefan-wijkamp-hitler-doppelgaenger-wegen-volksverhetzung-angeklagt\/\" \/>\n<meta property=\"og:site_name\" content=\"just-now.NEWS Deutschland\" \/>\n<meta property=\"article:publisher\" content=\"https:\/\/www.facebook.com\/wirmachenauf\" \/>\n<meta property=\"article:published_time\" content=\"2026-07-19T19:32:51+00:00\" \/>\n<meta property=\"og:image\" content=\"https:\/\/now-news.de\/de\/wp-content\/uploads\/sites\/3\/2026\/07\/6a5d1f8bb480cc396d49e3ef.jpg\" \/>\n<meta name=\"author\" content=\"rtnews\" \/>\n<meta name=\"twitter:card\" content=\"summary_large_image\" \/>\n<meta name=\"twitter:creator\" content=\"@WirMachenAuf_de\" \/>\n<meta name=\"twitter:site\" content=\"@WirMachenAuf_de\" \/>\n<meta name=\"twitter:label1\" content=\"Verfasst von\" \/>\n\t<meta name=\"twitter:data1\" content=\"rtnews\" \/>\n\t<meta name=\"twitter:label2\" content=\"Gesch\u00e4tzte Lesezeit\" \/>\n\t<meta name=\"twitter:data2\" content=\"2\u00a0Minuten\" \/>\n<script type=\"application\/ld+json\" class=\"yoast-schema-graph\">{\"@context\":\"https:\\\/\\\/schema.org\",\"@graph\":[{\"@type\":\"Article\",\"@id\":\"https:\\\/\\\/now-news.de\\\/de\\\/deutschland\\\/stefan-wijkamp-hitler-doppelgaenger-wegen-volksverhetzung-angeklagt\\\/#article\",\"isPartOf\":{\"@id\":\"https:\\\/\\\/now-news.de\\\/de\\\/deutschland\\\/stefan-wijkamp-hitler-doppelgaenger-wegen-volksverhetzung-angeklagt\\\/\"},\"author\":{\"name\":\"rtnews\",\"@id\":\"https:\\\/\\\/now-news.de\\\/de\\\/#\\\/schema\\\/person\\\/fb534a4e865501d8b3285208df34a9b5\"},\"headline\":\"Stefan Wijkamp: Hitler-Doppelg\u00e4nger wegen Volksverhetzung angeklagt\",\"datePublished\":\"2026-07-19T19:32:51+00:00\",\"mainEntityOfPage\":{\"@id\":\"https:\\\/\\\/now-news.de\\\/de\\\/deutschland\\\/stefan-wijkamp-hitler-doppelgaenger-wegen-volksverhetzung-angeklagt\\\/\"},\"wordCount\":324,\"commentCount\":0,\"publisher\":{\"@id\":\"https:\\\/\\\/now-news.de\\\/de\\\/#organization\"},\"image\":{\"@id\":\"https:\\\/\\\/now-news.de\\\/de\\\/deutschland\\\/stefan-wijkamp-hitler-doppelgaenger-wegen-volksverhetzung-angeklagt\\\/#primaryimage\"},\"thumbnailUrl\":\"https:\\\/\\\/now-news.de\\\/de\\\/wp-content\\\/uploads\\\/sites\\\/3\\\/2026\\\/07\\\/Stefan-Wijkamp-Hitler-Doppelgaenger-wegen-Volksverhetzung-angeklagt.jpg\",\"keywords\":[\"angeklagt\",\"HitlerDoppelg\u00e4nger\",\"Stefan\",\"Volksverhetzung\",\"wegen\",\"Wijkamp\"],\"articleSection\":[\"Deutschland\",\"Russland\"],\"inLanguage\":\"de\",\"potentialAction\":[{\"@type\":\"CommentAction\",\"name\":\"Comment\",\"target\":[\"https:\\\/\\\/now-news.de\\\/de\\\/deutschland\\\/stefan-wijkamp-hitler-doppelgaenger-wegen-volksverhetzung-angeklagt\\\/#respond\"]}]},{\"@type\":\"WebPage\",\"@id\":\"https:\\\/\\\/now-news.de\\\/de\\\/deutschland\\\/stefan-wijkamp-hitler-doppelgaenger-wegen-volksverhetzung-angeklagt\\\/\",\"url\":\"https:\\\/\\\/now-news.de\\\/de\\\/deutschland\\\/stefan-wijkamp-hitler-doppelgaenger-wegen-volksverhetzung-angeklagt\\\/\",\"name\":\"Stefan Wijkamp: Hitler-Doppelg\u00e4nger wegen Volksverhetzung angeklagt - just-now.NEWS Deutschland\",\"isPartOf\":{\"@id\":\"https:\\\/\\\/now-news.de\\\/de\\\/#website\"},\"primaryImageOfPage\":{\"@id\":\"https:\\\/\\\/now-news.de\\\/de\\\/deutschland\\\/stefan-wijkamp-hitler-doppelgaenger-wegen-volksverhetzung-angeklagt\\\/#primaryimage\"},\"image\":{\"@id\":\"https:\\\/\\\/now-news.de\\\/de\\\/deutschland\\\/stefan-wijkamp-hitler-doppelgaenger-wegen-volksverhetzung-angeklagt\\\/#primaryimage\"},\"thumbnailUrl\":\"https:\\\/\\\/now-news.de\\\/de\\\/wp-content\\\/uploads\\\/sites\\\/3\\\/2026\\\/07\\\/Stefan-Wijkamp-Hitler-Doppelgaenger-wegen-Volksverhetzung-angeklagt.jpg\",\"datePublished\":\"2026-07-19T19:32:51+00:00\",\"breadcrumb\":{\"@id\":\"https:\\\/\\\/now-news.de\\\/de\\\/deutschland\\\/stefan-wijkamp-hitler-doppelgaenger-wegen-volksverhetzung-angeklagt\\\/#breadcrumb\"},\"inLanguage\":\"de\",\"potentialAction\":[{\"@type\":\"ReadAction\",\"target\":[\"https:\\\/\\\/now-news.de\\\/de\\\/deutschland\\\/stefan-wijkamp-hitler-doppelgaenger-wegen-volksverhetzung-angeklagt\\\/\"]}]},{\"@type\":\"ImageObject\",\"inLanguage\":\"de\",\"@id\":\"https:\\\/\\\/now-news.de\\\/de\\\/deutschland\\\/stefan-wijkamp-hitler-doppelgaenger-wegen-volksverhetzung-angeklagt\\\/#primaryimage\",\"url\":\"https:\\\/\\\/now-news.de\\\/de\\\/wp-content\\\/uploads\\\/sites\\\/3\\\/2026\\\/07\\\/Stefan-Wijkamp-Hitler-Doppelgaenger-wegen-Volksverhetzung-angeklagt.jpg\",\"contentUrl\":\"https:\\\/\\\/now-news.de\\\/de\\\/wp-content\\\/uploads\\\/sites\\\/3\\\/2026\\\/07\\\/Stefan-Wijkamp-Hitler-Doppelgaenger-wegen-Volksverhetzung-angeklagt.jpg\",\"width\":460,\"height\":259,\"caption\":\"Stefan Wijkamp: Hitler-Doppelg\u00e4nger wegen Volksverhetzung angeklagt\"},{\"@type\":\"BreadcrumbList\",\"@id\":\"https:\\\/\\\/now-news.de\\\/de\\\/deutschland\\\/stefan-wijkamp-hitler-doppelgaenger-wegen-volksverhetzung-angeklagt\\\/#breadcrumb\",\"itemListElement\":[{\"@type\":\"ListItem\",\"position\":1,\"name\":\"Home\",\"item\":\"https:\\\/\\\/now-news.de\\\/de\\\/\"},{\"@type\":\"ListItem\",\"position\":2,\"name\":\"Stefan Wijkamp: Hitler-Doppelg\u00e4nger wegen Volksverhetzung angeklagt\"}]},{\"@type\":\"WebSite\",\"@id\":\"https:\\\/\\\/now-news.de\\\/de\\\/#website\",\"url\":\"https:\\\/\\\/now-news.de\\\/de\\\/\",\"name\":\"just-now.NEWS Deutschland\",\"description\":\"Das Portal f\u00fcr unzensierte Nachrichten aus der Welt\",\"publisher\":{\"@id\":\"https:\\\/\\\/now-news.de\\\/de\\\/#organization\"},\"potentialAction\":[{\"@type\":\"SearchAction\",\"target\":{\"@type\":\"EntryPoint\",\"urlTemplate\":\"https:\\\/\\\/now-news.de\\\/de\\\/?s={search_term_string}\"},\"query-input\":{\"@type\":\"PropertyValueSpecification\",\"valueRequired\":true,\"valueName\":\"search_term_string\"}}],\"inLanguage\":\"de\"},{\"@type\":\"Organization\",\"@id\":\"https:\\\/\\\/now-news.de\\\/de\\\/#organization\",\"name\":\"Just Now News\",\"url\":\"https:\\\/\\\/now-news.de\\\/de\\\/\",\"logo\":{\"@type\":\"ImageObject\",\"inLanguage\":\"de\",\"@id\":\"https:\\\/\\\/now-news.de\\\/de\\\/#\\\/schema\\\/logo\\\/image\\\/\",\"url\":\"http:\\\/\\\/just-now.news\\\/de\\\/wp-content\\\/uploads\\\/sites\\\/3\\\/2022\\\/04\\\/logo500x500.jpg\",\"contentUrl\":\"http:\\\/\\\/just-now.news\\\/de\\\/wp-content\\\/uploads\\\/sites\\\/3\\\/2022\\\/04\\\/logo500x500.jpg\",\"width\":500,\"height\":500,\"caption\":\"Just Now News\"},\"image\":{\"@id\":\"https:\\\/\\\/now-news.de\\\/de\\\/#\\\/schema\\\/logo\\\/image\\\/\"},\"sameAs\":[\"https:\\\/\\\/www.facebook.com\\\/wirmachenauf\",\"https:\\\/\\\/x.com\\\/WirMachenAuf_de\"]},{\"@type\":\"Person\",\"@id\":\"https:\\\/\\\/now-news.de\\\/de\\\/#\\\/schema\\\/person\\\/fb534a4e865501d8b3285208df34a9b5\",\"name\":\"rtnews\",\"image\":{\"@type\":\"ImageObject\",\"inLanguage\":\"de\",\"@id\":\"https:\\\/\\\/secure.gravatar.com\\\/avatar\\\/358fe31b3ab5769fea05376e1953329834cd9912cf9daf607e2af3076a1b982b?s=96&d=mm&r=g\",\"url\":\"https:\\\/\\\/secure.gravatar.com\\\/avatar\\\/358fe31b3ab5769fea05376e1953329834cd9912cf9daf607e2af3076a1b982b?s=96&d=mm&r=g\",\"contentUrl\":\"https:\\\/\\\/secure.gravatar.com\\\/avatar\\\/358fe31b3ab5769fea05376e1953329834cd9912cf9daf607e2af3076a1b982b?s=96&d=mm&r=g\",\"caption\":\"rtnews\"},\"url\":\"https:\\\/\\\/now-news.de\\\/de\\\/author\\\/rnews\\\/\"}]}<\/script>\n<!-- \/ Yoast SEO Premium plugin. -->","yoast_head_json":{"title":"Stefan Wijkamp: Hitler-Doppelg\u00e4nger wegen Volksverhetzung angeklagt - just-now.NEWS Deutschland","robots":{"index":"index","follow":"follow","max-snippet":"max-snippet:-1","max-image-preview":"max-image-preview:large","max-video-preview":"max-video-preview:-1"},"canonical":"https:\/\/now-news.de\/de\/deutschland\/stefan-wijkamp-hitler-doppelgaenger-wegen-volksverhetzung-angeklagt\/","og_locale":"de_DE","og_type":"article","og_title":"Stefan Wijkamp: Hitler-Doppelg\u00e4nger wegen Volksverhetzung angeklagt","og_description":"Seit mehr als 15 Jahren tourt der Niederl\u00e4nder Stefan Wijkamp als Hitler-Impersonator durch seine Heimat und durch Deutschland. Aus dem Jux wurde offenbar l\u00e4ngst politischer Ernst \u2013 Wijkamp war Mitglied einer rechtsextremen Partei und lobte den F\u00fchrer in einem Interview. F\u00fcr Letzteres muss er sich nun vor Gericht verantworten. Der Hitler-Doppelg\u00e4nger Stefan Wijkamp wurde laut [&hellip;]","og_url":"https:\/\/now-news.de\/de\/deutschland\/stefan-wijkamp-hitler-doppelgaenger-wegen-volksverhetzung-angeklagt\/","og_site_name":"just-now.NEWS Deutschland","article_publisher":"https:\/\/www.facebook.com\/wirmachenauf","article_published_time":"2026-07-19T19:32:51+00:00","og_image":[{"url":"https:\/\/now-news.de\/de\/wp-content\/uploads\/sites\/3\/2026\/07\/6a5d1f8bb480cc396d49e3ef.jpg","type":"","width":"","height":""}],"author":"rtnews","twitter_card":"summary_large_image","twitter_creator":"@WirMachenAuf_de","twitter_site":"@WirMachenAuf_de","twitter_misc":{"Verfasst von":"rtnews","Gesch\u00e4tzte Lesezeit":"2\u00a0Minuten"},"schema":{"@context":"https:\/\/schema.org","@graph":[{"@type":"Article","@id":"https:\/\/now-news.de\/de\/deutschland\/stefan-wijkamp-hitler-doppelgaenger-wegen-volksverhetzung-angeklagt\/#article","isPartOf":{"@id":"https:\/\/now-news.de\/de\/deutschland\/stefan-wijkamp-hitler-doppelgaenger-wegen-volksverhetzung-angeklagt\/"},"author":{"name":"rtnews","@id":"https:\/\/now-news.de\/de\/#\/schema\/person\/fb534a4e865501d8b3285208df34a9b5"},"headline":"Stefan Wijkamp: Hitler-Doppelg\u00e4nger wegen Volksverhetzung angeklagt","datePublished":"2026-07-19T19:32:51+00:00","mainEntityOfPage":{"@id":"https:\/\/now-news.de\/de\/deutschland\/stefan-wijkamp-hitler-doppelgaenger-wegen-volksverhetzung-angeklagt\/"},"wordCount":324,"commentCount":0,"publisher":{"@id":"https:\/\/now-news.de\/de\/#organization"},"image":{"@id":"https:\/\/now-news.de\/de\/deutschland\/stefan-wijkamp-hitler-doppelgaenger-wegen-volksverhetzung-angeklagt\/#primaryimage"},"thumbnailUrl":"https:\/\/now-news.de\/de\/wp-content\/uploads\/sites\/3\/2026\/07\/Stefan-Wijkamp-Hitler-Doppelgaenger-wegen-Volksverhetzung-angeklagt.jpg","keywords":["angeklagt","HitlerDoppelg\u00e4nger","Stefan","Volksverhetzung","wegen","Wijkamp"],"articleSection":["Deutschland","Russland"],"inLanguage":"de","potentialAction":[{"@type":"CommentAction","name":"Comment","target":["https:\/\/now-news.de\/de\/deutschland\/stefan-wijkamp-hitler-doppelgaenger-wegen-volksverhetzung-angeklagt\/#respond"]}]},{"@type":"WebPage","@id":"https:\/\/now-news.de\/de\/deutschland\/stefan-wijkamp-hitler-doppelgaenger-wegen-volksverhetzung-angeklagt\/","url":"https:\/\/now-news.de\/de\/deutschland\/stefan-wijkamp-hitler-doppelgaenger-wegen-volksverhetzung-angeklagt\/","name":"Stefan Wijkamp: Hitler-Doppelg\u00e4nger wegen Volksverhetzung angeklagt - just-now.NEWS Deutschland","isPartOf":{"@id":"https:\/\/now-news.de\/de\/#website"},"primaryImageOfPage":{"@id":"https:\/\/now-news.de\/de\/deutschland\/stefan-wijkamp-hitler-doppelgaenger-wegen-volksverhetzung-angeklagt\/#primaryimage"},"image":{"@id":"https:\/\/now-news.de\/de\/deutschland\/stefan-wijkamp-hitler-doppelgaenger-wegen-volksverhetzung-angeklagt\/#primaryimage"},"thumbnailUrl":"https:\/\/now-news.de\/de\/wp-content\/uploads\/sites\/3\/2026\/07\/Stefan-Wijkamp-Hitler-Doppelgaenger-wegen-Volksverhetzung-angeklagt.jpg","datePublished":"2026-07-19T19:32:51+00:00","breadcrumb":{"@id":"https:\/\/now-news.de\/de\/deutschland\/stefan-wijkamp-hitler-doppelgaenger-wegen-volksverhetzung-angeklagt\/#breadcrumb"},"inLanguage":"de","potentialAction":[{"@type":"ReadAction","target":["https:\/\/now-news.de\/de\/deutschland\/stefan-wijkamp-hitler-doppelgaenger-wegen-volksverhetzung-angeklagt\/"]}]},{"@type":"ImageObject","inLanguage":"de","@id":"https:\/\/now-news.de\/de\/deutschland\/stefan-wijkamp-hitler-doppelgaenger-wegen-volksverhetzung-angeklagt\/#primaryimage","url":"https:\/\/now-news.de\/de\/wp-content\/uploads\/sites\/3\/2026\/07\/Stefan-Wijkamp-Hitler-Doppelgaenger-wegen-Volksverhetzung-angeklagt.jpg","contentUrl":"https:\/\/now-news.de\/de\/wp-content\/uploads\/sites\/3\/2026\/07\/Stefan-Wijkamp-Hitler-Doppelgaenger-wegen-Volksverhetzung-angeklagt.jpg","width":460,"height":259,"caption":"Stefan Wijkamp: Hitler-Doppelg\u00e4nger wegen Volksverhetzung angeklagt"},{"@type":"BreadcrumbList","@id":"https:\/\/now-news.de\/de\/deutschland\/stefan-wijkamp-hitler-doppelgaenger-wegen-volksverhetzung-angeklagt\/#breadcrumb","itemListElement":[{"@type":"ListItem","position":1,"name":"Home","item":"https:\/\/now-news.de\/de\/"},{"@type":"ListItem","position":2,"name":"Stefan Wijkamp: Hitler-Doppelg\u00e4nger wegen Volksverhetzung angeklagt"}]},{"@type":"WebSite","@id":"https:\/\/now-news.de\/de\/#website","url":"https:\/\/now-news.de\/de\/","name":"just-now.NEWS Deutschland","description":"Das Portal f\u00fcr unzensierte Nachrichten aus der Welt","publisher":{"@id":"https:\/\/now-news.de\/de\/#organization"},"potentialAction":[{"@type":"SearchAction","target":{"@type":"EntryPoint","urlTemplate":"https:\/\/now-news.de\/de\/?s={search_term_string}"},"query-input":{"@type":"PropertyValueSpecification","valueRequired":true,"valueName":"search_term_string"}}],"inLanguage":"de"},{"@type":"Organization","@id":"https:\/\/now-news.de\/de\/#organization","name":"Just Now News","url":"https:\/\/now-news.de\/de\/","logo":{"@type":"ImageObject","inLanguage":"de","@id":"https:\/\/now-news.de\/de\/#\/schema\/logo\/image\/","url":"http:\/\/just-now.news\/de\/wp-content\/uploads\/sites\/3\/2022\/04\/logo500x500.jpg","contentUrl":"http:\/\/just-now.news\/de\/wp-content\/uploads\/sites\/3\/2022\/04\/logo500x500.jpg","width":500,"height":500,"caption":"Just Now News"},"image":{"@id":"https:\/\/now-news.de\/de\/#\/schema\/logo\/image\/"},"sameAs":["https:\/\/www.facebook.com\/wirmachenauf","https:\/\/x.com\/WirMachenAuf_de"]},{"@type":"Person","@id":"https:\/\/now-news.de\/de\/#\/schema\/person\/fb534a4e865501d8b3285208df34a9b5","name":"rtnews","image":{"@type":"ImageObject","inLanguage":"de","@id":"https:\/\/secure.gravatar.com\/avatar\/358fe31b3ab5769fea05376e1953329834cd9912cf9daf607e2af3076a1b982b?s=96&d=mm&r=g","url":"https:\/\/secure.gravatar.com\/avatar\/358fe31b3ab5769fea05376e1953329834cd9912cf9daf607e2af3076a1b982b?s=96&d=mm&r=g","contentUrl":"https:\/\/secure.gravatar.com\/avatar\/358fe31b3ab5769fea05376e1953329834cd9912cf9daf607e2af3076a1b982b?s=96&d=mm&r=g","caption":"rtnews"},"url":"https:\/\/now-news.de\/de\/author\/rnews\/"}]}},"_links":{"self":[{"href":"https:\/\/now-news.de\/de\/wp-json\/wp\/v2\/posts\/107127","targetHints":{"allow":["GET"]}}],"collection":[{"href":"https:\/\/now-news.de\/de\/wp-json\/wp\/v2\/posts"}],"about":[{"href":"https:\/\/now-news.de\/de\/wp-json\/wp\/v2\/types\/post"}],"author":[{"embeddable":true,"href":"https:\/\/now-news.de\/de\/wp-json\/wp\/v2\/users\/3"}],"replies":[{"embeddable":true,"href":"https:\/\/now-news.de\/de\/wp-json\/wp\/v2\/comments?post=107127"}],"version-history":[{"count":0,"href":"https:\/\/now-news.de\/de\/wp-json\/wp\/v2\/posts\/107127\/revisions"}],"wp:featuredmedia":[{"embeddable":true,"href":"https:\/\/now-news.de\/de\/wp-json\/wp\/v2\/media\/107128"}],"wp:attachment":[{"href":"https:\/\/now-news.de\/de\/wp-json\/wp\/v2\/media?parent=107127"}],"wp:term":[{"taxonomy":"category","embeddable":true,"href":"https:\/\/now-news.de\/de\/wp-json\/wp\/v2\/categories?post=107127"},{"taxonomy":"post_tag","embeddable":true,"href":"https:\/\/now-news.de\/de\/wp-json\/wp\/v2\/tags?post=107127"}],"curies":[{"name":"wp","href":"https:\/\/api.w.org\/{rel}","templated":true}]}}