{"id":107121,"date":"2026-07-19T19:57:03","date_gmt":"2026-07-19T17:57:03","guid":{"rendered":"https:\/\/now-news.de\/de\/deutschland\/japan-verteidigungsminister-will-atomwaffen-ohne-tabus-diskutieren\/"},"modified":"2026-07-19T19:57:03","modified_gmt":"2026-07-19T17:57:03","slug":"japan-verteidigungsminister-will-atomwaffen-ohne-tabus-diskutieren","status":"publish","type":"post","link":"https:\/\/now-news.de\/de\/deutschland\/japan-verteidigungsminister-will-atomwaffen-ohne-tabus-diskutieren\/","title":{"rendered":"Japan: Verteidigungsminister will Atomwaffen ohne Tabus diskutieren"},"content":{"rendered":"<p><img decoding=\"async\" src=\"https:\/\/now-news.de\/de\/wp-content\/uploads\/sites\/3\/2026\/07\/6a5cc2b748fbef6aab303ce0.jpg\" \/><\/p>\n<div class=\"Text-root Text-type_1 \">\n                Seit fast 60 Jahren verfolgt Tokio drei nichtnukleare Prinzipien und verpflichtet sich unter anderem, keine nuklearen Waffen ins Land zu lassen. Jetzt fordert der japanische Verteidigungsminister, das Thema ohne Ber\u00fchrungs\u00e4ngste zu besprechen, wie die Zeitung Nihon Keizai berichtet.\n            <\/div>\n<p><\/p>\n<div class=\"Text-root Text-type_5 ArticleView-text ViewText-root \">\n<p>Bis heute gelten in Japan die drei nichtnuklearen Prinzipien von 1967 als Leitlinie. Das Land verpflichtet sich dazu, keine nuklearen Waffen zu besitzen, herzustellen oder ins Land zu lassen. Nun betont der japanische Verteidigungsminister Shinjiro Koizumi jedoch, es sei notwendig, das Thema Kernwaffen im Zusammenhang mit der nationalen Sicherheit zu diskutieren. Dar\u00fcber <a rel=\"nofollow noopener\" target=\"_blank\" href=\"https:\/\/www.nikkei.com\/article\/DGKKZO74467120U3A910C2FF2000\/\">berichtet<\/a> die Zeitung <em>Nihon Keizai<\/em>. &#8220;Dies ist ein schwieriges Thema f\u00fcr Japan, aber wir m\u00fcssen uns damit auseinandersetzen&#8221;, meinte der Minister.<\/p>\n<p>Und weiter:<\/p>\n<blockquote>\n<p><em>&#8220;Wir m\u00fcssen ein Gef\u00fchl der Dringlichkeit versp\u00fcren und alle politischen Ma\u00dfnahmen ohne Tabus diskutieren und vorantreiben.&#8221;<\/em><\/p>\n<\/blockquote>\n<p>Der Verteidigungsminister habe auf die Entscheidung Finnlands hingewiesen, das Atomwaffenverbot aufzuheben und die Einfuhr, den Transport und den Besitz von Atomwaffen auf finnischem Staatsgebiet zu erlauben. Zudem soll er Frankreich als Beispiel angef\u00fchrt haben, das k\u00fcrzlich beschlossen habe, seine Nuklearstreitkr\u00e4fte zu st\u00e4rken.<\/p>\n<p>Auf eine Anfrage der Opposition hinsichtlich der drei nichtnuklearen Prinzipien soll Koizumi dem Medienbericht zufolge mit der Frage reagiert haben: &#8220;Ist es nicht so, dass die Erhaltung bestehender Einstellungen Priorit\u00e4t hat, w\u00e4hrend die tats\u00e4chliche Verteidigung Japans in den Hintergrund gedr\u00e4ngt wird?&#8221;<\/p>\n<p>Im November 2025 hatte Koizumi bereits die Notwendigkeit ins Spiel gebracht, Japans Selbstverteidigungskr\u00e4fte mit Atom-U-Booten auszustatten.<\/p>\n<p>Im April berichtete die chinesische Zeitung <em>PLA Daily<\/em>, Japan baue seine Verteidigungsindustrie in einem gef\u00e4hrlichen Tempo aus und habe einen &#8220;erstaunlichen&#8221; Vorrat an nuklearen Materialien f\u00fcr die Produktion von Atomwaffen angeh\u00e4uft.<\/p>\n<p>Japan verf\u00fcgte demnach Ende 2024 \u00fcber 44,4 Tonnen Plutonium \u2013 genug, um 5.500 Atomsprengk\u00f6pfe herzustellen. Falls die drei nichtnuklearen Prinzipien abgeschafft w\u00fcrden, k\u00f6nnte Japan in k\u00fcrzester Zeit de facto zu einem Atomstaat werden, hie\u00df es im Bericht.<\/p>\n<p><strong>Mehr zum Thema<\/strong>\u00a0\u2012 <a rel=\"nofollow noopener\" target=\"_blank\" href=\"https:\/\/de-rtnews.com\/asien\/262548-japans-geheimer-weg-zur-flotte-atom-u-boote\/\">Japans geheimer Weg zur Flotte von Atom-U-Booten<\/a><\/p>\n<div class=\"EmbedBlock-root EmbedBlock-externalVideo EmbedBlock-rumble\">\n<div class=\"VkEmbed\"><iframe class=\"lazyload\" data-src=\"https:\/\/rumble.com\/embed\/v7arp5k\" frameborder=\"0\" width=\"853\" height=\"480\" allowfullscreen><\/iframe><\/div>\n<\/div>\n<\/div>\n<p><br \/>\n<br \/><a href=\"https:\/\/de.rt.com\/international\/286282-japan-verteidigungsminister-will-atomwaffen-ohne\/\">Source link <\/a><\/p>\n","protected":false},"excerpt":{"rendered":"<p>Seit fast 60 Jahren verfolgt Tokio drei nichtnukleare Prinzipien und verpflichtet sich unter anderem, keine nuklearen Waffen ins Land zu lassen. Jetzt fordert der japanische Verteidigungsminister, das Thema ohne Ber\u00fchrungs\u00e4ngste zu besprechen, wie die Zeitung Nihon Keizai berichtet. Bis heute gelten in Japan die drei nichtnuklearen Prinzipien von 1967 als Leitlinie. Das Land verpflichtet sich [&hellip;]<\/p>\n","protected":false},"author":3,"featured_media":107122,"comment_status":"open","ping_status":"open","sticky":false,"template":"","format":"standard","meta":{"_yoast_indexnow_last_ping":["1784484731"],"wp_automatic_camp":["217"],"e53b688587a258c17055bd3aa6fb79a9":["Japan: Verteidigungsminister will Atomwaffen ohne Tabus diskutieren"],"original_link":["https:\/\/de.rt.com\/international\/286282-japan-verteidigungsminister-will-atomwaffen-ohne\/"],"_thumbnail_id":["107122"],"jnews_social_counter_last_update":["1788461755"],"_wptgpro_p2tg_sent2tg":["a:1:{i:23737;s:19:\"2026-07-19 20:13:16\";}"]},"categories":[19,23],"tags":[7620,16674,5232,779,59451,5456],"class_list":["post-107121","post","type-post","status-publish","format-standard","has-post-thumbnail","hentry","category-deutschland","category-russland","tag-atomwaffen","tag-diskutieren","tag-japan","tag-ohne","tag-tabus","tag-verteidigungsminister"],"yoast_head":"<!-- This site is optimized with the Yoast SEO Premium plugin v22.7 (Yoast SEO v28.2) - https:\/\/yoast.com\/product\/yoast-seo-premium-wordpress\/ -->\n<title>Japan: Verteidigungsminister will Atomwaffen ohne Tabus diskutieren - just-now.NEWS Deutschland<\/title>\n<meta name=\"robots\" content=\"index, follow, max-snippet:-1, max-image-preview:large, max-video-preview:-1\" \/>\n<link rel=\"canonical\" href=\"https:\/\/now-news.de\/de\/deutschland\/japan-verteidigungsminister-will-atomwaffen-ohne-tabus-diskutieren\/\" \/>\n<meta property=\"og:locale\" content=\"de_DE\" \/>\n<meta property=\"og:type\" content=\"article\" \/>\n<meta property=\"og:title\" content=\"Japan: Verteidigungsminister will Atomwaffen ohne Tabus diskutieren\" \/>\n<meta property=\"og:description\" content=\"Seit fast 60 Jahren verfolgt Tokio drei nichtnukleare Prinzipien und verpflichtet sich unter anderem, keine nuklearen Waffen ins Land zu lassen. Jetzt fordert der japanische Verteidigungsminister, das Thema ohne Ber\u00fchrungs\u00e4ngste zu besprechen, wie die Zeitung Nihon Keizai berichtet. Bis heute gelten in Japan die drei nichtnuklearen Prinzipien von 1967 als Leitlinie. Das Land verpflichtet sich [&hellip;]\" \/>\n<meta property=\"og:url\" content=\"https:\/\/now-news.de\/de\/deutschland\/japan-verteidigungsminister-will-atomwaffen-ohne-tabus-diskutieren\/\" \/>\n<meta property=\"og:site_name\" content=\"just-now.NEWS Deutschland\" \/>\n<meta property=\"article:publisher\" content=\"https:\/\/www.facebook.com\/wirmachenauf\" \/>\n<meta property=\"article:published_time\" content=\"2026-07-19T17:57:03+00:00\" \/>\n<meta property=\"og:image\" content=\"https:\/\/now-news.de\/de\/wp-content\/uploads\/sites\/3\/2026\/07\/6a5cc2b748fbef6aab303ce0.jpg\" \/>\n<meta name=\"author\" content=\"rtnews\" \/>\n<meta name=\"twitter:card\" content=\"summary_large_image\" \/>\n<meta name=\"twitter:creator\" content=\"@WirMachenAuf_de\" \/>\n<meta name=\"twitter:site\" content=\"@WirMachenAuf_de\" \/>\n<meta name=\"twitter:label1\" content=\"Verfasst von\" \/>\n\t<meta name=\"twitter:data1\" content=\"rtnews\" \/>\n\t<meta name=\"twitter:label2\" content=\"Gesch\u00e4tzte Lesezeit\" \/>\n\t<meta name=\"twitter:data2\" content=\"2\u00a0Minuten\" \/>\n<script type=\"application\/ld+json\" class=\"yoast-schema-graph\">{\"@context\":\"https:\\\/\\\/schema.org\",\"@graph\":[{\"@type\":\"Article\",\"@id\":\"https:\\\/\\\/now-news.de\\\/de\\\/deutschland\\\/japan-verteidigungsminister-will-atomwaffen-ohne-tabus-diskutieren\\\/#article\",\"isPartOf\":{\"@id\":\"https:\\\/\\\/now-news.de\\\/de\\\/deutschland\\\/japan-verteidigungsminister-will-atomwaffen-ohne-tabus-diskutieren\\\/\"},\"author\":{\"name\":\"rtnews\",\"@id\":\"https:\\\/\\\/now-news.de\\\/de\\\/#\\\/schema\\\/person\\\/fb534a4e865501d8b3285208df34a9b5\"},\"headline\":\"Japan: Verteidigungsminister will Atomwaffen ohne Tabus diskutieren\",\"datePublished\":\"2026-07-19T17:57:03+00:00\",\"mainEntityOfPage\":{\"@id\":\"https:\\\/\\\/now-news.de\\\/de\\\/deutschland\\\/japan-verteidigungsminister-will-atomwaffen-ohne-tabus-diskutieren\\\/\"},\"wordCount\":335,\"commentCount\":0,\"publisher\":{\"@id\":\"https:\\\/\\\/now-news.de\\\/de\\\/#organization\"},\"image\":{\"@id\":\"https:\\\/\\\/now-news.de\\\/de\\\/deutschland\\\/japan-verteidigungsminister-will-atomwaffen-ohne-tabus-diskutieren\\\/#primaryimage\"},\"thumbnailUrl\":\"https:\\\/\\\/now-news.de\\\/de\\\/wp-content\\\/uploads\\\/sites\\\/3\\\/2026\\\/07\\\/Japan-Verteidigungsminister-will-Atomwaffen-ohne-Tabus-diskutieren.jpg\",\"keywords\":[\"Atomwaffen\",\"diskutieren\",\"Japan\",\"ohne\",\"Tabus\",\"Verteidigungsminister\"],\"articleSection\":[\"Deutschland\",\"Russland\"],\"inLanguage\":\"de\",\"potentialAction\":[{\"@type\":\"CommentAction\",\"name\":\"Comment\",\"target\":[\"https:\\\/\\\/now-news.de\\\/de\\\/deutschland\\\/japan-verteidigungsminister-will-atomwaffen-ohne-tabus-diskutieren\\\/#respond\"]}]},{\"@type\":\"WebPage\",\"@id\":\"https:\\\/\\\/now-news.de\\\/de\\\/deutschland\\\/japan-verteidigungsminister-will-atomwaffen-ohne-tabus-diskutieren\\\/\",\"url\":\"https:\\\/\\\/now-news.de\\\/de\\\/deutschland\\\/japan-verteidigungsminister-will-atomwaffen-ohne-tabus-diskutieren\\\/\",\"name\":\"Japan: Verteidigungsminister will Atomwaffen ohne Tabus diskutieren - just-now.NEWS Deutschland\",\"isPartOf\":{\"@id\":\"https:\\\/\\\/now-news.de\\\/de\\\/#website\"},\"primaryImageOfPage\":{\"@id\":\"https:\\\/\\\/now-news.de\\\/de\\\/deutschland\\\/japan-verteidigungsminister-will-atomwaffen-ohne-tabus-diskutieren\\\/#primaryimage\"},\"image\":{\"@id\":\"https:\\\/\\\/now-news.de\\\/de\\\/deutschland\\\/japan-verteidigungsminister-will-atomwaffen-ohne-tabus-diskutieren\\\/#primaryimage\"},\"thumbnailUrl\":\"https:\\\/\\\/now-news.de\\\/de\\\/wp-content\\\/uploads\\\/sites\\\/3\\\/2026\\\/07\\\/Japan-Verteidigungsminister-will-Atomwaffen-ohne-Tabus-diskutieren.jpg\",\"datePublished\":\"2026-07-19T17:57:03+00:00\",\"breadcrumb\":{\"@id\":\"https:\\\/\\\/now-news.de\\\/de\\\/deutschland\\\/japan-verteidigungsminister-will-atomwaffen-ohne-tabus-diskutieren\\\/#breadcrumb\"},\"inLanguage\":\"de\",\"potentialAction\":[{\"@type\":\"ReadAction\",\"target\":[\"https:\\\/\\\/now-news.de\\\/de\\\/deutschland\\\/japan-verteidigungsminister-will-atomwaffen-ohne-tabus-diskutieren\\\/\"]}]},{\"@type\":\"ImageObject\",\"inLanguage\":\"de\",\"@id\":\"https:\\\/\\\/now-news.de\\\/de\\\/deutschland\\\/japan-verteidigungsminister-will-atomwaffen-ohne-tabus-diskutieren\\\/#primaryimage\",\"url\":\"https:\\\/\\\/now-news.de\\\/de\\\/wp-content\\\/uploads\\\/sites\\\/3\\\/2026\\\/07\\\/Japan-Verteidigungsminister-will-Atomwaffen-ohne-Tabus-diskutieren.jpg\",\"contentUrl\":\"https:\\\/\\\/now-news.de\\\/de\\\/wp-content\\\/uploads\\\/sites\\\/3\\\/2026\\\/07\\\/Japan-Verteidigungsminister-will-Atomwaffen-ohne-Tabus-diskutieren.jpg\",\"width\":460,\"height\":259,\"caption\":\"Japan: Verteidigungsminister will Atomwaffen ohne Tabus diskutieren\"},{\"@type\":\"BreadcrumbList\",\"@id\":\"https:\\\/\\\/now-news.de\\\/de\\\/deutschland\\\/japan-verteidigungsminister-will-atomwaffen-ohne-tabus-diskutieren\\\/#breadcrumb\",\"itemListElement\":[{\"@type\":\"ListItem\",\"position\":1,\"name\":\"Home\",\"item\":\"https:\\\/\\\/now-news.de\\\/de\\\/\"},{\"@type\":\"ListItem\",\"position\":2,\"name\":\"Japan: Verteidigungsminister will Atomwaffen ohne Tabus diskutieren\"}]},{\"@type\":\"WebSite\",\"@id\":\"https:\\\/\\\/now-news.de\\\/de\\\/#website\",\"url\":\"https:\\\/\\\/now-news.de\\\/de\\\/\",\"name\":\"just-now.NEWS Deutschland\",\"description\":\"Das Portal f\u00fcr unzensierte Nachrichten aus der Welt\",\"publisher\":{\"@id\":\"https:\\\/\\\/now-news.de\\\/de\\\/#organization\"},\"potentialAction\":[{\"@type\":\"SearchAction\",\"target\":{\"@type\":\"EntryPoint\",\"urlTemplate\":\"https:\\\/\\\/now-news.de\\\/de\\\/?s={search_term_string}\"},\"query-input\":{\"@type\":\"PropertyValueSpecification\",\"valueRequired\":true,\"valueName\":\"search_term_string\"}}],\"inLanguage\":\"de\"},{\"@type\":\"Organization\",\"@id\":\"https:\\\/\\\/now-news.de\\\/de\\\/#organization\",\"name\":\"Just Now News\",\"url\":\"https:\\\/\\\/now-news.de\\\/de\\\/\",\"logo\":{\"@type\":\"ImageObject\",\"inLanguage\":\"de\",\"@id\":\"https:\\\/\\\/now-news.de\\\/de\\\/#\\\/schema\\\/logo\\\/image\\\/\",\"url\":\"http:\\\/\\\/just-now.news\\\/de\\\/wp-content\\\/uploads\\\/sites\\\/3\\\/2022\\\/04\\\/logo500x500.jpg\",\"contentUrl\":\"http:\\\/\\\/just-now.news\\\/de\\\/wp-content\\\/uploads\\\/sites\\\/3\\\/2022\\\/04\\\/logo500x500.jpg\",\"width\":500,\"height\":500,\"caption\":\"Just Now News\"},\"image\":{\"@id\":\"https:\\\/\\\/now-news.de\\\/de\\\/#\\\/schema\\\/logo\\\/image\\\/\"},\"sameAs\":[\"https:\\\/\\\/www.facebook.com\\\/wirmachenauf\",\"https:\\\/\\\/x.com\\\/WirMachenAuf_de\"]},{\"@type\":\"Person\",\"@id\":\"https:\\\/\\\/now-news.de\\\/de\\\/#\\\/schema\\\/person\\\/fb534a4e865501d8b3285208df34a9b5\",\"name\":\"rtnews\",\"image\":{\"@type\":\"ImageObject\",\"inLanguage\":\"de\",\"@id\":\"https:\\\/\\\/secure.gravatar.com\\\/avatar\\\/358fe31b3ab5769fea05376e1953329834cd9912cf9daf607e2af3076a1b982b?s=96&d=mm&r=g\",\"url\":\"https:\\\/\\\/secure.gravatar.com\\\/avatar\\\/358fe31b3ab5769fea05376e1953329834cd9912cf9daf607e2af3076a1b982b?s=96&d=mm&r=g\",\"contentUrl\":\"https:\\\/\\\/secure.gravatar.com\\\/avatar\\\/358fe31b3ab5769fea05376e1953329834cd9912cf9daf607e2af3076a1b982b?s=96&d=mm&r=g\",\"caption\":\"rtnews\"},\"url\":\"https:\\\/\\\/now-news.de\\\/de\\\/author\\\/rnews\\\/\"}]}<\/script>\n<!-- \/ Yoast SEO Premium plugin. -->","yoast_head_json":{"title":"Japan: Verteidigungsminister will Atomwaffen ohne Tabus diskutieren - just-now.NEWS Deutschland","robots":{"index":"index","follow":"follow","max-snippet":"max-snippet:-1","max-image-preview":"max-image-preview:large","max-video-preview":"max-video-preview:-1"},"canonical":"https:\/\/now-news.de\/de\/deutschland\/japan-verteidigungsminister-will-atomwaffen-ohne-tabus-diskutieren\/","og_locale":"de_DE","og_type":"article","og_title":"Japan: Verteidigungsminister will Atomwaffen ohne Tabus diskutieren","og_description":"Seit fast 60 Jahren verfolgt Tokio drei nichtnukleare Prinzipien und verpflichtet sich unter anderem, keine nuklearen Waffen ins Land zu lassen. Jetzt fordert der japanische Verteidigungsminister, das Thema ohne Ber\u00fchrungs\u00e4ngste zu besprechen, wie die Zeitung Nihon Keizai berichtet. Bis heute gelten in Japan die drei nichtnuklearen Prinzipien von 1967 als Leitlinie. Das Land verpflichtet sich [&hellip;]","og_url":"https:\/\/now-news.de\/de\/deutschland\/japan-verteidigungsminister-will-atomwaffen-ohne-tabus-diskutieren\/","og_site_name":"just-now.NEWS Deutschland","article_publisher":"https:\/\/www.facebook.com\/wirmachenauf","article_published_time":"2026-07-19T17:57:03+00:00","og_image":[{"url":"https:\/\/now-news.de\/de\/wp-content\/uploads\/sites\/3\/2026\/07\/6a5cc2b748fbef6aab303ce0.jpg","type":"","width":"","height":""}],"author":"rtnews","twitter_card":"summary_large_image","twitter_creator":"@WirMachenAuf_de","twitter_site":"@WirMachenAuf_de","twitter_misc":{"Verfasst von":"rtnews","Gesch\u00e4tzte Lesezeit":"2\u00a0Minuten"},"schema":{"@context":"https:\/\/schema.org","@graph":[{"@type":"Article","@id":"https:\/\/now-news.de\/de\/deutschland\/japan-verteidigungsminister-will-atomwaffen-ohne-tabus-diskutieren\/#article","isPartOf":{"@id":"https:\/\/now-news.de\/de\/deutschland\/japan-verteidigungsminister-will-atomwaffen-ohne-tabus-diskutieren\/"},"author":{"name":"rtnews","@id":"https:\/\/now-news.de\/de\/#\/schema\/person\/fb534a4e865501d8b3285208df34a9b5"},"headline":"Japan: Verteidigungsminister will Atomwaffen ohne Tabus diskutieren","datePublished":"2026-07-19T17:57:03+00:00","mainEntityOfPage":{"@id":"https:\/\/now-news.de\/de\/deutschland\/japan-verteidigungsminister-will-atomwaffen-ohne-tabus-diskutieren\/"},"wordCount":335,"commentCount":0,"publisher":{"@id":"https:\/\/now-news.de\/de\/#organization"},"image":{"@id":"https:\/\/now-news.de\/de\/deutschland\/japan-verteidigungsminister-will-atomwaffen-ohne-tabus-diskutieren\/#primaryimage"},"thumbnailUrl":"https:\/\/now-news.de\/de\/wp-content\/uploads\/sites\/3\/2026\/07\/Japan-Verteidigungsminister-will-Atomwaffen-ohne-Tabus-diskutieren.jpg","keywords":["Atomwaffen","diskutieren","Japan","ohne","Tabus","Verteidigungsminister"],"articleSection":["Deutschland","Russland"],"inLanguage":"de","potentialAction":[{"@type":"CommentAction","name":"Comment","target":["https:\/\/now-news.de\/de\/deutschland\/japan-verteidigungsminister-will-atomwaffen-ohne-tabus-diskutieren\/#respond"]}]},{"@type":"WebPage","@id":"https:\/\/now-news.de\/de\/deutschland\/japan-verteidigungsminister-will-atomwaffen-ohne-tabus-diskutieren\/","url":"https:\/\/now-news.de\/de\/deutschland\/japan-verteidigungsminister-will-atomwaffen-ohne-tabus-diskutieren\/","name":"Japan: Verteidigungsminister will Atomwaffen ohne Tabus diskutieren - just-now.NEWS Deutschland","isPartOf":{"@id":"https:\/\/now-news.de\/de\/#website"},"primaryImageOfPage":{"@id":"https:\/\/now-news.de\/de\/deutschland\/japan-verteidigungsminister-will-atomwaffen-ohne-tabus-diskutieren\/#primaryimage"},"image":{"@id":"https:\/\/now-news.de\/de\/deutschland\/japan-verteidigungsminister-will-atomwaffen-ohne-tabus-diskutieren\/#primaryimage"},"thumbnailUrl":"https:\/\/now-news.de\/de\/wp-content\/uploads\/sites\/3\/2026\/07\/Japan-Verteidigungsminister-will-Atomwaffen-ohne-Tabus-diskutieren.jpg","datePublished":"2026-07-19T17:57:03+00:00","breadcrumb":{"@id":"https:\/\/now-news.de\/de\/deutschland\/japan-verteidigungsminister-will-atomwaffen-ohne-tabus-diskutieren\/#breadcrumb"},"inLanguage":"de","potentialAction":[{"@type":"ReadAction","target":["https:\/\/now-news.de\/de\/deutschland\/japan-verteidigungsminister-will-atomwaffen-ohne-tabus-diskutieren\/"]}]},{"@type":"ImageObject","inLanguage":"de","@id":"https:\/\/now-news.de\/de\/deutschland\/japan-verteidigungsminister-will-atomwaffen-ohne-tabus-diskutieren\/#primaryimage","url":"https:\/\/now-news.de\/de\/wp-content\/uploads\/sites\/3\/2026\/07\/Japan-Verteidigungsminister-will-Atomwaffen-ohne-Tabus-diskutieren.jpg","contentUrl":"https:\/\/now-news.de\/de\/wp-content\/uploads\/sites\/3\/2026\/07\/Japan-Verteidigungsminister-will-Atomwaffen-ohne-Tabus-diskutieren.jpg","width":460,"height":259,"caption":"Japan: Verteidigungsminister will Atomwaffen ohne Tabus diskutieren"},{"@type":"BreadcrumbList","@id":"https:\/\/now-news.de\/de\/deutschland\/japan-verteidigungsminister-will-atomwaffen-ohne-tabus-diskutieren\/#breadcrumb","itemListElement":[{"@type":"ListItem","position":1,"name":"Home","item":"https:\/\/now-news.de\/de\/"},{"@type":"ListItem","position":2,"name":"Japan: Verteidigungsminister will Atomwaffen ohne Tabus diskutieren"}]},{"@type":"WebSite","@id":"https:\/\/now-news.de\/de\/#website","url":"https:\/\/now-news.de\/de\/","name":"just-now.NEWS Deutschland","description":"Das Portal f\u00fcr unzensierte Nachrichten aus der Welt","publisher":{"@id":"https:\/\/now-news.de\/de\/#organization"},"potentialAction":[{"@type":"SearchAction","target":{"@type":"EntryPoint","urlTemplate":"https:\/\/now-news.de\/de\/?s={search_term_string}"},"query-input":{"@type":"PropertyValueSpecification","valueRequired":true,"valueName":"search_term_string"}}],"inLanguage":"de"},{"@type":"Organization","@id":"https:\/\/now-news.de\/de\/#organization","name":"Just Now News","url":"https:\/\/now-news.de\/de\/","logo":{"@type":"ImageObject","inLanguage":"de","@id":"https:\/\/now-news.de\/de\/#\/schema\/logo\/image\/","url":"http:\/\/just-now.news\/de\/wp-content\/uploads\/sites\/3\/2022\/04\/logo500x500.jpg","contentUrl":"http:\/\/just-now.news\/de\/wp-content\/uploads\/sites\/3\/2022\/04\/logo500x500.jpg","width":500,"height":500,"caption":"Just Now News"},"image":{"@id":"https:\/\/now-news.de\/de\/#\/schema\/logo\/image\/"},"sameAs":["https:\/\/www.facebook.com\/wirmachenauf","https:\/\/x.com\/WirMachenAuf_de"]},{"@type":"Person","@id":"https:\/\/now-news.de\/de\/#\/schema\/person\/fb534a4e865501d8b3285208df34a9b5","name":"rtnews","image":{"@type":"ImageObject","inLanguage":"de","@id":"https:\/\/secure.gravatar.com\/avatar\/358fe31b3ab5769fea05376e1953329834cd9912cf9daf607e2af3076a1b982b?s=96&d=mm&r=g","url":"https:\/\/secure.gravatar.com\/avatar\/358fe31b3ab5769fea05376e1953329834cd9912cf9daf607e2af3076a1b982b?s=96&d=mm&r=g","contentUrl":"https:\/\/secure.gravatar.com\/avatar\/358fe31b3ab5769fea05376e1953329834cd9912cf9daf607e2af3076a1b982b?s=96&d=mm&r=g","caption":"rtnews"},"url":"https:\/\/now-news.de\/de\/author\/rnews\/"}]}},"_links":{"self":[{"href":"https:\/\/now-news.de\/de\/wp-json\/wp\/v2\/posts\/107121","targetHints":{"allow":["GET"]}}],"collection":[{"href":"https:\/\/now-news.de\/de\/wp-json\/wp\/v2\/posts"}],"about":[{"href":"https:\/\/now-news.de\/de\/wp-json\/wp\/v2\/types\/post"}],"author":[{"embeddable":true,"href":"https:\/\/now-news.de\/de\/wp-json\/wp\/v2\/users\/3"}],"replies":[{"embeddable":true,"href":"https:\/\/now-news.de\/de\/wp-json\/wp\/v2\/comments?post=107121"}],"version-history":[{"count":0,"href":"https:\/\/now-news.de\/de\/wp-json\/wp\/v2\/posts\/107121\/revisions"}],"wp:featuredmedia":[{"embeddable":true,"href":"https:\/\/now-news.de\/de\/wp-json\/wp\/v2\/media\/107122"}],"wp:attachment":[{"href":"https:\/\/now-news.de\/de\/wp-json\/wp\/v2\/media?parent=107121"}],"wp:term":[{"taxonomy":"category","embeddable":true,"href":"https:\/\/now-news.de\/de\/wp-json\/wp\/v2\/categories?post=107121"},{"taxonomy":"post_tag","embeddable":true,"href":"https:\/\/now-news.de\/de\/wp-json\/wp\/v2\/tags?post=107121"}],"curies":[{"name":"wp","href":"https:\/\/api.w.org\/{rel}","templated":true}]}}