{"id":107099,"date":"2026-07-19T11:48:32","date_gmt":"2026-07-19T09:48:32","guid":{"rendered":"https:\/\/now-news.de\/de\/deutschland\/ungarischer-praesident-stimmt-eigener-absetzung-zu\/"},"modified":"2026-07-19T11:48:32","modified_gmt":"2026-07-19T09:48:32","slug":"ungarischer-praesident-stimmt-eigener-absetzung-zu","status":"publish","type":"post","link":"https:\/\/now-news.de\/de\/deutschland\/ungarischer-praesident-stimmt-eigener-absetzung-zu\/","title":{"rendered":"Ungarischer Pr\u00e4sident stimmt eigener Absetzung zu"},"content":{"rendered":"<p><img decoding=\"async\" src=\"https:\/\/now-news.de\/de\/wp-content\/uploads\/sites\/3\/2026\/07\/6a5c8bb648fbef6cf2010b04.jpg\" \/><\/p>\n<div class=\"Text-root Text-type_1 \">\n                Der ungarische Pr\u00e4sident Tam\u00e1s Sulyok hat eine am Montag vom Parlament beschlossene Verfassungs\u00e4nderung unterzeichnet. Dabei macht er den Weg f\u00fcr seine eigene Absetzung aus dem Amt frei. Sulyok kommt damit einem angedrohten Amtsenthebungsverfahren zuvor.\n            <\/div>\n<p><\/p>\n<div class=\"Text-root Text-type_5 ArticleView-text ViewText-root \">\n<p><a><\/a> Der Umbau des ungarischen Staatswesens nach dem Wahlsieg der Tisza-Partei unter ihrem Vorsitzenden P\u00e9ter Magyar im April dieses Jahres schreitet voran. Mit ihrer Zweidrittelmehrheit im Parlament setzt Tisza (Tisztelet \u00e9s Szabads\u00e1g P\u00e1rt, zu deutsch: Respekt- und Freiheitspartei) zahlreiche \u00c4nderungen im politischen System durch und betreibt die Absetzung von W\u00fcrdentr\u00e4gern, die dem fr\u00fcheren ungarischen Ministerpr\u00e4sidenten Viktor Orb\u00e1n nahestehen.<\/p>\n<p>Die am vergangenen Montag verabschiedete 17. Verfassungs\u00e4nderung beinhaltet auch die Absetzung des amtierenden Staatspr\u00e4sidenten Tam\u00e1s Sulyok, der als Orb\u00e1n-Parteig\u00e4nger gilt. Sulyok hatte sich lange geweigert, das Gesetz, das seine Entlassung aus dem Amt des Staatspr\u00e4sidenten vorsieht, zu unterzeichnen. Gestern Abend kam die Meldung, dass sich Sulyok doch zur Unterzeichnung durchgerungen hatte \u2013 am letzten Tag der Frist. Ansonsten h\u00e4tte ihm ein Amtsenthebungsverfahren durch das Parlament gedroht.<\/p>\n<p>Wie Ministerpr\u00e4sident Magyar auf der Plattform <em>X<\/em>\u00a0<a rel=\"nofollow noopener\" target=\"_blank\" href=\"https:\/\/x.com\/magyarpeterMP\/status\/2078594569973686754\">mitteilte<\/a>, endet Sulyoks Amtszeit somit am 20. Juli 2026 um Mitternacht. Regul\u00e4r h\u00e4tte sie bis zum 4. M\u00e4rz 2029 gedauert. Magyar nannte auch die Nachfolgerin von Pr\u00e4sident Sulyok: \u00c1gnes Forsthoffer, die Pr\u00e4sidentin der Nationalversammlung, werde die Aufgaben des Pr\u00e4sidentenamtes vor\u00fcbergehend \u00fcbernehmen, bis das Parlament einen neuen Pr\u00e4sidenten gew\u00e4hlt habe. Dies muss innerhalb von 30 Tagen geschehen.<\/p>\n<p>Zusammen mit anderen Ma\u00dfnahmen wie der Begrenzung der maximalen Mandatszeit von Parlamentariern auf zw\u00f6lf Jahre stelle diese Entscheidung die Begrenzung der Macht in Ungarn wieder her \u2013 was &#8220;das Orb\u00e1n-Regime den ungarischen B\u00fcrgern \u00fcber viele lange Jahre zu entrei\u00dfen&#8221; versucht habe. Magyar forderte die B\u00fcrger Medienberichten zufolge dazu auf, sich mit Vorschl\u00e4gen an der Suche nach einem neuen Pr\u00e4sidenten zu beteiligen.<\/p>\n<p>Der baldige Ex-Pr\u00e4sident und ehemalige Verfassungsrichter Sulyok wiederum <a rel=\"nofollow noopener\" target=\"_blank\" href=\"https:\/\/x.com\/DrTamasSulyok\/status\/2078600032782110929\">ver\u00f6ffentlichte<\/a> noch am selben Abend eine widerspr\u00fcchliche Stellungnahme. Er erkl\u00e4rte in einem rund achtmin\u00fctigen Video in den sozialen Netzwerken, er habe nicht die Befugnis, die Unterzeichnung der vom Parlament abgesegneten Verfassungsnovelle zu verweigern. Eine inhaltliche Kontrolle von Gesetzen stehe ihm nicht zu. Gleichwohl nannte er die Gesetzesnovelle verfassungswidrig und sprach seinem noch nicht gew\u00e4hlten Nachfolger die Legitimit\u00e4t ab.<\/p>\n<p>Seine Absetzung, so Sulyok, sei ein f\u00fcr die letzten 36 Jahre der ungarischen Demokratie beispielloser Vorgang. Er nannte sie in dem Video ein schwerwiegendes und besch\u00e4mendes Beispiel des Missbrauchs politischer Macht. Wenn Politik, die auf roher Gewalt basiere, gesetzliche Grenzen zerst\u00f6re, seien die Folgen f\u00fcr Ungarn unabsehbar. Die Ungarn rief Sulyok in seiner letzten Botschaft als Pr\u00e4sident zum Zusammenhalt und zum Respekt menschlicher Werte auf.<\/p>\n<p>Der von Tisza in Gang gesetzte Staatsumbau in Ungarn ist noch nicht beendet. F\u00fcr den Herbst ist die Ausarbeitung einer neuen Verfassung geplant. Das derzeit g\u00fcltige ungarische Grundgesetz war erst im Januar 2012 in Kraft getreten und hat eine konservative Ausrichtung. So beruft es sich beispielsweise aufs Christentum und definiert die Ehe als Verbindung zwischen Mann und Frau.<\/p>\n<p><strong>Mehr zum Thema<\/strong>\u00a0\u2012 <a rel=\"nofollow noopener\" target=\"_blank\" href=\"https:\/\/de-rtnews.com\/international\/285632-ungarns-premier-droht-mit-amtsenthebungsverfahren\/\">Ungarns Premier droht mit Amtsenthebungsverfahren gegen Pr\u00e4sident Sulyok<\/a><\/p>\n<div class=\"EmbedBlock-root EmbedBlock-externalVideo EmbedBlock-rumble\">\n<div class=\"VkEmbed\"><iframe class=\"lazyload\" data-src=\"https:\/\/rumble.com\/embed\/v77nje2\" frameborder=\"0\" width=\"853\" height=\"480\" allowfullscreen><\/iframe><\/div>\n<\/div>\n<\/div>\n<p><br \/>\n<br \/><a href=\"https:\/\/de.rt.com\/europa\/286264-ungarischer-praesident-stimmt-eigener-absetzung-zu\/\">Source link <\/a><\/p>\n","protected":false},"excerpt":{"rendered":"<p>Der ungarische Pr\u00e4sident Tam\u00e1s Sulyok hat eine am Montag vom Parlament beschlossene Verfassungs\u00e4nderung unterzeichnet. Dabei macht er den Weg f\u00fcr seine eigene Absetzung aus dem Amt frei. Sulyok kommt damit einem angedrohten Amtsenthebungsverfahren zuvor. Der Umbau des ungarischen Staatswesens nach dem Wahlsieg der Tisza-Partei unter ihrem Vorsitzenden P\u00e9ter Magyar im April dieses Jahres schreitet voran. [&hellip;]<\/p>\n","protected":false},"author":3,"featured_media":107100,"comment_status":"open","ping_status":"open","sticky":false,"template":"","format":"standard","meta":{"_yoast_indexnow_last_ping":["1784454910"],"wp_automatic_camp":["217"],"75d6877518469091d2db632e6ea4494c":["Ungarischer Pr\u00e4sident stimmt eigener Absetzung zu"],"original_link":["https:\/\/de.rt.com\/europa\/286264-ungarischer-praesident-stimmt-eigener-absetzung-zu\/"],"_thumbnail_id":["107100"],"jnews_social_counter_last_update":["1788400282"],"_wptgpro_p2tg_sent2tg":["a:1:{i:23737;s:19:\"2026-07-19 11:56:15\";}"]},"categories":[19,23],"tags":[53031,4674,3464,12453,19643],"class_list":["post-107099","post","type-post","status-publish","format-standard","has-post-thumbnail","hentry","category-deutschland","category-russland","tag-absetzung","tag-eigener","tag-praesident","tag-stimmt","tag-ungarischer"],"yoast_head":"<!-- This site is optimized with the Yoast SEO Premium plugin v22.7 (Yoast SEO v28.2) - https:\/\/yoast.com\/product\/yoast-seo-premium-wordpress\/ -->\n<title>Ungarischer Pr\u00e4sident stimmt eigener Absetzung zu - just-now.NEWS Deutschland<\/title>\n<meta name=\"robots\" content=\"index, follow, max-snippet:-1, max-image-preview:large, max-video-preview:-1\" \/>\n<link rel=\"canonical\" href=\"https:\/\/now-news.de\/de\/deutschland\/ungarischer-praesident-stimmt-eigener-absetzung-zu\/\" \/>\n<meta property=\"og:locale\" content=\"de_DE\" \/>\n<meta property=\"og:type\" content=\"article\" \/>\n<meta property=\"og:title\" content=\"Ungarischer Pr\u00e4sident stimmt eigener Absetzung zu\" \/>\n<meta property=\"og:description\" content=\"Der ungarische Pr\u00e4sident Tam\u00e1s Sulyok hat eine am Montag vom Parlament beschlossene Verfassungs\u00e4nderung unterzeichnet. Dabei macht er den Weg f\u00fcr seine eigene Absetzung aus dem Amt frei. Sulyok kommt damit einem angedrohten Amtsenthebungsverfahren zuvor. Der Umbau des ungarischen Staatswesens nach dem Wahlsieg der Tisza-Partei unter ihrem Vorsitzenden P\u00e9ter Magyar im April dieses Jahres schreitet voran. [&hellip;]\" \/>\n<meta property=\"og:url\" content=\"https:\/\/now-news.de\/de\/deutschland\/ungarischer-praesident-stimmt-eigener-absetzung-zu\/\" \/>\n<meta property=\"og:site_name\" content=\"just-now.NEWS Deutschland\" \/>\n<meta property=\"article:publisher\" content=\"https:\/\/www.facebook.com\/wirmachenauf\" \/>\n<meta property=\"article:published_time\" content=\"2026-07-19T09:48:32+00:00\" \/>\n<meta property=\"og:image\" content=\"https:\/\/now-news.de\/de\/wp-content\/uploads\/sites\/3\/2026\/07\/6a5c8bb648fbef6cf2010b04.jpg\" \/>\n<meta name=\"author\" content=\"rtnews\" \/>\n<meta name=\"twitter:card\" content=\"summary_large_image\" \/>\n<meta name=\"twitter:creator\" content=\"@WirMachenAuf_de\" \/>\n<meta name=\"twitter:site\" content=\"@WirMachenAuf_de\" \/>\n<meta name=\"twitter:label1\" content=\"Verfasst von\" \/>\n\t<meta name=\"twitter:data1\" content=\"rtnews\" \/>\n\t<meta name=\"twitter:label2\" content=\"Gesch\u00e4tzte Lesezeit\" \/>\n\t<meta name=\"twitter:data2\" content=\"3\u00a0Minuten\" \/>\n<script type=\"application\/ld+json\" class=\"yoast-schema-graph\">{\"@context\":\"https:\\\/\\\/schema.org\",\"@graph\":[{\"@type\":\"Article\",\"@id\":\"https:\\\/\\\/now-news.de\\\/de\\\/deutschland\\\/ungarischer-praesident-stimmt-eigener-absetzung-zu\\\/#article\",\"isPartOf\":{\"@id\":\"https:\\\/\\\/now-news.de\\\/de\\\/deutschland\\\/ungarischer-praesident-stimmt-eigener-absetzung-zu\\\/\"},\"author\":{\"name\":\"rtnews\",\"@id\":\"https:\\\/\\\/now-news.de\\\/de\\\/#\\\/schema\\\/person\\\/fb534a4e865501d8b3285208df34a9b5\"},\"headline\":\"Ungarischer Pr\u00e4sident stimmt eigener Absetzung zu\",\"datePublished\":\"2026-07-19T09:48:32+00:00\",\"mainEntityOfPage\":{\"@id\":\"https:\\\/\\\/now-news.de\\\/de\\\/deutschland\\\/ungarischer-praesident-stimmt-eigener-absetzung-zu\\\/\"},\"wordCount\":533,\"commentCount\":0,\"publisher\":{\"@id\":\"https:\\\/\\\/now-news.de\\\/de\\\/#organization\"},\"image\":{\"@id\":\"https:\\\/\\\/now-news.de\\\/de\\\/deutschland\\\/ungarischer-praesident-stimmt-eigener-absetzung-zu\\\/#primaryimage\"},\"thumbnailUrl\":\"https:\\\/\\\/now-news.de\\\/de\\\/wp-content\\\/uploads\\\/sites\\\/3\\\/2026\\\/07\\\/Ungarischer-Praesident-stimmt-eigener-Absetzung-zu.jpg\",\"keywords\":[\"Absetzung\",\"eigener\",\"Pr\u00e4sident\",\"stimmt\",\"Ungarischer\"],\"articleSection\":[\"Deutschland\",\"Russland\"],\"inLanguage\":\"de\",\"potentialAction\":[{\"@type\":\"CommentAction\",\"name\":\"Comment\",\"target\":[\"https:\\\/\\\/now-news.de\\\/de\\\/deutschland\\\/ungarischer-praesident-stimmt-eigener-absetzung-zu\\\/#respond\"]}]},{\"@type\":\"WebPage\",\"@id\":\"https:\\\/\\\/now-news.de\\\/de\\\/deutschland\\\/ungarischer-praesident-stimmt-eigener-absetzung-zu\\\/\",\"url\":\"https:\\\/\\\/now-news.de\\\/de\\\/deutschland\\\/ungarischer-praesident-stimmt-eigener-absetzung-zu\\\/\",\"name\":\"Ungarischer Pr\u00e4sident stimmt eigener Absetzung zu - just-now.NEWS Deutschland\",\"isPartOf\":{\"@id\":\"https:\\\/\\\/now-news.de\\\/de\\\/#website\"},\"primaryImageOfPage\":{\"@id\":\"https:\\\/\\\/now-news.de\\\/de\\\/deutschland\\\/ungarischer-praesident-stimmt-eigener-absetzung-zu\\\/#primaryimage\"},\"image\":{\"@id\":\"https:\\\/\\\/now-news.de\\\/de\\\/deutschland\\\/ungarischer-praesident-stimmt-eigener-absetzung-zu\\\/#primaryimage\"},\"thumbnailUrl\":\"https:\\\/\\\/now-news.de\\\/de\\\/wp-content\\\/uploads\\\/sites\\\/3\\\/2026\\\/07\\\/Ungarischer-Praesident-stimmt-eigener-Absetzung-zu.jpg\",\"datePublished\":\"2026-07-19T09:48:32+00:00\",\"breadcrumb\":{\"@id\":\"https:\\\/\\\/now-news.de\\\/de\\\/deutschland\\\/ungarischer-praesident-stimmt-eigener-absetzung-zu\\\/#breadcrumb\"},\"inLanguage\":\"de\",\"potentialAction\":[{\"@type\":\"ReadAction\",\"target\":[\"https:\\\/\\\/now-news.de\\\/de\\\/deutschland\\\/ungarischer-praesident-stimmt-eigener-absetzung-zu\\\/\"]}]},{\"@type\":\"ImageObject\",\"inLanguage\":\"de\",\"@id\":\"https:\\\/\\\/now-news.de\\\/de\\\/deutschland\\\/ungarischer-praesident-stimmt-eigener-absetzung-zu\\\/#primaryimage\",\"url\":\"https:\\\/\\\/now-news.de\\\/de\\\/wp-content\\\/uploads\\\/sites\\\/3\\\/2026\\\/07\\\/Ungarischer-Praesident-stimmt-eigener-Absetzung-zu.jpg\",\"contentUrl\":\"https:\\\/\\\/now-news.de\\\/de\\\/wp-content\\\/uploads\\\/sites\\\/3\\\/2026\\\/07\\\/Ungarischer-Praesident-stimmt-eigener-Absetzung-zu.jpg\",\"width\":460,\"height\":259,\"caption\":\"Ungarischer Pr\u00e4sident stimmt eigener Absetzung zu\"},{\"@type\":\"BreadcrumbList\",\"@id\":\"https:\\\/\\\/now-news.de\\\/de\\\/deutschland\\\/ungarischer-praesident-stimmt-eigener-absetzung-zu\\\/#breadcrumb\",\"itemListElement\":[{\"@type\":\"ListItem\",\"position\":1,\"name\":\"Home\",\"item\":\"https:\\\/\\\/now-news.de\\\/de\\\/\"},{\"@type\":\"ListItem\",\"position\":2,\"name\":\"Ungarischer Pr\u00e4sident stimmt eigener Absetzung zu\"}]},{\"@type\":\"WebSite\",\"@id\":\"https:\\\/\\\/now-news.de\\\/de\\\/#website\",\"url\":\"https:\\\/\\\/now-news.de\\\/de\\\/\",\"name\":\"just-now.NEWS Deutschland\",\"description\":\"Das Portal f\u00fcr unzensierte Nachrichten aus der Welt\",\"publisher\":{\"@id\":\"https:\\\/\\\/now-news.de\\\/de\\\/#organization\"},\"potentialAction\":[{\"@type\":\"SearchAction\",\"target\":{\"@type\":\"EntryPoint\",\"urlTemplate\":\"https:\\\/\\\/now-news.de\\\/de\\\/?s={search_term_string}\"},\"query-input\":{\"@type\":\"PropertyValueSpecification\",\"valueRequired\":true,\"valueName\":\"search_term_string\"}}],\"inLanguage\":\"de\"},{\"@type\":\"Organization\",\"@id\":\"https:\\\/\\\/now-news.de\\\/de\\\/#organization\",\"name\":\"Just Now News\",\"url\":\"https:\\\/\\\/now-news.de\\\/de\\\/\",\"logo\":{\"@type\":\"ImageObject\",\"inLanguage\":\"de\",\"@id\":\"https:\\\/\\\/now-news.de\\\/de\\\/#\\\/schema\\\/logo\\\/image\\\/\",\"url\":\"http:\\\/\\\/just-now.news\\\/de\\\/wp-content\\\/uploads\\\/sites\\\/3\\\/2022\\\/04\\\/logo500x500.jpg\",\"contentUrl\":\"http:\\\/\\\/just-now.news\\\/de\\\/wp-content\\\/uploads\\\/sites\\\/3\\\/2022\\\/04\\\/logo500x500.jpg\",\"width\":500,\"height\":500,\"caption\":\"Just Now News\"},\"image\":{\"@id\":\"https:\\\/\\\/now-news.de\\\/de\\\/#\\\/schema\\\/logo\\\/image\\\/\"},\"sameAs\":[\"https:\\\/\\\/www.facebook.com\\\/wirmachenauf\",\"https:\\\/\\\/x.com\\\/WirMachenAuf_de\"]},{\"@type\":\"Person\",\"@id\":\"https:\\\/\\\/now-news.de\\\/de\\\/#\\\/schema\\\/person\\\/fb534a4e865501d8b3285208df34a9b5\",\"name\":\"rtnews\",\"image\":{\"@type\":\"ImageObject\",\"inLanguage\":\"de\",\"@id\":\"https:\\\/\\\/secure.gravatar.com\\\/avatar\\\/358fe31b3ab5769fea05376e1953329834cd9912cf9daf607e2af3076a1b982b?s=96&d=mm&r=g\",\"url\":\"https:\\\/\\\/secure.gravatar.com\\\/avatar\\\/358fe31b3ab5769fea05376e1953329834cd9912cf9daf607e2af3076a1b982b?s=96&d=mm&r=g\",\"contentUrl\":\"https:\\\/\\\/secure.gravatar.com\\\/avatar\\\/358fe31b3ab5769fea05376e1953329834cd9912cf9daf607e2af3076a1b982b?s=96&d=mm&r=g\",\"caption\":\"rtnews\"},\"url\":\"https:\\\/\\\/now-news.de\\\/de\\\/author\\\/rnews\\\/\"}]}<\/script>\n<!-- \/ Yoast SEO Premium plugin. -->","yoast_head_json":{"title":"Ungarischer Pr\u00e4sident stimmt eigener Absetzung zu - just-now.NEWS Deutschland","robots":{"index":"index","follow":"follow","max-snippet":"max-snippet:-1","max-image-preview":"max-image-preview:large","max-video-preview":"max-video-preview:-1"},"canonical":"https:\/\/now-news.de\/de\/deutschland\/ungarischer-praesident-stimmt-eigener-absetzung-zu\/","og_locale":"de_DE","og_type":"article","og_title":"Ungarischer Pr\u00e4sident stimmt eigener Absetzung zu","og_description":"Der ungarische Pr\u00e4sident Tam\u00e1s Sulyok hat eine am Montag vom Parlament beschlossene Verfassungs\u00e4nderung unterzeichnet. Dabei macht er den Weg f\u00fcr seine eigene Absetzung aus dem Amt frei. Sulyok kommt damit einem angedrohten Amtsenthebungsverfahren zuvor. Der Umbau des ungarischen Staatswesens nach dem Wahlsieg der Tisza-Partei unter ihrem Vorsitzenden P\u00e9ter Magyar im April dieses Jahres schreitet voran. [&hellip;]","og_url":"https:\/\/now-news.de\/de\/deutschland\/ungarischer-praesident-stimmt-eigener-absetzung-zu\/","og_site_name":"just-now.NEWS Deutschland","article_publisher":"https:\/\/www.facebook.com\/wirmachenauf","article_published_time":"2026-07-19T09:48:32+00:00","og_image":[{"url":"https:\/\/now-news.de\/de\/wp-content\/uploads\/sites\/3\/2026\/07\/6a5c8bb648fbef6cf2010b04.jpg","type":"","width":"","height":""}],"author":"rtnews","twitter_card":"summary_large_image","twitter_creator":"@WirMachenAuf_de","twitter_site":"@WirMachenAuf_de","twitter_misc":{"Verfasst von":"rtnews","Gesch\u00e4tzte Lesezeit":"3\u00a0Minuten"},"schema":{"@context":"https:\/\/schema.org","@graph":[{"@type":"Article","@id":"https:\/\/now-news.de\/de\/deutschland\/ungarischer-praesident-stimmt-eigener-absetzung-zu\/#article","isPartOf":{"@id":"https:\/\/now-news.de\/de\/deutschland\/ungarischer-praesident-stimmt-eigener-absetzung-zu\/"},"author":{"name":"rtnews","@id":"https:\/\/now-news.de\/de\/#\/schema\/person\/fb534a4e865501d8b3285208df34a9b5"},"headline":"Ungarischer Pr\u00e4sident stimmt eigener Absetzung zu","datePublished":"2026-07-19T09:48:32+00:00","mainEntityOfPage":{"@id":"https:\/\/now-news.de\/de\/deutschland\/ungarischer-praesident-stimmt-eigener-absetzung-zu\/"},"wordCount":533,"commentCount":0,"publisher":{"@id":"https:\/\/now-news.de\/de\/#organization"},"image":{"@id":"https:\/\/now-news.de\/de\/deutschland\/ungarischer-praesident-stimmt-eigener-absetzung-zu\/#primaryimage"},"thumbnailUrl":"https:\/\/now-news.de\/de\/wp-content\/uploads\/sites\/3\/2026\/07\/Ungarischer-Praesident-stimmt-eigener-Absetzung-zu.jpg","keywords":["Absetzung","eigener","Pr\u00e4sident","stimmt","Ungarischer"],"articleSection":["Deutschland","Russland"],"inLanguage":"de","potentialAction":[{"@type":"CommentAction","name":"Comment","target":["https:\/\/now-news.de\/de\/deutschland\/ungarischer-praesident-stimmt-eigener-absetzung-zu\/#respond"]}]},{"@type":"WebPage","@id":"https:\/\/now-news.de\/de\/deutschland\/ungarischer-praesident-stimmt-eigener-absetzung-zu\/","url":"https:\/\/now-news.de\/de\/deutschland\/ungarischer-praesident-stimmt-eigener-absetzung-zu\/","name":"Ungarischer Pr\u00e4sident stimmt eigener Absetzung zu - just-now.NEWS Deutschland","isPartOf":{"@id":"https:\/\/now-news.de\/de\/#website"},"primaryImageOfPage":{"@id":"https:\/\/now-news.de\/de\/deutschland\/ungarischer-praesident-stimmt-eigener-absetzung-zu\/#primaryimage"},"image":{"@id":"https:\/\/now-news.de\/de\/deutschland\/ungarischer-praesident-stimmt-eigener-absetzung-zu\/#primaryimage"},"thumbnailUrl":"https:\/\/now-news.de\/de\/wp-content\/uploads\/sites\/3\/2026\/07\/Ungarischer-Praesident-stimmt-eigener-Absetzung-zu.jpg","datePublished":"2026-07-19T09:48:32+00:00","breadcrumb":{"@id":"https:\/\/now-news.de\/de\/deutschland\/ungarischer-praesident-stimmt-eigener-absetzung-zu\/#breadcrumb"},"inLanguage":"de","potentialAction":[{"@type":"ReadAction","target":["https:\/\/now-news.de\/de\/deutschland\/ungarischer-praesident-stimmt-eigener-absetzung-zu\/"]}]},{"@type":"ImageObject","inLanguage":"de","@id":"https:\/\/now-news.de\/de\/deutschland\/ungarischer-praesident-stimmt-eigener-absetzung-zu\/#primaryimage","url":"https:\/\/now-news.de\/de\/wp-content\/uploads\/sites\/3\/2026\/07\/Ungarischer-Praesident-stimmt-eigener-Absetzung-zu.jpg","contentUrl":"https:\/\/now-news.de\/de\/wp-content\/uploads\/sites\/3\/2026\/07\/Ungarischer-Praesident-stimmt-eigener-Absetzung-zu.jpg","width":460,"height":259,"caption":"Ungarischer Pr\u00e4sident stimmt eigener Absetzung zu"},{"@type":"BreadcrumbList","@id":"https:\/\/now-news.de\/de\/deutschland\/ungarischer-praesident-stimmt-eigener-absetzung-zu\/#breadcrumb","itemListElement":[{"@type":"ListItem","position":1,"name":"Home","item":"https:\/\/now-news.de\/de\/"},{"@type":"ListItem","position":2,"name":"Ungarischer Pr\u00e4sident stimmt eigener Absetzung zu"}]},{"@type":"WebSite","@id":"https:\/\/now-news.de\/de\/#website","url":"https:\/\/now-news.de\/de\/","name":"just-now.NEWS Deutschland","description":"Das Portal f\u00fcr unzensierte Nachrichten aus der Welt","publisher":{"@id":"https:\/\/now-news.de\/de\/#organization"},"potentialAction":[{"@type":"SearchAction","target":{"@type":"EntryPoint","urlTemplate":"https:\/\/now-news.de\/de\/?s={search_term_string}"},"query-input":{"@type":"PropertyValueSpecification","valueRequired":true,"valueName":"search_term_string"}}],"inLanguage":"de"},{"@type":"Organization","@id":"https:\/\/now-news.de\/de\/#organization","name":"Just Now News","url":"https:\/\/now-news.de\/de\/","logo":{"@type":"ImageObject","inLanguage":"de","@id":"https:\/\/now-news.de\/de\/#\/schema\/logo\/image\/","url":"http:\/\/just-now.news\/de\/wp-content\/uploads\/sites\/3\/2022\/04\/logo500x500.jpg","contentUrl":"http:\/\/just-now.news\/de\/wp-content\/uploads\/sites\/3\/2022\/04\/logo500x500.jpg","width":500,"height":500,"caption":"Just Now News"},"image":{"@id":"https:\/\/now-news.de\/de\/#\/schema\/logo\/image\/"},"sameAs":["https:\/\/www.facebook.com\/wirmachenauf","https:\/\/x.com\/WirMachenAuf_de"]},{"@type":"Person","@id":"https:\/\/now-news.de\/de\/#\/schema\/person\/fb534a4e865501d8b3285208df34a9b5","name":"rtnews","image":{"@type":"ImageObject","inLanguage":"de","@id":"https:\/\/secure.gravatar.com\/avatar\/358fe31b3ab5769fea05376e1953329834cd9912cf9daf607e2af3076a1b982b?s=96&d=mm&r=g","url":"https:\/\/secure.gravatar.com\/avatar\/358fe31b3ab5769fea05376e1953329834cd9912cf9daf607e2af3076a1b982b?s=96&d=mm&r=g","contentUrl":"https:\/\/secure.gravatar.com\/avatar\/358fe31b3ab5769fea05376e1953329834cd9912cf9daf607e2af3076a1b982b?s=96&d=mm&r=g","caption":"rtnews"},"url":"https:\/\/now-news.de\/de\/author\/rnews\/"}]}},"_links":{"self":[{"href":"https:\/\/now-news.de\/de\/wp-json\/wp\/v2\/posts\/107099","targetHints":{"allow":["GET"]}}],"collection":[{"href":"https:\/\/now-news.de\/de\/wp-json\/wp\/v2\/posts"}],"about":[{"href":"https:\/\/now-news.de\/de\/wp-json\/wp\/v2\/types\/post"}],"author":[{"embeddable":true,"href":"https:\/\/now-news.de\/de\/wp-json\/wp\/v2\/users\/3"}],"replies":[{"embeddable":true,"href":"https:\/\/now-news.de\/de\/wp-json\/wp\/v2\/comments?post=107099"}],"version-history":[{"count":0,"href":"https:\/\/now-news.de\/de\/wp-json\/wp\/v2\/posts\/107099\/revisions"}],"wp:featuredmedia":[{"embeddable":true,"href":"https:\/\/now-news.de\/de\/wp-json\/wp\/v2\/media\/107100"}],"wp:attachment":[{"href":"https:\/\/now-news.de\/de\/wp-json\/wp\/v2\/media?parent=107099"}],"wp:term":[{"taxonomy":"category","embeddable":true,"href":"https:\/\/now-news.de\/de\/wp-json\/wp\/v2\/categories?post=107099"},{"taxonomy":"post_tag","embeddable":true,"href":"https:\/\/now-news.de\/de\/wp-json\/wp\/v2\/tags?post=107099"}],"curies":[{"name":"wp","href":"https:\/\/api.w.org\/{rel}","templated":true}]}}