{"id":10706,"date":"2022-06-13T13:33:28","date_gmt":"2022-06-13T11:33:28","guid":{"rendered":"http:\/\/just-now.news\/de\/deutschland\/frankreich-abgestrafter-macron-koennte-absolute-mehrheit-im-parlament-verlieren\/"},"modified":"2022-06-13T13:33:28","modified_gmt":"2022-06-13T11:33:28","slug":"frankreich-abgestrafter-macron-koennte-absolute-mehrheit-im-parlament-verlieren","status":"publish","type":"post","link":"https:\/\/now-news.de\/de\/deutschland\/frankreich-abgestrafter-macron-koennte-absolute-mehrheit-im-parlament-verlieren\/","title":{"rendered":"Frankreich: Abgestrafter Macron k\u00f6nnte absolute Mehrheit im Parlament verlieren"},"content":{"rendered":"<p><img decoding=\"async\" src=\"http:\/\/just-now.news\/de\/wp-content\/uploads\/sites\/3\/2022\/06\/62a70cf5b480cc344b29227e.jpg\" \/><\/p>\n<p>Das Mitte-B\u00fcndnis von Frankreichs k\u00fcrzlich wiedergew\u00e4hltem Staatschef Emmanuel Macron hat in der ersten Runde der Parlamentswahl eine Niederlage haarscharf abgewendet. Mit landesweit nur etwa 20.000 Stimmen Vorsprung landete Macrons Lager laut vorl\u00e4ufigem Endergebnis auf Rang eins vor dem neuen Linksb\u00fcndnis. In der entscheidenden zweiten Wahlrunde wird dennoch mit einem klaren Sieg f\u00fcr das Mitte-Lager gerechnet. Das scheint auf den ersten Blick widerspr\u00fcchlich, liegt aber an dem komplizierten Mehrheitswahlsystem in Frankreich. Dennoch ist das Ergebnis vom Sonntag ein herber Schlag f\u00fcr Macron.<\/p>\n<p>Die meisten Stimmen bekommen haben die Kandidaten von Macrons Mitte-B\u00fcndnis, auch wenn ihnen deutliche Sitzverluste in der Nationalversammlung drohen. Sie kamen landesweit auf 25,75 Prozent. Das aus Linken, Kommunisten, Gr\u00fcnen und Sozialisten geschmiedete B\u00fcndnis des Linkspolitikers Jean-Luc M\u00e9lenchon lag mit 25,66 Prozent ganz knapp dahinter \u2013 was an sich schon eine Schlappe f\u00fcr den Staatschef darstellt. Die rechtsnationale Partei Rassemblement National (RN) von Marine Le Pen erhielt 18,68 Prozent der Stimmen. Die Republikaner, derzeit st\u00e4rkste Oppositionskraft in der Nationalversammlung, fuhren 10,42 Prozent ein.<\/p>\n<p><strong>Macron k\u00f6nnte am Ende trotzdem vorne liegen<\/strong><\/p>\n<p>Von den 577 zu vergebenden Mandaten wurden in der ersten Runde nur zwei direkt entschieden. Um den Rest wird am kommenden Sonntag im zweiten Wahlgang gestritten. Dort stehen sich aus jedem Stimmbezirk mindestens die beiden Erstplatzierten und all diejenigen gegen\u00fcber, die mehr als 12,5 Prozent der Stimmen aller eingeschriebenen W\u00e4hlerinnen und W\u00e4hler erhalten haben. Dem Linksb\u00fcndnis werden in Prognosen 150 bis 210 Sitze vorausgesagt, Macrons B\u00fcndnis 255 bis 310, was f\u00fcr eine absolute Mehrheit reichen k\u00f6nnte. Sicher ist das allerdings nicht.<\/p>\n<p>Erwartbar ist, dass auch einige weitergekommene Kandidaten ihre Kandidatur nun zur\u00fcckziehen werden, um wahlweise einen Sieg eines linken oder rechten Politikers zu verhindern. Macrons Lager d\u00fcrfte als politisch &#8220;mittige Kraft&#8221; st\u00e4rker von einer Stimmenwanderung profitieren k\u00f6nnen als das Linksb\u00fcndnis. Dies ist in den Prognosen bereits einkalkuliert.<\/p>\n<p><strong>Macron braucht absolute Mehrheit f\u00fcr seine &#8220;Reformen&#8221;<\/strong><\/p>\n<p>Prognosen malen den Linken keine Chance aus, eine Mehrheit in der Nationalversammlung zu holen. Sie steuern aber eindeutig darauf zu, st\u00e4rkste Oppositionskraft zu werden und damit an Einfluss zu gewinnen. Sollte Macrons Lager die absolute Mehrheit verlieren, k\u00f6nnte M\u00e9lenchons Allianz es der Regierung schwer machen, geplante Gesetze und Reformen durchzubringen.<\/p>\n<p>Die Partei von Marine Le Pen war bislang mit\u00a08 Sitzen im Parlament vertreten. Nun kann sie auf 10 bis 45 Sitze hoffen. Dass es nicht noch deutlich mehr werden d\u00fcrften, h\u00e4ngt mit dem Mehrheitswahlrecht zusammen. Ab 15 Sitzen w\u00fcrde der Block um Le Pen den Fraktionsstatus erhalten.<\/p>\n<p><strong>Die Rolle der Nationalversammlung<\/strong><\/p>\n<p>Die Nationalversammlung ist das zentrale Machtorgan des franz\u00f6sischen Parlaments. Die Abgeordneten stimmen \u00fcber Gesetze ab. Mit dem Senat gibt es auch noch eine zweite Parlamentskammer, diese ist aber weniger wichtig. Denn sind sich die Kammern nicht einig, kann die Regierung der Nationalversammlung das letzte Wort \u00fcberlassen.<\/p>\n<p><strong>Mehr zum Thema<\/strong> \u2013 <a rel=\"nofollow noopener\" target=\"_blank\" href=\"https:\/\/deutsch.rt.com\/meinung\/140469-frankreich-und-eu-haben-es\/\">Frankreich und die EU haben es in Afrika vermasselt \u2013 Jetzt soll wieder einmal Russland schuld sein<\/a><\/p>\n<p><br \/>\n<br \/><a href=\"https:\/\/de.rt.com\/europa\/140905-frankreich-nach-parlamentswahlen-abgestrafter-macron-koennte-absolute-mehrheit-verlieren\/\">Source link <\/a><\/p>\n","protected":false},"excerpt":{"rendered":"<p>Das Mitte-B\u00fcndnis von Frankreichs k\u00fcrzlich wiedergew\u00e4hltem Staatschef Emmanuel Macron hat in der ersten Runde der Parlamentswahl eine Niederlage haarscharf abgewendet. Mit landesweit nur etwa 20.000 Stimmen Vorsprung landete Macrons Lager laut vorl\u00e4ufigem Endergebnis auf Rang eins vor dem neuen Linksb\u00fcndnis. In der entscheidenden zweiten Wahlrunde wird dennoch mit einem klaren Sieg f\u00fcr das Mitte-Lager gerechnet. [&hellip;]<\/p>\n","protected":false},"author":3,"featured_media":10707,"comment_status":"open","ping_status":"open","sticky":false,"template":"","format":"standard","meta":{"wp_automatic_camp":["217"],"38c0b320d9b6943a6a86f4db15d43744":["Frankreich: Abgestrafter Macron k\u00f6nnte absolute Mehrheit im Parlament verlieren"],"original_link":["https:\/\/de.rt.com\/europa\/140905-frankreich-nach-parlamentswahlen-abgestrafter-macron-koennte-absolute-mehrheit-verlieren\/"],"_thumbnail_id":["10707"],"_wptg_p2tg_sent2tg":["2022-06-13 13:39:59"],"jnews_social_counter_last_update":["1777240587"]},"categories":[19,23],"tags":[24265,24266,3320,970,1711,2033,3832,7524],"yoast_head":"<!-- This site is optimized with the Yoast SEO Premium plugin v22.7 (Yoast SEO v22.7) - https:\/\/yoast.com\/wordpress\/plugins\/seo\/ -->\n<title>Frankreich: Abgestrafter Macron k\u00f6nnte absolute Mehrheit im Parlament verlieren - just-now.NEWS Deutschland<\/title>\n<meta name=\"robots\" content=\"index, follow, max-snippet:-1, max-image-preview:large, max-video-preview:-1\" \/>\n<link rel=\"canonical\" href=\"https:\/\/now-news.de\/de\/deutschland\/frankreich-abgestrafter-macron-koennte-absolute-mehrheit-im-parlament-verlieren\/\" \/>\n<meta property=\"og:locale\" content=\"de_DE\" \/>\n<meta property=\"og:type\" content=\"article\" \/>\n<meta property=\"og:title\" content=\"Frankreich: Abgestrafter Macron k\u00f6nnte absolute Mehrheit im Parlament verlieren\" \/>\n<meta property=\"og:description\" content=\"Das Mitte-B\u00fcndnis von Frankreichs k\u00fcrzlich wiedergew\u00e4hltem Staatschef Emmanuel Macron hat in der ersten Runde der Parlamentswahl eine Niederlage haarscharf abgewendet. Mit landesweit nur etwa 20.000 Stimmen Vorsprung landete Macrons Lager laut vorl\u00e4ufigem Endergebnis auf Rang eins vor dem neuen Linksb\u00fcndnis. In der entscheidenden zweiten Wahlrunde wird dennoch mit einem klaren Sieg f\u00fcr das Mitte-Lager gerechnet. [&hellip;]\" \/>\n<meta property=\"og:url\" content=\"https:\/\/now-news.de\/de\/deutschland\/frankreich-abgestrafter-macron-koennte-absolute-mehrheit-im-parlament-verlieren\/\" \/>\n<meta property=\"og:site_name\" content=\"just-now.NEWS Deutschland\" \/>\n<meta property=\"article:publisher\" content=\"https:\/\/www.facebook.com\/wirmachenauf\" \/>\n<meta property=\"article:published_time\" content=\"2022-06-13T11:33:28+00:00\" \/>\n<meta property=\"og:image\" content=\"https:\/\/now-news.de\/de\/wp-content\/uploads\/sites\/3\/2022\/06\/Frankreich-Abgestrafter-Macron-koennte-absolute-Mehrheit-im-Parlament-verlieren.jpg\" \/>\n\t<meta property=\"og:image:width\" content=\"460\" \/>\n\t<meta property=\"og:image:height\" content=\"259\" \/>\n\t<meta property=\"og:image:type\" content=\"image\/jpeg\" \/>\n<meta name=\"author\" content=\"rtnews\" \/>\n<meta name=\"twitter:card\" content=\"summary_large_image\" \/>\n<meta name=\"twitter:creator\" content=\"@WirMachenAuf_de\" \/>\n<meta name=\"twitter:site\" content=\"@WirMachenAuf_de\" \/>\n<meta name=\"twitter:label1\" content=\"Verfasst von\" \/>\n\t<meta name=\"twitter:data1\" content=\"rtnews\" \/>\n\t<meta name=\"twitter:label2\" content=\"Gesch\u00e4tzte Lesezeit\" \/>\n\t<meta name=\"twitter:data2\" content=\"2\u00a0Minuten\" \/>\n<script type=\"application\/ld+json\" class=\"yoast-schema-graph\">{\"@context\":\"https:\/\/schema.org\",\"@graph\":[{\"@type\":\"Article\",\"@id\":\"https:\/\/now-news.de\/de\/deutschland\/frankreich-abgestrafter-macron-koennte-absolute-mehrheit-im-parlament-verlieren\/#article\",\"isPartOf\":{\"@id\":\"https:\/\/now-news.de\/de\/deutschland\/frankreich-abgestrafter-macron-koennte-absolute-mehrheit-im-parlament-verlieren\/\"},\"author\":{\"name\":\"rtnews\",\"@id\":\"https:\/\/now-news.de\/de\/#\/schema\/person\/fb534a4e865501d8b3285208df34a9b5\"},\"headline\":\"Frankreich: Abgestrafter Macron k\u00f6nnte absolute Mehrheit im Parlament verlieren\",\"datePublished\":\"2022-06-13T11:33:28+00:00\",\"dateModified\":\"2022-06-13T11:33:28+00:00\",\"mainEntityOfPage\":{\"@id\":\"https:\/\/now-news.de\/de\/deutschland\/frankreich-abgestrafter-macron-koennte-absolute-mehrheit-im-parlament-verlieren\/\"},\"wordCount\":504,\"commentCount\":0,\"publisher\":{\"@id\":\"https:\/\/now-news.de\/de\/#organization\"},\"image\":{\"@id\":\"https:\/\/now-news.de\/de\/deutschland\/frankreich-abgestrafter-macron-koennte-absolute-mehrheit-im-parlament-verlieren\/#primaryimage\"},\"thumbnailUrl\":\"https:\/\/now-news.de\/de\/wp-content\/uploads\/sites\/3\/2022\/06\/Frankreich-Abgestrafter-Macron-koennte-absolute-Mehrheit-im-Parlament-verlieren.jpg\",\"keywords\":[\"Abgestrafter\",\"absolute\",\"Frankreich\",\"K\u00f6nnte\",\"macron\",\"Mehrheit\",\"Parlament\",\"VERLIEREN\"],\"articleSection\":[\"Deutschland\",\"Russland\"],\"inLanguage\":\"de\",\"potentialAction\":[{\"@type\":\"CommentAction\",\"name\":\"Comment\",\"target\":[\"https:\/\/now-news.de\/de\/deutschland\/frankreich-abgestrafter-macron-koennte-absolute-mehrheit-im-parlament-verlieren\/#respond\"]}]},{\"@type\":\"WebPage\",\"@id\":\"https:\/\/now-news.de\/de\/deutschland\/frankreich-abgestrafter-macron-koennte-absolute-mehrheit-im-parlament-verlieren\/\",\"url\":\"https:\/\/now-news.de\/de\/deutschland\/frankreich-abgestrafter-macron-koennte-absolute-mehrheit-im-parlament-verlieren\/\",\"name\":\"Frankreich: Abgestrafter Macron k\u00f6nnte absolute Mehrheit im Parlament verlieren - just-now.NEWS Deutschland\",\"isPartOf\":{\"@id\":\"https:\/\/now-news.de\/de\/#website\"},\"primaryImageOfPage\":{\"@id\":\"https:\/\/now-news.de\/de\/deutschland\/frankreich-abgestrafter-macron-koennte-absolute-mehrheit-im-parlament-verlieren\/#primaryimage\"},\"image\":{\"@id\":\"https:\/\/now-news.de\/de\/deutschland\/frankreich-abgestrafter-macron-koennte-absolute-mehrheit-im-parlament-verlieren\/#primaryimage\"},\"thumbnailUrl\":\"https:\/\/now-news.de\/de\/wp-content\/uploads\/sites\/3\/2022\/06\/Frankreich-Abgestrafter-Macron-koennte-absolute-Mehrheit-im-Parlament-verlieren.jpg\",\"datePublished\":\"2022-06-13T11:33:28+00:00\",\"dateModified\":\"2022-06-13T11:33:28+00:00\",\"breadcrumb\":{\"@id\":\"https:\/\/now-news.de\/de\/deutschland\/frankreich-abgestrafter-macron-koennte-absolute-mehrheit-im-parlament-verlieren\/#breadcrumb\"},\"inLanguage\":\"de\",\"potentialAction\":[{\"@type\":\"ReadAction\",\"target\":[\"https:\/\/now-news.de\/de\/deutschland\/frankreich-abgestrafter-macron-koennte-absolute-mehrheit-im-parlament-verlieren\/\"]}]},{\"@type\":\"ImageObject\",\"inLanguage\":\"de\",\"@id\":\"https:\/\/now-news.de\/de\/deutschland\/frankreich-abgestrafter-macron-koennte-absolute-mehrheit-im-parlament-verlieren\/#primaryimage\",\"url\":\"https:\/\/now-news.de\/de\/wp-content\/uploads\/sites\/3\/2022\/06\/Frankreich-Abgestrafter-Macron-koennte-absolute-Mehrheit-im-Parlament-verlieren.jpg\",\"contentUrl\":\"https:\/\/now-news.de\/de\/wp-content\/uploads\/sites\/3\/2022\/06\/Frankreich-Abgestrafter-Macron-koennte-absolute-Mehrheit-im-Parlament-verlieren.jpg\",\"width\":460,\"height\":259,\"caption\":\"Frankreich: Abgestrafter Macron k\u00f6nnte absolute Mehrheit im Parlament verlieren\"},{\"@type\":\"BreadcrumbList\",\"@id\":\"https:\/\/now-news.de\/de\/deutschland\/frankreich-abgestrafter-macron-koennte-absolute-mehrheit-im-parlament-verlieren\/#breadcrumb\",\"itemListElement\":[{\"@type\":\"ListItem\",\"position\":1,\"name\":\"Home\",\"item\":\"https:\/\/now-news.de\/de\/\"},{\"@type\":\"ListItem\",\"position\":2,\"name\":\"Frankreich: Abgestrafter Macron k\u00f6nnte absolute Mehrheit im Parlament verlieren\"}]},{\"@type\":\"WebSite\",\"@id\":\"https:\/\/now-news.de\/de\/#website\",\"url\":\"https:\/\/now-news.de\/de\/\",\"name\":\"just-now.NEWS Deutschland\",\"description\":\"Das Portal f\u00fcr unzensierte Nachrichten aus der Welt\",\"publisher\":{\"@id\":\"https:\/\/now-news.de\/de\/#organization\"},\"potentialAction\":[{\"@type\":\"SearchAction\",\"target\":{\"@type\":\"EntryPoint\",\"urlTemplate\":\"https:\/\/now-news.de\/de\/?s={search_term_string}\"},\"query-input\":\"required name=search_term_string\"}],\"inLanguage\":\"de\"},{\"@type\":\"Organization\",\"@id\":\"https:\/\/now-news.de\/de\/#organization\",\"name\":\"Just Now News\",\"url\":\"https:\/\/now-news.de\/de\/\",\"logo\":{\"@type\":\"ImageObject\",\"inLanguage\":\"de\",\"@id\":\"https:\/\/now-news.de\/de\/#\/schema\/logo\/image\/\",\"url\":\"http:\/\/just-now.news\/de\/wp-content\/uploads\/sites\/3\/2022\/04\/logo500x500.jpg\",\"contentUrl\":\"http:\/\/just-now.news\/de\/wp-content\/uploads\/sites\/3\/2022\/04\/logo500x500.jpg\",\"width\":500,\"height\":500,\"caption\":\"Just Now News\"},\"image\":{\"@id\":\"https:\/\/now-news.de\/de\/#\/schema\/logo\/image\/\"},\"sameAs\":[\"https:\/\/www.facebook.com\/wirmachenauf\",\"https:\/\/x.com\/WirMachenAuf_de\"]},{\"@type\":\"Person\",\"@id\":\"https:\/\/now-news.de\/de\/#\/schema\/person\/fb534a4e865501d8b3285208df34a9b5\",\"name\":\"rtnews\",\"image\":{\"@type\":\"ImageObject\",\"inLanguage\":\"de\",\"@id\":\"https:\/\/now-news.de\/de\/#\/schema\/person\/image\/\",\"url\":\"https:\/\/secure.gravatar.com\/avatar\/82aafea7d8127119dd649515f56e2117?s=96&d=mm&r=g\",\"contentUrl\":\"https:\/\/secure.gravatar.com\/avatar\/82aafea7d8127119dd649515f56e2117?s=96&d=mm&r=g\",\"caption\":\"rtnews\"},\"url\":\"https:\/\/now-news.de\/de\/author\/rnews\/\"}]}<\/script>\n<!-- \/ Yoast SEO Premium plugin. -->","yoast_head_json":{"title":"Frankreich: Abgestrafter Macron k\u00f6nnte absolute Mehrheit im Parlament verlieren - just-now.NEWS Deutschland","robots":{"index":"index","follow":"follow","max-snippet":"max-snippet:-1","max-image-preview":"max-image-preview:large","max-video-preview":"max-video-preview:-1"},"canonical":"https:\/\/now-news.de\/de\/deutschland\/frankreich-abgestrafter-macron-koennte-absolute-mehrheit-im-parlament-verlieren\/","og_locale":"de_DE","og_type":"article","og_title":"Frankreich: Abgestrafter Macron k\u00f6nnte absolute Mehrheit im Parlament verlieren","og_description":"Das Mitte-B\u00fcndnis von Frankreichs k\u00fcrzlich wiedergew\u00e4hltem Staatschef Emmanuel Macron hat in der ersten Runde der Parlamentswahl eine Niederlage haarscharf abgewendet. Mit landesweit nur etwa 20.000 Stimmen Vorsprung landete Macrons Lager laut vorl\u00e4ufigem Endergebnis auf Rang eins vor dem neuen Linksb\u00fcndnis. In der entscheidenden zweiten Wahlrunde wird dennoch mit einem klaren Sieg f\u00fcr das Mitte-Lager gerechnet. [&hellip;]","og_url":"https:\/\/now-news.de\/de\/deutschland\/frankreich-abgestrafter-macron-koennte-absolute-mehrheit-im-parlament-verlieren\/","og_site_name":"just-now.NEWS Deutschland","article_publisher":"https:\/\/www.facebook.com\/wirmachenauf","article_published_time":"2022-06-13T11:33:28+00:00","og_image":[{"width":460,"height":259,"url":"https:\/\/now-news.de\/de\/wp-content\/uploads\/sites\/3\/2022\/06\/Frankreich-Abgestrafter-Macron-koennte-absolute-Mehrheit-im-Parlament-verlieren.jpg","type":"image\/jpeg"}],"author":"rtnews","twitter_card":"summary_large_image","twitter_creator":"@WirMachenAuf_de","twitter_site":"@WirMachenAuf_de","twitter_misc":{"Verfasst von":"rtnews","Gesch\u00e4tzte Lesezeit":"2\u00a0Minuten"},"schema":{"@context":"https:\/\/schema.org","@graph":[{"@type":"Article","@id":"https:\/\/now-news.de\/de\/deutschland\/frankreich-abgestrafter-macron-koennte-absolute-mehrheit-im-parlament-verlieren\/#article","isPartOf":{"@id":"https:\/\/now-news.de\/de\/deutschland\/frankreich-abgestrafter-macron-koennte-absolute-mehrheit-im-parlament-verlieren\/"},"author":{"name":"rtnews","@id":"https:\/\/now-news.de\/de\/#\/schema\/person\/fb534a4e865501d8b3285208df34a9b5"},"headline":"Frankreich: Abgestrafter Macron k\u00f6nnte absolute Mehrheit im Parlament verlieren","datePublished":"2022-06-13T11:33:28+00:00","dateModified":"2022-06-13T11:33:28+00:00","mainEntityOfPage":{"@id":"https:\/\/now-news.de\/de\/deutschland\/frankreich-abgestrafter-macron-koennte-absolute-mehrheit-im-parlament-verlieren\/"},"wordCount":504,"commentCount":0,"publisher":{"@id":"https:\/\/now-news.de\/de\/#organization"},"image":{"@id":"https:\/\/now-news.de\/de\/deutschland\/frankreich-abgestrafter-macron-koennte-absolute-mehrheit-im-parlament-verlieren\/#primaryimage"},"thumbnailUrl":"https:\/\/now-news.de\/de\/wp-content\/uploads\/sites\/3\/2022\/06\/Frankreich-Abgestrafter-Macron-koennte-absolute-Mehrheit-im-Parlament-verlieren.jpg","keywords":["Abgestrafter","absolute","Frankreich","K\u00f6nnte","macron","Mehrheit","Parlament","VERLIEREN"],"articleSection":["Deutschland","Russland"],"inLanguage":"de","potentialAction":[{"@type":"CommentAction","name":"Comment","target":["https:\/\/now-news.de\/de\/deutschland\/frankreich-abgestrafter-macron-koennte-absolute-mehrheit-im-parlament-verlieren\/#respond"]}]},{"@type":"WebPage","@id":"https:\/\/now-news.de\/de\/deutschland\/frankreich-abgestrafter-macron-koennte-absolute-mehrheit-im-parlament-verlieren\/","url":"https:\/\/now-news.de\/de\/deutschland\/frankreich-abgestrafter-macron-koennte-absolute-mehrheit-im-parlament-verlieren\/","name":"Frankreich: Abgestrafter Macron k\u00f6nnte absolute Mehrheit im Parlament verlieren - just-now.NEWS Deutschland","isPartOf":{"@id":"https:\/\/now-news.de\/de\/#website"},"primaryImageOfPage":{"@id":"https:\/\/now-news.de\/de\/deutschland\/frankreich-abgestrafter-macron-koennte-absolute-mehrheit-im-parlament-verlieren\/#primaryimage"},"image":{"@id":"https:\/\/now-news.de\/de\/deutschland\/frankreich-abgestrafter-macron-koennte-absolute-mehrheit-im-parlament-verlieren\/#primaryimage"},"thumbnailUrl":"https:\/\/now-news.de\/de\/wp-content\/uploads\/sites\/3\/2022\/06\/Frankreich-Abgestrafter-Macron-koennte-absolute-Mehrheit-im-Parlament-verlieren.jpg","datePublished":"2022-06-13T11:33:28+00:00","dateModified":"2022-06-13T11:33:28+00:00","breadcrumb":{"@id":"https:\/\/now-news.de\/de\/deutschland\/frankreich-abgestrafter-macron-koennte-absolute-mehrheit-im-parlament-verlieren\/#breadcrumb"},"inLanguage":"de","potentialAction":[{"@type":"ReadAction","target":["https:\/\/now-news.de\/de\/deutschland\/frankreich-abgestrafter-macron-koennte-absolute-mehrheit-im-parlament-verlieren\/"]}]},{"@type":"ImageObject","inLanguage":"de","@id":"https:\/\/now-news.de\/de\/deutschland\/frankreich-abgestrafter-macron-koennte-absolute-mehrheit-im-parlament-verlieren\/#primaryimage","url":"https:\/\/now-news.de\/de\/wp-content\/uploads\/sites\/3\/2022\/06\/Frankreich-Abgestrafter-Macron-koennte-absolute-Mehrheit-im-Parlament-verlieren.jpg","contentUrl":"https:\/\/now-news.de\/de\/wp-content\/uploads\/sites\/3\/2022\/06\/Frankreich-Abgestrafter-Macron-koennte-absolute-Mehrheit-im-Parlament-verlieren.jpg","width":460,"height":259,"caption":"Frankreich: Abgestrafter Macron k\u00f6nnte absolute Mehrheit im Parlament verlieren"},{"@type":"BreadcrumbList","@id":"https:\/\/now-news.de\/de\/deutschland\/frankreich-abgestrafter-macron-koennte-absolute-mehrheit-im-parlament-verlieren\/#breadcrumb","itemListElement":[{"@type":"ListItem","position":1,"name":"Home","item":"https:\/\/now-news.de\/de\/"},{"@type":"ListItem","position":2,"name":"Frankreich: Abgestrafter Macron k\u00f6nnte absolute Mehrheit im Parlament verlieren"}]},{"@type":"WebSite","@id":"https:\/\/now-news.de\/de\/#website","url":"https:\/\/now-news.de\/de\/","name":"just-now.NEWS Deutschland","description":"Das Portal f\u00fcr unzensierte Nachrichten aus der Welt","publisher":{"@id":"https:\/\/now-news.de\/de\/#organization"},"potentialAction":[{"@type":"SearchAction","target":{"@type":"EntryPoint","urlTemplate":"https:\/\/now-news.de\/de\/?s={search_term_string}"},"query-input":"required name=search_term_string"}],"inLanguage":"de"},{"@type":"Organization","@id":"https:\/\/now-news.de\/de\/#organization","name":"Just Now News","url":"https:\/\/now-news.de\/de\/","logo":{"@type":"ImageObject","inLanguage":"de","@id":"https:\/\/now-news.de\/de\/#\/schema\/logo\/image\/","url":"http:\/\/just-now.news\/de\/wp-content\/uploads\/sites\/3\/2022\/04\/logo500x500.jpg","contentUrl":"http:\/\/just-now.news\/de\/wp-content\/uploads\/sites\/3\/2022\/04\/logo500x500.jpg","width":500,"height":500,"caption":"Just Now News"},"image":{"@id":"https:\/\/now-news.de\/de\/#\/schema\/logo\/image\/"},"sameAs":["https:\/\/www.facebook.com\/wirmachenauf","https:\/\/x.com\/WirMachenAuf_de"]},{"@type":"Person","@id":"https:\/\/now-news.de\/de\/#\/schema\/person\/fb534a4e865501d8b3285208df34a9b5","name":"rtnews","image":{"@type":"ImageObject","inLanguage":"de","@id":"https:\/\/now-news.de\/de\/#\/schema\/person\/image\/","url":"https:\/\/secure.gravatar.com\/avatar\/82aafea7d8127119dd649515f56e2117?s=96&d=mm&r=g","contentUrl":"https:\/\/secure.gravatar.com\/avatar\/82aafea7d8127119dd649515f56e2117?s=96&d=mm&r=g","caption":"rtnews"},"url":"https:\/\/now-news.de\/de\/author\/rnews\/"}]}},"_links":{"self":[{"href":"https:\/\/now-news.de\/de\/wp-json\/wp\/v2\/posts\/10706"}],"collection":[{"href":"https:\/\/now-news.de\/de\/wp-json\/wp\/v2\/posts"}],"about":[{"href":"https:\/\/now-news.de\/de\/wp-json\/wp\/v2\/types\/post"}],"author":[{"embeddable":true,"href":"https:\/\/now-news.de\/de\/wp-json\/wp\/v2\/users\/3"}],"replies":[{"embeddable":true,"href":"https:\/\/now-news.de\/de\/wp-json\/wp\/v2\/comments?post=10706"}],"version-history":[{"count":0,"href":"https:\/\/now-news.de\/de\/wp-json\/wp\/v2\/posts\/10706\/revisions"}],"wp:featuredmedia":[{"embeddable":true,"href":"https:\/\/now-news.de\/de\/wp-json\/wp\/v2\/media\/10707"}],"wp:attachment":[{"href":"https:\/\/now-news.de\/de\/wp-json\/wp\/v2\/media?parent=10706"}],"wp:term":[{"taxonomy":"category","embeddable":true,"href":"https:\/\/now-news.de\/de\/wp-json\/wp\/v2\/categories?post=10706"},{"taxonomy":"post_tag","embeddable":true,"href":"https:\/\/now-news.de\/de\/wp-json\/wp\/v2\/tags?post=10706"}],"curies":[{"name":"wp","href":"https:\/\/api.w.org\/{rel}","templated":true}]}}