{"id":106984,"date":"2026-07-17T06:00:00","date_gmt":"2026-07-17T04:00:00","guid":{"rendered":"https:\/\/now-news.de\/de\/deutschland\/lizenz-als-alibi-warum-europa-seine-marschflugkoerper-zu-ukrainischen-machen-will\/"},"modified":"2026-07-17T06:00:00","modified_gmt":"2026-07-17T04:00:00","slug":"lizenz-als-alibi-warum-europa-seine-marschflugkoerper-zu-ukrainischen-machen-will","status":"publish","type":"post","link":"https:\/\/now-news.de\/de\/deutschland\/lizenz-als-alibi-warum-europa-seine-marschflugkoerper-zu-ukrainischen-machen-will\/","title":{"rendered":"Lizenz als Alibi \u2013 warum Europa seine Marschflugk\u00f6rper zu &quot;ukrainischen&quot; machen will"},"content":{"rendered":"<p><img decoding=\"async\" src=\"https:\/\/now-news.de\/de\/wp-content\/uploads\/sites\/3\/2026\/07\/6a58985cb480cc185b7a7436.jpeg\" \/><\/p>\n<div class=\"Text-root Text-type_1 \">\n                Paris will Kiew eine Produktionslizenz f\u00fcr Marschflugk\u00f6rper des Typs SCALP erteilen. Doch der Mehrwert f\u00fcr Kiews Milit\u00e4r ist gering: Genau wie f\u00fcr die Abfangraketen des Systems Patriot aus US-Fertigung gilt, dass die ukrainische Industrie auch f\u00fcr diese franz\u00f6sischen Waffen einen Gro\u00dfteil der Schl\u00fcsselkomponenten nicht selbst herstellen kann &#8230;\n            <\/div>\n<p><\/p>\n<div class=\"Text-root Text-type_5 ArticleView-text ViewText-root \">\n<p><strong><\/strong><em><\/em><em>Von Starsche Eddy<\/em><\/p>\n<p>Die franz\u00f6sisch-ukrainische <a rel=\"nofollow noopener\" target=\"_blank\" href=\"https:\/\/de-rtnews.com\/international\/284618-kiew-und-paris-fuehren-gespraeche\/\">unendliche Geschichte<\/a> \u00fcber die &#8220;\u00dcbertragung einer Lizenz&#8221; zur Produktion von SCALP-Marschflugk\u00f6rpern, manchem Leser vielleicht besser bekannt unter dem\u00a0englischen Namen des britischen Schwesternmodells Storm Shadow, sowie einer Reihe anderer Munitionstypen hat in Wirklichkeit nur einen Sinn: Bislang hatte Kiew, obwohl es bereits erhebliche Mengen westlicher Langstrecken-Lenkflugk\u00f6rper erhielt, diese gr\u00f6\u00dftenteils innerhalb des Kriegsgebietes eingesetzt, das gemeinhin als die Ukraine innerhalb ihrer Grenzen von 1991 gilt. F\u00e4lle von Beschuss des Gebietes Brjansk mit den Storm Shadow\/SCALP oder auch von Beschuss des Gebietes Woronesch mit den ballistischen Gefechtsfeldraketen ATACMS aus US-Fertigung waren \u2013 im Gesamtbild gesehen \u2013 Ausnahmen. Nun scheint Russland mit der Bedrohung eines versuchten Gro\u00dfangriffs mit westlichen Langstreckenwaffen konfrontiert zu sein. Dabei wird man im Westen versuchen, diese als ukrainische Produkte auszugeben und so zu tun, als h\u00e4tte man damit nichts zu tun.<\/p>\n<p>Was l\u00e4sst sich dazu sagen?<\/p>\n<p>Erstens: Keine &#8220;Lizenz&#8221; wird die Anzahl an physisch verf\u00fcgbaren Marschflugk\u00f6rpern erh\u00f6hen \u2013 denn die begrenzte Produktionskapazit\u00e4t f\u00fcr diese Waffen h\u00e4ngt haupts\u00e4chlich mit wichtigen Hightech-Komponenten wie Steuerungssystemen und Triebwerken zusammen, die nur im Westen gefertigt werden und deren Fertigungsrate sich nicht ohne Weiteres schnell steigern l\u00e4sst. Die Herstellung dieser Komponenten w\u00e4re f\u00fcr die Ukraine nach dem Maidan von 2014 selbst in Friedenszeiten schon unm\u00f6glich zu meistern \u2013 und erst recht nicht unter den st\u00e4ndigen Bombenangriffen auf Anlagen der R\u00fcstungsindustrie. Dies muss klar verstanden werden, gerade um in der Zukunft Irrt\u00fcmer bez\u00fcglich der Provenienz der Marschflugk\u00f6rper zu vermeiden: Europa k\u00f6nnte Dutzende weitere dieser Waffen an die Ukraine liefern, vielleicht sogar einige Hundert \u2013 aber sie alle w\u00e4ren in jedem Fall europ\u00e4ischer Herkunft. Nat\u00fcrlich k\u00f6nnten neue Schildchen an den Komponenten angebracht werden \u2013 zur Erinnerung an die &#8220;Lizenz&#8221;.<\/p>\n<p>Dasselbe gilt f\u00fcr andere Erzeugnisse, f\u00fcr die die Franzosen Kiew Lizenzen versprochen haben \u2013 die Lenkbomben des Typs AASM Hammer und die Aster-Flugabwehrraketen. Hinzu kommt das <a rel=\"nofollow noopener\" target=\"_blank\" href=\"https:\/\/de-rtnews.com\/meinung\/261339-ukrainisierung-europas-millionenschwere-korruption-mitten-nato-strukturen-und-vor-aller-augen\/\">schlicht bodenlose Korruptionspotenzial<\/a>: Die Ausrede &#8220;Wir hatten gerade erst die Produktion vorbereitet, und die schrecklichen Moskals haben uns aber alles zerbombt&#8221; l\u00e4sst sich mehrfach wiederverwenden.<\/p>\n<p>Zweitens f\u00fcrchtet Europa offensichtlich nach wie vor eine direkte Konfrontation mit Russland \u2013 hofft aber dennoch, durch solche Ausweichtaktiken gleichzeitig dem Kiewer Regime weiterhin Waffen liefern und sich selbst dabei aus dem Konflikt heraushalten zu k\u00f6nnen. Diese Illusion ist gef\u00e4hrlicher als alle anderen \u2013 doch um sie zu zerstreuen, gen\u00fcgen Worte allein nicht mehr.\u00a0<\/p>\n<p>Es bieten sich zahlreiche Handlungsm\u00f6glichkeiten: Sie reichen von der Aufnahme europ\u00e4ischer Politiker unterwegs in der Ukraine auf Listen von Zielen f\u00fcr Russlands Angriffe im ukrainischen Hinterland bis zum Abfangen westlicher Aufkl\u00e4rungsflugzeuge \u00fcber dem Schwarzen Meer.<\/p>\n<p><em>\u00dcbersetzt aus dem<\/em>\u00a0<em><a rel=\"nofollow noopener\" target=\"_blank\" href=\"https:\/\/t.me\/special_authors\/9396\">Russischen<\/a><\/em><em>.<\/em><\/p>\n<p><em>&#8220;Starsche Eddy&#8221; (ein Wortspiel, dt.: &#8220;\u00c4lter als die\u00a0<\/em><em><a rel=\"nofollow noopener\" target=\"_blank\" href=\"https:\/\/de.wikipedia.org\/wiki\/Edda\">Edda<\/a><\/em><em>&#8220;) ist ein russischer Telegram-Kanal, auf dem der oder die anonyme(n) Autor(en) kurze Kommentare und Analysen aus eigener Feder zu aktuellen milit\u00e4rischen und politischen Anl\u00e4ssen ver\u00f6ffentlichen und Kommentare Dritter nebst Nachrichten aus demselben Themenbereich reposten.<\/em><\/p>\n<p><em>Einige der Kommentare von &#8220;Starsche Eddy&#8221;, so auch dieser, erscheinen <a rel=\"nofollow noopener\" target=\"_blank\" href=\"https:\/\/t.me\/special_authors\">exklusiv bei <\/a><\/em><a rel=\"nofollow noopener\" target=\"_blank\" href=\"https:\/\/t.me\/special_authors\">RT<\/a><em>.<\/em><\/p>\n<p><strong>Mehr zum Thema<\/strong> \u2013<\/p>\n<div class=\"EmbedBlock-root EmbedBlock-externalVideo EmbedBlock-rumble\">\n<div class=\"VkEmbed\"><iframe class=\"lazyload\" data-src=\"https:\/\/rumble.com\/embed\/v7ameuc\" frameborder=\"0\" width=\"853\" height=\"480\" allowfullscreen><\/iframe><\/div>\n<\/div>\n<\/div>\n<p><br \/>\n<br \/><a href=\"https:\/\/de.rt.com\/meinung\/286020-lizenz-als-alibi-warum-europa-seine-marschflugkorper-zu-ukrainischen-machen-will\/\">Source link <\/a><\/p>\n","protected":false},"excerpt":{"rendered":"<p>Paris will Kiew eine Produktionslizenz f\u00fcr Marschflugk\u00f6rper des Typs SCALP erteilen. Doch der Mehrwert f\u00fcr Kiews Milit\u00e4r ist gering: Genau wie f\u00fcr die Abfangraketen des Systems Patriot aus US-Fertigung gilt, dass die ukrainische Industrie auch f\u00fcr diese franz\u00f6sischen Waffen einen Gro\u00dfteil der Schl\u00fcsselkomponenten nicht selbst herstellen kann &#8230; Von Starsche Eddy Die franz\u00f6sisch-ukrainische unendliche Geschichte [&hellip;]<\/p>\n","protected":false},"author":3,"featured_media":106985,"comment_status":"open","ping_status":"open","sticky":false,"template":"","format":"standard","meta":{"_yoast_indexnow_last_ping":["1784261215"],"wp_automatic_camp":["217"],"7782e7f04fcb3f91919c67f79c8dd7a9":["Lizenz als Alibi \u2013 warum Europa seine Marschflugk\u00f6rper zu &quot;ukrainischen&quot; machen will"],"original_link":["https:\/\/de.rt.com\/meinung\/286020-lizenz-als-alibi-warum-europa-seine-marschflugkorper-zu-ukrainischen-machen-will\/"],"_thumbnail_id":["106985"],"jnews_social_counter_last_update":["1788227726"],"_wptgpro_p2tg_sent2tg":["a:1:{i:23737;s:19:\"2026-07-17 06:07:53\";}"]},"categories":[19,23],"tags":[74694,273,1370,32390,3570,31161,25672,265,1289],"class_list":["post-106984","post","type-post","status-publish","format-standard","has-post-thumbnail","hentry","category-deutschland","category-russland","tag-alibi","tag-als","tag-europa","tag-lizenz","tag-machen","tag-marschflugkoerper","tag-quotukrainischenquot","tag-seine","tag-warum"],"yoast_head":"<!-- This site is optimized with the Yoast SEO Premium plugin v22.7 (Yoast SEO v28.2) - https:\/\/yoast.com\/product\/yoast-seo-premium-wordpress\/ -->\n<title>Lizenz als Alibi \u2013 warum Europa seine Marschflugk\u00f6rper zu &quot;ukrainischen&quot; machen will - just-now.NEWS Deutschland<\/title>\n<meta name=\"robots\" content=\"index, follow, max-snippet:-1, max-image-preview:large, max-video-preview:-1\" \/>\n<link rel=\"canonical\" href=\"https:\/\/now-news.de\/de\/deutschland\/lizenz-als-alibi-warum-europa-seine-marschflugkoerper-zu-ukrainischen-machen-will\/\" \/>\n<meta property=\"og:locale\" content=\"de_DE\" \/>\n<meta property=\"og:type\" content=\"article\" \/>\n<meta property=\"og:title\" content=\"Lizenz als Alibi \u2013 warum Europa seine Marschflugk\u00f6rper zu &quot;ukrainischen&quot; machen will\" \/>\n<meta property=\"og:description\" content=\"Paris will Kiew eine Produktionslizenz f\u00fcr Marschflugk\u00f6rper des Typs SCALP erteilen. Doch der Mehrwert f\u00fcr Kiews Milit\u00e4r ist gering: Genau wie f\u00fcr die Abfangraketen des Systems Patriot aus US-Fertigung gilt, dass die ukrainische Industrie auch f\u00fcr diese franz\u00f6sischen Waffen einen Gro\u00dfteil der Schl\u00fcsselkomponenten nicht selbst herstellen kann &#8230; Von Starsche Eddy Die franz\u00f6sisch-ukrainische unendliche Geschichte [&hellip;]\" \/>\n<meta property=\"og:url\" content=\"https:\/\/now-news.de\/de\/deutschland\/lizenz-als-alibi-warum-europa-seine-marschflugkoerper-zu-ukrainischen-machen-will\/\" \/>\n<meta property=\"og:site_name\" content=\"just-now.NEWS Deutschland\" \/>\n<meta property=\"article:publisher\" content=\"https:\/\/www.facebook.com\/wirmachenauf\" \/>\n<meta property=\"article:published_time\" content=\"2026-07-17T04:00:00+00:00\" \/>\n<meta property=\"og:image\" content=\"https:\/\/now-news.de\/de\/wp-content\/uploads\/sites\/3\/2026\/07\/6a58985cb480cc185b7a7436.jpeg\" \/>\n<meta name=\"author\" content=\"rtnews\" \/>\n<meta name=\"twitter:card\" content=\"summary_large_image\" \/>\n<meta name=\"twitter:creator\" content=\"@WirMachenAuf_de\" \/>\n<meta name=\"twitter:site\" content=\"@WirMachenAuf_de\" \/>\n<meta name=\"twitter:label1\" content=\"Verfasst von\" \/>\n\t<meta name=\"twitter:data1\" content=\"rtnews\" \/>\n\t<meta name=\"twitter:label2\" content=\"Gesch\u00e4tzte Lesezeit\" \/>\n\t<meta name=\"twitter:data2\" content=\"3\u00a0Minuten\" \/>\n<script type=\"application\/ld+json\" class=\"yoast-schema-graph\">{\"@context\":\"https:\\\/\\\/schema.org\",\"@graph\":[{\"@type\":\"Article\",\"@id\":\"https:\\\/\\\/now-news.de\\\/de\\\/deutschland\\\/lizenz-als-alibi-warum-europa-seine-marschflugkoerper-zu-ukrainischen-machen-will\\\/#article\",\"isPartOf\":{\"@id\":\"https:\\\/\\\/now-news.de\\\/de\\\/deutschland\\\/lizenz-als-alibi-warum-europa-seine-marschflugkoerper-zu-ukrainischen-machen-will\\\/\"},\"author\":{\"name\":\"rtnews\",\"@id\":\"https:\\\/\\\/now-news.de\\\/de\\\/#\\\/schema\\\/person\\\/fb534a4e865501d8b3285208df34a9b5\"},\"headline\":\"Lizenz als Alibi \u2013 warum Europa seine Marschflugk\u00f6rper zu &quot;ukrainischen&quot; machen will\",\"datePublished\":\"2026-07-17T04:00:00+00:00\",\"mainEntityOfPage\":{\"@id\":\"https:\\\/\\\/now-news.de\\\/de\\\/deutschland\\\/lizenz-als-alibi-warum-europa-seine-marschflugkoerper-zu-ukrainischen-machen-will\\\/\"},\"wordCount\":588,\"commentCount\":0,\"publisher\":{\"@id\":\"https:\\\/\\\/now-news.de\\\/de\\\/#organization\"},\"image\":{\"@id\":\"https:\\\/\\\/now-news.de\\\/de\\\/deutschland\\\/lizenz-als-alibi-warum-europa-seine-marschflugkoerper-zu-ukrainischen-machen-will\\\/#primaryimage\"},\"thumbnailUrl\":\"https:\\\/\\\/now-news.de\\\/de\\\/wp-content\\\/uploads\\\/sites\\\/3\\\/2026\\\/07\\\/Lizenz-als-Alibi-\u2013-warum-Europa-seine-Marschflugkoerper-zu-quotukrainischenquot.jpeg\",\"keywords\":[\"Alibi\",\"als\",\"Europa\",\"Lizenz\",\"machen\",\"Marschflugk\u00f6rper\",\"quotukrainischenquot\",\"seine\",\"Warum\"],\"articleSection\":[\"Deutschland\",\"Russland\"],\"inLanguage\":\"de\",\"potentialAction\":[{\"@type\":\"CommentAction\",\"name\":\"Comment\",\"target\":[\"https:\\\/\\\/now-news.de\\\/de\\\/deutschland\\\/lizenz-als-alibi-warum-europa-seine-marschflugkoerper-zu-ukrainischen-machen-will\\\/#respond\"]}]},{\"@type\":\"WebPage\",\"@id\":\"https:\\\/\\\/now-news.de\\\/de\\\/deutschland\\\/lizenz-als-alibi-warum-europa-seine-marschflugkoerper-zu-ukrainischen-machen-will\\\/\",\"url\":\"https:\\\/\\\/now-news.de\\\/de\\\/deutschland\\\/lizenz-als-alibi-warum-europa-seine-marschflugkoerper-zu-ukrainischen-machen-will\\\/\",\"name\":\"Lizenz als Alibi \u2013 warum Europa seine Marschflugk\u00f6rper zu &quot;ukrainischen&quot; machen will - just-now.NEWS Deutschland\",\"isPartOf\":{\"@id\":\"https:\\\/\\\/now-news.de\\\/de\\\/#website\"},\"primaryImageOfPage\":{\"@id\":\"https:\\\/\\\/now-news.de\\\/de\\\/deutschland\\\/lizenz-als-alibi-warum-europa-seine-marschflugkoerper-zu-ukrainischen-machen-will\\\/#primaryimage\"},\"image\":{\"@id\":\"https:\\\/\\\/now-news.de\\\/de\\\/deutschland\\\/lizenz-als-alibi-warum-europa-seine-marschflugkoerper-zu-ukrainischen-machen-will\\\/#primaryimage\"},\"thumbnailUrl\":\"https:\\\/\\\/now-news.de\\\/de\\\/wp-content\\\/uploads\\\/sites\\\/3\\\/2026\\\/07\\\/Lizenz-als-Alibi-\u2013-warum-Europa-seine-Marschflugkoerper-zu-quotukrainischenquot.jpeg\",\"datePublished\":\"2026-07-17T04:00:00+00:00\",\"breadcrumb\":{\"@id\":\"https:\\\/\\\/now-news.de\\\/de\\\/deutschland\\\/lizenz-als-alibi-warum-europa-seine-marschflugkoerper-zu-ukrainischen-machen-will\\\/#breadcrumb\"},\"inLanguage\":\"de\",\"potentialAction\":[{\"@type\":\"ReadAction\",\"target\":[\"https:\\\/\\\/now-news.de\\\/de\\\/deutschland\\\/lizenz-als-alibi-warum-europa-seine-marschflugkoerper-zu-ukrainischen-machen-will\\\/\"]}]},{\"@type\":\"ImageObject\",\"inLanguage\":\"de\",\"@id\":\"https:\\\/\\\/now-news.de\\\/de\\\/deutschland\\\/lizenz-als-alibi-warum-europa-seine-marschflugkoerper-zu-ukrainischen-machen-will\\\/#primaryimage\",\"url\":\"https:\\\/\\\/now-news.de\\\/de\\\/wp-content\\\/uploads\\\/sites\\\/3\\\/2026\\\/07\\\/Lizenz-als-Alibi-\u2013-warum-Europa-seine-Marschflugkoerper-zu-quotukrainischenquot.jpeg\",\"contentUrl\":\"https:\\\/\\\/now-news.de\\\/de\\\/wp-content\\\/uploads\\\/sites\\\/3\\\/2026\\\/07\\\/Lizenz-als-Alibi-\u2013-warum-Europa-seine-Marschflugkoerper-zu-quotukrainischenquot.jpeg\",\"width\":460,\"height\":259,\"caption\":\"Lizenz als Alibi \u2013 warum Europa seine Marschflugk\u00f6rper zu &quot;ukrainischen&quot; machen will\"},{\"@type\":\"BreadcrumbList\",\"@id\":\"https:\\\/\\\/now-news.de\\\/de\\\/deutschland\\\/lizenz-als-alibi-warum-europa-seine-marschflugkoerper-zu-ukrainischen-machen-will\\\/#breadcrumb\",\"itemListElement\":[{\"@type\":\"ListItem\",\"position\":1,\"name\":\"Home\",\"item\":\"https:\\\/\\\/now-news.de\\\/de\\\/\"},{\"@type\":\"ListItem\",\"position\":2,\"name\":\"Lizenz als Alibi \u2013 warum Europa seine Marschflugk\u00f6rper zu &quot;ukrainischen&quot; machen will\"}]},{\"@type\":\"WebSite\",\"@id\":\"https:\\\/\\\/now-news.de\\\/de\\\/#website\",\"url\":\"https:\\\/\\\/now-news.de\\\/de\\\/\",\"name\":\"just-now.NEWS Deutschland\",\"description\":\"Das Portal f\u00fcr unzensierte Nachrichten aus der Welt\",\"publisher\":{\"@id\":\"https:\\\/\\\/now-news.de\\\/de\\\/#organization\"},\"potentialAction\":[{\"@type\":\"SearchAction\",\"target\":{\"@type\":\"EntryPoint\",\"urlTemplate\":\"https:\\\/\\\/now-news.de\\\/de\\\/?s={search_term_string}\"},\"query-input\":{\"@type\":\"PropertyValueSpecification\",\"valueRequired\":true,\"valueName\":\"search_term_string\"}}],\"inLanguage\":\"de\"},{\"@type\":\"Organization\",\"@id\":\"https:\\\/\\\/now-news.de\\\/de\\\/#organization\",\"name\":\"Just Now News\",\"url\":\"https:\\\/\\\/now-news.de\\\/de\\\/\",\"logo\":{\"@type\":\"ImageObject\",\"inLanguage\":\"de\",\"@id\":\"https:\\\/\\\/now-news.de\\\/de\\\/#\\\/schema\\\/logo\\\/image\\\/\",\"url\":\"http:\\\/\\\/just-now.news\\\/de\\\/wp-content\\\/uploads\\\/sites\\\/3\\\/2022\\\/04\\\/logo500x500.jpg\",\"contentUrl\":\"http:\\\/\\\/just-now.news\\\/de\\\/wp-content\\\/uploads\\\/sites\\\/3\\\/2022\\\/04\\\/logo500x500.jpg\",\"width\":500,\"height\":500,\"caption\":\"Just Now News\"},\"image\":{\"@id\":\"https:\\\/\\\/now-news.de\\\/de\\\/#\\\/schema\\\/logo\\\/image\\\/\"},\"sameAs\":[\"https:\\\/\\\/www.facebook.com\\\/wirmachenauf\",\"https:\\\/\\\/x.com\\\/WirMachenAuf_de\"]},{\"@type\":\"Person\",\"@id\":\"https:\\\/\\\/now-news.de\\\/de\\\/#\\\/schema\\\/person\\\/fb534a4e865501d8b3285208df34a9b5\",\"name\":\"rtnews\",\"image\":{\"@type\":\"ImageObject\",\"inLanguage\":\"de\",\"@id\":\"https:\\\/\\\/secure.gravatar.com\\\/avatar\\\/358fe31b3ab5769fea05376e1953329834cd9912cf9daf607e2af3076a1b982b?s=96&d=mm&r=g\",\"url\":\"https:\\\/\\\/secure.gravatar.com\\\/avatar\\\/358fe31b3ab5769fea05376e1953329834cd9912cf9daf607e2af3076a1b982b?s=96&d=mm&r=g\",\"contentUrl\":\"https:\\\/\\\/secure.gravatar.com\\\/avatar\\\/358fe31b3ab5769fea05376e1953329834cd9912cf9daf607e2af3076a1b982b?s=96&d=mm&r=g\",\"caption\":\"rtnews\"},\"url\":\"https:\\\/\\\/now-news.de\\\/de\\\/author\\\/rnews\\\/\"}]}<\/script>\n<!-- \/ Yoast SEO Premium plugin. -->","yoast_head_json":{"title":"Lizenz als Alibi \u2013 warum Europa seine Marschflugk\u00f6rper zu &quot;ukrainischen&quot; machen will - just-now.NEWS Deutschland","robots":{"index":"index","follow":"follow","max-snippet":"max-snippet:-1","max-image-preview":"max-image-preview:large","max-video-preview":"max-video-preview:-1"},"canonical":"https:\/\/now-news.de\/de\/deutschland\/lizenz-als-alibi-warum-europa-seine-marschflugkoerper-zu-ukrainischen-machen-will\/","og_locale":"de_DE","og_type":"article","og_title":"Lizenz als Alibi \u2013 warum Europa seine Marschflugk\u00f6rper zu &quot;ukrainischen&quot; machen will","og_description":"Paris will Kiew eine Produktionslizenz f\u00fcr Marschflugk\u00f6rper des Typs SCALP erteilen. Doch der Mehrwert f\u00fcr Kiews Milit\u00e4r ist gering: Genau wie f\u00fcr die Abfangraketen des Systems Patriot aus US-Fertigung gilt, dass die ukrainische Industrie auch f\u00fcr diese franz\u00f6sischen Waffen einen Gro\u00dfteil der Schl\u00fcsselkomponenten nicht selbst herstellen kann &#8230; Von Starsche Eddy Die franz\u00f6sisch-ukrainische unendliche Geschichte [&hellip;]","og_url":"https:\/\/now-news.de\/de\/deutschland\/lizenz-als-alibi-warum-europa-seine-marschflugkoerper-zu-ukrainischen-machen-will\/","og_site_name":"just-now.NEWS Deutschland","article_publisher":"https:\/\/www.facebook.com\/wirmachenauf","article_published_time":"2026-07-17T04:00:00+00:00","og_image":[{"url":"https:\/\/now-news.de\/de\/wp-content\/uploads\/sites\/3\/2026\/07\/6a58985cb480cc185b7a7436.jpeg","type":"","width":"","height":""}],"author":"rtnews","twitter_card":"summary_large_image","twitter_creator":"@WirMachenAuf_de","twitter_site":"@WirMachenAuf_de","twitter_misc":{"Verfasst von":"rtnews","Gesch\u00e4tzte Lesezeit":"3\u00a0Minuten"},"schema":{"@context":"https:\/\/schema.org","@graph":[{"@type":"Article","@id":"https:\/\/now-news.de\/de\/deutschland\/lizenz-als-alibi-warum-europa-seine-marschflugkoerper-zu-ukrainischen-machen-will\/#article","isPartOf":{"@id":"https:\/\/now-news.de\/de\/deutschland\/lizenz-als-alibi-warum-europa-seine-marschflugkoerper-zu-ukrainischen-machen-will\/"},"author":{"name":"rtnews","@id":"https:\/\/now-news.de\/de\/#\/schema\/person\/fb534a4e865501d8b3285208df34a9b5"},"headline":"Lizenz als Alibi \u2013 warum Europa seine Marschflugk\u00f6rper zu &quot;ukrainischen&quot; machen will","datePublished":"2026-07-17T04:00:00+00:00","mainEntityOfPage":{"@id":"https:\/\/now-news.de\/de\/deutschland\/lizenz-als-alibi-warum-europa-seine-marschflugkoerper-zu-ukrainischen-machen-will\/"},"wordCount":588,"commentCount":0,"publisher":{"@id":"https:\/\/now-news.de\/de\/#organization"},"image":{"@id":"https:\/\/now-news.de\/de\/deutschland\/lizenz-als-alibi-warum-europa-seine-marschflugkoerper-zu-ukrainischen-machen-will\/#primaryimage"},"thumbnailUrl":"https:\/\/now-news.de\/de\/wp-content\/uploads\/sites\/3\/2026\/07\/Lizenz-als-Alibi-\u2013-warum-Europa-seine-Marschflugkoerper-zu-quotukrainischenquot.jpeg","keywords":["Alibi","als","Europa","Lizenz","machen","Marschflugk\u00f6rper","quotukrainischenquot","seine","Warum"],"articleSection":["Deutschland","Russland"],"inLanguage":"de","potentialAction":[{"@type":"CommentAction","name":"Comment","target":["https:\/\/now-news.de\/de\/deutschland\/lizenz-als-alibi-warum-europa-seine-marschflugkoerper-zu-ukrainischen-machen-will\/#respond"]}]},{"@type":"WebPage","@id":"https:\/\/now-news.de\/de\/deutschland\/lizenz-als-alibi-warum-europa-seine-marschflugkoerper-zu-ukrainischen-machen-will\/","url":"https:\/\/now-news.de\/de\/deutschland\/lizenz-als-alibi-warum-europa-seine-marschflugkoerper-zu-ukrainischen-machen-will\/","name":"Lizenz als Alibi \u2013 warum Europa seine Marschflugk\u00f6rper zu &quot;ukrainischen&quot; machen will - just-now.NEWS Deutschland","isPartOf":{"@id":"https:\/\/now-news.de\/de\/#website"},"primaryImageOfPage":{"@id":"https:\/\/now-news.de\/de\/deutschland\/lizenz-als-alibi-warum-europa-seine-marschflugkoerper-zu-ukrainischen-machen-will\/#primaryimage"},"image":{"@id":"https:\/\/now-news.de\/de\/deutschland\/lizenz-als-alibi-warum-europa-seine-marschflugkoerper-zu-ukrainischen-machen-will\/#primaryimage"},"thumbnailUrl":"https:\/\/now-news.de\/de\/wp-content\/uploads\/sites\/3\/2026\/07\/Lizenz-als-Alibi-\u2013-warum-Europa-seine-Marschflugkoerper-zu-quotukrainischenquot.jpeg","datePublished":"2026-07-17T04:00:00+00:00","breadcrumb":{"@id":"https:\/\/now-news.de\/de\/deutschland\/lizenz-als-alibi-warum-europa-seine-marschflugkoerper-zu-ukrainischen-machen-will\/#breadcrumb"},"inLanguage":"de","potentialAction":[{"@type":"ReadAction","target":["https:\/\/now-news.de\/de\/deutschland\/lizenz-als-alibi-warum-europa-seine-marschflugkoerper-zu-ukrainischen-machen-will\/"]}]},{"@type":"ImageObject","inLanguage":"de","@id":"https:\/\/now-news.de\/de\/deutschland\/lizenz-als-alibi-warum-europa-seine-marschflugkoerper-zu-ukrainischen-machen-will\/#primaryimage","url":"https:\/\/now-news.de\/de\/wp-content\/uploads\/sites\/3\/2026\/07\/Lizenz-als-Alibi-\u2013-warum-Europa-seine-Marschflugkoerper-zu-quotukrainischenquot.jpeg","contentUrl":"https:\/\/now-news.de\/de\/wp-content\/uploads\/sites\/3\/2026\/07\/Lizenz-als-Alibi-\u2013-warum-Europa-seine-Marschflugkoerper-zu-quotukrainischenquot.jpeg","width":460,"height":259,"caption":"Lizenz als Alibi \u2013 warum Europa seine Marschflugk\u00f6rper zu &quot;ukrainischen&quot; machen will"},{"@type":"BreadcrumbList","@id":"https:\/\/now-news.de\/de\/deutschland\/lizenz-als-alibi-warum-europa-seine-marschflugkoerper-zu-ukrainischen-machen-will\/#breadcrumb","itemListElement":[{"@type":"ListItem","position":1,"name":"Home","item":"https:\/\/now-news.de\/de\/"},{"@type":"ListItem","position":2,"name":"Lizenz als Alibi \u2013 warum Europa seine Marschflugk\u00f6rper zu &quot;ukrainischen&quot; machen will"}]},{"@type":"WebSite","@id":"https:\/\/now-news.de\/de\/#website","url":"https:\/\/now-news.de\/de\/","name":"just-now.NEWS Deutschland","description":"Das Portal f\u00fcr unzensierte Nachrichten aus der Welt","publisher":{"@id":"https:\/\/now-news.de\/de\/#organization"},"potentialAction":[{"@type":"SearchAction","target":{"@type":"EntryPoint","urlTemplate":"https:\/\/now-news.de\/de\/?s={search_term_string}"},"query-input":{"@type":"PropertyValueSpecification","valueRequired":true,"valueName":"search_term_string"}}],"inLanguage":"de"},{"@type":"Organization","@id":"https:\/\/now-news.de\/de\/#organization","name":"Just Now News","url":"https:\/\/now-news.de\/de\/","logo":{"@type":"ImageObject","inLanguage":"de","@id":"https:\/\/now-news.de\/de\/#\/schema\/logo\/image\/","url":"http:\/\/just-now.news\/de\/wp-content\/uploads\/sites\/3\/2022\/04\/logo500x500.jpg","contentUrl":"http:\/\/just-now.news\/de\/wp-content\/uploads\/sites\/3\/2022\/04\/logo500x500.jpg","width":500,"height":500,"caption":"Just Now News"},"image":{"@id":"https:\/\/now-news.de\/de\/#\/schema\/logo\/image\/"},"sameAs":["https:\/\/www.facebook.com\/wirmachenauf","https:\/\/x.com\/WirMachenAuf_de"]},{"@type":"Person","@id":"https:\/\/now-news.de\/de\/#\/schema\/person\/fb534a4e865501d8b3285208df34a9b5","name":"rtnews","image":{"@type":"ImageObject","inLanguage":"de","@id":"https:\/\/secure.gravatar.com\/avatar\/358fe31b3ab5769fea05376e1953329834cd9912cf9daf607e2af3076a1b982b?s=96&d=mm&r=g","url":"https:\/\/secure.gravatar.com\/avatar\/358fe31b3ab5769fea05376e1953329834cd9912cf9daf607e2af3076a1b982b?s=96&d=mm&r=g","contentUrl":"https:\/\/secure.gravatar.com\/avatar\/358fe31b3ab5769fea05376e1953329834cd9912cf9daf607e2af3076a1b982b?s=96&d=mm&r=g","caption":"rtnews"},"url":"https:\/\/now-news.de\/de\/author\/rnews\/"}]}},"_links":{"self":[{"href":"https:\/\/now-news.de\/de\/wp-json\/wp\/v2\/posts\/106984","targetHints":{"allow":["GET"]}}],"collection":[{"href":"https:\/\/now-news.de\/de\/wp-json\/wp\/v2\/posts"}],"about":[{"href":"https:\/\/now-news.de\/de\/wp-json\/wp\/v2\/types\/post"}],"author":[{"embeddable":true,"href":"https:\/\/now-news.de\/de\/wp-json\/wp\/v2\/users\/3"}],"replies":[{"embeddable":true,"href":"https:\/\/now-news.de\/de\/wp-json\/wp\/v2\/comments?post=106984"}],"version-history":[{"count":0,"href":"https:\/\/now-news.de\/de\/wp-json\/wp\/v2\/posts\/106984\/revisions"}],"wp:featuredmedia":[{"embeddable":true,"href":"https:\/\/now-news.de\/de\/wp-json\/wp\/v2\/media\/106985"}],"wp:attachment":[{"href":"https:\/\/now-news.de\/de\/wp-json\/wp\/v2\/media?parent=106984"}],"wp:term":[{"taxonomy":"category","embeddable":true,"href":"https:\/\/now-news.de\/de\/wp-json\/wp\/v2\/categories?post=106984"},{"taxonomy":"post_tag","embeddable":true,"href":"https:\/\/now-news.de\/de\/wp-json\/wp\/v2\/tags?post=106984"}],"curies":[{"name":"wp","href":"https:\/\/api.w.org\/{rel}","templated":true}]}}