{"id":106699,"date":"2026-07-11T16:57:34","date_gmt":"2026-07-11T14:57:34","guid":{"rendered":"https:\/\/now-news.de\/de\/deutschland\/negerbrot-bleibt-negerbrot-klagenfurter-konditorei-behaelt-trotz-protesten-namen-bei\/"},"modified":"2026-07-11T16:57:34","modified_gmt":"2026-07-11T14:57:34","slug":"negerbrot-bleibt-negerbrot-klagenfurter-konditorei-behaelt-trotz-protesten-namen-bei","status":"publish","type":"post","link":"https:\/\/now-news.de\/de\/deutschland\/negerbrot-bleibt-negerbrot-klagenfurter-konditorei-behaelt-trotz-protesten-namen-bei\/","title":{"rendered":"Negerbrot bleibt Negerbrot: Klagenfurter Konditorei beh\u00e4lt trotz Protesten Namen bei"},"content":{"rendered":"<div class=\"Text-root Text-type_1 \">\n                In Klagenfurt verkauft die traditionsreiche Konditorei Zehrer seit Jahrzehnten eine Erdnuss-Schokolade unter dem Namen &#8220;Negerbrot&#8221;. Aktivisten eines Widerstandskollektivs werfen der B\u00e4ckerei Rassismus vor, beschmierten die Schaufenster mit pinker Kreide und forderten die Umbenennung. Die Inhaber weigern sich und lassen sich nicht erpressen.\n            <\/div>\n<p><\/p>\n<div class=\"Text-root Text-type_5 ArticleView-text ViewText-root \">\n<p>Seit \u00fcber 260\u00a0Jahren gibt es die <a rel=\"nofollow noopener\" target=\"_blank\" href=\"https:\/\/www.zehrer.at\/search\/?qs=negerbrot\">Konditorei Zehrer am Alten Platz<\/a>. Seit vielen Jahrzehnten verkauft das Traditionsunternehmen dort eine Erdnussschokolade im Bruch, die bei den Kunden schlicht &#8220;Negerbrot&#8221; hei\u00dft. F\u00fcr die meisten \u00e4lteren K\u00e4rntner ist das ein ganz normaler Name\u00a0\u2013 verbunden mit Kindheitserinnerungen und einem bestimmten Geschmack. F\u00fcr eine kleine Gruppe von Aktivisten ist es dagegen ein unertr\u00e4glicher Skandal.<\/p>\n<p>Im Juni\u00a02026 eskalierte der Konflikt. Mitglieder eines selbst ernannten &#8220;Widerstandskollektivs&#8221; beschmierten in der Nacht die Schaufenster der Konditorei mit pinker Kreidefarbe und klebten Plakate mit der Botschaft:<\/p>\n<blockquote>\n<p><em>&#8220;Rassismus hat keinen Platz in Klagenfurt\u00a0\u2013 weder im Regal noch im Diskurs.&#8221;<\/em><\/p>\n<\/blockquote>\n<p>Die Aktivisten forderten eindeutig, dass der Name ge\u00e4ndert wird.<\/p>\n<p>Die Inhaberfamilie Nimmervoll reagierte gelassen, aber bestimmt. Philipp Nimmervoll, der die Konditorei zusammen mit seinem Vater Peter f\u00fchrt, stellte klar:<\/p>\n<blockquote>\n<p><em>&#8220;Die Schokolade habe schon immer so gehei\u00dfen und werde das auch weiterhin tun. Wir lassen uns doch nicht erpressen.&#8221;<\/em><\/p>\n<\/blockquote>\n<p>Statt nachzugeben, legte das Unternehmen kurz darauf nach. Es brachte eine ironische Sonderedition auf den Markt: das &#8220;Negerbrot Linksextreme Edition&#8221;.\u00a0Eine direkte, humorvolle Antwort auf die n\u00e4chtliche Aktion der Aktivisten.<\/p>\n<figure class=\"RTImage-root\">\n<div class=\"RTImage-image RTImage-original\"><picture class=\"Picture-root Picture-original\"><!--[if IE 9]><video style=\"display: none;\"><![endif]--><source media=\"(-webkit-min-device-pixel-ratio: 2) and (min-resolution: 120dpi)\" data-srcset=\" \nhttps:\/\/now-news.de\/de\/wp-content\/uploads\/sites\/3\/2026\/07\/6a51190948fbef5dfe75e30a.png 850w,\n                https:\/\/now-news.de\/de\/wp-content\/uploads\/sites\/3\/2026\/07\/6a51190948fbef5dfe75e30a.png 1960w,            \" ><source data-srcset=\" \nhttps:\/\/now-news.de\/de\/wp-content\/uploads\/sites\/3\/2026\/07\/6a51190948fbef5dfe75e30a.png 460w,\n              https:\/\/now-news.de\/de\/wp-content\/uploads\/sites\/3\/2026\/07\/6a51190948fbef5dfe75e30a.png 980w,\n            \" ><!--[if IE 9]><\/video><![endif]--><img decoding=\"async\" data- src=\"data:image\/png;base64,iVBORw0KGgoAAAANSUhEUgAAABAAAAAJCAQAAACRI2S5AAAAEElEQVR42mNkIAAYRxWAAQAG9gAKqv6+AwAAAABJRU5ErkJggg==\" class=\"Picture-root Picture-original lazyload\" data-src=\"https:\/\/now-news.de\/de\/wp-content\/uploads\/sites\/3\/2026\/07\/6a51190948fbef5dfe75e30a.png\" alt=\"\"><\/source><\/source><\/picture><!-- noscript pattern --><noscript><img decoding=\"async\" src=\"https:\/\/now-news.de\/de\/wp-content\/uploads\/sites\/3\/2026\/07\/6a51190948fbef5dfe75e30a.png\" alt=\"\"><\/noscript><\/div><figcaption class=\"RTImage-footer\"><span class=\"RTImage-caption\"><span class=\"RTImage-captionItem\">Tradition oder Rassismus? Der absurde Streit um das Negerbrot<\/span><\/span><span class=\"RTImage-source\"><a rel=\"nofollow noopener\" target=\"_blank\" class=\"RTImage-captionItem Link-root\" href=\"https:\/\/www.zehrer.at\/search\/?qs=negerbrot\">Printscreen Zehrer<\/a><\/span><\/figcaption><\/figure>\n<p>Auf der eigenen Website steht inzwischen etwas vorsichtiger &#8220;Erdnussschokolade im Bruch (vormals als Negerbrot bezeichnet)&#8221;. Doch im Laden und im Onlineshop wird das Produkt weiterhin unter dem alten Namen gef\u00fchrt \u2013 und es l\u00e4uft gut.<\/p>\n<p>Der Zehrer-Fall ist kein Einzelfall, sondern ein typisches Beispiel f\u00fcr einen neuen Typus von Konflikten. Es geht nicht prim\u00e4r um die Schokolade selbst. Es geht um die Frage, wie weit die Deutungshoheit \u00fcber Sprache und Tradition gehen darf.<\/p>\n<p>&#8220;Neger&#8221; ist heute f\u00fcr die meisten Menschen ein unangenehmes Wort. Das bestreitet kaum jemand. Die Frage ist jedoch, ob ein historisch gewachsener Produktname, der \u00fcber Generationen ohne b\u00f6se Absicht verwendet wurde, automatisch als rassistisch gelten muss\u00a0\u2013 nur weil er einem modernen Sprachgef\u00fchl nicht mehr entspricht.<\/p>\n<p>Die Konditorei Zehrer hat von Anfang an argumentiert, dass der Name sich auf die Ware bezieht und nicht auf Menschen. Viele Kunden verbinden damit positive Erinnerungen. Statt diese Realit\u00e4t anzuerkennen, wurde das Unternehmen mit Sachbesch\u00e4digung und moralischem Druck konfrontiert.<\/p>\n<p>Was hier passiert, folgt einem bekannten Muster: Ein kleiner, traditionsreicher Familienbetrieb ger\u00e4t unter Druck, weil er an seinem alten Produktnamen festh\u00e4lt. Statt mit Argumenten oder Boykott wird mit Farbe und Plakaten gearbeitet. Die Aktivisten vermitteln damit die Botschaft, dass jeder, der nicht umbenennt, sich schuldig macht.<\/p>\n<p>Die Konditorei Zehrer hat diese Logik nicht akzeptiert. Sie hat gezeigt, dass man sich auch gegen \u00fcberzogene Forderungen wehren kann\u00a0\u2013 und dass Humor dabei ein starkes Mittel sein kann. Die &#8220;Linksextreme Edition&#8221; war keine Kapitulation, sondern eine klare Ansage: Wir lassen uns unsere\u00a0Gesch\u00e4ftspolitik nicht vorschreiben.<\/p>\n<figure class=\"RTImage-root\">\n<div class=\"RTImage-image RTImage-original\"><picture class=\"Picture-root Picture-original\"><!--[if IE 9]><video style=\"display: none;\"><![endif]--><source media=\"(-webkit-min-device-pixel-ratio: 2) and (min-resolution: 120dpi)\" data-srcset=\" \nhttps:\/\/now-news.de\/de\/wp-content\/uploads\/sites\/3\/2026\/07\/6a511aa048fbef504f058388.jpg 850w,\n                https:\/\/now-news.de\/de\/wp-content\/uploads\/sites\/3\/2026\/07\/6a511aa048fbef504f058388.jpg 1960w,            \" ><source data-srcset=\" \nhttps:\/\/now-news.de\/de\/wp-content\/uploads\/sites\/3\/2026\/07\/6a511aa048fbef504f058388.jpg 460w,\n              https:\/\/now-news.de\/de\/wp-content\/uploads\/sites\/3\/2026\/07\/6a511aa048fbef504f058388.jpg 980w,\n            \" ><!--[if IE 9]><\/video><![endif]--><img decoding=\"async\" data- src=\"data:image\/png;base64,iVBORw0KGgoAAAANSUhEUgAAABAAAAAJCAQAAACRI2S5AAAAEElEQVR42mNkIAAYRxWAAQAG9gAKqv6+AwAAAABJRU5ErkJggg==\" class=\"Picture-root Picture-original lazyload\" data-src=\"https:\/\/now-news.de\/de\/wp-content\/uploads\/sites\/3\/2026\/07\/6a511aa048fbef504f058388.jpg\" alt=\"\"><\/source><\/source><\/picture><!-- noscript pattern --><noscript><img decoding=\"async\" src=\"https:\/\/now-news.de\/de\/wp-content\/uploads\/sites\/3\/2026\/07\/6a511aa048fbef504f058388.jpg\" alt=\"\"><\/noscript><\/div><figcaption class=\"RTImage-footer\"><span class=\"RTImage-caption\"><span class=\"RTImage-captionItem\">Eine S\u00fc\u00dfigkeit spaltet \u00d6sterreich.<\/span><\/span><span class=\"RTImage-source\"><a rel=\"nofollow noopener\" target=\"_blank\" class=\"RTImage-captionItem Link-root\" href=\"https:\/\/www.zehrer.at\/Negerbrot-Linksextreme-Edition-Vollmilch-ganze-Tafel\">Printscreen Zehrer<\/a><\/span><\/figcaption><\/figure>\n<p>Der Streit um das Negerbrot ist im Grunde ein Streit um Verh\u00e4ltnism\u00e4\u00dfigkeit. Wer wirklich etwas gegen Rassismus unternehmen will, hat genug echte Baustellen. Erdnussschokolade in einer Klagenfurter Konditorei geh\u00f6rt definitiv nicht dazu.<\/p>\n<p>Die Familie Nimmervoll hat sich nicht erpressen lassen. Das allein ist in der aktuellen Zeit schon eine kleine Sensation. Und vielleicht auch ein Zeichen, dass nicht \u00fcberall der Mut verloren gegangen ist, bei altem Kram einfach zu bleiben\u00a0\u2013 solange niemandem damit geschadet wird.<\/p>\n<p>Manchmal reicht es schon, wenn man einfach sagt: Nein. Und dann weitermacht wie bisher.<\/p>\n<p><strong>Mehr zum Thema\u00a0\u2013 <\/strong><a rel=\"nofollow noopener\" target=\"_blank\" href=\"https:\/\/freedert.online\/schweiz\/202642-nzz-behauptet-selenskij-ist-makellos\/\">NZZ behauptet: Selenskij ist nicht korrupt! Seine Offshore-Firmen? Nur eine Risikoreduzierung<\/a><\/p>\n<div class=\"EmbedBlock-root EmbedBlock-externalVideo EmbedBlock-rumble\">\n<div class=\"VkEmbed\"><iframe class=\"lazyload\" data-src=\"https:\/\/rumble.com\/embed\/v7abfue\" frameborder=\"0\" width=\"853\" height=\"480\" allowfullscreen><\/iframe><\/div>\n<\/div>\n<\/div>\n<p><br \/>\n<br \/><a href=\"https:\/\/de.rt.com\/oesterreich\/285558-negerbrot-bleibt-negerbrot-klagenfurter-konditorei-behaelt-trotz-protesten-namen-bei\/\">Source link <\/a><\/p>\n","protected":false},"excerpt":{"rendered":"<p>In Klagenfurt verkauft die traditionsreiche Konditorei Zehrer seit Jahrzehnten eine Erdnuss-Schokolade unter dem Namen &#8220;Negerbrot&#8221;. Aktivisten eines Widerstandskollektivs werfen der B\u00e4ckerei Rassismus vor, beschmierten die Schaufenster mit pinker Kreide und forderten die Umbenennung. Die Inhaber weigern sich und lassen sich nicht erpressen. Seit \u00fcber 260\u00a0Jahren gibt es die Konditorei Zehrer am Alten Platz. Seit vielen [&hellip;]<\/p>\n","protected":false},"author":3,"featured_media":106700,"comment_status":"open","ping_status":"open","sticky":false,"template":"","format":"standard","meta":{"_yoast_indexnow_last_ping":["1783782432"],"wp_automatic_camp":["217"],"14a41773fb768f3692a73bd66c642fde":["Negerbrot bleibt Negerbrot: Klagenfurter Konditorei beh\u00e4lt trotz Protesten Namen bei"],"original_link":["https:\/\/de.rt.com\/oesterreich\/285558-negerbrot-bleibt-negerbrot-klagenfurter-konditorei-behaelt-trotz-protesten-namen-bei\/"],"_thumbnail_id":["106700"],"jnews_social_counter_last_update":["1788195462"],"_wptgpro_p2tg_sent2tg":["a:1:{i:23737;s:19:\"2026-07-11 17:08:12\";}"]},"categories":[19,23],"tags":[44806,363,487,74570,74571,24220,74569,19562,1381],"class_list":["post-106699","post","type-post","status-publish","format-standard","has-post-thumbnail","hentry","category-deutschland","category-russland","tag-behaelt","tag-bei","tag-bleibt","tag-klagenfurter","tag-konditorei","tag-namen","tag-negerbrot","tag-protesten","tag-trotz"],"yoast_head":"<!-- This site is optimized with the Yoast SEO Premium plugin v22.7 (Yoast SEO v28.2) - https:\/\/yoast.com\/product\/yoast-seo-premium-wordpress\/ -->\n<title>Negerbrot bleibt Negerbrot: Klagenfurter Konditorei beh\u00e4lt trotz Protesten Namen bei - just-now.NEWS Deutschland<\/title>\n<meta name=\"robots\" content=\"index, follow, max-snippet:-1, max-image-preview:large, max-video-preview:-1\" \/>\n<link rel=\"canonical\" href=\"https:\/\/now-news.de\/de\/deutschland\/negerbrot-bleibt-negerbrot-klagenfurter-konditorei-behaelt-trotz-protesten-namen-bei\/\" \/>\n<meta property=\"og:locale\" content=\"de_DE\" \/>\n<meta property=\"og:type\" content=\"article\" \/>\n<meta property=\"og:title\" content=\"Negerbrot bleibt Negerbrot: Klagenfurter Konditorei beh\u00e4lt trotz Protesten Namen bei\" \/>\n<meta property=\"og:description\" content=\"In Klagenfurt verkauft die traditionsreiche Konditorei Zehrer seit Jahrzehnten eine Erdnuss-Schokolade unter dem Namen &#8220;Negerbrot&#8221;. Aktivisten eines Widerstandskollektivs werfen der B\u00e4ckerei Rassismus vor, beschmierten die Schaufenster mit pinker Kreide und forderten die Umbenennung. Die Inhaber weigern sich und lassen sich nicht erpressen. Seit \u00fcber 260\u00a0Jahren gibt es die Konditorei Zehrer am Alten Platz. Seit vielen [&hellip;]\" \/>\n<meta property=\"og:url\" content=\"https:\/\/now-news.de\/de\/deutschland\/negerbrot-bleibt-negerbrot-klagenfurter-konditorei-behaelt-trotz-protesten-namen-bei\/\" \/>\n<meta property=\"og:site_name\" content=\"just-now.NEWS Deutschland\" \/>\n<meta property=\"article:publisher\" content=\"https:\/\/www.facebook.com\/wirmachenauf\" \/>\n<meta property=\"article:published_time\" content=\"2026-07-11T14:57:34+00:00\" \/>\n<meta property=\"og:image\" content=\"https:\/\/now-news.de\/de\/wp-content\/uploads\/sites\/3\/2026\/07\/6a51190948fbef5dfe75e30a.png\" \/>\n<meta name=\"author\" content=\"rtnews\" \/>\n<meta name=\"twitter:card\" content=\"summary_large_image\" \/>\n<meta name=\"twitter:creator\" content=\"@WirMachenAuf_de\" \/>\n<meta name=\"twitter:site\" content=\"@WirMachenAuf_de\" \/>\n<meta name=\"twitter:label1\" content=\"Verfasst von\" \/>\n\t<meta name=\"twitter:data1\" content=\"rtnews\" \/>\n\t<meta name=\"twitter:label2\" content=\"Gesch\u00e4tzte Lesezeit\" \/>\n\t<meta name=\"twitter:data2\" content=\"3\u00a0Minuten\" \/>\n<script type=\"application\/ld+json\" class=\"yoast-schema-graph\">{\"@context\":\"https:\\\/\\\/schema.org\",\"@graph\":[{\"@type\":\"Article\",\"@id\":\"https:\\\/\\\/now-news.de\\\/de\\\/deutschland\\\/negerbrot-bleibt-negerbrot-klagenfurter-konditorei-behaelt-trotz-protesten-namen-bei\\\/#article\",\"isPartOf\":{\"@id\":\"https:\\\/\\\/now-news.de\\\/de\\\/deutschland\\\/negerbrot-bleibt-negerbrot-klagenfurter-konditorei-behaelt-trotz-protesten-namen-bei\\\/\"},\"author\":{\"name\":\"rtnews\",\"@id\":\"https:\\\/\\\/now-news.de\\\/de\\\/#\\\/schema\\\/person\\\/fb534a4e865501d8b3285208df34a9b5\"},\"headline\":\"Negerbrot bleibt Negerbrot: Klagenfurter Konditorei beh\u00e4lt trotz Protesten Namen bei\",\"datePublished\":\"2026-07-11T14:57:34+00:00\",\"mainEntityOfPage\":{\"@id\":\"https:\\\/\\\/now-news.de\\\/de\\\/deutschland\\\/negerbrot-bleibt-negerbrot-klagenfurter-konditorei-behaelt-trotz-protesten-namen-bei\\\/\"},\"wordCount\":626,\"commentCount\":0,\"publisher\":{\"@id\":\"https:\\\/\\\/now-news.de\\\/de\\\/#organization\"},\"image\":{\"@id\":\"https:\\\/\\\/now-news.de\\\/de\\\/deutschland\\\/negerbrot-bleibt-negerbrot-klagenfurter-konditorei-behaelt-trotz-protesten-namen-bei\\\/#primaryimage\"},\"thumbnailUrl\":\"https:\\\/\\\/now-news.de\\\/de\\\/wp-content\\\/uploads\\\/sites\\\/3\\\/2026\\\/07\\\/Negerbrot-bleibt-Negerbrot-Klagenfurter-Konditorei-behaelt-trotz-Protesten-Namen-bei.png\",\"keywords\":[\"beh\u00e4lt\",\"bei\",\"bleibt\",\"Klagenfurter\",\"Konditorei\",\"Namen\",\"Negerbrot\",\"Protesten\",\"Trotz\"],\"articleSection\":[\"Deutschland\",\"Russland\"],\"inLanguage\":\"de\",\"potentialAction\":[{\"@type\":\"CommentAction\",\"name\":\"Comment\",\"target\":[\"https:\\\/\\\/now-news.de\\\/de\\\/deutschland\\\/negerbrot-bleibt-negerbrot-klagenfurter-konditorei-behaelt-trotz-protesten-namen-bei\\\/#respond\"]}]},{\"@type\":\"WebPage\",\"@id\":\"https:\\\/\\\/now-news.de\\\/de\\\/deutschland\\\/negerbrot-bleibt-negerbrot-klagenfurter-konditorei-behaelt-trotz-protesten-namen-bei\\\/\",\"url\":\"https:\\\/\\\/now-news.de\\\/de\\\/deutschland\\\/negerbrot-bleibt-negerbrot-klagenfurter-konditorei-behaelt-trotz-protesten-namen-bei\\\/\",\"name\":\"Negerbrot bleibt Negerbrot: Klagenfurter Konditorei beh\u00e4lt trotz Protesten Namen bei - just-now.NEWS Deutschland\",\"isPartOf\":{\"@id\":\"https:\\\/\\\/now-news.de\\\/de\\\/#website\"},\"primaryImageOfPage\":{\"@id\":\"https:\\\/\\\/now-news.de\\\/de\\\/deutschland\\\/negerbrot-bleibt-negerbrot-klagenfurter-konditorei-behaelt-trotz-protesten-namen-bei\\\/#primaryimage\"},\"image\":{\"@id\":\"https:\\\/\\\/now-news.de\\\/de\\\/deutschland\\\/negerbrot-bleibt-negerbrot-klagenfurter-konditorei-behaelt-trotz-protesten-namen-bei\\\/#primaryimage\"},\"thumbnailUrl\":\"https:\\\/\\\/now-news.de\\\/de\\\/wp-content\\\/uploads\\\/sites\\\/3\\\/2026\\\/07\\\/Negerbrot-bleibt-Negerbrot-Klagenfurter-Konditorei-behaelt-trotz-Protesten-Namen-bei.png\",\"datePublished\":\"2026-07-11T14:57:34+00:00\",\"breadcrumb\":{\"@id\":\"https:\\\/\\\/now-news.de\\\/de\\\/deutschland\\\/negerbrot-bleibt-negerbrot-klagenfurter-konditorei-behaelt-trotz-protesten-namen-bei\\\/#breadcrumb\"},\"inLanguage\":\"de\",\"potentialAction\":[{\"@type\":\"ReadAction\",\"target\":[\"https:\\\/\\\/now-news.de\\\/de\\\/deutschland\\\/negerbrot-bleibt-negerbrot-klagenfurter-konditorei-behaelt-trotz-protesten-namen-bei\\\/\"]}]},{\"@type\":\"ImageObject\",\"inLanguage\":\"de\",\"@id\":\"https:\\\/\\\/now-news.de\\\/de\\\/deutschland\\\/negerbrot-bleibt-negerbrot-klagenfurter-konditorei-behaelt-trotz-protesten-namen-bei\\\/#primaryimage\",\"url\":\"https:\\\/\\\/now-news.de\\\/de\\\/wp-content\\\/uploads\\\/sites\\\/3\\\/2026\\\/07\\\/Negerbrot-bleibt-Negerbrot-Klagenfurter-Konditorei-behaelt-trotz-Protesten-Namen-bei.png\",\"contentUrl\":\"https:\\\/\\\/now-news.de\\\/de\\\/wp-content\\\/uploads\\\/sites\\\/3\\\/2026\\\/07\\\/Negerbrot-bleibt-Negerbrot-Klagenfurter-Konditorei-behaelt-trotz-Protesten-Namen-bei.png\",\"width\":1778,\"height\":1080,\"caption\":\"Negerbrot bleibt Negerbrot: Klagenfurter Konditorei beh\u00e4lt trotz Protesten Namen bei\"},{\"@type\":\"BreadcrumbList\",\"@id\":\"https:\\\/\\\/now-news.de\\\/de\\\/deutschland\\\/negerbrot-bleibt-negerbrot-klagenfurter-konditorei-behaelt-trotz-protesten-namen-bei\\\/#breadcrumb\",\"itemListElement\":[{\"@type\":\"ListItem\",\"position\":1,\"name\":\"Home\",\"item\":\"https:\\\/\\\/now-news.de\\\/de\\\/\"},{\"@type\":\"ListItem\",\"position\":2,\"name\":\"Negerbrot bleibt Negerbrot: Klagenfurter Konditorei beh\u00e4lt trotz Protesten Namen bei\"}]},{\"@type\":\"WebSite\",\"@id\":\"https:\\\/\\\/now-news.de\\\/de\\\/#website\",\"url\":\"https:\\\/\\\/now-news.de\\\/de\\\/\",\"name\":\"just-now.NEWS Deutschland\",\"description\":\"Das Portal f\u00fcr unzensierte Nachrichten aus der Welt\",\"publisher\":{\"@id\":\"https:\\\/\\\/now-news.de\\\/de\\\/#organization\"},\"potentialAction\":[{\"@type\":\"SearchAction\",\"target\":{\"@type\":\"EntryPoint\",\"urlTemplate\":\"https:\\\/\\\/now-news.de\\\/de\\\/?s={search_term_string}\"},\"query-input\":{\"@type\":\"PropertyValueSpecification\",\"valueRequired\":true,\"valueName\":\"search_term_string\"}}],\"inLanguage\":\"de\"},{\"@type\":\"Organization\",\"@id\":\"https:\\\/\\\/now-news.de\\\/de\\\/#organization\",\"name\":\"Just Now News\",\"url\":\"https:\\\/\\\/now-news.de\\\/de\\\/\",\"logo\":{\"@type\":\"ImageObject\",\"inLanguage\":\"de\",\"@id\":\"https:\\\/\\\/now-news.de\\\/de\\\/#\\\/schema\\\/logo\\\/image\\\/\",\"url\":\"http:\\\/\\\/just-now.news\\\/de\\\/wp-content\\\/uploads\\\/sites\\\/3\\\/2022\\\/04\\\/logo500x500.jpg\",\"contentUrl\":\"http:\\\/\\\/just-now.news\\\/de\\\/wp-content\\\/uploads\\\/sites\\\/3\\\/2022\\\/04\\\/logo500x500.jpg\",\"width\":500,\"height\":500,\"caption\":\"Just Now News\"},\"image\":{\"@id\":\"https:\\\/\\\/now-news.de\\\/de\\\/#\\\/schema\\\/logo\\\/image\\\/\"},\"sameAs\":[\"https:\\\/\\\/www.facebook.com\\\/wirmachenauf\",\"https:\\\/\\\/x.com\\\/WirMachenAuf_de\"]},{\"@type\":\"Person\",\"@id\":\"https:\\\/\\\/now-news.de\\\/de\\\/#\\\/schema\\\/person\\\/fb534a4e865501d8b3285208df34a9b5\",\"name\":\"rtnews\",\"image\":{\"@type\":\"ImageObject\",\"inLanguage\":\"de\",\"@id\":\"https:\\\/\\\/secure.gravatar.com\\\/avatar\\\/358fe31b3ab5769fea05376e1953329834cd9912cf9daf607e2af3076a1b982b?s=96&d=mm&r=g\",\"url\":\"https:\\\/\\\/secure.gravatar.com\\\/avatar\\\/358fe31b3ab5769fea05376e1953329834cd9912cf9daf607e2af3076a1b982b?s=96&d=mm&r=g\",\"contentUrl\":\"https:\\\/\\\/secure.gravatar.com\\\/avatar\\\/358fe31b3ab5769fea05376e1953329834cd9912cf9daf607e2af3076a1b982b?s=96&d=mm&r=g\",\"caption\":\"rtnews\"},\"url\":\"https:\\\/\\\/now-news.de\\\/de\\\/author\\\/rnews\\\/\"}]}<\/script>\n<!-- \/ Yoast SEO Premium plugin. -->","yoast_head_json":{"title":"Negerbrot bleibt Negerbrot: Klagenfurter Konditorei beh\u00e4lt trotz Protesten Namen bei - just-now.NEWS Deutschland","robots":{"index":"index","follow":"follow","max-snippet":"max-snippet:-1","max-image-preview":"max-image-preview:large","max-video-preview":"max-video-preview:-1"},"canonical":"https:\/\/now-news.de\/de\/deutschland\/negerbrot-bleibt-negerbrot-klagenfurter-konditorei-behaelt-trotz-protesten-namen-bei\/","og_locale":"de_DE","og_type":"article","og_title":"Negerbrot bleibt Negerbrot: Klagenfurter Konditorei beh\u00e4lt trotz Protesten Namen bei","og_description":"In Klagenfurt verkauft die traditionsreiche Konditorei Zehrer seit Jahrzehnten eine Erdnuss-Schokolade unter dem Namen &#8220;Negerbrot&#8221;. Aktivisten eines Widerstandskollektivs werfen der B\u00e4ckerei Rassismus vor, beschmierten die Schaufenster mit pinker Kreide und forderten die Umbenennung. Die Inhaber weigern sich und lassen sich nicht erpressen. Seit \u00fcber 260\u00a0Jahren gibt es die Konditorei Zehrer am Alten Platz. Seit vielen [&hellip;]","og_url":"https:\/\/now-news.de\/de\/deutschland\/negerbrot-bleibt-negerbrot-klagenfurter-konditorei-behaelt-trotz-protesten-namen-bei\/","og_site_name":"just-now.NEWS Deutschland","article_publisher":"https:\/\/www.facebook.com\/wirmachenauf","article_published_time":"2026-07-11T14:57:34+00:00","og_image":[{"url":"https:\/\/now-news.de\/de\/wp-content\/uploads\/sites\/3\/2026\/07\/6a51190948fbef5dfe75e30a.png","type":"","width":"","height":""}],"author":"rtnews","twitter_card":"summary_large_image","twitter_creator":"@WirMachenAuf_de","twitter_site":"@WirMachenAuf_de","twitter_misc":{"Verfasst von":"rtnews","Gesch\u00e4tzte Lesezeit":"3\u00a0Minuten"},"schema":{"@context":"https:\/\/schema.org","@graph":[{"@type":"Article","@id":"https:\/\/now-news.de\/de\/deutschland\/negerbrot-bleibt-negerbrot-klagenfurter-konditorei-behaelt-trotz-protesten-namen-bei\/#article","isPartOf":{"@id":"https:\/\/now-news.de\/de\/deutschland\/negerbrot-bleibt-negerbrot-klagenfurter-konditorei-behaelt-trotz-protesten-namen-bei\/"},"author":{"name":"rtnews","@id":"https:\/\/now-news.de\/de\/#\/schema\/person\/fb534a4e865501d8b3285208df34a9b5"},"headline":"Negerbrot bleibt Negerbrot: Klagenfurter Konditorei beh\u00e4lt trotz Protesten Namen bei","datePublished":"2026-07-11T14:57:34+00:00","mainEntityOfPage":{"@id":"https:\/\/now-news.de\/de\/deutschland\/negerbrot-bleibt-negerbrot-klagenfurter-konditorei-behaelt-trotz-protesten-namen-bei\/"},"wordCount":626,"commentCount":0,"publisher":{"@id":"https:\/\/now-news.de\/de\/#organization"},"image":{"@id":"https:\/\/now-news.de\/de\/deutschland\/negerbrot-bleibt-negerbrot-klagenfurter-konditorei-behaelt-trotz-protesten-namen-bei\/#primaryimage"},"thumbnailUrl":"https:\/\/now-news.de\/de\/wp-content\/uploads\/sites\/3\/2026\/07\/Negerbrot-bleibt-Negerbrot-Klagenfurter-Konditorei-behaelt-trotz-Protesten-Namen-bei.png","keywords":["beh\u00e4lt","bei","bleibt","Klagenfurter","Konditorei","Namen","Negerbrot","Protesten","Trotz"],"articleSection":["Deutschland","Russland"],"inLanguage":"de","potentialAction":[{"@type":"CommentAction","name":"Comment","target":["https:\/\/now-news.de\/de\/deutschland\/negerbrot-bleibt-negerbrot-klagenfurter-konditorei-behaelt-trotz-protesten-namen-bei\/#respond"]}]},{"@type":"WebPage","@id":"https:\/\/now-news.de\/de\/deutschland\/negerbrot-bleibt-negerbrot-klagenfurter-konditorei-behaelt-trotz-protesten-namen-bei\/","url":"https:\/\/now-news.de\/de\/deutschland\/negerbrot-bleibt-negerbrot-klagenfurter-konditorei-behaelt-trotz-protesten-namen-bei\/","name":"Negerbrot bleibt Negerbrot: Klagenfurter Konditorei beh\u00e4lt trotz Protesten Namen bei - just-now.NEWS Deutschland","isPartOf":{"@id":"https:\/\/now-news.de\/de\/#website"},"primaryImageOfPage":{"@id":"https:\/\/now-news.de\/de\/deutschland\/negerbrot-bleibt-negerbrot-klagenfurter-konditorei-behaelt-trotz-protesten-namen-bei\/#primaryimage"},"image":{"@id":"https:\/\/now-news.de\/de\/deutschland\/negerbrot-bleibt-negerbrot-klagenfurter-konditorei-behaelt-trotz-protesten-namen-bei\/#primaryimage"},"thumbnailUrl":"https:\/\/now-news.de\/de\/wp-content\/uploads\/sites\/3\/2026\/07\/Negerbrot-bleibt-Negerbrot-Klagenfurter-Konditorei-behaelt-trotz-Protesten-Namen-bei.png","datePublished":"2026-07-11T14:57:34+00:00","breadcrumb":{"@id":"https:\/\/now-news.de\/de\/deutschland\/negerbrot-bleibt-negerbrot-klagenfurter-konditorei-behaelt-trotz-protesten-namen-bei\/#breadcrumb"},"inLanguage":"de","potentialAction":[{"@type":"ReadAction","target":["https:\/\/now-news.de\/de\/deutschland\/negerbrot-bleibt-negerbrot-klagenfurter-konditorei-behaelt-trotz-protesten-namen-bei\/"]}]},{"@type":"ImageObject","inLanguage":"de","@id":"https:\/\/now-news.de\/de\/deutschland\/negerbrot-bleibt-negerbrot-klagenfurter-konditorei-behaelt-trotz-protesten-namen-bei\/#primaryimage","url":"https:\/\/now-news.de\/de\/wp-content\/uploads\/sites\/3\/2026\/07\/Negerbrot-bleibt-Negerbrot-Klagenfurter-Konditorei-behaelt-trotz-Protesten-Namen-bei.png","contentUrl":"https:\/\/now-news.de\/de\/wp-content\/uploads\/sites\/3\/2026\/07\/Negerbrot-bleibt-Negerbrot-Klagenfurter-Konditorei-behaelt-trotz-Protesten-Namen-bei.png","width":1778,"height":1080,"caption":"Negerbrot bleibt Negerbrot: Klagenfurter Konditorei beh\u00e4lt trotz Protesten Namen bei"},{"@type":"BreadcrumbList","@id":"https:\/\/now-news.de\/de\/deutschland\/negerbrot-bleibt-negerbrot-klagenfurter-konditorei-behaelt-trotz-protesten-namen-bei\/#breadcrumb","itemListElement":[{"@type":"ListItem","position":1,"name":"Home","item":"https:\/\/now-news.de\/de\/"},{"@type":"ListItem","position":2,"name":"Negerbrot bleibt Negerbrot: Klagenfurter Konditorei beh\u00e4lt trotz Protesten Namen bei"}]},{"@type":"WebSite","@id":"https:\/\/now-news.de\/de\/#website","url":"https:\/\/now-news.de\/de\/","name":"just-now.NEWS Deutschland","description":"Das Portal f\u00fcr unzensierte Nachrichten aus der Welt","publisher":{"@id":"https:\/\/now-news.de\/de\/#organization"},"potentialAction":[{"@type":"SearchAction","target":{"@type":"EntryPoint","urlTemplate":"https:\/\/now-news.de\/de\/?s={search_term_string}"},"query-input":{"@type":"PropertyValueSpecification","valueRequired":true,"valueName":"search_term_string"}}],"inLanguage":"de"},{"@type":"Organization","@id":"https:\/\/now-news.de\/de\/#organization","name":"Just Now News","url":"https:\/\/now-news.de\/de\/","logo":{"@type":"ImageObject","inLanguage":"de","@id":"https:\/\/now-news.de\/de\/#\/schema\/logo\/image\/","url":"http:\/\/just-now.news\/de\/wp-content\/uploads\/sites\/3\/2022\/04\/logo500x500.jpg","contentUrl":"http:\/\/just-now.news\/de\/wp-content\/uploads\/sites\/3\/2022\/04\/logo500x500.jpg","width":500,"height":500,"caption":"Just Now News"},"image":{"@id":"https:\/\/now-news.de\/de\/#\/schema\/logo\/image\/"},"sameAs":["https:\/\/www.facebook.com\/wirmachenauf","https:\/\/x.com\/WirMachenAuf_de"]},{"@type":"Person","@id":"https:\/\/now-news.de\/de\/#\/schema\/person\/fb534a4e865501d8b3285208df34a9b5","name":"rtnews","image":{"@type":"ImageObject","inLanguage":"de","@id":"https:\/\/secure.gravatar.com\/avatar\/358fe31b3ab5769fea05376e1953329834cd9912cf9daf607e2af3076a1b982b?s=96&d=mm&r=g","url":"https:\/\/secure.gravatar.com\/avatar\/358fe31b3ab5769fea05376e1953329834cd9912cf9daf607e2af3076a1b982b?s=96&d=mm&r=g","contentUrl":"https:\/\/secure.gravatar.com\/avatar\/358fe31b3ab5769fea05376e1953329834cd9912cf9daf607e2af3076a1b982b?s=96&d=mm&r=g","caption":"rtnews"},"url":"https:\/\/now-news.de\/de\/author\/rnews\/"}]}},"_links":{"self":[{"href":"https:\/\/now-news.de\/de\/wp-json\/wp\/v2\/posts\/106699","targetHints":{"allow":["GET"]}}],"collection":[{"href":"https:\/\/now-news.de\/de\/wp-json\/wp\/v2\/posts"}],"about":[{"href":"https:\/\/now-news.de\/de\/wp-json\/wp\/v2\/types\/post"}],"author":[{"embeddable":true,"href":"https:\/\/now-news.de\/de\/wp-json\/wp\/v2\/users\/3"}],"replies":[{"embeddable":true,"href":"https:\/\/now-news.de\/de\/wp-json\/wp\/v2\/comments?post=106699"}],"version-history":[{"count":0,"href":"https:\/\/now-news.de\/de\/wp-json\/wp\/v2\/posts\/106699\/revisions"}],"wp:featuredmedia":[{"embeddable":true,"href":"https:\/\/now-news.de\/de\/wp-json\/wp\/v2\/media\/106700"}],"wp:attachment":[{"href":"https:\/\/now-news.de\/de\/wp-json\/wp\/v2\/media?parent=106699"}],"wp:term":[{"taxonomy":"category","embeddable":true,"href":"https:\/\/now-news.de\/de\/wp-json\/wp\/v2\/categories?post=106699"},{"taxonomy":"post_tag","embeddable":true,"href":"https:\/\/now-news.de\/de\/wp-json\/wp\/v2\/tags?post=106699"}],"curies":[{"name":"wp","href":"https:\/\/api.w.org\/{rel}","templated":true}]}}