{"id":10665,"date":"2022-06-12T22:55:00","date_gmt":"2022-06-12T20:55:00","guid":{"rendered":"http:\/\/just-now.news\/de\/usa\/aoc-lacht-nervoes-als-er-gebeten-wird-joe-biden-fuer-2024-zu-unterstuetzen-video\/"},"modified":"2022-06-12T22:55:00","modified_gmt":"2022-06-12T20:55:00","slug":"aoc-lacht-nervoes-als-er-gebeten-wird-joe-biden-fuer-2024-zu-unterstuetzen-video","status":"publish","type":"post","link":"https:\/\/now-news.de\/de\/usa\/aoc-lacht-nervoes-als-er-gebeten-wird-joe-biden-fuer-2024-zu-unterstuetzen-video\/","title":{"rendered":"AOC lacht nerv\u00f6s, als er gebeten wird, Joe Biden f\u00fcr 2024 zu unterst\u00fctzen (VIDEO)"},"content":{"rendered":"<div class=\"entry-content\">\n<p><\/p>\n<p>Das war umst\u00e4ndlich.<\/p>\n<p>Alexandria Ocasio-Cortez (NY), Mitglied des linksextremen Kaders, weigerte sich am Sonntag, Joe Biden f\u00fcr 2024 zu unterst\u00fctzen.<\/p>\n<div id=\"IC1-ad\" class=\"sponsor IC1\">\n<p class=\"ad-notice flipboard-remove\" fl:fl-noexcerpt=\"true\">Werbung \u2013 die Geschichte geht unten weiter<\/p>\n<div id=\"IC1\">\n<script>\n\t\t\t\t\tif( FFADS.units.IC1 && FFADS.units.IC1.ad_type == 'custom' && FFADS.units.IC1.custom_ads && ! getCookie( 'ff_subbed' ) ) {\n\t\t\t\t\t\tdocument.getElementById( 'IC1' ).innerHTML = FFADS.units.IC1.custom_ads[0].code;\n\t\t\t\t\t\tif( ! FFADS.units.IC1.lazy_load ) eval( FFADS.units.IC1.custom_ads[0].rendering_script );\n\t\t\t\t\t}\n\t\t\t\t\telse if( FFADS.units.IC1 && ! getCookie( 'ff_subbed' ) ) {\n\t\t\t\t\t\tif( 'IC' != 'SB' && 'IC' != 'SA' && FFADS.use_fixed_containers ) {\n\t\t\t\t\t\t\tlet max_wh = firefly_size_list_to_max_wh( FFADS.units.IC1.sizes );\n\t\t\t\t\t\t\tlet el = document.querySelector( '#IC1' );\n\t\t\t\t\t\t\tif( 'IC' != 'SA' && FFADS.slide_pixels ) {\n\t\t\t\t\t\t\t\tmax_wh[1] += parseInt( FFADS.slide_pixels );\n\t\t\t\t\t\t\t\tel.classList.add( 'sliding' );\n\t\t\t\t\t\t\t}\n\t\t\t\t\t\t\tel.style.width = max_wh[0] + 'px';\n\t\t\t\t\t\t\tel.style.height = max_wh[1] + 'px';\n\t\t\t\t\t\t\tel.classList.add( 'fixed-size' );\n\t\t\t\t\t\t}\n\t\t\t\t\t\tgoogletag.cmd.push( function() {\n\t\t\t\t\t\t\tFFADS.debug( 'googletag.displaying IC1' );\n\t\t\t\t\t\t\tgoogletag.display( 'IC1' );\n\t\t\t\t\t\t} );\n\t\t\t\t\t}\n\t\t\t\t\telse {\n\t\t\t\t\t\tdocument.querySelector( '#IC1-ad' ).style.display = 'none';}\n\t\t\t\t<\/script><\/div>\n<\/div>\n<p>Demokratische Gesetzgeber und demokratische Strategen wollen nicht, dass Joe Biden 2024 f\u00fcr das Pr\u00e4sidentenamt kandidiert.<\/p>\n<p>Der fr\u00fchere Obama-Berater David Axelrod sagte, Joe Biden, der diesen November 80 Jahre alt wird, sei einfach zu alt, um noch einmal f\u00fcr das Pr\u00e4sidentenamt zu kandidieren.<\/p>\n<p><script>\n\t\t\t\t\tif( ! getCookie( 'ff_subbed' ) ) if( typeof FFADS.replace_ict != 'undefined' ) if( FFADS.replace_ict ) eval( FFADS.replace_ict );\n\t\t\t\t<\/script><\/p>\n<p>\u201eDie Pr\u00e4sidentschaft ist ein ungeheuer anstrengender Job, und die nackte Realit\u00e4t ist, dass der Pr\u00e4sident am Ende einer zweiten Amtszeit eher 90 als 80 sein w\u00fcrde, und das w\u00e4re ein gro\u00dfes Problem\u201c, sagte David Axelrod.<\/p>\n<p>Demokratische Gesetzgeber, die sich zur Wiederwahl bewerben, wollen wegen seiner krachenden Umfragewerte nicht mit Joe Biden in Verbindung gebracht werden.<\/p>\n<div id=\"IC2-ad\" class=\"sponsor IC2\">\n<p class=\"ad-notice flipboard-remove\" fl:fl-noexcerpt=\"true\">Werbung \u2013 die Geschichte geht unten weiter<\/p>\n<div id=\"IC2\">\n<script>\n\t\t\t\t\tif( FFADS.units.IC2 && FFADS.units.IC2.ad_type == 'custom' && FFADS.units.IC2.custom_ads && ! getCookie( 'ff_subbed' ) ) {\n\t\t\t\t\t\tdocument.getElementById( 'IC2' ).innerHTML = FFADS.units.IC2.custom_ads[0].code;\n\t\t\t\t\t\tif( ! FFADS.units.IC2.lazy_load ) eval( FFADS.units.IC2.custom_ads[0].rendering_script );\n\t\t\t\t\t}\n\t\t\t\t\telse if( FFADS.units.IC2 && ! getCookie( 'ff_subbed' ) ) {\n\t\t\t\t\t\tif( 'IC' != 'SB' && 'IC' != 'SA' && FFADS.use_fixed_containers ) {\n\t\t\t\t\t\t\tlet max_wh = firefly_size_list_to_max_wh( FFADS.units.IC2.sizes );\n\t\t\t\t\t\t\tlet el = document.querySelector( '#IC2' );\n\t\t\t\t\t\t\tif( 'IC' != 'SA' && FFADS.slide_pixels ) {\n\t\t\t\t\t\t\t\tmax_wh[1] += parseInt( FFADS.slide_pixels );\n\t\t\t\t\t\t\t\tel.classList.add( 'sliding' );\n\t\t\t\t\t\t\t}\n\t\t\t\t\t\t\tel.style.width = max_wh[0] + 'px';\n\t\t\t\t\t\t\tel.style.height = max_wh[1] + 'px';\n\t\t\t\t\t\t\tel.classList.add( 'fixed-size' );\n\t\t\t\t\t\t}\n\t\t\t\t\t\tgoogletag.cmd.push( function() {\n\t\t\t\t\t\t\tFFADS.debug( 'googletag.displaying IC2' );\n\t\t\t\t\t\t\tgoogletag.display( 'IC2' );\n\t\t\t\t\t\t} );\n\t\t\t\t\t}\n\t\t\t\t\telse {\n\t\t\t\t\t\tdocument.querySelector( '#IC2-ad' ).style.display = 'none';}\n\t\t\t\t<\/script><\/div>\n<\/div>\n<p>Bidens Umfragewerte brechen weiter ein.<\/p>\n<p>AOC lachte unbeholfen, als Dana Bash von CNN sie bat, Biden f\u00fcr 2024 zu unterst\u00fctzen.<\/p>\n<p>UHR:<\/p>\n<blockquote class=\"twitter-tweet\">\n<p dir=\"ltr\" lang=\"en\">UHR:<a rel=\"nofollow noopener\" target=\"_blank\" href=\"https:\/\/twitter.com\/AOC\">@AOC<\/a> weigert sich zu sagen, ob sie Joe Biden unterst\u00fctzen w\u00fcrde, wenn er 2024 kandidiert.<\/p>\n<p>AOC: \u201eWir werden diese Br\u00fccke \u00fcberqueren, wenn wir sie erreichen \u2026\u201c<\/p>\n<p>Dana Bash von CNN: \u201eDas ist kein \u201aJa\u2018.\u201c<\/p>\n<p>Nach einer peinlichen Pause, AOC: \u201eYeah, you know\u2026\u201c <a rel=\"nofollow noopener\" target=\"_blank\" href=\"https:\/\/t.co\/lqlLNybZFl\">pic.twitter.com\/lqlLNybZFl<\/a><\/p>\n<p>\u2013 Steve Guest (@SteveGuest) <a rel=\"nofollow noopener\" target=\"_blank\" href=\"https:\/\/twitter.com\/SteveGuest\/status\/1535980596647940099\">12. Juni 2022<\/a><\/p>\n<\/blockquote>\n<p><script async src=\"https:\/\/platform.twitter.com\/widgets.js\" charset=\"utf-8\"><\/script><\/p>\n<p class=\"article-ask\"><span class=\"ask\"><script>\n  if( getParameterByName( \"utm_source\" ) == \"testpage\" ) {\n    !function(e,t,a,n,g){e[n]=e[n]||[],e[n].push({\"gtm.start\":(new Date).getTime(),event:\"gtm.js\"});var m=t.getElementsByTagName(a)[0],r=t.createElement(a);r.async=!0,r.src=\"https:\/\/www.googletagmanager.com\/gtm.js?id=GTM-PL4PD49\",m.parentNode.insertBefore(r,m)}(window.parent,window.parent.document,\"script\",\"dataLayer\");\n    var iframe=window.parent.document.createElement(\"iframe\");iframe.src=\"https:\/\/www.googletagmanager.com\/ns.html?id=GTM-PL4PD49\";iframe.height=\"0\";iframe.width=\"0\";iframe.style=\"display:none;visibility:hidden\";window.parent.document.body.appendChild(iframe);\n    window.parent[\"$$mm-analytics\"] = window.parent[\"$$mm-analytics\"] || {};if (typeof window.parent[\"$$mm-analytics\"].firstEmbed === \"undefined\") {window.parent[\"$$mm-analytics\"].firstEmbed = Date.now();}\n    let as1 = document.createElement( \"script\" );\n    as1.src = \"https:\/\/bucket1.mm-syringe.com\/prod\/configs\/ee2300c8-43d2-7f0b-dac0-40aaf31c9d3d.js\";\n    document.body.appendChild( as1 );\n    let as2 = document.createElement( \"script\" );\n    as2.src = \"https:\/\/bucket1.mm-syringe.com\/prod\/injector\/injector.1.5.3.js\";\n    document.body.appendChild( as2 );\n  }\n<\/script><\/p>\n<div class=\"apester-media\" data-token=\"5f10a39f94902bc81d3d59a7\" data-context=\"true\" data-tags=\"\" data-fallback=\"true\" height=\"350\"><\/div>\n<p><script id=\"apester_script\" src=\"https:\/\/static.apester.com\/js\/sdk\/latest\/apester-sdk.js\" async><\/script><script async src=\"https:\/\/www.googletagmanager.com\/gtag\/js?id=G-EFE91RJVSQ\"><\/script><script>\n  window.dataLayer = window.dataLayer || [];\n  function gtag(){dataLayer.push(arguments);}\n  gtag(\\\\\\'js\\\\\\', new Date());\n  gtag(\\\\\\'config\\\\\\', \\\\\\'G-EFE91RJVSQ\\\\\\');\n<\/script><script type=\"text\/javascript\">\n\tfunction e(e){var t=!(arguments.length>1&&void 0!==arguments[1])||arguments[1],c=document.createElement(\"script\");c.src=e,t?c.type=\"module\":(c.async=!0,c.type=\"text\/javascript\",c.setAttribute(\"nomodule\",\"\"));var n=document.getElementsByTagName(\"script\")[0];n.parentNode.insertBefore(c,n)}function t(t,c,n){var a,o,r;null!==(a=t.marfeel)&&void 0!==a||(t.marfeel={}),null!==(o=(r=t.marfeel).cmd)&&void 0!==o||(r.cmd=[]),t.marfeel.config=n,t.marfeel.config.accountId=c;var i=\"https:\/\/sdk.mrf.io\/statics\";e(\"\".concat(i,\"\/marfeel-sdk.js?id=\").concat(c),!0),e(\"\".concat(i,\"\/marfeel-sdk.es5.js?id=\").concat(c),!1)}!function(e,c){var n=arguments.length>2&&void 0!==arguments[2]?arguments[2]:{};t(e,c,n)}(window,1573,{} \/*config*\/);\n<\/script><\/span><\/p>\n<\/div>\n<p><br \/>\n<br \/><a href=\"https:\/\/www.thegatewaypundit.com\/2022\/06\/aoc-nervously-laughs-asked-endorse-joe-biden-2024-video\/\">Source link <\/a><\/p>\n","protected":false},"excerpt":{"rendered":"<p>Das war umst\u00e4ndlich. Alexandria Ocasio-Cortez (NY), Mitglied des linksextremen Kaders, weigerte sich am Sonntag, Joe Biden f\u00fcr 2024 zu unterst\u00fctzen. Werbung \u2013 die Geschichte geht unten weiter Demokratische Gesetzgeber und demokratische Strategen wollen nicht, dass Joe Biden 2024 f\u00fcr das Pr\u00e4sidentenamt kandidiert. Der fr\u00fchere Obama-Berater David Axelrod sagte, Joe Biden, der diesen November 80 Jahre [&hellip;]<\/p>\n","protected":false},"author":5,"featured_media":10666,"comment_status":"open","ping_status":"open","sticky":false,"template":"","format":"standard","meta":{"wp_automatic_camp":["1161"],"2b02ee69b5daa50abd2905d6dea03499":["AOC lacht nerv\u00f6s, als er gebeten wird, Joe Biden f\u00fcr 2024 zu unterst\u00fctzen (VIDEO)\n"],"original_link":["https:\/\/www.thegatewaypundit.com\/2022\/06\/aoc-nervously-laughs-asked-endorse-joe-biden-2024-video\/"],"_thumbnail_id":["10666"],"wp_automatic_remove_first_image":["yes"],"jnews_social_counter_last_update":["1777552451"]},"categories":[25],"tags":[273,13047,1348,221,24212,2150,15532,24211,1190,173,374],"yoast_head":"<!-- This site is optimized with the Yoast SEO Premium plugin v22.7 (Yoast SEO v22.7) - https:\/\/yoast.com\/wordpress\/plugins\/seo\/ -->\n<title>AOC lacht nerv\u00f6s, als er gebeten wird, Joe Biden f\u00fcr 2024 zu unterst\u00fctzen (VIDEO) - just-now.NEWS Deutschland<\/title>\n<meta name=\"robots\" content=\"index, follow, max-snippet:-1, max-image-preview:large, max-video-preview:-1\" \/>\n<link rel=\"canonical\" href=\"https:\/\/now-news.de\/de\/usa\/aoc-lacht-nervoes-als-er-gebeten-wird-joe-biden-fuer-2024-zu-unterstuetzen-video\/\" \/>\n<meta property=\"og:locale\" content=\"de_DE\" \/>\n<meta property=\"og:type\" content=\"article\" \/>\n<meta property=\"og:title\" content=\"AOC lacht nerv\u00f6s, als er gebeten wird, Joe Biden f\u00fcr 2024 zu unterst\u00fctzen (VIDEO)\" \/>\n<meta property=\"og:description\" content=\"Das war umst\u00e4ndlich. Alexandria Ocasio-Cortez (NY), Mitglied des linksextremen Kaders, weigerte sich am Sonntag, Joe Biden f\u00fcr 2024 zu unterst\u00fctzen. Werbung \u2013 die Geschichte geht unten weiter Demokratische Gesetzgeber und demokratische Strategen wollen nicht, dass Joe Biden 2024 f\u00fcr das Pr\u00e4sidentenamt kandidiert. Der fr\u00fchere Obama-Berater David Axelrod sagte, Joe Biden, der diesen November 80 Jahre [&hellip;]\" \/>\n<meta property=\"og:url\" content=\"https:\/\/now-news.de\/de\/usa\/aoc-lacht-nervoes-als-er-gebeten-wird-joe-biden-fuer-2024-zu-unterstuetzen-video\/\" \/>\n<meta property=\"og:site_name\" content=\"just-now.NEWS Deutschland\" \/>\n<meta property=\"article:publisher\" content=\"https:\/\/www.facebook.com\/wirmachenauf\" \/>\n<meta property=\"article:published_time\" content=\"2022-06-12T20:55:00+00:00\" \/>\n<meta property=\"og:image\" content=\"https:\/\/now-news.de\/de\/wp-content\/uploads\/sites\/3\/2022\/06\/AOC-lacht-nervoes-als-er-gebeten-wird-Joe-Biden-fuer.jpg\" \/>\n\t<meta property=\"og:image:width\" content=\"1169\" \/>\n\t<meta property=\"og:image:height\" content=\"640\" \/>\n\t<meta property=\"og:image:type\" content=\"image\/jpeg\" \/>\n<meta name=\"author\" content=\"greatreset\" \/>\n<meta name=\"twitter:card\" content=\"summary_large_image\" \/>\n<meta name=\"twitter:creator\" content=\"@WirMachenAuf_de\" \/>\n<meta name=\"twitter:site\" content=\"@WirMachenAuf_de\" \/>\n<meta name=\"twitter:label1\" content=\"Verfasst von\" \/>\n\t<meta name=\"twitter:data1\" content=\"greatreset\" \/>\n\t<meta name=\"twitter:label2\" content=\"Gesch\u00e4tzte Lesezeit\" \/>\n\t<meta name=\"twitter:data2\" content=\"1\u00a0Minute\" \/>\n<script type=\"application\/ld+json\" class=\"yoast-schema-graph\">{\"@context\":\"https:\/\/schema.org\",\"@graph\":[{\"@type\":\"Article\",\"@id\":\"https:\/\/now-news.de\/de\/usa\/aoc-lacht-nervoes-als-er-gebeten-wird-joe-biden-fuer-2024-zu-unterstuetzen-video\/#article\",\"isPartOf\":{\"@id\":\"https:\/\/now-news.de\/de\/usa\/aoc-lacht-nervoes-als-er-gebeten-wird-joe-biden-fuer-2024-zu-unterstuetzen-video\/\"},\"author\":{\"name\":\"greatreset\",\"@id\":\"https:\/\/now-news.de\/de\/#\/schema\/person\/8afb4cd92b68572db7902c13a349ffcb\"},\"headline\":\"AOC lacht nerv\u00f6s, als er gebeten wird, Joe Biden f\u00fcr 2024 zu unterst\u00fctzen (VIDEO)\",\"datePublished\":\"2022-06-12T20:55:00+00:00\",\"dateModified\":\"2022-06-12T20:55:00+00:00\",\"mainEntityOfPage\":{\"@id\":\"https:\/\/now-news.de\/de\/usa\/aoc-lacht-nervoes-als-er-gebeten-wird-joe-biden-fuer-2024-zu-unterstuetzen-video\/\"},\"wordCount\":231,\"commentCount\":0,\"publisher\":{\"@id\":\"https:\/\/now-news.de\/de\/#organization\"},\"image\":{\"@id\":\"https:\/\/now-news.de\/de\/usa\/aoc-lacht-nervoes-als-er-gebeten-wird-joe-biden-fuer-2024-zu-unterstuetzen-video\/#primaryimage\"},\"thumbnailUrl\":\"https:\/\/now-news.de\/de\/wp-content\/uploads\/sites\/3\/2022\/06\/AOC-lacht-nervoes-als-er-gebeten-wird-Joe-Biden-fuer.jpg\",\"keywords\":[\"als\",\"AOC\",\"Biden\",\"f\u00fcr\",\"gebeten\",\"Joe\",\"lacht\",\"nerv\u00f6s\",\"unterst\u00fctzen\",\"Video\",\"wird\"],\"articleSection\":[\"USA\"],\"inLanguage\":\"de\",\"potentialAction\":[{\"@type\":\"CommentAction\",\"name\":\"Comment\",\"target\":[\"https:\/\/now-news.de\/de\/usa\/aoc-lacht-nervoes-als-er-gebeten-wird-joe-biden-fuer-2024-zu-unterstuetzen-video\/#respond\"]}]},{\"@type\":\"WebPage\",\"@id\":\"https:\/\/now-news.de\/de\/usa\/aoc-lacht-nervoes-als-er-gebeten-wird-joe-biden-fuer-2024-zu-unterstuetzen-video\/\",\"url\":\"https:\/\/now-news.de\/de\/usa\/aoc-lacht-nervoes-als-er-gebeten-wird-joe-biden-fuer-2024-zu-unterstuetzen-video\/\",\"name\":\"AOC lacht nerv\u00f6s, als er gebeten wird, Joe Biden f\u00fcr 2024 zu unterst\u00fctzen (VIDEO) - just-now.NEWS Deutschland\",\"isPartOf\":{\"@id\":\"https:\/\/now-news.de\/de\/#website\"},\"primaryImageOfPage\":{\"@id\":\"https:\/\/now-news.de\/de\/usa\/aoc-lacht-nervoes-als-er-gebeten-wird-joe-biden-fuer-2024-zu-unterstuetzen-video\/#primaryimage\"},\"image\":{\"@id\":\"https:\/\/now-news.de\/de\/usa\/aoc-lacht-nervoes-als-er-gebeten-wird-joe-biden-fuer-2024-zu-unterstuetzen-video\/#primaryimage\"},\"thumbnailUrl\":\"https:\/\/now-news.de\/de\/wp-content\/uploads\/sites\/3\/2022\/06\/AOC-lacht-nervoes-als-er-gebeten-wird-Joe-Biden-fuer.jpg\",\"datePublished\":\"2022-06-12T20:55:00+00:00\",\"dateModified\":\"2022-06-12T20:55:00+00:00\",\"breadcrumb\":{\"@id\":\"https:\/\/now-news.de\/de\/usa\/aoc-lacht-nervoes-als-er-gebeten-wird-joe-biden-fuer-2024-zu-unterstuetzen-video\/#breadcrumb\"},\"inLanguage\":\"de\",\"potentialAction\":[{\"@type\":\"ReadAction\",\"target\":[\"https:\/\/now-news.de\/de\/usa\/aoc-lacht-nervoes-als-er-gebeten-wird-joe-biden-fuer-2024-zu-unterstuetzen-video\/\"]}]},{\"@type\":\"ImageObject\",\"inLanguage\":\"de\",\"@id\":\"https:\/\/now-news.de\/de\/usa\/aoc-lacht-nervoes-als-er-gebeten-wird-joe-biden-fuer-2024-zu-unterstuetzen-video\/#primaryimage\",\"url\":\"https:\/\/now-news.de\/de\/wp-content\/uploads\/sites\/3\/2022\/06\/AOC-lacht-nervoes-als-er-gebeten-wird-Joe-Biden-fuer.jpg\",\"contentUrl\":\"https:\/\/now-news.de\/de\/wp-content\/uploads\/sites\/3\/2022\/06\/AOC-lacht-nervoes-als-er-gebeten-wird-Joe-Biden-fuer.jpg\",\"width\":1169,\"height\":640},{\"@type\":\"BreadcrumbList\",\"@id\":\"https:\/\/now-news.de\/de\/usa\/aoc-lacht-nervoes-als-er-gebeten-wird-joe-biden-fuer-2024-zu-unterstuetzen-video\/#breadcrumb\",\"itemListElement\":[{\"@type\":\"ListItem\",\"position\":1,\"name\":\"Home\",\"item\":\"https:\/\/now-news.de\/de\/\"},{\"@type\":\"ListItem\",\"position\":2,\"name\":\"AOC lacht nerv\u00f6s, als er gebeten wird, Joe Biden f\u00fcr 2024 zu unterst\u00fctzen (VIDEO)\"}]},{\"@type\":\"WebSite\",\"@id\":\"https:\/\/now-news.de\/de\/#website\",\"url\":\"https:\/\/now-news.de\/de\/\",\"name\":\"just-now.NEWS Deutschland\",\"description\":\"Das Portal f\u00fcr unzensierte Nachrichten aus der Welt\",\"publisher\":{\"@id\":\"https:\/\/now-news.de\/de\/#organization\"},\"potentialAction\":[{\"@type\":\"SearchAction\",\"target\":{\"@type\":\"EntryPoint\",\"urlTemplate\":\"https:\/\/now-news.de\/de\/?s={search_term_string}\"},\"query-input\":\"required name=search_term_string\"}],\"inLanguage\":\"de\"},{\"@type\":\"Organization\",\"@id\":\"https:\/\/now-news.de\/de\/#organization\",\"name\":\"Just Now News\",\"url\":\"https:\/\/now-news.de\/de\/\",\"logo\":{\"@type\":\"ImageObject\",\"inLanguage\":\"de\",\"@id\":\"https:\/\/now-news.de\/de\/#\/schema\/logo\/image\/\",\"url\":\"http:\/\/just-now.news\/de\/wp-content\/uploads\/sites\/3\/2022\/04\/logo500x500.jpg\",\"contentUrl\":\"http:\/\/just-now.news\/de\/wp-content\/uploads\/sites\/3\/2022\/04\/logo500x500.jpg\",\"width\":500,\"height\":500,\"caption\":\"Just Now News\"},\"image\":{\"@id\":\"https:\/\/now-news.de\/de\/#\/schema\/logo\/image\/\"},\"sameAs\":[\"https:\/\/www.facebook.com\/wirmachenauf\",\"https:\/\/x.com\/WirMachenAuf_de\"]},{\"@type\":\"Person\",\"@id\":\"https:\/\/now-news.de\/de\/#\/schema\/person\/8afb4cd92b68572db7902c13a349ffcb\",\"name\":\"greatreset\",\"image\":{\"@type\":\"ImageObject\",\"inLanguage\":\"de\",\"@id\":\"https:\/\/now-news.de\/de\/#\/schema\/person\/image\/\",\"url\":\"https:\/\/secure.gravatar.com\/avatar\/a088df625d49991c090e78c8b9542592?s=96&d=mm&r=g\",\"contentUrl\":\"https:\/\/secure.gravatar.com\/avatar\/a088df625d49991c090e78c8b9542592?s=96&d=mm&r=g\",\"caption\":\"greatreset\"},\"url\":\"https:\/\/now-news.de\/de\/author\/greatreset\/\"}]}<\/script>\n<!-- \/ Yoast SEO Premium plugin. -->","yoast_head_json":{"title":"AOC lacht nerv\u00f6s, als er gebeten wird, Joe Biden f\u00fcr 2024 zu unterst\u00fctzen (VIDEO) - just-now.NEWS Deutschland","robots":{"index":"index","follow":"follow","max-snippet":"max-snippet:-1","max-image-preview":"max-image-preview:large","max-video-preview":"max-video-preview:-1"},"canonical":"https:\/\/now-news.de\/de\/usa\/aoc-lacht-nervoes-als-er-gebeten-wird-joe-biden-fuer-2024-zu-unterstuetzen-video\/","og_locale":"de_DE","og_type":"article","og_title":"AOC lacht nerv\u00f6s, als er gebeten wird, Joe Biden f\u00fcr 2024 zu unterst\u00fctzen (VIDEO)","og_description":"Das war umst\u00e4ndlich. Alexandria Ocasio-Cortez (NY), Mitglied des linksextremen Kaders, weigerte sich am Sonntag, Joe Biden f\u00fcr 2024 zu unterst\u00fctzen. Werbung \u2013 die Geschichte geht unten weiter Demokratische Gesetzgeber und demokratische Strategen wollen nicht, dass Joe Biden 2024 f\u00fcr das Pr\u00e4sidentenamt kandidiert. Der fr\u00fchere Obama-Berater David Axelrod sagte, Joe Biden, der diesen November 80 Jahre [&hellip;]","og_url":"https:\/\/now-news.de\/de\/usa\/aoc-lacht-nervoes-als-er-gebeten-wird-joe-biden-fuer-2024-zu-unterstuetzen-video\/","og_site_name":"just-now.NEWS Deutschland","article_publisher":"https:\/\/www.facebook.com\/wirmachenauf","article_published_time":"2022-06-12T20:55:00+00:00","og_image":[{"width":1169,"height":640,"url":"https:\/\/now-news.de\/de\/wp-content\/uploads\/sites\/3\/2022\/06\/AOC-lacht-nervoes-als-er-gebeten-wird-Joe-Biden-fuer.jpg","type":"image\/jpeg"}],"author":"greatreset","twitter_card":"summary_large_image","twitter_creator":"@WirMachenAuf_de","twitter_site":"@WirMachenAuf_de","twitter_misc":{"Verfasst von":"greatreset","Gesch\u00e4tzte Lesezeit":"1\u00a0Minute"},"schema":{"@context":"https:\/\/schema.org","@graph":[{"@type":"Article","@id":"https:\/\/now-news.de\/de\/usa\/aoc-lacht-nervoes-als-er-gebeten-wird-joe-biden-fuer-2024-zu-unterstuetzen-video\/#article","isPartOf":{"@id":"https:\/\/now-news.de\/de\/usa\/aoc-lacht-nervoes-als-er-gebeten-wird-joe-biden-fuer-2024-zu-unterstuetzen-video\/"},"author":{"name":"greatreset","@id":"https:\/\/now-news.de\/de\/#\/schema\/person\/8afb4cd92b68572db7902c13a349ffcb"},"headline":"AOC lacht nerv\u00f6s, als er gebeten wird, Joe Biden f\u00fcr 2024 zu unterst\u00fctzen (VIDEO)","datePublished":"2022-06-12T20:55:00+00:00","dateModified":"2022-06-12T20:55:00+00:00","mainEntityOfPage":{"@id":"https:\/\/now-news.de\/de\/usa\/aoc-lacht-nervoes-als-er-gebeten-wird-joe-biden-fuer-2024-zu-unterstuetzen-video\/"},"wordCount":231,"commentCount":0,"publisher":{"@id":"https:\/\/now-news.de\/de\/#organization"},"image":{"@id":"https:\/\/now-news.de\/de\/usa\/aoc-lacht-nervoes-als-er-gebeten-wird-joe-biden-fuer-2024-zu-unterstuetzen-video\/#primaryimage"},"thumbnailUrl":"https:\/\/now-news.de\/de\/wp-content\/uploads\/sites\/3\/2022\/06\/AOC-lacht-nervoes-als-er-gebeten-wird-Joe-Biden-fuer.jpg","keywords":["als","AOC","Biden","f\u00fcr","gebeten","Joe","lacht","nerv\u00f6s","unterst\u00fctzen","Video","wird"],"articleSection":["USA"],"inLanguage":"de","potentialAction":[{"@type":"CommentAction","name":"Comment","target":["https:\/\/now-news.de\/de\/usa\/aoc-lacht-nervoes-als-er-gebeten-wird-joe-biden-fuer-2024-zu-unterstuetzen-video\/#respond"]}]},{"@type":"WebPage","@id":"https:\/\/now-news.de\/de\/usa\/aoc-lacht-nervoes-als-er-gebeten-wird-joe-biden-fuer-2024-zu-unterstuetzen-video\/","url":"https:\/\/now-news.de\/de\/usa\/aoc-lacht-nervoes-als-er-gebeten-wird-joe-biden-fuer-2024-zu-unterstuetzen-video\/","name":"AOC lacht nerv\u00f6s, als er gebeten wird, Joe Biden f\u00fcr 2024 zu unterst\u00fctzen (VIDEO) - just-now.NEWS Deutschland","isPartOf":{"@id":"https:\/\/now-news.de\/de\/#website"},"primaryImageOfPage":{"@id":"https:\/\/now-news.de\/de\/usa\/aoc-lacht-nervoes-als-er-gebeten-wird-joe-biden-fuer-2024-zu-unterstuetzen-video\/#primaryimage"},"image":{"@id":"https:\/\/now-news.de\/de\/usa\/aoc-lacht-nervoes-als-er-gebeten-wird-joe-biden-fuer-2024-zu-unterstuetzen-video\/#primaryimage"},"thumbnailUrl":"https:\/\/now-news.de\/de\/wp-content\/uploads\/sites\/3\/2022\/06\/AOC-lacht-nervoes-als-er-gebeten-wird-Joe-Biden-fuer.jpg","datePublished":"2022-06-12T20:55:00+00:00","dateModified":"2022-06-12T20:55:00+00:00","breadcrumb":{"@id":"https:\/\/now-news.de\/de\/usa\/aoc-lacht-nervoes-als-er-gebeten-wird-joe-biden-fuer-2024-zu-unterstuetzen-video\/#breadcrumb"},"inLanguage":"de","potentialAction":[{"@type":"ReadAction","target":["https:\/\/now-news.de\/de\/usa\/aoc-lacht-nervoes-als-er-gebeten-wird-joe-biden-fuer-2024-zu-unterstuetzen-video\/"]}]},{"@type":"ImageObject","inLanguage":"de","@id":"https:\/\/now-news.de\/de\/usa\/aoc-lacht-nervoes-als-er-gebeten-wird-joe-biden-fuer-2024-zu-unterstuetzen-video\/#primaryimage","url":"https:\/\/now-news.de\/de\/wp-content\/uploads\/sites\/3\/2022\/06\/AOC-lacht-nervoes-als-er-gebeten-wird-Joe-Biden-fuer.jpg","contentUrl":"https:\/\/now-news.de\/de\/wp-content\/uploads\/sites\/3\/2022\/06\/AOC-lacht-nervoes-als-er-gebeten-wird-Joe-Biden-fuer.jpg","width":1169,"height":640},{"@type":"BreadcrumbList","@id":"https:\/\/now-news.de\/de\/usa\/aoc-lacht-nervoes-als-er-gebeten-wird-joe-biden-fuer-2024-zu-unterstuetzen-video\/#breadcrumb","itemListElement":[{"@type":"ListItem","position":1,"name":"Home","item":"https:\/\/now-news.de\/de\/"},{"@type":"ListItem","position":2,"name":"AOC lacht nerv\u00f6s, als er gebeten wird, Joe Biden f\u00fcr 2024 zu unterst\u00fctzen (VIDEO)"}]},{"@type":"WebSite","@id":"https:\/\/now-news.de\/de\/#website","url":"https:\/\/now-news.de\/de\/","name":"just-now.NEWS Deutschland","description":"Das Portal f\u00fcr unzensierte Nachrichten aus der Welt","publisher":{"@id":"https:\/\/now-news.de\/de\/#organization"},"potentialAction":[{"@type":"SearchAction","target":{"@type":"EntryPoint","urlTemplate":"https:\/\/now-news.de\/de\/?s={search_term_string}"},"query-input":"required name=search_term_string"}],"inLanguage":"de"},{"@type":"Organization","@id":"https:\/\/now-news.de\/de\/#organization","name":"Just Now News","url":"https:\/\/now-news.de\/de\/","logo":{"@type":"ImageObject","inLanguage":"de","@id":"https:\/\/now-news.de\/de\/#\/schema\/logo\/image\/","url":"http:\/\/just-now.news\/de\/wp-content\/uploads\/sites\/3\/2022\/04\/logo500x500.jpg","contentUrl":"http:\/\/just-now.news\/de\/wp-content\/uploads\/sites\/3\/2022\/04\/logo500x500.jpg","width":500,"height":500,"caption":"Just Now News"},"image":{"@id":"https:\/\/now-news.de\/de\/#\/schema\/logo\/image\/"},"sameAs":["https:\/\/www.facebook.com\/wirmachenauf","https:\/\/x.com\/WirMachenAuf_de"]},{"@type":"Person","@id":"https:\/\/now-news.de\/de\/#\/schema\/person\/8afb4cd92b68572db7902c13a349ffcb","name":"greatreset","image":{"@type":"ImageObject","inLanguage":"de","@id":"https:\/\/now-news.de\/de\/#\/schema\/person\/image\/","url":"https:\/\/secure.gravatar.com\/avatar\/a088df625d49991c090e78c8b9542592?s=96&d=mm&r=g","contentUrl":"https:\/\/secure.gravatar.com\/avatar\/a088df625d49991c090e78c8b9542592?s=96&d=mm&r=g","caption":"greatreset"},"url":"https:\/\/now-news.de\/de\/author\/greatreset\/"}]}},"_links":{"self":[{"href":"https:\/\/now-news.de\/de\/wp-json\/wp\/v2\/posts\/10665"}],"collection":[{"href":"https:\/\/now-news.de\/de\/wp-json\/wp\/v2\/posts"}],"about":[{"href":"https:\/\/now-news.de\/de\/wp-json\/wp\/v2\/types\/post"}],"author":[{"embeddable":true,"href":"https:\/\/now-news.de\/de\/wp-json\/wp\/v2\/users\/5"}],"replies":[{"embeddable":true,"href":"https:\/\/now-news.de\/de\/wp-json\/wp\/v2\/comments?post=10665"}],"version-history":[{"count":0,"href":"https:\/\/now-news.de\/de\/wp-json\/wp\/v2\/posts\/10665\/revisions"}],"wp:featuredmedia":[{"embeddable":true,"href":"https:\/\/now-news.de\/de\/wp-json\/wp\/v2\/media\/10666"}],"wp:attachment":[{"href":"https:\/\/now-news.de\/de\/wp-json\/wp\/v2\/media?parent=10665"}],"wp:term":[{"taxonomy":"category","embeddable":true,"href":"https:\/\/now-news.de\/de\/wp-json\/wp\/v2\/categories?post=10665"},{"taxonomy":"post_tag","embeddable":true,"href":"https:\/\/now-news.de\/de\/wp-json\/wp\/v2\/tags?post=10665"}],"curies":[{"name":"wp","href":"https:\/\/api.w.org\/{rel}","templated":true}]}}