{"id":10606,"date":"2022-06-12T03:58:00","date_gmt":"2022-06-12T01:58:00","guid":{"rendered":"http:\/\/just-now.news\/de\/usa\/wie-wir-immer-vermutet-haben-die-strafverfolgungsbehoerden-geben-zu-dass-sie-informanten-innerhalb-der-patriot-front-group-haben-31-in-einem-uhaul-auf-dem-weg-zum-protest-festgenommen\/"},"modified":"2022-06-12T03:58:00","modified_gmt":"2022-06-12T01:58:00","slug":"wie-wir-immer-vermutet-haben-die-strafverfolgungsbehoerden-geben-zu-dass-sie-informanten-innerhalb-der-patriot-front-group-haben-31-in-einem-uhaul-auf-dem-weg-zum-protest-festgenommen","status":"publish","type":"post","link":"https:\/\/now-news.de\/de\/usa\/wie-wir-immer-vermutet-haben-die-strafverfolgungsbehoerden-geben-zu-dass-sie-informanten-innerhalb-der-patriot-front-group-haben-31-in-einem-uhaul-auf-dem-weg-zum-protest-festgenommen\/","title":{"rendered":"Wie wir immer vermutet haben: Die Strafverfolgungsbeh\u00f6rden geben zu, dass sie Informanten innerhalb der Patriot Front Group haben \u2013 31 in einem Uhaul auf dem Weg zum Protest festgenommen"},"content":{"rendered":"<div class=\"entry-content\">\n<p><\/p>\n<p>Am Samstag wurden 31 Mitglieder der Patriot Front-Gruppe, einer mutma\u00dflichen Gruppe wei\u00dfer Rassisten, in Idaho auf dem Weg zu einem Protest festgenommen.<\/p>\n<p>Sie reisen mit Schilden auf dem R\u00fccken eines Uhaul zu einem Gay-Pride-Event.<\/p>\n<div id=\"IC1-ad\" class=\"sponsor IC1\">\n<p class=\"ad-notice flipboard-remove\" fl:fl-noexcerpt=\"true\">Werbung \u2013 die Geschichte geht unten weiter<\/p>\n<div id=\"IC1\">\n<script>\n\t\t\t\t\tif( FFADS.units.IC1 && FFADS.units.IC1.ad_type == 'custom' && FFADS.units.IC1.custom_ads && ! getCookie( 'ff_subbed' ) ) {\n\t\t\t\t\t\tdocument.getElementById( 'IC1' ).innerHTML = FFADS.units.IC1.custom_ads[0].code;\n\t\t\t\t\t\tif( ! FFADS.units.IC1.lazy_load ) eval( FFADS.units.IC1.custom_ads[0].rendering_script );\n\t\t\t\t\t}\n\t\t\t\t\telse if( FFADS.units.IC1 && ! getCookie( 'ff_subbed' ) ) {\n\t\t\t\t\t\tif( 'IC' != 'SB' && 'IC' != 'SA' && FFADS.use_fixed_containers ) {\n\t\t\t\t\t\t\tlet max_wh = firefly_size_list_to_max_wh( FFADS.units.IC1.sizes );\n\t\t\t\t\t\t\tlet el = document.querySelector( '#IC1' );\n\t\t\t\t\t\t\tif( 'IC' != 'SA' && FFADS.slide_pixels ) {\n\t\t\t\t\t\t\t\tmax_wh[1] += parseInt( FFADS.slide_pixels );\n\t\t\t\t\t\t\t\tel.classList.add( 'sliding' );\n\t\t\t\t\t\t\t}\n\t\t\t\t\t\t\tel.style.width = max_wh[0] + 'px';\n\t\t\t\t\t\t\tel.style.height = max_wh[1] + 'px';\n\t\t\t\t\t\t\tel.classList.add( 'fixed-size' );\n\t\t\t\t\t\t}\n\t\t\t\t\t\tgoogletag.cmd.push( function() {\n\t\t\t\t\t\t\tFFADS.debug( 'googletag.displaying IC1' );\n\t\t\t\t\t\t\tgoogletag.display( 'IC1' );\n\t\t\t\t\t\t} );\n\t\t\t\t\t}\n\t\t\t\t\telse {\n\t\t\t\t\t\tdocument.querySelector( '#IC1-ad' ).style.display = 'none';}\n\t\t\t\t<\/script><\/div>\n<\/div>\n<p>Kristinn Taylor berichtete heute Abend \u00fcber die Verhaftungen der Patriot Front.<\/p>\n<p><img decoding=\"async\" loading=\"lazy\" class=\"alignnone size-full wp-image-744261\" src=\"http:\/\/just-now.news\/de\/wp-content\/uploads\/sites\/3\/2022\/06\/1655011603_564_Wie-wir-immer-vermutet-haben-Die-Strafverfolgungsbehoerden-geben-zu-dass.jpg\" alt=\"\" width=\"360\" height=\"270\"><\/p>\n<p><script>\n\t\t\t\t\tif( ! getCookie( 'ff_subbed' ) ) if( typeof FFADS.replace_ict != 'undefined' ) if( FFADS.replace_ict ) eval( FFADS.replace_ict );\n\t\t\t\t<\/script><\/p>\n<p>Nach der Festnahme heute gab ein \u00f6rtlicher Polizeibeamter zu, von den geplanten Protesten gewusst zu haben, weil die Patriot Front von Strafverfolgungsbeh\u00f6rden infiltriert wurde.<\/p>\n<blockquote class=\"twitter-tweet\">\n<p dir=\"ltr\" lang=\"en\">Quelle: https:\/\/t.co\/2vxKBoncrj <a rel=\"nofollow noopener\" target=\"_blank\" href=\"https:\/\/t.co\/SHenj9wW7m\">pic.twitter.com\/SHenj9wW7m<\/a><\/p>\n<p>\u2013 Talia Jane (@taliaotg) <a rel=\"nofollow noopener\" target=\"_blank\" href=\"https:\/\/twitter.com\/taliaotg\/status\/1535752096586276865\">11. Juni 2022<\/a><\/p>\n<\/blockquote>\n<div id=\"IC2-ad\" class=\"sponsor IC2\">\n<p class=\"ad-notice flipboard-remove\" fl:fl-noexcerpt=\"true\">Werbung \u2013 die Geschichte geht unten weiter<\/p>\n<div id=\"IC2\">\n<script>\n\t\t\t\t\tif( FFADS.units.IC2 && FFADS.units.IC2.ad_type == 'custom' && FFADS.units.IC2.custom_ads && ! getCookie( 'ff_subbed' ) ) {\n\t\t\t\t\t\tdocument.getElementById( 'IC2' ).innerHTML = FFADS.units.IC2.custom_ads[0].code;\n\t\t\t\t\t\tif( ! FFADS.units.IC2.lazy_load ) eval( FFADS.units.IC2.custom_ads[0].rendering_script );\n\t\t\t\t\t}\n\t\t\t\t\telse if( FFADS.units.IC2 && ! getCookie( 'ff_subbed' ) ) {\n\t\t\t\t\t\tif( 'IC' != 'SB' && 'IC' != 'SA' && FFADS.use_fixed_containers ) {\n\t\t\t\t\t\t\tlet max_wh = firefly_size_list_to_max_wh( FFADS.units.IC2.sizes );\n\t\t\t\t\t\t\tlet el = document.querySelector( '#IC2' );\n\t\t\t\t\t\t\tif( 'IC' != 'SA' && FFADS.slide_pixels ) {\n\t\t\t\t\t\t\t\tmax_wh[1] += parseInt( FFADS.slide_pixels );\n\t\t\t\t\t\t\t\tel.classList.add( 'sliding' );\n\t\t\t\t\t\t\t}\n\t\t\t\t\t\t\tel.style.width = max_wh[0] + 'px';\n\t\t\t\t\t\t\tel.style.height = max_wh[1] + 'px';\n\t\t\t\t\t\t\tel.classList.add( 'fixed-size' );\n\t\t\t\t\t\t}\n\t\t\t\t\t\tgoogletag.cmd.push( function() {\n\t\t\t\t\t\t\tFFADS.debug( 'googletag.displaying IC2' );\n\t\t\t\t\t\t\tgoogletag.display( 'IC2' );\n\t\t\t\t\t\t} );\n\t\t\t\t\t}\n\t\t\t\t\telse {\n\t\t\t\t\t\tdocument.querySelector( '#IC2-ad' ).style.display = 'none';}\n\t\t\t\t<\/script><\/div>\n<\/div>\n<p><script async src=\"https:\/\/platform.twitter.com\/widgets.js\" charset=\"utf-8\"><\/script><\/p>\n<p>F\u00fcrs Protokoll, hat die Strafverfolgung jemals BLM oder Antifa vor einer ihrer liebevoll und gewaltt\u00e4tig geplanten Operationen verhaftet?<\/p>\n<p>Seit die Frontgruppe der Patrioten Anfang dieses Jahres zum ersten Mal auf der Bildfl\u00e4che erschien, vermutete The Gateway Pandit immer, dass sie Verbindungen zum FBI hatte.  Wir waren davon \u00fcberzeugt, dass sie vom FBI infiltriert wurden.<\/p>\n<p>Hier sind einige fr\u00fchere <strong>Berichte <\/strong>unter dem Vorwurf der Regierungsbeziehungen der Patriot Group.<\/p>\n<blockquote class=\"wp-embedded-content\" data-secret=\"MNKlTv2UZB\">\n<p>EXKLUSIV: Beweise deuten darauf hin, dass die gestrige Khaki-gekleidete Patriot Front Parade in Chicago \u201eHandelshandwerk\u201c enthielt, was auf eine Beteiligung der Bundesregierung hindeutet<\/p>\n<\/blockquote>\n<p><iframe class=\"wp-embedded-content\" sandbox=\"allow-scripts\" security=\"restricted\" style=\"position: absolute; clip: rect(1px, 1px, 1px, 1px);\" title=\"\u201cEXCLUSIVE: Evidence Suggests Yesterday\u2019s Khaki-Clad Patriot Front Parade in Chicago Included \u2018Tradecraft\u2019 Indicating Federal Government Involvement\u201d \u2014 The Gateway Pundit\" data-src=\"https:\/\/www.thegatewaypundit.com\/2022\/01\/exclusive-evidence-yesterdays-event-chicago-included-tradecraft-indicating-federal-government-involved\/embed\/#?secret=MNKlTv2UZB\" data-secret=\"MNKlTv2UZB\" width=\"500\" height=\"282\" frameborder=\"0\" marginwidth=\"0\" marginheight=\"0\" scrolling=\"no\"><\/iframe><\/p>\n<div id=\"IC3-ad\" class=\"sponsor IC3\">\n<p class=\"ad-notice flipboard-remove\" fl:fl-noexcerpt=\"true\">Werbung \u2013 die Geschichte geht unten weiter<\/p>\n<div id=\"IC3\">\n<script>\n\t\t\t\t\tif( FFADS.units.IC3 && FFADS.units.IC3.ad_type == 'custom' && FFADS.units.IC3.custom_ads && ! getCookie( 'ff_subbed' ) ) {\n\t\t\t\t\t\tdocument.getElementById( 'IC3' ).innerHTML = FFADS.units.IC3.custom_ads[0].code;\n\t\t\t\t\t\tif( ! FFADS.units.IC3.lazy_load ) eval( FFADS.units.IC3.custom_ads[0].rendering_script );\n\t\t\t\t\t}\n\t\t\t\t\telse if( FFADS.units.IC3 && ! getCookie( 'ff_subbed' ) ) {\n\t\t\t\t\t\tif( 'IC' != 'SB' && 'IC' != 'SA' && FFADS.use_fixed_containers ) {\n\t\t\t\t\t\t\tlet max_wh = firefly_size_list_to_max_wh( FFADS.units.IC3.sizes );\n\t\t\t\t\t\t\tlet el = document.querySelector( '#IC3' );\n\t\t\t\t\t\t\tif( 'IC' != 'SA' && FFADS.slide_pixels ) {\n\t\t\t\t\t\t\t\tmax_wh[1] += parseInt( FFADS.slide_pixels );\n\t\t\t\t\t\t\t\tel.classList.add( 'sliding' );\n\t\t\t\t\t\t\t}\n\t\t\t\t\t\t\tel.style.width = max_wh[0] + 'px';\n\t\t\t\t\t\t\tel.style.height = max_wh[1] + 'px';\n\t\t\t\t\t\t\tel.classList.add( 'fixed-size' );\n\t\t\t\t\t\t}\n\t\t\t\t\t\tgoogletag.cmd.push( function() {\n\t\t\t\t\t\t\tFFADS.debug( 'googletag.displaying IC3' );\n\t\t\t\t\t\t\tgoogletag.display( 'IC3' );\n\t\t\t\t\t\t} );\n\t\t\t\t\t}\n\t\t\t\t\telse {\n\t\t\t\t\t\tdocument.querySelector( '#IC3-ad' ).style.display = 'none';}\n\t\t\t\t<\/script><\/div>\n<\/div>\n<blockquote class=\"wp-embedded-content\" data-secret=\"2OX4rrGZ30\">\n<p>Mysteri\u00f6se Patriot Front Group hat Daten durchgesickert, die verd\u00e4chtige Videos, Outing-Mitglieder und noch mehr Fragen der Bundesinfiltration enth\u00fcllen<\/p>\n<\/blockquote>\n<p><iframe class=\"wp-embedded-content\" sandbox=\"allow-scripts\" security=\"restricted\" style=\"position: absolute; clip: rect(1px, 1px, 1px, 1px);\" title=\"\u201cMysterious Patriot Front Group Has Data Leaked Exposing Suspect Videos, Outing Members and Even More Questions of Federal Infiltration\u201d \u2014 The Gateway Pundit\" data-src=\"https:\/\/www.thegatewaypundit.com\/2022\/01\/mysterious-patriot-front-group-data-leaked-exposing-suspect-videos-outing-members-even-questions-federal-infiltration\/embed\/#?secret=2OX4rrGZ30\" data-secret=\"2OX4rrGZ30\" width=\"500\" height=\"282\" frameborder=\"0\" marginwidth=\"0\" marginheight=\"0\" scrolling=\"no\"><\/iframe><\/p>\n<blockquote class=\"wp-embedded-content\" data-secret=\"hhrpkm8V6O\">\n<p>Der Gr\u00fcnder von \u201ePatriot Front\u201c ist ein 23-J\u00e4hriger, der am Tiki-Fackelmarsch in Charlottesville teilgenommen hat<\/p>\n<\/blockquote>\n<p><iframe class=\"wp-embedded-content\" sandbox=\"allow-scripts\" security=\"restricted\" style=\"position: absolute; clip: rect(1px, 1px, 1px, 1px);\" title=\"\u201c\u201cPatriot Front\u201d Founder is 23-Year-Old Who Walked in the Tiki Torch March in Charlottesville\u201d \u2014 The Gateway Pundit\" data-src=\"https:\/\/www.thegatewaypundit.com\/2022\/01\/breaking-exclusive-patriot-front-founder-23-year-old-walked-tiki-torch-march-charlottesville\/embed\/#?secret=hhrpkm8V6O\" data-secret=\"hhrpkm8V6O\" width=\"500\" height=\"282\" frameborder=\"0\" marginwidth=\"0\" marginheight=\"0\" scrolling=\"no\"><\/iframe><\/p>\n<blockquote class=\"wp-embedded-content\" data-secret=\"XZ7ImhyBQs\">\n<p>EXKLUSIV: Mehr \u00fcber die von der Regierung gesponserte \u201ePatriot Front\u201c, die mehr Regierungsbindungen zeigt<\/p>\n<\/blockquote>\n<p><iframe class=\"wp-embedded-content\" sandbox=\"allow-scripts\" security=\"restricted\" style=\"position: absolute; clip: rect(1px, 1px, 1px, 1px);\" title=\"\u201cEXCLUSIVE: More on the Government-Sponsored \u2018Patriot Front\u2019 Showing More Government Ties\u201d \u2014 The Gateway Pundit\" data-src=\"https:\/\/www.thegatewaypundit.com\/2022\/01\/exclusive-government-sponsored-patriot-front-showing-government-ties\/embed\/#?secret=XZ7ImhyBQs\" data-secret=\"XZ7ImhyBQs\" width=\"500\" height=\"282\" frameborder=\"0\" marginwidth=\"0\" marginheight=\"0\" scrolling=\"no\"><\/iframe><\/p>\n<blockquote class=\"wp-embedded-content\" data-secret=\"a0v0oXzIp5\">\n<p>EXKLUSIV: Viele ignorierte Verbrechen, die von Mitgliedern der Patriot Front begangen wurden, liefern weitere Beweise daf\u00fcr, dass es sich um eine von der Regierung gef\u00f6rderte Gruppe handelt<\/p>\n<\/blockquote>\n<p><iframe class=\"wp-embedded-content\" sandbox=\"allow-scripts\" security=\"restricted\" style=\"position: absolute; clip: rect(1px, 1px, 1px, 1px);\" title=\"\u201cEXCLUSIVE: Many Ignored Crimes Committed by Members of the Patriot Front Provide More Evidence It is a Government Sponsored Group\u201d \u2014 The Gateway Pundit\" data-src=\"https:\/\/www.thegatewaypundit.com\/2022\/01\/exclusive-many-ignored-crimes-committed-members-patriot-front-provide-evidence-government-sponsored-group\/embed\/#?secret=a0v0oXzIp5\" data-secret=\"a0v0oXzIp5\" width=\"500\" height=\"282\" frameborder=\"0\" marginwidth=\"0\" marginheight=\"0\" scrolling=\"no\"><\/iframe><\/p>\n<div id=\"IC4-ad\" class=\"sponsor IC4\">\n<p class=\"ad-notice flipboard-remove\" fl:fl-noexcerpt=\"true\">Werbung \u2013 die Geschichte geht unten weiter<\/p>\n<div id=\"IC4\">\n<script>\n\t\t\t\t\tif( FFADS.units.IC4 && FFADS.units.IC4.ad_type == 'custom' && FFADS.units.IC4.custom_ads && ! getCookie( 'ff_subbed' ) ) {\n\t\t\t\t\t\tdocument.getElementById( 'IC4' ).innerHTML = FFADS.units.IC4.custom_ads[0].code;\n\t\t\t\t\t\tif( ! FFADS.units.IC4.lazy_load ) eval( FFADS.units.IC4.custom_ads[0].rendering_script );\n\t\t\t\t\t}\n\t\t\t\t\telse if( FFADS.units.IC4 && ! getCookie( 'ff_subbed' ) ) {\n\t\t\t\t\t\tif( 'IC' != 'SB' && 'IC' != 'SA' && FFADS.use_fixed_containers ) {\n\t\t\t\t\t\t\tlet max_wh = firefly_size_list_to_max_wh( FFADS.units.IC4.sizes );\n\t\t\t\t\t\t\tlet el = document.querySelector( '#IC4' );\n\t\t\t\t\t\t\tif( 'IC' != 'SA' && FFADS.slide_pixels ) {\n\t\t\t\t\t\t\t\tmax_wh[1] += parseInt( FFADS.slide_pixels );\n\t\t\t\t\t\t\t\tel.classList.add( 'sliding' );\n\t\t\t\t\t\t\t}\n\t\t\t\t\t\t\tel.style.width = max_wh[0] + 'px';\n\t\t\t\t\t\t\tel.style.height = max_wh[1] + 'px';\n\t\t\t\t\t\t\tel.classList.add( 'fixed-size' );\n\t\t\t\t\t\t}\n\t\t\t\t\t\tgoogletag.cmd.push( function() {\n\t\t\t\t\t\t\tFFADS.debug( 'googletag.displaying IC4' );\n\t\t\t\t\t\t\tgoogletag.display( 'IC4' );\n\t\t\t\t\t\t} );\n\t\t\t\t\t}\n\t\t\t\t\telse {\n\t\t\t\t\t\tdocument.querySelector( '#IC4-ad' ).style.display = 'none';}\n\t\t\t\t<\/script><\/div>\n<\/div>\n<blockquote class=\"wp-embedded-content\" data-secret=\"OKs3ZfTKfL\">\n<p>EXKLUSIV: DOJ verhaftet 3 Personen wegen Terrorismusvorw\u00fcrfen, die wahrscheinlich mit der Patriot Front Group in Verbindung stehen \u2013 aber andere wurden freigelassen?  Mehr Beweise Dies ist eine weitere Operation der Regierung<\/p>\n<\/blockquote>\n<p><iframe class=\"wp-embedded-content\" sandbox=\"allow-scripts\" security=\"restricted\" style=\"position: absolute; clip: rect(1px, 1px, 1px, 1px);\" title=\"\u201cEXCLUSIVE: DOJ Arrests 3 Individuals on Terrorism Charges Likely Linked to Patriot Front Group \u2013  But Others Were Let Go?  More Proof This is Another Government Operation\u201d \u2014 The Gateway Pundit\" data-src=\"https:\/\/www.thegatewaypundit.com\/2022\/02\/exclusive-doj-arrests-3-individuals-likely-related-patriot-front-others-go-proof-another-government-operation\/embed\/#?secret=OKs3ZfTKfL\" data-secret=\"OKs3ZfTKfL\" width=\"500\" height=\"282\" frameborder=\"0\" marginwidth=\"0\" marginheight=\"0\" scrolling=\"no\"><\/iframe><\/p>\n<p class=\"article-ask\"><span class=\"ask\"><script>\n  if( getParameterByName( \"utm_source\" ) == \"testpage\" ) {\n    !function(e,t,a,n,g){e[n]=e[n]||[],e[n].push({\"gtm.start\":(new Date).getTime(),event:\"gtm.js\"});var m=t.getElementsByTagName(a)[0],r=t.createElement(a);r.async=!0,r.src=\"https:\/\/www.googletagmanager.com\/gtm.js?id=GTM-PL4PD49\",m.parentNode.insertBefore(r,m)}(window.parent,window.parent.document,\"script\",\"dataLayer\");\n    var iframe=window.parent.document.createElement(\"iframe\");iframe.src=\"https:\/\/www.googletagmanager.com\/ns.html?id=GTM-PL4PD49\";iframe.height=\"0\";iframe.width=\"0\";iframe.style=\"display:none;visibility:hidden\";window.parent.document.body.appendChild(iframe);\n    window.parent[\"$$mm-analytics\"] = window.parent[\"$$mm-analytics\"] || {};if (typeof window.parent[\"$$mm-analytics\"].firstEmbed === \"undefined\") {window.parent[\"$$mm-analytics\"].firstEmbed = Date.now();}\n    let as1 = document.createElement( \"script\" );\n    as1.src = \"https:\/\/bucket1.mm-syringe.com\/prod\/configs\/ee2300c8-43d2-7f0b-dac0-40aaf31c9d3d.js\";\n    document.body.appendChild( as1 );\n    let as2 = document.createElement( \"script\" );\n    as2.src = \"https:\/\/bucket1.mm-syringe.com\/prod\/injector\/injector.1.5.3.js\";\n    document.body.appendChild( as2 );\n  }\n<\/script><\/p>\n<div class=\"apester-media\" data-token=\"5f10a39f94902bc81d3d59a7\" data-context=\"true\" data-tags=\"\" data-fallback=\"true\" height=\"350\"><\/div>\n<p><script id=\"apester_script\" src=\"https:\/\/static.apester.com\/js\/sdk\/latest\/apester-sdk.js\" async><\/script><script async src=\"https:\/\/www.googletagmanager.com\/gtag\/js?id=G-EFE91RJVSQ\"><\/script><script>\n  window.dataLayer = window.dataLayer || [];\n  function gtag(){dataLayer.push(arguments);}\n  gtag(\\\\\\'js\\\\\\', new Date());\n  gtag(\\\\\\'config\\\\\\', \\\\\\'G-EFE91RJVSQ\\\\\\');\n<\/script><script type=\"text\/javascript\">\n\tfunction e(e){var t=!(arguments.length>1&&void 0!==arguments[1])||arguments[1],c=document.createElement(\"script\");c.src=e,t?c.type=\"module\":(c.async=!0,c.type=\"text\/javascript\",c.setAttribute(\"nomodule\",\"\"));var n=document.getElementsByTagName(\"script\")[0];n.parentNode.insertBefore(c,n)}function t(t,c,n){var a,o,r;null!==(a=t.marfeel)&&void 0!==a||(t.marfeel={}),null!==(o=(r=t.marfeel).cmd)&&void 0!==o||(r.cmd=[]),t.marfeel.config=n,t.marfeel.config.accountId=c;var i=\"https:\/\/sdk.mrf.io\/statics\";e(\"\".concat(i,\"\/marfeel-sdk.js?id=\").concat(c),!0),e(\"\".concat(i,\"\/marfeel-sdk.es5.js?id=\").concat(c),!1)}!function(e,c){var n=arguments.length>2&&void 0!==arguments[2]?arguments[2]:{};t(e,c,n)}(window,1573,{} \/*config*\/);\n<\/script><\/span><\/p>\n<\/div>\n<p><br \/>\n<br \/><a href=\"https:\/\/www.thegatewaypundit.com\/2022\/06\/always-suspected-law-enforcement-admits-informants-inside-patriot-front-group-arrested-31-uhaul-way-protest\/\">Source link <\/a><\/p>\n","protected":false},"excerpt":{"rendered":"<p>Am Samstag wurden 31 Mitglieder der Patriot Front-Gruppe, einer mutma\u00dflichen Gruppe wei\u00dfer Rassisten, in Idaho auf dem Weg zu einem Protest festgenommen. Sie reisen mit Schilden auf dem R\u00fccken eines Uhaul zu einem Gay-Pride-Event. Werbung \u2013 die Geschichte geht unten weiter Kristinn Taylor berichtete heute Abend \u00fcber die Verhaftungen der Patriot Front. Nach der Festnahme [&hellip;]<\/p>\n","protected":false},"author":5,"featured_media":10607,"comment_status":"open","ping_status":"open","sticky":false,"template":"","format":"standard","meta":{"wp_automatic_camp":["1161"],"19adaa8722388ed040b3c2362664c437":["Wie wir immer vermutet haben: Die Strafverfolgungsbeh\u00f6rden geben zu, dass sie Informanten innerhalb der Patriot Front Group haben \u2013 31 in einem Uhaul auf dem Weg zum Protest festgenommen\n"],"original_link":["https:\/\/www.thegatewaypundit.com\/2022\/06\/always-suspected-law-enforcement-admits-informants-inside-patriot-front-group-arrested-31-uhaul-way-protest\/"],"_thumbnail_id":["10607"],"wp_automatic_remove_first_image":["yes"],"jnews_social_counter_last_update":["1777564469"]},"categories":[25],"tags":[133,42,134,82,45,352,1356,10227,789,9054,771,2062,24141,3631,8101,3823,527,24140,24142,20359,2404,579,1801,565],"yoast_head":"<!-- This site is optimized with the Yoast SEO Premium plugin v22.7 (Yoast SEO v22.7) - https:\/\/yoast.com\/wordpress\/plugins\/seo\/ -->\n<title>Wie wir immer vermutet haben: Die Strafverfolgungsbeh\u00f6rden geben zu, dass sie Informanten innerhalb der Patriot Front Group haben \u2013 31 in einem Uhaul auf dem Weg zum Protest festgenommen - just-now.NEWS Deutschland<\/title>\n<meta name=\"robots\" content=\"index, follow, max-snippet:-1, max-image-preview:large, max-video-preview:-1\" \/>\n<link rel=\"canonical\" href=\"https:\/\/now-news.de\/de\/usa\/wie-wir-immer-vermutet-haben-die-strafverfolgungsbehoerden-geben-zu-dass-sie-informanten-innerhalb-der-patriot-front-group-haben-31-in-einem-uhaul-auf-dem-weg-zum-protest-festgenommen\/\" \/>\n<meta property=\"og:locale\" content=\"de_DE\" \/>\n<meta property=\"og:type\" content=\"article\" \/>\n<meta property=\"og:title\" content=\"Wie wir immer vermutet haben: Die Strafverfolgungsbeh\u00f6rden geben zu, dass sie Informanten innerhalb der Patriot Front Group haben \u2013 31 in einem Uhaul auf dem Weg zum Protest festgenommen\" \/>\n<meta property=\"og:description\" content=\"Am Samstag wurden 31 Mitglieder der Patriot Front-Gruppe, einer mutma\u00dflichen Gruppe wei\u00dfer Rassisten, in Idaho auf dem Weg zu einem Protest festgenommen. Sie reisen mit Schilden auf dem R\u00fccken eines Uhaul zu einem Gay-Pride-Event. Werbung \u2013 die Geschichte geht unten weiter Kristinn Taylor berichtete heute Abend \u00fcber die Verhaftungen der Patriot Front. Nach der Festnahme [&hellip;]\" \/>\n<meta property=\"og:url\" content=\"https:\/\/now-news.de\/de\/usa\/wie-wir-immer-vermutet-haben-die-strafverfolgungsbehoerden-geben-zu-dass-sie-informanten-innerhalb-der-patriot-front-group-haben-31-in-einem-uhaul-auf-dem-weg-zum-protest-festgenommen\/\" \/>\n<meta property=\"og:site_name\" content=\"just-now.NEWS Deutschland\" \/>\n<meta property=\"article:publisher\" content=\"https:\/\/www.facebook.com\/wirmachenauf\" \/>\n<meta property=\"article:published_time\" content=\"2022-06-12T01:58:00+00:00\" \/>\n<meta property=\"og:image\" content=\"https:\/\/now-news.de\/de\/wp-content\/uploads\/sites\/3\/2022\/06\/Wie-wir-immer-vermutet-haben-Die-Strafverfolgungsbehoerden-geben-zu-dass.jpg\" \/>\n\t<meta property=\"og:image:width\" content=\"901\" \/>\n\t<meta property=\"og:image:height\" content=\"628\" \/>\n\t<meta property=\"og:image:type\" content=\"image\/jpeg\" \/>\n<meta name=\"author\" content=\"greatreset\" \/>\n<meta name=\"twitter:card\" content=\"summary_large_image\" \/>\n<meta name=\"twitter:creator\" content=\"@WirMachenAuf_de\" \/>\n<meta name=\"twitter:site\" content=\"@WirMachenAuf_de\" \/>\n<meta name=\"twitter:label1\" content=\"Verfasst von\" \/>\n\t<meta name=\"twitter:data1\" content=\"greatreset\" \/>\n\t<meta name=\"twitter:label2\" content=\"Gesch\u00e4tzte Lesezeit\" \/>\n\t<meta name=\"twitter:data2\" content=\"2\u00a0Minuten\" \/>\n<script type=\"application\/ld+json\" class=\"yoast-schema-graph\">{\"@context\":\"https:\/\/schema.org\",\"@graph\":[{\"@type\":\"Article\",\"@id\":\"https:\/\/now-news.de\/de\/usa\/wie-wir-immer-vermutet-haben-die-strafverfolgungsbehoerden-geben-zu-dass-sie-informanten-innerhalb-der-patriot-front-group-haben-31-in-einem-uhaul-auf-dem-weg-zum-protest-festgenommen\/#article\",\"isPartOf\":{\"@id\":\"https:\/\/now-news.de\/de\/usa\/wie-wir-immer-vermutet-haben-die-strafverfolgungsbehoerden-geben-zu-dass-sie-informanten-innerhalb-der-patriot-front-group-haben-31-in-einem-uhaul-auf-dem-weg-zum-protest-festgenommen\/\"},\"author\":{\"name\":\"greatreset\",\"@id\":\"https:\/\/now-news.de\/de\/#\/schema\/person\/8afb4cd92b68572db7902c13a349ffcb\"},\"headline\":\"Wie wir immer vermutet haben: Die Strafverfolgungsbeh\u00f6rden geben zu, dass sie Informanten innerhalb der Patriot Front Group haben \u2013 31 in einem Uhaul auf dem Weg zum Protest festgenommen\",\"datePublished\":\"2022-06-12T01:58:00+00:00\",\"dateModified\":\"2022-06-12T01:58:00+00:00\",\"mainEntityOfPage\":{\"@id\":\"https:\/\/now-news.de\/de\/usa\/wie-wir-immer-vermutet-haben-die-strafverfolgungsbehoerden-geben-zu-dass-sie-informanten-innerhalb-der-patriot-front-group-haben-31-in-einem-uhaul-auf-dem-weg-zum-protest-festgenommen\/\"},\"wordCount\":347,\"commentCount\":0,\"publisher\":{\"@id\":\"https:\/\/now-news.de\/de\/#organization\"},\"image\":{\"@id\":\"https:\/\/now-news.de\/de\/usa\/wie-wir-immer-vermutet-haben-die-strafverfolgungsbehoerden-geben-zu-dass-sie-informanten-innerhalb-der-patriot-front-group-haben-31-in-einem-uhaul-auf-dem-weg-zum-protest-festgenommen\/#primaryimage\"},\"thumbnailUrl\":\"https:\/\/now-news.de\/de\/wp-content\/uploads\/sites\/3\/2022\/06\/Wie-wir-immer-vermutet-haben-Die-Strafverfolgungsbehoerden-geben-zu-dass.jpg\",\"keywords\":[\"AUF\",\"dass\",\"DEM\",\"der\",\"die\",\"einem\",\"festgenommen\",\"Front\",\"geben\",\"Group\",\"haben\",\"Immer\",\"Informanten\",\"innerhalb\",\"Patriot\",\"Protest\",\"Sie\",\"Strafverfolgungsbeh\u00f6rden\",\"Uhaul\",\"vermutet\",\"Weg\",\"Wie\",\"Wir\",\"zum\"],\"articleSection\":[\"USA\"],\"inLanguage\":\"de\",\"potentialAction\":[{\"@type\":\"CommentAction\",\"name\":\"Comment\",\"target\":[\"https:\/\/now-news.de\/de\/usa\/wie-wir-immer-vermutet-haben-die-strafverfolgungsbehoerden-geben-zu-dass-sie-informanten-innerhalb-der-patriot-front-group-haben-31-in-einem-uhaul-auf-dem-weg-zum-protest-festgenommen\/#respond\"]}]},{\"@type\":\"WebPage\",\"@id\":\"https:\/\/now-news.de\/de\/usa\/wie-wir-immer-vermutet-haben-die-strafverfolgungsbehoerden-geben-zu-dass-sie-informanten-innerhalb-der-patriot-front-group-haben-31-in-einem-uhaul-auf-dem-weg-zum-protest-festgenommen\/\",\"url\":\"https:\/\/now-news.de\/de\/usa\/wie-wir-immer-vermutet-haben-die-strafverfolgungsbehoerden-geben-zu-dass-sie-informanten-innerhalb-der-patriot-front-group-haben-31-in-einem-uhaul-auf-dem-weg-zum-protest-festgenommen\/\",\"name\":\"Wie wir immer vermutet haben: Die Strafverfolgungsbeh\u00f6rden geben zu, dass sie Informanten innerhalb der Patriot Front Group haben \u2013 31 in einem Uhaul auf dem Weg zum Protest festgenommen - just-now.NEWS Deutschland\",\"isPartOf\":{\"@id\":\"https:\/\/now-news.de\/de\/#website\"},\"primaryImageOfPage\":{\"@id\":\"https:\/\/now-news.de\/de\/usa\/wie-wir-immer-vermutet-haben-die-strafverfolgungsbehoerden-geben-zu-dass-sie-informanten-innerhalb-der-patriot-front-group-haben-31-in-einem-uhaul-auf-dem-weg-zum-protest-festgenommen\/#primaryimage\"},\"image\":{\"@id\":\"https:\/\/now-news.de\/de\/usa\/wie-wir-immer-vermutet-haben-die-strafverfolgungsbehoerden-geben-zu-dass-sie-informanten-innerhalb-der-patriot-front-group-haben-31-in-einem-uhaul-auf-dem-weg-zum-protest-festgenommen\/#primaryimage\"},\"thumbnailUrl\":\"https:\/\/now-news.de\/de\/wp-content\/uploads\/sites\/3\/2022\/06\/Wie-wir-immer-vermutet-haben-Die-Strafverfolgungsbehoerden-geben-zu-dass.jpg\",\"datePublished\":\"2022-06-12T01:58:00+00:00\",\"dateModified\":\"2022-06-12T01:58:00+00:00\",\"breadcrumb\":{\"@id\":\"https:\/\/now-news.de\/de\/usa\/wie-wir-immer-vermutet-haben-die-strafverfolgungsbehoerden-geben-zu-dass-sie-informanten-innerhalb-der-patriot-front-group-haben-31-in-einem-uhaul-auf-dem-weg-zum-protest-festgenommen\/#breadcrumb\"},\"inLanguage\":\"de\",\"potentialAction\":[{\"@type\":\"ReadAction\",\"target\":[\"https:\/\/now-news.de\/de\/usa\/wie-wir-immer-vermutet-haben-die-strafverfolgungsbehoerden-geben-zu-dass-sie-informanten-innerhalb-der-patriot-front-group-haben-31-in-einem-uhaul-auf-dem-weg-zum-protest-festgenommen\/\"]}]},{\"@type\":\"ImageObject\",\"inLanguage\":\"de\",\"@id\":\"https:\/\/now-news.de\/de\/usa\/wie-wir-immer-vermutet-haben-die-strafverfolgungsbehoerden-geben-zu-dass-sie-informanten-innerhalb-der-patriot-front-group-haben-31-in-einem-uhaul-auf-dem-weg-zum-protest-festgenommen\/#primaryimage\",\"url\":\"https:\/\/now-news.de\/de\/wp-content\/uploads\/sites\/3\/2022\/06\/Wie-wir-immer-vermutet-haben-Die-Strafverfolgungsbehoerden-geben-zu-dass.jpg\",\"contentUrl\":\"https:\/\/now-news.de\/de\/wp-content\/uploads\/sites\/3\/2022\/06\/Wie-wir-immer-vermutet-haben-Die-Strafverfolgungsbehoerden-geben-zu-dass.jpg\",\"width\":901,\"height\":628},{\"@type\":\"BreadcrumbList\",\"@id\":\"https:\/\/now-news.de\/de\/usa\/wie-wir-immer-vermutet-haben-die-strafverfolgungsbehoerden-geben-zu-dass-sie-informanten-innerhalb-der-patriot-front-group-haben-31-in-einem-uhaul-auf-dem-weg-zum-protest-festgenommen\/#breadcrumb\",\"itemListElement\":[{\"@type\":\"ListItem\",\"position\":1,\"name\":\"Home\",\"item\":\"https:\/\/now-news.de\/de\/\"},{\"@type\":\"ListItem\",\"position\":2,\"name\":\"Wie wir immer vermutet haben: Die Strafverfolgungsbeh\u00f6rden geben zu, dass sie Informanten innerhalb der Patriot Front Group haben \u2013 31 in einem Uhaul auf dem Weg zum Protest festgenommen\"}]},{\"@type\":\"WebSite\",\"@id\":\"https:\/\/now-news.de\/de\/#website\",\"url\":\"https:\/\/now-news.de\/de\/\",\"name\":\"just-now.NEWS Deutschland\",\"description\":\"Das Portal f\u00fcr unzensierte Nachrichten aus der Welt\",\"publisher\":{\"@id\":\"https:\/\/now-news.de\/de\/#organization\"},\"potentialAction\":[{\"@type\":\"SearchAction\",\"target\":{\"@type\":\"EntryPoint\",\"urlTemplate\":\"https:\/\/now-news.de\/de\/?s={search_term_string}\"},\"query-input\":\"required name=search_term_string\"}],\"inLanguage\":\"de\"},{\"@type\":\"Organization\",\"@id\":\"https:\/\/now-news.de\/de\/#organization\",\"name\":\"Just Now News\",\"url\":\"https:\/\/now-news.de\/de\/\",\"logo\":{\"@type\":\"ImageObject\",\"inLanguage\":\"de\",\"@id\":\"https:\/\/now-news.de\/de\/#\/schema\/logo\/image\/\",\"url\":\"http:\/\/just-now.news\/de\/wp-content\/uploads\/sites\/3\/2022\/04\/logo500x500.jpg\",\"contentUrl\":\"http:\/\/just-now.news\/de\/wp-content\/uploads\/sites\/3\/2022\/04\/logo500x500.jpg\",\"width\":500,\"height\":500,\"caption\":\"Just Now News\"},\"image\":{\"@id\":\"https:\/\/now-news.de\/de\/#\/schema\/logo\/image\/\"},\"sameAs\":[\"https:\/\/www.facebook.com\/wirmachenauf\",\"https:\/\/x.com\/WirMachenAuf_de\"]},{\"@type\":\"Person\",\"@id\":\"https:\/\/now-news.de\/de\/#\/schema\/person\/8afb4cd92b68572db7902c13a349ffcb\",\"name\":\"greatreset\",\"image\":{\"@type\":\"ImageObject\",\"inLanguage\":\"de\",\"@id\":\"https:\/\/now-news.de\/de\/#\/schema\/person\/image\/\",\"url\":\"https:\/\/secure.gravatar.com\/avatar\/a088df625d49991c090e78c8b9542592?s=96&d=mm&r=g\",\"contentUrl\":\"https:\/\/secure.gravatar.com\/avatar\/a088df625d49991c090e78c8b9542592?s=96&d=mm&r=g\",\"caption\":\"greatreset\"},\"url\":\"https:\/\/now-news.de\/de\/author\/greatreset\/\"}]}<\/script>\n<!-- \/ Yoast SEO Premium plugin. -->","yoast_head_json":{"title":"Wie wir immer vermutet haben: Die Strafverfolgungsbeh\u00f6rden geben zu, dass sie Informanten innerhalb der Patriot Front Group haben \u2013 31 in einem Uhaul auf dem Weg zum Protest festgenommen - just-now.NEWS Deutschland","robots":{"index":"index","follow":"follow","max-snippet":"max-snippet:-1","max-image-preview":"max-image-preview:large","max-video-preview":"max-video-preview:-1"},"canonical":"https:\/\/now-news.de\/de\/usa\/wie-wir-immer-vermutet-haben-die-strafverfolgungsbehoerden-geben-zu-dass-sie-informanten-innerhalb-der-patriot-front-group-haben-31-in-einem-uhaul-auf-dem-weg-zum-protest-festgenommen\/","og_locale":"de_DE","og_type":"article","og_title":"Wie wir immer vermutet haben: Die Strafverfolgungsbeh\u00f6rden geben zu, dass sie Informanten innerhalb der Patriot Front Group haben \u2013 31 in einem Uhaul auf dem Weg zum Protest festgenommen","og_description":"Am Samstag wurden 31 Mitglieder der Patriot Front-Gruppe, einer mutma\u00dflichen Gruppe wei\u00dfer Rassisten, in Idaho auf dem Weg zu einem Protest festgenommen. Sie reisen mit Schilden auf dem R\u00fccken eines Uhaul zu einem Gay-Pride-Event. Werbung \u2013 die Geschichte geht unten weiter Kristinn Taylor berichtete heute Abend \u00fcber die Verhaftungen der Patriot Front. Nach der Festnahme [&hellip;]","og_url":"https:\/\/now-news.de\/de\/usa\/wie-wir-immer-vermutet-haben-die-strafverfolgungsbehoerden-geben-zu-dass-sie-informanten-innerhalb-der-patriot-front-group-haben-31-in-einem-uhaul-auf-dem-weg-zum-protest-festgenommen\/","og_site_name":"just-now.NEWS Deutschland","article_publisher":"https:\/\/www.facebook.com\/wirmachenauf","article_published_time":"2022-06-12T01:58:00+00:00","og_image":[{"width":901,"height":628,"url":"https:\/\/now-news.de\/de\/wp-content\/uploads\/sites\/3\/2022\/06\/Wie-wir-immer-vermutet-haben-Die-Strafverfolgungsbehoerden-geben-zu-dass.jpg","type":"image\/jpeg"}],"author":"greatreset","twitter_card":"summary_large_image","twitter_creator":"@WirMachenAuf_de","twitter_site":"@WirMachenAuf_de","twitter_misc":{"Verfasst von":"greatreset","Gesch\u00e4tzte Lesezeit":"2\u00a0Minuten"},"schema":{"@context":"https:\/\/schema.org","@graph":[{"@type":"Article","@id":"https:\/\/now-news.de\/de\/usa\/wie-wir-immer-vermutet-haben-die-strafverfolgungsbehoerden-geben-zu-dass-sie-informanten-innerhalb-der-patriot-front-group-haben-31-in-einem-uhaul-auf-dem-weg-zum-protest-festgenommen\/#article","isPartOf":{"@id":"https:\/\/now-news.de\/de\/usa\/wie-wir-immer-vermutet-haben-die-strafverfolgungsbehoerden-geben-zu-dass-sie-informanten-innerhalb-der-patriot-front-group-haben-31-in-einem-uhaul-auf-dem-weg-zum-protest-festgenommen\/"},"author":{"name":"greatreset","@id":"https:\/\/now-news.de\/de\/#\/schema\/person\/8afb4cd92b68572db7902c13a349ffcb"},"headline":"Wie wir immer vermutet haben: Die Strafverfolgungsbeh\u00f6rden geben zu, dass sie Informanten innerhalb der Patriot Front Group haben \u2013 31 in einem Uhaul auf dem Weg zum Protest festgenommen","datePublished":"2022-06-12T01:58:00+00:00","dateModified":"2022-06-12T01:58:00+00:00","mainEntityOfPage":{"@id":"https:\/\/now-news.de\/de\/usa\/wie-wir-immer-vermutet-haben-die-strafverfolgungsbehoerden-geben-zu-dass-sie-informanten-innerhalb-der-patriot-front-group-haben-31-in-einem-uhaul-auf-dem-weg-zum-protest-festgenommen\/"},"wordCount":347,"commentCount":0,"publisher":{"@id":"https:\/\/now-news.de\/de\/#organization"},"image":{"@id":"https:\/\/now-news.de\/de\/usa\/wie-wir-immer-vermutet-haben-die-strafverfolgungsbehoerden-geben-zu-dass-sie-informanten-innerhalb-der-patriot-front-group-haben-31-in-einem-uhaul-auf-dem-weg-zum-protest-festgenommen\/#primaryimage"},"thumbnailUrl":"https:\/\/now-news.de\/de\/wp-content\/uploads\/sites\/3\/2022\/06\/Wie-wir-immer-vermutet-haben-Die-Strafverfolgungsbehoerden-geben-zu-dass.jpg","keywords":["AUF","dass","DEM","der","die","einem","festgenommen","Front","geben","Group","haben","Immer","Informanten","innerhalb","Patriot","Protest","Sie","Strafverfolgungsbeh\u00f6rden","Uhaul","vermutet","Weg","Wie","Wir","zum"],"articleSection":["USA"],"inLanguage":"de","potentialAction":[{"@type":"CommentAction","name":"Comment","target":["https:\/\/now-news.de\/de\/usa\/wie-wir-immer-vermutet-haben-die-strafverfolgungsbehoerden-geben-zu-dass-sie-informanten-innerhalb-der-patriot-front-group-haben-31-in-einem-uhaul-auf-dem-weg-zum-protest-festgenommen\/#respond"]}]},{"@type":"WebPage","@id":"https:\/\/now-news.de\/de\/usa\/wie-wir-immer-vermutet-haben-die-strafverfolgungsbehoerden-geben-zu-dass-sie-informanten-innerhalb-der-patriot-front-group-haben-31-in-einem-uhaul-auf-dem-weg-zum-protest-festgenommen\/","url":"https:\/\/now-news.de\/de\/usa\/wie-wir-immer-vermutet-haben-die-strafverfolgungsbehoerden-geben-zu-dass-sie-informanten-innerhalb-der-patriot-front-group-haben-31-in-einem-uhaul-auf-dem-weg-zum-protest-festgenommen\/","name":"Wie wir immer vermutet haben: Die Strafverfolgungsbeh\u00f6rden geben zu, dass sie Informanten innerhalb der Patriot Front Group haben \u2013 31 in einem Uhaul auf dem Weg zum Protest festgenommen - just-now.NEWS Deutschland","isPartOf":{"@id":"https:\/\/now-news.de\/de\/#website"},"primaryImageOfPage":{"@id":"https:\/\/now-news.de\/de\/usa\/wie-wir-immer-vermutet-haben-die-strafverfolgungsbehoerden-geben-zu-dass-sie-informanten-innerhalb-der-patriot-front-group-haben-31-in-einem-uhaul-auf-dem-weg-zum-protest-festgenommen\/#primaryimage"},"image":{"@id":"https:\/\/now-news.de\/de\/usa\/wie-wir-immer-vermutet-haben-die-strafverfolgungsbehoerden-geben-zu-dass-sie-informanten-innerhalb-der-patriot-front-group-haben-31-in-einem-uhaul-auf-dem-weg-zum-protest-festgenommen\/#primaryimage"},"thumbnailUrl":"https:\/\/now-news.de\/de\/wp-content\/uploads\/sites\/3\/2022\/06\/Wie-wir-immer-vermutet-haben-Die-Strafverfolgungsbehoerden-geben-zu-dass.jpg","datePublished":"2022-06-12T01:58:00+00:00","dateModified":"2022-06-12T01:58:00+00:00","breadcrumb":{"@id":"https:\/\/now-news.de\/de\/usa\/wie-wir-immer-vermutet-haben-die-strafverfolgungsbehoerden-geben-zu-dass-sie-informanten-innerhalb-der-patriot-front-group-haben-31-in-einem-uhaul-auf-dem-weg-zum-protest-festgenommen\/#breadcrumb"},"inLanguage":"de","potentialAction":[{"@type":"ReadAction","target":["https:\/\/now-news.de\/de\/usa\/wie-wir-immer-vermutet-haben-die-strafverfolgungsbehoerden-geben-zu-dass-sie-informanten-innerhalb-der-patriot-front-group-haben-31-in-einem-uhaul-auf-dem-weg-zum-protest-festgenommen\/"]}]},{"@type":"ImageObject","inLanguage":"de","@id":"https:\/\/now-news.de\/de\/usa\/wie-wir-immer-vermutet-haben-die-strafverfolgungsbehoerden-geben-zu-dass-sie-informanten-innerhalb-der-patriot-front-group-haben-31-in-einem-uhaul-auf-dem-weg-zum-protest-festgenommen\/#primaryimage","url":"https:\/\/now-news.de\/de\/wp-content\/uploads\/sites\/3\/2022\/06\/Wie-wir-immer-vermutet-haben-Die-Strafverfolgungsbehoerden-geben-zu-dass.jpg","contentUrl":"https:\/\/now-news.de\/de\/wp-content\/uploads\/sites\/3\/2022\/06\/Wie-wir-immer-vermutet-haben-Die-Strafverfolgungsbehoerden-geben-zu-dass.jpg","width":901,"height":628},{"@type":"BreadcrumbList","@id":"https:\/\/now-news.de\/de\/usa\/wie-wir-immer-vermutet-haben-die-strafverfolgungsbehoerden-geben-zu-dass-sie-informanten-innerhalb-der-patriot-front-group-haben-31-in-einem-uhaul-auf-dem-weg-zum-protest-festgenommen\/#breadcrumb","itemListElement":[{"@type":"ListItem","position":1,"name":"Home","item":"https:\/\/now-news.de\/de\/"},{"@type":"ListItem","position":2,"name":"Wie wir immer vermutet haben: Die Strafverfolgungsbeh\u00f6rden geben zu, dass sie Informanten innerhalb der Patriot Front Group haben \u2013 31 in einem Uhaul auf dem Weg zum Protest festgenommen"}]},{"@type":"WebSite","@id":"https:\/\/now-news.de\/de\/#website","url":"https:\/\/now-news.de\/de\/","name":"just-now.NEWS Deutschland","description":"Das Portal f\u00fcr unzensierte Nachrichten aus der Welt","publisher":{"@id":"https:\/\/now-news.de\/de\/#organization"},"potentialAction":[{"@type":"SearchAction","target":{"@type":"EntryPoint","urlTemplate":"https:\/\/now-news.de\/de\/?s={search_term_string}"},"query-input":"required name=search_term_string"}],"inLanguage":"de"},{"@type":"Organization","@id":"https:\/\/now-news.de\/de\/#organization","name":"Just Now News","url":"https:\/\/now-news.de\/de\/","logo":{"@type":"ImageObject","inLanguage":"de","@id":"https:\/\/now-news.de\/de\/#\/schema\/logo\/image\/","url":"http:\/\/just-now.news\/de\/wp-content\/uploads\/sites\/3\/2022\/04\/logo500x500.jpg","contentUrl":"http:\/\/just-now.news\/de\/wp-content\/uploads\/sites\/3\/2022\/04\/logo500x500.jpg","width":500,"height":500,"caption":"Just Now News"},"image":{"@id":"https:\/\/now-news.de\/de\/#\/schema\/logo\/image\/"},"sameAs":["https:\/\/www.facebook.com\/wirmachenauf","https:\/\/x.com\/WirMachenAuf_de"]},{"@type":"Person","@id":"https:\/\/now-news.de\/de\/#\/schema\/person\/8afb4cd92b68572db7902c13a349ffcb","name":"greatreset","image":{"@type":"ImageObject","inLanguage":"de","@id":"https:\/\/now-news.de\/de\/#\/schema\/person\/image\/","url":"https:\/\/secure.gravatar.com\/avatar\/a088df625d49991c090e78c8b9542592?s=96&d=mm&r=g","contentUrl":"https:\/\/secure.gravatar.com\/avatar\/a088df625d49991c090e78c8b9542592?s=96&d=mm&r=g","caption":"greatreset"},"url":"https:\/\/now-news.de\/de\/author\/greatreset\/"}]}},"_links":{"self":[{"href":"https:\/\/now-news.de\/de\/wp-json\/wp\/v2\/posts\/10606"}],"collection":[{"href":"https:\/\/now-news.de\/de\/wp-json\/wp\/v2\/posts"}],"about":[{"href":"https:\/\/now-news.de\/de\/wp-json\/wp\/v2\/types\/post"}],"author":[{"embeddable":true,"href":"https:\/\/now-news.de\/de\/wp-json\/wp\/v2\/users\/5"}],"replies":[{"embeddable":true,"href":"https:\/\/now-news.de\/de\/wp-json\/wp\/v2\/comments?post=10606"}],"version-history":[{"count":0,"href":"https:\/\/now-news.de\/de\/wp-json\/wp\/v2\/posts\/10606\/revisions"}],"wp:featuredmedia":[{"embeddable":true,"href":"https:\/\/now-news.de\/de\/wp-json\/wp\/v2\/media\/10607"}],"wp:attachment":[{"href":"https:\/\/now-news.de\/de\/wp-json\/wp\/v2\/media?parent=10606"}],"wp:term":[{"taxonomy":"category","embeddable":true,"href":"https:\/\/now-news.de\/de\/wp-json\/wp\/v2\/categories?post=10606"},{"taxonomy":"post_tag","embeddable":true,"href":"https:\/\/now-news.de\/de\/wp-json\/wp\/v2\/tags?post=10606"}],"curies":[{"name":"wp","href":"https:\/\/api.w.org\/{rel}","templated":true}]}}