{"id":10590,"date":"2022-06-12T00:52:00","date_gmt":"2022-06-11T22:52:00","guid":{"rendered":"http:\/\/just-now.news\/de\/usa\/der-demokratische-abgeordnete-cori-bush-warnt-tucker-carlson-fox-news-vor-indoktriniertem-buffalo-shooter\/"},"modified":"2022-06-12T00:52:00","modified_gmt":"2022-06-11T22:52:00","slug":"der-demokratische-abgeordnete-cori-bush-warnt-tucker-carlson-fox-news-vor-indoktriniertem-buffalo-shooter","status":"publish","type":"post","link":"https:\/\/now-news.de\/de\/usa\/der-demokratische-abgeordnete-cori-bush-warnt-tucker-carlson-fox-news-vor-indoktriniertem-buffalo-shooter\/","title":{"rendered":"Der demokratische Abgeordnete Cori Bush warnt Tucker Carlson, Fox News, vor \u201eindoktriniertem\u201c Buffalo Shooter"},"content":{"rendered":"<p><\/p>\n<div class=\"entry-content\">\n<p>Der Buffalo-Sch\u00fctze t\u00f6tete letzten Monat 10 Menschen, weil er vom Fox News-Moderator Tucker Carlson und dem Fox News Channel \u201eindoktriniert\u201c wurde, warnte der Abgeordnete Cori Bush aus St. Louis, als sich am Samstag Demonstranten in Washington DC versammelten, um die zweite \u00c4nderung zu verbieten.  Die Kundgebung wurde von der Organisation \u201eMarch For Our Lives\u201c gesponsert<\/p>\n<p>\u201eIch schlie\u00dfe mich Ihnen ein paar Wochen an, nachdem ein 18-j\u00e4hriger wei\u00dfer Supremacist \u2013 der von Tucker Carlson und Fox News indoktriniert wurde \u2013 nachdem er eine schwarze Gemeinde in Buffalo ins Visier genommen und ein Massaker begangen hatte\u201c, sagte Bush der Menge im Anti -Zweite \u00c4nderungskundgebung in Washington, DC am Samstag.<\/p>\n<p>UHR:<\/p>\n<div id=\"IC1-ad\" class=\"sponsor IC1\">\n<p class=\"ad-notice flipboard-remove\" fl:fl-noexcerpt=\"true\">Werbung \u2013 die Geschichte geht unten weiter<\/p>\n<div id=\"IC1\">\n<script>\n\t\t\t\t\tif( FFADS.units.IC1 && FFADS.units.IC1.ad_type == 'custom' && FFADS.units.IC1.custom_ads && ! getCookie( 'ff_subbed' ) ) {\n\t\t\t\t\t\tdocument.getElementById( 'IC1' ).innerHTML = FFADS.units.IC1.custom_ads[0].code;\n\t\t\t\t\t\tif( ! FFADS.units.IC1.lazy_load ) eval( FFADS.units.IC1.custom_ads[0].rendering_script );\n\t\t\t\t\t}\n\t\t\t\t\telse if( FFADS.units.IC1 && ! getCookie( 'ff_subbed' ) ) {\n\t\t\t\t\t\tif( 'IC' != 'SB' && 'IC' != 'SA' && FFADS.use_fixed_containers ) {\n\t\t\t\t\t\t\tlet max_wh = firefly_size_list_to_max_wh( FFADS.units.IC1.sizes );\n\t\t\t\t\t\t\tlet el = document.querySelector( '#IC1' );\n\t\t\t\t\t\t\tif( 'IC' != 'SA' && FFADS.slide_pixels ) {\n\t\t\t\t\t\t\t\tmax_wh[1] += parseInt( FFADS.slide_pixels );\n\t\t\t\t\t\t\t\tel.classList.add( 'sliding' );\n\t\t\t\t\t\t\t}\n\t\t\t\t\t\t\tel.style.width = max_wh[0] + 'px';\n\t\t\t\t\t\t\tel.style.height = max_wh[1] + 'px';\n\t\t\t\t\t\t\tel.classList.add( 'fixed-size' );\n\t\t\t\t\t\t}\n\t\t\t\t\t\tgoogletag.cmd.push( function() {\n\t\t\t\t\t\t\tFFADS.debug( 'googletag.displaying IC1' );\n\t\t\t\t\t\t\tgoogletag.display( 'IC1' );\n\t\t\t\t\t\t} );\n\t\t\t\t\t}\n\t\t\t\t\telse {\n\t\t\t\t\t\tdocument.querySelector( '#IC1-ad' ).style.display = 'none';}\n\t\t\t\t<\/script><\/div>\n<\/div>\n<div class=\"jeg_video_container jeg_video_content\"><iframe loading=\"lazy\" title=\"Watch: Thousands rally against gun violence at March for Our Lives protest in Washington, DC\" width=\"500\" height=\"281\" src=\"https:\/\/www.youtube.com\/embed\/enPVElbGtz0?feature=oembed\" frameborder=\"0\" allow=\"accelerometer; autoplay; clipboard-write; encrypted-media; gyroscope; picture-in-picture; web-share\" referrerpolicy=\"strict-origin-when-cross-origin\" allowfullscreen><\/iframe><\/div>\n<p><script>\n\t\t\t\t\tif( ! getCookie( 'ff_subbed' ) ) if( typeof FFADS.replace_ict != 'undefined' ) if( FFADS.replace_ict ) eval( FFADS.replace_ict );\n\t\t\t\t<\/script><\/p>\n<p>\u201eIch schlie\u00dfe mich Ihnen heute nicht nur als Kongressabgeordnete aus St. Louis an, sondern ich bin auch eine \u00dcberlebende von Waffengewalt, die wei\u00df, dass die Behinderung der Gesetze zur Verh\u00fctung von Waffengewalt durch die Republikaner des Senats uns umbringt!\u201c  fuhr der demokratische Gesetzgeber fort.  \u201eEs bringt uns um!  Und sie tun so, als w\u00e4re es ihnen egal, weil sie wollen, was sie wollen, und wir sagen nein.  Nein!&#8221;<\/p>\n<p>Bushs Versuch, den Sch\u00fctzen von Buffalo als Rechtsextremisten hinzustellen, ist ein Echo der Propaganda, die von den Mainstream-Medien verbreitet wird, um Konservative nach jeder Massenerschie\u00dfung zu d\u00e4monisieren.<\/p>\n<div id=\"IC2-ad\" class=\"sponsor IC2\">\n<p class=\"ad-notice flipboard-remove\" fl:fl-noexcerpt=\"true\">Werbung \u2013 die Geschichte geht unten weiter<\/p>\n<div id=\"IC2\">\n<script>\n\t\t\t\t\tif( FFADS.units.IC2 && FFADS.units.IC2.ad_type == 'custom' && FFADS.units.IC2.custom_ads && ! getCookie( 'ff_subbed' ) ) {\n\t\t\t\t\t\tdocument.getElementById( 'IC2' ).innerHTML = FFADS.units.IC2.custom_ads[0].code;\n\t\t\t\t\t\tif( ! FFADS.units.IC2.lazy_load ) eval( FFADS.units.IC2.custom_ads[0].rendering_script );\n\t\t\t\t\t}\n\t\t\t\t\telse if( FFADS.units.IC2 && ! getCookie( 'ff_subbed' ) ) {\n\t\t\t\t\t\tif( 'IC' != 'SB' && 'IC' != 'SA' && FFADS.use_fixed_containers ) {\n\t\t\t\t\t\t\tlet max_wh = firefly_size_list_to_max_wh( FFADS.units.IC2.sizes );\n\t\t\t\t\t\t\tlet el = document.querySelector( '#IC2' );\n\t\t\t\t\t\t\tif( 'IC' != 'SA' && FFADS.slide_pixels ) {\n\t\t\t\t\t\t\t\tmax_wh[1] += parseInt( FFADS.slide_pixels );\n\t\t\t\t\t\t\t\tel.classList.add( 'sliding' );\n\t\t\t\t\t\t\t}\n\t\t\t\t\t\t\tel.style.width = max_wh[0] + 'px';\n\t\t\t\t\t\t\tel.style.height = max_wh[1] + 'px';\n\t\t\t\t\t\t\tel.classList.add( 'fixed-size' );\n\t\t\t\t\t\t}\n\t\t\t\t\t\tgoogletag.cmd.push( function() {\n\t\t\t\t\t\t\tFFADS.debug( 'googletag.displaying IC2' );\n\t\t\t\t\t\t\tgoogletag.display( 'IC2' );\n\t\t\t\t\t\t} );\n\t\t\t\t\t}\n\t\t\t\t\telse {\n\t\t\t\t\t\tdocument.querySelector( '#IC2-ad' ).style.display = 'none';}\n\t\t\t\t<\/script><\/div>\n<\/div>\n<p>Unmittelbar nach den Dreharbeiten warnte der Rolling Stone: \u201eDer Buffalo Shooter ist kein \u201aeinsamer Wolf&#8217;.  Er ist ein Mainstream-Republikaner.\u201c<\/p>\n<p>Brian Stelter von CNN und die fr\u00fchere Korrespondentin von ABC News, Mara Shiavocampo, behaupten, Fox News und Carlson h\u00e4tten den Buffalo zum T\u00f6ten verleitet, indem sie eine Kontroverse um die \u201eErsatztheorie\u201c entz\u00fcndeten.<\/p>\n<p>\u201eWir wissen, dass dies gewaltt\u00e4tige einheimische Terroristen sind, die sich einer Gruppenideologie der wei\u00dfen Vorherrschaft verschrieben haben.  \u2026 Wir m\u00fcssen anfangen, \u00fcber diese Vorf\u00e4lle im Kontext des inl\u00e4ndischen Terrorismus zu sprechen, der von der wei\u00dfen rassistischen Ideologie angeheizt wird\u201c, argumentierte Shiavocampo auf CNNs Reliable Sources.  \u201eEs steht au\u00dfer Frage, dass Sender wie Fox News zu einem gro\u00dfen Teil daf\u00fcr verantwortlich sind, diese Verschw\u00f6rungstheorien zu verbreiten, die in der Vergangenheit weitgehend an den rechtsextremen Rand verbannt wurden.  Wenn wir also \u00fcber diese Ersatztheorie sprechen, ist dies die Idee, dass es eine aktive Verschw\u00f6rung gibt, um wei\u00dfe Amerikaner durch Einwanderer zu ersetzen.  Das ist etwas, was fr\u00fcher am Rande war.  Tucker Carlson hat das erste Mal vor mehr als einem Jahr in seiner Sendung dar\u00fcber gesprochen, und seitdem haben wir es von Mitgliedern des Kongresses wiederholen h\u00f6ren.\u201c<\/p>\n<p>\u201eEs ist die gleiche Verschw\u00f6rungstheorie, die man zur Hauptsendezeit auf Fox News h\u00f6rt\u201c, f\u00fcgte Stelter hinzu.<\/p>\n<p><em>Die New York Times<\/em> beschuldigte auch rechte Medien, wei\u00dfe M\u00e4nner zu Massenerschie\u00dfungen getrieben zu haben.<\/p>\n<div id=\"IC3-ad\" class=\"sponsor IC3\">\n<p class=\"ad-notice flipboard-remove\" fl:fl-noexcerpt=\"true\">Werbung \u2013 die Geschichte geht unten weiter<\/p>\n<div id=\"IC3\">\n<script>\n\t\t\t\t\tif( FFADS.units.IC3 && FFADS.units.IC3.ad_type == 'custom' && FFADS.units.IC3.custom_ads && ! getCookie( 'ff_subbed' ) ) {\n\t\t\t\t\t\tdocument.getElementById( 'IC3' ).innerHTML = FFADS.units.IC3.custom_ads[0].code;\n\t\t\t\t\t\tif( ! FFADS.units.IC3.lazy_load ) eval( FFADS.units.IC3.custom_ads[0].rendering_script );\n\t\t\t\t\t}\n\t\t\t\t\telse if( FFADS.units.IC3 && ! getCookie( 'ff_subbed' ) ) {\n\t\t\t\t\t\tif( 'IC' != 'SB' && 'IC' != 'SA' && FFADS.use_fixed_containers ) {\n\t\t\t\t\t\t\tlet max_wh = firefly_size_list_to_max_wh( FFADS.units.IC3.sizes );\n\t\t\t\t\t\t\tlet el = document.querySelector( '#IC3' );\n\t\t\t\t\t\t\tif( 'IC' != 'SA' && FFADS.slide_pixels ) {\n\t\t\t\t\t\t\t\tmax_wh[1] += parseInt( FFADS.slide_pixels );\n\t\t\t\t\t\t\t\tel.classList.add( 'sliding' );\n\t\t\t\t\t\t\t}\n\t\t\t\t\t\t\tel.style.width = max_wh[0] + 'px';\n\t\t\t\t\t\t\tel.style.height = max_wh[1] + 'px';\n\t\t\t\t\t\t\tel.classList.add( 'fixed-size' );\n\t\t\t\t\t\t}\n\t\t\t\t\t\tgoogletag.cmd.push( function() {\n\t\t\t\t\t\t\tFFADS.debug( 'googletag.displaying IC3' );\n\t\t\t\t\t\t\tgoogletag.display( 'IC3' );\n\t\t\t\t\t\t} );\n\t\t\t\t\t}\n\t\t\t\t\telse {\n\t\t\t\t\t\tdocument.querySelector( '#IC3-ad' ).style.display = 'none';}\n\t\t\t\t<\/script><\/div>\n<\/div>\n<p>\u201eBewaffnete M\u00e4nner haben in den letzten Jahren bei einer Reihe von Massenerschie\u00dfungen und anderen Gewalttaten auf die rassistische Idee verwiesen, die als \u201aErsatztheorie&#8217; bekannt ist.  Es wurde einst mit dem rechtsextremen Rand in Verbindung gebracht, ist aber zunehmend zum Mainstream geworden, vorangetrieben von Politikern und popul\u00e4ren Fernsehprogrammen\u201c, schrieben Troy Closson, Eduardo Medina und Jack Healy von der Times.<\/p>\n<p>Trotz der Bem\u00fchungen der Konzernmedien und der Demokratischen Partei, den Buffallo-M\u00f6rder zu beschuldigen, ein Carlson-Akolyth zu sein, war der Bewaffnete ein selbsternannter \u201eethno-nationalistischer \u00d6ko-Faschist\u201c.<\/p>\n<blockquote class=\"twitter-tweet\" data-width=\"500\" data-dnt=\"true\">\n<p lang=\"en\" dir=\"ltr\">Ekelhaft und verr\u00fcckt, dass Agenten der Demokraten bereits den Mord an 10 ausnutzen, indem sie Tucker Carlson und Fox News die Schuld geben.<\/p>\n<p>Das Manifest nennt das Internet (bestimmte Websites) als seine Inspiration (nicht Fernsehen) \u2013 und hat ein antisemitisches Meme, das Fox News angreift.https:\/\/t.co\/kboxiRSm7P https:\/\/t.co\/yUxhQCjTpI <a rel=\"nofollow noopener\" target=\"_blank\" href=\"https:\/\/t.co\/aqt9jsUlxF\">pic.twitter.com\/aqt9jsUlxF<\/a><\/p>\n<p>\u2013 ???????? Mike Davis ???????? (@mrddmia) <a rel=\"nofollow noopener\" target=\"_blank\" href=\"https:\/\/twitter.com\/mrddmia\/status\/1525591150660313089?ref_src=twsrc%5Etfw\">14. Mai 2022<\/a><\/p>\n<\/blockquote>\n<p><script async src=\"https:\/\/platform.twitter.com\/widgets.js\" charset=\"utf-8\"><\/script><\/p>\n<p>Der Sch\u00fctze feierte sogar den Tod des \u201eKonservatismus\u201c in einem verr\u00fcckten 180-seitigen Dokument, das er verfasst hatte und in dem er seinen Angriffsplan skizzierte.<\/p>\n<div id=\"IC4-ad\" class=\"sponsor IC4\">\n<p class=\"ad-notice flipboard-remove\" fl:fl-noexcerpt=\"true\">Werbung \u2013 die Geschichte geht unten weiter<\/p>\n<div id=\"IC4\">\n<script>\n\t\t\t\t\tif( FFADS.units.IC4 && FFADS.units.IC4.ad_type == 'custom' && FFADS.units.IC4.custom_ads && ! getCookie( 'ff_subbed' ) ) {\n\t\t\t\t\t\tdocument.getElementById( 'IC4' ).innerHTML = FFADS.units.IC4.custom_ads[0].code;\n\t\t\t\t\t\tif( ! FFADS.units.IC4.lazy_load ) eval( FFADS.units.IC4.custom_ads[0].rendering_script );\n\t\t\t\t\t}\n\t\t\t\t\telse if( FFADS.units.IC4 && ! getCookie( 'ff_subbed' ) ) {\n\t\t\t\t\t\tif( 'IC' != 'SB' && 'IC' != 'SA' && FFADS.use_fixed_containers ) {\n\t\t\t\t\t\t\tlet max_wh = firefly_size_list_to_max_wh( FFADS.units.IC4.sizes );\n\t\t\t\t\t\t\tlet el = document.querySelector( '#IC4' );\n\t\t\t\t\t\t\tif( 'IC' != 'SA' && FFADS.slide_pixels ) {\n\t\t\t\t\t\t\t\tmax_wh[1] += parseInt( FFADS.slide_pixels );\n\t\t\t\t\t\t\t\tel.classList.add( 'sliding' );\n\t\t\t\t\t\t\t}\n\t\t\t\t\t\t\tel.style.width = max_wh[0] + 'px';\n\t\t\t\t\t\t\tel.style.height = max_wh[1] + 'px';\n\t\t\t\t\t\t\tel.classList.add( 'fixed-size' );\n\t\t\t\t\t\t}\n\t\t\t\t\t\tgoogletag.cmd.push( function() {\n\t\t\t\t\t\t\tFFADS.debug( 'googletag.displaying IC4' );\n\t\t\t\t\t\t\tgoogletag.display( 'IC4' );\n\t\t\t\t\t\t} );\n\t\t\t\t\t}\n\t\t\t\t\telse {\n\t\t\t\t\t\tdocument.querySelector( '#IC4-ad' ).style.display = 'none';}\n\t\t\t\t<\/script><\/div>\n<\/div>\n<p>\u201eFragen Sie sich wirklich, was es dem modernen Konservatismus gelungen ist, zu bewahren?\u201c  er schrieb.  \u201eNichts ist erhalten geblieben au\u00dfer den Unternehmensgewinnen und dem st\u00e4ndig wachsenden Reichtum der 1 %, die die Menschen zu ihrem eigenen Vorteil ausbeuten.  Der Konservatismus ist tot.  Gott sei Dank.  Lasst es uns jetzt begraben und zu etwas Wertvollem \u00fcbergehen.\u201c<\/p>\n<blockquote class=\"twitter-tweet\" data-width=\"500\" data-dnt=\"true\">\n<p lang=\"en\" dir=\"ltr\">Wir alle wissen, dass Sie gerne Ihre Propaganda posten, aber Fakten sind wichtig. https:\/\/t.co\/DAJxxsMqtg<\/p>\n<p>\u2014 Hodgetwins (@hodgetwins) <a rel=\"nofollow noopener\" target=\"_blank\" href=\"https:\/\/twitter.com\/hodgetwins\/status\/1526224389456465920?ref_src=twsrc%5Etfw\">16. Mai 2022<\/a><\/p>\n<\/blockquote>\n<p><script async src=\"https:\/\/platform.twitter.com\/widgets.js\" charset=\"utf-8\"><\/script><\/p>\n<p>Der antisemitische Sch\u00fctze f\u00fchrte in seinem Manifest auch eine Schm\u00e4hschrift \u00fcber den Umweltschutz.<\/p>\n<blockquote class=\"twitter-tweet\" data-width=\"500\" data-dnt=\"true\">\n<p lang=\"en\" dir=\"ltr\">Das Manifest des Terroristen, der heute Menschen get\u00f6tet hat, enth\u00e4lt Folgendes: <\/p>\n<p>\u2013 Er erstellte eine Tabelle j\u00fcdischer Menschen und nahm mich unter \u201eTrolljude\u201c auf.<\/p>\n<p>\u2013 Ablehnung des Christentums. <\/p>\n<p>\u2013 Ein Eingest\u00e4ndnis, dass er \u201eautorit\u00e4rer linker Fl\u00fcgel\u201c ist.<\/p>\n<p>\u2013 Hybrider Nazi und \u201egr\u00fcner Nationalismus\u201c.<\/p>\n<p>\u2014 Cernovich (@Cernovich) <a rel=\"nofollow noopener\" target=\"_blank\" href=\"https:\/\/twitter.com\/Cernovich\/status\/1525607587856543744?ref_src=twsrc%5Etfw\">14. Mai 2022<\/a><\/p>\n<\/blockquote>\n<p><script async src=\"https:\/\/platform.twitter.com\/widgets.js\" charset=\"utf-8\"><\/script><\/p>\n<div id=\"REP_0-ad\" class=\"sponsor REP\">\n<p class=\"ad-notice flipboard-remove\" fl:fl-noexcerpt=\"true\">Werbung \u2013 die Geschichte geht unten weiter<\/p>\n<div id=\"REP_0\">\n<script>\n\t\t\t\t\tif( FFADS.units.IC5 && FFADS.units.IC5.ad_type == 'custom' && FFADS.units.IC5.custom_ads && ! getCookie( 'ff_subbed' ) ) {\n\t\t\t\t\t\tdocument.getElementById( 'REP_0' ).innerHTML = FFADS.units.IC5.custom_ads[0].code;\n\t\t\t\t\t\tif( ! FFADS.units.IC5.lazy_load ) eval( FFADS.units.IC5.custom_ads[0].rendering_script );\n\t\t\t\t\t}\n\t\t\t\t\telse if( FFADS.units.IC5 && ! getCookie( 'ff_subbed' ) ) {\n\t\t\t\t\t\tif( 'RE' != 'SB' && 'RE' != 'SA' && FFADS.use_fixed_containers ) {\n\t\t\t\t\t\t\tlet max_wh = firefly_size_list_to_max_wh( FFADS.units.IC5.sizes );\n\t\t\t\t\t\t\tlet el = document.querySelector( '#REP_0' );\n\t\t\t\t\t\t\tif( 'RE' != 'SA' && FFADS.slide_pixels ) {\n\t\t\t\t\t\t\t\tmax_wh[1] += parseInt( FFADS.slide_pixels );\n\t\t\t\t\t\t\t\tel.classList.add( 'sliding' );\n\t\t\t\t\t\t\t}\n\t\t\t\t\t\t\tel.style.width = max_wh[0] + 'px';\n\t\t\t\t\t\t\tel.style.height = max_wh[1] + 'px';\n\t\t\t\t\t\t\tel.classList.add( 'fixed-size' );\n\t\t\t\t\t\t}\n\t\t\t\t\t\tgoogletag.cmd.push( function() {\n\t\t\t\t\t\t\tFFADS.debug( 'googletag.displaying REP_0' );\n\t\t\t\t\t\t\tgoogletag.display( 'REP_0' );\n\t\t\t\t\t\t} );\n\t\t\t\t\t}\n\t\t\t\t\telse {\n\t\t\t\t\t\tdocument.querySelector( '#REP_0-ad' ).style.display = 'none';}\n\t\t\t\t<\/script><\/div>\n<\/div>\n<p>Gr\u00fcner Nationalismus ist der einzig wahre Nationalismus\u201c, schrieb er.  \u201eEs gibt keinen Konservatismus ohne Natur, es gibt keinen Nationalismus ohne Umweltschutz, die nat\u00fcrliche Umwelt unserer L\u00e4nder hat uns genauso geformt, wie wir sie geformt haben.  Wir wurden in unseren L\u00e4ndern geboren und unsere eigene Kultur wurde von denselben L\u00e4ndern geformt.  Der Schutz und die Bewahrung dieser L\u00e4ndereien ist von gleicher Bedeutung wie der Schutz und die Bewahrung unserer eigenen Ideale und \u00dcberzeugungen.  Zu lange haben wir der Linken erlaubt, die Umweltbewegung zu kooptieren, um ihren eigenen Bed\u00fcrfnissen zu dienen.  Die Linke hat alle Diskussionen \u00fcber den Umweltschutz kontrolliert, w\u00e4hrend sie gleichzeitig die fortgesetzte Zerst\u00f6rung der nat\u00fcrlichen Umwelt selbst durch Masseneinwanderung und unkontrollierte Urbanisierung pr\u00e4sidiert, w\u00e4hrend sie f\u00fcr keines der beiden Probleme eine echte L\u00f6sung anbietet.  Es gibt keine gr\u00fcne Zukunft mit endlosem Bev\u00f6lkerungswachstum, die ideale gr\u00fcne Welt kann nicht in einer Welt mit 100 Milliarden, 50 Milliarden oder sogar 10 Milliarden Menschen existieren.  Die fortgesetzte Einwanderung nach Europa ist eine Umweltkriegsf\u00fchrung und letztendlich zerst\u00f6rerisch f\u00fcr die Natur selbst.  Das Europa der Zukunft besteht nicht aus Beton und Stahl, Smog und Dr\u00e4hten, sondern aus W\u00e4ldern, Seen, Bergen und Wiesen.  Kein Ort, an dem Englisch die De-facto-Sprache ist, sondern ein Ort, an dem jede europ\u00e4ische Sprache, jeder Glaube und jede Tradition gesch\u00e4tzt wird.  Jede Nation und jede ethnische Zugeh\u00f6rigkeit wurde von ihrer eigenen Umgebung geformt, und wenn sie gesch\u00fctzt werden sollen, muss dies auch ihre eigene Umgebung tun.  ES GIBT KEINEN TRADITIONALISMUS OHNE UMWELTGERECHTIGKEIT.\u201c<\/p>\n<blockquote class=\"twitter-tweet\" data-width=\"500\" data-dnt=\"true\">\n<p lang=\"en\" dir=\"ltr\">Nur zur Erinnerung: Der Buffalo-Sch\u00fctze war ein radikaler, rassistischer, geistesgest\u00f6rter Demokrat, der sich selbst als \u201eautorit\u00e4re Linke\u201c bezeichnete.  Wei\u00dfe Vorherrschaft ist nicht das Problem.  Verr\u00fcckte Demokraten sind.<\/p>\n<p>Machen Sie Amerika wieder sicher: Nehmen Sie den Liberalen die Waffen weg.<\/p>\n<p>\u2013 Pearson Sharp (@PearsonSharp) <a rel=\"nofollow noopener\" target=\"_blank\" href=\"https:\/\/twitter.com\/PearsonSharp\/status\/1528767763350622208?ref_src=twsrc%5Etfw\">23. Mai 2022<\/a><\/p>\n<\/blockquote>\n<p><script async src=\"https:\/\/platform.twitter.com\/widgets.js\" charset=\"utf-8\"><\/script><\/p>\n<\/p>\n<p class=\"article-ask\"><span class=\"ask\"><script>\n  if( getParameterByName( \"utm_source\" ) == \"testpage\" ) {\n    !function(e,t,a,n,g){e[n]=e[n]||[],e[n].push({\"gtm.start\":(new Date).getTime(),event:\"gtm.js\"});var m=t.getElementsByTagName(a)[0],r=t.createElement(a);r.async=!0,r.src=\"https:\/\/www.googletagmanager.com\/gtm.js?id=GTM-PL4PD49\",m.parentNode.insertBefore(r,m)}(window.parent,window.parent.document,\"script\",\"dataLayer\");\n    var iframe=window.parent.document.createElement(\"iframe\");iframe.src=\"https:\/\/www.googletagmanager.com\/ns.html?id=GTM-PL4PD49\";iframe.height=\"0\";iframe.width=\"0\";iframe.style=\"display:none;visibility:hidden\";window.parent.document.body.appendChild(iframe);\n    window.parent[\"$$mm-analytics\"] = window.parent[\"$$mm-analytics\"] || {};if (typeof window.parent[\"$$mm-analytics\"].firstEmbed === \"undefined\") {window.parent[\"$$mm-analytics\"].firstEmbed = Date.now();}\n    let as1 = document.createElement( \"script\" );\n    as1.src = \"https:\/\/bucket1.mm-syringe.com\/prod\/configs\/ee2300c8-43d2-7f0b-dac0-40aaf31c9d3d.js\";\n    document.body.appendChild( as1 );\n    let as2 = document.createElement( \"script\" );\n    as2.src = \"https:\/\/bucket1.mm-syringe.com\/prod\/injector\/injector.1.5.3.js\";\n    document.body.appendChild( as2 );\n  }\n<\/script><\/p>\n<div class=\"apester-media\" data-token=\"5f10a39f94902bc81d3d59a7\" data-context=\"true\" data-tags=\"\" data-fallback=\"true\" height=\"350\"><\/div>\n<p><script id=\"apester_script\" src=\"https:\/\/static.apester.com\/js\/sdk\/latest\/apester-sdk.js\" async><\/script><script async src=\"https:\/\/www.googletagmanager.com\/gtag\/js?id=G-EFE91RJVSQ\"><\/script><script>\n  window.dataLayer = window.dataLayer || [];\n  function gtag(){dataLayer.push(arguments);}\n  gtag(\\\\\\'js\\\\\\', new Date());\n  gtag(\\\\\\'config\\\\\\', \\\\\\'G-EFE91RJVSQ\\\\\\');\n<\/script><script type=\"text\/javascript\">\n\tfunction e(e){var t=!(arguments.length>1&&void 0!==arguments[1])||arguments[1],c=document.createElement(\"script\");c.src=e,t?c.type=\"module\":(c.async=!0,c.type=\"text\/javascript\",c.setAttribute(\"nomodule\",\"\"));var n=document.getElementsByTagName(\"script\")[0];n.parentNode.insertBefore(c,n)}function t(t,c,n){var a,o,r;null!==(a=t.marfeel)&&void 0!==a||(t.marfeel={}),null!==(o=(r=t.marfeel).cmd)&&void 0!==o||(r.cmd=[]),t.marfeel.config=n,t.marfeel.config.accountId=c;var i=\"https:\/\/sdk.mrf.io\/statics\";e(\"\".concat(i,\"\/marfeel-sdk.js?id=\").concat(c),!0),e(\"\".concat(i,\"\/marfeel-sdk.es5.js?id=\").concat(c),!1)}!function(e,c){var n=arguments.length>2&&void 0!==arguments[2]?arguments[2]:{};t(e,c,n)}(window,1573,{} \/*config*\/);\n<\/script><\/span><\/p>\n<\/div>\n<p><br \/>\n<br \/><a href=\"https:\/\/www.thegatewaypundit.com\/2022\/06\/democrat-rep-cori-bush-warns-tucker-carlson-fox-news-indoctrinated-buffalo-shooter\/\">Source link <\/a><\/p>\n","protected":false},"excerpt":{"rendered":"<p>Der Buffalo-Sch\u00fctze t\u00f6tete letzten Monat 10 Menschen, weil er vom Fox News-Moderator Tucker Carlson und dem Fox News Channel \u201eindoktriniert\u201c wurde, warnte der Abgeordnete Cori Bush aus St. Louis, als sich am Samstag Demonstranten in Washington DC versammelten, um die zweite \u00c4nderung zu verbieten. Die Kundgebung wurde von der Organisation \u201eMarch For Our Lives\u201c gesponsert [&hellip;]<\/p>\n","protected":false},"author":5,"featured_media":10591,"comment_status":"open","ping_status":"open","sticky":false,"template":"","format":"standard","meta":{"_oembed_ac2c72b1945cf12aaa2f466aefcaaf59":["<iframe title=\"Watch: Thousands rally against gun violence at March for Our Lives protest in Washington, DC\" width=\"500\" height=\"281\" src=\"https:\/\/www.youtube.com\/embed\/enPVElbGtz0?feature=oembed\" frameborder=\"0\" allow=\"accelerometer; autoplay; clipboard-write; encrypted-media; gyroscope; picture-in-picture\" allowfullscreen><\/iframe>"],"_oembed_time_ac2c72b1945cf12aaa2f466aefcaaf59":["1654989647"],"wp_automatic_camp":["1161"],"799d2d10d8eaa3e08743324deba77abf":["Der demokratische Abgeordnete Cori Bush warnt Tucker Carlson, Fox News, vor \u201eindoktriniertem\u201c Buffalo Shooter\n"],"original_link":["https:\/\/www.thegatewaypundit.com\/2022\/06\/democrat-rep-cori-bush-warns-tucker-carlson-fox-news-indoctrinated-buffalo-shooter\/"],"_thumbnail_id":["10591"],"wp_automatic_remove_first_image":["yes"],"jnews_social_counter_last_update":["1777260200"],"_oembed_87bd92d1fba40c0f6fc9279e7c0c8e49":["<iframe title=\"Watch: Thousands rally against gun violence at March for Our Lives protest in Washington, DC\" width=\"500\" height=\"281\" src=\"https:\/\/www.youtube.com\/embed\/enPVElbGtz0?feature=oembed\" frameborder=\"0\" allow=\"accelerometer; autoplay; clipboard-write; encrypted-media; gyroscope; picture-in-picture; web-share\" referrerpolicy=\"strict-origin-when-cross-origin\" allowfullscreen><\/iframe>"],"_oembed_time_87bd92d1fba40c0f6fc9279e7c0c8e49":["1717190541"]},"categories":[25],"tags":[7626,20178,4526,10167,24111,18999,82,4144,24112,96,20198,10166,320,912],"yoast_head":"<!-- This site is optimized with the Yoast SEO Premium plugin v22.7 (Yoast SEO v22.7) - https:\/\/yoast.com\/wordpress\/plugins\/seo\/ -->\n<title>Der demokratische Abgeordnete Cori Bush warnt Tucker Carlson, Fox News, vor \u201eindoktriniertem\u201c Buffalo Shooter - just-now.NEWS Deutschland<\/title>\n<meta name=\"robots\" content=\"index, follow, max-snippet:-1, max-image-preview:large, max-video-preview:-1\" \/>\n<link rel=\"canonical\" href=\"https:\/\/now-news.de\/de\/usa\/der-demokratische-abgeordnete-cori-bush-warnt-tucker-carlson-fox-news-vor-indoktriniertem-buffalo-shooter\/\" \/>\n<meta property=\"og:locale\" content=\"de_DE\" \/>\n<meta property=\"og:type\" content=\"article\" \/>\n<meta property=\"og:title\" content=\"Der demokratische Abgeordnete Cori Bush warnt Tucker Carlson, Fox News, vor \u201eindoktriniertem\u201c Buffalo Shooter\" \/>\n<meta property=\"og:description\" content=\"Der Buffalo-Sch\u00fctze t\u00f6tete letzten Monat 10 Menschen, weil er vom Fox News-Moderator Tucker Carlson und dem Fox News Channel \u201eindoktriniert\u201c wurde, warnte der Abgeordnete Cori Bush aus St. Louis, als sich am Samstag Demonstranten in Washington DC versammelten, um die zweite \u00c4nderung zu verbieten. Die Kundgebung wurde von der Organisation \u201eMarch For Our Lives\u201c gesponsert [&hellip;]\" \/>\n<meta property=\"og:url\" content=\"https:\/\/now-news.de\/de\/usa\/der-demokratische-abgeordnete-cori-bush-warnt-tucker-carlson-fox-news-vor-indoktriniertem-buffalo-shooter\/\" \/>\n<meta property=\"og:site_name\" content=\"just-now.NEWS Deutschland\" \/>\n<meta property=\"article:publisher\" content=\"https:\/\/www.facebook.com\/wirmachenauf\" \/>\n<meta property=\"article:published_time\" content=\"2022-06-11T22:52:00+00:00\" \/>\n<meta property=\"og:image\" content=\"https:\/\/now-news.de\/de\/wp-content\/uploads\/sites\/3\/2022\/06\/Der-demokratische-Abgeordnete-Cori-Bush-warnt-Tucker-Carlson-Fox-News.jpg\" \/>\n\t<meta property=\"og:image:width\" content=\"1147\" \/>\n\t<meta property=\"og:image:height\" content=\"722\" \/>\n\t<meta property=\"og:image:type\" content=\"image\/jpeg\" \/>\n<meta name=\"author\" content=\"greatreset\" \/>\n<meta name=\"twitter:card\" content=\"summary_large_image\" \/>\n<meta name=\"twitter:creator\" content=\"@WirMachenAuf_de\" \/>\n<meta name=\"twitter:site\" content=\"@WirMachenAuf_de\" \/>\n<meta name=\"twitter:label1\" content=\"Verfasst von\" \/>\n\t<meta name=\"twitter:data1\" content=\"greatreset\" \/>\n\t<meta name=\"twitter:label2\" content=\"Gesch\u00e4tzte Lesezeit\" \/>\n\t<meta name=\"twitter:data2\" content=\"6\u00a0Minuten\" \/>\n<script type=\"application\/ld+json\" class=\"yoast-schema-graph\">{\"@context\":\"https:\/\/schema.org\",\"@graph\":[{\"@type\":\"Article\",\"@id\":\"https:\/\/now-news.de\/de\/usa\/der-demokratische-abgeordnete-cori-bush-warnt-tucker-carlson-fox-news-vor-indoktriniertem-buffalo-shooter\/#article\",\"isPartOf\":{\"@id\":\"https:\/\/now-news.de\/de\/usa\/der-demokratische-abgeordnete-cori-bush-warnt-tucker-carlson-fox-news-vor-indoktriniertem-buffalo-shooter\/\"},\"author\":{\"name\":\"greatreset\",\"@id\":\"https:\/\/now-news.de\/de\/#\/schema\/person\/8afb4cd92b68572db7902c13a349ffcb\"},\"headline\":\"Der demokratische Abgeordnete Cori Bush warnt Tucker Carlson, Fox News, vor \u201eindoktriniertem\u201c Buffalo Shooter\",\"datePublished\":\"2022-06-11T22:52:00+00:00\",\"dateModified\":\"2022-06-11T22:52:00+00:00\",\"mainEntityOfPage\":{\"@id\":\"https:\/\/now-news.de\/de\/usa\/der-demokratische-abgeordnete-cori-bush-warnt-tucker-carlson-fox-news-vor-indoktriniertem-buffalo-shooter\/\"},\"wordCount\":1136,\"commentCount\":0,\"publisher\":{\"@id\":\"https:\/\/now-news.de\/de\/#organization\"},\"image\":{\"@id\":\"https:\/\/now-news.de\/de\/usa\/der-demokratische-abgeordnete-cori-bush-warnt-tucker-carlson-fox-news-vor-indoktriniertem-buffalo-shooter\/#primaryimage\"},\"thumbnailUrl\":\"https:\/\/now-news.de\/de\/wp-content\/uploads\/sites\/3\/2022\/06\/Der-demokratische-Abgeordnete-Cori-Bush-warnt-Tucker-Carlson-Fox-News.jpg\",\"keywords\":[\"Abgeordnete\",\"Buffalo\",\"Bush\",\"Carlson\",\"Cori\",\"demokratische\",\"der\",\"FOX\",\"indoktriniertem\",\"news\",\"Shooter\",\"Tucker\",\"vor\",\"warnt\"],\"articleSection\":[\"USA\"],\"inLanguage\":\"de\",\"potentialAction\":[{\"@type\":\"CommentAction\",\"name\":\"Comment\",\"target\":[\"https:\/\/now-news.de\/de\/usa\/der-demokratische-abgeordnete-cori-bush-warnt-tucker-carlson-fox-news-vor-indoktriniertem-buffalo-shooter\/#respond\"]}]},{\"@type\":\"WebPage\",\"@id\":\"https:\/\/now-news.de\/de\/usa\/der-demokratische-abgeordnete-cori-bush-warnt-tucker-carlson-fox-news-vor-indoktriniertem-buffalo-shooter\/\",\"url\":\"https:\/\/now-news.de\/de\/usa\/der-demokratische-abgeordnete-cori-bush-warnt-tucker-carlson-fox-news-vor-indoktriniertem-buffalo-shooter\/\",\"name\":\"Der demokratische Abgeordnete Cori Bush warnt Tucker Carlson, Fox News, vor \u201eindoktriniertem\u201c Buffalo Shooter - just-now.NEWS Deutschland\",\"isPartOf\":{\"@id\":\"https:\/\/now-news.de\/de\/#website\"},\"primaryImageOfPage\":{\"@id\":\"https:\/\/now-news.de\/de\/usa\/der-demokratische-abgeordnete-cori-bush-warnt-tucker-carlson-fox-news-vor-indoktriniertem-buffalo-shooter\/#primaryimage\"},\"image\":{\"@id\":\"https:\/\/now-news.de\/de\/usa\/der-demokratische-abgeordnete-cori-bush-warnt-tucker-carlson-fox-news-vor-indoktriniertem-buffalo-shooter\/#primaryimage\"},\"thumbnailUrl\":\"https:\/\/now-news.de\/de\/wp-content\/uploads\/sites\/3\/2022\/06\/Der-demokratische-Abgeordnete-Cori-Bush-warnt-Tucker-Carlson-Fox-News.jpg\",\"datePublished\":\"2022-06-11T22:52:00+00:00\",\"dateModified\":\"2022-06-11T22:52:00+00:00\",\"breadcrumb\":{\"@id\":\"https:\/\/now-news.de\/de\/usa\/der-demokratische-abgeordnete-cori-bush-warnt-tucker-carlson-fox-news-vor-indoktriniertem-buffalo-shooter\/#breadcrumb\"},\"inLanguage\":\"de\",\"potentialAction\":[{\"@type\":\"ReadAction\",\"target\":[\"https:\/\/now-news.de\/de\/usa\/der-demokratische-abgeordnete-cori-bush-warnt-tucker-carlson-fox-news-vor-indoktriniertem-buffalo-shooter\/\"]}]},{\"@type\":\"ImageObject\",\"inLanguage\":\"de\",\"@id\":\"https:\/\/now-news.de\/de\/usa\/der-demokratische-abgeordnete-cori-bush-warnt-tucker-carlson-fox-news-vor-indoktriniertem-buffalo-shooter\/#primaryimage\",\"url\":\"https:\/\/now-news.de\/de\/wp-content\/uploads\/sites\/3\/2022\/06\/Der-demokratische-Abgeordnete-Cori-Bush-warnt-Tucker-Carlson-Fox-News.jpg\",\"contentUrl\":\"https:\/\/now-news.de\/de\/wp-content\/uploads\/sites\/3\/2022\/06\/Der-demokratische-Abgeordnete-Cori-Bush-warnt-Tucker-Carlson-Fox-News.jpg\",\"width\":1147,\"height\":722},{\"@type\":\"BreadcrumbList\",\"@id\":\"https:\/\/now-news.de\/de\/usa\/der-demokratische-abgeordnete-cori-bush-warnt-tucker-carlson-fox-news-vor-indoktriniertem-buffalo-shooter\/#breadcrumb\",\"itemListElement\":[{\"@type\":\"ListItem\",\"position\":1,\"name\":\"Home\",\"item\":\"https:\/\/now-news.de\/de\/\"},{\"@type\":\"ListItem\",\"position\":2,\"name\":\"Der demokratische Abgeordnete Cori Bush warnt Tucker Carlson, Fox News, vor \u201eindoktriniertem\u201c Buffalo Shooter\"}]},{\"@type\":\"WebSite\",\"@id\":\"https:\/\/now-news.de\/de\/#website\",\"url\":\"https:\/\/now-news.de\/de\/\",\"name\":\"just-now.NEWS Deutschland\",\"description\":\"Das Portal f\u00fcr unzensierte Nachrichten aus der Welt\",\"publisher\":{\"@id\":\"https:\/\/now-news.de\/de\/#organization\"},\"potentialAction\":[{\"@type\":\"SearchAction\",\"target\":{\"@type\":\"EntryPoint\",\"urlTemplate\":\"https:\/\/now-news.de\/de\/?s={search_term_string}\"},\"query-input\":\"required name=search_term_string\"}],\"inLanguage\":\"de\"},{\"@type\":\"Organization\",\"@id\":\"https:\/\/now-news.de\/de\/#organization\",\"name\":\"Just Now News\",\"url\":\"https:\/\/now-news.de\/de\/\",\"logo\":{\"@type\":\"ImageObject\",\"inLanguage\":\"de\",\"@id\":\"https:\/\/now-news.de\/de\/#\/schema\/logo\/image\/\",\"url\":\"http:\/\/just-now.news\/de\/wp-content\/uploads\/sites\/3\/2022\/04\/logo500x500.jpg\",\"contentUrl\":\"http:\/\/just-now.news\/de\/wp-content\/uploads\/sites\/3\/2022\/04\/logo500x500.jpg\",\"width\":500,\"height\":500,\"caption\":\"Just Now News\"},\"image\":{\"@id\":\"https:\/\/now-news.de\/de\/#\/schema\/logo\/image\/\"},\"sameAs\":[\"https:\/\/www.facebook.com\/wirmachenauf\",\"https:\/\/x.com\/WirMachenAuf_de\"]},{\"@type\":\"Person\",\"@id\":\"https:\/\/now-news.de\/de\/#\/schema\/person\/8afb4cd92b68572db7902c13a349ffcb\",\"name\":\"greatreset\",\"image\":{\"@type\":\"ImageObject\",\"inLanguage\":\"de\",\"@id\":\"https:\/\/now-news.de\/de\/#\/schema\/person\/image\/\",\"url\":\"https:\/\/secure.gravatar.com\/avatar\/a088df625d49991c090e78c8b9542592?s=96&d=mm&r=g\",\"contentUrl\":\"https:\/\/secure.gravatar.com\/avatar\/a088df625d49991c090e78c8b9542592?s=96&d=mm&r=g\",\"caption\":\"greatreset\"},\"url\":\"https:\/\/now-news.de\/de\/author\/greatreset\/\"}]}<\/script>\n<!-- \/ Yoast SEO Premium plugin. -->","yoast_head_json":{"title":"Der demokratische Abgeordnete Cori Bush warnt Tucker Carlson, Fox News, vor \u201eindoktriniertem\u201c Buffalo Shooter - just-now.NEWS Deutschland","robots":{"index":"index","follow":"follow","max-snippet":"max-snippet:-1","max-image-preview":"max-image-preview:large","max-video-preview":"max-video-preview:-1"},"canonical":"https:\/\/now-news.de\/de\/usa\/der-demokratische-abgeordnete-cori-bush-warnt-tucker-carlson-fox-news-vor-indoktriniertem-buffalo-shooter\/","og_locale":"de_DE","og_type":"article","og_title":"Der demokratische Abgeordnete Cori Bush warnt Tucker Carlson, Fox News, vor \u201eindoktriniertem\u201c Buffalo Shooter","og_description":"Der Buffalo-Sch\u00fctze t\u00f6tete letzten Monat 10 Menschen, weil er vom Fox News-Moderator Tucker Carlson und dem Fox News Channel \u201eindoktriniert\u201c wurde, warnte der Abgeordnete Cori Bush aus St. Louis, als sich am Samstag Demonstranten in Washington DC versammelten, um die zweite \u00c4nderung zu verbieten. Die Kundgebung wurde von der Organisation \u201eMarch For Our Lives\u201c gesponsert [&hellip;]","og_url":"https:\/\/now-news.de\/de\/usa\/der-demokratische-abgeordnete-cori-bush-warnt-tucker-carlson-fox-news-vor-indoktriniertem-buffalo-shooter\/","og_site_name":"just-now.NEWS Deutschland","article_publisher":"https:\/\/www.facebook.com\/wirmachenauf","article_published_time":"2022-06-11T22:52:00+00:00","og_image":[{"width":1147,"height":722,"url":"https:\/\/now-news.de\/de\/wp-content\/uploads\/sites\/3\/2022\/06\/Der-demokratische-Abgeordnete-Cori-Bush-warnt-Tucker-Carlson-Fox-News.jpg","type":"image\/jpeg"}],"author":"greatreset","twitter_card":"summary_large_image","twitter_creator":"@WirMachenAuf_de","twitter_site":"@WirMachenAuf_de","twitter_misc":{"Verfasst von":"greatreset","Gesch\u00e4tzte Lesezeit":"6\u00a0Minuten"},"schema":{"@context":"https:\/\/schema.org","@graph":[{"@type":"Article","@id":"https:\/\/now-news.de\/de\/usa\/der-demokratische-abgeordnete-cori-bush-warnt-tucker-carlson-fox-news-vor-indoktriniertem-buffalo-shooter\/#article","isPartOf":{"@id":"https:\/\/now-news.de\/de\/usa\/der-demokratische-abgeordnete-cori-bush-warnt-tucker-carlson-fox-news-vor-indoktriniertem-buffalo-shooter\/"},"author":{"name":"greatreset","@id":"https:\/\/now-news.de\/de\/#\/schema\/person\/8afb4cd92b68572db7902c13a349ffcb"},"headline":"Der demokratische Abgeordnete Cori Bush warnt Tucker Carlson, Fox News, vor \u201eindoktriniertem\u201c Buffalo Shooter","datePublished":"2022-06-11T22:52:00+00:00","dateModified":"2022-06-11T22:52:00+00:00","mainEntityOfPage":{"@id":"https:\/\/now-news.de\/de\/usa\/der-demokratische-abgeordnete-cori-bush-warnt-tucker-carlson-fox-news-vor-indoktriniertem-buffalo-shooter\/"},"wordCount":1136,"commentCount":0,"publisher":{"@id":"https:\/\/now-news.de\/de\/#organization"},"image":{"@id":"https:\/\/now-news.de\/de\/usa\/der-demokratische-abgeordnete-cori-bush-warnt-tucker-carlson-fox-news-vor-indoktriniertem-buffalo-shooter\/#primaryimage"},"thumbnailUrl":"https:\/\/now-news.de\/de\/wp-content\/uploads\/sites\/3\/2022\/06\/Der-demokratische-Abgeordnete-Cori-Bush-warnt-Tucker-Carlson-Fox-News.jpg","keywords":["Abgeordnete","Buffalo","Bush","Carlson","Cori","demokratische","der","FOX","indoktriniertem","news","Shooter","Tucker","vor","warnt"],"articleSection":["USA"],"inLanguage":"de","potentialAction":[{"@type":"CommentAction","name":"Comment","target":["https:\/\/now-news.de\/de\/usa\/der-demokratische-abgeordnete-cori-bush-warnt-tucker-carlson-fox-news-vor-indoktriniertem-buffalo-shooter\/#respond"]}]},{"@type":"WebPage","@id":"https:\/\/now-news.de\/de\/usa\/der-demokratische-abgeordnete-cori-bush-warnt-tucker-carlson-fox-news-vor-indoktriniertem-buffalo-shooter\/","url":"https:\/\/now-news.de\/de\/usa\/der-demokratische-abgeordnete-cori-bush-warnt-tucker-carlson-fox-news-vor-indoktriniertem-buffalo-shooter\/","name":"Der demokratische Abgeordnete Cori Bush warnt Tucker Carlson, Fox News, vor \u201eindoktriniertem\u201c Buffalo Shooter - just-now.NEWS Deutschland","isPartOf":{"@id":"https:\/\/now-news.de\/de\/#website"},"primaryImageOfPage":{"@id":"https:\/\/now-news.de\/de\/usa\/der-demokratische-abgeordnete-cori-bush-warnt-tucker-carlson-fox-news-vor-indoktriniertem-buffalo-shooter\/#primaryimage"},"image":{"@id":"https:\/\/now-news.de\/de\/usa\/der-demokratische-abgeordnete-cori-bush-warnt-tucker-carlson-fox-news-vor-indoktriniertem-buffalo-shooter\/#primaryimage"},"thumbnailUrl":"https:\/\/now-news.de\/de\/wp-content\/uploads\/sites\/3\/2022\/06\/Der-demokratische-Abgeordnete-Cori-Bush-warnt-Tucker-Carlson-Fox-News.jpg","datePublished":"2022-06-11T22:52:00+00:00","dateModified":"2022-06-11T22:52:00+00:00","breadcrumb":{"@id":"https:\/\/now-news.de\/de\/usa\/der-demokratische-abgeordnete-cori-bush-warnt-tucker-carlson-fox-news-vor-indoktriniertem-buffalo-shooter\/#breadcrumb"},"inLanguage":"de","potentialAction":[{"@type":"ReadAction","target":["https:\/\/now-news.de\/de\/usa\/der-demokratische-abgeordnete-cori-bush-warnt-tucker-carlson-fox-news-vor-indoktriniertem-buffalo-shooter\/"]}]},{"@type":"ImageObject","inLanguage":"de","@id":"https:\/\/now-news.de\/de\/usa\/der-demokratische-abgeordnete-cori-bush-warnt-tucker-carlson-fox-news-vor-indoktriniertem-buffalo-shooter\/#primaryimage","url":"https:\/\/now-news.de\/de\/wp-content\/uploads\/sites\/3\/2022\/06\/Der-demokratische-Abgeordnete-Cori-Bush-warnt-Tucker-Carlson-Fox-News.jpg","contentUrl":"https:\/\/now-news.de\/de\/wp-content\/uploads\/sites\/3\/2022\/06\/Der-demokratische-Abgeordnete-Cori-Bush-warnt-Tucker-Carlson-Fox-News.jpg","width":1147,"height":722},{"@type":"BreadcrumbList","@id":"https:\/\/now-news.de\/de\/usa\/der-demokratische-abgeordnete-cori-bush-warnt-tucker-carlson-fox-news-vor-indoktriniertem-buffalo-shooter\/#breadcrumb","itemListElement":[{"@type":"ListItem","position":1,"name":"Home","item":"https:\/\/now-news.de\/de\/"},{"@type":"ListItem","position":2,"name":"Der demokratische Abgeordnete Cori Bush warnt Tucker Carlson, Fox News, vor \u201eindoktriniertem\u201c Buffalo Shooter"}]},{"@type":"WebSite","@id":"https:\/\/now-news.de\/de\/#website","url":"https:\/\/now-news.de\/de\/","name":"just-now.NEWS Deutschland","description":"Das Portal f\u00fcr unzensierte Nachrichten aus der Welt","publisher":{"@id":"https:\/\/now-news.de\/de\/#organization"},"potentialAction":[{"@type":"SearchAction","target":{"@type":"EntryPoint","urlTemplate":"https:\/\/now-news.de\/de\/?s={search_term_string}"},"query-input":"required name=search_term_string"}],"inLanguage":"de"},{"@type":"Organization","@id":"https:\/\/now-news.de\/de\/#organization","name":"Just Now News","url":"https:\/\/now-news.de\/de\/","logo":{"@type":"ImageObject","inLanguage":"de","@id":"https:\/\/now-news.de\/de\/#\/schema\/logo\/image\/","url":"http:\/\/just-now.news\/de\/wp-content\/uploads\/sites\/3\/2022\/04\/logo500x500.jpg","contentUrl":"http:\/\/just-now.news\/de\/wp-content\/uploads\/sites\/3\/2022\/04\/logo500x500.jpg","width":500,"height":500,"caption":"Just Now News"},"image":{"@id":"https:\/\/now-news.de\/de\/#\/schema\/logo\/image\/"},"sameAs":["https:\/\/www.facebook.com\/wirmachenauf","https:\/\/x.com\/WirMachenAuf_de"]},{"@type":"Person","@id":"https:\/\/now-news.de\/de\/#\/schema\/person\/8afb4cd92b68572db7902c13a349ffcb","name":"greatreset","image":{"@type":"ImageObject","inLanguage":"de","@id":"https:\/\/now-news.de\/de\/#\/schema\/person\/image\/","url":"https:\/\/secure.gravatar.com\/avatar\/a088df625d49991c090e78c8b9542592?s=96&d=mm&r=g","contentUrl":"https:\/\/secure.gravatar.com\/avatar\/a088df625d49991c090e78c8b9542592?s=96&d=mm&r=g","caption":"greatreset"},"url":"https:\/\/now-news.de\/de\/author\/greatreset\/"}]}},"_links":{"self":[{"href":"https:\/\/now-news.de\/de\/wp-json\/wp\/v2\/posts\/10590"}],"collection":[{"href":"https:\/\/now-news.de\/de\/wp-json\/wp\/v2\/posts"}],"about":[{"href":"https:\/\/now-news.de\/de\/wp-json\/wp\/v2\/types\/post"}],"author":[{"embeddable":true,"href":"https:\/\/now-news.de\/de\/wp-json\/wp\/v2\/users\/5"}],"replies":[{"embeddable":true,"href":"https:\/\/now-news.de\/de\/wp-json\/wp\/v2\/comments?post=10590"}],"version-history":[{"count":0,"href":"https:\/\/now-news.de\/de\/wp-json\/wp\/v2\/posts\/10590\/revisions"}],"wp:featuredmedia":[{"embeddable":true,"href":"https:\/\/now-news.de\/de\/wp-json\/wp\/v2\/media\/10591"}],"wp:attachment":[{"href":"https:\/\/now-news.de\/de\/wp-json\/wp\/v2\/media?parent=10590"}],"wp:term":[{"taxonomy":"category","embeddable":true,"href":"https:\/\/now-news.de\/de\/wp-json\/wp\/v2\/categories?post=10590"},{"taxonomy":"post_tag","embeddable":true,"href":"https:\/\/now-news.de\/de\/wp-json\/wp\/v2\/tags?post=10590"}],"curies":[{"name":"wp","href":"https:\/\/api.w.org\/{rel}","templated":true}]}}