{"id":105898,"date":"2026-06-28T14:53:27","date_gmt":"2026-06-28T12:53:27","guid":{"rendered":"https:\/\/now-news.de\/de\/deutschland\/politico-israel-verliert-status-eines-besonderen-us-verbuendeten\/"},"modified":"2026-06-28T14:53:27","modified_gmt":"2026-06-28T12:53:27","slug":"politico-israel-verliert-status-eines-besonderen-us-verbuendeten","status":"publish","type":"post","link":"https:\/\/now-news.de\/de\/deutschland\/politico-israel-verliert-status-eines-besonderen-us-verbuendeten\/","title":{"rendered":"Politico: Israel verliert Status eines besonderen US-Verb\u00fcndeten"},"content":{"rendered":"<p><img decoding=\"async\" src=\"https:\/\/now-news.de\/de\/wp-content\/uploads\/sites\/3\/2026\/06\/6a410a9648fbef025b3732ec.jpg\" \/><\/p>\n<div class=\"Text-root Text-type_1 \">\n                Das Verh\u00e4ltnis zwischen den USA und Israel k\u00fchlt sich ab, w\u00e4hrend Kontakte auf hoher Ebene abnehmen und Washington zunehmende Frustration \u00fcber Israels anhaltenden Milit\u00e4reinsatz in Libanon zeigt. Die Zeitung Politico berichtet, dass Israel den Status des besonderen US-Verb\u00fcndeten verliere.\n            <\/div>\n<p><\/p>\n<div class=\"Text-root Text-type_5 ArticleView-text ViewText-root \">\n<p>Kontakte zwischen den USA und Israel auf Regierungsebene nehmen ab. Wie die Zeitung\u00a0<em>Politico<\/em>\u00a0<a rel=\"nofollow noopener\" target=\"_blank\" href=\"https:\/\/www.politico.com\/news\/2026\/06\/27\/israel-problem-bigger-jd-vance-00978621\">berichtet<\/a>, h\u00f6re Washington zunehmend auf,\u00a0Israel wie einen &#8220;besonderen Verb\u00fcndeten&#8221; zu behandeln. Unter Verweis auf mehrere informierte Quellen, darunter sieben US-amerikanische und israelische Beamte, meldete das Blatt am 27. Juni die Einkehr einer &#8220;neuen Normalit\u00e4t, in der Israels Status als Amerikas Verb\u00fcndeter nicht \u00fcber allen anderen steht&#8221;.<\/p>\n<p>Die Abk\u00fchlung in den Beziehungen zwischen Washington und Tel Aviv hat sich unter anderem in der j\u00fcngsten \u00c4u\u00dferung des US-Vizepr\u00e4sidenten J. D. Vance ge\u00e4u\u00dfert. Am 18. Juni sagte er w\u00e4hrend einer Pressekonferenz, dass Israel beinahe keine Freunde mehr in der Welt habe, und warnte Tel Aviv vor einer Konfrontation mit dem &#8220;einzigen m\u00e4chtigen Verb\u00fcndeten&#8221;.<\/p>\n<p>Laut dem Bericht von\u00a0<em>Politico<\/em> ist Vances Ank\u00fcndigung Teil einer gr\u00f6\u00dferen Entwicklung. Hatte Israels Ministerpr\u00e4sident Benjamin Netanjahu\u00a0Washington im Jahr 2025 noch f\u00fcnfmal besucht, gab es im laufenden Jahr einen einzigen Besuch im Februar, wobei keine weiteren Besuche geplant sind. Auch die Anzahl der Telefonate nahm ab. Eine mit der bilateralen Beziehung der beiden Regierungen vertraute Quelle erkl\u00e4rte unter Bedingungen der Anonymit\u00e4t gegen\u00fcber\u00a0<em>Politico:<\/em><\/p>\n<blockquote>\n<p><em>&#8220;Ich denke nicht, dass wir den Tiefpunkt erreicht haben. Es kommt noch mehr.&#8221;<\/em><\/p>\n<\/blockquote>\n<p>Die im Herbst dieses Jahres sowohl in den USA als auch in Israel anstehenden Parlamentswahlen k\u00f6nnten die Kluft zwischen den beiden Staaten weiter vertiefen, so die weitere Vermutung im Bericht der Zeitung. Dabei k\u00f6nnten Tel Avivs Erwartungen und Washingtons Unterst\u00fctzungsbereitschaft noch st\u00e4rker divergieren.<\/p>\n<p>Noch vor seinem Amtsantritt als Vizepr\u00e4sident der USA hatte Vance angek\u00fcndigt, dass die Interessen Israels und der USA nicht immer \u00fcbereinstimmen, und sich gegen einen Krieg mit Iran ausgesprochen.<\/p>\n<p>In den vergangenen Monaten kritisierte US-Pr\u00e4sident Donald Trump Tel Aviv wegen der Fortsetzung des israelischen Milit\u00e4reinsatzes in Libanon und nannte Netanjahu bei einem Telefonat sogar &#8220;verr\u00fcckt&#8221;. Iran setzt einen Abzug israelischer Truppen aus dem Libanon f\u00fcr eine Fortsetzung von Verhandlungen mit den USA voraus. Israels Regierungschef behauptet indessen, nicht durch das US-iranische Rahmenabkommen gebunden zu sein, wodurch Washingtons Verhandlungen mit Iran erschwert werden.<\/p>\n<p><strong>Mehr zum Thema\u00a0<\/strong>\u2013\u00a0<a rel=\"nofollow noopener\" target=\"_blank\" href=\"https:\/\/de-rtnews.com\/der-nahe-osten\/284268-vance-und-rubio-schlagen-im\/\">Vance und Rubio: Unterschiedlicher Umgang mit Iran und Israel<\/a><\/p>\n<div class=\"EmbedBlock-root EmbedBlock-externalVideo EmbedBlock-rumble\">\n<div class=\"VkEmbed\"><iframe class=\"lazyload\" data-src=\"https:\/\/rumble.com\/embed\/v796mwm\" frameborder=\"0\" width=\"853\" height=\"480\" allowfullscreen><\/iframe><\/div>\n<\/div>\n<\/div>\n<p><br \/>\n<br \/><a href=\"https:\/\/de.rt.com\/international\/284450-politico-israel-verliert-status-besonderen\/\">Source link <\/a><\/p>\n","protected":false},"excerpt":{"rendered":"<p>Das Verh\u00e4ltnis zwischen den USA und Israel k\u00fchlt sich ab, w\u00e4hrend Kontakte auf hoher Ebene abnehmen und Washington zunehmende Frustration \u00fcber Israels anhaltenden Milit\u00e4reinsatz in Libanon zeigt. Die Zeitung Politico berichtet, dass Israel den Status des besonderen US-Verb\u00fcndeten verliere. Kontakte zwischen den USA und Israel auf Regierungsebene nehmen ab. Wie die Zeitung\u00a0Politico\u00a0berichtet, h\u00f6re Washington zunehmend [&hellip;]<\/p>\n","protected":false},"author":3,"featured_media":105899,"comment_status":"open","ping_status":"open","sticky":false,"template":"","format":"standard","meta":{"_yoast_indexnow_last_ping":["1782651949"],"wp_automatic_camp":["217"],"e5a5b6583456c25f07e9ef277d33bf70":["Politico: Israel verliert Status eines besonderen US-Verb\u00fcndeten"],"original_link":["https:\/\/de.rt.com\/international\/284450-politico-israel-verliert-status-besonderen\/"],"_thumbnail_id":["105899"],"jnews_social_counter_last_update":["1788617688"],"_wptgpro_p2tg_sent2tg":["a:1:{i:23737;s:19:\"2026-06-28 15:06:51\";}"]},"categories":[19,23],"tags":[28439,2111,432,4394,20613,47061,11487],"class_list":["post-105898","post","type-post","status-publish","format-standard","has-post-thumbnail","hentry","category-deutschland","category-russland","tag-besonderen","tag-eines","tag-israel","tag-politico","tag-status","tag-usverbuendeten","tag-verliert"],"yoast_head":"<!-- This site is optimized with the Yoast SEO Premium plugin v22.7 (Yoast SEO v28.2) - https:\/\/yoast.com\/product\/yoast-seo-premium-wordpress\/ -->\n<title>Politico: Israel verliert Status eines besonderen US-Verb\u00fcndeten - just-now.NEWS Deutschland<\/title>\n<meta name=\"robots\" content=\"index, follow, max-snippet:-1, max-image-preview:large, max-video-preview:-1\" \/>\n<link rel=\"canonical\" href=\"https:\/\/now-news.de\/de\/deutschland\/politico-israel-verliert-status-eines-besonderen-us-verbuendeten\/\" \/>\n<meta property=\"og:locale\" content=\"de_DE\" \/>\n<meta property=\"og:type\" content=\"article\" \/>\n<meta property=\"og:title\" content=\"Politico: Israel verliert Status eines besonderen US-Verb\u00fcndeten\" \/>\n<meta property=\"og:description\" content=\"Das Verh\u00e4ltnis zwischen den USA und Israel k\u00fchlt sich ab, w\u00e4hrend Kontakte auf hoher Ebene abnehmen und Washington zunehmende Frustration \u00fcber Israels anhaltenden Milit\u00e4reinsatz in Libanon zeigt. Die Zeitung Politico berichtet, dass Israel den Status des besonderen US-Verb\u00fcndeten verliere. Kontakte zwischen den USA und Israel auf Regierungsebene nehmen ab. Wie die Zeitung\u00a0Politico\u00a0berichtet, h\u00f6re Washington zunehmend [&hellip;]\" \/>\n<meta property=\"og:url\" content=\"https:\/\/now-news.de\/de\/deutschland\/politico-israel-verliert-status-eines-besonderen-us-verbuendeten\/\" \/>\n<meta property=\"og:site_name\" content=\"just-now.NEWS Deutschland\" \/>\n<meta property=\"article:publisher\" content=\"https:\/\/www.facebook.com\/wirmachenauf\" \/>\n<meta property=\"article:published_time\" content=\"2026-06-28T12:53:27+00:00\" \/>\n<meta property=\"og:image\" content=\"https:\/\/now-news.de\/de\/wp-content\/uploads\/sites\/3\/2026\/06\/6a410a9648fbef025b3732ec.jpg\" \/>\n<meta name=\"author\" content=\"rtnews\" \/>\n<meta name=\"twitter:card\" content=\"summary_large_image\" \/>\n<meta name=\"twitter:creator\" content=\"@WirMachenAuf_de\" \/>\n<meta name=\"twitter:site\" content=\"@WirMachenAuf_de\" \/>\n<meta name=\"twitter:label1\" content=\"Verfasst von\" \/>\n\t<meta name=\"twitter:data1\" content=\"rtnews\" \/>\n\t<meta name=\"twitter:label2\" content=\"Gesch\u00e4tzte Lesezeit\" \/>\n\t<meta name=\"twitter:data2\" content=\"2\u00a0Minuten\" \/>\n<script type=\"application\/ld+json\" class=\"yoast-schema-graph\">{\"@context\":\"https:\\\/\\\/schema.org\",\"@graph\":[{\"@type\":\"Article\",\"@id\":\"https:\\\/\\\/now-news.de\\\/de\\\/deutschland\\\/politico-israel-verliert-status-eines-besonderen-us-verbuendeten\\\/#article\",\"isPartOf\":{\"@id\":\"https:\\\/\\\/now-news.de\\\/de\\\/deutschland\\\/politico-israel-verliert-status-eines-besonderen-us-verbuendeten\\\/\"},\"author\":{\"name\":\"rtnews\",\"@id\":\"https:\\\/\\\/now-news.de\\\/de\\\/#\\\/schema\\\/person\\\/fb534a4e865501d8b3285208df34a9b5\"},\"headline\":\"Politico: Israel verliert Status eines besonderen US-Verb\u00fcndeten\",\"datePublished\":\"2026-06-28T12:53:27+00:00\",\"mainEntityOfPage\":{\"@id\":\"https:\\\/\\\/now-news.de\\\/de\\\/deutschland\\\/politico-israel-verliert-status-eines-besonderen-us-verbuendeten\\\/\"},\"wordCount\":421,\"commentCount\":0,\"publisher\":{\"@id\":\"https:\\\/\\\/now-news.de\\\/de\\\/#organization\"},\"image\":{\"@id\":\"https:\\\/\\\/now-news.de\\\/de\\\/deutschland\\\/politico-israel-verliert-status-eines-besonderen-us-verbuendeten\\\/#primaryimage\"},\"thumbnailUrl\":\"https:\\\/\\\/now-news.de\\\/de\\\/wp-content\\\/uploads\\\/sites\\\/3\\\/2026\\\/06\\\/Politico-Israel-verliert-Status-eines-besonderen-US-Verbuendeten.jpg\",\"keywords\":[\"besonderen\",\"eines\",\"Israel\",\"Politico\",\"Status\",\"USVerb\u00fcndeten\",\"verliert\"],\"articleSection\":[\"Deutschland\",\"Russland\"],\"inLanguage\":\"de\",\"potentialAction\":[{\"@type\":\"CommentAction\",\"name\":\"Comment\",\"target\":[\"https:\\\/\\\/now-news.de\\\/de\\\/deutschland\\\/politico-israel-verliert-status-eines-besonderen-us-verbuendeten\\\/#respond\"]}]},{\"@type\":\"WebPage\",\"@id\":\"https:\\\/\\\/now-news.de\\\/de\\\/deutschland\\\/politico-israel-verliert-status-eines-besonderen-us-verbuendeten\\\/\",\"url\":\"https:\\\/\\\/now-news.de\\\/de\\\/deutschland\\\/politico-israel-verliert-status-eines-besonderen-us-verbuendeten\\\/\",\"name\":\"Politico: Israel verliert Status eines besonderen US-Verb\u00fcndeten - just-now.NEWS Deutschland\",\"isPartOf\":{\"@id\":\"https:\\\/\\\/now-news.de\\\/de\\\/#website\"},\"primaryImageOfPage\":{\"@id\":\"https:\\\/\\\/now-news.de\\\/de\\\/deutschland\\\/politico-israel-verliert-status-eines-besonderen-us-verbuendeten\\\/#primaryimage\"},\"image\":{\"@id\":\"https:\\\/\\\/now-news.de\\\/de\\\/deutschland\\\/politico-israel-verliert-status-eines-besonderen-us-verbuendeten\\\/#primaryimage\"},\"thumbnailUrl\":\"https:\\\/\\\/now-news.de\\\/de\\\/wp-content\\\/uploads\\\/sites\\\/3\\\/2026\\\/06\\\/Politico-Israel-verliert-Status-eines-besonderen-US-Verbuendeten.jpg\",\"datePublished\":\"2026-06-28T12:53:27+00:00\",\"breadcrumb\":{\"@id\":\"https:\\\/\\\/now-news.de\\\/de\\\/deutschland\\\/politico-israel-verliert-status-eines-besonderen-us-verbuendeten\\\/#breadcrumb\"},\"inLanguage\":\"de\",\"potentialAction\":[{\"@type\":\"ReadAction\",\"target\":[\"https:\\\/\\\/now-news.de\\\/de\\\/deutschland\\\/politico-israel-verliert-status-eines-besonderen-us-verbuendeten\\\/\"]}]},{\"@type\":\"ImageObject\",\"inLanguage\":\"de\",\"@id\":\"https:\\\/\\\/now-news.de\\\/de\\\/deutschland\\\/politico-israel-verliert-status-eines-besonderen-us-verbuendeten\\\/#primaryimage\",\"url\":\"https:\\\/\\\/now-news.de\\\/de\\\/wp-content\\\/uploads\\\/sites\\\/3\\\/2026\\\/06\\\/Politico-Israel-verliert-Status-eines-besonderen-US-Verbuendeten.jpg\",\"contentUrl\":\"https:\\\/\\\/now-news.de\\\/de\\\/wp-content\\\/uploads\\\/sites\\\/3\\\/2026\\\/06\\\/Politico-Israel-verliert-Status-eines-besonderen-US-Verbuendeten.jpg\",\"width\":460,\"height\":259,\"caption\":\"Politico: Israel verliert Status eines besonderen US-Verb\u00fcndeten\"},{\"@type\":\"BreadcrumbList\",\"@id\":\"https:\\\/\\\/now-news.de\\\/de\\\/deutschland\\\/politico-israel-verliert-status-eines-besonderen-us-verbuendeten\\\/#breadcrumb\",\"itemListElement\":[{\"@type\":\"ListItem\",\"position\":1,\"name\":\"Home\",\"item\":\"https:\\\/\\\/now-news.de\\\/de\\\/\"},{\"@type\":\"ListItem\",\"position\":2,\"name\":\"Politico: Israel verliert Status eines besonderen US-Verb\u00fcndeten\"}]},{\"@type\":\"WebSite\",\"@id\":\"https:\\\/\\\/now-news.de\\\/de\\\/#website\",\"url\":\"https:\\\/\\\/now-news.de\\\/de\\\/\",\"name\":\"just-now.NEWS Deutschland\",\"description\":\"Das Portal f\u00fcr unzensierte Nachrichten aus der Welt\",\"publisher\":{\"@id\":\"https:\\\/\\\/now-news.de\\\/de\\\/#organization\"},\"potentialAction\":[{\"@type\":\"SearchAction\",\"target\":{\"@type\":\"EntryPoint\",\"urlTemplate\":\"https:\\\/\\\/now-news.de\\\/de\\\/?s={search_term_string}\"},\"query-input\":{\"@type\":\"PropertyValueSpecification\",\"valueRequired\":true,\"valueName\":\"search_term_string\"}}],\"inLanguage\":\"de\"},{\"@type\":\"Organization\",\"@id\":\"https:\\\/\\\/now-news.de\\\/de\\\/#organization\",\"name\":\"Just Now News\",\"url\":\"https:\\\/\\\/now-news.de\\\/de\\\/\",\"logo\":{\"@type\":\"ImageObject\",\"inLanguage\":\"de\",\"@id\":\"https:\\\/\\\/now-news.de\\\/de\\\/#\\\/schema\\\/logo\\\/image\\\/\",\"url\":\"http:\\\/\\\/just-now.news\\\/de\\\/wp-content\\\/uploads\\\/sites\\\/3\\\/2022\\\/04\\\/logo500x500.jpg\",\"contentUrl\":\"http:\\\/\\\/just-now.news\\\/de\\\/wp-content\\\/uploads\\\/sites\\\/3\\\/2022\\\/04\\\/logo500x500.jpg\",\"width\":500,\"height\":500,\"caption\":\"Just Now News\"},\"image\":{\"@id\":\"https:\\\/\\\/now-news.de\\\/de\\\/#\\\/schema\\\/logo\\\/image\\\/\"},\"sameAs\":[\"https:\\\/\\\/www.facebook.com\\\/wirmachenauf\",\"https:\\\/\\\/x.com\\\/WirMachenAuf_de\"]},{\"@type\":\"Person\",\"@id\":\"https:\\\/\\\/now-news.de\\\/de\\\/#\\\/schema\\\/person\\\/fb534a4e865501d8b3285208df34a9b5\",\"name\":\"rtnews\",\"image\":{\"@type\":\"ImageObject\",\"inLanguage\":\"de\",\"@id\":\"https:\\\/\\\/secure.gravatar.com\\\/avatar\\\/358fe31b3ab5769fea05376e1953329834cd9912cf9daf607e2af3076a1b982b?s=96&d=mm&r=g\",\"url\":\"https:\\\/\\\/secure.gravatar.com\\\/avatar\\\/358fe31b3ab5769fea05376e1953329834cd9912cf9daf607e2af3076a1b982b?s=96&d=mm&r=g\",\"contentUrl\":\"https:\\\/\\\/secure.gravatar.com\\\/avatar\\\/358fe31b3ab5769fea05376e1953329834cd9912cf9daf607e2af3076a1b982b?s=96&d=mm&r=g\",\"caption\":\"rtnews\"},\"url\":\"https:\\\/\\\/now-news.de\\\/de\\\/author\\\/rnews\\\/\"}]}<\/script>\n<!-- \/ Yoast SEO Premium plugin. -->","yoast_head_json":{"title":"Politico: Israel verliert Status eines besonderen US-Verb\u00fcndeten - just-now.NEWS Deutschland","robots":{"index":"index","follow":"follow","max-snippet":"max-snippet:-1","max-image-preview":"max-image-preview:large","max-video-preview":"max-video-preview:-1"},"canonical":"https:\/\/now-news.de\/de\/deutschland\/politico-israel-verliert-status-eines-besonderen-us-verbuendeten\/","og_locale":"de_DE","og_type":"article","og_title":"Politico: Israel verliert Status eines besonderen US-Verb\u00fcndeten","og_description":"Das Verh\u00e4ltnis zwischen den USA und Israel k\u00fchlt sich ab, w\u00e4hrend Kontakte auf hoher Ebene abnehmen und Washington zunehmende Frustration \u00fcber Israels anhaltenden Milit\u00e4reinsatz in Libanon zeigt. Die Zeitung Politico berichtet, dass Israel den Status des besonderen US-Verb\u00fcndeten verliere. Kontakte zwischen den USA und Israel auf Regierungsebene nehmen ab. Wie die Zeitung\u00a0Politico\u00a0berichtet, h\u00f6re Washington zunehmend [&hellip;]","og_url":"https:\/\/now-news.de\/de\/deutschland\/politico-israel-verliert-status-eines-besonderen-us-verbuendeten\/","og_site_name":"just-now.NEWS Deutschland","article_publisher":"https:\/\/www.facebook.com\/wirmachenauf","article_published_time":"2026-06-28T12:53:27+00:00","og_image":[{"url":"https:\/\/now-news.de\/de\/wp-content\/uploads\/sites\/3\/2026\/06\/6a410a9648fbef025b3732ec.jpg","type":"","width":"","height":""}],"author":"rtnews","twitter_card":"summary_large_image","twitter_creator":"@WirMachenAuf_de","twitter_site":"@WirMachenAuf_de","twitter_misc":{"Verfasst von":"rtnews","Gesch\u00e4tzte Lesezeit":"2\u00a0Minuten"},"schema":{"@context":"https:\/\/schema.org","@graph":[{"@type":"Article","@id":"https:\/\/now-news.de\/de\/deutschland\/politico-israel-verliert-status-eines-besonderen-us-verbuendeten\/#article","isPartOf":{"@id":"https:\/\/now-news.de\/de\/deutschland\/politico-israel-verliert-status-eines-besonderen-us-verbuendeten\/"},"author":{"name":"rtnews","@id":"https:\/\/now-news.de\/de\/#\/schema\/person\/fb534a4e865501d8b3285208df34a9b5"},"headline":"Politico: Israel verliert Status eines besonderen US-Verb\u00fcndeten","datePublished":"2026-06-28T12:53:27+00:00","mainEntityOfPage":{"@id":"https:\/\/now-news.de\/de\/deutschland\/politico-israel-verliert-status-eines-besonderen-us-verbuendeten\/"},"wordCount":421,"commentCount":0,"publisher":{"@id":"https:\/\/now-news.de\/de\/#organization"},"image":{"@id":"https:\/\/now-news.de\/de\/deutschland\/politico-israel-verliert-status-eines-besonderen-us-verbuendeten\/#primaryimage"},"thumbnailUrl":"https:\/\/now-news.de\/de\/wp-content\/uploads\/sites\/3\/2026\/06\/Politico-Israel-verliert-Status-eines-besonderen-US-Verbuendeten.jpg","keywords":["besonderen","eines","Israel","Politico","Status","USVerb\u00fcndeten","verliert"],"articleSection":["Deutschland","Russland"],"inLanguage":"de","potentialAction":[{"@type":"CommentAction","name":"Comment","target":["https:\/\/now-news.de\/de\/deutschland\/politico-israel-verliert-status-eines-besonderen-us-verbuendeten\/#respond"]}]},{"@type":"WebPage","@id":"https:\/\/now-news.de\/de\/deutschland\/politico-israel-verliert-status-eines-besonderen-us-verbuendeten\/","url":"https:\/\/now-news.de\/de\/deutschland\/politico-israel-verliert-status-eines-besonderen-us-verbuendeten\/","name":"Politico: Israel verliert Status eines besonderen US-Verb\u00fcndeten - just-now.NEWS Deutschland","isPartOf":{"@id":"https:\/\/now-news.de\/de\/#website"},"primaryImageOfPage":{"@id":"https:\/\/now-news.de\/de\/deutschland\/politico-israel-verliert-status-eines-besonderen-us-verbuendeten\/#primaryimage"},"image":{"@id":"https:\/\/now-news.de\/de\/deutschland\/politico-israel-verliert-status-eines-besonderen-us-verbuendeten\/#primaryimage"},"thumbnailUrl":"https:\/\/now-news.de\/de\/wp-content\/uploads\/sites\/3\/2026\/06\/Politico-Israel-verliert-Status-eines-besonderen-US-Verbuendeten.jpg","datePublished":"2026-06-28T12:53:27+00:00","breadcrumb":{"@id":"https:\/\/now-news.de\/de\/deutschland\/politico-israel-verliert-status-eines-besonderen-us-verbuendeten\/#breadcrumb"},"inLanguage":"de","potentialAction":[{"@type":"ReadAction","target":["https:\/\/now-news.de\/de\/deutschland\/politico-israel-verliert-status-eines-besonderen-us-verbuendeten\/"]}]},{"@type":"ImageObject","inLanguage":"de","@id":"https:\/\/now-news.de\/de\/deutschland\/politico-israel-verliert-status-eines-besonderen-us-verbuendeten\/#primaryimage","url":"https:\/\/now-news.de\/de\/wp-content\/uploads\/sites\/3\/2026\/06\/Politico-Israel-verliert-Status-eines-besonderen-US-Verbuendeten.jpg","contentUrl":"https:\/\/now-news.de\/de\/wp-content\/uploads\/sites\/3\/2026\/06\/Politico-Israel-verliert-Status-eines-besonderen-US-Verbuendeten.jpg","width":460,"height":259,"caption":"Politico: Israel verliert Status eines besonderen US-Verb\u00fcndeten"},{"@type":"BreadcrumbList","@id":"https:\/\/now-news.de\/de\/deutschland\/politico-israel-verliert-status-eines-besonderen-us-verbuendeten\/#breadcrumb","itemListElement":[{"@type":"ListItem","position":1,"name":"Home","item":"https:\/\/now-news.de\/de\/"},{"@type":"ListItem","position":2,"name":"Politico: Israel verliert Status eines besonderen US-Verb\u00fcndeten"}]},{"@type":"WebSite","@id":"https:\/\/now-news.de\/de\/#website","url":"https:\/\/now-news.de\/de\/","name":"just-now.NEWS Deutschland","description":"Das Portal f\u00fcr unzensierte Nachrichten aus der Welt","publisher":{"@id":"https:\/\/now-news.de\/de\/#organization"},"potentialAction":[{"@type":"SearchAction","target":{"@type":"EntryPoint","urlTemplate":"https:\/\/now-news.de\/de\/?s={search_term_string}"},"query-input":{"@type":"PropertyValueSpecification","valueRequired":true,"valueName":"search_term_string"}}],"inLanguage":"de"},{"@type":"Organization","@id":"https:\/\/now-news.de\/de\/#organization","name":"Just Now News","url":"https:\/\/now-news.de\/de\/","logo":{"@type":"ImageObject","inLanguage":"de","@id":"https:\/\/now-news.de\/de\/#\/schema\/logo\/image\/","url":"http:\/\/just-now.news\/de\/wp-content\/uploads\/sites\/3\/2022\/04\/logo500x500.jpg","contentUrl":"http:\/\/just-now.news\/de\/wp-content\/uploads\/sites\/3\/2022\/04\/logo500x500.jpg","width":500,"height":500,"caption":"Just Now News"},"image":{"@id":"https:\/\/now-news.de\/de\/#\/schema\/logo\/image\/"},"sameAs":["https:\/\/www.facebook.com\/wirmachenauf","https:\/\/x.com\/WirMachenAuf_de"]},{"@type":"Person","@id":"https:\/\/now-news.de\/de\/#\/schema\/person\/fb534a4e865501d8b3285208df34a9b5","name":"rtnews","image":{"@type":"ImageObject","inLanguage":"de","@id":"https:\/\/secure.gravatar.com\/avatar\/358fe31b3ab5769fea05376e1953329834cd9912cf9daf607e2af3076a1b982b?s=96&d=mm&r=g","url":"https:\/\/secure.gravatar.com\/avatar\/358fe31b3ab5769fea05376e1953329834cd9912cf9daf607e2af3076a1b982b?s=96&d=mm&r=g","contentUrl":"https:\/\/secure.gravatar.com\/avatar\/358fe31b3ab5769fea05376e1953329834cd9912cf9daf607e2af3076a1b982b?s=96&d=mm&r=g","caption":"rtnews"},"url":"https:\/\/now-news.de\/de\/author\/rnews\/"}]}},"_links":{"self":[{"href":"https:\/\/now-news.de\/de\/wp-json\/wp\/v2\/posts\/105898","targetHints":{"allow":["GET"]}}],"collection":[{"href":"https:\/\/now-news.de\/de\/wp-json\/wp\/v2\/posts"}],"about":[{"href":"https:\/\/now-news.de\/de\/wp-json\/wp\/v2\/types\/post"}],"author":[{"embeddable":true,"href":"https:\/\/now-news.de\/de\/wp-json\/wp\/v2\/users\/3"}],"replies":[{"embeddable":true,"href":"https:\/\/now-news.de\/de\/wp-json\/wp\/v2\/comments?post=105898"}],"version-history":[{"count":0,"href":"https:\/\/now-news.de\/de\/wp-json\/wp\/v2\/posts\/105898\/revisions"}],"wp:featuredmedia":[{"embeddable":true,"href":"https:\/\/now-news.de\/de\/wp-json\/wp\/v2\/media\/105899"}],"wp:attachment":[{"href":"https:\/\/now-news.de\/de\/wp-json\/wp\/v2\/media?parent=105898"}],"wp:term":[{"taxonomy":"category","embeddable":true,"href":"https:\/\/now-news.de\/de\/wp-json\/wp\/v2\/categories?post=105898"},{"taxonomy":"post_tag","embeddable":true,"href":"https:\/\/now-news.de\/de\/wp-json\/wp\/v2\/tags?post=105898"}],"curies":[{"name":"wp","href":"https:\/\/api.w.org\/{rel}","templated":true}]}}