{"id":10565,"date":"2022-06-11T17:56:14","date_gmt":"2022-06-11T15:56:14","guid":{"rendered":"http:\/\/just-now.news\/de\/deutschland\/schaerfere-massnahmen-esken-denkt-laut-ueber-fahrverbote-und-tempolimits-nach\/"},"modified":"2022-06-11T17:56:14","modified_gmt":"2022-06-11T15:56:14","slug":"schaerfere-massnahmen-esken-denkt-laut-ueber-fahrverbote-und-tempolimits-nach","status":"publish","type":"post","link":"https:\/\/now-news.de\/de\/deutschland\/schaerfere-massnahmen-esken-denkt-laut-ueber-fahrverbote-und-tempolimits-nach\/","title":{"rendered":"Sch\u00e4rfere Ma\u00dfnahmen: Esken denkt laut \u00fcber Fahrverbote und Tempolimits nach"},"content":{"rendered":"<p><img decoding=\"async\" src=\"http:\/\/just-now.news\/de\/wp-content\/uploads\/sites\/3\/2022\/06\/62a49803b480cc13de2efd39.jpg\" \/><\/p>\n<div class=\"Text-root Text-type_1 \">\n                Die &#8220;Ampel&#8221; entpuppt sich immer st\u00e4rker als Verbotskoalition: Den wirtschaftlich verheerenden Auswirkungen der durch die antirussischen Sanktionen selbstgeschaffenen Probleme im Energiesektor will man nun mit Fahrverboten und Tempolimits beikommen, so SPD-Chefin Saskia Esken.\n            <\/div>\n<p><\/p>\n<div class=\"Text-root Text-type_5 ArticleView-text ViewText-root \">\n<p>Die SPD-Vorsitzende Saskia Esken will bei weiter steigenden \u00d6l- und Spritpreisen trotz des seit kurzem in Kraft getretenen Tankrabatts auch ein befristetes Tempolimit oder Fahrverbote nicht ausschlie\u00dfen \u2013 das <a rel=\"nofollow noopener\" target=\"_blank\" href=\"https:\/\/www.tagesspiegel.de\/politik\/spd-chefin-kritisiert-oel-und-wohnungskonzerne-esken-haelt-tempolimit-und-fahrverbot-wegen-hoher-spritpreise-fuer-moeglich\/28415868.html\">verriet<\/a> sie am Sonnabend gegen\u00fcber dem <em>Tagesspiegel.<\/em>\u00a0<\/p>\n<p>Falls die Preise f\u00fcr Benzin so hoch blieben, seien sch\u00e4rfere Ma\u00dfnahmen nicht ausgeschlossen, meint Esken. Dabei will die &#8220;Ampel&#8221; weit in die historische Trickkiste zur\u00fcckgreifen: Ein Instrument neben dem Kartellrecht sei das Energiesicherungsgesetz aus dem Jahr 1975. Das wurde seinerzeit als Reaktion auf die \u00d6lkrise beschlossen und von der Bundesregierung im Mai dieses Jahres novelliert. Esken sagte dar\u00fcber:<\/p>\n<blockquote>\n<p><em>&#8220;Es erlaubt der Regierung, befristete Ma\u00dfnahmen anzuordnen wie Sonntagsfahrverbote \u2013 die \u00c4lteren erinnern sich \u2013 oder ein befristetes Tempolimit \u2026, aber auch Preisdeckel oder, im \u00e4u\u00dfersten Fall, Unternehmen in kritischen Infrastrukturen der Energieversorgung zeitlich befristet unter Treuhandverwaltung zu stellen.&#8221;<\/em><\/p>\n<\/blockquote>\n<p>Dar\u00fcber hinaus beklagte die 60-j\u00e4hrige Schw\u00e4bin, dass die Mineral\u00f6lkonzerne die\u00a0auf drei Monate befristete Senkung der Energiesteuer auf Kraftstoffe &#8220;nicht vollst\u00e4ndig an die Verbraucher weitergeben, das stinkt zum Himmel&#8221;. Nach anf\u00e4nglichen Abflachen steigen die Preise bereits wieder an. Esken strebt deswegen ein Einschreiten des Kartellamts an und erg\u00e4nzte:<\/p>\n<blockquote>\n<p><em>&#8220;Die Mineral\u00f6lkonzerne d\u00fcrfen nicht zulasten des Steuerzahlers Kasse machen.&#8221;<\/em><\/p>\n<\/blockquote>\n<p>Politiker von CDU und FDP haben Bundeswirtschaftsminister Robert Habeck (Gr\u00fcne) aufgefordert, gegen die gro\u00dfen internationalen \u00d6l-Konzerne vorzugehen. Der ehemalige Gesundheitsminister und Unions-Fraktionsvorsitzende Jens Spahn (CDU) <a rel=\"nofollow noopener\" target=\"_blank\" href=\"https:\/\/www.bild.de\/\">sagte<\/a> gegen\u00fcber der Bild:<\/p>\n<blockquote>\n<p><em>&#8220;Der milliardenschwere Tankrabatt versickert und die Ampel schaut zu. Die \u00d6lmultis zum Rapport bestellen ist das Mindeste, was Wirtschaftsminister Habeck tun kann.&#8221;<\/em><\/p>\n<\/blockquote>\n<p><strong>Mehr zum Thema<\/strong><em> &#8211;\u00a0<\/em><a rel=\"nofollow noopener\" target=\"_blank\" href=\"https:\/\/rtde.site\/inland\/140773-habeck-hat-rat-nicht-stinken\/\">Habeck hat Rat: Nicht stinken, aber k\u00fcrzer duschen<\/a><em><\/em><\/p>\n<\/div>\n<p><br \/>\n<br \/><a href=\"https:\/\/de.rt.com\/inland\/140806-scharfere-massnahmen-esken-denkt-laut\/\">Source link <\/a><\/p>\n","protected":false},"excerpt":{"rendered":"<p>Die &#8220;Ampel&#8221; entpuppt sich immer st\u00e4rker als Verbotskoalition: Den wirtschaftlich verheerenden Auswirkungen der durch die antirussischen Sanktionen selbstgeschaffenen Probleme im Energiesektor will man nun mit Fahrverboten und Tempolimits beikommen, so SPD-Chefin Saskia Esken. Die SPD-Vorsitzende Saskia Esken will bei weiter steigenden \u00d6l- und Spritpreisen trotz des seit kurzem in Kraft getretenen Tankrabatts auch ein befristetes [&hellip;]<\/p>\n","protected":false},"author":3,"featured_media":10566,"comment_status":"open","ping_status":"open","sticky":false,"template":"","format":"standard","meta":{"wp_automatic_camp":["217"],"5099bc1ad016ec67b7ed2a9c0bb35632":["Sch\u00e4rfere Ma\u00dfnahmen: Esken denkt laut \u00fcber Fahrverbote und Tempolimits nach"],"original_link":["https:\/\/de.rt.com\/inland\/140806-scharfere-massnahmen-esken-denkt-laut\/"],"_thumbnail_id":["10566"],"_wptg_p2tg_sent2tg":["2022-06-11 18:12:12"],"jnews_social_counter_last_update":["1777585396"]},"categories":[19,23],"tags":[24078,24077,24079,4730,6534,979,24076,24080,139,140],"yoast_head":"<!-- This site is optimized with the Yoast SEO Premium plugin v22.7 (Yoast SEO v22.7) - https:\/\/yoast.com\/wordpress\/plugins\/seo\/ -->\n<title>Sch\u00e4rfere Ma\u00dfnahmen: Esken denkt laut \u00fcber Fahrverbote und Tempolimits nach - just-now.NEWS Deutschland<\/title>\n<meta name=\"robots\" content=\"index, follow, max-snippet:-1, max-image-preview:large, max-video-preview:-1\" \/>\n<link rel=\"canonical\" href=\"https:\/\/now-news.de\/de\/deutschland\/schaerfere-massnahmen-esken-denkt-laut-ueber-fahrverbote-und-tempolimits-nach\/\" \/>\n<meta property=\"og:locale\" content=\"de_DE\" \/>\n<meta property=\"og:type\" content=\"article\" \/>\n<meta property=\"og:title\" content=\"Sch\u00e4rfere Ma\u00dfnahmen: Esken denkt laut \u00fcber Fahrverbote und Tempolimits nach\" \/>\n<meta property=\"og:description\" content=\"Die &#8220;Ampel&#8221; entpuppt sich immer st\u00e4rker als Verbotskoalition: Den wirtschaftlich verheerenden Auswirkungen der durch die antirussischen Sanktionen selbstgeschaffenen Probleme im Energiesektor will man nun mit Fahrverboten und Tempolimits beikommen, so SPD-Chefin Saskia Esken. Die SPD-Vorsitzende Saskia Esken will bei weiter steigenden \u00d6l- und Spritpreisen trotz des seit kurzem in Kraft getretenen Tankrabatts auch ein befristetes [&hellip;]\" \/>\n<meta property=\"og:url\" content=\"https:\/\/now-news.de\/de\/deutschland\/schaerfere-massnahmen-esken-denkt-laut-ueber-fahrverbote-und-tempolimits-nach\/\" \/>\n<meta property=\"og:site_name\" content=\"just-now.NEWS Deutschland\" \/>\n<meta property=\"article:publisher\" content=\"https:\/\/www.facebook.com\/wirmachenauf\" \/>\n<meta property=\"article:published_time\" content=\"2022-06-11T15:56:14+00:00\" \/>\n<meta property=\"og:image\" content=\"https:\/\/now-news.de\/de\/wp-content\/uploads\/sites\/3\/2022\/06\/Schaerfere-Massnahmen-Esken-denkt-laut-ueber-Fahrverbote-und-Tempolimits-nach.jpg\" \/>\n\t<meta property=\"og:image:width\" content=\"460\" \/>\n\t<meta property=\"og:image:height\" content=\"259\" \/>\n\t<meta property=\"og:image:type\" content=\"image\/jpeg\" \/>\n<meta name=\"author\" content=\"rtnews\" \/>\n<meta name=\"twitter:card\" content=\"summary_large_image\" \/>\n<meta name=\"twitter:creator\" content=\"@WirMachenAuf_de\" \/>\n<meta name=\"twitter:site\" content=\"@WirMachenAuf_de\" \/>\n<meta name=\"twitter:label1\" content=\"Verfasst von\" \/>\n\t<meta name=\"twitter:data1\" content=\"rtnews\" \/>\n\t<meta name=\"twitter:label2\" content=\"Gesch\u00e4tzte Lesezeit\" \/>\n\t<meta name=\"twitter:data2\" content=\"2\u00a0Minuten\" \/>\n<script type=\"application\/ld+json\" class=\"yoast-schema-graph\">{\"@context\":\"https:\/\/schema.org\",\"@graph\":[{\"@type\":\"Article\",\"@id\":\"https:\/\/now-news.de\/de\/deutschland\/schaerfere-massnahmen-esken-denkt-laut-ueber-fahrverbote-und-tempolimits-nach\/#article\",\"isPartOf\":{\"@id\":\"https:\/\/now-news.de\/de\/deutschland\/schaerfere-massnahmen-esken-denkt-laut-ueber-fahrverbote-und-tempolimits-nach\/\"},\"author\":{\"name\":\"rtnews\",\"@id\":\"https:\/\/now-news.de\/de\/#\/schema\/person\/fb534a4e865501d8b3285208df34a9b5\"},\"headline\":\"Sch\u00e4rfere Ma\u00dfnahmen: Esken denkt laut \u00fcber Fahrverbote und Tempolimits nach\",\"datePublished\":\"2022-06-11T15:56:14+00:00\",\"dateModified\":\"2022-06-11T15:56:14+00:00\",\"mainEntityOfPage\":{\"@id\":\"https:\/\/now-news.de\/de\/deutschland\/schaerfere-massnahmen-esken-denkt-laut-ueber-fahrverbote-und-tempolimits-nach\/\"},\"wordCount\":319,\"commentCount\":0,\"publisher\":{\"@id\":\"https:\/\/now-news.de\/de\/#organization\"},\"image\":{\"@id\":\"https:\/\/now-news.de\/de\/deutschland\/schaerfere-massnahmen-esken-denkt-laut-ueber-fahrverbote-und-tempolimits-nach\/#primaryimage\"},\"thumbnailUrl\":\"https:\/\/now-news.de\/de\/wp-content\/uploads\/sites\/3\/2022\/06\/Schaerfere-Massnahmen-Esken-denkt-laut-ueber-Fahrverbote-und-Tempolimits-nach.jpg\",\"keywords\":[\"denkt\",\"Esken\",\"Fahrverbote\",\"laut\",\"Massnahmen\",\"nach\",\"Sch\u00e4rfere\",\"Tempolimits\",\"\u00fcber\",\"und\"],\"articleSection\":[\"Deutschland\",\"Russland\"],\"inLanguage\":\"de\",\"potentialAction\":[{\"@type\":\"CommentAction\",\"name\":\"Comment\",\"target\":[\"https:\/\/now-news.de\/de\/deutschland\/schaerfere-massnahmen-esken-denkt-laut-ueber-fahrverbote-und-tempolimits-nach\/#respond\"]}]},{\"@type\":\"WebPage\",\"@id\":\"https:\/\/now-news.de\/de\/deutschland\/schaerfere-massnahmen-esken-denkt-laut-ueber-fahrverbote-und-tempolimits-nach\/\",\"url\":\"https:\/\/now-news.de\/de\/deutschland\/schaerfere-massnahmen-esken-denkt-laut-ueber-fahrverbote-und-tempolimits-nach\/\",\"name\":\"Sch\u00e4rfere Ma\u00dfnahmen: Esken denkt laut \u00fcber Fahrverbote und Tempolimits nach - just-now.NEWS Deutschland\",\"isPartOf\":{\"@id\":\"https:\/\/now-news.de\/de\/#website\"},\"primaryImageOfPage\":{\"@id\":\"https:\/\/now-news.de\/de\/deutschland\/schaerfere-massnahmen-esken-denkt-laut-ueber-fahrverbote-und-tempolimits-nach\/#primaryimage\"},\"image\":{\"@id\":\"https:\/\/now-news.de\/de\/deutschland\/schaerfere-massnahmen-esken-denkt-laut-ueber-fahrverbote-und-tempolimits-nach\/#primaryimage\"},\"thumbnailUrl\":\"https:\/\/now-news.de\/de\/wp-content\/uploads\/sites\/3\/2022\/06\/Schaerfere-Massnahmen-Esken-denkt-laut-ueber-Fahrverbote-und-Tempolimits-nach.jpg\",\"datePublished\":\"2022-06-11T15:56:14+00:00\",\"dateModified\":\"2022-06-11T15:56:14+00:00\",\"breadcrumb\":{\"@id\":\"https:\/\/now-news.de\/de\/deutschland\/schaerfere-massnahmen-esken-denkt-laut-ueber-fahrverbote-und-tempolimits-nach\/#breadcrumb\"},\"inLanguage\":\"de\",\"potentialAction\":[{\"@type\":\"ReadAction\",\"target\":[\"https:\/\/now-news.de\/de\/deutschland\/schaerfere-massnahmen-esken-denkt-laut-ueber-fahrverbote-und-tempolimits-nach\/\"]}]},{\"@type\":\"ImageObject\",\"inLanguage\":\"de\",\"@id\":\"https:\/\/now-news.de\/de\/deutschland\/schaerfere-massnahmen-esken-denkt-laut-ueber-fahrverbote-und-tempolimits-nach\/#primaryimage\",\"url\":\"https:\/\/now-news.de\/de\/wp-content\/uploads\/sites\/3\/2022\/06\/Schaerfere-Massnahmen-Esken-denkt-laut-ueber-Fahrverbote-und-Tempolimits-nach.jpg\",\"contentUrl\":\"https:\/\/now-news.de\/de\/wp-content\/uploads\/sites\/3\/2022\/06\/Schaerfere-Massnahmen-Esken-denkt-laut-ueber-Fahrverbote-und-Tempolimits-nach.jpg\",\"width\":460,\"height\":259,\"caption\":\"Sch\u00e4rfere Ma\u00dfnahmen: Esken denkt laut \u00fcber Fahrverbote und Tempolimits nach\"},{\"@type\":\"BreadcrumbList\",\"@id\":\"https:\/\/now-news.de\/de\/deutschland\/schaerfere-massnahmen-esken-denkt-laut-ueber-fahrverbote-und-tempolimits-nach\/#breadcrumb\",\"itemListElement\":[{\"@type\":\"ListItem\",\"position\":1,\"name\":\"Home\",\"item\":\"https:\/\/now-news.de\/de\/\"},{\"@type\":\"ListItem\",\"position\":2,\"name\":\"Sch\u00e4rfere Ma\u00dfnahmen: Esken denkt laut \u00fcber Fahrverbote und Tempolimits nach\"}]},{\"@type\":\"WebSite\",\"@id\":\"https:\/\/now-news.de\/de\/#website\",\"url\":\"https:\/\/now-news.de\/de\/\",\"name\":\"just-now.NEWS Deutschland\",\"description\":\"Das Portal f\u00fcr unzensierte Nachrichten aus der Welt\",\"publisher\":{\"@id\":\"https:\/\/now-news.de\/de\/#organization\"},\"potentialAction\":[{\"@type\":\"SearchAction\",\"target\":{\"@type\":\"EntryPoint\",\"urlTemplate\":\"https:\/\/now-news.de\/de\/?s={search_term_string}\"},\"query-input\":\"required name=search_term_string\"}],\"inLanguage\":\"de\"},{\"@type\":\"Organization\",\"@id\":\"https:\/\/now-news.de\/de\/#organization\",\"name\":\"Just Now News\",\"url\":\"https:\/\/now-news.de\/de\/\",\"logo\":{\"@type\":\"ImageObject\",\"inLanguage\":\"de\",\"@id\":\"https:\/\/now-news.de\/de\/#\/schema\/logo\/image\/\",\"url\":\"http:\/\/just-now.news\/de\/wp-content\/uploads\/sites\/3\/2022\/04\/logo500x500.jpg\",\"contentUrl\":\"http:\/\/just-now.news\/de\/wp-content\/uploads\/sites\/3\/2022\/04\/logo500x500.jpg\",\"width\":500,\"height\":500,\"caption\":\"Just Now News\"},\"image\":{\"@id\":\"https:\/\/now-news.de\/de\/#\/schema\/logo\/image\/\"},\"sameAs\":[\"https:\/\/www.facebook.com\/wirmachenauf\",\"https:\/\/x.com\/WirMachenAuf_de\"]},{\"@type\":\"Person\",\"@id\":\"https:\/\/now-news.de\/de\/#\/schema\/person\/fb534a4e865501d8b3285208df34a9b5\",\"name\":\"rtnews\",\"image\":{\"@type\":\"ImageObject\",\"inLanguage\":\"de\",\"@id\":\"https:\/\/now-news.de\/de\/#\/schema\/person\/image\/\",\"url\":\"https:\/\/secure.gravatar.com\/avatar\/82aafea7d8127119dd649515f56e2117?s=96&d=mm&r=g\",\"contentUrl\":\"https:\/\/secure.gravatar.com\/avatar\/82aafea7d8127119dd649515f56e2117?s=96&d=mm&r=g\",\"caption\":\"rtnews\"},\"url\":\"https:\/\/now-news.de\/de\/author\/rnews\/\"}]}<\/script>\n<!-- \/ Yoast SEO Premium plugin. -->","yoast_head_json":{"title":"Sch\u00e4rfere Ma\u00dfnahmen: Esken denkt laut \u00fcber Fahrverbote und Tempolimits nach - just-now.NEWS Deutschland","robots":{"index":"index","follow":"follow","max-snippet":"max-snippet:-1","max-image-preview":"max-image-preview:large","max-video-preview":"max-video-preview:-1"},"canonical":"https:\/\/now-news.de\/de\/deutschland\/schaerfere-massnahmen-esken-denkt-laut-ueber-fahrverbote-und-tempolimits-nach\/","og_locale":"de_DE","og_type":"article","og_title":"Sch\u00e4rfere Ma\u00dfnahmen: Esken denkt laut \u00fcber Fahrverbote und Tempolimits nach","og_description":"Die &#8220;Ampel&#8221; entpuppt sich immer st\u00e4rker als Verbotskoalition: Den wirtschaftlich verheerenden Auswirkungen der durch die antirussischen Sanktionen selbstgeschaffenen Probleme im Energiesektor will man nun mit Fahrverboten und Tempolimits beikommen, so SPD-Chefin Saskia Esken. Die SPD-Vorsitzende Saskia Esken will bei weiter steigenden \u00d6l- und Spritpreisen trotz des seit kurzem in Kraft getretenen Tankrabatts auch ein befristetes [&hellip;]","og_url":"https:\/\/now-news.de\/de\/deutschland\/schaerfere-massnahmen-esken-denkt-laut-ueber-fahrverbote-und-tempolimits-nach\/","og_site_name":"just-now.NEWS Deutschland","article_publisher":"https:\/\/www.facebook.com\/wirmachenauf","article_published_time":"2022-06-11T15:56:14+00:00","og_image":[{"width":460,"height":259,"url":"https:\/\/now-news.de\/de\/wp-content\/uploads\/sites\/3\/2022\/06\/Schaerfere-Massnahmen-Esken-denkt-laut-ueber-Fahrverbote-und-Tempolimits-nach.jpg","type":"image\/jpeg"}],"author":"rtnews","twitter_card":"summary_large_image","twitter_creator":"@WirMachenAuf_de","twitter_site":"@WirMachenAuf_de","twitter_misc":{"Verfasst von":"rtnews","Gesch\u00e4tzte Lesezeit":"2\u00a0Minuten"},"schema":{"@context":"https:\/\/schema.org","@graph":[{"@type":"Article","@id":"https:\/\/now-news.de\/de\/deutschland\/schaerfere-massnahmen-esken-denkt-laut-ueber-fahrverbote-und-tempolimits-nach\/#article","isPartOf":{"@id":"https:\/\/now-news.de\/de\/deutschland\/schaerfere-massnahmen-esken-denkt-laut-ueber-fahrverbote-und-tempolimits-nach\/"},"author":{"name":"rtnews","@id":"https:\/\/now-news.de\/de\/#\/schema\/person\/fb534a4e865501d8b3285208df34a9b5"},"headline":"Sch\u00e4rfere Ma\u00dfnahmen: Esken denkt laut \u00fcber Fahrverbote und Tempolimits nach","datePublished":"2022-06-11T15:56:14+00:00","dateModified":"2022-06-11T15:56:14+00:00","mainEntityOfPage":{"@id":"https:\/\/now-news.de\/de\/deutschland\/schaerfere-massnahmen-esken-denkt-laut-ueber-fahrverbote-und-tempolimits-nach\/"},"wordCount":319,"commentCount":0,"publisher":{"@id":"https:\/\/now-news.de\/de\/#organization"},"image":{"@id":"https:\/\/now-news.de\/de\/deutschland\/schaerfere-massnahmen-esken-denkt-laut-ueber-fahrverbote-und-tempolimits-nach\/#primaryimage"},"thumbnailUrl":"https:\/\/now-news.de\/de\/wp-content\/uploads\/sites\/3\/2022\/06\/Schaerfere-Massnahmen-Esken-denkt-laut-ueber-Fahrverbote-und-Tempolimits-nach.jpg","keywords":["denkt","Esken","Fahrverbote","laut","Massnahmen","nach","Sch\u00e4rfere","Tempolimits","\u00fcber","und"],"articleSection":["Deutschland","Russland"],"inLanguage":"de","potentialAction":[{"@type":"CommentAction","name":"Comment","target":["https:\/\/now-news.de\/de\/deutschland\/schaerfere-massnahmen-esken-denkt-laut-ueber-fahrverbote-und-tempolimits-nach\/#respond"]}]},{"@type":"WebPage","@id":"https:\/\/now-news.de\/de\/deutschland\/schaerfere-massnahmen-esken-denkt-laut-ueber-fahrverbote-und-tempolimits-nach\/","url":"https:\/\/now-news.de\/de\/deutschland\/schaerfere-massnahmen-esken-denkt-laut-ueber-fahrverbote-und-tempolimits-nach\/","name":"Sch\u00e4rfere Ma\u00dfnahmen: Esken denkt laut \u00fcber Fahrverbote und Tempolimits nach - just-now.NEWS Deutschland","isPartOf":{"@id":"https:\/\/now-news.de\/de\/#website"},"primaryImageOfPage":{"@id":"https:\/\/now-news.de\/de\/deutschland\/schaerfere-massnahmen-esken-denkt-laut-ueber-fahrverbote-und-tempolimits-nach\/#primaryimage"},"image":{"@id":"https:\/\/now-news.de\/de\/deutschland\/schaerfere-massnahmen-esken-denkt-laut-ueber-fahrverbote-und-tempolimits-nach\/#primaryimage"},"thumbnailUrl":"https:\/\/now-news.de\/de\/wp-content\/uploads\/sites\/3\/2022\/06\/Schaerfere-Massnahmen-Esken-denkt-laut-ueber-Fahrverbote-und-Tempolimits-nach.jpg","datePublished":"2022-06-11T15:56:14+00:00","dateModified":"2022-06-11T15:56:14+00:00","breadcrumb":{"@id":"https:\/\/now-news.de\/de\/deutschland\/schaerfere-massnahmen-esken-denkt-laut-ueber-fahrverbote-und-tempolimits-nach\/#breadcrumb"},"inLanguage":"de","potentialAction":[{"@type":"ReadAction","target":["https:\/\/now-news.de\/de\/deutschland\/schaerfere-massnahmen-esken-denkt-laut-ueber-fahrverbote-und-tempolimits-nach\/"]}]},{"@type":"ImageObject","inLanguage":"de","@id":"https:\/\/now-news.de\/de\/deutschland\/schaerfere-massnahmen-esken-denkt-laut-ueber-fahrverbote-und-tempolimits-nach\/#primaryimage","url":"https:\/\/now-news.de\/de\/wp-content\/uploads\/sites\/3\/2022\/06\/Schaerfere-Massnahmen-Esken-denkt-laut-ueber-Fahrverbote-und-Tempolimits-nach.jpg","contentUrl":"https:\/\/now-news.de\/de\/wp-content\/uploads\/sites\/3\/2022\/06\/Schaerfere-Massnahmen-Esken-denkt-laut-ueber-Fahrverbote-und-Tempolimits-nach.jpg","width":460,"height":259,"caption":"Sch\u00e4rfere Ma\u00dfnahmen: Esken denkt laut \u00fcber Fahrverbote und Tempolimits nach"},{"@type":"BreadcrumbList","@id":"https:\/\/now-news.de\/de\/deutschland\/schaerfere-massnahmen-esken-denkt-laut-ueber-fahrverbote-und-tempolimits-nach\/#breadcrumb","itemListElement":[{"@type":"ListItem","position":1,"name":"Home","item":"https:\/\/now-news.de\/de\/"},{"@type":"ListItem","position":2,"name":"Sch\u00e4rfere Ma\u00dfnahmen: Esken denkt laut \u00fcber Fahrverbote und Tempolimits nach"}]},{"@type":"WebSite","@id":"https:\/\/now-news.de\/de\/#website","url":"https:\/\/now-news.de\/de\/","name":"just-now.NEWS Deutschland","description":"Das Portal f\u00fcr unzensierte Nachrichten aus der Welt","publisher":{"@id":"https:\/\/now-news.de\/de\/#organization"},"potentialAction":[{"@type":"SearchAction","target":{"@type":"EntryPoint","urlTemplate":"https:\/\/now-news.de\/de\/?s={search_term_string}"},"query-input":"required name=search_term_string"}],"inLanguage":"de"},{"@type":"Organization","@id":"https:\/\/now-news.de\/de\/#organization","name":"Just Now News","url":"https:\/\/now-news.de\/de\/","logo":{"@type":"ImageObject","inLanguage":"de","@id":"https:\/\/now-news.de\/de\/#\/schema\/logo\/image\/","url":"http:\/\/just-now.news\/de\/wp-content\/uploads\/sites\/3\/2022\/04\/logo500x500.jpg","contentUrl":"http:\/\/just-now.news\/de\/wp-content\/uploads\/sites\/3\/2022\/04\/logo500x500.jpg","width":500,"height":500,"caption":"Just Now News"},"image":{"@id":"https:\/\/now-news.de\/de\/#\/schema\/logo\/image\/"},"sameAs":["https:\/\/www.facebook.com\/wirmachenauf","https:\/\/x.com\/WirMachenAuf_de"]},{"@type":"Person","@id":"https:\/\/now-news.de\/de\/#\/schema\/person\/fb534a4e865501d8b3285208df34a9b5","name":"rtnews","image":{"@type":"ImageObject","inLanguage":"de","@id":"https:\/\/now-news.de\/de\/#\/schema\/person\/image\/","url":"https:\/\/secure.gravatar.com\/avatar\/82aafea7d8127119dd649515f56e2117?s=96&d=mm&r=g","contentUrl":"https:\/\/secure.gravatar.com\/avatar\/82aafea7d8127119dd649515f56e2117?s=96&d=mm&r=g","caption":"rtnews"},"url":"https:\/\/now-news.de\/de\/author\/rnews\/"}]}},"_links":{"self":[{"href":"https:\/\/now-news.de\/de\/wp-json\/wp\/v2\/posts\/10565"}],"collection":[{"href":"https:\/\/now-news.de\/de\/wp-json\/wp\/v2\/posts"}],"about":[{"href":"https:\/\/now-news.de\/de\/wp-json\/wp\/v2\/types\/post"}],"author":[{"embeddable":true,"href":"https:\/\/now-news.de\/de\/wp-json\/wp\/v2\/users\/3"}],"replies":[{"embeddable":true,"href":"https:\/\/now-news.de\/de\/wp-json\/wp\/v2\/comments?post=10565"}],"version-history":[{"count":0,"href":"https:\/\/now-news.de\/de\/wp-json\/wp\/v2\/posts\/10565\/revisions"}],"wp:featuredmedia":[{"embeddable":true,"href":"https:\/\/now-news.de\/de\/wp-json\/wp\/v2\/media\/10566"}],"wp:attachment":[{"href":"https:\/\/now-news.de\/de\/wp-json\/wp\/v2\/media?parent=10565"}],"wp:term":[{"taxonomy":"category","embeddable":true,"href":"https:\/\/now-news.de\/de\/wp-json\/wp\/v2\/categories?post=10565"},{"taxonomy":"post_tag","embeddable":true,"href":"https:\/\/now-news.de\/de\/wp-json\/wp\/v2\/tags?post=10565"}],"curies":[{"name":"wp","href":"https:\/\/api.w.org\/{rel}","templated":true}]}}