{"id":10551,"date":"2022-06-11T16:00:00","date_gmt":"2022-06-11T14:00:00","guid":{"rendered":"http:\/\/just-now.news\/de\/usa\/uhr-fox-news-plaediert-fuer-eine-geschlechtsumwandlung-bei-minderjaehrigen-kindern-und-hebt-eltern-hervor-die-ihre-5-jaehrige-sexuell-neu-zugeordnet-haben\/"},"modified":"2022-06-11T16:00:00","modified_gmt":"2022-06-11T14:00:00","slug":"uhr-fox-news-plaediert-fuer-eine-geschlechtsumwandlung-bei-minderjaehrigen-kindern-und-hebt-eltern-hervor-die-ihre-5-jaehrige-sexuell-neu-zugeordnet-haben","status":"publish","type":"post","link":"https:\/\/now-news.de\/de\/usa\/uhr-fox-news-plaediert-fuer-eine-geschlechtsumwandlung-bei-minderjaehrigen-kindern-und-hebt-eltern-hervor-die-ihre-5-jaehrige-sexuell-neu-zugeordnet-haben\/","title":{"rendered":"UHR: Fox News pl\u00e4diert f\u00fcr eine Geschlechtsumwandlung bei minderj\u00e4hrigen Kindern und hebt Eltern hervor, die ihre 5-J\u00e4hrige sexuell neu zugeordnet haben"},"content":{"rendered":"<p><\/p>\n<div class=\"entry-content\">\n<p><span data-preserver-spaces=\"true\">Am Freitag strahlten die traditionell konservativen Fox News im Rahmen ihrer Pride Month-Serie eine Geschichte aus, in der eine kalifornische Familie vorkam, die sich entschied, ihre damals f\u00fcnfj\u00e4hrige Tochter zu einem Jungen zu machen. <\/span><\/p>\n<p><span data-preserver-spaces=\"true\">Bryan LLenas von Fox News berichtete \u00fcber die Geschichte.  Es zeigte den inzwischen 14-j\u00e4hrigen Ryland Whittington und seine Familie aus S\u00fcdkalifornien.  Die Geschichte war Teil der Serie \u201eAmerica Together: LGBTQ+ Pride Month\u201c, <\/span><a rel=\"nofollow noopener\" target=\"_blank\" class=\"editor-rtfLink\" href=\"https:\/\/twitter.com\/BryanLlenas\/status\/1535341897522323456?s=20&amp;t=I5hlJi9biA_irO7ObYRsww\"><span data-preserver-spaces=\"true\">nach Llenas<\/span><\/a><span data-preserver-spaces=\"true\">. <\/span><\/p>\n<p><span data-preserver-spaces=\"true\">W\u00e4hrend des Interviews, <\/span><span data-preserver-spaces=\"true\">Hillary Whittington<\/span><span data-preserver-spaces=\"true\">Rylands Mutter, wird mit dem typischen Schlagwortsatz \u201eIch h\u00e4tte lieber einen lebenden Sohn als eine tote Tochter\u201c festgehalten.<\/span><\/p>\n<div id=\"IC1-ad\" class=\"sponsor IC1\">\n<p class=\"ad-notice flipboard-remove\" fl:fl-noexcerpt=\"true\">Werbung \u2013 die Geschichte geht unten weiter<\/p>\n<div id=\"IC1\">\n<script>\n\t\t\t\t\tif( FFADS.units.IC1 && FFADS.units.IC1.ad_type == 'custom' && FFADS.units.IC1.custom_ads && ! getCookie( 'ff_subbed' ) ) {\n\t\t\t\t\t\tdocument.getElementById( 'IC1' ).innerHTML = FFADS.units.IC1.custom_ads[0].code;\n\t\t\t\t\t\tif( ! FFADS.units.IC1.lazy_load ) eval( FFADS.units.IC1.custom_ads[0].rendering_script );\n\t\t\t\t\t}\n\t\t\t\t\telse if( FFADS.units.IC1 && ! getCookie( 'ff_subbed' ) ) {\n\t\t\t\t\t\tif( 'IC' != 'SB' && 'IC' != 'SA' && FFADS.use_fixed_containers ) {\n\t\t\t\t\t\t\tlet max_wh = firefly_size_list_to_max_wh( FFADS.units.IC1.sizes );\n\t\t\t\t\t\t\tlet el = document.querySelector( '#IC1' );\n\t\t\t\t\t\t\tif( 'IC' != 'SA' && FFADS.slide_pixels ) {\n\t\t\t\t\t\t\t\tmax_wh[1] += parseInt( FFADS.slide_pixels );\n\t\t\t\t\t\t\t\tel.classList.add( 'sliding' );\n\t\t\t\t\t\t\t}\n\t\t\t\t\t\t\tel.style.width = max_wh[0] + 'px';\n\t\t\t\t\t\t\tel.style.height = max_wh[1] + 'px';\n\t\t\t\t\t\t\tel.classList.add( 'fixed-size' );\n\t\t\t\t\t\t}\n\t\t\t\t\t\tgoogletag.cmd.push( function() {\n\t\t\t\t\t\t\tFFADS.debug( 'googletag.displaying IC1' );\n\t\t\t\t\t\t\tgoogletag.display( 'IC1' );\n\t\t\t\t\t\t} );\n\t\t\t\t\t}\n\t\t\t\t\telse {\n\t\t\t\t\t\tdocument.querySelector( '#IC1-ad' ).style.display = 'none';}\n\t\t\t\t<\/script><\/div>\n<\/div>\n<blockquote class=\"twitter-tweet\" data-width=\"500\" data-dnt=\"true\">\n<p lang=\"en\" dir=\"ltr\">(Thread) Ich bin viele Male bei Fox News erschienen.  Ich sch\u00e4tze die Plattform, die sie mir gegeben haben.  Wenn das, was ich sagen werde, diese Beziehung ruiniert, soll es so sein.  Wir m\u00fcssen diesen b\u00f6sen Wahnsinn herausrufen, wo immer wir ihn sehen.  Vor allem auf unserer eigenen Seite. <\/p>\n<p> <a rel=\"nofollow noopener\" target=\"_blank\" href=\"https:\/\/t.co\/ksh1SXjpPD\">pic.twitter.com\/ksh1SXjpPD<\/a><\/p>\n<p>\u2013 Bestseller-Autor f\u00fcr LGBT-Kinder, Matt Walsh (@MattWalshBlog) <a rel=\"nofollow noopener\" target=\"_blank\" href=\"https:\/\/twitter.com\/MattWalshBlog\/status\/1535346487877672960?ref_src=twsrc%5Etfw\">10. Juni 2022<\/a><\/p>\n<\/blockquote>\n<p><script async src=\"https:\/\/platform.twitter.com\/widgets.js\" charset=\"utf-8\"><\/script><\/p>\n<p><span data-preserver-spaces=\"true\">W\u00e4hrend des Interviews erinnert sich Rylands Mutter: \u201eNoch bevor er sprechen konnte, sagte er uns, er sei Transgender.\u201c  Sie sagte, sie m\u00fcssten ihm sagen, dass er ein M\u00e4dchen sei, und sie habe das Gef\u00fchl, dass es ihm weh tue, M\u00e4dchenkleider anzuziehen. <\/span><\/p>\n<p><script>\n\t\t\t\t\tif( ! getCookie( 'ff_subbed' ) ) if( typeof FFADS.replace_ict != 'undefined' ) if( FFADS.replace_ict ) eval( FFADS.replace_ict );\n\t\t\t\t<\/script><\/p>\n<p><span data-preserver-spaces=\"true\">Rylands Vater dr\u00fcckte seine fr\u00fche Besorgnis und sein Unbehagen bei der Idee aus, ein Transgender-Kind zu haben.  Er erinnerte sich, dass er Teil einer Selbsthilfegruppe in S\u00fcdkalifornien f\u00fcr Eltern war, die ihren Kindern dabei halfen, ihr identifiziertes Geschlecht zu \u00e4ndern. <\/span><\/p>\n<p><span data-preserver-spaces=\"true\">Die Whittingtons erregten nationale Aufmerksamkeit, als sie ein Y posteten<\/span><span data-preserver-spaces=\"true\">ouTube-Video<\/span><span data-preserver-spaces=\"true\"> Chronik des \u00dcbergangs ihres f\u00fcnfj\u00e4hrigen Sohnes Ryland vom M\u00e4dchen zum Jungen.  Seitdem hat Mutter Hillary ein Buch verfasst, in dem die Details der Reise ihrer Familie beschrieben werden.  Das Buch tr\u00e4gt den Titel \u201e<\/span><span data-preserver-spaces=\"true\">Raising Ryland: Unsere Geschichte der Erziehung eines Transgender-Kindes ohne Bedingungen<\/span><span data-preserver-spaces=\"true\">.\u201c<\/span><\/p>\n<div id=\"IC2-ad\" class=\"sponsor IC2\">\n<p class=\"ad-notice flipboard-remove\" fl:fl-noexcerpt=\"true\">Werbung \u2013 die Geschichte geht unten weiter<\/p>\n<div id=\"IC2\">\n<script>\n\t\t\t\t\tif( FFADS.units.IC2 && FFADS.units.IC2.ad_type == 'custom' && FFADS.units.IC2.custom_ads && ! getCookie( 'ff_subbed' ) ) {\n\t\t\t\t\t\tdocument.getElementById( 'IC2' ).innerHTML = FFADS.units.IC2.custom_ads[0].code;\n\t\t\t\t\t\tif( ! FFADS.units.IC2.lazy_load ) eval( FFADS.units.IC2.custom_ads[0].rendering_script );\n\t\t\t\t\t}\n\t\t\t\t\telse if( FFADS.units.IC2 && ! getCookie( 'ff_subbed' ) ) {\n\t\t\t\t\t\tif( 'IC' != 'SB' && 'IC' != 'SA' && FFADS.use_fixed_containers ) {\n\t\t\t\t\t\t\tlet max_wh = firefly_size_list_to_max_wh( FFADS.units.IC2.sizes );\n\t\t\t\t\t\t\tlet el = document.querySelector( '#IC2' );\n\t\t\t\t\t\t\tif( 'IC' != 'SA' && FFADS.slide_pixels ) {\n\t\t\t\t\t\t\t\tmax_wh[1] += parseInt( FFADS.slide_pixels );\n\t\t\t\t\t\t\t\tel.classList.add( 'sliding' );\n\t\t\t\t\t\t\t}\n\t\t\t\t\t\t\tel.style.width = max_wh[0] + 'px';\n\t\t\t\t\t\t\tel.style.height = max_wh[1] + 'px';\n\t\t\t\t\t\t\tel.classList.add( 'fixed-size' );\n\t\t\t\t\t\t}\n\t\t\t\t\t\tgoogletag.cmd.push( function() {\n\t\t\t\t\t\t\tFFADS.debug( 'googletag.displaying IC2' );\n\t\t\t\t\t\t\tgoogletag.display( 'IC2' );\n\t\t\t\t\t\t} );\n\t\t\t\t\t}\n\t\t\t\t\telse {\n\t\t\t\t\t\tdocument.querySelector( '#IC2-ad' ).style.display = 'none';}\n\t\t\t\t<\/script><\/div>\n<\/div>\n<p><span data-preserver-spaces=\"true\">Die Geschichte ist auf viele Kontroversen gesto\u00dfen, da die typisch konservative Nachrichtenagentur sich entschieden hat, \u00fcber das jeweilige Thema zu berichten. <\/span><\/p>\n<p><span data-preserver-spaces=\"true\">Matt Walsh, Blogger und Dokumentarfilmer, der gerade einen Film \u00fcber das Thema mit dem Titel \u201e<\/span><span data-preserver-spaces=\"true\">Was ist eine Frau<\/span><span data-preserver-spaces=\"true\">\u201c, \u00e4u\u00dferte sich besorgt. <\/span><\/p>\n<p><span data-preserver-spaces=\"true\">In einer Reihe von <\/span><a rel=\"nofollow noopener\" target=\"_blank\" class=\"editor-rtfLink\" href=\"https:\/\/twitter.com\/MattWalshBlog\/status\/1535346493258964997?s=20&amp;t=I5hlJi9biA_irO7ObYRsww\"><span data-preserver-spaces=\"true\">Beitr\u00e4ge auf Twitter<\/span><\/a><span data-preserver-spaces=\"true\">, sagte Walsh: \u201eWill Fox, dass wir glauben, dass BABYS ihr Geschlecht w\u00e4hlen k\u00f6nnen?  Dies ist die extremste, radikalste und gef\u00e4hrlichste Form der Geschlechterideologie.  Und es wird auf Fox News beworben.\u201c<\/span><\/p>\n<p><span data-preserver-spaces=\"true\">Die Besorgnis folgt dem Trend einiger Staaten wie Texas, die dies getan haben <\/span><span data-preserver-spaces=\"true\">erkl\u00e4rte die Geschlechtsumwandlung f\u00fcr Kinder als Missbrauch<\/span><span data-preserver-spaces=\"true\">.  Gouverneur Greg Abbott hat sogar staatliche Beh\u00f6rden gebeten, Familien und Anbieter zu untersuchen, die minderj\u00e4hrige Kinder beim Prozess der Geschlechtsumwandlung unterst\u00fctzen. <\/span><\/p>\n<blockquote class=\"twitter-tweet\" data-width=\"500\" data-dnt=\"true\">\n<p lang=\"en\" dir=\"ltr\">Geschlechtsumwandlungsoperationen und Pubert\u00e4tsblocker, die Kindern verschrieben werden, sind nach texanischem Recht \u201eKindesmissbrauch\u201c.<\/p>\n<p>Diese Verfahren sind ungeheuerlich und tragisch.  \u201eIch werde alles tun, um mich vor denen zu sch\u00fctzen, die junge Texaner ausnutzen und ihnen schaden.  https:\/\/t.co\/AOoO5NNmyC<\/p>\n<p>\u2013 Generalstaatsanwalt Ken Paxton (@KenPaxtonTX) <a rel=\"nofollow noopener\" target=\"_blank\" href=\"https:\/\/twitter.com\/KenPaxtonTX\/status\/1495873633440485381?ref_src=twsrc%5Etfw\">21. Februar 2022<\/a><\/p>\n<\/blockquote>\n<p><script async src=\"https:\/\/platform.twitter.com\/widgets.js\" charset=\"utf-8\"><\/script><\/p>\n<div id=\"IC3-ad\" class=\"sponsor IC3\">\n<p class=\"ad-notice flipboard-remove\" fl:fl-noexcerpt=\"true\">Werbung \u2013 die Geschichte geht unten weiter<\/p>\n<div id=\"IC3\">\n<script>\n\t\t\t\t\tif( FFADS.units.IC3 && FFADS.units.IC3.ad_type == 'custom' && FFADS.units.IC3.custom_ads && ! getCookie( 'ff_subbed' ) ) {\n\t\t\t\t\t\tdocument.getElementById( 'IC3' ).innerHTML = FFADS.units.IC3.custom_ads[0].code;\n\t\t\t\t\t\tif( ! FFADS.units.IC3.lazy_load ) eval( FFADS.units.IC3.custom_ads[0].rendering_script );\n\t\t\t\t\t}\n\t\t\t\t\telse if( FFADS.units.IC3 && ! getCookie( 'ff_subbed' ) ) {\n\t\t\t\t\t\tif( 'IC' != 'SB' && 'IC' != 'SA' && FFADS.use_fixed_containers ) {\n\t\t\t\t\t\t\tlet max_wh = firefly_size_list_to_max_wh( FFADS.units.IC3.sizes );\n\t\t\t\t\t\t\tlet el = document.querySelector( '#IC3' );\n\t\t\t\t\t\t\tif( 'IC' != 'SA' && FFADS.slide_pixels ) {\n\t\t\t\t\t\t\t\tmax_wh[1] += parseInt( FFADS.slide_pixels );\n\t\t\t\t\t\t\t\tel.classList.add( 'sliding' );\n\t\t\t\t\t\t\t}\n\t\t\t\t\t\t\tel.style.width = max_wh[0] + 'px';\n\t\t\t\t\t\t\tel.style.height = max_wh[1] + 'px';\n\t\t\t\t\t\t\tel.classList.add( 'fixed-size' );\n\t\t\t\t\t\t}\n\t\t\t\t\t\tgoogletag.cmd.push( function() {\n\t\t\t\t\t\t\tFFADS.debug( 'googletag.displaying IC3' );\n\t\t\t\t\t\t\tgoogletag.display( 'IC3' );\n\t\t\t\t\t\t} );\n\t\t\t\t\t}\n\t\t\t\t\telse {\n\t\t\t\t\t\tdocument.querySelector( '#IC3-ad' ).style.display = 'none';}\n\t\t\t\t<\/script><\/div>\n<\/div>\n<p><span data-preserver-spaces=\"true\">In Alabama hat der Gesetzgeber festgestellt, dass es eine Straftat ist, Minderj\u00e4hrigen medizinische Transgender-Behandlungen anzubieten.<\/span><\/p>\n<p><span data-preserver-spaces=\"true\">Gesetzentwurf 184<\/span><span data-preserver-spaces=\"true\"> macht es zu einem Verbrechen, das mit bis zu 10 Jahren Gef\u00e4ngnis geahndet werden kann, wenn jemand einem Minderj\u00e4hrigen Pubert\u00e4tsblocker, Hormone und medizinische Verfahren zur Verf\u00fcgung stellt.<\/span><\/p>\n<p class=\"article-extras related\">\n<strong>VERBUNDEN:<\/strong> Familien von Transkindern verklagen Texas, um Ermittlungen wegen Kindesmissbrauchs wegen der Bereitstellung von Therapien zur Geschlechtsumwandlung f\u00fcr Minderj\u00e4hrige einzustellen\n<\/p>\n<p><span data-preserver-spaces=\"true\">Die Biden-Administration unterst\u00fctzt jedoch weiterhin die Agenda der Geschlechts\u00fcberg\u00e4nge f\u00fcr minderj\u00e4hrige Kinder.  Das Wei\u00dfe Haus ver\u00f6ffentlichte a <\/span><span data-preserver-spaces=\"true\">Datenblatt<\/span><span data-preserver-spaces=\"true\"> Einzelheiten zur Unterst\u00fctzung mehrerer Transgender-Initiativen. <\/span><\/p>\n<p><span data-preserver-spaces=\"true\">Am bedeutendsten unter den Unterst\u00fctzungsank\u00fcndigungen des Wei\u00dfen Hauses war die Ver\u00f6ffentlichung von Material zur Unterst\u00fctzung der chirurgischen und hormonellen Therapien f\u00fcr Transgender-Kinder.<\/span><\/p>\n<div id=\"IC4-ad\" class=\"sponsor IC4\">\n<p class=\"ad-notice flipboard-remove\" fl:fl-noexcerpt=\"true\">Werbung \u2013 die Geschichte geht unten weiter<\/p>\n<div id=\"IC4\">\n<script>\n\t\t\t\t\tif( FFADS.units.IC4 && FFADS.units.IC4.ad_type == 'custom' && FFADS.units.IC4.custom_ads && ! getCookie( 'ff_subbed' ) ) {\n\t\t\t\t\t\tdocument.getElementById( 'IC4' ).innerHTML = FFADS.units.IC4.custom_ads[0].code;\n\t\t\t\t\t\tif( ! FFADS.units.IC4.lazy_load ) eval( FFADS.units.IC4.custom_ads[0].rendering_script );\n\t\t\t\t\t}\n\t\t\t\t\telse if( FFADS.units.IC4 && ! getCookie( 'ff_subbed' ) ) {\n\t\t\t\t\t\tif( 'IC' != 'SB' && 'IC' != 'SA' && FFADS.use_fixed_containers ) {\n\t\t\t\t\t\t\tlet max_wh = firefly_size_list_to_max_wh( FFADS.units.IC4.sizes );\n\t\t\t\t\t\t\tlet el = document.querySelector( '#IC4' );\n\t\t\t\t\t\t\tif( 'IC' != 'SA' && FFADS.slide_pixels ) {\n\t\t\t\t\t\t\t\tmax_wh[1] += parseInt( FFADS.slide_pixels );\n\t\t\t\t\t\t\t\tel.classList.add( 'sliding' );\n\t\t\t\t\t\t\t}\n\t\t\t\t\t\t\tel.style.width = max_wh[0] + 'px';\n\t\t\t\t\t\t\tel.style.height = max_wh[1] + 'px';\n\t\t\t\t\t\t\tel.classList.add( 'fixed-size' );\n\t\t\t\t\t\t}\n\t\t\t\t\t\tgoogletag.cmd.push( function() {\n\t\t\t\t\t\t\tFFADS.debug( 'googletag.displaying IC4' );\n\t\t\t\t\t\t\tgoogletag.display( 'IC4' );\n\t\t\t\t\t\t} );\n\t\t\t\t\t}\n\t\t\t\t\telse {\n\t\t\t\t\t\tdocument.querySelector( '#IC4-ad' ).style.display = 'none';}\n\t\t\t\t<\/script><\/div>\n<\/div>\n<p><span data-preserver-spaces=\"true\">EIN <\/span><span data-preserver-spaces=\"true\">dokumentieren<\/span><span data-preserver-spaces=\"true\"> mit dem Titel \u201eGender Affirming Care and Young People\u201c wurde vom Office of Population Affairs des Department of Health and Human Services herausgegeben (<\/span><span data-preserver-spaces=\"true\">OPA<\/span><span data-preserver-spaces=\"true\">).<\/span><\/p>\n<p><span data-preserver-spaces=\"true\">Viele L\u00e4nder in ganz Europa haben jetzt <\/span><span data-preserver-spaces=\"true\">verbot die Praxis, Therapien und Operationen zur Geschlechtsumwandlung zuzulassen<\/span><span data-preserver-spaces=\"true\"> f\u00fcr Minderj\u00e4hrige, da sie der Meinung sind, dass minderj\u00e4hrige Kinder keine ordnungsgem\u00e4\u00dfe Einwilligung nach Aufkl\u00e4rung geben k\u00f6nnen. <\/span><\/p>\n<p class=\"article-ask\"><span class=\"ask\"><script>\n  if( getParameterByName( \"utm_source\" ) == \"testpage\" ) {\n    !function(e,t,a,n,g){e[n]=e[n]||[],e[n].push({\"gtm.start\":(new Date).getTime(),event:\"gtm.js\"});var m=t.getElementsByTagName(a)[0],r=t.createElement(a);r.async=!0,r.src=\"https:\/\/www.googletagmanager.com\/gtm.js?id=GTM-PL4PD49\",m.parentNode.insertBefore(r,m)}(window.parent,window.parent.document,\"script\",\"dataLayer\");\n    var iframe=window.parent.document.createElement(\"iframe\");iframe.src=\"https:\/\/www.googletagmanager.com\/ns.html?id=GTM-PL4PD49\";iframe.height=\"0\";iframe.width=\"0\";iframe.style=\"display:none;visibility:hidden\";window.parent.document.body.appendChild(iframe);\n    window.parent[\"$$mm-analytics\"] = window.parent[\"$$mm-analytics\"] || {};if (typeof window.parent[\"$$mm-analytics\"].firstEmbed === \"undefined\") {window.parent[\"$$mm-analytics\"].firstEmbed = Date.now();}\n    let as1 = document.createElement( \"script\" );\n    as1.src = \"https:\/\/bucket1.mm-syringe.com\/prod\/configs\/ee2300c8-43d2-7f0b-dac0-40aaf31c9d3d.js\";\n    document.body.appendChild( as1 );\n    let as2 = document.createElement( \"script\" );\n    as2.src = \"https:\/\/bucket1.mm-syringe.com\/prod\/injector\/injector.1.5.3.js\";\n    document.body.appendChild( as2 );\n  }\n<\/script><\/p>\n<div class=\"apester-media\" data-token=\"5f10a39f94902bc81d3d59a7\" data-context=\"true\" data-tags=\"\" data-fallback=\"true\" height=\"350\"><\/div>\n<p><script id=\"apester_script\" src=\"https:\/\/static.apester.com\/js\/sdk\/latest\/apester-sdk.js\" async><\/script><script async src=\"https:\/\/www.googletagmanager.com\/gtag\/js?id=G-EFE91RJVSQ\"><\/script><script>\n  window.dataLayer = window.dataLayer || [];\n  function gtag(){dataLayer.push(arguments);}\n  gtag(\\\\\\'js\\\\\\', new Date());\n  gtag(\\\\\\'config\\\\\\', \\\\\\'G-EFE91RJVSQ\\\\\\');\n<\/script><script type=\"text\/javascript\">\n\tfunction e(e){var t=!(arguments.length>1&&void 0!==arguments[1])||arguments[1],c=document.createElement(\"script\");c.src=e,t?c.type=\"module\":(c.async=!0,c.type=\"text\/javascript\",c.setAttribute(\"nomodule\",\"\"));var n=document.getElementsByTagName(\"script\")[0];n.parentNode.insertBefore(c,n)}function t(t,c,n){var a,o,r;null!==(a=t.marfeel)&&void 0!==a||(t.marfeel={}),null!==(o=(r=t.marfeel).cmd)&&void 0!==o||(r.cmd=[]),t.marfeel.config=n,t.marfeel.config.accountId=c;var i=\"https:\/\/sdk.mrf.io\/statics\";e(\"\".concat(i,\"\/marfeel-sdk.js?id=\").concat(c),!0),e(\"\".concat(i,\"\/marfeel-sdk.es5.js?id=\").concat(c),!1)}!function(e,c){var n=arguments.length>2&&void 0!==arguments[2]?arguments[2]:{};t(e,c,n)}(window,1573,{} \/*config*\/);\n<\/script><\/span><\/p>\n<\/div>\n<p><br \/>\n<br \/><a href=\"https:\/\/www.thegatewaypundit.com\/2022\/06\/watch-fox-news-advocates-sex-change-minor-children-highlighting-parents-sexually-reassigned-5-year-old\/\">Source link <\/a><\/p>\n","protected":false},"excerpt":{"rendered":"<p>Am Freitag strahlten die traditionell konservativen Fox News im Rahmen ihrer Pride Month-Serie eine Geschichte aus, in der eine kalifornische Familie vorkam, die sich entschied, ihre damals f\u00fcnfj\u00e4hrige Tochter zu einem Jungen zu machen. Bryan LLenas von Fox News berichtete \u00fcber die Geschichte. Es zeigte den inzwischen 14-j\u00e4hrigen Ryland Whittington und seine Familie aus S\u00fcdkalifornien. [&hellip;]<\/p>\n","protected":false},"author":5,"featured_media":10552,"comment_status":"open","ping_status":"open","sticky":false,"template":"","format":"standard","meta":{"wp_automatic_camp":["1161"],"732c2f287d1bd086fd0f05758b4a60eb":["UHR: Fox News pl\u00e4diert f\u00fcr eine Geschlechtsumwandlung bei minderj\u00e4hrigen Kindern und hebt Eltern hervor, die ihre 5-J\u00e4hrige sexuell neu zugeordnet haben\n"],"original_link":["https:\/\/www.thegatewaypundit.com\/2022\/06\/watch-fox-news-advocates-sex-change-minor-children-highlighting-parents-sexually-reassigned-5-year-old\/"],"_thumbnail_id":["10552"],"wp_automatic_remove_first_image":["yes"],"jnews_social_counter_last_update":["1777558568"]},"categories":[25],"tags":[24065,363,45,275,16254,4144,221,24063,771,21299,24064,1908,5083,13332,2392,96,24062,24066,7682,140,24067],"yoast_head":"<!-- This site is optimized with the Yoast SEO Premium plugin v22.7 (Yoast SEO v22.7) - https:\/\/yoast.com\/wordpress\/plugins\/seo\/ -->\n<title>UHR: Fox News pl\u00e4diert f\u00fcr eine Geschlechtsumwandlung bei minderj\u00e4hrigen Kindern und hebt Eltern hervor, die ihre 5-J\u00e4hrige sexuell neu zugeordnet haben - just-now.NEWS Deutschland<\/title>\n<meta name=\"robots\" content=\"index, follow, max-snippet:-1, max-image-preview:large, max-video-preview:-1\" \/>\n<link rel=\"canonical\" href=\"https:\/\/now-news.de\/de\/usa\/uhr-fox-news-plaediert-fuer-eine-geschlechtsumwandlung-bei-minderjaehrigen-kindern-und-hebt-eltern-hervor-die-ihre-5-jaehrige-sexuell-neu-zugeordnet-haben\/\" \/>\n<meta property=\"og:locale\" content=\"de_DE\" \/>\n<meta property=\"og:type\" content=\"article\" \/>\n<meta property=\"og:title\" content=\"UHR: Fox News pl\u00e4diert f\u00fcr eine Geschlechtsumwandlung bei minderj\u00e4hrigen Kindern und hebt Eltern hervor, die ihre 5-J\u00e4hrige sexuell neu zugeordnet haben\" \/>\n<meta property=\"og:description\" content=\"Am Freitag strahlten die traditionell konservativen Fox News im Rahmen ihrer Pride Month-Serie eine Geschichte aus, in der eine kalifornische Familie vorkam, die sich entschied, ihre damals f\u00fcnfj\u00e4hrige Tochter zu einem Jungen zu machen. Bryan LLenas von Fox News berichtete \u00fcber die Geschichte. Es zeigte den inzwischen 14-j\u00e4hrigen Ryland Whittington und seine Familie aus S\u00fcdkalifornien. [&hellip;]\" \/>\n<meta property=\"og:url\" content=\"https:\/\/now-news.de\/de\/usa\/uhr-fox-news-plaediert-fuer-eine-geschlechtsumwandlung-bei-minderjaehrigen-kindern-und-hebt-eltern-hervor-die-ihre-5-jaehrige-sexuell-neu-zugeordnet-haben\/\" \/>\n<meta property=\"og:site_name\" content=\"just-now.NEWS Deutschland\" \/>\n<meta property=\"article:publisher\" content=\"https:\/\/www.facebook.com\/wirmachenauf\" \/>\n<meta property=\"article:published_time\" content=\"2022-06-11T14:00:00+00:00\" \/>\n<meta property=\"og:image\" content=\"https:\/\/now-news.de\/de\/wp-content\/uploads\/sites\/3\/2022\/06\/UHR-Fox-News-plaediert-fuer-eine-Geschlechtsumwandlung-bei-minderjaehrigen-Kindern.jpg\" \/>\n\t<meta property=\"og:image:width\" content=\"880\" \/>\n\t<meta property=\"og:image:height\" content=\"495\" \/>\n\t<meta property=\"og:image:type\" content=\"image\/jpeg\" \/>\n<meta name=\"author\" content=\"greatreset\" \/>\n<meta name=\"twitter:card\" content=\"summary_large_image\" \/>\n<meta name=\"twitter:creator\" content=\"@WirMachenAuf_de\" \/>\n<meta name=\"twitter:site\" content=\"@WirMachenAuf_de\" \/>\n<meta name=\"twitter:label1\" content=\"Verfasst von\" \/>\n\t<meta name=\"twitter:data1\" content=\"greatreset\" \/>\n\t<meta name=\"twitter:label2\" content=\"Gesch\u00e4tzte Lesezeit\" \/>\n\t<meta name=\"twitter:data2\" content=\"4\u00a0Minuten\" \/>\n<script type=\"application\/ld+json\" class=\"yoast-schema-graph\">{\"@context\":\"https:\/\/schema.org\",\"@graph\":[{\"@type\":\"Article\",\"@id\":\"https:\/\/now-news.de\/de\/usa\/uhr-fox-news-plaediert-fuer-eine-geschlechtsumwandlung-bei-minderjaehrigen-kindern-und-hebt-eltern-hervor-die-ihre-5-jaehrige-sexuell-neu-zugeordnet-haben\/#article\",\"isPartOf\":{\"@id\":\"https:\/\/now-news.de\/de\/usa\/uhr-fox-news-plaediert-fuer-eine-geschlechtsumwandlung-bei-minderjaehrigen-kindern-und-hebt-eltern-hervor-die-ihre-5-jaehrige-sexuell-neu-zugeordnet-haben\/\"},\"author\":{\"name\":\"greatreset\",\"@id\":\"https:\/\/now-news.de\/de\/#\/schema\/person\/8afb4cd92b68572db7902c13a349ffcb\"},\"headline\":\"UHR: Fox News pl\u00e4diert f\u00fcr eine Geschlechtsumwandlung bei minderj\u00e4hrigen Kindern und hebt Eltern hervor, die ihre 5-J\u00e4hrige sexuell neu zugeordnet haben\",\"datePublished\":\"2022-06-11T14:00:00+00:00\",\"dateModified\":\"2022-06-11T14:00:00+00:00\",\"mainEntityOfPage\":{\"@id\":\"https:\/\/now-news.de\/de\/usa\/uhr-fox-news-plaediert-fuer-eine-geschlechtsumwandlung-bei-minderjaehrigen-kindern-und-hebt-eltern-hervor-die-ihre-5-jaehrige-sexuell-neu-zugeordnet-haben\/\"},\"wordCount\":734,\"commentCount\":0,\"publisher\":{\"@id\":\"https:\/\/now-news.de\/de\/#organization\"},\"image\":{\"@id\":\"https:\/\/now-news.de\/de\/usa\/uhr-fox-news-plaediert-fuer-eine-geschlechtsumwandlung-bei-minderjaehrigen-kindern-und-hebt-eltern-hervor-die-ihre-5-jaehrige-sexuell-neu-zugeordnet-haben\/#primaryimage\"},\"thumbnailUrl\":\"https:\/\/now-news.de\/de\/wp-content\/uploads\/sites\/3\/2022\/06\/UHR-Fox-News-plaediert-fuer-eine-Geschlechtsumwandlung-bei-minderjaehrigen-Kindern.jpg\",\"keywords\":[\"5J\u00e4hrige\",\"bei\",\"die\",\"eine\",\"Eltern\",\"FOX\",\"f\u00fcr\",\"Geschlechtsumwandlung\",\"haben\",\"hebt\",\"hervor\",\"ihre\",\"Kindern\",\"minderj\u00e4hrigen\",\"neu\",\"news\",\"pl\u00e4diert\",\"sexuell\",\"UHR\",\"und\",\"zugeordnet\"],\"articleSection\":[\"USA\"],\"inLanguage\":\"de\",\"potentialAction\":[{\"@type\":\"CommentAction\",\"name\":\"Comment\",\"target\":[\"https:\/\/now-news.de\/de\/usa\/uhr-fox-news-plaediert-fuer-eine-geschlechtsumwandlung-bei-minderjaehrigen-kindern-und-hebt-eltern-hervor-die-ihre-5-jaehrige-sexuell-neu-zugeordnet-haben\/#respond\"]}]},{\"@type\":\"WebPage\",\"@id\":\"https:\/\/now-news.de\/de\/usa\/uhr-fox-news-plaediert-fuer-eine-geschlechtsumwandlung-bei-minderjaehrigen-kindern-und-hebt-eltern-hervor-die-ihre-5-jaehrige-sexuell-neu-zugeordnet-haben\/\",\"url\":\"https:\/\/now-news.de\/de\/usa\/uhr-fox-news-plaediert-fuer-eine-geschlechtsumwandlung-bei-minderjaehrigen-kindern-und-hebt-eltern-hervor-die-ihre-5-jaehrige-sexuell-neu-zugeordnet-haben\/\",\"name\":\"UHR: Fox News pl\u00e4diert f\u00fcr eine Geschlechtsumwandlung bei minderj\u00e4hrigen Kindern und hebt Eltern hervor, die ihre 5-J\u00e4hrige sexuell neu zugeordnet haben - just-now.NEWS Deutschland\",\"isPartOf\":{\"@id\":\"https:\/\/now-news.de\/de\/#website\"},\"primaryImageOfPage\":{\"@id\":\"https:\/\/now-news.de\/de\/usa\/uhr-fox-news-plaediert-fuer-eine-geschlechtsumwandlung-bei-minderjaehrigen-kindern-und-hebt-eltern-hervor-die-ihre-5-jaehrige-sexuell-neu-zugeordnet-haben\/#primaryimage\"},\"image\":{\"@id\":\"https:\/\/now-news.de\/de\/usa\/uhr-fox-news-plaediert-fuer-eine-geschlechtsumwandlung-bei-minderjaehrigen-kindern-und-hebt-eltern-hervor-die-ihre-5-jaehrige-sexuell-neu-zugeordnet-haben\/#primaryimage\"},\"thumbnailUrl\":\"https:\/\/now-news.de\/de\/wp-content\/uploads\/sites\/3\/2022\/06\/UHR-Fox-News-plaediert-fuer-eine-Geschlechtsumwandlung-bei-minderjaehrigen-Kindern.jpg\",\"datePublished\":\"2022-06-11T14:00:00+00:00\",\"dateModified\":\"2022-06-11T14:00:00+00:00\",\"breadcrumb\":{\"@id\":\"https:\/\/now-news.de\/de\/usa\/uhr-fox-news-plaediert-fuer-eine-geschlechtsumwandlung-bei-minderjaehrigen-kindern-und-hebt-eltern-hervor-die-ihre-5-jaehrige-sexuell-neu-zugeordnet-haben\/#breadcrumb\"},\"inLanguage\":\"de\",\"potentialAction\":[{\"@type\":\"ReadAction\",\"target\":[\"https:\/\/now-news.de\/de\/usa\/uhr-fox-news-plaediert-fuer-eine-geschlechtsumwandlung-bei-minderjaehrigen-kindern-und-hebt-eltern-hervor-die-ihre-5-jaehrige-sexuell-neu-zugeordnet-haben\/\"]}]},{\"@type\":\"ImageObject\",\"inLanguage\":\"de\",\"@id\":\"https:\/\/now-news.de\/de\/usa\/uhr-fox-news-plaediert-fuer-eine-geschlechtsumwandlung-bei-minderjaehrigen-kindern-und-hebt-eltern-hervor-die-ihre-5-jaehrige-sexuell-neu-zugeordnet-haben\/#primaryimage\",\"url\":\"https:\/\/now-news.de\/de\/wp-content\/uploads\/sites\/3\/2022\/06\/UHR-Fox-News-plaediert-fuer-eine-Geschlechtsumwandlung-bei-minderjaehrigen-Kindern.jpg\",\"contentUrl\":\"https:\/\/now-news.de\/de\/wp-content\/uploads\/sites\/3\/2022\/06\/UHR-Fox-News-plaediert-fuer-eine-Geschlechtsumwandlung-bei-minderjaehrigen-Kindern.jpg\",\"width\":880,\"height\":495},{\"@type\":\"BreadcrumbList\",\"@id\":\"https:\/\/now-news.de\/de\/usa\/uhr-fox-news-plaediert-fuer-eine-geschlechtsumwandlung-bei-minderjaehrigen-kindern-und-hebt-eltern-hervor-die-ihre-5-jaehrige-sexuell-neu-zugeordnet-haben\/#breadcrumb\",\"itemListElement\":[{\"@type\":\"ListItem\",\"position\":1,\"name\":\"Home\",\"item\":\"https:\/\/now-news.de\/de\/\"},{\"@type\":\"ListItem\",\"position\":2,\"name\":\"UHR: Fox News pl\u00e4diert f\u00fcr eine Geschlechtsumwandlung bei minderj\u00e4hrigen Kindern und hebt Eltern hervor, die ihre 5-J\u00e4hrige sexuell neu zugeordnet haben\"}]},{\"@type\":\"WebSite\",\"@id\":\"https:\/\/now-news.de\/de\/#website\",\"url\":\"https:\/\/now-news.de\/de\/\",\"name\":\"just-now.NEWS Deutschland\",\"description\":\"Das Portal f\u00fcr unzensierte Nachrichten aus der Welt\",\"publisher\":{\"@id\":\"https:\/\/now-news.de\/de\/#organization\"},\"potentialAction\":[{\"@type\":\"SearchAction\",\"target\":{\"@type\":\"EntryPoint\",\"urlTemplate\":\"https:\/\/now-news.de\/de\/?s={search_term_string}\"},\"query-input\":\"required name=search_term_string\"}],\"inLanguage\":\"de\"},{\"@type\":\"Organization\",\"@id\":\"https:\/\/now-news.de\/de\/#organization\",\"name\":\"Just Now News\",\"url\":\"https:\/\/now-news.de\/de\/\",\"logo\":{\"@type\":\"ImageObject\",\"inLanguage\":\"de\",\"@id\":\"https:\/\/now-news.de\/de\/#\/schema\/logo\/image\/\",\"url\":\"http:\/\/just-now.news\/de\/wp-content\/uploads\/sites\/3\/2022\/04\/logo500x500.jpg\",\"contentUrl\":\"http:\/\/just-now.news\/de\/wp-content\/uploads\/sites\/3\/2022\/04\/logo500x500.jpg\",\"width\":500,\"height\":500,\"caption\":\"Just Now News\"},\"image\":{\"@id\":\"https:\/\/now-news.de\/de\/#\/schema\/logo\/image\/\"},\"sameAs\":[\"https:\/\/www.facebook.com\/wirmachenauf\",\"https:\/\/x.com\/WirMachenAuf_de\"]},{\"@type\":\"Person\",\"@id\":\"https:\/\/now-news.de\/de\/#\/schema\/person\/8afb4cd92b68572db7902c13a349ffcb\",\"name\":\"greatreset\",\"image\":{\"@type\":\"ImageObject\",\"inLanguage\":\"de\",\"@id\":\"https:\/\/now-news.de\/de\/#\/schema\/person\/image\/\",\"url\":\"https:\/\/secure.gravatar.com\/avatar\/a088df625d49991c090e78c8b9542592?s=96&d=mm&r=g\",\"contentUrl\":\"https:\/\/secure.gravatar.com\/avatar\/a088df625d49991c090e78c8b9542592?s=96&d=mm&r=g\",\"caption\":\"greatreset\"},\"url\":\"https:\/\/now-news.de\/de\/author\/greatreset\/\"}]}<\/script>\n<!-- \/ Yoast SEO Premium plugin. -->","yoast_head_json":{"title":"UHR: Fox News pl\u00e4diert f\u00fcr eine Geschlechtsumwandlung bei minderj\u00e4hrigen Kindern und hebt Eltern hervor, die ihre 5-J\u00e4hrige sexuell neu zugeordnet haben - just-now.NEWS Deutschland","robots":{"index":"index","follow":"follow","max-snippet":"max-snippet:-1","max-image-preview":"max-image-preview:large","max-video-preview":"max-video-preview:-1"},"canonical":"https:\/\/now-news.de\/de\/usa\/uhr-fox-news-plaediert-fuer-eine-geschlechtsumwandlung-bei-minderjaehrigen-kindern-und-hebt-eltern-hervor-die-ihre-5-jaehrige-sexuell-neu-zugeordnet-haben\/","og_locale":"de_DE","og_type":"article","og_title":"UHR: Fox News pl\u00e4diert f\u00fcr eine Geschlechtsumwandlung bei minderj\u00e4hrigen Kindern und hebt Eltern hervor, die ihre 5-J\u00e4hrige sexuell neu zugeordnet haben","og_description":"Am Freitag strahlten die traditionell konservativen Fox News im Rahmen ihrer Pride Month-Serie eine Geschichte aus, in der eine kalifornische Familie vorkam, die sich entschied, ihre damals f\u00fcnfj\u00e4hrige Tochter zu einem Jungen zu machen. Bryan LLenas von Fox News berichtete \u00fcber die Geschichte. Es zeigte den inzwischen 14-j\u00e4hrigen Ryland Whittington und seine Familie aus S\u00fcdkalifornien. [&hellip;]","og_url":"https:\/\/now-news.de\/de\/usa\/uhr-fox-news-plaediert-fuer-eine-geschlechtsumwandlung-bei-minderjaehrigen-kindern-und-hebt-eltern-hervor-die-ihre-5-jaehrige-sexuell-neu-zugeordnet-haben\/","og_site_name":"just-now.NEWS Deutschland","article_publisher":"https:\/\/www.facebook.com\/wirmachenauf","article_published_time":"2022-06-11T14:00:00+00:00","og_image":[{"width":880,"height":495,"url":"https:\/\/now-news.de\/de\/wp-content\/uploads\/sites\/3\/2022\/06\/UHR-Fox-News-plaediert-fuer-eine-Geschlechtsumwandlung-bei-minderjaehrigen-Kindern.jpg","type":"image\/jpeg"}],"author":"greatreset","twitter_card":"summary_large_image","twitter_creator":"@WirMachenAuf_de","twitter_site":"@WirMachenAuf_de","twitter_misc":{"Verfasst von":"greatreset","Gesch\u00e4tzte Lesezeit":"4\u00a0Minuten"},"schema":{"@context":"https:\/\/schema.org","@graph":[{"@type":"Article","@id":"https:\/\/now-news.de\/de\/usa\/uhr-fox-news-plaediert-fuer-eine-geschlechtsumwandlung-bei-minderjaehrigen-kindern-und-hebt-eltern-hervor-die-ihre-5-jaehrige-sexuell-neu-zugeordnet-haben\/#article","isPartOf":{"@id":"https:\/\/now-news.de\/de\/usa\/uhr-fox-news-plaediert-fuer-eine-geschlechtsumwandlung-bei-minderjaehrigen-kindern-und-hebt-eltern-hervor-die-ihre-5-jaehrige-sexuell-neu-zugeordnet-haben\/"},"author":{"name":"greatreset","@id":"https:\/\/now-news.de\/de\/#\/schema\/person\/8afb4cd92b68572db7902c13a349ffcb"},"headline":"UHR: Fox News pl\u00e4diert f\u00fcr eine Geschlechtsumwandlung bei minderj\u00e4hrigen Kindern und hebt Eltern hervor, die ihre 5-J\u00e4hrige sexuell neu zugeordnet haben","datePublished":"2022-06-11T14:00:00+00:00","dateModified":"2022-06-11T14:00:00+00:00","mainEntityOfPage":{"@id":"https:\/\/now-news.de\/de\/usa\/uhr-fox-news-plaediert-fuer-eine-geschlechtsumwandlung-bei-minderjaehrigen-kindern-und-hebt-eltern-hervor-die-ihre-5-jaehrige-sexuell-neu-zugeordnet-haben\/"},"wordCount":734,"commentCount":0,"publisher":{"@id":"https:\/\/now-news.de\/de\/#organization"},"image":{"@id":"https:\/\/now-news.de\/de\/usa\/uhr-fox-news-plaediert-fuer-eine-geschlechtsumwandlung-bei-minderjaehrigen-kindern-und-hebt-eltern-hervor-die-ihre-5-jaehrige-sexuell-neu-zugeordnet-haben\/#primaryimage"},"thumbnailUrl":"https:\/\/now-news.de\/de\/wp-content\/uploads\/sites\/3\/2022\/06\/UHR-Fox-News-plaediert-fuer-eine-Geschlechtsumwandlung-bei-minderjaehrigen-Kindern.jpg","keywords":["5J\u00e4hrige","bei","die","eine","Eltern","FOX","f\u00fcr","Geschlechtsumwandlung","haben","hebt","hervor","ihre","Kindern","minderj\u00e4hrigen","neu","news","pl\u00e4diert","sexuell","UHR","und","zugeordnet"],"articleSection":["USA"],"inLanguage":"de","potentialAction":[{"@type":"CommentAction","name":"Comment","target":["https:\/\/now-news.de\/de\/usa\/uhr-fox-news-plaediert-fuer-eine-geschlechtsumwandlung-bei-minderjaehrigen-kindern-und-hebt-eltern-hervor-die-ihre-5-jaehrige-sexuell-neu-zugeordnet-haben\/#respond"]}]},{"@type":"WebPage","@id":"https:\/\/now-news.de\/de\/usa\/uhr-fox-news-plaediert-fuer-eine-geschlechtsumwandlung-bei-minderjaehrigen-kindern-und-hebt-eltern-hervor-die-ihre-5-jaehrige-sexuell-neu-zugeordnet-haben\/","url":"https:\/\/now-news.de\/de\/usa\/uhr-fox-news-plaediert-fuer-eine-geschlechtsumwandlung-bei-minderjaehrigen-kindern-und-hebt-eltern-hervor-die-ihre-5-jaehrige-sexuell-neu-zugeordnet-haben\/","name":"UHR: Fox News pl\u00e4diert f\u00fcr eine Geschlechtsumwandlung bei minderj\u00e4hrigen Kindern und hebt Eltern hervor, die ihre 5-J\u00e4hrige sexuell neu zugeordnet haben - just-now.NEWS Deutschland","isPartOf":{"@id":"https:\/\/now-news.de\/de\/#website"},"primaryImageOfPage":{"@id":"https:\/\/now-news.de\/de\/usa\/uhr-fox-news-plaediert-fuer-eine-geschlechtsumwandlung-bei-minderjaehrigen-kindern-und-hebt-eltern-hervor-die-ihre-5-jaehrige-sexuell-neu-zugeordnet-haben\/#primaryimage"},"image":{"@id":"https:\/\/now-news.de\/de\/usa\/uhr-fox-news-plaediert-fuer-eine-geschlechtsumwandlung-bei-minderjaehrigen-kindern-und-hebt-eltern-hervor-die-ihre-5-jaehrige-sexuell-neu-zugeordnet-haben\/#primaryimage"},"thumbnailUrl":"https:\/\/now-news.de\/de\/wp-content\/uploads\/sites\/3\/2022\/06\/UHR-Fox-News-plaediert-fuer-eine-Geschlechtsumwandlung-bei-minderjaehrigen-Kindern.jpg","datePublished":"2022-06-11T14:00:00+00:00","dateModified":"2022-06-11T14:00:00+00:00","breadcrumb":{"@id":"https:\/\/now-news.de\/de\/usa\/uhr-fox-news-plaediert-fuer-eine-geschlechtsumwandlung-bei-minderjaehrigen-kindern-und-hebt-eltern-hervor-die-ihre-5-jaehrige-sexuell-neu-zugeordnet-haben\/#breadcrumb"},"inLanguage":"de","potentialAction":[{"@type":"ReadAction","target":["https:\/\/now-news.de\/de\/usa\/uhr-fox-news-plaediert-fuer-eine-geschlechtsumwandlung-bei-minderjaehrigen-kindern-und-hebt-eltern-hervor-die-ihre-5-jaehrige-sexuell-neu-zugeordnet-haben\/"]}]},{"@type":"ImageObject","inLanguage":"de","@id":"https:\/\/now-news.de\/de\/usa\/uhr-fox-news-plaediert-fuer-eine-geschlechtsumwandlung-bei-minderjaehrigen-kindern-und-hebt-eltern-hervor-die-ihre-5-jaehrige-sexuell-neu-zugeordnet-haben\/#primaryimage","url":"https:\/\/now-news.de\/de\/wp-content\/uploads\/sites\/3\/2022\/06\/UHR-Fox-News-plaediert-fuer-eine-Geschlechtsumwandlung-bei-minderjaehrigen-Kindern.jpg","contentUrl":"https:\/\/now-news.de\/de\/wp-content\/uploads\/sites\/3\/2022\/06\/UHR-Fox-News-plaediert-fuer-eine-Geschlechtsumwandlung-bei-minderjaehrigen-Kindern.jpg","width":880,"height":495},{"@type":"BreadcrumbList","@id":"https:\/\/now-news.de\/de\/usa\/uhr-fox-news-plaediert-fuer-eine-geschlechtsumwandlung-bei-minderjaehrigen-kindern-und-hebt-eltern-hervor-die-ihre-5-jaehrige-sexuell-neu-zugeordnet-haben\/#breadcrumb","itemListElement":[{"@type":"ListItem","position":1,"name":"Home","item":"https:\/\/now-news.de\/de\/"},{"@type":"ListItem","position":2,"name":"UHR: Fox News pl\u00e4diert f\u00fcr eine Geschlechtsumwandlung bei minderj\u00e4hrigen Kindern und hebt Eltern hervor, die ihre 5-J\u00e4hrige sexuell neu zugeordnet haben"}]},{"@type":"WebSite","@id":"https:\/\/now-news.de\/de\/#website","url":"https:\/\/now-news.de\/de\/","name":"just-now.NEWS Deutschland","description":"Das Portal f\u00fcr unzensierte Nachrichten aus der Welt","publisher":{"@id":"https:\/\/now-news.de\/de\/#organization"},"potentialAction":[{"@type":"SearchAction","target":{"@type":"EntryPoint","urlTemplate":"https:\/\/now-news.de\/de\/?s={search_term_string}"},"query-input":"required name=search_term_string"}],"inLanguage":"de"},{"@type":"Organization","@id":"https:\/\/now-news.de\/de\/#organization","name":"Just Now News","url":"https:\/\/now-news.de\/de\/","logo":{"@type":"ImageObject","inLanguage":"de","@id":"https:\/\/now-news.de\/de\/#\/schema\/logo\/image\/","url":"http:\/\/just-now.news\/de\/wp-content\/uploads\/sites\/3\/2022\/04\/logo500x500.jpg","contentUrl":"http:\/\/just-now.news\/de\/wp-content\/uploads\/sites\/3\/2022\/04\/logo500x500.jpg","width":500,"height":500,"caption":"Just Now News"},"image":{"@id":"https:\/\/now-news.de\/de\/#\/schema\/logo\/image\/"},"sameAs":["https:\/\/www.facebook.com\/wirmachenauf","https:\/\/x.com\/WirMachenAuf_de"]},{"@type":"Person","@id":"https:\/\/now-news.de\/de\/#\/schema\/person\/8afb4cd92b68572db7902c13a349ffcb","name":"greatreset","image":{"@type":"ImageObject","inLanguage":"de","@id":"https:\/\/now-news.de\/de\/#\/schema\/person\/image\/","url":"https:\/\/secure.gravatar.com\/avatar\/a088df625d49991c090e78c8b9542592?s=96&d=mm&r=g","contentUrl":"https:\/\/secure.gravatar.com\/avatar\/a088df625d49991c090e78c8b9542592?s=96&d=mm&r=g","caption":"greatreset"},"url":"https:\/\/now-news.de\/de\/author\/greatreset\/"}]}},"_links":{"self":[{"href":"https:\/\/now-news.de\/de\/wp-json\/wp\/v2\/posts\/10551"}],"collection":[{"href":"https:\/\/now-news.de\/de\/wp-json\/wp\/v2\/posts"}],"about":[{"href":"https:\/\/now-news.de\/de\/wp-json\/wp\/v2\/types\/post"}],"author":[{"embeddable":true,"href":"https:\/\/now-news.de\/de\/wp-json\/wp\/v2\/users\/5"}],"replies":[{"embeddable":true,"href":"https:\/\/now-news.de\/de\/wp-json\/wp\/v2\/comments?post=10551"}],"version-history":[{"count":0,"href":"https:\/\/now-news.de\/de\/wp-json\/wp\/v2\/posts\/10551\/revisions"}],"wp:featuredmedia":[{"embeddable":true,"href":"https:\/\/now-news.de\/de\/wp-json\/wp\/v2\/media\/10552"}],"wp:attachment":[{"href":"https:\/\/now-news.de\/de\/wp-json\/wp\/v2\/media?parent=10551"}],"wp:term":[{"taxonomy":"category","embeddable":true,"href":"https:\/\/now-news.de\/de\/wp-json\/wp\/v2\/categories?post=10551"},{"taxonomy":"post_tag","embeddable":true,"href":"https:\/\/now-news.de\/de\/wp-json\/wp\/v2\/tags?post=10551"}],"curies":[{"name":"wp","href":"https:\/\/api.w.org\/{rel}","templated":true}]}}