{"id":10538,"date":"2022-06-11T11:14:00","date_gmt":"2022-06-11T09:14:00","guid":{"rendered":"http:\/\/just-now.news\/de\/deutschland\/der-gesperrte-slawische-himmel-ohne-diplomatie-wird-es-keinen-frieden-geben\/"},"modified":"2022-06-11T11:14:00","modified_gmt":"2022-06-11T09:14:00","slug":"der-gesperrte-slawische-himmel-ohne-diplomatie-wird-es-keinen-frieden-geben","status":"publish","type":"post","link":"https:\/\/now-news.de\/de\/deutschland\/der-gesperrte-slawische-himmel-ohne-diplomatie-wird-es-keinen-frieden-geben\/","title":{"rendered":"Der gesperrte slawische Himmel \u2013 Ohne Diplomatie wird es keinen Frieden geben"},"content":{"rendered":"<p><img decoding=\"async\" src=\"http:\/\/just-now.news\/de\/wp-content\/uploads\/sites\/3\/2022\/06\/62a45cd048fbef05dd7cf3a2.jpg\" \/><\/p>\n<div class=\"Text-root Text-type_1 \">\n                Serbiens Nachbarn, die slawischen NATO-Mitglieder Nordmazedonien und Montenegro, sperrten den Himmel ihrer Staaten f\u00fcr den Flug des russischen Au\u00dfenministers Sergei Lawrow nach Serbien und verhinderten so seinen Besuch. War in Br\u00fcssel und Washington die Angst davor so gro\u00df?\n            <\/div>\n<p><\/p>\n<div class=\"Text-root Text-type_5 ArticleView-text ViewText-root \">\n<p><em>Kommentar von Kirill Benediktow<\/em><\/p>\n<p>Beginnen wir mit Geschichte. Mai bis Juni 1999. Die Bundesrepublik Jugoslawien (die zu diesem Zeitpunkt nur aus Serbien und Montenegro bestand) wird auf unmenschliche Weise von der NATO bombardiert. Unter den Bomben sterben nicht nur Soldaten der jugoslawischen Armee, <a rel=\"nofollow noopener\" target=\"_blank\" href=\"https:\/\/de.rt.com\/europa\/89106-20-jahre-nach-befreiung-des-kosovo-denkmal-albright\/\">sondern auch Zivilisten<\/a>: alte Menschen, Frauen und Kinder. <a rel=\"nofollow noopener\" target=\"_blank\" href=\"https:\/\/postconflict.unep.ch\/publications\/duserbiamont.pdf\">Munition mit abgereichertem Uran hagelt<\/a> auf das Kosovo und die Bucht von Kotor\u00a0herab. Jeden Tag \u00fcberf\u00e4llt die westliche Luftwaffe friedliche St\u00e4dte und zerschie\u00dft Br\u00fccken, Fabriken und sogar Personenz\u00fcge.<\/p>\n<p>Schlie\u00dflich kapituliert Slobodan Milo\u0161evi\u0107 vor dem Westen. Doch dann, w\u00e4hrend sich die NATO-Staaten darauf vorbereiten, wichtige St\u00e4dte im Kosovo zu besetzen, vollziehen russische Fallschirmj\u00e4ger ihren legend\u00e4ren Vorsto\u00df nach Pristina.<\/p>\n<p>Die Geschichte, wie ein Bataillon von Friedenstruppen an einem Tag von Bosnien aus die halbe Balkanhalbinsel \u00fcberquerte und\u00a0Slatina, den Flughafen von Pristina,\u00a0besetzte, den zuvor russische Spezialkr\u00e4fte unter Junus-Bek Jewkurow in einem streng geheimen Einsatz von albanischen Terroristen <a rel=\"nofollow noopener\" target=\"_blank\" href=\"https:\/\/www.vesti.ru\/article\/2222737\">befreiten<\/a>, wird in einem der besten russischen Filme der letzten Jahre erz\u00e4hlt: &#8220;<a rel=\"nofollow noopener\" target=\"_blank\" href=\"https:\/\/de.wikibrief.org\/wiki\/The_Balkan_Line\">Die Balkan-Linie<\/a>&#8221;\u00a0(\u00fcbrigens w\u00e4rmstens zu empfehlen). Au\u00dfen vor blieben jedoch die nachfolgenden dramatischen Ereignisse: Nachdem der britische Panzerkommandant General Jackson den Befehl erhalten hatte, &#8220;die Russen zu vernichten&#8221;, <a rel=\"nofollow noopener\" target=\"_blank\" href=\"http:\/\/news.bbc.co.uk\/2\/hi\/europe\/409576.stm\">antwortete<\/a> er dem Befehlshaber der NATO-Streitkr\u00e4fte in Europa US-Amerikaner Wesley Clarke:<\/p>\n<blockquote>\n<p><em>&#8220;Sir, ich werde f\u00fcr Sie nicht den Dritten Weltkrieg beginnen.&#8221;<\/em><\/p>\n<\/blockquote>\n<p><strong>Mehr zum Thema<\/strong><em>\u00a0&#8211;\u00a0<\/em><a rel=\"nofollow noopener\" target=\"_blank\" href=\"https:\/\/de.rt.com\/meinung\/140431-mehrfachraketenwerfer-fur-kiew-usa-verstossen-ungeschriebene-regeln-stellvertreterkrieg\/\">Mehrfachraketenwerfer f\u00fcr Kiew \u2013 USA versto\u00dfen gegen ungeschriebene Regeln des Stellvertreterkrieges<\/a><\/p>\n<p>Dabei hatte der russische Generalstab geplant, nach dem brillanten &#8220;Kavallerieangriff&#8221; auf den Flugplatz mindestens zwei Regimenter Luftlandetruppen und schwere gepanzerte Fahrzeuge in den Kosovo zu verlegen \u2013 damit sich die russische Pr\u00e4senz in der Region nicht auf ein von allen Seiten von \u00fcberlegenen NATO-Kr\u00e4ften umgebenes Bataillon Friedenstruppen beschr\u00e4nken w\u00fcrde. Transportflugzeuge der russischen Luftwaffe w\u00e4rmten bereits die Triebwerke auf, doch im letzten Moment musste die Operation abgesagt werden: Ungarn und Bulgarien, frischgebackene Mitglieder des Nordatlantikb\u00fcndnisses, hatten ihren Luftraum f\u00fcr die russischen Flugzeuge gesperrt.<\/p>\n<p>Schlie\u00dflich wurde die Zahl der russischen Friedenstruppen doch noch verdreifacht \u2013 aber sie waren \u00fcber die britischen, amerikanischen und franz\u00f6sischen Zust\u00e4ndigkeitsbereiche verstreut und somit nicht in der Lage, die <a rel=\"nofollow noopener\" target=\"_blank\" href=\"https:\/\/de.rt.com\/europa\/138646-serbien-und-russland-sanktionen-wilde-joker-karte-kosovo\/\">Kosovo-Serben wirksam gegen albanische Banditen und Terroristen<\/a> zu verteidigen. So halfen Ungarn und Bulgarien dem Westen, auch die \u00dcberreste des ehemaligen Jugoslawiens zu besiegen.\u00a023 Jahre sind seitdem vergangen.<\/p>\n<p>Am 5. Juni 2022 <a rel=\"nofollow noopener\" target=\"_blank\" href=\"https:\/\/de.rt.com\/europa\/140312-sacharowa-lawrows-reise-nach-serbien\/\">verweigerten<\/a> drei Balkanstaaten \u2013 Bulgarien, Nordmazedonien und <a rel=\"nofollow noopener\" target=\"_blank\" href=\"https:\/\/de.rt.com\/meinung\/140213-montenegro-us-diplomatin-auf-russophober\/\">Montenegro<\/a> \u2013 die diplomatische Freigabe f\u00fcr den Flug nach Belgrad, mit dem der russische Au\u00dfenminister Sergei Lawrow anreisen sollte, und verschlossen somit den Luftraum f\u00fcr seinen Durchflug in den binnenkontinentalen Staat Serbien. Formal wurde die Entscheidung im Einklang mit den EU-Sanktionen gegen Russland getroffen \u2013 Lawrow steht in Bulgarien auf einer Sanktionsliste. Blo\u00df sind weder Nordmazedonien noch Montenegro EU-Mitgliedstaaten: Sie <em>warten<\/em> lediglich darauf, dass Br\u00fcssel wohlgeruhe, ihren Beitrittsantrag \u00fcberhaupt zu <em>pr\u00fcfen <\/em>\u2013 und selbst der herbeigesehnte Tag dieser Pr\u00fcfung r\u00fcckt zusehends in immer weitere Ferne. Doch daf\u00fcr sind beide Balkanl\u00e4nder Mitglieder der NATO \u2013 und kaum jemand kann Zweifel daran sch\u00f6pfen, dass sie ihren Luftraum f\u00fcr das Flugzeug des russischen Chefdiplomaten auf Befehl aus dem Hauptquartier eben dieser Organisation sperrten.<\/p>\n<p>Es ist besonders besch\u00e4mend, dass sich auf dieser Liste der loyalen Vasallen des Westens auch Montenegro wiederfindet. Im Jahr 1999 war das Land Teil der Bundesrepublik Jugoslawien, und somit riskierten die russischen Friedenstruppen im Kosovo ihr Leben auch f\u00fcr Montenegro.<\/p>\n<p>Am n\u00e4chsten Tag informierte der russische Botschafter in Serbien Alexander Bozan-Chartschenko den serbischen Pr\u00e4sidenten Aleksandar Vu\u010di\u0107 offiziell \u00fcber die fehlenden Voraussetzungen f\u00fcr den Besuch von Sergei Lawrow. Als Grund gab er wahrheitsgem\u00e4\u00df die Weigerung der Regierungen Bulgariens, Nordmazedoniens und Montenegros an, der Iljuschin IL-96 des russischen Au\u00dfenministers den \u00dcberflug zu gew\u00e4hren.<\/p>\n<p>Dadurch, dass sie sich in eine solche Pose warfen, brachten Serbiens Balkan-Nachbarn auch Vu\u010di\u0107 in eine unangenehme Lage: Schlie\u00dflich war das Treffen zwischen dem serbischen &#8220;Predsednik&#8221; (also &#8220;Vorsitzender&#8221;, wie der Staatschef auf Serbisch genannt wird) und dem russischen Au\u00dfenminister im Voraus \u00f6ffentlich angek\u00fcndigt worden, und sollte die <a rel=\"nofollow noopener\" target=\"_blank\" href=\"https:\/\/de.rt.com\/opinion\/anton-latzo\/96455-russland-serbien-beziehungen-zum-gegenseitigen\/\">starken und zeitbew\u00e4hrten Beziehungen zwischen Moskau und Belgrad<\/a> noch einmal ebenso \u00f6ffentlichkeitswirksam best\u00e4tigen. Doch genau das will der Westen Serbien partout nicht gestatten: Es soll gehorsam wie ein Jungbulle am Seil den Strippenziehern in der Europ\u00e4ischen Kommission und im US-Au\u00dfenministerium folgen. Und die eklatante Demarche von Sofia, Skopje und Podgorica schr\u00e4nkt ihrem Wesen nach die Souver\u00e4nit\u00e4t Belgrads erheblich ein. Sergei Lawrow selbst kommentierte den Schritt:<\/p>\n<blockquote>\n<p><em>&#8220;Was geschehen ist, ist im Grunde genommen ein Entzug des Rechts eines souver\u00e4nen Staates, seine Au\u00dfenpolitik wirksam zu betreiben.&#8221;<\/em><\/p>\n<\/blockquote>\n<p>Auch stellt der Schritt, m\u00f6chte man betonen, verst\u00e4ndlicherweise eine unmittelbare Beleidigung des serbischen Pr\u00e4sidenten dar.<\/p>\n<p>&#8220;Ich bin nicht \u00fcberrascht&#8221;, machte Vu\u010di\u0107 gegen\u00fcber Journalisten des Fernsehsender <em>RTS<\/em>\u00a0<a rel=\"nofollow noopener\" target=\"_blank\" href=\"https:\/\/013info.rs\/vesti\/srbija\/vucic-nisam-iznenaden-otkazivanjem-posete-ovakvu-histeriju-dugo-nisam-video\">deutlich<\/a>,\u00a0&#8220;ich selbst habe ja schon vor ein paar Tagen gesagt, dass ich Komplikationen erwarte. Tag f\u00fcr Tag haben wir die Lage verfolgt \u2013 und die Versuche seitens immer mehr L\u00e4ndern beobachtet, die den \u00dcberflug des Flugzeugs des russischen Ministers verboten haben, die Flugroute zu \u00e4ndern. Nat\u00fcrlich muss ich meinen Unmut \u00fcber den Versuch, uns die Verhandlungen zu verbieten, zum Ausdruck bringen.&#8221;<\/p>\n<p>Nach Angaben des Pr\u00e4sidenten Serbiens war der vom Westen ausge\u00fcbte Druck enorm. Zahlreiche Journalisten ausl\u00e4ndischer Medien kamen eigens nach Serbien, um Bilder von Lawrow und Vu\u010di\u0107 zu schie\u00dfen und damit Beitr\u00e4ge zu untermalen, die den Besuch des russischen Ministers ausschlie\u00dflich in einem negativen Licht darstellen sollten. Vu\u010di\u0107 f\u00fcgte hinzu:<\/p>\n<blockquote>\n<p><em>&#8220;Eine solche <a rel=\"nofollow noopener\" target=\"_blank\" href=\"https:\/\/de.rt.com\/europa\/140399-lawrows-reise-nach-serbien-verhindert\/\">Hysterie<\/a> und einen solchen organisierten Angriff auf ein kleines Land wie Serbien habe ich schon lange nicht mehr gesehen. Gegen Russland k\u00f6nnen sie nichts ausrichten \u2013 also haben sie beschlossen, das kleine Serbien zu schikanieren.&#8221;<\/em><\/p>\n<\/blockquote>\n<p>Gleichzeitig betonte Vu\u010di\u0107, dass Serbien sich zwar weigere, &#8220;Teil der Meute&#8221; zu werden, die sich auf Russland st\u00fcrzt, dabei aber &#8220;die Invasion der Ukraine durch die russische Armee&#8221; verurteile.<\/p>\n<p>Nat\u00fcrlich ist Vu\u010di\u0107 nicht zu beneiden. Doch es ist auch \u00fcberhaupt sehr &#8220;schwierig, Verb\u00fcndeter eines weit entfernten Landes zu sein, wenn man von Mitgliedsstaaten eines Blocks umgeben ist, der diesem feindlich gesinnt ist&#8221;, wie der unabh\u00e4ngige serbische TV-Sender <em>N1<\/em>\u00a0<a rel=\"nofollow noopener\" target=\"_blank\" href=\"https:\/\/rs.n1info.com\/vesti\/reakcije-u-srbiji-na-otkazivanje-posete-lavrova-od-slavlja-do-stihova\/?utm_source=onesignal&amp;utm_medium=webpush&amp;utm_campaign=2022-06-06-Reakcije-u-Srbi\">formuliert<\/a>. Und zu allem \u00dcberfluss steht aktuell an der Spitze der Regierung Serbiens auch noch die westlich-globalistisch-liberal orientierte (in jedwedem Sinne) Ana Brnabi\u0107, die einem B\u00fcndnis mit Russland skeptisch gegen\u00fcbersteht. <a rel=\"nofollow noopener\" target=\"_blank\" href=\"https:\/\/www.vijesti.me\/svijet\/balkan\/607376\/brnabic-situacija-oko-dolaska-lavrova-u-beograd-izuzetno-komplikovana-logistikom-se-bavi-vucic\">Laut<\/a> Brnabi\u0107, der Hauptverfechterin einer EU-gerichteten weiteren Entwicklung Serbiens, bringe der Besuch Lawrows Serbien in eine &#8220;extrem schwierige Lage&#8221;.<\/p>\n<p>Beim Gro\u00dfteil der serbischen Landesf\u00fchrung stie\u00df solch r\u00fcpelhaftes Verhalten der Nachbarn (und gerade mit den Mazedoniern und Montenegrinern hatten die Serben ja einen gemeinsamen Staat, was auch noch gar nicht <em>so<\/em> lang her ist) jedoch auf kein Verst\u00e4ndnis.<\/p>\n<p>Der serbische Innenminister Aleksandar Vulin <a rel=\"nofollow noopener\" target=\"_blank\" href=\"https:\/\/www.novosti.rs\/vesti\/politika\/1123627\/najnovije-vesti-aleksandar-vulin-sergej-lavrov-rusija-rat-ukrajini\">erkl\u00e4rte<\/a>, er bedauert\u00a0&#8220;die Verhinderung des Besuchs eines gro\u00dfen und bew\u00e4hrten Freundes von Serbien, des russischen Au\u00dfenministers Sergei Lawrow, zutiefst. Eine Welt, in der Diplomaten keinen Frieden suchen k\u00f6nnen, ist eine Welt, in der es auch gar keinen Frieden gibt. Diejenigen, die die Ankunft von Sergei Lawrow verhindert haben, wollen keinen Frieden, sie tr\u00e4umen davon, Russland zu besiegen. Serbien ist stolz darauf, dass es nicht an der antirussischen Hysterie beteiligt ist, und die L\u00e4nder, die daran beteiligt sind, werden nun Zeit haben, sich daf\u00fcr zu sch\u00e4men&#8221;.<\/p>\n<p>Aleksandar Vulin ist in der Regierung Vu\u010di\u0107 traditionell der wichtigste Bef\u00fcrworter der Partnerschaft mit Moskau, und besonders \u00fcberraschend kam die von ihm bezogene Position daher nicht. Doch dieses Mal wurde er auch vom serbischen Verteidigungsminister Neboj\u0161a Stefanovi\u0107 unterst\u00fctzt. Dieser erkl\u00e4rte, Serbien behalte sich das Recht vor, seinen eigenen Weg zu bestimmen und unabh\u00e4ngige Entscheidungen zu treffen, die ausschlie\u00dflich im Interesse seines Volkes liegen. Propagandaangriffe gegen Serbien und Pr\u00e4sident Vu\u010di\u0107 w\u00fcrden von der Opposition im Land mit gleicher Intensit\u00e4t wie von den anderen L\u00e4ndern in der Region gef\u00fchrt, und das sei emp\u00f6rend:<\/p>\n<blockquote>\n<p><em>&#8220;Warum dies geschieht und warum sich so viel Hysterie gegen Serbien richtet, fragt nicht einmal jemand \u2013 es ist zu offensichtlich.&#8221;<\/em><\/p>\n<\/blockquote>\n<p>Denn, nun ja: Was bleibt da auch zu fragen? Schon jetzt ist klar, dass Washington und Br\u00fcssel Moskau und Belgrad entzweien m\u00f6chten \u2013 am liebsten f\u00fcr immer. Serbien ist jedoch das einzige Land, das aus dem ehemaligen Jugoslawien hervorging und das sich nicht direkt <a rel=\"nofollow noopener\" target=\"_blank\" href=\"https:\/\/rtde.site\/meinung\/127806-das-schachspiel-der-nato-und-russlands-auf-dem-balkan\/\">von der US-Botschaft und der EU-Vertretung aus verwalten<\/a> l\u00e4sst. Daher sieht sich der Westen gezwungen, andere Hebel in Bewegung setzen, um Druck auf Serbiens Landesf\u00fchrung auszu\u00fcben.<\/p>\n<p>Es kann doch kein Zufall sein, dass gerade am 6. Juni, als Vu\u010di\u0107 sich mit dem russischen Botschafter traf, unter den Mauern seiner Residenz eine sp\u00e4rlich besuchte, aber daf\u00fcr laute Protestkundgebung der Organisation &#8220;Russen, Ukrainer, Wei\u00dfrussen und Serben gemeinsam gegen den Krieg&#8221; stattfand. Am Vortag kursierte in den sozialen Netzwerken ein <a rel=\"nofollow noopener\" target=\"_blank\" href=\"https:\/\/twitter.com\/ProtivRata\/status\/1533507191109472256?ref_src=twsrc%255Etfw%257Ctwcamp%255Etweetembed%257Ctwterm%255E1533507191109472256%257Ctwgr%255E%257Ctwcon%255Es1_&amp;ref_url=https:\/\/www.novosti.rs\/vesti\/politika\/1123474\/nato-ispred-predsednistva-organizuje-proteste-protiv-vucica-lavrova\">Aufruf<\/a> der &#8220;Friedensfreunde&#8221;, Vu\u010di\u0107 und Bozan-Chartschenko doch einmal pers\u00f6nlich mitzuteilen, &#8220;was man von ihnen und auch von dem besch\u00e4menden Versuch der serbischen Regierung, den Au\u00dfenminister des Aggressorstaates zu empfangen, h\u00e4lt&#8221;.<\/p>\n<p>Zur Residenz fanden sich ein &#8230; na, so an die sieben oder acht Personen. Darunter war etwa der aus Moskau geflohene Nawalny-J\u00fcnger Nikitin. Eine wahrhaft komische Figur, die keinen antirussischen Hexensabbat ausl\u00e4sst und es <a rel=\"nofollow noopener\" target=\"_blank\" href=\"https:\/\/t.me\/orly_rs\/736\">vorzieht<\/a>, den eigenen Vornamen Pjotr als Peter anzugeben\u00a0\u2013 fast wie nach Majakowski:<\/p>\n<blockquote>\n<p><em>&#8220;Er war der Monteurgesell Hans. <\/em><\/p>\n<p><em>Doch wie ein Pariser Gourmand <\/em><\/p>\n<p><em>benamst er sich voll Eleganz:<\/em><\/p>\n<p><em> &#8216;Elektrotechniker Jean&#8217;.&#8221;<\/em><\/p>\n<\/blockquote>\n<p>Dabei war auch der montenegrinische Anwalt \u010cedomir Stojkovi\u0107, der ehrlich seinen Lohn von der USAID abarbeitete. Die Zahl der Polizisten, die diese &#8220;Friedensaktivisten&#8221; bewachten, war um ein Vielfaches h\u00f6her als ihre eigene \u2013 denn die Passanten h\u00e4tten ihnen auch versehentlich ein paar Schellen verpassen k\u00f6nnen. Die serbischen Medien <a rel=\"nofollow noopener\" target=\"_blank\" href=\"https:\/\/informer.rs\/vesti\/politika\/709628\/nato-aleksandar-vucic-protesti\">schreiben<\/a> geradeaus, dass hinter &#8220;pro-ukrainischen Organisationen in Serbien bestimmte westliche Botschaften und NATO-Strukturen&#8221; stehen.<\/p>\n<p><strong>Mehr zum Thema<\/strong>\u00a0&#8211;\u00a0<a rel=\"nofollow noopener\" target=\"_blank\" href=\"https:\/\/de.rt.com\/meinung\/140493-ende-des-spiels-auf-nur-tor\/\">Das Ende des Spiels auf nur ein Tor: Russland beendet kulturelle Zusammenarbeit mit den USA<\/a><\/p>\n<p>Nat\u00fcrlich werden Sie in der westlichen Presse nicht lesen k\u00f6nnen, dass sich zu jener &#8220;Protestkundgebung&#8221; nicht einmal zehn Personen bequemten, und auch nicht, dass diejenigen, die kamen, gro\u00dfz\u00fcgige F\u00f6rderungsgelder von ihren Betreuern in den Botschaften der USA und der EU erhielten. Der einzige serbische &#8220;Politologe&#8221;, den die westlichen Medien, vertreten von <em>Associated Press<\/em>, zum verhinderten Besuch von Sergei Lawrow in Belgrad zu befragen geruhten, war der ehemalige <em>BBC<\/em>-Korrespondent in Serbien Slobodan Stupar. Auch dies ist kaum ein Zufall \u2013 ist Stupar doch in Journalistenkreisen f\u00fcr seine extreme Katzbuckelei gegen\u00fcber dem Westen und seine Verachtung f\u00fcr die serbische Geschichte und Kultur bekannt. Da vermag auch nicht zu \u00fcberraschen, dass eine solche Figur <a rel=\"nofollow noopener\" target=\"_blank\" href=\"https:\/\/abcnews.go.com\/International\/wireStory\/russian-ministers-visit-canceled-overflight-refusal-85209218\">genau das sagte<\/a>, was die <em>AP<\/em> von ihm erwartete:<\/p>\n<blockquote>\n<p><em>&#8220;Ich glaube, dass die Russen sich selbst nach Serbien eingeladen haben. (&#8230;) Sie sind furchtbar isoliert. (&#8230;) Jetzt k\u00f6nnen sie sagen, dass Europa und die Welt nicht demokratisch sind und sogar einen einfachen \u00dcberflug verbieten.&#8221;<\/em><\/p>\n<\/blockquote>\n<p>Aber Slobodan Stupar irrt sich. Dass der Westen die eigenen, einst heiligen Gebote von Freiheit und Demokratie begraben hat, ist seit langem nichts Neues \u2013 und in diesem Sinne \u00e4ndert der Vorfall mit der Sperrung des Himmels f\u00fcr das Flugzeug des russischen Chefdiplomaten nichts Grundlegendes. Was der Vorfall jedoch wirklich eindrucksvoll vor Augen f\u00fchrt, ist die Angst der Regierungen Europas und der USA vor Moskaus durchaus friedlichen, partnerschaftlichen Aktivit\u00e4ten auf dem Balkan.<\/p>\n<p>&#8220;Wenn im Westen schon der Besuch eines Au\u00dfenministers in Serbien als eine Bedrohung von Weltma\u00dfstab empfunden wird, dann l\u00e4uft es im Westen anscheinend ganz und gar nicht mehr gut&#8221;,\u00a0<a rel=\"nofollow noopener\" target=\"_blank\" href=\"https:\/\/de.rt.com\/europa\/140353-sergei-lawrow-immer-mehr-europaeer-fragen-sich-wozu-man-aus-russland-feind-macht\/\">meinte<\/a> Sergei Lawrow mit Blick auf die Weigerung der &#8220;slawischen Br\u00fcder&#8221;, ihm einen Luftkorridor nach Belgrad zu gew\u00e4hren. Und dem l\u00e4sst sich nur schwerlich noch etwas hinzuf\u00fcgen.<\/p>\n<p><em>\u00dcbersetzt aus dem <a rel=\"nofollow noopener\" target=\"_blank\" href=\"https:\/\/russian.rt.com\/opinion\/1012242-benediktov-lavrov-incident-vizit-serbiya\">Russischen<\/a>.<\/em><\/p>\n<p><em><strong>Kirill Benediktow<\/strong>\u00a0ist Politikwissenschaftler und Autor einer Biografie von Donald Trump mit dem Titel &#8220;Der schwarze Schwan&#8221;.<\/em>\u00a0<\/p>\n<\/div>\n<p><script async src=\"https:\/\/platform.twitter.com\/widgets.js\" charset=\"utf-8\"><\/script><br \/>\n<br \/><br \/>\n<br \/><a href=\"https:\/\/de.rt.com\/meinung\/140660-gesperrter-himmel-slawen-welt-wodiplomaten-nicht-frieden-suchen-konnen-welt-ohne-frieden\/\">Source link <\/a><\/p>\n","protected":false},"excerpt":{"rendered":"<p>Serbiens Nachbarn, die slawischen NATO-Mitglieder Nordmazedonien und Montenegro, sperrten den Himmel ihrer Staaten f\u00fcr den Flug des russischen Au\u00dfenministers Sergei Lawrow nach Serbien und verhinderten so seinen Besuch. War in Br\u00fcssel und Washington die Angst davor so gro\u00df? Kommentar von Kirill Benediktow Beginnen wir mit Geschichte. Mai bis Juni 1999. Die Bundesrepublik Jugoslawien (die zu [&hellip;]<\/p>\n","protected":false},"author":3,"featured_media":10539,"comment_status":"open","ping_status":"open","sticky":false,"template":"","format":"standard","meta":{"wp_automatic_camp":["217"],"ecb435a5692f6024db692089d4390e32":["Der gesperrte slawische Himmel \u2013 Ohne Diplomatie wird es keinen Frieden geben"],"original_link":["https:\/\/de.rt.com\/meinung\/140660-gesperrter-himmel-slawen-welt-wodiplomaten-nicht-frieden-suchen-konnen-welt-ohne-frieden\/"],"_thumbnail_id":["10539"],"_wptg_p2tg_sent2tg":["2022-06-11 11:28:26"],"jnews_social_counter_last_update":["1777203119"]},"categories":[19,23],"tags":[82,16547,614,789,24045,24047,3738,779,24046,374],"yoast_head":"<!-- This site is optimized with the Yoast SEO Premium plugin v22.7 (Yoast SEO v22.7) - https:\/\/yoast.com\/wordpress\/plugins\/seo\/ -->\n<title>Der gesperrte slawische Himmel \u2013 Ohne Diplomatie wird es keinen Frieden geben - just-now.NEWS Deutschland<\/title>\n<meta name=\"robots\" content=\"index, follow, max-snippet:-1, max-image-preview:large, max-video-preview:-1\" \/>\n<link rel=\"canonical\" href=\"https:\/\/now-news.de\/de\/deutschland\/der-gesperrte-slawische-himmel-ohne-diplomatie-wird-es-keinen-frieden-geben\/\" \/>\n<meta property=\"og:locale\" content=\"de_DE\" \/>\n<meta property=\"og:type\" content=\"article\" \/>\n<meta property=\"og:title\" content=\"Der gesperrte slawische Himmel \u2013 Ohne Diplomatie wird es keinen Frieden geben\" \/>\n<meta property=\"og:description\" content=\"Serbiens Nachbarn, die slawischen NATO-Mitglieder Nordmazedonien und Montenegro, sperrten den Himmel ihrer Staaten f\u00fcr den Flug des russischen Au\u00dfenministers Sergei Lawrow nach Serbien und verhinderten so seinen Besuch. War in Br\u00fcssel und Washington die Angst davor so gro\u00df? Kommentar von Kirill Benediktow Beginnen wir mit Geschichte. Mai bis Juni 1999. Die Bundesrepublik Jugoslawien (die zu [&hellip;]\" \/>\n<meta property=\"og:url\" content=\"https:\/\/now-news.de\/de\/deutschland\/der-gesperrte-slawische-himmel-ohne-diplomatie-wird-es-keinen-frieden-geben\/\" \/>\n<meta property=\"og:site_name\" content=\"just-now.NEWS Deutschland\" \/>\n<meta property=\"article:publisher\" content=\"https:\/\/www.facebook.com\/wirmachenauf\" \/>\n<meta property=\"article:published_time\" content=\"2022-06-11T09:14:00+00:00\" \/>\n<meta property=\"og:image\" content=\"https:\/\/now-news.de\/de\/wp-content\/uploads\/sites\/3\/2022\/06\/Der-gesperrte-slawische-Himmel-\u2013-Ohne-Diplomatie-wird-es-keinen.jpg\" \/>\n\t<meta property=\"og:image:width\" content=\"460\" \/>\n\t<meta property=\"og:image:height\" content=\"259\" \/>\n\t<meta property=\"og:image:type\" content=\"image\/jpeg\" \/>\n<meta name=\"author\" content=\"rtnews\" \/>\n<meta name=\"twitter:card\" content=\"summary_large_image\" \/>\n<meta name=\"twitter:creator\" content=\"@WirMachenAuf_de\" \/>\n<meta name=\"twitter:site\" content=\"@WirMachenAuf_de\" \/>\n<meta name=\"twitter:label1\" content=\"Verfasst von\" \/>\n\t<meta name=\"twitter:data1\" content=\"rtnews\" \/>\n\t<meta name=\"twitter:label2\" content=\"Gesch\u00e4tzte Lesezeit\" \/>\n\t<meta name=\"twitter:data2\" content=\"10\u00a0Minuten\" \/>\n<script type=\"application\/ld+json\" class=\"yoast-schema-graph\">{\"@context\":\"https:\/\/schema.org\",\"@graph\":[{\"@type\":\"Article\",\"@id\":\"https:\/\/now-news.de\/de\/deutschland\/der-gesperrte-slawische-himmel-ohne-diplomatie-wird-es-keinen-frieden-geben\/#article\",\"isPartOf\":{\"@id\":\"https:\/\/now-news.de\/de\/deutschland\/der-gesperrte-slawische-himmel-ohne-diplomatie-wird-es-keinen-frieden-geben\/\"},\"author\":{\"name\":\"rtnews\",\"@id\":\"https:\/\/now-news.de\/de\/#\/schema\/person\/fb534a4e865501d8b3285208df34a9b5\"},\"headline\":\"Der gesperrte slawische Himmel \u2013 Ohne Diplomatie wird es keinen Frieden geben\",\"datePublished\":\"2022-06-11T09:14:00+00:00\",\"dateModified\":\"2022-06-11T09:14:00+00:00\",\"mainEntityOfPage\":{\"@id\":\"https:\/\/now-news.de\/de\/deutschland\/der-gesperrte-slawische-himmel-ohne-diplomatie-wird-es-keinen-frieden-geben\/\"},\"wordCount\":2032,\"commentCount\":0,\"publisher\":{\"@id\":\"https:\/\/now-news.de\/de\/#organization\"},\"image\":{\"@id\":\"https:\/\/now-news.de\/de\/deutschland\/der-gesperrte-slawische-himmel-ohne-diplomatie-wird-es-keinen-frieden-geben\/#primaryimage\"},\"thumbnailUrl\":\"https:\/\/now-news.de\/de\/wp-content\/uploads\/sites\/3\/2022\/06\/Der-gesperrte-slawische-Himmel-\u2013-Ohne-Diplomatie-wird-es-keinen.jpg\",\"keywords\":[\"der\",\"Diplomatie\",\"Frieden\",\"geben\",\"gesperrte\",\"Himmel\",\"keinen\",\"ohne\",\"slawische\",\"wird\"],\"articleSection\":[\"Deutschland\",\"Russland\"],\"inLanguage\":\"de\",\"potentialAction\":[{\"@type\":\"CommentAction\",\"name\":\"Comment\",\"target\":[\"https:\/\/now-news.de\/de\/deutschland\/der-gesperrte-slawische-himmel-ohne-diplomatie-wird-es-keinen-frieden-geben\/#respond\"]}]},{\"@type\":\"WebPage\",\"@id\":\"https:\/\/now-news.de\/de\/deutschland\/der-gesperrte-slawische-himmel-ohne-diplomatie-wird-es-keinen-frieden-geben\/\",\"url\":\"https:\/\/now-news.de\/de\/deutschland\/der-gesperrte-slawische-himmel-ohne-diplomatie-wird-es-keinen-frieden-geben\/\",\"name\":\"Der gesperrte slawische Himmel \u2013 Ohne Diplomatie wird es keinen Frieden geben - just-now.NEWS Deutschland\",\"isPartOf\":{\"@id\":\"https:\/\/now-news.de\/de\/#website\"},\"primaryImageOfPage\":{\"@id\":\"https:\/\/now-news.de\/de\/deutschland\/der-gesperrte-slawische-himmel-ohne-diplomatie-wird-es-keinen-frieden-geben\/#primaryimage\"},\"image\":{\"@id\":\"https:\/\/now-news.de\/de\/deutschland\/der-gesperrte-slawische-himmel-ohne-diplomatie-wird-es-keinen-frieden-geben\/#primaryimage\"},\"thumbnailUrl\":\"https:\/\/now-news.de\/de\/wp-content\/uploads\/sites\/3\/2022\/06\/Der-gesperrte-slawische-Himmel-\u2013-Ohne-Diplomatie-wird-es-keinen.jpg\",\"datePublished\":\"2022-06-11T09:14:00+00:00\",\"dateModified\":\"2022-06-11T09:14:00+00:00\",\"breadcrumb\":{\"@id\":\"https:\/\/now-news.de\/de\/deutschland\/der-gesperrte-slawische-himmel-ohne-diplomatie-wird-es-keinen-frieden-geben\/#breadcrumb\"},\"inLanguage\":\"de\",\"potentialAction\":[{\"@type\":\"ReadAction\",\"target\":[\"https:\/\/now-news.de\/de\/deutschland\/der-gesperrte-slawische-himmel-ohne-diplomatie-wird-es-keinen-frieden-geben\/\"]}]},{\"@type\":\"ImageObject\",\"inLanguage\":\"de\",\"@id\":\"https:\/\/now-news.de\/de\/deutschland\/der-gesperrte-slawische-himmel-ohne-diplomatie-wird-es-keinen-frieden-geben\/#primaryimage\",\"url\":\"https:\/\/now-news.de\/de\/wp-content\/uploads\/sites\/3\/2022\/06\/Der-gesperrte-slawische-Himmel-\u2013-Ohne-Diplomatie-wird-es-keinen.jpg\",\"contentUrl\":\"https:\/\/now-news.de\/de\/wp-content\/uploads\/sites\/3\/2022\/06\/Der-gesperrte-slawische-Himmel-\u2013-Ohne-Diplomatie-wird-es-keinen.jpg\",\"width\":460,\"height\":259,\"caption\":\"Der gesperrte slawische Himmel \u2013 Ohne Diplomatie wird es keinen Frieden geben\"},{\"@type\":\"BreadcrumbList\",\"@id\":\"https:\/\/now-news.de\/de\/deutschland\/der-gesperrte-slawische-himmel-ohne-diplomatie-wird-es-keinen-frieden-geben\/#breadcrumb\",\"itemListElement\":[{\"@type\":\"ListItem\",\"position\":1,\"name\":\"Home\",\"item\":\"https:\/\/now-news.de\/de\/\"},{\"@type\":\"ListItem\",\"position\":2,\"name\":\"Der gesperrte slawische Himmel \u2013 Ohne Diplomatie wird es keinen Frieden geben\"}]},{\"@type\":\"WebSite\",\"@id\":\"https:\/\/now-news.de\/de\/#website\",\"url\":\"https:\/\/now-news.de\/de\/\",\"name\":\"just-now.NEWS Deutschland\",\"description\":\"Das Portal f\u00fcr unzensierte Nachrichten aus der Welt\",\"publisher\":{\"@id\":\"https:\/\/now-news.de\/de\/#organization\"},\"potentialAction\":[{\"@type\":\"SearchAction\",\"target\":{\"@type\":\"EntryPoint\",\"urlTemplate\":\"https:\/\/now-news.de\/de\/?s={search_term_string}\"},\"query-input\":\"required name=search_term_string\"}],\"inLanguage\":\"de\"},{\"@type\":\"Organization\",\"@id\":\"https:\/\/now-news.de\/de\/#organization\",\"name\":\"Just Now News\",\"url\":\"https:\/\/now-news.de\/de\/\",\"logo\":{\"@type\":\"ImageObject\",\"inLanguage\":\"de\",\"@id\":\"https:\/\/now-news.de\/de\/#\/schema\/logo\/image\/\",\"url\":\"http:\/\/just-now.news\/de\/wp-content\/uploads\/sites\/3\/2022\/04\/logo500x500.jpg\",\"contentUrl\":\"http:\/\/just-now.news\/de\/wp-content\/uploads\/sites\/3\/2022\/04\/logo500x500.jpg\",\"width\":500,\"height\":500,\"caption\":\"Just Now News\"},\"image\":{\"@id\":\"https:\/\/now-news.de\/de\/#\/schema\/logo\/image\/\"},\"sameAs\":[\"https:\/\/www.facebook.com\/wirmachenauf\",\"https:\/\/x.com\/WirMachenAuf_de\"]},{\"@type\":\"Person\",\"@id\":\"https:\/\/now-news.de\/de\/#\/schema\/person\/fb534a4e865501d8b3285208df34a9b5\",\"name\":\"rtnews\",\"image\":{\"@type\":\"ImageObject\",\"inLanguage\":\"de\",\"@id\":\"https:\/\/now-news.de\/de\/#\/schema\/person\/image\/\",\"url\":\"https:\/\/secure.gravatar.com\/avatar\/82aafea7d8127119dd649515f56e2117?s=96&d=mm&r=g\",\"contentUrl\":\"https:\/\/secure.gravatar.com\/avatar\/82aafea7d8127119dd649515f56e2117?s=96&d=mm&r=g\",\"caption\":\"rtnews\"},\"url\":\"https:\/\/now-news.de\/de\/author\/rnews\/\"}]}<\/script>\n<!-- \/ Yoast SEO Premium plugin. -->","yoast_head_json":{"title":"Der gesperrte slawische Himmel \u2013 Ohne Diplomatie wird es keinen Frieden geben - just-now.NEWS Deutschland","robots":{"index":"index","follow":"follow","max-snippet":"max-snippet:-1","max-image-preview":"max-image-preview:large","max-video-preview":"max-video-preview:-1"},"canonical":"https:\/\/now-news.de\/de\/deutschland\/der-gesperrte-slawische-himmel-ohne-diplomatie-wird-es-keinen-frieden-geben\/","og_locale":"de_DE","og_type":"article","og_title":"Der gesperrte slawische Himmel \u2013 Ohne Diplomatie wird es keinen Frieden geben","og_description":"Serbiens Nachbarn, die slawischen NATO-Mitglieder Nordmazedonien und Montenegro, sperrten den Himmel ihrer Staaten f\u00fcr den Flug des russischen Au\u00dfenministers Sergei Lawrow nach Serbien und verhinderten so seinen Besuch. War in Br\u00fcssel und Washington die Angst davor so gro\u00df? Kommentar von Kirill Benediktow Beginnen wir mit Geschichte. Mai bis Juni 1999. Die Bundesrepublik Jugoslawien (die zu [&hellip;]","og_url":"https:\/\/now-news.de\/de\/deutschland\/der-gesperrte-slawische-himmel-ohne-diplomatie-wird-es-keinen-frieden-geben\/","og_site_name":"just-now.NEWS Deutschland","article_publisher":"https:\/\/www.facebook.com\/wirmachenauf","article_published_time":"2022-06-11T09:14:00+00:00","og_image":[{"width":460,"height":259,"url":"https:\/\/now-news.de\/de\/wp-content\/uploads\/sites\/3\/2022\/06\/Der-gesperrte-slawische-Himmel-\u2013-Ohne-Diplomatie-wird-es-keinen.jpg","type":"image\/jpeg"}],"author":"rtnews","twitter_card":"summary_large_image","twitter_creator":"@WirMachenAuf_de","twitter_site":"@WirMachenAuf_de","twitter_misc":{"Verfasst von":"rtnews","Gesch\u00e4tzte Lesezeit":"10\u00a0Minuten"},"schema":{"@context":"https:\/\/schema.org","@graph":[{"@type":"Article","@id":"https:\/\/now-news.de\/de\/deutschland\/der-gesperrte-slawische-himmel-ohne-diplomatie-wird-es-keinen-frieden-geben\/#article","isPartOf":{"@id":"https:\/\/now-news.de\/de\/deutschland\/der-gesperrte-slawische-himmel-ohne-diplomatie-wird-es-keinen-frieden-geben\/"},"author":{"name":"rtnews","@id":"https:\/\/now-news.de\/de\/#\/schema\/person\/fb534a4e865501d8b3285208df34a9b5"},"headline":"Der gesperrte slawische Himmel \u2013 Ohne Diplomatie wird es keinen Frieden geben","datePublished":"2022-06-11T09:14:00+00:00","dateModified":"2022-06-11T09:14:00+00:00","mainEntityOfPage":{"@id":"https:\/\/now-news.de\/de\/deutschland\/der-gesperrte-slawische-himmel-ohne-diplomatie-wird-es-keinen-frieden-geben\/"},"wordCount":2032,"commentCount":0,"publisher":{"@id":"https:\/\/now-news.de\/de\/#organization"},"image":{"@id":"https:\/\/now-news.de\/de\/deutschland\/der-gesperrte-slawische-himmel-ohne-diplomatie-wird-es-keinen-frieden-geben\/#primaryimage"},"thumbnailUrl":"https:\/\/now-news.de\/de\/wp-content\/uploads\/sites\/3\/2022\/06\/Der-gesperrte-slawische-Himmel-\u2013-Ohne-Diplomatie-wird-es-keinen.jpg","keywords":["der","Diplomatie","Frieden","geben","gesperrte","Himmel","keinen","ohne","slawische","wird"],"articleSection":["Deutschland","Russland"],"inLanguage":"de","potentialAction":[{"@type":"CommentAction","name":"Comment","target":["https:\/\/now-news.de\/de\/deutschland\/der-gesperrte-slawische-himmel-ohne-diplomatie-wird-es-keinen-frieden-geben\/#respond"]}]},{"@type":"WebPage","@id":"https:\/\/now-news.de\/de\/deutschland\/der-gesperrte-slawische-himmel-ohne-diplomatie-wird-es-keinen-frieden-geben\/","url":"https:\/\/now-news.de\/de\/deutschland\/der-gesperrte-slawische-himmel-ohne-diplomatie-wird-es-keinen-frieden-geben\/","name":"Der gesperrte slawische Himmel \u2013 Ohne Diplomatie wird es keinen Frieden geben - just-now.NEWS Deutschland","isPartOf":{"@id":"https:\/\/now-news.de\/de\/#website"},"primaryImageOfPage":{"@id":"https:\/\/now-news.de\/de\/deutschland\/der-gesperrte-slawische-himmel-ohne-diplomatie-wird-es-keinen-frieden-geben\/#primaryimage"},"image":{"@id":"https:\/\/now-news.de\/de\/deutschland\/der-gesperrte-slawische-himmel-ohne-diplomatie-wird-es-keinen-frieden-geben\/#primaryimage"},"thumbnailUrl":"https:\/\/now-news.de\/de\/wp-content\/uploads\/sites\/3\/2022\/06\/Der-gesperrte-slawische-Himmel-\u2013-Ohne-Diplomatie-wird-es-keinen.jpg","datePublished":"2022-06-11T09:14:00+00:00","dateModified":"2022-06-11T09:14:00+00:00","breadcrumb":{"@id":"https:\/\/now-news.de\/de\/deutschland\/der-gesperrte-slawische-himmel-ohne-diplomatie-wird-es-keinen-frieden-geben\/#breadcrumb"},"inLanguage":"de","potentialAction":[{"@type":"ReadAction","target":["https:\/\/now-news.de\/de\/deutschland\/der-gesperrte-slawische-himmel-ohne-diplomatie-wird-es-keinen-frieden-geben\/"]}]},{"@type":"ImageObject","inLanguage":"de","@id":"https:\/\/now-news.de\/de\/deutschland\/der-gesperrte-slawische-himmel-ohne-diplomatie-wird-es-keinen-frieden-geben\/#primaryimage","url":"https:\/\/now-news.de\/de\/wp-content\/uploads\/sites\/3\/2022\/06\/Der-gesperrte-slawische-Himmel-\u2013-Ohne-Diplomatie-wird-es-keinen.jpg","contentUrl":"https:\/\/now-news.de\/de\/wp-content\/uploads\/sites\/3\/2022\/06\/Der-gesperrte-slawische-Himmel-\u2013-Ohne-Diplomatie-wird-es-keinen.jpg","width":460,"height":259,"caption":"Der gesperrte slawische Himmel \u2013 Ohne Diplomatie wird es keinen Frieden geben"},{"@type":"BreadcrumbList","@id":"https:\/\/now-news.de\/de\/deutschland\/der-gesperrte-slawische-himmel-ohne-diplomatie-wird-es-keinen-frieden-geben\/#breadcrumb","itemListElement":[{"@type":"ListItem","position":1,"name":"Home","item":"https:\/\/now-news.de\/de\/"},{"@type":"ListItem","position":2,"name":"Der gesperrte slawische Himmel \u2013 Ohne Diplomatie wird es keinen Frieden geben"}]},{"@type":"WebSite","@id":"https:\/\/now-news.de\/de\/#website","url":"https:\/\/now-news.de\/de\/","name":"just-now.NEWS Deutschland","description":"Das Portal f\u00fcr unzensierte Nachrichten aus der Welt","publisher":{"@id":"https:\/\/now-news.de\/de\/#organization"},"potentialAction":[{"@type":"SearchAction","target":{"@type":"EntryPoint","urlTemplate":"https:\/\/now-news.de\/de\/?s={search_term_string}"},"query-input":"required name=search_term_string"}],"inLanguage":"de"},{"@type":"Organization","@id":"https:\/\/now-news.de\/de\/#organization","name":"Just Now News","url":"https:\/\/now-news.de\/de\/","logo":{"@type":"ImageObject","inLanguage":"de","@id":"https:\/\/now-news.de\/de\/#\/schema\/logo\/image\/","url":"http:\/\/just-now.news\/de\/wp-content\/uploads\/sites\/3\/2022\/04\/logo500x500.jpg","contentUrl":"http:\/\/just-now.news\/de\/wp-content\/uploads\/sites\/3\/2022\/04\/logo500x500.jpg","width":500,"height":500,"caption":"Just Now News"},"image":{"@id":"https:\/\/now-news.de\/de\/#\/schema\/logo\/image\/"},"sameAs":["https:\/\/www.facebook.com\/wirmachenauf","https:\/\/x.com\/WirMachenAuf_de"]},{"@type":"Person","@id":"https:\/\/now-news.de\/de\/#\/schema\/person\/fb534a4e865501d8b3285208df34a9b5","name":"rtnews","image":{"@type":"ImageObject","inLanguage":"de","@id":"https:\/\/now-news.de\/de\/#\/schema\/person\/image\/","url":"https:\/\/secure.gravatar.com\/avatar\/82aafea7d8127119dd649515f56e2117?s=96&d=mm&r=g","contentUrl":"https:\/\/secure.gravatar.com\/avatar\/82aafea7d8127119dd649515f56e2117?s=96&d=mm&r=g","caption":"rtnews"},"url":"https:\/\/now-news.de\/de\/author\/rnews\/"}]}},"_links":{"self":[{"href":"https:\/\/now-news.de\/de\/wp-json\/wp\/v2\/posts\/10538"}],"collection":[{"href":"https:\/\/now-news.de\/de\/wp-json\/wp\/v2\/posts"}],"about":[{"href":"https:\/\/now-news.de\/de\/wp-json\/wp\/v2\/types\/post"}],"author":[{"embeddable":true,"href":"https:\/\/now-news.de\/de\/wp-json\/wp\/v2\/users\/3"}],"replies":[{"embeddable":true,"href":"https:\/\/now-news.de\/de\/wp-json\/wp\/v2\/comments?post=10538"}],"version-history":[{"count":0,"href":"https:\/\/now-news.de\/de\/wp-json\/wp\/v2\/posts\/10538\/revisions"}],"wp:featuredmedia":[{"embeddable":true,"href":"https:\/\/now-news.de\/de\/wp-json\/wp\/v2\/media\/10539"}],"wp:attachment":[{"href":"https:\/\/now-news.de\/de\/wp-json\/wp\/v2\/media?parent=10538"}],"wp:term":[{"taxonomy":"category","embeddable":true,"href":"https:\/\/now-news.de\/de\/wp-json\/wp\/v2\/categories?post=10538"},{"taxonomy":"post_tag","embeddable":true,"href":"https:\/\/now-news.de\/de\/wp-json\/wp\/v2\/tags?post=10538"}],"curies":[{"name":"wp","href":"https:\/\/api.w.org\/{rel}","templated":true}]}}