{"id":10529,"date":"2022-06-11T07:08:00","date_gmt":"2022-06-11T05:08:00","guid":{"rendered":"http:\/\/just-now.news\/de\/usa\/neue-umfrage-ergab-dass-die-meisten-amerikaner-glauben-dass-die-biden-regierung-die-gaspreise-absichtlich-steigen-laesst\/"},"modified":"2022-06-11T07:08:00","modified_gmt":"2022-06-11T05:08:00","slug":"neue-umfrage-ergab-dass-die-meisten-amerikaner-glauben-dass-die-biden-regierung-die-gaspreise-absichtlich-steigen-laesst","status":"publish","type":"post","link":"https:\/\/now-news.de\/de\/usa\/neue-umfrage-ergab-dass-die-meisten-amerikaner-glauben-dass-die-biden-regierung-die-gaspreise-absichtlich-steigen-laesst\/","title":{"rendered":"Neue Umfrage ergab, dass die meisten Amerikaner glauben, dass die Biden-Regierung die Gaspreise absichtlich steigen l\u00e4sst"},"content":{"rendered":"<div class=\"entry-content\">\n<p><\/p>\n<p>F\u00fcr jeden Politiker ist das einzige, was schlimmer ist als wirtschaftlicher Schmerz f\u00fcr die Menschen, die Menschen, die glauben, dass der Schmerz absichtlich zugef\u00fcgt wird.<\/p>\n<p>Und wenn es um die Gaspreise geht, ist die Biden-Administration gerade genau dort.<\/p>\n<div id=\"IC1-ad\" class=\"sponsor IC1\">\n<p class=\"ad-notice flipboard-remove\" fl:fl-noexcerpt=\"true\">Werbung \u2013 die Geschichte geht unten weiter<\/p>\n<div id=\"IC1\">\n<script>\n\t\t\t\t\tif( FFADS.units.IC1 && FFADS.units.IC1.ad_type == 'custom' && FFADS.units.IC1.custom_ads && ! getCookie( 'ff_subbed' ) ) {\n\t\t\t\t\t\tdocument.getElementById( 'IC1' ).innerHTML = FFADS.units.IC1.custom_ads[0].code;\n\t\t\t\t\t\tif( ! FFADS.units.IC1.lazy_load ) eval( FFADS.units.IC1.custom_ads[0].rendering_script );\n\t\t\t\t\t}\n\t\t\t\t\telse if( FFADS.units.IC1 && ! getCookie( 'ff_subbed' ) ) {\n\t\t\t\t\t\tif( 'IC' != 'SB' && 'IC' != 'SA' && FFADS.use_fixed_containers ) {\n\t\t\t\t\t\t\tlet max_wh = firefly_size_list_to_max_wh( FFADS.units.IC1.sizes );\n\t\t\t\t\t\t\tlet el = document.querySelector( '#IC1' );\n\t\t\t\t\t\t\tif( 'IC' != 'SA' && FFADS.slide_pixels ) {\n\t\t\t\t\t\t\t\tmax_wh[1] += parseInt( FFADS.slide_pixels );\n\t\t\t\t\t\t\t\tel.classList.add( 'sliding' );\n\t\t\t\t\t\t\t}\n\t\t\t\t\t\t\tel.style.width = max_wh[0] + 'px';\n\t\t\t\t\t\t\tel.style.height = max_wh[1] + 'px';\n\t\t\t\t\t\t\tel.classList.add( 'fixed-size' );\n\t\t\t\t\t\t}\n\t\t\t\t\t\tgoogletag.cmd.push( function() {\n\t\t\t\t\t\t\tFFADS.debug( 'googletag.displaying IC1' );\n\t\t\t\t\t\t\tgoogletag.display( 'IC1' );\n\t\t\t\t\t\t} );\n\t\t\t\t\t}\n\t\t\t\t\telse {\n\t\t\t\t\t\tdocument.querySelector( '#IC1-ad' ).style.display = 'none';}\n\t\t\t\t<\/script><\/div>\n<\/div>\n<p>Eine neue Umfrage hat ergeben, dass die meisten Menschen glauben, dass das Biden-Team die Gaspreise absichtlich steigen l\u00e4sst, um das Land von fossilen Brennstoffen zu befreien.<\/p>\n<p>Breitbart News berichtet:<\/p>\n<p><script>\n\t\t\t\t\tif( ! getCookie( 'ff_subbed' ) ) if( typeof FFADS.replace_ict != 'undefined' ) if( FFADS.replace_ict ) eval( FFADS.replace_ict );\n\t\t\t\t<\/script><\/p>\n<blockquote>\n<p><em><strong>Umfrage: Die meisten glauben, dass der Biden-Administrator die Gaspreise steigen l\u00e4sst, um die Amerikaner von fossilen Brennstoffen abzubringen<\/strong><\/em><\/p>\n<p><em>Die meisten W\u00e4hler glauben, dass die Biden-Regierung zul\u00e4sst, dass die Gaspreise steigen, um die Amerikaner zu zwingen, weniger fossile Brennstoffe zu verbrauchen, wie eine am Freitag ver\u00f6ffentlichte Umfrage der Convention of States Action\/Trafalgar Group ergab.<\/em><\/p>\n<div id=\"IC2-ad\" class=\"sponsor IC2\">\n<p class=\"ad-notice flipboard-remove\" fl:fl-noexcerpt=\"true\">Werbung \u2013 die Geschichte geht unten weiter<\/p>\n<div id=\"IC2\">\n<script>\n\t\t\t\t\tif( FFADS.units.IC2 && FFADS.units.IC2.ad_type == 'custom' && FFADS.units.IC2.custom_ads && ! getCookie( 'ff_subbed' ) ) {\n\t\t\t\t\t\tdocument.getElementById( 'IC2' ).innerHTML = FFADS.units.IC2.custom_ads[0].code;\n\t\t\t\t\t\tif( ! FFADS.units.IC2.lazy_load ) eval( FFADS.units.IC2.custom_ads[0].rendering_script );\n\t\t\t\t\t}\n\t\t\t\t\telse if( FFADS.units.IC2 && ! getCookie( 'ff_subbed' ) ) {\n\t\t\t\t\t\tif( 'IC' != 'SB' && 'IC' != 'SA' && FFADS.use_fixed_containers ) {\n\t\t\t\t\t\t\tlet max_wh = firefly_size_list_to_max_wh( FFADS.units.IC2.sizes );\n\t\t\t\t\t\t\tlet el = document.querySelector( '#IC2' );\n\t\t\t\t\t\t\tif( 'IC' != 'SA' && FFADS.slide_pixels ) {\n\t\t\t\t\t\t\t\tmax_wh[1] += parseInt( FFADS.slide_pixels );\n\t\t\t\t\t\t\t\tel.classList.add( 'sliding' );\n\t\t\t\t\t\t\t}\n\t\t\t\t\t\t\tel.style.width = max_wh[0] + 'px';\n\t\t\t\t\t\t\tel.style.height = max_wh[1] + 'px';\n\t\t\t\t\t\t\tel.classList.add( 'fixed-size' );\n\t\t\t\t\t\t}\n\t\t\t\t\t\tgoogletag.cmd.push( function() {\n\t\t\t\t\t\t\tFFADS.debug( 'googletag.displaying IC2' );\n\t\t\t\t\t\t\tgoogletag.display( 'IC2' );\n\t\t\t\t\t\t} );\n\t\t\t\t\t}\n\t\t\t\t\telse {\n\t\t\t\t\t\tdocument.querySelector( '#IC2-ad' ).style.display = 'none';}\n\t\t\t\t<\/script><\/div>\n<\/div>\n<p><em>In der Umfrage wurde gefragt: \u201eGlauben Sie, dass die Biden-Regierung die Gaspreise absichtlich steigen l\u00e4sst, damit die Amerikaner weniger fossile Brennstoffe verbrauchen?\u201c<\/em><\/p>\n<p><em>Die meisten, 53 Prozent, sagten \u201eJa\u201c, sie glauben, dass die Biden-Regierung dies absichtlich zul\u00e4sst, um die Amerikaner zu zwingen, weniger fossile Brennstoffe zu verbrauchen.  Weitere 39,6 Prozent glauben dem jedoch nicht, und 7,4 Prozent sind unsicher.<\/em><\/p>\n<p><em>Die Meinungen sind entlang der Parteigrenzen geteilt.  \u00dcber drei Viertel der Republikaner, 77,3 Prozent und 56,5 Prozent der Unabh\u00e4ngigen glauben, dass die Biden-Regierung absichtlich zul\u00e4sst, dass die Gaspreise f\u00fcr diese Zwecke steigen.  Die meisten Demokraten, 68,7 Prozent, sind anderer Meinung und glauben nicht, dass die Regierung dies tut.<\/em><\/p>\n<p><em>Die Umfrage wurde vom 25. bis 29. Mai 2022 unter 1.091 wahrscheinlichen W\u00e4hlern f\u00fcr allgemeine Wahlen durchgef\u00fchrt und hat eine Fehlerquote von +\/- 2,9 Prozent.  Es kommt, als die Gaspreise am Freitag ein weiteres Rekordhoch brachen und laut AAA \u00fcber Nacht auf 4,986 $ sprangen.  Das spiegelt einen Anstieg um 22 Cent in der letzten Woche und einen Anstieg um 61 Cent im letzten Monat wider.<\/em><\/p>\n<\/blockquote>\n<p><strong>Vielleicht glauben die Leute das, weil Mitglieder der Biden-Administration immer wieder herauskommen und es sagen.<\/strong><\/p>\n<div id=\"IC3-ad\" class=\"sponsor IC3\">\n<p class=\"ad-notice flipboard-remove\" fl:fl-noexcerpt=\"true\">Werbung \u2013 die Geschichte geht unten weiter<\/p>\n<div id=\"IC3\">\n<script>\n\t\t\t\t\tif( FFADS.units.IC3 && FFADS.units.IC3.ad_type == 'custom' && FFADS.units.IC3.custom_ads && ! getCookie( 'ff_subbed' ) ) {\n\t\t\t\t\t\tdocument.getElementById( 'IC3' ).innerHTML = FFADS.units.IC3.custom_ads[0].code;\n\t\t\t\t\t\tif( ! FFADS.units.IC3.lazy_load ) eval( FFADS.units.IC3.custom_ads[0].rendering_script );\n\t\t\t\t\t}\n\t\t\t\t\telse if( FFADS.units.IC3 && ! getCookie( 'ff_subbed' ) ) {\n\t\t\t\t\t\tif( 'IC' != 'SB' && 'IC' != 'SA' && FFADS.use_fixed_containers ) {\n\t\t\t\t\t\t\tlet max_wh = firefly_size_list_to_max_wh( FFADS.units.IC3.sizes );\n\t\t\t\t\t\t\tlet el = document.querySelector( '#IC3' );\n\t\t\t\t\t\t\tif( 'IC' != 'SA' && FFADS.slide_pixels ) {\n\t\t\t\t\t\t\t\tmax_wh[1] += parseInt( FFADS.slide_pixels );\n\t\t\t\t\t\t\t\tel.classList.add( 'sliding' );\n\t\t\t\t\t\t\t}\n\t\t\t\t\t\t\tel.style.width = max_wh[0] + 'px';\n\t\t\t\t\t\t\tel.style.height = max_wh[1] + 'px';\n\t\t\t\t\t\t\tel.classList.add( 'fixed-size' );\n\t\t\t\t\t\t}\n\t\t\t\t\t\tgoogletag.cmd.push( function() {\n\t\t\t\t\t\t\tFFADS.debug( 'googletag.displaying IC3' );\n\t\t\t\t\t\t\tgoogletag.display( 'IC3' );\n\t\t\t\t\t\t} );\n\t\t\t\t\t}\n\t\t\t\t\telse {\n\t\t\t\t\t\tdocument.querySelector( '#IC3-ad' ).style.display = 'none';}\n\t\t\t\t<\/script><\/div>\n<\/div>\n<blockquote class=\"twitter-tweet\">\n<p lang=\"en\" dir=\"ltr\">Um den \u00dcbergang zu Elektrofahrzeugen zu unterst\u00fctzen, m\u00fcssen wir ein nationales Ladenetz aufbauen, das das Auffinden einer Ladung so einfach macht wie das Tanken an einer Tankstelle.<\/p>\n<p>\u2013 Sekret\u00e4r Pete Buttigieg (@SecretaryPete) <a rel=\"nofollow noopener\" target=\"_blank\" href=\"https:\/\/twitter.com\/SecretaryPete\/status\/1534925851904593920\">9. Juni 2022<\/a><\/p>\n<\/blockquote>\n<p> <script async src=\"https:\/\/platform.twitter.com\/widgets.js\" charset=\"utf-8\"><\/script><\/p>\n<blockquote class=\"twitter-tweet\">\n<p lang=\"en\" dir=\"ltr\">In einer Senatsanh\u00f6rung sagt Finanzministerin Biden, Janet Yellen: \u201eDas Entscheidende ist, dass wir abh\u00e4ngiger von Wind und Sonne werden.\u201c<\/p>\n<p>Eine gute Erinnerung daran, dass sie diesen \u00dcbergang GEW\u00c4HLT haben und der Schmerz der Punkt ist. <a rel=\"nofollow noopener\" target=\"_blank\" href=\"https:\/\/t.co\/klCfeRztMI\">pic.twitter.com\/klCfeRztMI<\/a><\/p>\n<p>\u2013 Matt Whitlock (@mattdizwhitlock) <a rel=\"nofollow noopener\" target=\"_blank\" href=\"https:\/\/twitter.com\/mattdizwhitlock\/status\/1534196497390227457\">7. Juni 2022<\/a><\/p>\n<\/blockquote>\n<p> <script async src=\"https:\/\/platform.twitter.com\/widgets.js\" charset=\"utf-8\"><\/script><\/p>\n<div id=\"IC4-ad\" class=\"sponsor IC4\">\n<p class=\"ad-notice flipboard-remove\" fl:fl-noexcerpt=\"true\">Werbung \u2013 die Geschichte geht unten weiter<\/p>\n<div id=\"IC4\">\n<script>\n\t\t\t\t\tif( FFADS.units.IC4 && FFADS.units.IC4.ad_type == 'custom' && FFADS.units.IC4.custom_ads && ! getCookie( 'ff_subbed' ) ) {\n\t\t\t\t\t\tdocument.getElementById( 'IC4' ).innerHTML = FFADS.units.IC4.custom_ads[0].code;\n\t\t\t\t\t\tif( ! FFADS.units.IC4.lazy_load ) eval( FFADS.units.IC4.custom_ads[0].rendering_script );\n\t\t\t\t\t}\n\t\t\t\t\telse if( FFADS.units.IC4 && ! getCookie( 'ff_subbed' ) ) {\n\t\t\t\t\t\tif( 'IC' != 'SB' && 'IC' != 'SA' && FFADS.use_fixed_containers ) {\n\t\t\t\t\t\t\tlet max_wh = firefly_size_list_to_max_wh( FFADS.units.IC4.sizes );\n\t\t\t\t\t\t\tlet el = document.querySelector( '#IC4' );\n\t\t\t\t\t\t\tif( 'IC' != 'SA' && FFADS.slide_pixels ) {\n\t\t\t\t\t\t\t\tmax_wh[1] += parseInt( FFADS.slide_pixels );\n\t\t\t\t\t\t\t\tel.classList.add( 'sliding' );\n\t\t\t\t\t\t\t}\n\t\t\t\t\t\t\tel.style.width = max_wh[0] + 'px';\n\t\t\t\t\t\t\tel.style.height = max_wh[1] + 'px';\n\t\t\t\t\t\t\tel.classList.add( 'fixed-size' );\n\t\t\t\t\t\t}\n\t\t\t\t\t\tgoogletag.cmd.push( function() {\n\t\t\t\t\t\t\tFFADS.debug( 'googletag.displaying IC4' );\n\t\t\t\t\t\t\tgoogletag.display( 'IC4' );\n\t\t\t\t\t\t} );\n\t\t\t\t\t}\n\t\t\t\t\telse {\n\t\t\t\t\t\tdocument.querySelector( '#IC4-ad' ).style.display = 'none';}\n\t\t\t\t<\/script><\/div>\n<\/div>\n<blockquote class=\"twitter-tweet\">\n<p lang=\"en\" dir=\"ltr\">Bidens Energieminister zu hohen Gaspreisen:<\/p>\n<p>\u201eWir arbeiten an einer Energiewende \u2026 Die Realit\u00e4t ist, dass wir uns etwas Zeit nehmen m\u00fcssen, um von \u00d6l und Gas wegzukommen, das ist uns bewusst.  Das ist ein \u00dcbergang.\u201c <a rel=\"nofollow noopener\" target=\"_blank\" href=\"https:\/\/t.co\/ZOCJIdZCa5\">pic.twitter.com\/ZOCJIdZCa5<\/a><\/p>\n<p>\u2014 RNC-Forschung (@RNCResearch) <a rel=\"nofollow noopener\" target=\"_blank\" href=\"https:\/\/twitter.com\/RNCResearch\/status\/1499227127043997700\">3. M\u00e4rz 2022<\/a><\/p>\n<\/blockquote>\n<p> <script async src=\"https:\/\/platform.twitter.com\/widgets.js\" charset=\"utf-8\"><\/script><\/p>\n<blockquote class=\"twitter-tweet\">\n<p lang=\"en\" dir=\"ltr\">Joe Biden: \u201eWenn es um die Gaspreise geht, machen wir einen UNGLAUBLICHEN \u00dcbergang durch\u201c <a rel=\"nofollow noopener\" target=\"_blank\" href=\"https:\/\/t.co\/8TGnc7vFa8\">pic.twitter.com\/8TGnc7vFa8<\/a><\/p>\n<p>\u2014 RNC-Forschung (@RNCResearch) <a rel=\"nofollow noopener\" target=\"_blank\" href=\"https:\/\/twitter.com\/RNCResearch\/status\/1528712761554903040\">23. Mai 2022<\/a><\/p>\n<\/blockquote>\n<p> <script async src=\"https:\/\/platform.twitter.com\/widgets.js\" charset=\"utf-8\"><\/script><\/p>\n<div id=\"REP_0-ad\" class=\"sponsor REP\">\n<p class=\"ad-notice flipboard-remove\" fl:fl-noexcerpt=\"true\">Werbung \u2013 die Geschichte geht unten weiter<\/p>\n<div id=\"REP_0\">\n<script>\n\t\t\t\t\tif( FFADS.units.IC5 && FFADS.units.IC5.ad_type == 'custom' && FFADS.units.IC5.custom_ads && ! getCookie( 'ff_subbed' ) ) {\n\t\t\t\t\t\tdocument.getElementById( 'REP_0' ).innerHTML = FFADS.units.IC5.custom_ads[0].code;\n\t\t\t\t\t\tif( ! FFADS.units.IC5.lazy_load ) eval( FFADS.units.IC5.custom_ads[0].rendering_script );\n\t\t\t\t\t}\n\t\t\t\t\telse if( FFADS.units.IC5 && ! getCookie( 'ff_subbed' ) ) {\n\t\t\t\t\t\tif( 'RE' != 'SB' && 'RE' != 'SA' && FFADS.use_fixed_containers ) {\n\t\t\t\t\t\t\tlet max_wh = firefly_size_list_to_max_wh( FFADS.units.IC5.sizes );\n\t\t\t\t\t\t\tlet el = document.querySelector( '#REP_0' );\n\t\t\t\t\t\t\tif( 'RE' != 'SA' && FFADS.slide_pixels ) {\n\t\t\t\t\t\t\t\tmax_wh[1] += parseInt( FFADS.slide_pixels );\n\t\t\t\t\t\t\t\tel.classList.add( 'sliding' );\n\t\t\t\t\t\t\t}\n\t\t\t\t\t\t\tel.style.width = max_wh[0] + 'px';\n\t\t\t\t\t\t\tel.style.height = max_wh[1] + 'px';\n\t\t\t\t\t\t\tel.classList.add( 'fixed-size' );\n\t\t\t\t\t\t}\n\t\t\t\t\t\tgoogletag.cmd.push( function() {\n\t\t\t\t\t\t\tFFADS.debug( 'googletag.displaying REP_0' );\n\t\t\t\t\t\t\tgoogletag.display( 'REP_0' );\n\t\t\t\t\t\t} );\n\t\t\t\t\t}\n\t\t\t\t\telse {\n\t\t\t\t\t\tdocument.querySelector( '#REP_0-ad' ).style.display = 'none';}\n\t\t\t\t<\/script><\/div>\n<\/div>\n<p><strong>Man kann den Leuten nicht vorwerfen, dass sie denken, es sei absichtlich, wenn Mitglieder der Biden-Administration es immer wieder laut sagen.<\/strong><\/p>\n<p>Kreuz gepostet von American Lookout.<\/p>\n<p class=\"article-ask\"><span class=\"ask\"><script>\n  if( getParameterByName( \"utm_source\" ) == \"testpage\" ) {\n    !function(e,t,a,n,g){e[n]=e[n]||[],e[n].push({\"gtm.start\":(new Date).getTime(),event:\"gtm.js\"});var m=t.getElementsByTagName(a)[0],r=t.createElement(a);r.async=!0,r.src=\"https:\/\/www.googletagmanager.com\/gtm.js?id=GTM-PL4PD49\",m.parentNode.insertBefore(r,m)}(window.parent,window.parent.document,\"script\",\"dataLayer\");\n    var iframe=window.parent.document.createElement(\"iframe\");iframe.src=\"https:\/\/www.googletagmanager.com\/ns.html?id=GTM-PL4PD49\";iframe.height=\"0\";iframe.width=\"0\";iframe.style=\"display:none;visibility:hidden\";window.parent.document.body.appendChild(iframe);\n    window.parent[\"$$mm-analytics\"] = window.parent[\"$$mm-analytics\"] || {};if (typeof window.parent[\"$$mm-analytics\"].firstEmbed === \"undefined\") {window.parent[\"$$mm-analytics\"].firstEmbed = Date.now();}\n    let as1 = document.createElement( \"script\" );\n    as1.src = \"https:\/\/bucket1.mm-syringe.com\/prod\/configs\/ee2300c8-43d2-7f0b-dac0-40aaf31c9d3d.js\";\n    document.body.appendChild( as1 );\n    let as2 = document.createElement( \"script\" );\n    as2.src = \"https:\/\/bucket1.mm-syringe.com\/prod\/injector\/injector.1.5.3.js\";\n    document.body.appendChild( as2 );\n  }\n<\/script><\/p>\n<div class=\"apester-media\" data-token=\"5f10a39f94902bc81d3d59a7\" data-context=\"true\" data-tags=\"\" data-fallback=\"true\" height=\"350\"><\/div>\n<p><script id=\"apester_script\" src=\"https:\/\/static.apester.com\/js\/sdk\/latest\/apester-sdk.js\" async><\/script><script async src=\"https:\/\/www.googletagmanager.com\/gtag\/js?id=G-EFE91RJVSQ\"><\/script><script>\n  window.dataLayer = window.dataLayer || [];\n  function gtag(){dataLayer.push(arguments);}\n  gtag(\\\\\\'js\\\\\\', new Date());\n  gtag(\\\\\\'config\\\\\\', \\\\\\'G-EFE91RJVSQ\\\\\\');\n<\/script><script type=\"text\/javascript\">\n\tfunction e(e){var t=!(arguments.length>1&&void 0!==arguments[1])||arguments[1],c=document.createElement(\"script\");c.src=e,t?c.type=\"module\":(c.async=!0,c.type=\"text\/javascript\",c.setAttribute(\"nomodule\",\"\"));var n=document.getElementsByTagName(\"script\")[0];n.parentNode.insertBefore(c,n)}function t(t,c,n){var a,o,r;null!==(a=t.marfeel)&&void 0!==a||(t.marfeel={}),null!==(o=(r=t.marfeel).cmd)&&void 0!==o||(r.cmd=[]),t.marfeel.config=n,t.marfeel.config.accountId=c;var i=\"https:\/\/sdk.mrf.io\/statics\";e(\"\".concat(i,\"\/marfeel-sdk.js?id=\").concat(c),!0),e(\"\".concat(i,\"\/marfeel-sdk.es5.js?id=\").concat(c),!1)}!function(e,c){var n=arguments.length>2&&void 0!==arguments[2]?arguments[2]:{};t(e,c,n)}(window,1573,{} \/*config*\/);\n<\/script><\/span><\/p>\n<\/div>\n<p><br \/>\n<br \/><a href=\"https:\/\/www.thegatewaypundit.com\/2022\/06\/new-poll-finds-americans-believe-biden-administration-intentionally-letting-gas-prices-rise\/\">Source link <\/a><\/p>\n","protected":false},"excerpt":{"rendered":"<p>F\u00fcr jeden Politiker ist das einzige, was schlimmer ist als wirtschaftlicher Schmerz f\u00fcr die Menschen, die Menschen, die glauben, dass der Schmerz absichtlich zugef\u00fcgt wird. Und wenn es um die Gaspreise geht, ist die Biden-Administration gerade genau dort. Werbung \u2013 die Geschichte geht unten weiter Eine neue Umfrage hat ergeben, dass die meisten Menschen glauben, [&hellip;]<\/p>\n","protected":false},"author":5,"featured_media":7482,"comment_status":"open","ping_status":"open","sticky":false,"template":"","format":"standard","meta":{"wp_automatic_camp":["1161"],"61be560295f8b84c9b0661e2984c32b2":["Neue Umfrage ergab, dass die meisten Amerikaner glauben, dass die Biden-Regierung die Gaspreise absichtlich steigen l\u00e4sst\n"],"original_link":["https:\/\/www.thegatewaypundit.com\/2022\/06\/new-poll-finds-americans-believe-biden-administration-intentionally-letting-gas-prices-rise\/"],"_thumbnail_id":["7482"],"wp_automatic_remove_first_image":["yes"],"jnews_social_counter_last_update":["1777518731"]},"categories":[25],"tags":[14063,8393,21931,42,45,19775,12968,412,1545,22491,1227,1472,1428],"yoast_head":"<!-- This site is optimized with the Yoast SEO Premium plugin v22.7 (Yoast SEO v22.7) - https:\/\/yoast.com\/wordpress\/plugins\/seo\/ -->\n<title>Neue Umfrage ergab, dass die meisten Amerikaner glauben, dass die Biden-Regierung die Gaspreise absichtlich steigen l\u00e4sst - just-now.NEWS Deutschland<\/title>\n<meta name=\"robots\" content=\"index, follow, max-snippet:-1, max-image-preview:large, max-video-preview:-1\" \/>\n<link rel=\"canonical\" href=\"https:\/\/now-news.de\/de\/usa\/neue-umfrage-ergab-dass-die-meisten-amerikaner-glauben-dass-die-biden-regierung-die-gaspreise-absichtlich-steigen-laesst\/\" \/>\n<meta property=\"og:locale\" content=\"de_DE\" \/>\n<meta property=\"og:type\" content=\"article\" \/>\n<meta property=\"og:title\" content=\"Neue Umfrage ergab, dass die meisten Amerikaner glauben, dass die Biden-Regierung die Gaspreise absichtlich steigen l\u00e4sst\" \/>\n<meta property=\"og:description\" content=\"F\u00fcr jeden Politiker ist das einzige, was schlimmer ist als wirtschaftlicher Schmerz f\u00fcr die Menschen, die Menschen, die glauben, dass der Schmerz absichtlich zugef\u00fcgt wird. Und wenn es um die Gaspreise geht, ist die Biden-Administration gerade genau dort. Werbung \u2013 die Geschichte geht unten weiter Eine neue Umfrage hat ergeben, dass die meisten Menschen glauben, [&hellip;]\" \/>\n<meta property=\"og:url\" content=\"https:\/\/now-news.de\/de\/usa\/neue-umfrage-ergab-dass-die-meisten-amerikaner-glauben-dass-die-biden-regierung-die-gaspreise-absichtlich-steigen-laesst\/\" \/>\n<meta property=\"og:site_name\" content=\"just-now.NEWS Deutschland\" \/>\n<meta property=\"article:publisher\" content=\"https:\/\/www.facebook.com\/wirmachenauf\" \/>\n<meta property=\"article:published_time\" content=\"2022-06-11T05:08:00+00:00\" \/>\n<meta property=\"og:image\" content=\"https:\/\/now-news.de\/de\/wp-content\/uploads\/sites\/3\/2022\/05\/Neue-Umfrage-ergab-dass-82-Prozent-der-wahrscheinlichen-Waehler-besorgt.jpg\" \/>\n\t<meta property=\"og:image:width\" content=\"641\" \/>\n\t<meta property=\"og:image:height\" content=\"434\" \/>\n\t<meta property=\"og:image:type\" content=\"image\/jpeg\" \/>\n<meta name=\"author\" content=\"greatreset\" \/>\n<meta name=\"twitter:card\" content=\"summary_large_image\" \/>\n<meta name=\"twitter:creator\" content=\"@WirMachenAuf_de\" \/>\n<meta name=\"twitter:site\" content=\"@WirMachenAuf_de\" \/>\n<meta name=\"twitter:label1\" content=\"Verfasst von\" \/>\n\t<meta name=\"twitter:data1\" content=\"greatreset\" \/>\n\t<meta name=\"twitter:label2\" content=\"Gesch\u00e4tzte Lesezeit\" \/>\n\t<meta name=\"twitter:data2\" content=\"3\u00a0Minuten\" \/>\n<script type=\"application\/ld+json\" class=\"yoast-schema-graph\">{\"@context\":\"https:\/\/schema.org\",\"@graph\":[{\"@type\":\"Article\",\"@id\":\"https:\/\/now-news.de\/de\/usa\/neue-umfrage-ergab-dass-die-meisten-amerikaner-glauben-dass-die-biden-regierung-die-gaspreise-absichtlich-steigen-laesst\/#article\",\"isPartOf\":{\"@id\":\"https:\/\/now-news.de\/de\/usa\/neue-umfrage-ergab-dass-die-meisten-amerikaner-glauben-dass-die-biden-regierung-die-gaspreise-absichtlich-steigen-laesst\/\"},\"author\":{\"name\":\"greatreset\",\"@id\":\"https:\/\/now-news.de\/de\/#\/schema\/person\/8afb4cd92b68572db7902c13a349ffcb\"},\"headline\":\"Neue Umfrage ergab, dass die meisten Amerikaner glauben, dass die Biden-Regierung die Gaspreise absichtlich steigen l\u00e4sst\",\"datePublished\":\"2022-06-11T05:08:00+00:00\",\"dateModified\":\"2022-06-11T05:08:00+00:00\",\"mainEntityOfPage\":{\"@id\":\"https:\/\/now-news.de\/de\/usa\/neue-umfrage-ergab-dass-die-meisten-amerikaner-glauben-dass-die-biden-regierung-die-gaspreise-absichtlich-steigen-laesst\/\"},\"wordCount\":532,\"commentCount\":0,\"publisher\":{\"@id\":\"https:\/\/now-news.de\/de\/#organization\"},\"image\":{\"@id\":\"https:\/\/now-news.de\/de\/usa\/neue-umfrage-ergab-dass-die-meisten-amerikaner-glauben-dass-die-biden-regierung-die-gaspreise-absichtlich-steigen-laesst\/#primaryimage\"},\"thumbnailUrl\":\"https:\/\/now-news.de\/de\/wp-content\/uploads\/sites\/3\/2022\/05\/Neue-Umfrage-ergab-dass-82-Prozent-der-wahrscheinlichen-Waehler-besorgt.jpg\",\"keywords\":[\"absichtlich\",\"Amerikaner\",\"BidenRegierung\",\"dass\",\"die\",\"ergab\",\"Gaspreise\",\"glauben\",\"l\u00e4sst\",\"meisten\",\"NEUE\",\"steigen\",\"Umfrage\"],\"articleSection\":[\"USA\"],\"inLanguage\":\"de\",\"potentialAction\":[{\"@type\":\"CommentAction\",\"name\":\"Comment\",\"target\":[\"https:\/\/now-news.de\/de\/usa\/neue-umfrage-ergab-dass-die-meisten-amerikaner-glauben-dass-die-biden-regierung-die-gaspreise-absichtlich-steigen-laesst\/#respond\"]}]},{\"@type\":\"WebPage\",\"@id\":\"https:\/\/now-news.de\/de\/usa\/neue-umfrage-ergab-dass-die-meisten-amerikaner-glauben-dass-die-biden-regierung-die-gaspreise-absichtlich-steigen-laesst\/\",\"url\":\"https:\/\/now-news.de\/de\/usa\/neue-umfrage-ergab-dass-die-meisten-amerikaner-glauben-dass-die-biden-regierung-die-gaspreise-absichtlich-steigen-laesst\/\",\"name\":\"Neue Umfrage ergab, dass die meisten Amerikaner glauben, dass die Biden-Regierung die Gaspreise absichtlich steigen l\u00e4sst - just-now.NEWS Deutschland\",\"isPartOf\":{\"@id\":\"https:\/\/now-news.de\/de\/#website\"},\"primaryImageOfPage\":{\"@id\":\"https:\/\/now-news.de\/de\/usa\/neue-umfrage-ergab-dass-die-meisten-amerikaner-glauben-dass-die-biden-regierung-die-gaspreise-absichtlich-steigen-laesst\/#primaryimage\"},\"image\":{\"@id\":\"https:\/\/now-news.de\/de\/usa\/neue-umfrage-ergab-dass-die-meisten-amerikaner-glauben-dass-die-biden-regierung-die-gaspreise-absichtlich-steigen-laesst\/#primaryimage\"},\"thumbnailUrl\":\"https:\/\/now-news.de\/de\/wp-content\/uploads\/sites\/3\/2022\/05\/Neue-Umfrage-ergab-dass-82-Prozent-der-wahrscheinlichen-Waehler-besorgt.jpg\",\"datePublished\":\"2022-06-11T05:08:00+00:00\",\"dateModified\":\"2022-06-11T05:08:00+00:00\",\"breadcrumb\":{\"@id\":\"https:\/\/now-news.de\/de\/usa\/neue-umfrage-ergab-dass-die-meisten-amerikaner-glauben-dass-die-biden-regierung-die-gaspreise-absichtlich-steigen-laesst\/#breadcrumb\"},\"inLanguage\":\"de\",\"potentialAction\":[{\"@type\":\"ReadAction\",\"target\":[\"https:\/\/now-news.de\/de\/usa\/neue-umfrage-ergab-dass-die-meisten-amerikaner-glauben-dass-die-biden-regierung-die-gaspreise-absichtlich-steigen-laesst\/\"]}]},{\"@type\":\"ImageObject\",\"inLanguage\":\"de\",\"@id\":\"https:\/\/now-news.de\/de\/usa\/neue-umfrage-ergab-dass-die-meisten-amerikaner-glauben-dass-die-biden-regierung-die-gaspreise-absichtlich-steigen-laesst\/#primaryimage\",\"url\":\"https:\/\/now-news.de\/de\/wp-content\/uploads\/sites\/3\/2022\/05\/Neue-Umfrage-ergab-dass-82-Prozent-der-wahrscheinlichen-Waehler-besorgt.jpg\",\"contentUrl\":\"https:\/\/now-news.de\/de\/wp-content\/uploads\/sites\/3\/2022\/05\/Neue-Umfrage-ergab-dass-82-Prozent-der-wahrscheinlichen-Waehler-besorgt.jpg\",\"width\":641,\"height\":434},{\"@type\":\"BreadcrumbList\",\"@id\":\"https:\/\/now-news.de\/de\/usa\/neue-umfrage-ergab-dass-die-meisten-amerikaner-glauben-dass-die-biden-regierung-die-gaspreise-absichtlich-steigen-laesst\/#breadcrumb\",\"itemListElement\":[{\"@type\":\"ListItem\",\"position\":1,\"name\":\"Home\",\"item\":\"https:\/\/now-news.de\/de\/\"},{\"@type\":\"ListItem\",\"position\":2,\"name\":\"Neue Umfrage ergab, dass die meisten Amerikaner glauben, dass die Biden-Regierung die Gaspreise absichtlich steigen l\u00e4sst\"}]},{\"@type\":\"WebSite\",\"@id\":\"https:\/\/now-news.de\/de\/#website\",\"url\":\"https:\/\/now-news.de\/de\/\",\"name\":\"just-now.NEWS Deutschland\",\"description\":\"Das Portal f\u00fcr unzensierte Nachrichten aus der Welt\",\"publisher\":{\"@id\":\"https:\/\/now-news.de\/de\/#organization\"},\"potentialAction\":[{\"@type\":\"SearchAction\",\"target\":{\"@type\":\"EntryPoint\",\"urlTemplate\":\"https:\/\/now-news.de\/de\/?s={search_term_string}\"},\"query-input\":\"required name=search_term_string\"}],\"inLanguage\":\"de\"},{\"@type\":\"Organization\",\"@id\":\"https:\/\/now-news.de\/de\/#organization\",\"name\":\"Just Now News\",\"url\":\"https:\/\/now-news.de\/de\/\",\"logo\":{\"@type\":\"ImageObject\",\"inLanguage\":\"de\",\"@id\":\"https:\/\/now-news.de\/de\/#\/schema\/logo\/image\/\",\"url\":\"http:\/\/just-now.news\/de\/wp-content\/uploads\/sites\/3\/2022\/04\/logo500x500.jpg\",\"contentUrl\":\"http:\/\/just-now.news\/de\/wp-content\/uploads\/sites\/3\/2022\/04\/logo500x500.jpg\",\"width\":500,\"height\":500,\"caption\":\"Just Now News\"},\"image\":{\"@id\":\"https:\/\/now-news.de\/de\/#\/schema\/logo\/image\/\"},\"sameAs\":[\"https:\/\/www.facebook.com\/wirmachenauf\",\"https:\/\/x.com\/WirMachenAuf_de\"]},{\"@type\":\"Person\",\"@id\":\"https:\/\/now-news.de\/de\/#\/schema\/person\/8afb4cd92b68572db7902c13a349ffcb\",\"name\":\"greatreset\",\"image\":{\"@type\":\"ImageObject\",\"inLanguage\":\"de\",\"@id\":\"https:\/\/now-news.de\/de\/#\/schema\/person\/image\/\",\"url\":\"https:\/\/secure.gravatar.com\/avatar\/a088df625d49991c090e78c8b9542592?s=96&d=mm&r=g\",\"contentUrl\":\"https:\/\/secure.gravatar.com\/avatar\/a088df625d49991c090e78c8b9542592?s=96&d=mm&r=g\",\"caption\":\"greatreset\"},\"url\":\"https:\/\/now-news.de\/de\/author\/greatreset\/\"}]}<\/script>\n<!-- \/ Yoast SEO Premium plugin. -->","yoast_head_json":{"title":"Neue Umfrage ergab, dass die meisten Amerikaner glauben, dass die Biden-Regierung die Gaspreise absichtlich steigen l\u00e4sst - just-now.NEWS Deutschland","robots":{"index":"index","follow":"follow","max-snippet":"max-snippet:-1","max-image-preview":"max-image-preview:large","max-video-preview":"max-video-preview:-1"},"canonical":"https:\/\/now-news.de\/de\/usa\/neue-umfrage-ergab-dass-die-meisten-amerikaner-glauben-dass-die-biden-regierung-die-gaspreise-absichtlich-steigen-laesst\/","og_locale":"de_DE","og_type":"article","og_title":"Neue Umfrage ergab, dass die meisten Amerikaner glauben, dass die Biden-Regierung die Gaspreise absichtlich steigen l\u00e4sst","og_description":"F\u00fcr jeden Politiker ist das einzige, was schlimmer ist als wirtschaftlicher Schmerz f\u00fcr die Menschen, die Menschen, die glauben, dass der Schmerz absichtlich zugef\u00fcgt wird. Und wenn es um die Gaspreise geht, ist die Biden-Administration gerade genau dort. Werbung \u2013 die Geschichte geht unten weiter Eine neue Umfrage hat ergeben, dass die meisten Menschen glauben, [&hellip;]","og_url":"https:\/\/now-news.de\/de\/usa\/neue-umfrage-ergab-dass-die-meisten-amerikaner-glauben-dass-die-biden-regierung-die-gaspreise-absichtlich-steigen-laesst\/","og_site_name":"just-now.NEWS Deutschland","article_publisher":"https:\/\/www.facebook.com\/wirmachenauf","article_published_time":"2022-06-11T05:08:00+00:00","og_image":[{"width":641,"height":434,"url":"https:\/\/now-news.de\/de\/wp-content\/uploads\/sites\/3\/2022\/05\/Neue-Umfrage-ergab-dass-82-Prozent-der-wahrscheinlichen-Waehler-besorgt.jpg","type":"image\/jpeg"}],"author":"greatreset","twitter_card":"summary_large_image","twitter_creator":"@WirMachenAuf_de","twitter_site":"@WirMachenAuf_de","twitter_misc":{"Verfasst von":"greatreset","Gesch\u00e4tzte Lesezeit":"3\u00a0Minuten"},"schema":{"@context":"https:\/\/schema.org","@graph":[{"@type":"Article","@id":"https:\/\/now-news.de\/de\/usa\/neue-umfrage-ergab-dass-die-meisten-amerikaner-glauben-dass-die-biden-regierung-die-gaspreise-absichtlich-steigen-laesst\/#article","isPartOf":{"@id":"https:\/\/now-news.de\/de\/usa\/neue-umfrage-ergab-dass-die-meisten-amerikaner-glauben-dass-die-biden-regierung-die-gaspreise-absichtlich-steigen-laesst\/"},"author":{"name":"greatreset","@id":"https:\/\/now-news.de\/de\/#\/schema\/person\/8afb4cd92b68572db7902c13a349ffcb"},"headline":"Neue Umfrage ergab, dass die meisten Amerikaner glauben, dass die Biden-Regierung die Gaspreise absichtlich steigen l\u00e4sst","datePublished":"2022-06-11T05:08:00+00:00","dateModified":"2022-06-11T05:08:00+00:00","mainEntityOfPage":{"@id":"https:\/\/now-news.de\/de\/usa\/neue-umfrage-ergab-dass-die-meisten-amerikaner-glauben-dass-die-biden-regierung-die-gaspreise-absichtlich-steigen-laesst\/"},"wordCount":532,"commentCount":0,"publisher":{"@id":"https:\/\/now-news.de\/de\/#organization"},"image":{"@id":"https:\/\/now-news.de\/de\/usa\/neue-umfrage-ergab-dass-die-meisten-amerikaner-glauben-dass-die-biden-regierung-die-gaspreise-absichtlich-steigen-laesst\/#primaryimage"},"thumbnailUrl":"https:\/\/now-news.de\/de\/wp-content\/uploads\/sites\/3\/2022\/05\/Neue-Umfrage-ergab-dass-82-Prozent-der-wahrscheinlichen-Waehler-besorgt.jpg","keywords":["absichtlich","Amerikaner","BidenRegierung","dass","die","ergab","Gaspreise","glauben","l\u00e4sst","meisten","NEUE","steigen","Umfrage"],"articleSection":["USA"],"inLanguage":"de","potentialAction":[{"@type":"CommentAction","name":"Comment","target":["https:\/\/now-news.de\/de\/usa\/neue-umfrage-ergab-dass-die-meisten-amerikaner-glauben-dass-die-biden-regierung-die-gaspreise-absichtlich-steigen-laesst\/#respond"]}]},{"@type":"WebPage","@id":"https:\/\/now-news.de\/de\/usa\/neue-umfrage-ergab-dass-die-meisten-amerikaner-glauben-dass-die-biden-regierung-die-gaspreise-absichtlich-steigen-laesst\/","url":"https:\/\/now-news.de\/de\/usa\/neue-umfrage-ergab-dass-die-meisten-amerikaner-glauben-dass-die-biden-regierung-die-gaspreise-absichtlich-steigen-laesst\/","name":"Neue Umfrage ergab, dass die meisten Amerikaner glauben, dass die Biden-Regierung die Gaspreise absichtlich steigen l\u00e4sst - just-now.NEWS Deutschland","isPartOf":{"@id":"https:\/\/now-news.de\/de\/#website"},"primaryImageOfPage":{"@id":"https:\/\/now-news.de\/de\/usa\/neue-umfrage-ergab-dass-die-meisten-amerikaner-glauben-dass-die-biden-regierung-die-gaspreise-absichtlich-steigen-laesst\/#primaryimage"},"image":{"@id":"https:\/\/now-news.de\/de\/usa\/neue-umfrage-ergab-dass-die-meisten-amerikaner-glauben-dass-die-biden-regierung-die-gaspreise-absichtlich-steigen-laesst\/#primaryimage"},"thumbnailUrl":"https:\/\/now-news.de\/de\/wp-content\/uploads\/sites\/3\/2022\/05\/Neue-Umfrage-ergab-dass-82-Prozent-der-wahrscheinlichen-Waehler-besorgt.jpg","datePublished":"2022-06-11T05:08:00+00:00","dateModified":"2022-06-11T05:08:00+00:00","breadcrumb":{"@id":"https:\/\/now-news.de\/de\/usa\/neue-umfrage-ergab-dass-die-meisten-amerikaner-glauben-dass-die-biden-regierung-die-gaspreise-absichtlich-steigen-laesst\/#breadcrumb"},"inLanguage":"de","potentialAction":[{"@type":"ReadAction","target":["https:\/\/now-news.de\/de\/usa\/neue-umfrage-ergab-dass-die-meisten-amerikaner-glauben-dass-die-biden-regierung-die-gaspreise-absichtlich-steigen-laesst\/"]}]},{"@type":"ImageObject","inLanguage":"de","@id":"https:\/\/now-news.de\/de\/usa\/neue-umfrage-ergab-dass-die-meisten-amerikaner-glauben-dass-die-biden-regierung-die-gaspreise-absichtlich-steigen-laesst\/#primaryimage","url":"https:\/\/now-news.de\/de\/wp-content\/uploads\/sites\/3\/2022\/05\/Neue-Umfrage-ergab-dass-82-Prozent-der-wahrscheinlichen-Waehler-besorgt.jpg","contentUrl":"https:\/\/now-news.de\/de\/wp-content\/uploads\/sites\/3\/2022\/05\/Neue-Umfrage-ergab-dass-82-Prozent-der-wahrscheinlichen-Waehler-besorgt.jpg","width":641,"height":434},{"@type":"BreadcrumbList","@id":"https:\/\/now-news.de\/de\/usa\/neue-umfrage-ergab-dass-die-meisten-amerikaner-glauben-dass-die-biden-regierung-die-gaspreise-absichtlich-steigen-laesst\/#breadcrumb","itemListElement":[{"@type":"ListItem","position":1,"name":"Home","item":"https:\/\/now-news.de\/de\/"},{"@type":"ListItem","position":2,"name":"Neue Umfrage ergab, dass die meisten Amerikaner glauben, dass die Biden-Regierung die Gaspreise absichtlich steigen l\u00e4sst"}]},{"@type":"WebSite","@id":"https:\/\/now-news.de\/de\/#website","url":"https:\/\/now-news.de\/de\/","name":"just-now.NEWS Deutschland","description":"Das Portal f\u00fcr unzensierte Nachrichten aus der Welt","publisher":{"@id":"https:\/\/now-news.de\/de\/#organization"},"potentialAction":[{"@type":"SearchAction","target":{"@type":"EntryPoint","urlTemplate":"https:\/\/now-news.de\/de\/?s={search_term_string}"},"query-input":"required name=search_term_string"}],"inLanguage":"de"},{"@type":"Organization","@id":"https:\/\/now-news.de\/de\/#organization","name":"Just Now News","url":"https:\/\/now-news.de\/de\/","logo":{"@type":"ImageObject","inLanguage":"de","@id":"https:\/\/now-news.de\/de\/#\/schema\/logo\/image\/","url":"http:\/\/just-now.news\/de\/wp-content\/uploads\/sites\/3\/2022\/04\/logo500x500.jpg","contentUrl":"http:\/\/just-now.news\/de\/wp-content\/uploads\/sites\/3\/2022\/04\/logo500x500.jpg","width":500,"height":500,"caption":"Just Now News"},"image":{"@id":"https:\/\/now-news.de\/de\/#\/schema\/logo\/image\/"},"sameAs":["https:\/\/www.facebook.com\/wirmachenauf","https:\/\/x.com\/WirMachenAuf_de"]},{"@type":"Person","@id":"https:\/\/now-news.de\/de\/#\/schema\/person\/8afb4cd92b68572db7902c13a349ffcb","name":"greatreset","image":{"@type":"ImageObject","inLanguage":"de","@id":"https:\/\/now-news.de\/de\/#\/schema\/person\/image\/","url":"https:\/\/secure.gravatar.com\/avatar\/a088df625d49991c090e78c8b9542592?s=96&d=mm&r=g","contentUrl":"https:\/\/secure.gravatar.com\/avatar\/a088df625d49991c090e78c8b9542592?s=96&d=mm&r=g","caption":"greatreset"},"url":"https:\/\/now-news.de\/de\/author\/greatreset\/"}]}},"_links":{"self":[{"href":"https:\/\/now-news.de\/de\/wp-json\/wp\/v2\/posts\/10529"}],"collection":[{"href":"https:\/\/now-news.de\/de\/wp-json\/wp\/v2\/posts"}],"about":[{"href":"https:\/\/now-news.de\/de\/wp-json\/wp\/v2\/types\/post"}],"author":[{"embeddable":true,"href":"https:\/\/now-news.de\/de\/wp-json\/wp\/v2\/users\/5"}],"replies":[{"embeddable":true,"href":"https:\/\/now-news.de\/de\/wp-json\/wp\/v2\/comments?post=10529"}],"version-history":[{"count":0,"href":"https:\/\/now-news.de\/de\/wp-json\/wp\/v2\/posts\/10529\/revisions"}],"wp:featuredmedia":[{"embeddable":true,"href":"https:\/\/now-news.de\/de\/wp-json\/wp\/v2\/media\/7482"}],"wp:attachment":[{"href":"https:\/\/now-news.de\/de\/wp-json\/wp\/v2\/media?parent=10529"}],"wp:term":[{"taxonomy":"category","embeddable":true,"href":"https:\/\/now-news.de\/de\/wp-json\/wp\/v2\/categories?post=10529"},{"taxonomy":"post_tag","embeddable":true,"href":"https:\/\/now-news.de\/de\/wp-json\/wp\/v2\/tags?post=10529"}],"curies":[{"name":"wp","href":"https:\/\/api.w.org\/{rel}","templated":true}]}}