{"id":10471,"date":"2022-06-10T18:50:07","date_gmt":"2022-06-10T16:50:07","guid":{"rendered":"http:\/\/just-now.news\/de\/deutschland\/altkanzler-schroeder-sieht-spd-ausschlussverfahren-gelassen\/"},"modified":"2022-06-10T18:50:07","modified_gmt":"2022-06-10T16:50:07","slug":"altkanzler-schroeder-sieht-spd-ausschlussverfahren-gelassen","status":"publish","type":"post","link":"https:\/\/now-news.de\/de\/deutschland\/altkanzler-schroeder-sieht-spd-ausschlussverfahren-gelassen\/","title":{"rendered":"Altkanzler Schr\u00f6der sieht SPD-Ausschlussverfahren gelassen"},"content":{"rendered":"<p><img decoding=\"async\" src=\"http:\/\/just-now.news\/de\/wp-content\/uploads\/sites\/3\/2022\/06\/62a360cab480cc5fd37a59c2.jpg\" \/><\/p>\n<p>Altkanzler Gerhard Schr\u00f6der (SPD) hat sich erstmals \u00fcber das gegen ihn laufende Parteiausschlussverfahren der SPD ge\u00e4u\u00dfert. Gegen\u00fcber dem Nachrichtenmagazin <em>Spiegel<\/em> sagte er, dass er gelassen auf das Verfahren blicke:<\/p>\n<blockquote>\n<p><em>&#8220;Auf das Parteiordnungsverfahren blicke ich mit Gelassenheit. Ich bin und bleibe Sozialdemokrat.&#8221;<\/em><\/p>\n<\/blockquote>\n<p>Dem Bericht zufolge betonte Schr\u00f6der, dass das Verfahren keinerlei Folgen f\u00fcr seine politischen Grund\u00fcberzeugungen haben werde.<\/p>\n<blockquote>\n<p><em>&#8220;Ich habe in meinem politischen Leben nie etwas anderes als SPD gew\u00e4hlt. Das wird auch in Zukunft so sein, auch wenn der eine oder die andere aus der SPD-F\u00fchrung es mir gegenw\u00e4rtig vielleicht etwas schwer macht.&#8221;<\/em><\/p>\n<\/blockquote>\n<p>Er betonte, dass sich seine politische Grund\u00fcberzeugung nicht \u00e4ndern werde. Schr\u00f6der steht insbesondere seit dem Ukrainekrieg aufgrund seiner russlandfreundlichen Positionen und seines Engagements f\u00fcr russische Staatskonzerne in der Kritik. Es wurden mehrere Antr\u00e4ge zu seinem Parteiausschluss gestellt. Die m\u00fcndlichen Verhandlungen dazu sollen am 22. Juni in Hannover stattfinden. Zuvor hatte der <em>Spiegel<\/em> berichtet, dass Schr\u00f6der bei der Verhandlung weder selbst anwesend sein, noch einen rechtlichen Vertreter schicken werde.<\/p>\n<p>Voraussichtlich 16 Antr\u00e4ge werden in der Verhandlung in Schr\u00f6ders Heimatstadt er\u00f6rtert. Intern gilt jedoch als fraglich, ob sie erfolgreich sein werden. Schr\u00f6der wird unter anderem vorgeworfen, trotz des Ukrainekriegs weiterhin an T\u00e4tigkeiten f\u00fcr russische Energiefirmen festgehalten zu haben. Mittlerweile hat sich der Altkanzler jedoch dazu entschieden, nicht noch einmal als Aufsichtsrat des \u00d6lkonzerns Rosneft zu kandidieren. K\u00fcrzlich verzichtete Schr\u00f6der auch auf eine Nominierung f\u00fcr den Konzern Gazprom.<\/p>\n<p><strong>Mehr zum Thema &#8211;<\/strong>\u00a0<a rel=\"nofollow noopener\" target=\"_blank\" href=\"https:\/\/test.rtde.tech\/europa\/138860-eu-parlament-fordert-sanktionen-gegen-schroeder-kneissl\/\">EU-Parlament fordert Sanktionen gegen Ex-Kanzler Gerhard Schr\u00f6der und Karin Kneissl <\/a><\/p>\n<\/p>\n<p><br \/>\n<br \/><a href=\"https:\/\/de.rt.com\/inland\/140759-altkanzler-schroder-sieht-spd-ausschlussverfahren\/\">Source link <\/a><\/p>\n","protected":false},"excerpt":{"rendered":"<p>Altkanzler Gerhard Schr\u00f6der (SPD) hat sich erstmals \u00fcber das gegen ihn laufende Parteiausschlussverfahren der SPD ge\u00e4u\u00dfert. Gegen\u00fcber dem Nachrichtenmagazin Spiegel sagte er, dass er gelassen auf das Verfahren blicke: &#8220;Auf das Parteiordnungsverfahren blicke ich mit Gelassenheit. Ich bin und bleibe Sozialdemokrat.&#8221; Dem Bericht zufolge betonte Schr\u00f6der, dass das Verfahren keinerlei Folgen f\u00fcr seine politischen Grund\u00fcberzeugungen [&hellip;]<\/p>\n","protected":false},"author":3,"featured_media":10472,"comment_status":"open","ping_status":"open","sticky":false,"template":"","format":"standard","meta":{"wp_automatic_camp":["217"],"6839e12ec3cb6778e55744f61177697c":["Altkanzler Schr\u00f6der sieht SPD-Ausschlussverfahren gelassen"],"original_link":["https:\/\/de.rt.com\/inland\/140759-altkanzler-schroder-sieht-spd-ausschlussverfahren\/"],"_thumbnail_id":["10472"],"_wptg_p2tg_sent2tg":["2022-06-10 18:59:03"],"jnews_social_counter_last_update":["1777627598"]},"categories":[19,23],"tags":[20906,8057,8961,6809,23967],"yoast_head":"<!-- This site is optimized with the Yoast SEO Premium plugin v22.7 (Yoast SEO v22.7) - https:\/\/yoast.com\/wordpress\/plugins\/seo\/ -->\n<title>Altkanzler Schr\u00f6der sieht SPD-Ausschlussverfahren gelassen - just-now.NEWS Deutschland<\/title>\n<meta name=\"robots\" content=\"index, follow, max-snippet:-1, max-image-preview:large, max-video-preview:-1\" \/>\n<link rel=\"canonical\" href=\"https:\/\/now-news.de\/de\/deutschland\/altkanzler-schroeder-sieht-spd-ausschlussverfahren-gelassen\/\" \/>\n<meta property=\"og:locale\" content=\"de_DE\" \/>\n<meta property=\"og:type\" content=\"article\" \/>\n<meta property=\"og:title\" content=\"Altkanzler Schr\u00f6der sieht SPD-Ausschlussverfahren gelassen\" \/>\n<meta property=\"og:description\" content=\"Altkanzler Gerhard Schr\u00f6der (SPD) hat sich erstmals \u00fcber das gegen ihn laufende Parteiausschlussverfahren der SPD ge\u00e4u\u00dfert. Gegen\u00fcber dem Nachrichtenmagazin Spiegel sagte er, dass er gelassen auf das Verfahren blicke: &#8220;Auf das Parteiordnungsverfahren blicke ich mit Gelassenheit. Ich bin und bleibe Sozialdemokrat.&#8221; Dem Bericht zufolge betonte Schr\u00f6der, dass das Verfahren keinerlei Folgen f\u00fcr seine politischen Grund\u00fcberzeugungen [&hellip;]\" \/>\n<meta property=\"og:url\" content=\"https:\/\/now-news.de\/de\/deutschland\/altkanzler-schroeder-sieht-spd-ausschlussverfahren-gelassen\/\" \/>\n<meta property=\"og:site_name\" content=\"just-now.NEWS Deutschland\" \/>\n<meta property=\"article:publisher\" content=\"https:\/\/www.facebook.com\/wirmachenauf\" \/>\n<meta property=\"article:published_time\" content=\"2022-06-10T16:50:07+00:00\" \/>\n<meta property=\"og:image\" content=\"https:\/\/now-news.de\/de\/wp-content\/uploads\/sites\/3\/2022\/06\/Altkanzler-Schroeder-sieht-SPD-Ausschlussverfahren-gelassen.jpg\" \/>\n\t<meta property=\"og:image:width\" content=\"460\" \/>\n\t<meta property=\"og:image:height\" content=\"259\" \/>\n\t<meta property=\"og:image:type\" content=\"image\/jpeg\" \/>\n<meta name=\"author\" content=\"rtnews\" \/>\n<meta name=\"twitter:card\" content=\"summary_large_image\" \/>\n<meta name=\"twitter:creator\" content=\"@WirMachenAuf_de\" \/>\n<meta name=\"twitter:site\" content=\"@WirMachenAuf_de\" \/>\n<meta name=\"twitter:label1\" content=\"Verfasst von\" \/>\n\t<meta name=\"twitter:data1\" content=\"rtnews\" \/>\n\t<meta name=\"twitter:label2\" content=\"Gesch\u00e4tzte Lesezeit\" \/>\n\t<meta name=\"twitter:data2\" content=\"1\u00a0Minute\" \/>\n<script type=\"application\/ld+json\" class=\"yoast-schema-graph\">{\"@context\":\"https:\/\/schema.org\",\"@graph\":[{\"@type\":\"Article\",\"@id\":\"https:\/\/now-news.de\/de\/deutschland\/altkanzler-schroeder-sieht-spd-ausschlussverfahren-gelassen\/#article\",\"isPartOf\":{\"@id\":\"https:\/\/now-news.de\/de\/deutschland\/altkanzler-schroeder-sieht-spd-ausschlussverfahren-gelassen\/\"},\"author\":{\"name\":\"rtnews\",\"@id\":\"https:\/\/now-news.de\/de\/#\/schema\/person\/fb534a4e865501d8b3285208df34a9b5\"},\"headline\":\"Altkanzler Schr\u00f6der sieht SPD-Ausschlussverfahren gelassen\",\"datePublished\":\"2022-06-10T16:50:07+00:00\",\"dateModified\":\"2022-06-10T16:50:07+00:00\",\"mainEntityOfPage\":{\"@id\":\"https:\/\/now-news.de\/de\/deutschland\/altkanzler-schroeder-sieht-spd-ausschlussverfahren-gelassen\/\"},\"wordCount\":275,\"commentCount\":0,\"publisher\":{\"@id\":\"https:\/\/now-news.de\/de\/#organization\"},\"image\":{\"@id\":\"https:\/\/now-news.de\/de\/deutschland\/altkanzler-schroeder-sieht-spd-ausschlussverfahren-gelassen\/#primaryimage\"},\"thumbnailUrl\":\"https:\/\/now-news.de\/de\/wp-content\/uploads\/sites\/3\/2022\/06\/Altkanzler-Schroeder-sieht-SPD-Ausschlussverfahren-gelassen.jpg\",\"keywords\":[\"Altkanzler\",\"gelassen\",\"Schr\u00f6der\",\"sieht\",\"SPDAusschlussverfahren\"],\"articleSection\":[\"Deutschland\",\"Russland\"],\"inLanguage\":\"de\",\"potentialAction\":[{\"@type\":\"CommentAction\",\"name\":\"Comment\",\"target\":[\"https:\/\/now-news.de\/de\/deutschland\/altkanzler-schroeder-sieht-spd-ausschlussverfahren-gelassen\/#respond\"]}]},{\"@type\":\"WebPage\",\"@id\":\"https:\/\/now-news.de\/de\/deutschland\/altkanzler-schroeder-sieht-spd-ausschlussverfahren-gelassen\/\",\"url\":\"https:\/\/now-news.de\/de\/deutschland\/altkanzler-schroeder-sieht-spd-ausschlussverfahren-gelassen\/\",\"name\":\"Altkanzler Schr\u00f6der sieht SPD-Ausschlussverfahren gelassen - just-now.NEWS Deutschland\",\"isPartOf\":{\"@id\":\"https:\/\/now-news.de\/de\/#website\"},\"primaryImageOfPage\":{\"@id\":\"https:\/\/now-news.de\/de\/deutschland\/altkanzler-schroeder-sieht-spd-ausschlussverfahren-gelassen\/#primaryimage\"},\"image\":{\"@id\":\"https:\/\/now-news.de\/de\/deutschland\/altkanzler-schroeder-sieht-spd-ausschlussverfahren-gelassen\/#primaryimage\"},\"thumbnailUrl\":\"https:\/\/now-news.de\/de\/wp-content\/uploads\/sites\/3\/2022\/06\/Altkanzler-Schroeder-sieht-SPD-Ausschlussverfahren-gelassen.jpg\",\"datePublished\":\"2022-06-10T16:50:07+00:00\",\"dateModified\":\"2022-06-10T16:50:07+00:00\",\"breadcrumb\":{\"@id\":\"https:\/\/now-news.de\/de\/deutschland\/altkanzler-schroeder-sieht-spd-ausschlussverfahren-gelassen\/#breadcrumb\"},\"inLanguage\":\"de\",\"potentialAction\":[{\"@type\":\"ReadAction\",\"target\":[\"https:\/\/now-news.de\/de\/deutschland\/altkanzler-schroeder-sieht-spd-ausschlussverfahren-gelassen\/\"]}]},{\"@type\":\"ImageObject\",\"inLanguage\":\"de\",\"@id\":\"https:\/\/now-news.de\/de\/deutschland\/altkanzler-schroeder-sieht-spd-ausschlussverfahren-gelassen\/#primaryimage\",\"url\":\"https:\/\/now-news.de\/de\/wp-content\/uploads\/sites\/3\/2022\/06\/Altkanzler-Schroeder-sieht-SPD-Ausschlussverfahren-gelassen.jpg\",\"contentUrl\":\"https:\/\/now-news.de\/de\/wp-content\/uploads\/sites\/3\/2022\/06\/Altkanzler-Schroeder-sieht-SPD-Ausschlussverfahren-gelassen.jpg\",\"width\":460,\"height\":259,\"caption\":\"Altkanzler Schr\u00f6der sieht SPD-Ausschlussverfahren gelassen\"},{\"@type\":\"BreadcrumbList\",\"@id\":\"https:\/\/now-news.de\/de\/deutschland\/altkanzler-schroeder-sieht-spd-ausschlussverfahren-gelassen\/#breadcrumb\",\"itemListElement\":[{\"@type\":\"ListItem\",\"position\":1,\"name\":\"Home\",\"item\":\"https:\/\/now-news.de\/de\/\"},{\"@type\":\"ListItem\",\"position\":2,\"name\":\"Altkanzler Schr\u00f6der sieht SPD-Ausschlussverfahren gelassen\"}]},{\"@type\":\"WebSite\",\"@id\":\"https:\/\/now-news.de\/de\/#website\",\"url\":\"https:\/\/now-news.de\/de\/\",\"name\":\"just-now.NEWS Deutschland\",\"description\":\"Das Portal f\u00fcr unzensierte Nachrichten aus der Welt\",\"publisher\":{\"@id\":\"https:\/\/now-news.de\/de\/#organization\"},\"potentialAction\":[{\"@type\":\"SearchAction\",\"target\":{\"@type\":\"EntryPoint\",\"urlTemplate\":\"https:\/\/now-news.de\/de\/?s={search_term_string}\"},\"query-input\":\"required name=search_term_string\"}],\"inLanguage\":\"de\"},{\"@type\":\"Organization\",\"@id\":\"https:\/\/now-news.de\/de\/#organization\",\"name\":\"Just Now News\",\"url\":\"https:\/\/now-news.de\/de\/\",\"logo\":{\"@type\":\"ImageObject\",\"inLanguage\":\"de\",\"@id\":\"https:\/\/now-news.de\/de\/#\/schema\/logo\/image\/\",\"url\":\"http:\/\/just-now.news\/de\/wp-content\/uploads\/sites\/3\/2022\/04\/logo500x500.jpg\",\"contentUrl\":\"http:\/\/just-now.news\/de\/wp-content\/uploads\/sites\/3\/2022\/04\/logo500x500.jpg\",\"width\":500,\"height\":500,\"caption\":\"Just Now News\"},\"image\":{\"@id\":\"https:\/\/now-news.de\/de\/#\/schema\/logo\/image\/\"},\"sameAs\":[\"https:\/\/www.facebook.com\/wirmachenauf\",\"https:\/\/x.com\/WirMachenAuf_de\"]},{\"@type\":\"Person\",\"@id\":\"https:\/\/now-news.de\/de\/#\/schema\/person\/fb534a4e865501d8b3285208df34a9b5\",\"name\":\"rtnews\",\"image\":{\"@type\":\"ImageObject\",\"inLanguage\":\"de\",\"@id\":\"https:\/\/now-news.de\/de\/#\/schema\/person\/image\/\",\"url\":\"https:\/\/secure.gravatar.com\/avatar\/82aafea7d8127119dd649515f56e2117?s=96&d=mm&r=g\",\"contentUrl\":\"https:\/\/secure.gravatar.com\/avatar\/82aafea7d8127119dd649515f56e2117?s=96&d=mm&r=g\",\"caption\":\"rtnews\"},\"url\":\"https:\/\/now-news.de\/de\/author\/rnews\/\"}]}<\/script>\n<!-- \/ Yoast SEO Premium plugin. -->","yoast_head_json":{"title":"Altkanzler Schr\u00f6der sieht SPD-Ausschlussverfahren gelassen - just-now.NEWS Deutschland","robots":{"index":"index","follow":"follow","max-snippet":"max-snippet:-1","max-image-preview":"max-image-preview:large","max-video-preview":"max-video-preview:-1"},"canonical":"https:\/\/now-news.de\/de\/deutschland\/altkanzler-schroeder-sieht-spd-ausschlussverfahren-gelassen\/","og_locale":"de_DE","og_type":"article","og_title":"Altkanzler Schr\u00f6der sieht SPD-Ausschlussverfahren gelassen","og_description":"Altkanzler Gerhard Schr\u00f6der (SPD) hat sich erstmals \u00fcber das gegen ihn laufende Parteiausschlussverfahren der SPD ge\u00e4u\u00dfert. Gegen\u00fcber dem Nachrichtenmagazin Spiegel sagte er, dass er gelassen auf das Verfahren blicke: &#8220;Auf das Parteiordnungsverfahren blicke ich mit Gelassenheit. Ich bin und bleibe Sozialdemokrat.&#8221; Dem Bericht zufolge betonte Schr\u00f6der, dass das Verfahren keinerlei Folgen f\u00fcr seine politischen Grund\u00fcberzeugungen [&hellip;]","og_url":"https:\/\/now-news.de\/de\/deutschland\/altkanzler-schroeder-sieht-spd-ausschlussverfahren-gelassen\/","og_site_name":"just-now.NEWS Deutschland","article_publisher":"https:\/\/www.facebook.com\/wirmachenauf","article_published_time":"2022-06-10T16:50:07+00:00","og_image":[{"width":460,"height":259,"url":"https:\/\/now-news.de\/de\/wp-content\/uploads\/sites\/3\/2022\/06\/Altkanzler-Schroeder-sieht-SPD-Ausschlussverfahren-gelassen.jpg","type":"image\/jpeg"}],"author":"rtnews","twitter_card":"summary_large_image","twitter_creator":"@WirMachenAuf_de","twitter_site":"@WirMachenAuf_de","twitter_misc":{"Verfasst von":"rtnews","Gesch\u00e4tzte Lesezeit":"1\u00a0Minute"},"schema":{"@context":"https:\/\/schema.org","@graph":[{"@type":"Article","@id":"https:\/\/now-news.de\/de\/deutschland\/altkanzler-schroeder-sieht-spd-ausschlussverfahren-gelassen\/#article","isPartOf":{"@id":"https:\/\/now-news.de\/de\/deutschland\/altkanzler-schroeder-sieht-spd-ausschlussverfahren-gelassen\/"},"author":{"name":"rtnews","@id":"https:\/\/now-news.de\/de\/#\/schema\/person\/fb534a4e865501d8b3285208df34a9b5"},"headline":"Altkanzler Schr\u00f6der sieht SPD-Ausschlussverfahren gelassen","datePublished":"2022-06-10T16:50:07+00:00","dateModified":"2022-06-10T16:50:07+00:00","mainEntityOfPage":{"@id":"https:\/\/now-news.de\/de\/deutschland\/altkanzler-schroeder-sieht-spd-ausschlussverfahren-gelassen\/"},"wordCount":275,"commentCount":0,"publisher":{"@id":"https:\/\/now-news.de\/de\/#organization"},"image":{"@id":"https:\/\/now-news.de\/de\/deutschland\/altkanzler-schroeder-sieht-spd-ausschlussverfahren-gelassen\/#primaryimage"},"thumbnailUrl":"https:\/\/now-news.de\/de\/wp-content\/uploads\/sites\/3\/2022\/06\/Altkanzler-Schroeder-sieht-SPD-Ausschlussverfahren-gelassen.jpg","keywords":["Altkanzler","gelassen","Schr\u00f6der","sieht","SPDAusschlussverfahren"],"articleSection":["Deutschland","Russland"],"inLanguage":"de","potentialAction":[{"@type":"CommentAction","name":"Comment","target":["https:\/\/now-news.de\/de\/deutschland\/altkanzler-schroeder-sieht-spd-ausschlussverfahren-gelassen\/#respond"]}]},{"@type":"WebPage","@id":"https:\/\/now-news.de\/de\/deutschland\/altkanzler-schroeder-sieht-spd-ausschlussverfahren-gelassen\/","url":"https:\/\/now-news.de\/de\/deutschland\/altkanzler-schroeder-sieht-spd-ausschlussverfahren-gelassen\/","name":"Altkanzler Schr\u00f6der sieht SPD-Ausschlussverfahren gelassen - just-now.NEWS Deutschland","isPartOf":{"@id":"https:\/\/now-news.de\/de\/#website"},"primaryImageOfPage":{"@id":"https:\/\/now-news.de\/de\/deutschland\/altkanzler-schroeder-sieht-spd-ausschlussverfahren-gelassen\/#primaryimage"},"image":{"@id":"https:\/\/now-news.de\/de\/deutschland\/altkanzler-schroeder-sieht-spd-ausschlussverfahren-gelassen\/#primaryimage"},"thumbnailUrl":"https:\/\/now-news.de\/de\/wp-content\/uploads\/sites\/3\/2022\/06\/Altkanzler-Schroeder-sieht-SPD-Ausschlussverfahren-gelassen.jpg","datePublished":"2022-06-10T16:50:07+00:00","dateModified":"2022-06-10T16:50:07+00:00","breadcrumb":{"@id":"https:\/\/now-news.de\/de\/deutschland\/altkanzler-schroeder-sieht-spd-ausschlussverfahren-gelassen\/#breadcrumb"},"inLanguage":"de","potentialAction":[{"@type":"ReadAction","target":["https:\/\/now-news.de\/de\/deutschland\/altkanzler-schroeder-sieht-spd-ausschlussverfahren-gelassen\/"]}]},{"@type":"ImageObject","inLanguage":"de","@id":"https:\/\/now-news.de\/de\/deutschland\/altkanzler-schroeder-sieht-spd-ausschlussverfahren-gelassen\/#primaryimage","url":"https:\/\/now-news.de\/de\/wp-content\/uploads\/sites\/3\/2022\/06\/Altkanzler-Schroeder-sieht-SPD-Ausschlussverfahren-gelassen.jpg","contentUrl":"https:\/\/now-news.de\/de\/wp-content\/uploads\/sites\/3\/2022\/06\/Altkanzler-Schroeder-sieht-SPD-Ausschlussverfahren-gelassen.jpg","width":460,"height":259,"caption":"Altkanzler Schr\u00f6der sieht SPD-Ausschlussverfahren gelassen"},{"@type":"BreadcrumbList","@id":"https:\/\/now-news.de\/de\/deutschland\/altkanzler-schroeder-sieht-spd-ausschlussverfahren-gelassen\/#breadcrumb","itemListElement":[{"@type":"ListItem","position":1,"name":"Home","item":"https:\/\/now-news.de\/de\/"},{"@type":"ListItem","position":2,"name":"Altkanzler Schr\u00f6der sieht SPD-Ausschlussverfahren gelassen"}]},{"@type":"WebSite","@id":"https:\/\/now-news.de\/de\/#website","url":"https:\/\/now-news.de\/de\/","name":"just-now.NEWS Deutschland","description":"Das Portal f\u00fcr unzensierte Nachrichten aus der Welt","publisher":{"@id":"https:\/\/now-news.de\/de\/#organization"},"potentialAction":[{"@type":"SearchAction","target":{"@type":"EntryPoint","urlTemplate":"https:\/\/now-news.de\/de\/?s={search_term_string}"},"query-input":"required name=search_term_string"}],"inLanguage":"de"},{"@type":"Organization","@id":"https:\/\/now-news.de\/de\/#organization","name":"Just Now News","url":"https:\/\/now-news.de\/de\/","logo":{"@type":"ImageObject","inLanguage":"de","@id":"https:\/\/now-news.de\/de\/#\/schema\/logo\/image\/","url":"http:\/\/just-now.news\/de\/wp-content\/uploads\/sites\/3\/2022\/04\/logo500x500.jpg","contentUrl":"http:\/\/just-now.news\/de\/wp-content\/uploads\/sites\/3\/2022\/04\/logo500x500.jpg","width":500,"height":500,"caption":"Just Now News"},"image":{"@id":"https:\/\/now-news.de\/de\/#\/schema\/logo\/image\/"},"sameAs":["https:\/\/www.facebook.com\/wirmachenauf","https:\/\/x.com\/WirMachenAuf_de"]},{"@type":"Person","@id":"https:\/\/now-news.de\/de\/#\/schema\/person\/fb534a4e865501d8b3285208df34a9b5","name":"rtnews","image":{"@type":"ImageObject","inLanguage":"de","@id":"https:\/\/now-news.de\/de\/#\/schema\/person\/image\/","url":"https:\/\/secure.gravatar.com\/avatar\/82aafea7d8127119dd649515f56e2117?s=96&d=mm&r=g","contentUrl":"https:\/\/secure.gravatar.com\/avatar\/82aafea7d8127119dd649515f56e2117?s=96&d=mm&r=g","caption":"rtnews"},"url":"https:\/\/now-news.de\/de\/author\/rnews\/"}]}},"_links":{"self":[{"href":"https:\/\/now-news.de\/de\/wp-json\/wp\/v2\/posts\/10471"}],"collection":[{"href":"https:\/\/now-news.de\/de\/wp-json\/wp\/v2\/posts"}],"about":[{"href":"https:\/\/now-news.de\/de\/wp-json\/wp\/v2\/types\/post"}],"author":[{"embeddable":true,"href":"https:\/\/now-news.de\/de\/wp-json\/wp\/v2\/users\/3"}],"replies":[{"embeddable":true,"href":"https:\/\/now-news.de\/de\/wp-json\/wp\/v2\/comments?post=10471"}],"version-history":[{"count":0,"href":"https:\/\/now-news.de\/de\/wp-json\/wp\/v2\/posts\/10471\/revisions"}],"wp:featuredmedia":[{"embeddable":true,"href":"https:\/\/now-news.de\/de\/wp-json\/wp\/v2\/media\/10472"}],"wp:attachment":[{"href":"https:\/\/now-news.de\/de\/wp-json\/wp\/v2\/media?parent=10471"}],"wp:term":[{"taxonomy":"category","embeddable":true,"href":"https:\/\/now-news.de\/de\/wp-json\/wp\/v2\/categories?post=10471"},{"taxonomy":"post_tag","embeddable":true,"href":"https:\/\/now-news.de\/de\/wp-json\/wp\/v2\/tags?post=10471"}],"curies":[{"name":"wp","href":"https:\/\/api.w.org\/{rel}","templated":true}]}}