{"id":10451,"date":"2022-06-10T16:30:00","date_gmt":"2022-06-10T14:30:00","guid":{"rendered":"http:\/\/just-now.news\/de\/usa\/weitere-beweise-die-polizei-hat-die-schiesserei-auf-uvalde-misshandelt-direkt-aus-dem-mund-des-polizeichefs-die-leute-werden-fragen-warum-wir-so-lange-brauchen\/"},"modified":"2022-06-10T16:30:00","modified_gmt":"2022-06-10T14:30:00","slug":"weitere-beweise-die-polizei-hat-die-schiesserei-auf-uvalde-misshandelt-direkt-aus-dem-mund-des-polizeichefs-die-leute-werden-fragen-warum-wir-so-lange-brauchen","status":"publish","type":"post","link":"https:\/\/now-news.de\/de\/usa\/weitere-beweise-die-polizei-hat-die-schiesserei-auf-uvalde-misshandelt-direkt-aus-dem-mund-des-polizeichefs-die-leute-werden-fragen-warum-wir-so-lange-brauchen\/","title":{"rendered":"Weitere Beweise: Die Polizei hat die Schie\u00dferei auf Uvalde misshandelt, direkt aus dem Mund des Polizeichefs: \u201eDie Leute werden fragen, warum wir so lange brauchen\u201c"},"content":{"rendered":"<p><\/p>\n<div class=\"entry-content\">\n<p><span data-preserver-spaces=\"true\">Der Polizeichef des Schulbezirks von Uvalde war sich bewusst, dass Sch\u00fcler und ein Lehrer in einem Klassenzimmer der Robb-Grundschule, in dem ein Sch\u00fctze bereits mehrere Kinder get\u00f6tet hatte, noch am Leben waren.<\/span><\/p>\n<p><span data-preserver-spaces=\"true\">H\u00e4uptling Pete Arredondo<\/span><span data-preserver-spaces=\"true\"> war besorgt \u00fcber die Zeit, die es dauerte, Schilde f\u00fcr Beamte zu beschaffen und Schl\u00fcssel f\u00fcr das Klassenzimmer zu finden, in dem der Sch\u00fctze verletzte und ver\u00e4ngstigte Kinder mehr als eine Stunde lang festhielt, so die <\/span><em><span data-preserver-spaces=\"true\">New York Times<\/span><\/em><em><span data-preserver-spaces=\"true\">. <\/span><\/em><\/p>\n<p><span data-preserver-spaces=\"true\">Dem Bericht zufolge wartete Arredondo 40 Minuten, nachdem sich die Beamten zum ersten Mal der T\u00fcr des Klassenzimmers gen\u00e4hert und beschossen worden waren, bevor sie einen Einbruch genehmigten. <\/span><\/p>\n<div id=\"IC1-ad\" class=\"sponsor IC1\">\n<p class=\"ad-notice flipboard-remove\" fl:fl-noexcerpt=\"true\">Werbung \u2013 die Geschichte geht unten weiter<\/p>\n<div id=\"IC1\">\n<script>\n\t\t\t\t\tif( FFADS.units.IC1 && FFADS.units.IC1.ad_type == 'custom' && FFADS.units.IC1.custom_ads && ! getCookie( 'ff_subbed' ) ) {\n\t\t\t\t\t\tdocument.getElementById( 'IC1' ).innerHTML = FFADS.units.IC1.custom_ads[0].code;\n\t\t\t\t\t\tif( ! FFADS.units.IC1.lazy_load ) eval( FFADS.units.IC1.custom_ads[0].rendering_script );\n\t\t\t\t\t}\n\t\t\t\t\telse if( FFADS.units.IC1 && ! getCookie( 'ff_subbed' ) ) {\n\t\t\t\t\t\tif( 'IC' != 'SB' && 'IC' != 'SA' && FFADS.use_fixed_containers ) {\n\t\t\t\t\t\t\tlet max_wh = firefly_size_list_to_max_wh( FFADS.units.IC1.sizes );\n\t\t\t\t\t\t\tlet el = document.querySelector( '#IC1' );\n\t\t\t\t\t\t\tif( 'IC' != 'SA' && FFADS.slide_pixels ) {\n\t\t\t\t\t\t\t\tmax_wh[1] += parseInt( FFADS.slide_pixels );\n\t\t\t\t\t\t\t\tel.classList.add( 'sliding' );\n\t\t\t\t\t\t\t}\n\t\t\t\t\t\t\tel.style.width = max_wh[0] + 'px';\n\t\t\t\t\t\t\tel.style.height = max_wh[1] + 'px';\n\t\t\t\t\t\t\tel.classList.add( 'fixed-size' );\n\t\t\t\t\t\t}\n\t\t\t\t\t\tgoogletag.cmd.push( function() {\n\t\t\t\t\t\t\tFFADS.debug( 'googletag.displaying IC1' );\n\t\t\t\t\t\t\tgoogletag.display( 'IC1' );\n\t\t\t\t\t\t} );\n\t\t\t\t\t}\n\t\t\t\t\telse {\n\t\t\t\t\t\tdocument.querySelector( '#IC1-ad' ).style.display = 'none';}\n\t\t\t\t<\/script><\/div>\n<\/div>\n<p><span data-preserver-spaces=\"true\">Arredondo war sich bewusst, dass ein Lehrer, die Frau eines seiner Offiziere, im Klassenzimmer verletzt und noch am Leben war, und wusste, dass die Sch\u00fcler verwundet und am Leben waren.<\/span><\/p>\n<p><span data-preserver-spaces=\"true\">\u201eDie Leute werden fragen, warum wir so lange brauchen\u201c, sagte Arredondo am Tatort, laut einer Abschrift von K\u00f6rperkameraaufnahmen.  \u201eWir versuchen, den Rest des Lebens zu erhalten\u201c, fuhr er fort.<\/span><\/p>\n<p><script>\n\t\t\t\t\tif( ! getCookie( 'ff_subbed' ) ) if( typeof FFADS.replace_ict != 'undefined' ) if( FFADS.replace_ict ) eval( FFADS.replace_ict );\n\t\t\t\t<\/script><\/p>\n<p><span data-preserver-spaces=\"true\">Dem Bericht zufolge sagte Arredondo lange vor dem Einbruch: \u201eWir glauben, dass dort einige Verletzte sind \u2026 wir haben den Rest des Geb\u00e4udes ger\u00e4umt, damit wir keine weiteren haben, abgesehen von dem, was offensichtlich bereits darin ist.\u201c<\/span><\/p>\n<p><span data-preserver-spaces=\"true\">Dem Bericht zufolge begann Arredondo erst um 12:21 Uhr, 48 Minuten nachdem der Sch\u00fctze die Schule um 11:33 Uhr betreten hatte, \u00fcber das Betreten des Klassenzimmers zu sprechen<\/span><\/p>\n<div id=\"IC2-ad\" class=\"sponsor IC2\">\n<p class=\"ad-notice flipboard-remove\" fl:fl-noexcerpt=\"true\">Werbung \u2013 die Geschichte geht unten weiter<\/p>\n<div id=\"IC2\">\n<script>\n\t\t\t\t\tif( FFADS.units.IC2 && FFADS.units.IC2.ad_type == 'custom' && FFADS.units.IC2.custom_ads && ! getCookie( 'ff_subbed' ) ) {\n\t\t\t\t\t\tdocument.getElementById( 'IC2' ).innerHTML = FFADS.units.IC2.custom_ads[0].code;\n\t\t\t\t\t\tif( ! FFADS.units.IC2.lazy_load ) eval( FFADS.units.IC2.custom_ads[0].rendering_script );\n\t\t\t\t\t}\n\t\t\t\t\telse if( FFADS.units.IC2 && ! getCookie( 'ff_subbed' ) ) {\n\t\t\t\t\t\tif( 'IC' != 'SB' && 'IC' != 'SA' && FFADS.use_fixed_containers ) {\n\t\t\t\t\t\t\tlet max_wh = firefly_size_list_to_max_wh( FFADS.units.IC2.sizes );\n\t\t\t\t\t\t\tlet el = document.querySelector( '#IC2' );\n\t\t\t\t\t\t\tif( 'IC' != 'SA' && FFADS.slide_pixels ) {\n\t\t\t\t\t\t\t\tmax_wh[1] += parseInt( FFADS.slide_pixels );\n\t\t\t\t\t\t\t\tel.classList.add( 'sliding' );\n\t\t\t\t\t\t\t}\n\t\t\t\t\t\t\tel.style.width = max_wh[0] + 'px';\n\t\t\t\t\t\t\tel.style.height = max_wh[1] + 'px';\n\t\t\t\t\t\t\tel.classList.add( 'fixed-size' );\n\t\t\t\t\t\t}\n\t\t\t\t\t\tgoogletag.cmd.push( function() {\n\t\t\t\t\t\t\tFFADS.debug( 'googletag.displaying IC2' );\n\t\t\t\t\t\t\tgoogletag.display( 'IC2' );\n\t\t\t\t\t\t} );\n\t\t\t\t\t}\n\t\t\t\t\telse {\n\t\t\t\t\t\tdocument.querySelector( '#IC2-ad' ).style.display = 'none';}\n\t\t\t\t<\/script><\/div>\n<\/div>\n<p><span data-preserver-spaces=\"true\">\u201eWir sind bereit einzubrechen, aber diese T\u00fcr ist verschlossen\u201c, sagte er gegen 12:30 Uhr<\/span><\/p>\n<p><span data-preserver-spaces=\"true\">\u201eWenn Kinder da drin sind, m\u00fcssen wir da rein\u201c, sagten die Beamten laut Bericht, als sie ungeduldig wurden.<\/span><\/p>\n<p><span data-preserver-spaces=\"true\">Um 12:46 Uhr soll Arredondo gesagt haben: \u201eWenn Sie bereit sind, es zu tun, tun Sie es.\u201c<\/span><\/p>\n<p><span data-preserver-spaces=\"true\">Es w\u00e4re jedoch <\/span><span data-preserver-spaces=\"true\">Agenten der Border Patrol Tactical Unit und ein Stellvertreter des Sheriffs<\/span><span data-preserver-spaces=\"true\"> der das Klassenzimmer st\u00fcrmte und den Sch\u00fctzen t\u00f6tete.<\/span><\/p>\n<p><span data-preserver-spaces=\"true\">W\u00e4hrend das Justizministerium die Ereignisse dieses Tages in Uvalde, Texas, immer noch untersucht, ist klar geworden, dass die \u00f6rtlichen Beh\u00f6rden nicht schnell und genau darauf reagiert haben <\/span><span data-preserver-spaces=\"true\">tragische Ereignisse mit 21 Toten<\/span><span data-preserver-spaces=\"true\">.  <\/span><\/p>\n<p class=\"article-ask\"><span class=\"ask\"><script>\n  if( getParameterByName( \"utm_source\" ) == \"testpage\" ) {\n    !function(e,t,a,n,g){e[n]=e[n]||[],e[n].push({\"gtm.start\":(new Date).getTime(),event:\"gtm.js\"});var m=t.getElementsByTagName(a)[0],r=t.createElement(a);r.async=!0,r.src=\"https:\/\/www.googletagmanager.com\/gtm.js?id=GTM-PL4PD49\",m.parentNode.insertBefore(r,m)}(window.parent,window.parent.document,\"script\",\"dataLayer\");\n    var iframe=window.parent.document.createElement(\"iframe\");iframe.src=\"https:\/\/www.googletagmanager.com\/ns.html?id=GTM-PL4PD49\";iframe.height=\"0\";iframe.width=\"0\";iframe.style=\"display:none;visibility:hidden\";window.parent.document.body.appendChild(iframe);\n    window.parent[\"$$mm-analytics\"] = window.parent[\"$$mm-analytics\"] || {};if (typeof window.parent[\"$$mm-analytics\"].firstEmbed === \"undefined\") {window.parent[\"$$mm-analytics\"].firstEmbed = Date.now();}\n    let as1 = document.createElement( \"script\" );\n    as1.src = \"https:\/\/bucket1.mm-syringe.com\/prod\/configs\/ee2300c8-43d2-7f0b-dac0-40aaf31c9d3d.js\";\n    document.body.appendChild( as1 );\n    let as2 = document.createElement( \"script\" );\n    as2.src = \"https:\/\/bucket1.mm-syringe.com\/prod\/injector\/injector.1.5.3.js\";\n    document.body.appendChild( as2 );\n  }\n<\/script><\/p>\n<div class=\"apester-media\" data-token=\"5f10a39f94902bc81d3d59a7\" data-context=\"true\" data-tags=\"\" data-fallback=\"true\" height=\"350\"><\/div>\n<p><script id=\"apester_script\" src=\"https:\/\/static.apester.com\/js\/sdk\/latest\/apester-sdk.js\" async><\/script><script async src=\"https:\/\/www.googletagmanager.com\/gtag\/js?id=G-EFE91RJVSQ\"><\/script><script>\n  window.dataLayer = window.dataLayer || [];\n  function gtag(){dataLayer.push(arguments);}\n  gtag(\\\\\\'js\\\\\\', new Date());\n  gtag(\\\\\\'config\\\\\\', \\\\\\'G-EFE91RJVSQ\\\\\\');\n<\/script><script type=\"text\/javascript\">\n\tfunction e(e){var t=!(arguments.length>1&&void 0!==arguments[1])||arguments[1],c=document.createElement(\"script\");c.src=e,t?c.type=\"module\":(c.async=!0,c.type=\"text\/javascript\",c.setAttribute(\"nomodule\",\"\"));var n=document.getElementsByTagName(\"script\")[0];n.parentNode.insertBefore(c,n)}function t(t,c,n){var a,o,r;null!==(a=t.marfeel)&&void 0!==a||(t.marfeel={}),null!==(o=(r=t.marfeel).cmd)&&void 0!==o||(r.cmd=[]),t.marfeel.config=n,t.marfeel.config.accountId=c;var i=\"https:\/\/sdk.mrf.io\/statics\";e(\"\".concat(i,\"\/marfeel-sdk.js?id=\").concat(c),!0),e(\"\".concat(i,\"\/marfeel-sdk.es5.js?id=\").concat(c),!1)}!function(e,c){var n=arguments.length>2&&void 0!==arguments[2]?arguments[2]:{};t(e,c,n)}(window,1573,{} \/*config*\/);\n<\/script><\/span><\/p>\n<\/div>\n<p><br \/>\n<br \/><a href=\"https:\/\/www.thegatewaypundit.com\/2022\/06\/evidence-police-mishandled-uvalde-shooting-straight-police-chiefs-mouth-people-going-ask-taking-long\/\">Source link <\/a><\/p>\n","protected":false},"excerpt":{"rendered":"<p>Der Polizeichef des Schulbezirks von Uvalde war sich bewusst, dass Sch\u00fcler und ein Lehrer in einem Klassenzimmer der Robb-Grundschule, in dem ein Sch\u00fctze bereits mehrere Kinder get\u00f6tet hatte, noch am Leben waren. H\u00e4uptling Pete Arredondo war besorgt \u00fcber die Zeit, die es dauerte, Schilde f\u00fcr Beamte zu beschaffen und Schl\u00fcssel f\u00fcr das Klassenzimmer zu finden, [&hellip;]<\/p>\n","protected":false},"author":5,"featured_media":9081,"comment_status":"open","ping_status":"open","sticky":false,"template":"","format":"standard","meta":{"wp_automatic_camp":["1161"],"151596829071304b965bd0246485f6e7":["Weitere Beweise: Die Polizei hat die Schie\u00dferei auf Uvalde misshandelt, direkt aus dem Mund des Polizeichefs: \u201eDie Leute werden fragen, warum wir so lange brauchen\u201c\n"],"original_link":["https:\/\/www.thegatewaypundit.com\/2022\/06\/evidence-police-mishandled-uvalde-shooting-straight-police-chiefs-mouth-people-going-ask-taking-long\/"],"_thumbnail_id":["9081"],"wp_automatic_remove_first_image":["yes"],"jnews_social_counter_last_update":["1777575269"]},"categories":[25],"tags":[133,679,18822,16210,134,583,45,23943,13035,423,18679,18944,23942,23944,7579,23945,18962,21715,1289,823,1040,1801],"yoast_head":"<!-- This site is optimized with the Yoast SEO Premium plugin v22.7 (Yoast SEO v22.7) - https:\/\/yoast.com\/wordpress\/plugins\/seo\/ -->\n<title>Weitere Beweise: Die Polizei hat die Schie\u00dferei auf Uvalde misshandelt, direkt aus dem Mund des Polizeichefs: \u201eDie Leute werden fragen, warum wir so lange brauchen\u201c - just-now.NEWS Deutschland<\/title>\n<meta name=\"robots\" content=\"index, follow, max-snippet:-1, max-image-preview:large, max-video-preview:-1\" \/>\n<link rel=\"canonical\" href=\"https:\/\/now-news.de\/de\/usa\/weitere-beweise-die-polizei-hat-die-schiesserei-auf-uvalde-misshandelt-direkt-aus-dem-mund-des-polizeichefs-die-leute-werden-fragen-warum-wir-so-lange-brauchen\/\" \/>\n<meta property=\"og:locale\" content=\"de_DE\" \/>\n<meta property=\"og:type\" content=\"article\" \/>\n<meta property=\"og:title\" content=\"Weitere Beweise: Die Polizei hat die Schie\u00dferei auf Uvalde misshandelt, direkt aus dem Mund des Polizeichefs: \u201eDie Leute werden fragen, warum wir so lange brauchen\u201c\" \/>\n<meta property=\"og:description\" content=\"Der Polizeichef des Schulbezirks von Uvalde war sich bewusst, dass Sch\u00fcler und ein Lehrer in einem Klassenzimmer der Robb-Grundschule, in dem ein Sch\u00fctze bereits mehrere Kinder get\u00f6tet hatte, noch am Leben waren. H\u00e4uptling Pete Arredondo war besorgt \u00fcber die Zeit, die es dauerte, Schilde f\u00fcr Beamte zu beschaffen und Schl\u00fcssel f\u00fcr das Klassenzimmer zu finden, [&hellip;]\" \/>\n<meta property=\"og:url\" content=\"https:\/\/now-news.de\/de\/usa\/weitere-beweise-die-polizei-hat-die-schiesserei-auf-uvalde-misshandelt-direkt-aus-dem-mund-des-polizeichefs-die-leute-werden-fragen-warum-wir-so-lange-brauchen\/\" \/>\n<meta property=\"og:site_name\" content=\"just-now.NEWS Deutschland\" \/>\n<meta property=\"article:publisher\" content=\"https:\/\/www.facebook.com\/wirmachenauf\" \/>\n<meta property=\"article:published_time\" content=\"2022-06-10T14:30:00+00:00\" \/>\n<meta property=\"og:image\" content=\"https:\/\/now-news.de\/de\/wp-content\/uploads\/sites\/3\/2022\/05\/Die-Uvalde-Rob-Grundschule-war-aufgrund-von-Schuessen-in-der-Gegend-abgeriegelt.jpeg\" \/>\n\t<meta property=\"og:image:width\" content=\"1024\" \/>\n\t<meta property=\"og:image:height\" content=\"576\" \/>\n\t<meta property=\"og:image:type\" content=\"image\/jpeg\" \/>\n<meta name=\"author\" content=\"greatreset\" \/>\n<meta name=\"twitter:card\" content=\"summary_large_image\" \/>\n<meta name=\"twitter:creator\" content=\"@WirMachenAuf_de\" \/>\n<meta name=\"twitter:site\" content=\"@WirMachenAuf_de\" \/>\n<meta name=\"twitter:label1\" content=\"Verfasst von\" \/>\n\t<meta name=\"twitter:data1\" content=\"greatreset\" \/>\n\t<meta name=\"twitter:label2\" content=\"Gesch\u00e4tzte Lesezeit\" \/>\n\t<meta name=\"twitter:data2\" content=\"2\u00a0Minuten\" \/>\n<script type=\"application\/ld+json\" class=\"yoast-schema-graph\">{\"@context\":\"https:\/\/schema.org\",\"@graph\":[{\"@type\":\"Article\",\"@id\":\"https:\/\/now-news.de\/de\/usa\/weitere-beweise-die-polizei-hat-die-schiesserei-auf-uvalde-misshandelt-direkt-aus-dem-mund-des-polizeichefs-die-leute-werden-fragen-warum-wir-so-lange-brauchen\/#article\",\"isPartOf\":{\"@id\":\"https:\/\/now-news.de\/de\/usa\/weitere-beweise-die-polizei-hat-die-schiesserei-auf-uvalde-misshandelt-direkt-aus-dem-mund-des-polizeichefs-die-leute-werden-fragen-warum-wir-so-lange-brauchen\/\"},\"author\":{\"name\":\"greatreset\",\"@id\":\"https:\/\/now-news.de\/de\/#\/schema\/person\/8afb4cd92b68572db7902c13a349ffcb\"},\"headline\":\"Weitere Beweise: Die Polizei hat die Schie\u00dferei auf Uvalde misshandelt, direkt aus dem Mund des Polizeichefs: \u201eDie Leute werden fragen, warum wir so lange brauchen\u201c\",\"datePublished\":\"2022-06-10T14:30:00+00:00\",\"dateModified\":\"2022-06-10T14:30:00+00:00\",\"mainEntityOfPage\":{\"@id\":\"https:\/\/now-news.de\/de\/usa\/weitere-beweise-die-polizei-hat-die-schiesserei-auf-uvalde-misshandelt-direkt-aus-dem-mund-des-polizeichefs-die-leute-werden-fragen-warum-wir-so-lange-brauchen\/\"},\"wordCount\":386,\"commentCount\":0,\"publisher\":{\"@id\":\"https:\/\/now-news.de\/de\/#organization\"},\"image\":{\"@id\":\"https:\/\/now-news.de\/de\/usa\/weitere-beweise-die-polizei-hat-die-schiesserei-auf-uvalde-misshandelt-direkt-aus-dem-mund-des-polizeichefs-die-leute-werden-fragen-warum-wir-so-lange-brauchen\/#primaryimage\"},\"thumbnailUrl\":\"https:\/\/now-news.de\/de\/wp-content\/uploads\/sites\/3\/2022\/05\/Die-Uvalde-Rob-Grundschule-war-aufgrund-von-Schuessen-in-der-Gegend-abgeriegelt.jpeg\",\"keywords\":[\"AUF\",\"aus\",\"Beweise\",\"BRAUCHEN\",\"DEM\",\"des\",\"die\",\"direkt\",\"Fragen\",\"hat\",\"lange\",\"Leute\",\"misshandelt\",\"Mund\",\"Polizei\",\"Polizeichefs\",\"Schie\u00dferei\",\"Uvalde\",\"Warum\",\"weitere\",\"Werden\",\"Wir\"],\"articleSection\":[\"USA\"],\"inLanguage\":\"de\",\"potentialAction\":[{\"@type\":\"CommentAction\",\"name\":\"Comment\",\"target\":[\"https:\/\/now-news.de\/de\/usa\/weitere-beweise-die-polizei-hat-die-schiesserei-auf-uvalde-misshandelt-direkt-aus-dem-mund-des-polizeichefs-die-leute-werden-fragen-warum-wir-so-lange-brauchen\/#respond\"]}]},{\"@type\":\"WebPage\",\"@id\":\"https:\/\/now-news.de\/de\/usa\/weitere-beweise-die-polizei-hat-die-schiesserei-auf-uvalde-misshandelt-direkt-aus-dem-mund-des-polizeichefs-die-leute-werden-fragen-warum-wir-so-lange-brauchen\/\",\"url\":\"https:\/\/now-news.de\/de\/usa\/weitere-beweise-die-polizei-hat-die-schiesserei-auf-uvalde-misshandelt-direkt-aus-dem-mund-des-polizeichefs-die-leute-werden-fragen-warum-wir-so-lange-brauchen\/\",\"name\":\"Weitere Beweise: Die Polizei hat die Schie\u00dferei auf Uvalde misshandelt, direkt aus dem Mund des Polizeichefs: \u201eDie Leute werden fragen, warum wir so lange brauchen\u201c - just-now.NEWS Deutschland\",\"isPartOf\":{\"@id\":\"https:\/\/now-news.de\/de\/#website\"},\"primaryImageOfPage\":{\"@id\":\"https:\/\/now-news.de\/de\/usa\/weitere-beweise-die-polizei-hat-die-schiesserei-auf-uvalde-misshandelt-direkt-aus-dem-mund-des-polizeichefs-die-leute-werden-fragen-warum-wir-so-lange-brauchen\/#primaryimage\"},\"image\":{\"@id\":\"https:\/\/now-news.de\/de\/usa\/weitere-beweise-die-polizei-hat-die-schiesserei-auf-uvalde-misshandelt-direkt-aus-dem-mund-des-polizeichefs-die-leute-werden-fragen-warum-wir-so-lange-brauchen\/#primaryimage\"},\"thumbnailUrl\":\"https:\/\/now-news.de\/de\/wp-content\/uploads\/sites\/3\/2022\/05\/Die-Uvalde-Rob-Grundschule-war-aufgrund-von-Schuessen-in-der-Gegend-abgeriegelt.jpeg\",\"datePublished\":\"2022-06-10T14:30:00+00:00\",\"dateModified\":\"2022-06-10T14:30:00+00:00\",\"breadcrumb\":{\"@id\":\"https:\/\/now-news.de\/de\/usa\/weitere-beweise-die-polizei-hat-die-schiesserei-auf-uvalde-misshandelt-direkt-aus-dem-mund-des-polizeichefs-die-leute-werden-fragen-warum-wir-so-lange-brauchen\/#breadcrumb\"},\"inLanguage\":\"de\",\"potentialAction\":[{\"@type\":\"ReadAction\",\"target\":[\"https:\/\/now-news.de\/de\/usa\/weitere-beweise-die-polizei-hat-die-schiesserei-auf-uvalde-misshandelt-direkt-aus-dem-mund-des-polizeichefs-die-leute-werden-fragen-warum-wir-so-lange-brauchen\/\"]}]},{\"@type\":\"ImageObject\",\"inLanguage\":\"de\",\"@id\":\"https:\/\/now-news.de\/de\/usa\/weitere-beweise-die-polizei-hat-die-schiesserei-auf-uvalde-misshandelt-direkt-aus-dem-mund-des-polizeichefs-die-leute-werden-fragen-warum-wir-so-lange-brauchen\/#primaryimage\",\"url\":\"https:\/\/now-news.de\/de\/wp-content\/uploads\/sites\/3\/2022\/05\/Die-Uvalde-Rob-Grundschule-war-aufgrund-von-Schuessen-in-der-Gegend-abgeriegelt.jpeg\",\"contentUrl\":\"https:\/\/now-news.de\/de\/wp-content\/uploads\/sites\/3\/2022\/05\/Die-Uvalde-Rob-Grundschule-war-aufgrund-von-Schuessen-in-der-Gegend-abgeriegelt.jpeg\",\"width\":1024,\"height\":576},{\"@type\":\"BreadcrumbList\",\"@id\":\"https:\/\/now-news.de\/de\/usa\/weitere-beweise-die-polizei-hat-die-schiesserei-auf-uvalde-misshandelt-direkt-aus-dem-mund-des-polizeichefs-die-leute-werden-fragen-warum-wir-so-lange-brauchen\/#breadcrumb\",\"itemListElement\":[{\"@type\":\"ListItem\",\"position\":1,\"name\":\"Home\",\"item\":\"https:\/\/now-news.de\/de\/\"},{\"@type\":\"ListItem\",\"position\":2,\"name\":\"Weitere Beweise: Die Polizei hat die Schie\u00dferei auf Uvalde misshandelt, direkt aus dem Mund des Polizeichefs: \u201eDie Leute werden fragen, warum wir so lange brauchen\u201c\"}]},{\"@type\":\"WebSite\",\"@id\":\"https:\/\/now-news.de\/de\/#website\",\"url\":\"https:\/\/now-news.de\/de\/\",\"name\":\"just-now.NEWS Deutschland\",\"description\":\"Das Portal f\u00fcr unzensierte Nachrichten aus der Welt\",\"publisher\":{\"@id\":\"https:\/\/now-news.de\/de\/#organization\"},\"potentialAction\":[{\"@type\":\"SearchAction\",\"target\":{\"@type\":\"EntryPoint\",\"urlTemplate\":\"https:\/\/now-news.de\/de\/?s={search_term_string}\"},\"query-input\":\"required name=search_term_string\"}],\"inLanguage\":\"de\"},{\"@type\":\"Organization\",\"@id\":\"https:\/\/now-news.de\/de\/#organization\",\"name\":\"Just Now News\",\"url\":\"https:\/\/now-news.de\/de\/\",\"logo\":{\"@type\":\"ImageObject\",\"inLanguage\":\"de\",\"@id\":\"https:\/\/now-news.de\/de\/#\/schema\/logo\/image\/\",\"url\":\"http:\/\/just-now.news\/de\/wp-content\/uploads\/sites\/3\/2022\/04\/logo500x500.jpg\",\"contentUrl\":\"http:\/\/just-now.news\/de\/wp-content\/uploads\/sites\/3\/2022\/04\/logo500x500.jpg\",\"width\":500,\"height\":500,\"caption\":\"Just Now News\"},\"image\":{\"@id\":\"https:\/\/now-news.de\/de\/#\/schema\/logo\/image\/\"},\"sameAs\":[\"https:\/\/www.facebook.com\/wirmachenauf\",\"https:\/\/x.com\/WirMachenAuf_de\"]},{\"@type\":\"Person\",\"@id\":\"https:\/\/now-news.de\/de\/#\/schema\/person\/8afb4cd92b68572db7902c13a349ffcb\",\"name\":\"greatreset\",\"image\":{\"@type\":\"ImageObject\",\"inLanguage\":\"de\",\"@id\":\"https:\/\/now-news.de\/de\/#\/schema\/person\/image\/\",\"url\":\"https:\/\/secure.gravatar.com\/avatar\/a088df625d49991c090e78c8b9542592?s=96&d=mm&r=g\",\"contentUrl\":\"https:\/\/secure.gravatar.com\/avatar\/a088df625d49991c090e78c8b9542592?s=96&d=mm&r=g\",\"caption\":\"greatreset\"},\"url\":\"https:\/\/now-news.de\/de\/author\/greatreset\/\"}]}<\/script>\n<!-- \/ Yoast SEO Premium plugin. -->","yoast_head_json":{"title":"Weitere Beweise: Die Polizei hat die Schie\u00dferei auf Uvalde misshandelt, direkt aus dem Mund des Polizeichefs: \u201eDie Leute werden fragen, warum wir so lange brauchen\u201c - just-now.NEWS Deutschland","robots":{"index":"index","follow":"follow","max-snippet":"max-snippet:-1","max-image-preview":"max-image-preview:large","max-video-preview":"max-video-preview:-1"},"canonical":"https:\/\/now-news.de\/de\/usa\/weitere-beweise-die-polizei-hat-die-schiesserei-auf-uvalde-misshandelt-direkt-aus-dem-mund-des-polizeichefs-die-leute-werden-fragen-warum-wir-so-lange-brauchen\/","og_locale":"de_DE","og_type":"article","og_title":"Weitere Beweise: Die Polizei hat die Schie\u00dferei auf Uvalde misshandelt, direkt aus dem Mund des Polizeichefs: \u201eDie Leute werden fragen, warum wir so lange brauchen\u201c","og_description":"Der Polizeichef des Schulbezirks von Uvalde war sich bewusst, dass Sch\u00fcler und ein Lehrer in einem Klassenzimmer der Robb-Grundschule, in dem ein Sch\u00fctze bereits mehrere Kinder get\u00f6tet hatte, noch am Leben waren. H\u00e4uptling Pete Arredondo war besorgt \u00fcber die Zeit, die es dauerte, Schilde f\u00fcr Beamte zu beschaffen und Schl\u00fcssel f\u00fcr das Klassenzimmer zu finden, [&hellip;]","og_url":"https:\/\/now-news.de\/de\/usa\/weitere-beweise-die-polizei-hat-die-schiesserei-auf-uvalde-misshandelt-direkt-aus-dem-mund-des-polizeichefs-die-leute-werden-fragen-warum-wir-so-lange-brauchen\/","og_site_name":"just-now.NEWS Deutschland","article_publisher":"https:\/\/www.facebook.com\/wirmachenauf","article_published_time":"2022-06-10T14:30:00+00:00","og_image":[{"width":1024,"height":576,"url":"https:\/\/now-news.de\/de\/wp-content\/uploads\/sites\/3\/2022\/05\/Die-Uvalde-Rob-Grundschule-war-aufgrund-von-Schuessen-in-der-Gegend-abgeriegelt.jpeg","type":"image\/jpeg"}],"author":"greatreset","twitter_card":"summary_large_image","twitter_creator":"@WirMachenAuf_de","twitter_site":"@WirMachenAuf_de","twitter_misc":{"Verfasst von":"greatreset","Gesch\u00e4tzte Lesezeit":"2\u00a0Minuten"},"schema":{"@context":"https:\/\/schema.org","@graph":[{"@type":"Article","@id":"https:\/\/now-news.de\/de\/usa\/weitere-beweise-die-polizei-hat-die-schiesserei-auf-uvalde-misshandelt-direkt-aus-dem-mund-des-polizeichefs-die-leute-werden-fragen-warum-wir-so-lange-brauchen\/#article","isPartOf":{"@id":"https:\/\/now-news.de\/de\/usa\/weitere-beweise-die-polizei-hat-die-schiesserei-auf-uvalde-misshandelt-direkt-aus-dem-mund-des-polizeichefs-die-leute-werden-fragen-warum-wir-so-lange-brauchen\/"},"author":{"name":"greatreset","@id":"https:\/\/now-news.de\/de\/#\/schema\/person\/8afb4cd92b68572db7902c13a349ffcb"},"headline":"Weitere Beweise: Die Polizei hat die Schie\u00dferei auf Uvalde misshandelt, direkt aus dem Mund des Polizeichefs: \u201eDie Leute werden fragen, warum wir so lange brauchen\u201c","datePublished":"2022-06-10T14:30:00+00:00","dateModified":"2022-06-10T14:30:00+00:00","mainEntityOfPage":{"@id":"https:\/\/now-news.de\/de\/usa\/weitere-beweise-die-polizei-hat-die-schiesserei-auf-uvalde-misshandelt-direkt-aus-dem-mund-des-polizeichefs-die-leute-werden-fragen-warum-wir-so-lange-brauchen\/"},"wordCount":386,"commentCount":0,"publisher":{"@id":"https:\/\/now-news.de\/de\/#organization"},"image":{"@id":"https:\/\/now-news.de\/de\/usa\/weitere-beweise-die-polizei-hat-die-schiesserei-auf-uvalde-misshandelt-direkt-aus-dem-mund-des-polizeichefs-die-leute-werden-fragen-warum-wir-so-lange-brauchen\/#primaryimage"},"thumbnailUrl":"https:\/\/now-news.de\/de\/wp-content\/uploads\/sites\/3\/2022\/05\/Die-Uvalde-Rob-Grundschule-war-aufgrund-von-Schuessen-in-der-Gegend-abgeriegelt.jpeg","keywords":["AUF","aus","Beweise","BRAUCHEN","DEM","des","die","direkt","Fragen","hat","lange","Leute","misshandelt","Mund","Polizei","Polizeichefs","Schie\u00dferei","Uvalde","Warum","weitere","Werden","Wir"],"articleSection":["USA"],"inLanguage":"de","potentialAction":[{"@type":"CommentAction","name":"Comment","target":["https:\/\/now-news.de\/de\/usa\/weitere-beweise-die-polizei-hat-die-schiesserei-auf-uvalde-misshandelt-direkt-aus-dem-mund-des-polizeichefs-die-leute-werden-fragen-warum-wir-so-lange-brauchen\/#respond"]}]},{"@type":"WebPage","@id":"https:\/\/now-news.de\/de\/usa\/weitere-beweise-die-polizei-hat-die-schiesserei-auf-uvalde-misshandelt-direkt-aus-dem-mund-des-polizeichefs-die-leute-werden-fragen-warum-wir-so-lange-brauchen\/","url":"https:\/\/now-news.de\/de\/usa\/weitere-beweise-die-polizei-hat-die-schiesserei-auf-uvalde-misshandelt-direkt-aus-dem-mund-des-polizeichefs-die-leute-werden-fragen-warum-wir-so-lange-brauchen\/","name":"Weitere Beweise: Die Polizei hat die Schie\u00dferei auf Uvalde misshandelt, direkt aus dem Mund des Polizeichefs: \u201eDie Leute werden fragen, warum wir so lange brauchen\u201c - just-now.NEWS Deutschland","isPartOf":{"@id":"https:\/\/now-news.de\/de\/#website"},"primaryImageOfPage":{"@id":"https:\/\/now-news.de\/de\/usa\/weitere-beweise-die-polizei-hat-die-schiesserei-auf-uvalde-misshandelt-direkt-aus-dem-mund-des-polizeichefs-die-leute-werden-fragen-warum-wir-so-lange-brauchen\/#primaryimage"},"image":{"@id":"https:\/\/now-news.de\/de\/usa\/weitere-beweise-die-polizei-hat-die-schiesserei-auf-uvalde-misshandelt-direkt-aus-dem-mund-des-polizeichefs-die-leute-werden-fragen-warum-wir-so-lange-brauchen\/#primaryimage"},"thumbnailUrl":"https:\/\/now-news.de\/de\/wp-content\/uploads\/sites\/3\/2022\/05\/Die-Uvalde-Rob-Grundschule-war-aufgrund-von-Schuessen-in-der-Gegend-abgeriegelt.jpeg","datePublished":"2022-06-10T14:30:00+00:00","dateModified":"2022-06-10T14:30:00+00:00","breadcrumb":{"@id":"https:\/\/now-news.de\/de\/usa\/weitere-beweise-die-polizei-hat-die-schiesserei-auf-uvalde-misshandelt-direkt-aus-dem-mund-des-polizeichefs-die-leute-werden-fragen-warum-wir-so-lange-brauchen\/#breadcrumb"},"inLanguage":"de","potentialAction":[{"@type":"ReadAction","target":["https:\/\/now-news.de\/de\/usa\/weitere-beweise-die-polizei-hat-die-schiesserei-auf-uvalde-misshandelt-direkt-aus-dem-mund-des-polizeichefs-die-leute-werden-fragen-warum-wir-so-lange-brauchen\/"]}]},{"@type":"ImageObject","inLanguage":"de","@id":"https:\/\/now-news.de\/de\/usa\/weitere-beweise-die-polizei-hat-die-schiesserei-auf-uvalde-misshandelt-direkt-aus-dem-mund-des-polizeichefs-die-leute-werden-fragen-warum-wir-so-lange-brauchen\/#primaryimage","url":"https:\/\/now-news.de\/de\/wp-content\/uploads\/sites\/3\/2022\/05\/Die-Uvalde-Rob-Grundschule-war-aufgrund-von-Schuessen-in-der-Gegend-abgeriegelt.jpeg","contentUrl":"https:\/\/now-news.de\/de\/wp-content\/uploads\/sites\/3\/2022\/05\/Die-Uvalde-Rob-Grundschule-war-aufgrund-von-Schuessen-in-der-Gegend-abgeriegelt.jpeg","width":1024,"height":576},{"@type":"BreadcrumbList","@id":"https:\/\/now-news.de\/de\/usa\/weitere-beweise-die-polizei-hat-die-schiesserei-auf-uvalde-misshandelt-direkt-aus-dem-mund-des-polizeichefs-die-leute-werden-fragen-warum-wir-so-lange-brauchen\/#breadcrumb","itemListElement":[{"@type":"ListItem","position":1,"name":"Home","item":"https:\/\/now-news.de\/de\/"},{"@type":"ListItem","position":2,"name":"Weitere Beweise: Die Polizei hat die Schie\u00dferei auf Uvalde misshandelt, direkt aus dem Mund des Polizeichefs: \u201eDie Leute werden fragen, warum wir so lange brauchen\u201c"}]},{"@type":"WebSite","@id":"https:\/\/now-news.de\/de\/#website","url":"https:\/\/now-news.de\/de\/","name":"just-now.NEWS Deutschland","description":"Das Portal f\u00fcr unzensierte Nachrichten aus der Welt","publisher":{"@id":"https:\/\/now-news.de\/de\/#organization"},"potentialAction":[{"@type":"SearchAction","target":{"@type":"EntryPoint","urlTemplate":"https:\/\/now-news.de\/de\/?s={search_term_string}"},"query-input":"required name=search_term_string"}],"inLanguage":"de"},{"@type":"Organization","@id":"https:\/\/now-news.de\/de\/#organization","name":"Just Now News","url":"https:\/\/now-news.de\/de\/","logo":{"@type":"ImageObject","inLanguage":"de","@id":"https:\/\/now-news.de\/de\/#\/schema\/logo\/image\/","url":"http:\/\/just-now.news\/de\/wp-content\/uploads\/sites\/3\/2022\/04\/logo500x500.jpg","contentUrl":"http:\/\/just-now.news\/de\/wp-content\/uploads\/sites\/3\/2022\/04\/logo500x500.jpg","width":500,"height":500,"caption":"Just Now News"},"image":{"@id":"https:\/\/now-news.de\/de\/#\/schema\/logo\/image\/"},"sameAs":["https:\/\/www.facebook.com\/wirmachenauf","https:\/\/x.com\/WirMachenAuf_de"]},{"@type":"Person","@id":"https:\/\/now-news.de\/de\/#\/schema\/person\/8afb4cd92b68572db7902c13a349ffcb","name":"greatreset","image":{"@type":"ImageObject","inLanguage":"de","@id":"https:\/\/now-news.de\/de\/#\/schema\/person\/image\/","url":"https:\/\/secure.gravatar.com\/avatar\/a088df625d49991c090e78c8b9542592?s=96&d=mm&r=g","contentUrl":"https:\/\/secure.gravatar.com\/avatar\/a088df625d49991c090e78c8b9542592?s=96&d=mm&r=g","caption":"greatreset"},"url":"https:\/\/now-news.de\/de\/author\/greatreset\/"}]}},"_links":{"self":[{"href":"https:\/\/now-news.de\/de\/wp-json\/wp\/v2\/posts\/10451"}],"collection":[{"href":"https:\/\/now-news.de\/de\/wp-json\/wp\/v2\/posts"}],"about":[{"href":"https:\/\/now-news.de\/de\/wp-json\/wp\/v2\/types\/post"}],"author":[{"embeddable":true,"href":"https:\/\/now-news.de\/de\/wp-json\/wp\/v2\/users\/5"}],"replies":[{"embeddable":true,"href":"https:\/\/now-news.de\/de\/wp-json\/wp\/v2\/comments?post=10451"}],"version-history":[{"count":0,"href":"https:\/\/now-news.de\/de\/wp-json\/wp\/v2\/posts\/10451\/revisions"}],"wp:featuredmedia":[{"embeddable":true,"href":"https:\/\/now-news.de\/de\/wp-json\/wp\/v2\/media\/9081"}],"wp:attachment":[{"href":"https:\/\/now-news.de\/de\/wp-json\/wp\/v2\/media?parent=10451"}],"wp:term":[{"taxonomy":"category","embeddable":true,"href":"https:\/\/now-news.de\/de\/wp-json\/wp\/v2\/categories?post=10451"},{"taxonomy":"post_tag","embeddable":true,"href":"https:\/\/now-news.de\/de\/wp-json\/wp\/v2\/tags?post=10451"}],"curies":[{"name":"wp","href":"https:\/\/api.w.org\/{rel}","templated":true}]}}