{"id":10404,"date":"2022-06-10T06:15:45","date_gmt":"2022-06-10T04:15:45","guid":{"rendered":"http:\/\/just-now.news\/de\/deutschland\/die-notwendigkeit-des-schmerzes\/"},"modified":"2022-06-10T06:15:45","modified_gmt":"2022-06-10T04:15:45","slug":"die-notwendigkeit-des-schmerzes","status":"publish","type":"post","link":"https:\/\/now-news.de\/de\/deutschland\/die-notwendigkeit-des-schmerzes\/","title":{"rendered":"Die Not(wendigkeit) des Schmerzes"},"content":{"rendered":"<p><img decoding=\"async\" src=\"http:\/\/just-now.news\/de\/wp-content\/uploads\/sites\/3\/2022\/06\/62a208ce48fbef44e37e3fd4.jpg\" \/><\/p>\n<div class=\"Text-root Text-type_1 \">\n                Verlieren ist f\u00fcr die Deutschen keine Option. In Anbetracht der eigenen Geschichte sollte diese gef\u00e4hrlich selbstbewusste Haltung eigentlich um mindestens einen, besser noch zwei G\u00e4nge zur\u00fcckgeschaltet werden. Aber davon sind wir weit entfernt.\n            <\/div>\n<p><\/p>\n<div class=\"Text-root Text-type_5 ArticleView-text ViewText-root \">\n<p><em>von Tom J. Wellbrock<\/em><\/p>\n<p>Immer wieder wird dieser Tage \u00fcber die Kriegsziele der Ukraine diskutiert. Einigkeit dar\u00fcber, welche das sein k\u00f6nnten, herrscht zwar nicht, aber die Forderung, die Ukraine m\u00fcsse diesen Krieg gewinnen, st\u00f6\u00dft meist auf Gegenliebe, wenngleich ohne eine genaue Vorstellung davon, wie genau dieses (oder jenes, oder wieder ein anderes) Kriegsziel eigentlich realisiert werden soll.<\/p>\n<p>\u00c4hnlich sorglos gehen Medien, Politik und Teile der Bev\u00f6lkerung mit der Frage um, welche Konsequenzen Deutschland im Falle eines Gas- und\/oder \u00d6l-Embargos drohen. &#8220;Wird schon nicht so schlimm werden&#8221;, scheint der allgemeine Tenor zu sein. Wir stellen halt auf erneuerbare Energien um, kaufen \u00d6l und Gas bei anderen Staaten (die vielleicht nicht gerade als Demokratien zu bezeichnen sind, in denen aber Putin nicht der Machthaber ist) und machen \u00f6fter die Heizung aus. Und wenn es sp\u00e4ter zu k\u00fchl wird, drehen wir rebellisch und allen Diktatoren dieser Welt schadend das Ding auf 2 oder 3 runter.\u00a0Passt schon.<\/p>\n<p><strong>Wird schon nichts passieren?<\/strong><\/p>\n<p>Ein kleines bisschen Ehrlichkeit kann man Robert Habeck (Die Gr\u00fcnen) nicht absprechen, wenn er \u00fcber die Sanktionen gegen Russland <a rel=\"nofollow noopener\" target=\"_blank\" href=\"https:\/\/m.focus.de\/politik\/ausland\/ukraine-krise\/im-zdf-habeck-ueber-die-folgen-der-russland-sanktionen-wir-werden-dadurch-aermer-werden_id_76610966.html\">sagt<\/a>: &#8220;Wir werden dadurch \u00e4rmer werden.&#8221; Gleichzeitig transportieren er und faktisch nahezu der ganze Rest der Politik in Berlin (Ausnahmen best\u00e4tigen die Regel) aber eine Art Unverwundbarkeit.<\/p>\n<p>Da ist von Solidarit\u00e4t die Rede, von den Opfern der Menschen in der Ukraine, von der Pflicht der Deutschen, sich am Kampf gegen Putin zu beteiligen, denn die Freiheit wird eben gerade in der Ukraine verteidigt, wir wissen das.<\/p>\n<p>Doch was steckt hinter den Durchhalteparolen? Nat\u00fcrlich lassen sich immer irgendwelche \u00d6konomen ausgraben, die abwinken ob der wirtschaftlichen Gefahren und bes\u00e4nftigen, ein R\u00fcckgang des Bruttoinlandsproduktes (BIP) von drei bis sechs Prozent sei zwar zu erwarten, aber kein gro\u00dfes Problem. BASF-Chef Martin Bruderm\u00fcller kommt aus der Praxis und sagt zu derlei Sch\u00e4tzungen: &#8220;Das ist doch abenteuerlich!&#8221;<\/p>\n<p>Denn tats\u00e4chlich ist es insbesondere das Gas, an deren Tropf unsere Wirtschaft, unser Konsum und unser Wohlstand h\u00e4ngen. Dazu Bruderm\u00fcller:<\/p>\n<blockquote>\n<p><em>&#8220;Wir stellen Produkte am Anfang der industriellen Wertsch\u00f6pfungsketten her, die weiterverarbeitet werden in Autoindustrie, Gesundheitsbranche, Konsum. \u00dcberall. Das alles bricht zusammen, wenn wir die Produktion runterfahren m\u00fcssen. Chemiekonzerne wie BASF sind in bedeutenden Teilen systemrelevant, aber nat\u00fcrlich auch nicht mit jedem Produkt. Und wer glaubt, das Gas lie\u00dfe sich schnell aus anderen Quellen ersetzen, der irrt. \u00d6l kann man auf dem Globus schneller hin- und herverteilen, das kann man woanders kaufen. Das geht mit Gas nicht.&#8221;<\/em><em><\/em><\/p>\n<\/blockquote>\n<p>Glaubt man Bruderm\u00fcller \u2013 und es besteht kaum Anlass, das in diesem Zusammenhang nicht zu tun \u2013, gehen wir auf eine ernste Lage zu, wenn die drastische Sanktionspolitik weiterbetrieben wird.<\/p>\n<p><strong>Dann hilft eben der Staat!<\/strong><\/p>\n<p>Sicher, immer wenn es der Wirtschaft dreckig geht (zumindest der, die so gro\u00df ist, dass sie als sch\u00fctzenswert erachtet wird), kommt der Staat um die Ecke und rettet die Situation. Haben wir doch bei der Finanzkrise gesehen. Abgesehen davon, dass das schon zu kurz gedacht ist, weil die vermeintlichen &#8220;Rettungen&#8221; das Problem nicht beseitigt, sondern nur ein kleines St\u00fcck nach vorn geschoben haben, wird das bei den Sanktionen von Gas aus Russland ohnehin nicht so einfach funktionieren. Erneut <a rel=\"nofollow noopener\" target=\"_blank\" href=\"https:\/\/www.focus.de\/magazin\/archiv\/interview-wollen-wir-unsere-wirtschaft-in-den-abgrund-stossen_id_78086989.html\">\u00e4u\u00dfert<\/a> sich Bruderm\u00fcller zur Idee des staatlichen Eingriffs, wenn es eng werden sollte:<\/p>\n<blockquote>\n<p><em>&#8220;Noch so eine abenteuerliche Idee. Wahr ist, dass die Existenz von Hunderten Betrieben und Hunderttausende Arbeitspl\u00e4tze auf dem Spiel stehen. Allein die gestiegenen Energiepreise haben unser Unternehmen 2021 mit 1,5 Milliarden Euro zus\u00e4tzlich belastet. Wir als BASF k\u00f6nnen das eher aushalten, aber kleine Firmen, die sich ohnehin schon nach der Decke strecken, kommen da an den Anschlag. Ich glaube, dass viele Firmen daran bankrottgehen.&#8221;<\/em><em><\/em><\/p>\n<\/blockquote>\n<p><strong>Gekommen, um zu leiden<\/strong><\/p>\n<p>Was Bruderm\u00fcller und viele andere Experten ansprechen und beschreiben, d\u00fcrfte in letzter Konsequenz sogar noch weit hinter dem zur\u00fcckbleiben, was uns erwarten kann, wenn die Bundesregierung weiter an ihrer Sanktionspolitik festh\u00e4lt. Und genau davon ist auszugehen. Die politischen Entscheidungstr\u00e4ger sind eine Kombination aus Inkompetenz und \u00fcber uns kreisenden Falken, die nicht oder nicht mehr in der Lage sind, eine realistische Einsch\u00e4tzung abzugeben.<\/p>\n<p>Medienh\u00fcpfer wie Strack-Zimmermann, Beck oder Hofreiter haben zwar \u00fcber Talkshows hinaus wenig bis nichts zu sagen. Sie pr\u00e4gen aber das mediale und somit gesellschaftliche Bild der Sanktionen. Sie seien alternativlos. Und dann sterben ja jeden Tag Menschen in der Ukraine. Dass dieses Sterben weder mit den Sanktionen noch mit der Lieferung aller m\u00f6glichen Waffen beendet wird, klammern sie aus. So wird das Argument in einem zynischen Sinne zum Totschlagargument.<\/p>\n<p>W\u00e4hrenddessen werden (zeitlich begrenzt) Tankrabatte gew\u00e4hrt, das Energiegeld ausgezahlt (wer Gl\u00fcck hat, bekommt es sogar), das 9-Euro-Ticket verstreut die Deutschen \u00fcberall hin, wo sie der Regionalverkehr hinbringen kann (wenn sie denn einen Platz bekommen und das Fahrrad zuhause lassen). Doch diese Tropfen auf einen kochend hei\u00dfen Stein werden nichts ausrichten k\u00f6nnen, wenn der Herbst kommt. Und der Winter. Und der n\u00e4chste Jahreswechsel.<\/p>\n<p>Waren die Einschr\u00e4nkungen vor Corona &#8220;Naturgewalten&#8221; wie schlecht gelaunten M\u00e4rkten geschuldet, die Entbehrungen w\u00e4hrend Corona einem kleinen stacheligen Feind zuzuschreiben und die bisherigen Defiziterscheinungen einem Krieg in der Ukraine zu verdanken, wird auch die weitere Entwicklung abermals mit der herrschenden Politik offiziell nichts zu tun haben. Feinde gibt es immer, die Frage ist nur, welchen Namen sie bekommen.<\/p>\n<p><strong>Der notwendige Schmerz<\/strong><\/p>\n<p>Letztlich ist es der naive Glaube, vielleicht auch der deutsche Gr\u00f6\u00dfenwahn, der dazu f\u00fchrt, nicht verwundet werden zu k\u00f6nnen. Es geht uns schon so lange so gut, da wird auch der derzeitige Konflikt schon irgendwie bew\u00e4ltigt werden. Die Tatsache, dass es schon l\u00e4nger nicht mehr gut ist und f\u00fcr immer mehr Menschen immer schlechter wird, mag noch eine Weile ausgeblendet werden k\u00f6nnen. Doch das wird nicht ewig so weitergehen.<\/p>\n<p>Schon lange ist auch die Mittelschicht vom Abstieg betroffen. Oliver Nachtwey hat schon vor einigen Jahren darauf aufmerksam gemacht, dass auch der scheinbar sichere Mittelstand in einen oberen, mittleren und unteren Mittelstand aufgeteilt werden muss. Relativ sicher war schon damals eigentlich nur der obere Mittelstand.<\/p>\n<p>Die Spirale dreht sich weiter. Und sie wird sich hineinfr\u00e4sen in den Mittelstand, wird immer mehr Menschen in Not bringen. Es werden viele sein, die sich das heute nicht vorstellen k\u00f6nnen, die immer noch glauben, die Bundesregierung regele das schon und habe ihr Wohl im Blick. Doch wenn sich an der feindseligen deutschen Politik nichts \u00e4ndert und die wirtschaftlichen Verwerfungen, die auf uns zurasen, weiterhin ignoriert werden, wird es fr\u00fcher oder sp\u00e4ter f\u00fcr viele Menschen keinen Ausweg mehr geben.<\/p>\n<p>Diese Aussicht stellt nicht nur unz\u00e4hlige Individuen vor schwere bis nicht zu meisternde Herausforderungen. Sie wird auch der Gesellschaft einen herben Schlag versetzen. Vom B\u00fcrgerkrieg soll hier noch nicht die Rede sein.<\/p>\n<p>Aber es ist sicher sinnvoll, ihn als konkrete Gefahr im Hinterkopf zu behalten.<\/p>\n<p><strong>Mehr zum Thema<\/strong> &#8211; <a rel=\"nofollow noopener\" target=\"_blank\" href=\"https:\/\/test.rtde.tech\/inland\/136037-gasnotlage-neuer-bundesnetzagentur-chef-burger\/\">Bundesnetzagentur-Chef: Bei Gasnotlage bleiben Saunen und Single-Wohnungen kalt<\/a><\/p>\n<\/p>\n<p>\u00a0<\/p>\n<\/div>\n<p><br \/>\n<br \/><a href=\"https:\/\/de.rt.com\/meinung\/140655-notwendigkeit-schmerzes\/\">Source link <\/a><\/p>\n","protected":false},"excerpt":{"rendered":"<p>Verlieren ist f\u00fcr die Deutschen keine Option. In Anbetracht der eigenen Geschichte sollte diese gef\u00e4hrlich selbstbewusste Haltung eigentlich um mindestens einen, besser noch zwei G\u00e4nge zur\u00fcckgeschaltet werden. Aber davon sind wir weit entfernt. von Tom J. Wellbrock Immer wieder wird dieser Tage \u00fcber die Kriegsziele der Ukraine diskutiert. Einigkeit dar\u00fcber, welche das sein k\u00f6nnten, herrscht [&hellip;]<\/p>\n","protected":false},"author":3,"featured_media":10405,"comment_status":"open","ping_status":"open","sticky":false,"template":"","format":"standard","meta":{"wp_automatic_camp":["217"],"4377464b9713b4bcd7d0e3216e717d99":["Die Not(wendigkeit) des Schmerzes"],"original_link":["https:\/\/de.rt.com\/meinung\/140655-notwendigkeit-schmerzes\/"],"_thumbnail_id":["10405"],"_wptg_p2tg_sent2tg":["2022-06-10 06:23:21"],"jnews_social_counter_last_update":["1777397376"]},"categories":[19,23],"tags":[583,45,23890,23891],"yoast_head":"<!-- This site is optimized with the Yoast SEO Premium plugin v22.7 (Yoast SEO v22.7) - https:\/\/yoast.com\/wordpress\/plugins\/seo\/ -->\n<title>Die Not(wendigkeit) des Schmerzes - just-now.NEWS Deutschland<\/title>\n<meta name=\"robots\" content=\"index, follow, max-snippet:-1, max-image-preview:large, max-video-preview:-1\" \/>\n<link rel=\"canonical\" href=\"https:\/\/now-news.de\/de\/deutschland\/die-notwendigkeit-des-schmerzes\/\" \/>\n<meta property=\"og:locale\" content=\"de_DE\" \/>\n<meta property=\"og:type\" content=\"article\" \/>\n<meta property=\"og:title\" content=\"Die Not(wendigkeit) des Schmerzes\" \/>\n<meta property=\"og:description\" content=\"Verlieren ist f\u00fcr die Deutschen keine Option. In Anbetracht der eigenen Geschichte sollte diese gef\u00e4hrlich selbstbewusste Haltung eigentlich um mindestens einen, besser noch zwei G\u00e4nge zur\u00fcckgeschaltet werden. Aber davon sind wir weit entfernt. von Tom J. Wellbrock Immer wieder wird dieser Tage \u00fcber die Kriegsziele der Ukraine diskutiert. Einigkeit dar\u00fcber, welche das sein k\u00f6nnten, herrscht [&hellip;]\" \/>\n<meta property=\"og:url\" content=\"https:\/\/now-news.de\/de\/deutschland\/die-notwendigkeit-des-schmerzes\/\" \/>\n<meta property=\"og:site_name\" content=\"just-now.NEWS Deutschland\" \/>\n<meta property=\"article:publisher\" content=\"https:\/\/www.facebook.com\/wirmachenauf\" \/>\n<meta property=\"article:published_time\" content=\"2022-06-10T04:15:45+00:00\" \/>\n<meta property=\"og:image\" content=\"https:\/\/now-news.de\/de\/wp-content\/uploads\/sites\/3\/2022\/06\/Die-Notwendigkeit-des-Schmerzes.jpg\" \/>\n\t<meta property=\"og:image:width\" content=\"460\" \/>\n\t<meta property=\"og:image:height\" content=\"259\" \/>\n\t<meta property=\"og:image:type\" content=\"image\/jpeg\" \/>\n<meta name=\"author\" content=\"rtnews\" \/>\n<meta name=\"twitter:card\" content=\"summary_large_image\" \/>\n<meta name=\"twitter:creator\" content=\"@WirMachenAuf_de\" \/>\n<meta name=\"twitter:site\" content=\"@WirMachenAuf_de\" \/>\n<meta name=\"twitter:label1\" content=\"Verfasst von\" \/>\n\t<meta name=\"twitter:data1\" content=\"rtnews\" \/>\n\t<meta name=\"twitter:label2\" content=\"Gesch\u00e4tzte Lesezeit\" \/>\n\t<meta name=\"twitter:data2\" content=\"6\u00a0Minuten\" \/>\n<script type=\"application\/ld+json\" class=\"yoast-schema-graph\">{\"@context\":\"https:\/\/schema.org\",\"@graph\":[{\"@type\":\"Article\",\"@id\":\"https:\/\/now-news.de\/de\/deutschland\/die-notwendigkeit-des-schmerzes\/#article\",\"isPartOf\":{\"@id\":\"https:\/\/now-news.de\/de\/deutschland\/die-notwendigkeit-des-schmerzes\/\"},\"author\":{\"name\":\"rtnews\",\"@id\":\"https:\/\/now-news.de\/de\/#\/schema\/person\/fb534a4e865501d8b3285208df34a9b5\"},\"headline\":\"Die Not(wendigkeit) des Schmerzes\",\"datePublished\":\"2022-06-10T04:15:45+00:00\",\"dateModified\":\"2022-06-10T04:15:45+00:00\",\"mainEntityOfPage\":{\"@id\":\"https:\/\/now-news.de\/de\/deutschland\/die-notwendigkeit-des-schmerzes\/\"},\"wordCount\":1195,\"commentCount\":0,\"publisher\":{\"@id\":\"https:\/\/now-news.de\/de\/#organization\"},\"image\":{\"@id\":\"https:\/\/now-news.de\/de\/deutschland\/die-notwendigkeit-des-schmerzes\/#primaryimage\"},\"thumbnailUrl\":\"https:\/\/now-news.de\/de\/wp-content\/uploads\/sites\/3\/2022\/06\/Die-Notwendigkeit-des-Schmerzes.jpg\",\"keywords\":[\"des\",\"die\",\"Notwendigkeit\",\"Schmerzes\"],\"articleSection\":[\"Deutschland\",\"Russland\"],\"inLanguage\":\"de\",\"potentialAction\":[{\"@type\":\"CommentAction\",\"name\":\"Comment\",\"target\":[\"https:\/\/now-news.de\/de\/deutschland\/die-notwendigkeit-des-schmerzes\/#respond\"]}]},{\"@type\":\"WebPage\",\"@id\":\"https:\/\/now-news.de\/de\/deutschland\/die-notwendigkeit-des-schmerzes\/\",\"url\":\"https:\/\/now-news.de\/de\/deutschland\/die-notwendigkeit-des-schmerzes\/\",\"name\":\"Die Not(wendigkeit) des Schmerzes - just-now.NEWS Deutschland\",\"isPartOf\":{\"@id\":\"https:\/\/now-news.de\/de\/#website\"},\"primaryImageOfPage\":{\"@id\":\"https:\/\/now-news.de\/de\/deutschland\/die-notwendigkeit-des-schmerzes\/#primaryimage\"},\"image\":{\"@id\":\"https:\/\/now-news.de\/de\/deutschland\/die-notwendigkeit-des-schmerzes\/#primaryimage\"},\"thumbnailUrl\":\"https:\/\/now-news.de\/de\/wp-content\/uploads\/sites\/3\/2022\/06\/Die-Notwendigkeit-des-Schmerzes.jpg\",\"datePublished\":\"2022-06-10T04:15:45+00:00\",\"dateModified\":\"2022-06-10T04:15:45+00:00\",\"breadcrumb\":{\"@id\":\"https:\/\/now-news.de\/de\/deutschland\/die-notwendigkeit-des-schmerzes\/#breadcrumb\"},\"inLanguage\":\"de\",\"potentialAction\":[{\"@type\":\"ReadAction\",\"target\":[\"https:\/\/now-news.de\/de\/deutschland\/die-notwendigkeit-des-schmerzes\/\"]}]},{\"@type\":\"ImageObject\",\"inLanguage\":\"de\",\"@id\":\"https:\/\/now-news.de\/de\/deutschland\/die-notwendigkeit-des-schmerzes\/#primaryimage\",\"url\":\"https:\/\/now-news.de\/de\/wp-content\/uploads\/sites\/3\/2022\/06\/Die-Notwendigkeit-des-Schmerzes.jpg\",\"contentUrl\":\"https:\/\/now-news.de\/de\/wp-content\/uploads\/sites\/3\/2022\/06\/Die-Notwendigkeit-des-Schmerzes.jpg\",\"width\":460,\"height\":259,\"caption\":\"Die Not(wendigkeit) des Schmerzes\"},{\"@type\":\"BreadcrumbList\",\"@id\":\"https:\/\/now-news.de\/de\/deutschland\/die-notwendigkeit-des-schmerzes\/#breadcrumb\",\"itemListElement\":[{\"@type\":\"ListItem\",\"position\":1,\"name\":\"Home\",\"item\":\"https:\/\/now-news.de\/de\/\"},{\"@type\":\"ListItem\",\"position\":2,\"name\":\"Die Not(wendigkeit) des Schmerzes\"}]},{\"@type\":\"WebSite\",\"@id\":\"https:\/\/now-news.de\/de\/#website\",\"url\":\"https:\/\/now-news.de\/de\/\",\"name\":\"just-now.NEWS Deutschland\",\"description\":\"Das Portal f\u00fcr unzensierte Nachrichten aus der Welt\",\"publisher\":{\"@id\":\"https:\/\/now-news.de\/de\/#organization\"},\"potentialAction\":[{\"@type\":\"SearchAction\",\"target\":{\"@type\":\"EntryPoint\",\"urlTemplate\":\"https:\/\/now-news.de\/de\/?s={search_term_string}\"},\"query-input\":\"required name=search_term_string\"}],\"inLanguage\":\"de\"},{\"@type\":\"Organization\",\"@id\":\"https:\/\/now-news.de\/de\/#organization\",\"name\":\"Just Now News\",\"url\":\"https:\/\/now-news.de\/de\/\",\"logo\":{\"@type\":\"ImageObject\",\"inLanguage\":\"de\",\"@id\":\"https:\/\/now-news.de\/de\/#\/schema\/logo\/image\/\",\"url\":\"http:\/\/just-now.news\/de\/wp-content\/uploads\/sites\/3\/2022\/04\/logo500x500.jpg\",\"contentUrl\":\"http:\/\/just-now.news\/de\/wp-content\/uploads\/sites\/3\/2022\/04\/logo500x500.jpg\",\"width\":500,\"height\":500,\"caption\":\"Just Now News\"},\"image\":{\"@id\":\"https:\/\/now-news.de\/de\/#\/schema\/logo\/image\/\"},\"sameAs\":[\"https:\/\/www.facebook.com\/wirmachenauf\",\"https:\/\/x.com\/WirMachenAuf_de\"]},{\"@type\":\"Person\",\"@id\":\"https:\/\/now-news.de\/de\/#\/schema\/person\/fb534a4e865501d8b3285208df34a9b5\",\"name\":\"rtnews\",\"image\":{\"@type\":\"ImageObject\",\"inLanguage\":\"de\",\"@id\":\"https:\/\/now-news.de\/de\/#\/schema\/person\/image\/\",\"url\":\"https:\/\/secure.gravatar.com\/avatar\/82aafea7d8127119dd649515f56e2117?s=96&d=mm&r=g\",\"contentUrl\":\"https:\/\/secure.gravatar.com\/avatar\/82aafea7d8127119dd649515f56e2117?s=96&d=mm&r=g\",\"caption\":\"rtnews\"},\"url\":\"https:\/\/now-news.de\/de\/author\/rnews\/\"}]}<\/script>\n<!-- \/ Yoast SEO Premium plugin. -->","yoast_head_json":{"title":"Die Not(wendigkeit) des Schmerzes - just-now.NEWS Deutschland","robots":{"index":"index","follow":"follow","max-snippet":"max-snippet:-1","max-image-preview":"max-image-preview:large","max-video-preview":"max-video-preview:-1"},"canonical":"https:\/\/now-news.de\/de\/deutschland\/die-notwendigkeit-des-schmerzes\/","og_locale":"de_DE","og_type":"article","og_title":"Die Not(wendigkeit) des Schmerzes","og_description":"Verlieren ist f\u00fcr die Deutschen keine Option. In Anbetracht der eigenen Geschichte sollte diese gef\u00e4hrlich selbstbewusste Haltung eigentlich um mindestens einen, besser noch zwei G\u00e4nge zur\u00fcckgeschaltet werden. Aber davon sind wir weit entfernt. von Tom J. Wellbrock Immer wieder wird dieser Tage \u00fcber die Kriegsziele der Ukraine diskutiert. Einigkeit dar\u00fcber, welche das sein k\u00f6nnten, herrscht [&hellip;]","og_url":"https:\/\/now-news.de\/de\/deutschland\/die-notwendigkeit-des-schmerzes\/","og_site_name":"just-now.NEWS Deutschland","article_publisher":"https:\/\/www.facebook.com\/wirmachenauf","article_published_time":"2022-06-10T04:15:45+00:00","og_image":[{"width":460,"height":259,"url":"https:\/\/now-news.de\/de\/wp-content\/uploads\/sites\/3\/2022\/06\/Die-Notwendigkeit-des-Schmerzes.jpg","type":"image\/jpeg"}],"author":"rtnews","twitter_card":"summary_large_image","twitter_creator":"@WirMachenAuf_de","twitter_site":"@WirMachenAuf_de","twitter_misc":{"Verfasst von":"rtnews","Gesch\u00e4tzte Lesezeit":"6\u00a0Minuten"},"schema":{"@context":"https:\/\/schema.org","@graph":[{"@type":"Article","@id":"https:\/\/now-news.de\/de\/deutschland\/die-notwendigkeit-des-schmerzes\/#article","isPartOf":{"@id":"https:\/\/now-news.de\/de\/deutschland\/die-notwendigkeit-des-schmerzes\/"},"author":{"name":"rtnews","@id":"https:\/\/now-news.de\/de\/#\/schema\/person\/fb534a4e865501d8b3285208df34a9b5"},"headline":"Die Not(wendigkeit) des Schmerzes","datePublished":"2022-06-10T04:15:45+00:00","dateModified":"2022-06-10T04:15:45+00:00","mainEntityOfPage":{"@id":"https:\/\/now-news.de\/de\/deutschland\/die-notwendigkeit-des-schmerzes\/"},"wordCount":1195,"commentCount":0,"publisher":{"@id":"https:\/\/now-news.de\/de\/#organization"},"image":{"@id":"https:\/\/now-news.de\/de\/deutschland\/die-notwendigkeit-des-schmerzes\/#primaryimage"},"thumbnailUrl":"https:\/\/now-news.de\/de\/wp-content\/uploads\/sites\/3\/2022\/06\/Die-Notwendigkeit-des-Schmerzes.jpg","keywords":["des","die","Notwendigkeit","Schmerzes"],"articleSection":["Deutschland","Russland"],"inLanguage":"de","potentialAction":[{"@type":"CommentAction","name":"Comment","target":["https:\/\/now-news.de\/de\/deutschland\/die-notwendigkeit-des-schmerzes\/#respond"]}]},{"@type":"WebPage","@id":"https:\/\/now-news.de\/de\/deutschland\/die-notwendigkeit-des-schmerzes\/","url":"https:\/\/now-news.de\/de\/deutschland\/die-notwendigkeit-des-schmerzes\/","name":"Die Not(wendigkeit) des Schmerzes - just-now.NEWS Deutschland","isPartOf":{"@id":"https:\/\/now-news.de\/de\/#website"},"primaryImageOfPage":{"@id":"https:\/\/now-news.de\/de\/deutschland\/die-notwendigkeit-des-schmerzes\/#primaryimage"},"image":{"@id":"https:\/\/now-news.de\/de\/deutschland\/die-notwendigkeit-des-schmerzes\/#primaryimage"},"thumbnailUrl":"https:\/\/now-news.de\/de\/wp-content\/uploads\/sites\/3\/2022\/06\/Die-Notwendigkeit-des-Schmerzes.jpg","datePublished":"2022-06-10T04:15:45+00:00","dateModified":"2022-06-10T04:15:45+00:00","breadcrumb":{"@id":"https:\/\/now-news.de\/de\/deutschland\/die-notwendigkeit-des-schmerzes\/#breadcrumb"},"inLanguage":"de","potentialAction":[{"@type":"ReadAction","target":["https:\/\/now-news.de\/de\/deutschland\/die-notwendigkeit-des-schmerzes\/"]}]},{"@type":"ImageObject","inLanguage":"de","@id":"https:\/\/now-news.de\/de\/deutschland\/die-notwendigkeit-des-schmerzes\/#primaryimage","url":"https:\/\/now-news.de\/de\/wp-content\/uploads\/sites\/3\/2022\/06\/Die-Notwendigkeit-des-Schmerzes.jpg","contentUrl":"https:\/\/now-news.de\/de\/wp-content\/uploads\/sites\/3\/2022\/06\/Die-Notwendigkeit-des-Schmerzes.jpg","width":460,"height":259,"caption":"Die Not(wendigkeit) des Schmerzes"},{"@type":"BreadcrumbList","@id":"https:\/\/now-news.de\/de\/deutschland\/die-notwendigkeit-des-schmerzes\/#breadcrumb","itemListElement":[{"@type":"ListItem","position":1,"name":"Home","item":"https:\/\/now-news.de\/de\/"},{"@type":"ListItem","position":2,"name":"Die Not(wendigkeit) des Schmerzes"}]},{"@type":"WebSite","@id":"https:\/\/now-news.de\/de\/#website","url":"https:\/\/now-news.de\/de\/","name":"just-now.NEWS Deutschland","description":"Das Portal f\u00fcr unzensierte Nachrichten aus der Welt","publisher":{"@id":"https:\/\/now-news.de\/de\/#organization"},"potentialAction":[{"@type":"SearchAction","target":{"@type":"EntryPoint","urlTemplate":"https:\/\/now-news.de\/de\/?s={search_term_string}"},"query-input":"required name=search_term_string"}],"inLanguage":"de"},{"@type":"Organization","@id":"https:\/\/now-news.de\/de\/#organization","name":"Just Now News","url":"https:\/\/now-news.de\/de\/","logo":{"@type":"ImageObject","inLanguage":"de","@id":"https:\/\/now-news.de\/de\/#\/schema\/logo\/image\/","url":"http:\/\/just-now.news\/de\/wp-content\/uploads\/sites\/3\/2022\/04\/logo500x500.jpg","contentUrl":"http:\/\/just-now.news\/de\/wp-content\/uploads\/sites\/3\/2022\/04\/logo500x500.jpg","width":500,"height":500,"caption":"Just Now News"},"image":{"@id":"https:\/\/now-news.de\/de\/#\/schema\/logo\/image\/"},"sameAs":["https:\/\/www.facebook.com\/wirmachenauf","https:\/\/x.com\/WirMachenAuf_de"]},{"@type":"Person","@id":"https:\/\/now-news.de\/de\/#\/schema\/person\/fb534a4e865501d8b3285208df34a9b5","name":"rtnews","image":{"@type":"ImageObject","inLanguage":"de","@id":"https:\/\/now-news.de\/de\/#\/schema\/person\/image\/","url":"https:\/\/secure.gravatar.com\/avatar\/82aafea7d8127119dd649515f56e2117?s=96&d=mm&r=g","contentUrl":"https:\/\/secure.gravatar.com\/avatar\/82aafea7d8127119dd649515f56e2117?s=96&d=mm&r=g","caption":"rtnews"},"url":"https:\/\/now-news.de\/de\/author\/rnews\/"}]}},"_links":{"self":[{"href":"https:\/\/now-news.de\/de\/wp-json\/wp\/v2\/posts\/10404"}],"collection":[{"href":"https:\/\/now-news.de\/de\/wp-json\/wp\/v2\/posts"}],"about":[{"href":"https:\/\/now-news.de\/de\/wp-json\/wp\/v2\/types\/post"}],"author":[{"embeddable":true,"href":"https:\/\/now-news.de\/de\/wp-json\/wp\/v2\/users\/3"}],"replies":[{"embeddable":true,"href":"https:\/\/now-news.de\/de\/wp-json\/wp\/v2\/comments?post=10404"}],"version-history":[{"count":0,"href":"https:\/\/now-news.de\/de\/wp-json\/wp\/v2\/posts\/10404\/revisions"}],"wp:featuredmedia":[{"embeddable":true,"href":"https:\/\/now-news.de\/de\/wp-json\/wp\/v2\/media\/10405"}],"wp:attachment":[{"href":"https:\/\/now-news.de\/de\/wp-json\/wp\/v2\/media?parent=10404"}],"wp:term":[{"taxonomy":"category","embeddable":true,"href":"https:\/\/now-news.de\/de\/wp-json\/wp\/v2\/categories?post=10404"},{"taxonomy":"post_tag","embeddable":true,"href":"https:\/\/now-news.de\/de\/wp-json\/wp\/v2\/tags?post=10404"}],"curies":[{"name":"wp","href":"https:\/\/api.w.org\/{rel}","templated":true}]}}