{"id":10353,"date":"2022-06-09T19:06:43","date_gmt":"2022-06-09T17:06:43","guid":{"rendered":"http:\/\/just-now.news\/de\/deutschland\/argentinien-lehnt-boris-johnsons-kriegshetzerische-rede-ueber-befreiung-der-falklandinseln-ab\/"},"modified":"2022-06-09T19:06:43","modified_gmt":"2022-06-09T17:06:43","slug":"argentinien-lehnt-boris-johnsons-kriegshetzerische-rede-ueber-befreiung-der-falklandinseln-ab","status":"publish","type":"post","link":"https:\/\/now-news.de\/de\/deutschland\/argentinien-lehnt-boris-johnsons-kriegshetzerische-rede-ueber-befreiung-der-falklandinseln-ab\/","title":{"rendered":"Argentinien lehnt Boris Johnsons &quot;kriegshetzerische Rede&quot; \u00fcber &quot;Befreiung&quot; der Falklandinseln ab"},"content":{"rendered":"<p><img decoding=\"async\" src=\"http:\/\/just-now.news\/de\/wp-content\/uploads\/sites\/3\/2022\/06\/62a1d6c7b480cc5b996efab3.jpg\" \/><\/p>\n<div class=\"Text-root Text-type_1 \">\n                In diesem Jahr wird in Gro\u00dfbritannien und Argentinien intensiv an den Falklandkrieg erinnert, der am 2. April 1982 ausgebrochen ist. Auch 40 Jahre nach dem Konflikt sorgt das Thema f\u00fcr Streitigkeiten zwischen London und Buenos Aires. Nun gie\u00dft Boris Johnson \u00d6l ins Feuer.\n            <\/div>\n<p><\/p>\n<div class=\"Text-root Text-type_5 ArticleView-text ViewText-root \">\n<p>Argentinien hat am 8. Juni gegen die j\u00fcngsten Aussagen des britischen Premiers Boris Johnson in Bezug auf die Falklandinseln \u2013 oder die Malwinen, wie sie im s\u00fcdamerikanischen Land bezeichnet werden \u2013 protestiert. Guillermo Carmona, der f\u00fcr die Malwinen, die Antarktis und den s\u00fcdlichen Atlantik zust\u00e4ndige Sekret\u00e4r des Au\u00dfenministeriums, warf Johnson eine &#8220;unn\u00f6tige Provokation&#8221; vor, nachdem der britische Regierungschef auf einem Treffen mit Kriegsveteranen erkl\u00e4rt hatte, dass die britischen Streitkr\u00e4fte das Volk der Falklandinseln &#8220;befreit&#8221; h\u00e4tten.\u00a0Auf Twitter schrieb Carmona:<\/p>\n<blockquote>\n<p><em>&#8220;Eine unn\u00f6tige Provokation des britischen Premierministers Boris Johnson. Seine kriegshetzerische Rede ist beleidigend f\u00fcr unsere Demokratie. Wenn er wegen Problemen in der Innenpolitik das argentinische Territorium besuchen will, so gibt es daf\u00fcr diplomatische Kan\u00e4le.&#8221;<\/em><\/p>\n<\/blockquote>\n<div class=\"EmbedBlock-root EmbedBlock-twitter\">\n<div class=\"TwitterEmbed\">\n<blockquote class=\"twitter-tweet lazyload\" data-twitter=\"twitter-tweet\">\n<p lang=\"es\" dir=\"ltr\">Provocaci\u00f3n innecesaria del primer ministro brit\u00e1nico <a rel=\"nofollow noopener\" target=\"_blank\" href=\"https:\/\/twitter.com\/BorisJohnson?ref_src=twsrc%5Etfw\">@borisjohnson<\/a>. Su discurso belicista es ofensivo para nuestra democracia. Si por problemas de pol\u00edtica interna quiere visitar al territorio argentino existen canales diplom\u00e1ticos al efecto. <a rel=\"nofollow noopener\" target=\"_blank\" href=\"https:\/\/t.co\/zJwLnc7Te4\">https:\/\/t.co\/zJwLnc7Te4<\/a><\/p>\n<p>\u2014 Guillermo Carmona (@grcarmonac) <a rel=\"nofollow noopener\" target=\"_blank\" href=\"https:\/\/twitter.com\/grcarmonac\/status\/1534531999859412995?ref_src=twsrc%5Etfw\">June 8, 2022<\/a><\/p><\/blockquote>\n<\/div>\n<\/div>\n<p>Zuvor hatte Johnson in seiner Rede bei einer Veranstaltung f\u00fcr britische Veteranen des Falklandkrieges einen m\u00f6glichen Besuch im \u00dcberseegebiet im s\u00fcdlichen Atlantik angek\u00fcndigt. Der Politiker sagte au\u00dferdem, dass die britischen Streitkr\u00e4fte geschafft h\u00e4tten, &#8220;was viele f\u00fcr unm\u00f6glich hielten, und befreiten das Volk der Falklandinseln von der Besatzung einer Milit\u00e4rjunta&#8221;.<\/p>\n<p>Der Falklandkrieg war am 2. April 1982 ausgebrochen. Die Milit\u00e4rdiktatur, die in Argentinien im Jahr 1976 an die Macht gekommen war, geriet angesichts der Vorw\u00fcrfe wegen massiver Menschenrechtsverletzungen allm\u00e4hlich ins Wanken und beschloss, die seit dem Jahr 1833 unter Gro\u00dfbritanniens Kontrolle befindliche Inselgruppe zur\u00fcckzuerobern. Der Krieg dauerte bis zum 20. Juni desselben Jahres und kostete 649 Argentinier und 255 Briten das Leben. Die Inseln blieben aber im Besitz Gro\u00dfbritanniens.<\/p>\n<p><strong>Mehr zum Thema<\/strong> &#8211;\u00a0<a rel=\"nofollow noopener\" target=\"_blank\" href=\"https:\/\/de.rt.com\/amerika\/127401-alberto-fernandez-bekraeftigt-argentiniens-anspruch-auf-falklandinseln\/\">Alberto Fern\u00e1ndez bekr\u00e4ftigt Argentiniens Anspruch auf Falklandinseln und k\u00fcndigt R\u00fcckholagenda an<\/a><\/p>\n<\/p>\n<\/div>\n<p><script async src=\"https:\/\/platform.twitter.com\/widgets.js\" charset=\"utf-8\"><\/script><br \/>\n<br \/><br \/>\n<br \/><a href=\"https:\/\/de.rt.com\/amerika\/140616-argentinien-lehnt-boris-johnsons-kriegshetzerische-rede-ab\/\">Source link <\/a><\/p>\n","protected":false},"excerpt":{"rendered":"<p>In diesem Jahr wird in Gro\u00dfbritannien und Argentinien intensiv an den Falklandkrieg erinnert, der am 2. April 1982 ausgebrochen ist. Auch 40 Jahre nach dem Konflikt sorgt das Thema f\u00fcr Streitigkeiten zwischen London und Buenos Aires. Nun gie\u00dft Boris Johnson \u00d6l ins Feuer. Argentinien hat am 8. Juni gegen die j\u00fcngsten Aussagen des britischen Premiers [&hellip;]<\/p>\n","protected":false},"author":3,"featured_media":10354,"comment_status":"open","ping_status":"open","sticky":false,"template":"","format":"standard","meta":{"wp_automatic_camp":["217"],"cedbbfbbb7be651466088aee76fffb51":["Argentinien lehnt Boris Johnsons &quot;kriegshetzerische Rede&quot; \u00fcber &quot;Befreiung&quot; der Falklandinseln ab"],"original_link":["https:\/\/de.rt.com\/amerika\/140616-argentinien-lehnt-boris-johnsons-kriegshetzerische-rede-ab\/"],"_thumbnail_id":["10354"],"jnews_social_counter_last_update":["1777666948"],"_wptg_p2tg_sent2tg":["2022-06-09 19:20:01"]},"categories":[19,23],"tags":[21891,6985,82,23809,23805,2034,23808,23806,23807,139],"yoast_head":"<!-- This site is optimized with the Yoast SEO Premium plugin v22.7 (Yoast SEO v22.7) - https:\/\/yoast.com\/wordpress\/plugins\/seo\/ -->\n<title>Argentinien lehnt Boris Johnsons &quot;kriegshetzerische Rede&quot; \u00fcber &quot;Befreiung&quot; der Falklandinseln ab - just-now.NEWS Deutschland<\/title>\n<meta name=\"robots\" content=\"index, follow, max-snippet:-1, max-image-preview:large, max-video-preview:-1\" \/>\n<link rel=\"canonical\" href=\"https:\/\/now-news.de\/de\/deutschland\/argentinien-lehnt-boris-johnsons-kriegshetzerische-rede-ueber-befreiung-der-falklandinseln-ab\/\" \/>\n<meta property=\"og:locale\" content=\"de_DE\" \/>\n<meta property=\"og:type\" content=\"article\" \/>\n<meta property=\"og:title\" content=\"Argentinien lehnt Boris Johnsons &quot;kriegshetzerische Rede&quot; \u00fcber &quot;Befreiung&quot; der Falklandinseln ab\" \/>\n<meta property=\"og:description\" content=\"In diesem Jahr wird in Gro\u00dfbritannien und Argentinien intensiv an den Falklandkrieg erinnert, der am 2. April 1982 ausgebrochen ist. Auch 40 Jahre nach dem Konflikt sorgt das Thema f\u00fcr Streitigkeiten zwischen London und Buenos Aires. Nun gie\u00dft Boris Johnson \u00d6l ins Feuer. Argentinien hat am 8. Juni gegen die j\u00fcngsten Aussagen des britischen Premiers [&hellip;]\" \/>\n<meta property=\"og:url\" content=\"https:\/\/now-news.de\/de\/deutschland\/argentinien-lehnt-boris-johnsons-kriegshetzerische-rede-ueber-befreiung-der-falklandinseln-ab\/\" \/>\n<meta property=\"og:site_name\" content=\"just-now.NEWS Deutschland\" \/>\n<meta property=\"article:publisher\" content=\"https:\/\/www.facebook.com\/wirmachenauf\" \/>\n<meta property=\"article:published_time\" content=\"2022-06-09T17:06:43+00:00\" \/>\n<meta property=\"og:image\" content=\"https:\/\/now-news.de\/de\/wp-content\/uploads\/sites\/3\/2022\/06\/Argentinien-lehnt-Boris-Johnsons-quotkriegshetzerische-Redequot-ueber-quotBefreiungquot-der-Falklandinseln.jpg\" \/>\n\t<meta property=\"og:image:width\" content=\"460\" \/>\n\t<meta property=\"og:image:height\" content=\"259\" \/>\n\t<meta property=\"og:image:type\" content=\"image\/jpeg\" \/>\n<meta name=\"author\" content=\"rtnews\" \/>\n<meta name=\"twitter:card\" content=\"summary_large_image\" \/>\n<meta name=\"twitter:creator\" content=\"@WirMachenAuf_de\" \/>\n<meta name=\"twitter:site\" content=\"@WirMachenAuf_de\" \/>\n<meta name=\"twitter:label1\" content=\"Verfasst von\" \/>\n\t<meta name=\"twitter:data1\" content=\"rtnews\" \/>\n\t<meta name=\"twitter:label2\" content=\"Gesch\u00e4tzte Lesezeit\" \/>\n\t<meta name=\"twitter:data2\" content=\"2\u00a0Minuten\" \/>\n<script type=\"application\/ld+json\" class=\"yoast-schema-graph\">{\"@context\":\"https:\/\/schema.org\",\"@graph\":[{\"@type\":\"Article\",\"@id\":\"https:\/\/now-news.de\/de\/deutschland\/argentinien-lehnt-boris-johnsons-kriegshetzerische-rede-ueber-befreiung-der-falklandinseln-ab\/#article\",\"isPartOf\":{\"@id\":\"https:\/\/now-news.de\/de\/deutschland\/argentinien-lehnt-boris-johnsons-kriegshetzerische-rede-ueber-befreiung-der-falklandinseln-ab\/\"},\"author\":{\"name\":\"rtnews\",\"@id\":\"https:\/\/now-news.de\/de\/#\/schema\/person\/fb534a4e865501d8b3285208df34a9b5\"},\"headline\":\"Argentinien lehnt Boris Johnsons &quot;kriegshetzerische Rede&quot; \u00fcber &quot;Befreiung&quot; der Falklandinseln ab\",\"datePublished\":\"2022-06-09T17:06:43+00:00\",\"dateModified\":\"2022-06-09T17:06:43+00:00\",\"mainEntityOfPage\":{\"@id\":\"https:\/\/now-news.de\/de\/deutschland\/argentinien-lehnt-boris-johnsons-kriegshetzerische-rede-ueber-befreiung-der-falklandinseln-ab\/\"},\"wordCount\":376,\"commentCount\":0,\"publisher\":{\"@id\":\"https:\/\/now-news.de\/de\/#organization\"},\"image\":{\"@id\":\"https:\/\/now-news.de\/de\/deutschland\/argentinien-lehnt-boris-johnsons-kriegshetzerische-rede-ueber-befreiung-der-falklandinseln-ab\/#primaryimage\"},\"thumbnailUrl\":\"https:\/\/now-news.de\/de\/wp-content\/uploads\/sites\/3\/2022\/06\/Argentinien-lehnt-Boris-Johnsons-quotkriegshetzerische-Redequot-ueber-quotBefreiungquot-der-Falklandinseln.jpg\",\"keywords\":[\"Argentinien\",\"Boris\",\"der\",\"Falklandinseln\",\"Johnsons\",\"lehnt\",\"quotBefreiungquot\",\"quotkriegshetzerische\",\"Redequot\",\"\u00fcber\"],\"articleSection\":[\"Deutschland\",\"Russland\"],\"inLanguage\":\"de\",\"potentialAction\":[{\"@type\":\"CommentAction\",\"name\":\"Comment\",\"target\":[\"https:\/\/now-news.de\/de\/deutschland\/argentinien-lehnt-boris-johnsons-kriegshetzerische-rede-ueber-befreiung-der-falklandinseln-ab\/#respond\"]}]},{\"@type\":\"WebPage\",\"@id\":\"https:\/\/now-news.de\/de\/deutschland\/argentinien-lehnt-boris-johnsons-kriegshetzerische-rede-ueber-befreiung-der-falklandinseln-ab\/\",\"url\":\"https:\/\/now-news.de\/de\/deutschland\/argentinien-lehnt-boris-johnsons-kriegshetzerische-rede-ueber-befreiung-der-falklandinseln-ab\/\",\"name\":\"Argentinien lehnt Boris Johnsons &quot;kriegshetzerische Rede&quot; \u00fcber &quot;Befreiung&quot; der Falklandinseln ab - just-now.NEWS Deutschland\",\"isPartOf\":{\"@id\":\"https:\/\/now-news.de\/de\/#website\"},\"primaryImageOfPage\":{\"@id\":\"https:\/\/now-news.de\/de\/deutschland\/argentinien-lehnt-boris-johnsons-kriegshetzerische-rede-ueber-befreiung-der-falklandinseln-ab\/#primaryimage\"},\"image\":{\"@id\":\"https:\/\/now-news.de\/de\/deutschland\/argentinien-lehnt-boris-johnsons-kriegshetzerische-rede-ueber-befreiung-der-falklandinseln-ab\/#primaryimage\"},\"thumbnailUrl\":\"https:\/\/now-news.de\/de\/wp-content\/uploads\/sites\/3\/2022\/06\/Argentinien-lehnt-Boris-Johnsons-quotkriegshetzerische-Redequot-ueber-quotBefreiungquot-der-Falklandinseln.jpg\",\"datePublished\":\"2022-06-09T17:06:43+00:00\",\"dateModified\":\"2022-06-09T17:06:43+00:00\",\"breadcrumb\":{\"@id\":\"https:\/\/now-news.de\/de\/deutschland\/argentinien-lehnt-boris-johnsons-kriegshetzerische-rede-ueber-befreiung-der-falklandinseln-ab\/#breadcrumb\"},\"inLanguage\":\"de\",\"potentialAction\":[{\"@type\":\"ReadAction\",\"target\":[\"https:\/\/now-news.de\/de\/deutschland\/argentinien-lehnt-boris-johnsons-kriegshetzerische-rede-ueber-befreiung-der-falklandinseln-ab\/\"]}]},{\"@type\":\"ImageObject\",\"inLanguage\":\"de\",\"@id\":\"https:\/\/now-news.de\/de\/deutschland\/argentinien-lehnt-boris-johnsons-kriegshetzerische-rede-ueber-befreiung-der-falklandinseln-ab\/#primaryimage\",\"url\":\"https:\/\/now-news.de\/de\/wp-content\/uploads\/sites\/3\/2022\/06\/Argentinien-lehnt-Boris-Johnsons-quotkriegshetzerische-Redequot-ueber-quotBefreiungquot-der-Falklandinseln.jpg\",\"contentUrl\":\"https:\/\/now-news.de\/de\/wp-content\/uploads\/sites\/3\/2022\/06\/Argentinien-lehnt-Boris-Johnsons-quotkriegshetzerische-Redequot-ueber-quotBefreiungquot-der-Falklandinseln.jpg\",\"width\":460,\"height\":259,\"caption\":\"Argentinien lehnt Boris Johnsons &quot;kriegshetzerische Rede&quot; \u00fcber &quot;Befreiung&quot; der Falklandinseln ab\"},{\"@type\":\"BreadcrumbList\",\"@id\":\"https:\/\/now-news.de\/de\/deutschland\/argentinien-lehnt-boris-johnsons-kriegshetzerische-rede-ueber-befreiung-der-falklandinseln-ab\/#breadcrumb\",\"itemListElement\":[{\"@type\":\"ListItem\",\"position\":1,\"name\":\"Home\",\"item\":\"https:\/\/now-news.de\/de\/\"},{\"@type\":\"ListItem\",\"position\":2,\"name\":\"Argentinien lehnt Boris Johnsons &quot;kriegshetzerische Rede&quot; \u00fcber &quot;Befreiung&quot; der Falklandinseln ab\"}]},{\"@type\":\"WebSite\",\"@id\":\"https:\/\/now-news.de\/de\/#website\",\"url\":\"https:\/\/now-news.de\/de\/\",\"name\":\"just-now.NEWS Deutschland\",\"description\":\"Das Portal f\u00fcr unzensierte Nachrichten aus der Welt\",\"publisher\":{\"@id\":\"https:\/\/now-news.de\/de\/#organization\"},\"potentialAction\":[{\"@type\":\"SearchAction\",\"target\":{\"@type\":\"EntryPoint\",\"urlTemplate\":\"https:\/\/now-news.de\/de\/?s={search_term_string}\"},\"query-input\":\"required name=search_term_string\"}],\"inLanguage\":\"de\"},{\"@type\":\"Organization\",\"@id\":\"https:\/\/now-news.de\/de\/#organization\",\"name\":\"Just Now News\",\"url\":\"https:\/\/now-news.de\/de\/\",\"logo\":{\"@type\":\"ImageObject\",\"inLanguage\":\"de\",\"@id\":\"https:\/\/now-news.de\/de\/#\/schema\/logo\/image\/\",\"url\":\"http:\/\/just-now.news\/de\/wp-content\/uploads\/sites\/3\/2022\/04\/logo500x500.jpg\",\"contentUrl\":\"http:\/\/just-now.news\/de\/wp-content\/uploads\/sites\/3\/2022\/04\/logo500x500.jpg\",\"width\":500,\"height\":500,\"caption\":\"Just Now News\"},\"image\":{\"@id\":\"https:\/\/now-news.de\/de\/#\/schema\/logo\/image\/\"},\"sameAs\":[\"https:\/\/www.facebook.com\/wirmachenauf\",\"https:\/\/x.com\/WirMachenAuf_de\"]},{\"@type\":\"Person\",\"@id\":\"https:\/\/now-news.de\/de\/#\/schema\/person\/fb534a4e865501d8b3285208df34a9b5\",\"name\":\"rtnews\",\"image\":{\"@type\":\"ImageObject\",\"inLanguage\":\"de\",\"@id\":\"https:\/\/now-news.de\/de\/#\/schema\/person\/image\/\",\"url\":\"https:\/\/secure.gravatar.com\/avatar\/82aafea7d8127119dd649515f56e2117?s=96&d=mm&r=g\",\"contentUrl\":\"https:\/\/secure.gravatar.com\/avatar\/82aafea7d8127119dd649515f56e2117?s=96&d=mm&r=g\",\"caption\":\"rtnews\"},\"url\":\"https:\/\/now-news.de\/de\/author\/rnews\/\"}]}<\/script>\n<!-- \/ Yoast SEO Premium plugin. -->","yoast_head_json":{"title":"Argentinien lehnt Boris Johnsons &quot;kriegshetzerische Rede&quot; \u00fcber &quot;Befreiung&quot; der Falklandinseln ab - just-now.NEWS Deutschland","robots":{"index":"index","follow":"follow","max-snippet":"max-snippet:-1","max-image-preview":"max-image-preview:large","max-video-preview":"max-video-preview:-1"},"canonical":"https:\/\/now-news.de\/de\/deutschland\/argentinien-lehnt-boris-johnsons-kriegshetzerische-rede-ueber-befreiung-der-falklandinseln-ab\/","og_locale":"de_DE","og_type":"article","og_title":"Argentinien lehnt Boris Johnsons &quot;kriegshetzerische Rede&quot; \u00fcber &quot;Befreiung&quot; der Falklandinseln ab","og_description":"In diesem Jahr wird in Gro\u00dfbritannien und Argentinien intensiv an den Falklandkrieg erinnert, der am 2. April 1982 ausgebrochen ist. Auch 40 Jahre nach dem Konflikt sorgt das Thema f\u00fcr Streitigkeiten zwischen London und Buenos Aires. Nun gie\u00dft Boris Johnson \u00d6l ins Feuer. Argentinien hat am 8. Juni gegen die j\u00fcngsten Aussagen des britischen Premiers [&hellip;]","og_url":"https:\/\/now-news.de\/de\/deutschland\/argentinien-lehnt-boris-johnsons-kriegshetzerische-rede-ueber-befreiung-der-falklandinseln-ab\/","og_site_name":"just-now.NEWS Deutschland","article_publisher":"https:\/\/www.facebook.com\/wirmachenauf","article_published_time":"2022-06-09T17:06:43+00:00","og_image":[{"width":460,"height":259,"url":"https:\/\/now-news.de\/de\/wp-content\/uploads\/sites\/3\/2022\/06\/Argentinien-lehnt-Boris-Johnsons-quotkriegshetzerische-Redequot-ueber-quotBefreiungquot-der-Falklandinseln.jpg","type":"image\/jpeg"}],"author":"rtnews","twitter_card":"summary_large_image","twitter_creator":"@WirMachenAuf_de","twitter_site":"@WirMachenAuf_de","twitter_misc":{"Verfasst von":"rtnews","Gesch\u00e4tzte Lesezeit":"2\u00a0Minuten"},"schema":{"@context":"https:\/\/schema.org","@graph":[{"@type":"Article","@id":"https:\/\/now-news.de\/de\/deutschland\/argentinien-lehnt-boris-johnsons-kriegshetzerische-rede-ueber-befreiung-der-falklandinseln-ab\/#article","isPartOf":{"@id":"https:\/\/now-news.de\/de\/deutschland\/argentinien-lehnt-boris-johnsons-kriegshetzerische-rede-ueber-befreiung-der-falklandinseln-ab\/"},"author":{"name":"rtnews","@id":"https:\/\/now-news.de\/de\/#\/schema\/person\/fb534a4e865501d8b3285208df34a9b5"},"headline":"Argentinien lehnt Boris Johnsons &quot;kriegshetzerische Rede&quot; \u00fcber &quot;Befreiung&quot; der Falklandinseln ab","datePublished":"2022-06-09T17:06:43+00:00","dateModified":"2022-06-09T17:06:43+00:00","mainEntityOfPage":{"@id":"https:\/\/now-news.de\/de\/deutschland\/argentinien-lehnt-boris-johnsons-kriegshetzerische-rede-ueber-befreiung-der-falklandinseln-ab\/"},"wordCount":376,"commentCount":0,"publisher":{"@id":"https:\/\/now-news.de\/de\/#organization"},"image":{"@id":"https:\/\/now-news.de\/de\/deutschland\/argentinien-lehnt-boris-johnsons-kriegshetzerische-rede-ueber-befreiung-der-falklandinseln-ab\/#primaryimage"},"thumbnailUrl":"https:\/\/now-news.de\/de\/wp-content\/uploads\/sites\/3\/2022\/06\/Argentinien-lehnt-Boris-Johnsons-quotkriegshetzerische-Redequot-ueber-quotBefreiungquot-der-Falklandinseln.jpg","keywords":["Argentinien","Boris","der","Falklandinseln","Johnsons","lehnt","quotBefreiungquot","quotkriegshetzerische","Redequot","\u00fcber"],"articleSection":["Deutschland","Russland"],"inLanguage":"de","potentialAction":[{"@type":"CommentAction","name":"Comment","target":["https:\/\/now-news.de\/de\/deutschland\/argentinien-lehnt-boris-johnsons-kriegshetzerische-rede-ueber-befreiung-der-falklandinseln-ab\/#respond"]}]},{"@type":"WebPage","@id":"https:\/\/now-news.de\/de\/deutschland\/argentinien-lehnt-boris-johnsons-kriegshetzerische-rede-ueber-befreiung-der-falklandinseln-ab\/","url":"https:\/\/now-news.de\/de\/deutschland\/argentinien-lehnt-boris-johnsons-kriegshetzerische-rede-ueber-befreiung-der-falklandinseln-ab\/","name":"Argentinien lehnt Boris Johnsons &quot;kriegshetzerische Rede&quot; \u00fcber &quot;Befreiung&quot; der Falklandinseln ab - just-now.NEWS Deutschland","isPartOf":{"@id":"https:\/\/now-news.de\/de\/#website"},"primaryImageOfPage":{"@id":"https:\/\/now-news.de\/de\/deutschland\/argentinien-lehnt-boris-johnsons-kriegshetzerische-rede-ueber-befreiung-der-falklandinseln-ab\/#primaryimage"},"image":{"@id":"https:\/\/now-news.de\/de\/deutschland\/argentinien-lehnt-boris-johnsons-kriegshetzerische-rede-ueber-befreiung-der-falklandinseln-ab\/#primaryimage"},"thumbnailUrl":"https:\/\/now-news.de\/de\/wp-content\/uploads\/sites\/3\/2022\/06\/Argentinien-lehnt-Boris-Johnsons-quotkriegshetzerische-Redequot-ueber-quotBefreiungquot-der-Falklandinseln.jpg","datePublished":"2022-06-09T17:06:43+00:00","dateModified":"2022-06-09T17:06:43+00:00","breadcrumb":{"@id":"https:\/\/now-news.de\/de\/deutschland\/argentinien-lehnt-boris-johnsons-kriegshetzerische-rede-ueber-befreiung-der-falklandinseln-ab\/#breadcrumb"},"inLanguage":"de","potentialAction":[{"@type":"ReadAction","target":["https:\/\/now-news.de\/de\/deutschland\/argentinien-lehnt-boris-johnsons-kriegshetzerische-rede-ueber-befreiung-der-falklandinseln-ab\/"]}]},{"@type":"ImageObject","inLanguage":"de","@id":"https:\/\/now-news.de\/de\/deutschland\/argentinien-lehnt-boris-johnsons-kriegshetzerische-rede-ueber-befreiung-der-falklandinseln-ab\/#primaryimage","url":"https:\/\/now-news.de\/de\/wp-content\/uploads\/sites\/3\/2022\/06\/Argentinien-lehnt-Boris-Johnsons-quotkriegshetzerische-Redequot-ueber-quotBefreiungquot-der-Falklandinseln.jpg","contentUrl":"https:\/\/now-news.de\/de\/wp-content\/uploads\/sites\/3\/2022\/06\/Argentinien-lehnt-Boris-Johnsons-quotkriegshetzerische-Redequot-ueber-quotBefreiungquot-der-Falklandinseln.jpg","width":460,"height":259,"caption":"Argentinien lehnt Boris Johnsons &quot;kriegshetzerische Rede&quot; \u00fcber &quot;Befreiung&quot; der Falklandinseln ab"},{"@type":"BreadcrumbList","@id":"https:\/\/now-news.de\/de\/deutschland\/argentinien-lehnt-boris-johnsons-kriegshetzerische-rede-ueber-befreiung-der-falklandinseln-ab\/#breadcrumb","itemListElement":[{"@type":"ListItem","position":1,"name":"Home","item":"https:\/\/now-news.de\/de\/"},{"@type":"ListItem","position":2,"name":"Argentinien lehnt Boris Johnsons &quot;kriegshetzerische Rede&quot; \u00fcber &quot;Befreiung&quot; der Falklandinseln ab"}]},{"@type":"WebSite","@id":"https:\/\/now-news.de\/de\/#website","url":"https:\/\/now-news.de\/de\/","name":"just-now.NEWS Deutschland","description":"Das Portal f\u00fcr unzensierte Nachrichten aus der Welt","publisher":{"@id":"https:\/\/now-news.de\/de\/#organization"},"potentialAction":[{"@type":"SearchAction","target":{"@type":"EntryPoint","urlTemplate":"https:\/\/now-news.de\/de\/?s={search_term_string}"},"query-input":"required name=search_term_string"}],"inLanguage":"de"},{"@type":"Organization","@id":"https:\/\/now-news.de\/de\/#organization","name":"Just Now News","url":"https:\/\/now-news.de\/de\/","logo":{"@type":"ImageObject","inLanguage":"de","@id":"https:\/\/now-news.de\/de\/#\/schema\/logo\/image\/","url":"http:\/\/just-now.news\/de\/wp-content\/uploads\/sites\/3\/2022\/04\/logo500x500.jpg","contentUrl":"http:\/\/just-now.news\/de\/wp-content\/uploads\/sites\/3\/2022\/04\/logo500x500.jpg","width":500,"height":500,"caption":"Just Now News"},"image":{"@id":"https:\/\/now-news.de\/de\/#\/schema\/logo\/image\/"},"sameAs":["https:\/\/www.facebook.com\/wirmachenauf","https:\/\/x.com\/WirMachenAuf_de"]},{"@type":"Person","@id":"https:\/\/now-news.de\/de\/#\/schema\/person\/fb534a4e865501d8b3285208df34a9b5","name":"rtnews","image":{"@type":"ImageObject","inLanguage":"de","@id":"https:\/\/now-news.de\/de\/#\/schema\/person\/image\/","url":"https:\/\/secure.gravatar.com\/avatar\/82aafea7d8127119dd649515f56e2117?s=96&d=mm&r=g","contentUrl":"https:\/\/secure.gravatar.com\/avatar\/82aafea7d8127119dd649515f56e2117?s=96&d=mm&r=g","caption":"rtnews"},"url":"https:\/\/now-news.de\/de\/author\/rnews\/"}]}},"_links":{"self":[{"href":"https:\/\/now-news.de\/de\/wp-json\/wp\/v2\/posts\/10353"}],"collection":[{"href":"https:\/\/now-news.de\/de\/wp-json\/wp\/v2\/posts"}],"about":[{"href":"https:\/\/now-news.de\/de\/wp-json\/wp\/v2\/types\/post"}],"author":[{"embeddable":true,"href":"https:\/\/now-news.de\/de\/wp-json\/wp\/v2\/users\/3"}],"replies":[{"embeddable":true,"href":"https:\/\/now-news.de\/de\/wp-json\/wp\/v2\/comments?post=10353"}],"version-history":[{"count":0,"href":"https:\/\/now-news.de\/de\/wp-json\/wp\/v2\/posts\/10353\/revisions"}],"wp:featuredmedia":[{"embeddable":true,"href":"https:\/\/now-news.de\/de\/wp-json\/wp\/v2\/media\/10354"}],"wp:attachment":[{"href":"https:\/\/now-news.de\/de\/wp-json\/wp\/v2\/media?parent=10353"}],"wp:term":[{"taxonomy":"category","embeddable":true,"href":"https:\/\/now-news.de\/de\/wp-json\/wp\/v2\/categories?post=10353"},{"taxonomy":"post_tag","embeddable":true,"href":"https:\/\/now-news.de\/de\/wp-json\/wp\/v2\/tags?post=10353"}],"curies":[{"name":"wp","href":"https:\/\/api.w.org\/{rel}","templated":true}]}}