{"id":10289,"date":"2022-06-09T06:45:06","date_gmt":"2022-06-09T04:45:06","guid":{"rendered":"http:\/\/just-now.news\/de\/deutschland\/soldaten-impfpflicht-vor-gericht-vertreter-der-zustaendigen-institute-im-sicherheits-blindflug\/"},"modified":"2022-06-09T06:45:06","modified_gmt":"2022-06-09T04:45:06","slug":"soldaten-impfpflicht-vor-gericht-vertreter-der-zustaendigen-institute-im-sicherheits-blindflug","status":"publish","type":"post","link":"https:\/\/now-news.de\/de\/deutschland\/soldaten-impfpflicht-vor-gericht-vertreter-der-zustaendigen-institute-im-sicherheits-blindflug\/","title":{"rendered":"Soldaten-Impfpflicht vor Gericht: Vertreter der zust\u00e4ndigen Institute im Sicherheits-Blindflug"},"content":{"rendered":"<p><img decoding=\"async\" src=\"http:\/\/just-now.news\/de\/wp-content\/uploads\/sites\/3\/2022\/06\/62a0cfc9b480cc23563522b6.jpg\" \/><\/p>\n<div class=\"Text-root Text-type_1 \">\n                Das Bundesverwaltungsgericht soll dar\u00fcber entscheiden, ob sich Bundeswehr-Angeh\u00f6rige gegen Corona impfen lassen m\u00fcssen. Angeh\u00f6rte Vertreter des RKI und des PEI konnten aber offenbar weder die Sicherheitsbedenken ausr\u00e4umen, noch eine Wirksamkeit der Impfstoffe mit Daten belegen.\n            <\/div>\n<p><\/p>\n<div class=\"Text-root Text-type_5 ArticleView-text ViewText-root \">\n<p><em>von Susan Bonath<\/em><\/p>\n<p>Bei den Corona-Impfungen nehmen Politik und Beh\u00f6rden offenbar eklatante Gesundheitsrisiken in Kauf. Wenig ausgepr\u00e4gt scheint dabei der Wille zu sein, saubere Daten zu erheben; und die \u00f6ffentliche Kommunikation ist eine Katastrophe. Das verdeutlichen <a rel=\"nofollow noopener\" target=\"_blank\" href=\"https:\/\/corona-blog.net\/2022\/06\/08\/einblicke-in-den-2-prozesstag-zur-duldungspflicht-bei-soldaten-wir-veroeffentlichen-die-fragen-ans-rki-pei\/\">Mitschriften<\/a> von Teilnehmern der Verhandlung zur Corona-Impfpflicht, der sogenannten &#8220;Duldungspflicht&#8221;, f\u00fcr Soldaten vor dem Bundesverwaltungsgericht (BVerwG). Am Dienstag befragte das Gericht je einen Vertreter des Robert-Koch-Instituts (RKI) und des Paul-Ehrlich-Instituts (PEI).<\/p>\n<p>Das Bundesverwaltungsgericht muss \u00fcber die Frage entscheiden, ob der Staat Angeh\u00f6rige der Bundeswehr zu einer Corona-Impfung zwingen darf. Doch sind die Impfstoffe \u00fcberhaupt wirksam und sicher genug, um dies zu rechtfertigen? Ausgerechnet zu diesen wichtigen Fragen halten sich die verantwortlichen Bundesinstitute bedeckt \u2013 auch vor Gericht.<\/p>\n<p><strong>Keine Belege f\u00fcr Wirksamkeit<\/strong><\/p>\n<p>Ole Wichmann vom RKI sollte das Gericht \u00fcber die Wirksamkeit aufkl\u00e4ren. Doch statt Fakten und Daten zu liefern, offenbarte er den Aufzeichnungen zufolge massive M\u00e4ngel bei der Datenerfassung und der \u00f6ffentlichen Kommunikation.<\/p>\n<p>Wichmann wurde beispielsweise danach gefragt, warum das RKI seit Ende April keine Daten mehr zur Impfeffektivit\u00e4t publiziere. Er \u00e4u\u00dferte dazu, man wolle auf diese Weise die Wochenberichte &#8220;entschlacken&#8221;. Au\u00dferdem habe seine Beh\u00f6rde festgestellt, dass eine Meldesoftware, die von einigen Gesundheits\u00e4mtern verwendet werde, wohl fehlerhaft sei. Teilweise seien zwei Impfungen pro Person und Tag gemeldet worden. K\u00fcnftig werde das Bundesinstitut Monatsberichte zum Thema publizieren.<\/p>\n<p>Bisher allerdings ist ein solcher Bericht noch nicht erschienen. Auf Nachfrage der Autorin am Mittwoch erkl\u00e4rte RKI-Sprecherin Susanne Glasmacher, die Daten werde man &#8220;voraussichtlich in den n\u00e4chsten Wochen ver\u00f6ffentlichen&#8221;.<\/p>\n<p>Zahlen zur ermittelten Impfeffektivit\u00e4t bei der relevanten Altersgruppe der 18- bis 59-J\u00e4hrigen konnte der RKI-Mitarbeiter auch vor Gericht nicht nennen. Er betonte jedoch, die Impfungen dienten dazu, schwere Verl\u00e4ufe und Todesf\u00e4lle zu reduzieren. Wie viele davon sie tats\u00e4chlich verhindert haben, blieb aber im Dunkeln. Das RKI m\u00fcsse die Daten erst neu berechnen, meinte er. Es gehe jedenfalls nicht davon aus, dass die Impfstoffe eine negative Wirksamkeit h\u00e4tten.<\/p>\n<p>Zuletzt hatte das RKI die altersbezogenen Daten zur Impfeffektivit\u00e4t am 28. April <a rel=\"nofollow noopener\" target=\"_blank\" href=\"https:\/\/www.rki.de\/DE\/Content\/InfAZ\/N\/Neuartiges_Coronavirus\/Situationsberichte\/Wochenbericht\/Wochenbericht_2022-04-28.pdf?__blob=publicationFile\">ver\u00f6ffentlicht<\/a>. Demnach gab es bei den symptomatisch Erkrankten zuletzt keinen sp\u00fcrbaren Effekt der Impfungen: Die Inzidenz lag bei ungeimpften sowie zwei- und dreifach geimpften Erwachsenen unter 60 Jahren in etwa gleich hoch. Auch hinsichtlich der in Kliniken behandelten Coronapatienten n\u00e4herten sich die Kurven zuletzt an.<\/p>\n<p><strong>Fragw\u00fcrdige Effektivit\u00e4t<\/strong><\/p>\n<p>Die Frage nach einer negativen Wirkung der Impfungen scheint dabei l\u00e4ngst nicht abschlie\u00dfend beantwortet zu sein. Hinweise darauf, dass der gepriesene Schutz vor schweren COVID-19-Verl\u00e4ufen sich mit der Zeit m\u00f6glicherweise ins Gegenteil verkehrt, geben die Daten der Deutschen Interdisziplin\u00e4ren Vereinigung f\u00fcr Intensiv- und Notfallmedizin (DIVI), die das RKI bisher noch publiziert.<\/p>\n<p>Am 2. Juni <a rel=\"nofollow noopener\" target=\"_blank\" href=\"https:\/\/www.rki.de\/DE\/Content\/InfAZ\/N\/Neuartiges_Coronavirus\/Situationsberichte\/Wochenbericht\/Wochenbericht_2022-06-02.pdf?__blob=publicationFile\">wiesen<\/a> die DIVI-Angaben f\u00fcr die Zeit vom 2. bis 29. Mai die Mehrzahl der Corona-Intensivpatienten (51,6 Prozent) als dreifach geimpft aus. Diese Quote weicht nur leicht von der Boosterquote Anfang Mai ab, die in der Gesamtbev\u00f6lkerung bei knapp 60 Prozent lag.<\/p>\n<p>Negativ scheint die Effektivit\u00e4t indes f\u00fcr zweimal und einmal Geimpfte zu sein. Erstere waren mit einem Anteil von 25 Prozent auf den Intensivstationen vertreten. In der Gesamtbev\u00f6lkerung verzeichnete das RKI Anfang Mai indes nur gut 16 Prozent zweifach Geimpfte. Die DIVI registrierte auch 7,7 Prozent einmal, also unvollst\u00e4ndig geimpfte Corona-Intensivpatienten, deren Anteil in der Bev\u00f6lkerung laut den RKI-Daten allerdings nur knapp zwei Prozent ausmacht.<\/p>\n<p>Gegenteiliges zeigen die Zahlen hingegen f\u00fcr die Gruppe der Ungeimpften. W\u00e4hrend diese auf den Intensivstationen im Mai einen Anteil von knapp 16 Prozent stellten, geh\u00f6rten jener Gruppe insgesamt mehr als 22 Prozent der Gesamtbev\u00f6lkerung an. Tats\u00e4chlich scheint die Gruppe der Ungeimpften also noch deutlich weniger betroffen zu sein, als selbst bei einer v\u00f6lligen Unwirksamkeit der Impfung zu erwarten gewesen w\u00e4re. Gegen\u00fcber der Autorin hatte das RKI vor einigen Wochen erkl\u00e4rt, man k\u00f6nne mit diesen Zahlen nicht arbeiten, da das Alter der Patienten nicht bekannt sei. Doch gerade diese Daten hat das RKI entfernt.<\/p>\n<p><strong>Statistischer Zahlensalat statt Untersuchungen<\/strong><\/p>\n<p>Auch die Ausf\u00fchrungen des PEI-Vertreters Dirk Mentzer wecken gravierende Zweifel an einer effektiven Kontrolle der Sicherheit der Vakzine. So wurden seinem Institut bis Ende M\u00e4rz bereits 2.810 Todesf\u00e4lle nach einer Impfung gemeldet, doch &#8220;nur&#8221; bei 116 erkannte es einen m\u00f6glichen kausalen Zusammenhang.<\/p>\n<p>Auf die Frage, wie das Institut dabei vorgehe, erkl\u00e4rte Mentzer sinngem\u00e4\u00df, man rufe bei denen an, die einen Todesfall gemeldet haben \u2013 in der Regel bei Angeh\u00f6rigen. Angeh\u00f6rige sind aber keine Mediziner. Auch Obduktionen k\u00f6nne das PEI selbst nicht veranlassen. Somit begn\u00fcge man sich mit statistischen Verfahren. Ein Risikosignal sowohl bei Todesf\u00e4llen als auch Verdachtsf\u00e4llen von schweren Nebenwirkungen ergebe sich dann durch einen Abgleich mit Bev\u00f6lkerungsdaten zu Sterbef\u00e4llen und bestimmten Erkrankungen. Dabei greife das PEI teils auf Daten aus anderen L\u00e4ndern zur\u00fcck, wobei man sich an den bisher bekannten Impfnebenwirkungen orientiere.<\/p>\n<p>Der Haken an der Sache ist aber, dass erstens nicht alle F\u00e4lle gemeldet werden und zweitens noch nicht alle Nebenwirkungen bekannt sein k\u00f6nnen. Daher k\u00f6nnten Risikosignale leicht \u00fcbersehen werden, monierten die Anw\u00e4lte der Kl\u00e4ger. Mehr noch: Die erhobenen Daten seien nicht miteinander vergleichbar. Dazu br\u00e4uchte es Kohorten-Studien. Au\u00dferdem m\u00fcsste die Kausalit\u00e4t der Verdachtsf\u00e4lle eingehend gepr\u00fcft werden. Um etwa zu ermitteln, ob in der Gruppe der Geimpften mehr Todesf\u00e4lle auftreten, als in der Bev\u00f6lkerung zu erwarten sind, m\u00fcssten alle Verstorbenen erfasst werden, unabh\u00e4ngig von einem Verdacht.<\/p>\n<p>Schlie\u00dflich wurde PEI-Vertreter Mentzer gefragt, ob sein Institut nicht zumindest die vorhandenen Daten der Krankenkassen nutze, welche beispielsweise Zahlen zu \u00e4rztlichen Behandlungen infolge von Impfnebenwirkungen liefern k\u00f6nnten. Er versicherte, man habe von Anfang an eine Studie in dieser Hinsicht geplant. Doch bis heute scheitere diese daran, dass die Kassen\u00e4rztlichen Vereinigungen nicht mit dem PEI kooperierten. \u00c4hnliches hatte PEI-Sprecherin Susanne St\u00f6cker bereits gegen\u00fcber der Autorin ge\u00e4u\u00dfert.<\/p>\n<p>Mit anderen Worten: Die Kassen weigern sich angeblich, Zahlen von Patienten mit Impfnebenwirkungen zu liefern, sodass das PEI hier eben nichts ermitteln k\u00f6nne. Allein dies w\u00e4re schon ein Skandal.<\/p>\n<p><strong>Gericht verhandelt im Juli weiter<\/strong><\/p>\n<p>Schlie\u00dflich habe sich Institutssprecher Mentzer unter anderem darauf berufen, er sei selbst weder Statistiker noch Genetiker oder Molekularbiologe, weshalb er zahlreiche Fragen des Gerichts und der Anw\u00e4lte der Kl\u00e4ger nicht beantworten k\u00f6nne. Hat er sich einfach schlecht vorbereitet? Oder geht das PEI zahlreichen Sicherheitsbedenken gar nicht nach?<\/p>\n<p>Bisher jedenfalls konnten die Vertreter der zust\u00e4ndigen Institute keine plausiblen Daten liefern, die eine Impfpflicht begr\u00fcnden k\u00f6nnten. Die gravierenden Sicherheitsbedenken der klagenden Soldaten r\u00e4umten sie bislang nicht aus. So steht ein Urteil noch aus. Das oberste Verwaltungsgericht will am 6. und 7. Juli weiterverhandeln.<\/p>\n<p><strong>Mehr zum Thema<\/strong> &#8211; <a rel=\"nofollow noopener\" target=\"_blank\" href=\"https:\/\/de.rt.com\/inland\/138848-verfassungsgericht-genehmigt-pflege-impfpflicht\/\">Bundesverfassungsgericht genehmigt Corona-Impfpflicht in der Pflege<\/a><\/p>\n<\/p>\n<\/div>\n<p><br \/>\n<br \/><a href=\"https:\/\/de.rt.com\/meinung\/140570-soldaten-impfpflicht-vor-gericht-vertreter\/\">Source link <\/a><\/p>\n","protected":false},"excerpt":{"rendered":"<p>Das Bundesverwaltungsgericht soll dar\u00fcber entscheiden, ob sich Bundeswehr-Angeh\u00f6rige gegen Corona impfen lassen m\u00fcssen. Angeh\u00f6rte Vertreter des RKI und des PEI konnten aber offenbar weder die Sicherheitsbedenken ausr\u00e4umen, noch eine Wirksamkeit der Impfstoffe mit Daten belegen. von Susan Bonath Bei den Corona-Impfungen nehmen Politik und Beh\u00f6rden offenbar eklatante Gesundheitsrisiken in Kauf. Wenig ausgepr\u00e4gt scheint dabei der [&hellip;]<\/p>\n","protected":false},"author":3,"featured_media":10290,"comment_status":"open","ping_status":"open","sticky":false,"template":"","format":"standard","meta":{"wp_automatic_camp":["217"],"b9ed1897a03eb463cf8a233c9db865b7":["Soldaten-Impfpflicht vor Gericht: Vertreter der zust\u00e4ndigen Institute im Sicherheits-Blindflug"],"original_link":["https:\/\/de.rt.com\/meinung\/140570-soldaten-impfpflicht-vor-gericht-vertreter\/"],"_thumbnail_id":["10290"],"_wptg_p2tg_sent2tg":["2022-06-09 06:53:55"],"jnews_social_counter_last_update":["1777623337"]},"categories":[19,23],"tags":[82,3348,9092,23724,16420,20016,320,23723],"yoast_head":"<!-- This site is optimized with the Yoast SEO Premium plugin v22.7 (Yoast SEO v22.7) - https:\/\/yoast.com\/wordpress\/plugins\/seo\/ -->\n<title>Soldaten-Impfpflicht vor Gericht: Vertreter der zust\u00e4ndigen Institute im Sicherheits-Blindflug - just-now.NEWS Deutschland<\/title>\n<meta name=\"robots\" content=\"index, follow, max-snippet:-1, max-image-preview:large, max-video-preview:-1\" \/>\n<link rel=\"canonical\" href=\"https:\/\/now-news.de\/de\/deutschland\/soldaten-impfpflicht-vor-gericht-vertreter-der-zustaendigen-institute-im-sicherheits-blindflug\/\" \/>\n<meta property=\"og:locale\" content=\"de_DE\" \/>\n<meta property=\"og:type\" content=\"article\" \/>\n<meta property=\"og:title\" content=\"Soldaten-Impfpflicht vor Gericht: Vertreter der zust\u00e4ndigen Institute im Sicherheits-Blindflug\" \/>\n<meta property=\"og:description\" content=\"Das Bundesverwaltungsgericht soll dar\u00fcber entscheiden, ob sich Bundeswehr-Angeh\u00f6rige gegen Corona impfen lassen m\u00fcssen. Angeh\u00f6rte Vertreter des RKI und des PEI konnten aber offenbar weder die Sicherheitsbedenken ausr\u00e4umen, noch eine Wirksamkeit der Impfstoffe mit Daten belegen. von Susan Bonath Bei den Corona-Impfungen nehmen Politik und Beh\u00f6rden offenbar eklatante Gesundheitsrisiken in Kauf. Wenig ausgepr\u00e4gt scheint dabei der [&hellip;]\" \/>\n<meta property=\"og:url\" content=\"https:\/\/now-news.de\/de\/deutschland\/soldaten-impfpflicht-vor-gericht-vertreter-der-zustaendigen-institute-im-sicherheits-blindflug\/\" \/>\n<meta property=\"og:site_name\" content=\"just-now.NEWS Deutschland\" \/>\n<meta property=\"article:publisher\" content=\"https:\/\/www.facebook.com\/wirmachenauf\" \/>\n<meta property=\"article:published_time\" content=\"2022-06-09T04:45:06+00:00\" \/>\n<meta property=\"og:image\" content=\"https:\/\/now-news.de\/de\/wp-content\/uploads\/sites\/3\/2022\/06\/Soldaten-Impfpflicht-vor-Gericht-Vertreter-der-zustaendigen-Institute-im-Sicherheits-Blindflug.jpg\" \/>\n\t<meta property=\"og:image:width\" content=\"460\" \/>\n\t<meta property=\"og:image:height\" content=\"259\" \/>\n\t<meta property=\"og:image:type\" content=\"image\/jpeg\" \/>\n<meta name=\"author\" content=\"rtnews\" \/>\n<meta name=\"twitter:card\" content=\"summary_large_image\" \/>\n<meta name=\"twitter:creator\" content=\"@WirMachenAuf_de\" \/>\n<meta name=\"twitter:site\" content=\"@WirMachenAuf_de\" \/>\n<meta name=\"twitter:label1\" content=\"Verfasst von\" \/>\n\t<meta name=\"twitter:data1\" content=\"rtnews\" \/>\n\t<meta name=\"twitter:label2\" content=\"Gesch\u00e4tzte Lesezeit\" \/>\n\t<meta name=\"twitter:data2\" content=\"6\u00a0Minuten\" \/>\n<script type=\"application\/ld+json\" class=\"yoast-schema-graph\">{\"@context\":\"https:\/\/schema.org\",\"@graph\":[{\"@type\":\"Article\",\"@id\":\"https:\/\/now-news.de\/de\/deutschland\/soldaten-impfpflicht-vor-gericht-vertreter-der-zustaendigen-institute-im-sicherheits-blindflug\/#article\",\"isPartOf\":{\"@id\":\"https:\/\/now-news.de\/de\/deutschland\/soldaten-impfpflicht-vor-gericht-vertreter-der-zustaendigen-institute-im-sicherheits-blindflug\/\"},\"author\":{\"name\":\"rtnews\",\"@id\":\"https:\/\/now-news.de\/de\/#\/schema\/person\/fb534a4e865501d8b3285208df34a9b5\"},\"headline\":\"Soldaten-Impfpflicht vor Gericht: Vertreter der zust\u00e4ndigen Institute im Sicherheits-Blindflug\",\"datePublished\":\"2022-06-09T04:45:06+00:00\",\"dateModified\":\"2022-06-09T04:45:06+00:00\",\"mainEntityOfPage\":{\"@id\":\"https:\/\/now-news.de\/de\/deutschland\/soldaten-impfpflicht-vor-gericht-vertreter-der-zustaendigen-institute-im-sicherheits-blindflug\/\"},\"wordCount\":1176,\"commentCount\":0,\"publisher\":{\"@id\":\"https:\/\/now-news.de\/de\/#organization\"},\"image\":{\"@id\":\"https:\/\/now-news.de\/de\/deutschland\/soldaten-impfpflicht-vor-gericht-vertreter-der-zustaendigen-institute-im-sicherheits-blindflug\/#primaryimage\"},\"thumbnailUrl\":\"https:\/\/now-news.de\/de\/wp-content\/uploads\/sites\/3\/2022\/06\/Soldaten-Impfpflicht-vor-Gericht-Vertreter-der-zustaendigen-Institute-im-Sicherheits-Blindflug.jpg\",\"keywords\":[\"der\",\"Gericht\",\"Institute\",\"SicherheitsBlindflug\",\"SoldatenImpfpflicht\",\"Vertreter\",\"vor\",\"zust\u00e4ndigen\"],\"articleSection\":[\"Deutschland\",\"Russland\"],\"inLanguage\":\"de\",\"potentialAction\":[{\"@type\":\"CommentAction\",\"name\":\"Comment\",\"target\":[\"https:\/\/now-news.de\/de\/deutschland\/soldaten-impfpflicht-vor-gericht-vertreter-der-zustaendigen-institute-im-sicherheits-blindflug\/#respond\"]}]},{\"@type\":\"WebPage\",\"@id\":\"https:\/\/now-news.de\/de\/deutschland\/soldaten-impfpflicht-vor-gericht-vertreter-der-zustaendigen-institute-im-sicherheits-blindflug\/\",\"url\":\"https:\/\/now-news.de\/de\/deutschland\/soldaten-impfpflicht-vor-gericht-vertreter-der-zustaendigen-institute-im-sicherheits-blindflug\/\",\"name\":\"Soldaten-Impfpflicht vor Gericht: Vertreter der zust\u00e4ndigen Institute im Sicherheits-Blindflug - just-now.NEWS Deutschland\",\"isPartOf\":{\"@id\":\"https:\/\/now-news.de\/de\/#website\"},\"primaryImageOfPage\":{\"@id\":\"https:\/\/now-news.de\/de\/deutschland\/soldaten-impfpflicht-vor-gericht-vertreter-der-zustaendigen-institute-im-sicherheits-blindflug\/#primaryimage\"},\"image\":{\"@id\":\"https:\/\/now-news.de\/de\/deutschland\/soldaten-impfpflicht-vor-gericht-vertreter-der-zustaendigen-institute-im-sicherheits-blindflug\/#primaryimage\"},\"thumbnailUrl\":\"https:\/\/now-news.de\/de\/wp-content\/uploads\/sites\/3\/2022\/06\/Soldaten-Impfpflicht-vor-Gericht-Vertreter-der-zustaendigen-Institute-im-Sicherheits-Blindflug.jpg\",\"datePublished\":\"2022-06-09T04:45:06+00:00\",\"dateModified\":\"2022-06-09T04:45:06+00:00\",\"breadcrumb\":{\"@id\":\"https:\/\/now-news.de\/de\/deutschland\/soldaten-impfpflicht-vor-gericht-vertreter-der-zustaendigen-institute-im-sicherheits-blindflug\/#breadcrumb\"},\"inLanguage\":\"de\",\"potentialAction\":[{\"@type\":\"ReadAction\",\"target\":[\"https:\/\/now-news.de\/de\/deutschland\/soldaten-impfpflicht-vor-gericht-vertreter-der-zustaendigen-institute-im-sicherheits-blindflug\/\"]}]},{\"@type\":\"ImageObject\",\"inLanguage\":\"de\",\"@id\":\"https:\/\/now-news.de\/de\/deutschland\/soldaten-impfpflicht-vor-gericht-vertreter-der-zustaendigen-institute-im-sicherheits-blindflug\/#primaryimage\",\"url\":\"https:\/\/now-news.de\/de\/wp-content\/uploads\/sites\/3\/2022\/06\/Soldaten-Impfpflicht-vor-Gericht-Vertreter-der-zustaendigen-Institute-im-Sicherheits-Blindflug.jpg\",\"contentUrl\":\"https:\/\/now-news.de\/de\/wp-content\/uploads\/sites\/3\/2022\/06\/Soldaten-Impfpflicht-vor-Gericht-Vertreter-der-zustaendigen-Institute-im-Sicherheits-Blindflug.jpg\",\"width\":460,\"height\":259,\"caption\":\"Soldaten-Impfpflicht vor Gericht: Vertreter der zust\u00e4ndigen Institute im Sicherheits-Blindflug\"},{\"@type\":\"BreadcrumbList\",\"@id\":\"https:\/\/now-news.de\/de\/deutschland\/soldaten-impfpflicht-vor-gericht-vertreter-der-zustaendigen-institute-im-sicherheits-blindflug\/#breadcrumb\",\"itemListElement\":[{\"@type\":\"ListItem\",\"position\":1,\"name\":\"Home\",\"item\":\"https:\/\/now-news.de\/de\/\"},{\"@type\":\"ListItem\",\"position\":2,\"name\":\"Soldaten-Impfpflicht vor Gericht: Vertreter der zust\u00e4ndigen Institute im Sicherheits-Blindflug\"}]},{\"@type\":\"WebSite\",\"@id\":\"https:\/\/now-news.de\/de\/#website\",\"url\":\"https:\/\/now-news.de\/de\/\",\"name\":\"just-now.NEWS Deutschland\",\"description\":\"Das Portal f\u00fcr unzensierte Nachrichten aus der Welt\",\"publisher\":{\"@id\":\"https:\/\/now-news.de\/de\/#organization\"},\"potentialAction\":[{\"@type\":\"SearchAction\",\"target\":{\"@type\":\"EntryPoint\",\"urlTemplate\":\"https:\/\/now-news.de\/de\/?s={search_term_string}\"},\"query-input\":\"required name=search_term_string\"}],\"inLanguage\":\"de\"},{\"@type\":\"Organization\",\"@id\":\"https:\/\/now-news.de\/de\/#organization\",\"name\":\"Just Now News\",\"url\":\"https:\/\/now-news.de\/de\/\",\"logo\":{\"@type\":\"ImageObject\",\"inLanguage\":\"de\",\"@id\":\"https:\/\/now-news.de\/de\/#\/schema\/logo\/image\/\",\"url\":\"http:\/\/just-now.news\/de\/wp-content\/uploads\/sites\/3\/2022\/04\/logo500x500.jpg\",\"contentUrl\":\"http:\/\/just-now.news\/de\/wp-content\/uploads\/sites\/3\/2022\/04\/logo500x500.jpg\",\"width\":500,\"height\":500,\"caption\":\"Just Now News\"},\"image\":{\"@id\":\"https:\/\/now-news.de\/de\/#\/schema\/logo\/image\/\"},\"sameAs\":[\"https:\/\/www.facebook.com\/wirmachenauf\",\"https:\/\/x.com\/WirMachenAuf_de\"]},{\"@type\":\"Person\",\"@id\":\"https:\/\/now-news.de\/de\/#\/schema\/person\/fb534a4e865501d8b3285208df34a9b5\",\"name\":\"rtnews\",\"image\":{\"@type\":\"ImageObject\",\"inLanguage\":\"de\",\"@id\":\"https:\/\/now-news.de\/de\/#\/schema\/person\/image\/\",\"url\":\"https:\/\/secure.gravatar.com\/avatar\/82aafea7d8127119dd649515f56e2117?s=96&d=mm&r=g\",\"contentUrl\":\"https:\/\/secure.gravatar.com\/avatar\/82aafea7d8127119dd649515f56e2117?s=96&d=mm&r=g\",\"caption\":\"rtnews\"},\"url\":\"https:\/\/now-news.de\/de\/author\/rnews\/\"}]}<\/script>\n<!-- \/ Yoast SEO Premium plugin. -->","yoast_head_json":{"title":"Soldaten-Impfpflicht vor Gericht: Vertreter der zust\u00e4ndigen Institute im Sicherheits-Blindflug - just-now.NEWS Deutschland","robots":{"index":"index","follow":"follow","max-snippet":"max-snippet:-1","max-image-preview":"max-image-preview:large","max-video-preview":"max-video-preview:-1"},"canonical":"https:\/\/now-news.de\/de\/deutschland\/soldaten-impfpflicht-vor-gericht-vertreter-der-zustaendigen-institute-im-sicherheits-blindflug\/","og_locale":"de_DE","og_type":"article","og_title":"Soldaten-Impfpflicht vor Gericht: Vertreter der zust\u00e4ndigen Institute im Sicherheits-Blindflug","og_description":"Das Bundesverwaltungsgericht soll dar\u00fcber entscheiden, ob sich Bundeswehr-Angeh\u00f6rige gegen Corona impfen lassen m\u00fcssen. Angeh\u00f6rte Vertreter des RKI und des PEI konnten aber offenbar weder die Sicherheitsbedenken ausr\u00e4umen, noch eine Wirksamkeit der Impfstoffe mit Daten belegen. von Susan Bonath Bei den Corona-Impfungen nehmen Politik und Beh\u00f6rden offenbar eklatante Gesundheitsrisiken in Kauf. Wenig ausgepr\u00e4gt scheint dabei der [&hellip;]","og_url":"https:\/\/now-news.de\/de\/deutschland\/soldaten-impfpflicht-vor-gericht-vertreter-der-zustaendigen-institute-im-sicherheits-blindflug\/","og_site_name":"just-now.NEWS Deutschland","article_publisher":"https:\/\/www.facebook.com\/wirmachenauf","article_published_time":"2022-06-09T04:45:06+00:00","og_image":[{"width":460,"height":259,"url":"https:\/\/now-news.de\/de\/wp-content\/uploads\/sites\/3\/2022\/06\/Soldaten-Impfpflicht-vor-Gericht-Vertreter-der-zustaendigen-Institute-im-Sicherheits-Blindflug.jpg","type":"image\/jpeg"}],"author":"rtnews","twitter_card":"summary_large_image","twitter_creator":"@WirMachenAuf_de","twitter_site":"@WirMachenAuf_de","twitter_misc":{"Verfasst von":"rtnews","Gesch\u00e4tzte Lesezeit":"6\u00a0Minuten"},"schema":{"@context":"https:\/\/schema.org","@graph":[{"@type":"Article","@id":"https:\/\/now-news.de\/de\/deutschland\/soldaten-impfpflicht-vor-gericht-vertreter-der-zustaendigen-institute-im-sicherheits-blindflug\/#article","isPartOf":{"@id":"https:\/\/now-news.de\/de\/deutschland\/soldaten-impfpflicht-vor-gericht-vertreter-der-zustaendigen-institute-im-sicherheits-blindflug\/"},"author":{"name":"rtnews","@id":"https:\/\/now-news.de\/de\/#\/schema\/person\/fb534a4e865501d8b3285208df34a9b5"},"headline":"Soldaten-Impfpflicht vor Gericht: Vertreter der zust\u00e4ndigen Institute im Sicherheits-Blindflug","datePublished":"2022-06-09T04:45:06+00:00","dateModified":"2022-06-09T04:45:06+00:00","mainEntityOfPage":{"@id":"https:\/\/now-news.de\/de\/deutschland\/soldaten-impfpflicht-vor-gericht-vertreter-der-zustaendigen-institute-im-sicherheits-blindflug\/"},"wordCount":1176,"commentCount":0,"publisher":{"@id":"https:\/\/now-news.de\/de\/#organization"},"image":{"@id":"https:\/\/now-news.de\/de\/deutschland\/soldaten-impfpflicht-vor-gericht-vertreter-der-zustaendigen-institute-im-sicherheits-blindflug\/#primaryimage"},"thumbnailUrl":"https:\/\/now-news.de\/de\/wp-content\/uploads\/sites\/3\/2022\/06\/Soldaten-Impfpflicht-vor-Gericht-Vertreter-der-zustaendigen-Institute-im-Sicherheits-Blindflug.jpg","keywords":["der","Gericht","Institute","SicherheitsBlindflug","SoldatenImpfpflicht","Vertreter","vor","zust\u00e4ndigen"],"articleSection":["Deutschland","Russland"],"inLanguage":"de","potentialAction":[{"@type":"CommentAction","name":"Comment","target":["https:\/\/now-news.de\/de\/deutschland\/soldaten-impfpflicht-vor-gericht-vertreter-der-zustaendigen-institute-im-sicherheits-blindflug\/#respond"]}]},{"@type":"WebPage","@id":"https:\/\/now-news.de\/de\/deutschland\/soldaten-impfpflicht-vor-gericht-vertreter-der-zustaendigen-institute-im-sicherheits-blindflug\/","url":"https:\/\/now-news.de\/de\/deutschland\/soldaten-impfpflicht-vor-gericht-vertreter-der-zustaendigen-institute-im-sicherheits-blindflug\/","name":"Soldaten-Impfpflicht vor Gericht: Vertreter der zust\u00e4ndigen Institute im Sicherheits-Blindflug - just-now.NEWS Deutschland","isPartOf":{"@id":"https:\/\/now-news.de\/de\/#website"},"primaryImageOfPage":{"@id":"https:\/\/now-news.de\/de\/deutschland\/soldaten-impfpflicht-vor-gericht-vertreter-der-zustaendigen-institute-im-sicherheits-blindflug\/#primaryimage"},"image":{"@id":"https:\/\/now-news.de\/de\/deutschland\/soldaten-impfpflicht-vor-gericht-vertreter-der-zustaendigen-institute-im-sicherheits-blindflug\/#primaryimage"},"thumbnailUrl":"https:\/\/now-news.de\/de\/wp-content\/uploads\/sites\/3\/2022\/06\/Soldaten-Impfpflicht-vor-Gericht-Vertreter-der-zustaendigen-Institute-im-Sicherheits-Blindflug.jpg","datePublished":"2022-06-09T04:45:06+00:00","dateModified":"2022-06-09T04:45:06+00:00","breadcrumb":{"@id":"https:\/\/now-news.de\/de\/deutschland\/soldaten-impfpflicht-vor-gericht-vertreter-der-zustaendigen-institute-im-sicherheits-blindflug\/#breadcrumb"},"inLanguage":"de","potentialAction":[{"@type":"ReadAction","target":["https:\/\/now-news.de\/de\/deutschland\/soldaten-impfpflicht-vor-gericht-vertreter-der-zustaendigen-institute-im-sicherheits-blindflug\/"]}]},{"@type":"ImageObject","inLanguage":"de","@id":"https:\/\/now-news.de\/de\/deutschland\/soldaten-impfpflicht-vor-gericht-vertreter-der-zustaendigen-institute-im-sicherheits-blindflug\/#primaryimage","url":"https:\/\/now-news.de\/de\/wp-content\/uploads\/sites\/3\/2022\/06\/Soldaten-Impfpflicht-vor-Gericht-Vertreter-der-zustaendigen-Institute-im-Sicherheits-Blindflug.jpg","contentUrl":"https:\/\/now-news.de\/de\/wp-content\/uploads\/sites\/3\/2022\/06\/Soldaten-Impfpflicht-vor-Gericht-Vertreter-der-zustaendigen-Institute-im-Sicherheits-Blindflug.jpg","width":460,"height":259,"caption":"Soldaten-Impfpflicht vor Gericht: Vertreter der zust\u00e4ndigen Institute im Sicherheits-Blindflug"},{"@type":"BreadcrumbList","@id":"https:\/\/now-news.de\/de\/deutschland\/soldaten-impfpflicht-vor-gericht-vertreter-der-zustaendigen-institute-im-sicherheits-blindflug\/#breadcrumb","itemListElement":[{"@type":"ListItem","position":1,"name":"Home","item":"https:\/\/now-news.de\/de\/"},{"@type":"ListItem","position":2,"name":"Soldaten-Impfpflicht vor Gericht: Vertreter der zust\u00e4ndigen Institute im Sicherheits-Blindflug"}]},{"@type":"WebSite","@id":"https:\/\/now-news.de\/de\/#website","url":"https:\/\/now-news.de\/de\/","name":"just-now.NEWS Deutschland","description":"Das Portal f\u00fcr unzensierte Nachrichten aus der Welt","publisher":{"@id":"https:\/\/now-news.de\/de\/#organization"},"potentialAction":[{"@type":"SearchAction","target":{"@type":"EntryPoint","urlTemplate":"https:\/\/now-news.de\/de\/?s={search_term_string}"},"query-input":"required name=search_term_string"}],"inLanguage":"de"},{"@type":"Organization","@id":"https:\/\/now-news.de\/de\/#organization","name":"Just Now News","url":"https:\/\/now-news.de\/de\/","logo":{"@type":"ImageObject","inLanguage":"de","@id":"https:\/\/now-news.de\/de\/#\/schema\/logo\/image\/","url":"http:\/\/just-now.news\/de\/wp-content\/uploads\/sites\/3\/2022\/04\/logo500x500.jpg","contentUrl":"http:\/\/just-now.news\/de\/wp-content\/uploads\/sites\/3\/2022\/04\/logo500x500.jpg","width":500,"height":500,"caption":"Just Now News"},"image":{"@id":"https:\/\/now-news.de\/de\/#\/schema\/logo\/image\/"},"sameAs":["https:\/\/www.facebook.com\/wirmachenauf","https:\/\/x.com\/WirMachenAuf_de"]},{"@type":"Person","@id":"https:\/\/now-news.de\/de\/#\/schema\/person\/fb534a4e865501d8b3285208df34a9b5","name":"rtnews","image":{"@type":"ImageObject","inLanguage":"de","@id":"https:\/\/now-news.de\/de\/#\/schema\/person\/image\/","url":"https:\/\/secure.gravatar.com\/avatar\/82aafea7d8127119dd649515f56e2117?s=96&d=mm&r=g","contentUrl":"https:\/\/secure.gravatar.com\/avatar\/82aafea7d8127119dd649515f56e2117?s=96&d=mm&r=g","caption":"rtnews"},"url":"https:\/\/now-news.de\/de\/author\/rnews\/"}]}},"_links":{"self":[{"href":"https:\/\/now-news.de\/de\/wp-json\/wp\/v2\/posts\/10289"}],"collection":[{"href":"https:\/\/now-news.de\/de\/wp-json\/wp\/v2\/posts"}],"about":[{"href":"https:\/\/now-news.de\/de\/wp-json\/wp\/v2\/types\/post"}],"author":[{"embeddable":true,"href":"https:\/\/now-news.de\/de\/wp-json\/wp\/v2\/users\/3"}],"replies":[{"embeddable":true,"href":"https:\/\/now-news.de\/de\/wp-json\/wp\/v2\/comments?post=10289"}],"version-history":[{"count":0,"href":"https:\/\/now-news.de\/de\/wp-json\/wp\/v2\/posts\/10289\/revisions"}],"wp:featuredmedia":[{"embeddable":true,"href":"https:\/\/now-news.de\/de\/wp-json\/wp\/v2\/media\/10290"}],"wp:attachment":[{"href":"https:\/\/now-news.de\/de\/wp-json\/wp\/v2\/media?parent=10289"}],"wp:term":[{"taxonomy":"category","embeddable":true,"href":"https:\/\/now-news.de\/de\/wp-json\/wp\/v2\/categories?post=10289"},{"taxonomy":"post_tag","embeddable":true,"href":"https:\/\/now-news.de\/de\/wp-json\/wp\/v2\/tags?post=10289"}],"curies":[{"name":"wp","href":"https:\/\/api.w.org\/{rel}","templated":true}]}}