{"id":10285,"date":"2022-06-09T06:15:38","date_gmt":"2022-06-09T04:15:38","guid":{"rendered":"http:\/\/just-now.news\/de\/deutschland\/corona-expertenrat-fordert-vorbereitungen-fuer-den-herbst\/"},"modified":"2022-06-09T06:15:38","modified_gmt":"2022-06-09T04:15:38","slug":"corona-expertenrat-fordert-vorbereitungen-fuer-den-herbst","status":"publish","type":"post","link":"https:\/\/now-news.de\/de\/deutschland\/corona-expertenrat-fordert-vorbereitungen-fuer-den-herbst\/","title":{"rendered":"Corona-Expertenrat fordert Vorbereitungen f\u00fcr den Herbst"},"content":{"rendered":"<p><img decoding=\"async\" src=\"http:\/\/just-now.news\/de\/wp-content\/uploads\/sites\/3\/2022\/06\/62a0c871b480cc27125369a9.jpg\" \/><\/p>\n<div class=\"Text-root Text-type_1 \">\n                Der Corona-Expertenrat fordert, dass sich Bund und L\u00e4nder auf eine neue Corona-Welle im Herbst vorbereiten. Das Gremium nennt drei m\u00f6gliche Szenarien f\u00fcr den Herbst und Winter, bei denen einige Ma\u00dfnahmen zur\u00fcckkehren k\u00f6nnten.\n            <\/div>\n<p><\/p>\n<div class=\"Text-root Text-type_5 ArticleView-text ViewText-root \">\n<p>Der Corona-Expertenrat hat seine Empfehlungen f\u00fcr den Herbst und Winter vorgestellt und Bund und L\u00e4nder dazu gedr\u00e4ngt, sich fr\u00fch und umfassend auf die Bek\u00e4mpfung neuer Infektionswellen im Herbst und Winter vorzubereiten. In einer umfangreichen Stellungnahme des Gremiums, die am Mittwoch vorgelegt wurde, hei\u00dft es:<\/p>\n<blockquote>\n<p><em>&#8220;Eine vorausschauende Vorbereitung mit kurzen Reaktionszeiten auf ver\u00e4nderte Infektionslagen reduziert die pandemiebedingten (Sekund\u00e4r-)Sch\u00e4den und hat die h\u00f6chste Effektivit\u00e4t, um die Morbidit\u00e4t und Mortalit\u00e4t zu verringern.&#8221; <\/em><\/p>\n<\/blockquote>\n<p>In jedem Fall erfordere die Vorbereitung eine &#8220;solide rechtliche Grundlage f\u00fcr Infektionsschutzma\u00dfnahmen&#8221;, die &#8220;eine dem Infektionsgeschehen angepasste schnelle Reaktion&#8221; erm\u00f6glicht. Besonders dann, wenn eine \u00dcberlastung des Gesundheitssystems drohe, sei eine schnelle Reaktion notwendig. Nach Ansicht des Gremiums k\u00f6nne eine vor\u00fcbergehende Maskenpflicht &#8220;ein wirksames und schnelles Instrument zur Infektionskontrolle darstellen&#8221;.<\/p>\n<p>W\u00e4hrend der Pressekonferenz wurde auch darauf hingewiesen, dass niemand seri\u00f6s und sicher vorhersagen k\u00f6nne, welche SARS-CoV-2-Varianten im Herbst auftreten. Der Expertenrat geht jedoch von drei m\u00f6glichen Szenarien aus.<\/p>\n<p>Im g\u00fcnstigsten Szenario seien die neuen Varianten weniger gef\u00e4hrlich, sodass Infektionsschutzma\u00dfnahmen nicht mehr oder nur f\u00fcr den Schutz von Risikogruppen notwendig seien. In einem &#8220;Basismodell&#8221; gehen die Experten davon aus, dass die Zahl der COVID-F\u00e4lle wieder steigt. Diesbez\u00fcglich erkl\u00e4rte die Kommission:<\/p>\n<blockquote>\n<p><em>&#8220;Trotz der moderaten Covid-19-Belastung der Intensivmedizin k\u00f6nnten die Arbeitsausf\u00e4lle erneut fl\u00e4chendeckende Ma\u00dfnahmen des \u00dcbertragungsschutzes (Masken und Abstand in Innenr\u00e4umen), aber auch Ma\u00dfnahmen der Kontaktreduktion nach regionaler Ma\u00dfgabe erforderlich machen.&#8221;<\/em><\/p>\n<\/blockquote>\n<p>In einem Negativszenario m\u00fcsse man mit einem sinkenden Immunschutz und einer pathogeneren Variante rechnen, sodass auch Immunisierte mit einem schweren Krankheitsverlauf rechnen m\u00fcssen. In diesem Fall w\u00fcrden die Intensivstationen wieder stark mit COVID-19-F\u00e4llen belastet, sodass Ma\u00dfnahmen wie die Maskenpflicht und Abstandsregelungen erst im Fr\u00fchjahr 2023 zur\u00fcckgefahren werden k\u00f6nnen.<\/p>\n<p>Das Gremium forderte in seiner Stellungnahme auch eine bessere Erhebung der Corona-Daten durch ein digitales Echtzeit-Lagebild. Dadurch k\u00f6nne man die Sieben-Tage-Inzidenz als Parameter abl\u00f6sen und sei in der Lage, besser und gezielt auf Entwicklungen zu reagieren. Das Gremium verweist auch auf die Erwartungshaltung der Menschen:<\/p>\n<blockquote>\n<p><em>&#8220;Die Bev\u00f6lkerung ist durch zwei Jahre Pandemie gepr\u00e4gt.&#8221;<\/em><\/p>\n<\/blockquote>\n<p>Daher bestehe nach Ansicht der Experten &#8220;eine nachvollziehbar hohe Erwartungshaltung an die Politik, im dritten Jahr der Pandemie effektive Vorbereitungen f\u00fcr Herbst und Winter zu treffen&#8221;. Der von der Bundesregierung eingerichtete Expertenrat ist mit Wissenschaftlern unterschiedlicher Disziplinen besetzt und soll unter anderem Empfehlungen und Vorkehrungen zum Umgang mit Corona entwerfen.<\/p>\n<p><strong>Mehr zum Thema &#8211;<\/strong>\u00a0<a rel=\"nofollow noopener\" target=\"_blank\" href=\"https:\/\/test.rtde.tech\/inland\/140527-fur-rote-linien-fruherer-verfassungsrichter\/\">F\u00fcr &#8220;rote Linien&#8221;: Fr\u00fcherer Verfassungsrichter Hans-J\u00fcrgen Papier kritisiert die Bundesregierung <\/a><\/p>\n<\/p>\n<\/div>\n<p><br \/>\n<br \/><a href=\"https:\/\/de.rt.com\/inland\/140566-corona-expertenrat-fordert-vorbereitungen-fur\/\">Source link <\/a><\/p>\n","protected":false},"excerpt":{"rendered":"<p>Der Corona-Expertenrat fordert, dass sich Bund und L\u00e4nder auf eine neue Corona-Welle im Herbst vorbereiten. Das Gremium nennt drei m\u00f6gliche Szenarien f\u00fcr den Herbst und Winter, bei denen einige Ma\u00dfnahmen zur\u00fcckkehren k\u00f6nnten. Der Corona-Expertenrat hat seine Empfehlungen f\u00fcr den Herbst und Winter vorgestellt und Bund und L\u00e4nder dazu gedr\u00e4ngt, sich fr\u00fch und umfassend auf die [&hellip;]<\/p>\n","protected":false},"author":3,"featured_media":10286,"comment_status":"open","ping_status":"open","sticky":false,"template":"","format":"standard","meta":{"wp_automatic_camp":["217"],"299a2e958439d2d0433c77601246dd75":["Corona-Expertenrat fordert Vorbereitungen f\u00fcr den Herbst"],"original_link":["https:\/\/de.rt.com\/inland\/140566-corona-expertenrat-fordert-vorbereitungen-fur\/"],"_thumbnail_id":["10286"],"_wptg_p2tg_sent2tg":["2022-06-09 06:21:58"],"jnews_social_counter_last_update":["1777319070"]},"categories":[19,23],"tags":[23719,48,355,221,529,22987],"yoast_head":"<!-- This site is optimized with the Yoast SEO Premium plugin v22.7 (Yoast SEO v22.7) - https:\/\/yoast.com\/wordpress\/plugins\/seo\/ -->\n<title>Corona-Expertenrat fordert Vorbereitungen f\u00fcr den Herbst - just-now.NEWS Deutschland<\/title>\n<meta name=\"robots\" content=\"index, follow, max-snippet:-1, max-image-preview:large, max-video-preview:-1\" \/>\n<link rel=\"canonical\" href=\"https:\/\/now-news.de\/de\/deutschland\/corona-expertenrat-fordert-vorbereitungen-fuer-den-herbst\/\" \/>\n<meta property=\"og:locale\" content=\"de_DE\" \/>\n<meta property=\"og:type\" content=\"article\" \/>\n<meta property=\"og:title\" content=\"Corona-Expertenrat fordert Vorbereitungen f\u00fcr den Herbst\" \/>\n<meta property=\"og:description\" content=\"Der Corona-Expertenrat fordert, dass sich Bund und L\u00e4nder auf eine neue Corona-Welle im Herbst vorbereiten. Das Gremium nennt drei m\u00f6gliche Szenarien f\u00fcr den Herbst und Winter, bei denen einige Ma\u00dfnahmen zur\u00fcckkehren k\u00f6nnten. Der Corona-Expertenrat hat seine Empfehlungen f\u00fcr den Herbst und Winter vorgestellt und Bund und L\u00e4nder dazu gedr\u00e4ngt, sich fr\u00fch und umfassend auf die [&hellip;]\" \/>\n<meta property=\"og:url\" content=\"https:\/\/now-news.de\/de\/deutschland\/corona-expertenrat-fordert-vorbereitungen-fuer-den-herbst\/\" \/>\n<meta property=\"og:site_name\" content=\"just-now.NEWS Deutschland\" \/>\n<meta property=\"article:publisher\" content=\"https:\/\/www.facebook.com\/wirmachenauf\" \/>\n<meta property=\"article:published_time\" content=\"2022-06-09T04:15:38+00:00\" \/>\n<meta property=\"og:image\" content=\"https:\/\/now-news.de\/de\/wp-content\/uploads\/sites\/3\/2022\/06\/Corona-Expertenrat-fordert-Vorbereitungen-fuer-den-Herbst.jpg\" \/>\n\t<meta property=\"og:image:width\" content=\"460\" \/>\n\t<meta property=\"og:image:height\" content=\"259\" \/>\n\t<meta property=\"og:image:type\" content=\"image\/jpeg\" \/>\n<meta name=\"author\" content=\"rtnews\" \/>\n<meta name=\"twitter:card\" content=\"summary_large_image\" \/>\n<meta name=\"twitter:creator\" content=\"@WirMachenAuf_de\" \/>\n<meta name=\"twitter:site\" content=\"@WirMachenAuf_de\" \/>\n<meta name=\"twitter:label1\" content=\"Verfasst von\" \/>\n\t<meta name=\"twitter:data1\" content=\"rtnews\" \/>\n\t<meta name=\"twitter:label2\" content=\"Gesch\u00e4tzte Lesezeit\" \/>\n\t<meta name=\"twitter:data2\" content=\"2\u00a0Minuten\" \/>\n<script type=\"application\/ld+json\" class=\"yoast-schema-graph\">{\"@context\":\"https:\/\/schema.org\",\"@graph\":[{\"@type\":\"Article\",\"@id\":\"https:\/\/now-news.de\/de\/deutschland\/corona-expertenrat-fordert-vorbereitungen-fuer-den-herbst\/#article\",\"isPartOf\":{\"@id\":\"https:\/\/now-news.de\/de\/deutschland\/corona-expertenrat-fordert-vorbereitungen-fuer-den-herbst\/\"},\"author\":{\"name\":\"rtnews\",\"@id\":\"https:\/\/now-news.de\/de\/#\/schema\/person\/fb534a4e865501d8b3285208df34a9b5\"},\"headline\":\"Corona-Expertenrat fordert Vorbereitungen f\u00fcr den Herbst\",\"datePublished\":\"2022-06-09T04:15:38+00:00\",\"dateModified\":\"2022-06-09T04:15:38+00:00\",\"mainEntityOfPage\":{\"@id\":\"https:\/\/now-news.de\/de\/deutschland\/corona-expertenrat-fordert-vorbereitungen-fuer-den-herbst\/\"},\"wordCount\":484,\"commentCount\":0,\"publisher\":{\"@id\":\"https:\/\/now-news.de\/de\/#organization\"},\"image\":{\"@id\":\"https:\/\/now-news.de\/de\/deutschland\/corona-expertenrat-fordert-vorbereitungen-fuer-den-herbst\/#primaryimage\"},\"thumbnailUrl\":\"https:\/\/now-news.de\/de\/wp-content\/uploads\/sites\/3\/2022\/06\/Corona-Expertenrat-fordert-Vorbereitungen-fuer-den-Herbst.jpg\",\"keywords\":[\"CoronaExpertenrat\",\"den\",\"fordert\",\"f\u00fcr\",\"Herbst\",\"Vorbereitungen\"],\"articleSection\":[\"Deutschland\",\"Russland\"],\"inLanguage\":\"de\",\"potentialAction\":[{\"@type\":\"CommentAction\",\"name\":\"Comment\",\"target\":[\"https:\/\/now-news.de\/de\/deutschland\/corona-expertenrat-fordert-vorbereitungen-fuer-den-herbst\/#respond\"]}]},{\"@type\":\"WebPage\",\"@id\":\"https:\/\/now-news.de\/de\/deutschland\/corona-expertenrat-fordert-vorbereitungen-fuer-den-herbst\/\",\"url\":\"https:\/\/now-news.de\/de\/deutschland\/corona-expertenrat-fordert-vorbereitungen-fuer-den-herbst\/\",\"name\":\"Corona-Expertenrat fordert Vorbereitungen f\u00fcr den Herbst - just-now.NEWS Deutschland\",\"isPartOf\":{\"@id\":\"https:\/\/now-news.de\/de\/#website\"},\"primaryImageOfPage\":{\"@id\":\"https:\/\/now-news.de\/de\/deutschland\/corona-expertenrat-fordert-vorbereitungen-fuer-den-herbst\/#primaryimage\"},\"image\":{\"@id\":\"https:\/\/now-news.de\/de\/deutschland\/corona-expertenrat-fordert-vorbereitungen-fuer-den-herbst\/#primaryimage\"},\"thumbnailUrl\":\"https:\/\/now-news.de\/de\/wp-content\/uploads\/sites\/3\/2022\/06\/Corona-Expertenrat-fordert-Vorbereitungen-fuer-den-Herbst.jpg\",\"datePublished\":\"2022-06-09T04:15:38+00:00\",\"dateModified\":\"2022-06-09T04:15:38+00:00\",\"breadcrumb\":{\"@id\":\"https:\/\/now-news.de\/de\/deutschland\/corona-expertenrat-fordert-vorbereitungen-fuer-den-herbst\/#breadcrumb\"},\"inLanguage\":\"de\",\"potentialAction\":[{\"@type\":\"ReadAction\",\"target\":[\"https:\/\/now-news.de\/de\/deutschland\/corona-expertenrat-fordert-vorbereitungen-fuer-den-herbst\/\"]}]},{\"@type\":\"ImageObject\",\"inLanguage\":\"de\",\"@id\":\"https:\/\/now-news.de\/de\/deutschland\/corona-expertenrat-fordert-vorbereitungen-fuer-den-herbst\/#primaryimage\",\"url\":\"https:\/\/now-news.de\/de\/wp-content\/uploads\/sites\/3\/2022\/06\/Corona-Expertenrat-fordert-Vorbereitungen-fuer-den-Herbst.jpg\",\"contentUrl\":\"https:\/\/now-news.de\/de\/wp-content\/uploads\/sites\/3\/2022\/06\/Corona-Expertenrat-fordert-Vorbereitungen-fuer-den-Herbst.jpg\",\"width\":460,\"height\":259,\"caption\":\"Corona-Expertenrat fordert Vorbereitungen f\u00fcr den Herbst\"},{\"@type\":\"BreadcrumbList\",\"@id\":\"https:\/\/now-news.de\/de\/deutschland\/corona-expertenrat-fordert-vorbereitungen-fuer-den-herbst\/#breadcrumb\",\"itemListElement\":[{\"@type\":\"ListItem\",\"position\":1,\"name\":\"Home\",\"item\":\"https:\/\/now-news.de\/de\/\"},{\"@type\":\"ListItem\",\"position\":2,\"name\":\"Corona-Expertenrat fordert Vorbereitungen f\u00fcr den Herbst\"}]},{\"@type\":\"WebSite\",\"@id\":\"https:\/\/now-news.de\/de\/#website\",\"url\":\"https:\/\/now-news.de\/de\/\",\"name\":\"just-now.NEWS Deutschland\",\"description\":\"Das Portal f\u00fcr unzensierte Nachrichten aus der Welt\",\"publisher\":{\"@id\":\"https:\/\/now-news.de\/de\/#organization\"},\"potentialAction\":[{\"@type\":\"SearchAction\",\"target\":{\"@type\":\"EntryPoint\",\"urlTemplate\":\"https:\/\/now-news.de\/de\/?s={search_term_string}\"},\"query-input\":\"required name=search_term_string\"}],\"inLanguage\":\"de\"},{\"@type\":\"Organization\",\"@id\":\"https:\/\/now-news.de\/de\/#organization\",\"name\":\"Just Now News\",\"url\":\"https:\/\/now-news.de\/de\/\",\"logo\":{\"@type\":\"ImageObject\",\"inLanguage\":\"de\",\"@id\":\"https:\/\/now-news.de\/de\/#\/schema\/logo\/image\/\",\"url\":\"http:\/\/just-now.news\/de\/wp-content\/uploads\/sites\/3\/2022\/04\/logo500x500.jpg\",\"contentUrl\":\"http:\/\/just-now.news\/de\/wp-content\/uploads\/sites\/3\/2022\/04\/logo500x500.jpg\",\"width\":500,\"height\":500,\"caption\":\"Just Now News\"},\"image\":{\"@id\":\"https:\/\/now-news.de\/de\/#\/schema\/logo\/image\/\"},\"sameAs\":[\"https:\/\/www.facebook.com\/wirmachenauf\",\"https:\/\/x.com\/WirMachenAuf_de\"]},{\"@type\":\"Person\",\"@id\":\"https:\/\/now-news.de\/de\/#\/schema\/person\/fb534a4e865501d8b3285208df34a9b5\",\"name\":\"rtnews\",\"image\":{\"@type\":\"ImageObject\",\"inLanguage\":\"de\",\"@id\":\"https:\/\/now-news.de\/de\/#\/schema\/person\/image\/\",\"url\":\"https:\/\/secure.gravatar.com\/avatar\/82aafea7d8127119dd649515f56e2117?s=96&d=mm&r=g\",\"contentUrl\":\"https:\/\/secure.gravatar.com\/avatar\/82aafea7d8127119dd649515f56e2117?s=96&d=mm&r=g\",\"caption\":\"rtnews\"},\"url\":\"https:\/\/now-news.de\/de\/author\/rnews\/\"}]}<\/script>\n<!-- \/ Yoast SEO Premium plugin. -->","yoast_head_json":{"title":"Corona-Expertenrat fordert Vorbereitungen f\u00fcr den Herbst - just-now.NEWS Deutschland","robots":{"index":"index","follow":"follow","max-snippet":"max-snippet:-1","max-image-preview":"max-image-preview:large","max-video-preview":"max-video-preview:-1"},"canonical":"https:\/\/now-news.de\/de\/deutschland\/corona-expertenrat-fordert-vorbereitungen-fuer-den-herbst\/","og_locale":"de_DE","og_type":"article","og_title":"Corona-Expertenrat fordert Vorbereitungen f\u00fcr den Herbst","og_description":"Der Corona-Expertenrat fordert, dass sich Bund und L\u00e4nder auf eine neue Corona-Welle im Herbst vorbereiten. Das Gremium nennt drei m\u00f6gliche Szenarien f\u00fcr den Herbst und Winter, bei denen einige Ma\u00dfnahmen zur\u00fcckkehren k\u00f6nnten. Der Corona-Expertenrat hat seine Empfehlungen f\u00fcr den Herbst und Winter vorgestellt und Bund und L\u00e4nder dazu gedr\u00e4ngt, sich fr\u00fch und umfassend auf die [&hellip;]","og_url":"https:\/\/now-news.de\/de\/deutschland\/corona-expertenrat-fordert-vorbereitungen-fuer-den-herbst\/","og_site_name":"just-now.NEWS Deutschland","article_publisher":"https:\/\/www.facebook.com\/wirmachenauf","article_published_time":"2022-06-09T04:15:38+00:00","og_image":[{"width":460,"height":259,"url":"https:\/\/now-news.de\/de\/wp-content\/uploads\/sites\/3\/2022\/06\/Corona-Expertenrat-fordert-Vorbereitungen-fuer-den-Herbst.jpg","type":"image\/jpeg"}],"author":"rtnews","twitter_card":"summary_large_image","twitter_creator":"@WirMachenAuf_de","twitter_site":"@WirMachenAuf_de","twitter_misc":{"Verfasst von":"rtnews","Gesch\u00e4tzte Lesezeit":"2\u00a0Minuten"},"schema":{"@context":"https:\/\/schema.org","@graph":[{"@type":"Article","@id":"https:\/\/now-news.de\/de\/deutschland\/corona-expertenrat-fordert-vorbereitungen-fuer-den-herbst\/#article","isPartOf":{"@id":"https:\/\/now-news.de\/de\/deutschland\/corona-expertenrat-fordert-vorbereitungen-fuer-den-herbst\/"},"author":{"name":"rtnews","@id":"https:\/\/now-news.de\/de\/#\/schema\/person\/fb534a4e865501d8b3285208df34a9b5"},"headline":"Corona-Expertenrat fordert Vorbereitungen f\u00fcr den Herbst","datePublished":"2022-06-09T04:15:38+00:00","dateModified":"2022-06-09T04:15:38+00:00","mainEntityOfPage":{"@id":"https:\/\/now-news.de\/de\/deutschland\/corona-expertenrat-fordert-vorbereitungen-fuer-den-herbst\/"},"wordCount":484,"commentCount":0,"publisher":{"@id":"https:\/\/now-news.de\/de\/#organization"},"image":{"@id":"https:\/\/now-news.de\/de\/deutschland\/corona-expertenrat-fordert-vorbereitungen-fuer-den-herbst\/#primaryimage"},"thumbnailUrl":"https:\/\/now-news.de\/de\/wp-content\/uploads\/sites\/3\/2022\/06\/Corona-Expertenrat-fordert-Vorbereitungen-fuer-den-Herbst.jpg","keywords":["CoronaExpertenrat","den","fordert","f\u00fcr","Herbst","Vorbereitungen"],"articleSection":["Deutschland","Russland"],"inLanguage":"de","potentialAction":[{"@type":"CommentAction","name":"Comment","target":["https:\/\/now-news.de\/de\/deutschland\/corona-expertenrat-fordert-vorbereitungen-fuer-den-herbst\/#respond"]}]},{"@type":"WebPage","@id":"https:\/\/now-news.de\/de\/deutschland\/corona-expertenrat-fordert-vorbereitungen-fuer-den-herbst\/","url":"https:\/\/now-news.de\/de\/deutschland\/corona-expertenrat-fordert-vorbereitungen-fuer-den-herbst\/","name":"Corona-Expertenrat fordert Vorbereitungen f\u00fcr den Herbst - just-now.NEWS Deutschland","isPartOf":{"@id":"https:\/\/now-news.de\/de\/#website"},"primaryImageOfPage":{"@id":"https:\/\/now-news.de\/de\/deutschland\/corona-expertenrat-fordert-vorbereitungen-fuer-den-herbst\/#primaryimage"},"image":{"@id":"https:\/\/now-news.de\/de\/deutschland\/corona-expertenrat-fordert-vorbereitungen-fuer-den-herbst\/#primaryimage"},"thumbnailUrl":"https:\/\/now-news.de\/de\/wp-content\/uploads\/sites\/3\/2022\/06\/Corona-Expertenrat-fordert-Vorbereitungen-fuer-den-Herbst.jpg","datePublished":"2022-06-09T04:15:38+00:00","dateModified":"2022-06-09T04:15:38+00:00","breadcrumb":{"@id":"https:\/\/now-news.de\/de\/deutschland\/corona-expertenrat-fordert-vorbereitungen-fuer-den-herbst\/#breadcrumb"},"inLanguage":"de","potentialAction":[{"@type":"ReadAction","target":["https:\/\/now-news.de\/de\/deutschland\/corona-expertenrat-fordert-vorbereitungen-fuer-den-herbst\/"]}]},{"@type":"ImageObject","inLanguage":"de","@id":"https:\/\/now-news.de\/de\/deutschland\/corona-expertenrat-fordert-vorbereitungen-fuer-den-herbst\/#primaryimage","url":"https:\/\/now-news.de\/de\/wp-content\/uploads\/sites\/3\/2022\/06\/Corona-Expertenrat-fordert-Vorbereitungen-fuer-den-Herbst.jpg","contentUrl":"https:\/\/now-news.de\/de\/wp-content\/uploads\/sites\/3\/2022\/06\/Corona-Expertenrat-fordert-Vorbereitungen-fuer-den-Herbst.jpg","width":460,"height":259,"caption":"Corona-Expertenrat fordert Vorbereitungen f\u00fcr den Herbst"},{"@type":"BreadcrumbList","@id":"https:\/\/now-news.de\/de\/deutschland\/corona-expertenrat-fordert-vorbereitungen-fuer-den-herbst\/#breadcrumb","itemListElement":[{"@type":"ListItem","position":1,"name":"Home","item":"https:\/\/now-news.de\/de\/"},{"@type":"ListItem","position":2,"name":"Corona-Expertenrat fordert Vorbereitungen f\u00fcr den Herbst"}]},{"@type":"WebSite","@id":"https:\/\/now-news.de\/de\/#website","url":"https:\/\/now-news.de\/de\/","name":"just-now.NEWS Deutschland","description":"Das Portal f\u00fcr unzensierte Nachrichten aus der Welt","publisher":{"@id":"https:\/\/now-news.de\/de\/#organization"},"potentialAction":[{"@type":"SearchAction","target":{"@type":"EntryPoint","urlTemplate":"https:\/\/now-news.de\/de\/?s={search_term_string}"},"query-input":"required name=search_term_string"}],"inLanguage":"de"},{"@type":"Organization","@id":"https:\/\/now-news.de\/de\/#organization","name":"Just Now News","url":"https:\/\/now-news.de\/de\/","logo":{"@type":"ImageObject","inLanguage":"de","@id":"https:\/\/now-news.de\/de\/#\/schema\/logo\/image\/","url":"http:\/\/just-now.news\/de\/wp-content\/uploads\/sites\/3\/2022\/04\/logo500x500.jpg","contentUrl":"http:\/\/just-now.news\/de\/wp-content\/uploads\/sites\/3\/2022\/04\/logo500x500.jpg","width":500,"height":500,"caption":"Just Now News"},"image":{"@id":"https:\/\/now-news.de\/de\/#\/schema\/logo\/image\/"},"sameAs":["https:\/\/www.facebook.com\/wirmachenauf","https:\/\/x.com\/WirMachenAuf_de"]},{"@type":"Person","@id":"https:\/\/now-news.de\/de\/#\/schema\/person\/fb534a4e865501d8b3285208df34a9b5","name":"rtnews","image":{"@type":"ImageObject","inLanguage":"de","@id":"https:\/\/now-news.de\/de\/#\/schema\/person\/image\/","url":"https:\/\/secure.gravatar.com\/avatar\/82aafea7d8127119dd649515f56e2117?s=96&d=mm&r=g","contentUrl":"https:\/\/secure.gravatar.com\/avatar\/82aafea7d8127119dd649515f56e2117?s=96&d=mm&r=g","caption":"rtnews"},"url":"https:\/\/now-news.de\/de\/author\/rnews\/"}]}},"_links":{"self":[{"href":"https:\/\/now-news.de\/de\/wp-json\/wp\/v2\/posts\/10285"}],"collection":[{"href":"https:\/\/now-news.de\/de\/wp-json\/wp\/v2\/posts"}],"about":[{"href":"https:\/\/now-news.de\/de\/wp-json\/wp\/v2\/types\/post"}],"author":[{"embeddable":true,"href":"https:\/\/now-news.de\/de\/wp-json\/wp\/v2\/users\/3"}],"replies":[{"embeddable":true,"href":"https:\/\/now-news.de\/de\/wp-json\/wp\/v2\/comments?post=10285"}],"version-history":[{"count":0,"href":"https:\/\/now-news.de\/de\/wp-json\/wp\/v2\/posts\/10285\/revisions"}],"wp:featuredmedia":[{"embeddable":true,"href":"https:\/\/now-news.de\/de\/wp-json\/wp\/v2\/media\/10286"}],"wp:attachment":[{"href":"https:\/\/now-news.de\/de\/wp-json\/wp\/v2\/media?parent=10285"}],"wp:term":[{"taxonomy":"category","embeddable":true,"href":"https:\/\/now-news.de\/de\/wp-json\/wp\/v2\/categories?post=10285"},{"taxonomy":"post_tag","embeddable":true,"href":"https:\/\/now-news.de\/de\/wp-json\/wp\/v2\/tags?post=10285"}],"curies":[{"name":"wp","href":"https:\/\/api.w.org\/{rel}","templated":true}]}}