{"id":10266,"date":"2022-06-09T01:39:00","date_gmt":"2022-06-08T23:39:00","guid":{"rendered":"http:\/\/just-now.news\/de\/usa\/entwicklung-5-tote-nach-abstuerzen-von-militaerflugzeugen-in-suedkalifornien\/"},"modified":"2022-06-09T01:39:00","modified_gmt":"2022-06-08T23:39:00","slug":"entwicklung-5-tote-nach-abstuerzen-von-militaerflugzeugen-in-suedkalifornien","status":"publish","type":"post","link":"https:\/\/now-news.de\/de\/usa\/entwicklung-5-tote-nach-abstuerzen-von-militaerflugzeugen-in-suedkalifornien\/","title":{"rendered":"ENTWICKLUNG: 5 Tote nach Abst\u00fcrzen von Milit\u00e4rflugzeugen in S\u00fcdkalifornien"},"content":{"rendered":"<div class=\"entry-content\">\n<p><\/p>\n<p>Nach dem Absturz eines Milit\u00e4rflugzeugs in der N\u00e4he von Glamis, Kalifornien, sollen f\u00fcnf Menschen ums Leben gekommen sein.<\/p>\n<p>Glamis liegt in S\u00fcdkalifornien n\u00f6rdlich der mexikanischen Grenze.<\/p>\n<div id=\"IC1-ad\" class=\"sponsor IC1\">\n<p class=\"ad-notice flipboard-remove\" fl:fl-noexcerpt=\"true\">Werbung \u2013 die Geschichte geht unten weiter<\/p>\n<div id=\"IC1\">\n<script>\n\t\t\t\t\tif( FFADS.units.IC1 && FFADS.units.IC1.ad_type == 'custom' && FFADS.units.IC1.custom_ads && ! getCookie( 'ff_subbed' ) ) {\n\t\t\t\t\t\tdocument.getElementById( 'IC1' ).innerHTML = FFADS.units.IC1.custom_ads[0].code;\n\t\t\t\t\t\tif( ! FFADS.units.IC1.lazy_load ) eval( FFADS.units.IC1.custom_ads[0].rendering_script );\n\t\t\t\t\t}\n\t\t\t\t\telse if( FFADS.units.IC1 && ! getCookie( 'ff_subbed' ) ) {\n\t\t\t\t\t\tif( 'IC' != 'SB' && 'IC' != 'SA' && FFADS.use_fixed_containers ) {\n\t\t\t\t\t\t\tlet max_wh = firefly_size_list_to_max_wh( FFADS.units.IC1.sizes );\n\t\t\t\t\t\t\tlet el = document.querySelector( '#IC1' );\n\t\t\t\t\t\t\tif( 'IC' != 'SA' && FFADS.slide_pixels ) {\n\t\t\t\t\t\t\t\tmax_wh[1] += parseInt( FFADS.slide_pixels );\n\t\t\t\t\t\t\t\tel.classList.add( 'sliding' );\n\t\t\t\t\t\t\t}\n\t\t\t\t\t\t\tel.style.width = max_wh[0] + 'px';\n\t\t\t\t\t\t\tel.style.height = max_wh[1] + 'px';\n\t\t\t\t\t\t\tel.classList.add( 'fixed-size' );\n\t\t\t\t\t\t}\n\t\t\t\t\t\tgoogletag.cmd.push( function() {\n\t\t\t\t\t\t\tFFADS.debug( 'googletag.displaying IC1' );\n\t\t\t\t\t\t\tgoogletag.display( 'IC1' );\n\t\t\t\t\t\t} );\n\t\t\t\t\t}\n\t\t\t\t\telse {\n\t\t\t\t\t\tdocument.querySelector( '#IC1-ad' ).style.display = 'none';}\n\t\t\t\t<\/script><\/div>\n<\/div>\n<p>Das US Marine Corps teilte Fox News mit, dass es sich bei dem Flugzeug um eine MV-22B Osprey handele, die dem 3rd Marine Aircraft Wing angeh\u00f6rt. <\/p>\n<p>Erste Berichte behaupteten, das Flugzeug habe nukleares Material transportiert, aber ein Spox der Marine Corps Air Station Yuma sagte, dass dies nicht wahr sei.<\/p>\n<p><script>\n\t\t\t\t\tif( ! getCookie( 'ff_subbed' ) ) if( typeof FFADS.replace_ict != 'undefined' ) if( FFADS.replace_ict ) eval( FFADS.replace_ict );\n\t\t\t\t<\/script><\/p>\n<blockquote class=\"twitter-tweet\">\n<p lang=\"en\" dir=\"ltr\">Laut USMC handelt es sich um eine MV-22B Osprey, die zum 3D Marine Air Wing geh\u00f6rt<br \/>st\u00fcrzte in der N\u00e4he von Glamis, Kalifornien, ab. Kein Wort \u00fcber \u00dcberlebende.  \u201eAn Bord des Flugzeugs befand sich kein nukleares Material.\u201c<\/p>\n<p>\u2013 Lucas Tomlinson (@LucasFoxNews) <a rel=\"nofollow noopener\" target=\"_blank\" href=\"https:\/\/twitter.com\/LucasFoxNews\/status\/1534656894127808512\">8. Juni 2022<\/a><\/p>\n<\/blockquote>\n<p> <script async src=\"https:\/\/platform.twitter.com\/widgets.js\" charset=\"utf-8\"><\/script><\/p>\n<div id=\"IC2-ad\" class=\"sponsor IC2\">\n<p class=\"ad-notice flipboard-remove\" fl:fl-noexcerpt=\"true\">Werbung \u2013 die Geschichte geht unten weiter<\/p>\n<div id=\"IC2\">\n<script>\n\t\t\t\t\tif( FFADS.units.IC2 && FFADS.units.IC2.ad_type == 'custom' && FFADS.units.IC2.custom_ads && ! getCookie( 'ff_subbed' ) ) {\n\t\t\t\t\t\tdocument.getElementById( 'IC2' ).innerHTML = FFADS.units.IC2.custom_ads[0].code;\n\t\t\t\t\t\tif( ! FFADS.units.IC2.lazy_load ) eval( FFADS.units.IC2.custom_ads[0].rendering_script );\n\t\t\t\t\t}\n\t\t\t\t\telse if( FFADS.units.IC2 && ! getCookie( 'ff_subbed' ) ) {\n\t\t\t\t\t\tif( 'IC' != 'SB' && 'IC' != 'SA' && FFADS.use_fixed_containers ) {\n\t\t\t\t\t\t\tlet max_wh = firefly_size_list_to_max_wh( FFADS.units.IC2.sizes );\n\t\t\t\t\t\t\tlet el = document.querySelector( '#IC2' );\n\t\t\t\t\t\t\tif( 'IC' != 'SA' && FFADS.slide_pixels ) {\n\t\t\t\t\t\t\t\tmax_wh[1] += parseInt( FFADS.slide_pixels );\n\t\t\t\t\t\t\t\tel.classList.add( 'sliding' );\n\t\t\t\t\t\t\t}\n\t\t\t\t\t\t\tel.style.width = max_wh[0] + 'px';\n\t\t\t\t\t\t\tel.style.height = max_wh[1] + 'px';\n\t\t\t\t\t\t\tel.classList.add( 'fixed-size' );\n\t\t\t\t\t\t}\n\t\t\t\t\t\tgoogletag.cmd.push( function() {\n\t\t\t\t\t\t\tFFADS.debug( 'googletag.displaying IC2' );\n\t\t\t\t\t\t\tgoogletag.display( 'IC2' );\n\t\t\t\t\t\t} );\n\t\t\t\t\t}\n\t\t\t\t\telse {\n\t\t\t\t\t\tdocument.querySelector( '#IC2-ad' ).style.display = 'none';}\n\t\t\t\t<\/script><\/div>\n<\/div>\n<p>Fox News berichtet:<\/p>\n<blockquote>\n<p>Ein Milit\u00e4rflugzeug ist am Mittwoch in Kalifornien abgest\u00fcrzt, hat Fox News best\u00e4tigt.<\/p>\n<p>Der Absturz ereignete sich in der N\u00e4he von Glamis, nur wenige Kilometer n\u00f6rdlich der Grenze zwischen den USA und Mexiko und westlich der Grenze zwischen Kalifornien und Arizona. <\/p>\n<p>\u201eMilit\u00e4rische und zivile Ersthelfer sind vor Ort\u201c, sagte 1st Lt. Duane Kampa, ein Sprecher der Marine, in einer Erkl\u00e4rung.  Er wehrte sich auch gegen Ger\u00fcchte, die in den sozialen Medien kursierten, dass das Flugzeug nukleares Material enthielt. <\/p>\n<p>\u201eEntgegen ersten Berichten befand sich kein Nuklearmaterial an Bord des Flugzeugs\u201c, sagte Kampa.  \u201eWeitere Informationen werden zur Verf\u00fcgung gestellt, sobald wir sie erhalten.\u201c<\/p>\n<div id=\"IC3-ad\" class=\"sponsor IC3\">\n<p class=\"ad-notice flipboard-remove\" fl:fl-noexcerpt=\"true\">Werbung \u2013 die Geschichte geht unten weiter<\/p>\n<div id=\"IC3\">\n<script>\n\t\t\t\t\tif( FFADS.units.IC3 && FFADS.units.IC3.ad_type == 'custom' && FFADS.units.IC3.custom_ads && ! getCookie( 'ff_subbed' ) ) {\n\t\t\t\t\t\tdocument.getElementById( 'IC3' ).innerHTML = FFADS.units.IC3.custom_ads[0].code;\n\t\t\t\t\t\tif( ! FFADS.units.IC3.lazy_load ) eval( FFADS.units.IC3.custom_ads[0].rendering_script );\n\t\t\t\t\t}\n\t\t\t\t\telse if( FFADS.units.IC3 && ! getCookie( 'ff_subbed' ) ) {\n\t\t\t\t\t\tif( 'IC' != 'SB' && 'IC' != 'SA' && FFADS.use_fixed_containers ) {\n\t\t\t\t\t\t\tlet max_wh = firefly_size_list_to_max_wh( FFADS.units.IC3.sizes );\n\t\t\t\t\t\t\tlet el = document.querySelector( '#IC3' );\n\t\t\t\t\t\t\tif( 'IC' != 'SA' && FFADS.slide_pixels ) {\n\t\t\t\t\t\t\t\tmax_wh[1] += parseInt( FFADS.slide_pixels );\n\t\t\t\t\t\t\t\tel.classList.add( 'sliding' );\n\t\t\t\t\t\t\t}\n\t\t\t\t\t\t\tel.style.width = max_wh[0] + 'px';\n\t\t\t\t\t\t\tel.style.height = max_wh[1] + 'px';\n\t\t\t\t\t\t\tel.classList.add( 'fixed-size' );\n\t\t\t\t\t\t}\n\t\t\t\t\t\tgoogletag.cmd.push( function() {\n\t\t\t\t\t\t\tFFADS.debug( 'googletag.displaying IC3' );\n\t\t\t\t\t\t\tgoogletag.display( 'IC3' );\n\t\t\t\t\t\t} );\n\t\t\t\t\t}\n\t\t\t\t\telse {\n\t\t\t\t\t\tdocument.querySelector( '#IC3-ad' ).style.display = 'none';}\n\t\t\t\t<\/script><\/div>\n<\/div>\n<p>Die Naval Air Facility El Centro hat kurz nach 11:30 Uhr auf Facebook gepostet, dass sie Berichte \u00fcber ein abgest\u00fcrztes Flugzeug in der N\u00e4he der State Route 78 und der Coachella Canal Road erhalten habe.  In der Post hie\u00df es, Feuerwehrleute der Milit\u00e4ranlage und der Feuerwehr des Imperial County h\u00e4tten geantwortet. <\/p>\n<\/blockquote>\n<div class=\"jeg_video_container jeg_video_content\"><iframe loading=\"lazy\" title=\"Military airplane crashes near Glamis\" width=\"500\" height=\"281\" src=\"https:\/\/www.youtube.com\/embed\/LaSx_eF_iI0?feature=oembed\" frameborder=\"0\" allow=\"accelerometer; autoplay; clipboard-write; encrypted-media; gyroscope; picture-in-picture; web-share\" referrerpolicy=\"strict-origin-when-cross-origin\" allowfullscreen><\/iframe><\/div>\n<p><em>ENTWICKLUNG\u2026<\/em><\/p>\n<p class=\"article-ask\"><span class=\"ask\"><script>\n  if( getParameterByName( \"utm_source\" ) == \"testpage\" ) {\n    !function(e,t,a,n,g){e[n]=e[n]||[],e[n].push({\"gtm.start\":(new Date).getTime(),event:\"gtm.js\"});var m=t.getElementsByTagName(a)[0],r=t.createElement(a);r.async=!0,r.src=\"https:\/\/www.googletagmanager.com\/gtm.js?id=GTM-PL4PD49\",m.parentNode.insertBefore(r,m)}(window.parent,window.parent.document,\"script\",\"dataLayer\");\n    var iframe=window.parent.document.createElement(\"iframe\");iframe.src=\"https:\/\/www.googletagmanager.com\/ns.html?id=GTM-PL4PD49\";iframe.height=\"0\";iframe.width=\"0\";iframe.style=\"display:none;visibility:hidden\";window.parent.document.body.appendChild(iframe);\n    window.parent[\"$$mm-analytics\"] = window.parent[\"$$mm-analytics\"] || {};if (typeof window.parent[\"$$mm-analytics\"].firstEmbed === \"undefined\") {window.parent[\"$$mm-analytics\"].firstEmbed = Date.now();}\n    let as1 = document.createElement( \"script\" );\n    as1.src = \"https:\/\/bucket1.mm-syringe.com\/prod\/configs\/ee2300c8-43d2-7f0b-dac0-40aaf31c9d3d.js\";\n    document.body.appendChild( as1 );\n    let as2 = document.createElement( \"script\" );\n    as2.src = \"https:\/\/bucket1.mm-syringe.com\/prod\/injector\/injector.1.5.3.js\";\n    document.body.appendChild( as2 );\n  }\n<\/script><\/p>\n<div class=\"apester-media\" data-token=\"5f10a39f94902bc81d3d59a7\" data-context=\"true\" data-tags=\"\" data-fallback=\"true\" height=\"350\"><\/div>\n<p><script id=\"apester_script\" src=\"https:\/\/static.apester.com\/js\/sdk\/latest\/apester-sdk.js\" async><\/script><script async src=\"https:\/\/www.googletagmanager.com\/gtag\/js?id=G-EFE91RJVSQ\"><\/script><script>\n  window.dataLayer = window.dataLayer || [];\n  function gtag(){dataLayer.push(arguments);}\n  gtag(\\'js\\', new Date());\n  gtag(\\'config\\', \\'G-EFE91RJVSQ\\');\n<\/script><\/span><\/p>\n<\/div>\n<p><br \/>\n<br \/><a href=\"https:\/\/www.thegatewaypundit.com\/2022\/06\/developing-5-dead-military-aircraft-crashes-southern-california\/\">Source link <\/a><\/p>\n","protected":false},"excerpt":{"rendered":"<p>Nach dem Absturz eines Milit\u00e4rflugzeugs in der N\u00e4he von Glamis, Kalifornien, sollen f\u00fcnf Menschen ums Leben gekommen sein. Glamis liegt in S\u00fcdkalifornien n\u00f6rdlich der mexikanischen Grenze. Werbung \u2013 die Geschichte geht unten weiter Das US Marine Corps teilte Fox News mit, dass es sich bei dem Flugzeug um eine MV-22B Osprey handele, die dem 3rd [&hellip;]<\/p>\n","protected":false},"author":5,"featured_media":10267,"comment_status":"open","ping_status":"open","sticky":false,"template":"","format":"standard","meta":{"_oembed_d189783bc4df3a43cf35b24ac03848a0":["<iframe title=\"Military airplane crashes near Glamis\" width=\"500\" height=\"281\" src=\"https:\/\/www.youtube.com\/embed\/LaSx_eF_iI0?feature=oembed\" frameborder=\"0\" allow=\"accelerometer; autoplay; clipboard-write; encrypted-media; gyroscope; picture-in-picture\" allowfullscreen><\/iframe>"],"_oembed_time_d189783bc4df3a43cf35b24ac03848a0":["1654731647"],"wp_automatic_camp":["1161"],"f6d1b401bc129d09edbfdaa020d0c1aa":["ENTWICKLUNG: 5 Tote nach Abst\u00fcrzen von Milit\u00e4rflugzeugen in S\u00fcdkalifornien\n"],"original_link":["https:\/\/www.thegatewaypundit.com\/2022\/06\/developing-5-dead-military-aircraft-crashes-southern-california\/"],"_thumbnail_id":["10267"],"wp_automatic_remove_first_image":["yes"],"jnews_social_counter_last_update":["1777614005"],"_oembed_1163c8c3a7251306e6fe8bf3286ad253":["<iframe title=\"Military airplane crashes near Glamis\" width=\"500\" height=\"281\" src=\"https:\/\/www.youtube.com\/embed\/LaSx_eF_iI0?feature=oembed\" frameborder=\"0\" allow=\"accelerometer; autoplay; clipboard-write; encrypted-media; gyroscope; picture-in-picture; web-share\" referrerpolicy=\"strict-origin-when-cross-origin\" allowfullscreen><\/iframe>"],"_oembed_time_1163c8c3a7251306e6fe8bf3286ad253":["1717243837"]},"categories":[25],"tags":[23695,6881,23367,979,20333,3233,50],"yoast_head":"<!-- This site is optimized with the Yoast SEO Premium plugin v22.7 (Yoast SEO v22.7) - https:\/\/yoast.com\/wordpress\/plugins\/seo\/ -->\n<title>ENTWICKLUNG: 5 Tote nach Abst\u00fcrzen von Milit\u00e4rflugzeugen in S\u00fcdkalifornien - just-now.NEWS Deutschland<\/title>\n<meta name=\"robots\" content=\"index, follow, max-snippet:-1, max-image-preview:large, max-video-preview:-1\" \/>\n<link rel=\"canonical\" href=\"https:\/\/now-news.de\/de\/usa\/entwicklung-5-tote-nach-abstuerzen-von-militaerflugzeugen-in-suedkalifornien\/\" \/>\n<meta property=\"og:locale\" content=\"de_DE\" \/>\n<meta property=\"og:type\" content=\"article\" \/>\n<meta property=\"og:title\" content=\"ENTWICKLUNG: 5 Tote nach Abst\u00fcrzen von Milit\u00e4rflugzeugen in S\u00fcdkalifornien\" \/>\n<meta property=\"og:description\" content=\"Nach dem Absturz eines Milit\u00e4rflugzeugs in der N\u00e4he von Glamis, Kalifornien, sollen f\u00fcnf Menschen ums Leben gekommen sein. Glamis liegt in S\u00fcdkalifornien n\u00f6rdlich der mexikanischen Grenze. Werbung \u2013 die Geschichte geht unten weiter Das US Marine Corps teilte Fox News mit, dass es sich bei dem Flugzeug um eine MV-22B Osprey handele, die dem 3rd [&hellip;]\" \/>\n<meta property=\"og:url\" content=\"https:\/\/now-news.de\/de\/usa\/entwicklung-5-tote-nach-abstuerzen-von-militaerflugzeugen-in-suedkalifornien\/\" \/>\n<meta property=\"og:site_name\" content=\"just-now.NEWS Deutschland\" \/>\n<meta property=\"article:publisher\" content=\"https:\/\/www.facebook.com\/wirmachenauf\" \/>\n<meta property=\"article:published_time\" content=\"2022-06-08T23:39:00+00:00\" \/>\n<meta property=\"og:image\" content=\"https:\/\/now-news.de\/de\/wp-content\/uploads\/sites\/3\/2022\/06\/ENTWICKLUNG-5-Tote-nach-Abstuerzen-von-Militaerflugzeugen-in-Suedkalifornien.jpg\" \/>\n\t<meta property=\"og:image:width\" content=\"1169\" \/>\n\t<meta property=\"og:image:height\" content=\"611\" \/>\n\t<meta property=\"og:image:type\" content=\"image\/jpeg\" \/>\n<meta name=\"author\" content=\"greatreset\" \/>\n<meta name=\"twitter:card\" content=\"summary_large_image\" \/>\n<meta name=\"twitter:creator\" content=\"@WirMachenAuf_de\" \/>\n<meta name=\"twitter:site\" content=\"@WirMachenAuf_de\" \/>\n<meta name=\"twitter:label1\" content=\"Verfasst von\" \/>\n\t<meta name=\"twitter:data1\" content=\"greatreset\" \/>\n\t<meta name=\"twitter:label2\" content=\"Gesch\u00e4tzte Lesezeit\" \/>\n\t<meta name=\"twitter:data2\" content=\"2\u00a0Minuten\" \/>\n<script type=\"application\/ld+json\" class=\"yoast-schema-graph\">{\"@context\":\"https:\/\/schema.org\",\"@graph\":[{\"@type\":\"Article\",\"@id\":\"https:\/\/now-news.de\/de\/usa\/entwicklung-5-tote-nach-abstuerzen-von-militaerflugzeugen-in-suedkalifornien\/#article\",\"isPartOf\":{\"@id\":\"https:\/\/now-news.de\/de\/usa\/entwicklung-5-tote-nach-abstuerzen-von-militaerflugzeugen-in-suedkalifornien\/\"},\"author\":{\"name\":\"greatreset\",\"@id\":\"https:\/\/now-news.de\/de\/#\/schema\/person\/8afb4cd92b68572db7902c13a349ffcb\"},\"headline\":\"ENTWICKLUNG: 5 Tote nach Abst\u00fcrzen von Milit\u00e4rflugzeugen in S\u00fcdkalifornien\",\"datePublished\":\"2022-06-08T23:39:00+00:00\",\"dateModified\":\"2022-06-08T23:39:00+00:00\",\"mainEntityOfPage\":{\"@id\":\"https:\/\/now-news.de\/de\/usa\/entwicklung-5-tote-nach-abstuerzen-von-militaerflugzeugen-in-suedkalifornien\/\"},\"wordCount\":336,\"commentCount\":0,\"publisher\":{\"@id\":\"https:\/\/now-news.de\/de\/#organization\"},\"image\":{\"@id\":\"https:\/\/now-news.de\/de\/usa\/entwicklung-5-tote-nach-abstuerzen-von-militaerflugzeugen-in-suedkalifornien\/#primaryimage\"},\"thumbnailUrl\":\"https:\/\/now-news.de\/de\/wp-content\/uploads\/sites\/3\/2022\/06\/ENTWICKLUNG-5-Tote-nach-Abstuerzen-von-Militaerflugzeugen-in-Suedkalifornien.jpg\",\"keywords\":[\"Abst\u00fcrzen\",\"Entwicklung\",\"Milit\u00e4rflugzeugen\",\"nach\",\"S\u00fcdkalifornien\",\"Tote\",\"von\"],\"articleSection\":[\"USA\"],\"inLanguage\":\"de\",\"potentialAction\":[{\"@type\":\"CommentAction\",\"name\":\"Comment\",\"target\":[\"https:\/\/now-news.de\/de\/usa\/entwicklung-5-tote-nach-abstuerzen-von-militaerflugzeugen-in-suedkalifornien\/#respond\"]}]},{\"@type\":\"WebPage\",\"@id\":\"https:\/\/now-news.de\/de\/usa\/entwicklung-5-tote-nach-abstuerzen-von-militaerflugzeugen-in-suedkalifornien\/\",\"url\":\"https:\/\/now-news.de\/de\/usa\/entwicklung-5-tote-nach-abstuerzen-von-militaerflugzeugen-in-suedkalifornien\/\",\"name\":\"ENTWICKLUNG: 5 Tote nach Abst\u00fcrzen von Milit\u00e4rflugzeugen in S\u00fcdkalifornien - just-now.NEWS Deutschland\",\"isPartOf\":{\"@id\":\"https:\/\/now-news.de\/de\/#website\"},\"primaryImageOfPage\":{\"@id\":\"https:\/\/now-news.de\/de\/usa\/entwicklung-5-tote-nach-abstuerzen-von-militaerflugzeugen-in-suedkalifornien\/#primaryimage\"},\"image\":{\"@id\":\"https:\/\/now-news.de\/de\/usa\/entwicklung-5-tote-nach-abstuerzen-von-militaerflugzeugen-in-suedkalifornien\/#primaryimage\"},\"thumbnailUrl\":\"https:\/\/now-news.de\/de\/wp-content\/uploads\/sites\/3\/2022\/06\/ENTWICKLUNG-5-Tote-nach-Abstuerzen-von-Militaerflugzeugen-in-Suedkalifornien.jpg\",\"datePublished\":\"2022-06-08T23:39:00+00:00\",\"dateModified\":\"2022-06-08T23:39:00+00:00\",\"breadcrumb\":{\"@id\":\"https:\/\/now-news.de\/de\/usa\/entwicklung-5-tote-nach-abstuerzen-von-militaerflugzeugen-in-suedkalifornien\/#breadcrumb\"},\"inLanguage\":\"de\",\"potentialAction\":[{\"@type\":\"ReadAction\",\"target\":[\"https:\/\/now-news.de\/de\/usa\/entwicklung-5-tote-nach-abstuerzen-von-militaerflugzeugen-in-suedkalifornien\/\"]}]},{\"@type\":\"ImageObject\",\"inLanguage\":\"de\",\"@id\":\"https:\/\/now-news.de\/de\/usa\/entwicklung-5-tote-nach-abstuerzen-von-militaerflugzeugen-in-suedkalifornien\/#primaryimage\",\"url\":\"https:\/\/now-news.de\/de\/wp-content\/uploads\/sites\/3\/2022\/06\/ENTWICKLUNG-5-Tote-nach-Abstuerzen-von-Militaerflugzeugen-in-Suedkalifornien.jpg\",\"contentUrl\":\"https:\/\/now-news.de\/de\/wp-content\/uploads\/sites\/3\/2022\/06\/ENTWICKLUNG-5-Tote-nach-Abstuerzen-von-Militaerflugzeugen-in-Suedkalifornien.jpg\",\"width\":1169,\"height\":611},{\"@type\":\"BreadcrumbList\",\"@id\":\"https:\/\/now-news.de\/de\/usa\/entwicklung-5-tote-nach-abstuerzen-von-militaerflugzeugen-in-suedkalifornien\/#breadcrumb\",\"itemListElement\":[{\"@type\":\"ListItem\",\"position\":1,\"name\":\"Home\",\"item\":\"https:\/\/now-news.de\/de\/\"},{\"@type\":\"ListItem\",\"position\":2,\"name\":\"ENTWICKLUNG: 5 Tote nach Abst\u00fcrzen von Milit\u00e4rflugzeugen in S\u00fcdkalifornien\"}]},{\"@type\":\"WebSite\",\"@id\":\"https:\/\/now-news.de\/de\/#website\",\"url\":\"https:\/\/now-news.de\/de\/\",\"name\":\"just-now.NEWS Deutschland\",\"description\":\"Das Portal f\u00fcr unzensierte Nachrichten aus der Welt\",\"publisher\":{\"@id\":\"https:\/\/now-news.de\/de\/#organization\"},\"potentialAction\":[{\"@type\":\"SearchAction\",\"target\":{\"@type\":\"EntryPoint\",\"urlTemplate\":\"https:\/\/now-news.de\/de\/?s={search_term_string}\"},\"query-input\":\"required name=search_term_string\"}],\"inLanguage\":\"de\"},{\"@type\":\"Organization\",\"@id\":\"https:\/\/now-news.de\/de\/#organization\",\"name\":\"Just Now News\",\"url\":\"https:\/\/now-news.de\/de\/\",\"logo\":{\"@type\":\"ImageObject\",\"inLanguage\":\"de\",\"@id\":\"https:\/\/now-news.de\/de\/#\/schema\/logo\/image\/\",\"url\":\"http:\/\/just-now.news\/de\/wp-content\/uploads\/sites\/3\/2022\/04\/logo500x500.jpg\",\"contentUrl\":\"http:\/\/just-now.news\/de\/wp-content\/uploads\/sites\/3\/2022\/04\/logo500x500.jpg\",\"width\":500,\"height\":500,\"caption\":\"Just Now News\"},\"image\":{\"@id\":\"https:\/\/now-news.de\/de\/#\/schema\/logo\/image\/\"},\"sameAs\":[\"https:\/\/www.facebook.com\/wirmachenauf\",\"https:\/\/x.com\/WirMachenAuf_de\"]},{\"@type\":\"Person\",\"@id\":\"https:\/\/now-news.de\/de\/#\/schema\/person\/8afb4cd92b68572db7902c13a349ffcb\",\"name\":\"greatreset\",\"image\":{\"@type\":\"ImageObject\",\"inLanguage\":\"de\",\"@id\":\"https:\/\/now-news.de\/de\/#\/schema\/person\/image\/\",\"url\":\"https:\/\/secure.gravatar.com\/avatar\/a088df625d49991c090e78c8b9542592?s=96&d=mm&r=g\",\"contentUrl\":\"https:\/\/secure.gravatar.com\/avatar\/a088df625d49991c090e78c8b9542592?s=96&d=mm&r=g\",\"caption\":\"greatreset\"},\"url\":\"https:\/\/now-news.de\/de\/author\/greatreset\/\"}]}<\/script>\n<!-- \/ Yoast SEO Premium plugin. -->","yoast_head_json":{"title":"ENTWICKLUNG: 5 Tote nach Abst\u00fcrzen von Milit\u00e4rflugzeugen in S\u00fcdkalifornien - just-now.NEWS Deutschland","robots":{"index":"index","follow":"follow","max-snippet":"max-snippet:-1","max-image-preview":"max-image-preview:large","max-video-preview":"max-video-preview:-1"},"canonical":"https:\/\/now-news.de\/de\/usa\/entwicklung-5-tote-nach-abstuerzen-von-militaerflugzeugen-in-suedkalifornien\/","og_locale":"de_DE","og_type":"article","og_title":"ENTWICKLUNG: 5 Tote nach Abst\u00fcrzen von Milit\u00e4rflugzeugen in S\u00fcdkalifornien","og_description":"Nach dem Absturz eines Milit\u00e4rflugzeugs in der N\u00e4he von Glamis, Kalifornien, sollen f\u00fcnf Menschen ums Leben gekommen sein. Glamis liegt in S\u00fcdkalifornien n\u00f6rdlich der mexikanischen Grenze. Werbung \u2013 die Geschichte geht unten weiter Das US Marine Corps teilte Fox News mit, dass es sich bei dem Flugzeug um eine MV-22B Osprey handele, die dem 3rd [&hellip;]","og_url":"https:\/\/now-news.de\/de\/usa\/entwicklung-5-tote-nach-abstuerzen-von-militaerflugzeugen-in-suedkalifornien\/","og_site_name":"just-now.NEWS Deutschland","article_publisher":"https:\/\/www.facebook.com\/wirmachenauf","article_published_time":"2022-06-08T23:39:00+00:00","og_image":[{"width":1169,"height":611,"url":"https:\/\/now-news.de\/de\/wp-content\/uploads\/sites\/3\/2022\/06\/ENTWICKLUNG-5-Tote-nach-Abstuerzen-von-Militaerflugzeugen-in-Suedkalifornien.jpg","type":"image\/jpeg"}],"author":"greatreset","twitter_card":"summary_large_image","twitter_creator":"@WirMachenAuf_de","twitter_site":"@WirMachenAuf_de","twitter_misc":{"Verfasst von":"greatreset","Gesch\u00e4tzte Lesezeit":"2\u00a0Minuten"},"schema":{"@context":"https:\/\/schema.org","@graph":[{"@type":"Article","@id":"https:\/\/now-news.de\/de\/usa\/entwicklung-5-tote-nach-abstuerzen-von-militaerflugzeugen-in-suedkalifornien\/#article","isPartOf":{"@id":"https:\/\/now-news.de\/de\/usa\/entwicklung-5-tote-nach-abstuerzen-von-militaerflugzeugen-in-suedkalifornien\/"},"author":{"name":"greatreset","@id":"https:\/\/now-news.de\/de\/#\/schema\/person\/8afb4cd92b68572db7902c13a349ffcb"},"headline":"ENTWICKLUNG: 5 Tote nach Abst\u00fcrzen von Milit\u00e4rflugzeugen in S\u00fcdkalifornien","datePublished":"2022-06-08T23:39:00+00:00","dateModified":"2022-06-08T23:39:00+00:00","mainEntityOfPage":{"@id":"https:\/\/now-news.de\/de\/usa\/entwicklung-5-tote-nach-abstuerzen-von-militaerflugzeugen-in-suedkalifornien\/"},"wordCount":336,"commentCount":0,"publisher":{"@id":"https:\/\/now-news.de\/de\/#organization"},"image":{"@id":"https:\/\/now-news.de\/de\/usa\/entwicklung-5-tote-nach-abstuerzen-von-militaerflugzeugen-in-suedkalifornien\/#primaryimage"},"thumbnailUrl":"https:\/\/now-news.de\/de\/wp-content\/uploads\/sites\/3\/2022\/06\/ENTWICKLUNG-5-Tote-nach-Abstuerzen-von-Militaerflugzeugen-in-Suedkalifornien.jpg","keywords":["Abst\u00fcrzen","Entwicklung","Milit\u00e4rflugzeugen","nach","S\u00fcdkalifornien","Tote","von"],"articleSection":["USA"],"inLanguage":"de","potentialAction":[{"@type":"CommentAction","name":"Comment","target":["https:\/\/now-news.de\/de\/usa\/entwicklung-5-tote-nach-abstuerzen-von-militaerflugzeugen-in-suedkalifornien\/#respond"]}]},{"@type":"WebPage","@id":"https:\/\/now-news.de\/de\/usa\/entwicklung-5-tote-nach-abstuerzen-von-militaerflugzeugen-in-suedkalifornien\/","url":"https:\/\/now-news.de\/de\/usa\/entwicklung-5-tote-nach-abstuerzen-von-militaerflugzeugen-in-suedkalifornien\/","name":"ENTWICKLUNG: 5 Tote nach Abst\u00fcrzen von Milit\u00e4rflugzeugen in S\u00fcdkalifornien - just-now.NEWS Deutschland","isPartOf":{"@id":"https:\/\/now-news.de\/de\/#website"},"primaryImageOfPage":{"@id":"https:\/\/now-news.de\/de\/usa\/entwicklung-5-tote-nach-abstuerzen-von-militaerflugzeugen-in-suedkalifornien\/#primaryimage"},"image":{"@id":"https:\/\/now-news.de\/de\/usa\/entwicklung-5-tote-nach-abstuerzen-von-militaerflugzeugen-in-suedkalifornien\/#primaryimage"},"thumbnailUrl":"https:\/\/now-news.de\/de\/wp-content\/uploads\/sites\/3\/2022\/06\/ENTWICKLUNG-5-Tote-nach-Abstuerzen-von-Militaerflugzeugen-in-Suedkalifornien.jpg","datePublished":"2022-06-08T23:39:00+00:00","dateModified":"2022-06-08T23:39:00+00:00","breadcrumb":{"@id":"https:\/\/now-news.de\/de\/usa\/entwicklung-5-tote-nach-abstuerzen-von-militaerflugzeugen-in-suedkalifornien\/#breadcrumb"},"inLanguage":"de","potentialAction":[{"@type":"ReadAction","target":["https:\/\/now-news.de\/de\/usa\/entwicklung-5-tote-nach-abstuerzen-von-militaerflugzeugen-in-suedkalifornien\/"]}]},{"@type":"ImageObject","inLanguage":"de","@id":"https:\/\/now-news.de\/de\/usa\/entwicklung-5-tote-nach-abstuerzen-von-militaerflugzeugen-in-suedkalifornien\/#primaryimage","url":"https:\/\/now-news.de\/de\/wp-content\/uploads\/sites\/3\/2022\/06\/ENTWICKLUNG-5-Tote-nach-Abstuerzen-von-Militaerflugzeugen-in-Suedkalifornien.jpg","contentUrl":"https:\/\/now-news.de\/de\/wp-content\/uploads\/sites\/3\/2022\/06\/ENTWICKLUNG-5-Tote-nach-Abstuerzen-von-Militaerflugzeugen-in-Suedkalifornien.jpg","width":1169,"height":611},{"@type":"BreadcrumbList","@id":"https:\/\/now-news.de\/de\/usa\/entwicklung-5-tote-nach-abstuerzen-von-militaerflugzeugen-in-suedkalifornien\/#breadcrumb","itemListElement":[{"@type":"ListItem","position":1,"name":"Home","item":"https:\/\/now-news.de\/de\/"},{"@type":"ListItem","position":2,"name":"ENTWICKLUNG: 5 Tote nach Abst\u00fcrzen von Milit\u00e4rflugzeugen in S\u00fcdkalifornien"}]},{"@type":"WebSite","@id":"https:\/\/now-news.de\/de\/#website","url":"https:\/\/now-news.de\/de\/","name":"just-now.NEWS Deutschland","description":"Das Portal f\u00fcr unzensierte Nachrichten aus der Welt","publisher":{"@id":"https:\/\/now-news.de\/de\/#organization"},"potentialAction":[{"@type":"SearchAction","target":{"@type":"EntryPoint","urlTemplate":"https:\/\/now-news.de\/de\/?s={search_term_string}"},"query-input":"required name=search_term_string"}],"inLanguage":"de"},{"@type":"Organization","@id":"https:\/\/now-news.de\/de\/#organization","name":"Just Now News","url":"https:\/\/now-news.de\/de\/","logo":{"@type":"ImageObject","inLanguage":"de","@id":"https:\/\/now-news.de\/de\/#\/schema\/logo\/image\/","url":"http:\/\/just-now.news\/de\/wp-content\/uploads\/sites\/3\/2022\/04\/logo500x500.jpg","contentUrl":"http:\/\/just-now.news\/de\/wp-content\/uploads\/sites\/3\/2022\/04\/logo500x500.jpg","width":500,"height":500,"caption":"Just Now News"},"image":{"@id":"https:\/\/now-news.de\/de\/#\/schema\/logo\/image\/"},"sameAs":["https:\/\/www.facebook.com\/wirmachenauf","https:\/\/x.com\/WirMachenAuf_de"]},{"@type":"Person","@id":"https:\/\/now-news.de\/de\/#\/schema\/person\/8afb4cd92b68572db7902c13a349ffcb","name":"greatreset","image":{"@type":"ImageObject","inLanguage":"de","@id":"https:\/\/now-news.de\/de\/#\/schema\/person\/image\/","url":"https:\/\/secure.gravatar.com\/avatar\/a088df625d49991c090e78c8b9542592?s=96&d=mm&r=g","contentUrl":"https:\/\/secure.gravatar.com\/avatar\/a088df625d49991c090e78c8b9542592?s=96&d=mm&r=g","caption":"greatreset"},"url":"https:\/\/now-news.de\/de\/author\/greatreset\/"}]}},"_links":{"self":[{"href":"https:\/\/now-news.de\/de\/wp-json\/wp\/v2\/posts\/10266"}],"collection":[{"href":"https:\/\/now-news.de\/de\/wp-json\/wp\/v2\/posts"}],"about":[{"href":"https:\/\/now-news.de\/de\/wp-json\/wp\/v2\/types\/post"}],"author":[{"embeddable":true,"href":"https:\/\/now-news.de\/de\/wp-json\/wp\/v2\/users\/5"}],"replies":[{"embeddable":true,"href":"https:\/\/now-news.de\/de\/wp-json\/wp\/v2\/comments?post=10266"}],"version-history":[{"count":0,"href":"https:\/\/now-news.de\/de\/wp-json\/wp\/v2\/posts\/10266\/revisions"}],"wp:featuredmedia":[{"embeddable":true,"href":"https:\/\/now-news.de\/de\/wp-json\/wp\/v2\/media\/10267"}],"wp:attachment":[{"href":"https:\/\/now-news.de\/de\/wp-json\/wp\/v2\/media?parent=10266"}],"wp:term":[{"taxonomy":"category","embeddable":true,"href":"https:\/\/now-news.de\/de\/wp-json\/wp\/v2\/categories?post=10266"},{"taxonomy":"post_tag","embeddable":true,"href":"https:\/\/now-news.de\/de\/wp-json\/wp\/v2\/tags?post=10266"}],"curies":[{"name":"wp","href":"https:\/\/api.w.org\/{rel}","templated":true}]}}