{"id":10254,"date":"2022-06-08T22:25:49","date_gmt":"2022-06-08T20:25:49","guid":{"rendered":"http:\/\/just-now.news\/de\/deutschland\/eu-parlament-stimmt-fuer-verbrenner-aus-ab-2035\/"},"modified":"2022-06-08T22:25:49","modified_gmt":"2022-06-08T20:25:49","slug":"eu-parlament-stimmt-fuer-verbrenner-aus-ab-2035","status":"publish","type":"post","link":"https:\/\/now-news.de\/de\/deutschland\/eu-parlament-stimmt-fuer-verbrenner-aus-ab-2035\/","title":{"rendered":"EU-Parlament stimmt f\u00fcr Verbrenner-Aus ab 2035"},"content":{"rendered":"<p><img decoding=\"async\" src=\"http:\/\/just-now.news\/de\/wp-content\/uploads\/sites\/3\/2022\/06\/62a0f2bbb480cc68973536bb.jpg\" \/><\/p>\n<div class=\"Text-root Text-type_1 \">\n                Das EU-Parlament hat dem faktischen Verbot f\u00fcr Benzin- und Dieselmotoren zugestimmt: Ab dem Jahr 2035 sollen Neuwagen in der Europ\u00e4ischen Union kein CO\u2082 mehr aussto\u00dfen d\u00fcrfen. Das Verbot muss jedoch noch mit den EU-Staaten verhandelt werden.\n            <\/div>\n<p><\/p>\n<div class=\"Text-root Text-type_5 ArticleView-text ViewText-root \">\n<p>Das EU-Parlament hat am Mittwoch ein effektives Verbot f\u00fcr neue PKW mit Benzin \u2013 oder Dieselantrieb auf den Weg gebracht. Das Parlament nahm den Vorschlag der EU-Kommission mit 339 Ja-Stimmen zu 249 Nein-Stimmen an. Die Autohersteller sind demnach verpflichtet, die CO\u2082-Emission von Neuwagen bis zum Jahr 2035 um 100 Prozent zu reduzieren. Ein Verkauf von Fahrzeugen mit Verbrennungsmotor w\u00e4re demnach nur unter hohen Strafen m\u00f6glich. Bevor die Regelung in Kraft treten kann, muss das Parlament noch mit den EU-Staaten dar\u00fcber verhandeln.<\/p>\n<p>Ende des Monats wollen die EU-Staaten ihre Position zu dem Verbot f\u00fcr den Verkauf von Benzin- und Dieselautos festlegen. Dann m\u00fcssen die beiden EU-Institutionen noch einen Kompromiss finden, damit es in Kraft treten kann. Die EU-Kommission hatte die drastische Versch\u00e4rfung als Teil ihres Programms zum Klimaschutz vorgetragen. Konservative Abgeordnete hatten darauf gedr\u00e4ngt, das Ziel auf 90 statt 100 Prozent CO\u2082-Emission zu setzen, um eine Nische f\u00fcr Verbrennungsmotoren und ein Schlupfloch f\u00fcr die Anrechnung synthetischer Kraftstoffe (E-Fuels) zu lassen. In der Diskussion fand dieser Vorschlag jedoch keine Mehrheit.<\/p>\n<p>Deutschland hatte sich bereits zu den Pl\u00e4nen bekannt: Umweltministerin Steffi Lemke (B\u00fcndnis90\/Die Gr\u00fcnen) sagte im Namen der Bundesregierung in Br\u00fcssel, man stehe hinter dem Ziel, Autos mit Verbrennungsmotoren bis zum Jahr 2035 komplett auszuschlie\u00dfen. Auch mehrere gro\u00dfe Autohersteller, darunter Mercedes und Ford, hatten im November auf der Weltklimakonferenz in Glasgow einen Verkaufsstopp f\u00fcr Verbrenner in den f\u00fchrenden M\u00e4rkten ab 2035 gefordert. Kritik am Vorsto\u00df kam unterdessen von der CDU. Der CDU-Europaabgeordnete Jens Gieseke sagte:<\/p>\n<blockquote>\n<p><em>&#8220;Gr\u00fcne, Liberale und Sozialdemokraten setzen leider lieber alles auf die Karte Elektromobilit\u00e4t.&#8221;<br \/><\/em><\/p>\n<\/blockquote>\n<p>Er f\u00fcrchtet um die Wettbewerbsf\u00e4higkeit Europas und die anh\u00e4ngigen Arbeitspl\u00e4tze, r\u00e4umte jedoch ein, dass ein Verbrenner-Verbot ab dem Jahr 2035 wohl nicht mehr zu verhindern sei.<\/p>\n<p>Auch der ADAC bedauerte die Entscheidung, da sich &#8220;alleine mit Elektromobilit\u00e4t die ambitionierten Klimaschutzziele im Verkehr nicht erreichen werden lassen&#8221;. Deshalb w\u00e4re es notwendig gewesen, auch eine Perspektive f\u00fcr den klimaneutral betankten Verbrennungsmotor zu \u00f6ffnen, so der Automobilclub.<\/p>\n<p><strong>Mehr zum Thema \u2013 <\/strong><a rel=\"nofollow noopener\" target=\"_blank\" href=\"https:\/\/test.rtde.tech\/europa\/140511-kommt-heute-das-aus-fuer-verbrennermotoren\/\">Kommt heute das Aus f\u00fcr Verbrennungsmotoren in der EU? <\/a><\/p>\n<\/p>\n<\/div>\n<p><br \/>\n<br \/><a href=\"https:\/\/de.rt.com\/europa\/140580-eu-parlament-stimmt-fur-verbrenner\/\">Source link <\/a><\/p>\n","protected":false},"excerpt":{"rendered":"<p>Das EU-Parlament hat dem faktischen Verbot f\u00fcr Benzin- und Dieselmotoren zugestimmt: Ab dem Jahr 2035 sollen Neuwagen in der Europ\u00e4ischen Union kein CO\u2082 mehr aussto\u00dfen d\u00fcrfen. Das Verbot muss jedoch noch mit den EU-Staaten verhandelt werden. Das EU-Parlament hat am Mittwoch ein effektives Verbot f\u00fcr neue PKW mit Benzin \u2013 oder Dieselantrieb auf den Weg [&hellip;]<\/p>\n","protected":false},"author":3,"featured_media":10255,"comment_status":"open","ping_status":"open","sticky":false,"template":"","format":"standard","meta":{"wp_automatic_camp":["217"],"fafb3f46b687ea6455d10c4f8c06ae9f":["EU-Parlament stimmt f\u00fcr Verbrenner-Aus ab 2035"],"original_link":["https:\/\/de.rt.com\/europa\/140580-eu-parlament-stimmt-fur-verbrenner\/"],"_thumbnail_id":["10255"],"_wptg_p2tg_sent2tg":["2022-06-08 22:32:40"],"jnews_social_counter_last_update":["1777214818"]},"categories":[19,23],"tags":[20898,221,12453,23682],"yoast_head":"<!-- This site is optimized with the Yoast SEO Premium plugin v22.7 (Yoast SEO v22.7) - https:\/\/yoast.com\/wordpress\/plugins\/seo\/ -->\n<title>EU-Parlament stimmt f\u00fcr Verbrenner-Aus ab 2035 - just-now.NEWS Deutschland<\/title>\n<meta name=\"robots\" content=\"index, follow, max-snippet:-1, max-image-preview:large, max-video-preview:-1\" \/>\n<link rel=\"canonical\" href=\"https:\/\/now-news.de\/de\/deutschland\/eu-parlament-stimmt-fuer-verbrenner-aus-ab-2035\/\" \/>\n<meta property=\"og:locale\" content=\"de_DE\" \/>\n<meta property=\"og:type\" content=\"article\" \/>\n<meta property=\"og:title\" content=\"EU-Parlament stimmt f\u00fcr Verbrenner-Aus ab 2035\" \/>\n<meta property=\"og:description\" content=\"Das EU-Parlament hat dem faktischen Verbot f\u00fcr Benzin- und Dieselmotoren zugestimmt: Ab dem Jahr 2035 sollen Neuwagen in der Europ\u00e4ischen Union kein CO\u2082 mehr aussto\u00dfen d\u00fcrfen. Das Verbot muss jedoch noch mit den EU-Staaten verhandelt werden. Das EU-Parlament hat am Mittwoch ein effektives Verbot f\u00fcr neue PKW mit Benzin \u2013 oder Dieselantrieb auf den Weg [&hellip;]\" \/>\n<meta property=\"og:url\" content=\"https:\/\/now-news.de\/de\/deutschland\/eu-parlament-stimmt-fuer-verbrenner-aus-ab-2035\/\" \/>\n<meta property=\"og:site_name\" content=\"just-now.NEWS Deutschland\" \/>\n<meta property=\"article:publisher\" content=\"https:\/\/www.facebook.com\/wirmachenauf\" \/>\n<meta property=\"article:published_time\" content=\"2022-06-08T20:25:49+00:00\" \/>\n<meta property=\"og:image\" content=\"https:\/\/now-news.de\/de\/wp-content\/uploads\/sites\/3\/2022\/06\/EU-Parlament-stimmt-fuer-Verbrenner-Aus-ab-2035.jpg\" \/>\n\t<meta property=\"og:image:width\" content=\"460\" \/>\n\t<meta property=\"og:image:height\" content=\"259\" \/>\n\t<meta property=\"og:image:type\" content=\"image\/jpeg\" \/>\n<meta name=\"author\" content=\"rtnews\" \/>\n<meta name=\"twitter:card\" content=\"summary_large_image\" \/>\n<meta name=\"twitter:creator\" content=\"@WirMachenAuf_de\" \/>\n<meta name=\"twitter:site\" content=\"@WirMachenAuf_de\" \/>\n<meta name=\"twitter:label1\" content=\"Verfasst von\" \/>\n\t<meta name=\"twitter:data1\" content=\"rtnews\" \/>\n\t<meta name=\"twitter:label2\" content=\"Gesch\u00e4tzte Lesezeit\" \/>\n\t<meta name=\"twitter:data2\" content=\"2\u00a0Minuten\" \/>\n<script type=\"application\/ld+json\" class=\"yoast-schema-graph\">{\"@context\":\"https:\/\/schema.org\",\"@graph\":[{\"@type\":\"Article\",\"@id\":\"https:\/\/now-news.de\/de\/deutschland\/eu-parlament-stimmt-fuer-verbrenner-aus-ab-2035\/#article\",\"isPartOf\":{\"@id\":\"https:\/\/now-news.de\/de\/deutschland\/eu-parlament-stimmt-fuer-verbrenner-aus-ab-2035\/\"},\"author\":{\"name\":\"rtnews\",\"@id\":\"https:\/\/now-news.de\/de\/#\/schema\/person\/fb534a4e865501d8b3285208df34a9b5\"},\"headline\":\"EU-Parlament stimmt f\u00fcr Verbrenner-Aus ab 2035\",\"datePublished\":\"2022-06-08T20:25:49+00:00\",\"dateModified\":\"2022-06-08T20:25:49+00:00\",\"mainEntityOfPage\":{\"@id\":\"https:\/\/now-news.de\/de\/deutschland\/eu-parlament-stimmt-fuer-verbrenner-aus-ab-2035\/\"},\"wordCount\":401,\"commentCount\":0,\"publisher\":{\"@id\":\"https:\/\/now-news.de\/de\/#organization\"},\"image\":{\"@id\":\"https:\/\/now-news.de\/de\/deutschland\/eu-parlament-stimmt-fuer-verbrenner-aus-ab-2035\/#primaryimage\"},\"thumbnailUrl\":\"https:\/\/now-news.de\/de\/wp-content\/uploads\/sites\/3\/2022\/06\/EU-Parlament-stimmt-fuer-Verbrenner-Aus-ab-2035.jpg\",\"keywords\":[\"EUParlament\",\"f\u00fcr\",\"stimmt\",\"VerbrennerAus\"],\"articleSection\":[\"Deutschland\",\"Russland\"],\"inLanguage\":\"de\",\"potentialAction\":[{\"@type\":\"CommentAction\",\"name\":\"Comment\",\"target\":[\"https:\/\/now-news.de\/de\/deutschland\/eu-parlament-stimmt-fuer-verbrenner-aus-ab-2035\/#respond\"]}]},{\"@type\":\"WebPage\",\"@id\":\"https:\/\/now-news.de\/de\/deutschland\/eu-parlament-stimmt-fuer-verbrenner-aus-ab-2035\/\",\"url\":\"https:\/\/now-news.de\/de\/deutschland\/eu-parlament-stimmt-fuer-verbrenner-aus-ab-2035\/\",\"name\":\"EU-Parlament stimmt f\u00fcr Verbrenner-Aus ab 2035 - just-now.NEWS Deutschland\",\"isPartOf\":{\"@id\":\"https:\/\/now-news.de\/de\/#website\"},\"primaryImageOfPage\":{\"@id\":\"https:\/\/now-news.de\/de\/deutschland\/eu-parlament-stimmt-fuer-verbrenner-aus-ab-2035\/#primaryimage\"},\"image\":{\"@id\":\"https:\/\/now-news.de\/de\/deutschland\/eu-parlament-stimmt-fuer-verbrenner-aus-ab-2035\/#primaryimage\"},\"thumbnailUrl\":\"https:\/\/now-news.de\/de\/wp-content\/uploads\/sites\/3\/2022\/06\/EU-Parlament-stimmt-fuer-Verbrenner-Aus-ab-2035.jpg\",\"datePublished\":\"2022-06-08T20:25:49+00:00\",\"dateModified\":\"2022-06-08T20:25:49+00:00\",\"breadcrumb\":{\"@id\":\"https:\/\/now-news.de\/de\/deutschland\/eu-parlament-stimmt-fuer-verbrenner-aus-ab-2035\/#breadcrumb\"},\"inLanguage\":\"de\",\"potentialAction\":[{\"@type\":\"ReadAction\",\"target\":[\"https:\/\/now-news.de\/de\/deutschland\/eu-parlament-stimmt-fuer-verbrenner-aus-ab-2035\/\"]}]},{\"@type\":\"ImageObject\",\"inLanguage\":\"de\",\"@id\":\"https:\/\/now-news.de\/de\/deutschland\/eu-parlament-stimmt-fuer-verbrenner-aus-ab-2035\/#primaryimage\",\"url\":\"https:\/\/now-news.de\/de\/wp-content\/uploads\/sites\/3\/2022\/06\/EU-Parlament-stimmt-fuer-Verbrenner-Aus-ab-2035.jpg\",\"contentUrl\":\"https:\/\/now-news.de\/de\/wp-content\/uploads\/sites\/3\/2022\/06\/EU-Parlament-stimmt-fuer-Verbrenner-Aus-ab-2035.jpg\",\"width\":460,\"height\":259,\"caption\":\"EU-Parlament stimmt f\u00fcr Verbrenner-Aus ab 2035\"},{\"@type\":\"BreadcrumbList\",\"@id\":\"https:\/\/now-news.de\/de\/deutschland\/eu-parlament-stimmt-fuer-verbrenner-aus-ab-2035\/#breadcrumb\",\"itemListElement\":[{\"@type\":\"ListItem\",\"position\":1,\"name\":\"Home\",\"item\":\"https:\/\/now-news.de\/de\/\"},{\"@type\":\"ListItem\",\"position\":2,\"name\":\"EU-Parlament stimmt f\u00fcr Verbrenner-Aus ab 2035\"}]},{\"@type\":\"WebSite\",\"@id\":\"https:\/\/now-news.de\/de\/#website\",\"url\":\"https:\/\/now-news.de\/de\/\",\"name\":\"just-now.NEWS Deutschland\",\"description\":\"Das Portal f\u00fcr unzensierte Nachrichten aus der Welt\",\"publisher\":{\"@id\":\"https:\/\/now-news.de\/de\/#organization\"},\"potentialAction\":[{\"@type\":\"SearchAction\",\"target\":{\"@type\":\"EntryPoint\",\"urlTemplate\":\"https:\/\/now-news.de\/de\/?s={search_term_string}\"},\"query-input\":\"required name=search_term_string\"}],\"inLanguage\":\"de\"},{\"@type\":\"Organization\",\"@id\":\"https:\/\/now-news.de\/de\/#organization\",\"name\":\"Just Now News\",\"url\":\"https:\/\/now-news.de\/de\/\",\"logo\":{\"@type\":\"ImageObject\",\"inLanguage\":\"de\",\"@id\":\"https:\/\/now-news.de\/de\/#\/schema\/logo\/image\/\",\"url\":\"http:\/\/just-now.news\/de\/wp-content\/uploads\/sites\/3\/2022\/04\/logo500x500.jpg\",\"contentUrl\":\"http:\/\/just-now.news\/de\/wp-content\/uploads\/sites\/3\/2022\/04\/logo500x500.jpg\",\"width\":500,\"height\":500,\"caption\":\"Just Now News\"},\"image\":{\"@id\":\"https:\/\/now-news.de\/de\/#\/schema\/logo\/image\/\"},\"sameAs\":[\"https:\/\/www.facebook.com\/wirmachenauf\",\"https:\/\/x.com\/WirMachenAuf_de\"]},{\"@type\":\"Person\",\"@id\":\"https:\/\/now-news.de\/de\/#\/schema\/person\/fb534a4e865501d8b3285208df34a9b5\",\"name\":\"rtnews\",\"image\":{\"@type\":\"ImageObject\",\"inLanguage\":\"de\",\"@id\":\"https:\/\/now-news.de\/de\/#\/schema\/person\/image\/\",\"url\":\"https:\/\/secure.gravatar.com\/avatar\/82aafea7d8127119dd649515f56e2117?s=96&d=mm&r=g\",\"contentUrl\":\"https:\/\/secure.gravatar.com\/avatar\/82aafea7d8127119dd649515f56e2117?s=96&d=mm&r=g\",\"caption\":\"rtnews\"},\"url\":\"https:\/\/now-news.de\/de\/author\/rnews\/\"}]}<\/script>\n<!-- \/ Yoast SEO Premium plugin. -->","yoast_head_json":{"title":"EU-Parlament stimmt f\u00fcr Verbrenner-Aus ab 2035 - just-now.NEWS Deutschland","robots":{"index":"index","follow":"follow","max-snippet":"max-snippet:-1","max-image-preview":"max-image-preview:large","max-video-preview":"max-video-preview:-1"},"canonical":"https:\/\/now-news.de\/de\/deutschland\/eu-parlament-stimmt-fuer-verbrenner-aus-ab-2035\/","og_locale":"de_DE","og_type":"article","og_title":"EU-Parlament stimmt f\u00fcr Verbrenner-Aus ab 2035","og_description":"Das EU-Parlament hat dem faktischen Verbot f\u00fcr Benzin- und Dieselmotoren zugestimmt: Ab dem Jahr 2035 sollen Neuwagen in der Europ\u00e4ischen Union kein CO\u2082 mehr aussto\u00dfen d\u00fcrfen. Das Verbot muss jedoch noch mit den EU-Staaten verhandelt werden. Das EU-Parlament hat am Mittwoch ein effektives Verbot f\u00fcr neue PKW mit Benzin \u2013 oder Dieselantrieb auf den Weg [&hellip;]","og_url":"https:\/\/now-news.de\/de\/deutschland\/eu-parlament-stimmt-fuer-verbrenner-aus-ab-2035\/","og_site_name":"just-now.NEWS Deutschland","article_publisher":"https:\/\/www.facebook.com\/wirmachenauf","article_published_time":"2022-06-08T20:25:49+00:00","og_image":[{"width":460,"height":259,"url":"https:\/\/now-news.de\/de\/wp-content\/uploads\/sites\/3\/2022\/06\/EU-Parlament-stimmt-fuer-Verbrenner-Aus-ab-2035.jpg","type":"image\/jpeg"}],"author":"rtnews","twitter_card":"summary_large_image","twitter_creator":"@WirMachenAuf_de","twitter_site":"@WirMachenAuf_de","twitter_misc":{"Verfasst von":"rtnews","Gesch\u00e4tzte Lesezeit":"2\u00a0Minuten"},"schema":{"@context":"https:\/\/schema.org","@graph":[{"@type":"Article","@id":"https:\/\/now-news.de\/de\/deutschland\/eu-parlament-stimmt-fuer-verbrenner-aus-ab-2035\/#article","isPartOf":{"@id":"https:\/\/now-news.de\/de\/deutschland\/eu-parlament-stimmt-fuer-verbrenner-aus-ab-2035\/"},"author":{"name":"rtnews","@id":"https:\/\/now-news.de\/de\/#\/schema\/person\/fb534a4e865501d8b3285208df34a9b5"},"headline":"EU-Parlament stimmt f\u00fcr Verbrenner-Aus ab 2035","datePublished":"2022-06-08T20:25:49+00:00","dateModified":"2022-06-08T20:25:49+00:00","mainEntityOfPage":{"@id":"https:\/\/now-news.de\/de\/deutschland\/eu-parlament-stimmt-fuer-verbrenner-aus-ab-2035\/"},"wordCount":401,"commentCount":0,"publisher":{"@id":"https:\/\/now-news.de\/de\/#organization"},"image":{"@id":"https:\/\/now-news.de\/de\/deutschland\/eu-parlament-stimmt-fuer-verbrenner-aus-ab-2035\/#primaryimage"},"thumbnailUrl":"https:\/\/now-news.de\/de\/wp-content\/uploads\/sites\/3\/2022\/06\/EU-Parlament-stimmt-fuer-Verbrenner-Aus-ab-2035.jpg","keywords":["EUParlament","f\u00fcr","stimmt","VerbrennerAus"],"articleSection":["Deutschland","Russland"],"inLanguage":"de","potentialAction":[{"@type":"CommentAction","name":"Comment","target":["https:\/\/now-news.de\/de\/deutschland\/eu-parlament-stimmt-fuer-verbrenner-aus-ab-2035\/#respond"]}]},{"@type":"WebPage","@id":"https:\/\/now-news.de\/de\/deutschland\/eu-parlament-stimmt-fuer-verbrenner-aus-ab-2035\/","url":"https:\/\/now-news.de\/de\/deutschland\/eu-parlament-stimmt-fuer-verbrenner-aus-ab-2035\/","name":"EU-Parlament stimmt f\u00fcr Verbrenner-Aus ab 2035 - just-now.NEWS Deutschland","isPartOf":{"@id":"https:\/\/now-news.de\/de\/#website"},"primaryImageOfPage":{"@id":"https:\/\/now-news.de\/de\/deutschland\/eu-parlament-stimmt-fuer-verbrenner-aus-ab-2035\/#primaryimage"},"image":{"@id":"https:\/\/now-news.de\/de\/deutschland\/eu-parlament-stimmt-fuer-verbrenner-aus-ab-2035\/#primaryimage"},"thumbnailUrl":"https:\/\/now-news.de\/de\/wp-content\/uploads\/sites\/3\/2022\/06\/EU-Parlament-stimmt-fuer-Verbrenner-Aus-ab-2035.jpg","datePublished":"2022-06-08T20:25:49+00:00","dateModified":"2022-06-08T20:25:49+00:00","breadcrumb":{"@id":"https:\/\/now-news.de\/de\/deutschland\/eu-parlament-stimmt-fuer-verbrenner-aus-ab-2035\/#breadcrumb"},"inLanguage":"de","potentialAction":[{"@type":"ReadAction","target":["https:\/\/now-news.de\/de\/deutschland\/eu-parlament-stimmt-fuer-verbrenner-aus-ab-2035\/"]}]},{"@type":"ImageObject","inLanguage":"de","@id":"https:\/\/now-news.de\/de\/deutschland\/eu-parlament-stimmt-fuer-verbrenner-aus-ab-2035\/#primaryimage","url":"https:\/\/now-news.de\/de\/wp-content\/uploads\/sites\/3\/2022\/06\/EU-Parlament-stimmt-fuer-Verbrenner-Aus-ab-2035.jpg","contentUrl":"https:\/\/now-news.de\/de\/wp-content\/uploads\/sites\/3\/2022\/06\/EU-Parlament-stimmt-fuer-Verbrenner-Aus-ab-2035.jpg","width":460,"height":259,"caption":"EU-Parlament stimmt f\u00fcr Verbrenner-Aus ab 2035"},{"@type":"BreadcrumbList","@id":"https:\/\/now-news.de\/de\/deutschland\/eu-parlament-stimmt-fuer-verbrenner-aus-ab-2035\/#breadcrumb","itemListElement":[{"@type":"ListItem","position":1,"name":"Home","item":"https:\/\/now-news.de\/de\/"},{"@type":"ListItem","position":2,"name":"EU-Parlament stimmt f\u00fcr Verbrenner-Aus ab 2035"}]},{"@type":"WebSite","@id":"https:\/\/now-news.de\/de\/#website","url":"https:\/\/now-news.de\/de\/","name":"just-now.NEWS Deutschland","description":"Das Portal f\u00fcr unzensierte Nachrichten aus der Welt","publisher":{"@id":"https:\/\/now-news.de\/de\/#organization"},"potentialAction":[{"@type":"SearchAction","target":{"@type":"EntryPoint","urlTemplate":"https:\/\/now-news.de\/de\/?s={search_term_string}"},"query-input":"required name=search_term_string"}],"inLanguage":"de"},{"@type":"Organization","@id":"https:\/\/now-news.de\/de\/#organization","name":"Just Now News","url":"https:\/\/now-news.de\/de\/","logo":{"@type":"ImageObject","inLanguage":"de","@id":"https:\/\/now-news.de\/de\/#\/schema\/logo\/image\/","url":"http:\/\/just-now.news\/de\/wp-content\/uploads\/sites\/3\/2022\/04\/logo500x500.jpg","contentUrl":"http:\/\/just-now.news\/de\/wp-content\/uploads\/sites\/3\/2022\/04\/logo500x500.jpg","width":500,"height":500,"caption":"Just Now News"},"image":{"@id":"https:\/\/now-news.de\/de\/#\/schema\/logo\/image\/"},"sameAs":["https:\/\/www.facebook.com\/wirmachenauf","https:\/\/x.com\/WirMachenAuf_de"]},{"@type":"Person","@id":"https:\/\/now-news.de\/de\/#\/schema\/person\/fb534a4e865501d8b3285208df34a9b5","name":"rtnews","image":{"@type":"ImageObject","inLanguage":"de","@id":"https:\/\/now-news.de\/de\/#\/schema\/person\/image\/","url":"https:\/\/secure.gravatar.com\/avatar\/82aafea7d8127119dd649515f56e2117?s=96&d=mm&r=g","contentUrl":"https:\/\/secure.gravatar.com\/avatar\/82aafea7d8127119dd649515f56e2117?s=96&d=mm&r=g","caption":"rtnews"},"url":"https:\/\/now-news.de\/de\/author\/rnews\/"}]}},"_links":{"self":[{"href":"https:\/\/now-news.de\/de\/wp-json\/wp\/v2\/posts\/10254"}],"collection":[{"href":"https:\/\/now-news.de\/de\/wp-json\/wp\/v2\/posts"}],"about":[{"href":"https:\/\/now-news.de\/de\/wp-json\/wp\/v2\/types\/post"}],"author":[{"embeddable":true,"href":"https:\/\/now-news.de\/de\/wp-json\/wp\/v2\/users\/3"}],"replies":[{"embeddable":true,"href":"https:\/\/now-news.de\/de\/wp-json\/wp\/v2\/comments?post=10254"}],"version-history":[{"count":0,"href":"https:\/\/now-news.de\/de\/wp-json\/wp\/v2\/posts\/10254\/revisions"}],"wp:featuredmedia":[{"embeddable":true,"href":"https:\/\/now-news.de\/de\/wp-json\/wp\/v2\/media\/10255"}],"wp:attachment":[{"href":"https:\/\/now-news.de\/de\/wp-json\/wp\/v2\/media?parent=10254"}],"wp:term":[{"taxonomy":"category","embeddable":true,"href":"https:\/\/now-news.de\/de\/wp-json\/wp\/v2\/categories?post=10254"},{"taxonomy":"post_tag","embeddable":true,"href":"https:\/\/now-news.de\/de\/wp-json\/wp\/v2\/tags?post=10254"}],"curies":[{"name":"wp","href":"https:\/\/api.w.org\/{rel}","templated":true}]}}