{"id":10252,"date":"2022-06-08T22:05:11","date_gmt":"2022-06-08T20:05:11","guid":{"rendered":"http:\/\/just-now.news\/de\/deutschland\/keine-weisse-weste-usa-und-eu-als-kriegsparteien\/"},"modified":"2022-06-08T22:05:11","modified_gmt":"2022-06-08T20:05:11","slug":"keine-weisse-weste-usa-und-eu-als-kriegsparteien","status":"publish","type":"post","link":"https:\/\/now-news.de\/de\/deutschland\/keine-weisse-weste-usa-und-eu-als-kriegsparteien\/","title":{"rendered":"Keine &quot;Wei\u00dfe Weste&quot;: USA und EU als Kriegsparteien"},"content":{"rendered":"<p><img decoding=\"async\" src=\"http:\/\/just-now.news\/de\/wp-content\/uploads\/sites\/3\/2022\/06\/629f5d25b480cc0225165756.jpg\" \/><\/p>\n<div class=\"Text-root Text-type_1 \">\n                Die USA und die Europ\u00e4ische Union wollen um jeden Preis vermeiden, im Krieg in der Ukraine als aktive Kriegspartei aufzutreten. Aber wer kann dieses Abstreiten vom Westen ernsthaft glauben \u2013 egal, was man ansonsten von dem Konflikt h\u00e4lt? Auch ansonsten sucht man die &#8220;Wei\u00dfe Weste&#8221; im Westen vergebens.\n            <\/div>\n<p><\/p>\n<div class=\"Text-root Text-type_5 ArticleView-text ViewText-root \">\n<p><em>von Pierre L\u00e9vy<\/em><\/p>\n<p>Die Verh\u00e4ngung von Sanktionen \u2013 von denen einige Politiker nicht davor zur\u00fcckschrecken zuzugeben, dass sie damit die russische Wirtschaft zum Einsturz bringen wollen \u2013 ist zweifellos ein kriegerischer Akt. Die massive Lieferung von Kanonen, Raketenwerfern, Panzern und riesigen Mengen an Munition ist ebenfalls eine solche Handlung. Das gilt auch f\u00fcr den &#8220;Cyberkrieg&#8221;, mit dem ein US-General gerade geprahlt hat.<\/p>\n<p>Aber es gibt noch einen weiteren Krieg, bei dem die westlichen Politiker nicht nur &#8220;Mitstreiter&#8221; sind, sondern an vorderster Front stehen: dem Informationskrieg. Konflikte haben zwar schon immer ein erstes Opfer gefordert: die Wahrheit. Dies gilt insbesondere f\u00fcr die j\u00fcngste Vergangenheit.<\/p>\n<p>Doch diesmal scheint sich eine neue Dimension abzuzeichnen: die Echtzeit-Ausnutzung des Begriffs &#8220;Kriegsverbrechen&#8221;. Und es scheint, als h\u00e4tten die Experten, vor allem in Washington, diese medial-ideologischen Offensiven schon vor Ausbruch der Feindseligkeiten akribisch vorbereitet.<\/p>\n<p>Seit Wochen sind Bataillone von Juristen und Experten im Auftrag von Staaten, Institutionen und NGOs am Werk: der Staatsanwalt des <a rel=\"nofollow noopener\" target=\"_blank\" href=\"https:\/\/de.wikipedia.org\/wiki\/Internationaler_Strafgerichtshof\">Internationalen Strafgerichtshofs<\/a> (IStGH), gemeinsame Teams mit mehreren beteiligten L\u00e4ndern, Gesandte von Staaten als solchen &#8230; Es ist auch bemerkenswert, dass sogar zwei EU-Organe \u2013 <a rel=\"nofollow noopener\" target=\"_blank\" href=\"https:\/\/de.wikipedia.org\/wiki\/Europol\">Europol<\/a> und <a rel=\"nofollow noopener\" target=\"_blank\" href=\"https:\/\/de.wikipedia.org\/wiki\/Eurojust\">Eurojust<\/a> \u2013 mobilisiert wurden. Normalerweise sollten sie die polizeilichen und justiziellen Aktivit\u00e4ten in bestimmten grenz\u00fcberschreitenden F\u00e4llen koordinieren, doch ihre Kompetenzen wurden im Handumdrehen zweckm\u00e4\u00dfigerweise erweitert. Das Ganze dient der &#8220;Unterst\u00fctzung&#8221; des Generalstaatsanwalts der Ukraine.<\/p>\n<p>Bisher wurden Ermittlungen und Prozesse wegen Kriegsverbrechen immer erst nach den Auseinandersetzungen gef\u00fchrt. Diesmal rechnen die westlichen Strategen damit, dass die sozialen Netzwerke und Nachrichtenkan\u00e4le Stunde um Stunde die Ermittlungen der Polizei- und Justizapparate f\u00fcttern werden.<\/p>\n<p>Denn einen &#8220;sauberen Krieg&#8221; hat es nie gegeben und wird es auch nie geben k\u00f6nnen. Dies ist sogar der erste Grund, der alle die f\u00fcr den Frieden notwendigen K\u00e4mpfe legitimiert \u2013 sowohl in der Vergangenheit als auch in der Zukunft. Was jedoch fassungslos macht, ist die Identit\u00e4t derjenigen, die von sich behaupten, allein im Namen humanistischer Erw\u00e4gungen die Schrecken und Gr\u00e4ueltaten anzuprangern, angefangen bei den f\u00fchrenden Politikern der USA. Denn wenn es einen unbestrittenen &#8220;Vorreiter&#8221; und &#8220;Experten&#8221; f\u00fcr &#8220;Kriegsverbrechen&#8221; nach dem Ende des Zweiten Weltkrieges in Europa seit 1945 gibt, dann ist es vor allem &#8220;Uncle Sam&#8221;, dem man \u2013 beginnend mit den Atombombenabw\u00fcrfen auf die japanischen St\u00e4dte Hiroshima und Nagasaki am 6. Und 9. August 1945 \u2013 die &#8220;Goldene Palme&#8221; in allen Kategorien verleihen muss.<\/p>\n<p>Vom <a rel=\"nofollow noopener\" target=\"_blank\" href=\"https:\/\/de.wikipedia.org\/wiki\/Massaker_von_M%E1%BB%B9_Lai\">Massaker von M\u1ef9 Lai<\/a> (Vietnam, 1968) und der Ausbringung von Napalm auf die vietnamesische Zivilbev\u00f6lkerung \u00fcber die Pyramiden entbl\u00f6\u00dfter und gefolterter K\u00f6rper in <a rel=\"nofollow noopener\" target=\"_blank\" href=\"https:\/\/de.wikipedia.org\/wiki\/Abu-Ghuraib-Folterskandal\">Abu Ghuraib<\/a> (US-Milit\u00e4rst\u00fctzpunkt im Irak, dessen grausige Bilder 2003-2004 um die Welt gingen) bis hin zum unheimlichen Haft- und Folterzentrum in Bagram (US-St\u00fctzpunkt in Afghanistan, ab 2002) \u2013 es sind die Urheber dieser charmanten Experimente, die sich heute \u00fcber die \u00dcbergriffe in der Ukraine emp\u00f6ren. Man sollte auch die sogenannten &#8220;<a rel=\"nofollow noopener\" target=\"_blank\" href=\"https:\/\/de.wikipedia.org\/wiki\/Extraordinary_rendition\">Extraordinary Rendition<\/a>&#8220;-Operationen erw\u00e4hnen, bei denen Folterst\u00e4tten in industriellem Ma\u00dfstab in willige EU-Staaten verlagert wurden.<\/p>\n<p>Und erinnert man sich noch an die ber\u00fchmt gebliebenen Aussagen der k\u00fcrzlich verstorbenen Madeleine Albright? Als die ehemalige US-Au\u00dfenministerin 2018 zum Tod von 500.000 irakischen Kindern w\u00e4hrend des Embargos und des Krieges gegen das Land befragt wurde, antwortete sie: &#8220;Das ist eine schwierige Frage, aber ja, diesen Preis war es wert.&#8221; Hat man jemals von einem solchen Kriegsverbrechen geh\u00f6rt, das man f\u00fcr sich selbst beansprucht hat und das auch noch so offen zugegeben wurde? Und in Washington, D.C. wagen es die Offiziellen heute, anderen Nationen weltweit Lektionen erteilen zu wollen?<\/p>\n<p>Und tats\u00e4chlich hatte auch nur dieses einzige Land jemals die Atombombe eingesetzt. Im August 1945 war es eine US-amerikanische Entscheidung, welche diese Namen der St\u00e4dte Hiroshima und Nagasaki in die Liste der schlimmsten Schrecken der Geschichte eingravierte \u2013 und das, ohne dass daf\u00fcr eine milit\u00e4rische Rechtfertigung existiert h\u00e4tte. Eigentlich w\u00e4ren ganze B\u00fccher n\u00f6tig, um die nicht verj\u00e4hrbaren Verbrechen Washingtons zu beschreiben, denn die Geschichte des Landes ist eine lange Reihe von offenen oder verdeckten Interventionen in ein anderes Land, von denen nie eine mit wei\u00dfen Samthandschuhen durchgef\u00fchrt wurde.<\/p>\n<p>Auch heute noch befinden sich so Millionen von Afghanen permanent in einer Situation, in der sie vom Hungertod bedroht sind. Dies ist ein direktes Ergebnis der NATO-Besatzung, die die Wirtschaft des Landes vom Drogenhandel und den nun, nach dem NATO-Abzug &#8220;zur Strafe&#8221; gestoppten westlichen Subventionen abh\u00e4ngig gemacht hat. Die entsetzlichen Folgen des Krieges im Jemen sind auch nicht beneidenswerter. Und was ist mit der Zerschlagung und Erniedrigung des pal\u00e4stinensischen Volkes, das seit sieben Jahrzehnten unter israelischer Besatzung steht?<\/p>\n<p>Aber kein westlicher Politiker kommt auf die Idee, zu fordern, dass der US-Pr\u00e4sident, der saudische Kronprinz oder gar der Premierminister des Staates Israel jemals vor irgendein Gericht gestellt werden.<\/p>\n<p>Was die &#8220;europ\u00e4ischen&#8221; Politiker der EU betrifft, so tr\u00e4umen viele von der Errichtung eines &#8220;geopolitischen Europas&#8221;. Einige, wie der franz\u00f6sische Minister Bruno Le Maire und vor ihm der ehemalige Pr\u00e4sident der Europ\u00e4ischen Kommission Jos\u00e9 Manuel Barroso, sind so freim\u00fctig, diesen Traum auch unverbl\u00fcmt als ein &#8220;Imperium&#8221; zu bezeichnen.<\/p>\n<p>Das l\u00e4sst doch hoffen &#8230; oder?<\/p>\n<p><strong>Mehr zum Thema<\/strong> &#8211; <a rel=\"nofollow noopener\" target=\"_blank\" href=\"https:\/\/fromrussiawithlove.rtde.world\/international\/140158-zusammenfassung-beschlusse-beim-ausserordentlichen-eu\/\">Sanktionen: Die Beschl\u00fcsse des EU-Gipfels<\/a><\/p>\n<\/div>\n<p><br \/>\n<br \/><a href=\"https:\/\/de.rt.com\/meinung\/140422-usa-und-eu-als-kriegsparteien-und-kriegsverbrecher\/\">Source link <\/a><\/p>\n","protected":false},"excerpt":{"rendered":"<p>Die USA und die Europ\u00e4ische Union wollen um jeden Preis vermeiden, im Krieg in der Ukraine als aktive Kriegspartei aufzutreten. Aber wer kann dieses Abstreiten vom Westen ernsthaft glauben \u2013 egal, was man ansonsten von dem Konflikt h\u00e4lt? Auch ansonsten sucht man die &#8220;Wei\u00dfe Weste&#8221; im Westen vergebens. von Pierre L\u00e9vy Die Verh\u00e4ngung von Sanktionen [&hellip;]<\/p>\n","protected":false},"author":3,"featured_media":10253,"comment_status":"open","ping_status":"open","sticky":false,"template":"","format":"standard","meta":{"wp_automatic_camp":["217"],"e007ee978eec54451c7e111de729796a":["Keine &quot;Wei\u00dfe Weste&quot;: USA und EU als Kriegsparteien"],"original_link":["https:\/\/de.rt.com\/meinung\/140422-usa-und-eu-als-kriegsparteien-und-kriegsverbrecher\/"],"_thumbnail_id":["10253"],"_wptg_p2tg_sent2tg":["2022-06-08 22:16:46"],"jnews_social_counter_last_update":["1777346510"]},"categories":[19,23],"tags":[273,375,23681,23679,140,193,23680],"yoast_head":"<!-- This site is optimized with the Yoast SEO Premium plugin v22.7 (Yoast SEO v22.7) - https:\/\/yoast.com\/wordpress\/plugins\/seo\/ -->\n<title>Keine &quot;Wei\u00dfe Weste&quot;: USA und EU als Kriegsparteien - just-now.NEWS Deutschland<\/title>\n<meta name=\"robots\" content=\"index, follow, max-snippet:-1, max-image-preview:large, max-video-preview:-1\" \/>\n<link rel=\"canonical\" href=\"https:\/\/now-news.de\/de\/deutschland\/keine-weisse-weste-usa-und-eu-als-kriegsparteien\/\" \/>\n<meta property=\"og:locale\" content=\"de_DE\" \/>\n<meta property=\"og:type\" content=\"article\" \/>\n<meta property=\"og:title\" content=\"Keine &quot;Wei\u00dfe Weste&quot;: USA und EU als Kriegsparteien\" \/>\n<meta property=\"og:description\" content=\"Die USA und die Europ\u00e4ische Union wollen um jeden Preis vermeiden, im Krieg in der Ukraine als aktive Kriegspartei aufzutreten. Aber wer kann dieses Abstreiten vom Westen ernsthaft glauben \u2013 egal, was man ansonsten von dem Konflikt h\u00e4lt? Auch ansonsten sucht man die &#8220;Wei\u00dfe Weste&#8221; im Westen vergebens. von Pierre L\u00e9vy Die Verh\u00e4ngung von Sanktionen [&hellip;]\" \/>\n<meta property=\"og:url\" content=\"https:\/\/now-news.de\/de\/deutschland\/keine-weisse-weste-usa-und-eu-als-kriegsparteien\/\" \/>\n<meta property=\"og:site_name\" content=\"just-now.NEWS Deutschland\" \/>\n<meta property=\"article:publisher\" content=\"https:\/\/www.facebook.com\/wirmachenauf\" \/>\n<meta property=\"article:published_time\" content=\"2022-06-08T20:05:11+00:00\" \/>\n<meta property=\"og:image\" content=\"https:\/\/now-news.de\/de\/wp-content\/uploads\/sites\/3\/2022\/06\/Keine-quotWeisse-Westequot-USA-und-EU-als-Kriegsparteien.jpg\" \/>\n\t<meta property=\"og:image:width\" content=\"460\" \/>\n\t<meta property=\"og:image:height\" content=\"259\" \/>\n\t<meta property=\"og:image:type\" content=\"image\/jpeg\" \/>\n<meta name=\"author\" content=\"rtnews\" \/>\n<meta name=\"twitter:card\" content=\"summary_large_image\" \/>\n<meta name=\"twitter:creator\" content=\"@WirMachenAuf_de\" \/>\n<meta name=\"twitter:site\" content=\"@WirMachenAuf_de\" \/>\n<meta name=\"twitter:label1\" content=\"Verfasst von\" \/>\n\t<meta name=\"twitter:data1\" content=\"rtnews\" \/>\n\t<meta name=\"twitter:label2\" content=\"Gesch\u00e4tzte Lesezeit\" \/>\n\t<meta name=\"twitter:data2\" content=\"5\u00a0Minuten\" \/>\n<script type=\"application\/ld+json\" class=\"yoast-schema-graph\">{\"@context\":\"https:\/\/schema.org\",\"@graph\":[{\"@type\":\"Article\",\"@id\":\"https:\/\/now-news.de\/de\/deutschland\/keine-weisse-weste-usa-und-eu-als-kriegsparteien\/#article\",\"isPartOf\":{\"@id\":\"https:\/\/now-news.de\/de\/deutschland\/keine-weisse-weste-usa-und-eu-als-kriegsparteien\/\"},\"author\":{\"name\":\"rtnews\",\"@id\":\"https:\/\/now-news.de\/de\/#\/schema\/person\/fb534a4e865501d8b3285208df34a9b5\"},\"headline\":\"Keine &quot;Wei\u00dfe Weste&quot;: USA und EU als Kriegsparteien\",\"datePublished\":\"2022-06-08T20:05:11+00:00\",\"dateModified\":\"2022-06-08T20:05:11+00:00\",\"mainEntityOfPage\":{\"@id\":\"https:\/\/now-news.de\/de\/deutschland\/keine-weisse-weste-usa-und-eu-als-kriegsparteien\/\"},\"wordCount\":926,\"commentCount\":0,\"publisher\":{\"@id\":\"https:\/\/now-news.de\/de\/#organization\"},\"image\":{\"@id\":\"https:\/\/now-news.de\/de\/deutschland\/keine-weisse-weste-usa-und-eu-als-kriegsparteien\/#primaryimage\"},\"thumbnailUrl\":\"https:\/\/now-news.de\/de\/wp-content\/uploads\/sites\/3\/2022\/06\/Keine-quotWeisse-Westequot-USA-und-EU-als-Kriegsparteien.jpg\",\"keywords\":[\"als\",\"keine\",\"Kriegsparteien\",\"quotWei\u00dfe\",\"und\",\"USA\",\"Westequot\"],\"articleSection\":[\"Deutschland\",\"Russland\"],\"inLanguage\":\"de\",\"potentialAction\":[{\"@type\":\"CommentAction\",\"name\":\"Comment\",\"target\":[\"https:\/\/now-news.de\/de\/deutschland\/keine-weisse-weste-usa-und-eu-als-kriegsparteien\/#respond\"]}]},{\"@type\":\"WebPage\",\"@id\":\"https:\/\/now-news.de\/de\/deutschland\/keine-weisse-weste-usa-und-eu-als-kriegsparteien\/\",\"url\":\"https:\/\/now-news.de\/de\/deutschland\/keine-weisse-weste-usa-und-eu-als-kriegsparteien\/\",\"name\":\"Keine &quot;Wei\u00dfe Weste&quot;: USA und EU als Kriegsparteien - just-now.NEWS Deutschland\",\"isPartOf\":{\"@id\":\"https:\/\/now-news.de\/de\/#website\"},\"primaryImageOfPage\":{\"@id\":\"https:\/\/now-news.de\/de\/deutschland\/keine-weisse-weste-usa-und-eu-als-kriegsparteien\/#primaryimage\"},\"image\":{\"@id\":\"https:\/\/now-news.de\/de\/deutschland\/keine-weisse-weste-usa-und-eu-als-kriegsparteien\/#primaryimage\"},\"thumbnailUrl\":\"https:\/\/now-news.de\/de\/wp-content\/uploads\/sites\/3\/2022\/06\/Keine-quotWeisse-Westequot-USA-und-EU-als-Kriegsparteien.jpg\",\"datePublished\":\"2022-06-08T20:05:11+00:00\",\"dateModified\":\"2022-06-08T20:05:11+00:00\",\"breadcrumb\":{\"@id\":\"https:\/\/now-news.de\/de\/deutschland\/keine-weisse-weste-usa-und-eu-als-kriegsparteien\/#breadcrumb\"},\"inLanguage\":\"de\",\"potentialAction\":[{\"@type\":\"ReadAction\",\"target\":[\"https:\/\/now-news.de\/de\/deutschland\/keine-weisse-weste-usa-und-eu-als-kriegsparteien\/\"]}]},{\"@type\":\"ImageObject\",\"inLanguage\":\"de\",\"@id\":\"https:\/\/now-news.de\/de\/deutschland\/keine-weisse-weste-usa-und-eu-als-kriegsparteien\/#primaryimage\",\"url\":\"https:\/\/now-news.de\/de\/wp-content\/uploads\/sites\/3\/2022\/06\/Keine-quotWeisse-Westequot-USA-und-EU-als-Kriegsparteien.jpg\",\"contentUrl\":\"https:\/\/now-news.de\/de\/wp-content\/uploads\/sites\/3\/2022\/06\/Keine-quotWeisse-Westequot-USA-und-EU-als-Kriegsparteien.jpg\",\"width\":460,\"height\":259,\"caption\":\"Keine &quot;Wei\u00dfe Weste&quot;: USA und EU als Kriegsparteien\"},{\"@type\":\"BreadcrumbList\",\"@id\":\"https:\/\/now-news.de\/de\/deutschland\/keine-weisse-weste-usa-und-eu-als-kriegsparteien\/#breadcrumb\",\"itemListElement\":[{\"@type\":\"ListItem\",\"position\":1,\"name\":\"Home\",\"item\":\"https:\/\/now-news.de\/de\/\"},{\"@type\":\"ListItem\",\"position\":2,\"name\":\"Keine &quot;Wei\u00dfe Weste&quot;: USA und EU als Kriegsparteien\"}]},{\"@type\":\"WebSite\",\"@id\":\"https:\/\/now-news.de\/de\/#website\",\"url\":\"https:\/\/now-news.de\/de\/\",\"name\":\"just-now.NEWS Deutschland\",\"description\":\"Das Portal f\u00fcr unzensierte Nachrichten aus der Welt\",\"publisher\":{\"@id\":\"https:\/\/now-news.de\/de\/#organization\"},\"potentialAction\":[{\"@type\":\"SearchAction\",\"target\":{\"@type\":\"EntryPoint\",\"urlTemplate\":\"https:\/\/now-news.de\/de\/?s={search_term_string}\"},\"query-input\":\"required name=search_term_string\"}],\"inLanguage\":\"de\"},{\"@type\":\"Organization\",\"@id\":\"https:\/\/now-news.de\/de\/#organization\",\"name\":\"Just Now News\",\"url\":\"https:\/\/now-news.de\/de\/\",\"logo\":{\"@type\":\"ImageObject\",\"inLanguage\":\"de\",\"@id\":\"https:\/\/now-news.de\/de\/#\/schema\/logo\/image\/\",\"url\":\"http:\/\/just-now.news\/de\/wp-content\/uploads\/sites\/3\/2022\/04\/logo500x500.jpg\",\"contentUrl\":\"http:\/\/just-now.news\/de\/wp-content\/uploads\/sites\/3\/2022\/04\/logo500x500.jpg\",\"width\":500,\"height\":500,\"caption\":\"Just Now News\"},\"image\":{\"@id\":\"https:\/\/now-news.de\/de\/#\/schema\/logo\/image\/\"},\"sameAs\":[\"https:\/\/www.facebook.com\/wirmachenauf\",\"https:\/\/x.com\/WirMachenAuf_de\"]},{\"@type\":\"Person\",\"@id\":\"https:\/\/now-news.de\/de\/#\/schema\/person\/fb534a4e865501d8b3285208df34a9b5\",\"name\":\"rtnews\",\"image\":{\"@type\":\"ImageObject\",\"inLanguage\":\"de\",\"@id\":\"https:\/\/now-news.de\/de\/#\/schema\/person\/image\/\",\"url\":\"https:\/\/secure.gravatar.com\/avatar\/82aafea7d8127119dd649515f56e2117?s=96&d=mm&r=g\",\"contentUrl\":\"https:\/\/secure.gravatar.com\/avatar\/82aafea7d8127119dd649515f56e2117?s=96&d=mm&r=g\",\"caption\":\"rtnews\"},\"url\":\"https:\/\/now-news.de\/de\/author\/rnews\/\"}]}<\/script>\n<!-- \/ Yoast SEO Premium plugin. -->","yoast_head_json":{"title":"Keine &quot;Wei\u00dfe Weste&quot;: USA und EU als Kriegsparteien - just-now.NEWS Deutschland","robots":{"index":"index","follow":"follow","max-snippet":"max-snippet:-1","max-image-preview":"max-image-preview:large","max-video-preview":"max-video-preview:-1"},"canonical":"https:\/\/now-news.de\/de\/deutschland\/keine-weisse-weste-usa-und-eu-als-kriegsparteien\/","og_locale":"de_DE","og_type":"article","og_title":"Keine &quot;Wei\u00dfe Weste&quot;: USA und EU als Kriegsparteien","og_description":"Die USA und die Europ\u00e4ische Union wollen um jeden Preis vermeiden, im Krieg in der Ukraine als aktive Kriegspartei aufzutreten. Aber wer kann dieses Abstreiten vom Westen ernsthaft glauben \u2013 egal, was man ansonsten von dem Konflikt h\u00e4lt? Auch ansonsten sucht man die &#8220;Wei\u00dfe Weste&#8221; im Westen vergebens. von Pierre L\u00e9vy Die Verh\u00e4ngung von Sanktionen [&hellip;]","og_url":"https:\/\/now-news.de\/de\/deutschland\/keine-weisse-weste-usa-und-eu-als-kriegsparteien\/","og_site_name":"just-now.NEWS Deutschland","article_publisher":"https:\/\/www.facebook.com\/wirmachenauf","article_published_time":"2022-06-08T20:05:11+00:00","og_image":[{"width":460,"height":259,"url":"https:\/\/now-news.de\/de\/wp-content\/uploads\/sites\/3\/2022\/06\/Keine-quotWeisse-Westequot-USA-und-EU-als-Kriegsparteien.jpg","type":"image\/jpeg"}],"author":"rtnews","twitter_card":"summary_large_image","twitter_creator":"@WirMachenAuf_de","twitter_site":"@WirMachenAuf_de","twitter_misc":{"Verfasst von":"rtnews","Gesch\u00e4tzte Lesezeit":"5\u00a0Minuten"},"schema":{"@context":"https:\/\/schema.org","@graph":[{"@type":"Article","@id":"https:\/\/now-news.de\/de\/deutschland\/keine-weisse-weste-usa-und-eu-als-kriegsparteien\/#article","isPartOf":{"@id":"https:\/\/now-news.de\/de\/deutschland\/keine-weisse-weste-usa-und-eu-als-kriegsparteien\/"},"author":{"name":"rtnews","@id":"https:\/\/now-news.de\/de\/#\/schema\/person\/fb534a4e865501d8b3285208df34a9b5"},"headline":"Keine &quot;Wei\u00dfe Weste&quot;: USA und EU als Kriegsparteien","datePublished":"2022-06-08T20:05:11+00:00","dateModified":"2022-06-08T20:05:11+00:00","mainEntityOfPage":{"@id":"https:\/\/now-news.de\/de\/deutschland\/keine-weisse-weste-usa-und-eu-als-kriegsparteien\/"},"wordCount":926,"commentCount":0,"publisher":{"@id":"https:\/\/now-news.de\/de\/#organization"},"image":{"@id":"https:\/\/now-news.de\/de\/deutschland\/keine-weisse-weste-usa-und-eu-als-kriegsparteien\/#primaryimage"},"thumbnailUrl":"https:\/\/now-news.de\/de\/wp-content\/uploads\/sites\/3\/2022\/06\/Keine-quotWeisse-Westequot-USA-und-EU-als-Kriegsparteien.jpg","keywords":["als","keine","Kriegsparteien","quotWei\u00dfe","und","USA","Westequot"],"articleSection":["Deutschland","Russland"],"inLanguage":"de","potentialAction":[{"@type":"CommentAction","name":"Comment","target":["https:\/\/now-news.de\/de\/deutschland\/keine-weisse-weste-usa-und-eu-als-kriegsparteien\/#respond"]}]},{"@type":"WebPage","@id":"https:\/\/now-news.de\/de\/deutschland\/keine-weisse-weste-usa-und-eu-als-kriegsparteien\/","url":"https:\/\/now-news.de\/de\/deutschland\/keine-weisse-weste-usa-und-eu-als-kriegsparteien\/","name":"Keine &quot;Wei\u00dfe Weste&quot;: USA und EU als Kriegsparteien - just-now.NEWS Deutschland","isPartOf":{"@id":"https:\/\/now-news.de\/de\/#website"},"primaryImageOfPage":{"@id":"https:\/\/now-news.de\/de\/deutschland\/keine-weisse-weste-usa-und-eu-als-kriegsparteien\/#primaryimage"},"image":{"@id":"https:\/\/now-news.de\/de\/deutschland\/keine-weisse-weste-usa-und-eu-als-kriegsparteien\/#primaryimage"},"thumbnailUrl":"https:\/\/now-news.de\/de\/wp-content\/uploads\/sites\/3\/2022\/06\/Keine-quotWeisse-Westequot-USA-und-EU-als-Kriegsparteien.jpg","datePublished":"2022-06-08T20:05:11+00:00","dateModified":"2022-06-08T20:05:11+00:00","breadcrumb":{"@id":"https:\/\/now-news.de\/de\/deutschland\/keine-weisse-weste-usa-und-eu-als-kriegsparteien\/#breadcrumb"},"inLanguage":"de","potentialAction":[{"@type":"ReadAction","target":["https:\/\/now-news.de\/de\/deutschland\/keine-weisse-weste-usa-und-eu-als-kriegsparteien\/"]}]},{"@type":"ImageObject","inLanguage":"de","@id":"https:\/\/now-news.de\/de\/deutschland\/keine-weisse-weste-usa-und-eu-als-kriegsparteien\/#primaryimage","url":"https:\/\/now-news.de\/de\/wp-content\/uploads\/sites\/3\/2022\/06\/Keine-quotWeisse-Westequot-USA-und-EU-als-Kriegsparteien.jpg","contentUrl":"https:\/\/now-news.de\/de\/wp-content\/uploads\/sites\/3\/2022\/06\/Keine-quotWeisse-Westequot-USA-und-EU-als-Kriegsparteien.jpg","width":460,"height":259,"caption":"Keine &quot;Wei\u00dfe Weste&quot;: USA und EU als Kriegsparteien"},{"@type":"BreadcrumbList","@id":"https:\/\/now-news.de\/de\/deutschland\/keine-weisse-weste-usa-und-eu-als-kriegsparteien\/#breadcrumb","itemListElement":[{"@type":"ListItem","position":1,"name":"Home","item":"https:\/\/now-news.de\/de\/"},{"@type":"ListItem","position":2,"name":"Keine &quot;Wei\u00dfe Weste&quot;: USA und EU als Kriegsparteien"}]},{"@type":"WebSite","@id":"https:\/\/now-news.de\/de\/#website","url":"https:\/\/now-news.de\/de\/","name":"just-now.NEWS Deutschland","description":"Das Portal f\u00fcr unzensierte Nachrichten aus der Welt","publisher":{"@id":"https:\/\/now-news.de\/de\/#organization"},"potentialAction":[{"@type":"SearchAction","target":{"@type":"EntryPoint","urlTemplate":"https:\/\/now-news.de\/de\/?s={search_term_string}"},"query-input":"required name=search_term_string"}],"inLanguage":"de"},{"@type":"Organization","@id":"https:\/\/now-news.de\/de\/#organization","name":"Just Now News","url":"https:\/\/now-news.de\/de\/","logo":{"@type":"ImageObject","inLanguage":"de","@id":"https:\/\/now-news.de\/de\/#\/schema\/logo\/image\/","url":"http:\/\/just-now.news\/de\/wp-content\/uploads\/sites\/3\/2022\/04\/logo500x500.jpg","contentUrl":"http:\/\/just-now.news\/de\/wp-content\/uploads\/sites\/3\/2022\/04\/logo500x500.jpg","width":500,"height":500,"caption":"Just Now News"},"image":{"@id":"https:\/\/now-news.de\/de\/#\/schema\/logo\/image\/"},"sameAs":["https:\/\/www.facebook.com\/wirmachenauf","https:\/\/x.com\/WirMachenAuf_de"]},{"@type":"Person","@id":"https:\/\/now-news.de\/de\/#\/schema\/person\/fb534a4e865501d8b3285208df34a9b5","name":"rtnews","image":{"@type":"ImageObject","inLanguage":"de","@id":"https:\/\/now-news.de\/de\/#\/schema\/person\/image\/","url":"https:\/\/secure.gravatar.com\/avatar\/82aafea7d8127119dd649515f56e2117?s=96&d=mm&r=g","contentUrl":"https:\/\/secure.gravatar.com\/avatar\/82aafea7d8127119dd649515f56e2117?s=96&d=mm&r=g","caption":"rtnews"},"url":"https:\/\/now-news.de\/de\/author\/rnews\/"}]}},"_links":{"self":[{"href":"https:\/\/now-news.de\/de\/wp-json\/wp\/v2\/posts\/10252"}],"collection":[{"href":"https:\/\/now-news.de\/de\/wp-json\/wp\/v2\/posts"}],"about":[{"href":"https:\/\/now-news.de\/de\/wp-json\/wp\/v2\/types\/post"}],"author":[{"embeddable":true,"href":"https:\/\/now-news.de\/de\/wp-json\/wp\/v2\/users\/3"}],"replies":[{"embeddable":true,"href":"https:\/\/now-news.de\/de\/wp-json\/wp\/v2\/comments?post=10252"}],"version-history":[{"count":0,"href":"https:\/\/now-news.de\/de\/wp-json\/wp\/v2\/posts\/10252\/revisions"}],"wp:featuredmedia":[{"embeddable":true,"href":"https:\/\/now-news.de\/de\/wp-json\/wp\/v2\/media\/10253"}],"wp:attachment":[{"href":"https:\/\/now-news.de\/de\/wp-json\/wp\/v2\/media?parent=10252"}],"wp:term":[{"taxonomy":"category","embeddable":true,"href":"https:\/\/now-news.de\/de\/wp-json\/wp\/v2\/categories?post=10252"},{"taxonomy":"post_tag","embeddable":true,"href":"https:\/\/now-news.de\/de\/wp-json\/wp\/v2\/tags?post=10252"}],"curies":[{"name":"wp","href":"https:\/\/api.w.org\/{rel}","templated":true}]}}