{"id":10248,"date":"2022-06-08T21:29:43","date_gmt":"2022-06-08T19:29:43","guid":{"rendered":"http:\/\/just-now.news\/de\/deutschland\/gesetzliche-krankenkassen-reformen-statt-unendliche-steigerungen-der-beitragssaetze\/"},"modified":"2022-06-08T21:29:43","modified_gmt":"2022-06-08T19:29:43","slug":"gesetzliche-krankenkassen-reformen-statt-unendliche-steigerungen-der-beitragssaetze","status":"publish","type":"post","link":"https:\/\/now-news.de\/de\/deutschland\/gesetzliche-krankenkassen-reformen-statt-unendliche-steigerungen-der-beitragssaetze\/","title":{"rendered":"Gesetzliche Krankenkassen: Reformen statt unendliche Steigerungen der Beitragss\u00e4tze"},"content":{"rendered":"<p><img decoding=\"async\" src=\"http:\/\/just-now.news\/de\/wp-content\/uploads\/sites\/3\/2022\/06\/62a0e676b480cc68973536a5.jpg\" \/><\/p>\n<div class=\"Text-root Text-type_1 \">\n                Angesichts einer erwarteten Milliardenl\u00fccke der Krankenkassen hat die Ampel unter anderem eine Anhebung der Beitragss\u00e4tze ins Spiel gebracht. Allerdings pl\u00e4dieren die gesetzlichen Krankenkassen f\u00fcr Reformen \u2013 ein Treffen mit Gesundheitsminister Lauterbach wurde jedoch erneut abgesagt.\n            <\/div>\n<p><\/p>\n<div class=\"Text-root Text-type_5 ArticleView-text ViewText-root \">\n<p>Bereits jetzt betragen die allgemeinen Beitragss\u00e4tze ohne die von den Kassen individuell weiterhin erhobenen Zusatzbeitr\u00e4ge 14,6 Prozent vom Einkommen. Zu Beginn des Jahres wurde wegen erneuter Erh\u00f6hung der Zusatzbeitr\u00e4ge vor einem &#8220;Beitragstsunami&#8221; gewarnt, da Millionen Versicherte mit Mehrkosten von bis zu 261 Euro im Jahr rechnen m\u00fcssten.<\/p>\n<p>Dennoch ist einerseits die Versorgung nicht wirklich \u00fcberall als gut zu bezeichnen \u2013 im Jahr 2035 k\u00f6nnten <a rel=\"nofollow noopener\" target=\"_blank\" href=\"https:\/\/rtde.live\/inland\/118171-studie-viele-patienten-koennten-kuenftig-keinen-hausarzt-in-der-umgebung-haben\/\">11.000 Haus\u00e4rzte fehlen<\/a> \u2013 und andererseits reicht dennoch die Finanzierung nicht aus. Laut Fachleuten klafft f\u00fcr das Jahr 2023 bei der gesetzlichen Krankenversicherung eine Finanzl\u00fccke in H\u00f6he von 17 Milliarden Euro. Bei der sozialen Pflegeversicherung fehlen mindestens 2,5 Milliarden Euro. Bundesgesundheitsminister Karl Lauterbach (SPD) k\u00fcndigte deshalb bereits im Fr\u00fchjahr als besonders originellen L\u00f6sungsvorschlag zus\u00e4tzliche Beitragssatzsteigerungen an.<\/p>\n<div class=\"EmbedBlock-root EmbedBlock-twitter\">\n<div class=\"TwitterEmbed\">\n<blockquote class=\"twitter-tweet lazyload\" data-twitter=\"twitter-tweet\">\n<p lang=\"de\" dir=\"ltr\">&#8220;Die Finanzierungsl\u00fccke bei den gesetzlichen <a rel=\"nofollow noopener\" target=\"_blank\" href=\"https:\/\/twitter.com\/hashtag\/Krankenkassen?src=hash&amp;ref_src=twsrc%5Etfw\">#Krankenkassen<\/a> ist gr\u00f6\u00dftenteils hausgemacht&#8221; erinnert <a rel=\"nofollow noopener\" target=\"_blank\" href=\"https:\/\/twitter.com\/Anja_Piel?ref_src=twsrc%5Etfw\">@Anja_Piel<\/a><a rel=\"nofollow noopener\" target=\"_blank\" href=\"https:\/\/twitter.com\/hashtag\/DGB?src=hash&amp;ref_src=twsrc%5Etfw\">#DGB<\/a> Vorstand &#8220;jetzt die Beitragszahler*innen f\u00fcr die gesundheitspolitischen Fehler der Vergangenheit zahlen zu lassen, ist falsch und ungerecht.<a rel=\"nofollow noopener\" target=\"_blank\" href=\"https:\/\/twitter.com\/hashtag\/KrankenkassenBeitraege?src=hash&amp;ref_src=twsrc%5Etfw\">#KrankenkassenBeitraege<\/a><a rel=\"nofollow noopener\" target=\"_blank\" href=\"https:\/\/t.co\/FdbQEa0IQV\">pic.twitter.com\/FdbQEa0IQV<\/a><\/p>\n<p>\u2014 DGB &#8211; Deutscher Gewerkschaftsbund (@dgb_news) <a rel=\"nofollow noopener\" target=\"_blank\" href=\"https:\/\/twitter.com\/dgb_news\/status\/1506957668430323715?ref_src=twsrc%5Etfw\">March 24, 2022<\/a><\/p><\/blockquote>\n<\/div>\n<\/div>\n<div class=\"EmbedBlock-root EmbedBlock-twitter\">\n<div class=\"TwitterEmbed\">\n<blockquote class=\"twitter-tweet lazyload\" data-twitter=\"twitter-tweet\">\n<p lang=\"de\" dir=\"ltr\">Das <a rel=\"nofollow noopener\" target=\"_blank\" href=\"https:\/\/twitter.com\/hashtag\/Entlastungspaket?src=hash&amp;ref_src=twsrc%5Etfw\">#Entlastungspaket<\/a> der Ampelkoalition ist durch die Ank\u00fcndigung steigender Krankenkassenbeitr\u00e4ge durch Minister <a rel=\"nofollow noopener\" target=\"_blank\" href=\"https:\/\/twitter.com\/hashtag\/Lauterbach?src=hash&amp;ref_src=twsrc%5Etfw\">#Lauterbach<\/a> direkt entwertet worden.Auf der einen Seite wird gegeben, auf der anderen wieder genommen. Die Preise steigen weiter, im Geldbeutel bleibt weniger.<\/p>\n<p>\u2014 Victor Perli (@victorperli) <a rel=\"nofollow noopener\" target=\"_blank\" href=\"https:\/\/twitter.com\/victorperli\/status\/1506926884176777218?ref_src=twsrc%5Etfw\">March 24, 2022<\/a><\/p><\/blockquote>\n<\/div>\n<\/div>\n<p>Am Mittwoch forderten die gesetzlichen Krankenversicherungen (GKV)\u00a0rasche Klarheit f\u00fcr eine stabilere Finanzierung. &#8220;Es dr\u00e4ngt massiv&#8221;, sagte die Vorstandschefin des GKV-Spitzenverbands, Doris Pfeiffer, in Kremmen bei Berlin. Sie \u00e4u\u00dferte sich entt\u00e4uscht, dass Lauterbach (SPD) bisher keinen Gesetzentwurf vorgelegt habe. Statt Jahr f\u00fcr Jahr immer wieder um &#8220;unstete Sonderfinanzierungen&#8221; zu diskutieren, brauche es grunds\u00e4tzlich eine h\u00f6here nachhaltige Regelfinanzierung.<\/p>\n<p>Pfeiffer verwies auf die Milliardenl\u00fccke f\u00fcr das Jahr 2023 und kritisierte, dass dieses Problem auch auf politische Entscheidungen zur\u00fcckzuf\u00fchren sei. Demnach f\u00fchrten unter anderem Gesetze f\u00fcr mehr Pflegepersonal oder k\u00fcrzere Wartezeiten beim Arzt allein zu dauerhaften Mehrkosten von f\u00fcnf Milliarden Euro pro Jahr. Allerdings bestehe auch genau hier enormer Nachbesserungsbedarf: Seit gut zehn Jahren sind nicht nur die extrem ungleichen Wartezeiten von gesetzlich und privat Versicherten ungel\u00f6stes Thema in der \u00f6ffentlichen Diskussion, sondern auch die Unm\u00f6glichkeit, \u00fcberhaupt Termine zu erhalten.<\/p>\n<p>Die Kassen schlugen f\u00fcr mittelfristig stabile Finanzen unter anderem vor, die Mehrwertsteuer auf Arzneimittel zu senken. Es handele sich um lebenswichtige Produkte, sagte Pfeiffer. Eine Senkung von den vollen neunzehn Prozent auf den erm\u00e4\u00dfigten Steuersatz von sieben Prozent w\u00fcrde sechs Milliarden Euro Entlastung bringen.<\/p>\n<p>Der Verband forderte zudem, den bei 14,5 Milliarden Euro im Jahr &#8220;eingefrorenen&#8221; regul\u00e4ren Zuschuss zur Krankenversicherung aus dem Bundesetat bei steigenden Ausgaben regelm\u00e4\u00dfig zu erh\u00f6hen. Zudem seien die Pauschalen, die der Staat als Beitrag f\u00fcr Hartz-IV-Empf\u00e4nger zahlt, deutlich zu niedrig.<\/p>\n<p>Lauterbach hatte signalisiert, dass er mehrere Bausteine im Blick hat \u2013 das Nutzen von &#8220;Effizienzreserven&#8221; im Gesundheitssystem und R\u00fccklagen der Krankenkassen, zus\u00e4tzliche Bundeszusch\u00fcsse sowie auch Beitragsanhebungen. &#8220;Wir m\u00fcssen an vier Stellschrauben drehen: Effizienzreserven im Gesundheitssystem heben, Reserven bei den Krankenkassen nutzen, zus\u00e4tzliche Bundeszusch\u00fcsse gew\u00e4hren und die Beitr\u00e4ge anheben&#8221;, sagte Lauterbach der <em>Neuen Osnabr\u00fccker Zeitung<\/em> im M\u00e4rz.<\/p>\n<p>Obwohl der Begriff &#8220;Effizienzreserven&#8221; im Gesundheitsbereich vor allem von ber\u00fcchtigten Lobbyverb\u00e4nden wie der Initiative Neue Soziale Marktwirtschaft gepr\u00e4gt wurde, betonte Lauterbach: &#8220;Lobbyinteressen werden bei der Sanierung der Kassenfinanzen keine Rolle spielen.&#8221;<\/p>\n<p>Der Vorschlag beinhaltete unter anderem Einschnitte f\u00fcr die Arzneimittelbranche, um die Medikamentenausgaben zu senken. Seit M\u00e4rz hat sich das Gesundheitsministerium davon distanziert, allerdings bisher ohne konkrete Alternativen vorzulegen. Am Mittwoch war es bereits das dritte Mal, dass der Gesundheitsminister kurzerhand einen Termin mit der F\u00fchrung des GKV-Spitzenverbands abgesagt hat. Entsprechend frustriert soll der Verwaltungsratsvorsitzende Uwe Klemens reagiert haben. Er habe &#8220;die Faxen dicke&#8221; und &#8220;stehe f\u00fcr einen Termin mit Herrn Lauterbach nicht mehr zur Verf\u00fcgung&#8221;.<\/p>\n<p>Die L\u00fccke von 17 Milliarden Euro w\u00fcrde laut GKV-Chefin Pfeiffer einer Beitragsanhebung um 1,1 Prozentpunkte entsprechen. Sie wies auch auf Auswirkungen auf Kassenmitglieder und Arbeitgeber angesichts der derzeit hohen Inflation hin. Rein rechnerisch entsprechen 0,1 Punkte beim Beitragssatz demnach Einnahmen von 1,6 Milliarden Euro.<\/p>\n<p>In diesem Jahr bekommen die Kassen bereits einen aufgestockten Bundeszuschuss von 28,5 Milliarden Euro. Damit soll der durchschnittliche Zusatzbeitrag vorerst bei 1,3 Prozent gehalten werden. Die konkrete H\u00f6he ihres Zusatzbeitrags legen die Kassen selbst fest. Laut dem Dienstleister Bitmarck, ein privates Unternehmen im Bereich Digitalisierung der gesetzlichen Krankenversicherung, ist die Finanzierungsl\u00fccke sogar noch weitaus gr\u00f6\u00dfer und betrage 24 Milliarden Euro.<\/p>\n<p>In dem Fall m\u00fcsste der Beitrag gar auf 2,75 Prozent angehoben werden, was bei einem Bruttomonatseinkommen von 3000 Euro eine Mehrbelastung von 522 Euro pro Jahr ausmachen w\u00fcrde, wie das<em> Handelsblatt<\/em> vorrechnete. Die Ank\u00fcndigung m\u00f6glicher Beitragssatzerh\u00f6hungen inmitten einer historisch hohen Inflationsrate f\u00fchrte bereits zu einigem Protest. Vor dem Hintergrund der insgesamt immens belastenden Teuerungen zeigte sich in den sozialen Medien, dass die zus\u00e4tzliche einseitige Belastung von gesetzlich Versicherten zugunsten Gefl\u00fcchteter nicht unbedingt zur Willkommensstimmung beitr\u00e4gt.<\/p>\n<p>Pfeiffer sagte, dass zus\u00e4tzliche Ausgaben f\u00fcr Fl\u00fcchtlinge aus der Ukraine keine dramatische Gr\u00f6\u00dfenordnung ausmachen d\u00fcrften. Laut Verband sind f\u00fcr dieses Jahr 300.000 neue Versicherte und Ausgaben von 400 Millionen bis 500 Millionen Euro zu erwarten.<\/p>\n<p>Fakt ist, dass eine Mehrbelastung der B\u00fcrger angesichts sinkender Reall\u00f6hne und steigender Preise in allen Lebensbereichen, den viel gepriesenen gesellschaftlichen Zusammenhalt kaum st\u00e4rken wird, vor allem nicht, wenn gleichzeitig Geburtsstationen und Fachabteilungen geschlossen werden und das Personal selbst auf Kosten der eigenen Gesundheit arbeiten muss. Verbrauchersch\u00fctzer warnen seit einiger Zeit davor, den gesetzlichen Beitragszahlern weiter gesamtgesellschaftliche Aufgaben <a rel=\"nofollow noopener\" target=\"_blank\" href=\"https:\/\/rtde.live\/inland\/137362-milliardendefizit-kranken-und-pflegekassen-verbraucherschutzer\/\">aufzub\u00fcrden<\/a>.<\/p>\n<p>Die Einzahlungen in die gesetzlichen Kassen kommen bereits in vielen Bereichen auch jenen zu, die gar nicht einzahlen, wie Jutta Gurkmann von der Verbraucherzentrale Bundesverband Ende April erinnerte. Zu der Vielzahl von gesamtgesellschaftlichen Aufgaben, die gesetzliche Beitragszahler schultern, geh\u00f6ren zum Beispiel die Familienversicherung und Leistungen f\u00fcr Arbeitslosengeld-II-Empf\u00e4nger. Auch in diesem Bereich k\u00f6nnte die Willkommenskultur gebremst werden, da Menschen aus der Ukraine nicht per Asylbewerberleistungsgesetz, sondern zwecks &#8220;schneller Eingliederung in den Arbeitsmarkt&#8221; per Sozialgesetzbuch II und damit durch <a rel=\"nofollow noopener\" target=\"_blank\" href=\"https:\/\/vk.com\/video-134310637_456254336\">die Jobcenter Unterst\u00fctzung<\/a> erhalten.<\/p>\n<p>Kathrin Vogler, gesundheitspolitische Sprecherin der Fraktion DIE LINKE, beklagte zu Beginn des Monats, dass die Kassen Beitragserh\u00f6hungen zulasten der Menschen vornehmen werden, &#8220;die gerade sowieso nicht wissen, wie sie am Ende des Monats noch ihre Lebensmitteleink\u00e4ufe oder die Stromrechnung bezahlen sollen&#8221;.<\/p>\n<p>Das von Gesundheitsminister Lauterbach angek\u00fcndigte Finanzierungsgesetz sei &#8220;klammheimlich wieder in der Versenkung verschwunden&#8221;. &#8220;Ich vermute mal, das hat mit ihrem kleinsten Koalitionspartner zu tun. Denn f\u00fcr eine ausk\u00f6mmliche Finanzierung der Krankenkassen br\u00e4uchte es entweder mehr Beitragszahlende, also etwa auch Beamte, Selbstst\u00e4ndige und Gutverdienende oder mehr Steuerzusch\u00fcsse. Beides ist mit der <a rel=\"nofollow noopener\" target=\"_blank\" href=\"https:\/\/rtde.live\/inland\/131692-hochstens-70-neuer-berater-lindners\/\">FDP, dem Freundeskreis<\/a> der <a rel=\"nofollow noopener\" target=\"_blank\" href=\"https:\/\/rtde.live\/inland\/119693-schockartige-zusammenhaenge-zwischen-versicherungswirtschaft-und\/\">Privatversicherungsunternehmen<\/a>, offensichtlich nicht zu machen&#8221;, so Vogler.<\/p>\n<p>Wie andere Parteimitglieder auch betonte Vogler, dass die Partei dagegen sei, dass in den Bereichen Pflege und Gesundheit die Schuldenbremse ab dem Jahr 2023 wieder gelten solle, w\u00e4hrend &#8220;mit einem Federstrich <a rel=\"nofollow noopener\" target=\"_blank\" href=\"https:\/\/rtde.live\/inland\/138808-finanzminister-lindner-fur-milliardenunterstutzung-ukraine\/\">100 Milliarden Euro neue Schulden<\/a> f\u00fcr Panzer und Kampfflugzeuge ins Grundgesetz geschrieben werden (k\u00f6nnen)&#8221;.<\/p>\n<p><strong>Mehr zum Thema<\/strong> \u2013 <a rel=\"nofollow noopener\" target=\"_blank\" href=\"https:\/\/de.rt.com\/inland\/135700-inflationshoch-politikwissenschaftler-warnt-vor-verelendung\/\">Inflationshoch: Politikwissenschaftler warnt vor Verelendung der Armen<\/a><\/p>\n<\/div>\n<p><script async src=\"https:\/\/platform.twitter.com\/widgets.js\" charset=\"utf-8\"><\/script><br \/>\n<br \/><br \/>\n<br \/><a href=\"https:\/\/de.rt.com\/inland\/140560-gesetzliche-krankenkassen-reformen-statt-unendliche\/\">Source link <\/a><\/p>\n","protected":false},"excerpt":{"rendered":"<p>Angesichts einer erwarteten Milliardenl\u00fccke der Krankenkassen hat die Ampel unter anderem eine Anhebung der Beitragss\u00e4tze ins Spiel gebracht. Allerdings pl\u00e4dieren die gesetzlichen Krankenkassen f\u00fcr Reformen \u2013 ein Treffen mit Gesundheitsminister Lauterbach wurde jedoch erneut abgesagt. Bereits jetzt betragen die allgemeinen Beitragss\u00e4tze ohne die von den Kassen individuell weiterhin erhobenen Zusatzbeitr\u00e4ge 14,6 Prozent vom Einkommen. Zu [&hellip;]<\/p>\n","protected":false},"author":3,"featured_media":10249,"comment_status":"open","ping_status":"open","sticky":false,"template":"","format":"standard","meta":{"wp_automatic_camp":["217"],"92698af38c2a2c5beeffba225bab33e5":["Gesetzliche Krankenkassen: Reformen statt unendliche Steigerungen der Beitragss\u00e4tze"],"original_link":["https:\/\/de.rt.com\/inland\/140560-gesetzliche-krankenkassen-reformen-statt-unendliche\/"],"_thumbnail_id":["10249"],"_wptg_p2tg_sent2tg":["2022-06-08 21:44:54"],"jnews_social_counter_last_update":["1777351518"]},"categories":[19,23],"tags":[23676,82,23673,23674,16909,6396,23675,20110],"yoast_head":"<!-- This site is optimized with the Yoast SEO Premium plugin v22.7 (Yoast SEO v22.7) - https:\/\/yoast.com\/wordpress\/plugins\/seo\/ -->\n<title>Gesetzliche Krankenkassen: Reformen statt unendliche Steigerungen der Beitragss\u00e4tze - just-now.NEWS Deutschland<\/title>\n<meta name=\"robots\" content=\"index, follow, max-snippet:-1, max-image-preview:large, max-video-preview:-1\" \/>\n<link rel=\"canonical\" href=\"https:\/\/now-news.de\/de\/deutschland\/gesetzliche-krankenkassen-reformen-statt-unendliche-steigerungen-der-beitragssaetze\/\" \/>\n<meta property=\"og:locale\" content=\"de_DE\" \/>\n<meta property=\"og:type\" content=\"article\" \/>\n<meta property=\"og:title\" content=\"Gesetzliche Krankenkassen: Reformen statt unendliche Steigerungen der Beitragss\u00e4tze\" \/>\n<meta property=\"og:description\" content=\"Angesichts einer erwarteten Milliardenl\u00fccke der Krankenkassen hat die Ampel unter anderem eine Anhebung der Beitragss\u00e4tze ins Spiel gebracht. Allerdings pl\u00e4dieren die gesetzlichen Krankenkassen f\u00fcr Reformen \u2013 ein Treffen mit Gesundheitsminister Lauterbach wurde jedoch erneut abgesagt. Bereits jetzt betragen die allgemeinen Beitragss\u00e4tze ohne die von den Kassen individuell weiterhin erhobenen Zusatzbeitr\u00e4ge 14,6 Prozent vom Einkommen. Zu [&hellip;]\" \/>\n<meta property=\"og:url\" content=\"https:\/\/now-news.de\/de\/deutschland\/gesetzliche-krankenkassen-reformen-statt-unendliche-steigerungen-der-beitragssaetze\/\" \/>\n<meta property=\"og:site_name\" content=\"just-now.NEWS Deutschland\" \/>\n<meta property=\"article:publisher\" content=\"https:\/\/www.facebook.com\/wirmachenauf\" \/>\n<meta property=\"article:published_time\" content=\"2022-06-08T19:29:43+00:00\" \/>\n<meta property=\"og:image\" content=\"https:\/\/now-news.de\/de\/wp-content\/uploads\/sites\/3\/2022\/06\/Gesetzliche-Krankenkassen-Reformen-statt-unendliche-Steigerungen-der-Beitragssaetze.jpg\" \/>\n\t<meta property=\"og:image:width\" content=\"460\" \/>\n\t<meta property=\"og:image:height\" content=\"259\" \/>\n\t<meta property=\"og:image:type\" content=\"image\/jpeg\" \/>\n<meta name=\"author\" content=\"rtnews\" \/>\n<meta name=\"twitter:card\" content=\"summary_large_image\" \/>\n<meta name=\"twitter:creator\" content=\"@WirMachenAuf_de\" \/>\n<meta name=\"twitter:site\" content=\"@WirMachenAuf_de\" \/>\n<meta name=\"twitter:label1\" content=\"Verfasst von\" \/>\n\t<meta name=\"twitter:data1\" content=\"rtnews\" \/>\n\t<meta name=\"twitter:label2\" content=\"Gesch\u00e4tzte Lesezeit\" \/>\n\t<meta name=\"twitter:data2\" content=\"6\u00a0Minuten\" \/>\n<script type=\"application\/ld+json\" class=\"yoast-schema-graph\">{\"@context\":\"https:\/\/schema.org\",\"@graph\":[{\"@type\":\"Article\",\"@id\":\"https:\/\/now-news.de\/de\/deutschland\/gesetzliche-krankenkassen-reformen-statt-unendliche-steigerungen-der-beitragssaetze\/#article\",\"isPartOf\":{\"@id\":\"https:\/\/now-news.de\/de\/deutschland\/gesetzliche-krankenkassen-reformen-statt-unendliche-steigerungen-der-beitragssaetze\/\"},\"author\":{\"name\":\"rtnews\",\"@id\":\"https:\/\/now-news.de\/de\/#\/schema\/person\/fb534a4e865501d8b3285208df34a9b5\"},\"headline\":\"Gesetzliche Krankenkassen: Reformen statt unendliche Steigerungen der Beitragss\u00e4tze\",\"datePublished\":\"2022-06-08T19:29:43+00:00\",\"dateModified\":\"2022-06-08T19:29:43+00:00\",\"mainEntityOfPage\":{\"@id\":\"https:\/\/now-news.de\/de\/deutschland\/gesetzliche-krankenkassen-reformen-statt-unendliche-steigerungen-der-beitragssaetze\/\"},\"wordCount\":1222,\"commentCount\":0,\"publisher\":{\"@id\":\"https:\/\/now-news.de\/de\/#organization\"},\"image\":{\"@id\":\"https:\/\/now-news.de\/de\/deutschland\/gesetzliche-krankenkassen-reformen-statt-unendliche-steigerungen-der-beitragssaetze\/#primaryimage\"},\"thumbnailUrl\":\"https:\/\/now-news.de\/de\/wp-content\/uploads\/sites\/3\/2022\/06\/Gesetzliche-Krankenkassen-Reformen-statt-unendliche-Steigerungen-der-Beitragssaetze.jpg\",\"keywords\":[\"Beitragss\u00e4tze\",\"der\",\"Gesetzliche\",\"Krankenkassen\",\"Reformen\",\"Statt\",\"Steigerungen\",\"Unendliche\"],\"articleSection\":[\"Deutschland\",\"Russland\"],\"inLanguage\":\"de\",\"potentialAction\":[{\"@type\":\"CommentAction\",\"name\":\"Comment\",\"target\":[\"https:\/\/now-news.de\/de\/deutschland\/gesetzliche-krankenkassen-reformen-statt-unendliche-steigerungen-der-beitragssaetze\/#respond\"]}]},{\"@type\":\"WebPage\",\"@id\":\"https:\/\/now-news.de\/de\/deutschland\/gesetzliche-krankenkassen-reformen-statt-unendliche-steigerungen-der-beitragssaetze\/\",\"url\":\"https:\/\/now-news.de\/de\/deutschland\/gesetzliche-krankenkassen-reformen-statt-unendliche-steigerungen-der-beitragssaetze\/\",\"name\":\"Gesetzliche Krankenkassen: Reformen statt unendliche Steigerungen der Beitragss\u00e4tze - just-now.NEWS Deutschland\",\"isPartOf\":{\"@id\":\"https:\/\/now-news.de\/de\/#website\"},\"primaryImageOfPage\":{\"@id\":\"https:\/\/now-news.de\/de\/deutschland\/gesetzliche-krankenkassen-reformen-statt-unendliche-steigerungen-der-beitragssaetze\/#primaryimage\"},\"image\":{\"@id\":\"https:\/\/now-news.de\/de\/deutschland\/gesetzliche-krankenkassen-reformen-statt-unendliche-steigerungen-der-beitragssaetze\/#primaryimage\"},\"thumbnailUrl\":\"https:\/\/now-news.de\/de\/wp-content\/uploads\/sites\/3\/2022\/06\/Gesetzliche-Krankenkassen-Reformen-statt-unendliche-Steigerungen-der-Beitragssaetze.jpg\",\"datePublished\":\"2022-06-08T19:29:43+00:00\",\"dateModified\":\"2022-06-08T19:29:43+00:00\",\"breadcrumb\":{\"@id\":\"https:\/\/now-news.de\/de\/deutschland\/gesetzliche-krankenkassen-reformen-statt-unendliche-steigerungen-der-beitragssaetze\/#breadcrumb\"},\"inLanguage\":\"de\",\"potentialAction\":[{\"@type\":\"ReadAction\",\"target\":[\"https:\/\/now-news.de\/de\/deutschland\/gesetzliche-krankenkassen-reformen-statt-unendliche-steigerungen-der-beitragssaetze\/\"]}]},{\"@type\":\"ImageObject\",\"inLanguage\":\"de\",\"@id\":\"https:\/\/now-news.de\/de\/deutschland\/gesetzliche-krankenkassen-reformen-statt-unendliche-steigerungen-der-beitragssaetze\/#primaryimage\",\"url\":\"https:\/\/now-news.de\/de\/wp-content\/uploads\/sites\/3\/2022\/06\/Gesetzliche-Krankenkassen-Reformen-statt-unendliche-Steigerungen-der-Beitragssaetze.jpg\",\"contentUrl\":\"https:\/\/now-news.de\/de\/wp-content\/uploads\/sites\/3\/2022\/06\/Gesetzliche-Krankenkassen-Reformen-statt-unendliche-Steigerungen-der-Beitragssaetze.jpg\",\"width\":460,\"height\":259,\"caption\":\"Gesetzliche Krankenkassen: Reformen statt unendliche Steigerungen der Beitragss\u00e4tze\"},{\"@type\":\"BreadcrumbList\",\"@id\":\"https:\/\/now-news.de\/de\/deutschland\/gesetzliche-krankenkassen-reformen-statt-unendliche-steigerungen-der-beitragssaetze\/#breadcrumb\",\"itemListElement\":[{\"@type\":\"ListItem\",\"position\":1,\"name\":\"Home\",\"item\":\"https:\/\/now-news.de\/de\/\"},{\"@type\":\"ListItem\",\"position\":2,\"name\":\"Gesetzliche Krankenkassen: Reformen statt unendliche Steigerungen der Beitragss\u00e4tze\"}]},{\"@type\":\"WebSite\",\"@id\":\"https:\/\/now-news.de\/de\/#website\",\"url\":\"https:\/\/now-news.de\/de\/\",\"name\":\"just-now.NEWS Deutschland\",\"description\":\"Das Portal f\u00fcr unzensierte Nachrichten aus der Welt\",\"publisher\":{\"@id\":\"https:\/\/now-news.de\/de\/#organization\"},\"potentialAction\":[{\"@type\":\"SearchAction\",\"target\":{\"@type\":\"EntryPoint\",\"urlTemplate\":\"https:\/\/now-news.de\/de\/?s={search_term_string}\"},\"query-input\":\"required name=search_term_string\"}],\"inLanguage\":\"de\"},{\"@type\":\"Organization\",\"@id\":\"https:\/\/now-news.de\/de\/#organization\",\"name\":\"Just Now News\",\"url\":\"https:\/\/now-news.de\/de\/\",\"logo\":{\"@type\":\"ImageObject\",\"inLanguage\":\"de\",\"@id\":\"https:\/\/now-news.de\/de\/#\/schema\/logo\/image\/\",\"url\":\"http:\/\/just-now.news\/de\/wp-content\/uploads\/sites\/3\/2022\/04\/logo500x500.jpg\",\"contentUrl\":\"http:\/\/just-now.news\/de\/wp-content\/uploads\/sites\/3\/2022\/04\/logo500x500.jpg\",\"width\":500,\"height\":500,\"caption\":\"Just Now News\"},\"image\":{\"@id\":\"https:\/\/now-news.de\/de\/#\/schema\/logo\/image\/\"},\"sameAs\":[\"https:\/\/www.facebook.com\/wirmachenauf\",\"https:\/\/x.com\/WirMachenAuf_de\"]},{\"@type\":\"Person\",\"@id\":\"https:\/\/now-news.de\/de\/#\/schema\/person\/fb534a4e865501d8b3285208df34a9b5\",\"name\":\"rtnews\",\"image\":{\"@type\":\"ImageObject\",\"inLanguage\":\"de\",\"@id\":\"https:\/\/now-news.de\/de\/#\/schema\/person\/image\/\",\"url\":\"https:\/\/secure.gravatar.com\/avatar\/82aafea7d8127119dd649515f56e2117?s=96&d=mm&r=g\",\"contentUrl\":\"https:\/\/secure.gravatar.com\/avatar\/82aafea7d8127119dd649515f56e2117?s=96&d=mm&r=g\",\"caption\":\"rtnews\"},\"url\":\"https:\/\/now-news.de\/de\/author\/rnews\/\"}]}<\/script>\n<!-- \/ Yoast SEO Premium plugin. -->","yoast_head_json":{"title":"Gesetzliche Krankenkassen: Reformen statt unendliche Steigerungen der Beitragss\u00e4tze - just-now.NEWS Deutschland","robots":{"index":"index","follow":"follow","max-snippet":"max-snippet:-1","max-image-preview":"max-image-preview:large","max-video-preview":"max-video-preview:-1"},"canonical":"https:\/\/now-news.de\/de\/deutschland\/gesetzliche-krankenkassen-reformen-statt-unendliche-steigerungen-der-beitragssaetze\/","og_locale":"de_DE","og_type":"article","og_title":"Gesetzliche Krankenkassen: Reformen statt unendliche Steigerungen der Beitragss\u00e4tze","og_description":"Angesichts einer erwarteten Milliardenl\u00fccke der Krankenkassen hat die Ampel unter anderem eine Anhebung der Beitragss\u00e4tze ins Spiel gebracht. Allerdings pl\u00e4dieren die gesetzlichen Krankenkassen f\u00fcr Reformen \u2013 ein Treffen mit Gesundheitsminister Lauterbach wurde jedoch erneut abgesagt. Bereits jetzt betragen die allgemeinen Beitragss\u00e4tze ohne die von den Kassen individuell weiterhin erhobenen Zusatzbeitr\u00e4ge 14,6 Prozent vom Einkommen. Zu [&hellip;]","og_url":"https:\/\/now-news.de\/de\/deutschland\/gesetzliche-krankenkassen-reformen-statt-unendliche-steigerungen-der-beitragssaetze\/","og_site_name":"just-now.NEWS Deutschland","article_publisher":"https:\/\/www.facebook.com\/wirmachenauf","article_published_time":"2022-06-08T19:29:43+00:00","og_image":[{"width":460,"height":259,"url":"https:\/\/now-news.de\/de\/wp-content\/uploads\/sites\/3\/2022\/06\/Gesetzliche-Krankenkassen-Reformen-statt-unendliche-Steigerungen-der-Beitragssaetze.jpg","type":"image\/jpeg"}],"author":"rtnews","twitter_card":"summary_large_image","twitter_creator":"@WirMachenAuf_de","twitter_site":"@WirMachenAuf_de","twitter_misc":{"Verfasst von":"rtnews","Gesch\u00e4tzte Lesezeit":"6\u00a0Minuten"},"schema":{"@context":"https:\/\/schema.org","@graph":[{"@type":"Article","@id":"https:\/\/now-news.de\/de\/deutschland\/gesetzliche-krankenkassen-reformen-statt-unendliche-steigerungen-der-beitragssaetze\/#article","isPartOf":{"@id":"https:\/\/now-news.de\/de\/deutschland\/gesetzliche-krankenkassen-reformen-statt-unendliche-steigerungen-der-beitragssaetze\/"},"author":{"name":"rtnews","@id":"https:\/\/now-news.de\/de\/#\/schema\/person\/fb534a4e865501d8b3285208df34a9b5"},"headline":"Gesetzliche Krankenkassen: Reformen statt unendliche Steigerungen der Beitragss\u00e4tze","datePublished":"2022-06-08T19:29:43+00:00","dateModified":"2022-06-08T19:29:43+00:00","mainEntityOfPage":{"@id":"https:\/\/now-news.de\/de\/deutschland\/gesetzliche-krankenkassen-reformen-statt-unendliche-steigerungen-der-beitragssaetze\/"},"wordCount":1222,"commentCount":0,"publisher":{"@id":"https:\/\/now-news.de\/de\/#organization"},"image":{"@id":"https:\/\/now-news.de\/de\/deutschland\/gesetzliche-krankenkassen-reformen-statt-unendliche-steigerungen-der-beitragssaetze\/#primaryimage"},"thumbnailUrl":"https:\/\/now-news.de\/de\/wp-content\/uploads\/sites\/3\/2022\/06\/Gesetzliche-Krankenkassen-Reformen-statt-unendliche-Steigerungen-der-Beitragssaetze.jpg","keywords":["Beitragss\u00e4tze","der","Gesetzliche","Krankenkassen","Reformen","Statt","Steigerungen","Unendliche"],"articleSection":["Deutschland","Russland"],"inLanguage":"de","potentialAction":[{"@type":"CommentAction","name":"Comment","target":["https:\/\/now-news.de\/de\/deutschland\/gesetzliche-krankenkassen-reformen-statt-unendliche-steigerungen-der-beitragssaetze\/#respond"]}]},{"@type":"WebPage","@id":"https:\/\/now-news.de\/de\/deutschland\/gesetzliche-krankenkassen-reformen-statt-unendliche-steigerungen-der-beitragssaetze\/","url":"https:\/\/now-news.de\/de\/deutschland\/gesetzliche-krankenkassen-reformen-statt-unendliche-steigerungen-der-beitragssaetze\/","name":"Gesetzliche Krankenkassen: Reformen statt unendliche Steigerungen der Beitragss\u00e4tze - just-now.NEWS Deutschland","isPartOf":{"@id":"https:\/\/now-news.de\/de\/#website"},"primaryImageOfPage":{"@id":"https:\/\/now-news.de\/de\/deutschland\/gesetzliche-krankenkassen-reformen-statt-unendliche-steigerungen-der-beitragssaetze\/#primaryimage"},"image":{"@id":"https:\/\/now-news.de\/de\/deutschland\/gesetzliche-krankenkassen-reformen-statt-unendliche-steigerungen-der-beitragssaetze\/#primaryimage"},"thumbnailUrl":"https:\/\/now-news.de\/de\/wp-content\/uploads\/sites\/3\/2022\/06\/Gesetzliche-Krankenkassen-Reformen-statt-unendliche-Steigerungen-der-Beitragssaetze.jpg","datePublished":"2022-06-08T19:29:43+00:00","dateModified":"2022-06-08T19:29:43+00:00","breadcrumb":{"@id":"https:\/\/now-news.de\/de\/deutschland\/gesetzliche-krankenkassen-reformen-statt-unendliche-steigerungen-der-beitragssaetze\/#breadcrumb"},"inLanguage":"de","potentialAction":[{"@type":"ReadAction","target":["https:\/\/now-news.de\/de\/deutschland\/gesetzliche-krankenkassen-reformen-statt-unendliche-steigerungen-der-beitragssaetze\/"]}]},{"@type":"ImageObject","inLanguage":"de","@id":"https:\/\/now-news.de\/de\/deutschland\/gesetzliche-krankenkassen-reformen-statt-unendliche-steigerungen-der-beitragssaetze\/#primaryimage","url":"https:\/\/now-news.de\/de\/wp-content\/uploads\/sites\/3\/2022\/06\/Gesetzliche-Krankenkassen-Reformen-statt-unendliche-Steigerungen-der-Beitragssaetze.jpg","contentUrl":"https:\/\/now-news.de\/de\/wp-content\/uploads\/sites\/3\/2022\/06\/Gesetzliche-Krankenkassen-Reformen-statt-unendliche-Steigerungen-der-Beitragssaetze.jpg","width":460,"height":259,"caption":"Gesetzliche Krankenkassen: Reformen statt unendliche Steigerungen der Beitragss\u00e4tze"},{"@type":"BreadcrumbList","@id":"https:\/\/now-news.de\/de\/deutschland\/gesetzliche-krankenkassen-reformen-statt-unendliche-steigerungen-der-beitragssaetze\/#breadcrumb","itemListElement":[{"@type":"ListItem","position":1,"name":"Home","item":"https:\/\/now-news.de\/de\/"},{"@type":"ListItem","position":2,"name":"Gesetzliche Krankenkassen: Reformen statt unendliche Steigerungen der Beitragss\u00e4tze"}]},{"@type":"WebSite","@id":"https:\/\/now-news.de\/de\/#website","url":"https:\/\/now-news.de\/de\/","name":"just-now.NEWS Deutschland","description":"Das Portal f\u00fcr unzensierte Nachrichten aus der Welt","publisher":{"@id":"https:\/\/now-news.de\/de\/#organization"},"potentialAction":[{"@type":"SearchAction","target":{"@type":"EntryPoint","urlTemplate":"https:\/\/now-news.de\/de\/?s={search_term_string}"},"query-input":"required name=search_term_string"}],"inLanguage":"de"},{"@type":"Organization","@id":"https:\/\/now-news.de\/de\/#organization","name":"Just Now News","url":"https:\/\/now-news.de\/de\/","logo":{"@type":"ImageObject","inLanguage":"de","@id":"https:\/\/now-news.de\/de\/#\/schema\/logo\/image\/","url":"http:\/\/just-now.news\/de\/wp-content\/uploads\/sites\/3\/2022\/04\/logo500x500.jpg","contentUrl":"http:\/\/just-now.news\/de\/wp-content\/uploads\/sites\/3\/2022\/04\/logo500x500.jpg","width":500,"height":500,"caption":"Just Now News"},"image":{"@id":"https:\/\/now-news.de\/de\/#\/schema\/logo\/image\/"},"sameAs":["https:\/\/www.facebook.com\/wirmachenauf","https:\/\/x.com\/WirMachenAuf_de"]},{"@type":"Person","@id":"https:\/\/now-news.de\/de\/#\/schema\/person\/fb534a4e865501d8b3285208df34a9b5","name":"rtnews","image":{"@type":"ImageObject","inLanguage":"de","@id":"https:\/\/now-news.de\/de\/#\/schema\/person\/image\/","url":"https:\/\/secure.gravatar.com\/avatar\/82aafea7d8127119dd649515f56e2117?s=96&d=mm&r=g","contentUrl":"https:\/\/secure.gravatar.com\/avatar\/82aafea7d8127119dd649515f56e2117?s=96&d=mm&r=g","caption":"rtnews"},"url":"https:\/\/now-news.de\/de\/author\/rnews\/"}]}},"_links":{"self":[{"href":"https:\/\/now-news.de\/de\/wp-json\/wp\/v2\/posts\/10248"}],"collection":[{"href":"https:\/\/now-news.de\/de\/wp-json\/wp\/v2\/posts"}],"about":[{"href":"https:\/\/now-news.de\/de\/wp-json\/wp\/v2\/types\/post"}],"author":[{"embeddable":true,"href":"https:\/\/now-news.de\/de\/wp-json\/wp\/v2\/users\/3"}],"replies":[{"embeddable":true,"href":"https:\/\/now-news.de\/de\/wp-json\/wp\/v2\/comments?post=10248"}],"version-history":[{"count":0,"href":"https:\/\/now-news.de\/de\/wp-json\/wp\/v2\/posts\/10248\/revisions"}],"wp:featuredmedia":[{"embeddable":true,"href":"https:\/\/now-news.de\/de\/wp-json\/wp\/v2\/media\/10249"}],"wp:attachment":[{"href":"https:\/\/now-news.de\/de\/wp-json\/wp\/v2\/media?parent=10248"}],"wp:term":[{"taxonomy":"category","embeddable":true,"href":"https:\/\/now-news.de\/de\/wp-json\/wp\/v2\/categories?post=10248"},{"taxonomy":"post_tag","embeddable":true,"href":"https:\/\/now-news.de\/de\/wp-json\/wp\/v2\/tags?post=10248"}],"curies":[{"name":"wp","href":"https:\/\/api.w.org\/{rel}","templated":true}]}}